{"id":6991,"date":"2020-08-04T11:07:30","date_gmt":"2020-08-04T09:07:30","guid":{"rendered":"https:\/\/www.organisator.ch\/?p=6991"},"modified":"2020-08-04T11:07:30","modified_gmt":"2020-08-04T09:07:30","slug":"der-kaufmaennische-verband-verzichtet-auf-lohnforderungen","status":"publish","type":"post","link":"https:\/\/www.organisator.ch\/de\/management\/2020-08-04\/der-kaufmaennische-verband-verzichtet-auf-lohnforderungen\/","title":{"rendered":"Der Kaufm\u00e4nnische Verband verzichtet auf Lohnforderungen"},"content":{"rendered":"<figure id=\"attachment_6992\" aria-describedby=\"caption-attachment-6992\" style=\"width: 680px\" class=\"wp-caption alignnone\"><img loading=\"lazy\" decoding=\"async\" class=\"size-medium wp-image-6992\" src=\"https:\/\/www.organisator.ch\/wp-content\/uploads\/2020\/08\/Der-Kaufmaennische-Verband-verzichtet-auf-Lohnforderungen_Organisator.jpg\" alt=\"\" width=\"680\" height=\"482\" srcset=\"https:\/\/www.organisator.ch\/wp-content\/uploads\/2020\/08\/Der-Kaufmaennische-Verband-verzichtet-auf-Lohnforderungen_Organisator.jpg 680w, https:\/\/www.organisator.ch\/wp-content\/uploads\/2020\/08\/Der-Kaufmaennische-Verband-verzichtet-auf-Lohnforderungen_Organisator-16x12.jpg 16w, https:\/\/www.organisator.ch\/wp-content\/uploads\/2020\/08\/Der-Kaufmaennische-Verband-verzichtet-auf-Lohnforderungen_Organisator-247x175.jpg 247w, https:\/\/www.organisator.ch\/wp-content\/uploads\/2020\/08\/Der-Kaufmaennische-Verband-verzichtet-auf-Lohnforderungen_Organisator-494x350.jpg 494w, https:\/\/www.organisator.ch\/wp-content\/uploads\/2020\/08\/Der-Kaufmaennische-Verband-verzichtet-auf-Lohnforderungen_Organisator-300x213.jpg 300w\" sizes=\"auto, (max-width: 680px) 100vw, 680px\" \/><figcaption id=\"caption-attachment-6992\" class=\"wp-caption-text\">Der Kaufm\u00e4nnische Verband fordert mehr Investitionen in die Weiterbildung, verzichtet daf\u00fcr wegen der Corona-Krise auf Lohnforderungen. (Bild: Fotolia.com)<\/figcaption><\/figure>\n<p>Der Kaufm\u00e4nnische Verband hat auch dieses Jahr das vom Staatssekretariat f\u00fcr Wirtschaft SECO und den Experten des Bundes prognostizierte BIP-Wachstum sowie die Teuerung und die damit verbundenen Kosten f\u00fcr Arbeitnehmende (Preisniveau, Gesundheitskosten, Miete usw.) analysiert. Normalerweise leitet er daraus branchenspezifische Lohnempfehlungen ab, um einem Kaufkraftverlust entgegenzuwirken und Mitarbeitende an einer h\u00f6heren Produktivit\u00e4t sowie an einer Rentabilit\u00e4tssteigerung zu beteiligen. Aufgrund der Corona-Krise und der aktuellen Wirtschaftslage wird der Kaufm\u00e4nnische Verband f\u00fcr das Jahr 2021 aber nicht mehr Lohn f\u00fcr einzelne Branchen fordern. Vielmehr setzt er sich f\u00fcr den Erhalt m\u00f6glichst vieler Arbeitspl\u00e4tze und die Sicherung der Einkommen ein. Zudem fordert er Arbeitgeber auf, unter anderem mit Weiterbildungen in die St\u00e4rkung der Arbeitsmarktf\u00e4higkeit von Mitarbeitenden sowie F\u00fchrungskr\u00e4fte zu investieren. Nichtsdestotrotz sind Unternehmen angehalten, Lohnerh\u00f6hungen zu gew\u00e4hren, wenn sie eine hohe Wertsch\u00f6pfung aufweisen und nicht vor existenziellen Problemen stehen.<\/p>\n<h2>Stellen und L\u00f6hne langfristig erhalten<\/h2>\n<p>\u00abIn Anbetracht der gegenw\u00e4rtig schwierigen wirtschaftlichen Situation erscheint es dem Kaufm\u00e4nnischen Verband nicht opportun, branchen\u00fcbergreifend mehr Lohn zu fordern\u00bb, sagt Caroline Schubiger, Leiterin Beruf und Beratung beim Kaufm\u00e4nnischen Verband. Der Lockdown im Fr\u00fchjahr 2020 wird sich negativ auf die Wirtschaftslage und auf den Arbeitsmarkt auswirken, wie die Konjunkturforschungsstelle der ETH Z\u00fcrich und das SECO prognostizieren. Besonders wichtig ist jetzt die langfristige Sicherung der Arbeitspl\u00e4tze und des Einkommens, damit die Kaufkraft erhalten bleibt und der Konsum sowie die Wirtschaft gest\u00e4rkt werden. \u00abEine besondere Herausforderung ist der Erhalt der Stellen in Branchen, die mit l\u00e4ngerfristigen Auswirkungen der Corona-Pandemie auf das Arbeitsvolumen rechnen m\u00fcssen wie z.B. im Luftverkehr.\u00bb so Schubiger. \u00abSollte es nicht m\u00f6glich sein, einen Stellenabbau zu vermeiden, werden wir uns f\u00fcr sozialvertr\u00e4gliche L\u00f6sungen einsetzen und die betroffenen Mitarbeitenden tatkr\u00e4ftig unterst\u00fctzen.\u00bb<\/p>\n<h2>Weiterbildung st\u00e4rkt die Arbeitsmarktf\u00e4higkeit<\/h2>\n<p>In der heutigen Zeit ist gelerntes Fachwissen schnell veraltet. Neue Kompetenzen wie beispielsweise Ver\u00e4nderungskompetenz, Selbstorganisation oder Entscheidungsf\u00e4higkeit sind n\u00f6tig, um agil zu bleiben. Auch der Digitalisierungsschub, den die Corona-Krise mit sich bringt, zeigt, dass digitale Kompetenzen, Methoden-, Sozial- und Selbstkompetenzen in dieser Arbeitswelt immer wichtiger werden. Nach genau diese Kompetenzen richtet sich der Kaufm\u00e4nnische Verband bei der Reform der KV-Lehre (Kaufleute 2022) aus. Doch nicht nur junge Berufseinsteiger, sondern auch erfahrene Berufsleute und \u00e4ltere Arbeitnehmende m\u00fcssen diese Kompetenzen weiterentwickeln. \u00abEs ist gerade jetzt wichtig, in die Weiterbildung zu investieren. Nur so ist es m\u00f6glich, dass sich Mitarbeitende beruflich weiterentwickeln und damit ihre Marktf\u00e4higkeit sowie diejenige der Unternehmen st\u00e4rken\u00bb, sagt Schubiger. Der Kaufm\u00e4nnische Verband fordert daher Unternehmen auf, Mitarbeitende zu Weiterbildungen zu motivieren und zu unterst\u00fctzen. Das heisst, Unternehmen sind angehalten, passende Rahmenbedingungen und ein Vertrauensklima zu schaffen, damit Weiterbildungen Teil der beruflichen Laufbahn und der Arbeitszeit werden. Ausserdem sollten Mitarbeitende sowie F\u00fchrungskr\u00e4fte auf die Wichtigkeit des lebenslangen Lernens sensibilisiert werden.<\/p>\n<h2>Der Kaufm\u00e4nnische Verband bietet umfassende Unterst\u00fctzung<\/h2>\n<p>Der Kaufm\u00e4nnische Verband bietet Arbeitnehmenden umfassende Beratungen und unterst\u00fctzt bei Anliegen rund um Bildung und Beruf. Ausserdem hat er im Hinblick auf die Corona-Krise seine j\u00e4hrliche Spendensammlung ausgeweitet, um Mitgliedern zu helfen, die von Erwerbsausf\u00e4llen und finanziellen Engp\u00e4ssen betroffen sind. Mitglieder, die eine Weiterbildung absolvieren m\u00f6chten, nicht aber \u00fcber entsprechende finanzielle Mittel verf\u00fcgen, k\u00f6nnen ebenfalls eine finanzielle Unterst\u00fctzung f\u00fcr ihre Weiterbildung beantragen.<\/p>\n<p><em>Quelle und weitere Informationen: <a href=\"http:\/\/www.kfmv.ch\">www.kfmv.ch<\/a><\/em><\/p>\n","protected":false},"excerpt":{"rendered":"<p>Der Kaufm\u00e4nnische Verband hat auch dieses Jahr das vom Staatssekretariat f\u00fcr Wirtschaft SECO und den Experten des Bundes prognostizierte BIP-Wachstum sowie die Teuerung und die damit verbundenen Kosten f\u00fcr Arbeitnehmende (Preisniveau, Gesundheitskosten, Miete usw.) analysiert. Normalerweise leitet er daraus branchenspezifische Lohnempfehlungen ab, um einem Kaufkraftverlust entgegenzuwirken und Mitarbeitende an einer h\u00f6heren Produktivit\u00e4t sowie an einer [&hellip;]<\/p>\n","protected":false},"author":4,"featured_media":6992,"comment_status":"closed","ping_status":"closed","sticky":false,"template":"","format":"standard","meta":{"_acf_changed":false,"_yoast_wpseo_focuskw":"Der Kaufm\u00e4nnische Verband","_yoast_wpseo_metadesc":"F\u00fcr die Lohnrunde 2021 verzichtet der Kaufm\u00e4nnische Verband auf die Forderung nach mehr Lohn. Vielmehr fordert er Investitionen in die Weiterbildung.","articlekey":"","footnotes":""},"categories":[28],"tags":[329,335,503,531],"class_list":["post-6991","post","type-post","status-publish","format-standard","has-post-thumbnail","hentry","category-management","tag-loehne","tag-management-und-unternehmensfuehrung","tag-verbaende","tag-wirtschaftspolitik"],"acf":[],"yoast_head":"<!-- This site is optimized with the Yoast SEO plugin v27.5 - https:\/\/yoast.com\/product\/yoast-seo-wordpress\/ -->\n<title>Der Kaufm\u00e4nnische Verband verzichtet auf Lohnforderungen - Organisator<\/title>\n<meta name=\"description\" content=\"F\u00fcr die Lohnrunde 2021 verzichtet der Kaufm\u00e4nnische Verband auf die Forderung nach mehr Lohn. Vielmehr fordert er Investitionen in die Weiterbildung.\" \/>\n<meta name=\"robots\" content=\"index, follow, max-snippet:-1, max-image-preview:large, max-video-preview:-1\" \/>\n<link rel=\"canonical\" href=\"https:\/\/www.organisator.ch\/de\/management\/2020-08-04\/der-kaufmaennische-verband-verzichtet-auf-lohnforderungen\/\" \/>\n<meta property=\"og:locale\" content=\"de_DE\" \/>\n<meta property=\"og:type\" content=\"article\" \/>\n<meta property=\"og:title\" content=\"Der Kaufm\u00e4nnische Verband verzichtet auf Lohnforderungen\" \/>\n<meta property=\"og:description\" content=\"F\u00fcr die Lohnrunde 2021 verzichtet der Kaufm\u00e4nnische Verband auf die Forderung nach mehr Lohn. Vielmehr fordert er Investitionen in die Weiterbildung.\" \/>\n<meta property=\"og:url\" content=\"https:\/\/www.organisator.ch\/de\/management\/2020-08-04\/der-kaufmaennische-verband-verzichtet-auf-lohnforderungen\/\" \/>\n<meta property=\"og:site_name\" content=\"Organisator\" \/>\n<meta property=\"article:publisher\" content=\"https:\/\/www.facebook.com\/OrganisatorFachmagazin\" \/>\n<meta property=\"article:published_time\" content=\"2020-08-04T09:07:30+00:00\" \/>\n<meta property=\"og:image\" content=\"https:\/\/www.organisator.ch\/wp-content\/uploads\/2020\/08\/Der-Kaufmaennische-Verband-verzichtet-auf-Lohnforderungen_Organisator.jpg\" \/>\n\t<meta property=\"og:image:width\" content=\"680\" \/>\n\t<meta property=\"og:image:height\" content=\"482\" \/>\n\t<meta property=\"og:image:type\" content=\"image\/jpeg\" \/>\n<meta name=\"author\" content=\"thomas.berner\" \/>\n<meta name=\"twitter:card\" content=\"summary_large_image\" \/>\n<meta name=\"twitter:title\" content=\"Der Kaufm\u00e4nnische Verband #kfmv verzichtet auf #Lohnforderungen\" \/>\n<meta name=\"twitter:description\" content=\"F\u00fcr die #Lohnrunde 2021 verzichtet der Kaufm\u00e4nnische Verband auf die Forderung nach mehr #Lohn. Vielmehr fordert er Investitionen in die #Weiterbildung.\" \/>\n<meta name=\"twitter:image\" content=\"https:\/\/www.organisator.ch\/wp-content\/uploads\/2020\/08\/Der-Kaufmaennische-Verband-verzichtet-auf-Lohnforderungen_Organisator.jpg\" \/>\n<script type=\"application\/ld+json\" class=\"yoast-schema-graph\">{\"@context\":\"https:\\\/\\\/schema.org\",\"@graph\":[{\"@type\":\"Article\",\"@id\":\"https:\\\/\\\/www.organisator.ch\\\/management\\\/2020-08-04\\\/der-kaufmaennische-verband-verzichtet-auf-lohnforderungen\\\/#article\",\"isPartOf\":{\"@id\":\"https:\\\/\\\/www.organisator.ch\\\/management\\\/2020-08-04\\\/der-kaufmaennische-verband-verzichtet-auf-lohnforderungen\\\/\"},\"author\":{\"name\":\"thomas.berner\",\"@id\":\"https:\\\/\\\/www.organisator.ch\\\/#\\\/schema\\\/person\\\/6f650f90b2842cd4c0cc334b4e36f67e\"},\"headline\":\"Der Kaufm\u00e4nnische Verband verzichtet auf Lohnforderungen\",\"datePublished\":\"2020-08-04T09:07:30+00:00\",\"mainEntityOfPage\":{\"@id\":\"https:\\\/\\\/www.organisator.ch\\\/management\\\/2020-08-04\\\/der-kaufmaennische-verband-verzichtet-auf-lohnforderungen\\\/\"},\"wordCount\":604,\"publisher\":{\"@id\":\"https:\\\/\\\/www.organisator.ch\\\/#organization\"},\"image\":{\"@id\":\"https:\\\/\\\/www.organisator.ch\\\/management\\\/2020-08-04\\\/der-kaufmaennische-verband-verzichtet-auf-lohnforderungen\\\/#primaryimage\"},\"thumbnailUrl\":\"https:\\\/\\\/www.organisator.ch\\\/wp-content\\\/uploads\\\/2020\\\/08\\\/Der-Kaufmaennische-Verband-verzichtet-auf-Lohnforderungen_Organisator.jpg\",\"keywords\":[\"L\u00f6hne\",\"Management und Unternehmensf\u00fchrung\",\"Verb\u00e4nde\",\"Wirtschaftspolitik\"],\"articleSection\":[\"MANAGEMENT\"],\"inLanguage\":\"de\"},{\"@type\":\"WebPage\",\"@id\":\"https:\\\/\\\/www.organisator.ch\\\/management\\\/2020-08-04\\\/der-kaufmaennische-verband-verzichtet-auf-lohnforderungen\\\/\",\"url\":\"https:\\\/\\\/www.organisator.ch\\\/management\\\/2020-08-04\\\/der-kaufmaennische-verband-verzichtet-auf-lohnforderungen\\\/\",\"name\":\"Der Kaufm\u00e4nnische Verband verzichtet auf Lohnforderungen - Organisator\",\"isPartOf\":{\"@id\":\"https:\\\/\\\/www.organisator.ch\\\/#website\"},\"primaryImageOfPage\":{\"@id\":\"https:\\\/\\\/www.organisator.ch\\\/management\\\/2020-08-04\\\/der-kaufmaennische-verband-verzichtet-auf-lohnforderungen\\\/#primaryimage\"},\"image\":{\"@id\":\"https:\\\/\\\/www.organisator.ch\\\/management\\\/2020-08-04\\\/der-kaufmaennische-verband-verzichtet-auf-lohnforderungen\\\/#primaryimage\"},\"thumbnailUrl\":\"https:\\\/\\\/www.organisator.ch\\\/wp-content\\\/uploads\\\/2020\\\/08\\\/Der-Kaufmaennische-Verband-verzichtet-auf-Lohnforderungen_Organisator.jpg\",\"datePublished\":\"2020-08-04T09:07:30+00:00\",\"description\":\"F\u00fcr die Lohnrunde 2021 verzichtet der Kaufm\u00e4nnische Verband auf die Forderung nach mehr Lohn. Vielmehr fordert er Investitionen in die Weiterbildung.\",\"breadcrumb\":{\"@id\":\"https:\\\/\\\/www.organisator.ch\\\/management\\\/2020-08-04\\\/der-kaufmaennische-verband-verzichtet-auf-lohnforderungen\\\/#breadcrumb\"},\"inLanguage\":\"de\",\"potentialAction\":[{\"@type\":\"ReadAction\",\"target\":[\"https:\\\/\\\/www.organisator.ch\\\/management\\\/2020-08-04\\\/der-kaufmaennische-verband-verzichtet-auf-lohnforderungen\\\/\"]}]},{\"@type\":\"ImageObject\",\"inLanguage\":\"de\",\"@id\":\"https:\\\/\\\/www.organisator.ch\\\/management\\\/2020-08-04\\\/der-kaufmaennische-verband-verzichtet-auf-lohnforderungen\\\/#primaryimage\",\"url\":\"https:\\\/\\\/www.organisator.ch\\\/wp-content\\\/uploads\\\/2020\\\/08\\\/Der-Kaufmaennische-Verband-verzichtet-auf-Lohnforderungen_Organisator.jpg\",\"contentUrl\":\"https:\\\/\\\/www.organisator.ch\\\/wp-content\\\/uploads\\\/2020\\\/08\\\/Der-Kaufmaennische-Verband-verzichtet-auf-Lohnforderungen_Organisator.jpg\",\"width\":680,\"height\":482,\"caption\":\"Der Kaufm\u00e4nnische Verband fordert mehr Investitionen in die Weiterbildung, verzichtet daf\u00fcr wegen der Corona-Krise auf Lohnforderungen. (Bild: Fotolia.com)\"},{\"@type\":\"BreadcrumbList\",\"@id\":\"https:\\\/\\\/www.organisator.ch\\\/management\\\/2020-08-04\\\/der-kaufmaennische-verband-verzichtet-auf-lohnforderungen\\\/#breadcrumb\",\"itemListElement\":[{\"@type\":\"ListItem\",\"position\":1,\"name\":\"Home\",\"item\":\"https:\\\/\\\/www.organisator.ch\\\/\"},{\"@type\":\"ListItem\",\"position\":2,\"name\":\"Der Kaufm\u00e4nnische Verband verzichtet auf Lohnforderungen\"}]},{\"@type\":\"WebSite\",\"@id\":\"https:\\\/\\\/www.organisator.ch\\\/#website\",\"url\":\"https:\\\/\\\/www.organisator.ch\\\/\",\"name\":\"Organisator\",\"description\":\"Kompetent. Praxisnah. Der ORGANISATOR bereitet in 10 Ausgaben pro Jahr die wesentlichen Themen f\u00fcr F\u00fchrungskr\u00e4fte von KMU auf.\",\"publisher\":{\"@id\":\"https:\\\/\\\/www.organisator.ch\\\/#organization\"},\"potentialAction\":[{\"@type\":\"SearchAction\",\"target\":{\"@type\":\"EntryPoint\",\"urlTemplate\":\"https:\\\/\\\/www.organisator.ch\\\/?s={search_term_string}\"},\"query-input\":{\"@type\":\"PropertyValueSpecification\",\"valueRequired\":true,\"valueName\":\"search_term_string\"}}],\"inLanguage\":\"de\"},{\"@type\":\"Organization\",\"@id\":\"https:\\\/\\\/www.organisator.ch\\\/#organization\",\"name\":\"Organisator\",\"url\":\"https:\\\/\\\/www.organisator.ch\\\/\",\"logo\":{\"@type\":\"ImageObject\",\"inLanguage\":\"de\",\"@id\":\"https:\\\/\\\/www.organisator.ch\\\/#\\\/schema\\\/logo\\\/image\\\/\",\"url\":\"https:\\\/\\\/www.organisator.ch\\\/wp-content\\\/uploads\\\/2022\\\/01\\\/Logo_Organisator_Website.png\",\"contentUrl\":\"https:\\\/\\\/www.organisator.ch\\\/wp-content\\\/uploads\\\/2022\\\/01\\\/Logo_Organisator_Website.png\",\"width\":800,\"height\":77,\"caption\":\"Organisator\"},\"image\":{\"@id\":\"https:\\\/\\\/www.organisator.ch\\\/#\\\/schema\\\/logo\\\/image\\\/\"},\"sameAs\":[\"https:\\\/\\\/www.facebook.com\\\/OrganisatorFachmagazin\",\"https:\\\/\\\/www.linkedin.com\\\/showcase\\\/organisator-das-magazin-fr-kmu\",\"https:\\\/\\\/www.xing.com\\\/news\\\/pages\\\/organisator-ch-695\",\"https:\\\/\\\/www.youtube.com\\\/channel\\\/UCGP2Sq0iWaZwT3BdIAQFYpw\"]},{\"@type\":\"Person\",\"@id\":\"https:\\\/\\\/www.organisator.ch\\\/#\\\/schema\\\/person\\\/6f650f90b2842cd4c0cc334b4e36f67e\",\"name\":\"thomas.berner\",\"image\":{\"@type\":\"ImageObject\",\"inLanguage\":\"de\",\"@id\":\"https:\\\/\\\/secure.gravatar.com\\\/avatar\\\/ac5001d2a36cb6c6cd3e50789007ffca834b477b74a2144564522e944eabff61?s=96&d=mm&r=g\",\"url\":\"https:\\\/\\\/secure.gravatar.com\\\/avatar\\\/ac5001d2a36cb6c6cd3e50789007ffca834b477b74a2144564522e944eabff61?s=96&d=mm&r=g\",\"contentUrl\":\"https:\\\/\\\/secure.gravatar.com\\\/avatar\\\/ac5001d2a36cb6c6cd3e50789007ffca834b477b74a2144564522e944eabff61?s=96&d=mm&r=g\",\"caption\":\"thomas.berner\"},\"url\":\"https:\\\/\\\/www.organisator.ch\\\/de\\\/author\\\/thomas-berner\\\/\"}]}<\/script>\n<!-- \/ Yoast SEO plugin. -->","yoast_head_json":{"title":"Der Kaufm\u00e4nnische Verband verzichtet auf Lohnforderungen - Organisator","description":"F\u00fcr die Lohnrunde 2021 verzichtet der Kaufm\u00e4nnische Verband auf die Forderung nach mehr Lohn. Vielmehr fordert er Investitionen in die Weiterbildung.","robots":{"index":"index","follow":"follow","max-snippet":"max-snippet:-1","max-image-preview":"max-image-preview:large","max-video-preview":"max-video-preview:-1"},"canonical":"https:\/\/www.organisator.ch\/de\/management\/2020-08-04\/der-kaufmaennische-verband-verzichtet-auf-lohnforderungen\/","og_locale":"de_DE","og_type":"article","og_title":"Der Kaufm\u00e4nnische Verband verzichtet auf Lohnforderungen","og_description":"F\u00fcr die Lohnrunde 2021 verzichtet der Kaufm\u00e4nnische Verband auf die Forderung nach mehr Lohn. Vielmehr fordert er Investitionen in die Weiterbildung.","og_url":"https:\/\/www.organisator.ch\/de\/management\/2020-08-04\/der-kaufmaennische-verband-verzichtet-auf-lohnforderungen\/","og_site_name":"Organisator","article_publisher":"https:\/\/www.facebook.com\/OrganisatorFachmagazin","article_published_time":"2020-08-04T09:07:30+00:00","og_image":[{"width":680,"height":482,"url":"https:\/\/www.organisator.ch\/wp-content\/uploads\/2020\/08\/Der-Kaufmaennische-Verband-verzichtet-auf-Lohnforderungen_Organisator.jpg","type":"image\/jpeg"}],"author":"thomas.berner","twitter_card":"summary_large_image","twitter_title":"Der Kaufm\u00e4nnische Verband #kfmv verzichtet auf #Lohnforderungen","twitter_description":"F\u00fcr die #Lohnrunde 2021 verzichtet der Kaufm\u00e4nnische Verband auf die Forderung nach mehr #Lohn. Vielmehr fordert er Investitionen in die #Weiterbildung.","twitter_image":"https:\/\/www.organisator.ch\/wp-content\/uploads\/2020\/08\/Der-Kaufmaennische-Verband-verzichtet-auf-Lohnforderungen_Organisator.jpg","schema":{"@context":"https:\/\/schema.org","@graph":[{"@type":"Article","@id":"https:\/\/www.organisator.ch\/management\/2020-08-04\/der-kaufmaennische-verband-verzichtet-auf-lohnforderungen\/#article","isPartOf":{"@id":"https:\/\/www.organisator.ch\/management\/2020-08-04\/der-kaufmaennische-verband-verzichtet-auf-lohnforderungen\/"},"author":{"name":"thomas.berner","@id":"https:\/\/www.organisator.ch\/#\/schema\/person\/6f650f90b2842cd4c0cc334b4e36f67e"},"headline":"Der Kaufm\u00e4nnische Verband verzichtet auf Lohnforderungen","datePublished":"2020-08-04T09:07:30+00:00","mainEntityOfPage":{"@id":"https:\/\/www.organisator.ch\/management\/2020-08-04\/der-kaufmaennische-verband-verzichtet-auf-lohnforderungen\/"},"wordCount":604,"publisher":{"@id":"https:\/\/www.organisator.ch\/#organization"},"image":{"@id":"https:\/\/www.organisator.ch\/management\/2020-08-04\/der-kaufmaennische-verband-verzichtet-auf-lohnforderungen\/#primaryimage"},"thumbnailUrl":"https:\/\/www.organisator.ch\/wp-content\/uploads\/2020\/08\/Der-Kaufmaennische-Verband-verzichtet-auf-Lohnforderungen_Organisator.jpg","keywords":["L\u00f6hne","Management und Unternehmensf\u00fchrung","Verb\u00e4nde","Wirtschaftspolitik"],"articleSection":["MANAGEMENT"],"inLanguage":"de"},{"@type":"WebPage","@id":"https:\/\/www.organisator.ch\/management\/2020-08-04\/der-kaufmaennische-verband-verzichtet-auf-lohnforderungen\/","url":"https:\/\/www.organisator.ch\/management\/2020-08-04\/der-kaufmaennische-verband-verzichtet-auf-lohnforderungen\/","name":"Der Kaufm\u00e4nnische Verband verzichtet auf Lohnforderungen - Organisator","isPartOf":{"@id":"https:\/\/www.organisator.ch\/#website"},"primaryImageOfPage":{"@id":"https:\/\/www.organisator.ch\/management\/2020-08-04\/der-kaufmaennische-verband-verzichtet-auf-lohnforderungen\/#primaryimage"},"image":{"@id":"https:\/\/www.organisator.ch\/management\/2020-08-04\/der-kaufmaennische-verband-verzichtet-auf-lohnforderungen\/#primaryimage"},"thumbnailUrl":"https:\/\/www.organisator.ch\/wp-content\/uploads\/2020\/08\/Der-Kaufmaennische-Verband-verzichtet-auf-Lohnforderungen_Organisator.jpg","datePublished":"2020-08-04T09:07:30+00:00","description":"F\u00fcr die Lohnrunde 2021 verzichtet der Kaufm\u00e4nnische Verband auf die Forderung nach mehr Lohn. Vielmehr fordert er Investitionen in die Weiterbildung.","breadcrumb":{"@id":"https:\/\/www.organisator.ch\/management\/2020-08-04\/der-kaufmaennische-verband-verzichtet-auf-lohnforderungen\/#breadcrumb"},"inLanguage":"de","potentialAction":[{"@type":"ReadAction","target":["https:\/\/www.organisator.ch\/management\/2020-08-04\/der-kaufmaennische-verband-verzichtet-auf-lohnforderungen\/"]}]},{"@type":"ImageObject","inLanguage":"de","@id":"https:\/\/www.organisator.ch\/management\/2020-08-04\/der-kaufmaennische-verband-verzichtet-auf-lohnforderungen\/#primaryimage","url":"https:\/\/www.organisator.ch\/wp-content\/uploads\/2020\/08\/Der-Kaufmaennische-Verband-verzichtet-auf-Lohnforderungen_Organisator.jpg","contentUrl":"https:\/\/www.organisator.ch\/wp-content\/uploads\/2020\/08\/Der-Kaufmaennische-Verband-verzichtet-auf-Lohnforderungen_Organisator.jpg","width":680,"height":482,"caption":"Der Kaufm\u00e4nnische Verband fordert mehr Investitionen in die Weiterbildung, verzichtet daf\u00fcr wegen der Corona-Krise auf Lohnforderungen. (Bild: Fotolia.com)"},{"@type":"BreadcrumbList","@id":"https:\/\/www.organisator.ch\/management\/2020-08-04\/der-kaufmaennische-verband-verzichtet-auf-lohnforderungen\/#breadcrumb","itemListElement":[{"@type":"ListItem","position":1,"name":"Home","item":"https:\/\/www.organisator.ch\/"},{"@type":"ListItem","position":2,"name":"Der Kaufm\u00e4nnische Verband verzichtet auf Lohnforderungen"}]},{"@type":"WebSite","@id":"https:\/\/www.organisator.ch\/#website","url":"https:\/\/www.organisator.ch\/","name":"Organisator","description":"Kompetent. Praxisnah. Der ORGANISATOR bereitet in 10 Ausgaben pro Jahr die wesentlichen Themen f\u00fcr F\u00fchrungskr\u00e4fte von KMU auf.","publisher":{"@id":"https:\/\/www.organisator.ch\/#organization"},"potentialAction":[{"@type":"SearchAction","target":{"@type":"EntryPoint","urlTemplate":"https:\/\/www.organisator.ch\/?s={search_term_string}"},"query-input":{"@type":"PropertyValueSpecification","valueRequired":true,"valueName":"search_term_string"}}],"inLanguage":"de"},{"@type":"Organization","@id":"https:\/\/www.organisator.ch\/#organization","name":"Organisator","url":"https:\/\/www.organisator.ch\/","logo":{"@type":"ImageObject","inLanguage":"de","@id":"https:\/\/www.organisator.ch\/#\/schema\/logo\/image\/","url":"https:\/\/www.organisator.ch\/wp-content\/uploads\/2022\/01\/Logo_Organisator_Website.png","contentUrl":"https:\/\/www.organisator.ch\/wp-content\/uploads\/2022\/01\/Logo_Organisator_Website.png","width":800,"height":77,"caption":"Organisator"},"image":{"@id":"https:\/\/www.organisator.ch\/#\/schema\/logo\/image\/"},"sameAs":["https:\/\/www.facebook.com\/OrganisatorFachmagazin","https:\/\/www.linkedin.com\/showcase\/organisator-das-magazin-fr-kmu","https:\/\/www.xing.com\/news\/pages\/organisator-ch-695","https:\/\/www.youtube.com\/channel\/UCGP2Sq0iWaZwT3BdIAQFYpw"]},{"@type":"Person","@id":"https:\/\/www.organisator.ch\/#\/schema\/person\/6f650f90b2842cd4c0cc334b4e36f67e","name":"thomas.berner","image":{"@type":"ImageObject","inLanguage":"de","@id":"https:\/\/secure.gravatar.com\/avatar\/ac5001d2a36cb6c6cd3e50789007ffca834b477b74a2144564522e944eabff61?s=96&d=mm&r=g","url":"https:\/\/secure.gravatar.com\/avatar\/ac5001d2a36cb6c6cd3e50789007ffca834b477b74a2144564522e944eabff61?s=96&d=mm&r=g","contentUrl":"https:\/\/secure.gravatar.com\/avatar\/ac5001d2a36cb6c6cd3e50789007ffca834b477b74a2144564522e944eabff61?s=96&d=mm&r=g","caption":"thomas.berner"},"url":"https:\/\/www.organisator.ch\/de\/author\/thomas-berner\/"}]}},"_links":{"self":[{"href":"https:\/\/www.organisator.ch\/de\/wp-json\/wp\/v2\/posts\/6991","targetHints":{"allow":["GET"]}}],"collection":[{"href":"https:\/\/www.organisator.ch\/de\/wp-json\/wp\/v2\/posts"}],"about":[{"href":"https:\/\/www.organisator.ch\/de\/wp-json\/wp\/v2\/types\/post"}],"author":[{"embeddable":true,"href":"https:\/\/www.organisator.ch\/de\/wp-json\/wp\/v2\/users\/4"}],"replies":[{"embeddable":true,"href":"https:\/\/www.organisator.ch\/de\/wp-json\/wp\/v2\/comments?post=6991"}],"version-history":[{"count":0,"href":"https:\/\/www.organisator.ch\/de\/wp-json\/wp\/v2\/posts\/6991\/revisions"}],"wp:featuredmedia":[{"embeddable":true,"href":"https:\/\/www.organisator.ch\/de\/wp-json\/wp\/v2\/media\/6992"}],"wp:attachment":[{"href":"https:\/\/www.organisator.ch\/de\/wp-json\/wp\/v2\/media?parent=6991"}],"wp:term":[{"taxonomy":"category","embeddable":true,"href":"https:\/\/www.organisator.ch\/de\/wp-json\/wp\/v2\/categories?post=6991"},{"taxonomy":"post_tag","embeddable":true,"href":"https:\/\/www.organisator.ch\/de\/wp-json\/wp\/v2\/tags?post=6991"}],"curies":[{"name":"wp","href":"https:\/\/api.w.org\/{rel}","templated":true}]}}