{"id":7010,"date":"2020-08-13T08:08:21","date_gmt":"2020-08-13T06:08:21","guid":{"rendered":"https:\/\/www.organisator.ch\/?p=7010"},"modified":"2020-08-13T08:08:21","modified_gmt":"2020-08-13T06:08:21","slug":"fhs-alumni-praesentiert-networking-talk","status":"publish","type":"post","link":"https:\/\/www.organisator.ch\/de\/weiterbildung\/2020-08-13\/fhs-alumni-praesentiert-networking-talk\/","title":{"rendered":"FHS Alumni pr\u00e4sentiert \u00abNetworking-Talk\u00bb"},"content":{"rendered":"<figure id=\"attachment_7011\" aria-describedby=\"caption-attachment-7011\" style=\"width: 680px\" class=\"wp-caption alignnone\"><img loading=\"lazy\" decoding=\"async\" class=\"size-medium wp-image-7011\" src=\"https:\/\/www.organisator.ch\/wp-content\/uploads\/2020\/08\/FHS-Alumni-praesentiert-Networking-Talk_Organisator.jpg\" alt=\"\" width=\"680\" height=\"453\" srcset=\"https:\/\/www.organisator.ch\/wp-content\/uploads\/2020\/08\/FHS-Alumni-praesentiert-Networking-Talk_Organisator.jpg 680w, https:\/\/www.organisator.ch\/wp-content\/uploads\/2020\/08\/FHS-Alumni-praesentiert-Networking-Talk_Organisator-16x12.jpg 16w, https:\/\/www.organisator.ch\/wp-content\/uploads\/2020\/08\/FHS-Alumni-praesentiert-Networking-Talk_Organisator-263x175.jpg 263w, https:\/\/www.organisator.ch\/wp-content\/uploads\/2020\/08\/FHS-Alumni-praesentiert-Networking-Talk_Organisator-525x350.jpg 525w, https:\/\/www.organisator.ch\/wp-content\/uploads\/2020\/08\/FHS-Alumni-praesentiert-Networking-Talk_Organisator-300x200.jpg 300w\" sizes=\"auto, (max-width: 680px) 100vw, 680px\" \/><figcaption id=\"caption-attachment-7011\" class=\"wp-caption-text\">Im virtuellen Raum statt vor Ort: B\u00fchler-CEO Stefan Scheiber tritt am Networking-Talk per Live-Stream auf. Er erz\u00e4hlt von den Herausforderungen mit COVID-19, mit denen sich der Weltkonzern auseinandersetzen muss. (Bild: zVg \/ FHS Alumni)<\/figcaption><\/figure>\n<p>Es w\u00e4re alles anders. Ohne den Coronavirus w\u00fcrden am 4. September 2020 \u00fcber 700 Personen an den Networking-Tag in die Olma Hallen str\u00f6men. \u00abDie \u00fcbliche Durchf\u00fchrung k\u00f6nnen wir dieses Jahr nicht verantworten\u00bb, sagt Michael Federer, Alumnileiter der Fachhochschule St.Gallen (FHS). \u00abDieses Mal m\u00fcssen wir \u00abunnormal\u00bb sein.\u00bb Unter dem Motto \u00abDie neue Normalit\u00e4t\u00bb bieten er und sein Team von FHS Alumni alternativ den Networking-Talk an. Ein Mittagsformat von rund einer Stunde, online, mit vier bekannten Referierenden fr\u00fcherer Durchf\u00fchrungen. Sie erz\u00e4hlen, welche Ver\u00e4nderungen sie direkt betreffen und wagen Prognosen, welche Szenarien k\u00fcnftig f\u00fcr Politik, Wirtschaft und Soziales denkbar sind. Das kostenlose Format scheint auf offene Ohren zu stossen: Vor Programmbekanntgabe haben sich bislang rund 300 Personen angemeldet.<\/p>\n<h2>Die Referierenden<\/h2>\n<p>Nicola Forster nimmt die politische Perspektive am Networking-Talk ein. Er ist Mitgr\u00fcnder des Think Tanks \u00abforaus\u00bb (Forum Aussenpolitik), des Staatslabors sowie der Operation Libero und Co-Pr\u00e4sident der Gr\u00fcnliberalen des Kantons Z\u00fcrich. Pasqualina Perrig-Chiello, emeritierte Honorarprofessorin der Universit\u00e4t Bern, geht den sozialen Corona-Trends auf den Grund. Als Expertin f\u00fcr Altersforschung fragt sie sich: Wo stehen Personen \u00dc65, die pl\u00f6tzlich als \u00abRisikogruppe\u00bb bezeichnet wurden? Stefan Scheiber spricht f\u00fcr die Wirtschaft. Der CEO der B\u00fchler Group und FHS Alumnus gibt Einblicke, wie sich der Weltkonzern gegen den Coronavirus behauptet. Vierter Referent, Dominik Tarolli, Director von Smart City Esri und ebenfalls FHS Alumnus, schaltet sich live aus Kalifornien dazu. Der Virtual-World-Experte kennt sich mit Smart City Plannung, Pixar und Disney aus. Er spricht dar\u00fcber, wie seine Firma Esri an vorderster Front den Coronavirus bek\u00e4mpft. Sonja Hasler, bekannt aus der SRF-Arena, moderiert den Talk.<\/p>\n<h2>Mit den Referierenden im selben Chatroom<\/h2>\n<p>Im Anschluss k\u00f6nnen die Teilnehmenden direkt mit den Talk-G\u00e4sten in Kontakt treten, indem sie den entsprechenden virtuellen Raum betreten. \u00abUnser Anspruch an den Talk ist auf jeden Fall derselbe wie derjenige des Networking-Tag. Ein gesellschaftlich relevanter Diskurs soll aus unterschiedlichen Perspektiven beleuchtet und diskutiert werden\u00bb, sagt Verantwortlicher Michael Federer.<\/p>\n<p>Der n\u00e4chste Networking-Tag in seiner gewohnten Form findet am 10. September 2021 statt zum Thema \u00abWie viel Erde braucht der Mensch? Im Spannungsfeld zwischen \u00d6konomie und \u00d6kologie\u00bb.<\/p>\n<p><em>Zur kostenlosen Anmeldung und weiteren Informationen: <a href=\"http:\/\/www.networkingtag.ch\">www.networkingtag.ch.<\/a><\/em><\/p>\n","protected":false},"excerpt":{"rendered":"<p>Es w\u00e4re alles anders. Ohne den Coronavirus w\u00fcrden am 4. September 2020 \u00fcber 700 Personen an den Networking-Tag in die Olma Hallen str\u00f6men. \u00abDie \u00fcbliche Durchf\u00fchrung k\u00f6nnen wir dieses Jahr nicht verantworten\u00bb, sagt Michael Federer, Alumnileiter der Fachhochschule St.Gallen (FHS). \u00abDieses Mal m\u00fcssen wir \u00abunnormal\u00bb sein.\u00bb Unter dem Motto \u00abDie neue Normalit\u00e4t\u00bb bieten er und [&hellip;]<\/p>\n","protected":false},"author":4,"featured_media":7011,"comment_status":"closed","ping_status":"closed","sticky":false,"template":"","format":"standard","meta":{"_acf_changed":false,"_yoast_wpseo_focuskw":"FHS Alumni","_yoast_wpseo_metadesc":"Der Networking-Tag der FHS Alumni transformiert sich dieses Jahr zum Networking-Talk: ein angepasstes, digitales Format des 700-Personen-Events.","articlekey":"","footnotes":""},"categories":[30],"tags":[62,335,502,508],"class_list":["post-7010","post","type-post","status-publish","format-standard","has-post-thumbnail","hentry","category-weiterbildung","tag-aus-weiterbildung","tag-management-und-unternehmensfuehrung","tag-veranstaltungen","tag-vermischtes"],"acf":[],"yoast_head":"<!-- This site is optimized with the Yoast SEO plugin v27.4 - https:\/\/yoast.com\/product\/yoast-seo-wordpress\/ -->\n<title>FHS Alumni pr\u00e4sentiert \u00abNetworking-Talk\u00bb - Organisator<\/title>\n<meta name=\"description\" content=\"Der Networking-Tag der FHS Alumni transformiert sich dieses Jahr zum Networking-Talk: ein angepasstes, digitales Format des 700-Personen-Events.\" \/>\n<meta name=\"robots\" content=\"index, follow, max-snippet:-1, max-image-preview:large, max-video-preview:-1\" \/>\n<link rel=\"canonical\" href=\"https:\/\/www.organisator.ch\/de\/weiterbildung\/2020-08-13\/fhs-alumni-praesentiert-networking-talk\/\" \/>\n<meta property=\"og:locale\" content=\"de_DE\" \/>\n<meta property=\"og:type\" content=\"article\" \/>\n<meta property=\"og:title\" content=\"FHS Alumni pr\u00e4sentiert \u00abNetworking-Talk\u00bb\" \/>\n<meta property=\"og:description\" content=\"Der Networking-Tag der FHS Alumni transformiert sich dieses Jahr zum Networking-Talk: ein angepasstes, digitales Format des 700-Personen-Events.\" \/>\n<meta property=\"og:url\" content=\"https:\/\/www.organisator.ch\/de\/weiterbildung\/2020-08-13\/fhs-alumni-praesentiert-networking-talk\/\" \/>\n<meta property=\"og:site_name\" content=\"Organisator\" \/>\n<meta property=\"article:publisher\" content=\"https:\/\/www.facebook.com\/OrganisatorFachmagazin\" \/>\n<meta property=\"article:published_time\" content=\"2020-08-13T06:08:21+00:00\" \/>\n<meta property=\"og:image\" content=\"https:\/\/www.organisator.ch\/wp-content\/uploads\/2020\/08\/FHS-Alumni-praesentiert-Networking-Talk_Organisator.jpg\" \/>\n\t<meta property=\"og:image:width\" content=\"680\" \/>\n\t<meta property=\"og:image:height\" content=\"453\" \/>\n\t<meta property=\"og:image:type\" content=\"image\/jpeg\" \/>\n<meta name=\"author\" content=\"thomas.berner\" \/>\n<meta name=\"twitter:card\" content=\"summary_large_image\" \/>\n<meta name=\"twitter:title\" content=\"#FHS #Alumni pr\u00e4sentiert \u00ab#Networking-Talk\u00bb\" \/>\n<meta name=\"twitter:description\" content=\"Der #Networking-Tag der #FHS Alumni transformiert sich dieses Jahr zum #Networking-Talk: ein angepasstes, digitales Format des 700-Personen-Events.\" \/>\n<meta name=\"twitter:image\" content=\"https:\/\/www.organisator.ch\/wp-content\/uploads\/2020\/08\/FHS-Alumni-praesentiert-Networking-Talk_Organisator.jpg\" \/>\n<script type=\"application\/ld+json\" class=\"yoast-schema-graph\">{\"@context\":\"https:\\\/\\\/schema.org\",\"@graph\":[{\"@type\":\"Article\",\"@id\":\"https:\\\/\\\/www.organisator.ch\\\/weiterbildung\\\/2020-08-13\\\/fhs-alumni-praesentiert-networking-talk\\\/#article\",\"isPartOf\":{\"@id\":\"https:\\\/\\\/www.organisator.ch\\\/weiterbildung\\\/2020-08-13\\\/fhs-alumni-praesentiert-networking-talk\\\/\"},\"author\":{\"name\":\"thomas.berner\",\"@id\":\"https:\\\/\\\/www.organisator.ch\\\/#\\\/schema\\\/person\\\/6f650f90b2842cd4c0cc334b4e36f67e\"},\"headline\":\"FHS Alumni pr\u00e4sentiert \u00abNetworking-Talk\u00bb\",\"datePublished\":\"2020-08-13T06:08:21+00:00\",\"mainEntityOfPage\":{\"@id\":\"https:\\\/\\\/www.organisator.ch\\\/weiterbildung\\\/2020-08-13\\\/fhs-alumni-praesentiert-networking-talk\\\/\"},\"wordCount\":415,\"publisher\":{\"@id\":\"https:\\\/\\\/www.organisator.ch\\\/#organization\"},\"image\":{\"@id\":\"https:\\\/\\\/www.organisator.ch\\\/weiterbildung\\\/2020-08-13\\\/fhs-alumni-praesentiert-networking-talk\\\/#primaryimage\"},\"thumbnailUrl\":\"https:\\\/\\\/www.organisator.ch\\\/wp-content\\\/uploads\\\/2020\\\/08\\\/FHS-Alumni-praesentiert-Networking-Talk_Organisator.jpg\",\"keywords\":[\"Aus-\\\/Weiterbildung\",\"Management und Unternehmensf\u00fchrung\",\"Veranstaltungen\",\"Vermischtes\"],\"articleSection\":[\"WEITERBILDUNG\"],\"inLanguage\":\"de\"},{\"@type\":\"WebPage\",\"@id\":\"https:\\\/\\\/www.organisator.ch\\\/weiterbildung\\\/2020-08-13\\\/fhs-alumni-praesentiert-networking-talk\\\/\",\"url\":\"https:\\\/\\\/www.organisator.ch\\\/weiterbildung\\\/2020-08-13\\\/fhs-alumni-praesentiert-networking-talk\\\/\",\"name\":\"FHS Alumni pr\u00e4sentiert \u00abNetworking-Talk\u00bb - Organisator\",\"isPartOf\":{\"@id\":\"https:\\\/\\\/www.organisator.ch\\\/#website\"},\"primaryImageOfPage\":{\"@id\":\"https:\\\/\\\/www.organisator.ch\\\/weiterbildung\\\/2020-08-13\\\/fhs-alumni-praesentiert-networking-talk\\\/#primaryimage\"},\"image\":{\"@id\":\"https:\\\/\\\/www.organisator.ch\\\/weiterbildung\\\/2020-08-13\\\/fhs-alumni-praesentiert-networking-talk\\\/#primaryimage\"},\"thumbnailUrl\":\"https:\\\/\\\/www.organisator.ch\\\/wp-content\\\/uploads\\\/2020\\\/08\\\/FHS-Alumni-praesentiert-Networking-Talk_Organisator.jpg\",\"datePublished\":\"2020-08-13T06:08:21+00:00\",\"description\":\"Der Networking-Tag der FHS Alumni transformiert sich dieses Jahr zum Networking-Talk: ein angepasstes, digitales Format des 700-Personen-Events.\",\"breadcrumb\":{\"@id\":\"https:\\\/\\\/www.organisator.ch\\\/weiterbildung\\\/2020-08-13\\\/fhs-alumni-praesentiert-networking-talk\\\/#breadcrumb\"},\"inLanguage\":\"de\",\"potentialAction\":[{\"@type\":\"ReadAction\",\"target\":[\"https:\\\/\\\/www.organisator.ch\\\/weiterbildung\\\/2020-08-13\\\/fhs-alumni-praesentiert-networking-talk\\\/\"]}]},{\"@type\":\"ImageObject\",\"inLanguage\":\"de\",\"@id\":\"https:\\\/\\\/www.organisator.ch\\\/weiterbildung\\\/2020-08-13\\\/fhs-alumni-praesentiert-networking-talk\\\/#primaryimage\",\"url\":\"https:\\\/\\\/www.organisator.ch\\\/wp-content\\\/uploads\\\/2020\\\/08\\\/FHS-Alumni-praesentiert-Networking-Talk_Organisator.jpg\",\"contentUrl\":\"https:\\\/\\\/www.organisator.ch\\\/wp-content\\\/uploads\\\/2020\\\/08\\\/FHS-Alumni-praesentiert-Networking-Talk_Organisator.jpg\",\"width\":680,\"height\":453,\"caption\":\"Im virtuellen Raum statt vor Ort: B\u00fchler-CEO Stefan Scheiber tritt am Networking-Talk per Live-Stream auf. Er erz\u00e4hlt von den Herausforderungen mit COVID-19, mit denen sich der Weltkonzern auseinandersetzen muss. (Bild: FHS Alumni)\"},{\"@type\":\"BreadcrumbList\",\"@id\":\"https:\\\/\\\/www.organisator.ch\\\/weiterbildung\\\/2020-08-13\\\/fhs-alumni-praesentiert-networking-talk\\\/#breadcrumb\",\"itemListElement\":[{\"@type\":\"ListItem\",\"position\":1,\"name\":\"Home\",\"item\":\"https:\\\/\\\/www.organisator.ch\\\/\"},{\"@type\":\"ListItem\",\"position\":2,\"name\":\"FHS Alumni pr\u00e4sentiert \u00abNetworking-Talk\u00bb\"}]},{\"@type\":\"WebSite\",\"@id\":\"https:\\\/\\\/www.organisator.ch\\\/#website\",\"url\":\"https:\\\/\\\/www.organisator.ch\\\/\",\"name\":\"Organisator\",\"description\":\"Kompetent. Praxisnah. Der ORGANISATOR bereitet in 10 Ausgaben pro Jahr die wesentlichen Themen f\u00fcr F\u00fchrungskr\u00e4fte von KMU auf.\",\"publisher\":{\"@id\":\"https:\\\/\\\/www.organisator.ch\\\/#organization\"},\"potentialAction\":[{\"@type\":\"SearchAction\",\"target\":{\"@type\":\"EntryPoint\",\"urlTemplate\":\"https:\\\/\\\/www.organisator.ch\\\/?s={search_term_string}\"},\"query-input\":{\"@type\":\"PropertyValueSpecification\",\"valueRequired\":true,\"valueName\":\"search_term_string\"}}],\"inLanguage\":\"de\"},{\"@type\":\"Organization\",\"@id\":\"https:\\\/\\\/www.organisator.ch\\\/#organization\",\"name\":\"Organisator\",\"url\":\"https:\\\/\\\/www.organisator.ch\\\/\",\"logo\":{\"@type\":\"ImageObject\",\"inLanguage\":\"de\",\"@id\":\"https:\\\/\\\/www.organisator.ch\\\/#\\\/schema\\\/logo\\\/image\\\/\",\"url\":\"https:\\\/\\\/www.organisator.ch\\\/wp-content\\\/uploads\\\/2022\\\/01\\\/Logo_Organisator_Website.png\",\"contentUrl\":\"https:\\\/\\\/www.organisator.ch\\\/wp-content\\\/uploads\\\/2022\\\/01\\\/Logo_Organisator_Website.png\",\"width\":800,\"height\":77,\"caption\":\"Organisator\"},\"image\":{\"@id\":\"https:\\\/\\\/www.organisator.ch\\\/#\\\/schema\\\/logo\\\/image\\\/\"},\"sameAs\":[\"https:\\\/\\\/www.facebook.com\\\/OrganisatorFachmagazin\",\"https:\\\/\\\/www.linkedin.com\\\/showcase\\\/organisator-das-magazin-fr-kmu\",\"https:\\\/\\\/www.xing.com\\\/news\\\/pages\\\/organisator-ch-695\",\"https:\\\/\\\/www.youtube.com\\\/channel\\\/UCGP2Sq0iWaZwT3BdIAQFYpw\"]},{\"@type\":\"Person\",\"@id\":\"https:\\\/\\\/www.organisator.ch\\\/#\\\/schema\\\/person\\\/6f650f90b2842cd4c0cc334b4e36f67e\",\"name\":\"thomas.berner\",\"image\":{\"@type\":\"ImageObject\",\"inLanguage\":\"de\",\"@id\":\"https:\\\/\\\/secure.gravatar.com\\\/avatar\\\/ac5001d2a36cb6c6cd3e50789007ffca834b477b74a2144564522e944eabff61?s=96&d=mm&r=g\",\"url\":\"https:\\\/\\\/secure.gravatar.com\\\/avatar\\\/ac5001d2a36cb6c6cd3e50789007ffca834b477b74a2144564522e944eabff61?s=96&d=mm&r=g\",\"contentUrl\":\"https:\\\/\\\/secure.gravatar.com\\\/avatar\\\/ac5001d2a36cb6c6cd3e50789007ffca834b477b74a2144564522e944eabff61?s=96&d=mm&r=g\",\"caption\":\"thomas.berner\"},\"url\":\"https:\\\/\\\/www.organisator.ch\\\/de\\\/author\\\/thomas-berner\\\/\"}]}<\/script>\n<!-- \/ Yoast SEO plugin. -->","yoast_head_json":{"title":"FHS Alumni pr\u00e4sentiert \u00abNetworking-Talk\u00bb - Organisator","description":"Der Networking-Tag der FHS Alumni transformiert sich dieses Jahr zum Networking-Talk: ein angepasstes, digitales Format des 700-Personen-Events.","robots":{"index":"index","follow":"follow","max-snippet":"max-snippet:-1","max-image-preview":"max-image-preview:large","max-video-preview":"max-video-preview:-1"},"canonical":"https:\/\/www.organisator.ch\/de\/weiterbildung\/2020-08-13\/fhs-alumni-praesentiert-networking-talk\/","og_locale":"de_DE","og_type":"article","og_title":"FHS Alumni pr\u00e4sentiert \u00abNetworking-Talk\u00bb","og_description":"Der Networking-Tag der FHS Alumni transformiert sich dieses Jahr zum Networking-Talk: ein angepasstes, digitales Format des 700-Personen-Events.","og_url":"https:\/\/www.organisator.ch\/de\/weiterbildung\/2020-08-13\/fhs-alumni-praesentiert-networking-talk\/","og_site_name":"Organisator","article_publisher":"https:\/\/www.facebook.com\/OrganisatorFachmagazin","article_published_time":"2020-08-13T06:08:21+00:00","og_image":[{"width":680,"height":453,"url":"https:\/\/www.organisator.ch\/wp-content\/uploads\/2020\/08\/FHS-Alumni-praesentiert-Networking-Talk_Organisator.jpg","type":"image\/jpeg"}],"author":"thomas.berner","twitter_card":"summary_large_image","twitter_title":"#FHS #Alumni pr\u00e4sentiert \u00ab#Networking-Talk\u00bb","twitter_description":"Der #Networking-Tag der #FHS Alumni transformiert sich dieses Jahr zum #Networking-Talk: ein angepasstes, digitales Format des 700-Personen-Events.","twitter_image":"https:\/\/www.organisator.ch\/wp-content\/uploads\/2020\/08\/FHS-Alumni-praesentiert-Networking-Talk_Organisator.jpg","schema":{"@context":"https:\/\/schema.org","@graph":[{"@type":"Article","@id":"https:\/\/www.organisator.ch\/weiterbildung\/2020-08-13\/fhs-alumni-praesentiert-networking-talk\/#article","isPartOf":{"@id":"https:\/\/www.organisator.ch\/weiterbildung\/2020-08-13\/fhs-alumni-praesentiert-networking-talk\/"},"author":{"name":"thomas.berner","@id":"https:\/\/www.organisator.ch\/#\/schema\/person\/6f650f90b2842cd4c0cc334b4e36f67e"},"headline":"FHS Alumni pr\u00e4sentiert \u00abNetworking-Talk\u00bb","datePublished":"2020-08-13T06:08:21+00:00","mainEntityOfPage":{"@id":"https:\/\/www.organisator.ch\/weiterbildung\/2020-08-13\/fhs-alumni-praesentiert-networking-talk\/"},"wordCount":415,"publisher":{"@id":"https:\/\/www.organisator.ch\/#organization"},"image":{"@id":"https:\/\/www.organisator.ch\/weiterbildung\/2020-08-13\/fhs-alumni-praesentiert-networking-talk\/#primaryimage"},"thumbnailUrl":"https:\/\/www.organisator.ch\/wp-content\/uploads\/2020\/08\/FHS-Alumni-praesentiert-Networking-Talk_Organisator.jpg","keywords":["Aus-\/Weiterbildung","Management und Unternehmensf\u00fchrung","Veranstaltungen","Vermischtes"],"articleSection":["WEITERBILDUNG"],"inLanguage":"de"},{"@type":"WebPage","@id":"https:\/\/www.organisator.ch\/weiterbildung\/2020-08-13\/fhs-alumni-praesentiert-networking-talk\/","url":"https:\/\/www.organisator.ch\/weiterbildung\/2020-08-13\/fhs-alumni-praesentiert-networking-talk\/","name":"FHS Alumni pr\u00e4sentiert \u00abNetworking-Talk\u00bb - Organisator","isPartOf":{"@id":"https:\/\/www.organisator.ch\/#website"},"primaryImageOfPage":{"@id":"https:\/\/www.organisator.ch\/weiterbildung\/2020-08-13\/fhs-alumni-praesentiert-networking-talk\/#primaryimage"},"image":{"@id":"https:\/\/www.organisator.ch\/weiterbildung\/2020-08-13\/fhs-alumni-praesentiert-networking-talk\/#primaryimage"},"thumbnailUrl":"https:\/\/www.organisator.ch\/wp-content\/uploads\/2020\/08\/FHS-Alumni-praesentiert-Networking-Talk_Organisator.jpg","datePublished":"2020-08-13T06:08:21+00:00","description":"Der Networking-Tag der FHS Alumni transformiert sich dieses Jahr zum Networking-Talk: ein angepasstes, digitales Format des 700-Personen-Events.","breadcrumb":{"@id":"https:\/\/www.organisator.ch\/weiterbildung\/2020-08-13\/fhs-alumni-praesentiert-networking-talk\/#breadcrumb"},"inLanguage":"de","potentialAction":[{"@type":"ReadAction","target":["https:\/\/www.organisator.ch\/weiterbildung\/2020-08-13\/fhs-alumni-praesentiert-networking-talk\/"]}]},{"@type":"ImageObject","inLanguage":"de","@id":"https:\/\/www.organisator.ch\/weiterbildung\/2020-08-13\/fhs-alumni-praesentiert-networking-talk\/#primaryimage","url":"https:\/\/www.organisator.ch\/wp-content\/uploads\/2020\/08\/FHS-Alumni-praesentiert-Networking-Talk_Organisator.jpg","contentUrl":"https:\/\/www.organisator.ch\/wp-content\/uploads\/2020\/08\/FHS-Alumni-praesentiert-Networking-Talk_Organisator.jpg","width":680,"height":453,"caption":"Im virtuellen Raum statt vor Ort: B\u00fchler-CEO Stefan Scheiber tritt am Networking-Talk per Live-Stream auf. Er erz\u00e4hlt von den Herausforderungen mit COVID-19, mit denen sich der Weltkonzern auseinandersetzen muss. (Bild: FHS Alumni)"},{"@type":"BreadcrumbList","@id":"https:\/\/www.organisator.ch\/weiterbildung\/2020-08-13\/fhs-alumni-praesentiert-networking-talk\/#breadcrumb","itemListElement":[{"@type":"ListItem","position":1,"name":"Home","item":"https:\/\/www.organisator.ch\/"},{"@type":"ListItem","position":2,"name":"FHS Alumni pr\u00e4sentiert \u00abNetworking-Talk\u00bb"}]},{"@type":"WebSite","@id":"https:\/\/www.organisator.ch\/#website","url":"https:\/\/www.organisator.ch\/","name":"Organisator","description":"Kompetent. Praxisnah. Der ORGANISATOR bereitet in 10 Ausgaben pro Jahr die wesentlichen Themen f\u00fcr F\u00fchrungskr\u00e4fte von KMU auf.","publisher":{"@id":"https:\/\/www.organisator.ch\/#organization"},"potentialAction":[{"@type":"SearchAction","target":{"@type":"EntryPoint","urlTemplate":"https:\/\/www.organisator.ch\/?s={search_term_string}"},"query-input":{"@type":"PropertyValueSpecification","valueRequired":true,"valueName":"search_term_string"}}],"inLanguage":"de"},{"@type":"Organization","@id":"https:\/\/www.organisator.ch\/#organization","name":"Organisator","url":"https:\/\/www.organisator.ch\/","logo":{"@type":"ImageObject","inLanguage":"de","@id":"https:\/\/www.organisator.ch\/#\/schema\/logo\/image\/","url":"https:\/\/www.organisator.ch\/wp-content\/uploads\/2022\/01\/Logo_Organisator_Website.png","contentUrl":"https:\/\/www.organisator.ch\/wp-content\/uploads\/2022\/01\/Logo_Organisator_Website.png","width":800,"height":77,"caption":"Organisator"},"image":{"@id":"https:\/\/www.organisator.ch\/#\/schema\/logo\/image\/"},"sameAs":["https:\/\/www.facebook.com\/OrganisatorFachmagazin","https:\/\/www.linkedin.com\/showcase\/organisator-das-magazin-fr-kmu","https:\/\/www.xing.com\/news\/pages\/organisator-ch-695","https:\/\/www.youtube.com\/channel\/UCGP2Sq0iWaZwT3BdIAQFYpw"]},{"@type":"Person","@id":"https:\/\/www.organisator.ch\/#\/schema\/person\/6f650f90b2842cd4c0cc334b4e36f67e","name":"thomas.berner","image":{"@type":"ImageObject","inLanguage":"de","@id":"https:\/\/secure.gravatar.com\/avatar\/ac5001d2a36cb6c6cd3e50789007ffca834b477b74a2144564522e944eabff61?s=96&d=mm&r=g","url":"https:\/\/secure.gravatar.com\/avatar\/ac5001d2a36cb6c6cd3e50789007ffca834b477b74a2144564522e944eabff61?s=96&d=mm&r=g","contentUrl":"https:\/\/secure.gravatar.com\/avatar\/ac5001d2a36cb6c6cd3e50789007ffca834b477b74a2144564522e944eabff61?s=96&d=mm&r=g","caption":"thomas.berner"},"url":"https:\/\/www.organisator.ch\/de\/author\/thomas-berner\/"}]}},"_links":{"self":[{"href":"https:\/\/www.organisator.ch\/de\/wp-json\/wp\/v2\/posts\/7010","targetHints":{"allow":["GET"]}}],"collection":[{"href":"https:\/\/www.organisator.ch\/de\/wp-json\/wp\/v2\/posts"}],"about":[{"href":"https:\/\/www.organisator.ch\/de\/wp-json\/wp\/v2\/types\/post"}],"author":[{"embeddable":true,"href":"https:\/\/www.organisator.ch\/de\/wp-json\/wp\/v2\/users\/4"}],"replies":[{"embeddable":true,"href":"https:\/\/www.organisator.ch\/de\/wp-json\/wp\/v2\/comments?post=7010"}],"version-history":[{"count":0,"href":"https:\/\/www.organisator.ch\/de\/wp-json\/wp\/v2\/posts\/7010\/revisions"}],"wp:featuredmedia":[{"embeddable":true,"href":"https:\/\/www.organisator.ch\/de\/wp-json\/wp\/v2\/media\/7011"}],"wp:attachment":[{"href":"https:\/\/www.organisator.ch\/de\/wp-json\/wp\/v2\/media?parent=7010"}],"wp:term":[{"taxonomy":"category","embeddable":true,"href":"https:\/\/www.organisator.ch\/de\/wp-json\/wp\/v2\/categories?post=7010"},{"taxonomy":"post_tag","embeddable":true,"href":"https:\/\/www.organisator.ch\/de\/wp-json\/wp\/v2\/tags?post=7010"}],"curies":[{"name":"wp","href":"https:\/\/api.w.org\/{rel}","templated":true}]}}