{"id":7032,"date":"2020-08-20T14:11:02","date_gmt":"2020-08-20T12:11:02","guid":{"rendered":"https:\/\/www.organisator.ch\/?p=7032"},"modified":"2020-08-20T14:11:02","modified_gmt":"2020-08-20T12:11:02","slug":"geschaeftsklima-index-corona-krise-trifft-mem-branche-hart","status":"publish","type":"post","link":"https:\/\/www.organisator.ch\/de\/management\/2020-08-20\/geschaeftsklima-index-corona-krise-trifft-mem-branche-hart\/","title":{"rendered":"Gesch\u00e4ftsklima-Index: Corona-Krise trifft MEM-Branche hart"},"content":{"rendered":"<figure id=\"attachment_7033\" aria-describedby=\"caption-attachment-7033\" style=\"width: 680px\" class=\"wp-caption alignnone\"><img loading=\"lazy\" decoding=\"async\" class=\"size-medium wp-image-7033\" src=\"https:\/\/www.organisator.ch\/wp-content\/uploads\/2020\/08\/Geschaeftsklima-Index-Die-MEM-Branche-wird-von-der-Corona-Krise-hart-getroffen_Organisator.jpg\" alt=\"\" width=\"680\" height=\"443\" srcset=\"https:\/\/www.organisator.ch\/wp-content\/uploads\/2020\/08\/Geschaeftsklima-Index-Die-MEM-Branche-wird-von-der-Corona-Krise-hart-getroffen_Organisator.jpg 680w, https:\/\/www.organisator.ch\/wp-content\/uploads\/2020\/08\/Geschaeftsklima-Index-Die-MEM-Branche-wird-von-der-Corona-Krise-hart-getroffen_Organisator-16x10.jpg 16w, https:\/\/www.organisator.ch\/wp-content\/uploads\/2020\/08\/Geschaeftsklima-Index-Die-MEM-Branche-wird-von-der-Corona-Krise-hart-getroffen_Organisator-269x175.jpg 269w, https:\/\/www.organisator.ch\/wp-content\/uploads\/2020\/08\/Geschaeftsklima-Index-Die-MEM-Branche-wird-von-der-Corona-Krise-hart-getroffen_Organisator-537x350.jpg 537w, https:\/\/www.organisator.ch\/wp-content\/uploads\/2020\/08\/Geschaeftsklima-Index-Die-MEM-Branche-wird-von-der-Corona-Krise-hart-getroffen_Organisator-300x195.jpg 300w\" sizes=\"auto, (max-width: 680px) 100vw, 680px\" \/><figcaption id=\"caption-attachment-7033\" class=\"wp-caption-text\">Tief im roten Bereich: Der Gesch\u00e4ftsklima-Index von Swissmechanic zeigt weiterhin Pessimismus in der MEM-Branche.<\/figcaption><\/figure>\n<p>Die im Juli durchgef\u00fchrte Quartalsbefragung von Swissmechanic und BAK Economics bei rund 300 KMU der MEM-Branche zeigt, dass sich der Krisenherd in der MEM-Branche zunehmend von der Angebots-auf die Nachfrageseite verschiebt. Zwar ist auch im Juli noch ein Teil der Unternehmen von Unterbr\u00fc-chen in den Lieferketten (19%) und Personalausf\u00e4llen (12%) betroffen, deren Anzahl hat sich im Vergleich zum April aber mehr als halbiert.<\/p>\n<h2>Gesch\u00e4ftsklima-Index weist auf schwere Rezession hin<\/h2>\n<p>Der Gesch\u00e4ftsklima-Index zeigt, wie stark die KMU der MEM-Branche von der Corona-Krise getroffen werden: 27 Prozent der Unternehmen m\u00fcssen Entlassungen vornehmen, 63 Prozent haben die Investitionsausgaben reduziert und noch mehr Kurzarbeit angemeldet. F\u00fcr die zuk\u00fcnftige Entwicklung gibt es jedoch nicht nur negative Signale. So d\u00fcrfte beispielsweise der Auftragseingang im dritten Quartal nicht mehr gleich stark sinken wie im zweiten. \u00abDie Corona-Krise hat die Schweizer Wirtschaft in eine schwere Rezession gest\u00fcrzt, wobei die MEM-Branche noch st\u00e4rker eingebrochen ist als die Gesamtwirtschaft\u00bb, h\u00e4lt Swissmechanic Direktor J\u00fcrg Marti fest und erg\u00e4nzt: \u00abDas Hauptproblem ist der Auftragsmangel.\u00bb<\/p>\n<h2>Auftragsmangel akzentuiert sich weiter<\/h2>\n<p>Der Anteil der Unternehmen, bei denen Auftragsmangel das Hauptproblem darstellt, ist im Juli auf 89 Prozent (April 63%) gestiegen. Knapp die H\u00e4lfte richtet sich darauf ein, dass der Auftragsmangel noch mehr als sechs Monate dauern wird. Der Hintergrund ist, dass die Endkunden der MEM-Branche aufgrund des globalen Konjunktureinbruchs, der hohen Unsicherheit und des erh\u00f6hten Liquidit\u00e4tsbedarfs nur noch die n\u00f6tigsten Investitionen t\u00e4tigen.<\/p>\n<p>Von dieser Nachfrageschw\u00e4che zeugt \u2013 befeuert von der Frankenst\u00e4rke \u2013 auch der dramatische Einbruch der Exporte im zweiten Quartal 2020 von 25 Prozent \u00fcber das gesamte MEM-Warenspektrum gesehen. Auch die Produzentenpreise haben im gleichen Zeitraum abgenommen, jedoch nur moderat.<\/p>\n<h2>Einstellungsstopp und Kurzarbeit<\/h2>\n<p>Die Branche gibt stark Gegensteuer. Rund 70 Prozent der Unternehmen haben einen Einstellungsstopp verh\u00e4ngt und Kurzarbeit beantragt. Im zweiten Quartal wurden im Branchenschnitt 29 Prozent Kurzarbeit abgerechnet, im dritten Quartal d\u00fcrften es 34 Prozent werden. Dass der Bundesrat Mitte August beschlossen hat, die Vollzugserleichterungen f\u00fcr Kurzarbeitsentsch\u00e4digung bis Ende Jahr zu verl\u00e4ngern, kommt den Kantonen und nat\u00fcrlich auch der gebeutelten Wirtschaft entgegen. Im Vergleich zum April (16%) hat auch der Anteil der Firmen zugenommen, welche angeben, Entlassungen vorzunehmen (Juli 27%). Die MEM-Unternehmen setzen aber nicht nur beim Personal an, zwei Drittel sparen auch bei den Investitionen.<\/p>\n<h2>Verhalten positive Zeichen<\/h2>\n<p>Inmitten der schlechten Nachrichten gibt es jedoch auch verhalten positive Zeichen. Marti: \u00abDie befragten KMU erwarten f\u00fcr das dritte Quartal eine leichte Abschw\u00e4chung des Auftragseinbruchs. Zudem berichten weniger Unternehmen von Liquidit\u00e4tsproblemen als noch im April und weiterhin sieht nur eine kleine Minderheit (5%) ein ernsthaftes Konkursrisiko.\u00bb Auch h\u00e4lt die Mehrheit der befragten KMU an geplanten FuE-Projekten und Weiterbildungen fest.<\/p>\n<p><em>Quelle: <a href=\"https:\/\/www.swissmechanic.ch\/\">Swissmechanic<\/a><\/em><\/p>\n","protected":false},"excerpt":{"rendered":"<p>Die im Juli durchgef\u00fchrte Quartalsbefragung von Swissmechanic und BAK Economics bei rund 300 KMU der MEM-Branche zeigt, dass sich der Krisenherd in der MEM-Branche zunehmend von der Angebots-auf die Nachfrageseite verschiebt. Zwar ist auch im Juli noch ein Teil der Unternehmen von Unterbr\u00fc-chen in den Lieferketten (19%) und Personalausf\u00e4llen (12%) betroffen, deren Anzahl hat sich [&hellip;]<\/p>\n","protected":false},"author":4,"featured_media":7033,"comment_status":"closed","ping_status":"closed","sticky":false,"template":"","format":"standard","meta":{"_acf_changed":false,"_yoast_wpseo_focuskw":"Gesch\u00e4ftsklima-Index","_yoast_wpseo_metadesc":"Der Swissmechanic Gesch\u00e4ftsklima-Index f\u00fcr die MEM-Branche hat sich im Juli auf tiefem Niveau stabilisiert. 89 Prozent der KMU leiden unter Auftragsmangel.","articlekey":"","footnotes":""},"categories":[28],"tags":[132,335,452,531],"class_list":["post-7032","post","type-post","status-publish","format-standard","has-post-thumbnail","hentry","category-management","tag-coronavirus","tag-management-und-unternehmensfuehrung","tag-statistik","tag-wirtschaftspolitik"],"acf":[],"yoast_head":"<!-- This site is optimized with the Yoast SEO plugin v27.4 - https:\/\/yoast.com\/product\/yoast-seo-wordpress\/ -->\n<title>Gesch\u00e4ftsklima-Index: Corona-Krise trifft MEM-Branche hart - Organisator<\/title>\n<meta name=\"description\" content=\"Der Swissmechanic Gesch\u00e4ftsklima-Index f\u00fcr die MEM-Branche hat sich im Juli auf tiefem Niveau stabilisiert. 89 Prozent der KMU leiden unter Auftragsmangel.\" \/>\n<meta name=\"robots\" content=\"index, follow, max-snippet:-1, max-image-preview:large, max-video-preview:-1\" \/>\n<link rel=\"canonical\" href=\"https:\/\/www.organisator.ch\/de\/management\/2020-08-20\/geschaeftsklima-index-corona-krise-trifft-mem-branche-hart\/\" \/>\n<meta property=\"og:locale\" content=\"de_DE\" \/>\n<meta property=\"og:type\" content=\"article\" \/>\n<meta property=\"og:title\" content=\"Gesch\u00e4ftsklima-Index: Corona-Krise trifft MEM-Branche hart\" \/>\n<meta property=\"og:description\" content=\"Der Swissmechanic Gesch\u00e4ftsklima-Index f\u00fcr die MEM-Branche hat sich im Juli auf tiefem Niveau stabilisiert. 89 Prozent der KMU leiden unter Auftragsmangel.\" \/>\n<meta property=\"og:url\" content=\"https:\/\/www.organisator.ch\/de\/management\/2020-08-20\/geschaeftsklima-index-corona-krise-trifft-mem-branche-hart\/\" \/>\n<meta property=\"og:site_name\" content=\"Organisator\" \/>\n<meta property=\"article:publisher\" content=\"https:\/\/www.facebook.com\/OrganisatorFachmagazin\" \/>\n<meta property=\"article:published_time\" content=\"2020-08-20T12:11:02+00:00\" \/>\n<meta property=\"og:image\" content=\"https:\/\/www.organisator.ch\/wp-content\/uploads\/2020\/08\/Geschaeftsklima-Index-Die-MEM-Branche-wird-von-der-Corona-Krise-hart-getroffen_Organisator.jpg\" \/>\n\t<meta property=\"og:image:width\" content=\"680\" \/>\n\t<meta property=\"og:image:height\" content=\"443\" \/>\n\t<meta property=\"og:image:type\" content=\"image\/jpeg\" \/>\n<meta name=\"author\" content=\"thomas.berner\" \/>\n<meta name=\"twitter:card\" content=\"summary_large_image\" \/>\n<meta name=\"twitter:title\" content=\"#Gesch\u00e4ftsklima-Index: Corona-Krise trifft #MEM-Branche hart\" \/>\n<meta name=\"twitter:description\" content=\"Der #Swissmechanic #Gesch\u00e4ftsklima-Index f\u00fcr die #MEM-Branche hat sich im Juli auf tiefem Niveau stabilisiert. 89 Prozent der KMU leiden unter Auftragsmangel.\" \/>\n<meta name=\"twitter:image\" content=\"https:\/\/www.organisator.ch\/wp-content\/uploads\/2020\/08\/Geschaeftsklima-Index-Die-MEM-Branche-wird-von-der-Corona-Krise-hart-getroffen_Organisator.jpg\" \/>\n<script type=\"application\/ld+json\" class=\"yoast-schema-graph\">{\"@context\":\"https:\\\/\\\/schema.org\",\"@graph\":[{\"@type\":\"Article\",\"@id\":\"https:\\\/\\\/www.organisator.ch\\\/management\\\/2020-08-20\\\/geschaeftsklima-index-corona-krise-trifft-mem-branche-hart\\\/#article\",\"isPartOf\":{\"@id\":\"https:\\\/\\\/www.organisator.ch\\\/management\\\/2020-08-20\\\/geschaeftsklima-index-corona-krise-trifft-mem-branche-hart\\\/\"},\"author\":{\"name\":\"thomas.berner\",\"@id\":\"https:\\\/\\\/www.organisator.ch\\\/#\\\/schema\\\/person\\\/6f650f90b2842cd4c0cc334b4e36f67e\"},\"headline\":\"Gesch\u00e4ftsklima-Index: Corona-Krise trifft MEM-Branche hart\",\"datePublished\":\"2020-08-20T12:11:02+00:00\",\"mainEntityOfPage\":{\"@id\":\"https:\\\/\\\/www.organisator.ch\\\/management\\\/2020-08-20\\\/geschaeftsklima-index-corona-krise-trifft-mem-branche-hart\\\/\"},\"wordCount\":470,\"publisher\":{\"@id\":\"https:\\\/\\\/www.organisator.ch\\\/#organization\"},\"image\":{\"@id\":\"https:\\\/\\\/www.organisator.ch\\\/management\\\/2020-08-20\\\/geschaeftsklima-index-corona-krise-trifft-mem-branche-hart\\\/#primaryimage\"},\"thumbnailUrl\":\"https:\\\/\\\/www.organisator.ch\\\/wp-content\\\/uploads\\\/2020\\\/08\\\/Geschaeftsklima-Index-Die-MEM-Branche-wird-von-der-Corona-Krise-hart-getroffen_Organisator.jpg\",\"keywords\":[\"Coronavirus\",\"Management und Unternehmensf\u00fchrung\",\"Statistik\",\"Wirtschaftspolitik\"],\"articleSection\":[\"MANAGEMENT\"],\"inLanguage\":\"de\"},{\"@type\":\"WebPage\",\"@id\":\"https:\\\/\\\/www.organisator.ch\\\/management\\\/2020-08-20\\\/geschaeftsklima-index-corona-krise-trifft-mem-branche-hart\\\/\",\"url\":\"https:\\\/\\\/www.organisator.ch\\\/management\\\/2020-08-20\\\/geschaeftsklima-index-corona-krise-trifft-mem-branche-hart\\\/\",\"name\":\"Gesch\u00e4ftsklima-Index: Corona-Krise trifft MEM-Branche hart - Organisator\",\"isPartOf\":{\"@id\":\"https:\\\/\\\/www.organisator.ch\\\/#website\"},\"primaryImageOfPage\":{\"@id\":\"https:\\\/\\\/www.organisator.ch\\\/management\\\/2020-08-20\\\/geschaeftsklima-index-corona-krise-trifft-mem-branche-hart\\\/#primaryimage\"},\"image\":{\"@id\":\"https:\\\/\\\/www.organisator.ch\\\/management\\\/2020-08-20\\\/geschaeftsklima-index-corona-krise-trifft-mem-branche-hart\\\/#primaryimage\"},\"thumbnailUrl\":\"https:\\\/\\\/www.organisator.ch\\\/wp-content\\\/uploads\\\/2020\\\/08\\\/Geschaeftsklima-Index-Die-MEM-Branche-wird-von-der-Corona-Krise-hart-getroffen_Organisator.jpg\",\"datePublished\":\"2020-08-20T12:11:02+00:00\",\"description\":\"Der Swissmechanic Gesch\u00e4ftsklima-Index f\u00fcr die MEM-Branche hat sich im Juli auf tiefem Niveau stabilisiert. 89 Prozent der KMU leiden unter Auftragsmangel.\",\"breadcrumb\":{\"@id\":\"https:\\\/\\\/www.organisator.ch\\\/management\\\/2020-08-20\\\/geschaeftsklima-index-corona-krise-trifft-mem-branche-hart\\\/#breadcrumb\"},\"inLanguage\":\"de\",\"potentialAction\":[{\"@type\":\"ReadAction\",\"target\":[\"https:\\\/\\\/www.organisator.ch\\\/management\\\/2020-08-20\\\/geschaeftsklima-index-corona-krise-trifft-mem-branche-hart\\\/\"]}]},{\"@type\":\"ImageObject\",\"inLanguage\":\"de\",\"@id\":\"https:\\\/\\\/www.organisator.ch\\\/management\\\/2020-08-20\\\/geschaeftsklima-index-corona-krise-trifft-mem-branche-hart\\\/#primaryimage\",\"url\":\"https:\\\/\\\/www.organisator.ch\\\/wp-content\\\/uploads\\\/2020\\\/08\\\/Geschaeftsklima-Index-Die-MEM-Branche-wird-von-der-Corona-Krise-hart-getroffen_Organisator.jpg\",\"contentUrl\":\"https:\\\/\\\/www.organisator.ch\\\/wp-content\\\/uploads\\\/2020\\\/08\\\/Geschaeftsklima-Index-Die-MEM-Branche-wird-von-der-Corona-Krise-hart-getroffen_Organisator.jpg\",\"width\":680,\"height\":443,\"caption\":\"Tief im roten Bereich: Der Gesch\u00e4ftsklima-Index von Swissmechanic zeigt weiterhin Pessimismus in der MEM-Branche. (Grafik: Swissmechanic)\"},{\"@type\":\"BreadcrumbList\",\"@id\":\"https:\\\/\\\/www.organisator.ch\\\/management\\\/2020-08-20\\\/geschaeftsklima-index-corona-krise-trifft-mem-branche-hart\\\/#breadcrumb\",\"itemListElement\":[{\"@type\":\"ListItem\",\"position\":1,\"name\":\"Home\",\"item\":\"https:\\\/\\\/www.organisator.ch\\\/\"},{\"@type\":\"ListItem\",\"position\":2,\"name\":\"Gesch\u00e4ftsklima-Index: Corona-Krise trifft MEM-Branche hart\"}]},{\"@type\":\"WebSite\",\"@id\":\"https:\\\/\\\/www.organisator.ch\\\/#website\",\"url\":\"https:\\\/\\\/www.organisator.ch\\\/\",\"name\":\"Organisator\",\"description\":\"Kompetent. Praxisnah. Der ORGANISATOR bereitet in 10 Ausgaben pro Jahr die wesentlichen Themen f\u00fcr F\u00fchrungskr\u00e4fte von KMU auf.\",\"publisher\":{\"@id\":\"https:\\\/\\\/www.organisator.ch\\\/#organization\"},\"potentialAction\":[{\"@type\":\"SearchAction\",\"target\":{\"@type\":\"EntryPoint\",\"urlTemplate\":\"https:\\\/\\\/www.organisator.ch\\\/?s={search_term_string}\"},\"query-input\":{\"@type\":\"PropertyValueSpecification\",\"valueRequired\":true,\"valueName\":\"search_term_string\"}}],\"inLanguage\":\"de\"},{\"@type\":\"Organization\",\"@id\":\"https:\\\/\\\/www.organisator.ch\\\/#organization\",\"name\":\"Organisator\",\"url\":\"https:\\\/\\\/www.organisator.ch\\\/\",\"logo\":{\"@type\":\"ImageObject\",\"inLanguage\":\"de\",\"@id\":\"https:\\\/\\\/www.organisator.ch\\\/#\\\/schema\\\/logo\\\/image\\\/\",\"url\":\"https:\\\/\\\/www.organisator.ch\\\/wp-content\\\/uploads\\\/2022\\\/01\\\/Logo_Organisator_Website.png\",\"contentUrl\":\"https:\\\/\\\/www.organisator.ch\\\/wp-content\\\/uploads\\\/2022\\\/01\\\/Logo_Organisator_Website.png\",\"width\":800,\"height\":77,\"caption\":\"Organisator\"},\"image\":{\"@id\":\"https:\\\/\\\/www.organisator.ch\\\/#\\\/schema\\\/logo\\\/image\\\/\"},\"sameAs\":[\"https:\\\/\\\/www.facebook.com\\\/OrganisatorFachmagazin\",\"https:\\\/\\\/www.linkedin.com\\\/showcase\\\/organisator-das-magazin-fr-kmu\",\"https:\\\/\\\/www.xing.com\\\/news\\\/pages\\\/organisator-ch-695\",\"https:\\\/\\\/www.youtube.com\\\/channel\\\/UCGP2Sq0iWaZwT3BdIAQFYpw\"]},{\"@type\":\"Person\",\"@id\":\"https:\\\/\\\/www.organisator.ch\\\/#\\\/schema\\\/person\\\/6f650f90b2842cd4c0cc334b4e36f67e\",\"name\":\"thomas.berner\",\"image\":{\"@type\":\"ImageObject\",\"inLanguage\":\"de\",\"@id\":\"https:\\\/\\\/secure.gravatar.com\\\/avatar\\\/ac5001d2a36cb6c6cd3e50789007ffca834b477b74a2144564522e944eabff61?s=96&d=mm&r=g\",\"url\":\"https:\\\/\\\/secure.gravatar.com\\\/avatar\\\/ac5001d2a36cb6c6cd3e50789007ffca834b477b74a2144564522e944eabff61?s=96&d=mm&r=g\",\"contentUrl\":\"https:\\\/\\\/secure.gravatar.com\\\/avatar\\\/ac5001d2a36cb6c6cd3e50789007ffca834b477b74a2144564522e944eabff61?s=96&d=mm&r=g\",\"caption\":\"thomas.berner\"},\"url\":\"https:\\\/\\\/www.organisator.ch\\\/de\\\/author\\\/thomas-berner\\\/\"}]}<\/script>\n<!-- \/ Yoast SEO plugin. -->","yoast_head_json":{"title":"Gesch\u00e4ftsklima-Index: Corona-Krise trifft MEM-Branche hart - Organisator","description":"Der Swissmechanic Gesch\u00e4ftsklima-Index f\u00fcr die MEM-Branche hat sich im Juli auf tiefem Niveau stabilisiert. 89 Prozent der KMU leiden unter Auftragsmangel.","robots":{"index":"index","follow":"follow","max-snippet":"max-snippet:-1","max-image-preview":"max-image-preview:large","max-video-preview":"max-video-preview:-1"},"canonical":"https:\/\/www.organisator.ch\/de\/management\/2020-08-20\/geschaeftsklima-index-corona-krise-trifft-mem-branche-hart\/","og_locale":"de_DE","og_type":"article","og_title":"Gesch\u00e4ftsklima-Index: Corona-Krise trifft MEM-Branche hart","og_description":"Der Swissmechanic Gesch\u00e4ftsklima-Index f\u00fcr die MEM-Branche hat sich im Juli auf tiefem Niveau stabilisiert. 89 Prozent der KMU leiden unter Auftragsmangel.","og_url":"https:\/\/www.organisator.ch\/de\/management\/2020-08-20\/geschaeftsklima-index-corona-krise-trifft-mem-branche-hart\/","og_site_name":"Organisator","article_publisher":"https:\/\/www.facebook.com\/OrganisatorFachmagazin","article_published_time":"2020-08-20T12:11:02+00:00","og_image":[{"width":680,"height":443,"url":"https:\/\/www.organisator.ch\/wp-content\/uploads\/2020\/08\/Geschaeftsklima-Index-Die-MEM-Branche-wird-von-der-Corona-Krise-hart-getroffen_Organisator.jpg","type":"image\/jpeg"}],"author":"thomas.berner","twitter_card":"summary_large_image","twitter_title":"#Gesch\u00e4ftsklima-Index: Corona-Krise trifft #MEM-Branche hart","twitter_description":"Der #Swissmechanic #Gesch\u00e4ftsklima-Index f\u00fcr die #MEM-Branche hat sich im Juli auf tiefem Niveau stabilisiert. 89 Prozent der KMU leiden unter Auftragsmangel.","twitter_image":"https:\/\/www.organisator.ch\/wp-content\/uploads\/2020\/08\/Geschaeftsklima-Index-Die-MEM-Branche-wird-von-der-Corona-Krise-hart-getroffen_Organisator.jpg","schema":{"@context":"https:\/\/schema.org","@graph":[{"@type":"Article","@id":"https:\/\/www.organisator.ch\/management\/2020-08-20\/geschaeftsklima-index-corona-krise-trifft-mem-branche-hart\/#article","isPartOf":{"@id":"https:\/\/www.organisator.ch\/management\/2020-08-20\/geschaeftsklima-index-corona-krise-trifft-mem-branche-hart\/"},"author":{"name":"thomas.berner","@id":"https:\/\/www.organisator.ch\/#\/schema\/person\/6f650f90b2842cd4c0cc334b4e36f67e"},"headline":"Gesch\u00e4ftsklima-Index: Corona-Krise trifft MEM-Branche hart","datePublished":"2020-08-20T12:11:02+00:00","mainEntityOfPage":{"@id":"https:\/\/www.organisator.ch\/management\/2020-08-20\/geschaeftsklima-index-corona-krise-trifft-mem-branche-hart\/"},"wordCount":470,"publisher":{"@id":"https:\/\/www.organisator.ch\/#organization"},"image":{"@id":"https:\/\/www.organisator.ch\/management\/2020-08-20\/geschaeftsklima-index-corona-krise-trifft-mem-branche-hart\/#primaryimage"},"thumbnailUrl":"https:\/\/www.organisator.ch\/wp-content\/uploads\/2020\/08\/Geschaeftsklima-Index-Die-MEM-Branche-wird-von-der-Corona-Krise-hart-getroffen_Organisator.jpg","keywords":["Coronavirus","Management und Unternehmensf\u00fchrung","Statistik","Wirtschaftspolitik"],"articleSection":["MANAGEMENT"],"inLanguage":"de"},{"@type":"WebPage","@id":"https:\/\/www.organisator.ch\/management\/2020-08-20\/geschaeftsklima-index-corona-krise-trifft-mem-branche-hart\/","url":"https:\/\/www.organisator.ch\/management\/2020-08-20\/geschaeftsklima-index-corona-krise-trifft-mem-branche-hart\/","name":"Gesch\u00e4ftsklima-Index: Corona-Krise trifft MEM-Branche hart - Organisator","isPartOf":{"@id":"https:\/\/www.organisator.ch\/#website"},"primaryImageOfPage":{"@id":"https:\/\/www.organisator.ch\/management\/2020-08-20\/geschaeftsklima-index-corona-krise-trifft-mem-branche-hart\/#primaryimage"},"image":{"@id":"https:\/\/www.organisator.ch\/management\/2020-08-20\/geschaeftsklima-index-corona-krise-trifft-mem-branche-hart\/#primaryimage"},"thumbnailUrl":"https:\/\/www.organisator.ch\/wp-content\/uploads\/2020\/08\/Geschaeftsklima-Index-Die-MEM-Branche-wird-von-der-Corona-Krise-hart-getroffen_Organisator.jpg","datePublished":"2020-08-20T12:11:02+00:00","description":"Der Swissmechanic Gesch\u00e4ftsklima-Index f\u00fcr die MEM-Branche hat sich im Juli auf tiefem Niveau stabilisiert. 89 Prozent der KMU leiden unter Auftragsmangel.","breadcrumb":{"@id":"https:\/\/www.organisator.ch\/management\/2020-08-20\/geschaeftsklima-index-corona-krise-trifft-mem-branche-hart\/#breadcrumb"},"inLanguage":"de","potentialAction":[{"@type":"ReadAction","target":["https:\/\/www.organisator.ch\/management\/2020-08-20\/geschaeftsklima-index-corona-krise-trifft-mem-branche-hart\/"]}]},{"@type":"ImageObject","inLanguage":"de","@id":"https:\/\/www.organisator.ch\/management\/2020-08-20\/geschaeftsklima-index-corona-krise-trifft-mem-branche-hart\/#primaryimage","url":"https:\/\/www.organisator.ch\/wp-content\/uploads\/2020\/08\/Geschaeftsklima-Index-Die-MEM-Branche-wird-von-der-Corona-Krise-hart-getroffen_Organisator.jpg","contentUrl":"https:\/\/www.organisator.ch\/wp-content\/uploads\/2020\/08\/Geschaeftsklima-Index-Die-MEM-Branche-wird-von-der-Corona-Krise-hart-getroffen_Organisator.jpg","width":680,"height":443,"caption":"Tief im roten Bereich: Der Gesch\u00e4ftsklima-Index von Swissmechanic zeigt weiterhin Pessimismus in der MEM-Branche. (Grafik: Swissmechanic)"},{"@type":"BreadcrumbList","@id":"https:\/\/www.organisator.ch\/management\/2020-08-20\/geschaeftsklima-index-corona-krise-trifft-mem-branche-hart\/#breadcrumb","itemListElement":[{"@type":"ListItem","position":1,"name":"Home","item":"https:\/\/www.organisator.ch\/"},{"@type":"ListItem","position":2,"name":"Gesch\u00e4ftsklima-Index: Corona-Krise trifft MEM-Branche hart"}]},{"@type":"WebSite","@id":"https:\/\/www.organisator.ch\/#website","url":"https:\/\/www.organisator.ch\/","name":"Organisator","description":"Kompetent. Praxisnah. Der ORGANISATOR bereitet in 10 Ausgaben pro Jahr die wesentlichen Themen f\u00fcr F\u00fchrungskr\u00e4fte von KMU auf.","publisher":{"@id":"https:\/\/www.organisator.ch\/#organization"},"potentialAction":[{"@type":"SearchAction","target":{"@type":"EntryPoint","urlTemplate":"https:\/\/www.organisator.ch\/?s={search_term_string}"},"query-input":{"@type":"PropertyValueSpecification","valueRequired":true,"valueName":"search_term_string"}}],"inLanguage":"de"},{"@type":"Organization","@id":"https:\/\/www.organisator.ch\/#organization","name":"Organisator","url":"https:\/\/www.organisator.ch\/","logo":{"@type":"ImageObject","inLanguage":"de","@id":"https:\/\/www.organisator.ch\/#\/schema\/logo\/image\/","url":"https:\/\/www.organisator.ch\/wp-content\/uploads\/2022\/01\/Logo_Organisator_Website.png","contentUrl":"https:\/\/www.organisator.ch\/wp-content\/uploads\/2022\/01\/Logo_Organisator_Website.png","width":800,"height":77,"caption":"Organisator"},"image":{"@id":"https:\/\/www.organisator.ch\/#\/schema\/logo\/image\/"},"sameAs":["https:\/\/www.facebook.com\/OrganisatorFachmagazin","https:\/\/www.linkedin.com\/showcase\/organisator-das-magazin-fr-kmu","https:\/\/www.xing.com\/news\/pages\/organisator-ch-695","https:\/\/www.youtube.com\/channel\/UCGP2Sq0iWaZwT3BdIAQFYpw"]},{"@type":"Person","@id":"https:\/\/www.organisator.ch\/#\/schema\/person\/6f650f90b2842cd4c0cc334b4e36f67e","name":"thomas.berner","image":{"@type":"ImageObject","inLanguage":"de","@id":"https:\/\/secure.gravatar.com\/avatar\/ac5001d2a36cb6c6cd3e50789007ffca834b477b74a2144564522e944eabff61?s=96&d=mm&r=g","url":"https:\/\/secure.gravatar.com\/avatar\/ac5001d2a36cb6c6cd3e50789007ffca834b477b74a2144564522e944eabff61?s=96&d=mm&r=g","contentUrl":"https:\/\/secure.gravatar.com\/avatar\/ac5001d2a36cb6c6cd3e50789007ffca834b477b74a2144564522e944eabff61?s=96&d=mm&r=g","caption":"thomas.berner"},"url":"https:\/\/www.organisator.ch\/de\/author\/thomas-berner\/"}]}},"_links":{"self":[{"href":"https:\/\/www.organisator.ch\/de\/wp-json\/wp\/v2\/posts\/7032","targetHints":{"allow":["GET"]}}],"collection":[{"href":"https:\/\/www.organisator.ch\/de\/wp-json\/wp\/v2\/posts"}],"about":[{"href":"https:\/\/www.organisator.ch\/de\/wp-json\/wp\/v2\/types\/post"}],"author":[{"embeddable":true,"href":"https:\/\/www.organisator.ch\/de\/wp-json\/wp\/v2\/users\/4"}],"replies":[{"embeddable":true,"href":"https:\/\/www.organisator.ch\/de\/wp-json\/wp\/v2\/comments?post=7032"}],"version-history":[{"count":0,"href":"https:\/\/www.organisator.ch\/de\/wp-json\/wp\/v2\/posts\/7032\/revisions"}],"wp:featuredmedia":[{"embeddable":true,"href":"https:\/\/www.organisator.ch\/de\/wp-json\/wp\/v2\/media\/7033"}],"wp:attachment":[{"href":"https:\/\/www.organisator.ch\/de\/wp-json\/wp\/v2\/media?parent=7032"}],"wp:term":[{"taxonomy":"category","embeddable":true,"href":"https:\/\/www.organisator.ch\/de\/wp-json\/wp\/v2\/categories?post=7032"},{"taxonomy":"post_tag","embeddable":true,"href":"https:\/\/www.organisator.ch\/de\/wp-json\/wp\/v2\/tags?post=7032"}],"curies":[{"name":"wp","href":"https:\/\/api.w.org\/{rel}","templated":true}]}}