{"id":7035,"date":"2020-08-20T14:27:51","date_gmt":"2020-08-20T12:27:51","guid":{"rendered":"https:\/\/www.organisator.ch\/?p=7035"},"modified":"2020-08-20T14:27:51","modified_gmt":"2020-08-20T12:27:51","slug":"fuehrungswechsel-bei-der-schibli-gruppe-von-jan-schibli-zu-stefan-witzig","status":"publish","type":"post","link":"https:\/\/www.organisator.ch\/de\/management\/2020-08-20\/fuehrungswechsel-bei-der-schibli-gruppe-von-jan-schibli-zu-stefan-witzig\/","title":{"rendered":"F\u00fchrungswechsel bei der Schibli-Gruppe: Von Jan Schibli zu Stefan Witzig"},"content":{"rendered":"<figure id=\"attachment_7036\" aria-describedby=\"caption-attachment-7036\" style=\"width: 680px\" class=\"wp-caption alignnone\"><img loading=\"lazy\" decoding=\"async\" class=\"size-medium wp-image-7036\" src=\"https:\/\/www.organisator.ch\/wp-content\/uploads\/2020\/08\/Fuehrungswechsel-bei-der-Schibli-Gruppe-Von-Jan-Schibli-zu-Stefan-Witzig_Organisator.jpg\" alt=\"\" width=\"680\" height=\"497\" srcset=\"https:\/\/www.organisator.ch\/wp-content\/uploads\/2020\/08\/Fuehrungswechsel-bei-der-Schibli-Gruppe-Von-Jan-Schibli-zu-Stefan-Witzig_Organisator.jpg 680w, https:\/\/www.organisator.ch\/wp-content\/uploads\/2020\/08\/Fuehrungswechsel-bei-der-Schibli-Gruppe-Von-Jan-Schibli-zu-Stefan-Witzig_Organisator-16x12.jpg 16w, https:\/\/www.organisator.ch\/wp-content\/uploads\/2020\/08\/Fuehrungswechsel-bei-der-Schibli-Gruppe-Von-Jan-Schibli-zu-Stefan-Witzig_Organisator-239x175.jpg 239w, https:\/\/www.organisator.ch\/wp-content\/uploads\/2020\/08\/Fuehrungswechsel-bei-der-Schibli-Gruppe-Von-Jan-Schibli-zu-Stefan-Witzig_Organisator-479x350.jpg 479w, https:\/\/www.organisator.ch\/wp-content\/uploads\/2020\/08\/Fuehrungswechsel-bei-der-Schibli-Gruppe-Von-Jan-Schibli-zu-Stefan-Witzig_Organisator-300x219.jpg 300w\" sizes=\"auto, (max-width: 680px) 100vw, 680px\" \/><figcaption id=\"caption-attachment-7036\" class=\"wp-caption-text\">Jan Schibli (links) \u00fcbergibt die operative Verantwortung f\u00fcr die Schibli-Gruppe an Stefan Witzig. (Bild: zVg)<\/figcaption><\/figure>\n<p>Jan Schibli hat im Verlaufe des Jahres 2003 als Vertreter der dritten Generation von seinem Vater Hans J\u00f6rg Schibli die Gesch\u00e4ftsleitung der Hans K. Schibli AG \u00fcbernommen und f\u00fchrt seit Anfang 2004 das Unternehmen als CEO der Gruppengesch\u00e4ftsleitung. Seit 2011 ist er Alleininhaber des traditionsreichen Z\u00fcrcher Unternehmens, das 1937 von seinem Grossonkel Hans K. Schibli gegr\u00fcndet wurde. In dieser Zeit entwickelte er das Unternehmen vom reinen elektrischen Installateur hin zum Komplettanbieter in der Elektrotechnik mit einer nachhaltigen und finanziell gesunden Ertragslage. Die Schibli-Gruppe vereint heute Unternehmen aus den Bereichen Elektrotechnik, Geb\u00e4udetechnik, Informatik\/Kommunikation, Automatik und erneuerbare Energien unter einem Dach und besch\u00e4ftigt an 16 Standorten in der Schweiz und Deutschland rund 550 Mitarbeitende, davon rund 100 Lernende.<\/p>\n<h2>Transformation zum marktgetriebenen Unternehmen<\/h2>\n<p>Jan Schibli sagt zu seinem Entscheid: \u00abIn den vergangenen Jahren ist es uns gelungen, das Familienunternehmen Schibli zu einer umfassenden Gruppe und einem marktgetriebenen Unternehmen mit einer agilen Unternehmensf\u00fchrung und einem grossartigen Gemeinschaftsgef\u00fchl weiterzuentwickeln. Dazu brauchte und braucht es weiterhin ein tiefgreifendes Umdenken, ein Verlassen der herk\u00f6mmlichen Hierarchie, ein Delegieren von Kompetenz und Verantwortung auf allen Stufen. Heute ist die Schibli-Gruppe bereit, den n\u00e4chsten Schritt zu tun, hin zu einer modernen Unternehmensstruktur mit vermehrt auf K\u00f6nnerschaft basierenden Kompetenzteams. Es geht darum, die Besten am besten Ort zu platzieren. Das gilt auch f\u00fcr mich, und deshalb ist im Zuge unserer laufenden Transformation jetzt der richtige Zeitpunkt gekommen, auch f\u00fcr mich eine neue Rolle einzunehmen.\u00bb<\/p>\n<h2>Repr\u00e4sentant der Schibli-Gruppe nach aussen<\/h2>\n<p>Jan Schibli wird seine Verantwortung per 1. September an seinen bisherigen stellvertretenden Gesch\u00e4ftsleiter Stefan Witzig \u00fcbergeben und sich als Repr\u00e4sentant der dritten Unternehmergeneration der Gr\u00fcnderfamilie k\u00fcnftig mit strategischen Fragen und mit der Wahrnehmung seiner Eigent\u00fcmerinteressen in der Funktion als Delegierter des Verwaltungsrates konzentrieren. Er bleibt weiterhin operativ verantwortlich f\u00fcr die Gruppenunternehmen Immobilen AG Rotula und der Schibli Elektrotechnik GmbH in Dresden (D) sowie als Sozialversicherungsbetreuer f\u00fcr das Vorsorgesystem der Schibli-Gruppe. In seiner neuen Rolle wird er hingegen noch vermehrt die Repr\u00e4sentation der Schibli-Gruppe nach aussen an Netzwerkanl\u00e4ssen und Veranstaltungen wahrnehmen und mit seinem bestehenden, umfangreichen Beziehungsnetz beim Marktauftritt und den Aktivit\u00e4ten der Gruppe mitwirken.<\/p>\n<h2>Stefan Witzig folgt auf Jan Schibli<\/h2>\n<p>\u00abAls engagierte und respektierte F\u00fchrungspers\u00f6nlichkeit mit einem eindr\u00fccklichen Leistungsausweis seit mehr als 12 Jahren als Mitglied der Gesch\u00e4ftsleitung der Schibli-Gruppe, sowie als mein bisheriger Stellvertreter, verf\u00fcgt Stefan Witzig \u00fcber ideale Voraussetzungen, um die Gesch\u00e4ftsleitung der Schibli-Gruppe zu f\u00fchren\u00bb, so Inhaber Jan Schibli. \u00abEr hat in den vergangenen Jahren massgeblich zum heutigen Auftritt der Schibli-Gruppe beigetragen und kennt die Werte und Kulturen der Gruppe und lebt diese vor. Und wir sch\u00e4tzen uns gl\u00fccklich, dass wir mit ihm eine unternehmensinterne Nachfolge als Group CEO gewinnen konnten und sind \u00fcberzeugt, dass es ihm gelingen wird, zusammen mit einem engagierten Management-Team die anstehenden Herausforderungen unserer Kunden sowie unseres Unternehmens zu meistern und die Schibli-Gruppe erfolgreich in die Zukunft zu f\u00fchren.\u00bb<\/p>\n<h2>Weiterf\u00fchrung der Transformation mit Kompetenzteams<\/h2>\n<p>Stefan Witzig ist 2008 in die Schibli-Gruppe und die Gesch\u00e4ftsleitung eingetreten und hat seither massgeblich am Aufbau der damals neu gestarteten Kompetenz der Informatik mitgewirkt. Das daraus entstandene Gruppen-Unternehmen Entec AG ist heute mit 45 Mitarbeitenden eine im ICT-Markt bekannte Gr\u00f6sse und spezialisiert auf Infrastruktur-, Cloud- und Storage-L\u00f6sungen. In seiner heutigen Aufgabe ist Stefan Witzig verantwortlich f\u00fcr die Fachbereiche Geb\u00e4udetechnik und Informatik\/Kommunikation sowie die Organisation, das Marketing und die Beratungsabteilung der Gruppe. Seit 2014 kennt er zudem als Stellvertreter von Jan Schibli die Rolle und Aufgabe der Gruppen-Gesch\u00e4ftsleitung. Die Ernennung zum Group CEO ist im Zuge der laufenden Transformation und neuen Rollenverteilung auch deshalb ein logischer Schritt.<\/p>\n<p><em>Quelle: <a href=\"http:\/\/www.schibli.com\">Schibli Holding AG<\/a><\/em><\/p>\n","protected":false},"excerpt":{"rendered":"<p>Jan Schibli hat im Verlaufe des Jahres 2003 als Vertreter der dritten Generation von seinem Vater Hans J\u00f6rg Schibli die Gesch\u00e4ftsleitung der Hans K. Schibli AG \u00fcbernommen und f\u00fchrt seit Anfang 2004 das Unternehmen als CEO der Gruppengesch\u00e4ftsleitung. Seit 2011 ist er Alleininhaber des traditionsreichen Z\u00fcrcher Unternehmens, das 1937 von seinem Grossonkel Hans K. Schibli [&hellip;]<\/p>\n","protected":false},"author":4,"featured_media":7036,"comment_status":"closed","ping_status":"closed","sticky":false,"template":"","format":"standard","meta":{"_acf_changed":false,"_yoast_wpseo_focuskw":"Jan Schibli","_yoast_wpseo_metadesc":"Jan Schibli, Inhaber und CEO der Schibli-Gruppe, hat sich entschieden, die operative Verantwortung f\u00fcr die Schibli-Gruppe abzugeben.","articlekey":"","footnotes":""},"categories":[28],"tags":[335,381,492],"class_list":["post-7035","post","type-post","status-publish","format-standard","has-post-thumbnail","hentry","category-management","tag-management-und-unternehmensfuehrung","tag-personalia","tag-unternehmen"],"acf":[],"yoast_head":"<!-- This site is optimized with the Yoast SEO plugin v27.4 - https:\/\/yoast.com\/product\/yoast-seo-wordpress\/ -->\n<title>F\u00fchrungswechsel bei der Schibli-Gruppe: Von Jan Schibli zu Stefan Witzig - Organisator<\/title>\n<meta name=\"description\" content=\"Jan Schibli, Inhaber und CEO der Schibli-Gruppe, hat sich entschieden, die operative Verantwortung f\u00fcr die Schibli-Gruppe abzugeben.\" \/>\n<meta name=\"robots\" content=\"index, follow, max-snippet:-1, max-image-preview:large, max-video-preview:-1\" \/>\n<link rel=\"canonical\" href=\"https:\/\/www.organisator.ch\/de\/management\/2020-08-20\/fuehrungswechsel-bei-der-schibli-gruppe-von-jan-schibli-zu-stefan-witzig\/\" \/>\n<meta property=\"og:locale\" content=\"de_DE\" \/>\n<meta property=\"og:type\" content=\"article\" \/>\n<meta property=\"og:title\" content=\"F\u00fchrungswechsel bei der Schibli-Gruppe: Von Jan Schibli zu Stefan Witzig\" \/>\n<meta property=\"og:description\" content=\"Jan Schibli, Inhaber und CEO der Schibli-Gruppe, hat sich entschieden, die operative Verantwortung f\u00fcr die Schibli-Gruppe abzugeben.\" \/>\n<meta property=\"og:url\" content=\"https:\/\/www.organisator.ch\/de\/management\/2020-08-20\/fuehrungswechsel-bei-der-schibli-gruppe-von-jan-schibli-zu-stefan-witzig\/\" \/>\n<meta property=\"og:site_name\" content=\"Organisator\" \/>\n<meta property=\"article:publisher\" content=\"https:\/\/www.facebook.com\/OrganisatorFachmagazin\" \/>\n<meta property=\"article:published_time\" content=\"2020-08-20T12:27:51+00:00\" \/>\n<meta property=\"og:image\" content=\"https:\/\/www.organisator.ch\/wp-content\/uploads\/2020\/08\/Fuehrungswechsel-bei-der-Schibli-Gruppe-Von-Jan-Schibli-zu-Stefan-Witzig_Organisator.jpg\" \/>\n\t<meta property=\"og:image:width\" content=\"680\" \/>\n\t<meta property=\"og:image:height\" content=\"497\" \/>\n\t<meta property=\"og:image:type\" content=\"image\/jpeg\" \/>\n<meta name=\"author\" content=\"thomas.berner\" \/>\n<meta name=\"twitter:card\" content=\"summary_large_image\" \/>\n<meta name=\"twitter:title\" content=\"F\u00fchrungswechsel bei der #Schibli-Gruppe: Von Jan Schibli zu Stefan Witzig\" \/>\n<meta name=\"twitter:description\" content=\"Jan Schibli, Inhaber und CEO der #Schibli-Gruppe, hat sich entschieden, die operative Verantwortung f\u00fcr die Schibli-Gruppe abzugeben.\" \/>\n<meta name=\"twitter:image\" content=\"https:\/\/www.organisator.ch\/wp-content\/uploads\/2020\/08\/Fuehrungswechsel-bei-der-Schibli-Gruppe-Von-Jan-Schibli-zu-Stefan-Witzig_Organisator.jpg\" \/>\n<script type=\"application\/ld+json\" class=\"yoast-schema-graph\">{\"@context\":\"https:\\\/\\\/schema.org\",\"@graph\":[{\"@type\":\"Article\",\"@id\":\"https:\\\/\\\/www.organisator.ch\\\/management\\\/2020-08-20\\\/fuehrungswechsel-bei-der-schibli-gruppe-von-jan-schibli-zu-stefan-witzig\\\/#article\",\"isPartOf\":{\"@id\":\"https:\\\/\\\/www.organisator.ch\\\/management\\\/2020-08-20\\\/fuehrungswechsel-bei-der-schibli-gruppe-von-jan-schibli-zu-stefan-witzig\\\/\"},\"author\":{\"name\":\"thomas.berner\",\"@id\":\"https:\\\/\\\/www.organisator.ch\\\/#\\\/schema\\\/person\\\/6f650f90b2842cd4c0cc334b4e36f67e\"},\"headline\":\"F\u00fchrungswechsel bei der Schibli-Gruppe: Von Jan Schibli zu Stefan Witzig\",\"datePublished\":\"2020-08-20T12:27:51+00:00\",\"mainEntityOfPage\":{\"@id\":\"https:\\\/\\\/www.organisator.ch\\\/management\\\/2020-08-20\\\/fuehrungswechsel-bei-der-schibli-gruppe-von-jan-schibli-zu-stefan-witzig\\\/\"},\"wordCount\":647,\"publisher\":{\"@id\":\"https:\\\/\\\/www.organisator.ch\\\/#organization\"},\"image\":{\"@id\":\"https:\\\/\\\/www.organisator.ch\\\/management\\\/2020-08-20\\\/fuehrungswechsel-bei-der-schibli-gruppe-von-jan-schibli-zu-stefan-witzig\\\/#primaryimage\"},\"thumbnailUrl\":\"https:\\\/\\\/www.organisator.ch\\\/wp-content\\\/uploads\\\/2020\\\/08\\\/Fuehrungswechsel-bei-der-Schibli-Gruppe-Von-Jan-Schibli-zu-Stefan-Witzig_Organisator.jpg\",\"keywords\":[\"Management und Unternehmensf\u00fchrung\",\"Personalia\",\"Unternehmen\"],\"articleSection\":[\"MANAGEMENT\"],\"inLanguage\":\"de\"},{\"@type\":\"WebPage\",\"@id\":\"https:\\\/\\\/www.organisator.ch\\\/management\\\/2020-08-20\\\/fuehrungswechsel-bei-der-schibli-gruppe-von-jan-schibli-zu-stefan-witzig\\\/\",\"url\":\"https:\\\/\\\/www.organisator.ch\\\/management\\\/2020-08-20\\\/fuehrungswechsel-bei-der-schibli-gruppe-von-jan-schibli-zu-stefan-witzig\\\/\",\"name\":\"F\u00fchrungswechsel bei der Schibli-Gruppe: Von Jan Schibli zu Stefan Witzig - Organisator\",\"isPartOf\":{\"@id\":\"https:\\\/\\\/www.organisator.ch\\\/#website\"},\"primaryImageOfPage\":{\"@id\":\"https:\\\/\\\/www.organisator.ch\\\/management\\\/2020-08-20\\\/fuehrungswechsel-bei-der-schibli-gruppe-von-jan-schibli-zu-stefan-witzig\\\/#primaryimage\"},\"image\":{\"@id\":\"https:\\\/\\\/www.organisator.ch\\\/management\\\/2020-08-20\\\/fuehrungswechsel-bei-der-schibli-gruppe-von-jan-schibli-zu-stefan-witzig\\\/#primaryimage\"},\"thumbnailUrl\":\"https:\\\/\\\/www.organisator.ch\\\/wp-content\\\/uploads\\\/2020\\\/08\\\/Fuehrungswechsel-bei-der-Schibli-Gruppe-Von-Jan-Schibli-zu-Stefan-Witzig_Organisator.jpg\",\"datePublished\":\"2020-08-20T12:27:51+00:00\",\"description\":\"Jan Schibli, Inhaber und CEO der Schibli-Gruppe, hat sich entschieden, die operative Verantwortung f\u00fcr die Schibli-Gruppe abzugeben.\",\"breadcrumb\":{\"@id\":\"https:\\\/\\\/www.organisator.ch\\\/management\\\/2020-08-20\\\/fuehrungswechsel-bei-der-schibli-gruppe-von-jan-schibli-zu-stefan-witzig\\\/#breadcrumb\"},\"inLanguage\":\"de\",\"potentialAction\":[{\"@type\":\"ReadAction\",\"target\":[\"https:\\\/\\\/www.organisator.ch\\\/management\\\/2020-08-20\\\/fuehrungswechsel-bei-der-schibli-gruppe-von-jan-schibli-zu-stefan-witzig\\\/\"]}]},{\"@type\":\"ImageObject\",\"inLanguage\":\"de\",\"@id\":\"https:\\\/\\\/www.organisator.ch\\\/management\\\/2020-08-20\\\/fuehrungswechsel-bei-der-schibli-gruppe-von-jan-schibli-zu-stefan-witzig\\\/#primaryimage\",\"url\":\"https:\\\/\\\/www.organisator.ch\\\/wp-content\\\/uploads\\\/2020\\\/08\\\/Fuehrungswechsel-bei-der-Schibli-Gruppe-Von-Jan-Schibli-zu-Stefan-Witzig_Organisator.jpg\",\"contentUrl\":\"https:\\\/\\\/www.organisator.ch\\\/wp-content\\\/uploads\\\/2020\\\/08\\\/Fuehrungswechsel-bei-der-Schibli-Gruppe-Von-Jan-Schibli-zu-Stefan-Witzig_Organisator.jpg\",\"width\":680,\"height\":497,\"caption\":\"Jan Schibli (links) \u00fcbergibt die operative Verantwortung f\u00fcr die Schibli-Gruppe an Stefan Witzig. (Bild: zVg)\"},{\"@type\":\"BreadcrumbList\",\"@id\":\"https:\\\/\\\/www.organisator.ch\\\/management\\\/2020-08-20\\\/fuehrungswechsel-bei-der-schibli-gruppe-von-jan-schibli-zu-stefan-witzig\\\/#breadcrumb\",\"itemListElement\":[{\"@type\":\"ListItem\",\"position\":1,\"name\":\"Home\",\"item\":\"https:\\\/\\\/www.organisator.ch\\\/\"},{\"@type\":\"ListItem\",\"position\":2,\"name\":\"F\u00fchrungswechsel bei der Schibli-Gruppe: Von Jan Schibli zu Stefan Witzig\"}]},{\"@type\":\"WebSite\",\"@id\":\"https:\\\/\\\/www.organisator.ch\\\/#website\",\"url\":\"https:\\\/\\\/www.organisator.ch\\\/\",\"name\":\"Organisator\",\"description\":\"Kompetent. Praxisnah. Der ORGANISATOR bereitet in 10 Ausgaben pro Jahr die wesentlichen Themen f\u00fcr F\u00fchrungskr\u00e4fte von KMU auf.\",\"publisher\":{\"@id\":\"https:\\\/\\\/www.organisator.ch\\\/#organization\"},\"potentialAction\":[{\"@type\":\"SearchAction\",\"target\":{\"@type\":\"EntryPoint\",\"urlTemplate\":\"https:\\\/\\\/www.organisator.ch\\\/?s={search_term_string}\"},\"query-input\":{\"@type\":\"PropertyValueSpecification\",\"valueRequired\":true,\"valueName\":\"search_term_string\"}}],\"inLanguage\":\"de\"},{\"@type\":\"Organization\",\"@id\":\"https:\\\/\\\/www.organisator.ch\\\/#organization\",\"name\":\"Organisator\",\"url\":\"https:\\\/\\\/www.organisator.ch\\\/\",\"logo\":{\"@type\":\"ImageObject\",\"inLanguage\":\"de\",\"@id\":\"https:\\\/\\\/www.organisator.ch\\\/#\\\/schema\\\/logo\\\/image\\\/\",\"url\":\"https:\\\/\\\/www.organisator.ch\\\/wp-content\\\/uploads\\\/2022\\\/01\\\/Logo_Organisator_Website.png\",\"contentUrl\":\"https:\\\/\\\/www.organisator.ch\\\/wp-content\\\/uploads\\\/2022\\\/01\\\/Logo_Organisator_Website.png\",\"width\":800,\"height\":77,\"caption\":\"Organisator\"},\"image\":{\"@id\":\"https:\\\/\\\/www.organisator.ch\\\/#\\\/schema\\\/logo\\\/image\\\/\"},\"sameAs\":[\"https:\\\/\\\/www.facebook.com\\\/OrganisatorFachmagazin\",\"https:\\\/\\\/www.linkedin.com\\\/showcase\\\/organisator-das-magazin-fr-kmu\",\"https:\\\/\\\/www.xing.com\\\/news\\\/pages\\\/organisator-ch-695\",\"https:\\\/\\\/www.youtube.com\\\/channel\\\/UCGP2Sq0iWaZwT3BdIAQFYpw\"]},{\"@type\":\"Person\",\"@id\":\"https:\\\/\\\/www.organisator.ch\\\/#\\\/schema\\\/person\\\/6f650f90b2842cd4c0cc334b4e36f67e\",\"name\":\"thomas.berner\",\"image\":{\"@type\":\"ImageObject\",\"inLanguage\":\"de\",\"@id\":\"https:\\\/\\\/secure.gravatar.com\\\/avatar\\\/ac5001d2a36cb6c6cd3e50789007ffca834b477b74a2144564522e944eabff61?s=96&d=mm&r=g\",\"url\":\"https:\\\/\\\/secure.gravatar.com\\\/avatar\\\/ac5001d2a36cb6c6cd3e50789007ffca834b477b74a2144564522e944eabff61?s=96&d=mm&r=g\",\"contentUrl\":\"https:\\\/\\\/secure.gravatar.com\\\/avatar\\\/ac5001d2a36cb6c6cd3e50789007ffca834b477b74a2144564522e944eabff61?s=96&d=mm&r=g\",\"caption\":\"thomas.berner\"},\"url\":\"https:\\\/\\\/www.organisator.ch\\\/de\\\/author\\\/thomas-berner\\\/\"}]}<\/script>\n<!-- \/ Yoast SEO plugin. -->","yoast_head_json":{"title":"F\u00fchrungswechsel bei der Schibli-Gruppe: Von Jan Schibli zu Stefan Witzig - Organisator","description":"Jan Schibli, Inhaber und CEO der Schibli-Gruppe, hat sich entschieden, die operative Verantwortung f\u00fcr die Schibli-Gruppe abzugeben.","robots":{"index":"index","follow":"follow","max-snippet":"max-snippet:-1","max-image-preview":"max-image-preview:large","max-video-preview":"max-video-preview:-1"},"canonical":"https:\/\/www.organisator.ch\/de\/management\/2020-08-20\/fuehrungswechsel-bei-der-schibli-gruppe-von-jan-schibli-zu-stefan-witzig\/","og_locale":"de_DE","og_type":"article","og_title":"F\u00fchrungswechsel bei der Schibli-Gruppe: Von Jan Schibli zu Stefan Witzig","og_description":"Jan Schibli, Inhaber und CEO der Schibli-Gruppe, hat sich entschieden, die operative Verantwortung f\u00fcr die Schibli-Gruppe abzugeben.","og_url":"https:\/\/www.organisator.ch\/de\/management\/2020-08-20\/fuehrungswechsel-bei-der-schibli-gruppe-von-jan-schibli-zu-stefan-witzig\/","og_site_name":"Organisator","article_publisher":"https:\/\/www.facebook.com\/OrganisatorFachmagazin","article_published_time":"2020-08-20T12:27:51+00:00","og_image":[{"width":680,"height":497,"url":"https:\/\/www.organisator.ch\/wp-content\/uploads\/2020\/08\/Fuehrungswechsel-bei-der-Schibli-Gruppe-Von-Jan-Schibli-zu-Stefan-Witzig_Organisator.jpg","type":"image\/jpeg"}],"author":"thomas.berner","twitter_card":"summary_large_image","twitter_title":"F\u00fchrungswechsel bei der #Schibli-Gruppe: Von Jan Schibli zu Stefan Witzig","twitter_description":"Jan Schibli, Inhaber und CEO der #Schibli-Gruppe, hat sich entschieden, die operative Verantwortung f\u00fcr die Schibli-Gruppe abzugeben.","twitter_image":"https:\/\/www.organisator.ch\/wp-content\/uploads\/2020\/08\/Fuehrungswechsel-bei-der-Schibli-Gruppe-Von-Jan-Schibli-zu-Stefan-Witzig_Organisator.jpg","schema":{"@context":"https:\/\/schema.org","@graph":[{"@type":"Article","@id":"https:\/\/www.organisator.ch\/management\/2020-08-20\/fuehrungswechsel-bei-der-schibli-gruppe-von-jan-schibli-zu-stefan-witzig\/#article","isPartOf":{"@id":"https:\/\/www.organisator.ch\/management\/2020-08-20\/fuehrungswechsel-bei-der-schibli-gruppe-von-jan-schibli-zu-stefan-witzig\/"},"author":{"name":"thomas.berner","@id":"https:\/\/www.organisator.ch\/#\/schema\/person\/6f650f90b2842cd4c0cc334b4e36f67e"},"headline":"F\u00fchrungswechsel bei der Schibli-Gruppe: Von Jan Schibli zu Stefan Witzig","datePublished":"2020-08-20T12:27:51+00:00","mainEntityOfPage":{"@id":"https:\/\/www.organisator.ch\/management\/2020-08-20\/fuehrungswechsel-bei-der-schibli-gruppe-von-jan-schibli-zu-stefan-witzig\/"},"wordCount":647,"publisher":{"@id":"https:\/\/www.organisator.ch\/#organization"},"image":{"@id":"https:\/\/www.organisator.ch\/management\/2020-08-20\/fuehrungswechsel-bei-der-schibli-gruppe-von-jan-schibli-zu-stefan-witzig\/#primaryimage"},"thumbnailUrl":"https:\/\/www.organisator.ch\/wp-content\/uploads\/2020\/08\/Fuehrungswechsel-bei-der-Schibli-Gruppe-Von-Jan-Schibli-zu-Stefan-Witzig_Organisator.jpg","keywords":["Management und Unternehmensf\u00fchrung","Personalia","Unternehmen"],"articleSection":["MANAGEMENT"],"inLanguage":"de"},{"@type":"WebPage","@id":"https:\/\/www.organisator.ch\/management\/2020-08-20\/fuehrungswechsel-bei-der-schibli-gruppe-von-jan-schibli-zu-stefan-witzig\/","url":"https:\/\/www.organisator.ch\/management\/2020-08-20\/fuehrungswechsel-bei-der-schibli-gruppe-von-jan-schibli-zu-stefan-witzig\/","name":"F\u00fchrungswechsel bei der Schibli-Gruppe: Von Jan Schibli zu Stefan Witzig - Organisator","isPartOf":{"@id":"https:\/\/www.organisator.ch\/#website"},"primaryImageOfPage":{"@id":"https:\/\/www.organisator.ch\/management\/2020-08-20\/fuehrungswechsel-bei-der-schibli-gruppe-von-jan-schibli-zu-stefan-witzig\/#primaryimage"},"image":{"@id":"https:\/\/www.organisator.ch\/management\/2020-08-20\/fuehrungswechsel-bei-der-schibli-gruppe-von-jan-schibli-zu-stefan-witzig\/#primaryimage"},"thumbnailUrl":"https:\/\/www.organisator.ch\/wp-content\/uploads\/2020\/08\/Fuehrungswechsel-bei-der-Schibli-Gruppe-Von-Jan-Schibli-zu-Stefan-Witzig_Organisator.jpg","datePublished":"2020-08-20T12:27:51+00:00","description":"Jan Schibli, Inhaber und CEO der Schibli-Gruppe, hat sich entschieden, die operative Verantwortung f\u00fcr die Schibli-Gruppe abzugeben.","breadcrumb":{"@id":"https:\/\/www.organisator.ch\/management\/2020-08-20\/fuehrungswechsel-bei-der-schibli-gruppe-von-jan-schibli-zu-stefan-witzig\/#breadcrumb"},"inLanguage":"de","potentialAction":[{"@type":"ReadAction","target":["https:\/\/www.organisator.ch\/management\/2020-08-20\/fuehrungswechsel-bei-der-schibli-gruppe-von-jan-schibli-zu-stefan-witzig\/"]}]},{"@type":"ImageObject","inLanguage":"de","@id":"https:\/\/www.organisator.ch\/management\/2020-08-20\/fuehrungswechsel-bei-der-schibli-gruppe-von-jan-schibli-zu-stefan-witzig\/#primaryimage","url":"https:\/\/www.organisator.ch\/wp-content\/uploads\/2020\/08\/Fuehrungswechsel-bei-der-Schibli-Gruppe-Von-Jan-Schibli-zu-Stefan-Witzig_Organisator.jpg","contentUrl":"https:\/\/www.organisator.ch\/wp-content\/uploads\/2020\/08\/Fuehrungswechsel-bei-der-Schibli-Gruppe-Von-Jan-Schibli-zu-Stefan-Witzig_Organisator.jpg","width":680,"height":497,"caption":"Jan Schibli (links) \u00fcbergibt die operative Verantwortung f\u00fcr die Schibli-Gruppe an Stefan Witzig. (Bild: zVg)"},{"@type":"BreadcrumbList","@id":"https:\/\/www.organisator.ch\/management\/2020-08-20\/fuehrungswechsel-bei-der-schibli-gruppe-von-jan-schibli-zu-stefan-witzig\/#breadcrumb","itemListElement":[{"@type":"ListItem","position":1,"name":"Home","item":"https:\/\/www.organisator.ch\/"},{"@type":"ListItem","position":2,"name":"F\u00fchrungswechsel bei der Schibli-Gruppe: Von Jan Schibli zu Stefan Witzig"}]},{"@type":"WebSite","@id":"https:\/\/www.organisator.ch\/#website","url":"https:\/\/www.organisator.ch\/","name":"Organisator","description":"Kompetent. Praxisnah. Der ORGANISATOR bereitet in 10 Ausgaben pro Jahr die wesentlichen Themen f\u00fcr F\u00fchrungskr\u00e4fte von KMU auf.","publisher":{"@id":"https:\/\/www.organisator.ch\/#organization"},"potentialAction":[{"@type":"SearchAction","target":{"@type":"EntryPoint","urlTemplate":"https:\/\/www.organisator.ch\/?s={search_term_string}"},"query-input":{"@type":"PropertyValueSpecification","valueRequired":true,"valueName":"search_term_string"}}],"inLanguage":"de"},{"@type":"Organization","@id":"https:\/\/www.organisator.ch\/#organization","name":"Organisator","url":"https:\/\/www.organisator.ch\/","logo":{"@type":"ImageObject","inLanguage":"de","@id":"https:\/\/www.organisator.ch\/#\/schema\/logo\/image\/","url":"https:\/\/www.organisator.ch\/wp-content\/uploads\/2022\/01\/Logo_Organisator_Website.png","contentUrl":"https:\/\/www.organisator.ch\/wp-content\/uploads\/2022\/01\/Logo_Organisator_Website.png","width":800,"height":77,"caption":"Organisator"},"image":{"@id":"https:\/\/www.organisator.ch\/#\/schema\/logo\/image\/"},"sameAs":["https:\/\/www.facebook.com\/OrganisatorFachmagazin","https:\/\/www.linkedin.com\/showcase\/organisator-das-magazin-fr-kmu","https:\/\/www.xing.com\/news\/pages\/organisator-ch-695","https:\/\/www.youtube.com\/channel\/UCGP2Sq0iWaZwT3BdIAQFYpw"]},{"@type":"Person","@id":"https:\/\/www.organisator.ch\/#\/schema\/person\/6f650f90b2842cd4c0cc334b4e36f67e","name":"thomas.berner","image":{"@type":"ImageObject","inLanguage":"de","@id":"https:\/\/secure.gravatar.com\/avatar\/ac5001d2a36cb6c6cd3e50789007ffca834b477b74a2144564522e944eabff61?s=96&d=mm&r=g","url":"https:\/\/secure.gravatar.com\/avatar\/ac5001d2a36cb6c6cd3e50789007ffca834b477b74a2144564522e944eabff61?s=96&d=mm&r=g","contentUrl":"https:\/\/secure.gravatar.com\/avatar\/ac5001d2a36cb6c6cd3e50789007ffca834b477b74a2144564522e944eabff61?s=96&d=mm&r=g","caption":"thomas.berner"},"url":"https:\/\/www.organisator.ch\/de\/author\/thomas-berner\/"}]}},"_links":{"self":[{"href":"https:\/\/www.organisator.ch\/de\/wp-json\/wp\/v2\/posts\/7035","targetHints":{"allow":["GET"]}}],"collection":[{"href":"https:\/\/www.organisator.ch\/de\/wp-json\/wp\/v2\/posts"}],"about":[{"href":"https:\/\/www.organisator.ch\/de\/wp-json\/wp\/v2\/types\/post"}],"author":[{"embeddable":true,"href":"https:\/\/www.organisator.ch\/de\/wp-json\/wp\/v2\/users\/4"}],"replies":[{"embeddable":true,"href":"https:\/\/www.organisator.ch\/de\/wp-json\/wp\/v2\/comments?post=7035"}],"version-history":[{"count":0,"href":"https:\/\/www.organisator.ch\/de\/wp-json\/wp\/v2\/posts\/7035\/revisions"}],"wp:featuredmedia":[{"embeddable":true,"href":"https:\/\/www.organisator.ch\/de\/wp-json\/wp\/v2\/media\/7036"}],"wp:attachment":[{"href":"https:\/\/www.organisator.ch\/de\/wp-json\/wp\/v2\/media?parent=7035"}],"wp:term":[{"taxonomy":"category","embeddable":true,"href":"https:\/\/www.organisator.ch\/de\/wp-json\/wp\/v2\/categories?post=7035"},{"taxonomy":"post_tag","embeddable":true,"href":"https:\/\/www.organisator.ch\/de\/wp-json\/wp\/v2\/tags?post=7035"}],"curies":[{"name":"wp","href":"https:\/\/api.w.org\/{rel}","templated":true}]}}