{"id":7045,"date":"2020-08-26T08:27:12","date_gmt":"2020-08-26T06:27:12","guid":{"rendered":"https:\/\/www.organisator.ch\/?p=7045"},"modified":"2020-08-26T08:27:12","modified_gmt":"2020-08-26T06:27:12","slug":"swissict-salaerstudie-2020-agile-berufsprofile-nehmen-zu","status":"publish","type":"post","link":"https:\/\/www.organisator.ch\/de\/management\/it\/2020-08-26\/swissict-salaerstudie-2020-agile-berufsprofile-nehmen-zu\/","title":{"rendered":"swissICT-Sal\u00e4rstudie 2020: Agile Berufsprofile nehmen zu"},"content":{"rendered":"<figure id=\"attachment_7047\" aria-describedby=\"caption-attachment-7047\" style=\"width: 680px\" class=\"wp-caption alignnone\"><img loading=\"lazy\" decoding=\"async\" class=\"size-medium wp-image-7047\" src=\"https:\/\/www.organisator.ch\/wp-content\/uploads\/2020\/08\/swissICT-Salaerstudie-2020-Agile-Berufsprofile-nehmen-zu-1_Organisator.jpg\" alt=\"\" width=\"680\" height=\"453\" srcset=\"https:\/\/www.organisator.ch\/wp-content\/uploads\/2020\/08\/swissICT-Salaerstudie-2020-Agile-Berufsprofile-nehmen-zu-1_Organisator.jpg 680w, https:\/\/www.organisator.ch\/wp-content\/uploads\/2020\/08\/swissICT-Salaerstudie-2020-Agile-Berufsprofile-nehmen-zu-1_Organisator-16x12.jpg 16w, https:\/\/www.organisator.ch\/wp-content\/uploads\/2020\/08\/swissICT-Salaerstudie-2020-Agile-Berufsprofile-nehmen-zu-1_Organisator-263x175.jpg 263w, https:\/\/www.organisator.ch\/wp-content\/uploads\/2020\/08\/swissICT-Salaerstudie-2020-Agile-Berufsprofile-nehmen-zu-1_Organisator-525x350.jpg 525w, https:\/\/www.organisator.ch\/wp-content\/uploads\/2020\/08\/swissICT-Salaerstudie-2020-Agile-Berufsprofile-nehmen-zu-1_Organisator-300x200.jpg 300w\" sizes=\"auto, (max-width: 680px) 100vw, 680px\" \/><figcaption id=\"caption-attachment-7047\" class=\"wp-caption-text\">Die swissICT-Sal\u00e4rstudie 2020 erscheint dieses Jahr exklusiv in digitaler Form. (Bild: swissICT)<\/figcaption><\/figure>\n<p>Die swissICT-Sal\u00e4rstudie 2020 zeigt erneut, dass die L\u00f6hne in der ICT-Branche im Schnitt h\u00f6her liegen als in anderen Industriezweigen. Wertberichtigt betragen die Mediane 2020 bei den Kompetenzstufen Junior 80 000 CHF, Professional 104 000 CHF und Senior 126 000 CHF. Zudem belegt die steigende Anzahl bei allen agilen Berufsprofilen eine Tendenz, welche bereits von vielen in der allt\u00e4glichen Umgebung erkannt wird. Unternehmen stellen zum Beispiel vermehrt Product Owner ein anstelle einer Projektleiterin. \u00abICT-Organisationen\/Organisations-Einheiten entwickeln ihre Mitarbeiter laufend weiter und stellen die Strukturen zugunsten von agilen Arbeitsweisen um\u00bb, erg\u00e4nzt Christian Hunziker, Gesch\u00e4ftsf\u00fchrer von swissICT. \u00abDie anhaltend gut besuchten Veranstaltungen der swissICT Fachgruppe Lean, Agile &amp; Scrum sind ein weiteres Indiz daf\u00fcr.\u00bb<\/p>\n<figure id=\"attachment_7048\" aria-describedby=\"caption-attachment-7048\" style=\"width: 680px\" class=\"wp-caption alignnone\"><img loading=\"lazy\" decoding=\"async\" class=\"size-medium wp-image-7048\" src=\"https:\/\/www.organisator.ch\/wp-content\/uploads\/2020\/08\/swissICT-Salaerstudie-2020-Agile-Berufsprofile-nehmen-zu-2_Organisator.jpg\" alt=\"\" width=\"680\" height=\"341\" srcset=\"https:\/\/www.organisator.ch\/wp-content\/uploads\/2020\/08\/swissICT-Salaerstudie-2020-Agile-Berufsprofile-nehmen-zu-2_Organisator.jpg 680w, https:\/\/www.organisator.ch\/wp-content\/uploads\/2020\/08\/swissICT-Salaerstudie-2020-Agile-Berufsprofile-nehmen-zu-2_Organisator-16x8.jpg 16w, https:\/\/www.organisator.ch\/wp-content\/uploads\/2020\/08\/swissICT-Salaerstudie-2020-Agile-Berufsprofile-nehmen-zu-2_Organisator-349x175.jpg 349w, https:\/\/www.organisator.ch\/wp-content\/uploads\/2020\/08\/swissICT-Salaerstudie-2020-Agile-Berufsprofile-nehmen-zu-2_Organisator-300x150.jpg 300w\" sizes=\"auto, (max-width: 680px) 100vw, 680px\" \/><figcaption id=\"caption-attachment-7048\" class=\"wp-caption-text\">(Grafik: swissICT)<\/figcaption><\/figure>\n<h2>Mehr ICT-Dienstleiter<\/h2>\n<p>An der Sal\u00e4rstudie teilgenommen haben 246 Unternehmen. Sie haben 33 493 Sal\u00e4re angegeben. \u00abDas ist keine Selbstverst\u00e4ndlichkeit\u00bb, sagt Christian Hunziker. \u00abZum Start der Erhebung war die Schweiz im Lockdown. Trotz oder gerade wegen Corona k\u00f6nnen wir nun aber einen neuen Rekord bei der Anzahl genannter Sal\u00e4re verzeichnen. Das ist ein sch\u00f6nes Zeichen und zeigt die Verankerung dieses j\u00e4hrlichen Benchmarks der ICT-Sal\u00e4re.\u00bb<\/p>\n<p>Betrachtet man die Branchenverteilung der teilnehmenden Unternehmen, so lassen sich Ver\u00e4nderungen ablesen. Einen R\u00fcckgang gab es beispielsweise bei der Anzahl an teilnehmenden Handelsunternehmen so wie bei den Versicherungen. Die Anzahl Sal\u00e4rnennungen in diesen Branchen blieb aber konstant. Zugenommen hat die Anzahl ICT-Dienstleister. Sie sind f\u00fcr das diesj\u00e4hrige Wachstum der Nennungen massgeblich verantwortlich.<\/p>\n<p>Stichtag der Datenerhebung war der 1. Mai 2020. Die Sal\u00e4re wurden auf der Basis von \u00abBerufe der ICT\u00bb ausgewertet, womit Sal\u00e4re von insgesamt 50 Berufen abgedeckt sind. Neu dazugekommen ist das Berufsprofil des Mediamatikers im ebenfalls neuen Bereich der Anwendungsinformatik (AWI).<\/p>\n<h2><strong>Unterschiede bei Top-Spezialisten<\/strong><\/h2>\n<p>Ein Blick in die Standardauswertung der swissICT-Sal\u00e4rstudie 2020 zeigt die Streuung der Sal\u00e4re von vergleichbaren Funktionen. In der Schweiz verdient eine \u00abSenior\u00bb-Applikations-Entwicklerin etwa zwischen 118 000 (unteres Quartil, 25-Prozent-Schwelle) und 135 000 Franken (oberes Quartil, 75-Prozent-Schwelle). Dies bedeutet, dass bei je einem Viertel der Nennungen das Gehalt niedriger als 118 000 CHF, respektive h\u00f6her als 135 000 CHF ist. Dieses Berufsprofil geh\u00f6rt mit 1990 Nennungen zu den am h\u00e4ufigsten genannten.<\/p>\n<p>Ein Blick in die umfangreichere Detailauswertung zeigt, dass bei den Top-Spezialisten und den h\u00f6heren F\u00fchrungsfunktionen die Streuung umso gr\u00f6sser ist. So betr\u00e4gt beim \u00abSenior-Expert\u00bb-Projektleiter, in Betrachtung zu den oben genannten, die Differenz von der 25-Prozent- zur 75-Prozent-Schwelle bereits \u00fcber 40 000 Franken. Diese detaillierten Auswertungen sind nur f\u00fcr studienteilnehmende Firmen erh\u00e4ltlich.<\/p>\n<p>Die statistische Abweichung der Lohnbandbreiten ist auf den jeweiligen Kompetenzstufen sehr unterschiedlich so liegen gerade die oberen Managementstufen, im Vergleich zu den operativen Stufen, zuweilen \u00fcber 200 Prozent oberhalb der durchschnittlichen statistischen Abweichung bei den Fixlohnenteilen.<\/p>\n<h2><strong>SwissICT-Sal\u00e4rstudie 2020 rein digital<\/strong><\/h2>\n<p>Erstmals erscheint die Sal\u00e4rstudie dieses Jahr exklusiv in digitaler Version. Die PDF\u2019s- oder Excel-Varianten erm\u00f6glichen es den Kunden flexibler und ortsunabh\u00e4ngiger ihrer Recherche nachzugehen und unterst\u00fctzt damit die zeitgem\u00e4sse Arbeitsweise. In diesem Zusammenhang erscheint die Ausgabe in neuem Gewand und mit leicht angepasster und vereinfachter Preisliste.<\/p>\n<p><em>Weitere Informationen: <a href=\"http:\/\/www.swissict.ch\">swissICT<\/a><\/em><\/p>\n","protected":false},"excerpt":{"rendered":"<p>Die swissICT-Sal\u00e4rstudie 2020 zeigt erneut, dass die L\u00f6hne in der ICT-Branche im Schnitt h\u00f6her liegen als in anderen Industriezweigen. Wertberichtigt betragen die Mediane 2020 bei den Kompetenzstufen Junior 80 000 CHF, Professional 104 000 CHF und Senior 126 000 CHF. Zudem belegt die steigende Anzahl bei allen agilen Berufsprofilen eine Tendenz, welche bereits von vielen [&hellip;]<\/p>\n","protected":false},"author":4,"featured_media":7047,"comment_status":"closed","ping_status":"closed","sticky":false,"template":"","format":"standard","meta":{"_acf_changed":false,"_yoast_wpseo_focuskw":"SwissICT-Sal\u00e4rstudie 2020","_yoast_wpseo_metadesc":"Die L\u00f6hne in der ICT-Branche sind stabil geblieben oder haben sich gar leicht angehoben. Dies zeigt die swissICT-Sal\u00e4rstudie 2020.","articlekey":"","footnotes":""},"categories":[27],"tags":[286,329,331,334,503],"class_list":["post-7045","post","type-post","status-publish","format-standard","has-post-thumbnail","hentry","category-it","tag-it","tag-loehne","tag-lohnstudie","tag-management","tag-verbaende"],"acf":[],"yoast_head":"<!-- This site is optimized with the Yoast SEO plugin v27.5 - https:\/\/yoast.com\/product\/yoast-seo-wordpress\/ -->\n<title>swissICT-Sal\u00e4rstudie 2020: Agile Berufsprofile nehmen zu - Organisator<\/title>\n<meta name=\"description\" content=\"Die L\u00f6hne in der ICT-Branche sind stabil geblieben oder haben sich gar leicht angehoben. Dies zeigt die swissICT-Sal\u00e4rstudie 2020.\" \/>\n<meta name=\"robots\" content=\"index, follow, max-snippet:-1, max-image-preview:large, max-video-preview:-1\" \/>\n<link rel=\"canonical\" href=\"https:\/\/www.organisator.ch\/de\/management\/it\/2020-08-26\/swissict-salaerstudie-2020-agile-berufsprofile-nehmen-zu\/\" \/>\n<meta property=\"og:locale\" content=\"de_DE\" \/>\n<meta property=\"og:type\" content=\"article\" \/>\n<meta property=\"og:title\" content=\"swissICT-Sal\u00e4rstudie 2020: Agile Berufsprofile nehmen zu\" \/>\n<meta property=\"og:description\" content=\"Die L\u00f6hne in der ICT-Branche sind stabil geblieben oder haben sich gar leicht angehoben. Dies zeigt die swissICT-Sal\u00e4rstudie 2020.\" \/>\n<meta property=\"og:url\" content=\"https:\/\/www.organisator.ch\/de\/management\/it\/2020-08-26\/swissict-salaerstudie-2020-agile-berufsprofile-nehmen-zu\/\" \/>\n<meta property=\"og:site_name\" content=\"Organisator\" \/>\n<meta property=\"article:publisher\" content=\"https:\/\/www.facebook.com\/OrganisatorFachmagazin\" \/>\n<meta property=\"article:published_time\" content=\"2020-08-26T06:27:12+00:00\" \/>\n<meta property=\"og:image\" content=\"https:\/\/www.organisator.ch\/wp-content\/uploads\/2020\/08\/swissICT-Salaerstudie-2020-Agile-Berufsprofile-nehmen-zu-1_Organisator.jpg\" \/>\n\t<meta property=\"og:image:width\" content=\"680\" \/>\n\t<meta property=\"og:image:height\" content=\"453\" \/>\n\t<meta property=\"og:image:type\" content=\"image\/jpeg\" \/>\n<meta name=\"author\" content=\"thomas.berner\" \/>\n<meta name=\"twitter:card\" content=\"summary_large_image\" \/>\n<meta name=\"twitter:title\" content=\"#swissICT-Sal\u00e4rstudie 2020: Agile #Berufsprofile nehmen zu\" \/>\n<meta name=\"twitter:description\" content=\"Die L\u00f6hne in der #ICT-Branche sind stabil geblieben oder haben sich gar leicht angehoben. Dies zeigt die #swissICT-Sal\u00e4rstudie 2020.\" \/>\n<meta name=\"twitter:image\" content=\"https:\/\/www.organisator.ch\/wp-content\/uploads\/2020\/08\/swissICT-Salaerstudie-2020-Agile-Berufsprofile-nehmen-zu-1_Organisator.jpg\" \/>\n<script type=\"application\/ld+json\" class=\"yoast-schema-graph\">{\"@context\":\"https:\\\/\\\/schema.org\",\"@graph\":[{\"@type\":\"Article\",\"@id\":\"https:\\\/\\\/www.organisator.ch\\\/management\\\/it\\\/2020-08-26\\\/swissict-salaerstudie-2020-agile-berufsprofile-nehmen-zu\\\/#article\",\"isPartOf\":{\"@id\":\"https:\\\/\\\/www.organisator.ch\\\/management\\\/it\\\/2020-08-26\\\/swissict-salaerstudie-2020-agile-berufsprofile-nehmen-zu\\\/\"},\"author\":{\"name\":\"thomas.berner\",\"@id\":\"https:\\\/\\\/www.organisator.ch\\\/#\\\/schema\\\/person\\\/6f650f90b2842cd4c0cc334b4e36f67e\"},\"headline\":\"swissICT-Sal\u00e4rstudie 2020: Agile Berufsprofile nehmen zu\",\"datePublished\":\"2020-08-26T06:27:12+00:00\",\"mainEntityOfPage\":{\"@id\":\"https:\\\/\\\/www.organisator.ch\\\/management\\\/it\\\/2020-08-26\\\/swissict-salaerstudie-2020-agile-berufsprofile-nehmen-zu\\\/\"},\"wordCount\":529,\"publisher\":{\"@id\":\"https:\\\/\\\/www.organisator.ch\\\/#organization\"},\"image\":{\"@id\":\"https:\\\/\\\/www.organisator.ch\\\/management\\\/it\\\/2020-08-26\\\/swissict-salaerstudie-2020-agile-berufsprofile-nehmen-zu\\\/#primaryimage\"},\"thumbnailUrl\":\"https:\\\/\\\/www.organisator.ch\\\/wp-content\\\/uploads\\\/2020\\\/08\\\/swissICT-Salaerstudie-2020-Agile-Berufsprofile-nehmen-zu-1_Organisator.jpg\",\"keywords\":[\"IT\",\"L\u00f6hne\",\"Lohnstudie\",\"Management\",\"Verb\u00e4nde\"],\"articleSection\":[\"IT\"],\"inLanguage\":\"de\"},{\"@type\":\"WebPage\",\"@id\":\"https:\\\/\\\/www.organisator.ch\\\/management\\\/it\\\/2020-08-26\\\/swissict-salaerstudie-2020-agile-berufsprofile-nehmen-zu\\\/\",\"url\":\"https:\\\/\\\/www.organisator.ch\\\/management\\\/it\\\/2020-08-26\\\/swissict-salaerstudie-2020-agile-berufsprofile-nehmen-zu\\\/\",\"name\":\"swissICT-Sal\u00e4rstudie 2020: Agile Berufsprofile nehmen zu - Organisator\",\"isPartOf\":{\"@id\":\"https:\\\/\\\/www.organisator.ch\\\/#website\"},\"primaryImageOfPage\":{\"@id\":\"https:\\\/\\\/www.organisator.ch\\\/management\\\/it\\\/2020-08-26\\\/swissict-salaerstudie-2020-agile-berufsprofile-nehmen-zu\\\/#primaryimage\"},\"image\":{\"@id\":\"https:\\\/\\\/www.organisator.ch\\\/management\\\/it\\\/2020-08-26\\\/swissict-salaerstudie-2020-agile-berufsprofile-nehmen-zu\\\/#primaryimage\"},\"thumbnailUrl\":\"https:\\\/\\\/www.organisator.ch\\\/wp-content\\\/uploads\\\/2020\\\/08\\\/swissICT-Salaerstudie-2020-Agile-Berufsprofile-nehmen-zu-1_Organisator.jpg\",\"datePublished\":\"2020-08-26T06:27:12+00:00\",\"description\":\"Die L\u00f6hne in der ICT-Branche sind stabil geblieben oder haben sich gar leicht angehoben. Dies zeigt die swissICT-Sal\u00e4rstudie 2020.\",\"breadcrumb\":{\"@id\":\"https:\\\/\\\/www.organisator.ch\\\/management\\\/it\\\/2020-08-26\\\/swissict-salaerstudie-2020-agile-berufsprofile-nehmen-zu\\\/#breadcrumb\"},\"inLanguage\":\"de\",\"potentialAction\":[{\"@type\":\"ReadAction\",\"target\":[\"https:\\\/\\\/www.organisator.ch\\\/management\\\/it\\\/2020-08-26\\\/swissict-salaerstudie-2020-agile-berufsprofile-nehmen-zu\\\/\"]}]},{\"@type\":\"ImageObject\",\"inLanguage\":\"de\",\"@id\":\"https:\\\/\\\/www.organisator.ch\\\/management\\\/it\\\/2020-08-26\\\/swissict-salaerstudie-2020-agile-berufsprofile-nehmen-zu\\\/#primaryimage\",\"url\":\"https:\\\/\\\/www.organisator.ch\\\/wp-content\\\/uploads\\\/2020\\\/08\\\/swissICT-Salaerstudie-2020-Agile-Berufsprofile-nehmen-zu-1_Organisator.jpg\",\"contentUrl\":\"https:\\\/\\\/www.organisator.ch\\\/wp-content\\\/uploads\\\/2020\\\/08\\\/swissICT-Salaerstudie-2020-Agile-Berufsprofile-nehmen-zu-1_Organisator.jpg\",\"width\":680,\"height\":453,\"caption\":\"Die swissICT-Sal\u00e4rstudie 2020 erscheint dieses Jahr exklusiv in digitaler Form. (Bild: swissICT)\"},{\"@type\":\"BreadcrumbList\",\"@id\":\"https:\\\/\\\/www.organisator.ch\\\/management\\\/it\\\/2020-08-26\\\/swissict-salaerstudie-2020-agile-berufsprofile-nehmen-zu\\\/#breadcrumb\",\"itemListElement\":[{\"@type\":\"ListItem\",\"position\":1,\"name\":\"Home\",\"item\":\"https:\\\/\\\/www.organisator.ch\\\/\"},{\"@type\":\"ListItem\",\"position\":2,\"name\":\"swissICT-Sal\u00e4rstudie 2020: Agile Berufsprofile nehmen zu\"}]},{\"@type\":\"WebSite\",\"@id\":\"https:\\\/\\\/www.organisator.ch\\\/#website\",\"url\":\"https:\\\/\\\/www.organisator.ch\\\/\",\"name\":\"Organisator\",\"description\":\"Kompetent. Praxisnah. Der ORGANISATOR bereitet in 10 Ausgaben pro Jahr die wesentlichen Themen f\u00fcr F\u00fchrungskr\u00e4fte von KMU auf.\",\"publisher\":{\"@id\":\"https:\\\/\\\/www.organisator.ch\\\/#organization\"},\"potentialAction\":[{\"@type\":\"SearchAction\",\"target\":{\"@type\":\"EntryPoint\",\"urlTemplate\":\"https:\\\/\\\/www.organisator.ch\\\/?s={search_term_string}\"},\"query-input\":{\"@type\":\"PropertyValueSpecification\",\"valueRequired\":true,\"valueName\":\"search_term_string\"}}],\"inLanguage\":\"de\"},{\"@type\":\"Organization\",\"@id\":\"https:\\\/\\\/www.organisator.ch\\\/#organization\",\"name\":\"Organisator\",\"url\":\"https:\\\/\\\/www.organisator.ch\\\/\",\"logo\":{\"@type\":\"ImageObject\",\"inLanguage\":\"de\",\"@id\":\"https:\\\/\\\/www.organisator.ch\\\/#\\\/schema\\\/logo\\\/image\\\/\",\"url\":\"https:\\\/\\\/www.organisator.ch\\\/wp-content\\\/uploads\\\/2022\\\/01\\\/Logo_Organisator_Website.png\",\"contentUrl\":\"https:\\\/\\\/www.organisator.ch\\\/wp-content\\\/uploads\\\/2022\\\/01\\\/Logo_Organisator_Website.png\",\"width\":800,\"height\":77,\"caption\":\"Organisator\"},\"image\":{\"@id\":\"https:\\\/\\\/www.organisator.ch\\\/#\\\/schema\\\/logo\\\/image\\\/\"},\"sameAs\":[\"https:\\\/\\\/www.facebook.com\\\/OrganisatorFachmagazin\",\"https:\\\/\\\/www.linkedin.com\\\/showcase\\\/organisator-das-magazin-fr-kmu\",\"https:\\\/\\\/www.xing.com\\\/news\\\/pages\\\/organisator-ch-695\",\"https:\\\/\\\/www.youtube.com\\\/channel\\\/UCGP2Sq0iWaZwT3BdIAQFYpw\"]},{\"@type\":\"Person\",\"@id\":\"https:\\\/\\\/www.organisator.ch\\\/#\\\/schema\\\/person\\\/6f650f90b2842cd4c0cc334b4e36f67e\",\"name\":\"thomas.berner\",\"image\":{\"@type\":\"ImageObject\",\"inLanguage\":\"de\",\"@id\":\"https:\\\/\\\/secure.gravatar.com\\\/avatar\\\/ac5001d2a36cb6c6cd3e50789007ffca834b477b74a2144564522e944eabff61?s=96&d=mm&r=g\",\"url\":\"https:\\\/\\\/secure.gravatar.com\\\/avatar\\\/ac5001d2a36cb6c6cd3e50789007ffca834b477b74a2144564522e944eabff61?s=96&d=mm&r=g\",\"contentUrl\":\"https:\\\/\\\/secure.gravatar.com\\\/avatar\\\/ac5001d2a36cb6c6cd3e50789007ffca834b477b74a2144564522e944eabff61?s=96&d=mm&r=g\",\"caption\":\"thomas.berner\"},\"url\":\"https:\\\/\\\/www.organisator.ch\\\/de\\\/author\\\/thomas-berner\\\/\"}]}<\/script>\n<!-- \/ Yoast SEO plugin. -->","yoast_head_json":{"title":"swissICT-Sal\u00e4rstudie 2020: Agile Berufsprofile nehmen zu - Organisator","description":"Die L\u00f6hne in der ICT-Branche sind stabil geblieben oder haben sich gar leicht angehoben. Dies zeigt die swissICT-Sal\u00e4rstudie 2020.","robots":{"index":"index","follow":"follow","max-snippet":"max-snippet:-1","max-image-preview":"max-image-preview:large","max-video-preview":"max-video-preview:-1"},"canonical":"https:\/\/www.organisator.ch\/de\/management\/it\/2020-08-26\/swissict-salaerstudie-2020-agile-berufsprofile-nehmen-zu\/","og_locale":"de_DE","og_type":"article","og_title":"swissICT-Sal\u00e4rstudie 2020: Agile Berufsprofile nehmen zu","og_description":"Die L\u00f6hne in der ICT-Branche sind stabil geblieben oder haben sich gar leicht angehoben. Dies zeigt die swissICT-Sal\u00e4rstudie 2020.","og_url":"https:\/\/www.organisator.ch\/de\/management\/it\/2020-08-26\/swissict-salaerstudie-2020-agile-berufsprofile-nehmen-zu\/","og_site_name":"Organisator","article_publisher":"https:\/\/www.facebook.com\/OrganisatorFachmagazin","article_published_time":"2020-08-26T06:27:12+00:00","og_image":[{"width":680,"height":453,"url":"https:\/\/www.organisator.ch\/wp-content\/uploads\/2020\/08\/swissICT-Salaerstudie-2020-Agile-Berufsprofile-nehmen-zu-1_Organisator.jpg","type":"image\/jpeg"}],"author":"thomas.berner","twitter_card":"summary_large_image","twitter_title":"#swissICT-Sal\u00e4rstudie 2020: Agile #Berufsprofile nehmen zu","twitter_description":"Die L\u00f6hne in der #ICT-Branche sind stabil geblieben oder haben sich gar leicht angehoben. Dies zeigt die #swissICT-Sal\u00e4rstudie 2020.","twitter_image":"https:\/\/www.organisator.ch\/wp-content\/uploads\/2020\/08\/swissICT-Salaerstudie-2020-Agile-Berufsprofile-nehmen-zu-1_Organisator.jpg","schema":{"@context":"https:\/\/schema.org","@graph":[{"@type":"Article","@id":"https:\/\/www.organisator.ch\/management\/it\/2020-08-26\/swissict-salaerstudie-2020-agile-berufsprofile-nehmen-zu\/#article","isPartOf":{"@id":"https:\/\/www.organisator.ch\/management\/it\/2020-08-26\/swissict-salaerstudie-2020-agile-berufsprofile-nehmen-zu\/"},"author":{"name":"thomas.berner","@id":"https:\/\/www.organisator.ch\/#\/schema\/person\/6f650f90b2842cd4c0cc334b4e36f67e"},"headline":"swissICT-Sal\u00e4rstudie 2020: Agile Berufsprofile nehmen zu","datePublished":"2020-08-26T06:27:12+00:00","mainEntityOfPage":{"@id":"https:\/\/www.organisator.ch\/management\/it\/2020-08-26\/swissict-salaerstudie-2020-agile-berufsprofile-nehmen-zu\/"},"wordCount":529,"publisher":{"@id":"https:\/\/www.organisator.ch\/#organization"},"image":{"@id":"https:\/\/www.organisator.ch\/management\/it\/2020-08-26\/swissict-salaerstudie-2020-agile-berufsprofile-nehmen-zu\/#primaryimage"},"thumbnailUrl":"https:\/\/www.organisator.ch\/wp-content\/uploads\/2020\/08\/swissICT-Salaerstudie-2020-Agile-Berufsprofile-nehmen-zu-1_Organisator.jpg","keywords":["IT","L\u00f6hne","Lohnstudie","Management","Verb\u00e4nde"],"articleSection":["IT"],"inLanguage":"de"},{"@type":"WebPage","@id":"https:\/\/www.organisator.ch\/management\/it\/2020-08-26\/swissict-salaerstudie-2020-agile-berufsprofile-nehmen-zu\/","url":"https:\/\/www.organisator.ch\/management\/it\/2020-08-26\/swissict-salaerstudie-2020-agile-berufsprofile-nehmen-zu\/","name":"swissICT-Sal\u00e4rstudie 2020: Agile Berufsprofile nehmen zu - Organisator","isPartOf":{"@id":"https:\/\/www.organisator.ch\/#website"},"primaryImageOfPage":{"@id":"https:\/\/www.organisator.ch\/management\/it\/2020-08-26\/swissict-salaerstudie-2020-agile-berufsprofile-nehmen-zu\/#primaryimage"},"image":{"@id":"https:\/\/www.organisator.ch\/management\/it\/2020-08-26\/swissict-salaerstudie-2020-agile-berufsprofile-nehmen-zu\/#primaryimage"},"thumbnailUrl":"https:\/\/www.organisator.ch\/wp-content\/uploads\/2020\/08\/swissICT-Salaerstudie-2020-Agile-Berufsprofile-nehmen-zu-1_Organisator.jpg","datePublished":"2020-08-26T06:27:12+00:00","description":"Die L\u00f6hne in der ICT-Branche sind stabil geblieben oder haben sich gar leicht angehoben. Dies zeigt die swissICT-Sal\u00e4rstudie 2020.","breadcrumb":{"@id":"https:\/\/www.organisator.ch\/management\/it\/2020-08-26\/swissict-salaerstudie-2020-agile-berufsprofile-nehmen-zu\/#breadcrumb"},"inLanguage":"de","potentialAction":[{"@type":"ReadAction","target":["https:\/\/www.organisator.ch\/management\/it\/2020-08-26\/swissict-salaerstudie-2020-agile-berufsprofile-nehmen-zu\/"]}]},{"@type":"ImageObject","inLanguage":"de","@id":"https:\/\/www.organisator.ch\/management\/it\/2020-08-26\/swissict-salaerstudie-2020-agile-berufsprofile-nehmen-zu\/#primaryimage","url":"https:\/\/www.organisator.ch\/wp-content\/uploads\/2020\/08\/swissICT-Salaerstudie-2020-Agile-Berufsprofile-nehmen-zu-1_Organisator.jpg","contentUrl":"https:\/\/www.organisator.ch\/wp-content\/uploads\/2020\/08\/swissICT-Salaerstudie-2020-Agile-Berufsprofile-nehmen-zu-1_Organisator.jpg","width":680,"height":453,"caption":"Die swissICT-Sal\u00e4rstudie 2020 erscheint dieses Jahr exklusiv in digitaler Form. (Bild: swissICT)"},{"@type":"BreadcrumbList","@id":"https:\/\/www.organisator.ch\/management\/it\/2020-08-26\/swissict-salaerstudie-2020-agile-berufsprofile-nehmen-zu\/#breadcrumb","itemListElement":[{"@type":"ListItem","position":1,"name":"Home","item":"https:\/\/www.organisator.ch\/"},{"@type":"ListItem","position":2,"name":"swissICT-Sal\u00e4rstudie 2020: Agile Berufsprofile nehmen zu"}]},{"@type":"WebSite","@id":"https:\/\/www.organisator.ch\/#website","url":"https:\/\/www.organisator.ch\/","name":"Organisator","description":"Kompetent. Praxisnah. Der ORGANISATOR bereitet in 10 Ausgaben pro Jahr die wesentlichen Themen f\u00fcr F\u00fchrungskr\u00e4fte von KMU auf.","publisher":{"@id":"https:\/\/www.organisator.ch\/#organization"},"potentialAction":[{"@type":"SearchAction","target":{"@type":"EntryPoint","urlTemplate":"https:\/\/www.organisator.ch\/?s={search_term_string}"},"query-input":{"@type":"PropertyValueSpecification","valueRequired":true,"valueName":"search_term_string"}}],"inLanguage":"de"},{"@type":"Organization","@id":"https:\/\/www.organisator.ch\/#organization","name":"Organisator","url":"https:\/\/www.organisator.ch\/","logo":{"@type":"ImageObject","inLanguage":"de","@id":"https:\/\/www.organisator.ch\/#\/schema\/logo\/image\/","url":"https:\/\/www.organisator.ch\/wp-content\/uploads\/2022\/01\/Logo_Organisator_Website.png","contentUrl":"https:\/\/www.organisator.ch\/wp-content\/uploads\/2022\/01\/Logo_Organisator_Website.png","width":800,"height":77,"caption":"Organisator"},"image":{"@id":"https:\/\/www.organisator.ch\/#\/schema\/logo\/image\/"},"sameAs":["https:\/\/www.facebook.com\/OrganisatorFachmagazin","https:\/\/www.linkedin.com\/showcase\/organisator-das-magazin-fr-kmu","https:\/\/www.xing.com\/news\/pages\/organisator-ch-695","https:\/\/www.youtube.com\/channel\/UCGP2Sq0iWaZwT3BdIAQFYpw"]},{"@type":"Person","@id":"https:\/\/www.organisator.ch\/#\/schema\/person\/6f650f90b2842cd4c0cc334b4e36f67e","name":"thomas.berner","image":{"@type":"ImageObject","inLanguage":"de","@id":"https:\/\/secure.gravatar.com\/avatar\/ac5001d2a36cb6c6cd3e50789007ffca834b477b74a2144564522e944eabff61?s=96&d=mm&r=g","url":"https:\/\/secure.gravatar.com\/avatar\/ac5001d2a36cb6c6cd3e50789007ffca834b477b74a2144564522e944eabff61?s=96&d=mm&r=g","contentUrl":"https:\/\/secure.gravatar.com\/avatar\/ac5001d2a36cb6c6cd3e50789007ffca834b477b74a2144564522e944eabff61?s=96&d=mm&r=g","caption":"thomas.berner"},"url":"https:\/\/www.organisator.ch\/de\/author\/thomas-berner\/"}]}},"_links":{"self":[{"href":"https:\/\/www.organisator.ch\/de\/wp-json\/wp\/v2\/posts\/7045","targetHints":{"allow":["GET"]}}],"collection":[{"href":"https:\/\/www.organisator.ch\/de\/wp-json\/wp\/v2\/posts"}],"about":[{"href":"https:\/\/www.organisator.ch\/de\/wp-json\/wp\/v2\/types\/post"}],"author":[{"embeddable":true,"href":"https:\/\/www.organisator.ch\/de\/wp-json\/wp\/v2\/users\/4"}],"replies":[{"embeddable":true,"href":"https:\/\/www.organisator.ch\/de\/wp-json\/wp\/v2\/comments?post=7045"}],"version-history":[{"count":0,"href":"https:\/\/www.organisator.ch\/de\/wp-json\/wp\/v2\/posts\/7045\/revisions"}],"wp:featuredmedia":[{"embeddable":true,"href":"https:\/\/www.organisator.ch\/de\/wp-json\/wp\/v2\/media\/7047"}],"wp:attachment":[{"href":"https:\/\/www.organisator.ch\/de\/wp-json\/wp\/v2\/media?parent=7045"}],"wp:term":[{"taxonomy":"category","embeddable":true,"href":"https:\/\/www.organisator.ch\/de\/wp-json\/wp\/v2\/categories?post=7045"},{"taxonomy":"post_tag","embeddable":true,"href":"https:\/\/www.organisator.ch\/de\/wp-json\/wp\/v2\/tags?post=7045"}],"curies":[{"name":"wp","href":"https:\/\/api.w.org\/{rel}","templated":true}]}}