{"id":7057,"date":"2020-08-28T10:39:02","date_gmt":"2020-08-28T08:39:02","guid":{"rendered":"https:\/\/www.organisator.ch\/?p=7057"},"modified":"2020-08-28T10:39:02","modified_gmt":"2020-08-28T08:39:02","slug":"erfolgs-impuls-welche-felder-besetzen-sie","status":"publish","type":"post","link":"https:\/\/www.organisator.ch\/de\/management\/2020-08-28\/erfolgs-impuls-welche-felder-besetzen-sie\/","title":{"rendered":"Erfolgs-Impuls: Welche Felder besetzen Sie?"},"content":{"rendered":"<figure id=\"attachment_7059\" aria-describedby=\"caption-attachment-7059\" style=\"width: 680px\" class=\"wp-caption alignnone\"><img loading=\"lazy\" decoding=\"async\" class=\"size-medium wp-image-7059\" src=\"https:\/\/www.organisator.ch\/wp-content\/uploads\/2020\/08\/Erfolgs-Impuls-Welche-Felder-besetzen-Sie_Organisator.jpg\" alt=\"\" width=\"680\" height=\"453\" srcset=\"https:\/\/www.organisator.ch\/wp-content\/uploads\/2020\/08\/Erfolgs-Impuls-Welche-Felder-besetzen-Sie_Organisator.jpg 680w, https:\/\/www.organisator.ch\/wp-content\/uploads\/2020\/08\/Erfolgs-Impuls-Welche-Felder-besetzen-Sie_Organisator-16x12.jpg 16w, https:\/\/www.organisator.ch\/wp-content\/uploads\/2020\/08\/Erfolgs-Impuls-Welche-Felder-besetzen-Sie_Organisator-263x175.jpg 263w, https:\/\/www.organisator.ch\/wp-content\/uploads\/2020\/08\/Erfolgs-Impuls-Welche-Felder-besetzen-Sie_Organisator-525x350.jpg 525w, https:\/\/www.organisator.ch\/wp-content\/uploads\/2020\/08\/Erfolgs-Impuls-Welche-Felder-besetzen-Sie_Organisator-300x200.jpg 300w\" sizes=\"auto, (max-width: 680px) 100vw, 680px\" \/><figcaption id=\"caption-attachment-7059\" class=\"wp-caption-text\">Auch im Bereich Leadership gilt es klare Felder zu besetzen. (Bild: Pixabay.com)<\/figcaption><\/figure>\n<p>Da treibt einer die \u00f6ffentliche Wahrnehmung und damit eine ganze Industrie vor sich her: Elon Musk. In seiner neuesten Ank\u00fcndigung geht es darum, die gesamte Automobilproduktion zu revolutionieren, indem die Karosserie nur noch aus vier statt aus 80 Teilen bestehen soll. Das spart massiv Kosten. Nun ist ja bei Musks Ank\u00fcndigungen immer die Frage, was davon \u00fcberhaupt und bis wann umgesetzt wird. Aber darum geht es eben gar nicht.<\/p>\n<h2>Welche Felder Elon Musk und Steve Jobs besetzen<\/h2>\n<p>Menschen wie Elon Musk machen mit ihren Aussagen meist keine konkreten Versprechungen, sondern kreieren und besetzen Meinungsfelder in der \u00f6ffentlichen Wahrnehmung \u2013 und der Meinung von Experten. Die Folge: Sobald solche Ideen dann irgendwann Realit\u00e4t werden, sind diese Realit\u00e4ten direkt mit demjenigen verbunden, der das Feld besetzt hatte. Dadurch steigt die Reputation meist dramatisch an \u2013 mit direkten Auswirkungen auf die Marktf\u00fchrerschaft. Ein anderer Experte darin war Steve Jobs: wen verbinden Sie mit dem Pionier f\u00fcr Smartphones, mobilen Musikgenuss, emotionale Computer und mehr? Klar, Steve Jobs. Warum? Weil er die Felder besetzte.<\/p>\n<h2>Drei Felder, die Sie besetzen sollten<\/h2>\n<p>Dieses Besetzen von Feldern erfordert vor allem Mut, die F\u00e4higkeit Unterst\u00fctzer zu finden, und einen starken Fokus auf sichtbare Aktionen. Das kann und will eben nicht jeder, weil es nat\u00fcrlich auch Risiken birgt. Was k\u00f6nnen Sie als F\u00fchrungsperson damit anfangen? Nun, herausragende F\u00fchrungspersonen verwenden die Strategie des Besetzens von Feldern in allen m\u00f6glichen Bereichen des Leadership. Wenn Sie das beherrschen, wird es Ihren Einfluss massiv steigern. Hier sind drei Felder, die Sie auf jeden Fall besetzen sollten:<\/p>\n<ol>\n<li><strong>Vision<\/strong>. Wenn Sie mir regelm\u00e4ssig folgen, k\u00f6nnen Sie es vielleicht nicht mehr h\u00f6ren, und dennoch: Wenn Sie nicht klarmachen, wohin die Reise gehen soll (auch wenn das Risiken birgt), dann besetzen Sie eben keine Felder. Die Folge: Aktivit\u00e4ten verstreuen sich \u00fcber alles m\u00f6glich und sind eher reaktiv als proaktiv. Es ist eine einfache Tatsache: Diejenigen mit dem meisten Einfluss haben fast immer die gr\u00f6ssten Visionen.<\/li>\n<li><strong>Einzigartigkeit<\/strong>. Hiermit meine ich, was Ihr Team, Ihr Unternehmen oder Ihre Produkte so auszeichnet, dass jeder es sofort mit Ihnen verbindet. Ich staune immer wieder, welche Schwierigkeiten Leute mit der Antwort auf die Frage haben, was sie, ihr Team oder ihre Produkte herausragend macht. Wof\u00fcr werden Sie oder Ihr Unternehmen unverwechselbar wahrgenommen?<\/li>\n<li><strong>Identit\u00e4t.<\/strong> Auch hier sollten Sie Felder besetzen: Wof\u00fcr genau stehen Sie? Welches sind Ihre Anspr\u00fcche? Was werden Sie nie akzeptieren? Die meisten Leute in Unternehmen k\u00f6nnen diese Fragen nicht einheitlich beantworten. Wof\u00fcr steht Ihr Unternehmen, und zwar in herausragendem Sinn?<\/li>\n<\/ol>\n<h2>Aus dem Mittelmass aufsteigen<\/h2>\n<p>Diese Punkte sind wichtig, weil Sie damit aus dem Mittelmass in die Liga des wirklich Herausragenden aufsteigen \u2013 mit nachhaltigen Folgen auf Wachstum und Gewinn. Sie definieren sich selbst als Massstab f\u00fcr alles, was noch kommt. Das hat Bill Gates so gemacht, genauso wie Steve Jobs und jetzt Elon Musk. Aber keine Angst: Die Felder, die Sie besetzen, m\u00fcssen ja nicht ganz so gross sein.<\/p>\n<p><i><strong>Zum Autor:<\/strong><br \/>\n<\/i><em>Volkmar V\u00f6lzke ist Erfolgs-Maximierer. Buchautor. Berater. Coach. Speaker. <a href=\"http:\/\/www.volkmarvoelzke.ch\/\">www.volkmarvoelzke.ch<\/a><\/em><\/p>\n","protected":false},"excerpt":{"rendered":"<p>Da treibt einer die \u00f6ffentliche Wahrnehmung und damit eine ganze Industrie vor sich her: Elon Musk. In seiner neuesten Ank\u00fcndigung geht es darum, die gesamte Automobilproduktion zu revolutionieren, indem die Karosserie nur noch aus vier statt aus 80 Teilen bestehen soll. Das spart massiv Kosten. Nun ist ja bei Musks Ank\u00fcndigungen immer die Frage, was [&hellip;]<\/p>\n","protected":false},"author":4,"featured_media":7059,"comment_status":"closed","ping_status":"closed","sticky":false,"template":"","format":"standard","meta":{"_acf_changed":false,"_yoast_wpseo_focuskw":"Felder","_yoast_wpseo_metadesc":"Elon Musk tut es, auch Steve Jobs hat es getan: Mit ihren Aussagen besetzen sie in der \u00f6ffentlichen Wahrnehmung klare Felder als Meinungsf\u00fchrer. Und Sie?","articlekey":"","footnotes":""},"categories":[28],"tags":[115,177,335],"class_list":["post-7057","post","type-post","status-publish","format-standard","has-post-thumbnail","hentry","category-management","tag-checklisten","tag-erfolgs-impuls","tag-management-und-unternehmensfuehrung"],"acf":[],"yoast_head":"<!-- This site is optimized with the Yoast SEO plugin v27.5 - https:\/\/yoast.com\/product\/yoast-seo-wordpress\/ -->\n<title>Erfolgs-Impuls: Welche Felder besetzen Sie? - Organisator<\/title>\n<meta name=\"description\" content=\"Elon Musk tut es, auch Steve Jobs hat es getan: Mit ihren Aussagen besetzen sie in der \u00f6ffentlichen Wahrnehmung klare Felder als Meinungsf\u00fchrer. Und Sie?\" \/>\n<meta name=\"robots\" content=\"index, follow, max-snippet:-1, max-image-preview:large, max-video-preview:-1\" \/>\n<link rel=\"canonical\" href=\"https:\/\/www.organisator.ch\/de\/management\/2020-08-28\/erfolgs-impuls-welche-felder-besetzen-sie\/\" \/>\n<meta property=\"og:locale\" content=\"de_DE\" \/>\n<meta property=\"og:type\" content=\"article\" \/>\n<meta property=\"og:title\" content=\"Erfolgs-Impuls: Welche Felder besetzen Sie?\" \/>\n<meta property=\"og:description\" content=\"Elon Musk tut es, auch Steve Jobs hat es getan: Mit ihren Aussagen besetzen sie in der \u00f6ffentlichen Wahrnehmung klare Felder als Meinungsf\u00fchrer. Und Sie?\" \/>\n<meta property=\"og:url\" content=\"https:\/\/www.organisator.ch\/de\/management\/2020-08-28\/erfolgs-impuls-welche-felder-besetzen-sie\/\" \/>\n<meta property=\"og:site_name\" content=\"Organisator\" \/>\n<meta property=\"article:publisher\" content=\"https:\/\/www.facebook.com\/OrganisatorFachmagazin\" \/>\n<meta property=\"article:published_time\" content=\"2020-08-28T08:39:02+00:00\" \/>\n<meta property=\"og:image\" content=\"https:\/\/www.organisator.ch\/wp-content\/uploads\/2020\/08\/Erfolgs-Impuls-Welche-Felder-besetzen-Sie_Organisator.jpg\" \/>\n\t<meta property=\"og:image:width\" content=\"680\" \/>\n\t<meta property=\"og:image:height\" content=\"453\" \/>\n\t<meta property=\"og:image:type\" content=\"image\/jpeg\" \/>\n<meta name=\"author\" content=\"thomas.berner\" \/>\n<meta name=\"twitter:card\" content=\"summary_large_image\" \/>\n<meta name=\"twitter:title\" content=\"#Erfolgs-Impuls: Welche Felder besetzen Sie?\" \/>\n<meta name=\"twitter:description\" content=\"Elon #Musk tut es, auch #SteveJobs hat es getan: Mit ihren Aussagen besetzen sie in der \u00f6ffentlichen Wahrnehmung klare Felder als #Meinungsf\u00fchrer. Und Sie?\" \/>\n<meta name=\"twitter:image\" content=\"https:\/\/www.organisator.ch\/wp-content\/uploads\/2020\/08\/Erfolgs-Impuls-Welche-Felder-besetzen-Sie_Organisator.jpg\" \/>\n<script type=\"application\/ld+json\" class=\"yoast-schema-graph\">{\"@context\":\"https:\\\/\\\/schema.org\",\"@graph\":[{\"@type\":\"Article\",\"@id\":\"https:\\\/\\\/www.organisator.ch\\\/management\\\/2020-08-28\\\/erfolgs-impuls-welche-felder-besetzen-sie\\\/#article\",\"isPartOf\":{\"@id\":\"https:\\\/\\\/www.organisator.ch\\\/management\\\/2020-08-28\\\/erfolgs-impuls-welche-felder-besetzen-sie\\\/\"},\"author\":{\"name\":\"thomas.berner\",\"@id\":\"https:\\\/\\\/www.organisator.ch\\\/#\\\/schema\\\/person\\\/6f650f90b2842cd4c0cc334b4e36f67e\"},\"headline\":\"Erfolgs-Impuls: Welche Felder besetzen Sie?\",\"datePublished\":\"2020-08-28T08:39:02+00:00\",\"mainEntityOfPage\":{\"@id\":\"https:\\\/\\\/www.organisator.ch\\\/management\\\/2020-08-28\\\/erfolgs-impuls-welche-felder-besetzen-sie\\\/\"},\"wordCount\":540,\"publisher\":{\"@id\":\"https:\\\/\\\/www.organisator.ch\\\/#organization\"},\"image\":{\"@id\":\"https:\\\/\\\/www.organisator.ch\\\/management\\\/2020-08-28\\\/erfolgs-impuls-welche-felder-besetzen-sie\\\/#primaryimage\"},\"thumbnailUrl\":\"https:\\\/\\\/www.organisator.ch\\\/wp-content\\\/uploads\\\/2020\\\/08\\\/Erfolgs-Impuls-Welche-Felder-besetzen-Sie_Organisator.jpg\",\"keywords\":[\"Checklisten\",\"Erfolgs-Impuls\",\"Management und Unternehmensf\u00fchrung\"],\"articleSection\":[\"MANAGEMENT\"],\"inLanguage\":\"de\"},{\"@type\":\"WebPage\",\"@id\":\"https:\\\/\\\/www.organisator.ch\\\/management\\\/2020-08-28\\\/erfolgs-impuls-welche-felder-besetzen-sie\\\/\",\"url\":\"https:\\\/\\\/www.organisator.ch\\\/management\\\/2020-08-28\\\/erfolgs-impuls-welche-felder-besetzen-sie\\\/\",\"name\":\"Erfolgs-Impuls: Welche Felder besetzen Sie? - Organisator\",\"isPartOf\":{\"@id\":\"https:\\\/\\\/www.organisator.ch\\\/#website\"},\"primaryImageOfPage\":{\"@id\":\"https:\\\/\\\/www.organisator.ch\\\/management\\\/2020-08-28\\\/erfolgs-impuls-welche-felder-besetzen-sie\\\/#primaryimage\"},\"image\":{\"@id\":\"https:\\\/\\\/www.organisator.ch\\\/management\\\/2020-08-28\\\/erfolgs-impuls-welche-felder-besetzen-sie\\\/#primaryimage\"},\"thumbnailUrl\":\"https:\\\/\\\/www.organisator.ch\\\/wp-content\\\/uploads\\\/2020\\\/08\\\/Erfolgs-Impuls-Welche-Felder-besetzen-Sie_Organisator.jpg\",\"datePublished\":\"2020-08-28T08:39:02+00:00\",\"description\":\"Elon Musk tut es, auch Steve Jobs hat es getan: Mit ihren Aussagen besetzen sie in der \u00f6ffentlichen Wahrnehmung klare Felder als Meinungsf\u00fchrer. Und Sie?\",\"breadcrumb\":{\"@id\":\"https:\\\/\\\/www.organisator.ch\\\/management\\\/2020-08-28\\\/erfolgs-impuls-welche-felder-besetzen-sie\\\/#breadcrumb\"},\"inLanguage\":\"de\",\"potentialAction\":[{\"@type\":\"ReadAction\",\"target\":[\"https:\\\/\\\/www.organisator.ch\\\/management\\\/2020-08-28\\\/erfolgs-impuls-welche-felder-besetzen-sie\\\/\"]}]},{\"@type\":\"ImageObject\",\"inLanguage\":\"de\",\"@id\":\"https:\\\/\\\/www.organisator.ch\\\/management\\\/2020-08-28\\\/erfolgs-impuls-welche-felder-besetzen-sie\\\/#primaryimage\",\"url\":\"https:\\\/\\\/www.organisator.ch\\\/wp-content\\\/uploads\\\/2020\\\/08\\\/Erfolgs-Impuls-Welche-Felder-besetzen-Sie_Organisator.jpg\",\"contentUrl\":\"https:\\\/\\\/www.organisator.ch\\\/wp-content\\\/uploads\\\/2020\\\/08\\\/Erfolgs-Impuls-Welche-Felder-besetzen-Sie_Organisator.jpg\",\"width\":680,\"height\":453,\"caption\":\"Auch im Bereich Leadership gilt es klare Felder zu besetzen. (Bild: Pixabay.com)\"},{\"@type\":\"BreadcrumbList\",\"@id\":\"https:\\\/\\\/www.organisator.ch\\\/management\\\/2020-08-28\\\/erfolgs-impuls-welche-felder-besetzen-sie\\\/#breadcrumb\",\"itemListElement\":[{\"@type\":\"ListItem\",\"position\":1,\"name\":\"Home\",\"item\":\"https:\\\/\\\/www.organisator.ch\\\/\"},{\"@type\":\"ListItem\",\"position\":2,\"name\":\"Erfolgs-Impuls: Welche Felder besetzen Sie?\"}]},{\"@type\":\"WebSite\",\"@id\":\"https:\\\/\\\/www.organisator.ch\\\/#website\",\"url\":\"https:\\\/\\\/www.organisator.ch\\\/\",\"name\":\"Organisator\",\"description\":\"Kompetent. Praxisnah. Der ORGANISATOR bereitet in 10 Ausgaben pro Jahr die wesentlichen Themen f\u00fcr F\u00fchrungskr\u00e4fte von KMU auf.\",\"publisher\":{\"@id\":\"https:\\\/\\\/www.organisator.ch\\\/#organization\"},\"potentialAction\":[{\"@type\":\"SearchAction\",\"target\":{\"@type\":\"EntryPoint\",\"urlTemplate\":\"https:\\\/\\\/www.organisator.ch\\\/?s={search_term_string}\"},\"query-input\":{\"@type\":\"PropertyValueSpecification\",\"valueRequired\":true,\"valueName\":\"search_term_string\"}}],\"inLanguage\":\"de\"},{\"@type\":\"Organization\",\"@id\":\"https:\\\/\\\/www.organisator.ch\\\/#organization\",\"name\":\"Organisator\",\"url\":\"https:\\\/\\\/www.organisator.ch\\\/\",\"logo\":{\"@type\":\"ImageObject\",\"inLanguage\":\"de\",\"@id\":\"https:\\\/\\\/www.organisator.ch\\\/#\\\/schema\\\/logo\\\/image\\\/\",\"url\":\"https:\\\/\\\/www.organisator.ch\\\/wp-content\\\/uploads\\\/2022\\\/01\\\/Logo_Organisator_Website.png\",\"contentUrl\":\"https:\\\/\\\/www.organisator.ch\\\/wp-content\\\/uploads\\\/2022\\\/01\\\/Logo_Organisator_Website.png\",\"width\":800,\"height\":77,\"caption\":\"Organisator\"},\"image\":{\"@id\":\"https:\\\/\\\/www.organisator.ch\\\/#\\\/schema\\\/logo\\\/image\\\/\"},\"sameAs\":[\"https:\\\/\\\/www.facebook.com\\\/OrganisatorFachmagazin\",\"https:\\\/\\\/www.linkedin.com\\\/showcase\\\/organisator-das-magazin-fr-kmu\",\"https:\\\/\\\/www.xing.com\\\/news\\\/pages\\\/organisator-ch-695\",\"https:\\\/\\\/www.youtube.com\\\/channel\\\/UCGP2Sq0iWaZwT3BdIAQFYpw\"]},{\"@type\":\"Person\",\"@id\":\"https:\\\/\\\/www.organisator.ch\\\/#\\\/schema\\\/person\\\/6f650f90b2842cd4c0cc334b4e36f67e\",\"name\":\"thomas.berner\",\"image\":{\"@type\":\"ImageObject\",\"inLanguage\":\"de\",\"@id\":\"https:\\\/\\\/secure.gravatar.com\\\/avatar\\\/ac5001d2a36cb6c6cd3e50789007ffca834b477b74a2144564522e944eabff61?s=96&d=mm&r=g\",\"url\":\"https:\\\/\\\/secure.gravatar.com\\\/avatar\\\/ac5001d2a36cb6c6cd3e50789007ffca834b477b74a2144564522e944eabff61?s=96&d=mm&r=g\",\"contentUrl\":\"https:\\\/\\\/secure.gravatar.com\\\/avatar\\\/ac5001d2a36cb6c6cd3e50789007ffca834b477b74a2144564522e944eabff61?s=96&d=mm&r=g\",\"caption\":\"thomas.berner\"},\"url\":\"https:\\\/\\\/www.organisator.ch\\\/de\\\/author\\\/thomas-berner\\\/\"}]}<\/script>\n<!-- \/ Yoast SEO plugin. -->","yoast_head_json":{"title":"Erfolgs-Impuls: Welche Felder besetzen Sie? - Organisator","description":"Elon Musk tut es, auch Steve Jobs hat es getan: Mit ihren Aussagen besetzen sie in der \u00f6ffentlichen Wahrnehmung klare Felder als Meinungsf\u00fchrer. Und Sie?","robots":{"index":"index","follow":"follow","max-snippet":"max-snippet:-1","max-image-preview":"max-image-preview:large","max-video-preview":"max-video-preview:-1"},"canonical":"https:\/\/www.organisator.ch\/de\/management\/2020-08-28\/erfolgs-impuls-welche-felder-besetzen-sie\/","og_locale":"de_DE","og_type":"article","og_title":"Erfolgs-Impuls: Welche Felder besetzen Sie?","og_description":"Elon Musk tut es, auch Steve Jobs hat es getan: Mit ihren Aussagen besetzen sie in der \u00f6ffentlichen Wahrnehmung klare Felder als Meinungsf\u00fchrer. Und Sie?","og_url":"https:\/\/www.organisator.ch\/de\/management\/2020-08-28\/erfolgs-impuls-welche-felder-besetzen-sie\/","og_site_name":"Organisator","article_publisher":"https:\/\/www.facebook.com\/OrganisatorFachmagazin","article_published_time":"2020-08-28T08:39:02+00:00","og_image":[{"width":680,"height":453,"url":"https:\/\/www.organisator.ch\/wp-content\/uploads\/2020\/08\/Erfolgs-Impuls-Welche-Felder-besetzen-Sie_Organisator.jpg","type":"image\/jpeg"}],"author":"thomas.berner","twitter_card":"summary_large_image","twitter_title":"#Erfolgs-Impuls: Welche Felder besetzen Sie?","twitter_description":"Elon #Musk tut es, auch #SteveJobs hat es getan: Mit ihren Aussagen besetzen sie in der \u00f6ffentlichen Wahrnehmung klare Felder als #Meinungsf\u00fchrer. Und Sie?","twitter_image":"https:\/\/www.organisator.ch\/wp-content\/uploads\/2020\/08\/Erfolgs-Impuls-Welche-Felder-besetzen-Sie_Organisator.jpg","schema":{"@context":"https:\/\/schema.org","@graph":[{"@type":"Article","@id":"https:\/\/www.organisator.ch\/management\/2020-08-28\/erfolgs-impuls-welche-felder-besetzen-sie\/#article","isPartOf":{"@id":"https:\/\/www.organisator.ch\/management\/2020-08-28\/erfolgs-impuls-welche-felder-besetzen-sie\/"},"author":{"name":"thomas.berner","@id":"https:\/\/www.organisator.ch\/#\/schema\/person\/6f650f90b2842cd4c0cc334b4e36f67e"},"headline":"Erfolgs-Impuls: Welche Felder besetzen Sie?","datePublished":"2020-08-28T08:39:02+00:00","mainEntityOfPage":{"@id":"https:\/\/www.organisator.ch\/management\/2020-08-28\/erfolgs-impuls-welche-felder-besetzen-sie\/"},"wordCount":540,"publisher":{"@id":"https:\/\/www.organisator.ch\/#organization"},"image":{"@id":"https:\/\/www.organisator.ch\/management\/2020-08-28\/erfolgs-impuls-welche-felder-besetzen-sie\/#primaryimage"},"thumbnailUrl":"https:\/\/www.organisator.ch\/wp-content\/uploads\/2020\/08\/Erfolgs-Impuls-Welche-Felder-besetzen-Sie_Organisator.jpg","keywords":["Checklisten","Erfolgs-Impuls","Management und Unternehmensf\u00fchrung"],"articleSection":["MANAGEMENT"],"inLanguage":"de"},{"@type":"WebPage","@id":"https:\/\/www.organisator.ch\/management\/2020-08-28\/erfolgs-impuls-welche-felder-besetzen-sie\/","url":"https:\/\/www.organisator.ch\/management\/2020-08-28\/erfolgs-impuls-welche-felder-besetzen-sie\/","name":"Erfolgs-Impuls: Welche Felder besetzen Sie? - Organisator","isPartOf":{"@id":"https:\/\/www.organisator.ch\/#website"},"primaryImageOfPage":{"@id":"https:\/\/www.organisator.ch\/management\/2020-08-28\/erfolgs-impuls-welche-felder-besetzen-sie\/#primaryimage"},"image":{"@id":"https:\/\/www.organisator.ch\/management\/2020-08-28\/erfolgs-impuls-welche-felder-besetzen-sie\/#primaryimage"},"thumbnailUrl":"https:\/\/www.organisator.ch\/wp-content\/uploads\/2020\/08\/Erfolgs-Impuls-Welche-Felder-besetzen-Sie_Organisator.jpg","datePublished":"2020-08-28T08:39:02+00:00","description":"Elon Musk tut es, auch Steve Jobs hat es getan: Mit ihren Aussagen besetzen sie in der \u00f6ffentlichen Wahrnehmung klare Felder als Meinungsf\u00fchrer. Und Sie?","breadcrumb":{"@id":"https:\/\/www.organisator.ch\/management\/2020-08-28\/erfolgs-impuls-welche-felder-besetzen-sie\/#breadcrumb"},"inLanguage":"de","potentialAction":[{"@type":"ReadAction","target":["https:\/\/www.organisator.ch\/management\/2020-08-28\/erfolgs-impuls-welche-felder-besetzen-sie\/"]}]},{"@type":"ImageObject","inLanguage":"de","@id":"https:\/\/www.organisator.ch\/management\/2020-08-28\/erfolgs-impuls-welche-felder-besetzen-sie\/#primaryimage","url":"https:\/\/www.organisator.ch\/wp-content\/uploads\/2020\/08\/Erfolgs-Impuls-Welche-Felder-besetzen-Sie_Organisator.jpg","contentUrl":"https:\/\/www.organisator.ch\/wp-content\/uploads\/2020\/08\/Erfolgs-Impuls-Welche-Felder-besetzen-Sie_Organisator.jpg","width":680,"height":453,"caption":"Auch im Bereich Leadership gilt es klare Felder zu besetzen. (Bild: Pixabay.com)"},{"@type":"BreadcrumbList","@id":"https:\/\/www.organisator.ch\/management\/2020-08-28\/erfolgs-impuls-welche-felder-besetzen-sie\/#breadcrumb","itemListElement":[{"@type":"ListItem","position":1,"name":"Home","item":"https:\/\/www.organisator.ch\/"},{"@type":"ListItem","position":2,"name":"Erfolgs-Impuls: Welche Felder besetzen Sie?"}]},{"@type":"WebSite","@id":"https:\/\/www.organisator.ch\/#website","url":"https:\/\/www.organisator.ch\/","name":"Organisator","description":"Kompetent. Praxisnah. Der ORGANISATOR bereitet in 10 Ausgaben pro Jahr die wesentlichen Themen f\u00fcr F\u00fchrungskr\u00e4fte von KMU auf.","publisher":{"@id":"https:\/\/www.organisator.ch\/#organization"},"potentialAction":[{"@type":"SearchAction","target":{"@type":"EntryPoint","urlTemplate":"https:\/\/www.organisator.ch\/?s={search_term_string}"},"query-input":{"@type":"PropertyValueSpecification","valueRequired":true,"valueName":"search_term_string"}}],"inLanguage":"de"},{"@type":"Organization","@id":"https:\/\/www.organisator.ch\/#organization","name":"Organisator","url":"https:\/\/www.organisator.ch\/","logo":{"@type":"ImageObject","inLanguage":"de","@id":"https:\/\/www.organisator.ch\/#\/schema\/logo\/image\/","url":"https:\/\/www.organisator.ch\/wp-content\/uploads\/2022\/01\/Logo_Organisator_Website.png","contentUrl":"https:\/\/www.organisator.ch\/wp-content\/uploads\/2022\/01\/Logo_Organisator_Website.png","width":800,"height":77,"caption":"Organisator"},"image":{"@id":"https:\/\/www.organisator.ch\/#\/schema\/logo\/image\/"},"sameAs":["https:\/\/www.facebook.com\/OrganisatorFachmagazin","https:\/\/www.linkedin.com\/showcase\/organisator-das-magazin-fr-kmu","https:\/\/www.xing.com\/news\/pages\/organisator-ch-695","https:\/\/www.youtube.com\/channel\/UCGP2Sq0iWaZwT3BdIAQFYpw"]},{"@type":"Person","@id":"https:\/\/www.organisator.ch\/#\/schema\/person\/6f650f90b2842cd4c0cc334b4e36f67e","name":"thomas.berner","image":{"@type":"ImageObject","inLanguage":"de","@id":"https:\/\/secure.gravatar.com\/avatar\/ac5001d2a36cb6c6cd3e50789007ffca834b477b74a2144564522e944eabff61?s=96&d=mm&r=g","url":"https:\/\/secure.gravatar.com\/avatar\/ac5001d2a36cb6c6cd3e50789007ffca834b477b74a2144564522e944eabff61?s=96&d=mm&r=g","contentUrl":"https:\/\/secure.gravatar.com\/avatar\/ac5001d2a36cb6c6cd3e50789007ffca834b477b74a2144564522e944eabff61?s=96&d=mm&r=g","caption":"thomas.berner"},"url":"https:\/\/www.organisator.ch\/de\/author\/thomas-berner\/"}]}},"_links":{"self":[{"href":"https:\/\/www.organisator.ch\/de\/wp-json\/wp\/v2\/posts\/7057","targetHints":{"allow":["GET"]}}],"collection":[{"href":"https:\/\/www.organisator.ch\/de\/wp-json\/wp\/v2\/posts"}],"about":[{"href":"https:\/\/www.organisator.ch\/de\/wp-json\/wp\/v2\/types\/post"}],"author":[{"embeddable":true,"href":"https:\/\/www.organisator.ch\/de\/wp-json\/wp\/v2\/users\/4"}],"replies":[{"embeddable":true,"href":"https:\/\/www.organisator.ch\/de\/wp-json\/wp\/v2\/comments?post=7057"}],"version-history":[{"count":0,"href":"https:\/\/www.organisator.ch\/de\/wp-json\/wp\/v2\/posts\/7057\/revisions"}],"wp:featuredmedia":[{"embeddable":true,"href":"https:\/\/www.organisator.ch\/de\/wp-json\/wp\/v2\/media\/7059"}],"wp:attachment":[{"href":"https:\/\/www.organisator.ch\/de\/wp-json\/wp\/v2\/media?parent=7057"}],"wp:term":[{"taxonomy":"category","embeddable":true,"href":"https:\/\/www.organisator.ch\/de\/wp-json\/wp\/v2\/categories?post=7057"},{"taxonomy":"post_tag","embeddable":true,"href":"https:\/\/www.organisator.ch\/de\/wp-json\/wp\/v2\/tags?post=7057"}],"curies":[{"name":"wp","href":"https:\/\/api.w.org\/{rel}","templated":true}]}}