{"id":7065,"date":"2020-09-01T14:11:01","date_gmt":"2020-09-01T12:11:01","guid":{"rendered":"https:\/\/www.organisator.ch\/?p=7065"},"modified":"2020-09-01T14:11:01","modified_gmt":"2020-09-01T12:11:01","slug":"produktivitaet-im-homeoffice-eine-frage-der-mentalitaet","status":"publish","type":"post","link":"https:\/\/www.organisator.ch\/de\/human-resources\/fit_im_job\/2020-09-01\/produktivitaet-im-homeoffice-eine-frage-der-mentalitaet\/","title":{"rendered":"Produktivit\u00e4t im Homeoffice: Eine Frage der Mentalit\u00e4t"},"content":{"rendered":"<figure id=\"attachment_7066\" aria-describedby=\"caption-attachment-7066\" style=\"width: 680px\" class=\"wp-caption alignnone\"><img loading=\"lazy\" decoding=\"async\" class=\"size-medium wp-image-7066\" src=\"https:\/\/www.organisator.ch\/wp-content\/uploads\/2020\/09\/Produktivitaet-im-Homeoffice-Eine-Frage-der-Mentalitaet_Organisator.jpg\" alt=\"\" width=\"680\" height=\"451\" srcset=\"https:\/\/www.organisator.ch\/wp-content\/uploads\/2020\/09\/Produktivitaet-im-Homeoffice-Eine-Frage-der-Mentalitaet_Organisator.jpg 680w, https:\/\/www.organisator.ch\/wp-content\/uploads\/2020\/09\/Produktivitaet-im-Homeoffice-Eine-Frage-der-Mentalitaet_Organisator-16x12.jpg 16w, https:\/\/www.organisator.ch\/wp-content\/uploads\/2020\/09\/Produktivitaet-im-Homeoffice-Eine-Frage-der-Mentalitaet_Organisator-264x175.jpg 264w, https:\/\/www.organisator.ch\/wp-content\/uploads\/2020\/09\/Produktivitaet-im-Homeoffice-Eine-Frage-der-Mentalitaet_Organisator-528x350.jpg 528w, https:\/\/www.organisator.ch\/wp-content\/uploads\/2020\/09\/Produktivitaet-im-Homeoffice-Eine-Frage-der-Mentalitaet_Organisator-300x199.jpg 300w\" sizes=\"auto, (max-width: 680px) 100vw, 680px\" \/><figcaption id=\"caption-attachment-7066\" class=\"wp-caption-text\">Die Produktivit\u00e4t im Homeoffice h\u00e4ngt von verschiedenen Faktoren ab. Doch eine wichtige Rolle spielt die pers\u00f6nliche Einstellung der Mitarbeitenden, wie eine aktuelle Studie zeigt. (Bild: Pixabay.com)<\/figcaption><\/figure>\n<p>Wie stellen sich Mitarbeitende grunds\u00e4tzlich dem Thema Homeoffice? Welche Emotionen haben sie versp\u00fcrt, als sie im Heimb\u00fcro arbeiten mussten? Und wie stand es um ihre Produktivit\u00e4t im Homeoffice? Diese Themen wurde w\u00e4hrend f\u00fcnf Wochen von Mitte April bis Mitte Mai 2020 untersucht, in der viele Mitarbeitende wegen des Lockdowns durch COVID-19 zum ersten Mal von zuhause gearbeitet haben.<\/p>\n<h2>Studie best\u00e4tigt: Positive Einstellung f\u00f6rdert Produktivit\u00e4t im Homeoffice<\/h2>\n<p>Beim Mindset wurden die untersuchten Personen danach unterschieden, ob sie daran glauben, dass die F\u00e4higkeiten f\u00fcr das Arbeiten zuhause angeboren sind (Fixed Mindset), oder ob sie daran glauben, dass diese neue F\u00e4higkeit erlernt werden kann (Growth Mindset). Diejenigen Personen, die dabei von einer angeborenen F\u00e4higkeit ausgehen (Fixed Mindset), haben Homeoffice wie eine neue Herausforderung gesehen, der sie nicht gewachsen sind. Sie haben mehr negative Emotionen wie Frust, Schuldgef\u00fchle oder Beklemmung und wenig positive Gef\u00fchle versp\u00fcrt, was sich direkt auf ihre wahrgenommene Produktivit\u00e4t ausgewirkt hat: Personen mit starken negativen Gef\u00fchlen haben 31% weniger Ziele in der gleichen Woche und 19% weniger Ziele in der Folgewoche erreicht als Personen mit schwachen negativen Gef\u00fchlen. Auf der anderen Seite waren Personen mit einem Growth Mindset laut Studie deutlich motivierter und produktiver im Homeoffice. Mitarbeiter mit den st\u00e4rksten positiven Gef\u00fchlen hatten in derselben Woche durchschnittlich 43% mehr Ziele erreicht als jene, die die keine positiven Gef\u00fchle versp\u00fcrten.<\/p>\n<h2>Unternehmen k\u00f6nnen Wettbewerbsf\u00e4higkeit verbessern<\/h2>\n<p>\u00abWenn Homeoffice langfristig Bestand hat, m\u00fcssen sich Unternehmen bewusst werden, was ihre Mitarbeitenden dabei gl\u00fccklich und produktiv macht. Unsere Studie deutet darauf hin, dass eine bestimmte pers\u00f6nliche Einstellung gegen\u00fcber der Arbeit von zuhause ein entscheidender Faktor ist\u00bb, sagt die Hauptautorin der Studie Dr. Lauren Howe von der Universit\u00e4t Z\u00fcrich. \u00abSind Mitarbeitende zufrieden, dann steigt ihre Produktivit\u00e4t messbar. Unternehmen haben also einen grossen Anreiz, ihre Mitarbeitenden so gut wie m\u00f6glich in dem neuen Arbeitsumfeld zu unterst\u00fctzen\u00bb, sagt Marco Meister, Co-Founder &amp; CEO von atwork. \u00abZuk\u00fcnftig werden jene Unternehmen erfolgreich sein, die \u00fcber die Schwierigkeiten und Herausforderungen ihrer Mitarbeitenden am besten Bescheid wissen und mit gezielten Massnahmen reagieren. Damit k\u00f6nnen sie die Produktivit\u00e4t im Unternehmen steigern und ihre Wettbewerbsf\u00e4higkeit verbessern.\u00bb<\/p>\n<p>Die Studie wurde von Lauren Howe und Jochen Menges von der Universit\u00e4t Z\u00fcrich durchgef\u00fchrt und von der ZHAW und atwork mitentwickelt. Dabei wurden 113 Mitarbeitende im Homeoffice mit jeweils vier Umfragen befragt.<\/p>\n<p><em>Quelle: <a href=\"https:\/\/www.atwork.ai\/\">atwork<\/a><\/em><\/p>\n","protected":false},"excerpt":{"rendered":"<p>Wie stellen sich Mitarbeitende grunds\u00e4tzlich dem Thema Homeoffice? Welche Emotionen haben sie versp\u00fcrt, als sie im Heimb\u00fcro arbeiten mussten? Und wie stand es um ihre Produktivit\u00e4t im Homeoffice? Diese Themen wurde w\u00e4hrend f\u00fcnf Wochen von Mitte April bis Mitte Mai 2020 untersucht, in der viele Mitarbeitende wegen des Lockdowns durch COVID-19 zum ersten Mal von [&hellip;]<\/p>\n","protected":false},"author":4,"featured_media":7066,"comment_status":"closed","ping_status":"closed","sticky":false,"template":"","format":"standard","meta":{"_acf_changed":false,"_yoast_wpseo_focuskw":"Produktivit\u00e4t im Homeoffice","_yoast_wpseo_metadesc":"Die Produktivit\u00e4t im Homeoffice w\u00e4hrend der COVID-19 Pandemie korreliert stark mit dem Mindset der Mitarbeitenden. Dies best\u00e4tigt eine neue Studie.","articlekey":"","footnotes":""},"categories":[25],"tags":[51,132,251,459],"class_list":["post-7065","post","type-post","status-publish","format-standard","has-post-thumbnail","hentry","category-fit_im_job","tag-arbeitsplatzgestaltung","tag-coronavirus","tag-homeoffice","tag-studie"],"acf":[],"yoast_head":"<!-- This site is optimized with the Yoast SEO plugin v27.4 - https:\/\/yoast.com\/product\/yoast-seo-wordpress\/ -->\n<title>Produktivit\u00e4t im Homeoffice: Eine Frage der Mentalit\u00e4t - Organisator<\/title>\n<meta name=\"description\" content=\"Die Produktivit\u00e4t im Homeoffice w\u00e4hrend der COVID-19 Pandemie korreliert stark mit dem Mindset der Mitarbeitenden. Dies best\u00e4tigt eine neue Studie.\" \/>\n<meta name=\"robots\" content=\"index, follow, max-snippet:-1, max-image-preview:large, max-video-preview:-1\" \/>\n<link rel=\"canonical\" href=\"https:\/\/www.organisator.ch\/de\/human-resources\/fit_im_job\/2020-09-01\/produktivitaet-im-homeoffice-eine-frage-der-mentalitaet\/\" \/>\n<meta property=\"og:locale\" content=\"de_DE\" \/>\n<meta property=\"og:type\" content=\"article\" \/>\n<meta property=\"og:title\" content=\"Produktivit\u00e4t im Homeoffice: Eine Frage der Mentalit\u00e4t\" \/>\n<meta property=\"og:description\" content=\"Die Produktivit\u00e4t im Homeoffice w\u00e4hrend der COVID-19 Pandemie korreliert stark mit dem Mindset der Mitarbeitenden. Dies best\u00e4tigt eine neue Studie.\" \/>\n<meta property=\"og:url\" content=\"https:\/\/www.organisator.ch\/de\/human-resources\/fit_im_job\/2020-09-01\/produktivitaet-im-homeoffice-eine-frage-der-mentalitaet\/\" \/>\n<meta property=\"og:site_name\" content=\"Organisator\" \/>\n<meta property=\"article:publisher\" content=\"https:\/\/www.facebook.com\/OrganisatorFachmagazin\" \/>\n<meta property=\"article:published_time\" content=\"2020-09-01T12:11:01+00:00\" \/>\n<meta property=\"og:image\" content=\"https:\/\/www.organisator.ch\/wp-content\/uploads\/2020\/09\/Produktivitaet-im-Homeoffice-Eine-Frage-der-Mentalitaet_Organisator.jpg\" \/>\n\t<meta property=\"og:image:width\" content=\"680\" \/>\n\t<meta property=\"og:image:height\" content=\"451\" \/>\n\t<meta property=\"og:image:type\" content=\"image\/jpeg\" \/>\n<meta name=\"author\" content=\"thomas.berner\" \/>\n<meta name=\"twitter:card\" content=\"summary_large_image\" \/>\n<meta name=\"twitter:title\" content=\"Produktivit\u00e4t im #Homeoffice: Eine Frage der #Mentalit\u00e4t\" \/>\n<meta name=\"twitter:description\" content=\"Die Produktivit\u00e4t im #Homeoffice w\u00e4hrend der #COVID-19 Pandemie korreliert stark mit dem #Mindset der Mitarbeitenden. Dies best\u00e4tigt eine neue Studie.\" \/>\n<meta name=\"twitter:image\" content=\"https:\/\/www.organisator.ch\/wp-content\/uploads\/2020\/09\/Produktivitaet-im-Homeoffice-Eine-Frage-der-Mentalitaet_Organisator.jpg\" \/>\n<script type=\"application\/ld+json\" class=\"yoast-schema-graph\">{\"@context\":\"https:\\\/\\\/schema.org\",\"@graph\":[{\"@type\":\"Article\",\"@id\":\"https:\\\/\\\/www.organisator.ch\\\/human-resources\\\/fit_im_job\\\/2020-09-01\\\/produktivitaet-im-homeoffice-eine-frage-der-mentalitaet\\\/#article\",\"isPartOf\":{\"@id\":\"https:\\\/\\\/www.organisator.ch\\\/human-resources\\\/fit_im_job\\\/2020-09-01\\\/produktivitaet-im-homeoffice-eine-frage-der-mentalitaet\\\/\"},\"author\":{\"name\":\"thomas.berner\",\"@id\":\"https:\\\/\\\/www.organisator.ch\\\/#\\\/schema\\\/person\\\/6f650f90b2842cd4c0cc334b4e36f67e\"},\"headline\":\"Produktivit\u00e4t im Homeoffice: Eine Frage der Mentalit\u00e4t\",\"datePublished\":\"2020-09-01T12:11:01+00:00\",\"mainEntityOfPage\":{\"@id\":\"https:\\\/\\\/www.organisator.ch\\\/human-resources\\\/fit_im_job\\\/2020-09-01\\\/produktivitaet-im-homeoffice-eine-frage-der-mentalitaet\\\/\"},\"wordCount\":456,\"publisher\":{\"@id\":\"https:\\\/\\\/www.organisator.ch\\\/#organization\"},\"image\":{\"@id\":\"https:\\\/\\\/www.organisator.ch\\\/human-resources\\\/fit_im_job\\\/2020-09-01\\\/produktivitaet-im-homeoffice-eine-frage-der-mentalitaet\\\/#primaryimage\"},\"thumbnailUrl\":\"https:\\\/\\\/www.organisator.ch\\\/wp-content\\\/uploads\\\/2020\\\/09\\\/Produktivitaet-im-Homeoffice-Eine-Frage-der-Mentalitaet_Organisator.jpg\",\"keywords\":[\"Arbeitsplatzgestaltung\",\"Coronavirus\",\"Homeoffice\",\"Studie\"],\"articleSection\":[\"FIT IM JOB\"],\"inLanguage\":\"de\"},{\"@type\":\"WebPage\",\"@id\":\"https:\\\/\\\/www.organisator.ch\\\/human-resources\\\/fit_im_job\\\/2020-09-01\\\/produktivitaet-im-homeoffice-eine-frage-der-mentalitaet\\\/\",\"url\":\"https:\\\/\\\/www.organisator.ch\\\/human-resources\\\/fit_im_job\\\/2020-09-01\\\/produktivitaet-im-homeoffice-eine-frage-der-mentalitaet\\\/\",\"name\":\"Produktivit\u00e4t im Homeoffice: Eine Frage der Mentalit\u00e4t - Organisator\",\"isPartOf\":{\"@id\":\"https:\\\/\\\/www.organisator.ch\\\/#website\"},\"primaryImageOfPage\":{\"@id\":\"https:\\\/\\\/www.organisator.ch\\\/human-resources\\\/fit_im_job\\\/2020-09-01\\\/produktivitaet-im-homeoffice-eine-frage-der-mentalitaet\\\/#primaryimage\"},\"image\":{\"@id\":\"https:\\\/\\\/www.organisator.ch\\\/human-resources\\\/fit_im_job\\\/2020-09-01\\\/produktivitaet-im-homeoffice-eine-frage-der-mentalitaet\\\/#primaryimage\"},\"thumbnailUrl\":\"https:\\\/\\\/www.organisator.ch\\\/wp-content\\\/uploads\\\/2020\\\/09\\\/Produktivitaet-im-Homeoffice-Eine-Frage-der-Mentalitaet_Organisator.jpg\",\"datePublished\":\"2020-09-01T12:11:01+00:00\",\"description\":\"Die Produktivit\u00e4t im Homeoffice w\u00e4hrend der COVID-19 Pandemie korreliert stark mit dem Mindset der Mitarbeitenden. Dies best\u00e4tigt eine neue Studie.\",\"breadcrumb\":{\"@id\":\"https:\\\/\\\/www.organisator.ch\\\/human-resources\\\/fit_im_job\\\/2020-09-01\\\/produktivitaet-im-homeoffice-eine-frage-der-mentalitaet\\\/#breadcrumb\"},\"inLanguage\":\"de\",\"potentialAction\":[{\"@type\":\"ReadAction\",\"target\":[\"https:\\\/\\\/www.organisator.ch\\\/human-resources\\\/fit_im_job\\\/2020-09-01\\\/produktivitaet-im-homeoffice-eine-frage-der-mentalitaet\\\/\"]}]},{\"@type\":\"ImageObject\",\"inLanguage\":\"de\",\"@id\":\"https:\\\/\\\/www.organisator.ch\\\/human-resources\\\/fit_im_job\\\/2020-09-01\\\/produktivitaet-im-homeoffice-eine-frage-der-mentalitaet\\\/#primaryimage\",\"url\":\"https:\\\/\\\/www.organisator.ch\\\/wp-content\\\/uploads\\\/2020\\\/09\\\/Produktivitaet-im-Homeoffice-Eine-Frage-der-Mentalitaet_Organisator.jpg\",\"contentUrl\":\"https:\\\/\\\/www.organisator.ch\\\/wp-content\\\/uploads\\\/2020\\\/09\\\/Produktivitaet-im-Homeoffice-Eine-Frage-der-Mentalitaet_Organisator.jpg\",\"width\":680,\"height\":451,\"caption\":\"Die Produktivit\u00e4t im Homeoffice h\u00e4ngt von verschiedenen Faktoren ab. Doch eine wichtige Rolle spielt die pers\u00f6nliche Einstellung der Mitarbeitenden, wie eine aktuelle Studie zeigt. (Bild: Pixabay.com)\"},{\"@type\":\"BreadcrumbList\",\"@id\":\"https:\\\/\\\/www.organisator.ch\\\/human-resources\\\/fit_im_job\\\/2020-09-01\\\/produktivitaet-im-homeoffice-eine-frage-der-mentalitaet\\\/#breadcrumb\",\"itemListElement\":[{\"@type\":\"ListItem\",\"position\":1,\"name\":\"Home\",\"item\":\"https:\\\/\\\/www.organisator.ch\\\/\"},{\"@type\":\"ListItem\",\"position\":2,\"name\":\"Produktivit\u00e4t im Homeoffice: Eine Frage der Mentalit\u00e4t\"}]},{\"@type\":\"WebSite\",\"@id\":\"https:\\\/\\\/www.organisator.ch\\\/#website\",\"url\":\"https:\\\/\\\/www.organisator.ch\\\/\",\"name\":\"Organisator\",\"description\":\"Kompetent. Praxisnah. Der ORGANISATOR bereitet in 10 Ausgaben pro Jahr die wesentlichen Themen f\u00fcr F\u00fchrungskr\u00e4fte von KMU auf.\",\"publisher\":{\"@id\":\"https:\\\/\\\/www.organisator.ch\\\/#organization\"},\"potentialAction\":[{\"@type\":\"SearchAction\",\"target\":{\"@type\":\"EntryPoint\",\"urlTemplate\":\"https:\\\/\\\/www.organisator.ch\\\/?s={search_term_string}\"},\"query-input\":{\"@type\":\"PropertyValueSpecification\",\"valueRequired\":true,\"valueName\":\"search_term_string\"}}],\"inLanguage\":\"de\"},{\"@type\":\"Organization\",\"@id\":\"https:\\\/\\\/www.organisator.ch\\\/#organization\",\"name\":\"Organisator\",\"url\":\"https:\\\/\\\/www.organisator.ch\\\/\",\"logo\":{\"@type\":\"ImageObject\",\"inLanguage\":\"de\",\"@id\":\"https:\\\/\\\/www.organisator.ch\\\/#\\\/schema\\\/logo\\\/image\\\/\",\"url\":\"https:\\\/\\\/www.organisator.ch\\\/wp-content\\\/uploads\\\/2022\\\/01\\\/Logo_Organisator_Website.png\",\"contentUrl\":\"https:\\\/\\\/www.organisator.ch\\\/wp-content\\\/uploads\\\/2022\\\/01\\\/Logo_Organisator_Website.png\",\"width\":800,\"height\":77,\"caption\":\"Organisator\"},\"image\":{\"@id\":\"https:\\\/\\\/www.organisator.ch\\\/#\\\/schema\\\/logo\\\/image\\\/\"},\"sameAs\":[\"https:\\\/\\\/www.facebook.com\\\/OrganisatorFachmagazin\",\"https:\\\/\\\/www.linkedin.com\\\/showcase\\\/organisator-das-magazin-fr-kmu\",\"https:\\\/\\\/www.xing.com\\\/news\\\/pages\\\/organisator-ch-695\",\"https:\\\/\\\/www.youtube.com\\\/channel\\\/UCGP2Sq0iWaZwT3BdIAQFYpw\"]},{\"@type\":\"Person\",\"@id\":\"https:\\\/\\\/www.organisator.ch\\\/#\\\/schema\\\/person\\\/6f650f90b2842cd4c0cc334b4e36f67e\",\"name\":\"thomas.berner\",\"image\":{\"@type\":\"ImageObject\",\"inLanguage\":\"de\",\"@id\":\"https:\\\/\\\/secure.gravatar.com\\\/avatar\\\/ac5001d2a36cb6c6cd3e50789007ffca834b477b74a2144564522e944eabff61?s=96&d=mm&r=g\",\"url\":\"https:\\\/\\\/secure.gravatar.com\\\/avatar\\\/ac5001d2a36cb6c6cd3e50789007ffca834b477b74a2144564522e944eabff61?s=96&d=mm&r=g\",\"contentUrl\":\"https:\\\/\\\/secure.gravatar.com\\\/avatar\\\/ac5001d2a36cb6c6cd3e50789007ffca834b477b74a2144564522e944eabff61?s=96&d=mm&r=g\",\"caption\":\"thomas.berner\"},\"url\":\"https:\\\/\\\/www.organisator.ch\\\/de\\\/author\\\/thomas-berner\\\/\"}]}<\/script>\n<!-- \/ Yoast SEO plugin. -->","yoast_head_json":{"title":"Produktivit\u00e4t im Homeoffice: Eine Frage der Mentalit\u00e4t - Organisator","description":"Die Produktivit\u00e4t im Homeoffice w\u00e4hrend der COVID-19 Pandemie korreliert stark mit dem Mindset der Mitarbeitenden. Dies best\u00e4tigt eine neue Studie.","robots":{"index":"index","follow":"follow","max-snippet":"max-snippet:-1","max-image-preview":"max-image-preview:large","max-video-preview":"max-video-preview:-1"},"canonical":"https:\/\/www.organisator.ch\/de\/human-resources\/fit_im_job\/2020-09-01\/produktivitaet-im-homeoffice-eine-frage-der-mentalitaet\/","og_locale":"de_DE","og_type":"article","og_title":"Produktivit\u00e4t im Homeoffice: Eine Frage der Mentalit\u00e4t","og_description":"Die Produktivit\u00e4t im Homeoffice w\u00e4hrend der COVID-19 Pandemie korreliert stark mit dem Mindset der Mitarbeitenden. Dies best\u00e4tigt eine neue Studie.","og_url":"https:\/\/www.organisator.ch\/de\/human-resources\/fit_im_job\/2020-09-01\/produktivitaet-im-homeoffice-eine-frage-der-mentalitaet\/","og_site_name":"Organisator","article_publisher":"https:\/\/www.facebook.com\/OrganisatorFachmagazin","article_published_time":"2020-09-01T12:11:01+00:00","og_image":[{"width":680,"height":451,"url":"https:\/\/www.organisator.ch\/wp-content\/uploads\/2020\/09\/Produktivitaet-im-Homeoffice-Eine-Frage-der-Mentalitaet_Organisator.jpg","type":"image\/jpeg"}],"author":"thomas.berner","twitter_card":"summary_large_image","twitter_title":"Produktivit\u00e4t im #Homeoffice: Eine Frage der #Mentalit\u00e4t","twitter_description":"Die Produktivit\u00e4t im #Homeoffice w\u00e4hrend der #COVID-19 Pandemie korreliert stark mit dem #Mindset der Mitarbeitenden. Dies best\u00e4tigt eine neue Studie.","twitter_image":"https:\/\/www.organisator.ch\/wp-content\/uploads\/2020\/09\/Produktivitaet-im-Homeoffice-Eine-Frage-der-Mentalitaet_Organisator.jpg","schema":{"@context":"https:\/\/schema.org","@graph":[{"@type":"Article","@id":"https:\/\/www.organisator.ch\/human-resources\/fit_im_job\/2020-09-01\/produktivitaet-im-homeoffice-eine-frage-der-mentalitaet\/#article","isPartOf":{"@id":"https:\/\/www.organisator.ch\/human-resources\/fit_im_job\/2020-09-01\/produktivitaet-im-homeoffice-eine-frage-der-mentalitaet\/"},"author":{"name":"thomas.berner","@id":"https:\/\/www.organisator.ch\/#\/schema\/person\/6f650f90b2842cd4c0cc334b4e36f67e"},"headline":"Produktivit\u00e4t im Homeoffice: Eine Frage der Mentalit\u00e4t","datePublished":"2020-09-01T12:11:01+00:00","mainEntityOfPage":{"@id":"https:\/\/www.organisator.ch\/human-resources\/fit_im_job\/2020-09-01\/produktivitaet-im-homeoffice-eine-frage-der-mentalitaet\/"},"wordCount":456,"publisher":{"@id":"https:\/\/www.organisator.ch\/#organization"},"image":{"@id":"https:\/\/www.organisator.ch\/human-resources\/fit_im_job\/2020-09-01\/produktivitaet-im-homeoffice-eine-frage-der-mentalitaet\/#primaryimage"},"thumbnailUrl":"https:\/\/www.organisator.ch\/wp-content\/uploads\/2020\/09\/Produktivitaet-im-Homeoffice-Eine-Frage-der-Mentalitaet_Organisator.jpg","keywords":["Arbeitsplatzgestaltung","Coronavirus","Homeoffice","Studie"],"articleSection":["FIT IM JOB"],"inLanguage":"de"},{"@type":"WebPage","@id":"https:\/\/www.organisator.ch\/human-resources\/fit_im_job\/2020-09-01\/produktivitaet-im-homeoffice-eine-frage-der-mentalitaet\/","url":"https:\/\/www.organisator.ch\/human-resources\/fit_im_job\/2020-09-01\/produktivitaet-im-homeoffice-eine-frage-der-mentalitaet\/","name":"Produktivit\u00e4t im Homeoffice: Eine Frage der Mentalit\u00e4t - Organisator","isPartOf":{"@id":"https:\/\/www.organisator.ch\/#website"},"primaryImageOfPage":{"@id":"https:\/\/www.organisator.ch\/human-resources\/fit_im_job\/2020-09-01\/produktivitaet-im-homeoffice-eine-frage-der-mentalitaet\/#primaryimage"},"image":{"@id":"https:\/\/www.organisator.ch\/human-resources\/fit_im_job\/2020-09-01\/produktivitaet-im-homeoffice-eine-frage-der-mentalitaet\/#primaryimage"},"thumbnailUrl":"https:\/\/www.organisator.ch\/wp-content\/uploads\/2020\/09\/Produktivitaet-im-Homeoffice-Eine-Frage-der-Mentalitaet_Organisator.jpg","datePublished":"2020-09-01T12:11:01+00:00","description":"Die Produktivit\u00e4t im Homeoffice w\u00e4hrend der COVID-19 Pandemie korreliert stark mit dem Mindset der Mitarbeitenden. Dies best\u00e4tigt eine neue Studie.","breadcrumb":{"@id":"https:\/\/www.organisator.ch\/human-resources\/fit_im_job\/2020-09-01\/produktivitaet-im-homeoffice-eine-frage-der-mentalitaet\/#breadcrumb"},"inLanguage":"de","potentialAction":[{"@type":"ReadAction","target":["https:\/\/www.organisator.ch\/human-resources\/fit_im_job\/2020-09-01\/produktivitaet-im-homeoffice-eine-frage-der-mentalitaet\/"]}]},{"@type":"ImageObject","inLanguage":"de","@id":"https:\/\/www.organisator.ch\/human-resources\/fit_im_job\/2020-09-01\/produktivitaet-im-homeoffice-eine-frage-der-mentalitaet\/#primaryimage","url":"https:\/\/www.organisator.ch\/wp-content\/uploads\/2020\/09\/Produktivitaet-im-Homeoffice-Eine-Frage-der-Mentalitaet_Organisator.jpg","contentUrl":"https:\/\/www.organisator.ch\/wp-content\/uploads\/2020\/09\/Produktivitaet-im-Homeoffice-Eine-Frage-der-Mentalitaet_Organisator.jpg","width":680,"height":451,"caption":"Die Produktivit\u00e4t im Homeoffice h\u00e4ngt von verschiedenen Faktoren ab. Doch eine wichtige Rolle spielt die pers\u00f6nliche Einstellung der Mitarbeitenden, wie eine aktuelle Studie zeigt. (Bild: Pixabay.com)"},{"@type":"BreadcrumbList","@id":"https:\/\/www.organisator.ch\/human-resources\/fit_im_job\/2020-09-01\/produktivitaet-im-homeoffice-eine-frage-der-mentalitaet\/#breadcrumb","itemListElement":[{"@type":"ListItem","position":1,"name":"Home","item":"https:\/\/www.organisator.ch\/"},{"@type":"ListItem","position":2,"name":"Produktivit\u00e4t im Homeoffice: Eine Frage der Mentalit\u00e4t"}]},{"@type":"WebSite","@id":"https:\/\/www.organisator.ch\/#website","url":"https:\/\/www.organisator.ch\/","name":"Organisator","description":"Kompetent. Praxisnah. Der ORGANISATOR bereitet in 10 Ausgaben pro Jahr die wesentlichen Themen f\u00fcr F\u00fchrungskr\u00e4fte von KMU auf.","publisher":{"@id":"https:\/\/www.organisator.ch\/#organization"},"potentialAction":[{"@type":"SearchAction","target":{"@type":"EntryPoint","urlTemplate":"https:\/\/www.organisator.ch\/?s={search_term_string}"},"query-input":{"@type":"PropertyValueSpecification","valueRequired":true,"valueName":"search_term_string"}}],"inLanguage":"de"},{"@type":"Organization","@id":"https:\/\/www.organisator.ch\/#organization","name":"Organisator","url":"https:\/\/www.organisator.ch\/","logo":{"@type":"ImageObject","inLanguage":"de","@id":"https:\/\/www.organisator.ch\/#\/schema\/logo\/image\/","url":"https:\/\/www.organisator.ch\/wp-content\/uploads\/2022\/01\/Logo_Organisator_Website.png","contentUrl":"https:\/\/www.organisator.ch\/wp-content\/uploads\/2022\/01\/Logo_Organisator_Website.png","width":800,"height":77,"caption":"Organisator"},"image":{"@id":"https:\/\/www.organisator.ch\/#\/schema\/logo\/image\/"},"sameAs":["https:\/\/www.facebook.com\/OrganisatorFachmagazin","https:\/\/www.linkedin.com\/showcase\/organisator-das-magazin-fr-kmu","https:\/\/www.xing.com\/news\/pages\/organisator-ch-695","https:\/\/www.youtube.com\/channel\/UCGP2Sq0iWaZwT3BdIAQFYpw"]},{"@type":"Person","@id":"https:\/\/www.organisator.ch\/#\/schema\/person\/6f650f90b2842cd4c0cc334b4e36f67e","name":"thomas.berner","image":{"@type":"ImageObject","inLanguage":"de","@id":"https:\/\/secure.gravatar.com\/avatar\/ac5001d2a36cb6c6cd3e50789007ffca834b477b74a2144564522e944eabff61?s=96&d=mm&r=g","url":"https:\/\/secure.gravatar.com\/avatar\/ac5001d2a36cb6c6cd3e50789007ffca834b477b74a2144564522e944eabff61?s=96&d=mm&r=g","contentUrl":"https:\/\/secure.gravatar.com\/avatar\/ac5001d2a36cb6c6cd3e50789007ffca834b477b74a2144564522e944eabff61?s=96&d=mm&r=g","caption":"thomas.berner"},"url":"https:\/\/www.organisator.ch\/de\/author\/thomas-berner\/"}]}},"_links":{"self":[{"href":"https:\/\/www.organisator.ch\/de\/wp-json\/wp\/v2\/posts\/7065","targetHints":{"allow":["GET"]}}],"collection":[{"href":"https:\/\/www.organisator.ch\/de\/wp-json\/wp\/v2\/posts"}],"about":[{"href":"https:\/\/www.organisator.ch\/de\/wp-json\/wp\/v2\/types\/post"}],"author":[{"embeddable":true,"href":"https:\/\/www.organisator.ch\/de\/wp-json\/wp\/v2\/users\/4"}],"replies":[{"embeddable":true,"href":"https:\/\/www.organisator.ch\/de\/wp-json\/wp\/v2\/comments?post=7065"}],"version-history":[{"count":0,"href":"https:\/\/www.organisator.ch\/de\/wp-json\/wp\/v2\/posts\/7065\/revisions"}],"wp:featuredmedia":[{"embeddable":true,"href":"https:\/\/www.organisator.ch\/de\/wp-json\/wp\/v2\/media\/7066"}],"wp:attachment":[{"href":"https:\/\/www.organisator.ch\/de\/wp-json\/wp\/v2\/media?parent=7065"}],"wp:term":[{"taxonomy":"category","embeddable":true,"href":"https:\/\/www.organisator.ch\/de\/wp-json\/wp\/v2\/categories?post=7065"},{"taxonomy":"post_tag","embeddable":true,"href":"https:\/\/www.organisator.ch\/de\/wp-json\/wp\/v2\/tags?post=7065"}],"curies":[{"name":"wp","href":"https:\/\/api.w.org\/{rel}","templated":true}]}}