{"id":7071,"date":"2020-09-04T09:59:37","date_gmt":"2020-09-04T07:59:37","guid":{"rendered":"https:\/\/www.organisator.ch\/?p=7071"},"modified":"2020-09-04T09:59:37","modified_gmt":"2020-09-04T07:59:37","slug":"kmu-swiss-podium-2020-kultur-ist-keine-projektarbeit","status":"publish","type":"post","link":"https:\/\/www.organisator.ch\/de\/management\/2020-09-04\/kmu-swiss-podium-2020-kultur-ist-keine-projektarbeit\/","title":{"rendered":"KMU Swiss Podium 2020: \u00abKultur ist keine Projektarbeit\u00bb"},"content":{"rendered":"<figure id=\"attachment_7072\" aria-describedby=\"caption-attachment-7072\" style=\"width: 680px\" class=\"wp-caption alignnone\"><img loading=\"lazy\" decoding=\"async\" class=\"size-medium wp-image-7072\" src=\"https:\/\/www.organisator.ch\/wp-content\/uploads\/2020\/09\/KMU-Swiss-Podium-2020-Kultur-ist-keine-Projektarbeit-1_Organisator.jpg\" alt=\"\" width=\"680\" height=\"452\" srcset=\"https:\/\/www.organisator.ch\/wp-content\/uploads\/2020\/09\/KMU-Swiss-Podium-2020-Kultur-ist-keine-Projektarbeit-1_Organisator.jpg 680w, https:\/\/www.organisator.ch\/wp-content\/uploads\/2020\/09\/KMU-Swiss-Podium-2020-Kultur-ist-keine-Projektarbeit-1_Organisator-16x12.jpg 16w, https:\/\/www.organisator.ch\/wp-content\/uploads\/2020\/09\/KMU-Swiss-Podium-2020-Kultur-ist-keine-Projektarbeit-1_Organisator-263x175.jpg 263w, https:\/\/www.organisator.ch\/wp-content\/uploads\/2020\/09\/KMU-Swiss-Podium-2020-Kultur-ist-keine-Projektarbeit-1_Organisator-527x350.jpg 527w, https:\/\/www.organisator.ch\/wp-content\/uploads\/2020\/09\/KMU-Swiss-Podium-2020-Kultur-ist-keine-Projektarbeit-1_Organisator-300x199.jpg 300w\" sizes=\"auto, (max-width: 680px) 100vw, 680px\" \/><figcaption id=\"caption-attachment-7072\" class=\"wp-caption-text\">Armin Baumann begr\u00fcsst die G\u00e4ste und Referenten am KMU Swiss Podium 2020. (Bild: Thomas Berner)<\/figcaption><\/figure>\n<p>Es war sowohl Veranstalter Armin Baumann von KMU SWISS AG wie auch vielen G\u00e4sten anzumerken: Man genoss es, sich wieder einmal von Angesicht zu Angesicht zu treffen und Gespr\u00e4che zu f\u00fchren abseits von Homeoffice und Videokonferenzen. Die Organisatoren unternahmen alles, um die Hygienevorschriften, Abstandsregeln und das Contact Tracing zu gew\u00e4hrleisten, die damit verbundenen \u00abAbstriche\u00bb an der Spontaneit\u00e4t waren aber \u00fcberschaubar. Der Beweis wurde erbracht, dass gr\u00f6ssere Live-Veranstaltungen wieder mehr oder weniger problemlos durchgef\u00fchrt werden k\u00f6nnen \u2013 und deren Besuch eigentlich kein Risiko darstellen sollte.<\/p>\n<p>Dass Anl\u00e4sse wie das KMU Swiss Podium 2020 einem Bed\u00fcrfnis entsprechen, zeigte sich an der Anwesenheit von rund 250 G\u00e4sten. \u00abDie Leute wollen zusammenkommen\u00bb, sagte Armin Baumann einleitend. Die digitale Welt sei eben nicht alles, sie habe sich aber gleichwohl \u00abein bisschen\u00bb durchgesetzt, so Baumann weiter. Ersetzen k\u00f6nne sie den pers\u00f6nlichen Kontakt aber niemals. So gesehen passte auch das Tagungsmotto \u00abKult und Kultur\u00bb, denn pers\u00f6nliche Gespr\u00e4che geh\u00f6ren schliesslich zu unserer Kultur.<\/p>\n<h2>Innovation &#8211; auch eine Frage der Kultur<\/h2>\n<p>Im ersten Referat ging es dann aber um eine andere Facette: \u00abInnovationsmanagement als Kulturwandel\u00bb lautete das Thema von Dr. Harald Brodbeck (Fernfachhochschule Schweiz FFHS) und Sabrina Ernst (Neosight AG). Sie betonten, dass man Kultur einem Unternehmen nicht einfach \u00fcber Projektarbeit vermitteln kann. Erst recht nicht, wenn daraus eine Innovationskultur entstehen soll. Idealerweise erm\u00f6glicht aber Kultur erst Innovation, und Innovation formt wiederum Kultur. Diesen Kreislauf gilt es anders zu aktivieren. Die Referenten zeigten dies anhand von vier Stellhebeln: Innovationsstrategie (es braucht Klarheit \u00fcber Ziele), Innovationsstrukturen, Innovationsprozesse und Innovationswerkzeuge. Letzteres ben\u00f6tige auch die Existenz einer Fehlerkultur \u2013 etwas, womit sich in der Erfahrung der beiden Referenten noch viele Unternehmen schwer tun.<\/p>\n<figure id=\"attachment_7073\" aria-describedby=\"caption-attachment-7073\" style=\"width: 680px\" class=\"wp-caption alignnone\"><img loading=\"lazy\" decoding=\"async\" class=\"size-medium wp-image-7073\" src=\"https:\/\/www.organisator.ch\/wp-content\/uploads\/2020\/09\/KMU-Swiss-Podium-2020-Kultur-ist-keine-Projektarbeit-2_Organisator.jpg\" alt=\"\" width=\"680\" height=\"465\" srcset=\"https:\/\/www.organisator.ch\/wp-content\/uploads\/2020\/09\/KMU-Swiss-Podium-2020-Kultur-ist-keine-Projektarbeit-2_Organisator.jpg 680w, https:\/\/www.organisator.ch\/wp-content\/uploads\/2020\/09\/KMU-Swiss-Podium-2020-Kultur-ist-keine-Projektarbeit-2_Organisator-16x12.jpg 16w, https:\/\/www.organisator.ch\/wp-content\/uploads\/2020\/09\/KMU-Swiss-Podium-2020-Kultur-ist-keine-Projektarbeit-2_Organisator-256x175.jpg 256w, https:\/\/www.organisator.ch\/wp-content\/uploads\/2020\/09\/KMU-Swiss-Podium-2020-Kultur-ist-keine-Projektarbeit-2_Organisator-512x350.jpg 512w, https:\/\/www.organisator.ch\/wp-content\/uploads\/2020\/09\/KMU-Swiss-Podium-2020-Kultur-ist-keine-Projektarbeit-2_Organisator-300x205.jpg 300w\" sizes=\"auto, (max-width: 680px) 100vw, 680px\" \/><figcaption id=\"caption-attachment-7073\" class=\"wp-caption-text\">Dr. Harald Brodbeck zeigt unterschiedliche Innovationskulturen. (Bild: Thomas Berner)<\/figcaption><\/figure>\n<p>Thomas Matter, SVP-Nationalrat und Gr\u00fcndungspartner der Helvetischen Bank, machte sich anschliessend Gedanken zum Thema \u00abKonzern- versus KMU-Kultur\u00bb. Er betonte, dass die Wirtschaft, indem sie Arbeitspl\u00e4tze schafft und vielen Menschen damit eine Existenz erm\u00f6glicht, eine enorme kulturelle Leistung erbringe. Er zog eine klare Linie zwischen den Unternehmern, die ihre soziale Verantwortung wahrnehmen und Arbeitspl\u00e4tze schaffen und Managern, die sich \u00ab\u00fcppig beim Geld bedienen, das ihnen nicht geh\u00f6rt\u00bb. Und keinen Hehl machte er aus seiner Meinung zur Beziehung unseres Landes mit der EU und der Personenfreiz\u00fcgigkeit, womit er aber nicht das ganze Publikum abzuholen vermochte.<\/p>\n<h2>Auch am KMU Swiss Podium 2020 ein Thema: K\u00fcnstliche Intelligenz<\/h2>\n<p>Kein Anlass ohne das Thema \u00abK\u00fcnstliche Intelligenz\u00bb: Das war auch am KMU Swiss Podium 2020 nicht anders. Nino Weingart von BSI Business Systems Integration AG erl\u00e4uterte, wie und wo KMU k\u00fcnstliche Intelligenz einsetzen k\u00f6nnen. Vier Voraussetzungen m\u00fcssten dabei erf\u00fcllt sein: Erstens muss ein geeigneter Business Case vorliegen, den man als Unternehmen perfekt kennen m\u00fcsse. \u00abNie ein KI-Projekt machen, wenn es auch ohne gehen w\u00fcrde\u00bb, so der Tipp des Experten. Zweitens geht es um Daten bzw. deren Verf\u00fcgbarkeit und Qualit\u00e4t, drittens um das richtige Team und viertens das Budget. Die wenigsten KMU verf\u00fcgen aber \u00fcber entsprechende Ressourcen, deshalb biete sich als Ansatz \u00abAI as a service\u00bb an.<\/p>\n<figure id=\"attachment_7074\" aria-describedby=\"caption-attachment-7074\" style=\"width: 680px\" class=\"wp-caption alignnone\"><img loading=\"lazy\" decoding=\"async\" class=\"size-medium wp-image-7074\" src=\"https:\/\/www.organisator.ch\/wp-content\/uploads\/2020\/09\/KMU-Swiss-Podium-2020-Kultur-ist-keine-Projektarbeit-3_Organisator.jpg\" alt=\"\" width=\"680\" height=\"452\" srcset=\"https:\/\/www.organisator.ch\/wp-content\/uploads\/2020\/09\/KMU-Swiss-Podium-2020-Kultur-ist-keine-Projektarbeit-3_Organisator.jpg 680w, https:\/\/www.organisator.ch\/wp-content\/uploads\/2020\/09\/KMU-Swiss-Podium-2020-Kultur-ist-keine-Projektarbeit-3_Organisator-16x12.jpg 16w, https:\/\/www.organisator.ch\/wp-content\/uploads\/2020\/09\/KMU-Swiss-Podium-2020-Kultur-ist-keine-Projektarbeit-3_Organisator-263x175.jpg 263w, https:\/\/www.organisator.ch\/wp-content\/uploads\/2020\/09\/KMU-Swiss-Podium-2020-Kultur-ist-keine-Projektarbeit-3_Organisator-527x350.jpg 527w, https:\/\/www.organisator.ch\/wp-content\/uploads\/2020\/09\/KMU-Swiss-Podium-2020-Kultur-ist-keine-Projektarbeit-3_Organisator-300x199.jpg 300w\" sizes=\"auto, (max-width: 680px) 100vw, 680px\" \/><figcaption id=\"caption-attachment-7074\" class=\"wp-caption-text\">Moderator Michael Sokoll (links) im Gespr\u00e4ch mit Nino Weingart \u00fcber zum Thema K\u00fcnstliche Intelligenz. (Bild: Thomas Berner)<\/figcaption><\/figure>\n<p>Viele KMU sind international t\u00e4tig und damit erfolgreich. Dass der Weg zum Erfolg im Ausland durchaus auch steinig sein kann, zeigte Simone Wyss Fedele, CEO von Switzerland Globale Enterprise (S-GE). Sie wies darauf hin, dass Kulturunterschiede zwischen L\u00e4ndern besonders am Anfang noch h\u00e4ufig untersch\u00e4tzt w\u00fcrden. Anhand von Beispielen aus den USA, China, S\u00fcdkorea und dem Mittleren Osten zeigte sie, worauf es zu achten gilt, wenn man in diesen L\u00e4ndern erfolgreich Gesch\u00e4fte machen will.<\/p>\n<h2>Und zum Schluss ein Stargast<\/h2>\n<p>Den letzten Teil des Nachmittags leitete der Aargauer Regierungsrat Urs Hoffmann mit seinen Ausf\u00fchrungen zu \u00abInnovative Frauen und M\u00e4nner im Aargau\u00bb ein. Anschliessend bildete die von Moderator Michael Sokoll gef\u00fchrte Podiumsdiskussion mit ihm und dem eigentlichen \u00abStargast\u00bb, der Schauspielerin, Moderatorin (\u00abRTL Samstagnacht\u00bb) und Regisseurin Esther Schweins, den abschliessenden H\u00f6hepunkt. Ebenfalls f\u00fcr spektakul\u00e4re Unterhaltung zwischen den einzelnen Referatebl\u00f6cken sorgte das Duo \u00abinmot!on\u00bb mit seinen Showeinlagen mit Jojos, Leuchtst\u00e4ben und anderen \u00abSpielzeugen\u00bb.<\/p>\n<p><a href=\"http:\/\/www.kmuswiss.ch\/\"><em>www.kmuswiss.ch<\/em><\/a><\/p>\n","protected":false},"excerpt":{"rendered":"<p>Es war sowohl Veranstalter Armin Baumann von KMU SWISS AG wie auch vielen G\u00e4sten anzumerken: Man genoss es, sich wieder einmal von Angesicht zu Angesicht zu treffen und Gespr\u00e4che zu f\u00fchren abseits von Homeoffice und Videokonferenzen. Die Organisatoren unternahmen alles, um die Hygienevorschriften, Abstandsregeln und das Contact Tracing zu gew\u00e4hrleisten, die damit verbundenen \u00abAbstriche\u00bb an [&hellip;]<\/p>\n","protected":false},"author":4,"featured_media":7072,"comment_status":"closed","ping_status":"closed","sticky":false,"template":"","format":"standard","meta":{"_acf_changed":false,"_yoast_wpseo_focuskw":"KMU Swiss Podium 2020","_yoast_wpseo_metadesc":"Ein weiterer Wirtschaftsanlass unter \u00abCorona-Bedingungen\u00bb fand am 3. September 2020 im Campussaal Brugg\/Windisch statt: Das KMU Swiss Podium 2020.","articlekey":"","footnotes":""},"categories":[28],"tags":[193,320,335,469,508],"class_list":["post-7071","post","type-post","status-publish","format-standard","has-post-thumbnail","hentry","category-management","tag-fachkongressfachmesse","tag-leadership","tag-management-und-unternehmensfuehrung","tag-tagungen-events","tag-vermischtes"],"acf":[],"yoast_head":"<!-- This site is optimized with the Yoast SEO plugin v27.4 - https:\/\/yoast.com\/product\/yoast-seo-wordpress\/ -->\n<title>KMU Swiss Podium 2020: \u00abKultur ist keine Projektarbeit\u00bb - Organisator<\/title>\n<meta name=\"description\" content=\"Ein weiterer Wirtschaftsanlass unter \u00abCorona-Bedingungen\u00bb fand am 3. September 2020 im Campussaal Brugg\/Windisch statt: Das KMU Swiss Podium 2020.\" \/>\n<meta name=\"robots\" content=\"index, follow, max-snippet:-1, max-image-preview:large, max-video-preview:-1\" \/>\n<link rel=\"canonical\" href=\"https:\/\/www.organisator.ch\/de\/management\/2020-09-04\/kmu-swiss-podium-2020-kultur-ist-keine-projektarbeit\/\" \/>\n<meta property=\"og:locale\" content=\"de_DE\" \/>\n<meta property=\"og:type\" content=\"article\" \/>\n<meta property=\"og:title\" content=\"KMU Swiss Podium 2020: \u00abKultur ist keine Projektarbeit\u00bb\" \/>\n<meta property=\"og:description\" content=\"Ein weiterer Wirtschaftsanlass unter \u00abCorona-Bedingungen\u00bb fand am 3. September 2020 im Campussaal Brugg\/Windisch statt: Das KMU Swiss Podium 2020.\" \/>\n<meta property=\"og:url\" content=\"https:\/\/www.organisator.ch\/de\/management\/2020-09-04\/kmu-swiss-podium-2020-kultur-ist-keine-projektarbeit\/\" \/>\n<meta property=\"og:site_name\" content=\"Organisator\" \/>\n<meta property=\"article:publisher\" content=\"https:\/\/www.facebook.com\/OrganisatorFachmagazin\" \/>\n<meta property=\"article:published_time\" content=\"2020-09-04T07:59:37+00:00\" \/>\n<meta property=\"og:image\" content=\"https:\/\/www.organisator.ch\/wp-content\/uploads\/2020\/09\/KMU-Swiss-Podium-2020-Kultur-ist-keine-Projektarbeit-1_Organisator.jpg\" \/>\n\t<meta property=\"og:image:width\" content=\"680\" \/>\n\t<meta property=\"og:image:height\" content=\"452\" \/>\n\t<meta property=\"og:image:type\" content=\"image\/jpeg\" \/>\n<meta name=\"author\" content=\"thomas.berner\" \/>\n<meta name=\"twitter:card\" content=\"summary_large_image\" \/>\n<meta name=\"twitter:title\" content=\"#KMUSwiss Podium 2020: \u00abKultur ist keine #Projektarbeit\u00bb\" \/>\n<meta name=\"twitter:description\" content=\"Ein weiterer #Wirtschaftsanlass unter \u00ab#Corona-Bedingungen\u00bb fand am 3. September 2020 im #Campussaal Brugg\/Windisch statt: Das #KMUSwiss Podium 2020.\" \/>\n<meta name=\"twitter:image\" content=\"https:\/\/www.organisator.ch\/wp-content\/uploads\/2020\/09\/KMU-Swiss-Podium-2020-Kultur-ist-keine-Projektarbeit-1_Organisator.jpg\" \/>\n<script type=\"application\/ld+json\" class=\"yoast-schema-graph\">{\"@context\":\"https:\\\/\\\/schema.org\",\"@graph\":[{\"@type\":\"Article\",\"@id\":\"https:\\\/\\\/www.organisator.ch\\\/management\\\/2020-09-04\\\/kmu-swiss-podium-2020-kultur-ist-keine-projektarbeit\\\/#article\",\"isPartOf\":{\"@id\":\"https:\\\/\\\/www.organisator.ch\\\/management\\\/2020-09-04\\\/kmu-swiss-podium-2020-kultur-ist-keine-projektarbeit\\\/\"},\"author\":{\"name\":\"thomas.berner\",\"@id\":\"https:\\\/\\\/www.organisator.ch\\\/#\\\/schema\\\/person\\\/6f650f90b2842cd4c0cc334b4e36f67e\"},\"headline\":\"KMU Swiss Podium 2020: \u00abKultur ist keine Projektarbeit\u00bb\",\"datePublished\":\"2020-09-04T07:59:37+00:00\",\"mainEntityOfPage\":{\"@id\":\"https:\\\/\\\/www.organisator.ch\\\/management\\\/2020-09-04\\\/kmu-swiss-podium-2020-kultur-ist-keine-projektarbeit\\\/\"},\"wordCount\":750,\"publisher\":{\"@id\":\"https:\\\/\\\/www.organisator.ch\\\/#organization\"},\"image\":{\"@id\":\"https:\\\/\\\/www.organisator.ch\\\/management\\\/2020-09-04\\\/kmu-swiss-podium-2020-kultur-ist-keine-projektarbeit\\\/#primaryimage\"},\"thumbnailUrl\":\"https:\\\/\\\/www.organisator.ch\\\/wp-content\\\/uploads\\\/2020\\\/09\\\/KMU-Swiss-Podium-2020-Kultur-ist-keine-Projektarbeit-1_Organisator.jpg\",\"keywords\":[\"Fachkongress\\\/Fachmesse\",\"Leadership\",\"Management und Unternehmensf\u00fchrung\",\"Tagungen &amp; Events\",\"Vermischtes\"],\"articleSection\":[\"MANAGEMENT\"],\"inLanguage\":\"de\"},{\"@type\":\"WebPage\",\"@id\":\"https:\\\/\\\/www.organisator.ch\\\/management\\\/2020-09-04\\\/kmu-swiss-podium-2020-kultur-ist-keine-projektarbeit\\\/\",\"url\":\"https:\\\/\\\/www.organisator.ch\\\/management\\\/2020-09-04\\\/kmu-swiss-podium-2020-kultur-ist-keine-projektarbeit\\\/\",\"name\":\"KMU Swiss Podium 2020: \u00abKultur ist keine Projektarbeit\u00bb - Organisator\",\"isPartOf\":{\"@id\":\"https:\\\/\\\/www.organisator.ch\\\/#website\"},\"primaryImageOfPage\":{\"@id\":\"https:\\\/\\\/www.organisator.ch\\\/management\\\/2020-09-04\\\/kmu-swiss-podium-2020-kultur-ist-keine-projektarbeit\\\/#primaryimage\"},\"image\":{\"@id\":\"https:\\\/\\\/www.organisator.ch\\\/management\\\/2020-09-04\\\/kmu-swiss-podium-2020-kultur-ist-keine-projektarbeit\\\/#primaryimage\"},\"thumbnailUrl\":\"https:\\\/\\\/www.organisator.ch\\\/wp-content\\\/uploads\\\/2020\\\/09\\\/KMU-Swiss-Podium-2020-Kultur-ist-keine-Projektarbeit-1_Organisator.jpg\",\"datePublished\":\"2020-09-04T07:59:37+00:00\",\"description\":\"Ein weiterer Wirtschaftsanlass unter \u00abCorona-Bedingungen\u00bb fand am 3. September 2020 im Campussaal Brugg\\\/Windisch statt: Das KMU Swiss Podium 2020.\",\"breadcrumb\":{\"@id\":\"https:\\\/\\\/www.organisator.ch\\\/management\\\/2020-09-04\\\/kmu-swiss-podium-2020-kultur-ist-keine-projektarbeit\\\/#breadcrumb\"},\"inLanguage\":\"de\",\"potentialAction\":[{\"@type\":\"ReadAction\",\"target\":[\"https:\\\/\\\/www.organisator.ch\\\/management\\\/2020-09-04\\\/kmu-swiss-podium-2020-kultur-ist-keine-projektarbeit\\\/\"]}]},{\"@type\":\"ImageObject\",\"inLanguage\":\"de\",\"@id\":\"https:\\\/\\\/www.organisator.ch\\\/management\\\/2020-09-04\\\/kmu-swiss-podium-2020-kultur-ist-keine-projektarbeit\\\/#primaryimage\",\"url\":\"https:\\\/\\\/www.organisator.ch\\\/wp-content\\\/uploads\\\/2020\\\/09\\\/KMU-Swiss-Podium-2020-Kultur-ist-keine-Projektarbeit-1_Organisator.jpg\",\"contentUrl\":\"https:\\\/\\\/www.organisator.ch\\\/wp-content\\\/uploads\\\/2020\\\/09\\\/KMU-Swiss-Podium-2020-Kultur-ist-keine-Projektarbeit-1_Organisator.jpg\",\"width\":680,\"height\":452,\"caption\":\"Armin Baumann begr\u00fcsst die G\u00e4ste und Referenten am KMU Swiss Podium 2020. (Bild: Thomas Berner)\"},{\"@type\":\"BreadcrumbList\",\"@id\":\"https:\\\/\\\/www.organisator.ch\\\/management\\\/2020-09-04\\\/kmu-swiss-podium-2020-kultur-ist-keine-projektarbeit\\\/#breadcrumb\",\"itemListElement\":[{\"@type\":\"ListItem\",\"position\":1,\"name\":\"Home\",\"item\":\"https:\\\/\\\/www.organisator.ch\\\/\"},{\"@type\":\"ListItem\",\"position\":2,\"name\":\"KMU Swiss Podium 2020: \u00abKultur ist keine Projektarbeit\u00bb\"}]},{\"@type\":\"WebSite\",\"@id\":\"https:\\\/\\\/www.organisator.ch\\\/#website\",\"url\":\"https:\\\/\\\/www.organisator.ch\\\/\",\"name\":\"Organisator\",\"description\":\"Kompetent. Praxisnah. Der ORGANISATOR bereitet in 10 Ausgaben pro Jahr die wesentlichen Themen f\u00fcr F\u00fchrungskr\u00e4fte von KMU auf.\",\"publisher\":{\"@id\":\"https:\\\/\\\/www.organisator.ch\\\/#organization\"},\"potentialAction\":[{\"@type\":\"SearchAction\",\"target\":{\"@type\":\"EntryPoint\",\"urlTemplate\":\"https:\\\/\\\/www.organisator.ch\\\/?s={search_term_string}\"},\"query-input\":{\"@type\":\"PropertyValueSpecification\",\"valueRequired\":true,\"valueName\":\"search_term_string\"}}],\"inLanguage\":\"de\"},{\"@type\":\"Organization\",\"@id\":\"https:\\\/\\\/www.organisator.ch\\\/#organization\",\"name\":\"Organisator\",\"url\":\"https:\\\/\\\/www.organisator.ch\\\/\",\"logo\":{\"@type\":\"ImageObject\",\"inLanguage\":\"de\",\"@id\":\"https:\\\/\\\/www.organisator.ch\\\/#\\\/schema\\\/logo\\\/image\\\/\",\"url\":\"https:\\\/\\\/www.organisator.ch\\\/wp-content\\\/uploads\\\/2022\\\/01\\\/Logo_Organisator_Website.png\",\"contentUrl\":\"https:\\\/\\\/www.organisator.ch\\\/wp-content\\\/uploads\\\/2022\\\/01\\\/Logo_Organisator_Website.png\",\"width\":800,\"height\":77,\"caption\":\"Organisator\"},\"image\":{\"@id\":\"https:\\\/\\\/www.organisator.ch\\\/#\\\/schema\\\/logo\\\/image\\\/\"},\"sameAs\":[\"https:\\\/\\\/www.facebook.com\\\/OrganisatorFachmagazin\",\"https:\\\/\\\/www.linkedin.com\\\/showcase\\\/organisator-das-magazin-fr-kmu\",\"https:\\\/\\\/www.xing.com\\\/news\\\/pages\\\/organisator-ch-695\",\"https:\\\/\\\/www.youtube.com\\\/channel\\\/UCGP2Sq0iWaZwT3BdIAQFYpw\"]},{\"@type\":\"Person\",\"@id\":\"https:\\\/\\\/www.organisator.ch\\\/#\\\/schema\\\/person\\\/6f650f90b2842cd4c0cc334b4e36f67e\",\"name\":\"thomas.berner\",\"image\":{\"@type\":\"ImageObject\",\"inLanguage\":\"de\",\"@id\":\"https:\\\/\\\/secure.gravatar.com\\\/avatar\\\/ac5001d2a36cb6c6cd3e50789007ffca834b477b74a2144564522e944eabff61?s=96&d=mm&r=g\",\"url\":\"https:\\\/\\\/secure.gravatar.com\\\/avatar\\\/ac5001d2a36cb6c6cd3e50789007ffca834b477b74a2144564522e944eabff61?s=96&d=mm&r=g\",\"contentUrl\":\"https:\\\/\\\/secure.gravatar.com\\\/avatar\\\/ac5001d2a36cb6c6cd3e50789007ffca834b477b74a2144564522e944eabff61?s=96&d=mm&r=g\",\"caption\":\"thomas.berner\"},\"url\":\"https:\\\/\\\/www.organisator.ch\\\/de\\\/author\\\/thomas-berner\\\/\"}]}<\/script>\n<!-- \/ Yoast SEO plugin. -->","yoast_head_json":{"title":"KMU Swiss Podium 2020: \u00abKultur ist keine Projektarbeit\u00bb - Organisator","description":"Ein weiterer Wirtschaftsanlass unter \u00abCorona-Bedingungen\u00bb fand am 3. September 2020 im Campussaal Brugg\/Windisch statt: Das KMU Swiss Podium 2020.","robots":{"index":"index","follow":"follow","max-snippet":"max-snippet:-1","max-image-preview":"max-image-preview:large","max-video-preview":"max-video-preview:-1"},"canonical":"https:\/\/www.organisator.ch\/de\/management\/2020-09-04\/kmu-swiss-podium-2020-kultur-ist-keine-projektarbeit\/","og_locale":"de_DE","og_type":"article","og_title":"KMU Swiss Podium 2020: \u00abKultur ist keine Projektarbeit\u00bb","og_description":"Ein weiterer Wirtschaftsanlass unter \u00abCorona-Bedingungen\u00bb fand am 3. September 2020 im Campussaal Brugg\/Windisch statt: Das KMU Swiss Podium 2020.","og_url":"https:\/\/www.organisator.ch\/de\/management\/2020-09-04\/kmu-swiss-podium-2020-kultur-ist-keine-projektarbeit\/","og_site_name":"Organisator","article_publisher":"https:\/\/www.facebook.com\/OrganisatorFachmagazin","article_published_time":"2020-09-04T07:59:37+00:00","og_image":[{"width":680,"height":452,"url":"https:\/\/www.organisator.ch\/wp-content\/uploads\/2020\/09\/KMU-Swiss-Podium-2020-Kultur-ist-keine-Projektarbeit-1_Organisator.jpg","type":"image\/jpeg"}],"author":"thomas.berner","twitter_card":"summary_large_image","twitter_title":"#KMUSwiss Podium 2020: \u00abKultur ist keine #Projektarbeit\u00bb","twitter_description":"Ein weiterer #Wirtschaftsanlass unter \u00ab#Corona-Bedingungen\u00bb fand am 3. September 2020 im #Campussaal Brugg\/Windisch statt: Das #KMUSwiss Podium 2020.","twitter_image":"https:\/\/www.organisator.ch\/wp-content\/uploads\/2020\/09\/KMU-Swiss-Podium-2020-Kultur-ist-keine-Projektarbeit-1_Organisator.jpg","schema":{"@context":"https:\/\/schema.org","@graph":[{"@type":"Article","@id":"https:\/\/www.organisator.ch\/management\/2020-09-04\/kmu-swiss-podium-2020-kultur-ist-keine-projektarbeit\/#article","isPartOf":{"@id":"https:\/\/www.organisator.ch\/management\/2020-09-04\/kmu-swiss-podium-2020-kultur-ist-keine-projektarbeit\/"},"author":{"name":"thomas.berner","@id":"https:\/\/www.organisator.ch\/#\/schema\/person\/6f650f90b2842cd4c0cc334b4e36f67e"},"headline":"KMU Swiss Podium 2020: \u00abKultur ist keine Projektarbeit\u00bb","datePublished":"2020-09-04T07:59:37+00:00","mainEntityOfPage":{"@id":"https:\/\/www.organisator.ch\/management\/2020-09-04\/kmu-swiss-podium-2020-kultur-ist-keine-projektarbeit\/"},"wordCount":750,"publisher":{"@id":"https:\/\/www.organisator.ch\/#organization"},"image":{"@id":"https:\/\/www.organisator.ch\/management\/2020-09-04\/kmu-swiss-podium-2020-kultur-ist-keine-projektarbeit\/#primaryimage"},"thumbnailUrl":"https:\/\/www.organisator.ch\/wp-content\/uploads\/2020\/09\/KMU-Swiss-Podium-2020-Kultur-ist-keine-Projektarbeit-1_Organisator.jpg","keywords":["Fachkongress\/Fachmesse","Leadership","Management und Unternehmensf\u00fchrung","Tagungen &amp; Events","Vermischtes"],"articleSection":["MANAGEMENT"],"inLanguage":"de"},{"@type":"WebPage","@id":"https:\/\/www.organisator.ch\/management\/2020-09-04\/kmu-swiss-podium-2020-kultur-ist-keine-projektarbeit\/","url":"https:\/\/www.organisator.ch\/management\/2020-09-04\/kmu-swiss-podium-2020-kultur-ist-keine-projektarbeit\/","name":"KMU Swiss Podium 2020: \u00abKultur ist keine Projektarbeit\u00bb - Organisator","isPartOf":{"@id":"https:\/\/www.organisator.ch\/#website"},"primaryImageOfPage":{"@id":"https:\/\/www.organisator.ch\/management\/2020-09-04\/kmu-swiss-podium-2020-kultur-ist-keine-projektarbeit\/#primaryimage"},"image":{"@id":"https:\/\/www.organisator.ch\/management\/2020-09-04\/kmu-swiss-podium-2020-kultur-ist-keine-projektarbeit\/#primaryimage"},"thumbnailUrl":"https:\/\/www.organisator.ch\/wp-content\/uploads\/2020\/09\/KMU-Swiss-Podium-2020-Kultur-ist-keine-Projektarbeit-1_Organisator.jpg","datePublished":"2020-09-04T07:59:37+00:00","description":"Ein weiterer Wirtschaftsanlass unter \u00abCorona-Bedingungen\u00bb fand am 3. September 2020 im Campussaal Brugg\/Windisch statt: Das KMU Swiss Podium 2020.","breadcrumb":{"@id":"https:\/\/www.organisator.ch\/management\/2020-09-04\/kmu-swiss-podium-2020-kultur-ist-keine-projektarbeit\/#breadcrumb"},"inLanguage":"de","potentialAction":[{"@type":"ReadAction","target":["https:\/\/www.organisator.ch\/management\/2020-09-04\/kmu-swiss-podium-2020-kultur-ist-keine-projektarbeit\/"]}]},{"@type":"ImageObject","inLanguage":"de","@id":"https:\/\/www.organisator.ch\/management\/2020-09-04\/kmu-swiss-podium-2020-kultur-ist-keine-projektarbeit\/#primaryimage","url":"https:\/\/www.organisator.ch\/wp-content\/uploads\/2020\/09\/KMU-Swiss-Podium-2020-Kultur-ist-keine-Projektarbeit-1_Organisator.jpg","contentUrl":"https:\/\/www.organisator.ch\/wp-content\/uploads\/2020\/09\/KMU-Swiss-Podium-2020-Kultur-ist-keine-Projektarbeit-1_Organisator.jpg","width":680,"height":452,"caption":"Armin Baumann begr\u00fcsst die G\u00e4ste und Referenten am KMU Swiss Podium 2020. (Bild: Thomas Berner)"},{"@type":"BreadcrumbList","@id":"https:\/\/www.organisator.ch\/management\/2020-09-04\/kmu-swiss-podium-2020-kultur-ist-keine-projektarbeit\/#breadcrumb","itemListElement":[{"@type":"ListItem","position":1,"name":"Home","item":"https:\/\/www.organisator.ch\/"},{"@type":"ListItem","position":2,"name":"KMU Swiss Podium 2020: \u00abKultur ist keine Projektarbeit\u00bb"}]},{"@type":"WebSite","@id":"https:\/\/www.organisator.ch\/#website","url":"https:\/\/www.organisator.ch\/","name":"Organisator","description":"Kompetent. Praxisnah. Der ORGANISATOR bereitet in 10 Ausgaben pro Jahr die wesentlichen Themen f\u00fcr F\u00fchrungskr\u00e4fte von KMU auf.","publisher":{"@id":"https:\/\/www.organisator.ch\/#organization"},"potentialAction":[{"@type":"SearchAction","target":{"@type":"EntryPoint","urlTemplate":"https:\/\/www.organisator.ch\/?s={search_term_string}"},"query-input":{"@type":"PropertyValueSpecification","valueRequired":true,"valueName":"search_term_string"}}],"inLanguage":"de"},{"@type":"Organization","@id":"https:\/\/www.organisator.ch\/#organization","name":"Organisator","url":"https:\/\/www.organisator.ch\/","logo":{"@type":"ImageObject","inLanguage":"de","@id":"https:\/\/www.organisator.ch\/#\/schema\/logo\/image\/","url":"https:\/\/www.organisator.ch\/wp-content\/uploads\/2022\/01\/Logo_Organisator_Website.png","contentUrl":"https:\/\/www.organisator.ch\/wp-content\/uploads\/2022\/01\/Logo_Organisator_Website.png","width":800,"height":77,"caption":"Organisator"},"image":{"@id":"https:\/\/www.organisator.ch\/#\/schema\/logo\/image\/"},"sameAs":["https:\/\/www.facebook.com\/OrganisatorFachmagazin","https:\/\/www.linkedin.com\/showcase\/organisator-das-magazin-fr-kmu","https:\/\/www.xing.com\/news\/pages\/organisator-ch-695","https:\/\/www.youtube.com\/channel\/UCGP2Sq0iWaZwT3BdIAQFYpw"]},{"@type":"Person","@id":"https:\/\/www.organisator.ch\/#\/schema\/person\/6f650f90b2842cd4c0cc334b4e36f67e","name":"thomas.berner","image":{"@type":"ImageObject","inLanguage":"de","@id":"https:\/\/secure.gravatar.com\/avatar\/ac5001d2a36cb6c6cd3e50789007ffca834b477b74a2144564522e944eabff61?s=96&d=mm&r=g","url":"https:\/\/secure.gravatar.com\/avatar\/ac5001d2a36cb6c6cd3e50789007ffca834b477b74a2144564522e944eabff61?s=96&d=mm&r=g","contentUrl":"https:\/\/secure.gravatar.com\/avatar\/ac5001d2a36cb6c6cd3e50789007ffca834b477b74a2144564522e944eabff61?s=96&d=mm&r=g","caption":"thomas.berner"},"url":"https:\/\/www.organisator.ch\/de\/author\/thomas-berner\/"}]}},"_links":{"self":[{"href":"https:\/\/www.organisator.ch\/de\/wp-json\/wp\/v2\/posts\/7071","targetHints":{"allow":["GET"]}}],"collection":[{"href":"https:\/\/www.organisator.ch\/de\/wp-json\/wp\/v2\/posts"}],"about":[{"href":"https:\/\/www.organisator.ch\/de\/wp-json\/wp\/v2\/types\/post"}],"author":[{"embeddable":true,"href":"https:\/\/www.organisator.ch\/de\/wp-json\/wp\/v2\/users\/4"}],"replies":[{"embeddable":true,"href":"https:\/\/www.organisator.ch\/de\/wp-json\/wp\/v2\/comments?post=7071"}],"version-history":[{"count":0,"href":"https:\/\/www.organisator.ch\/de\/wp-json\/wp\/v2\/posts\/7071\/revisions"}],"wp:featuredmedia":[{"embeddable":true,"href":"https:\/\/www.organisator.ch\/de\/wp-json\/wp\/v2\/media\/7072"}],"wp:attachment":[{"href":"https:\/\/www.organisator.ch\/de\/wp-json\/wp\/v2\/media?parent=7071"}],"wp:term":[{"taxonomy":"category","embeddable":true,"href":"https:\/\/www.organisator.ch\/de\/wp-json\/wp\/v2\/categories?post=7071"},{"taxonomy":"post_tag","embeddable":true,"href":"https:\/\/www.organisator.ch\/de\/wp-json\/wp\/v2\/tags?post=7071"}],"curies":[{"name":"wp","href":"https:\/\/api.w.org\/{rel}","templated":true}]}}