{"id":7076,"date":"2020-09-04T10:18:12","date_gmt":"2020-09-04T08:18:12","guid":{"rendered":"https:\/\/www.organisator.ch\/?p=7076"},"modified":"2020-09-04T10:18:12","modified_gmt":"2020-09-04T08:18:12","slug":"future-work-barometer-die-arbeitswelt-4-0-fordert-die-unternehmensfuehrung-heraus","status":"publish","type":"post","link":"https:\/\/www.organisator.ch\/de\/management\/2020-09-04\/future-work-barometer-die-arbeitswelt-4-0-fordert-die-unternehmensfuehrung-heraus\/","title":{"rendered":"Future Work Barometer: Die Arbeitswelt 4.0 fordert die Unternehmensf\u00fchrung heraus"},"content":{"rendered":"<figure id=\"attachment_7077\" aria-describedby=\"caption-attachment-7077\" style=\"width: 680px\" class=\"wp-caption alignnone\"><img loading=\"lazy\" decoding=\"async\" class=\"size-medium wp-image-7077\" src=\"https:\/\/www.organisator.ch\/wp-content\/uploads\/2020\/09\/Future-Work-Barometer-Die-Arbeitswelt-4.0-fordert-die-Unternehmensfuehrung-heraus-1_Organisator.jpg\" alt=\"\" width=\"680\" height=\"451\" srcset=\"https:\/\/www.organisator.ch\/wp-content\/uploads\/2020\/09\/Future-Work-Barometer-Die-Arbeitswelt-4.0-fordert-die-Unternehmensfuehrung-heraus-1_Organisator.jpg 680w, https:\/\/www.organisator.ch\/wp-content\/uploads\/2020\/09\/Future-Work-Barometer-Die-Arbeitswelt-4.0-fordert-die-Unternehmensfuehrung-heraus-1_Organisator-16x12.jpg 16w, https:\/\/www.organisator.ch\/wp-content\/uploads\/2020\/09\/Future-Work-Barometer-Die-Arbeitswelt-4.0-fordert-die-Unternehmensfuehrung-heraus-1_Organisator-264x175.jpg 264w, https:\/\/www.organisator.ch\/wp-content\/uploads\/2020\/09\/Future-Work-Barometer-Die-Arbeitswelt-4.0-fordert-die-Unternehmensfuehrung-heraus-1_Organisator-528x350.jpg 528w, https:\/\/www.organisator.ch\/wp-content\/uploads\/2020\/09\/Future-Work-Barometer-Die-Arbeitswelt-4.0-fordert-die-Unternehmensfuehrung-heraus-1_Organisator-300x199.jpg 300w\" sizes=\"auto, (max-width: 680px) 100vw, 680px\" \/><figcaption id=\"caption-attachment-7077\" class=\"wp-caption-text\">Der Future Work Barometer zeigt einen deutlichen Nachholbedarf auf F\u00fchrungsebene, wenn es um die Umsetzung der Arbeitswelt 4.0 geht. (Bild: Unsplash)<\/figcaption><\/figure>\n<p>In der Corona-Krise zeigte sich schnell, wie Unternehmen in \u00abSachen\u00bb Arbeitswelt 4.0 aufgestellt sind und wo neue Herausforderungen liegen. Vor diesem Hintergrund lancierte die Future Work Group im Juli 2020 erstmals den Future Work Barometer. In Kooperation mit dem f\u00fchrenden Schweizer KMU Magazin \u00abOrganisator\u00bb und der FHNW Hochschule f\u00fcr Wirtschaft (FHNW) holt die Kurzumfrage quartalsweise Einsch\u00e4tzungen, Erfahrungen und Bed\u00fcrfnisse hinsichtlich der Arbeitswelt 4.0 bei Schweizer Arbeitgebenden und Arbeitnehmenden ab. Dies in der Absicht, anhand der im aktiven Austausch mit den Unternehmen gewonnenen Erkenntnissen eine allen Beteiligten nutzbringende Arbeitswelt 4.0 zu gestalten.<\/p>\n<figure id=\"attachment_7078\" aria-describedby=\"caption-attachment-7078\" style=\"width: 680px\" class=\"wp-caption alignnone\"><img loading=\"lazy\" decoding=\"async\" class=\"size-medium wp-image-7078\" src=\"https:\/\/www.organisator.ch\/wp-content\/uploads\/2020\/09\/Future-Work-Barometer-Die-Arbeitswelt-4.0-fordert-die-Unternehmensfuehrung-heraus-2_Organisator.jpg\" alt=\"\" width=\"680\" height=\"511\" srcset=\"https:\/\/www.organisator.ch\/wp-content\/uploads\/2020\/09\/Future-Work-Barometer-Die-Arbeitswelt-4.0-fordert-die-Unternehmensfuehrung-heraus-2_Organisator.jpg 680w, https:\/\/www.organisator.ch\/wp-content\/uploads\/2020\/09\/Future-Work-Barometer-Die-Arbeitswelt-4.0-fordert-die-Unternehmensfuehrung-heraus-2_Organisator-16x12.jpg 16w, https:\/\/www.organisator.ch\/wp-content\/uploads\/2020\/09\/Future-Work-Barometer-Die-Arbeitswelt-4.0-fordert-die-Unternehmensfuehrung-heraus-2_Organisator-233x175.jpg 233w, https:\/\/www.organisator.ch\/wp-content\/uploads\/2020\/09\/Future-Work-Barometer-Die-Arbeitswelt-4.0-fordert-die-Unternehmensfuehrung-heraus-2_Organisator-466x350.jpg 466w, https:\/\/www.organisator.ch\/wp-content\/uploads\/2020\/09\/Future-Work-Barometer-Die-Arbeitswelt-4.0-fordert-die-Unternehmensfuehrung-heraus-2_Organisator-300x225.jpg 300w\" sizes=\"auto, (max-width: 680px) 100vw, 680px\" \/><figcaption id=\"caption-attachment-7078\" class=\"wp-caption-text\">(Grafik: Future Work Group)<\/figcaption><\/figure>\n<p>Der Future Work Barometer basiert auf der gemeinsam von der Future Work Group und der FHNW im Herbst 2019 publizierten grossen Schweizer Studie \u00abArbeitswelt 4.0\u00bb. Die Studie zeigt auf, dass die gegenseitige Wechselwirkung der Dimensionen People (Mitarbeitende), Place (Arbeitsumfeld) und Technology (Technologien) zu den wesentlichen Erfolgsfaktoren der Arbeitswelt 4.0 geh\u00f6rt.<\/p>\n<h2>Wunsch und Wirklichkeit bei der Digitalisierung<\/h2>\n<p>Danach befragt, welche Bedeutung sie einer modernen, digitalisierten Arbeitswelt einr\u00e4umen, gaben 96% der 235 Teilnehmenden diese als f\u00fcr sie wichtig bis sehr wichtig an. Gleichzeitig geht die Schere zwischen Wunsch und Wirklichkeit hinsichtlich des Digitalisierungsgrades deutlich auseinander. Nur 38% der Befragten attestierten ihrem Unternehmen einen hohen bis sehr hohen Digitalisierungsgrad.<\/p>\n<h2>Investitionen in Technik und Arbeitsort rangieren weit vorn<\/h2>\n<p>Auf die Frage, in welchen Bereichen innerhalb der vergangenen sechs Monate investiert wurde, erfolgte dies laut den Teilnehmenden vor allem in den Bereichen Arbeitsort (66%), IT-\/Datensicherheit (49%) und IT-Infrastruktur (47%). Aufgrund des vorangegangenen pandemiebedingten \u00abHome-Office Boost\u00bb \u00fcberrascht dies nicht. Am wenigsten wurde in den Bereichen des klassischen B\u00fcro-Arbeitsplatzes (25%) und F\u00fchrungsstil (29%) investiert.<\/p>\n<p>Insgesamt sind mit 51% knapp \u00fcber die H\u00e4lfte der Teilnehmenden zufrieden bis sehr zufrieden mit den Investitionen, die ihr Unternehmen hinsichtlich der Arbeitswelt 4.0 get\u00e4tigt hat. Gleichzeitig wird deutlich, dass die sachbezogenen Investitionen (Technik, Arbeitsort) deutlich im Vordergrund stehen.<\/p>\n<h2>Deutlicher Nachholbedarf auf F\u00fchrungsebene<\/h2>\n<p>Demgegen\u00fcber weisen die entscheidenden Bereiche auf Ebene der Unternehmensf\u00fchrung laut den Teilnehmenden massive Defizite auf. So sch\u00e4tzen diese das Entwicklungspotenzial von z. B. Kultur\/Werten\/Zusammenarbeit (78%), Arbeitsprozesse (77%), Strategie (76%), pers\u00f6nliche Kompetenzen (74%) und F\u00fchrungsstil (72%) als hoch ein. Hier m\u00fcsste also dringend nachgeholt resp. intensive Entwicklungsarbeit f\u00fcr eine erfolgreiche Realisierung der Arbeitswelt 4.0 geleistet werden. Denn diese neue Arbeitswelt basiert auf einem neuen Denken \u2013 und das liegt bei den Menschen im Unternehmen.<\/p>\n<h2>Future Work Barometer: Die wichtigsten Kennzahlen<\/h2>\n<p>Der Future Work Barometer zeigt in der ersten Ausgabe 2020-1 die folgenden Erkenntnisse:<\/p>\n<ul>\n<li>Digitalisierungsgrad der Arbeitswelt im eigenen Unternehmen: 38% sch\u00e4tzen diesen als hoch\/sehr hoch ein<\/li>\n<li>Zufriedenheit mit den Investitionen des eigenen Unternehmens: 51% erachten diese als hoch\/sehr hoch<\/li>\n<li>Investitionen in die Dimension People in den letzten sechs Monaten: 30% beurteilen diese in ihrem Unternehmen als viel\/sehr<\/li>\n<li>Investitionen in die Dimension Place in den letzten sechs Monaten: 46% sagen, ihr Unternehmen hat viele\/sehr viel investiert<\/li>\n<li>Investitionen in die Dimension Technology in den letzten sechs Monaten: 48% sch\u00e4tzen diese auf dem Level viel\/sehr viel ein<\/li>\n<\/ul>\n<h2>M\u00f6gliche L\u00f6sungsans\u00e4tze f\u00fcr eine ganzheitliche Transformation in die Arbeitswelt 4.0<\/h2>\n<p>\u00abReferenzierend auf die Ergebnisse dieses ersten Future Work Barometers, scheinen die Potenziale des Handlungsfelds Arbeitswelt 4.0 noch bei weitem nicht voll erschlossen zu sein. Viel zu wenige Organisationen erarbeiten bisher die erforderliche Strategie zusammen mit ihren Mitarbeitenden, einem ihrer wertvollsten Erfolgsfaktoren\u00bb, res\u00fcmiert Prof. Dr. Marc K. Peter, Leiter Kompetenzzentrum Digitale Transformation an der FHNW und Herausgeber der Studie Arbeitswelt 4.0. Einen m\u00f6glichen L\u00f6sungsansatz f\u00fcr die nachhaltige gemeinsame Gestaltung der Arbeitswelt 4.0 k\u00f6nnen einfach einsetzbare Praxishilfsmittel bieten wie ein Workshop-Canvas in Kombination mit einem methodischen Projektprozess, die die drei Dimensionen People, Place und Technology integrieren.<\/p>\n<p><em>Weitere Informationen: <a href=\"http:\/\/www.future-work-barometer.ch\">www.future-work-barometer.ch<\/a><\/em><\/p>\n","protected":false},"excerpt":{"rendered":"<p>In der Corona-Krise zeigte sich schnell, wie Unternehmen in \u00abSachen\u00bb Arbeitswelt 4.0 aufgestellt sind und wo neue Herausforderungen liegen. Vor diesem Hintergrund lancierte die Future Work Group im Juli 2020 erstmals den Future Work Barometer. In Kooperation mit dem f\u00fchrenden Schweizer KMU Magazin \u00abOrganisator\u00bb und der FHNW Hochschule f\u00fcr Wirtschaft (FHNW) holt die Kurzumfrage quartalsweise [&hellip;]<\/p>\n","protected":false},"author":4,"featured_media":7077,"comment_status":"closed","ping_status":"closed","sticky":false,"template":"","format":"standard","meta":{"_acf_changed":false,"_yoast_wpseo_focuskw":"Future Work Barometer","_yoast_wpseo_metadesc":"Der Future Work Barometer zeigt: Deutlich \u00fcber 70% des Entwicklungspotenzials f\u00fcr eine erfolgreiche Umsetzung der Arbeitswelt 4.0 ist Sache der F\u00fchrung.","articlekey":"","footnotes":""},"categories":[28],"tags":[56,156,335,459],"class_list":["post-7076","post","type-post","status-publish","format-standard","has-post-thumbnail","hentry","category-management","tag-arbeitswelt-4-0","tag-digitalisierung","tag-management-und-unternehmensfuehrung","tag-studie"],"acf":[],"yoast_head":"<!-- This site is optimized with the Yoast SEO plugin v27.5 - https:\/\/yoast.com\/product\/yoast-seo-wordpress\/ -->\n<title>Future Work Barometer: Die Arbeitswelt 4.0 fordert die Unternehmensf\u00fchrung heraus - Organisator<\/title>\n<meta name=\"description\" content=\"Der Future Work Barometer zeigt: Deutlich \u00fcber 70% des Entwicklungspotenzials f\u00fcr eine erfolgreiche Umsetzung der Arbeitswelt 4.0 ist Sache der F\u00fchrung.\" \/>\n<meta name=\"robots\" content=\"index, follow, max-snippet:-1, max-image-preview:large, max-video-preview:-1\" \/>\n<link rel=\"canonical\" href=\"https:\/\/www.organisator.ch\/de\/management\/2020-09-04\/future-work-barometer-die-arbeitswelt-4-0-fordert-die-unternehmensfuehrung-heraus\/\" \/>\n<meta property=\"og:locale\" content=\"de_DE\" \/>\n<meta property=\"og:type\" content=\"article\" \/>\n<meta property=\"og:title\" content=\"Future Work Barometer: Die Arbeitswelt 4.0 fordert die Unternehmensf\u00fchrung heraus\" \/>\n<meta property=\"og:description\" content=\"Der Future Work Barometer zeigt: Deutlich \u00fcber 70% des Entwicklungspotenzials f\u00fcr eine erfolgreiche Umsetzung der Arbeitswelt 4.0 ist Sache der F\u00fchrung.\" \/>\n<meta property=\"og:url\" content=\"https:\/\/www.organisator.ch\/de\/management\/2020-09-04\/future-work-barometer-die-arbeitswelt-4-0-fordert-die-unternehmensfuehrung-heraus\/\" \/>\n<meta property=\"og:site_name\" content=\"Organisator\" \/>\n<meta property=\"article:publisher\" content=\"https:\/\/www.facebook.com\/OrganisatorFachmagazin\" \/>\n<meta property=\"article:published_time\" content=\"2020-09-04T08:18:12+00:00\" \/>\n<meta property=\"og:image\" content=\"https:\/\/www.organisator.ch\/wp-content\/uploads\/2020\/09\/Future-Work-Barometer-Die-Arbeitswelt-4.0-fordert-die-Unternehmensfuehrung-heraus-1_Organisator.jpg\" \/>\n\t<meta property=\"og:image:width\" content=\"680\" \/>\n\t<meta property=\"og:image:height\" content=\"451\" \/>\n\t<meta property=\"og:image:type\" content=\"image\/jpeg\" \/>\n<meta name=\"author\" content=\"thomas.berner\" \/>\n<meta name=\"twitter:card\" content=\"summary_large_image\" \/>\n<meta name=\"twitter:title\" content=\"Future Work #Barometer: Die #Arbeitswelt 4.0 fordert die Unternehmensf\u00fchrung heraus\" \/>\n<meta name=\"twitter:description\" content=\"Der Future Work #Barometer zeigt: Deutlich \u00fcber 70% des Entwicklungspotenzials f\u00fcr eine erfolgreiche Umsetzung der #Arbeitswelt 4.0 ist Sache der F\u00fchrung.\" \/>\n<meta name=\"twitter:image\" content=\"https:\/\/www.organisator.ch\/wp-content\/uploads\/2020\/09\/Future-Work-Barometer-Die-Arbeitswelt-4.0-fordert-die-Unternehmensfuehrung-heraus-1_Organisator.jpg\" \/>\n<script type=\"application\/ld+json\" class=\"yoast-schema-graph\">{\"@context\":\"https:\\\/\\\/schema.org\",\"@graph\":[{\"@type\":\"Article\",\"@id\":\"https:\\\/\\\/www.organisator.ch\\\/management\\\/2020-09-04\\\/future-work-barometer-die-arbeitswelt-4-0-fordert-die-unternehmensfuehrung-heraus\\\/#article\",\"isPartOf\":{\"@id\":\"https:\\\/\\\/www.organisator.ch\\\/management\\\/2020-09-04\\\/future-work-barometer-die-arbeitswelt-4-0-fordert-die-unternehmensfuehrung-heraus\\\/\"},\"author\":{\"name\":\"thomas.berner\",\"@id\":\"https:\\\/\\\/www.organisator.ch\\\/#\\\/schema\\\/person\\\/6f650f90b2842cd4c0cc334b4e36f67e\"},\"headline\":\"Future Work Barometer: Die Arbeitswelt 4.0 fordert die Unternehmensf\u00fchrung heraus\",\"datePublished\":\"2020-09-04T08:18:12+00:00\",\"mainEntityOfPage\":{\"@id\":\"https:\\\/\\\/www.organisator.ch\\\/management\\\/2020-09-04\\\/future-work-barometer-die-arbeitswelt-4-0-fordert-die-unternehmensfuehrung-heraus\\\/\"},\"wordCount\":637,\"publisher\":{\"@id\":\"https:\\\/\\\/www.organisator.ch\\\/#organization\"},\"image\":{\"@id\":\"https:\\\/\\\/www.organisator.ch\\\/management\\\/2020-09-04\\\/future-work-barometer-die-arbeitswelt-4-0-fordert-die-unternehmensfuehrung-heraus\\\/#primaryimage\"},\"thumbnailUrl\":\"https:\\\/\\\/www.organisator.ch\\\/wp-content\\\/uploads\\\/2020\\\/09\\\/Future-Work-Barometer-Die-Arbeitswelt-4.0-fordert-die-Unternehmensfuehrung-heraus-1_Organisator.jpg\",\"keywords\":[\"Arbeitswelt 4.0\",\"Digitalisierung\",\"Management und Unternehmensf\u00fchrung\",\"Studie\"],\"articleSection\":[\"MANAGEMENT\"],\"inLanguage\":\"de\"},{\"@type\":\"WebPage\",\"@id\":\"https:\\\/\\\/www.organisator.ch\\\/management\\\/2020-09-04\\\/future-work-barometer-die-arbeitswelt-4-0-fordert-die-unternehmensfuehrung-heraus\\\/\",\"url\":\"https:\\\/\\\/www.organisator.ch\\\/management\\\/2020-09-04\\\/future-work-barometer-die-arbeitswelt-4-0-fordert-die-unternehmensfuehrung-heraus\\\/\",\"name\":\"Future Work Barometer: Die Arbeitswelt 4.0 fordert die Unternehmensf\u00fchrung heraus - Organisator\",\"isPartOf\":{\"@id\":\"https:\\\/\\\/www.organisator.ch\\\/#website\"},\"primaryImageOfPage\":{\"@id\":\"https:\\\/\\\/www.organisator.ch\\\/management\\\/2020-09-04\\\/future-work-barometer-die-arbeitswelt-4-0-fordert-die-unternehmensfuehrung-heraus\\\/#primaryimage\"},\"image\":{\"@id\":\"https:\\\/\\\/www.organisator.ch\\\/management\\\/2020-09-04\\\/future-work-barometer-die-arbeitswelt-4-0-fordert-die-unternehmensfuehrung-heraus\\\/#primaryimage\"},\"thumbnailUrl\":\"https:\\\/\\\/www.organisator.ch\\\/wp-content\\\/uploads\\\/2020\\\/09\\\/Future-Work-Barometer-Die-Arbeitswelt-4.0-fordert-die-Unternehmensfuehrung-heraus-1_Organisator.jpg\",\"datePublished\":\"2020-09-04T08:18:12+00:00\",\"description\":\"Der Future Work Barometer zeigt: Deutlich \u00fcber 70% des Entwicklungspotenzials f\u00fcr eine erfolgreiche Umsetzung der Arbeitswelt 4.0 ist Sache der F\u00fchrung.\",\"breadcrumb\":{\"@id\":\"https:\\\/\\\/www.organisator.ch\\\/management\\\/2020-09-04\\\/future-work-barometer-die-arbeitswelt-4-0-fordert-die-unternehmensfuehrung-heraus\\\/#breadcrumb\"},\"inLanguage\":\"de\",\"potentialAction\":[{\"@type\":\"ReadAction\",\"target\":[\"https:\\\/\\\/www.organisator.ch\\\/management\\\/2020-09-04\\\/future-work-barometer-die-arbeitswelt-4-0-fordert-die-unternehmensfuehrung-heraus\\\/\"]}]},{\"@type\":\"ImageObject\",\"inLanguage\":\"de\",\"@id\":\"https:\\\/\\\/www.organisator.ch\\\/management\\\/2020-09-04\\\/future-work-barometer-die-arbeitswelt-4-0-fordert-die-unternehmensfuehrung-heraus\\\/#primaryimage\",\"url\":\"https:\\\/\\\/www.organisator.ch\\\/wp-content\\\/uploads\\\/2020\\\/09\\\/Future-Work-Barometer-Die-Arbeitswelt-4.0-fordert-die-Unternehmensfuehrung-heraus-1_Organisator.jpg\",\"contentUrl\":\"https:\\\/\\\/www.organisator.ch\\\/wp-content\\\/uploads\\\/2020\\\/09\\\/Future-Work-Barometer-Die-Arbeitswelt-4.0-fordert-die-Unternehmensfuehrung-heraus-1_Organisator.jpg\",\"width\":680,\"height\":451,\"caption\":\"Der Future Work Barometer zeigt einen deutlichen Nachholbedarf auf F\u00fchrungsebene, wenn es um die Umsetzung der Arbeitswelt 4.0 geht. (Bild: Unsplash)\"},{\"@type\":\"BreadcrumbList\",\"@id\":\"https:\\\/\\\/www.organisator.ch\\\/management\\\/2020-09-04\\\/future-work-barometer-die-arbeitswelt-4-0-fordert-die-unternehmensfuehrung-heraus\\\/#breadcrumb\",\"itemListElement\":[{\"@type\":\"ListItem\",\"position\":1,\"name\":\"Home\",\"item\":\"https:\\\/\\\/www.organisator.ch\\\/\"},{\"@type\":\"ListItem\",\"position\":2,\"name\":\"Future Work Barometer: Die Arbeitswelt 4.0 fordert die Unternehmensf\u00fchrung heraus\"}]},{\"@type\":\"WebSite\",\"@id\":\"https:\\\/\\\/www.organisator.ch\\\/#website\",\"url\":\"https:\\\/\\\/www.organisator.ch\\\/\",\"name\":\"Organisator\",\"description\":\"Kompetent. Praxisnah. Der ORGANISATOR bereitet in 10 Ausgaben pro Jahr die wesentlichen Themen f\u00fcr F\u00fchrungskr\u00e4fte von KMU auf.\",\"publisher\":{\"@id\":\"https:\\\/\\\/www.organisator.ch\\\/#organization\"},\"potentialAction\":[{\"@type\":\"SearchAction\",\"target\":{\"@type\":\"EntryPoint\",\"urlTemplate\":\"https:\\\/\\\/www.organisator.ch\\\/?s={search_term_string}\"},\"query-input\":{\"@type\":\"PropertyValueSpecification\",\"valueRequired\":true,\"valueName\":\"search_term_string\"}}],\"inLanguage\":\"de\"},{\"@type\":\"Organization\",\"@id\":\"https:\\\/\\\/www.organisator.ch\\\/#organization\",\"name\":\"Organisator\",\"url\":\"https:\\\/\\\/www.organisator.ch\\\/\",\"logo\":{\"@type\":\"ImageObject\",\"inLanguage\":\"de\",\"@id\":\"https:\\\/\\\/www.organisator.ch\\\/#\\\/schema\\\/logo\\\/image\\\/\",\"url\":\"https:\\\/\\\/www.organisator.ch\\\/wp-content\\\/uploads\\\/2022\\\/01\\\/Logo_Organisator_Website.png\",\"contentUrl\":\"https:\\\/\\\/www.organisator.ch\\\/wp-content\\\/uploads\\\/2022\\\/01\\\/Logo_Organisator_Website.png\",\"width\":800,\"height\":77,\"caption\":\"Organisator\"},\"image\":{\"@id\":\"https:\\\/\\\/www.organisator.ch\\\/#\\\/schema\\\/logo\\\/image\\\/\"},\"sameAs\":[\"https:\\\/\\\/www.facebook.com\\\/OrganisatorFachmagazin\",\"https:\\\/\\\/www.linkedin.com\\\/showcase\\\/organisator-das-magazin-fr-kmu\",\"https:\\\/\\\/www.xing.com\\\/news\\\/pages\\\/organisator-ch-695\",\"https:\\\/\\\/www.youtube.com\\\/channel\\\/UCGP2Sq0iWaZwT3BdIAQFYpw\"]},{\"@type\":\"Person\",\"@id\":\"https:\\\/\\\/www.organisator.ch\\\/#\\\/schema\\\/person\\\/6f650f90b2842cd4c0cc334b4e36f67e\",\"name\":\"thomas.berner\",\"image\":{\"@type\":\"ImageObject\",\"inLanguage\":\"de\",\"@id\":\"https:\\\/\\\/secure.gravatar.com\\\/avatar\\\/ac5001d2a36cb6c6cd3e50789007ffca834b477b74a2144564522e944eabff61?s=96&d=mm&r=g\",\"url\":\"https:\\\/\\\/secure.gravatar.com\\\/avatar\\\/ac5001d2a36cb6c6cd3e50789007ffca834b477b74a2144564522e944eabff61?s=96&d=mm&r=g\",\"contentUrl\":\"https:\\\/\\\/secure.gravatar.com\\\/avatar\\\/ac5001d2a36cb6c6cd3e50789007ffca834b477b74a2144564522e944eabff61?s=96&d=mm&r=g\",\"caption\":\"thomas.berner\"},\"url\":\"https:\\\/\\\/www.organisator.ch\\\/de\\\/author\\\/thomas-berner\\\/\"}]}<\/script>\n<!-- \/ Yoast SEO plugin. -->","yoast_head_json":{"title":"Future Work Barometer: Die Arbeitswelt 4.0 fordert die Unternehmensf\u00fchrung heraus - Organisator","description":"Der Future Work Barometer zeigt: Deutlich \u00fcber 70% des Entwicklungspotenzials f\u00fcr eine erfolgreiche Umsetzung der Arbeitswelt 4.0 ist Sache der F\u00fchrung.","robots":{"index":"index","follow":"follow","max-snippet":"max-snippet:-1","max-image-preview":"max-image-preview:large","max-video-preview":"max-video-preview:-1"},"canonical":"https:\/\/www.organisator.ch\/de\/management\/2020-09-04\/future-work-barometer-die-arbeitswelt-4-0-fordert-die-unternehmensfuehrung-heraus\/","og_locale":"de_DE","og_type":"article","og_title":"Future Work Barometer: Die Arbeitswelt 4.0 fordert die Unternehmensf\u00fchrung heraus","og_description":"Der Future Work Barometer zeigt: Deutlich \u00fcber 70% des Entwicklungspotenzials f\u00fcr eine erfolgreiche Umsetzung der Arbeitswelt 4.0 ist Sache der F\u00fchrung.","og_url":"https:\/\/www.organisator.ch\/de\/management\/2020-09-04\/future-work-barometer-die-arbeitswelt-4-0-fordert-die-unternehmensfuehrung-heraus\/","og_site_name":"Organisator","article_publisher":"https:\/\/www.facebook.com\/OrganisatorFachmagazin","article_published_time":"2020-09-04T08:18:12+00:00","og_image":[{"width":680,"height":451,"url":"https:\/\/www.organisator.ch\/wp-content\/uploads\/2020\/09\/Future-Work-Barometer-Die-Arbeitswelt-4.0-fordert-die-Unternehmensfuehrung-heraus-1_Organisator.jpg","type":"image\/jpeg"}],"author":"thomas.berner","twitter_card":"summary_large_image","twitter_title":"Future Work #Barometer: Die #Arbeitswelt 4.0 fordert die Unternehmensf\u00fchrung heraus","twitter_description":"Der Future Work #Barometer zeigt: Deutlich \u00fcber 70% des Entwicklungspotenzials f\u00fcr eine erfolgreiche Umsetzung der #Arbeitswelt 4.0 ist Sache der F\u00fchrung.","twitter_image":"https:\/\/www.organisator.ch\/wp-content\/uploads\/2020\/09\/Future-Work-Barometer-Die-Arbeitswelt-4.0-fordert-die-Unternehmensfuehrung-heraus-1_Organisator.jpg","schema":{"@context":"https:\/\/schema.org","@graph":[{"@type":"Article","@id":"https:\/\/www.organisator.ch\/management\/2020-09-04\/future-work-barometer-die-arbeitswelt-4-0-fordert-die-unternehmensfuehrung-heraus\/#article","isPartOf":{"@id":"https:\/\/www.organisator.ch\/management\/2020-09-04\/future-work-barometer-die-arbeitswelt-4-0-fordert-die-unternehmensfuehrung-heraus\/"},"author":{"name":"thomas.berner","@id":"https:\/\/www.organisator.ch\/#\/schema\/person\/6f650f90b2842cd4c0cc334b4e36f67e"},"headline":"Future Work Barometer: Die Arbeitswelt 4.0 fordert die Unternehmensf\u00fchrung heraus","datePublished":"2020-09-04T08:18:12+00:00","mainEntityOfPage":{"@id":"https:\/\/www.organisator.ch\/management\/2020-09-04\/future-work-barometer-die-arbeitswelt-4-0-fordert-die-unternehmensfuehrung-heraus\/"},"wordCount":637,"publisher":{"@id":"https:\/\/www.organisator.ch\/#organization"},"image":{"@id":"https:\/\/www.organisator.ch\/management\/2020-09-04\/future-work-barometer-die-arbeitswelt-4-0-fordert-die-unternehmensfuehrung-heraus\/#primaryimage"},"thumbnailUrl":"https:\/\/www.organisator.ch\/wp-content\/uploads\/2020\/09\/Future-Work-Barometer-Die-Arbeitswelt-4.0-fordert-die-Unternehmensfuehrung-heraus-1_Organisator.jpg","keywords":["Arbeitswelt 4.0","Digitalisierung","Management und Unternehmensf\u00fchrung","Studie"],"articleSection":["MANAGEMENT"],"inLanguage":"de"},{"@type":"WebPage","@id":"https:\/\/www.organisator.ch\/management\/2020-09-04\/future-work-barometer-die-arbeitswelt-4-0-fordert-die-unternehmensfuehrung-heraus\/","url":"https:\/\/www.organisator.ch\/management\/2020-09-04\/future-work-barometer-die-arbeitswelt-4-0-fordert-die-unternehmensfuehrung-heraus\/","name":"Future Work Barometer: Die Arbeitswelt 4.0 fordert die Unternehmensf\u00fchrung heraus - Organisator","isPartOf":{"@id":"https:\/\/www.organisator.ch\/#website"},"primaryImageOfPage":{"@id":"https:\/\/www.organisator.ch\/management\/2020-09-04\/future-work-barometer-die-arbeitswelt-4-0-fordert-die-unternehmensfuehrung-heraus\/#primaryimage"},"image":{"@id":"https:\/\/www.organisator.ch\/management\/2020-09-04\/future-work-barometer-die-arbeitswelt-4-0-fordert-die-unternehmensfuehrung-heraus\/#primaryimage"},"thumbnailUrl":"https:\/\/www.organisator.ch\/wp-content\/uploads\/2020\/09\/Future-Work-Barometer-Die-Arbeitswelt-4.0-fordert-die-Unternehmensfuehrung-heraus-1_Organisator.jpg","datePublished":"2020-09-04T08:18:12+00:00","description":"Der Future Work Barometer zeigt: Deutlich \u00fcber 70% des Entwicklungspotenzials f\u00fcr eine erfolgreiche Umsetzung der Arbeitswelt 4.0 ist Sache der F\u00fchrung.","breadcrumb":{"@id":"https:\/\/www.organisator.ch\/management\/2020-09-04\/future-work-barometer-die-arbeitswelt-4-0-fordert-die-unternehmensfuehrung-heraus\/#breadcrumb"},"inLanguage":"de","potentialAction":[{"@type":"ReadAction","target":["https:\/\/www.organisator.ch\/management\/2020-09-04\/future-work-barometer-die-arbeitswelt-4-0-fordert-die-unternehmensfuehrung-heraus\/"]}]},{"@type":"ImageObject","inLanguage":"de","@id":"https:\/\/www.organisator.ch\/management\/2020-09-04\/future-work-barometer-die-arbeitswelt-4-0-fordert-die-unternehmensfuehrung-heraus\/#primaryimage","url":"https:\/\/www.organisator.ch\/wp-content\/uploads\/2020\/09\/Future-Work-Barometer-Die-Arbeitswelt-4.0-fordert-die-Unternehmensfuehrung-heraus-1_Organisator.jpg","contentUrl":"https:\/\/www.organisator.ch\/wp-content\/uploads\/2020\/09\/Future-Work-Barometer-Die-Arbeitswelt-4.0-fordert-die-Unternehmensfuehrung-heraus-1_Organisator.jpg","width":680,"height":451,"caption":"Der Future Work Barometer zeigt einen deutlichen Nachholbedarf auf F\u00fchrungsebene, wenn es um die Umsetzung der Arbeitswelt 4.0 geht. (Bild: Unsplash)"},{"@type":"BreadcrumbList","@id":"https:\/\/www.organisator.ch\/management\/2020-09-04\/future-work-barometer-die-arbeitswelt-4-0-fordert-die-unternehmensfuehrung-heraus\/#breadcrumb","itemListElement":[{"@type":"ListItem","position":1,"name":"Home","item":"https:\/\/www.organisator.ch\/"},{"@type":"ListItem","position":2,"name":"Future Work Barometer: Die Arbeitswelt 4.0 fordert die Unternehmensf\u00fchrung heraus"}]},{"@type":"WebSite","@id":"https:\/\/www.organisator.ch\/#website","url":"https:\/\/www.organisator.ch\/","name":"Organisator","description":"Kompetent. Praxisnah. Der ORGANISATOR bereitet in 10 Ausgaben pro Jahr die wesentlichen Themen f\u00fcr F\u00fchrungskr\u00e4fte von KMU auf.","publisher":{"@id":"https:\/\/www.organisator.ch\/#organization"},"potentialAction":[{"@type":"SearchAction","target":{"@type":"EntryPoint","urlTemplate":"https:\/\/www.organisator.ch\/?s={search_term_string}"},"query-input":{"@type":"PropertyValueSpecification","valueRequired":true,"valueName":"search_term_string"}}],"inLanguage":"de"},{"@type":"Organization","@id":"https:\/\/www.organisator.ch\/#organization","name":"Organisator","url":"https:\/\/www.organisator.ch\/","logo":{"@type":"ImageObject","inLanguage":"de","@id":"https:\/\/www.organisator.ch\/#\/schema\/logo\/image\/","url":"https:\/\/www.organisator.ch\/wp-content\/uploads\/2022\/01\/Logo_Organisator_Website.png","contentUrl":"https:\/\/www.organisator.ch\/wp-content\/uploads\/2022\/01\/Logo_Organisator_Website.png","width":800,"height":77,"caption":"Organisator"},"image":{"@id":"https:\/\/www.organisator.ch\/#\/schema\/logo\/image\/"},"sameAs":["https:\/\/www.facebook.com\/OrganisatorFachmagazin","https:\/\/www.linkedin.com\/showcase\/organisator-das-magazin-fr-kmu","https:\/\/www.xing.com\/news\/pages\/organisator-ch-695","https:\/\/www.youtube.com\/channel\/UCGP2Sq0iWaZwT3BdIAQFYpw"]},{"@type":"Person","@id":"https:\/\/www.organisator.ch\/#\/schema\/person\/6f650f90b2842cd4c0cc334b4e36f67e","name":"thomas.berner","image":{"@type":"ImageObject","inLanguage":"de","@id":"https:\/\/secure.gravatar.com\/avatar\/ac5001d2a36cb6c6cd3e50789007ffca834b477b74a2144564522e944eabff61?s=96&d=mm&r=g","url":"https:\/\/secure.gravatar.com\/avatar\/ac5001d2a36cb6c6cd3e50789007ffca834b477b74a2144564522e944eabff61?s=96&d=mm&r=g","contentUrl":"https:\/\/secure.gravatar.com\/avatar\/ac5001d2a36cb6c6cd3e50789007ffca834b477b74a2144564522e944eabff61?s=96&d=mm&r=g","caption":"thomas.berner"},"url":"https:\/\/www.organisator.ch\/de\/author\/thomas-berner\/"}]}},"_links":{"self":[{"href":"https:\/\/www.organisator.ch\/de\/wp-json\/wp\/v2\/posts\/7076","targetHints":{"allow":["GET"]}}],"collection":[{"href":"https:\/\/www.organisator.ch\/de\/wp-json\/wp\/v2\/posts"}],"about":[{"href":"https:\/\/www.organisator.ch\/de\/wp-json\/wp\/v2\/types\/post"}],"author":[{"embeddable":true,"href":"https:\/\/www.organisator.ch\/de\/wp-json\/wp\/v2\/users\/4"}],"replies":[{"embeddable":true,"href":"https:\/\/www.organisator.ch\/de\/wp-json\/wp\/v2\/comments?post=7076"}],"version-history":[{"count":0,"href":"https:\/\/www.organisator.ch\/de\/wp-json\/wp\/v2\/posts\/7076\/revisions"}],"wp:featuredmedia":[{"embeddable":true,"href":"https:\/\/www.organisator.ch\/de\/wp-json\/wp\/v2\/media\/7077"}],"wp:attachment":[{"href":"https:\/\/www.organisator.ch\/de\/wp-json\/wp\/v2\/media?parent=7076"}],"wp:term":[{"taxonomy":"category","embeddable":true,"href":"https:\/\/www.organisator.ch\/de\/wp-json\/wp\/v2\/categories?post=7076"},{"taxonomy":"post_tag","embeddable":true,"href":"https:\/\/www.organisator.ch\/de\/wp-json\/wp\/v2\/tags?post=7076"}],"curies":[{"name":"wp","href":"https:\/\/api.w.org\/{rel}","templated":true}]}}