{"id":7083,"date":"2020-09-04T12:49:11","date_gmt":"2020-09-04T10:49:11","guid":{"rendered":"https:\/\/www.organisator.ch\/?p=7083"},"modified":"2020-09-04T12:49:11","modified_gmt":"2020-09-04T10:49:11","slug":"diversity-in-schweizer-verwaltungsraeten-im-jahr-2020-19-top-67-flop","status":"publish","type":"post","link":"https:\/\/www.organisator.ch\/de\/management\/2020-09-04\/diversity-in-schweizer-verwaltungsraeten-im-jahr-2020-19-top-67-flop\/","title":{"rendered":"Diversity in Schweizer Verwaltungsr\u00e4ten im Jahr 2020: 19% top \u2013 67% flop"},"content":{"rendered":"<figure id=\"attachment_7085\" aria-describedby=\"caption-attachment-7085\" style=\"width: 680px\" class=\"wp-caption alignnone\"><img loading=\"lazy\" decoding=\"async\" class=\"size-medium wp-image-7085\" src=\"https:\/\/www.organisator.ch\/wp-content\/uploads\/2020\/09\/Diversity-in-Schweizer-Verwaltungsraeten-im-Jahr-2020-19-top-\u2013-67-flop_Organisator.jpg\" alt=\"\" width=\"680\" height=\"343\" srcset=\"https:\/\/www.organisator.ch\/wp-content\/uploads\/2020\/09\/Diversity-in-Schweizer-Verwaltungsraeten-im-Jahr-2020-19-top-\u2013-67-flop_Organisator.jpg 680w, https:\/\/www.organisator.ch\/wp-content\/uploads\/2020\/09\/Diversity-in-Schweizer-Verwaltungsraeten-im-Jahr-2020-19-top-\u2013-67-flop_Organisator-16x8.jpg 16w, https:\/\/www.organisator.ch\/wp-content\/uploads\/2020\/09\/Diversity-in-Schweizer-Verwaltungsraeten-im-Jahr-2020-19-top-\u2013-67-flop_Organisator-347x175.jpg 347w, https:\/\/www.organisator.ch\/wp-content\/uploads\/2020\/09\/Diversity-in-Schweizer-Verwaltungsraeten-im-Jahr-2020-19-top-\u2013-67-flop_Organisator-300x151.jpg 300w\" sizes=\"auto, (max-width: 680px) 100vw, 680px\" \/><figcaption id=\"caption-attachment-7085\" class=\"wp-caption-text\">In Sachen Diversity gibt es im Grossteil der Schweizer Unternehmen noch viel Luft nach oben. (Grafik: GetDiversity)<\/figcaption><\/figure>\n<p>Immerhin 19% bzw. 1\u2019453 der untersuchten Firmen haben eine Geschlechtervielfalt in der Bandbreite von 30% &#8211; 70% und halten damit die bald g\u00fcltigen Geschlechterrichtwerte f\u00fcr Verwaltungsr\u00e4te von bo\u0308rsenkotierten Unternehmen bereits freiwillig ein. Das ist ein Lichtstreifen am Horizont. Deutlich \u00fcber diesem Ziel und damit besonders positiv pr\u00e4sentieren sich 274 Schweizer Unternehmen mit einer 50 \/ 50 &#8211; Verteilung sowohl im Verwaltungsrat wie bei den Zeichnungsberechtigten. Sie werden im vorliegenden Report als \u00abDiversity Champions\u00bb bezeichnet.<\/p>\n<p>Die Schattenseite: 67% bzw. 4\u2019961 der ausgewerteten Unternehmen haben keine einzige Frau in ihrem Verwaltungsratsteam, 132 keinen Mann. \u00c4hnlich d\u00fcster ist das Bild bei der Geschlechterdurchmischung bei allen handelsrechtlich Verantwortlichen (VR &amp; Zeichnungsberechtigte): 2\u2019965 arbeiten ohne Frauen, 67 ohne Ma\u0308nner. Das bedeutet 40% der analysierten Firmen arbeiten ohne Durchmischung bei ihren Verantwortungstr\u00e4gern.<\/p>\n<h2>14 Prozent Frauenanteil mit wenig Wirkung<\/h2>\n<p>In Anbetracht dieser Zahlen wird deutlich, dass das Gros der analysierten Unternehmen entscheidende Wettbewerbsvorteile verschenkt. Dass gemischte Teams dank ihrer Vielfalt hinsichtlich z. B. Lo\u0308sungskompetenz, Innovationskraft und Risikoabw\u00e4gung erfolgreicher und profiltabler sind, ist hinreichend bewiesen und bekannt. Ihre volle Wirkung entfaltet Diversit\u00e4t ab einem Anteil von mindestens 30%, belegt die Verhaltensforschung. Mit einem durchschnittlichen Frauenanteil von 14 % in den Verwaltungsra\u0308ten und 19 % bei den Zeichnungsberechtigten ist die Vielfalt bei den untersuchten Firmen noch nicht ausreichend wirksam. Das Potenzial, die unternehmerischen Erfolgschancen strukturell zu verbessern ist dementsprechend hoch.<\/p>\n<h2><strong>Die Schweizer \u00abDiversity Champions\u00bb<\/strong><\/h2>\n<p>Es geht auch anders. Das haben zumindest 274 der ausgewerteten Firmen l\u00e4ngst erkannt und belegen dies mit einer Geschlechtervertretung von 50 % Frauen und 50 % Ma\u0308nnern im Verwaltungsrat und bei den Zeichnungsberechtigten, weshalb der Diversity Report Schweiz 2020 sie als \u00abDiversity Champions\u00bb auszeichnet.<\/p>\n<p>Zu diesen Unternehmen geh\u00f6ren beispielsweise<\/p>\n<ul>\n<li>als gro\u0308sste Firma, \u00fcber 500 Mitarbeitende: YX Magnetic SA, Sierre<\/li>\n<li>als a\u0308lteste Firma, 1883 im HR eingetragen: Hotel Europe Davos AG, Davos<\/li>\n<li>als Firmen mit \u00fcber 100 Mitarbeitenden, gr\u00f6sstem Verwaltungsrat und h\u00f6chster Anzahl Zeichnungsberechtigter:<\/li>\n<li>Groupe Me\u0301dical de Versoix SA, Versoix<\/li>\n<li>Valmont Group Holding SA, Genf<\/li>\n<li>EF Education First AG, Z\u00fcrich<\/li>\n<li>Montanstahl SA, Stabio<\/li>\n<li>AG fu\u0308r Liegenschaftswerte, Basel<\/li>\n<li>Socie\u0301te\u0301 anonyme de la Colline Champel, Genf<\/li>\n<\/ul>\n<p>\u00dcberraschend in diesem Zusammenhang ist, dass der Kanton Appenzell Innerrhoden, der 1991 als letzter in der Schweiz das Frauenstimmrecht auf kantonaler Ebene einf\u00fchrte, mit 13% den ho\u0308chsten Anteil an \u00abDiversity Champions\u00bb hat.<\/p>\n<h2><strong>Fix the system \u2013 not the women<\/strong><\/h2>\n<p>\u00abWollen wir zuk\u00fcnftig mehr Schweizer Unternehmen, die sich auf den Weg zum \u2018Diversity Champion\u2019 machen oder zumindest die 30% Marke \u00fcberschreiten, ist ein Kulturwandel in diesen Firmen unumg\u00e4nglich\u00bb, konstatiert Esther-Mirjam de Boer, Mitinhaberin und Gesch\u00e4ftsf\u00fchrerin der GetDiversity GmbH.<\/p>\n<p>Bei Unternehmen, denen die Frauen auf dem Weg zur obersten Fu\u0308hrungsebene verloren gehen, spricht man von einer \u00ableaking pipeline\u00bb. Bei O\u0308lfirmen ist es klar, dass eine leckende Pipeline am Rohr behoben wird, nicht am O\u0308l. Manche Fu\u0308hrungskra\u0308fte glauben immer noch, dass eine \u00ableaking pipeline\u00bb in ihrem Talentepool bei den Frauen zu beheben ist, statt im Unternehmen. \u00abMehr und mehr Firmen kommen jedoch zur Einsicht, dass die Firmenkultur, der Umgang, die Strukturen, Prozesse und Gewohnheiten Teil des Problems sind und vera\u0308ndern deswegen das System. Frei nach dem Motto: fix the system \u2013 not the women.\u00bb, schliesst die Expertin f\u00fcr Vielfalt und inkludierende Kultur ihre Erl\u00e4uterung ab.<\/p>\n<p><em>Quelle: <a href=\"http:\/\/www.getdiversity.ch\">GetDiversity<\/a><br \/>\nHinweis: Eine Hitliste der &#8222;weiblichsten Unternehmen&#8220; wurde unl\u00e4ngst durch das Beratungsunternehmen DOIT-smart ver\u00f6ffentlicht. <a href=\"https:\/\/www.organisator.ch\/die-weiblichsten-unternehmen-2020-in-der-schweiz\/\">Wir berichteten dar\u00fcber<\/a>.<\/em><\/p>\n","protected":false},"excerpt":{"rendered":"<p>Immerhin 19% bzw. 1\u2019453 der untersuchten Firmen haben eine Geschlechtervielfalt in der Bandbreite von 30% &#8211; 70% und halten damit die bald g\u00fcltigen Geschlechterrichtwerte f\u00fcr Verwaltungsr\u00e4te von bo\u0308rsenkotierten Unternehmen bereits freiwillig ein. Das ist ein Lichtstreifen am Horizont. Deutlich \u00fcber diesem Ziel und damit besonders positiv pr\u00e4sentieren sich 274 Schweizer Unternehmen mit einer 50 \/ [&hellip;]<\/p>\n","protected":false},"author":4,"featured_media":7085,"comment_status":"closed","ping_status":"closed","sticky":false,"template":"","format":"standard","meta":{"_acf_changed":false,"_yoast_wpseo_focuskw":"Diversity","_yoast_wpseo_metadesc":"Erstmals gibt es mit dem Diversity Report Schweiz 2020 eine Vollerhebung \u00fcber die Geschlechtervielfalt in Verwaltungsr\u00e4ten der Schweizer Unternehmen.","articlekey":"","footnotes":""},"categories":[28],"tags":[159,254,335,459,513],"class_list":["post-7083","post","type-post","status-publish","format-standard","has-post-thumbnail","hentry","category-management","tag-diversity","tag-hrm","tag-management-und-unternehmensfuehrung","tag-studie","tag-verwaltungsraete"],"acf":[],"yoast_head":"<!-- This site is optimized with the Yoast SEO plugin v27.5 - https:\/\/yoast.com\/product\/yoast-seo-wordpress\/ -->\n<title>Diversity in Schweizer Verwaltungsr\u00e4ten im Jahr 2020: 19% top \u2013 67% flop - Organisator<\/title>\n<meta name=\"description\" content=\"Erstmals gibt es mit dem Diversity Report Schweiz 2020 eine Vollerhebung \u00fcber die Geschlechtervielfalt in Verwaltungsr\u00e4ten der Schweizer Unternehmen.\" \/>\n<meta name=\"robots\" content=\"index, follow, max-snippet:-1, max-image-preview:large, max-video-preview:-1\" \/>\n<link rel=\"canonical\" href=\"https:\/\/www.organisator.ch\/de\/management\/2020-09-04\/diversity-in-schweizer-verwaltungsraeten-im-jahr-2020-19-top-67-flop\/\" \/>\n<meta property=\"og:locale\" content=\"de_DE\" \/>\n<meta property=\"og:type\" content=\"article\" \/>\n<meta property=\"og:title\" content=\"Diversity in Schweizer Verwaltungsr\u00e4ten im Jahr 2020: 19% top \u2013 67% flop\" \/>\n<meta property=\"og:description\" content=\"Erstmals gibt es mit dem Diversity Report Schweiz 2020 eine Vollerhebung \u00fcber die Geschlechtervielfalt in Verwaltungsr\u00e4ten der Schweizer Unternehmen.\" \/>\n<meta property=\"og:url\" content=\"https:\/\/www.organisator.ch\/de\/management\/2020-09-04\/diversity-in-schweizer-verwaltungsraeten-im-jahr-2020-19-top-67-flop\/\" \/>\n<meta property=\"og:site_name\" content=\"Organisator\" \/>\n<meta property=\"article:publisher\" content=\"https:\/\/www.facebook.com\/OrganisatorFachmagazin\" \/>\n<meta property=\"article:published_time\" content=\"2020-09-04T10:49:11+00:00\" \/>\n<meta property=\"og:image\" content=\"https:\/\/www.organisator.ch\/wp-content\/uploads\/2020\/09\/Diversity-in-Schweizer-Verwaltungsraeten-im-Jahr-2020-19-top-\u2013-67-flop_Organisator.jpg\" \/>\n\t<meta property=\"og:image:width\" content=\"680\" \/>\n\t<meta property=\"og:image:height\" content=\"343\" \/>\n\t<meta property=\"og:image:type\" content=\"image\/jpeg\" \/>\n<meta name=\"author\" content=\"thomas.berner\" \/>\n<meta name=\"twitter:card\" content=\"summary_large_image\" \/>\n<meta name=\"twitter:title\" content=\"#Diversity in Schweizer #Verwaltungsr\u00e4ten im Jahr 2020: 19% top \u2013 67% flop\" \/>\n<meta name=\"twitter:description\" content=\"Erstmals gibt es mit dem #Diversity Report Schweiz 2020 eine Vollerhebung \u00fcber die #Geschlechtervielfalt in #Verwaltungsr\u00e4ten der Schweizer Unternehmen.\" \/>\n<meta name=\"twitter:image\" content=\"https:\/\/www.organisator.ch\/wp-content\/uploads\/2020\/09\/Diversity-in-Schweizer-Verwaltungsraeten-im-Jahr-2020-19-top-\u2013-67-flop_Organisator.jpg\" \/>\n<script type=\"application\/ld+json\" class=\"yoast-schema-graph\">{\"@context\":\"https:\\\/\\\/schema.org\",\"@graph\":[{\"@type\":\"Article\",\"@id\":\"https:\\\/\\\/www.organisator.ch\\\/management\\\/2020-09-04\\\/diversity-in-schweizer-verwaltungsraeten-im-jahr-2020-19-top-67-flop\\\/#article\",\"isPartOf\":{\"@id\":\"https:\\\/\\\/www.organisator.ch\\\/management\\\/2020-09-04\\\/diversity-in-schweizer-verwaltungsraeten-im-jahr-2020-19-top-67-flop\\\/\"},\"author\":{\"name\":\"thomas.berner\",\"@id\":\"https:\\\/\\\/www.organisator.ch\\\/#\\\/schema\\\/person\\\/6f650f90b2842cd4c0cc334b4e36f67e\"},\"headline\":\"Diversity in Schweizer Verwaltungsr\u00e4ten im Jahr 2020: 19% top \u2013 67% flop\",\"datePublished\":\"2020-09-04T10:49:11+00:00\",\"mainEntityOfPage\":{\"@id\":\"https:\\\/\\\/www.organisator.ch\\\/management\\\/2020-09-04\\\/diversity-in-schweizer-verwaltungsraeten-im-jahr-2020-19-top-67-flop\\\/\"},\"wordCount\":577,\"publisher\":{\"@id\":\"https:\\\/\\\/www.organisator.ch\\\/#organization\"},\"image\":{\"@id\":\"https:\\\/\\\/www.organisator.ch\\\/management\\\/2020-09-04\\\/diversity-in-schweizer-verwaltungsraeten-im-jahr-2020-19-top-67-flop\\\/#primaryimage\"},\"thumbnailUrl\":\"https:\\\/\\\/www.organisator.ch\\\/wp-content\\\/uploads\\\/2020\\\/09\\\/Diversity-in-Schweizer-Verwaltungsraeten-im-Jahr-2020-19-top-\u2013-67-flop_Organisator.jpg\",\"keywords\":[\"Diversity\",\"HRM\",\"Management und Unternehmensf\u00fchrung\",\"Studie\",\"Verwaltungsr\u00e4te\"],\"articleSection\":[\"MANAGEMENT\"],\"inLanguage\":\"de\"},{\"@type\":\"WebPage\",\"@id\":\"https:\\\/\\\/www.organisator.ch\\\/management\\\/2020-09-04\\\/diversity-in-schweizer-verwaltungsraeten-im-jahr-2020-19-top-67-flop\\\/\",\"url\":\"https:\\\/\\\/www.organisator.ch\\\/management\\\/2020-09-04\\\/diversity-in-schweizer-verwaltungsraeten-im-jahr-2020-19-top-67-flop\\\/\",\"name\":\"Diversity in Schweizer Verwaltungsr\u00e4ten im Jahr 2020: 19% top \u2013 67% flop - Organisator\",\"isPartOf\":{\"@id\":\"https:\\\/\\\/www.organisator.ch\\\/#website\"},\"primaryImageOfPage\":{\"@id\":\"https:\\\/\\\/www.organisator.ch\\\/management\\\/2020-09-04\\\/diversity-in-schweizer-verwaltungsraeten-im-jahr-2020-19-top-67-flop\\\/#primaryimage\"},\"image\":{\"@id\":\"https:\\\/\\\/www.organisator.ch\\\/management\\\/2020-09-04\\\/diversity-in-schweizer-verwaltungsraeten-im-jahr-2020-19-top-67-flop\\\/#primaryimage\"},\"thumbnailUrl\":\"https:\\\/\\\/www.organisator.ch\\\/wp-content\\\/uploads\\\/2020\\\/09\\\/Diversity-in-Schweizer-Verwaltungsraeten-im-Jahr-2020-19-top-\u2013-67-flop_Organisator.jpg\",\"datePublished\":\"2020-09-04T10:49:11+00:00\",\"description\":\"Erstmals gibt es mit dem Diversity Report Schweiz 2020 eine Vollerhebung \u00fcber die Geschlechtervielfalt in Verwaltungsr\u00e4ten der Schweizer Unternehmen.\",\"breadcrumb\":{\"@id\":\"https:\\\/\\\/www.organisator.ch\\\/management\\\/2020-09-04\\\/diversity-in-schweizer-verwaltungsraeten-im-jahr-2020-19-top-67-flop\\\/#breadcrumb\"},\"inLanguage\":\"de\",\"potentialAction\":[{\"@type\":\"ReadAction\",\"target\":[\"https:\\\/\\\/www.organisator.ch\\\/management\\\/2020-09-04\\\/diversity-in-schweizer-verwaltungsraeten-im-jahr-2020-19-top-67-flop\\\/\"]}]},{\"@type\":\"ImageObject\",\"inLanguage\":\"de\",\"@id\":\"https:\\\/\\\/www.organisator.ch\\\/management\\\/2020-09-04\\\/diversity-in-schweizer-verwaltungsraeten-im-jahr-2020-19-top-67-flop\\\/#primaryimage\",\"url\":\"https:\\\/\\\/www.organisator.ch\\\/wp-content\\\/uploads\\\/2020\\\/09\\\/Diversity-in-Schweizer-Verwaltungsraeten-im-Jahr-2020-19-top-\u2013-67-flop_Organisator.jpg\",\"contentUrl\":\"https:\\\/\\\/www.organisator.ch\\\/wp-content\\\/uploads\\\/2020\\\/09\\\/Diversity-in-Schweizer-Verwaltungsraeten-im-Jahr-2020-19-top-\u2013-67-flop_Organisator.jpg\",\"width\":680,\"height\":343,\"caption\":\"In Sachen Diversity gibt es im Grossteil der Schweizer Unternehmen noch viel Luft nach oben. (Grafik: GetDiversity)\"},{\"@type\":\"BreadcrumbList\",\"@id\":\"https:\\\/\\\/www.organisator.ch\\\/management\\\/2020-09-04\\\/diversity-in-schweizer-verwaltungsraeten-im-jahr-2020-19-top-67-flop\\\/#breadcrumb\",\"itemListElement\":[{\"@type\":\"ListItem\",\"position\":1,\"name\":\"Home\",\"item\":\"https:\\\/\\\/www.organisator.ch\\\/\"},{\"@type\":\"ListItem\",\"position\":2,\"name\":\"Diversity in Schweizer Verwaltungsr\u00e4ten im Jahr 2020: 19% top \u2013 67% flop\"}]},{\"@type\":\"WebSite\",\"@id\":\"https:\\\/\\\/www.organisator.ch\\\/#website\",\"url\":\"https:\\\/\\\/www.organisator.ch\\\/\",\"name\":\"Organisator\",\"description\":\"Kompetent. Praxisnah. Der ORGANISATOR bereitet in 10 Ausgaben pro Jahr die wesentlichen Themen f\u00fcr F\u00fchrungskr\u00e4fte von KMU auf.\",\"publisher\":{\"@id\":\"https:\\\/\\\/www.organisator.ch\\\/#organization\"},\"potentialAction\":[{\"@type\":\"SearchAction\",\"target\":{\"@type\":\"EntryPoint\",\"urlTemplate\":\"https:\\\/\\\/www.organisator.ch\\\/?s={search_term_string}\"},\"query-input\":{\"@type\":\"PropertyValueSpecification\",\"valueRequired\":true,\"valueName\":\"search_term_string\"}}],\"inLanguage\":\"de\"},{\"@type\":\"Organization\",\"@id\":\"https:\\\/\\\/www.organisator.ch\\\/#organization\",\"name\":\"Organisator\",\"url\":\"https:\\\/\\\/www.organisator.ch\\\/\",\"logo\":{\"@type\":\"ImageObject\",\"inLanguage\":\"de\",\"@id\":\"https:\\\/\\\/www.organisator.ch\\\/#\\\/schema\\\/logo\\\/image\\\/\",\"url\":\"https:\\\/\\\/www.organisator.ch\\\/wp-content\\\/uploads\\\/2022\\\/01\\\/Logo_Organisator_Website.png\",\"contentUrl\":\"https:\\\/\\\/www.organisator.ch\\\/wp-content\\\/uploads\\\/2022\\\/01\\\/Logo_Organisator_Website.png\",\"width\":800,\"height\":77,\"caption\":\"Organisator\"},\"image\":{\"@id\":\"https:\\\/\\\/www.organisator.ch\\\/#\\\/schema\\\/logo\\\/image\\\/\"},\"sameAs\":[\"https:\\\/\\\/www.facebook.com\\\/OrganisatorFachmagazin\",\"https:\\\/\\\/www.linkedin.com\\\/showcase\\\/organisator-das-magazin-fr-kmu\",\"https:\\\/\\\/www.xing.com\\\/news\\\/pages\\\/organisator-ch-695\",\"https:\\\/\\\/www.youtube.com\\\/channel\\\/UCGP2Sq0iWaZwT3BdIAQFYpw\"]},{\"@type\":\"Person\",\"@id\":\"https:\\\/\\\/www.organisator.ch\\\/#\\\/schema\\\/person\\\/6f650f90b2842cd4c0cc334b4e36f67e\",\"name\":\"thomas.berner\",\"image\":{\"@type\":\"ImageObject\",\"inLanguage\":\"de\",\"@id\":\"https:\\\/\\\/secure.gravatar.com\\\/avatar\\\/ac5001d2a36cb6c6cd3e50789007ffca834b477b74a2144564522e944eabff61?s=96&d=mm&r=g\",\"url\":\"https:\\\/\\\/secure.gravatar.com\\\/avatar\\\/ac5001d2a36cb6c6cd3e50789007ffca834b477b74a2144564522e944eabff61?s=96&d=mm&r=g\",\"contentUrl\":\"https:\\\/\\\/secure.gravatar.com\\\/avatar\\\/ac5001d2a36cb6c6cd3e50789007ffca834b477b74a2144564522e944eabff61?s=96&d=mm&r=g\",\"caption\":\"thomas.berner\"},\"url\":\"https:\\\/\\\/www.organisator.ch\\\/de\\\/author\\\/thomas-berner\\\/\"}]}<\/script>\n<!-- \/ Yoast SEO plugin. -->","yoast_head_json":{"title":"Diversity in Schweizer Verwaltungsr\u00e4ten im Jahr 2020: 19% top \u2013 67% flop - Organisator","description":"Erstmals gibt es mit dem Diversity Report Schweiz 2020 eine Vollerhebung \u00fcber die Geschlechtervielfalt in Verwaltungsr\u00e4ten der Schweizer Unternehmen.","robots":{"index":"index","follow":"follow","max-snippet":"max-snippet:-1","max-image-preview":"max-image-preview:large","max-video-preview":"max-video-preview:-1"},"canonical":"https:\/\/www.organisator.ch\/de\/management\/2020-09-04\/diversity-in-schweizer-verwaltungsraeten-im-jahr-2020-19-top-67-flop\/","og_locale":"de_DE","og_type":"article","og_title":"Diversity in Schweizer Verwaltungsr\u00e4ten im Jahr 2020: 19% top \u2013 67% flop","og_description":"Erstmals gibt es mit dem Diversity Report Schweiz 2020 eine Vollerhebung \u00fcber die Geschlechtervielfalt in Verwaltungsr\u00e4ten der Schweizer Unternehmen.","og_url":"https:\/\/www.organisator.ch\/de\/management\/2020-09-04\/diversity-in-schweizer-verwaltungsraeten-im-jahr-2020-19-top-67-flop\/","og_site_name":"Organisator","article_publisher":"https:\/\/www.facebook.com\/OrganisatorFachmagazin","article_published_time":"2020-09-04T10:49:11+00:00","og_image":[{"width":680,"height":343,"url":"https:\/\/www.organisator.ch\/wp-content\/uploads\/2020\/09\/Diversity-in-Schweizer-Verwaltungsraeten-im-Jahr-2020-19-top-\u2013-67-flop_Organisator.jpg","type":"image\/jpeg"}],"author":"thomas.berner","twitter_card":"summary_large_image","twitter_title":"#Diversity in Schweizer #Verwaltungsr\u00e4ten im Jahr 2020: 19% top \u2013 67% flop","twitter_description":"Erstmals gibt es mit dem #Diversity Report Schweiz 2020 eine Vollerhebung \u00fcber die #Geschlechtervielfalt in #Verwaltungsr\u00e4ten der Schweizer Unternehmen.","twitter_image":"https:\/\/www.organisator.ch\/wp-content\/uploads\/2020\/09\/Diversity-in-Schweizer-Verwaltungsraeten-im-Jahr-2020-19-top-\u2013-67-flop_Organisator.jpg","schema":{"@context":"https:\/\/schema.org","@graph":[{"@type":"Article","@id":"https:\/\/www.organisator.ch\/management\/2020-09-04\/diversity-in-schweizer-verwaltungsraeten-im-jahr-2020-19-top-67-flop\/#article","isPartOf":{"@id":"https:\/\/www.organisator.ch\/management\/2020-09-04\/diversity-in-schweizer-verwaltungsraeten-im-jahr-2020-19-top-67-flop\/"},"author":{"name":"thomas.berner","@id":"https:\/\/www.organisator.ch\/#\/schema\/person\/6f650f90b2842cd4c0cc334b4e36f67e"},"headline":"Diversity in Schweizer Verwaltungsr\u00e4ten im Jahr 2020: 19% top \u2013 67% flop","datePublished":"2020-09-04T10:49:11+00:00","mainEntityOfPage":{"@id":"https:\/\/www.organisator.ch\/management\/2020-09-04\/diversity-in-schweizer-verwaltungsraeten-im-jahr-2020-19-top-67-flop\/"},"wordCount":577,"publisher":{"@id":"https:\/\/www.organisator.ch\/#organization"},"image":{"@id":"https:\/\/www.organisator.ch\/management\/2020-09-04\/diversity-in-schweizer-verwaltungsraeten-im-jahr-2020-19-top-67-flop\/#primaryimage"},"thumbnailUrl":"https:\/\/www.organisator.ch\/wp-content\/uploads\/2020\/09\/Diversity-in-Schweizer-Verwaltungsraeten-im-Jahr-2020-19-top-\u2013-67-flop_Organisator.jpg","keywords":["Diversity","HRM","Management und Unternehmensf\u00fchrung","Studie","Verwaltungsr\u00e4te"],"articleSection":["MANAGEMENT"],"inLanguage":"de"},{"@type":"WebPage","@id":"https:\/\/www.organisator.ch\/management\/2020-09-04\/diversity-in-schweizer-verwaltungsraeten-im-jahr-2020-19-top-67-flop\/","url":"https:\/\/www.organisator.ch\/management\/2020-09-04\/diversity-in-schweizer-verwaltungsraeten-im-jahr-2020-19-top-67-flop\/","name":"Diversity in Schweizer Verwaltungsr\u00e4ten im Jahr 2020: 19% top \u2013 67% flop - Organisator","isPartOf":{"@id":"https:\/\/www.organisator.ch\/#website"},"primaryImageOfPage":{"@id":"https:\/\/www.organisator.ch\/management\/2020-09-04\/diversity-in-schweizer-verwaltungsraeten-im-jahr-2020-19-top-67-flop\/#primaryimage"},"image":{"@id":"https:\/\/www.organisator.ch\/management\/2020-09-04\/diversity-in-schweizer-verwaltungsraeten-im-jahr-2020-19-top-67-flop\/#primaryimage"},"thumbnailUrl":"https:\/\/www.organisator.ch\/wp-content\/uploads\/2020\/09\/Diversity-in-Schweizer-Verwaltungsraeten-im-Jahr-2020-19-top-\u2013-67-flop_Organisator.jpg","datePublished":"2020-09-04T10:49:11+00:00","description":"Erstmals gibt es mit dem Diversity Report Schweiz 2020 eine Vollerhebung \u00fcber die Geschlechtervielfalt in Verwaltungsr\u00e4ten der Schweizer Unternehmen.","breadcrumb":{"@id":"https:\/\/www.organisator.ch\/management\/2020-09-04\/diversity-in-schweizer-verwaltungsraeten-im-jahr-2020-19-top-67-flop\/#breadcrumb"},"inLanguage":"de","potentialAction":[{"@type":"ReadAction","target":["https:\/\/www.organisator.ch\/management\/2020-09-04\/diversity-in-schweizer-verwaltungsraeten-im-jahr-2020-19-top-67-flop\/"]}]},{"@type":"ImageObject","inLanguage":"de","@id":"https:\/\/www.organisator.ch\/management\/2020-09-04\/diversity-in-schweizer-verwaltungsraeten-im-jahr-2020-19-top-67-flop\/#primaryimage","url":"https:\/\/www.organisator.ch\/wp-content\/uploads\/2020\/09\/Diversity-in-Schweizer-Verwaltungsraeten-im-Jahr-2020-19-top-\u2013-67-flop_Organisator.jpg","contentUrl":"https:\/\/www.organisator.ch\/wp-content\/uploads\/2020\/09\/Diversity-in-Schweizer-Verwaltungsraeten-im-Jahr-2020-19-top-\u2013-67-flop_Organisator.jpg","width":680,"height":343,"caption":"In Sachen Diversity gibt es im Grossteil der Schweizer Unternehmen noch viel Luft nach oben. (Grafik: GetDiversity)"},{"@type":"BreadcrumbList","@id":"https:\/\/www.organisator.ch\/management\/2020-09-04\/diversity-in-schweizer-verwaltungsraeten-im-jahr-2020-19-top-67-flop\/#breadcrumb","itemListElement":[{"@type":"ListItem","position":1,"name":"Home","item":"https:\/\/www.organisator.ch\/"},{"@type":"ListItem","position":2,"name":"Diversity in Schweizer Verwaltungsr\u00e4ten im Jahr 2020: 19% top \u2013 67% flop"}]},{"@type":"WebSite","@id":"https:\/\/www.organisator.ch\/#website","url":"https:\/\/www.organisator.ch\/","name":"Organisator","description":"Kompetent. Praxisnah. Der ORGANISATOR bereitet in 10 Ausgaben pro Jahr die wesentlichen Themen f\u00fcr F\u00fchrungskr\u00e4fte von KMU auf.","publisher":{"@id":"https:\/\/www.organisator.ch\/#organization"},"potentialAction":[{"@type":"SearchAction","target":{"@type":"EntryPoint","urlTemplate":"https:\/\/www.organisator.ch\/?s={search_term_string}"},"query-input":{"@type":"PropertyValueSpecification","valueRequired":true,"valueName":"search_term_string"}}],"inLanguage":"de"},{"@type":"Organization","@id":"https:\/\/www.organisator.ch\/#organization","name":"Organisator","url":"https:\/\/www.organisator.ch\/","logo":{"@type":"ImageObject","inLanguage":"de","@id":"https:\/\/www.organisator.ch\/#\/schema\/logo\/image\/","url":"https:\/\/www.organisator.ch\/wp-content\/uploads\/2022\/01\/Logo_Organisator_Website.png","contentUrl":"https:\/\/www.organisator.ch\/wp-content\/uploads\/2022\/01\/Logo_Organisator_Website.png","width":800,"height":77,"caption":"Organisator"},"image":{"@id":"https:\/\/www.organisator.ch\/#\/schema\/logo\/image\/"},"sameAs":["https:\/\/www.facebook.com\/OrganisatorFachmagazin","https:\/\/www.linkedin.com\/showcase\/organisator-das-magazin-fr-kmu","https:\/\/www.xing.com\/news\/pages\/organisator-ch-695","https:\/\/www.youtube.com\/channel\/UCGP2Sq0iWaZwT3BdIAQFYpw"]},{"@type":"Person","@id":"https:\/\/www.organisator.ch\/#\/schema\/person\/6f650f90b2842cd4c0cc334b4e36f67e","name":"thomas.berner","image":{"@type":"ImageObject","inLanguage":"de","@id":"https:\/\/secure.gravatar.com\/avatar\/ac5001d2a36cb6c6cd3e50789007ffca834b477b74a2144564522e944eabff61?s=96&d=mm&r=g","url":"https:\/\/secure.gravatar.com\/avatar\/ac5001d2a36cb6c6cd3e50789007ffca834b477b74a2144564522e944eabff61?s=96&d=mm&r=g","contentUrl":"https:\/\/secure.gravatar.com\/avatar\/ac5001d2a36cb6c6cd3e50789007ffca834b477b74a2144564522e944eabff61?s=96&d=mm&r=g","caption":"thomas.berner"},"url":"https:\/\/www.organisator.ch\/de\/author\/thomas-berner\/"}]}},"_links":{"self":[{"href":"https:\/\/www.organisator.ch\/de\/wp-json\/wp\/v2\/posts\/7083","targetHints":{"allow":["GET"]}}],"collection":[{"href":"https:\/\/www.organisator.ch\/de\/wp-json\/wp\/v2\/posts"}],"about":[{"href":"https:\/\/www.organisator.ch\/de\/wp-json\/wp\/v2\/types\/post"}],"author":[{"embeddable":true,"href":"https:\/\/www.organisator.ch\/de\/wp-json\/wp\/v2\/users\/4"}],"replies":[{"embeddable":true,"href":"https:\/\/www.organisator.ch\/de\/wp-json\/wp\/v2\/comments?post=7083"}],"version-history":[{"count":0,"href":"https:\/\/www.organisator.ch\/de\/wp-json\/wp\/v2\/posts\/7083\/revisions"}],"wp:featuredmedia":[{"embeddable":true,"href":"https:\/\/www.organisator.ch\/de\/wp-json\/wp\/v2\/media\/7085"}],"wp:attachment":[{"href":"https:\/\/www.organisator.ch\/de\/wp-json\/wp\/v2\/media?parent=7083"}],"wp:term":[{"taxonomy":"category","embeddable":true,"href":"https:\/\/www.organisator.ch\/de\/wp-json\/wp\/v2\/categories?post=7083"},{"taxonomy":"post_tag","embeddable":true,"href":"https:\/\/www.organisator.ch\/de\/wp-json\/wp\/v2\/tags?post=7083"}],"curies":[{"name":"wp","href":"https:\/\/api.w.org\/{rel}","templated":true}]}}