{"id":7124,"date":"2020-09-16T09:05:58","date_gmt":"2020-09-16T07:05:58","guid":{"rendered":"https:\/\/www.organisator.ch\/?p=7124"},"modified":"2020-09-16T09:05:58","modified_gmt":"2020-09-16T07:05:58","slug":"die-besten-it-manager-der-schweiz","status":"publish","type":"post","link":"https:\/\/www.organisator.ch\/de\/management\/it\/2020-09-16\/die-besten-it-manager-der-schweiz\/","title":{"rendered":"Die besten IT-Manager der Schweiz"},"content":{"rendered":"<figure id=\"attachment_7125\" aria-describedby=\"caption-attachment-7125\" style=\"width: 680px\" class=\"wp-caption alignnone\"><img loading=\"lazy\" decoding=\"async\" class=\"size-medium wp-image-7125\" src=\"https:\/\/www.organisator.ch\/wp-content\/uploads\/2020\/09\/Die-besten-IT-Manager-der-Schweiz_Organisator.jpg\" alt=\"\" width=\"680\" height=\"450\" srcset=\"https:\/\/www.organisator.ch\/wp-content\/uploads\/2020\/09\/Die-besten-IT-Manager-der-Schweiz_Organisator.jpg 680w, https:\/\/www.organisator.ch\/wp-content\/uploads\/2020\/09\/Die-besten-IT-Manager-der-Schweiz_Organisator-16x12.jpg 16w, https:\/\/www.organisator.ch\/wp-content\/uploads\/2020\/09\/Die-besten-IT-Manager-der-Schweiz_Organisator-264x175.jpg 264w, https:\/\/www.organisator.ch\/wp-content\/uploads\/2020\/09\/Die-besten-IT-Manager-der-Schweiz_Organisator-529x350.jpg 529w, https:\/\/www.organisator.ch\/wp-content\/uploads\/2020\/09\/Die-besten-IT-Manager-der-Schweiz_Organisator-300x199.jpg 300w\" sizes=\"auto, (max-width: 680px) 100vw, 680px\" \/><figcaption id=\"caption-attachment-7125\" class=\"wp-caption-text\">EY zeichnet die besten IT-Manager der Schweiz aus: Von links: Andreas Toggwyler (EY), Konrad Z\u00f6schg (CIO des Flughafen Z\u00fcrich) und Michael Ghezzo (CONFARE). (Bild: EY Switzerland)<\/figcaption><\/figure>\n<p>J\u00e4hrlich werden von EY Switzerland in Zusammenarbeit mit der CIO Plattform Confare die besten IT-Manager der Schweiz ausgezeichnet. Die Auswahl der Gewinnerinnen und Gewinner f\u00e4llt jeweils eine Jury unter der Leitung von Andreas Toggwyler, Partner Financial Services, Head of IT Risk and Assurance bei EY Schweiz.<\/p>\n<p>Dieses Jahr das Rennen machte Konrad Z\u00f6schg, CIO des Flughafen Z\u00fcrich. Es sei ihm gelungen, \u00abein grosses und komplexes Unternehmen, welches in einem facettenreichen \u00d6kosystem operiere, erfolgreich zu transformieren\u00bb, hielt die Award-Jury unter dem Vorsitz von Andreas Toggwyler, Partner Financial Services, Head of IT Risk and Assurance bei EY Schweiz, anerkennend fest. Die Rolle der IT spielt im Alltag des Flughafens eine wichtige Rolle, um einen reibungslosen Flug- und Flughafenbetrieb sicherzustellen. Dabei m\u00fcssen gegen 400 Systeme und Applikationen stets verf\u00fcgbar sein, reibungslos funktionieren, miteinander agieren sowie auch weiterentwickelt werden.<\/p>\n<p>Als weitere Gewinner wurden Markus Guggenb\u00fchler (CIO der Manor AG), Ricardo Nebot (Head of IT bei Emmi Schweiz) und Tobias R\u00f6lz (Mitglied der Gruppenleitung und Verantwortlicher Market &amp; Digital Services bei Komax), im Rahmen der gestrigen Preisverleihung in Z\u00fcrich ausgezeichnet. \u00abWir haben viele ausgezeichnete Bewerbungen f\u00fcr den diesj\u00e4hrigen Swiss CIO Award erhalten. Beim Durchsehen der Einreichungen konnten wir einen klaren Trend erkennen, wobei der CIO im Zentrum der Transformation vieler Unternehmen steht, der den Wandel sowohl aus der digitalen als auch aus der Talentperspektive vorantreibt\u00bb, kommentiert Jury-Pr\u00e4sident Toggwyler die Herausforderungen und Schwerpunkte der Ausgezeichneten.<\/p>\n<p><em>Quelle: <a href=\"https:\/\/www.ey.com\/de_ch\/people\/ey-switzerland\">EY Switzerland<\/a><\/em><\/p>\n","protected":false},"excerpt":{"rendered":"<p>J\u00e4hrlich werden von EY Switzerland in Zusammenarbeit mit der CIO Plattform Confare die besten IT-Manager der Schweiz ausgezeichnet. Die Auswahl der Gewinnerinnen und Gewinner f\u00e4llt jeweils eine Jury unter der Leitung von Andreas Toggwyler, Partner Financial Services, Head of IT Risk and Assurance bei EY Schweiz. Dieses Jahr das Rennen machte Konrad Z\u00f6schg, CIO des [&hellip;]<\/p>\n","protected":false},"author":4,"featured_media":7125,"comment_status":"closed","ping_status":"closed","sticky":false,"template":"","format":"standard","meta":{"_acf_changed":false,"_yoast_wpseo_focuskw":"IT-Manager","_yoast_wpseo_metadesc":"J\u00e4hrlich verleiht EY Switzerland in Zusammenarbeit mit der CIO Plattform Confare den Swiss CIO Award. Bester IT-Manager 2020 ist Konrad Z\u00f6schg.","articlekey":"","footnotes":""},"categories":[27],"tags":[66,286,335,381],"class_list":["post-7124","post","type-post","status-publish","format-standard","has-post-thumbnail","hentry","category-it","tag-awards","tag-it","tag-management-und-unternehmensfuehrung","tag-personalia"],"acf":[],"yoast_head":"<!-- This site is optimized with the Yoast SEO plugin v27.4 - https:\/\/yoast.com\/product\/yoast-seo-wordpress\/ -->\n<title>Die besten IT-Manager der Schweiz - Organisator<\/title>\n<meta name=\"description\" content=\"J\u00e4hrlich verleiht EY Switzerland in Zusammenarbeit mit der CIO Plattform Confare den Swiss CIO Award. Bester IT-Manager 2020 ist Konrad Z\u00f6schg.\" \/>\n<meta name=\"robots\" content=\"index, follow, max-snippet:-1, max-image-preview:large, max-video-preview:-1\" \/>\n<link rel=\"canonical\" href=\"https:\/\/www.organisator.ch\/de\/management\/it\/2020-09-16\/die-besten-it-manager-der-schweiz\/\" \/>\n<meta property=\"og:locale\" content=\"de_DE\" \/>\n<meta property=\"og:type\" content=\"article\" \/>\n<meta property=\"og:title\" content=\"Die besten IT-Manager der Schweiz\" \/>\n<meta property=\"og:description\" content=\"J\u00e4hrlich verleiht EY Switzerland in Zusammenarbeit mit der CIO Plattform Confare den Swiss CIO Award. Bester IT-Manager 2020 ist Konrad Z\u00f6schg.\" \/>\n<meta property=\"og:url\" content=\"https:\/\/www.organisator.ch\/de\/management\/it\/2020-09-16\/die-besten-it-manager-der-schweiz\/\" \/>\n<meta property=\"og:site_name\" content=\"Organisator\" \/>\n<meta property=\"article:publisher\" content=\"https:\/\/www.facebook.com\/OrganisatorFachmagazin\" \/>\n<meta property=\"article:published_time\" content=\"2020-09-16T07:05:58+00:00\" \/>\n<meta property=\"og:image\" content=\"https:\/\/www.organisator.ch\/wp-content\/uploads\/2020\/09\/Die-besten-IT-Manager-der-Schweiz_Organisator.jpg\" \/>\n\t<meta property=\"og:image:width\" content=\"680\" \/>\n\t<meta property=\"og:image:height\" content=\"450\" \/>\n\t<meta property=\"og:image:type\" content=\"image\/jpeg\" \/>\n<meta name=\"author\" content=\"thomas.berner\" \/>\n<meta name=\"twitter:card\" content=\"summary_large_image\" \/>\n<meta name=\"twitter:title\" content=\"Die besten #IT-Manager der Schweiz\" \/>\n<meta name=\"twitter:description\" content=\"J\u00e4hrlich verleiht #EY Switzerland in Zusammenarbeit mit der #CIO Plattform #Confare den Swiss CIO Award. Bester #IT-Manager 2020 ist Konrad Z\u00f6schg.\" \/>\n<meta name=\"twitter:image\" content=\"https:\/\/www.organisator.ch\/wp-content\/uploads\/2020\/09\/Die-besten-IT-Manager-der-Schweiz_Organisator.jpg\" \/>\n<script type=\"application\/ld+json\" class=\"yoast-schema-graph\">{\"@context\":\"https:\\\/\\\/schema.org\",\"@graph\":[{\"@type\":\"Article\",\"@id\":\"https:\\\/\\\/www.organisator.ch\\\/management\\\/it\\\/2020-09-16\\\/die-besten-it-manager-der-schweiz\\\/#article\",\"isPartOf\":{\"@id\":\"https:\\\/\\\/www.organisator.ch\\\/management\\\/it\\\/2020-09-16\\\/die-besten-it-manager-der-schweiz\\\/\"},\"author\":{\"name\":\"thomas.berner\",\"@id\":\"https:\\\/\\\/www.organisator.ch\\\/#\\\/schema\\\/person\\\/6f650f90b2842cd4c0cc334b4e36f67e\"},\"headline\":\"Die besten IT-Manager der Schweiz\",\"datePublished\":\"2020-09-16T07:05:58+00:00\",\"mainEntityOfPage\":{\"@id\":\"https:\\\/\\\/www.organisator.ch\\\/management\\\/it\\\/2020-09-16\\\/die-besten-it-manager-der-schweiz\\\/\"},\"wordCount\":283,\"publisher\":{\"@id\":\"https:\\\/\\\/www.organisator.ch\\\/#organization\"},\"image\":{\"@id\":\"https:\\\/\\\/www.organisator.ch\\\/management\\\/it\\\/2020-09-16\\\/die-besten-it-manager-der-schweiz\\\/#primaryimage\"},\"thumbnailUrl\":\"https:\\\/\\\/www.organisator.ch\\\/wp-content\\\/uploads\\\/2020\\\/09\\\/Die-besten-IT-Manager-der-Schweiz_Organisator.jpg\",\"keywords\":[\"Awards\",\"IT\",\"Management und Unternehmensf\u00fchrung\",\"Personalia\"],\"articleSection\":[\"IT\"],\"inLanguage\":\"de\"},{\"@type\":\"WebPage\",\"@id\":\"https:\\\/\\\/www.organisator.ch\\\/management\\\/it\\\/2020-09-16\\\/die-besten-it-manager-der-schweiz\\\/\",\"url\":\"https:\\\/\\\/www.organisator.ch\\\/management\\\/it\\\/2020-09-16\\\/die-besten-it-manager-der-schweiz\\\/\",\"name\":\"Die besten IT-Manager der Schweiz - Organisator\",\"isPartOf\":{\"@id\":\"https:\\\/\\\/www.organisator.ch\\\/#website\"},\"primaryImageOfPage\":{\"@id\":\"https:\\\/\\\/www.organisator.ch\\\/management\\\/it\\\/2020-09-16\\\/die-besten-it-manager-der-schweiz\\\/#primaryimage\"},\"image\":{\"@id\":\"https:\\\/\\\/www.organisator.ch\\\/management\\\/it\\\/2020-09-16\\\/die-besten-it-manager-der-schweiz\\\/#primaryimage\"},\"thumbnailUrl\":\"https:\\\/\\\/www.organisator.ch\\\/wp-content\\\/uploads\\\/2020\\\/09\\\/Die-besten-IT-Manager-der-Schweiz_Organisator.jpg\",\"datePublished\":\"2020-09-16T07:05:58+00:00\",\"description\":\"J\u00e4hrlich verleiht EY Switzerland in Zusammenarbeit mit der CIO Plattform Confare den Swiss CIO Award. Bester IT-Manager 2020 ist Konrad Z\u00f6schg.\",\"breadcrumb\":{\"@id\":\"https:\\\/\\\/www.organisator.ch\\\/management\\\/it\\\/2020-09-16\\\/die-besten-it-manager-der-schweiz\\\/#breadcrumb\"},\"inLanguage\":\"de\",\"potentialAction\":[{\"@type\":\"ReadAction\",\"target\":[\"https:\\\/\\\/www.organisator.ch\\\/management\\\/it\\\/2020-09-16\\\/die-besten-it-manager-der-schweiz\\\/\"]}]},{\"@type\":\"ImageObject\",\"inLanguage\":\"de\",\"@id\":\"https:\\\/\\\/www.organisator.ch\\\/management\\\/it\\\/2020-09-16\\\/die-besten-it-manager-der-schweiz\\\/#primaryimage\",\"url\":\"https:\\\/\\\/www.organisator.ch\\\/wp-content\\\/uploads\\\/2020\\\/09\\\/Die-besten-IT-Manager-der-Schweiz_Organisator.jpg\",\"contentUrl\":\"https:\\\/\\\/www.organisator.ch\\\/wp-content\\\/uploads\\\/2020\\\/09\\\/Die-besten-IT-Manager-der-Schweiz_Organisator.jpg\",\"width\":680,\"height\":450,\"caption\":\"EY zeichnet die besten IT-Manager der Schweiz aus: Von links: Andreas Toggwyler (EY), Konrad Z\u00f6schg (CIO des Flughafen Z\u00fcrich) und Michael Ghezzo (CONFARE). (Bild: EY Switzerland)\"},{\"@type\":\"BreadcrumbList\",\"@id\":\"https:\\\/\\\/www.organisator.ch\\\/management\\\/it\\\/2020-09-16\\\/die-besten-it-manager-der-schweiz\\\/#breadcrumb\",\"itemListElement\":[{\"@type\":\"ListItem\",\"position\":1,\"name\":\"Home\",\"item\":\"https:\\\/\\\/www.organisator.ch\\\/\"},{\"@type\":\"ListItem\",\"position\":2,\"name\":\"Die besten IT-Manager der Schweiz\"}]},{\"@type\":\"WebSite\",\"@id\":\"https:\\\/\\\/www.organisator.ch\\\/#website\",\"url\":\"https:\\\/\\\/www.organisator.ch\\\/\",\"name\":\"Organisator\",\"description\":\"Kompetent. Praxisnah. Der ORGANISATOR bereitet in 10 Ausgaben pro Jahr die wesentlichen Themen f\u00fcr F\u00fchrungskr\u00e4fte von KMU auf.\",\"publisher\":{\"@id\":\"https:\\\/\\\/www.organisator.ch\\\/#organization\"},\"potentialAction\":[{\"@type\":\"SearchAction\",\"target\":{\"@type\":\"EntryPoint\",\"urlTemplate\":\"https:\\\/\\\/www.organisator.ch\\\/?s={search_term_string}\"},\"query-input\":{\"@type\":\"PropertyValueSpecification\",\"valueRequired\":true,\"valueName\":\"search_term_string\"}}],\"inLanguage\":\"de\"},{\"@type\":\"Organization\",\"@id\":\"https:\\\/\\\/www.organisator.ch\\\/#organization\",\"name\":\"Organisator\",\"url\":\"https:\\\/\\\/www.organisator.ch\\\/\",\"logo\":{\"@type\":\"ImageObject\",\"inLanguage\":\"de\",\"@id\":\"https:\\\/\\\/www.organisator.ch\\\/#\\\/schema\\\/logo\\\/image\\\/\",\"url\":\"https:\\\/\\\/www.organisator.ch\\\/wp-content\\\/uploads\\\/2022\\\/01\\\/Logo_Organisator_Website.png\",\"contentUrl\":\"https:\\\/\\\/www.organisator.ch\\\/wp-content\\\/uploads\\\/2022\\\/01\\\/Logo_Organisator_Website.png\",\"width\":800,\"height\":77,\"caption\":\"Organisator\"},\"image\":{\"@id\":\"https:\\\/\\\/www.organisator.ch\\\/#\\\/schema\\\/logo\\\/image\\\/\"},\"sameAs\":[\"https:\\\/\\\/www.facebook.com\\\/OrganisatorFachmagazin\",\"https:\\\/\\\/www.linkedin.com\\\/showcase\\\/organisator-das-magazin-fr-kmu\",\"https:\\\/\\\/www.xing.com\\\/news\\\/pages\\\/organisator-ch-695\",\"https:\\\/\\\/www.youtube.com\\\/channel\\\/UCGP2Sq0iWaZwT3BdIAQFYpw\"]},{\"@type\":\"Person\",\"@id\":\"https:\\\/\\\/www.organisator.ch\\\/#\\\/schema\\\/person\\\/6f650f90b2842cd4c0cc334b4e36f67e\",\"name\":\"thomas.berner\",\"image\":{\"@type\":\"ImageObject\",\"inLanguage\":\"de\",\"@id\":\"https:\\\/\\\/secure.gravatar.com\\\/avatar\\\/ac5001d2a36cb6c6cd3e50789007ffca834b477b74a2144564522e944eabff61?s=96&d=mm&r=g\",\"url\":\"https:\\\/\\\/secure.gravatar.com\\\/avatar\\\/ac5001d2a36cb6c6cd3e50789007ffca834b477b74a2144564522e944eabff61?s=96&d=mm&r=g\",\"contentUrl\":\"https:\\\/\\\/secure.gravatar.com\\\/avatar\\\/ac5001d2a36cb6c6cd3e50789007ffca834b477b74a2144564522e944eabff61?s=96&d=mm&r=g\",\"caption\":\"thomas.berner\"},\"url\":\"https:\\\/\\\/www.organisator.ch\\\/de\\\/author\\\/thomas-berner\\\/\"}]}<\/script>\n<!-- \/ Yoast SEO plugin. -->","yoast_head_json":{"title":"Die besten IT-Manager der Schweiz - Organisator","description":"J\u00e4hrlich verleiht EY Switzerland in Zusammenarbeit mit der CIO Plattform Confare den Swiss CIO Award. Bester IT-Manager 2020 ist Konrad Z\u00f6schg.","robots":{"index":"index","follow":"follow","max-snippet":"max-snippet:-1","max-image-preview":"max-image-preview:large","max-video-preview":"max-video-preview:-1"},"canonical":"https:\/\/www.organisator.ch\/de\/management\/it\/2020-09-16\/die-besten-it-manager-der-schweiz\/","og_locale":"de_DE","og_type":"article","og_title":"Die besten IT-Manager der Schweiz","og_description":"J\u00e4hrlich verleiht EY Switzerland in Zusammenarbeit mit der CIO Plattform Confare den Swiss CIO Award. Bester IT-Manager 2020 ist Konrad Z\u00f6schg.","og_url":"https:\/\/www.organisator.ch\/de\/management\/it\/2020-09-16\/die-besten-it-manager-der-schweiz\/","og_site_name":"Organisator","article_publisher":"https:\/\/www.facebook.com\/OrganisatorFachmagazin","article_published_time":"2020-09-16T07:05:58+00:00","og_image":[{"width":680,"height":450,"url":"https:\/\/www.organisator.ch\/wp-content\/uploads\/2020\/09\/Die-besten-IT-Manager-der-Schweiz_Organisator.jpg","type":"image\/jpeg"}],"author":"thomas.berner","twitter_card":"summary_large_image","twitter_title":"Die besten #IT-Manager der Schweiz","twitter_description":"J\u00e4hrlich verleiht #EY Switzerland in Zusammenarbeit mit der #CIO Plattform #Confare den Swiss CIO Award. Bester #IT-Manager 2020 ist Konrad Z\u00f6schg.","twitter_image":"https:\/\/www.organisator.ch\/wp-content\/uploads\/2020\/09\/Die-besten-IT-Manager-der-Schweiz_Organisator.jpg","schema":{"@context":"https:\/\/schema.org","@graph":[{"@type":"Article","@id":"https:\/\/www.organisator.ch\/management\/it\/2020-09-16\/die-besten-it-manager-der-schweiz\/#article","isPartOf":{"@id":"https:\/\/www.organisator.ch\/management\/it\/2020-09-16\/die-besten-it-manager-der-schweiz\/"},"author":{"name":"thomas.berner","@id":"https:\/\/www.organisator.ch\/#\/schema\/person\/6f650f90b2842cd4c0cc334b4e36f67e"},"headline":"Die besten IT-Manager der Schweiz","datePublished":"2020-09-16T07:05:58+00:00","mainEntityOfPage":{"@id":"https:\/\/www.organisator.ch\/management\/it\/2020-09-16\/die-besten-it-manager-der-schweiz\/"},"wordCount":283,"publisher":{"@id":"https:\/\/www.organisator.ch\/#organization"},"image":{"@id":"https:\/\/www.organisator.ch\/management\/it\/2020-09-16\/die-besten-it-manager-der-schweiz\/#primaryimage"},"thumbnailUrl":"https:\/\/www.organisator.ch\/wp-content\/uploads\/2020\/09\/Die-besten-IT-Manager-der-Schweiz_Organisator.jpg","keywords":["Awards","IT","Management und Unternehmensf\u00fchrung","Personalia"],"articleSection":["IT"],"inLanguage":"de"},{"@type":"WebPage","@id":"https:\/\/www.organisator.ch\/management\/it\/2020-09-16\/die-besten-it-manager-der-schweiz\/","url":"https:\/\/www.organisator.ch\/management\/it\/2020-09-16\/die-besten-it-manager-der-schweiz\/","name":"Die besten IT-Manager der Schweiz - Organisator","isPartOf":{"@id":"https:\/\/www.organisator.ch\/#website"},"primaryImageOfPage":{"@id":"https:\/\/www.organisator.ch\/management\/it\/2020-09-16\/die-besten-it-manager-der-schweiz\/#primaryimage"},"image":{"@id":"https:\/\/www.organisator.ch\/management\/it\/2020-09-16\/die-besten-it-manager-der-schweiz\/#primaryimage"},"thumbnailUrl":"https:\/\/www.organisator.ch\/wp-content\/uploads\/2020\/09\/Die-besten-IT-Manager-der-Schweiz_Organisator.jpg","datePublished":"2020-09-16T07:05:58+00:00","description":"J\u00e4hrlich verleiht EY Switzerland in Zusammenarbeit mit der CIO Plattform Confare den Swiss CIO Award. Bester IT-Manager 2020 ist Konrad Z\u00f6schg.","breadcrumb":{"@id":"https:\/\/www.organisator.ch\/management\/it\/2020-09-16\/die-besten-it-manager-der-schweiz\/#breadcrumb"},"inLanguage":"de","potentialAction":[{"@type":"ReadAction","target":["https:\/\/www.organisator.ch\/management\/it\/2020-09-16\/die-besten-it-manager-der-schweiz\/"]}]},{"@type":"ImageObject","inLanguage":"de","@id":"https:\/\/www.organisator.ch\/management\/it\/2020-09-16\/die-besten-it-manager-der-schweiz\/#primaryimage","url":"https:\/\/www.organisator.ch\/wp-content\/uploads\/2020\/09\/Die-besten-IT-Manager-der-Schweiz_Organisator.jpg","contentUrl":"https:\/\/www.organisator.ch\/wp-content\/uploads\/2020\/09\/Die-besten-IT-Manager-der-Schweiz_Organisator.jpg","width":680,"height":450,"caption":"EY zeichnet die besten IT-Manager der Schweiz aus: Von links: Andreas Toggwyler (EY), Konrad Z\u00f6schg (CIO des Flughafen Z\u00fcrich) und Michael Ghezzo (CONFARE). (Bild: EY Switzerland)"},{"@type":"BreadcrumbList","@id":"https:\/\/www.organisator.ch\/management\/it\/2020-09-16\/die-besten-it-manager-der-schweiz\/#breadcrumb","itemListElement":[{"@type":"ListItem","position":1,"name":"Home","item":"https:\/\/www.organisator.ch\/"},{"@type":"ListItem","position":2,"name":"Die besten IT-Manager der Schweiz"}]},{"@type":"WebSite","@id":"https:\/\/www.organisator.ch\/#website","url":"https:\/\/www.organisator.ch\/","name":"Organisator","description":"Kompetent. Praxisnah. Der ORGANISATOR bereitet in 10 Ausgaben pro Jahr die wesentlichen Themen f\u00fcr F\u00fchrungskr\u00e4fte von KMU auf.","publisher":{"@id":"https:\/\/www.organisator.ch\/#organization"},"potentialAction":[{"@type":"SearchAction","target":{"@type":"EntryPoint","urlTemplate":"https:\/\/www.organisator.ch\/?s={search_term_string}"},"query-input":{"@type":"PropertyValueSpecification","valueRequired":true,"valueName":"search_term_string"}}],"inLanguage":"de"},{"@type":"Organization","@id":"https:\/\/www.organisator.ch\/#organization","name":"Organisator","url":"https:\/\/www.organisator.ch\/","logo":{"@type":"ImageObject","inLanguage":"de","@id":"https:\/\/www.organisator.ch\/#\/schema\/logo\/image\/","url":"https:\/\/www.organisator.ch\/wp-content\/uploads\/2022\/01\/Logo_Organisator_Website.png","contentUrl":"https:\/\/www.organisator.ch\/wp-content\/uploads\/2022\/01\/Logo_Organisator_Website.png","width":800,"height":77,"caption":"Organisator"},"image":{"@id":"https:\/\/www.organisator.ch\/#\/schema\/logo\/image\/"},"sameAs":["https:\/\/www.facebook.com\/OrganisatorFachmagazin","https:\/\/www.linkedin.com\/showcase\/organisator-das-magazin-fr-kmu","https:\/\/www.xing.com\/news\/pages\/organisator-ch-695","https:\/\/www.youtube.com\/channel\/UCGP2Sq0iWaZwT3BdIAQFYpw"]},{"@type":"Person","@id":"https:\/\/www.organisator.ch\/#\/schema\/person\/6f650f90b2842cd4c0cc334b4e36f67e","name":"thomas.berner","image":{"@type":"ImageObject","inLanguage":"de","@id":"https:\/\/secure.gravatar.com\/avatar\/ac5001d2a36cb6c6cd3e50789007ffca834b477b74a2144564522e944eabff61?s=96&d=mm&r=g","url":"https:\/\/secure.gravatar.com\/avatar\/ac5001d2a36cb6c6cd3e50789007ffca834b477b74a2144564522e944eabff61?s=96&d=mm&r=g","contentUrl":"https:\/\/secure.gravatar.com\/avatar\/ac5001d2a36cb6c6cd3e50789007ffca834b477b74a2144564522e944eabff61?s=96&d=mm&r=g","caption":"thomas.berner"},"url":"https:\/\/www.organisator.ch\/de\/author\/thomas-berner\/"}]}},"_links":{"self":[{"href":"https:\/\/www.organisator.ch\/de\/wp-json\/wp\/v2\/posts\/7124","targetHints":{"allow":["GET"]}}],"collection":[{"href":"https:\/\/www.organisator.ch\/de\/wp-json\/wp\/v2\/posts"}],"about":[{"href":"https:\/\/www.organisator.ch\/de\/wp-json\/wp\/v2\/types\/post"}],"author":[{"embeddable":true,"href":"https:\/\/www.organisator.ch\/de\/wp-json\/wp\/v2\/users\/4"}],"replies":[{"embeddable":true,"href":"https:\/\/www.organisator.ch\/de\/wp-json\/wp\/v2\/comments?post=7124"}],"version-history":[{"count":0,"href":"https:\/\/www.organisator.ch\/de\/wp-json\/wp\/v2\/posts\/7124\/revisions"}],"wp:featuredmedia":[{"embeddable":true,"href":"https:\/\/www.organisator.ch\/de\/wp-json\/wp\/v2\/media\/7125"}],"wp:attachment":[{"href":"https:\/\/www.organisator.ch\/de\/wp-json\/wp\/v2\/media?parent=7124"}],"wp:term":[{"taxonomy":"category","embeddable":true,"href":"https:\/\/www.organisator.ch\/de\/wp-json\/wp\/v2\/categories?post=7124"},{"taxonomy":"post_tag","embeddable":true,"href":"https:\/\/www.organisator.ch\/de\/wp-json\/wp\/v2\/tags?post=7124"}],"curies":[{"name":"wp","href":"https:\/\/api.w.org\/{rel}","templated":true}]}}