{"id":7131,"date":"2020-09-17T08:16:08","date_gmt":"2020-09-17T06:16:08","guid":{"rendered":"https:\/\/www.organisator.ch\/?p=7131"},"modified":"2020-09-17T08:16:08","modified_gmt":"2020-09-17T06:16:08","slug":"rueckblick-expertsuisse-jahrestagung-2020-sicher-in-unsicheren-zeiten","status":"publish","type":"post","link":"https:\/\/www.organisator.ch\/de\/management\/finanzen_recht\/2020-09-17\/rueckblick-expertsuisse-jahrestagung-2020-sicher-in-unsicheren-zeiten\/","title":{"rendered":"R\u00fcckblick EXPERTsuisse Jahrestagung 2020: \u00abSicher in unsicheren Zeiten\u00bb"},"content":{"rendered":"<figure id=\"attachment_7132\" aria-describedby=\"caption-attachment-7132\" style=\"width: 680px\" class=\"wp-caption alignnone\"><img loading=\"lazy\" decoding=\"async\" class=\"size-medium wp-image-7132\" src=\"https:\/\/www.organisator.ch\/wp-content\/uploads\/2020\/09\/Rueckblick-EXPERTsuisse-Jahrestagung-2020-Sicher-in-unsicheren-Zeiten_Organisator.jpg\" alt=\"\" width=\"680\" height=\"320\" srcset=\"https:\/\/www.organisator.ch\/wp-content\/uploads\/2020\/09\/Rueckblick-EXPERTsuisse-Jahrestagung-2020-Sicher-in-unsicheren-Zeiten_Organisator.jpg 680w, https:\/\/www.organisator.ch\/wp-content\/uploads\/2020\/09\/Rueckblick-EXPERTsuisse-Jahrestagung-2020-Sicher-in-unsicheren-Zeiten_Organisator-16x8.jpg 16w, https:\/\/www.organisator.ch\/wp-content\/uploads\/2020\/09\/Rueckblick-EXPERTsuisse-Jahrestagung-2020-Sicher-in-unsicheren-Zeiten_Organisator-372x175.jpg 372w, https:\/\/www.organisator.ch\/wp-content\/uploads\/2020\/09\/Rueckblick-EXPERTsuisse-Jahrestagung-2020-Sicher-in-unsicheren-Zeiten_Organisator-300x141.jpg 300w\" sizes=\"auto, (max-width: 680px) 100vw, 680px\" \/><figcaption id=\"caption-attachment-7132\" class=\"wp-caption-text\">Diskussionsrunde an der EXPERTsuisse Jahrestagung 2020 (v.l.n.r.): Victor Balli, Monika R\u00fchl, Moderatorin Patrizia Laeri und Martin Nay. (Bild: EXPERTsuisse)<\/figcaption><\/figure>\n<p>Das Tagungsmotto \u201cSicher in unsicheren Zeiten\u201d hat in diesem Jahr nochmal eine ganz andere Bedeutung erfahren. Deshalb wurde die EXPERTsuisse Jahrestagung 2020 am 15. September erstmalig als Hybrid- Veranstaltung durchgef\u00fchrt: Im Kursaal in Bern verfolgten 300 G\u00e4ste vor Ort unter Einhaltung strikter Schutzmassnahmen den Anlass, erg\u00e4nzt um 300 G\u00e4ste, Mitglieder von EXPERTsuisse, Politiker und Journalisten, die den Anlass online verfolgten.<\/p>\n<h2>Vorfeld der EXPERTsuisse Jahrestagung 2020: Statt Kurzarbeit vielerorts lange Arbeitstage<\/h2>\n<p>Peter Ritter, Pr\u00e4sident von EXPERTsuisse, begr\u00fcsste die \u00fcber 600 Teilnehmerinnen und Teilnehmer mit einem grossen Dank f\u00fcr die vielerorts grosse Mehrarbeit, die die rund 10\u2018000 Wirtschaftspr\u00fcfer sowie Steuer- und Treuhandexperten des Verbands in der ganzen Schweiz w\u00e4hrend der letzten sechs Monate geleistet haben. \u00abStatt Kurzarbeit vielerorts lange Arbeitstage\u00bb h\u00e4tten die Arbeit zur Unterst\u00fctzung der Kunden gepr\u00e4gt. So waren Treuh\u00e4nder, Steuerberater und Pr\u00fcfer sehr stark gefordert, die neue und bislang unbekannte Situation f\u00fcr die Schweizer Wirtschaft an vorderster Front zu unterst\u00fctzen. \u00abWir alle sind gefordert, in ver\u00e4nderten Rahmenbedingungen neue L\u00f6sungen zu finden\u00bb, sagte Peter Ritter. St\u00e4nderat Erich Ettlin weist in seinen Ausf\u00fchrungen zu Aktuellem aus Bundesbern darauf hin, dass sich EXPERTsuisse hilfreich in die politischen Diskussionen um neue Rahmenbedingungen zur Bew\u00e4ltigung der COVID19 Krise eingebracht hat.<\/p>\n<h2>Das Vertrauens-\u00abTriple A\u00bb \u2013 Audit, Assurance, Advisory<\/h2>\n<p>\u00abIn unsicheren Zeiten geht es darum, unseren Kunden, der Wirtschaft und Gesellschaft m\u00f6glichst viel Sicherheit zu bieten\u00bb, sagte auch Marius Klauser, Direktor und CEO von EXPERTsuisse. Hierzu sind die Vertrauensdienstleistungen der EXPERTsuisse Mitglieder \u2013 Audit, Assurance, Advisory \u2013 besonders wichtig. Dieses so genannte \u00abTriple A\u00bb schafft Vertrauen und Vertrauen bewegt M\u00e4rkte, Unternehmen und Menschen. Dies ist in unsicheren Zeiten besonders relevant. Mit der Kampagne www.confidence.swiss m\u00f6chte der Branchenverband diese Themen einer interessierten \u00d6ffentlichkeit und insbesondere auch Politikern, Journalisten und weiteren Anspruchsgruppen n\u00e4herbringen.<\/p>\n<h2>Risikofaktor Mensch<\/h2>\n<p>Den Auftakt der externen Referate machten Solange Ghernaouti, Professorin und Direktorin der Swiss Cybersecurity Advisory &amp; Research Group HEC \u2013 UNIL und Ivano Somaini, Social Engineer und Cyber Security Experte. Sie gingen der Frage nach, welche Cyberrisiken f\u00fcr die Praxis der Unternehmen in der Schweiz am relevantesten sind, und wie sich die Wirtschaft besser sch\u00fctzen kann. Die zum Teil sehr gut organisierten kriminellen Kr\u00e4fte zielen auf einen ganz konkreten Schwachpunkt ab \u2013 den Menschen. Ein Risikofaktor, der auch in der t\u00e4glichen Arbeit der Wirtschaftspr\u00fcfer sowie Steuer- und Treuhandexperten einer der gr\u00f6ssten Unsicherheiten darstellt.<\/p>\n<h2>Wirksame Gesamt-Governance<\/h2>\n<p>Im Rahmen der Gesamt-Governance ist die Risikosituation ad\u00e4quat einzusch\u00e4tzen und Compliance \u00fcber geeignete Massnahmen sicherzustellen. Bei einer wirksamen Gesamt-Governance kommen den internen Verteidigungslinien eine grosse Bedeutung zu teil, bevor die erg\u00e4nzenden Mechanismen wie Spezialbeh\u00f6rden, Wirtschaftspr\u00fcfer und Aufsichtsbeh\u00f6rden ihren Teil zur Gesamt-Governance leisten k\u00f6nnen. Dies wurde auch in der Paneldiskussion deutlich, bei der Monika R\u00fchl (Vorsitzende der Gesch\u00e4ftsleitung von economiesuisse), Victor Balli (Verwaltungsrat der RAB) und Martin Nay (Fachbereichspr\u00e4sident Wirtschaftspr\u00fcfung von EXPERTsuisse) mitwirkten. In diesem Zusammenhang wurde auch der Bedarf einer Pr\u00e4zisierung des Swiss Codes of Best Practice for Corporate Governance diskutiert. Ein unternehmerisches Ziel muss der Schutz wesentlicher materieller &amp; immaterieller Verm\u00f6genswerte sein. Die Praxis zeigt aber, dass das Potenzial eines unternehmerischen implementierten Internen Kontrollsystems (IKS) nach wie vor untersch\u00e4tzt wird.<\/p>\n<h2>Frauen f\u00fcr die spannenden Berufsbilder begeistern<\/h2>\n<p>Anschliessend gaben Ruth Metzler, ehemalige Bundesr\u00e4tin, Pr\u00e4sidentin bzw. Mitglied von Verwaltungs- &amp; Stiftungsr\u00e4ten sowie Schirmherrin des \u00abEXPERTsuisse FrauenNetz\u00bb und Bernadette Koch, dipl. Wirtschaftspr\u00fcferin, Multi-Verwaltungsr\u00e4tin und Initiantin des \u00abEXPERTsuisse FrauenNetz\u00bb Einblicke in das wichtige Thema der Nachwuchs- und Frauenf\u00f6rderung. Dabei ging es vor allem um die Frage der F\u00f6rderung der Ausbildung von Frauen in den Wirtschaftspr\u00fcfungs-, Steuerberatungs- und Treuhandberufen, und wie man an die richtigen Talente f\u00fcr die spannenden Berufsbilder begeistern und attraktive Karrieren erm\u00f6glichen kann.<\/p>\n<h2>Fazit der EXPERTsuisse Jahrestagung 2020: Der Mensch ist nicht nur ein Risiko<\/h2>\n<p>In unsicheren Zeiten nimmt die Planbarkeit weiter ab und die Bedeutung des Experimentierens nimmt zu. Gerhard Fehr, CEO FehrAdvice &amp; Partners zeigte wissenschaftlich fundiert und praktisch erprobt auf, wie das Bilden und Testen von Hypothesen im unternehmerischen Kontext zu Erkenntnisgewinn und kontinuierlichem Lernen f\u00fchrt. Marius Klauser, Direktor EXPERTsuisse, weist in seinen Schlussworten darauf hin wie wichtig beim Experimentieren in unsicheren Zeiten Allianzen und Kooperationen sind und wie sich EXPERTsuisse diesbez\u00fcglich positioniert und vernetzt hat \u2013 beispielsweise mit der 2016 ins Leben gerufenen allianz denkplatz schweiz und der neu lancierten allianz e-tax schweiz.<\/p>\n<p>Als Fazit der verschiedenen Referate und Podiumsdiskussionen an der EXPERTsuisse Jahrestagung steht der Konsens, dass der Mensch im Zentrum allen wirtschaftlichen Geschehens sowohl der gr\u00f6sste Risikofaktor ist und wohl auch bleiben wird, aber es auch nur der Mensch ist, der Transparenzbed\u00fcrfnisse befriedigen und dadurch Vertrauen kann.<\/p>\n<p><em>Quelle und Informationen: <\/em><em><a href=\"https:\/\/mandrillapp.com\/track\/click\/30906935\/www.expertsuisse.ch?p=eyJzIjoiek5TNmdpMGNnbHRGME5iOEt2TldFdUZSWDN3IiwidiI6MSwicCI6IntcInVcIjozMDkwNjkzNSxcInZcIjoxLFwidXJsXCI6XCJodHRwOlxcXC9cXFwvd3d3LmV4cGVydHN1aXNzZS5jaFwiLFwiaWRcIjpcIjUwYTIwMzRiODVhYjRhMjI4YzczY2Y4Nzg2MzQwNmExXCIsXCJ1cmxfaWRzXCI6W1wiMDY1NmM1NmUyNmRlM2IxZjkyY2I4MmQ3ZmNmZWYxMThlNTc1ZDc1MlwiXX0ifQ\">www.expertsuisse.ch<\/a><\/em><\/p>\n","protected":false},"excerpt":{"rendered":"<p>Das Tagungsmotto \u201cSicher in unsicheren Zeiten\u201d hat in diesem Jahr nochmal eine ganz andere Bedeutung erfahren. Deshalb wurde die EXPERTsuisse Jahrestagung 2020 am 15. September erstmalig als Hybrid- Veranstaltung durchgef\u00fchrt: Im Kursaal in Bern verfolgten 300 G\u00e4ste vor Ort unter Einhaltung strikter Schutzmassnahmen den Anlass, erg\u00e4nzt um 300 G\u00e4ste, Mitglieder von EXPERTsuisse, Politiker und Journalisten, [&hellip;]<\/p>\n","protected":false},"author":4,"featured_media":7132,"comment_status":"closed","ping_status":"closed","sticky":false,"template":"","format":"standard","meta":{"_acf_changed":false,"_yoast_wpseo_focuskw":"EXPERTsuisse Jahrestagung 2020","_yoast_wpseo_metadesc":"An der EXPERTsuisse Jahrestagung 2020 in Bern beleuchtete und diskutierte der Expertenverband die Rolle des Menschen im Governance-System.","articlekey":"","footnotes":""},"categories":[24],"tags":[193,202,418,503],"class_list":["post-7131","post","type-post","status-publish","format-standard","has-post-thumbnail","hentry","category-finanzen_recht","tag-fachkongressfachmesse","tag-finanzenrecht","tag-risikomanagement","tag-verbaende"],"acf":[],"yoast_head":"<!-- This site is optimized with the Yoast SEO plugin v27.5 - https:\/\/yoast.com\/product\/yoast-seo-wordpress\/ -->\n<title>R\u00fcckblick EXPERTsuisse Jahrestagung 2020: \u00abSicher in unsicheren Zeiten\u00bb - Organisator<\/title>\n<meta name=\"description\" content=\"An der EXPERTsuisse Jahrestagung 2020 in Bern beleuchtete und diskutierte der Expertenverband die Rolle des Menschen im Governance-System.\" \/>\n<meta name=\"robots\" content=\"index, follow, max-snippet:-1, max-image-preview:large, max-video-preview:-1\" \/>\n<link rel=\"canonical\" href=\"https:\/\/www.organisator.ch\/de\/management\/finanzen_recht\/2020-09-17\/rueckblick-expertsuisse-jahrestagung-2020-sicher-in-unsicheren-zeiten\/\" \/>\n<meta property=\"og:locale\" content=\"de_DE\" \/>\n<meta property=\"og:type\" content=\"article\" \/>\n<meta property=\"og:title\" content=\"R\u00fcckblick EXPERTsuisse Jahrestagung 2020: \u00abSicher in unsicheren Zeiten\u00bb\" \/>\n<meta property=\"og:description\" content=\"An der EXPERTsuisse Jahrestagung 2020 in Bern beleuchtete und diskutierte der Expertenverband die Rolle des Menschen im Governance-System.\" \/>\n<meta property=\"og:url\" content=\"https:\/\/www.organisator.ch\/de\/management\/finanzen_recht\/2020-09-17\/rueckblick-expertsuisse-jahrestagung-2020-sicher-in-unsicheren-zeiten\/\" \/>\n<meta property=\"og:site_name\" content=\"Organisator\" \/>\n<meta property=\"article:publisher\" content=\"https:\/\/www.facebook.com\/OrganisatorFachmagazin\" \/>\n<meta property=\"article:published_time\" content=\"2020-09-17T06:16:08+00:00\" \/>\n<meta property=\"og:image\" content=\"https:\/\/www.organisator.ch\/wp-content\/uploads\/2020\/09\/Rueckblick-EXPERTsuisse-Jahrestagung-2020-Sicher-in-unsicheren-Zeiten_Organisator.jpg\" \/>\n\t<meta property=\"og:image:width\" content=\"680\" \/>\n\t<meta property=\"og:image:height\" content=\"320\" \/>\n\t<meta property=\"og:image:type\" content=\"image\/jpeg\" \/>\n<meta name=\"author\" content=\"thomas.berner\" \/>\n<meta name=\"twitter:card\" content=\"summary_large_image\" \/>\n<meta name=\"twitter:title\" content=\"R\u00fcckblick #EXPERTsuisse Jahrestagung 2020: \u00abSicher in unsicheren Zeiten\u00bb\" \/>\n<meta name=\"twitter:description\" content=\"An der #EXPERTsuisse Jahrestagung 2020 in Bern beleuchtete und diskutierte der Expertenverband die Rolle des Menschen im #Governance-System.\" \/>\n<meta name=\"twitter:image\" content=\"https:\/\/www.organisator.ch\/wp-content\/uploads\/2020\/09\/Rueckblick-EXPERTsuisse-Jahrestagung-2020-Sicher-in-unsicheren-Zeiten_Organisator.jpg\" \/>\n<script type=\"application\/ld+json\" class=\"yoast-schema-graph\">{\"@context\":\"https:\\\/\\\/schema.org\",\"@graph\":[{\"@type\":\"Article\",\"@id\":\"https:\\\/\\\/www.organisator.ch\\\/management\\\/finanzen_recht\\\/2020-09-17\\\/rueckblick-expertsuisse-jahrestagung-2020-sicher-in-unsicheren-zeiten\\\/#article\",\"isPartOf\":{\"@id\":\"https:\\\/\\\/www.organisator.ch\\\/management\\\/finanzen_recht\\\/2020-09-17\\\/rueckblick-expertsuisse-jahrestagung-2020-sicher-in-unsicheren-zeiten\\\/\"},\"author\":{\"name\":\"thomas.berner\",\"@id\":\"https:\\\/\\\/www.organisator.ch\\\/#\\\/schema\\\/person\\\/6f650f90b2842cd4c0cc334b4e36f67e\"},\"headline\":\"R\u00fcckblick EXPERTsuisse Jahrestagung 2020: \u00abSicher in unsicheren Zeiten\u00bb\",\"datePublished\":\"2020-09-17T06:16:08+00:00\",\"mainEntityOfPage\":{\"@id\":\"https:\\\/\\\/www.organisator.ch\\\/management\\\/finanzen_recht\\\/2020-09-17\\\/rueckblick-expertsuisse-jahrestagung-2020-sicher-in-unsicheren-zeiten\\\/\"},\"wordCount\":824,\"publisher\":{\"@id\":\"https:\\\/\\\/www.organisator.ch\\\/#organization\"},\"image\":{\"@id\":\"https:\\\/\\\/www.organisator.ch\\\/management\\\/finanzen_recht\\\/2020-09-17\\\/rueckblick-expertsuisse-jahrestagung-2020-sicher-in-unsicheren-zeiten\\\/#primaryimage\"},\"thumbnailUrl\":\"https:\\\/\\\/www.organisator.ch\\\/wp-content\\\/uploads\\\/2020\\\/09\\\/Rueckblick-EXPERTsuisse-Jahrestagung-2020-Sicher-in-unsicheren-Zeiten_Organisator.jpg\",\"keywords\":[\"Fachkongress\\\/Fachmesse\",\"Finanzen\\\/Recht\",\"Risikomanagement\",\"Verb\u00e4nde\"],\"articleSection\":[\"FINANZEN\\\/RECHT\"],\"inLanguage\":\"de\"},{\"@type\":\"WebPage\",\"@id\":\"https:\\\/\\\/www.organisator.ch\\\/management\\\/finanzen_recht\\\/2020-09-17\\\/rueckblick-expertsuisse-jahrestagung-2020-sicher-in-unsicheren-zeiten\\\/\",\"url\":\"https:\\\/\\\/www.organisator.ch\\\/management\\\/finanzen_recht\\\/2020-09-17\\\/rueckblick-expertsuisse-jahrestagung-2020-sicher-in-unsicheren-zeiten\\\/\",\"name\":\"R\u00fcckblick EXPERTsuisse Jahrestagung 2020: \u00abSicher in unsicheren Zeiten\u00bb - Organisator\",\"isPartOf\":{\"@id\":\"https:\\\/\\\/www.organisator.ch\\\/#website\"},\"primaryImageOfPage\":{\"@id\":\"https:\\\/\\\/www.organisator.ch\\\/management\\\/finanzen_recht\\\/2020-09-17\\\/rueckblick-expertsuisse-jahrestagung-2020-sicher-in-unsicheren-zeiten\\\/#primaryimage\"},\"image\":{\"@id\":\"https:\\\/\\\/www.organisator.ch\\\/management\\\/finanzen_recht\\\/2020-09-17\\\/rueckblick-expertsuisse-jahrestagung-2020-sicher-in-unsicheren-zeiten\\\/#primaryimage\"},\"thumbnailUrl\":\"https:\\\/\\\/www.organisator.ch\\\/wp-content\\\/uploads\\\/2020\\\/09\\\/Rueckblick-EXPERTsuisse-Jahrestagung-2020-Sicher-in-unsicheren-Zeiten_Organisator.jpg\",\"datePublished\":\"2020-09-17T06:16:08+00:00\",\"description\":\"An der EXPERTsuisse Jahrestagung 2020 in Bern beleuchtete und diskutierte der Expertenverband die Rolle des Menschen im Governance-System.\",\"breadcrumb\":{\"@id\":\"https:\\\/\\\/www.organisator.ch\\\/management\\\/finanzen_recht\\\/2020-09-17\\\/rueckblick-expertsuisse-jahrestagung-2020-sicher-in-unsicheren-zeiten\\\/#breadcrumb\"},\"inLanguage\":\"de\",\"potentialAction\":[{\"@type\":\"ReadAction\",\"target\":[\"https:\\\/\\\/www.organisator.ch\\\/management\\\/finanzen_recht\\\/2020-09-17\\\/rueckblick-expertsuisse-jahrestagung-2020-sicher-in-unsicheren-zeiten\\\/\"]}]},{\"@type\":\"ImageObject\",\"inLanguage\":\"de\",\"@id\":\"https:\\\/\\\/www.organisator.ch\\\/management\\\/finanzen_recht\\\/2020-09-17\\\/rueckblick-expertsuisse-jahrestagung-2020-sicher-in-unsicheren-zeiten\\\/#primaryimage\",\"url\":\"https:\\\/\\\/www.organisator.ch\\\/wp-content\\\/uploads\\\/2020\\\/09\\\/Rueckblick-EXPERTsuisse-Jahrestagung-2020-Sicher-in-unsicheren-Zeiten_Organisator.jpg\",\"contentUrl\":\"https:\\\/\\\/www.organisator.ch\\\/wp-content\\\/uploads\\\/2020\\\/09\\\/Rueckblick-EXPERTsuisse-Jahrestagung-2020-Sicher-in-unsicheren-Zeiten_Organisator.jpg\",\"width\":680,\"height\":320,\"caption\":\"Diskussionsrunde an der EXPERTsuisse Jahrestagung 2020: Victor Balli, Monika R\u00fchl, Moderatorin Patrizia Laeri und Martin Nay. (Bild: EXPERTsuisse)\"},{\"@type\":\"BreadcrumbList\",\"@id\":\"https:\\\/\\\/www.organisator.ch\\\/management\\\/finanzen_recht\\\/2020-09-17\\\/rueckblick-expertsuisse-jahrestagung-2020-sicher-in-unsicheren-zeiten\\\/#breadcrumb\",\"itemListElement\":[{\"@type\":\"ListItem\",\"position\":1,\"name\":\"Home\",\"item\":\"https:\\\/\\\/www.organisator.ch\\\/\"},{\"@type\":\"ListItem\",\"position\":2,\"name\":\"R\u00fcckblick EXPERTsuisse Jahrestagung 2020: \u00abSicher in unsicheren Zeiten\u00bb\"}]},{\"@type\":\"WebSite\",\"@id\":\"https:\\\/\\\/www.organisator.ch\\\/#website\",\"url\":\"https:\\\/\\\/www.organisator.ch\\\/\",\"name\":\"Organisator\",\"description\":\"Kompetent. Praxisnah. Der ORGANISATOR bereitet in 10 Ausgaben pro Jahr die wesentlichen Themen f\u00fcr F\u00fchrungskr\u00e4fte von KMU auf.\",\"publisher\":{\"@id\":\"https:\\\/\\\/www.organisator.ch\\\/#organization\"},\"potentialAction\":[{\"@type\":\"SearchAction\",\"target\":{\"@type\":\"EntryPoint\",\"urlTemplate\":\"https:\\\/\\\/www.organisator.ch\\\/?s={search_term_string}\"},\"query-input\":{\"@type\":\"PropertyValueSpecification\",\"valueRequired\":true,\"valueName\":\"search_term_string\"}}],\"inLanguage\":\"de\"},{\"@type\":\"Organization\",\"@id\":\"https:\\\/\\\/www.organisator.ch\\\/#organization\",\"name\":\"Organisator\",\"url\":\"https:\\\/\\\/www.organisator.ch\\\/\",\"logo\":{\"@type\":\"ImageObject\",\"inLanguage\":\"de\",\"@id\":\"https:\\\/\\\/www.organisator.ch\\\/#\\\/schema\\\/logo\\\/image\\\/\",\"url\":\"https:\\\/\\\/www.organisator.ch\\\/wp-content\\\/uploads\\\/2022\\\/01\\\/Logo_Organisator_Website.png\",\"contentUrl\":\"https:\\\/\\\/www.organisator.ch\\\/wp-content\\\/uploads\\\/2022\\\/01\\\/Logo_Organisator_Website.png\",\"width\":800,\"height\":77,\"caption\":\"Organisator\"},\"image\":{\"@id\":\"https:\\\/\\\/www.organisator.ch\\\/#\\\/schema\\\/logo\\\/image\\\/\"},\"sameAs\":[\"https:\\\/\\\/www.facebook.com\\\/OrganisatorFachmagazin\",\"https:\\\/\\\/www.linkedin.com\\\/showcase\\\/organisator-das-magazin-fr-kmu\",\"https:\\\/\\\/www.xing.com\\\/news\\\/pages\\\/organisator-ch-695\",\"https:\\\/\\\/www.youtube.com\\\/channel\\\/UCGP2Sq0iWaZwT3BdIAQFYpw\"]},{\"@type\":\"Person\",\"@id\":\"https:\\\/\\\/www.organisator.ch\\\/#\\\/schema\\\/person\\\/6f650f90b2842cd4c0cc334b4e36f67e\",\"name\":\"thomas.berner\",\"image\":{\"@type\":\"ImageObject\",\"inLanguage\":\"de\",\"@id\":\"https:\\\/\\\/secure.gravatar.com\\\/avatar\\\/ac5001d2a36cb6c6cd3e50789007ffca834b477b74a2144564522e944eabff61?s=96&d=mm&r=g\",\"url\":\"https:\\\/\\\/secure.gravatar.com\\\/avatar\\\/ac5001d2a36cb6c6cd3e50789007ffca834b477b74a2144564522e944eabff61?s=96&d=mm&r=g\",\"contentUrl\":\"https:\\\/\\\/secure.gravatar.com\\\/avatar\\\/ac5001d2a36cb6c6cd3e50789007ffca834b477b74a2144564522e944eabff61?s=96&d=mm&r=g\",\"caption\":\"thomas.berner\"},\"url\":\"https:\\\/\\\/www.organisator.ch\\\/de\\\/author\\\/thomas-berner\\\/\"}]}<\/script>\n<!-- \/ Yoast SEO plugin. -->","yoast_head_json":{"title":"R\u00fcckblick EXPERTsuisse Jahrestagung 2020: \u00abSicher in unsicheren Zeiten\u00bb - Organisator","description":"An der EXPERTsuisse Jahrestagung 2020 in Bern beleuchtete und diskutierte der Expertenverband die Rolle des Menschen im Governance-System.","robots":{"index":"index","follow":"follow","max-snippet":"max-snippet:-1","max-image-preview":"max-image-preview:large","max-video-preview":"max-video-preview:-1"},"canonical":"https:\/\/www.organisator.ch\/de\/management\/finanzen_recht\/2020-09-17\/rueckblick-expertsuisse-jahrestagung-2020-sicher-in-unsicheren-zeiten\/","og_locale":"de_DE","og_type":"article","og_title":"R\u00fcckblick EXPERTsuisse Jahrestagung 2020: \u00abSicher in unsicheren Zeiten\u00bb","og_description":"An der EXPERTsuisse Jahrestagung 2020 in Bern beleuchtete und diskutierte der Expertenverband die Rolle des Menschen im Governance-System.","og_url":"https:\/\/www.organisator.ch\/de\/management\/finanzen_recht\/2020-09-17\/rueckblick-expertsuisse-jahrestagung-2020-sicher-in-unsicheren-zeiten\/","og_site_name":"Organisator","article_publisher":"https:\/\/www.facebook.com\/OrganisatorFachmagazin","article_published_time":"2020-09-17T06:16:08+00:00","og_image":[{"width":680,"height":320,"url":"https:\/\/www.organisator.ch\/wp-content\/uploads\/2020\/09\/Rueckblick-EXPERTsuisse-Jahrestagung-2020-Sicher-in-unsicheren-Zeiten_Organisator.jpg","type":"image\/jpeg"}],"author":"thomas.berner","twitter_card":"summary_large_image","twitter_title":"R\u00fcckblick #EXPERTsuisse Jahrestagung 2020: \u00abSicher in unsicheren Zeiten\u00bb","twitter_description":"An der #EXPERTsuisse Jahrestagung 2020 in Bern beleuchtete und diskutierte der Expertenverband die Rolle des Menschen im #Governance-System.","twitter_image":"https:\/\/www.organisator.ch\/wp-content\/uploads\/2020\/09\/Rueckblick-EXPERTsuisse-Jahrestagung-2020-Sicher-in-unsicheren-Zeiten_Organisator.jpg","schema":{"@context":"https:\/\/schema.org","@graph":[{"@type":"Article","@id":"https:\/\/www.organisator.ch\/management\/finanzen_recht\/2020-09-17\/rueckblick-expertsuisse-jahrestagung-2020-sicher-in-unsicheren-zeiten\/#article","isPartOf":{"@id":"https:\/\/www.organisator.ch\/management\/finanzen_recht\/2020-09-17\/rueckblick-expertsuisse-jahrestagung-2020-sicher-in-unsicheren-zeiten\/"},"author":{"name":"thomas.berner","@id":"https:\/\/www.organisator.ch\/#\/schema\/person\/6f650f90b2842cd4c0cc334b4e36f67e"},"headline":"R\u00fcckblick EXPERTsuisse Jahrestagung 2020: \u00abSicher in unsicheren Zeiten\u00bb","datePublished":"2020-09-17T06:16:08+00:00","mainEntityOfPage":{"@id":"https:\/\/www.organisator.ch\/management\/finanzen_recht\/2020-09-17\/rueckblick-expertsuisse-jahrestagung-2020-sicher-in-unsicheren-zeiten\/"},"wordCount":824,"publisher":{"@id":"https:\/\/www.organisator.ch\/#organization"},"image":{"@id":"https:\/\/www.organisator.ch\/management\/finanzen_recht\/2020-09-17\/rueckblick-expertsuisse-jahrestagung-2020-sicher-in-unsicheren-zeiten\/#primaryimage"},"thumbnailUrl":"https:\/\/www.organisator.ch\/wp-content\/uploads\/2020\/09\/Rueckblick-EXPERTsuisse-Jahrestagung-2020-Sicher-in-unsicheren-Zeiten_Organisator.jpg","keywords":["Fachkongress\/Fachmesse","Finanzen\/Recht","Risikomanagement","Verb\u00e4nde"],"articleSection":["FINANZEN\/RECHT"],"inLanguage":"de"},{"@type":"WebPage","@id":"https:\/\/www.organisator.ch\/management\/finanzen_recht\/2020-09-17\/rueckblick-expertsuisse-jahrestagung-2020-sicher-in-unsicheren-zeiten\/","url":"https:\/\/www.organisator.ch\/management\/finanzen_recht\/2020-09-17\/rueckblick-expertsuisse-jahrestagung-2020-sicher-in-unsicheren-zeiten\/","name":"R\u00fcckblick EXPERTsuisse Jahrestagung 2020: \u00abSicher in unsicheren Zeiten\u00bb - Organisator","isPartOf":{"@id":"https:\/\/www.organisator.ch\/#website"},"primaryImageOfPage":{"@id":"https:\/\/www.organisator.ch\/management\/finanzen_recht\/2020-09-17\/rueckblick-expertsuisse-jahrestagung-2020-sicher-in-unsicheren-zeiten\/#primaryimage"},"image":{"@id":"https:\/\/www.organisator.ch\/management\/finanzen_recht\/2020-09-17\/rueckblick-expertsuisse-jahrestagung-2020-sicher-in-unsicheren-zeiten\/#primaryimage"},"thumbnailUrl":"https:\/\/www.organisator.ch\/wp-content\/uploads\/2020\/09\/Rueckblick-EXPERTsuisse-Jahrestagung-2020-Sicher-in-unsicheren-Zeiten_Organisator.jpg","datePublished":"2020-09-17T06:16:08+00:00","description":"An der EXPERTsuisse Jahrestagung 2020 in Bern beleuchtete und diskutierte der Expertenverband die Rolle des Menschen im Governance-System.","breadcrumb":{"@id":"https:\/\/www.organisator.ch\/management\/finanzen_recht\/2020-09-17\/rueckblick-expertsuisse-jahrestagung-2020-sicher-in-unsicheren-zeiten\/#breadcrumb"},"inLanguage":"de","potentialAction":[{"@type":"ReadAction","target":["https:\/\/www.organisator.ch\/management\/finanzen_recht\/2020-09-17\/rueckblick-expertsuisse-jahrestagung-2020-sicher-in-unsicheren-zeiten\/"]}]},{"@type":"ImageObject","inLanguage":"de","@id":"https:\/\/www.organisator.ch\/management\/finanzen_recht\/2020-09-17\/rueckblick-expertsuisse-jahrestagung-2020-sicher-in-unsicheren-zeiten\/#primaryimage","url":"https:\/\/www.organisator.ch\/wp-content\/uploads\/2020\/09\/Rueckblick-EXPERTsuisse-Jahrestagung-2020-Sicher-in-unsicheren-Zeiten_Organisator.jpg","contentUrl":"https:\/\/www.organisator.ch\/wp-content\/uploads\/2020\/09\/Rueckblick-EXPERTsuisse-Jahrestagung-2020-Sicher-in-unsicheren-Zeiten_Organisator.jpg","width":680,"height":320,"caption":"Diskussionsrunde an der EXPERTsuisse Jahrestagung 2020: Victor Balli, Monika R\u00fchl, Moderatorin Patrizia Laeri und Martin Nay. (Bild: EXPERTsuisse)"},{"@type":"BreadcrumbList","@id":"https:\/\/www.organisator.ch\/management\/finanzen_recht\/2020-09-17\/rueckblick-expertsuisse-jahrestagung-2020-sicher-in-unsicheren-zeiten\/#breadcrumb","itemListElement":[{"@type":"ListItem","position":1,"name":"Home","item":"https:\/\/www.organisator.ch\/"},{"@type":"ListItem","position":2,"name":"R\u00fcckblick EXPERTsuisse Jahrestagung 2020: \u00abSicher in unsicheren Zeiten\u00bb"}]},{"@type":"WebSite","@id":"https:\/\/www.organisator.ch\/#website","url":"https:\/\/www.organisator.ch\/","name":"Organisator","description":"Kompetent. Praxisnah. Der ORGANISATOR bereitet in 10 Ausgaben pro Jahr die wesentlichen Themen f\u00fcr F\u00fchrungskr\u00e4fte von KMU auf.","publisher":{"@id":"https:\/\/www.organisator.ch\/#organization"},"potentialAction":[{"@type":"SearchAction","target":{"@type":"EntryPoint","urlTemplate":"https:\/\/www.organisator.ch\/?s={search_term_string}"},"query-input":{"@type":"PropertyValueSpecification","valueRequired":true,"valueName":"search_term_string"}}],"inLanguage":"de"},{"@type":"Organization","@id":"https:\/\/www.organisator.ch\/#organization","name":"Organisator","url":"https:\/\/www.organisator.ch\/","logo":{"@type":"ImageObject","inLanguage":"de","@id":"https:\/\/www.organisator.ch\/#\/schema\/logo\/image\/","url":"https:\/\/www.organisator.ch\/wp-content\/uploads\/2022\/01\/Logo_Organisator_Website.png","contentUrl":"https:\/\/www.organisator.ch\/wp-content\/uploads\/2022\/01\/Logo_Organisator_Website.png","width":800,"height":77,"caption":"Organisator"},"image":{"@id":"https:\/\/www.organisator.ch\/#\/schema\/logo\/image\/"},"sameAs":["https:\/\/www.facebook.com\/OrganisatorFachmagazin","https:\/\/www.linkedin.com\/showcase\/organisator-das-magazin-fr-kmu","https:\/\/www.xing.com\/news\/pages\/organisator-ch-695","https:\/\/www.youtube.com\/channel\/UCGP2Sq0iWaZwT3BdIAQFYpw"]},{"@type":"Person","@id":"https:\/\/www.organisator.ch\/#\/schema\/person\/6f650f90b2842cd4c0cc334b4e36f67e","name":"thomas.berner","image":{"@type":"ImageObject","inLanguage":"de","@id":"https:\/\/secure.gravatar.com\/avatar\/ac5001d2a36cb6c6cd3e50789007ffca834b477b74a2144564522e944eabff61?s=96&d=mm&r=g","url":"https:\/\/secure.gravatar.com\/avatar\/ac5001d2a36cb6c6cd3e50789007ffca834b477b74a2144564522e944eabff61?s=96&d=mm&r=g","contentUrl":"https:\/\/secure.gravatar.com\/avatar\/ac5001d2a36cb6c6cd3e50789007ffca834b477b74a2144564522e944eabff61?s=96&d=mm&r=g","caption":"thomas.berner"},"url":"https:\/\/www.organisator.ch\/de\/author\/thomas-berner\/"}]}},"_links":{"self":[{"href":"https:\/\/www.organisator.ch\/de\/wp-json\/wp\/v2\/posts\/7131","targetHints":{"allow":["GET"]}}],"collection":[{"href":"https:\/\/www.organisator.ch\/de\/wp-json\/wp\/v2\/posts"}],"about":[{"href":"https:\/\/www.organisator.ch\/de\/wp-json\/wp\/v2\/types\/post"}],"author":[{"embeddable":true,"href":"https:\/\/www.organisator.ch\/de\/wp-json\/wp\/v2\/users\/4"}],"replies":[{"embeddable":true,"href":"https:\/\/www.organisator.ch\/de\/wp-json\/wp\/v2\/comments?post=7131"}],"version-history":[{"count":0,"href":"https:\/\/www.organisator.ch\/de\/wp-json\/wp\/v2\/posts\/7131\/revisions"}],"wp:featuredmedia":[{"embeddable":true,"href":"https:\/\/www.organisator.ch\/de\/wp-json\/wp\/v2\/media\/7132"}],"wp:attachment":[{"href":"https:\/\/www.organisator.ch\/de\/wp-json\/wp\/v2\/media?parent=7131"}],"wp:term":[{"taxonomy":"category","embeddable":true,"href":"https:\/\/www.organisator.ch\/de\/wp-json\/wp\/v2\/categories?post=7131"},{"taxonomy":"post_tag","embeddable":true,"href":"https:\/\/www.organisator.ch\/de\/wp-json\/wp\/v2\/tags?post=7131"}],"curies":[{"name":"wp","href":"https:\/\/api.w.org\/{rel}","templated":true}]}}