{"id":714,"date":"2016-09-29T15:53:49","date_gmt":"2016-09-29T13:53:49","guid":{"rendered":"http:\/\/dev.organisator.ch\/?p=714"},"modified":"2016-09-29T15:53:49","modified_gmt":"2016-09-29T13:53:49","slug":"pendeln-zur-arbeit-belastet-beschaeftigte","status":"publish","type":"post","link":"https:\/\/www.organisator.ch\/de\/allgemein\/2016-09-29\/pendeln-zur-arbeit-belastet-beschaeftigte\/","title":{"rendered":"Pendeln zur Arbeit belastet Besch\u00e4ftigte"},"content":{"rendered":"<figure id=\"attachment_715\" aria-describedby=\"caption-attachment-715\" style=\"width: 486px\" class=\"wp-caption alignnone\"><img loading=\"lazy\" decoding=\"async\" class=\"size-full wp-image-715\" src=\"https:\/\/www.organisator.ch\/wp-content\/uploads\/2016\/12\/Pendeln-zur-Arbeit-belastet-Beschaeftigte-organisator.jpg\" alt=\"\" width=\"486\" height=\"408\" srcset=\"https:\/\/www.organisator.ch\/wp-content\/uploads\/2016\/12\/Pendeln-zur-Arbeit-belastet-Beschaeftigte-organisator.jpg 486w, https:\/\/www.organisator.ch\/wp-content\/uploads\/2016\/12\/Pendeln-zur-Arbeit-belastet-Beschaeftigte-organisator-14x12.jpg 14w, https:\/\/www.organisator.ch\/wp-content\/uploads\/2016\/12\/Pendeln-zur-Arbeit-belastet-Beschaeftigte-organisator-208x175.jpg 208w, https:\/\/www.organisator.ch\/wp-content\/uploads\/2016\/12\/Pendeln-zur-Arbeit-belastet-Beschaeftigte-organisator-417x350.jpg 417w, https:\/\/www.organisator.ch\/wp-content\/uploads\/2016\/12\/Pendeln-zur-Arbeit-belastet-Beschaeftigte-organisator-300x252.jpg 300w\" sizes=\"auto, (max-width: 486px) 100vw, 486px\" \/><figcaption id=\"caption-attachment-715\" class=\"wp-caption-text\">Mindestens 37 Prozent der Befragten einer neuen Studie geben an, dass Pendeln ihre Produktivit\u00e4t ins Schwanken bringt. (Bild: depositphotos)<\/figcaption><\/figure>\n<blockquote><p>\u201eVon Besch\u00e4ftigten wird heute \u00fcberall auf der Welt erwartet, immer erreichbar und vernetzt zu sein. Doch in Wirklichkeit gibt es etwas, das ihre Produktivit\u00e4t ziemlich stark und auf subtile Weise beeintr\u00e4chtigt&#8220;, meint Garry G\u00fcrtler, Country Manager, Regus Schweiz.<\/p><\/blockquote>\n<p>Von den rund 40&#8217;000 Teilnehmern der Befragung geben 37\u00a0Prozent an, dass sie Pendeln als nutzlos und \u00fcberfl\u00fcssig erachten. 27\u00a0Prozent hegen sogar eine tiefe Abneigung und bezeichnen Pendeln als reine Vergeudung ihrer wertvollen Zeit. Damit k\u00f6nnte f\u00fcr mehr als die H\u00e4lfte aller weltweit Befragten ein l\u00e4ngerer Arbeitsweg durch produktivere Arbeitszeit oder ein bisschen mehr Schlaf am Morgen ersetzt werden.<\/p>\n<p><strong>Zentrale Ergebnisse der Studie<\/strong><\/p>\n<p>Nur f\u00fcr eine Minderheit (17\u00a0Prozent) der weltweit Befragten ist Pendeln n\u00fctzliche Arbeitszeit, w\u00e4hrend es die Mehrheit als Belastung f\u00fcr die Arbeits- oder Freizeit ansieht.<\/p>\n<p>Daher sollten Unternehmen unn\u00f6tigem Pendeln entgegenwirken und ihre Besch\u00e4ftigten dabei unterst\u00fctzen, die gesparte Zeit f\u00fcr etwas Produktiveres oder Entspannenderes aufzuwenden.<\/p>\n<p>Eine kleine Minderheit (19\u00a0Prozent) betrachtet den Arbeitsweg als pers\u00f6nliche Zeit, in der sie lesen oder sich mit ihrem Smartphone \u00fcber die neuesten Nachrichten informieren k\u00f6nnen.<\/p>\n<p>Garry G\u00fcrtler, Country Manager der Schweiz von Regus: \u201ePendeln zur Arbeit nimmt immer mehr Zeit in Anspruch. Umso ersch\u00fctternder ist es, dass der t\u00e4gliche Weg ins B\u00fcro und wieder nach Hause f\u00fcr die \u00fcberwiegende Mehrheit eine massive Beeintr\u00e4chtigung ihrer Produktivit\u00e4t darstellt und dass sie die daf\u00fcr ben\u00f6tigte Zeit weder f\u00fcr pers\u00f6nliche Belange noch f\u00fcr Freizeitaktivit\u00e4ten nutzen k\u00f6nnen.\u201c<\/p>\n<p>\u201eVon Besch\u00e4ftigten wird heute \u00fcberall auf der Welt erwartet, immer erreichbar und vernetzt zu sein. Doch in Wirklichkeit gibt es etwas, das ihre Produktivit\u00e4t ziemlich stark und auf subtile Weise beeintr\u00e4chtigt \u2013 und das ist ihr t\u00e4glicher Arbeitsweg. Erfolgreiche Unternehmen, die die Produktivit\u00e4t ihrer Besch\u00e4ftigten f\u00f6rdern und diesen mehr Freizeit oder etwas mehr Schlaf g\u00f6nnen wollen, w\u00fcrden gut daran tun, sie zumindest gelegentlich n\u00e4her an ihrem Zuhause arbeiten zu lassen.\u201c<\/p>\n<p><a href=\"http:\/\/www.regus.ch\" target=\"_blank\" rel=\"noreferrer noopener\" data-cke-saved-href=\"http:\/\/www.regus.ch\">www.regus.ch<\/a><\/p>\n","protected":false},"excerpt":{"rendered":"<p>\u201eVon Besch\u00e4ftigten wird heute \u00fcberall auf der Welt erwartet, immer erreichbar und vernetzt zu sein. Doch in Wirklichkeit gibt es etwas, das ihre Produktivit\u00e4t ziemlich stark und auf subtile Weise beeintr\u00e4chtigt&#8220;, meint Garry G\u00fcrtler, Country Manager, Regus Schweiz. Von den rund 40&#8217;000 Teilnehmern der Befragung geben 37\u00a0Prozent an, dass sie Pendeln als nutzlos und \u00fcberfl\u00fcssig [&hellip;]<\/p>\n","protected":false},"author":1,"featured_media":715,"comment_status":"open","ping_status":"open","sticky":false,"template":"","format":"standard","meta":{"_acf_changed":false,"_yoast_wpseo_focuskw":"Pendeln","_yoast_wpseo_metadesc":"Laut einer neuen Studie von Regus, betrachten Besch\u00e4ftigte ihre t\u00e4gliche Fahrt ins B\u00fcro und wieder nach Hause als Beeintr\u00e4chtigung ihrer Produktivit\u00e4t.","articlekey":"","footnotes":""},"categories":[1],"tags":[459],"class_list":["post-714","post","type-post","status-publish","format-standard","has-post-thumbnail","hentry","category-allgemein","tag-studie"],"acf":[],"yoast_head":"<!-- This site is optimized with the Yoast SEO plugin v27.5 - https:\/\/yoast.com\/product\/yoast-seo-wordpress\/ -->\n<title>Pendeln zur Arbeit belastet Besch\u00e4ftigte - Organisator<\/title>\n<meta name=\"description\" content=\"Laut einer neuen Studie von Regus, betrachten Besch\u00e4ftigte ihre t\u00e4gliche Fahrt ins B\u00fcro und wieder nach Hause als Beeintr\u00e4chtigung ihrer Produktivit\u00e4t.\" \/>\n<meta name=\"robots\" content=\"index, follow, max-snippet:-1, max-image-preview:large, max-video-preview:-1\" \/>\n<link rel=\"canonical\" href=\"https:\/\/www.organisator.ch\/de\/allgemein\/2016-09-29\/pendeln-zur-arbeit-belastet-beschaeftigte\/\" \/>\n<meta property=\"og:locale\" content=\"de_DE\" \/>\n<meta property=\"og:type\" content=\"article\" \/>\n<meta property=\"og:title\" content=\"Pendeln zur Arbeit belastet Besch\u00e4ftigte\" \/>\n<meta property=\"og:description\" content=\"Laut einer neuen Studie von Regus, dem Anbieter von flexiblen Arbeitsrauml\u00f6sungen, betrachten Besch\u00e4ftigte \u00fcberall auf der Welt ihre t\u00e4gliche Fahrt ins B\u00fcro und wieder nach Hause als Beeintr\u00e4chtigung ihrer Produktivit\u00e4t. F\u00fcr eine Vielzahl der Befragten ist der Arbeitsweg weder effektive Arbeits- noch angenehme Freizeit, sondern vielmehr ein Hindernis, um sich n\u00fctzlicheren oder unterhaltsameren Dingen zu widmen.\" \/>\n<meta property=\"og:url\" content=\"https:\/\/www.organisator.ch\/de\/allgemein\/2016-09-29\/pendeln-zur-arbeit-belastet-beschaeftigte\/\" \/>\n<meta property=\"og:site_name\" content=\"Organisator\" \/>\n<meta property=\"article:publisher\" content=\"https:\/\/www.facebook.com\/OrganisatorFachmagazin\" \/>\n<meta property=\"article:published_time\" content=\"2016-09-29T13:53:49+00:00\" \/>\n<meta name=\"author\" content=\"admin\" \/>\n<meta name=\"twitter:card\" content=\"summary_large_image\" \/>\n<meta name=\"twitter:image\" content=\"https:\/\/www.organisator.ch\/wp-content\/uploads\/2016\/12\/Pendeln-zur-Arbeit-belastet-Beschaeftigte-organisator.jpg\" \/>\n<script type=\"application\/ld+json\" class=\"yoast-schema-graph\">{\"@context\":\"https:\\\/\\\/schema.org\",\"@graph\":[{\"@type\":\"Article\",\"@id\":\"https:\\\/\\\/www.organisator.ch\\\/fr\\\/general\\\/2016-09-29\\\/pendeln-zur-arbeit-belastet-beschaeftigte\\\/#article\",\"isPartOf\":{\"@id\":\"https:\\\/\\\/www.organisator.ch\\\/fr\\\/general\\\/2016-09-29\\\/pendeln-zur-arbeit-belastet-beschaeftigte\\\/\"},\"author\":{\"name\":\"admin\",\"@id\":\"https:\\\/\\\/www.organisator.ch\\\/#\\\/schema\\\/person\\\/aa2bace6c5c5aad60102004a50c4eb1c\"},\"headline\":\"Pendeln zur Arbeit belastet Besch\u00e4ftigte\",\"datePublished\":\"2016-09-29T13:53:49+00:00\",\"mainEntityOfPage\":{\"@id\":\"https:\\\/\\\/www.organisator.ch\\\/fr\\\/general\\\/2016-09-29\\\/pendeln-zur-arbeit-belastet-beschaeftigte\\\/\"},\"wordCount\":372,\"commentCount\":0,\"publisher\":{\"@id\":\"https:\\\/\\\/www.organisator.ch\\\/#organization\"},\"image\":{\"@id\":\"https:\\\/\\\/www.organisator.ch\\\/fr\\\/general\\\/2016-09-29\\\/pendeln-zur-arbeit-belastet-beschaeftigte\\\/#primaryimage\"},\"thumbnailUrl\":\"https:\\\/\\\/www.organisator.ch\\\/wp-content\\\/uploads\\\/2016\\\/12\\\/Pendeln-zur-Arbeit-belastet-Beschaeftigte-organisator.jpg\",\"keywords\":[\"Studie\"],\"inLanguage\":\"de\"},{\"@type\":\"WebPage\",\"@id\":\"https:\\\/\\\/www.organisator.ch\\\/fr\\\/general\\\/2016-09-29\\\/pendeln-zur-arbeit-belastet-beschaeftigte\\\/\",\"url\":\"https:\\\/\\\/www.organisator.ch\\\/fr\\\/general\\\/2016-09-29\\\/pendeln-zur-arbeit-belastet-beschaeftigte\\\/\",\"name\":\"Pendeln zur Arbeit belastet Besch\u00e4ftigte - Organisator\",\"isPartOf\":{\"@id\":\"https:\\\/\\\/www.organisator.ch\\\/#website\"},\"primaryImageOfPage\":{\"@id\":\"https:\\\/\\\/www.organisator.ch\\\/fr\\\/general\\\/2016-09-29\\\/pendeln-zur-arbeit-belastet-beschaeftigte\\\/#primaryimage\"},\"image\":{\"@id\":\"https:\\\/\\\/www.organisator.ch\\\/fr\\\/general\\\/2016-09-29\\\/pendeln-zur-arbeit-belastet-beschaeftigte\\\/#primaryimage\"},\"thumbnailUrl\":\"https:\\\/\\\/www.organisator.ch\\\/wp-content\\\/uploads\\\/2016\\\/12\\\/Pendeln-zur-Arbeit-belastet-Beschaeftigte-organisator.jpg\",\"datePublished\":\"2016-09-29T13:53:49+00:00\",\"description\":\"Laut einer neuen Studie von Regus, betrachten Besch\u00e4ftigte ihre t\u00e4gliche Fahrt ins B\u00fcro und wieder nach Hause als Beeintr\u00e4chtigung ihrer Produktivit\u00e4t.\",\"breadcrumb\":{\"@id\":\"https:\\\/\\\/www.organisator.ch\\\/fr\\\/general\\\/2016-09-29\\\/pendeln-zur-arbeit-belastet-beschaeftigte\\\/#breadcrumb\"},\"inLanguage\":\"de\",\"potentialAction\":[{\"@type\":\"ReadAction\",\"target\":[\"https:\\\/\\\/www.organisator.ch\\\/fr\\\/general\\\/2016-09-29\\\/pendeln-zur-arbeit-belastet-beschaeftigte\\\/\"]}]},{\"@type\":\"ImageObject\",\"inLanguage\":\"de\",\"@id\":\"https:\\\/\\\/www.organisator.ch\\\/fr\\\/general\\\/2016-09-29\\\/pendeln-zur-arbeit-belastet-beschaeftigte\\\/#primaryimage\",\"url\":\"https:\\\/\\\/www.organisator.ch\\\/wp-content\\\/uploads\\\/2016\\\/12\\\/Pendeln-zur-Arbeit-belastet-Beschaeftigte-organisator.jpg\",\"contentUrl\":\"https:\\\/\\\/www.organisator.ch\\\/wp-content\\\/uploads\\\/2016\\\/12\\\/Pendeln-zur-Arbeit-belastet-Beschaeftigte-organisator.jpg\",\"width\":486,\"height\":408,\"caption\":\"Mindestens 37 Prozent der Befragten einer neuen Studie geben an, dass Pendeln ihre Produktivit\u00e4t ins Schwanken bringt. (Bild: depositphotos)\"},{\"@type\":\"BreadcrumbList\",\"@id\":\"https:\\\/\\\/www.organisator.ch\\\/fr\\\/general\\\/2016-09-29\\\/pendeln-zur-arbeit-belastet-beschaeftigte\\\/#breadcrumb\",\"itemListElement\":[{\"@type\":\"ListItem\",\"position\":1,\"name\":\"Home\",\"item\":\"https:\\\/\\\/www.organisator.ch\\\/\"},{\"@type\":\"ListItem\",\"position\":2,\"name\":\"Pendeln zur Arbeit belastet Besch\u00e4ftigte\"}]},{\"@type\":\"WebSite\",\"@id\":\"https:\\\/\\\/www.organisator.ch\\\/#website\",\"url\":\"https:\\\/\\\/www.organisator.ch\\\/\",\"name\":\"Organisator\",\"description\":\"Kompetent. Praxisnah. Der ORGANISATOR bereitet in 10 Ausgaben pro Jahr die wesentlichen Themen f\u00fcr F\u00fchrungskr\u00e4fte von KMU auf.\",\"publisher\":{\"@id\":\"https:\\\/\\\/www.organisator.ch\\\/#organization\"},\"potentialAction\":[{\"@type\":\"SearchAction\",\"target\":{\"@type\":\"EntryPoint\",\"urlTemplate\":\"https:\\\/\\\/www.organisator.ch\\\/?s={search_term_string}\"},\"query-input\":{\"@type\":\"PropertyValueSpecification\",\"valueRequired\":true,\"valueName\":\"search_term_string\"}}],\"inLanguage\":\"de\"},{\"@type\":\"Organization\",\"@id\":\"https:\\\/\\\/www.organisator.ch\\\/#organization\",\"name\":\"Organisator\",\"url\":\"https:\\\/\\\/www.organisator.ch\\\/\",\"logo\":{\"@type\":\"ImageObject\",\"inLanguage\":\"de\",\"@id\":\"https:\\\/\\\/www.organisator.ch\\\/#\\\/schema\\\/logo\\\/image\\\/\",\"url\":\"https:\\\/\\\/www.organisator.ch\\\/wp-content\\\/uploads\\\/2022\\\/01\\\/Logo_Organisator_Website.png\",\"contentUrl\":\"https:\\\/\\\/www.organisator.ch\\\/wp-content\\\/uploads\\\/2022\\\/01\\\/Logo_Organisator_Website.png\",\"width\":800,\"height\":77,\"caption\":\"Organisator\"},\"image\":{\"@id\":\"https:\\\/\\\/www.organisator.ch\\\/#\\\/schema\\\/logo\\\/image\\\/\"},\"sameAs\":[\"https:\\\/\\\/www.facebook.com\\\/OrganisatorFachmagazin\",\"https:\\\/\\\/www.linkedin.com\\\/showcase\\\/organisator-das-magazin-fr-kmu\",\"https:\\\/\\\/www.xing.com\\\/news\\\/pages\\\/organisator-ch-695\",\"https:\\\/\\\/www.youtube.com\\\/channel\\\/UCGP2Sq0iWaZwT3BdIAQFYpw\"]},{\"@type\":\"Person\",\"@id\":\"https:\\\/\\\/www.organisator.ch\\\/#\\\/schema\\\/person\\\/aa2bace6c5c5aad60102004a50c4eb1c\",\"name\":\"admin\",\"image\":{\"@type\":\"ImageObject\",\"inLanguage\":\"de\",\"@id\":\"https:\\\/\\\/secure.gravatar.com\\\/avatar\\\/ae2f4d718e6c49043e314ce431e7e645d646302a24a5ef5a8bc8e3f5a032e319?s=96&d=mm&r=g\",\"url\":\"https:\\\/\\\/secure.gravatar.com\\\/avatar\\\/ae2f4d718e6c49043e314ce431e7e645d646302a24a5ef5a8bc8e3f5a032e319?s=96&d=mm&r=g\",\"contentUrl\":\"https:\\\/\\\/secure.gravatar.com\\\/avatar\\\/ae2f4d718e6c49043e314ce431e7e645d646302a24a5ef5a8bc8e3f5a032e319?s=96&d=mm&r=g\",\"caption\":\"admin\"},\"sameAs\":[\"https:\\\/\\\/www.organisator.ch\"],\"url\":\"https:\\\/\\\/www.organisator.ch\\\/de\\\/author\\\/admin\\\/\"}]}<\/script>\n<!-- \/ Yoast SEO plugin. -->","yoast_head_json":{"title":"Pendeln zur Arbeit belastet Besch\u00e4ftigte - Organisator","description":"Laut einer neuen Studie von Regus, betrachten Besch\u00e4ftigte ihre t\u00e4gliche Fahrt ins B\u00fcro und wieder nach Hause als Beeintr\u00e4chtigung ihrer Produktivit\u00e4t.","robots":{"index":"index","follow":"follow","max-snippet":"max-snippet:-1","max-image-preview":"max-image-preview:large","max-video-preview":"max-video-preview:-1"},"canonical":"https:\/\/www.organisator.ch\/de\/allgemein\/2016-09-29\/pendeln-zur-arbeit-belastet-beschaeftigte\/","og_locale":"de_DE","og_type":"article","og_title":"Pendeln zur Arbeit belastet Besch\u00e4ftigte","og_description":"Laut einer neuen Studie von Regus, dem Anbieter von flexiblen Arbeitsrauml\u00f6sungen, betrachten Besch\u00e4ftigte \u00fcberall auf der Welt ihre t\u00e4gliche Fahrt ins B\u00fcro und wieder nach Hause als Beeintr\u00e4chtigung ihrer Produktivit\u00e4t. F\u00fcr eine Vielzahl der Befragten ist der Arbeitsweg weder effektive Arbeits- noch angenehme Freizeit, sondern vielmehr ein Hindernis, um sich n\u00fctzlicheren oder unterhaltsameren Dingen zu widmen.","og_url":"https:\/\/www.organisator.ch\/de\/allgemein\/2016-09-29\/pendeln-zur-arbeit-belastet-beschaeftigte\/","og_site_name":"Organisator","article_publisher":"https:\/\/www.facebook.com\/OrganisatorFachmagazin","article_published_time":"2016-09-29T13:53:49+00:00","author":"admin","twitter_card":"summary_large_image","twitter_image":"https:\/\/www.organisator.ch\/wp-content\/uploads\/2016\/12\/Pendeln-zur-Arbeit-belastet-Beschaeftigte-organisator.jpg","schema":{"@context":"https:\/\/schema.org","@graph":[{"@type":"Article","@id":"https:\/\/www.organisator.ch\/fr\/general\/2016-09-29\/pendeln-zur-arbeit-belastet-beschaeftigte\/#article","isPartOf":{"@id":"https:\/\/www.organisator.ch\/fr\/general\/2016-09-29\/pendeln-zur-arbeit-belastet-beschaeftigte\/"},"author":{"name":"admin","@id":"https:\/\/www.organisator.ch\/#\/schema\/person\/aa2bace6c5c5aad60102004a50c4eb1c"},"headline":"Pendeln zur Arbeit belastet Besch\u00e4ftigte","datePublished":"2016-09-29T13:53:49+00:00","mainEntityOfPage":{"@id":"https:\/\/www.organisator.ch\/fr\/general\/2016-09-29\/pendeln-zur-arbeit-belastet-beschaeftigte\/"},"wordCount":372,"commentCount":0,"publisher":{"@id":"https:\/\/www.organisator.ch\/#organization"},"image":{"@id":"https:\/\/www.organisator.ch\/fr\/general\/2016-09-29\/pendeln-zur-arbeit-belastet-beschaeftigte\/#primaryimage"},"thumbnailUrl":"https:\/\/www.organisator.ch\/wp-content\/uploads\/2016\/12\/Pendeln-zur-Arbeit-belastet-Beschaeftigte-organisator.jpg","keywords":["Studie"],"inLanguage":"de"},{"@type":"WebPage","@id":"https:\/\/www.organisator.ch\/fr\/general\/2016-09-29\/pendeln-zur-arbeit-belastet-beschaeftigte\/","url":"https:\/\/www.organisator.ch\/fr\/general\/2016-09-29\/pendeln-zur-arbeit-belastet-beschaeftigte\/","name":"Pendeln zur Arbeit belastet Besch\u00e4ftigte - Organisator","isPartOf":{"@id":"https:\/\/www.organisator.ch\/#website"},"primaryImageOfPage":{"@id":"https:\/\/www.organisator.ch\/fr\/general\/2016-09-29\/pendeln-zur-arbeit-belastet-beschaeftigte\/#primaryimage"},"image":{"@id":"https:\/\/www.organisator.ch\/fr\/general\/2016-09-29\/pendeln-zur-arbeit-belastet-beschaeftigte\/#primaryimage"},"thumbnailUrl":"https:\/\/www.organisator.ch\/wp-content\/uploads\/2016\/12\/Pendeln-zur-Arbeit-belastet-Beschaeftigte-organisator.jpg","datePublished":"2016-09-29T13:53:49+00:00","description":"Laut einer neuen Studie von Regus, betrachten Besch\u00e4ftigte ihre t\u00e4gliche Fahrt ins B\u00fcro und wieder nach Hause als Beeintr\u00e4chtigung ihrer Produktivit\u00e4t.","breadcrumb":{"@id":"https:\/\/www.organisator.ch\/fr\/general\/2016-09-29\/pendeln-zur-arbeit-belastet-beschaeftigte\/#breadcrumb"},"inLanguage":"de","potentialAction":[{"@type":"ReadAction","target":["https:\/\/www.organisator.ch\/fr\/general\/2016-09-29\/pendeln-zur-arbeit-belastet-beschaeftigte\/"]}]},{"@type":"ImageObject","inLanguage":"de","@id":"https:\/\/www.organisator.ch\/fr\/general\/2016-09-29\/pendeln-zur-arbeit-belastet-beschaeftigte\/#primaryimage","url":"https:\/\/www.organisator.ch\/wp-content\/uploads\/2016\/12\/Pendeln-zur-Arbeit-belastet-Beschaeftigte-organisator.jpg","contentUrl":"https:\/\/www.organisator.ch\/wp-content\/uploads\/2016\/12\/Pendeln-zur-Arbeit-belastet-Beschaeftigte-organisator.jpg","width":486,"height":408,"caption":"Mindestens 37 Prozent der Befragten einer neuen Studie geben an, dass Pendeln ihre Produktivit\u00e4t ins Schwanken bringt. (Bild: depositphotos)"},{"@type":"BreadcrumbList","@id":"https:\/\/www.organisator.ch\/fr\/general\/2016-09-29\/pendeln-zur-arbeit-belastet-beschaeftigte\/#breadcrumb","itemListElement":[{"@type":"ListItem","position":1,"name":"Home","item":"https:\/\/www.organisator.ch\/"},{"@type":"ListItem","position":2,"name":"Pendeln zur Arbeit belastet Besch\u00e4ftigte"}]},{"@type":"WebSite","@id":"https:\/\/www.organisator.ch\/#website","url":"https:\/\/www.organisator.ch\/","name":"Organisator","description":"Kompetent. Praxisnah. Der ORGANISATOR bereitet in 10 Ausgaben pro Jahr die wesentlichen Themen f\u00fcr F\u00fchrungskr\u00e4fte von KMU auf.","publisher":{"@id":"https:\/\/www.organisator.ch\/#organization"},"potentialAction":[{"@type":"SearchAction","target":{"@type":"EntryPoint","urlTemplate":"https:\/\/www.organisator.ch\/?s={search_term_string}"},"query-input":{"@type":"PropertyValueSpecification","valueRequired":true,"valueName":"search_term_string"}}],"inLanguage":"de"},{"@type":"Organization","@id":"https:\/\/www.organisator.ch\/#organization","name":"Organisator","url":"https:\/\/www.organisator.ch\/","logo":{"@type":"ImageObject","inLanguage":"de","@id":"https:\/\/www.organisator.ch\/#\/schema\/logo\/image\/","url":"https:\/\/www.organisator.ch\/wp-content\/uploads\/2022\/01\/Logo_Organisator_Website.png","contentUrl":"https:\/\/www.organisator.ch\/wp-content\/uploads\/2022\/01\/Logo_Organisator_Website.png","width":800,"height":77,"caption":"Organisator"},"image":{"@id":"https:\/\/www.organisator.ch\/#\/schema\/logo\/image\/"},"sameAs":["https:\/\/www.facebook.com\/OrganisatorFachmagazin","https:\/\/www.linkedin.com\/showcase\/organisator-das-magazin-fr-kmu","https:\/\/www.xing.com\/news\/pages\/organisator-ch-695","https:\/\/www.youtube.com\/channel\/UCGP2Sq0iWaZwT3BdIAQFYpw"]},{"@type":"Person","@id":"https:\/\/www.organisator.ch\/#\/schema\/person\/aa2bace6c5c5aad60102004a50c4eb1c","name":"admin","image":{"@type":"ImageObject","inLanguage":"de","@id":"https:\/\/secure.gravatar.com\/avatar\/ae2f4d718e6c49043e314ce431e7e645d646302a24a5ef5a8bc8e3f5a032e319?s=96&d=mm&r=g","url":"https:\/\/secure.gravatar.com\/avatar\/ae2f4d718e6c49043e314ce431e7e645d646302a24a5ef5a8bc8e3f5a032e319?s=96&d=mm&r=g","contentUrl":"https:\/\/secure.gravatar.com\/avatar\/ae2f4d718e6c49043e314ce431e7e645d646302a24a5ef5a8bc8e3f5a032e319?s=96&d=mm&r=g","caption":"admin"},"sameAs":["https:\/\/www.organisator.ch"],"url":"https:\/\/www.organisator.ch\/de\/author\/admin\/"}]}},"_links":{"self":[{"href":"https:\/\/www.organisator.ch\/de\/wp-json\/wp\/v2\/posts\/714","targetHints":{"allow":["GET"]}}],"collection":[{"href":"https:\/\/www.organisator.ch\/de\/wp-json\/wp\/v2\/posts"}],"about":[{"href":"https:\/\/www.organisator.ch\/de\/wp-json\/wp\/v2\/types\/post"}],"author":[{"embeddable":true,"href":"https:\/\/www.organisator.ch\/de\/wp-json\/wp\/v2\/users\/1"}],"replies":[{"embeddable":true,"href":"https:\/\/www.organisator.ch\/de\/wp-json\/wp\/v2\/comments?post=714"}],"version-history":[{"count":0,"href":"https:\/\/www.organisator.ch\/de\/wp-json\/wp\/v2\/posts\/714\/revisions"}],"wp:featuredmedia":[{"embeddable":true,"href":"https:\/\/www.organisator.ch\/de\/wp-json\/wp\/v2\/media\/715"}],"wp:attachment":[{"href":"https:\/\/www.organisator.ch\/de\/wp-json\/wp\/v2\/media?parent=714"}],"wp:term":[{"taxonomy":"category","embeddable":true,"href":"https:\/\/www.organisator.ch\/de\/wp-json\/wp\/v2\/categories?post=714"},{"taxonomy":"post_tag","embeddable":true,"href":"https:\/\/www.organisator.ch\/de\/wp-json\/wp\/v2\/tags?post=714"}],"curies":[{"name":"wp","href":"https:\/\/api.w.org\/{rel}","templated":true}]}}