{"id":7143,"date":"2020-09-22T10:19:29","date_gmt":"2020-09-22T08:19:29","guid":{"rendered":"https:\/\/www.organisator.ch\/?p=7143"},"modified":"2020-09-22T10:19:29","modified_gmt":"2020-09-22T08:19:29","slug":"der-schweizer-franchise-verband-wird-zu-swiss-distribution","status":"publish","type":"post","link":"https:\/\/www.organisator.ch\/de\/marketing\/2020-09-22\/der-schweizer-franchise-verband-wird-zu-swiss-distribution\/","title":{"rendered":"Der Schweizer Franchise Verband wird zu swiss distribution"},"content":{"rendered":"<figure id=\"attachment_7144\" aria-describedby=\"caption-attachment-7144\" style=\"width: 680px\" class=\"wp-caption alignnone\"><img loading=\"lazy\" decoding=\"async\" class=\"size-medium wp-image-7144\" src=\"https:\/\/www.organisator.ch\/wp-content\/uploads\/2020\/09\/Der-Schweizer-Franchise-Verband-wird-zu-swiss-distribution_Organisator.jpg\" alt=\"\" width=\"680\" height=\"423\" srcset=\"https:\/\/www.organisator.ch\/wp-content\/uploads\/2020\/09\/Der-Schweizer-Franchise-Verband-wird-zu-swiss-distribution_Organisator.jpg 680w, https:\/\/www.organisator.ch\/wp-content\/uploads\/2020\/09\/Der-Schweizer-Franchise-Verband-wird-zu-swiss-distribution_Organisator-16x10.jpg 16w, https:\/\/www.organisator.ch\/wp-content\/uploads\/2020\/09\/Der-Schweizer-Franchise-Verband-wird-zu-swiss-distribution_Organisator-281x175.jpg 281w, https:\/\/www.organisator.ch\/wp-content\/uploads\/2020\/09\/Der-Schweizer-Franchise-Verband-wird-zu-swiss-distribution_Organisator-563x350.jpg 563w, https:\/\/www.organisator.ch\/wp-content\/uploads\/2020\/09\/Der-Schweizer-Franchise-Verband-wird-zu-swiss-distribution_Organisator-300x187.jpg 300w\" sizes=\"auto, (max-width: 680px) 100vw, 680px\" \/><figcaption id=\"caption-attachment-7144\" class=\"wp-caption-text\">Aus dem Schweizer Franchise Verband wird swiss distribution. Rainer J\u00f6hl, CEO von RE\/MAX, wird Pr\u00e4sident. (Bild: zVg \/ swiss distribution)<\/figcaption><\/figure>\n<p>Die letzten Jahre haben aufgezeigt, dass sich Firmen vermehrt nicht mehr nur auf eine Vertriebsstrategie alleine festlegen, sondern sich durchaus neben Franchising auch anderer Formen des integrierten Vertriebs bedienen, um nachhaltig zu wachsen.\u00a0Die Gr\u00fcnde f\u00fcr das eine oder andere Vertriebssystem k\u00f6nnen vielschichtig sein: Entweder will man als Systemgeber dem Vertriebspartner mehr Rechte und Freiheiten einr\u00e4umen, oder gerade nicht.<\/p>\n<p>Eine inhaltliche \u00d6ffnung des Verbandes \u00fcber Franchising hinaus erwies sich als naheliegend, da integrierte Vertriebsmodelle gleich gelagerte Themenbereiche haben. Unter dem neuen Namen swiss distribution will der Franchise Verband hier ansetzen und die Diskussion \u00fcber integrierte Vertriebssysteme f\u00f6rdern.<\/p>\n<h2>Richtig planen<\/h2>\n<p>Die Wahl der richtigen Vertriebsstrategie ist zukunftsweisend f\u00fcr jedes Unternehmen, das seine Marke erfolgreich positionieren und den eigenen Markt gezielt erobern m\u00f6chte. Dabei empfiehlt es sich, die Vertriebsstrategie sorgf\u00e4ltig vorzubereiten und ohne Vorurteile Auslegeordnungen zu machen. Entscheidend ist, was die Gesch\u00e4ftst\u00e4tigkeit vorsieht und nicht, welches System am besten t\u00f6nt.\u00a0swiss distribution soll hier Anlaufstelle f\u00fcr Unternehmer, Vertriebsmanager und weitere interessierte Personen und Institutionen sein und inspirieren. swiss distribution will dar\u00fcber hinaus zur Ausbildung zuk\u00fcnftiger Vertriebsmanager beitragen und arbeitet gezielt mit entsprechenden Bildungsinstitutionen zusammen.<\/p>\n<h2>F\u00f6rderung von KMU<\/h2>\n<p>Mit einem bekannten Brand eine Selbstst\u00e4ndigkeit zu beginnen, hat seinen eigenen Reiz. Swiss Distribution m\u00f6chte aufzeigen, dass man auch als Vertriebsnehmer eines bekannten Brands Geld verdienen kann, ohne sich selbst \u00fcber das Konzept und die Markenpositionierung Gedanken machen zu m\u00fcssen. swiss distribution hat zum Ziel, das Unternehmertum zu st\u00e4rken. Dazu Rainer J\u00f6hl, neuer Pr\u00e4sident von swiss distribution, und CEO von RE\/MAX Switzerland: \u00abDer Verband unterst\u00fctzt KMU\u2019s in der Optimierung der Vertriebsorganisation\u00bb.<\/p>\n<h2>Was tut der neue Franchise Verband?<\/h2>\n<p>swiss distribution f\u00f6rdert die Diskussion unter Mitgliedern bei allen Fragen rund um den integrierten Vertrieb und setzt sich zusammen mit Ausbildungsst\u00e4tten f\u00fcr die Aus- und Weiterbildung von Vertriebsexperten ein. Themen wie Nachhaltigkeit in der Unternehmensf\u00fchrung sind ebenfalls auf der Agenda von swiss distribution.<\/p>\n<p>Der Verband erh\u00e4lt im Vorstand &#8211; neben dem bereits bew\u00e4hrten Team mit McDonald\u2019s Suisse vertreten durch Thomas Mosimann und RE\/MAX Switzerland vertreten durch Rainer J\u00f6hl &#8211; starken Zuwachs mit Coca-Cola HBC Schweiz AG vertreten durch Martin Kathriner, L\u00e4derach (Schweiz) AG vertreten durch Marco Heyn, und Valora Schweiz AG vertreten durch Pierre-Andr\u00e9 Konzelmann. Das Pr\u00e4sidium \u00fcbernimmt Rainer J\u00f6hl, CEO von RE\/MAX Switzerland. Die Gesch\u00e4ftsf\u00fchrung wird durch Dr. Christoph Wildhaber und neu Melanie K\u00e4ser zusammen mit Barbara Kehl gef\u00fchrt.<\/p>\n<p><em>Informationen: <a href=\"http:\/\/www.swissdistribution.org\">www.swissdistribution.org<\/a><\/em><\/p>\n","protected":false},"excerpt":{"rendered":"<p>Die letzten Jahre haben aufgezeigt, dass sich Firmen vermehrt nicht mehr nur auf eine Vertriebsstrategie alleine festlegen, sondern sich durchaus neben Franchising auch anderer Formen des integrierten Vertriebs bedienen, um nachhaltig zu wachsen.\u00a0Die Gr\u00fcnde f\u00fcr das eine oder andere Vertriebssystem k\u00f6nnen vielschichtig sein: Entweder will man als Systemgeber dem Vertriebspartner mehr Rechte und Freiheiten einr\u00e4umen, [&hellip;]<\/p>\n","protected":false},"author":4,"featured_media":7144,"comment_status":"closed","ping_status":"closed","sticky":false,"template":"","format":"standard","meta":{"_acf_changed":false,"_yoast_wpseo_focuskw":"Franchise Verband","_yoast_wpseo_metadesc":"Der Schweizer Franchise Verband positioniert sich neu als swiss distribution \u2013 licensing franchising agency und will Vertriebsthemen vertiefen.","articlekey":"","footnotes":""},"categories":[29],"tags":[222,339,492,503],"class_list":["post-7143","post","type-post","status-publish","format-standard","has-post-thumbnail","hentry","category-marketing","tag-franchising","tag-marketing","tag-unternehmen","tag-verbaende"],"acf":[],"yoast_head":"<!-- This site is optimized with the Yoast SEO plugin v27.5 - https:\/\/yoast.com\/product\/yoast-seo-wordpress\/ -->\n<title>Der Schweizer Franchise Verband wird zu swiss distribution - Organisator<\/title>\n<meta name=\"description\" content=\"Der Schweizer Franchise Verband positioniert sich neu als swiss distribution \u2013 licensing franchising agency und will Vertriebsthemen vertiefen.\" \/>\n<meta name=\"robots\" content=\"index, follow, max-snippet:-1, max-image-preview:large, max-video-preview:-1\" \/>\n<link rel=\"canonical\" href=\"https:\/\/www.organisator.ch\/de\/marketing\/2020-09-22\/der-schweizer-franchise-verband-wird-zu-swiss-distribution\/\" \/>\n<meta property=\"og:locale\" content=\"de_DE\" \/>\n<meta property=\"og:type\" content=\"article\" \/>\n<meta property=\"og:title\" content=\"Der Schweizer Franchise Verband wird zu swiss distribution\" \/>\n<meta property=\"og:description\" content=\"Der Schweizer Franchise Verband positioniert sich neu als swiss distribution \u2013 licensing franchising agency und will Vertriebsthemen vertiefen.\" \/>\n<meta property=\"og:url\" content=\"https:\/\/www.organisator.ch\/de\/marketing\/2020-09-22\/der-schweizer-franchise-verband-wird-zu-swiss-distribution\/\" \/>\n<meta property=\"og:site_name\" content=\"Organisator\" \/>\n<meta property=\"article:publisher\" content=\"https:\/\/www.facebook.com\/OrganisatorFachmagazin\" \/>\n<meta property=\"article:published_time\" content=\"2020-09-22T08:19:29+00:00\" \/>\n<meta property=\"og:image\" content=\"https:\/\/www.organisator.ch\/wp-content\/uploads\/2020\/09\/Der-Schweizer-Franchise-Verband-wird-zu-swiss-distribution_Organisator.jpg\" \/>\n\t<meta property=\"og:image:width\" content=\"680\" \/>\n\t<meta property=\"og:image:height\" content=\"423\" \/>\n\t<meta property=\"og:image:type\" content=\"image\/jpeg\" \/>\n<meta name=\"author\" content=\"thomas.berner\" \/>\n<meta name=\"twitter:card\" content=\"summary_large_image\" \/>\n<meta name=\"twitter:title\" content=\"Der Schweizer #Franchise Verband wird zu swiss #distribution\" \/>\n<meta name=\"twitter:description\" content=\"Der Schweizer #Franchise Verband positioniert sich neu als swiss #distribution \u2013 licensing franchising agency und will #Vertriebsthemen vertiefen.\" \/>\n<meta name=\"twitter:image\" content=\"https:\/\/www.organisator.ch\/wp-content\/uploads\/2020\/09\/Der-Schweizer-Franchise-Verband-wird-zu-swiss-distribution_Organisator.jpg\" \/>\n<script type=\"application\/ld+json\" class=\"yoast-schema-graph\">{\"@context\":\"https:\\\/\\\/schema.org\",\"@graph\":[{\"@type\":\"Article\",\"@id\":\"https:\\\/\\\/www.organisator.ch\\\/marketing\\\/2020-09-22\\\/der-schweizer-franchise-verband-wird-zu-swiss-distribution\\\/#article\",\"isPartOf\":{\"@id\":\"https:\\\/\\\/www.organisator.ch\\\/marketing\\\/2020-09-22\\\/der-schweizer-franchise-verband-wird-zu-swiss-distribution\\\/\"},\"author\":{\"name\":\"thomas.berner\",\"@id\":\"https:\\\/\\\/www.organisator.ch\\\/#\\\/schema\\\/person\\\/6f650f90b2842cd4c0cc334b4e36f67e\"},\"headline\":\"Der Schweizer Franchise Verband wird zu swiss distribution\",\"datePublished\":\"2020-09-22T08:19:29+00:00\",\"mainEntityOfPage\":{\"@id\":\"https:\\\/\\\/www.organisator.ch\\\/marketing\\\/2020-09-22\\\/der-schweizer-franchise-verband-wird-zu-swiss-distribution\\\/\"},\"wordCount\":464,\"publisher\":{\"@id\":\"https:\\\/\\\/www.organisator.ch\\\/#organization\"},\"image\":{\"@id\":\"https:\\\/\\\/www.organisator.ch\\\/marketing\\\/2020-09-22\\\/der-schweizer-franchise-verband-wird-zu-swiss-distribution\\\/#primaryimage\"},\"thumbnailUrl\":\"https:\\\/\\\/www.organisator.ch\\\/wp-content\\\/uploads\\\/2020\\\/09\\\/Der-Schweizer-Franchise-Verband-wird-zu-swiss-distribution_Organisator.jpg\",\"keywords\":[\"Franchising\",\"Marketing\",\"Unternehmen\",\"Verb\u00e4nde\"],\"articleSection\":[\"MARKETING\"],\"inLanguage\":\"de\"},{\"@type\":\"WebPage\",\"@id\":\"https:\\\/\\\/www.organisator.ch\\\/marketing\\\/2020-09-22\\\/der-schweizer-franchise-verband-wird-zu-swiss-distribution\\\/\",\"url\":\"https:\\\/\\\/www.organisator.ch\\\/marketing\\\/2020-09-22\\\/der-schweizer-franchise-verband-wird-zu-swiss-distribution\\\/\",\"name\":\"Der Schweizer Franchise Verband wird zu swiss distribution - Organisator\",\"isPartOf\":{\"@id\":\"https:\\\/\\\/www.organisator.ch\\\/#website\"},\"primaryImageOfPage\":{\"@id\":\"https:\\\/\\\/www.organisator.ch\\\/marketing\\\/2020-09-22\\\/der-schweizer-franchise-verband-wird-zu-swiss-distribution\\\/#primaryimage\"},\"image\":{\"@id\":\"https:\\\/\\\/www.organisator.ch\\\/marketing\\\/2020-09-22\\\/der-schweizer-franchise-verband-wird-zu-swiss-distribution\\\/#primaryimage\"},\"thumbnailUrl\":\"https:\\\/\\\/www.organisator.ch\\\/wp-content\\\/uploads\\\/2020\\\/09\\\/Der-Schweizer-Franchise-Verband-wird-zu-swiss-distribution_Organisator.jpg\",\"datePublished\":\"2020-09-22T08:19:29+00:00\",\"description\":\"Der Schweizer Franchise Verband positioniert sich neu als swiss distribution \u2013 licensing franchising agency und will Vertriebsthemen vertiefen.\",\"breadcrumb\":{\"@id\":\"https:\\\/\\\/www.organisator.ch\\\/marketing\\\/2020-09-22\\\/der-schweizer-franchise-verband-wird-zu-swiss-distribution\\\/#breadcrumb\"},\"inLanguage\":\"de\",\"potentialAction\":[{\"@type\":\"ReadAction\",\"target\":[\"https:\\\/\\\/www.organisator.ch\\\/marketing\\\/2020-09-22\\\/der-schweizer-franchise-verband-wird-zu-swiss-distribution\\\/\"]}]},{\"@type\":\"ImageObject\",\"inLanguage\":\"de\",\"@id\":\"https:\\\/\\\/www.organisator.ch\\\/marketing\\\/2020-09-22\\\/der-schweizer-franchise-verband-wird-zu-swiss-distribution\\\/#primaryimage\",\"url\":\"https:\\\/\\\/www.organisator.ch\\\/wp-content\\\/uploads\\\/2020\\\/09\\\/Der-Schweizer-Franchise-Verband-wird-zu-swiss-distribution_Organisator.jpg\",\"contentUrl\":\"https:\\\/\\\/www.organisator.ch\\\/wp-content\\\/uploads\\\/2020\\\/09\\\/Der-Schweizer-Franchise-Verband-wird-zu-swiss-distribution_Organisator.jpg\",\"width\":680,\"height\":423,\"caption\":\"Aus dem Schweizer Franchise Verband wird swiss distribution. Rainer J\u00f6hl, CEO von RE\\\/MAX, wird Pr\u00e4sident. (Bild: zVg \\\/ swiss distribution)\"},{\"@type\":\"BreadcrumbList\",\"@id\":\"https:\\\/\\\/www.organisator.ch\\\/marketing\\\/2020-09-22\\\/der-schweizer-franchise-verband-wird-zu-swiss-distribution\\\/#breadcrumb\",\"itemListElement\":[{\"@type\":\"ListItem\",\"position\":1,\"name\":\"Home\",\"item\":\"https:\\\/\\\/www.organisator.ch\\\/\"},{\"@type\":\"ListItem\",\"position\":2,\"name\":\"Der Schweizer Franchise Verband wird zu swiss distribution\"}]},{\"@type\":\"WebSite\",\"@id\":\"https:\\\/\\\/www.organisator.ch\\\/#website\",\"url\":\"https:\\\/\\\/www.organisator.ch\\\/\",\"name\":\"Organisator\",\"description\":\"Kompetent. Praxisnah. Der ORGANISATOR bereitet in 10 Ausgaben pro Jahr die wesentlichen Themen f\u00fcr F\u00fchrungskr\u00e4fte von KMU auf.\",\"publisher\":{\"@id\":\"https:\\\/\\\/www.organisator.ch\\\/#organization\"},\"potentialAction\":[{\"@type\":\"SearchAction\",\"target\":{\"@type\":\"EntryPoint\",\"urlTemplate\":\"https:\\\/\\\/www.organisator.ch\\\/?s={search_term_string}\"},\"query-input\":{\"@type\":\"PropertyValueSpecification\",\"valueRequired\":true,\"valueName\":\"search_term_string\"}}],\"inLanguage\":\"de\"},{\"@type\":\"Organization\",\"@id\":\"https:\\\/\\\/www.organisator.ch\\\/#organization\",\"name\":\"Organisator\",\"url\":\"https:\\\/\\\/www.organisator.ch\\\/\",\"logo\":{\"@type\":\"ImageObject\",\"inLanguage\":\"de\",\"@id\":\"https:\\\/\\\/www.organisator.ch\\\/#\\\/schema\\\/logo\\\/image\\\/\",\"url\":\"https:\\\/\\\/www.organisator.ch\\\/wp-content\\\/uploads\\\/2022\\\/01\\\/Logo_Organisator_Website.png\",\"contentUrl\":\"https:\\\/\\\/www.organisator.ch\\\/wp-content\\\/uploads\\\/2022\\\/01\\\/Logo_Organisator_Website.png\",\"width\":800,\"height\":77,\"caption\":\"Organisator\"},\"image\":{\"@id\":\"https:\\\/\\\/www.organisator.ch\\\/#\\\/schema\\\/logo\\\/image\\\/\"},\"sameAs\":[\"https:\\\/\\\/www.facebook.com\\\/OrganisatorFachmagazin\",\"https:\\\/\\\/www.linkedin.com\\\/showcase\\\/organisator-das-magazin-fr-kmu\",\"https:\\\/\\\/www.xing.com\\\/news\\\/pages\\\/organisator-ch-695\",\"https:\\\/\\\/www.youtube.com\\\/channel\\\/UCGP2Sq0iWaZwT3BdIAQFYpw\"]},{\"@type\":\"Person\",\"@id\":\"https:\\\/\\\/www.organisator.ch\\\/#\\\/schema\\\/person\\\/6f650f90b2842cd4c0cc334b4e36f67e\",\"name\":\"thomas.berner\",\"image\":{\"@type\":\"ImageObject\",\"inLanguage\":\"de\",\"@id\":\"https:\\\/\\\/secure.gravatar.com\\\/avatar\\\/ac5001d2a36cb6c6cd3e50789007ffca834b477b74a2144564522e944eabff61?s=96&d=mm&r=g\",\"url\":\"https:\\\/\\\/secure.gravatar.com\\\/avatar\\\/ac5001d2a36cb6c6cd3e50789007ffca834b477b74a2144564522e944eabff61?s=96&d=mm&r=g\",\"contentUrl\":\"https:\\\/\\\/secure.gravatar.com\\\/avatar\\\/ac5001d2a36cb6c6cd3e50789007ffca834b477b74a2144564522e944eabff61?s=96&d=mm&r=g\",\"caption\":\"thomas.berner\"},\"url\":\"https:\\\/\\\/www.organisator.ch\\\/de\\\/author\\\/thomas-berner\\\/\"}]}<\/script>\n<!-- \/ Yoast SEO plugin. -->","yoast_head_json":{"title":"Der Schweizer Franchise Verband wird zu swiss distribution - Organisator","description":"Der Schweizer Franchise Verband positioniert sich neu als swiss distribution \u2013 licensing franchising agency und will Vertriebsthemen vertiefen.","robots":{"index":"index","follow":"follow","max-snippet":"max-snippet:-1","max-image-preview":"max-image-preview:large","max-video-preview":"max-video-preview:-1"},"canonical":"https:\/\/www.organisator.ch\/de\/marketing\/2020-09-22\/der-schweizer-franchise-verband-wird-zu-swiss-distribution\/","og_locale":"de_DE","og_type":"article","og_title":"Der Schweizer Franchise Verband wird zu swiss distribution","og_description":"Der Schweizer Franchise Verband positioniert sich neu als swiss distribution \u2013 licensing franchising agency und will Vertriebsthemen vertiefen.","og_url":"https:\/\/www.organisator.ch\/de\/marketing\/2020-09-22\/der-schweizer-franchise-verband-wird-zu-swiss-distribution\/","og_site_name":"Organisator","article_publisher":"https:\/\/www.facebook.com\/OrganisatorFachmagazin","article_published_time":"2020-09-22T08:19:29+00:00","og_image":[{"width":680,"height":423,"url":"https:\/\/www.organisator.ch\/wp-content\/uploads\/2020\/09\/Der-Schweizer-Franchise-Verband-wird-zu-swiss-distribution_Organisator.jpg","type":"image\/jpeg"}],"author":"thomas.berner","twitter_card":"summary_large_image","twitter_title":"Der Schweizer #Franchise Verband wird zu swiss #distribution","twitter_description":"Der Schweizer #Franchise Verband positioniert sich neu als swiss #distribution \u2013 licensing franchising agency und will #Vertriebsthemen vertiefen.","twitter_image":"https:\/\/www.organisator.ch\/wp-content\/uploads\/2020\/09\/Der-Schweizer-Franchise-Verband-wird-zu-swiss-distribution_Organisator.jpg","schema":{"@context":"https:\/\/schema.org","@graph":[{"@type":"Article","@id":"https:\/\/www.organisator.ch\/marketing\/2020-09-22\/der-schweizer-franchise-verband-wird-zu-swiss-distribution\/#article","isPartOf":{"@id":"https:\/\/www.organisator.ch\/marketing\/2020-09-22\/der-schweizer-franchise-verband-wird-zu-swiss-distribution\/"},"author":{"name":"thomas.berner","@id":"https:\/\/www.organisator.ch\/#\/schema\/person\/6f650f90b2842cd4c0cc334b4e36f67e"},"headline":"Der Schweizer Franchise Verband wird zu swiss distribution","datePublished":"2020-09-22T08:19:29+00:00","mainEntityOfPage":{"@id":"https:\/\/www.organisator.ch\/marketing\/2020-09-22\/der-schweizer-franchise-verband-wird-zu-swiss-distribution\/"},"wordCount":464,"publisher":{"@id":"https:\/\/www.organisator.ch\/#organization"},"image":{"@id":"https:\/\/www.organisator.ch\/marketing\/2020-09-22\/der-schweizer-franchise-verband-wird-zu-swiss-distribution\/#primaryimage"},"thumbnailUrl":"https:\/\/www.organisator.ch\/wp-content\/uploads\/2020\/09\/Der-Schweizer-Franchise-Verband-wird-zu-swiss-distribution_Organisator.jpg","keywords":["Franchising","Marketing","Unternehmen","Verb\u00e4nde"],"articleSection":["MARKETING"],"inLanguage":"de"},{"@type":"WebPage","@id":"https:\/\/www.organisator.ch\/marketing\/2020-09-22\/der-schweizer-franchise-verband-wird-zu-swiss-distribution\/","url":"https:\/\/www.organisator.ch\/marketing\/2020-09-22\/der-schweizer-franchise-verband-wird-zu-swiss-distribution\/","name":"Der Schweizer Franchise Verband wird zu swiss distribution - Organisator","isPartOf":{"@id":"https:\/\/www.organisator.ch\/#website"},"primaryImageOfPage":{"@id":"https:\/\/www.organisator.ch\/marketing\/2020-09-22\/der-schweizer-franchise-verband-wird-zu-swiss-distribution\/#primaryimage"},"image":{"@id":"https:\/\/www.organisator.ch\/marketing\/2020-09-22\/der-schweizer-franchise-verband-wird-zu-swiss-distribution\/#primaryimage"},"thumbnailUrl":"https:\/\/www.organisator.ch\/wp-content\/uploads\/2020\/09\/Der-Schweizer-Franchise-Verband-wird-zu-swiss-distribution_Organisator.jpg","datePublished":"2020-09-22T08:19:29+00:00","description":"Der Schweizer Franchise Verband positioniert sich neu als swiss distribution \u2013 licensing franchising agency und will Vertriebsthemen vertiefen.","breadcrumb":{"@id":"https:\/\/www.organisator.ch\/marketing\/2020-09-22\/der-schweizer-franchise-verband-wird-zu-swiss-distribution\/#breadcrumb"},"inLanguage":"de","potentialAction":[{"@type":"ReadAction","target":["https:\/\/www.organisator.ch\/marketing\/2020-09-22\/der-schweizer-franchise-verband-wird-zu-swiss-distribution\/"]}]},{"@type":"ImageObject","inLanguage":"de","@id":"https:\/\/www.organisator.ch\/marketing\/2020-09-22\/der-schweizer-franchise-verband-wird-zu-swiss-distribution\/#primaryimage","url":"https:\/\/www.organisator.ch\/wp-content\/uploads\/2020\/09\/Der-Schweizer-Franchise-Verband-wird-zu-swiss-distribution_Organisator.jpg","contentUrl":"https:\/\/www.organisator.ch\/wp-content\/uploads\/2020\/09\/Der-Schweizer-Franchise-Verband-wird-zu-swiss-distribution_Organisator.jpg","width":680,"height":423,"caption":"Aus dem Schweizer Franchise Verband wird swiss distribution. Rainer J\u00f6hl, CEO von RE\/MAX, wird Pr\u00e4sident. (Bild: zVg \/ swiss distribution)"},{"@type":"BreadcrumbList","@id":"https:\/\/www.organisator.ch\/marketing\/2020-09-22\/der-schweizer-franchise-verband-wird-zu-swiss-distribution\/#breadcrumb","itemListElement":[{"@type":"ListItem","position":1,"name":"Home","item":"https:\/\/www.organisator.ch\/"},{"@type":"ListItem","position":2,"name":"Der Schweizer Franchise Verband wird zu swiss distribution"}]},{"@type":"WebSite","@id":"https:\/\/www.organisator.ch\/#website","url":"https:\/\/www.organisator.ch\/","name":"Organisator","description":"Kompetent. Praxisnah. Der ORGANISATOR bereitet in 10 Ausgaben pro Jahr die wesentlichen Themen f\u00fcr F\u00fchrungskr\u00e4fte von KMU auf.","publisher":{"@id":"https:\/\/www.organisator.ch\/#organization"},"potentialAction":[{"@type":"SearchAction","target":{"@type":"EntryPoint","urlTemplate":"https:\/\/www.organisator.ch\/?s={search_term_string}"},"query-input":{"@type":"PropertyValueSpecification","valueRequired":true,"valueName":"search_term_string"}}],"inLanguage":"de"},{"@type":"Organization","@id":"https:\/\/www.organisator.ch\/#organization","name":"Organisator","url":"https:\/\/www.organisator.ch\/","logo":{"@type":"ImageObject","inLanguage":"de","@id":"https:\/\/www.organisator.ch\/#\/schema\/logo\/image\/","url":"https:\/\/www.organisator.ch\/wp-content\/uploads\/2022\/01\/Logo_Organisator_Website.png","contentUrl":"https:\/\/www.organisator.ch\/wp-content\/uploads\/2022\/01\/Logo_Organisator_Website.png","width":800,"height":77,"caption":"Organisator"},"image":{"@id":"https:\/\/www.organisator.ch\/#\/schema\/logo\/image\/"},"sameAs":["https:\/\/www.facebook.com\/OrganisatorFachmagazin","https:\/\/www.linkedin.com\/showcase\/organisator-das-magazin-fr-kmu","https:\/\/www.xing.com\/news\/pages\/organisator-ch-695","https:\/\/www.youtube.com\/channel\/UCGP2Sq0iWaZwT3BdIAQFYpw"]},{"@type":"Person","@id":"https:\/\/www.organisator.ch\/#\/schema\/person\/6f650f90b2842cd4c0cc334b4e36f67e","name":"thomas.berner","image":{"@type":"ImageObject","inLanguage":"de","@id":"https:\/\/secure.gravatar.com\/avatar\/ac5001d2a36cb6c6cd3e50789007ffca834b477b74a2144564522e944eabff61?s=96&d=mm&r=g","url":"https:\/\/secure.gravatar.com\/avatar\/ac5001d2a36cb6c6cd3e50789007ffca834b477b74a2144564522e944eabff61?s=96&d=mm&r=g","contentUrl":"https:\/\/secure.gravatar.com\/avatar\/ac5001d2a36cb6c6cd3e50789007ffca834b477b74a2144564522e944eabff61?s=96&d=mm&r=g","caption":"thomas.berner"},"url":"https:\/\/www.organisator.ch\/de\/author\/thomas-berner\/"}]}},"_links":{"self":[{"href":"https:\/\/www.organisator.ch\/de\/wp-json\/wp\/v2\/posts\/7143","targetHints":{"allow":["GET"]}}],"collection":[{"href":"https:\/\/www.organisator.ch\/de\/wp-json\/wp\/v2\/posts"}],"about":[{"href":"https:\/\/www.organisator.ch\/de\/wp-json\/wp\/v2\/types\/post"}],"author":[{"embeddable":true,"href":"https:\/\/www.organisator.ch\/de\/wp-json\/wp\/v2\/users\/4"}],"replies":[{"embeddable":true,"href":"https:\/\/www.organisator.ch\/de\/wp-json\/wp\/v2\/comments?post=7143"}],"version-history":[{"count":0,"href":"https:\/\/www.organisator.ch\/de\/wp-json\/wp\/v2\/posts\/7143\/revisions"}],"wp:featuredmedia":[{"embeddable":true,"href":"https:\/\/www.organisator.ch\/de\/wp-json\/wp\/v2\/media\/7144"}],"wp:attachment":[{"href":"https:\/\/www.organisator.ch\/de\/wp-json\/wp\/v2\/media?parent=7143"}],"wp:term":[{"taxonomy":"category","embeddable":true,"href":"https:\/\/www.organisator.ch\/de\/wp-json\/wp\/v2\/categories?post=7143"},{"taxonomy":"post_tag","embeddable":true,"href":"https:\/\/www.organisator.ch\/de\/wp-json\/wp\/v2\/tags?post=7143"}],"curies":[{"name":"wp","href":"https:\/\/api.w.org\/{rel}","templated":true}]}}