{"id":7154,"date":"2020-09-24T08:00:56","date_gmt":"2020-09-24T06:00:56","guid":{"rendered":"https:\/\/www.organisator.ch\/?p=7154"},"modified":"2020-09-24T08:00:56","modified_gmt":"2020-09-24T06:00:56","slug":"erfolgs-impuls-sind-sie-mutig-genug","status":"publish","type":"post","link":"https:\/\/www.organisator.ch\/de\/management\/2020-09-24\/erfolgs-impuls-sind-sie-mutig-genug\/","title":{"rendered":"Erfolgs-Impuls: Sind Sie mutig genug?"},"content":{"rendered":"<figure id=\"attachment_7156\" aria-describedby=\"caption-attachment-7156\" style=\"width: 680px\" class=\"wp-caption alignnone\"><img loading=\"lazy\" decoding=\"async\" class=\"size-medium wp-image-7156\" src=\"https:\/\/www.organisator.ch\/wp-content\/uploads\/2020\/09\/Erfolgs-Impuls-Sind-Sie-mutig-genug_Organisator.jpg\" alt=\"\" width=\"680\" height=\"481\" srcset=\"https:\/\/www.organisator.ch\/wp-content\/uploads\/2020\/09\/Erfolgs-Impuls-Sind-Sie-mutig-genug_Organisator.jpg 680w, https:\/\/www.organisator.ch\/wp-content\/uploads\/2020\/09\/Erfolgs-Impuls-Sind-Sie-mutig-genug_Organisator-16x12.jpg 16w, https:\/\/www.organisator.ch\/wp-content\/uploads\/2020\/09\/Erfolgs-Impuls-Sind-Sie-mutig-genug_Organisator-247x175.jpg 247w, https:\/\/www.organisator.ch\/wp-content\/uploads\/2020\/09\/Erfolgs-Impuls-Sind-Sie-mutig-genug_Organisator-495x350.jpg 495w, https:\/\/www.organisator.ch\/wp-content\/uploads\/2020\/09\/Erfolgs-Impuls-Sind-Sie-mutig-genug_Organisator-300x212.jpg 300w\" sizes=\"auto, (max-width: 680px) 100vw, 680px\" \/><figcaption id=\"caption-attachment-7156\" class=\"wp-caption-text\">Mutig in neue Gefilde vorstossen: Hin und wieder braucht es einen Schubs&#8230; (Bild: Pixabay.com)<\/figcaption><\/figure>\n<p>Winston Churchill hat mal gesagt: \u201cMut wird zu Recht als die wichtigste aller menschlichen Qualit\u00e4ten angesehen&#8230; denn es ist diese Qualit\u00e4t, die alle anderen garantiert.\u201d Nur ist es leider so, dass die wichtigsten Qualit\u00e4ten nicht unbedingt die am weitesten verbreiteten sind. Und schon gar nicht Mut.<\/p>\n<h2>Mutig f\u00fchren<\/h2>\n<p>Wissen Sie, was ich am meisten vermisse in den F\u00fchrungsetagen vieler Unternehmen? Den Mut, gross zu denken, anspruchsvollste Ziele anzugehen, wichtige Entscheidungen durchzusetzen und eine mutige F\u00fchrung vorzuleben.<\/p>\n<p>Es ist eben ein Riesenunterschied, ob Menschen in der gedanklichen Komfortzone bleiben oder weit gr\u00f6sser denken und handeln. Wirklich Grossartiges entsteht immer nur, wenn der Abstand zwischen einer Vision und dem heutigen Zustand m\u00f6glichst gross ist.<\/p>\n<p>Das erfordert Mut. Denn ein Wachstum von 3% f\u00fchlt sich sicherer an, als wenn wir das Business in 3 Jahren verdoppeln wollen. Unser Team im Mittelmass zu halten ist einfacher als ein Top-Team zu kreieren. Letzteres wird Widerstand hervorrufen, \u00c4ngste, Klagen. Aber eben auch die Chance auf wirklichen Change, auf wirklich Herausragendes.<\/p>\n<h2>Drei Mutproben<\/h2>\n<p>Deshalb hier mein Appell: Zeigen Sie mehr Mut! Das kann man \u00fcben. Hier sind drei \u201cMutproben\u201d:<\/p>\n<ol>\n<li><strong>Ziele<\/strong>. Geben Sie sich beim n\u00e4chsten Budgetmeeting oder Strategie-Workshop nicht mit dem Normalen zufrieden. Sagen Sie stattdessen: \u201cIch finde, wir sollten mehr wagen. Wir k\u00f6nnen viel mehr Gutes f\u00fcr viel mehr Kunden tun. Lasst uns das angehen.\u201d Und dann geben Sie Ihre mutigen Zielvorstellungen bekannt. Beim Verfolgen dieser Ziele m\u00fcssen Sie nat\u00fcrlich darauf achten, dass Sie der Mut nicht verl\u00e4sst. Das ist Ihre Entscheidung.<\/li>\n<li><strong>Entscheidungen<\/strong>. Zeigen Sie Mut, kleine Entscheidungen jeweils sofort und gr\u00f6ssere Entscheidungen nach kurzer Abw\u00e4gung zu treffen. Meist werden Sie richtig liegen (oder es kommt gar nicht darauf an). Und wenn nicht, korrigieren Sie. Das geht fast immer. Nur die wirklich grossen Entscheidungen evaluieren Sie genauer. Ich sehe F\u00fchrungspersonen immer wieder hadern mit einfachsten Entscheidungen. Das m\u00fcssen Sie \u00e4ndern.<\/li>\n<li><strong>Change<\/strong>. Ich habe schon \u00f6fter dar\u00fcber geschrieben: Machen Sie es zu einer Gewohnheit, immer mal wieder etwas anders zu machen. K\u00e4mpfen Sie gegen geistige Erstarrung und wagen Sie Neues. Sei es das Streichen von Meetings oder das \u00e4ndern von Gewohnheiten. Damit zeigen Sie sich selbst und allen anderen, dass Change normal und Erstarrung inakzeptabel ist.<\/li>\n<\/ol>\n<p>Eine letzte Erinnerung: Wir haben auf diesem Planeten nur eine begrenzte Zeit. Am Ende des Lebens klagen nur wenige Menschen, dass sie zu mutig waren, aber viele, dass sie nicht genug gewagt haben. Also los, worauf warten Sie? Nur Mut!<\/p>\n<p><i><strong>Zum Autor:<\/strong><br \/>\n<\/i><em>Volkmar V\u00f6lzke ist Erfolgs-Maximierer. Buchautor. Berater. Coach. Speaker. <a href=\"http:\/\/www.volkmarvoelzke.ch\/\">www.volkmarvoelzke.ch<\/a><\/em><\/p>\n","protected":false},"excerpt":{"rendered":"<p>Winston Churchill hat mal gesagt: \u201cMut wird zu Recht als die wichtigste aller menschlichen Qualit\u00e4ten angesehen&#8230; denn es ist diese Qualit\u00e4t, die alle anderen garantiert.\u201d Nur ist es leider so, dass die wichtigsten Qualit\u00e4ten nicht unbedingt die am weitesten verbreiteten sind. Und schon gar nicht Mut. Mutig f\u00fchren Wissen Sie, was ich am meisten vermisse [&hellip;]<\/p>\n","protected":false},"author":4,"featured_media":7156,"comment_status":"closed","ping_status":"closed","sticky":false,"template":"","format":"standard","meta":{"_acf_changed":false,"_yoast_wpseo_focuskw":"mutig","_yoast_wpseo_metadesc":"Mut ist zwar eine wichtige Qualit\u00e4t, aber nicht sehr weit verbreitet. Vor allem F\u00fchrungsetagen zeigen sich nicht immer mutig genug.","articlekey":"","footnotes":""},"categories":[28],"tags":[177,335,508],"class_list":["post-7154","post","type-post","status-publish","format-standard","has-post-thumbnail","hentry","category-management","tag-erfolgs-impuls","tag-management-und-unternehmensfuehrung","tag-vermischtes"],"acf":[],"yoast_head":"<!-- This site is optimized with the Yoast SEO plugin v27.5 - https:\/\/yoast.com\/product\/yoast-seo-wordpress\/ -->\n<title>Erfolgs-Impuls: Sind Sie mutig genug? - Organisator<\/title>\n<meta name=\"description\" content=\"Mut ist zwar eine wichtige Qualit\u00e4t, aber nicht sehr weit verbreitet. Vor allem F\u00fchrungsetagen zeigen sich nicht immer mutig genug.\" \/>\n<meta name=\"robots\" content=\"index, follow, max-snippet:-1, max-image-preview:large, max-video-preview:-1\" \/>\n<link rel=\"canonical\" href=\"https:\/\/www.organisator.ch\/de\/management\/2020-09-24\/erfolgs-impuls-sind-sie-mutig-genug\/\" \/>\n<meta property=\"og:locale\" content=\"de_DE\" \/>\n<meta property=\"og:type\" content=\"article\" \/>\n<meta property=\"og:title\" content=\"Erfolgs-Impuls: Sind Sie mutig genug?\" \/>\n<meta property=\"og:description\" content=\"Mut ist zwar eine wichtige Qualit\u00e4t, aber nicht sehr weit verbreitet. Vor allem F\u00fchrungsetagen zeigen sich nicht immer mutig genug.\" \/>\n<meta property=\"og:url\" content=\"https:\/\/www.organisator.ch\/de\/management\/2020-09-24\/erfolgs-impuls-sind-sie-mutig-genug\/\" \/>\n<meta property=\"og:site_name\" content=\"Organisator\" \/>\n<meta property=\"article:publisher\" content=\"https:\/\/www.facebook.com\/OrganisatorFachmagazin\" \/>\n<meta property=\"article:published_time\" content=\"2020-09-24T06:00:56+00:00\" \/>\n<meta property=\"og:image\" content=\"https:\/\/www.organisator.ch\/wp-content\/uploads\/2020\/09\/Erfolgs-Impuls-Sind-Sie-mutig-genug_Organisator.jpg\" \/>\n\t<meta property=\"og:image:width\" content=\"680\" \/>\n\t<meta property=\"og:image:height\" content=\"481\" \/>\n\t<meta property=\"og:image:type\" content=\"image\/jpeg\" \/>\n<meta name=\"author\" content=\"thomas.berner\" \/>\n<meta name=\"twitter:card\" content=\"summary_large_image\" \/>\n<meta name=\"twitter:title\" content=\"#Erfolgs-Impuls: Sind Sie #mutig genug?\" \/>\n<meta name=\"twitter:description\" content=\"Mut ist zwar eine wichtige #Qualit\u00e4t, aber nicht sehr weit verbreitet. Vor allem #F\u00fchrungsetagen zeigen sich nicht immer #mutig genug.\" \/>\n<meta name=\"twitter:image\" content=\"https:\/\/www.organisator.ch\/wp-content\/uploads\/2020\/09\/Erfolgs-Impuls-Sind-Sie-mutig-genug_Organisator.jpg\" \/>\n<script type=\"application\/ld+json\" class=\"yoast-schema-graph\">{\"@context\":\"https:\\\/\\\/schema.org\",\"@graph\":[{\"@type\":\"Article\",\"@id\":\"https:\\\/\\\/www.organisator.ch\\\/management\\\/2020-09-24\\\/erfolgs-impuls-sind-sie-mutig-genug\\\/#article\",\"isPartOf\":{\"@id\":\"https:\\\/\\\/www.organisator.ch\\\/management\\\/2020-09-24\\\/erfolgs-impuls-sind-sie-mutig-genug\\\/\"},\"author\":{\"name\":\"thomas.berner\",\"@id\":\"https:\\\/\\\/www.organisator.ch\\\/#\\\/schema\\\/person\\\/6f650f90b2842cd4c0cc334b4e36f67e\"},\"headline\":\"Erfolgs-Impuls: Sind Sie mutig genug?\",\"datePublished\":\"2020-09-24T06:00:56+00:00\",\"mainEntityOfPage\":{\"@id\":\"https:\\\/\\\/www.organisator.ch\\\/management\\\/2020-09-24\\\/erfolgs-impuls-sind-sie-mutig-genug\\\/\"},\"wordCount\":459,\"publisher\":{\"@id\":\"https:\\\/\\\/www.organisator.ch\\\/#organization\"},\"image\":{\"@id\":\"https:\\\/\\\/www.organisator.ch\\\/management\\\/2020-09-24\\\/erfolgs-impuls-sind-sie-mutig-genug\\\/#primaryimage\"},\"thumbnailUrl\":\"https:\\\/\\\/www.organisator.ch\\\/wp-content\\\/uploads\\\/2020\\\/09\\\/Erfolgs-Impuls-Sind-Sie-mutig-genug_Organisator.jpg\",\"keywords\":[\"Erfolgs-Impuls\",\"Management und Unternehmensf\u00fchrung\",\"Vermischtes\"],\"articleSection\":[\"MANAGEMENT\"],\"inLanguage\":\"de\"},{\"@type\":\"WebPage\",\"@id\":\"https:\\\/\\\/www.organisator.ch\\\/management\\\/2020-09-24\\\/erfolgs-impuls-sind-sie-mutig-genug\\\/\",\"url\":\"https:\\\/\\\/www.organisator.ch\\\/management\\\/2020-09-24\\\/erfolgs-impuls-sind-sie-mutig-genug\\\/\",\"name\":\"Erfolgs-Impuls: Sind Sie mutig genug? - Organisator\",\"isPartOf\":{\"@id\":\"https:\\\/\\\/www.organisator.ch\\\/#website\"},\"primaryImageOfPage\":{\"@id\":\"https:\\\/\\\/www.organisator.ch\\\/management\\\/2020-09-24\\\/erfolgs-impuls-sind-sie-mutig-genug\\\/#primaryimage\"},\"image\":{\"@id\":\"https:\\\/\\\/www.organisator.ch\\\/management\\\/2020-09-24\\\/erfolgs-impuls-sind-sie-mutig-genug\\\/#primaryimage\"},\"thumbnailUrl\":\"https:\\\/\\\/www.organisator.ch\\\/wp-content\\\/uploads\\\/2020\\\/09\\\/Erfolgs-Impuls-Sind-Sie-mutig-genug_Organisator.jpg\",\"datePublished\":\"2020-09-24T06:00:56+00:00\",\"description\":\"Mut ist zwar eine wichtige Qualit\u00e4t, aber nicht sehr weit verbreitet. Vor allem F\u00fchrungsetagen zeigen sich nicht immer mutig genug.\",\"breadcrumb\":{\"@id\":\"https:\\\/\\\/www.organisator.ch\\\/management\\\/2020-09-24\\\/erfolgs-impuls-sind-sie-mutig-genug\\\/#breadcrumb\"},\"inLanguage\":\"de\",\"potentialAction\":[{\"@type\":\"ReadAction\",\"target\":[\"https:\\\/\\\/www.organisator.ch\\\/management\\\/2020-09-24\\\/erfolgs-impuls-sind-sie-mutig-genug\\\/\"]}]},{\"@type\":\"ImageObject\",\"inLanguage\":\"de\",\"@id\":\"https:\\\/\\\/www.organisator.ch\\\/management\\\/2020-09-24\\\/erfolgs-impuls-sind-sie-mutig-genug\\\/#primaryimage\",\"url\":\"https:\\\/\\\/www.organisator.ch\\\/wp-content\\\/uploads\\\/2020\\\/09\\\/Erfolgs-Impuls-Sind-Sie-mutig-genug_Organisator.jpg\",\"contentUrl\":\"https:\\\/\\\/www.organisator.ch\\\/wp-content\\\/uploads\\\/2020\\\/09\\\/Erfolgs-Impuls-Sind-Sie-mutig-genug_Organisator.jpg\",\"width\":680,\"height\":481,\"caption\":\"Mutig in neue Gefilde vorstossen: Hin und wieder braucht es einen Schubs... (Bild: Pixabay.com)\"},{\"@type\":\"BreadcrumbList\",\"@id\":\"https:\\\/\\\/www.organisator.ch\\\/management\\\/2020-09-24\\\/erfolgs-impuls-sind-sie-mutig-genug\\\/#breadcrumb\",\"itemListElement\":[{\"@type\":\"ListItem\",\"position\":1,\"name\":\"Home\",\"item\":\"https:\\\/\\\/www.organisator.ch\\\/\"},{\"@type\":\"ListItem\",\"position\":2,\"name\":\"Erfolgs-Impuls: Sind Sie mutig genug?\"}]},{\"@type\":\"WebSite\",\"@id\":\"https:\\\/\\\/www.organisator.ch\\\/#website\",\"url\":\"https:\\\/\\\/www.organisator.ch\\\/\",\"name\":\"Organisator\",\"description\":\"Kompetent. Praxisnah. Der ORGANISATOR bereitet in 10 Ausgaben pro Jahr die wesentlichen Themen f\u00fcr F\u00fchrungskr\u00e4fte von KMU auf.\",\"publisher\":{\"@id\":\"https:\\\/\\\/www.organisator.ch\\\/#organization\"},\"potentialAction\":[{\"@type\":\"SearchAction\",\"target\":{\"@type\":\"EntryPoint\",\"urlTemplate\":\"https:\\\/\\\/www.organisator.ch\\\/?s={search_term_string}\"},\"query-input\":{\"@type\":\"PropertyValueSpecification\",\"valueRequired\":true,\"valueName\":\"search_term_string\"}}],\"inLanguage\":\"de\"},{\"@type\":\"Organization\",\"@id\":\"https:\\\/\\\/www.organisator.ch\\\/#organization\",\"name\":\"Organisator\",\"url\":\"https:\\\/\\\/www.organisator.ch\\\/\",\"logo\":{\"@type\":\"ImageObject\",\"inLanguage\":\"de\",\"@id\":\"https:\\\/\\\/www.organisator.ch\\\/#\\\/schema\\\/logo\\\/image\\\/\",\"url\":\"https:\\\/\\\/www.organisator.ch\\\/wp-content\\\/uploads\\\/2022\\\/01\\\/Logo_Organisator_Website.png\",\"contentUrl\":\"https:\\\/\\\/www.organisator.ch\\\/wp-content\\\/uploads\\\/2022\\\/01\\\/Logo_Organisator_Website.png\",\"width\":800,\"height\":77,\"caption\":\"Organisator\"},\"image\":{\"@id\":\"https:\\\/\\\/www.organisator.ch\\\/#\\\/schema\\\/logo\\\/image\\\/\"},\"sameAs\":[\"https:\\\/\\\/www.facebook.com\\\/OrganisatorFachmagazin\",\"https:\\\/\\\/www.linkedin.com\\\/showcase\\\/organisator-das-magazin-fr-kmu\",\"https:\\\/\\\/www.xing.com\\\/news\\\/pages\\\/organisator-ch-695\",\"https:\\\/\\\/www.youtube.com\\\/channel\\\/UCGP2Sq0iWaZwT3BdIAQFYpw\"]},{\"@type\":\"Person\",\"@id\":\"https:\\\/\\\/www.organisator.ch\\\/#\\\/schema\\\/person\\\/6f650f90b2842cd4c0cc334b4e36f67e\",\"name\":\"thomas.berner\",\"image\":{\"@type\":\"ImageObject\",\"inLanguage\":\"de\",\"@id\":\"https:\\\/\\\/secure.gravatar.com\\\/avatar\\\/ac5001d2a36cb6c6cd3e50789007ffca834b477b74a2144564522e944eabff61?s=96&d=mm&r=g\",\"url\":\"https:\\\/\\\/secure.gravatar.com\\\/avatar\\\/ac5001d2a36cb6c6cd3e50789007ffca834b477b74a2144564522e944eabff61?s=96&d=mm&r=g\",\"contentUrl\":\"https:\\\/\\\/secure.gravatar.com\\\/avatar\\\/ac5001d2a36cb6c6cd3e50789007ffca834b477b74a2144564522e944eabff61?s=96&d=mm&r=g\",\"caption\":\"thomas.berner\"},\"url\":\"https:\\\/\\\/www.organisator.ch\\\/de\\\/author\\\/thomas-berner\\\/\"}]}<\/script>\n<!-- \/ Yoast SEO plugin. -->","yoast_head_json":{"title":"Erfolgs-Impuls: Sind Sie mutig genug? - Organisator","description":"Mut ist zwar eine wichtige Qualit\u00e4t, aber nicht sehr weit verbreitet. Vor allem F\u00fchrungsetagen zeigen sich nicht immer mutig genug.","robots":{"index":"index","follow":"follow","max-snippet":"max-snippet:-1","max-image-preview":"max-image-preview:large","max-video-preview":"max-video-preview:-1"},"canonical":"https:\/\/www.organisator.ch\/de\/management\/2020-09-24\/erfolgs-impuls-sind-sie-mutig-genug\/","og_locale":"de_DE","og_type":"article","og_title":"Erfolgs-Impuls: Sind Sie mutig genug?","og_description":"Mut ist zwar eine wichtige Qualit\u00e4t, aber nicht sehr weit verbreitet. Vor allem F\u00fchrungsetagen zeigen sich nicht immer mutig genug.","og_url":"https:\/\/www.organisator.ch\/de\/management\/2020-09-24\/erfolgs-impuls-sind-sie-mutig-genug\/","og_site_name":"Organisator","article_publisher":"https:\/\/www.facebook.com\/OrganisatorFachmagazin","article_published_time":"2020-09-24T06:00:56+00:00","og_image":[{"width":680,"height":481,"url":"https:\/\/www.organisator.ch\/wp-content\/uploads\/2020\/09\/Erfolgs-Impuls-Sind-Sie-mutig-genug_Organisator.jpg","type":"image\/jpeg"}],"author":"thomas.berner","twitter_card":"summary_large_image","twitter_title":"#Erfolgs-Impuls: Sind Sie #mutig genug?","twitter_description":"Mut ist zwar eine wichtige #Qualit\u00e4t, aber nicht sehr weit verbreitet. Vor allem #F\u00fchrungsetagen zeigen sich nicht immer #mutig genug.","twitter_image":"https:\/\/www.organisator.ch\/wp-content\/uploads\/2020\/09\/Erfolgs-Impuls-Sind-Sie-mutig-genug_Organisator.jpg","schema":{"@context":"https:\/\/schema.org","@graph":[{"@type":"Article","@id":"https:\/\/www.organisator.ch\/management\/2020-09-24\/erfolgs-impuls-sind-sie-mutig-genug\/#article","isPartOf":{"@id":"https:\/\/www.organisator.ch\/management\/2020-09-24\/erfolgs-impuls-sind-sie-mutig-genug\/"},"author":{"name":"thomas.berner","@id":"https:\/\/www.organisator.ch\/#\/schema\/person\/6f650f90b2842cd4c0cc334b4e36f67e"},"headline":"Erfolgs-Impuls: Sind Sie mutig genug?","datePublished":"2020-09-24T06:00:56+00:00","mainEntityOfPage":{"@id":"https:\/\/www.organisator.ch\/management\/2020-09-24\/erfolgs-impuls-sind-sie-mutig-genug\/"},"wordCount":459,"publisher":{"@id":"https:\/\/www.organisator.ch\/#organization"},"image":{"@id":"https:\/\/www.organisator.ch\/management\/2020-09-24\/erfolgs-impuls-sind-sie-mutig-genug\/#primaryimage"},"thumbnailUrl":"https:\/\/www.organisator.ch\/wp-content\/uploads\/2020\/09\/Erfolgs-Impuls-Sind-Sie-mutig-genug_Organisator.jpg","keywords":["Erfolgs-Impuls","Management und Unternehmensf\u00fchrung","Vermischtes"],"articleSection":["MANAGEMENT"],"inLanguage":"de"},{"@type":"WebPage","@id":"https:\/\/www.organisator.ch\/management\/2020-09-24\/erfolgs-impuls-sind-sie-mutig-genug\/","url":"https:\/\/www.organisator.ch\/management\/2020-09-24\/erfolgs-impuls-sind-sie-mutig-genug\/","name":"Erfolgs-Impuls: Sind Sie mutig genug? - Organisator","isPartOf":{"@id":"https:\/\/www.organisator.ch\/#website"},"primaryImageOfPage":{"@id":"https:\/\/www.organisator.ch\/management\/2020-09-24\/erfolgs-impuls-sind-sie-mutig-genug\/#primaryimage"},"image":{"@id":"https:\/\/www.organisator.ch\/management\/2020-09-24\/erfolgs-impuls-sind-sie-mutig-genug\/#primaryimage"},"thumbnailUrl":"https:\/\/www.organisator.ch\/wp-content\/uploads\/2020\/09\/Erfolgs-Impuls-Sind-Sie-mutig-genug_Organisator.jpg","datePublished":"2020-09-24T06:00:56+00:00","description":"Mut ist zwar eine wichtige Qualit\u00e4t, aber nicht sehr weit verbreitet. Vor allem F\u00fchrungsetagen zeigen sich nicht immer mutig genug.","breadcrumb":{"@id":"https:\/\/www.organisator.ch\/management\/2020-09-24\/erfolgs-impuls-sind-sie-mutig-genug\/#breadcrumb"},"inLanguage":"de","potentialAction":[{"@type":"ReadAction","target":["https:\/\/www.organisator.ch\/management\/2020-09-24\/erfolgs-impuls-sind-sie-mutig-genug\/"]}]},{"@type":"ImageObject","inLanguage":"de","@id":"https:\/\/www.organisator.ch\/management\/2020-09-24\/erfolgs-impuls-sind-sie-mutig-genug\/#primaryimage","url":"https:\/\/www.organisator.ch\/wp-content\/uploads\/2020\/09\/Erfolgs-Impuls-Sind-Sie-mutig-genug_Organisator.jpg","contentUrl":"https:\/\/www.organisator.ch\/wp-content\/uploads\/2020\/09\/Erfolgs-Impuls-Sind-Sie-mutig-genug_Organisator.jpg","width":680,"height":481,"caption":"Mutig in neue Gefilde vorstossen: Hin und wieder braucht es einen Schubs... (Bild: Pixabay.com)"},{"@type":"BreadcrumbList","@id":"https:\/\/www.organisator.ch\/management\/2020-09-24\/erfolgs-impuls-sind-sie-mutig-genug\/#breadcrumb","itemListElement":[{"@type":"ListItem","position":1,"name":"Home","item":"https:\/\/www.organisator.ch\/"},{"@type":"ListItem","position":2,"name":"Erfolgs-Impuls: Sind Sie mutig genug?"}]},{"@type":"WebSite","@id":"https:\/\/www.organisator.ch\/#website","url":"https:\/\/www.organisator.ch\/","name":"Organisator","description":"Kompetent. Praxisnah. Der ORGANISATOR bereitet in 10 Ausgaben pro Jahr die wesentlichen Themen f\u00fcr F\u00fchrungskr\u00e4fte von KMU auf.","publisher":{"@id":"https:\/\/www.organisator.ch\/#organization"},"potentialAction":[{"@type":"SearchAction","target":{"@type":"EntryPoint","urlTemplate":"https:\/\/www.organisator.ch\/?s={search_term_string}"},"query-input":{"@type":"PropertyValueSpecification","valueRequired":true,"valueName":"search_term_string"}}],"inLanguage":"de"},{"@type":"Organization","@id":"https:\/\/www.organisator.ch\/#organization","name":"Organisator","url":"https:\/\/www.organisator.ch\/","logo":{"@type":"ImageObject","inLanguage":"de","@id":"https:\/\/www.organisator.ch\/#\/schema\/logo\/image\/","url":"https:\/\/www.organisator.ch\/wp-content\/uploads\/2022\/01\/Logo_Organisator_Website.png","contentUrl":"https:\/\/www.organisator.ch\/wp-content\/uploads\/2022\/01\/Logo_Organisator_Website.png","width":800,"height":77,"caption":"Organisator"},"image":{"@id":"https:\/\/www.organisator.ch\/#\/schema\/logo\/image\/"},"sameAs":["https:\/\/www.facebook.com\/OrganisatorFachmagazin","https:\/\/www.linkedin.com\/showcase\/organisator-das-magazin-fr-kmu","https:\/\/www.xing.com\/news\/pages\/organisator-ch-695","https:\/\/www.youtube.com\/channel\/UCGP2Sq0iWaZwT3BdIAQFYpw"]},{"@type":"Person","@id":"https:\/\/www.organisator.ch\/#\/schema\/person\/6f650f90b2842cd4c0cc334b4e36f67e","name":"thomas.berner","image":{"@type":"ImageObject","inLanguage":"de","@id":"https:\/\/secure.gravatar.com\/avatar\/ac5001d2a36cb6c6cd3e50789007ffca834b477b74a2144564522e944eabff61?s=96&d=mm&r=g","url":"https:\/\/secure.gravatar.com\/avatar\/ac5001d2a36cb6c6cd3e50789007ffca834b477b74a2144564522e944eabff61?s=96&d=mm&r=g","contentUrl":"https:\/\/secure.gravatar.com\/avatar\/ac5001d2a36cb6c6cd3e50789007ffca834b477b74a2144564522e944eabff61?s=96&d=mm&r=g","caption":"thomas.berner"},"url":"https:\/\/www.organisator.ch\/de\/author\/thomas-berner\/"}]}},"_links":{"self":[{"href":"https:\/\/www.organisator.ch\/de\/wp-json\/wp\/v2\/posts\/7154","targetHints":{"allow":["GET"]}}],"collection":[{"href":"https:\/\/www.organisator.ch\/de\/wp-json\/wp\/v2\/posts"}],"about":[{"href":"https:\/\/www.organisator.ch\/de\/wp-json\/wp\/v2\/types\/post"}],"author":[{"embeddable":true,"href":"https:\/\/www.organisator.ch\/de\/wp-json\/wp\/v2\/users\/4"}],"replies":[{"embeddable":true,"href":"https:\/\/www.organisator.ch\/de\/wp-json\/wp\/v2\/comments?post=7154"}],"version-history":[{"count":0,"href":"https:\/\/www.organisator.ch\/de\/wp-json\/wp\/v2\/posts\/7154\/revisions"}],"wp:featuredmedia":[{"embeddable":true,"href":"https:\/\/www.organisator.ch\/de\/wp-json\/wp\/v2\/media\/7156"}],"wp:attachment":[{"href":"https:\/\/www.organisator.ch\/de\/wp-json\/wp\/v2\/media?parent=7154"}],"wp:term":[{"taxonomy":"category","embeddable":true,"href":"https:\/\/www.organisator.ch\/de\/wp-json\/wp\/v2\/categories?post=7154"},{"taxonomy":"post_tag","embeddable":true,"href":"https:\/\/www.organisator.ch\/de\/wp-json\/wp\/v2\/tags?post=7154"}],"curies":[{"name":"wp","href":"https:\/\/api.w.org\/{rel}","templated":true}]}}