{"id":7180,"date":"2020-10-02T08:28:47","date_gmt":"2020-10-02T06:28:47","guid":{"rendered":"https:\/\/www.organisator.ch\/?p=7180"},"modified":"2020-10-02T08:28:47","modified_gmt":"2020-10-02T06:28:47","slug":"abacus-research-verstaerkt-verwaltungsrat-und-geschaeftsleitung","status":"publish","type":"post","link":"https:\/\/www.organisator.ch\/de\/management\/it\/2020-10-02\/abacus-research-verstaerkt-verwaltungsrat-und-geschaeftsleitung\/","title":{"rendered":"Abacus Research verst\u00e4rkt Verwaltungsrat und Gesch\u00e4ftsleitung"},"content":{"rendered":"<figure id=\"attachment_7181\" aria-describedby=\"caption-attachment-7181\" style=\"width: 680px\" class=\"wp-caption alignnone\"><img loading=\"lazy\" decoding=\"async\" class=\"size-medium wp-image-7181\" src=\"https:\/\/www.organisator.ch\/wp-content\/uploads\/2020\/10\/Abacus-Research-verstaerkt-Verwaltungsrat-und-Geschaeftsleitung_Organisator.jpg\" alt=\"\" width=\"680\" height=\"453\" srcset=\"https:\/\/www.organisator.ch\/wp-content\/uploads\/2020\/10\/Abacus-Research-verstaerkt-Verwaltungsrat-und-Geschaeftsleitung_Organisator.jpg 680w, https:\/\/www.organisator.ch\/wp-content\/uploads\/2020\/10\/Abacus-Research-verstaerkt-Verwaltungsrat-und-Geschaeftsleitung_Organisator-16x12.jpg 16w, https:\/\/www.organisator.ch\/wp-content\/uploads\/2020\/10\/Abacus-Research-verstaerkt-Verwaltungsrat-und-Geschaeftsleitung_Organisator-263x175.jpg 263w, https:\/\/www.organisator.ch\/wp-content\/uploads\/2020\/10\/Abacus-Research-verstaerkt-Verwaltungsrat-und-Geschaeftsleitung_Organisator-525x350.jpg 525w, https:\/\/www.organisator.ch\/wp-content\/uploads\/2020\/10\/Abacus-Research-verstaerkt-Verwaltungsrat-und-Geschaeftsleitung_Organisator-300x200.jpg 300w\" sizes=\"auto, (max-width: 680px) 100vw, 680px\" \/><figcaption id=\"caption-attachment-7181\" class=\"wp-caption-text\">Rainer Kaczmarczyk, neuer Verwaltungsratspr\u00e4sident Abacus Research AG. (Bild: zVg \/ Abacus)<\/figcaption><\/figure>\n<p>Die St. Galler Softwarefirma Abacus Research hat sich seit ihrer Gr\u00fcndung vor 35 Jahren durch drei HSG-Absolventen von einem Start-up zu einem Unternehmen mit \u00fcber 500 Mitarbeitenden, drei Schweizer Niederlassungen und Tochterfirmen an drei Standorten in Deutschland entwickelt. Claudio Hintermann, Gr\u00fcndungspartner, CEO und Verwaltungsratspr\u00e4sident in Personalunion, gibt nun das Mandat des Verwaltungsratspr\u00e4sidenten an Rainer Kaczmarczyk ab. Hintermann konzentriert sich einerseits verst\u00e4rkt auf die operative F\u00fchrung und andererseits als Chefstratege auf die Softwareentwicklung. Er verbleibt weiterhin im Verwaltungsrat des Unternehmens.<\/p>\n<h2>Von Compaq zu Abacus Research<\/h2>\n<p>Rainer Kaczmarczyk war von 2009 bis 2017 als Gesch\u00e4ftsf\u00fchrer der Abacus Tochtergesellschaft in Deutschland und davor von 1995 bis 2002 in derselben Funktion bei Compaq Schweiz und anschliessend bei Compaq Deutschland t\u00e4tig. Nach der \u00dcbernahme von Compaq durch Hewlett-Packard leitete er den Bereich Enterprise Systems und den Gesch\u00e4ftskundenvertrieb mit rund 1100 Mitarbeitenden w\u00e4hrend drei Jahren in Deutschland als Gesch\u00e4ftsf\u00fchrer.<\/p>\n<p>Claudio Hintermann kommentiert seinen R\u00fccktritt als VRP wie folgt: &#8222;Der zu erwartende Wachstumsschub im digitalen Zeitalter erfordert es, dass unser Unternehmen sich ad\u00e4quat verst\u00e4rkt und tragf\u00e4hige Strukturen aufbaut. Rainer Kaczmarczyk wird uns mit seiner langj\u00e4hrigen Erfahrung im Management einer Grossfirma helfen, in unserem Unternehmen eine entsprechende Organisation zu schaffen, die es uns erlauben wird, weiterhin zu wachsen sowie erfolgreich zu sein und somit langfristig den Bestand des Unternehmens zum Wohl unserer Kunden, Anwender, Vertriebspartner und Mitarbeitenden zu sichern.&#8220;<\/p>\n<h2>&#8222;Spannende Herausforderung&#8220;<\/h2>\n<p>Dass er bei Abacus Research den Transformationsprozess verantworte, nennt Kaczmarcyk &#8222;eine spannende Herausforderung&#8220; und erkl\u00e4rt: &#8222;Bei Abacus wollen wir die einmalige Erfolgsgeschichte fortsetzen, die f\u00fchrende Marktposition ausbauen und unsere Kunden weiterhin mit n\u00fctzlichen Innovationen bedienen. Ich freue mich auf die Zusammenarbeit mit dem CEO Claudio Hintermann und den Mitarbeitenden der Abacus.&#8220;<\/p>\n<p>Gleichzeitig mit dem Wechsel an der Spitze des Verwaltungsrates verst\u00e4rkt Abacus die Gesch\u00e4ftsleitung mit Philippe B\u00fcrki als neuem CFO des Unternehmens. B\u00fcrki war bei der Genossenschaft Migros Ostschweiz w\u00e4hrend acht Jahren in der Finanzabteilung als Leiter Controlling t\u00e4tig. Zuvor war er drei Jahre f\u00fcr die Finanzen des Russlandgesch\u00e4fts der Hotelplan Gruppe zust\u00e4ndig.<\/p>\n<p><em><a href=\"http:\/\/www.abacus.ch\">Quelle<\/a><\/em><\/p>\n","protected":false},"excerpt":{"rendered":"<p>Die St. Galler Softwarefirma Abacus Research hat sich seit ihrer Gr\u00fcndung vor 35 Jahren durch drei HSG-Absolventen von einem Start-up zu einem Unternehmen mit \u00fcber 500 Mitarbeitenden, drei Schweizer Niederlassungen und Tochterfirmen an drei Standorten in Deutschland entwickelt. Claudio Hintermann, Gr\u00fcndungspartner, CEO und Verwaltungsratspr\u00e4sident in Personalunion, gibt nun das Mandat des Verwaltungsratspr\u00e4sidenten an Rainer Kaczmarczyk [&hellip;]<\/p>\n","protected":false},"author":4,"featured_media":7181,"comment_status":"closed","ping_status":"closed","sticky":false,"template":"","format":"standard","meta":{"_acf_changed":false,"_yoast_wpseo_focuskw":"Abacus Research","_yoast_wpseo_metadesc":"Abacus Research hat an einer ausserordentlichen Generalversammlung mit Rainer Kaczmarczyk einen neuen Verwaltungsratspr\u00e4sidenten gew\u00e4hlt.","articlekey":"","footnotes":""},"categories":[27],"tags":[286,381,492,513],"class_list":["post-7180","post","type-post","status-publish","format-standard","has-post-thumbnail","hentry","category-it","tag-it","tag-personalia","tag-unternehmen","tag-verwaltungsraete"],"acf":[],"yoast_head":"<!-- This site is optimized with the Yoast SEO plugin v27.5 - https:\/\/yoast.com\/product\/yoast-seo-wordpress\/ -->\n<title>Abacus Research verst\u00e4rkt Verwaltungsrat und Gesch\u00e4ftsleitung - Organisator<\/title>\n<meta name=\"description\" content=\"Abacus Research hat an einer ausserordentlichen Generalversammlung mit Rainer Kaczmarczyk einen neuen Verwaltungsratspr\u00e4sidenten gew\u00e4hlt.\" \/>\n<meta name=\"robots\" content=\"index, follow, max-snippet:-1, max-image-preview:large, max-video-preview:-1\" \/>\n<link rel=\"canonical\" href=\"https:\/\/www.organisator.ch\/de\/management\/it\/2020-10-02\/abacus-research-verstaerkt-verwaltungsrat-und-geschaeftsleitung\/\" \/>\n<meta property=\"og:locale\" content=\"de_DE\" \/>\n<meta property=\"og:type\" content=\"article\" \/>\n<meta property=\"og:title\" content=\"Abacus Research verst\u00e4rkt Verwaltungsrat und Gesch\u00e4ftsleitung\" \/>\n<meta property=\"og:description\" content=\"Abacus Research hat an einer ausserordentlichen Generalversammlung mit Rainer Kaczmarczyk einen neuen Verwaltungsratspr\u00e4sidenten gew\u00e4hlt.\" \/>\n<meta property=\"og:url\" content=\"https:\/\/www.organisator.ch\/de\/management\/it\/2020-10-02\/abacus-research-verstaerkt-verwaltungsrat-und-geschaeftsleitung\/\" \/>\n<meta property=\"og:site_name\" content=\"Organisator\" \/>\n<meta property=\"article:publisher\" content=\"https:\/\/www.facebook.com\/OrganisatorFachmagazin\" \/>\n<meta property=\"article:published_time\" content=\"2020-10-02T06:28:47+00:00\" \/>\n<meta property=\"og:image\" content=\"https:\/\/www.organisator.ch\/wp-content\/uploads\/2020\/10\/Abacus-Research-verstaerkt-Verwaltungsrat-und-Geschaeftsleitung_Organisator.jpg\" \/>\n\t<meta property=\"og:image:width\" content=\"680\" \/>\n\t<meta property=\"og:image:height\" content=\"453\" \/>\n\t<meta property=\"og:image:type\" content=\"image\/jpeg\" \/>\n<meta name=\"author\" content=\"thomas.berner\" \/>\n<meta name=\"twitter:card\" content=\"summary_large_image\" \/>\n<meta name=\"twitter:title\" content=\"#Abacus Research verst\u00e4rkt #Verwaltungsrat und #Gesch\u00e4ftsleitung\" \/>\n<meta name=\"twitter:description\" content=\"#Abacus Research hat an einer ausserordentlichen #Generalversammlung mit Rainer #Kaczmarczyk einen neuen Verwaltungsratspr\u00e4sidenten gew\u00e4hlt.\" \/>\n<meta name=\"twitter:image\" content=\"https:\/\/www.organisator.ch\/wp-content\/uploads\/2020\/10\/Abacus-Research-verstaerkt-Verwaltungsrat-und-Geschaeftsleitung_Organisator.jpg\" \/>\n<script type=\"application\/ld+json\" class=\"yoast-schema-graph\">{\"@context\":\"https:\\\/\\\/schema.org\",\"@graph\":[{\"@type\":\"Article\",\"@id\":\"https:\\\/\\\/www.organisator.ch\\\/management\\\/it\\\/2020-10-02\\\/abacus-research-verstaerkt-verwaltungsrat-und-geschaeftsleitung\\\/#article\",\"isPartOf\":{\"@id\":\"https:\\\/\\\/www.organisator.ch\\\/management\\\/it\\\/2020-10-02\\\/abacus-research-verstaerkt-verwaltungsrat-und-geschaeftsleitung\\\/\"},\"author\":{\"name\":\"thomas.berner\",\"@id\":\"https:\\\/\\\/www.organisator.ch\\\/#\\\/schema\\\/person\\\/6f650f90b2842cd4c0cc334b4e36f67e\"},\"headline\":\"Abacus Research verst\u00e4rkt Verwaltungsrat und Gesch\u00e4ftsleitung\",\"datePublished\":\"2020-10-02T06:28:47+00:00\",\"mainEntityOfPage\":{\"@id\":\"https:\\\/\\\/www.organisator.ch\\\/management\\\/it\\\/2020-10-02\\\/abacus-research-verstaerkt-verwaltungsrat-und-geschaeftsleitung\\\/\"},\"wordCount\":376,\"publisher\":{\"@id\":\"https:\\\/\\\/www.organisator.ch\\\/#organization\"},\"image\":{\"@id\":\"https:\\\/\\\/www.organisator.ch\\\/management\\\/it\\\/2020-10-02\\\/abacus-research-verstaerkt-verwaltungsrat-und-geschaeftsleitung\\\/#primaryimage\"},\"thumbnailUrl\":\"https:\\\/\\\/www.organisator.ch\\\/wp-content\\\/uploads\\\/2020\\\/10\\\/Abacus-Research-verstaerkt-Verwaltungsrat-und-Geschaeftsleitung_Organisator.jpg\",\"keywords\":[\"IT\",\"Personalia\",\"Unternehmen\",\"Verwaltungsr\u00e4te\"],\"articleSection\":[\"IT\"],\"inLanguage\":\"de\"},{\"@type\":\"WebPage\",\"@id\":\"https:\\\/\\\/www.organisator.ch\\\/management\\\/it\\\/2020-10-02\\\/abacus-research-verstaerkt-verwaltungsrat-und-geschaeftsleitung\\\/\",\"url\":\"https:\\\/\\\/www.organisator.ch\\\/management\\\/it\\\/2020-10-02\\\/abacus-research-verstaerkt-verwaltungsrat-und-geschaeftsleitung\\\/\",\"name\":\"Abacus Research verst\u00e4rkt Verwaltungsrat und Gesch\u00e4ftsleitung - Organisator\",\"isPartOf\":{\"@id\":\"https:\\\/\\\/www.organisator.ch\\\/#website\"},\"primaryImageOfPage\":{\"@id\":\"https:\\\/\\\/www.organisator.ch\\\/management\\\/it\\\/2020-10-02\\\/abacus-research-verstaerkt-verwaltungsrat-und-geschaeftsleitung\\\/#primaryimage\"},\"image\":{\"@id\":\"https:\\\/\\\/www.organisator.ch\\\/management\\\/it\\\/2020-10-02\\\/abacus-research-verstaerkt-verwaltungsrat-und-geschaeftsleitung\\\/#primaryimage\"},\"thumbnailUrl\":\"https:\\\/\\\/www.organisator.ch\\\/wp-content\\\/uploads\\\/2020\\\/10\\\/Abacus-Research-verstaerkt-Verwaltungsrat-und-Geschaeftsleitung_Organisator.jpg\",\"datePublished\":\"2020-10-02T06:28:47+00:00\",\"description\":\"Abacus Research hat an einer ausserordentlichen Generalversammlung mit Rainer Kaczmarczyk einen neuen Verwaltungsratspr\u00e4sidenten gew\u00e4hlt.\",\"breadcrumb\":{\"@id\":\"https:\\\/\\\/www.organisator.ch\\\/management\\\/it\\\/2020-10-02\\\/abacus-research-verstaerkt-verwaltungsrat-und-geschaeftsleitung\\\/#breadcrumb\"},\"inLanguage\":\"de\",\"potentialAction\":[{\"@type\":\"ReadAction\",\"target\":[\"https:\\\/\\\/www.organisator.ch\\\/management\\\/it\\\/2020-10-02\\\/abacus-research-verstaerkt-verwaltungsrat-und-geschaeftsleitung\\\/\"]}]},{\"@type\":\"ImageObject\",\"inLanguage\":\"de\",\"@id\":\"https:\\\/\\\/www.organisator.ch\\\/management\\\/it\\\/2020-10-02\\\/abacus-research-verstaerkt-verwaltungsrat-und-geschaeftsleitung\\\/#primaryimage\",\"url\":\"https:\\\/\\\/www.organisator.ch\\\/wp-content\\\/uploads\\\/2020\\\/10\\\/Abacus-Research-verstaerkt-Verwaltungsrat-und-Geschaeftsleitung_Organisator.jpg\",\"contentUrl\":\"https:\\\/\\\/www.organisator.ch\\\/wp-content\\\/uploads\\\/2020\\\/10\\\/Abacus-Research-verstaerkt-Verwaltungsrat-und-Geschaeftsleitung_Organisator.jpg\",\"width\":680,\"height\":453,\"caption\":\"Rainer Kaczmarczyk, neuer Verwaltungsratspr\u00e4sident Abacus Research AG. (Bild: zVg \\\/ Abacus)\"},{\"@type\":\"BreadcrumbList\",\"@id\":\"https:\\\/\\\/www.organisator.ch\\\/management\\\/it\\\/2020-10-02\\\/abacus-research-verstaerkt-verwaltungsrat-und-geschaeftsleitung\\\/#breadcrumb\",\"itemListElement\":[{\"@type\":\"ListItem\",\"position\":1,\"name\":\"Home\",\"item\":\"https:\\\/\\\/www.organisator.ch\\\/\"},{\"@type\":\"ListItem\",\"position\":2,\"name\":\"Abacus Research verst\u00e4rkt Verwaltungsrat und Gesch\u00e4ftsleitung\"}]},{\"@type\":\"WebSite\",\"@id\":\"https:\\\/\\\/www.organisator.ch\\\/#website\",\"url\":\"https:\\\/\\\/www.organisator.ch\\\/\",\"name\":\"Organisator\",\"description\":\"Kompetent. Praxisnah. Der ORGANISATOR bereitet in 10 Ausgaben pro Jahr die wesentlichen Themen f\u00fcr F\u00fchrungskr\u00e4fte von KMU auf.\",\"publisher\":{\"@id\":\"https:\\\/\\\/www.organisator.ch\\\/#organization\"},\"potentialAction\":[{\"@type\":\"SearchAction\",\"target\":{\"@type\":\"EntryPoint\",\"urlTemplate\":\"https:\\\/\\\/www.organisator.ch\\\/?s={search_term_string}\"},\"query-input\":{\"@type\":\"PropertyValueSpecification\",\"valueRequired\":true,\"valueName\":\"search_term_string\"}}],\"inLanguage\":\"de\"},{\"@type\":\"Organization\",\"@id\":\"https:\\\/\\\/www.organisator.ch\\\/#organization\",\"name\":\"Organisator\",\"url\":\"https:\\\/\\\/www.organisator.ch\\\/\",\"logo\":{\"@type\":\"ImageObject\",\"inLanguage\":\"de\",\"@id\":\"https:\\\/\\\/www.organisator.ch\\\/#\\\/schema\\\/logo\\\/image\\\/\",\"url\":\"https:\\\/\\\/www.organisator.ch\\\/wp-content\\\/uploads\\\/2022\\\/01\\\/Logo_Organisator_Website.png\",\"contentUrl\":\"https:\\\/\\\/www.organisator.ch\\\/wp-content\\\/uploads\\\/2022\\\/01\\\/Logo_Organisator_Website.png\",\"width\":800,\"height\":77,\"caption\":\"Organisator\"},\"image\":{\"@id\":\"https:\\\/\\\/www.organisator.ch\\\/#\\\/schema\\\/logo\\\/image\\\/\"},\"sameAs\":[\"https:\\\/\\\/www.facebook.com\\\/OrganisatorFachmagazin\",\"https:\\\/\\\/www.linkedin.com\\\/showcase\\\/organisator-das-magazin-fr-kmu\",\"https:\\\/\\\/www.xing.com\\\/news\\\/pages\\\/organisator-ch-695\",\"https:\\\/\\\/www.youtube.com\\\/channel\\\/UCGP2Sq0iWaZwT3BdIAQFYpw\"]},{\"@type\":\"Person\",\"@id\":\"https:\\\/\\\/www.organisator.ch\\\/#\\\/schema\\\/person\\\/6f650f90b2842cd4c0cc334b4e36f67e\",\"name\":\"thomas.berner\",\"image\":{\"@type\":\"ImageObject\",\"inLanguage\":\"de\",\"@id\":\"https:\\\/\\\/secure.gravatar.com\\\/avatar\\\/ac5001d2a36cb6c6cd3e50789007ffca834b477b74a2144564522e944eabff61?s=96&d=mm&r=g\",\"url\":\"https:\\\/\\\/secure.gravatar.com\\\/avatar\\\/ac5001d2a36cb6c6cd3e50789007ffca834b477b74a2144564522e944eabff61?s=96&d=mm&r=g\",\"contentUrl\":\"https:\\\/\\\/secure.gravatar.com\\\/avatar\\\/ac5001d2a36cb6c6cd3e50789007ffca834b477b74a2144564522e944eabff61?s=96&d=mm&r=g\",\"caption\":\"thomas.berner\"},\"url\":\"https:\\\/\\\/www.organisator.ch\\\/de\\\/author\\\/thomas-berner\\\/\"}]}<\/script>\n<!-- \/ Yoast SEO plugin. -->","yoast_head_json":{"title":"Abacus Research verst\u00e4rkt Verwaltungsrat und Gesch\u00e4ftsleitung - Organisator","description":"Abacus Research hat an einer ausserordentlichen Generalversammlung mit Rainer Kaczmarczyk einen neuen Verwaltungsratspr\u00e4sidenten gew\u00e4hlt.","robots":{"index":"index","follow":"follow","max-snippet":"max-snippet:-1","max-image-preview":"max-image-preview:large","max-video-preview":"max-video-preview:-1"},"canonical":"https:\/\/www.organisator.ch\/de\/management\/it\/2020-10-02\/abacus-research-verstaerkt-verwaltungsrat-und-geschaeftsleitung\/","og_locale":"de_DE","og_type":"article","og_title":"Abacus Research verst\u00e4rkt Verwaltungsrat und Gesch\u00e4ftsleitung","og_description":"Abacus Research hat an einer ausserordentlichen Generalversammlung mit Rainer Kaczmarczyk einen neuen Verwaltungsratspr\u00e4sidenten gew\u00e4hlt.","og_url":"https:\/\/www.organisator.ch\/de\/management\/it\/2020-10-02\/abacus-research-verstaerkt-verwaltungsrat-und-geschaeftsleitung\/","og_site_name":"Organisator","article_publisher":"https:\/\/www.facebook.com\/OrganisatorFachmagazin","article_published_time":"2020-10-02T06:28:47+00:00","og_image":[{"width":680,"height":453,"url":"https:\/\/www.organisator.ch\/wp-content\/uploads\/2020\/10\/Abacus-Research-verstaerkt-Verwaltungsrat-und-Geschaeftsleitung_Organisator.jpg","type":"image\/jpeg"}],"author":"thomas.berner","twitter_card":"summary_large_image","twitter_title":"#Abacus Research verst\u00e4rkt #Verwaltungsrat und #Gesch\u00e4ftsleitung","twitter_description":"#Abacus Research hat an einer ausserordentlichen #Generalversammlung mit Rainer #Kaczmarczyk einen neuen Verwaltungsratspr\u00e4sidenten gew\u00e4hlt.","twitter_image":"https:\/\/www.organisator.ch\/wp-content\/uploads\/2020\/10\/Abacus-Research-verstaerkt-Verwaltungsrat-und-Geschaeftsleitung_Organisator.jpg","schema":{"@context":"https:\/\/schema.org","@graph":[{"@type":"Article","@id":"https:\/\/www.organisator.ch\/management\/it\/2020-10-02\/abacus-research-verstaerkt-verwaltungsrat-und-geschaeftsleitung\/#article","isPartOf":{"@id":"https:\/\/www.organisator.ch\/management\/it\/2020-10-02\/abacus-research-verstaerkt-verwaltungsrat-und-geschaeftsleitung\/"},"author":{"name":"thomas.berner","@id":"https:\/\/www.organisator.ch\/#\/schema\/person\/6f650f90b2842cd4c0cc334b4e36f67e"},"headline":"Abacus Research verst\u00e4rkt Verwaltungsrat und Gesch\u00e4ftsleitung","datePublished":"2020-10-02T06:28:47+00:00","mainEntityOfPage":{"@id":"https:\/\/www.organisator.ch\/management\/it\/2020-10-02\/abacus-research-verstaerkt-verwaltungsrat-und-geschaeftsleitung\/"},"wordCount":376,"publisher":{"@id":"https:\/\/www.organisator.ch\/#organization"},"image":{"@id":"https:\/\/www.organisator.ch\/management\/it\/2020-10-02\/abacus-research-verstaerkt-verwaltungsrat-und-geschaeftsleitung\/#primaryimage"},"thumbnailUrl":"https:\/\/www.organisator.ch\/wp-content\/uploads\/2020\/10\/Abacus-Research-verstaerkt-Verwaltungsrat-und-Geschaeftsleitung_Organisator.jpg","keywords":["IT","Personalia","Unternehmen","Verwaltungsr\u00e4te"],"articleSection":["IT"],"inLanguage":"de"},{"@type":"WebPage","@id":"https:\/\/www.organisator.ch\/management\/it\/2020-10-02\/abacus-research-verstaerkt-verwaltungsrat-und-geschaeftsleitung\/","url":"https:\/\/www.organisator.ch\/management\/it\/2020-10-02\/abacus-research-verstaerkt-verwaltungsrat-und-geschaeftsleitung\/","name":"Abacus Research verst\u00e4rkt Verwaltungsrat und Gesch\u00e4ftsleitung - Organisator","isPartOf":{"@id":"https:\/\/www.organisator.ch\/#website"},"primaryImageOfPage":{"@id":"https:\/\/www.organisator.ch\/management\/it\/2020-10-02\/abacus-research-verstaerkt-verwaltungsrat-und-geschaeftsleitung\/#primaryimage"},"image":{"@id":"https:\/\/www.organisator.ch\/management\/it\/2020-10-02\/abacus-research-verstaerkt-verwaltungsrat-und-geschaeftsleitung\/#primaryimage"},"thumbnailUrl":"https:\/\/www.organisator.ch\/wp-content\/uploads\/2020\/10\/Abacus-Research-verstaerkt-Verwaltungsrat-und-Geschaeftsleitung_Organisator.jpg","datePublished":"2020-10-02T06:28:47+00:00","description":"Abacus Research hat an einer ausserordentlichen Generalversammlung mit Rainer Kaczmarczyk einen neuen Verwaltungsratspr\u00e4sidenten gew\u00e4hlt.","breadcrumb":{"@id":"https:\/\/www.organisator.ch\/management\/it\/2020-10-02\/abacus-research-verstaerkt-verwaltungsrat-und-geschaeftsleitung\/#breadcrumb"},"inLanguage":"de","potentialAction":[{"@type":"ReadAction","target":["https:\/\/www.organisator.ch\/management\/it\/2020-10-02\/abacus-research-verstaerkt-verwaltungsrat-und-geschaeftsleitung\/"]}]},{"@type":"ImageObject","inLanguage":"de","@id":"https:\/\/www.organisator.ch\/management\/it\/2020-10-02\/abacus-research-verstaerkt-verwaltungsrat-und-geschaeftsleitung\/#primaryimage","url":"https:\/\/www.organisator.ch\/wp-content\/uploads\/2020\/10\/Abacus-Research-verstaerkt-Verwaltungsrat-und-Geschaeftsleitung_Organisator.jpg","contentUrl":"https:\/\/www.organisator.ch\/wp-content\/uploads\/2020\/10\/Abacus-Research-verstaerkt-Verwaltungsrat-und-Geschaeftsleitung_Organisator.jpg","width":680,"height":453,"caption":"Rainer Kaczmarczyk, neuer Verwaltungsratspr\u00e4sident Abacus Research AG. (Bild: zVg \/ Abacus)"},{"@type":"BreadcrumbList","@id":"https:\/\/www.organisator.ch\/management\/it\/2020-10-02\/abacus-research-verstaerkt-verwaltungsrat-und-geschaeftsleitung\/#breadcrumb","itemListElement":[{"@type":"ListItem","position":1,"name":"Home","item":"https:\/\/www.organisator.ch\/"},{"@type":"ListItem","position":2,"name":"Abacus Research verst\u00e4rkt Verwaltungsrat und Gesch\u00e4ftsleitung"}]},{"@type":"WebSite","@id":"https:\/\/www.organisator.ch\/#website","url":"https:\/\/www.organisator.ch\/","name":"Organisator","description":"Kompetent. Praxisnah. Der ORGANISATOR bereitet in 10 Ausgaben pro Jahr die wesentlichen Themen f\u00fcr F\u00fchrungskr\u00e4fte von KMU auf.","publisher":{"@id":"https:\/\/www.organisator.ch\/#organization"},"potentialAction":[{"@type":"SearchAction","target":{"@type":"EntryPoint","urlTemplate":"https:\/\/www.organisator.ch\/?s={search_term_string}"},"query-input":{"@type":"PropertyValueSpecification","valueRequired":true,"valueName":"search_term_string"}}],"inLanguage":"de"},{"@type":"Organization","@id":"https:\/\/www.organisator.ch\/#organization","name":"Organisator","url":"https:\/\/www.organisator.ch\/","logo":{"@type":"ImageObject","inLanguage":"de","@id":"https:\/\/www.organisator.ch\/#\/schema\/logo\/image\/","url":"https:\/\/www.organisator.ch\/wp-content\/uploads\/2022\/01\/Logo_Organisator_Website.png","contentUrl":"https:\/\/www.organisator.ch\/wp-content\/uploads\/2022\/01\/Logo_Organisator_Website.png","width":800,"height":77,"caption":"Organisator"},"image":{"@id":"https:\/\/www.organisator.ch\/#\/schema\/logo\/image\/"},"sameAs":["https:\/\/www.facebook.com\/OrganisatorFachmagazin","https:\/\/www.linkedin.com\/showcase\/organisator-das-magazin-fr-kmu","https:\/\/www.xing.com\/news\/pages\/organisator-ch-695","https:\/\/www.youtube.com\/channel\/UCGP2Sq0iWaZwT3BdIAQFYpw"]},{"@type":"Person","@id":"https:\/\/www.organisator.ch\/#\/schema\/person\/6f650f90b2842cd4c0cc334b4e36f67e","name":"thomas.berner","image":{"@type":"ImageObject","inLanguage":"de","@id":"https:\/\/secure.gravatar.com\/avatar\/ac5001d2a36cb6c6cd3e50789007ffca834b477b74a2144564522e944eabff61?s=96&d=mm&r=g","url":"https:\/\/secure.gravatar.com\/avatar\/ac5001d2a36cb6c6cd3e50789007ffca834b477b74a2144564522e944eabff61?s=96&d=mm&r=g","contentUrl":"https:\/\/secure.gravatar.com\/avatar\/ac5001d2a36cb6c6cd3e50789007ffca834b477b74a2144564522e944eabff61?s=96&d=mm&r=g","caption":"thomas.berner"},"url":"https:\/\/www.organisator.ch\/de\/author\/thomas-berner\/"}]}},"_links":{"self":[{"href":"https:\/\/www.organisator.ch\/de\/wp-json\/wp\/v2\/posts\/7180","targetHints":{"allow":["GET"]}}],"collection":[{"href":"https:\/\/www.organisator.ch\/de\/wp-json\/wp\/v2\/posts"}],"about":[{"href":"https:\/\/www.organisator.ch\/de\/wp-json\/wp\/v2\/types\/post"}],"author":[{"embeddable":true,"href":"https:\/\/www.organisator.ch\/de\/wp-json\/wp\/v2\/users\/4"}],"replies":[{"embeddable":true,"href":"https:\/\/www.organisator.ch\/de\/wp-json\/wp\/v2\/comments?post=7180"}],"version-history":[{"count":0,"href":"https:\/\/www.organisator.ch\/de\/wp-json\/wp\/v2\/posts\/7180\/revisions"}],"wp:featuredmedia":[{"embeddable":true,"href":"https:\/\/www.organisator.ch\/de\/wp-json\/wp\/v2\/media\/7181"}],"wp:attachment":[{"href":"https:\/\/www.organisator.ch\/de\/wp-json\/wp\/v2\/media?parent=7180"}],"wp:term":[{"taxonomy":"category","embeddable":true,"href":"https:\/\/www.organisator.ch\/de\/wp-json\/wp\/v2\/categories?post=7180"},{"taxonomy":"post_tag","embeddable":true,"href":"https:\/\/www.organisator.ch\/de\/wp-json\/wp\/v2\/tags?post=7180"}],"curies":[{"name":"wp","href":"https:\/\/api.w.org\/{rel}","templated":true}]}}