{"id":7183,"date":"2020-10-02T09:03:28","date_gmt":"2020-10-02T07:03:28","guid":{"rendered":"https:\/\/www.organisator.ch\/?p=7183"},"modified":"2020-10-02T09:03:28","modified_gmt":"2020-10-02T07:03:28","slug":"in-welchen-kantonen-der-gruendergeist-besonders-gross-ist","status":"publish","type":"post","link":"https:\/\/www.organisator.ch\/de\/management\/2020-10-02\/in-welchen-kantonen-der-gruendergeist-besonders-gross-ist\/","title":{"rendered":"In welchen Kantonen der Gr\u00fcndergeist besonders gross ist"},"content":{"rendered":"<figure id=\"attachment_7185\" aria-describedby=\"caption-attachment-7185\" style=\"width: 680px\" class=\"wp-caption alignnone\"><img loading=\"lazy\" decoding=\"async\" class=\"size-medium wp-image-7185\" src=\"https:\/\/www.organisator.ch\/wp-content\/uploads\/2020\/10\/In-welchen-Kantonen-der-Gruendergeist-besonders-gross-ist-1_Organisator.jpg\" alt=\"\" width=\"680\" height=\"510\" srcset=\"https:\/\/www.organisator.ch\/wp-content\/uploads\/2020\/10\/In-welchen-Kantonen-der-Gruendergeist-besonders-gross-ist-1_Organisator.jpg 680w, https:\/\/www.organisator.ch\/wp-content\/uploads\/2020\/10\/In-welchen-Kantonen-der-Gruendergeist-besonders-gross-ist-1_Organisator-16x12.jpg 16w, https:\/\/www.organisator.ch\/wp-content\/uploads\/2020\/10\/In-welchen-Kantonen-der-Gruendergeist-besonders-gross-ist-1_Organisator-233x175.jpg 233w, https:\/\/www.organisator.ch\/wp-content\/uploads\/2020\/10\/In-welchen-Kantonen-der-Gruendergeist-besonders-gross-ist-1_Organisator-467x350.jpg 467w, https:\/\/www.organisator.ch\/wp-content\/uploads\/2020\/10\/In-welchen-Kantonen-der-Gruendergeist-besonders-gross-ist-1_Organisator-300x225.jpg 300w\" sizes=\"auto, (max-width: 680px) 100vw, 680px\" \/><figcaption id=\"caption-attachment-7185\" class=\"wp-caption-text\">Viel Gr\u00fcndergeist in der Schweiz: Die Zahl neuer Firmen hat in den ersten 9 Monaten 2020 erneut zugenommen. (Bild: Pixabay.com)<\/figcaption><\/figure>\n<p>Insgesamt wurden 33\u2019617 neue Firmen in den ersten drei Quartalen 2020 gegr\u00fcndet, was einem Anstieg von +2.5% im Vergleich zum Rekord-Vorjahr 2019 entspricht. In welchen Kantonen die meisten Startups entstanden sind, zeigt die nationale Analyse des IFJ. Zug ist mit 13.7 Gr\u00fcndungen pro 1&#8217;000 Einwohner\/innen mit Abstand Spitzenreiter, gefolgt von den Kantonen Schwyz, Appenzell Innerrhoden, Genf und Basel-Stadt.<\/p>\n<h2>In welchem Kanton herrscht der gr\u00f6sste Gr\u00fcndergeist?<\/h2>\n<p>Im schweizweiten Durchschnitt erfolgten im aktuellen Jahr pro 1&#8217;000 Einwohner 4.28 Gr\u00fcndungen. Insgesamt 9 Kantone liegen \u00fcber dem nationalen Durchschnitt. An der Spitze thront der Kanton Zug (13.73) mit einem bemerkenswerten Abstand vor Schwyz (6.07), Appenzell Innerrhoden (5.95), Genf (5.51) und Basel-Stadt (4.79). Die Gr\u00fcndungsmuffel der Schweizer Kantone sind Uri (2.11), Bern (2.74) und Schaffhausen (2.85), welche am wenigsten neue Firmen pro 1&#8217;000 Einwohner\/innen gr\u00fcnden.<\/p>\n<figure id=\"attachment_7186\" aria-describedby=\"caption-attachment-7186\" style=\"width: 680px\" class=\"wp-caption alignnone\"><img loading=\"lazy\" decoding=\"async\" class=\"size-medium wp-image-7186\" src=\"https:\/\/www.organisator.ch\/wp-content\/uploads\/2020\/10\/In-welchen-Kantonen-der-Gruendergeist-besonders-gross-ist-2_Organisator.jpg\" alt=\"\" width=\"680\" height=\"489\" srcset=\"https:\/\/www.organisator.ch\/wp-content\/uploads\/2020\/10\/In-welchen-Kantonen-der-Gruendergeist-besonders-gross-ist-2_Organisator.jpg 680w, https:\/\/www.organisator.ch\/wp-content\/uploads\/2020\/10\/In-welchen-Kantonen-der-Gruendergeist-besonders-gross-ist-2_Organisator-16x12.jpg 16w, https:\/\/www.organisator.ch\/wp-content\/uploads\/2020\/10\/In-welchen-Kantonen-der-Gruendergeist-besonders-gross-ist-2_Organisator-243x175.jpg 243w, https:\/\/www.organisator.ch\/wp-content\/uploads\/2020\/10\/In-welchen-Kantonen-der-Gruendergeist-besonders-gross-ist-2_Organisator-487x350.jpg 487w, https:\/\/www.organisator.ch\/wp-content\/uploads\/2020\/10\/In-welchen-Kantonen-der-Gruendergeist-besonders-gross-ist-2_Organisator-300x216.jpg 300w\" sizes=\"auto, (max-width: 680px) 100vw, 680px\" \/><figcaption id=\"caption-attachment-7186\" class=\"wp-caption-text\">Gr\u00fcndungsdichte nach Kantonen. (Grafik: IFJ)<\/figcaption><\/figure>\n<h2>Entwicklung der einzelnen Monate in den ersten drei Quartalen<\/h2>\n<p>Die Analyse des IFJ Institut f\u00fcr Jungunternehmen zeigt, dass durch die verordneten Corona-Massnahmen im M\u00e4rz (-5.4%), April (-25.1%) und Mai (-13.4%) deutlich weniger Firmen als im Vorjahr gegr\u00fcndet wurden. In diesen drei Monaten des Shutdowns wurden durchschnittlich -14.6% weniger Firmen gegr\u00fcndet als in der Vorjahresperiode. Dieser R\u00fcckgang wurde allerdings <a href=\"https:\/\/www.organisator.ch\/wiederanstieg-der-firmengruendungen-im-juni\/\">mit den darauffolgenden, gr\u00fcndungsstarken Monaten<\/a> aufgeholt bzw. \u00fcberkompensiert. Im Juni erfolgte ein Anstieg von +24.8%, im Juli +11.1%, im August +17.9% und im September ein Plus von +18.3%. Die Zuversicht bei Gr\u00fcnderinnen und Gr\u00fcndern in der Schweiz h\u00e4lt an und es kann mit einem fortlaufenden Anstieg im Jahr 2020 gerechnet werden.<\/p>\n<h2>F\u00fcnf Branchen machen 50% aller Gr\u00fcndungen aus<\/h2>\n<p>Rund 50% aller Neugr\u00fcndungen erfolgen in den f\u00fcnf Branchen Handwerk (17.4%), Beratung (10%), Detailhandel (8.5%), Immobilienwesen (7.7%) und Gastronomie und Beherbergung (6.5%). Am wenigsten wird im T\u00e4tigkeitsbereich Druck und Verlag (0.4%), Hightech (0.6%), Land- und Forstwirtschaft (1%) und Ausbildung (1.9%) gegr\u00fcndet.<\/p>\n<figure id=\"attachment_7187\" aria-describedby=\"caption-attachment-7187\" style=\"width: 680px\" class=\"wp-caption alignnone\"><img loading=\"lazy\" decoding=\"async\" class=\"size-medium wp-image-7187\" src=\"https:\/\/www.organisator.ch\/wp-content\/uploads\/2020\/10\/In-welchen-Kantonen-der-Gruendergeist-besonders-gross-ist-3_Organisator.jpg\" alt=\"\" width=\"680\" height=\"419\" srcset=\"https:\/\/www.organisator.ch\/wp-content\/uploads\/2020\/10\/In-welchen-Kantonen-der-Gruendergeist-besonders-gross-ist-3_Organisator.jpg 680w, https:\/\/www.organisator.ch\/wp-content\/uploads\/2020\/10\/In-welchen-Kantonen-der-Gruendergeist-besonders-gross-ist-3_Organisator-16x10.jpg 16w, https:\/\/www.organisator.ch\/wp-content\/uploads\/2020\/10\/In-welchen-Kantonen-der-Gruendergeist-besonders-gross-ist-3_Organisator-284x175.jpg 284w, https:\/\/www.organisator.ch\/wp-content\/uploads\/2020\/10\/In-welchen-Kantonen-der-Gruendergeist-besonders-gross-ist-3_Organisator-568x350.jpg 568w, https:\/\/www.organisator.ch\/wp-content\/uploads\/2020\/10\/In-welchen-Kantonen-der-Gruendergeist-besonders-gross-ist-3_Organisator-300x185.jpg 300w\" sizes=\"auto, (max-width: 680px) 100vw, 680px\" \/><figcaption id=\"caption-attachment-7187\" class=\"wp-caption-text\">In diesen Branchen ist der Gr\u00fcndergeist am gr\u00f6ssten. (Grafik: IFJ)<\/figcaption><\/figure>\n<p>Seitens Entwicklung der Branchen gegen\u00fcber dem Vorjahr zeigt sich, dass die Bereiche Coiffeur und Kosmetik um +23.6%, Marketing und Kommunikation +17.6%, Ausbildung +16.7%, Beratung +13.1% und Architektur und Ingenieurwesen +10% im zweistelligen Bereich zunahmen. Die prozentual st\u00e4rksten R\u00fcckg\u00e4nge verzeichnen die Branchen Weitere Dienstleistungen (Reiseb\u00fcros, freiberufliche T\u00e4tigkeiten etc.) -24.5%, Kultur und Gemeinn\u00fctziges -7.1% sowie Finanzen und Versicherungen mit -6.7%.<\/p>\n<h2>Nordwestschweiz im Hoch, Schaffhausen und Tessin weiterhin stark im Minus<\/h2>\n<p>Die Grossregionen Nordwestschweiz +9.3%, Zentralschweiz +5.7%, Ostschweiz +5.0%, Escape Mittelland +3.8% und Z\u00fcrich +3.6% erfreuen sich in den ersten drei Quartalen 2020 einer Erholung an Firmengr\u00fcnder\/innen und setzen gegen\u00fcber dem Rekordjahr 2019 sogar positive Akzente.<\/p>\n<p>So wie es den Tessin seitens der Corona-Pandemie am h\u00e4rtesten traf, ist auch im Vergleich der Grossregionen der R\u00fcckgang an Firmengr\u00fcndungen im Tessin gegen\u00fcber dem Vorjahr mit -12.6% einschl\u00e4gig. Auch in der S\u00fcdwestschweiz nahm der Gr\u00fcndergeist ab: Die Region muss einen R\u00fcckgang von -2.2% an Neugr\u00fcndungen verzeichnen.<\/p>\n<p>Trotz der aktuell noch widrigen wirtschaftlichen Umst\u00e4nde k\u00f6nnen 22 der 26 Schweizer Kantone im Vorjahresvergleich auf mehr Neugr\u00fcndungen in den ersten neun Monaten zur\u00fcckblicken. Die Kantone mit dem st\u00e4rksten prozentualen Wachstum sind Obwalden +45.5%, Appenzell Innerrhoden +20%, Thurgau +15.1%, Appenzell Ausserrhoden +11.3%, Glarus +10.6%, Basel-Stadt und Basel-Landschaft +9.4%, Aargau +9.1%, Wallis +8.2%, Luzern +7.1%, Solothurn +6.7%, Jura +6.6%, Schwyz +5.9%, Freiburg +4.7%, Uri +4.1%, Z\u00fcrich +3.6%, Graub\u00fcnden +3.0%, Bern +2.6%, Neuenburg +2.3%, Zug +2.2%, St. Gallen +1.2% und Nidwalden mit +1.1%. Die Kantone mit prozentualen Einbussen sind Genf -2.2%, Waadt -6.3%, Schaffhausen -11.4% und Tessin mit -12.6%.<\/p>\n<p><em>Quelle: <a href=\"http:\/\/www.ifj.ch\">www.ifj.ch<\/a><\/em><\/p>\n","protected":false},"excerpt":{"rendered":"<p>Insgesamt wurden 33\u2019617 neue Firmen in den ersten drei Quartalen 2020 gegr\u00fcndet, was einem Anstieg von +2.5% im Vergleich zum Rekord-Vorjahr 2019 entspricht. In welchen Kantonen die meisten Startups entstanden sind, zeigt die nationale Analyse des IFJ. Zug ist mit 13.7 Gr\u00fcndungen pro 1&#8217;000 Einwohner\/innen mit Abstand Spitzenreiter, gefolgt von den Kantonen Schwyz, Appenzell Innerrhoden, [&hellip;]<\/p>\n","protected":false},"author":4,"featured_media":7185,"comment_status":"closed","ping_status":"closed","sticky":false,"template":"","format":"standard","meta":{"_acf_changed":false,"_yoast_wpseo_focuskw":"Gr\u00fcndergeist","_yoast_wpseo_metadesc":"In den ersten neun Monaten wurden so viele neue Firmen gegr\u00fcndet wie noch nie. Der Gr\u00fcndergeist ist allerdings von Kanton zu Kanton unterschiedlich.","articlekey":"","footnotes":""},"categories":[28],"tags":[335,451,452,492],"class_list":["post-7183","post","type-post","status-publish","format-standard","has-post-thumbnail","hentry","category-management","tag-management-und-unternehmensfuehrung","tag-startups","tag-statistik","tag-unternehmen"],"acf":[],"yoast_head":"<!-- This site is optimized with the Yoast SEO plugin v27.5 - https:\/\/yoast.com\/product\/yoast-seo-wordpress\/ -->\n<title>In welchen Kantonen der Gr\u00fcndergeist besonders gross ist - Organisator<\/title>\n<meta name=\"description\" content=\"In den ersten neun Monaten wurden so viele neue Firmen gegr\u00fcndet wie noch nie. Der Gr\u00fcndergeist ist allerdings von Kanton zu Kanton unterschiedlich.\" \/>\n<meta name=\"robots\" content=\"index, follow, max-snippet:-1, max-image-preview:large, max-video-preview:-1\" \/>\n<link rel=\"canonical\" href=\"https:\/\/www.organisator.ch\/de\/management\/2020-10-02\/in-welchen-kantonen-der-gruendergeist-besonders-gross-ist\/\" \/>\n<meta property=\"og:locale\" content=\"de_DE\" \/>\n<meta property=\"og:type\" content=\"article\" \/>\n<meta property=\"og:title\" content=\"In welchen Kantonen der Gr\u00fcndergeist besonders gross ist\" \/>\n<meta property=\"og:description\" content=\"In den ersten neun Monaten wurden so viele neue Firmen gegr\u00fcndet wie noch nie. Der Gr\u00fcndergeist ist allerdings von Kanton zu Kanton unterschiedlich.\" \/>\n<meta property=\"og:url\" content=\"https:\/\/www.organisator.ch\/de\/management\/2020-10-02\/in-welchen-kantonen-der-gruendergeist-besonders-gross-ist\/\" \/>\n<meta property=\"og:site_name\" content=\"Organisator\" \/>\n<meta property=\"article:publisher\" content=\"https:\/\/www.facebook.com\/OrganisatorFachmagazin\" \/>\n<meta property=\"article:published_time\" content=\"2020-10-02T07:03:28+00:00\" \/>\n<meta property=\"og:image\" content=\"https:\/\/www.organisator.ch\/wp-content\/uploads\/2020\/10\/In-welchen-Kantonen-der-Gruendergeist-besonders-gross-ist-1_Organisator.jpg\" \/>\n\t<meta property=\"og:image:width\" content=\"680\" \/>\n\t<meta property=\"og:image:height\" content=\"510\" \/>\n\t<meta property=\"og:image:type\" content=\"image\/jpeg\" \/>\n<meta name=\"author\" content=\"thomas.berner\" \/>\n<meta name=\"twitter:card\" content=\"summary_large_image\" \/>\n<meta name=\"twitter:title\" content=\"In welchen Kantonen der #Gr\u00fcndergeist besonders gross ist\" \/>\n<meta name=\"twitter:description\" content=\"In den ersten neun Monaten wurden so viele neue Firmen gegr\u00fcndet wie noch nie. Der #Gr\u00fcndergeist ist allerdings von Kanton zu Kanton unterschiedlich.\" \/>\n<meta name=\"twitter:image\" content=\"https:\/\/www.organisator.ch\/wp-content\/uploads\/2020\/10\/In-welchen-Kantonen-der-Gruendergeist-besonders-gross-ist-1_Organisator.jpg\" \/>\n<script type=\"application\/ld+json\" class=\"yoast-schema-graph\">{\"@context\":\"https:\\\/\\\/schema.org\",\"@graph\":[{\"@type\":\"Article\",\"@id\":\"https:\\\/\\\/www.organisator.ch\\\/management\\\/2020-10-02\\\/in-welchen-kantonen-der-gruendergeist-besonders-gross-ist\\\/#article\",\"isPartOf\":{\"@id\":\"https:\\\/\\\/www.organisator.ch\\\/management\\\/2020-10-02\\\/in-welchen-kantonen-der-gruendergeist-besonders-gross-ist\\\/\"},\"author\":{\"name\":\"thomas.berner\",\"@id\":\"https:\\\/\\\/www.organisator.ch\\\/#\\\/schema\\\/person\\\/6f650f90b2842cd4c0cc334b4e36f67e\"},\"headline\":\"In welchen Kantonen der Gr\u00fcndergeist besonders gross ist\",\"datePublished\":\"2020-10-02T07:03:28+00:00\",\"mainEntityOfPage\":{\"@id\":\"https:\\\/\\\/www.organisator.ch\\\/management\\\/2020-10-02\\\/in-welchen-kantonen-der-gruendergeist-besonders-gross-ist\\\/\"},\"wordCount\":588,\"publisher\":{\"@id\":\"https:\\\/\\\/www.organisator.ch\\\/#organization\"},\"image\":{\"@id\":\"https:\\\/\\\/www.organisator.ch\\\/management\\\/2020-10-02\\\/in-welchen-kantonen-der-gruendergeist-besonders-gross-ist\\\/#primaryimage\"},\"thumbnailUrl\":\"https:\\\/\\\/www.organisator.ch\\\/wp-content\\\/uploads\\\/2020\\\/10\\\/In-welchen-Kantonen-der-Gruendergeist-besonders-gross-ist-1_Organisator.jpg\",\"keywords\":[\"Management und Unternehmensf\u00fchrung\",\"Startups\",\"Statistik\",\"Unternehmen\"],\"articleSection\":[\"MANAGEMENT\"],\"inLanguage\":\"de\"},{\"@type\":\"WebPage\",\"@id\":\"https:\\\/\\\/www.organisator.ch\\\/management\\\/2020-10-02\\\/in-welchen-kantonen-der-gruendergeist-besonders-gross-ist\\\/\",\"url\":\"https:\\\/\\\/www.organisator.ch\\\/management\\\/2020-10-02\\\/in-welchen-kantonen-der-gruendergeist-besonders-gross-ist\\\/\",\"name\":\"In welchen Kantonen der Gr\u00fcndergeist besonders gross ist - Organisator\",\"isPartOf\":{\"@id\":\"https:\\\/\\\/www.organisator.ch\\\/#website\"},\"primaryImageOfPage\":{\"@id\":\"https:\\\/\\\/www.organisator.ch\\\/management\\\/2020-10-02\\\/in-welchen-kantonen-der-gruendergeist-besonders-gross-ist\\\/#primaryimage\"},\"image\":{\"@id\":\"https:\\\/\\\/www.organisator.ch\\\/management\\\/2020-10-02\\\/in-welchen-kantonen-der-gruendergeist-besonders-gross-ist\\\/#primaryimage\"},\"thumbnailUrl\":\"https:\\\/\\\/www.organisator.ch\\\/wp-content\\\/uploads\\\/2020\\\/10\\\/In-welchen-Kantonen-der-Gruendergeist-besonders-gross-ist-1_Organisator.jpg\",\"datePublished\":\"2020-10-02T07:03:28+00:00\",\"description\":\"In den ersten neun Monaten wurden so viele neue Firmen gegr\u00fcndet wie noch nie. Der Gr\u00fcndergeist ist allerdings von Kanton zu Kanton unterschiedlich.\",\"breadcrumb\":{\"@id\":\"https:\\\/\\\/www.organisator.ch\\\/management\\\/2020-10-02\\\/in-welchen-kantonen-der-gruendergeist-besonders-gross-ist\\\/#breadcrumb\"},\"inLanguage\":\"de\",\"potentialAction\":[{\"@type\":\"ReadAction\",\"target\":[\"https:\\\/\\\/www.organisator.ch\\\/management\\\/2020-10-02\\\/in-welchen-kantonen-der-gruendergeist-besonders-gross-ist\\\/\"]}]},{\"@type\":\"ImageObject\",\"inLanguage\":\"de\",\"@id\":\"https:\\\/\\\/www.organisator.ch\\\/management\\\/2020-10-02\\\/in-welchen-kantonen-der-gruendergeist-besonders-gross-ist\\\/#primaryimage\",\"url\":\"https:\\\/\\\/www.organisator.ch\\\/wp-content\\\/uploads\\\/2020\\\/10\\\/In-welchen-Kantonen-der-Gruendergeist-besonders-gross-ist-1_Organisator.jpg\",\"contentUrl\":\"https:\\\/\\\/www.organisator.ch\\\/wp-content\\\/uploads\\\/2020\\\/10\\\/In-welchen-Kantonen-der-Gruendergeist-besonders-gross-ist-1_Organisator.jpg\",\"width\":680,\"height\":510,\"caption\":\"Viel Gr\u00fcndergeist in der Schweiz: Die Zahl neuer Firmen hat in den ersten 9 Monaten 2020 erneut zugenommen. (Bild: Pixabay.com)\"},{\"@type\":\"BreadcrumbList\",\"@id\":\"https:\\\/\\\/www.organisator.ch\\\/management\\\/2020-10-02\\\/in-welchen-kantonen-der-gruendergeist-besonders-gross-ist\\\/#breadcrumb\",\"itemListElement\":[{\"@type\":\"ListItem\",\"position\":1,\"name\":\"Home\",\"item\":\"https:\\\/\\\/www.organisator.ch\\\/\"},{\"@type\":\"ListItem\",\"position\":2,\"name\":\"In welchen Kantonen der Gr\u00fcndergeist besonders gross ist\"}]},{\"@type\":\"WebSite\",\"@id\":\"https:\\\/\\\/www.organisator.ch\\\/#website\",\"url\":\"https:\\\/\\\/www.organisator.ch\\\/\",\"name\":\"Organisator\",\"description\":\"Kompetent. Praxisnah. Der ORGANISATOR bereitet in 10 Ausgaben pro Jahr die wesentlichen Themen f\u00fcr F\u00fchrungskr\u00e4fte von KMU auf.\",\"publisher\":{\"@id\":\"https:\\\/\\\/www.organisator.ch\\\/#organization\"},\"potentialAction\":[{\"@type\":\"SearchAction\",\"target\":{\"@type\":\"EntryPoint\",\"urlTemplate\":\"https:\\\/\\\/www.organisator.ch\\\/?s={search_term_string}\"},\"query-input\":{\"@type\":\"PropertyValueSpecification\",\"valueRequired\":true,\"valueName\":\"search_term_string\"}}],\"inLanguage\":\"de\"},{\"@type\":\"Organization\",\"@id\":\"https:\\\/\\\/www.organisator.ch\\\/#organization\",\"name\":\"Organisator\",\"url\":\"https:\\\/\\\/www.organisator.ch\\\/\",\"logo\":{\"@type\":\"ImageObject\",\"inLanguage\":\"de\",\"@id\":\"https:\\\/\\\/www.organisator.ch\\\/#\\\/schema\\\/logo\\\/image\\\/\",\"url\":\"https:\\\/\\\/www.organisator.ch\\\/wp-content\\\/uploads\\\/2022\\\/01\\\/Logo_Organisator_Website.png\",\"contentUrl\":\"https:\\\/\\\/www.organisator.ch\\\/wp-content\\\/uploads\\\/2022\\\/01\\\/Logo_Organisator_Website.png\",\"width\":800,\"height\":77,\"caption\":\"Organisator\"},\"image\":{\"@id\":\"https:\\\/\\\/www.organisator.ch\\\/#\\\/schema\\\/logo\\\/image\\\/\"},\"sameAs\":[\"https:\\\/\\\/www.facebook.com\\\/OrganisatorFachmagazin\",\"https:\\\/\\\/www.linkedin.com\\\/showcase\\\/organisator-das-magazin-fr-kmu\",\"https:\\\/\\\/www.xing.com\\\/news\\\/pages\\\/organisator-ch-695\",\"https:\\\/\\\/www.youtube.com\\\/channel\\\/UCGP2Sq0iWaZwT3BdIAQFYpw\"]},{\"@type\":\"Person\",\"@id\":\"https:\\\/\\\/www.organisator.ch\\\/#\\\/schema\\\/person\\\/6f650f90b2842cd4c0cc334b4e36f67e\",\"name\":\"thomas.berner\",\"image\":{\"@type\":\"ImageObject\",\"inLanguage\":\"de\",\"@id\":\"https:\\\/\\\/secure.gravatar.com\\\/avatar\\\/ac5001d2a36cb6c6cd3e50789007ffca834b477b74a2144564522e944eabff61?s=96&d=mm&r=g\",\"url\":\"https:\\\/\\\/secure.gravatar.com\\\/avatar\\\/ac5001d2a36cb6c6cd3e50789007ffca834b477b74a2144564522e944eabff61?s=96&d=mm&r=g\",\"contentUrl\":\"https:\\\/\\\/secure.gravatar.com\\\/avatar\\\/ac5001d2a36cb6c6cd3e50789007ffca834b477b74a2144564522e944eabff61?s=96&d=mm&r=g\",\"caption\":\"thomas.berner\"},\"url\":\"https:\\\/\\\/www.organisator.ch\\\/de\\\/author\\\/thomas-berner\\\/\"}]}<\/script>\n<!-- \/ Yoast SEO plugin. -->","yoast_head_json":{"title":"In welchen Kantonen der Gr\u00fcndergeist besonders gross ist - Organisator","description":"In den ersten neun Monaten wurden so viele neue Firmen gegr\u00fcndet wie noch nie. Der Gr\u00fcndergeist ist allerdings von Kanton zu Kanton unterschiedlich.","robots":{"index":"index","follow":"follow","max-snippet":"max-snippet:-1","max-image-preview":"max-image-preview:large","max-video-preview":"max-video-preview:-1"},"canonical":"https:\/\/www.organisator.ch\/de\/management\/2020-10-02\/in-welchen-kantonen-der-gruendergeist-besonders-gross-ist\/","og_locale":"de_DE","og_type":"article","og_title":"In welchen Kantonen der Gr\u00fcndergeist besonders gross ist","og_description":"In den ersten neun Monaten wurden so viele neue Firmen gegr\u00fcndet wie noch nie. Der Gr\u00fcndergeist ist allerdings von Kanton zu Kanton unterschiedlich.","og_url":"https:\/\/www.organisator.ch\/de\/management\/2020-10-02\/in-welchen-kantonen-der-gruendergeist-besonders-gross-ist\/","og_site_name":"Organisator","article_publisher":"https:\/\/www.facebook.com\/OrganisatorFachmagazin","article_published_time":"2020-10-02T07:03:28+00:00","og_image":[{"width":680,"height":510,"url":"https:\/\/www.organisator.ch\/wp-content\/uploads\/2020\/10\/In-welchen-Kantonen-der-Gruendergeist-besonders-gross-ist-1_Organisator.jpg","type":"image\/jpeg"}],"author":"thomas.berner","twitter_card":"summary_large_image","twitter_title":"In welchen Kantonen der #Gr\u00fcndergeist besonders gross ist","twitter_description":"In den ersten neun Monaten wurden so viele neue Firmen gegr\u00fcndet wie noch nie. Der #Gr\u00fcndergeist ist allerdings von Kanton zu Kanton unterschiedlich.","twitter_image":"https:\/\/www.organisator.ch\/wp-content\/uploads\/2020\/10\/In-welchen-Kantonen-der-Gruendergeist-besonders-gross-ist-1_Organisator.jpg","schema":{"@context":"https:\/\/schema.org","@graph":[{"@type":"Article","@id":"https:\/\/www.organisator.ch\/management\/2020-10-02\/in-welchen-kantonen-der-gruendergeist-besonders-gross-ist\/#article","isPartOf":{"@id":"https:\/\/www.organisator.ch\/management\/2020-10-02\/in-welchen-kantonen-der-gruendergeist-besonders-gross-ist\/"},"author":{"name":"thomas.berner","@id":"https:\/\/www.organisator.ch\/#\/schema\/person\/6f650f90b2842cd4c0cc334b4e36f67e"},"headline":"In welchen Kantonen der Gr\u00fcndergeist besonders gross ist","datePublished":"2020-10-02T07:03:28+00:00","mainEntityOfPage":{"@id":"https:\/\/www.organisator.ch\/management\/2020-10-02\/in-welchen-kantonen-der-gruendergeist-besonders-gross-ist\/"},"wordCount":588,"publisher":{"@id":"https:\/\/www.organisator.ch\/#organization"},"image":{"@id":"https:\/\/www.organisator.ch\/management\/2020-10-02\/in-welchen-kantonen-der-gruendergeist-besonders-gross-ist\/#primaryimage"},"thumbnailUrl":"https:\/\/www.organisator.ch\/wp-content\/uploads\/2020\/10\/In-welchen-Kantonen-der-Gruendergeist-besonders-gross-ist-1_Organisator.jpg","keywords":["Management und Unternehmensf\u00fchrung","Startups","Statistik","Unternehmen"],"articleSection":["MANAGEMENT"],"inLanguage":"de"},{"@type":"WebPage","@id":"https:\/\/www.organisator.ch\/management\/2020-10-02\/in-welchen-kantonen-der-gruendergeist-besonders-gross-ist\/","url":"https:\/\/www.organisator.ch\/management\/2020-10-02\/in-welchen-kantonen-der-gruendergeist-besonders-gross-ist\/","name":"In welchen Kantonen der Gr\u00fcndergeist besonders gross ist - Organisator","isPartOf":{"@id":"https:\/\/www.organisator.ch\/#website"},"primaryImageOfPage":{"@id":"https:\/\/www.organisator.ch\/management\/2020-10-02\/in-welchen-kantonen-der-gruendergeist-besonders-gross-ist\/#primaryimage"},"image":{"@id":"https:\/\/www.organisator.ch\/management\/2020-10-02\/in-welchen-kantonen-der-gruendergeist-besonders-gross-ist\/#primaryimage"},"thumbnailUrl":"https:\/\/www.organisator.ch\/wp-content\/uploads\/2020\/10\/In-welchen-Kantonen-der-Gruendergeist-besonders-gross-ist-1_Organisator.jpg","datePublished":"2020-10-02T07:03:28+00:00","description":"In den ersten neun Monaten wurden so viele neue Firmen gegr\u00fcndet wie noch nie. Der Gr\u00fcndergeist ist allerdings von Kanton zu Kanton unterschiedlich.","breadcrumb":{"@id":"https:\/\/www.organisator.ch\/management\/2020-10-02\/in-welchen-kantonen-der-gruendergeist-besonders-gross-ist\/#breadcrumb"},"inLanguage":"de","potentialAction":[{"@type":"ReadAction","target":["https:\/\/www.organisator.ch\/management\/2020-10-02\/in-welchen-kantonen-der-gruendergeist-besonders-gross-ist\/"]}]},{"@type":"ImageObject","inLanguage":"de","@id":"https:\/\/www.organisator.ch\/management\/2020-10-02\/in-welchen-kantonen-der-gruendergeist-besonders-gross-ist\/#primaryimage","url":"https:\/\/www.organisator.ch\/wp-content\/uploads\/2020\/10\/In-welchen-Kantonen-der-Gruendergeist-besonders-gross-ist-1_Organisator.jpg","contentUrl":"https:\/\/www.organisator.ch\/wp-content\/uploads\/2020\/10\/In-welchen-Kantonen-der-Gruendergeist-besonders-gross-ist-1_Organisator.jpg","width":680,"height":510,"caption":"Viel Gr\u00fcndergeist in der Schweiz: Die Zahl neuer Firmen hat in den ersten 9 Monaten 2020 erneut zugenommen. (Bild: Pixabay.com)"},{"@type":"BreadcrumbList","@id":"https:\/\/www.organisator.ch\/management\/2020-10-02\/in-welchen-kantonen-der-gruendergeist-besonders-gross-ist\/#breadcrumb","itemListElement":[{"@type":"ListItem","position":1,"name":"Home","item":"https:\/\/www.organisator.ch\/"},{"@type":"ListItem","position":2,"name":"In welchen Kantonen der Gr\u00fcndergeist besonders gross ist"}]},{"@type":"WebSite","@id":"https:\/\/www.organisator.ch\/#website","url":"https:\/\/www.organisator.ch\/","name":"Organisator","description":"Kompetent. Praxisnah. Der ORGANISATOR bereitet in 10 Ausgaben pro Jahr die wesentlichen Themen f\u00fcr F\u00fchrungskr\u00e4fte von KMU auf.","publisher":{"@id":"https:\/\/www.organisator.ch\/#organization"},"potentialAction":[{"@type":"SearchAction","target":{"@type":"EntryPoint","urlTemplate":"https:\/\/www.organisator.ch\/?s={search_term_string}"},"query-input":{"@type":"PropertyValueSpecification","valueRequired":true,"valueName":"search_term_string"}}],"inLanguage":"de"},{"@type":"Organization","@id":"https:\/\/www.organisator.ch\/#organization","name":"Organisator","url":"https:\/\/www.organisator.ch\/","logo":{"@type":"ImageObject","inLanguage":"de","@id":"https:\/\/www.organisator.ch\/#\/schema\/logo\/image\/","url":"https:\/\/www.organisator.ch\/wp-content\/uploads\/2022\/01\/Logo_Organisator_Website.png","contentUrl":"https:\/\/www.organisator.ch\/wp-content\/uploads\/2022\/01\/Logo_Organisator_Website.png","width":800,"height":77,"caption":"Organisator"},"image":{"@id":"https:\/\/www.organisator.ch\/#\/schema\/logo\/image\/"},"sameAs":["https:\/\/www.facebook.com\/OrganisatorFachmagazin","https:\/\/www.linkedin.com\/showcase\/organisator-das-magazin-fr-kmu","https:\/\/www.xing.com\/news\/pages\/organisator-ch-695","https:\/\/www.youtube.com\/channel\/UCGP2Sq0iWaZwT3BdIAQFYpw"]},{"@type":"Person","@id":"https:\/\/www.organisator.ch\/#\/schema\/person\/6f650f90b2842cd4c0cc334b4e36f67e","name":"thomas.berner","image":{"@type":"ImageObject","inLanguage":"de","@id":"https:\/\/secure.gravatar.com\/avatar\/ac5001d2a36cb6c6cd3e50789007ffca834b477b74a2144564522e944eabff61?s=96&d=mm&r=g","url":"https:\/\/secure.gravatar.com\/avatar\/ac5001d2a36cb6c6cd3e50789007ffca834b477b74a2144564522e944eabff61?s=96&d=mm&r=g","contentUrl":"https:\/\/secure.gravatar.com\/avatar\/ac5001d2a36cb6c6cd3e50789007ffca834b477b74a2144564522e944eabff61?s=96&d=mm&r=g","caption":"thomas.berner"},"url":"https:\/\/www.organisator.ch\/de\/author\/thomas-berner\/"}]}},"_links":{"self":[{"href":"https:\/\/www.organisator.ch\/de\/wp-json\/wp\/v2\/posts\/7183","targetHints":{"allow":["GET"]}}],"collection":[{"href":"https:\/\/www.organisator.ch\/de\/wp-json\/wp\/v2\/posts"}],"about":[{"href":"https:\/\/www.organisator.ch\/de\/wp-json\/wp\/v2\/types\/post"}],"author":[{"embeddable":true,"href":"https:\/\/www.organisator.ch\/de\/wp-json\/wp\/v2\/users\/4"}],"replies":[{"embeddable":true,"href":"https:\/\/www.organisator.ch\/de\/wp-json\/wp\/v2\/comments?post=7183"}],"version-history":[{"count":0,"href":"https:\/\/www.organisator.ch\/de\/wp-json\/wp\/v2\/posts\/7183\/revisions"}],"wp:featuredmedia":[{"embeddable":true,"href":"https:\/\/www.organisator.ch\/de\/wp-json\/wp\/v2\/media\/7185"}],"wp:attachment":[{"href":"https:\/\/www.organisator.ch\/de\/wp-json\/wp\/v2\/media?parent=7183"}],"wp:term":[{"taxonomy":"category","embeddable":true,"href":"https:\/\/www.organisator.ch\/de\/wp-json\/wp\/v2\/categories?post=7183"},{"taxonomy":"post_tag","embeddable":true,"href":"https:\/\/www.organisator.ch\/de\/wp-json\/wp\/v2\/tags?post=7183"}],"curies":[{"name":"wp","href":"https:\/\/api.w.org\/{rel}","templated":true}]}}