{"id":7189,"date":"2020-10-02T09:23:25","date_gmt":"2020-10-02T07:23:25","guid":{"rendered":"https:\/\/www.organisator.ch\/?p=7189"},"modified":"2020-10-02T09:23:25","modified_gmt":"2020-10-02T07:23:25","slug":"kraefte-buendeln-fuer-digitale-schweiz-ictswitzerland-und-digitalswitzerland-fusionieren","status":"publish","type":"post","link":"https:\/\/www.organisator.ch\/de\/management\/it\/2020-10-02\/kraefte-buendeln-fuer-digitale-schweiz-ictswitzerland-und-digitalswitzerland-fusionieren\/","title":{"rendered":"Kr\u00e4fte b\u00fcndeln f\u00fcr digitale Schweiz: ICTswitzerland und digitalswitzerland fusionieren"},"content":{"rendered":"<figure id=\"attachment_7190\" aria-describedby=\"caption-attachment-7190\" style=\"width: 680px\" class=\"wp-caption alignnone\"><img loading=\"lazy\" decoding=\"async\" class=\"size-medium wp-image-7190\" src=\"https:\/\/www.organisator.ch\/wp-content\/uploads\/2020\/10\/Kraefte-buendeln-fuer-digitale-Schweiz-ICTswitzerland-und-digitalswitzerland-fusionieren_Organisator.jpg\" alt=\"\" width=\"680\" height=\"405\" srcset=\"https:\/\/www.organisator.ch\/wp-content\/uploads\/2020\/10\/Kraefte-buendeln-fuer-digitale-Schweiz-ICTswitzerland-und-digitalswitzerland-fusionieren_Organisator.jpg 680w, https:\/\/www.organisator.ch\/wp-content\/uploads\/2020\/10\/Kraefte-buendeln-fuer-digitale-Schweiz-ICTswitzerland-und-digitalswitzerland-fusionieren_Organisator-16x10.jpg 16w, https:\/\/www.organisator.ch\/wp-content\/uploads\/2020\/10\/Kraefte-buendeln-fuer-digitale-Schweiz-ICTswitzerland-und-digitalswitzerland-fusionieren_Organisator-294x175.jpg 294w, https:\/\/www.organisator.ch\/wp-content\/uploads\/2020\/10\/Kraefte-buendeln-fuer-digitale-Schweiz-ICTswitzerland-und-digitalswitzerland-fusionieren_Organisator-588x350.jpg 588w, https:\/\/www.organisator.ch\/wp-content\/uploads\/2020\/10\/Kraefte-buendeln-fuer-digitale-Schweiz-ICTswitzerland-und-digitalswitzerland-fusionieren_Organisator-300x179.jpg 300w\" sizes=\"auto, (max-width: 680px) 100vw, 680px\" \/><figcaption id=\"caption-attachment-7190\" class=\"wp-caption-text\">Gemeinsam f\u00fcr eine digitale Schweiz: ICTswitzerland und digitalswitzerland b\u00fcndeln ihre Kr\u00e4fte. (Bild: Pixabay.com)<\/figcaption><\/figure>\n<p>Nachdem im Juli die Absichtserkl\u00e4rung des Dachverbands ICTswitzerland und der Standortinitiative digitalswitzerland zur Fusion unterzeichnet wurde, best\u00e4tigten nun auch die Mitglieder beider Organisationen das Fusionsvorhaben an den jeweiligen Vereinsversammlungen. Als Standortinitiative setzte sich digitalswitzerland bisher daf\u00fcr ein, die Schweiz zum f\u00fchrenden internationalen digitalen Innovationshub zu etablieren. ICTswitzerland vertrat ausgew\u00e4hlte und \u00fcbergreifende Themen der Digitalisierung gegen\u00fcber Gesellschaft, Politik und Wirtschaft und legte einen speziellen Fokus auf Cybersecurity sowie auf die Aus- und Weiterbildung von ICT-Fachkr\u00e4ften.<\/p>\n<h2>Gemeinsamer Einsatz f\u00fcr digitale Schweiz<\/h2>\n<p>Mit der Fusion werden die beiden Stossrichtungen geb\u00fcndelt und die beiden Organisationen schliessen sich unter dem Namen digitalswitzerland zur relevantesten Dachorganisation der digitalen Schweiz mit neu 220 Mitgliedern zusammen. Durch die Fusion wird eine ganzheitliche Vernetzung im digitalen \u00d6kosystem aller Branchen und der \u00f6ffentlichen Verwaltung m\u00f6glich. Damit wird die Positionierung der Schweiz als Digital- und Innovationsstandort im In- und Ausland gest\u00e4rkt. Pr\u00e4sident von digitalswitzerland bleibt Ivo Furrer, Vizepr\u00e4sident wird der bisherige ICTswitzerland-Pr\u00e4sident, Nationalrat Marcel Dobler.<\/p>\n<h2>Digitale F\u00f6rderung an allen Fronten<\/h2>\n<p>Die Dachorganisation will ausgesuchte F\u00e4higkeiten und Themen vertiefen, mit welchen die Schweiz glaubw\u00fcrdig als f\u00fchrender digitaler Forschungs- und Innovationsstandort positioniert und gest\u00e4rkt werden kann. Im Fokus steht unter anderem die Entwicklung und Umsetzung von Massnahmen zur Steigerung der Ausbildungszahlen von MINT-Fachkr\u00e4ften auf allen Stufen des Bildungssystems, mit dem Ziel der Deckung des Fachkr\u00e4ftebedarfs. Auch der Ausbau des digitalen \u00d6kosystems soll durch sektor\u00fcbergreifende Zusammenarbeit vorangebracht werden, um kontinuierlich Innovation zu erm\u00f6glichen. Zudem engagiert man sich verst\u00e4rkt f\u00fcr die Erh\u00f6hung der Cyberresilienz von Staat, Wirtschaft und Gesellschaft und f\u00fcr die Einhaltung ethischer Standards in der digitalen Welt. Der \u00f6ffentliche Dialog mit der Schweizer Bev\u00f6lkerung soll dank der landesweit stattfindenden Schweizer Digitaltage intensiviert werden. Auch das Startup-\u00d6kosystem wird weiterhin gef\u00f6rdert, damit Jungunternehmer hinsichtlich Wachstum und Skalierung optimale Unterst\u00fctzung erfahren. Auf dem politischen Parkett wird man sich f\u00fcr die digitalen Themen und Anliegen der digitalswitzerland-Mitglieder stark machen. Ein erstes gemeinsames Engagement ist die rasche Einf\u00fchrung der staatlich anerkannten und gepr\u00fcften e-ID.<\/p>\n<h2>Drei Gesch\u00e4ftsstellen<\/h2>\n<p>Die Fusion wurde per 1. Oktober beschlossen und soll bis Ende 2020 vollzogen sein. Die Dachorganisation wird k\u00fcnftig drei Gesch\u00e4ftsstellen an den Standorten Lausanne, Bern und Z\u00fcrich haben. Nicolas B\u00fcrer \u00fcbernimmt die Gesamtverantwortung f\u00fcr digitalswitzerland. Andreas W. Kaelin ist stellvertretender Gesch\u00e4ftsf\u00fchrer und Standortleiter Bern. Er ist f\u00fcr die politische Interessenvertretung sowie f\u00fcr die Dossiers Cybersecurity und ICT Berufsbildung zust\u00e4ndig. S\u00e9bastien Kulling wird als stellvertretender Gesch\u00e4ftsf\u00fchrer weiterhin den Standort Lausanne leiten. Er ist zust\u00e4ndig f\u00fcr alle Aktivit\u00e4ten und Mitglieder in der Suisse Romande.<\/p>\n<p><em>Quelle: <a href=\"http:\/\/www.ictswitzerland.ch\/\">www.ictswitzerland.ch<\/a> und <a style=\"font-style: inherit; font-weight: inherit;\" href=\"http:\/\/www.digitalswitzerland.com\/\">www.digitalswitzerland.com<\/a><\/em><\/p>\n","protected":false},"excerpt":{"rendered":"<p>Nachdem im Juli die Absichtserkl\u00e4rung des Dachverbands ICTswitzerland und der Standortinitiative digitalswitzerland zur Fusion unterzeichnet wurde, best\u00e4tigten nun auch die Mitglieder beider Organisationen das Fusionsvorhaben an den jeweiligen Vereinsversammlungen. Als Standortinitiative setzte sich digitalswitzerland bisher daf\u00fcr ein, die Schweiz zum f\u00fchrenden internationalen digitalen Innovationshub zu etablieren. ICTswitzerland vertrat ausgew\u00e4hlte und \u00fcbergreifende Themen der Digitalisierung gegen\u00fcber [&hellip;]<\/p>\n","protected":false},"author":4,"featured_media":7190,"comment_status":"closed","ping_status":"closed","sticky":false,"template":"","format":"standard","meta":{"_acf_changed":false,"_yoast_wpseo_focuskw":"digitale Schweiz","_yoast_wpseo_metadesc":"Die Mitgliederversammlungen von digitalswitzerland und ICTswitzerland haben die Fusion beschlossen und b\u00fcndeln ihre Kr\u00e4fte f\u00fcr eine digitale Schweiz.","articlekey":"","footnotes":""},"categories":[27],"tags":[286,503,531],"class_list":["post-7189","post","type-post","status-publish","format-standard","has-post-thumbnail","hentry","category-it","tag-it","tag-verbaende","tag-wirtschaftspolitik"],"acf":[],"yoast_head":"<!-- This site is optimized with the Yoast SEO plugin v27.5 - https:\/\/yoast.com\/product\/yoast-seo-wordpress\/ -->\n<title>Kr\u00e4fte b\u00fcndeln f\u00fcr digitale Schweiz: ICTswitzerland und digitalswitzerland fusionieren - Organisator<\/title>\n<meta name=\"description\" content=\"Die Mitgliederversammlungen von digitalswitzerland und ICTswitzerland haben die Fusion beschlossen und b\u00fcndeln ihre Kr\u00e4fte f\u00fcr eine digitale Schweiz.\" \/>\n<meta name=\"robots\" content=\"index, follow, max-snippet:-1, max-image-preview:large, max-video-preview:-1\" \/>\n<link rel=\"canonical\" href=\"https:\/\/www.organisator.ch\/de\/management\/it\/2020-10-02\/kraefte-buendeln-fuer-digitale-schweiz-ictswitzerland-und-digitalswitzerland-fusionieren\/\" \/>\n<meta property=\"og:locale\" content=\"de_DE\" \/>\n<meta property=\"og:type\" content=\"article\" \/>\n<meta property=\"og:title\" content=\"Kr\u00e4fte b\u00fcndeln f\u00fcr digitale Schweiz: ICTswitzerland und digitalswitzerland fusionieren\" \/>\n<meta property=\"og:description\" content=\"Die Mitgliederversammlungen von digitalswitzerland und ICTswitzerland haben die Fusion beschlossen und b\u00fcndeln ihre Kr\u00e4fte f\u00fcr eine digitale Schweiz.\" \/>\n<meta property=\"og:url\" content=\"https:\/\/www.organisator.ch\/de\/management\/it\/2020-10-02\/kraefte-buendeln-fuer-digitale-schweiz-ictswitzerland-und-digitalswitzerland-fusionieren\/\" \/>\n<meta property=\"og:site_name\" content=\"Organisator\" \/>\n<meta property=\"article:publisher\" content=\"https:\/\/www.facebook.com\/OrganisatorFachmagazin\" \/>\n<meta property=\"article:published_time\" content=\"2020-10-02T07:23:25+00:00\" \/>\n<meta property=\"og:image\" content=\"https:\/\/www.organisator.ch\/wp-content\/uploads\/2020\/10\/Kraefte-buendeln-fuer-digitale-Schweiz-ICTswitzerland-und-digitalswitzerland-fusionieren_Organisator.jpg\" \/>\n\t<meta property=\"og:image:width\" content=\"680\" \/>\n\t<meta property=\"og:image:height\" content=\"405\" \/>\n\t<meta property=\"og:image:type\" content=\"image\/jpeg\" \/>\n<meta name=\"author\" content=\"thomas.berner\" \/>\n<meta name=\"twitter:card\" content=\"summary_large_image\" \/>\n<meta name=\"twitter:title\" content=\"Kr\u00e4fte b\u00fcndeln f\u00fcr digitale Schweiz: #ICTswitzerland und #digitalswitzerland fusionieren\" \/>\n<meta name=\"twitter:description\" content=\"Die Mitgliederversammlungen von #digitalswitzerland und #ICTswitzerland haben die Fusion beschlossen und b\u00fcndeln ihre Kr\u00e4fte f\u00fcr eine digitale Schweiz.\" \/>\n<meta name=\"twitter:image\" content=\"https:\/\/www.organisator.ch\/wp-content\/uploads\/2020\/10\/Kraefte-buendeln-fuer-digitale-Schweiz-ICTswitzerland-und-digitalswitzerland-fusionieren_Organisator.jpg\" \/>\n<script type=\"application\/ld+json\" class=\"yoast-schema-graph\">{\"@context\":\"https:\\\/\\\/schema.org\",\"@graph\":[{\"@type\":\"Article\",\"@id\":\"https:\\\/\\\/www.organisator.ch\\\/management\\\/it\\\/2020-10-02\\\/kraefte-buendeln-fuer-digitale-schweiz-ictswitzerland-und-digitalswitzerland-fusionieren\\\/#article\",\"isPartOf\":{\"@id\":\"https:\\\/\\\/www.organisator.ch\\\/management\\\/it\\\/2020-10-02\\\/kraefte-buendeln-fuer-digitale-schweiz-ictswitzerland-und-digitalswitzerland-fusionieren\\\/\"},\"author\":{\"name\":\"thomas.berner\",\"@id\":\"https:\\\/\\\/www.organisator.ch\\\/#\\\/schema\\\/person\\\/6f650f90b2842cd4c0cc334b4e36f67e\"},\"headline\":\"Kr\u00e4fte b\u00fcndeln f\u00fcr digitale Schweiz: ICTswitzerland und digitalswitzerland fusionieren\",\"datePublished\":\"2020-10-02T07:23:25+00:00\",\"mainEntityOfPage\":{\"@id\":\"https:\\\/\\\/www.organisator.ch\\\/management\\\/it\\\/2020-10-02\\\/kraefte-buendeln-fuer-digitale-schweiz-ictswitzerland-und-digitalswitzerland-fusionieren\\\/\"},\"wordCount\":492,\"publisher\":{\"@id\":\"https:\\\/\\\/www.organisator.ch\\\/#organization\"},\"image\":{\"@id\":\"https:\\\/\\\/www.organisator.ch\\\/management\\\/it\\\/2020-10-02\\\/kraefte-buendeln-fuer-digitale-schweiz-ictswitzerland-und-digitalswitzerland-fusionieren\\\/#primaryimage\"},\"thumbnailUrl\":\"https:\\\/\\\/www.organisator.ch\\\/wp-content\\\/uploads\\\/2020\\\/10\\\/Kraefte-buendeln-fuer-digitale-Schweiz-ICTswitzerland-und-digitalswitzerland-fusionieren_Organisator.jpg\",\"keywords\":[\"IT\",\"Verb\u00e4nde\",\"Wirtschaftspolitik\"],\"articleSection\":[\"IT\"],\"inLanguage\":\"de\"},{\"@type\":\"WebPage\",\"@id\":\"https:\\\/\\\/www.organisator.ch\\\/management\\\/it\\\/2020-10-02\\\/kraefte-buendeln-fuer-digitale-schweiz-ictswitzerland-und-digitalswitzerland-fusionieren\\\/\",\"url\":\"https:\\\/\\\/www.organisator.ch\\\/management\\\/it\\\/2020-10-02\\\/kraefte-buendeln-fuer-digitale-schweiz-ictswitzerland-und-digitalswitzerland-fusionieren\\\/\",\"name\":\"Kr\u00e4fte b\u00fcndeln f\u00fcr digitale Schweiz: ICTswitzerland und digitalswitzerland fusionieren - Organisator\",\"isPartOf\":{\"@id\":\"https:\\\/\\\/www.organisator.ch\\\/#website\"},\"primaryImageOfPage\":{\"@id\":\"https:\\\/\\\/www.organisator.ch\\\/management\\\/it\\\/2020-10-02\\\/kraefte-buendeln-fuer-digitale-schweiz-ictswitzerland-und-digitalswitzerland-fusionieren\\\/#primaryimage\"},\"image\":{\"@id\":\"https:\\\/\\\/www.organisator.ch\\\/management\\\/it\\\/2020-10-02\\\/kraefte-buendeln-fuer-digitale-schweiz-ictswitzerland-und-digitalswitzerland-fusionieren\\\/#primaryimage\"},\"thumbnailUrl\":\"https:\\\/\\\/www.organisator.ch\\\/wp-content\\\/uploads\\\/2020\\\/10\\\/Kraefte-buendeln-fuer-digitale-Schweiz-ICTswitzerland-und-digitalswitzerland-fusionieren_Organisator.jpg\",\"datePublished\":\"2020-10-02T07:23:25+00:00\",\"description\":\"Die Mitgliederversammlungen von digitalswitzerland und ICTswitzerland haben die Fusion beschlossen und b\u00fcndeln ihre Kr\u00e4fte f\u00fcr eine digitale Schweiz.\",\"breadcrumb\":{\"@id\":\"https:\\\/\\\/www.organisator.ch\\\/management\\\/it\\\/2020-10-02\\\/kraefte-buendeln-fuer-digitale-schweiz-ictswitzerland-und-digitalswitzerland-fusionieren\\\/#breadcrumb\"},\"inLanguage\":\"de\",\"potentialAction\":[{\"@type\":\"ReadAction\",\"target\":[\"https:\\\/\\\/www.organisator.ch\\\/management\\\/it\\\/2020-10-02\\\/kraefte-buendeln-fuer-digitale-schweiz-ictswitzerland-und-digitalswitzerland-fusionieren\\\/\"]}]},{\"@type\":\"ImageObject\",\"inLanguage\":\"de\",\"@id\":\"https:\\\/\\\/www.organisator.ch\\\/management\\\/it\\\/2020-10-02\\\/kraefte-buendeln-fuer-digitale-schweiz-ictswitzerland-und-digitalswitzerland-fusionieren\\\/#primaryimage\",\"url\":\"https:\\\/\\\/www.organisator.ch\\\/wp-content\\\/uploads\\\/2020\\\/10\\\/Kraefte-buendeln-fuer-digitale-Schweiz-ICTswitzerland-und-digitalswitzerland-fusionieren_Organisator.jpg\",\"contentUrl\":\"https:\\\/\\\/www.organisator.ch\\\/wp-content\\\/uploads\\\/2020\\\/10\\\/Kraefte-buendeln-fuer-digitale-Schweiz-ICTswitzerland-und-digitalswitzerland-fusionieren_Organisator.jpg\",\"width\":680,\"height\":405,\"caption\":\"Gemeinsam f\u00fcr eine digitale Schweiz: ICTswitzerland und digitalswitzerland b\u00fcndeln ihre Kr\u00e4fte. (Bild: Pixabay.com)\"},{\"@type\":\"BreadcrumbList\",\"@id\":\"https:\\\/\\\/www.organisator.ch\\\/management\\\/it\\\/2020-10-02\\\/kraefte-buendeln-fuer-digitale-schweiz-ictswitzerland-und-digitalswitzerland-fusionieren\\\/#breadcrumb\",\"itemListElement\":[{\"@type\":\"ListItem\",\"position\":1,\"name\":\"Home\",\"item\":\"https:\\\/\\\/www.organisator.ch\\\/\"},{\"@type\":\"ListItem\",\"position\":2,\"name\":\"Kr\u00e4fte b\u00fcndeln f\u00fcr digitale Schweiz: ICTswitzerland und digitalswitzerland fusionieren\"}]},{\"@type\":\"WebSite\",\"@id\":\"https:\\\/\\\/www.organisator.ch\\\/#website\",\"url\":\"https:\\\/\\\/www.organisator.ch\\\/\",\"name\":\"Organisator\",\"description\":\"Kompetent. Praxisnah. Der ORGANISATOR bereitet in 10 Ausgaben pro Jahr die wesentlichen Themen f\u00fcr F\u00fchrungskr\u00e4fte von KMU auf.\",\"publisher\":{\"@id\":\"https:\\\/\\\/www.organisator.ch\\\/#organization\"},\"potentialAction\":[{\"@type\":\"SearchAction\",\"target\":{\"@type\":\"EntryPoint\",\"urlTemplate\":\"https:\\\/\\\/www.organisator.ch\\\/?s={search_term_string}\"},\"query-input\":{\"@type\":\"PropertyValueSpecification\",\"valueRequired\":true,\"valueName\":\"search_term_string\"}}],\"inLanguage\":\"de\"},{\"@type\":\"Organization\",\"@id\":\"https:\\\/\\\/www.organisator.ch\\\/#organization\",\"name\":\"Organisator\",\"url\":\"https:\\\/\\\/www.organisator.ch\\\/\",\"logo\":{\"@type\":\"ImageObject\",\"inLanguage\":\"de\",\"@id\":\"https:\\\/\\\/www.organisator.ch\\\/#\\\/schema\\\/logo\\\/image\\\/\",\"url\":\"https:\\\/\\\/www.organisator.ch\\\/wp-content\\\/uploads\\\/2022\\\/01\\\/Logo_Organisator_Website.png\",\"contentUrl\":\"https:\\\/\\\/www.organisator.ch\\\/wp-content\\\/uploads\\\/2022\\\/01\\\/Logo_Organisator_Website.png\",\"width\":800,\"height\":77,\"caption\":\"Organisator\"},\"image\":{\"@id\":\"https:\\\/\\\/www.organisator.ch\\\/#\\\/schema\\\/logo\\\/image\\\/\"},\"sameAs\":[\"https:\\\/\\\/www.facebook.com\\\/OrganisatorFachmagazin\",\"https:\\\/\\\/www.linkedin.com\\\/showcase\\\/organisator-das-magazin-fr-kmu\",\"https:\\\/\\\/www.xing.com\\\/news\\\/pages\\\/organisator-ch-695\",\"https:\\\/\\\/www.youtube.com\\\/channel\\\/UCGP2Sq0iWaZwT3BdIAQFYpw\"]},{\"@type\":\"Person\",\"@id\":\"https:\\\/\\\/www.organisator.ch\\\/#\\\/schema\\\/person\\\/6f650f90b2842cd4c0cc334b4e36f67e\",\"name\":\"thomas.berner\",\"image\":{\"@type\":\"ImageObject\",\"inLanguage\":\"de\",\"@id\":\"https:\\\/\\\/secure.gravatar.com\\\/avatar\\\/ac5001d2a36cb6c6cd3e50789007ffca834b477b74a2144564522e944eabff61?s=96&d=mm&r=g\",\"url\":\"https:\\\/\\\/secure.gravatar.com\\\/avatar\\\/ac5001d2a36cb6c6cd3e50789007ffca834b477b74a2144564522e944eabff61?s=96&d=mm&r=g\",\"contentUrl\":\"https:\\\/\\\/secure.gravatar.com\\\/avatar\\\/ac5001d2a36cb6c6cd3e50789007ffca834b477b74a2144564522e944eabff61?s=96&d=mm&r=g\",\"caption\":\"thomas.berner\"},\"url\":\"https:\\\/\\\/www.organisator.ch\\\/de\\\/author\\\/thomas-berner\\\/\"}]}<\/script>\n<!-- \/ Yoast SEO plugin. -->","yoast_head_json":{"title":"Kr\u00e4fte b\u00fcndeln f\u00fcr digitale Schweiz: ICTswitzerland und digitalswitzerland fusionieren - Organisator","description":"Die Mitgliederversammlungen von digitalswitzerland und ICTswitzerland haben die Fusion beschlossen und b\u00fcndeln ihre Kr\u00e4fte f\u00fcr eine digitale Schweiz.","robots":{"index":"index","follow":"follow","max-snippet":"max-snippet:-1","max-image-preview":"max-image-preview:large","max-video-preview":"max-video-preview:-1"},"canonical":"https:\/\/www.organisator.ch\/de\/management\/it\/2020-10-02\/kraefte-buendeln-fuer-digitale-schweiz-ictswitzerland-und-digitalswitzerland-fusionieren\/","og_locale":"de_DE","og_type":"article","og_title":"Kr\u00e4fte b\u00fcndeln f\u00fcr digitale Schweiz: ICTswitzerland und digitalswitzerland fusionieren","og_description":"Die Mitgliederversammlungen von digitalswitzerland und ICTswitzerland haben die Fusion beschlossen und b\u00fcndeln ihre Kr\u00e4fte f\u00fcr eine digitale Schweiz.","og_url":"https:\/\/www.organisator.ch\/de\/management\/it\/2020-10-02\/kraefte-buendeln-fuer-digitale-schweiz-ictswitzerland-und-digitalswitzerland-fusionieren\/","og_site_name":"Organisator","article_publisher":"https:\/\/www.facebook.com\/OrganisatorFachmagazin","article_published_time":"2020-10-02T07:23:25+00:00","og_image":[{"width":680,"height":405,"url":"https:\/\/www.organisator.ch\/wp-content\/uploads\/2020\/10\/Kraefte-buendeln-fuer-digitale-Schweiz-ICTswitzerland-und-digitalswitzerland-fusionieren_Organisator.jpg","type":"image\/jpeg"}],"author":"thomas.berner","twitter_card":"summary_large_image","twitter_title":"Kr\u00e4fte b\u00fcndeln f\u00fcr digitale Schweiz: #ICTswitzerland und #digitalswitzerland fusionieren","twitter_description":"Die Mitgliederversammlungen von #digitalswitzerland und #ICTswitzerland haben die Fusion beschlossen und b\u00fcndeln ihre Kr\u00e4fte f\u00fcr eine digitale Schweiz.","twitter_image":"https:\/\/www.organisator.ch\/wp-content\/uploads\/2020\/10\/Kraefte-buendeln-fuer-digitale-Schweiz-ICTswitzerland-und-digitalswitzerland-fusionieren_Organisator.jpg","schema":{"@context":"https:\/\/schema.org","@graph":[{"@type":"Article","@id":"https:\/\/www.organisator.ch\/management\/it\/2020-10-02\/kraefte-buendeln-fuer-digitale-schweiz-ictswitzerland-und-digitalswitzerland-fusionieren\/#article","isPartOf":{"@id":"https:\/\/www.organisator.ch\/management\/it\/2020-10-02\/kraefte-buendeln-fuer-digitale-schweiz-ictswitzerland-und-digitalswitzerland-fusionieren\/"},"author":{"name":"thomas.berner","@id":"https:\/\/www.organisator.ch\/#\/schema\/person\/6f650f90b2842cd4c0cc334b4e36f67e"},"headline":"Kr\u00e4fte b\u00fcndeln f\u00fcr digitale Schweiz: ICTswitzerland und digitalswitzerland fusionieren","datePublished":"2020-10-02T07:23:25+00:00","mainEntityOfPage":{"@id":"https:\/\/www.organisator.ch\/management\/it\/2020-10-02\/kraefte-buendeln-fuer-digitale-schweiz-ictswitzerland-und-digitalswitzerland-fusionieren\/"},"wordCount":492,"publisher":{"@id":"https:\/\/www.organisator.ch\/#organization"},"image":{"@id":"https:\/\/www.organisator.ch\/management\/it\/2020-10-02\/kraefte-buendeln-fuer-digitale-schweiz-ictswitzerland-und-digitalswitzerland-fusionieren\/#primaryimage"},"thumbnailUrl":"https:\/\/www.organisator.ch\/wp-content\/uploads\/2020\/10\/Kraefte-buendeln-fuer-digitale-Schweiz-ICTswitzerland-und-digitalswitzerland-fusionieren_Organisator.jpg","keywords":["IT","Verb\u00e4nde","Wirtschaftspolitik"],"articleSection":["IT"],"inLanguage":"de"},{"@type":"WebPage","@id":"https:\/\/www.organisator.ch\/management\/it\/2020-10-02\/kraefte-buendeln-fuer-digitale-schweiz-ictswitzerland-und-digitalswitzerland-fusionieren\/","url":"https:\/\/www.organisator.ch\/management\/it\/2020-10-02\/kraefte-buendeln-fuer-digitale-schweiz-ictswitzerland-und-digitalswitzerland-fusionieren\/","name":"Kr\u00e4fte b\u00fcndeln f\u00fcr digitale Schweiz: ICTswitzerland und digitalswitzerland fusionieren - Organisator","isPartOf":{"@id":"https:\/\/www.organisator.ch\/#website"},"primaryImageOfPage":{"@id":"https:\/\/www.organisator.ch\/management\/it\/2020-10-02\/kraefte-buendeln-fuer-digitale-schweiz-ictswitzerland-und-digitalswitzerland-fusionieren\/#primaryimage"},"image":{"@id":"https:\/\/www.organisator.ch\/management\/it\/2020-10-02\/kraefte-buendeln-fuer-digitale-schweiz-ictswitzerland-und-digitalswitzerland-fusionieren\/#primaryimage"},"thumbnailUrl":"https:\/\/www.organisator.ch\/wp-content\/uploads\/2020\/10\/Kraefte-buendeln-fuer-digitale-Schweiz-ICTswitzerland-und-digitalswitzerland-fusionieren_Organisator.jpg","datePublished":"2020-10-02T07:23:25+00:00","description":"Die Mitgliederversammlungen von digitalswitzerland und ICTswitzerland haben die Fusion beschlossen und b\u00fcndeln ihre Kr\u00e4fte f\u00fcr eine digitale Schweiz.","breadcrumb":{"@id":"https:\/\/www.organisator.ch\/management\/it\/2020-10-02\/kraefte-buendeln-fuer-digitale-schweiz-ictswitzerland-und-digitalswitzerland-fusionieren\/#breadcrumb"},"inLanguage":"de","potentialAction":[{"@type":"ReadAction","target":["https:\/\/www.organisator.ch\/management\/it\/2020-10-02\/kraefte-buendeln-fuer-digitale-schweiz-ictswitzerland-und-digitalswitzerland-fusionieren\/"]}]},{"@type":"ImageObject","inLanguage":"de","@id":"https:\/\/www.organisator.ch\/management\/it\/2020-10-02\/kraefte-buendeln-fuer-digitale-schweiz-ictswitzerland-und-digitalswitzerland-fusionieren\/#primaryimage","url":"https:\/\/www.organisator.ch\/wp-content\/uploads\/2020\/10\/Kraefte-buendeln-fuer-digitale-Schweiz-ICTswitzerland-und-digitalswitzerland-fusionieren_Organisator.jpg","contentUrl":"https:\/\/www.organisator.ch\/wp-content\/uploads\/2020\/10\/Kraefte-buendeln-fuer-digitale-Schweiz-ICTswitzerland-und-digitalswitzerland-fusionieren_Organisator.jpg","width":680,"height":405,"caption":"Gemeinsam f\u00fcr eine digitale Schweiz: ICTswitzerland und digitalswitzerland b\u00fcndeln ihre Kr\u00e4fte. (Bild: Pixabay.com)"},{"@type":"BreadcrumbList","@id":"https:\/\/www.organisator.ch\/management\/it\/2020-10-02\/kraefte-buendeln-fuer-digitale-schweiz-ictswitzerland-und-digitalswitzerland-fusionieren\/#breadcrumb","itemListElement":[{"@type":"ListItem","position":1,"name":"Home","item":"https:\/\/www.organisator.ch\/"},{"@type":"ListItem","position":2,"name":"Kr\u00e4fte b\u00fcndeln f\u00fcr digitale Schweiz: ICTswitzerland und digitalswitzerland fusionieren"}]},{"@type":"WebSite","@id":"https:\/\/www.organisator.ch\/#website","url":"https:\/\/www.organisator.ch\/","name":"Organisator","description":"Kompetent. Praxisnah. Der ORGANISATOR bereitet in 10 Ausgaben pro Jahr die wesentlichen Themen f\u00fcr F\u00fchrungskr\u00e4fte von KMU auf.","publisher":{"@id":"https:\/\/www.organisator.ch\/#organization"},"potentialAction":[{"@type":"SearchAction","target":{"@type":"EntryPoint","urlTemplate":"https:\/\/www.organisator.ch\/?s={search_term_string}"},"query-input":{"@type":"PropertyValueSpecification","valueRequired":true,"valueName":"search_term_string"}}],"inLanguage":"de"},{"@type":"Organization","@id":"https:\/\/www.organisator.ch\/#organization","name":"Organisator","url":"https:\/\/www.organisator.ch\/","logo":{"@type":"ImageObject","inLanguage":"de","@id":"https:\/\/www.organisator.ch\/#\/schema\/logo\/image\/","url":"https:\/\/www.organisator.ch\/wp-content\/uploads\/2022\/01\/Logo_Organisator_Website.png","contentUrl":"https:\/\/www.organisator.ch\/wp-content\/uploads\/2022\/01\/Logo_Organisator_Website.png","width":800,"height":77,"caption":"Organisator"},"image":{"@id":"https:\/\/www.organisator.ch\/#\/schema\/logo\/image\/"},"sameAs":["https:\/\/www.facebook.com\/OrganisatorFachmagazin","https:\/\/www.linkedin.com\/showcase\/organisator-das-magazin-fr-kmu","https:\/\/www.xing.com\/news\/pages\/organisator-ch-695","https:\/\/www.youtube.com\/channel\/UCGP2Sq0iWaZwT3BdIAQFYpw"]},{"@type":"Person","@id":"https:\/\/www.organisator.ch\/#\/schema\/person\/6f650f90b2842cd4c0cc334b4e36f67e","name":"thomas.berner","image":{"@type":"ImageObject","inLanguage":"de","@id":"https:\/\/secure.gravatar.com\/avatar\/ac5001d2a36cb6c6cd3e50789007ffca834b477b74a2144564522e944eabff61?s=96&d=mm&r=g","url":"https:\/\/secure.gravatar.com\/avatar\/ac5001d2a36cb6c6cd3e50789007ffca834b477b74a2144564522e944eabff61?s=96&d=mm&r=g","contentUrl":"https:\/\/secure.gravatar.com\/avatar\/ac5001d2a36cb6c6cd3e50789007ffca834b477b74a2144564522e944eabff61?s=96&d=mm&r=g","caption":"thomas.berner"},"url":"https:\/\/www.organisator.ch\/de\/author\/thomas-berner\/"}]}},"_links":{"self":[{"href":"https:\/\/www.organisator.ch\/de\/wp-json\/wp\/v2\/posts\/7189","targetHints":{"allow":["GET"]}}],"collection":[{"href":"https:\/\/www.organisator.ch\/de\/wp-json\/wp\/v2\/posts"}],"about":[{"href":"https:\/\/www.organisator.ch\/de\/wp-json\/wp\/v2\/types\/post"}],"author":[{"embeddable":true,"href":"https:\/\/www.organisator.ch\/de\/wp-json\/wp\/v2\/users\/4"}],"replies":[{"embeddable":true,"href":"https:\/\/www.organisator.ch\/de\/wp-json\/wp\/v2\/comments?post=7189"}],"version-history":[{"count":0,"href":"https:\/\/www.organisator.ch\/de\/wp-json\/wp\/v2\/posts\/7189\/revisions"}],"wp:featuredmedia":[{"embeddable":true,"href":"https:\/\/www.organisator.ch\/de\/wp-json\/wp\/v2\/media\/7190"}],"wp:attachment":[{"href":"https:\/\/www.organisator.ch\/de\/wp-json\/wp\/v2\/media?parent=7189"}],"wp:term":[{"taxonomy":"category","embeddable":true,"href":"https:\/\/www.organisator.ch\/de\/wp-json\/wp\/v2\/categories?post=7189"},{"taxonomy":"post_tag","embeddable":true,"href":"https:\/\/www.organisator.ch\/de\/wp-json\/wp\/v2\/tags?post=7189"}],"curies":[{"name":"wp","href":"https:\/\/api.w.org\/{rel}","templated":true}]}}