{"id":7196,"date":"2020-10-07T08:22:52","date_gmt":"2020-10-07T06:22:52","guid":{"rendered":"https:\/\/www.organisator.ch\/?p=7196"},"modified":"2020-10-07T08:22:52","modified_gmt":"2020-10-07T06:22:52","slug":"wertschaetzend-fuehren-und-kommunizieren-in-krisensituationen-14-tipps","status":"publish","type":"post","link":"https:\/\/www.organisator.ch\/de\/management\/2020-10-07\/wertschaetzend-fuehren-und-kommunizieren-in-krisensituationen-14-tipps\/","title":{"rendered":"Wertsch\u00e4tzend f\u00fchren und kommunizieren in Krisensituationen: 14 Tipps"},"content":{"rendered":"<figure id=\"attachment_7197\" aria-describedby=\"caption-attachment-7197\" style=\"width: 680px\" class=\"wp-caption alignnone\"><img loading=\"lazy\" decoding=\"async\" class=\"size-medium wp-image-7197\" src=\"https:\/\/www.organisator.ch\/wp-content\/uploads\/2020\/10\/Wertschaetzend-fuehren-und-kommunizieren-in-Krisensituationen-14-Tipps_Organisator.jpg\" alt=\"\" width=\"680\" height=\"425\" srcset=\"https:\/\/www.organisator.ch\/wp-content\/uploads\/2020\/10\/Wertschaetzend-fuehren-und-kommunizieren-in-Krisensituationen-14-Tipps_Organisator.jpg 680w, https:\/\/www.organisator.ch\/wp-content\/uploads\/2020\/10\/Wertschaetzend-fuehren-und-kommunizieren-in-Krisensituationen-14-Tipps_Organisator-16x10.jpg 16w, https:\/\/www.organisator.ch\/wp-content\/uploads\/2020\/10\/Wertschaetzend-fuehren-und-kommunizieren-in-Krisensituationen-14-Tipps_Organisator-280x175.jpg 280w, https:\/\/www.organisator.ch\/wp-content\/uploads\/2020\/10\/Wertschaetzend-fuehren-und-kommunizieren-in-Krisensituationen-14-Tipps_Organisator-560x350.jpg 560w, https:\/\/www.organisator.ch\/wp-content\/uploads\/2020\/10\/Wertschaetzend-fuehren-und-kommunizieren-in-Krisensituationen-14-Tipps_Organisator-300x188.jpg 300w\" sizes=\"auto, (max-width: 680px) 100vw, 680px\" \/><figcaption id=\"caption-attachment-7197\" class=\"wp-caption-text\">Wertsch\u00e4tzend f\u00fchren und alle an einem Tisch: Das wird besonders dann wieder gerne vergessen, wenn es in der Firma nicht mehr so rund l\u00e4uft&#8230; (Bild: Pixabay.com)<\/figcaption><\/figure>\n<p>F\u00fchrungskr\u00e4fte sollten einen wertsch\u00e4tzenden, von wechselseitigem Respekt gepr\u00e4gten Umgang mit ihren Mitarbeitern pflegen. &#8222;Wertsch\u00e4tzend f\u00fchren&#8220; &#8211; das wird in F\u00fchrungsseminaren oft betont. Doch im Arbeitsalltag sp\u00fcren die Mitarbeiter hiervon h\u00e4ufig wenig. In ihm herrscht nicht selten ein eher rauer Umgangston: insbesondere dann, wenn es im Geb\u00e4lk des Unternehmens brennt \u2013 zum Beispiel, weil die Einnahmen wegbrechen \u2013 und die F\u00fchrungskr\u00e4fte selbst unter einem hohen Druck stehen. Dann werden oft sogar die banalsten Benimm-Regeln vergessen, die im menschlichen Miteinander eigentlich gelten.<\/p>\n<h2>Wertsch\u00e4tzend f\u00fchren: 14 Tipps<\/h2>\n<ol>\n<li>Reflektieren Sie, bevor Sie mit Mitarbeitern kommunizieren, deren Befindlichkeit. Speziell in Krisensituationen ist dies wichtig, denn diese verunsichern auch Ihre Mitarbeiter.<\/li>\n<li>Verfassen und versenden Sie nie spontan zum Beispiel aus einem Gef\u00fchl der Wut heraus eine Mail. Sie bereuen dies meist kurze Zeit sp\u00e4ter. Speichen Sie die Mail zun\u00e4chst im Entw\u00fcrfe-Ordner und lesen Sie diese mit etwas zeitlichen Abstand noch ein, zwei Mal gegen, bevor Sie auf den Versenden-Button dr\u00fccken.<\/li>\n<li>Reflektieren Sie, bevor Sie mit Mitarbeitern \u2013 ganz gleich \u00fcber welchen Kanal \u2013 kommunizieren, stets auch Ihre eigene Befindlichkeit. Wenn Sie sich nicht in der Lage f\u00fchlen, wertsch\u00e4tzend zu kommunizieren, vertagen Sie das Gespr\u00e4ch oder tun Sie zun\u00e4chst etwas, um Ihre Stimmung zu verbessern.<\/li>\n<li>Akzeptieren Sie, dass auch Sie ein Wesen aus Fleisch und Blut sind und oft nicht so rational reagieren, wie Sie dies gern m\u00f6chten. Machen Sie sich bewusst, welche Emotionen Sie gerade versp\u00fcren, die Ihr Empfinden und Handeln mitbeeinflussen. Emotionen sind keine Krankheiten, sie sind ein Teil von uns.<\/li>\n<li>Wenn Sie sich angesichts der Ist-Situation unsicher oder gar hilflos f\u00fchlen, setzen Sie sich damit auseinander \u2013 m\u00f6glichst mit stabilen, reflektierten Pers\u00f6nlichkeiten aus Ihrem Netzwerk oder einem guten Coach. Verschaffen Sie sich so viel Sicherheit wie m\u00f6glich, ohne sich etwas vorzumachen. Nehmen Sie das Ruder in die Hand statt ein \u201eOpfer der Umst\u00e4nde\u201c zu sein.<\/li>\n<li>Versuchen Sie die schlechten Umst\u00e4nde oder Rahmenbedingungen so zu akzeptieren wie das Wetter \u2013 entsprechend der Maxime: \u201eChange it, love it or leave it\u201c. Es gibt f\u00fcr jedes Wetter eine geeignete Kleidung und f\u00fcr jede Situation bzw. Konstellation ein ad\u00e4quates Verhalten.<\/li>\n<li>Als F\u00fchrungskraft m\u00fcssen Sie in der Lage sein, Ihren Gef\u00fchlshaushalt zu steuern, denn es z\u00e4hlt zu Ihren Aufgaben, Ihren Mitarbeitern Orientierung und Halt zu geben. Sorgen Sie daf\u00fcr, dass Sie stets auch den Silberstreifen am Horizont bzw. das Licht am Ende des Tunnels sehen. Zum Beispiel, indem Sie sich bewusst machen, welche Schwierigkeiten Sie und Ihr Team in der Vergangenheit schon gemeistert haben.<\/li>\n<li>Suchen Sie in Krisensituationen verst\u00e4rkt das pers\u00f6nliche Gespr\u00e4ch mit Ihren Mitarbeitern. Erkundigen Sie nach Ihrem pers\u00f6nlichen Befinden. Geben Sie ihnen auch Einblicke in Ihr Gef\u00fchlsleben. Das macht Sie menschlich und festigt ihre Beziehung.<\/li>\n<li>\u00dcbernehmen Sie die Verantwortung f\u00fcr Ihr Verhalten. Entschuldigen Sie sich aufrichtig, wenn Sie sich mal im Ton vergriffen haben oder aus emotionalen Gr\u00fcnden \u00fcber das Ziel hinaus schossen. Verzeihen Sie sich selbst solche \u201ekleinen Fehler\u201c, denn \u201eNobody ist perfect\u201c.<\/li>\n<li>Machen Sie sich bewusst: Eine gelungene Kommunikation setzt stets die wechselseitige Bereitschaft voraus, den jeweils anderen richtig zu verstehen. Deshalb sind Sie nicht f\u00fcr jedes Missverst\u00e4ndnis verantwortlich. Kl\u00e4ren Sie diese trotzdem rasch.<\/li>\n<li>Lassen Sie sich nicht dazu verf\u00fchren, auf die Suche nach pers\u00f6nlich \u201eSchuldigen\u201c zu gehen. Das kostet nur Zeit und bringt schlechte Stimmung. Suchen Sie lieber nach den (Problem-)Ursachen und L\u00f6sungen.<\/li>\n<li>Sprechen Sie, sofern dies Ihre Unternehmenskultur zul\u00e4sst, auch mit Kollegen aus dem F\u00fchrungskreis \u00fcber Ihr Gef\u00fchle und Bedenken. Dann werden Sie fast immer feststellen: Sie haben diese nicht allein. Folglich sind sie auch kein Ausdruck pers\u00f6nlicher Schw\u00e4chen, sondern situationsbedingt. Sollte dies in Ihrem Unternehmen nicht m\u00f6glich sein, suchen Sie sich ein anderes Austauschforum \u2013 wie zum Beispiel meine Werkstatt f\u00fcr F\u00fchrung und Ver\u00e4nderung.<\/li>\n<li>Sorgen Sie daf\u00fcr, dass Menschen in Ihrem Umfeld Ihnen regelm\u00e4\u00dfig ungesch\u00f6nt Ihre Au\u00dfenwirkung widerspiegeln. Dies ist Ihre einzige M\u00f6glichkeit zu erfahren, ob Ihr Verhalten bei anderen das ausl\u00f6st, was Sie erreichen m\u00f6chten oder genau das Gegenteil bewirkt.<\/li>\n<li>Sorgen Sie f\u00fcr Ihre Psychohygiene und Work-life-balance gerade in Krisen- und Stresssituationen \u2013 zum Beispiel, indem Sie in Ihrer Freizeit durch Sport oder eine gezielte Entspannung f\u00fcr den n\u00f6tigen Ausgleich sorgen. Sonst brechen Ihre angestauten negativen Emotionen pl\u00f6tzlich unkontrolliert aus Ihnen heraus und Ihr Umfeld geht erschrocken auf Distanz zu Ihnen.<\/li>\n<\/ol>\n<p>Denken Sie deshalb als F\u00fchrungskraft bei Ihrer F\u00fchrungsarbeit daran: Wie viel Respekt und Wertsch\u00e4tzung Sie Ihren Mitarbeitern entgegen bringen, zeigt sich f\u00fcr diese in vielen scheinbaren Kleinigkeiten.<\/p>\n<p><em><strong>Zum Autor:<\/strong> Klaus Doll ist Inhaber der Klaus Doll Organisationsberatung, Neustadt an der Weinstra\u00dfe. Er veranstaltet regelm\u00e4\u00dfig eine zweit\u00e4gige offene \u201eWerkstatt f\u00fcr F\u00fchrung und Ver\u00e4nderung\u201c, in der F\u00fchrungskr\u00e4fte u.a. gemeinsam ihre pers\u00f6nliche Ist-Situation in ihrem Unternehmen reflektieren (<a href=\"http:\/\/www.doll-beratung.de\">www.doll-beratung.de<\/a>).<\/em><\/p>\n","protected":false},"excerpt":{"rendered":"<p>F\u00fchrungskr\u00e4fte sollten einen wertsch\u00e4tzenden, von wechselseitigem Respekt gepr\u00e4gten Umgang mit ihren Mitarbeitern pflegen. &#8222;Wertsch\u00e4tzend f\u00fchren&#8220; &#8211; das wird in F\u00fchrungsseminaren oft betont. Doch im Arbeitsalltag sp\u00fcren die Mitarbeiter hiervon h\u00e4ufig wenig. In ihm herrscht nicht selten ein eher rauer Umgangston: insbesondere dann, wenn es im Geb\u00e4lk des Unternehmens brennt \u2013 zum Beispiel, weil die Einnahmen [&hellip;]<\/p>\n","protected":false},"author":4,"featured_media":7197,"comment_status":"closed","ping_status":"closed","sticky":false,"template":"","format":"standard","meta":{"_acf_changed":false,"_yoast_wpseo_focuskw":"wertsch\u00e4tzend f\u00fchren","_yoast_wpseo_metadesc":"Wenn es in Unternehmen brennt, wird der Umgangston rauer. Der Respekt im Umgang miteinander geht verloren. Ein paar Tipps, wie wertsch\u00e4tzend f\u00fchren geht.","articlekey":"","footnotes":""},"categories":[28],"tags":[115,320,335],"class_list":["post-7196","post","type-post","status-publish","format-standard","has-post-thumbnail","hentry","category-management","tag-checklisten","tag-leadership","tag-management-und-unternehmensfuehrung"],"acf":[],"yoast_head":"<!-- This site is optimized with the Yoast SEO plugin v27.5 - https:\/\/yoast.com\/product\/yoast-seo-wordpress\/ -->\n<title>Wertsch\u00e4tzend f\u00fchren und kommunizieren in Krisensituationen: 14 Tipps - Organisator<\/title>\n<meta name=\"description\" content=\"Wenn es in Unternehmen brennt, wird der Umgangston rauer. Der Respekt im Umgang miteinander geht verloren. Ein paar Tipps, wie wertsch\u00e4tzend f\u00fchren geht.\" \/>\n<meta name=\"robots\" content=\"index, follow, max-snippet:-1, max-image-preview:large, max-video-preview:-1\" \/>\n<link rel=\"canonical\" href=\"https:\/\/www.organisator.ch\/de\/management\/2020-10-07\/wertschaetzend-fuehren-und-kommunizieren-in-krisensituationen-14-tipps\/\" \/>\n<meta property=\"og:locale\" content=\"de_DE\" \/>\n<meta property=\"og:type\" content=\"article\" \/>\n<meta property=\"og:title\" content=\"Wertsch\u00e4tzend f\u00fchren und kommunizieren in Krisensituationen: 14 Tipps\" \/>\n<meta property=\"og:description\" content=\"Wenn es in Unternehmen brennt, wird der Umgangston rauer. Der Respekt im Umgang miteinander geht verloren. Ein paar Tipps, wie wertsch\u00e4tzend f\u00fchren geht.\" \/>\n<meta property=\"og:url\" content=\"https:\/\/www.organisator.ch\/de\/management\/2020-10-07\/wertschaetzend-fuehren-und-kommunizieren-in-krisensituationen-14-tipps\/\" \/>\n<meta property=\"og:site_name\" content=\"Organisator\" \/>\n<meta property=\"article:publisher\" content=\"https:\/\/www.facebook.com\/OrganisatorFachmagazin\" \/>\n<meta property=\"article:published_time\" content=\"2020-10-07T06:22:52+00:00\" \/>\n<meta property=\"og:image\" content=\"https:\/\/www.organisator.ch\/wp-content\/uploads\/2020\/10\/Wertschaetzend-fuehren-und-kommunizieren-in-Krisensituationen-14-Tipps_Organisator.jpg\" \/>\n\t<meta property=\"og:image:width\" content=\"680\" \/>\n\t<meta property=\"og:image:height\" content=\"425\" \/>\n\t<meta property=\"og:image:type\" content=\"image\/jpeg\" \/>\n<meta name=\"author\" content=\"thomas.berner\" \/>\n<meta name=\"twitter:card\" content=\"summary_large_image\" \/>\n<meta name=\"twitter:title\" content=\"#Wertsch\u00e4tzend f\u00fchren und #kommunizieren in Krisensituationen: 14 Tipps\" \/>\n<meta name=\"twitter:description\" content=\"Wenn es in Unternehmen brennt, wird der Umgangston rauer. Der Respekt im Umgang miteinander geht verloren. Ein paar Tipps, wie #wertsch\u00e4tzend f\u00fchren geht.\" \/>\n<meta name=\"twitter:image\" content=\"https:\/\/www.organisator.ch\/wp-content\/uploads\/2020\/10\/Wertschaetzend-fuehren-und-kommunizieren-in-Krisensituationen-14-Tipps_Organisator.jpg\" \/>\n<script type=\"application\/ld+json\" class=\"yoast-schema-graph\">{\"@context\":\"https:\\\/\\\/schema.org\",\"@graph\":[{\"@type\":\"Article\",\"@id\":\"https:\\\/\\\/www.organisator.ch\\\/management\\\/2020-10-07\\\/wertschaetzend-fuehren-und-kommunizieren-in-krisensituationen-14-tipps\\\/#article\",\"isPartOf\":{\"@id\":\"https:\\\/\\\/www.organisator.ch\\\/management\\\/2020-10-07\\\/wertschaetzend-fuehren-und-kommunizieren-in-krisensituationen-14-tipps\\\/\"},\"author\":{\"name\":\"thomas.berner\",\"@id\":\"https:\\\/\\\/www.organisator.ch\\\/#\\\/schema\\\/person\\\/6f650f90b2842cd4c0cc334b4e36f67e\"},\"headline\":\"Wertsch\u00e4tzend f\u00fchren und kommunizieren in Krisensituationen: 14 Tipps\",\"datePublished\":\"2020-10-07T06:22:52+00:00\",\"mainEntityOfPage\":{\"@id\":\"https:\\\/\\\/www.organisator.ch\\\/management\\\/2020-10-07\\\/wertschaetzend-fuehren-und-kommunizieren-in-krisensituationen-14-tipps\\\/\"},\"wordCount\":881,\"publisher\":{\"@id\":\"https:\\\/\\\/www.organisator.ch\\\/#organization\"},\"image\":{\"@id\":\"https:\\\/\\\/www.organisator.ch\\\/management\\\/2020-10-07\\\/wertschaetzend-fuehren-und-kommunizieren-in-krisensituationen-14-tipps\\\/#primaryimage\"},\"thumbnailUrl\":\"https:\\\/\\\/www.organisator.ch\\\/wp-content\\\/uploads\\\/2020\\\/10\\\/Wertschaetzend-fuehren-und-kommunizieren-in-Krisensituationen-14-Tipps_Organisator.jpg\",\"keywords\":[\"Checklisten\",\"Leadership\",\"Management und Unternehmensf\u00fchrung\"],\"articleSection\":[\"MANAGEMENT\"],\"inLanguage\":\"de\"},{\"@type\":\"WebPage\",\"@id\":\"https:\\\/\\\/www.organisator.ch\\\/management\\\/2020-10-07\\\/wertschaetzend-fuehren-und-kommunizieren-in-krisensituationen-14-tipps\\\/\",\"url\":\"https:\\\/\\\/www.organisator.ch\\\/management\\\/2020-10-07\\\/wertschaetzend-fuehren-und-kommunizieren-in-krisensituationen-14-tipps\\\/\",\"name\":\"Wertsch\u00e4tzend f\u00fchren und kommunizieren in Krisensituationen: 14 Tipps - Organisator\",\"isPartOf\":{\"@id\":\"https:\\\/\\\/www.organisator.ch\\\/#website\"},\"primaryImageOfPage\":{\"@id\":\"https:\\\/\\\/www.organisator.ch\\\/management\\\/2020-10-07\\\/wertschaetzend-fuehren-und-kommunizieren-in-krisensituationen-14-tipps\\\/#primaryimage\"},\"image\":{\"@id\":\"https:\\\/\\\/www.organisator.ch\\\/management\\\/2020-10-07\\\/wertschaetzend-fuehren-und-kommunizieren-in-krisensituationen-14-tipps\\\/#primaryimage\"},\"thumbnailUrl\":\"https:\\\/\\\/www.organisator.ch\\\/wp-content\\\/uploads\\\/2020\\\/10\\\/Wertschaetzend-fuehren-und-kommunizieren-in-Krisensituationen-14-Tipps_Organisator.jpg\",\"datePublished\":\"2020-10-07T06:22:52+00:00\",\"description\":\"Wenn es in Unternehmen brennt, wird der Umgangston rauer. Der Respekt im Umgang miteinander geht verloren. Ein paar Tipps, wie wertsch\u00e4tzend f\u00fchren geht.\",\"breadcrumb\":{\"@id\":\"https:\\\/\\\/www.organisator.ch\\\/management\\\/2020-10-07\\\/wertschaetzend-fuehren-und-kommunizieren-in-krisensituationen-14-tipps\\\/#breadcrumb\"},\"inLanguage\":\"de\",\"potentialAction\":[{\"@type\":\"ReadAction\",\"target\":[\"https:\\\/\\\/www.organisator.ch\\\/management\\\/2020-10-07\\\/wertschaetzend-fuehren-und-kommunizieren-in-krisensituationen-14-tipps\\\/\"]}]},{\"@type\":\"ImageObject\",\"inLanguage\":\"de\",\"@id\":\"https:\\\/\\\/www.organisator.ch\\\/management\\\/2020-10-07\\\/wertschaetzend-fuehren-und-kommunizieren-in-krisensituationen-14-tipps\\\/#primaryimage\",\"url\":\"https:\\\/\\\/www.organisator.ch\\\/wp-content\\\/uploads\\\/2020\\\/10\\\/Wertschaetzend-fuehren-und-kommunizieren-in-Krisensituationen-14-Tipps_Organisator.jpg\",\"contentUrl\":\"https:\\\/\\\/www.organisator.ch\\\/wp-content\\\/uploads\\\/2020\\\/10\\\/Wertschaetzend-fuehren-und-kommunizieren-in-Krisensituationen-14-Tipps_Organisator.jpg\",\"width\":680,\"height\":425,\"caption\":\"Wertsch\u00e4tzend f\u00fchren: Das wird besonders dann wieder gerne vergessen, wenn es in der Firma nicht mehr so rund l\u00e4uft... (Bild: Pixabay.com)\"},{\"@type\":\"BreadcrumbList\",\"@id\":\"https:\\\/\\\/www.organisator.ch\\\/management\\\/2020-10-07\\\/wertschaetzend-fuehren-und-kommunizieren-in-krisensituationen-14-tipps\\\/#breadcrumb\",\"itemListElement\":[{\"@type\":\"ListItem\",\"position\":1,\"name\":\"Home\",\"item\":\"https:\\\/\\\/www.organisator.ch\\\/\"},{\"@type\":\"ListItem\",\"position\":2,\"name\":\"Wertsch\u00e4tzend f\u00fchren und kommunizieren in Krisensituationen: 14 Tipps\"}]},{\"@type\":\"WebSite\",\"@id\":\"https:\\\/\\\/www.organisator.ch\\\/#website\",\"url\":\"https:\\\/\\\/www.organisator.ch\\\/\",\"name\":\"Organisator\",\"description\":\"Kompetent. Praxisnah. Der ORGANISATOR bereitet in 10 Ausgaben pro Jahr die wesentlichen Themen f\u00fcr F\u00fchrungskr\u00e4fte von KMU auf.\",\"publisher\":{\"@id\":\"https:\\\/\\\/www.organisator.ch\\\/#organization\"},\"potentialAction\":[{\"@type\":\"SearchAction\",\"target\":{\"@type\":\"EntryPoint\",\"urlTemplate\":\"https:\\\/\\\/www.organisator.ch\\\/?s={search_term_string}\"},\"query-input\":{\"@type\":\"PropertyValueSpecification\",\"valueRequired\":true,\"valueName\":\"search_term_string\"}}],\"inLanguage\":\"de\"},{\"@type\":\"Organization\",\"@id\":\"https:\\\/\\\/www.organisator.ch\\\/#organization\",\"name\":\"Organisator\",\"url\":\"https:\\\/\\\/www.organisator.ch\\\/\",\"logo\":{\"@type\":\"ImageObject\",\"inLanguage\":\"de\",\"@id\":\"https:\\\/\\\/www.organisator.ch\\\/#\\\/schema\\\/logo\\\/image\\\/\",\"url\":\"https:\\\/\\\/www.organisator.ch\\\/wp-content\\\/uploads\\\/2022\\\/01\\\/Logo_Organisator_Website.png\",\"contentUrl\":\"https:\\\/\\\/www.organisator.ch\\\/wp-content\\\/uploads\\\/2022\\\/01\\\/Logo_Organisator_Website.png\",\"width\":800,\"height\":77,\"caption\":\"Organisator\"},\"image\":{\"@id\":\"https:\\\/\\\/www.organisator.ch\\\/#\\\/schema\\\/logo\\\/image\\\/\"},\"sameAs\":[\"https:\\\/\\\/www.facebook.com\\\/OrganisatorFachmagazin\",\"https:\\\/\\\/www.linkedin.com\\\/showcase\\\/organisator-das-magazin-fr-kmu\",\"https:\\\/\\\/www.xing.com\\\/news\\\/pages\\\/organisator-ch-695\",\"https:\\\/\\\/www.youtube.com\\\/channel\\\/UCGP2Sq0iWaZwT3BdIAQFYpw\"]},{\"@type\":\"Person\",\"@id\":\"https:\\\/\\\/www.organisator.ch\\\/#\\\/schema\\\/person\\\/6f650f90b2842cd4c0cc334b4e36f67e\",\"name\":\"thomas.berner\",\"image\":{\"@type\":\"ImageObject\",\"inLanguage\":\"de\",\"@id\":\"https:\\\/\\\/secure.gravatar.com\\\/avatar\\\/ac5001d2a36cb6c6cd3e50789007ffca834b477b74a2144564522e944eabff61?s=96&d=mm&r=g\",\"url\":\"https:\\\/\\\/secure.gravatar.com\\\/avatar\\\/ac5001d2a36cb6c6cd3e50789007ffca834b477b74a2144564522e944eabff61?s=96&d=mm&r=g\",\"contentUrl\":\"https:\\\/\\\/secure.gravatar.com\\\/avatar\\\/ac5001d2a36cb6c6cd3e50789007ffca834b477b74a2144564522e944eabff61?s=96&d=mm&r=g\",\"caption\":\"thomas.berner\"},\"url\":\"https:\\\/\\\/www.organisator.ch\\\/de\\\/author\\\/thomas-berner\\\/\"}]}<\/script>\n<!-- \/ Yoast SEO plugin. -->","yoast_head_json":{"title":"Wertsch\u00e4tzend f\u00fchren und kommunizieren in Krisensituationen: 14 Tipps - Organisator","description":"Wenn es in Unternehmen brennt, wird der Umgangston rauer. Der Respekt im Umgang miteinander geht verloren. Ein paar Tipps, wie wertsch\u00e4tzend f\u00fchren geht.","robots":{"index":"index","follow":"follow","max-snippet":"max-snippet:-1","max-image-preview":"max-image-preview:large","max-video-preview":"max-video-preview:-1"},"canonical":"https:\/\/www.organisator.ch\/de\/management\/2020-10-07\/wertschaetzend-fuehren-und-kommunizieren-in-krisensituationen-14-tipps\/","og_locale":"de_DE","og_type":"article","og_title":"Wertsch\u00e4tzend f\u00fchren und kommunizieren in Krisensituationen: 14 Tipps","og_description":"Wenn es in Unternehmen brennt, wird der Umgangston rauer. Der Respekt im Umgang miteinander geht verloren. Ein paar Tipps, wie wertsch\u00e4tzend f\u00fchren geht.","og_url":"https:\/\/www.organisator.ch\/de\/management\/2020-10-07\/wertschaetzend-fuehren-und-kommunizieren-in-krisensituationen-14-tipps\/","og_site_name":"Organisator","article_publisher":"https:\/\/www.facebook.com\/OrganisatorFachmagazin","article_published_time":"2020-10-07T06:22:52+00:00","og_image":[{"width":680,"height":425,"url":"https:\/\/www.organisator.ch\/wp-content\/uploads\/2020\/10\/Wertschaetzend-fuehren-und-kommunizieren-in-Krisensituationen-14-Tipps_Organisator.jpg","type":"image\/jpeg"}],"author":"thomas.berner","twitter_card":"summary_large_image","twitter_title":"#Wertsch\u00e4tzend f\u00fchren und #kommunizieren in Krisensituationen: 14 Tipps","twitter_description":"Wenn es in Unternehmen brennt, wird der Umgangston rauer. Der Respekt im Umgang miteinander geht verloren. Ein paar Tipps, wie #wertsch\u00e4tzend f\u00fchren geht.","twitter_image":"https:\/\/www.organisator.ch\/wp-content\/uploads\/2020\/10\/Wertschaetzend-fuehren-und-kommunizieren-in-Krisensituationen-14-Tipps_Organisator.jpg","schema":{"@context":"https:\/\/schema.org","@graph":[{"@type":"Article","@id":"https:\/\/www.organisator.ch\/management\/2020-10-07\/wertschaetzend-fuehren-und-kommunizieren-in-krisensituationen-14-tipps\/#article","isPartOf":{"@id":"https:\/\/www.organisator.ch\/management\/2020-10-07\/wertschaetzend-fuehren-und-kommunizieren-in-krisensituationen-14-tipps\/"},"author":{"name":"thomas.berner","@id":"https:\/\/www.organisator.ch\/#\/schema\/person\/6f650f90b2842cd4c0cc334b4e36f67e"},"headline":"Wertsch\u00e4tzend f\u00fchren und kommunizieren in Krisensituationen: 14 Tipps","datePublished":"2020-10-07T06:22:52+00:00","mainEntityOfPage":{"@id":"https:\/\/www.organisator.ch\/management\/2020-10-07\/wertschaetzend-fuehren-und-kommunizieren-in-krisensituationen-14-tipps\/"},"wordCount":881,"publisher":{"@id":"https:\/\/www.organisator.ch\/#organization"},"image":{"@id":"https:\/\/www.organisator.ch\/management\/2020-10-07\/wertschaetzend-fuehren-und-kommunizieren-in-krisensituationen-14-tipps\/#primaryimage"},"thumbnailUrl":"https:\/\/www.organisator.ch\/wp-content\/uploads\/2020\/10\/Wertschaetzend-fuehren-und-kommunizieren-in-Krisensituationen-14-Tipps_Organisator.jpg","keywords":["Checklisten","Leadership","Management und Unternehmensf\u00fchrung"],"articleSection":["MANAGEMENT"],"inLanguage":"de"},{"@type":"WebPage","@id":"https:\/\/www.organisator.ch\/management\/2020-10-07\/wertschaetzend-fuehren-und-kommunizieren-in-krisensituationen-14-tipps\/","url":"https:\/\/www.organisator.ch\/management\/2020-10-07\/wertschaetzend-fuehren-und-kommunizieren-in-krisensituationen-14-tipps\/","name":"Wertsch\u00e4tzend f\u00fchren und kommunizieren in Krisensituationen: 14 Tipps - Organisator","isPartOf":{"@id":"https:\/\/www.organisator.ch\/#website"},"primaryImageOfPage":{"@id":"https:\/\/www.organisator.ch\/management\/2020-10-07\/wertschaetzend-fuehren-und-kommunizieren-in-krisensituationen-14-tipps\/#primaryimage"},"image":{"@id":"https:\/\/www.organisator.ch\/management\/2020-10-07\/wertschaetzend-fuehren-und-kommunizieren-in-krisensituationen-14-tipps\/#primaryimage"},"thumbnailUrl":"https:\/\/www.organisator.ch\/wp-content\/uploads\/2020\/10\/Wertschaetzend-fuehren-und-kommunizieren-in-Krisensituationen-14-Tipps_Organisator.jpg","datePublished":"2020-10-07T06:22:52+00:00","description":"Wenn es in Unternehmen brennt, wird der Umgangston rauer. Der Respekt im Umgang miteinander geht verloren. Ein paar Tipps, wie wertsch\u00e4tzend f\u00fchren geht.","breadcrumb":{"@id":"https:\/\/www.organisator.ch\/management\/2020-10-07\/wertschaetzend-fuehren-und-kommunizieren-in-krisensituationen-14-tipps\/#breadcrumb"},"inLanguage":"de","potentialAction":[{"@type":"ReadAction","target":["https:\/\/www.organisator.ch\/management\/2020-10-07\/wertschaetzend-fuehren-und-kommunizieren-in-krisensituationen-14-tipps\/"]}]},{"@type":"ImageObject","inLanguage":"de","@id":"https:\/\/www.organisator.ch\/management\/2020-10-07\/wertschaetzend-fuehren-und-kommunizieren-in-krisensituationen-14-tipps\/#primaryimage","url":"https:\/\/www.organisator.ch\/wp-content\/uploads\/2020\/10\/Wertschaetzend-fuehren-und-kommunizieren-in-Krisensituationen-14-Tipps_Organisator.jpg","contentUrl":"https:\/\/www.organisator.ch\/wp-content\/uploads\/2020\/10\/Wertschaetzend-fuehren-und-kommunizieren-in-Krisensituationen-14-Tipps_Organisator.jpg","width":680,"height":425,"caption":"Wertsch\u00e4tzend f\u00fchren: Das wird besonders dann wieder gerne vergessen, wenn es in der Firma nicht mehr so rund l\u00e4uft... (Bild: Pixabay.com)"},{"@type":"BreadcrumbList","@id":"https:\/\/www.organisator.ch\/management\/2020-10-07\/wertschaetzend-fuehren-und-kommunizieren-in-krisensituationen-14-tipps\/#breadcrumb","itemListElement":[{"@type":"ListItem","position":1,"name":"Home","item":"https:\/\/www.organisator.ch\/"},{"@type":"ListItem","position":2,"name":"Wertsch\u00e4tzend f\u00fchren und kommunizieren in Krisensituationen: 14 Tipps"}]},{"@type":"WebSite","@id":"https:\/\/www.organisator.ch\/#website","url":"https:\/\/www.organisator.ch\/","name":"Organisator","description":"Kompetent. Praxisnah. Der ORGANISATOR bereitet in 10 Ausgaben pro Jahr die wesentlichen Themen f\u00fcr F\u00fchrungskr\u00e4fte von KMU auf.","publisher":{"@id":"https:\/\/www.organisator.ch\/#organization"},"potentialAction":[{"@type":"SearchAction","target":{"@type":"EntryPoint","urlTemplate":"https:\/\/www.organisator.ch\/?s={search_term_string}"},"query-input":{"@type":"PropertyValueSpecification","valueRequired":true,"valueName":"search_term_string"}}],"inLanguage":"de"},{"@type":"Organization","@id":"https:\/\/www.organisator.ch\/#organization","name":"Organisator","url":"https:\/\/www.organisator.ch\/","logo":{"@type":"ImageObject","inLanguage":"de","@id":"https:\/\/www.organisator.ch\/#\/schema\/logo\/image\/","url":"https:\/\/www.organisator.ch\/wp-content\/uploads\/2022\/01\/Logo_Organisator_Website.png","contentUrl":"https:\/\/www.organisator.ch\/wp-content\/uploads\/2022\/01\/Logo_Organisator_Website.png","width":800,"height":77,"caption":"Organisator"},"image":{"@id":"https:\/\/www.organisator.ch\/#\/schema\/logo\/image\/"},"sameAs":["https:\/\/www.facebook.com\/OrganisatorFachmagazin","https:\/\/www.linkedin.com\/showcase\/organisator-das-magazin-fr-kmu","https:\/\/www.xing.com\/news\/pages\/organisator-ch-695","https:\/\/www.youtube.com\/channel\/UCGP2Sq0iWaZwT3BdIAQFYpw"]},{"@type":"Person","@id":"https:\/\/www.organisator.ch\/#\/schema\/person\/6f650f90b2842cd4c0cc334b4e36f67e","name":"thomas.berner","image":{"@type":"ImageObject","inLanguage":"de","@id":"https:\/\/secure.gravatar.com\/avatar\/ac5001d2a36cb6c6cd3e50789007ffca834b477b74a2144564522e944eabff61?s=96&d=mm&r=g","url":"https:\/\/secure.gravatar.com\/avatar\/ac5001d2a36cb6c6cd3e50789007ffca834b477b74a2144564522e944eabff61?s=96&d=mm&r=g","contentUrl":"https:\/\/secure.gravatar.com\/avatar\/ac5001d2a36cb6c6cd3e50789007ffca834b477b74a2144564522e944eabff61?s=96&d=mm&r=g","caption":"thomas.berner"},"url":"https:\/\/www.organisator.ch\/de\/author\/thomas-berner\/"}]}},"_links":{"self":[{"href":"https:\/\/www.organisator.ch\/de\/wp-json\/wp\/v2\/posts\/7196","targetHints":{"allow":["GET"]}}],"collection":[{"href":"https:\/\/www.organisator.ch\/de\/wp-json\/wp\/v2\/posts"}],"about":[{"href":"https:\/\/www.organisator.ch\/de\/wp-json\/wp\/v2\/types\/post"}],"author":[{"embeddable":true,"href":"https:\/\/www.organisator.ch\/de\/wp-json\/wp\/v2\/users\/4"}],"replies":[{"embeddable":true,"href":"https:\/\/www.organisator.ch\/de\/wp-json\/wp\/v2\/comments?post=7196"}],"version-history":[{"count":0,"href":"https:\/\/www.organisator.ch\/de\/wp-json\/wp\/v2\/posts\/7196\/revisions"}],"wp:featuredmedia":[{"embeddable":true,"href":"https:\/\/www.organisator.ch\/de\/wp-json\/wp\/v2\/media\/7197"}],"wp:attachment":[{"href":"https:\/\/www.organisator.ch\/de\/wp-json\/wp\/v2\/media?parent=7196"}],"wp:term":[{"taxonomy":"category","embeddable":true,"href":"https:\/\/www.organisator.ch\/de\/wp-json\/wp\/v2\/categories?post=7196"},{"taxonomy":"post_tag","embeddable":true,"href":"https:\/\/www.organisator.ch\/de\/wp-json\/wp\/v2\/tags?post=7196"}],"curies":[{"name":"wp","href":"https:\/\/api.w.org\/{rel}","templated":true}]}}