{"id":7218,"date":"2020-10-14T09:57:12","date_gmt":"2020-10-14T07:57:12","guid":{"rendered":"https:\/\/www.organisator.ch\/?p=7218"},"modified":"2020-10-14T09:57:12","modified_gmt":"2020-10-14T07:57:12","slug":"hybride-arbeitsmodelle-verbessern-und-zurueck-ins-buero","status":"publish","type":"post","link":"https:\/\/www.organisator.ch\/de\/management\/2020-10-14\/hybride-arbeitsmodelle-verbessern-und-zurueck-ins-buero\/","title":{"rendered":"Hybride Arbeitsmodelle verbessern und zur\u00fcck ins B\u00fcro"},"content":{"rendered":"<figure id=\"attachment_7219\" aria-describedby=\"caption-attachment-7219\" style=\"width: 680px\" class=\"wp-caption alignnone\"><img loading=\"lazy\" decoding=\"async\" class=\"size-medium wp-image-7219\" src=\"https:\/\/www.organisator.ch\/wp-content\/uploads\/2020\/10\/Hybride-Arbeitsmodelle-verbessern-und-zurueck-ins-Buero_Organisator.jpg\" alt=\"\" width=\"680\" height=\"453\" srcset=\"https:\/\/www.organisator.ch\/wp-content\/uploads\/2020\/10\/Hybride-Arbeitsmodelle-verbessern-und-zurueck-ins-Buero_Organisator.jpg 680w, https:\/\/www.organisator.ch\/wp-content\/uploads\/2020\/10\/Hybride-Arbeitsmodelle-verbessern-und-zurueck-ins-Buero_Organisator-16x12.jpg 16w, https:\/\/www.organisator.ch\/wp-content\/uploads\/2020\/10\/Hybride-Arbeitsmodelle-verbessern-und-zurueck-ins-Buero_Organisator-263x175.jpg 263w, https:\/\/www.organisator.ch\/wp-content\/uploads\/2020\/10\/Hybride-Arbeitsmodelle-verbessern-und-zurueck-ins-Buero_Organisator-525x350.jpg 525w, https:\/\/www.organisator.ch\/wp-content\/uploads\/2020\/10\/Hybride-Arbeitsmodelle-verbessern-und-zurueck-ins-Buero_Organisator-300x200.jpg 300w\" sizes=\"auto, (max-width: 680px) 100vw, 680px\" \/><figcaption id=\"caption-attachment-7219\" class=\"wp-caption-text\">Gem\u00e4ss einer Studie rechnen Arbeitnehmer mit einem Anstieg der Anzahl von hybriden Meetings (Meetings mit teils pers\u00f6nlicher und teils virtueller Teilnahme) in den n\u00e4chsten 12 Monaten. Mitarbeitende wiederum w\u00fcnschen sich mehr Investitionen in hybride Arbeitsmodelle. (Bild: Barco)<\/figcaption><\/figure>\n<p>Barco, ein f\u00fchrender Anbieter von Visualisierungs- und Kollaborationsl\u00f6sungen, hat eine neue grossangelegte Studie ver\u00f6ffentlicht. Sie zeigt zum Teil \u00fcberraschende Ergebnisse zu den Erwartungen von Angestellten auf der ganzen Welt an den Arbeitsplatz nach der COVID-19-Pandemie. Die Studie &#8211; bei der 1.750 Mitarbeiter weltweit (jeweils 250 aus den Vereinigten Staaten, Gro\u00dfbritannien, Frankreich, Deutschland, Australien, Indien und den Vereinigten Arabischen Emiraten) durch den globalen Forschungspanel-Anbieter Dynata befragt wurden &#8211; ergab, dass nur 15% der Mitarbeiter nach der Aufhebung der COVID-19-Beschr\u00e4nkungen weiterhin Vollzeit von zu Hause aus arbeiten wollen. Fast die H\u00e4lfte der Befragten gab an, dass sie heute weniger gerne von zu Hause aus arbeiten als noch zu Beginn der Pandemie. Als Hauptgr\u00fcnde f\u00fcr ihren Wunsch, ins B\u00fcro zur\u00fcckzukehren, nannten sie Herausforderungen bei der Zusammenarbeit mit Kollegen, Schwierigkeiten bei der Mitarbeit in Meetings und das Fehlen der sozialen Komponente des B\u00fcrolebens. Stattdessen w\u00fcnschen sich die Mitarbeiter hybride Arbeitsmodelle. In diesen Modellen wird die meiste Zeit im B\u00fcro verbracht, Mitarbeiter haben aber gleichzeitig die Flexibilit\u00e4t und Freiheit, von zu Hause aus zu arbeiten, wenn es f\u00fcr sie am besten passt. Die Umfrage ergab, dass das ideale Gleichgewicht im weltweiten Durchschnitt bei 3 Tagen im B\u00fcro liegt, wobei maximal 2 Tage pro Woche aus der Ferne gearbeitet wird.<\/p>\n<h2>Das Homeoffice hat seinen Glanz verloren<\/h2>\n<p>Die Umfrageergebnisse deuten darauf hin, dass viele Mitarbeiter durch die Trennung von ihren Kollegen negativ beeintr\u00e4chtigt wurden &#8211; sowohl emotional als auch in ihrer Arbeit. Weltweit gaben 49% an, dass ihnen die Arbeit von zu Hause aus mit der Zeit weniger Spa\u00df gemacht hat. 37% gaben an, dass ihnen die Zusammenarbeit schwerer f\u00e4llt, wenn sie aus der Ferne arbeiten. 29% gaben an, dass es f\u00fcr sie schwierig ist, bei Meetings etwas beizutragen, wenn sie virtuell zugeschaltet sind. 28% sagten, dass sie zu Hause leichter abgelenkt werden.<\/p>\n<p>Es \u00fcberrascht nicht, dass die Zusammenarbeit und sozialen Kontakte die Hauptgr\u00fcnde waren, warum die Menschen wieder ins B\u00fcro zur\u00fcckkehren wollten: 45 % gaben an, dass sie es einfacher fanden, mit Kollegen im B\u00fcro zusammenzuarbeiten. Der gleiche Anteil gab an, dass ihnen der soziale Aspekt des B\u00fcrolebens gefiel. So hoben 44% die Bedeutung spontaner Begegnungen hervor.<\/p>\n<h2>Hybride Arbeitsmodelle werden eine Umgestaltung von B\u00fcros nach sich ziehen<\/h2>\n<p>Laut Studie sind die meisten Mitarbeiter der Meinung, dass die Arbeitswelt nach COVID-19 wieder zu einer Art der Normalit\u00e4t zur\u00fcckkehren wird. Allerdings werden hybride Treffen, bei denen ein Teil der Belegschaft virtuell zugeschaltet und der andere Teil aus dem B\u00fcro teilnimmt, zur Norm werden. Nachdem in den vergangenen Jahren ein enormer Trend hin zu Umgebungen f\u00fcr spontane Meetings, sogenannte Huddle Spaces, zu verzeichnen war, deuten die Ergebnisse darauf hin, dass es sich bei diesen Bereichen um ein Auslaufmodell handeln k\u00f6nnte. 50% der Befragten gaben an, dass sie formelle Meetingr\u00e4ume bevorzugen. 75% bevorzugen geplante Meetings gegen\u00fcber spontanen Treffen.<\/p>\n<p>\u00dcberraschenderweise schienen die Mitarbeiter sehr stark gegen die Idee zu sein, mehr Zeit in Satellitenb\u00fcros oder Kollaborationsr\u00e4umen zu verbringen &#8211; ein Trend, den viele als Folge der Pandemie vorausgesagt hatten. Die meisten Mitarbeiter ziehen es weiterhin vor, die meiste Zeit in einer gro\u00dfen Unternehmenszentrale zu verbringen. Allerdings mit mehr Flexibilit\u00e4t als zuvor, um teilweise von Zuhause aus arbeiten zu k\u00f6nnen.<\/p>\n<h2>Videokonferenzen sind der Herzschlag der gesch\u00e4ftlichen Zusammenarbeit<\/h2>\n<p>Neue Investitionen wollen die Befragten der Studie am liebsten in Videokonferenzger\u00e4te f\u00fcr Meetingr\u00e4ume sehen. Die Ergebnisse m\u00f6gen auf den ersten Blick \u00fcberraschend erscheinen, doch der Einsatz von Videokonferenztechnologie ist mittlerweile weit verbreitet. Die Technologie spielt eine grundlegende Rolle bei der Zusammenarbeit, Kommunikation und Produktivit\u00e4t einer digitalen und modernen Belegschaft.<\/p>\n<p>Nach den herk\u00f6mmlichen Meetingr\u00e4umen sind Videokonferenzr\u00e4ume die am h\u00e4ufigsten genutzten R\u00e4ume im B\u00fcro. 77% der Befragten gaben an, Videokonferenzr\u00e4ume mindestens einmal pro Woche zu nutzen, durchschnittlich 28% nutzen sie t\u00e4glich.<\/p>\n<h2>Der Laptop wird wichtiger f\u00fcr die Kommunikation und Beteiligung der Mitarbeiter<\/h2>\n<p>Der vor COVID-19 zunehmende Trend &#8222;Bring Your Own Meeting&#8220; &#8211; bei dem die Mitarbeiter nicht nur ihre eigenen Ger\u00e4te, sondern auch ihre eigenen bevorzugten Konferenzl\u00f6sungen verwenden &#8211; hat sich w\u00e4hrend der Pandemie weiter verst\u00e4rkt. Die Ergebnisse der Studie zeigen in der Tat, dass der Laptop heute f\u00fcr die meisten Arbeitnehmer im Arbeitsleben das wichtigste Ger\u00e4t ist: 77% gaben an, ohne Laptop w\u00e4hrend der Arbeit nicht arbeiten zu k\u00f6nnen.<\/p>\n<p>Trotz des Anstiegs der Nutzung von Raumkameras (traditionelle Konferenzsysteme im Raum und USB-basierte SWAPs) von 30% auf 40% in einem Jahr, werden Laptop-Kameras immer noch am h\u00e4ufigsten f\u00fcr virtuelle Meetings verwendet. 54% verwenden ihre Laptop-Kamera, verglichen mit 40%, die Raumkameras verwenden, und 24%, die ihre Smartphone-Kamera verwenden. Gleichzeitig klagen mehr als 60% der Befragten \u00fcber St\u00f6rungen ihrer Kameras w\u00e4hrend der Meetings.<\/p>\n<h2>Technologischer Wandel wird zu weiteren Verbesserungen von Meetings f\u00fchren<\/h2>\n<p>Fast die H\u00e4lfte der befragten Mitarbeiter sind der Meinung, dass die H\u00e4ufigkeit von Meetings im vergangenen Jahr zugenommen hat. Obwohl viel Frustration im Zusammenhang mit virtuellen Meetings w\u00e4hrend des Lockdowns ge\u00e4u\u00dfert wurde, waren die Befragten insgesamt der Meinung, dass sich die Qualit\u00e4t der Meetings in den letzten 12 Monaten verbessert hat. Fast doppelt so viele Personen gehen von einer Verbesserung von Meetings aus, anstatt von einer Verschlechterung.<\/p>\n<p>Mitarbeiter haben hohe Erwartungen an technologische Verbesserungen bei zuk\u00fcnftigen Meetings. Die gr\u00f6\u00dften Priorit\u00e4ten werden Technologien einger\u00e4umt, die Effizienz und Benutzerfreundlichkeit erh\u00f6hen und Arbeitsabl\u00e4ufe vereinfachen. 56% sagten, dass Apps zur Teilnahme an einer Videokonferenz mit einem Klick innerhalb des n\u00e4chsten Jahres verf\u00fcgbar sein sollten, falls dies nicht bereits der Fall ist. Au\u00dferdem erwarten die meisten Menschen innerhalb von zwei Jahren Spracherkennungstechnologie, Kollaborationssoftware und Instagram-\u00e4hnliche Filter f\u00fcr Videokonferenzen.<\/p>\n<h2>Hybride Arbeitsmodelle ben\u00f6tigen mehr Technologie<\/h2>\n<p>Dies unterstreicht die Notwendigkeit von Meeting-Technologien, um in Zukunft mehr Konnektivit\u00e4t zwischen physischen und virtuellen Teilnehmern zu erm\u00f6glichen. So nennen sechs von zehn Personen einen Mangel an pers\u00f6nlicher Interaktion mit Kollegen als einer der Hauptgr\u00fcnde f\u00fcr weniger Verbundenheit mit ihren Mitarbeitern. 49% gaben an, dass die Zusammenarbeit mit Kollegen, Kunden und anderen Personen aus der Ferne nicht selbstverst\u00e4ndlich ist. Wenn Technologie dabei helfen kann, eine bessere Verbundenheit etwa durch hybride und virtuelle Meetings zu f\u00f6rdern, werden wir weiterhin eine Steigerung der Qualit\u00e4t von Meetings sehen.<\/p>\n<p><em>Quelle: <a href=\"http:\/\/www.barco.com\/de\">Barco<\/a><\/em><\/p>\n","protected":false},"excerpt":{"rendered":"<p>Barco, ein f\u00fchrender Anbieter von Visualisierungs- und Kollaborationsl\u00f6sungen, hat eine neue grossangelegte Studie ver\u00f6ffentlicht. Sie zeigt zum Teil \u00fcberraschende Ergebnisse zu den Erwartungen von Angestellten auf der ganzen Welt an den Arbeitsplatz nach der COVID-19-Pandemie. Die Studie &#8211; bei der 1.750 Mitarbeiter weltweit (jeweils 250 aus den Vereinigten Staaten, Gro\u00dfbritannien, Frankreich, Deutschland, Australien, Indien und [&hellip;]<\/p>\n","protected":false},"author":4,"featured_media":7219,"comment_status":"closed","ping_status":"closed","sticky":false,"template":"","format":"standard","meta":{"_acf_changed":false,"_yoast_wpseo_focuskw":"hybride Arbeitsmodelle","_yoast_wpseo_metadesc":"Gem\u00e4ss einer Studie von Barco ClickShare erwarten Mitarbeitende von ihrem Arbeitgeber Investitionen in Technologien, die hybride Arbeitsmodelle erleichtern.","articlekey":"","footnotes":""},"categories":[28],"tags":[51,254,335,363,459,537],"class_list":["post-7218","post","type-post","status-publish","format-standard","has-post-thumbnail","hentry","category-management","tag-arbeitsplatzgestaltung","tag-hrm","tag-management-und-unternehmensfuehrung","tag-new-work","tag-studie","tag-work-smart"],"acf":[],"yoast_head":"<!-- This site is optimized with the Yoast SEO plugin v27.4 - https:\/\/yoast.com\/product\/yoast-seo-wordpress\/ -->\n<title>Hybride Arbeitsmodelle verbessern und zur\u00fcck ins B\u00fcro - Organisator<\/title>\n<meta name=\"description\" content=\"Gem\u00e4ss einer Studie von Barco ClickShare erwarten Mitarbeitende von ihrem Arbeitgeber Investitionen in Technologien, die hybride Arbeitsmodelle erleichtern.\" \/>\n<meta name=\"robots\" content=\"index, follow, max-snippet:-1, max-image-preview:large, max-video-preview:-1\" \/>\n<link rel=\"canonical\" href=\"https:\/\/www.organisator.ch\/de\/management\/2020-10-14\/hybride-arbeitsmodelle-verbessern-und-zurueck-ins-buero\/\" \/>\n<meta property=\"og:locale\" content=\"de_DE\" \/>\n<meta property=\"og:type\" content=\"article\" \/>\n<meta property=\"og:title\" content=\"Hybride Arbeitsmodelle verbessern und zur\u00fcck ins B\u00fcro\" \/>\n<meta property=\"og:description\" content=\"Gem\u00e4ss einer Studie von Barco ClickShare erwarten Mitarbeitende von ihrem Arbeitgeber Investitionen in Technologien, die hybride Arbeitsmodelle erleichtern.\" \/>\n<meta property=\"og:url\" content=\"https:\/\/www.organisator.ch\/de\/management\/2020-10-14\/hybride-arbeitsmodelle-verbessern-und-zurueck-ins-buero\/\" \/>\n<meta property=\"og:site_name\" content=\"Organisator\" \/>\n<meta property=\"article:publisher\" content=\"https:\/\/www.facebook.com\/OrganisatorFachmagazin\" \/>\n<meta property=\"article:published_time\" content=\"2020-10-14T07:57:12+00:00\" \/>\n<meta property=\"og:image\" content=\"https:\/\/www.organisator.ch\/wp-content\/uploads\/2020\/10\/Hybride-Arbeitsmodelle-verbessern-und-zurueck-ins-Buero_Organisator.jpg\" \/>\n\t<meta property=\"og:image:width\" content=\"680\" \/>\n\t<meta property=\"og:image:height\" content=\"453\" \/>\n\t<meta property=\"og:image:type\" content=\"image\/jpeg\" \/>\n<meta name=\"author\" content=\"thomas.berner\" \/>\n<meta name=\"twitter:card\" content=\"summary_large_image\" \/>\n<meta name=\"twitter:title\" content=\"Hybride #Arbeitsmodelle verbessern und zur\u00fcck ins B\u00fcro\" \/>\n<meta name=\"twitter:description\" content=\"Gem\u00e4ss einer Studie von #Barco #ClickShare erwarten Mitarbeitende von ihrem Arbeitgeber Investitionen in Technologien, die hybride #Arbeitsmodelle erleichtern.\" \/>\n<meta name=\"twitter:image\" content=\"https:\/\/www.organisator.ch\/wp-content\/uploads\/2020\/10\/Hybride-Arbeitsmodelle-verbessern-und-zurueck-ins-Buero_Organisator.jpg\" \/>\n<script type=\"application\/ld+json\" class=\"yoast-schema-graph\">{\"@context\":\"https:\\\/\\\/schema.org\",\"@graph\":[{\"@type\":\"Article\",\"@id\":\"https:\\\/\\\/www.organisator.ch\\\/management\\\/2020-10-14\\\/hybride-arbeitsmodelle-verbessern-und-zurueck-ins-buero\\\/#article\",\"isPartOf\":{\"@id\":\"https:\\\/\\\/www.organisator.ch\\\/management\\\/2020-10-14\\\/hybride-arbeitsmodelle-verbessern-und-zurueck-ins-buero\\\/\"},\"author\":{\"name\":\"thomas.berner\",\"@id\":\"https:\\\/\\\/www.organisator.ch\\\/#\\\/schema\\\/person\\\/6f650f90b2842cd4c0cc334b4e36f67e\"},\"headline\":\"Hybride Arbeitsmodelle verbessern und zur\u00fcck ins B\u00fcro\",\"datePublished\":\"2020-10-14T07:57:12+00:00\",\"mainEntityOfPage\":{\"@id\":\"https:\\\/\\\/www.organisator.ch\\\/management\\\/2020-10-14\\\/hybride-arbeitsmodelle-verbessern-und-zurueck-ins-buero\\\/\"},\"wordCount\":1101,\"publisher\":{\"@id\":\"https:\\\/\\\/www.organisator.ch\\\/#organization\"},\"image\":{\"@id\":\"https:\\\/\\\/www.organisator.ch\\\/management\\\/2020-10-14\\\/hybride-arbeitsmodelle-verbessern-und-zurueck-ins-buero\\\/#primaryimage\"},\"thumbnailUrl\":\"https:\\\/\\\/www.organisator.ch\\\/wp-content\\\/uploads\\\/2020\\\/10\\\/Hybride-Arbeitsmodelle-verbessern-und-zurueck-ins-Buero_Organisator.jpg\",\"keywords\":[\"Arbeitsplatzgestaltung\",\"HRM\",\"Management und Unternehmensf\u00fchrung\",\"New Work\",\"Studie\",\"Work Smart\"],\"articleSection\":[\"MANAGEMENT\"],\"inLanguage\":\"de\"},{\"@type\":\"WebPage\",\"@id\":\"https:\\\/\\\/www.organisator.ch\\\/management\\\/2020-10-14\\\/hybride-arbeitsmodelle-verbessern-und-zurueck-ins-buero\\\/\",\"url\":\"https:\\\/\\\/www.organisator.ch\\\/management\\\/2020-10-14\\\/hybride-arbeitsmodelle-verbessern-und-zurueck-ins-buero\\\/\",\"name\":\"Hybride Arbeitsmodelle verbessern und zur\u00fcck ins B\u00fcro - Organisator\",\"isPartOf\":{\"@id\":\"https:\\\/\\\/www.organisator.ch\\\/#website\"},\"primaryImageOfPage\":{\"@id\":\"https:\\\/\\\/www.organisator.ch\\\/management\\\/2020-10-14\\\/hybride-arbeitsmodelle-verbessern-und-zurueck-ins-buero\\\/#primaryimage\"},\"image\":{\"@id\":\"https:\\\/\\\/www.organisator.ch\\\/management\\\/2020-10-14\\\/hybride-arbeitsmodelle-verbessern-und-zurueck-ins-buero\\\/#primaryimage\"},\"thumbnailUrl\":\"https:\\\/\\\/www.organisator.ch\\\/wp-content\\\/uploads\\\/2020\\\/10\\\/Hybride-Arbeitsmodelle-verbessern-und-zurueck-ins-Buero_Organisator.jpg\",\"datePublished\":\"2020-10-14T07:57:12+00:00\",\"description\":\"Gem\u00e4ss einer Studie von Barco ClickShare erwarten Mitarbeitende von ihrem Arbeitgeber Investitionen in Technologien, die hybride Arbeitsmodelle erleichtern.\",\"breadcrumb\":{\"@id\":\"https:\\\/\\\/www.organisator.ch\\\/management\\\/2020-10-14\\\/hybride-arbeitsmodelle-verbessern-und-zurueck-ins-buero\\\/#breadcrumb\"},\"inLanguage\":\"de\",\"potentialAction\":[{\"@type\":\"ReadAction\",\"target\":[\"https:\\\/\\\/www.organisator.ch\\\/management\\\/2020-10-14\\\/hybride-arbeitsmodelle-verbessern-und-zurueck-ins-buero\\\/\"]}]},{\"@type\":\"ImageObject\",\"inLanguage\":\"de\",\"@id\":\"https:\\\/\\\/www.organisator.ch\\\/management\\\/2020-10-14\\\/hybride-arbeitsmodelle-verbessern-und-zurueck-ins-buero\\\/#primaryimage\",\"url\":\"https:\\\/\\\/www.organisator.ch\\\/wp-content\\\/uploads\\\/2020\\\/10\\\/Hybride-Arbeitsmodelle-verbessern-und-zurueck-ins-Buero_Organisator.jpg\",\"contentUrl\":\"https:\\\/\\\/www.organisator.ch\\\/wp-content\\\/uploads\\\/2020\\\/10\\\/Hybride-Arbeitsmodelle-verbessern-und-zurueck-ins-Buero_Organisator.jpg\",\"width\":680,\"height\":453,\"caption\":\"Gem\u00e4ss einer Studie Arbeitnehmer rechnen mit einem Anstieg der Anzahl von hybriden Meetings (Meetings mit teils pers\u00f6nlicher und teils virtueller Teilnahme) in den n\u00e4chsten 12 Monaten.\"},{\"@type\":\"BreadcrumbList\",\"@id\":\"https:\\\/\\\/www.organisator.ch\\\/management\\\/2020-10-14\\\/hybride-arbeitsmodelle-verbessern-und-zurueck-ins-buero\\\/#breadcrumb\",\"itemListElement\":[{\"@type\":\"ListItem\",\"position\":1,\"name\":\"Home\",\"item\":\"https:\\\/\\\/www.organisator.ch\\\/\"},{\"@type\":\"ListItem\",\"position\":2,\"name\":\"Hybride Arbeitsmodelle verbessern und zur\u00fcck ins B\u00fcro\"}]},{\"@type\":\"WebSite\",\"@id\":\"https:\\\/\\\/www.organisator.ch\\\/#website\",\"url\":\"https:\\\/\\\/www.organisator.ch\\\/\",\"name\":\"Organisator\",\"description\":\"Kompetent. Praxisnah. Der ORGANISATOR bereitet in 10 Ausgaben pro Jahr die wesentlichen Themen f\u00fcr F\u00fchrungskr\u00e4fte von KMU auf.\",\"publisher\":{\"@id\":\"https:\\\/\\\/www.organisator.ch\\\/#organization\"},\"potentialAction\":[{\"@type\":\"SearchAction\",\"target\":{\"@type\":\"EntryPoint\",\"urlTemplate\":\"https:\\\/\\\/www.organisator.ch\\\/?s={search_term_string}\"},\"query-input\":{\"@type\":\"PropertyValueSpecification\",\"valueRequired\":true,\"valueName\":\"search_term_string\"}}],\"inLanguage\":\"de\"},{\"@type\":\"Organization\",\"@id\":\"https:\\\/\\\/www.organisator.ch\\\/#organization\",\"name\":\"Organisator\",\"url\":\"https:\\\/\\\/www.organisator.ch\\\/\",\"logo\":{\"@type\":\"ImageObject\",\"inLanguage\":\"de\",\"@id\":\"https:\\\/\\\/www.organisator.ch\\\/#\\\/schema\\\/logo\\\/image\\\/\",\"url\":\"https:\\\/\\\/www.organisator.ch\\\/wp-content\\\/uploads\\\/2022\\\/01\\\/Logo_Organisator_Website.png\",\"contentUrl\":\"https:\\\/\\\/www.organisator.ch\\\/wp-content\\\/uploads\\\/2022\\\/01\\\/Logo_Organisator_Website.png\",\"width\":800,\"height\":77,\"caption\":\"Organisator\"},\"image\":{\"@id\":\"https:\\\/\\\/www.organisator.ch\\\/#\\\/schema\\\/logo\\\/image\\\/\"},\"sameAs\":[\"https:\\\/\\\/www.facebook.com\\\/OrganisatorFachmagazin\",\"https:\\\/\\\/www.linkedin.com\\\/showcase\\\/organisator-das-magazin-fr-kmu\",\"https:\\\/\\\/www.xing.com\\\/news\\\/pages\\\/organisator-ch-695\",\"https:\\\/\\\/www.youtube.com\\\/channel\\\/UCGP2Sq0iWaZwT3BdIAQFYpw\"]},{\"@type\":\"Person\",\"@id\":\"https:\\\/\\\/www.organisator.ch\\\/#\\\/schema\\\/person\\\/6f650f90b2842cd4c0cc334b4e36f67e\",\"name\":\"thomas.berner\",\"image\":{\"@type\":\"ImageObject\",\"inLanguage\":\"de\",\"@id\":\"https:\\\/\\\/secure.gravatar.com\\\/avatar\\\/ac5001d2a36cb6c6cd3e50789007ffca834b477b74a2144564522e944eabff61?s=96&d=mm&r=g\",\"url\":\"https:\\\/\\\/secure.gravatar.com\\\/avatar\\\/ac5001d2a36cb6c6cd3e50789007ffca834b477b74a2144564522e944eabff61?s=96&d=mm&r=g\",\"contentUrl\":\"https:\\\/\\\/secure.gravatar.com\\\/avatar\\\/ac5001d2a36cb6c6cd3e50789007ffca834b477b74a2144564522e944eabff61?s=96&d=mm&r=g\",\"caption\":\"thomas.berner\"},\"url\":\"https:\\\/\\\/www.organisator.ch\\\/de\\\/author\\\/thomas-berner\\\/\"}]}<\/script>\n<!-- \/ Yoast SEO plugin. -->","yoast_head_json":{"title":"Hybride Arbeitsmodelle verbessern und zur\u00fcck ins B\u00fcro - Organisator","description":"Gem\u00e4ss einer Studie von Barco ClickShare erwarten Mitarbeitende von ihrem Arbeitgeber Investitionen in Technologien, die hybride Arbeitsmodelle erleichtern.","robots":{"index":"index","follow":"follow","max-snippet":"max-snippet:-1","max-image-preview":"max-image-preview:large","max-video-preview":"max-video-preview:-1"},"canonical":"https:\/\/www.organisator.ch\/de\/management\/2020-10-14\/hybride-arbeitsmodelle-verbessern-und-zurueck-ins-buero\/","og_locale":"de_DE","og_type":"article","og_title":"Hybride Arbeitsmodelle verbessern und zur\u00fcck ins B\u00fcro","og_description":"Gem\u00e4ss einer Studie von Barco ClickShare erwarten Mitarbeitende von ihrem Arbeitgeber Investitionen in Technologien, die hybride Arbeitsmodelle erleichtern.","og_url":"https:\/\/www.organisator.ch\/de\/management\/2020-10-14\/hybride-arbeitsmodelle-verbessern-und-zurueck-ins-buero\/","og_site_name":"Organisator","article_publisher":"https:\/\/www.facebook.com\/OrganisatorFachmagazin","article_published_time":"2020-10-14T07:57:12+00:00","og_image":[{"width":680,"height":453,"url":"https:\/\/www.organisator.ch\/wp-content\/uploads\/2020\/10\/Hybride-Arbeitsmodelle-verbessern-und-zurueck-ins-Buero_Organisator.jpg","type":"image\/jpeg"}],"author":"thomas.berner","twitter_card":"summary_large_image","twitter_title":"Hybride #Arbeitsmodelle verbessern und zur\u00fcck ins B\u00fcro","twitter_description":"Gem\u00e4ss einer Studie von #Barco #ClickShare erwarten Mitarbeitende von ihrem Arbeitgeber Investitionen in Technologien, die hybride #Arbeitsmodelle erleichtern.","twitter_image":"https:\/\/www.organisator.ch\/wp-content\/uploads\/2020\/10\/Hybride-Arbeitsmodelle-verbessern-und-zurueck-ins-Buero_Organisator.jpg","schema":{"@context":"https:\/\/schema.org","@graph":[{"@type":"Article","@id":"https:\/\/www.organisator.ch\/management\/2020-10-14\/hybride-arbeitsmodelle-verbessern-und-zurueck-ins-buero\/#article","isPartOf":{"@id":"https:\/\/www.organisator.ch\/management\/2020-10-14\/hybride-arbeitsmodelle-verbessern-und-zurueck-ins-buero\/"},"author":{"name":"thomas.berner","@id":"https:\/\/www.organisator.ch\/#\/schema\/person\/6f650f90b2842cd4c0cc334b4e36f67e"},"headline":"Hybride Arbeitsmodelle verbessern und zur\u00fcck ins B\u00fcro","datePublished":"2020-10-14T07:57:12+00:00","mainEntityOfPage":{"@id":"https:\/\/www.organisator.ch\/management\/2020-10-14\/hybride-arbeitsmodelle-verbessern-und-zurueck-ins-buero\/"},"wordCount":1101,"publisher":{"@id":"https:\/\/www.organisator.ch\/#organization"},"image":{"@id":"https:\/\/www.organisator.ch\/management\/2020-10-14\/hybride-arbeitsmodelle-verbessern-und-zurueck-ins-buero\/#primaryimage"},"thumbnailUrl":"https:\/\/www.organisator.ch\/wp-content\/uploads\/2020\/10\/Hybride-Arbeitsmodelle-verbessern-und-zurueck-ins-Buero_Organisator.jpg","keywords":["Arbeitsplatzgestaltung","HRM","Management und Unternehmensf\u00fchrung","New Work","Studie","Work Smart"],"articleSection":["MANAGEMENT"],"inLanguage":"de"},{"@type":"WebPage","@id":"https:\/\/www.organisator.ch\/management\/2020-10-14\/hybride-arbeitsmodelle-verbessern-und-zurueck-ins-buero\/","url":"https:\/\/www.organisator.ch\/management\/2020-10-14\/hybride-arbeitsmodelle-verbessern-und-zurueck-ins-buero\/","name":"Hybride Arbeitsmodelle verbessern und zur\u00fcck ins B\u00fcro - Organisator","isPartOf":{"@id":"https:\/\/www.organisator.ch\/#website"},"primaryImageOfPage":{"@id":"https:\/\/www.organisator.ch\/management\/2020-10-14\/hybride-arbeitsmodelle-verbessern-und-zurueck-ins-buero\/#primaryimage"},"image":{"@id":"https:\/\/www.organisator.ch\/management\/2020-10-14\/hybride-arbeitsmodelle-verbessern-und-zurueck-ins-buero\/#primaryimage"},"thumbnailUrl":"https:\/\/www.organisator.ch\/wp-content\/uploads\/2020\/10\/Hybride-Arbeitsmodelle-verbessern-und-zurueck-ins-Buero_Organisator.jpg","datePublished":"2020-10-14T07:57:12+00:00","description":"Gem\u00e4ss einer Studie von Barco ClickShare erwarten Mitarbeitende von ihrem Arbeitgeber Investitionen in Technologien, die hybride Arbeitsmodelle erleichtern.","breadcrumb":{"@id":"https:\/\/www.organisator.ch\/management\/2020-10-14\/hybride-arbeitsmodelle-verbessern-und-zurueck-ins-buero\/#breadcrumb"},"inLanguage":"de","potentialAction":[{"@type":"ReadAction","target":["https:\/\/www.organisator.ch\/management\/2020-10-14\/hybride-arbeitsmodelle-verbessern-und-zurueck-ins-buero\/"]}]},{"@type":"ImageObject","inLanguage":"de","@id":"https:\/\/www.organisator.ch\/management\/2020-10-14\/hybride-arbeitsmodelle-verbessern-und-zurueck-ins-buero\/#primaryimage","url":"https:\/\/www.organisator.ch\/wp-content\/uploads\/2020\/10\/Hybride-Arbeitsmodelle-verbessern-und-zurueck-ins-Buero_Organisator.jpg","contentUrl":"https:\/\/www.organisator.ch\/wp-content\/uploads\/2020\/10\/Hybride-Arbeitsmodelle-verbessern-und-zurueck-ins-Buero_Organisator.jpg","width":680,"height":453,"caption":"Gem\u00e4ss einer Studie Arbeitnehmer rechnen mit einem Anstieg der Anzahl von hybriden Meetings (Meetings mit teils pers\u00f6nlicher und teils virtueller Teilnahme) in den n\u00e4chsten 12 Monaten."},{"@type":"BreadcrumbList","@id":"https:\/\/www.organisator.ch\/management\/2020-10-14\/hybride-arbeitsmodelle-verbessern-und-zurueck-ins-buero\/#breadcrumb","itemListElement":[{"@type":"ListItem","position":1,"name":"Home","item":"https:\/\/www.organisator.ch\/"},{"@type":"ListItem","position":2,"name":"Hybride Arbeitsmodelle verbessern und zur\u00fcck ins B\u00fcro"}]},{"@type":"WebSite","@id":"https:\/\/www.organisator.ch\/#website","url":"https:\/\/www.organisator.ch\/","name":"Organisator","description":"Kompetent. Praxisnah. Der ORGANISATOR bereitet in 10 Ausgaben pro Jahr die wesentlichen Themen f\u00fcr F\u00fchrungskr\u00e4fte von KMU auf.","publisher":{"@id":"https:\/\/www.organisator.ch\/#organization"},"potentialAction":[{"@type":"SearchAction","target":{"@type":"EntryPoint","urlTemplate":"https:\/\/www.organisator.ch\/?s={search_term_string}"},"query-input":{"@type":"PropertyValueSpecification","valueRequired":true,"valueName":"search_term_string"}}],"inLanguage":"de"},{"@type":"Organization","@id":"https:\/\/www.organisator.ch\/#organization","name":"Organisator","url":"https:\/\/www.organisator.ch\/","logo":{"@type":"ImageObject","inLanguage":"de","@id":"https:\/\/www.organisator.ch\/#\/schema\/logo\/image\/","url":"https:\/\/www.organisator.ch\/wp-content\/uploads\/2022\/01\/Logo_Organisator_Website.png","contentUrl":"https:\/\/www.organisator.ch\/wp-content\/uploads\/2022\/01\/Logo_Organisator_Website.png","width":800,"height":77,"caption":"Organisator"},"image":{"@id":"https:\/\/www.organisator.ch\/#\/schema\/logo\/image\/"},"sameAs":["https:\/\/www.facebook.com\/OrganisatorFachmagazin","https:\/\/www.linkedin.com\/showcase\/organisator-das-magazin-fr-kmu","https:\/\/www.xing.com\/news\/pages\/organisator-ch-695","https:\/\/www.youtube.com\/channel\/UCGP2Sq0iWaZwT3BdIAQFYpw"]},{"@type":"Person","@id":"https:\/\/www.organisator.ch\/#\/schema\/person\/6f650f90b2842cd4c0cc334b4e36f67e","name":"thomas.berner","image":{"@type":"ImageObject","inLanguage":"de","@id":"https:\/\/secure.gravatar.com\/avatar\/ac5001d2a36cb6c6cd3e50789007ffca834b477b74a2144564522e944eabff61?s=96&d=mm&r=g","url":"https:\/\/secure.gravatar.com\/avatar\/ac5001d2a36cb6c6cd3e50789007ffca834b477b74a2144564522e944eabff61?s=96&d=mm&r=g","contentUrl":"https:\/\/secure.gravatar.com\/avatar\/ac5001d2a36cb6c6cd3e50789007ffca834b477b74a2144564522e944eabff61?s=96&d=mm&r=g","caption":"thomas.berner"},"url":"https:\/\/www.organisator.ch\/de\/author\/thomas-berner\/"}]}},"_links":{"self":[{"href":"https:\/\/www.organisator.ch\/de\/wp-json\/wp\/v2\/posts\/7218","targetHints":{"allow":["GET"]}}],"collection":[{"href":"https:\/\/www.organisator.ch\/de\/wp-json\/wp\/v2\/posts"}],"about":[{"href":"https:\/\/www.organisator.ch\/de\/wp-json\/wp\/v2\/types\/post"}],"author":[{"embeddable":true,"href":"https:\/\/www.organisator.ch\/de\/wp-json\/wp\/v2\/users\/4"}],"replies":[{"embeddable":true,"href":"https:\/\/www.organisator.ch\/de\/wp-json\/wp\/v2\/comments?post=7218"}],"version-history":[{"count":0,"href":"https:\/\/www.organisator.ch\/de\/wp-json\/wp\/v2\/posts\/7218\/revisions"}],"wp:featuredmedia":[{"embeddable":true,"href":"https:\/\/www.organisator.ch\/de\/wp-json\/wp\/v2\/media\/7219"}],"wp:attachment":[{"href":"https:\/\/www.organisator.ch\/de\/wp-json\/wp\/v2\/media?parent=7218"}],"wp:term":[{"taxonomy":"category","embeddable":true,"href":"https:\/\/www.organisator.ch\/de\/wp-json\/wp\/v2\/categories?post=7218"},{"taxonomy":"post_tag","embeddable":true,"href":"https:\/\/www.organisator.ch\/de\/wp-json\/wp\/v2\/tags?post=7218"}],"curies":[{"name":"wp","href":"https:\/\/api.w.org\/{rel}","templated":true}]}}