{"id":7221,"date":"2020-10-14T10:49:27","date_gmt":"2020-10-14T08:49:27","guid":{"rendered":"https:\/\/www.organisator.ch\/?p=7221"},"modified":"2020-10-14T10:49:27","modified_gmt":"2020-10-14T08:49:27","slug":"lueften-in-bueros-zum-nationalsport-machen","status":"publish","type":"post","link":"https:\/\/www.organisator.ch\/de\/human-resources\/fit_im_job\/2020-10-14\/lueften-in-bueros-zum-nationalsport-machen\/","title":{"rendered":"L\u00fcften in B\u00fcros zum Nationalsport machen"},"content":{"rendered":"<figure id=\"attachment_7222\" aria-describedby=\"caption-attachment-7222\" style=\"width: 680px\" class=\"wp-caption alignnone\"><img loading=\"lazy\" decoding=\"async\" class=\"size-medium wp-image-7222\" src=\"https:\/\/www.organisator.ch\/wp-content\/uploads\/2020\/10\/Lueften-in-Bueros-zum-Nationalsport-machen_Organisator.jpg\" alt=\"\" width=\"680\" height=\"304\" srcset=\"https:\/\/www.organisator.ch\/wp-content\/uploads\/2020\/10\/Lueften-in-Bueros-zum-Nationalsport-machen_Organisator.jpg 680w, https:\/\/www.organisator.ch\/wp-content\/uploads\/2020\/10\/Lueften-in-Bueros-zum-Nationalsport-machen_Organisator-16x7.jpg 16w, https:\/\/www.organisator.ch\/wp-content\/uploads\/2020\/10\/Lueften-in-Bueros-zum-Nationalsport-machen_Organisator-375x168.jpg 375w, https:\/\/www.organisator.ch\/wp-content\/uploads\/2020\/10\/Lueften-in-Bueros-zum-Nationalsport-machen_Organisator-300x134.jpg 300w\" sizes=\"auto, (max-width: 680px) 100vw, 680px\" \/><figcaption id=\"caption-attachment-7222\" class=\"wp-caption-text\">Soll L\u00fcften in B\u00fcros spielerisch erleichtern: Der CO2-Sensor CARU air. (Bild: CARU AG)<\/figcaption><\/figure>\n<p>Im Abstand halten, H\u00e4nde waschen und Maske tragen sind wir l\u00e4ngst Profis. L\u00fcften hingegen haben viele von uns nicht im Blick. Noch nicht. Zahlreiche Studien zeigen aber: Das Coronavirus kann auch \u00fcber sogenannte Aerosole \u00fcbertragen werden. So hat Deutschland als erstes Land das L\u00fcften als eine der f\u00fcnf Hauptmassnahmen zur Eind\u00e4mmung des Coronavirus erkl\u00e4rt. Denn nach dem Lockdown im Fr\u00fchling ist f\u00fcr viele klar: Wir wollen weiterhin unsere Eltern bzw. Grosseltern in Alters- und Pflegeinstitutionen besuchen d\u00fcrfen, unsere Kinder in die Schule schicken k\u00f6nnen und als Abwechslung zum Homeoffice das B\u00fcro mit unseren Arbeitskollegen teilen.<\/p>\n<h2>Mit Frischluft gegen Corona<\/h2>\n<p>Gerade in R\u00e4umen mit vielen Menschen wie z. B. Schulzimmern, Sitzungszimmern, Grossraumb\u00fcros, Co-Working Spaces, Restaurants, Spit\u00e4lern und Alters- und Pflegezentren kann es durch mangelnde Frischluftzufuhr schnell zu einem erh\u00f6hten Ansteckungsrisiko mit dem Coronavirus kommen. Auch dann, wenn der Abstand eingehalten und die H\u00e4nde fleissig gewaschen werden. Denn durch die Luft, die wir ausatmen, verbreiten wir Aerosole. \u00dcber diese gelangen auch Coronaviren in die Luft. Durch L\u00fcften k\u00f6nnen wir die Menge an Aerosolen in der Raumluft senken. Und damit auch die Ansteckungsgefahr mit dem Coronavirus. Richtig l\u00fcften in B\u00fcros ist also die Devise der kommenden Herbst- und Wintermonate. So simpel wie es auch scheint: richtig und effektiv l\u00fcften ist gar nicht so einfach.<\/p>\n<h2>Wissen, wann es Zeit ist zum L\u00fcften in B\u00fcros<\/h2>\n<p>Die CO2-Konzentration ist ein zuverl\u00e4ssiger Indikator, wann und wie viel Frischluftzufuhr es braucht. Und genau hier setzt CARU air an. \u00abMit CARU air wollen wir nicht einfach nur die CO2-Konzentration in der Luft messen\u00bb, meint Susanne Dr\u00f6scher, Co-CEO der CARU AG. \u00abWir wollen das L\u00fcften spielerisch in den Alltag einbauen und es zum Teamsport machen \u2013 f\u00fcr Jung und Alt.\u00bb Das CO2-Messger\u00e4t CARU air funktioniert wie eine Ampel: Zeit zu l\u00fcften ist es fr\u00fchestens bei gelb (1000 \u2013 1399 ppm CO2) und sp\u00e4testens bei rot (&gt; 1400 ppm CO2). Bei CARU air handelt es sich quasi um einen \u00abSide Kick\u00bb zum Kernprodukt von CARU AG, einem sprachgesteuerten Notruf f\u00fcr Senioren mit Chat-Funktion. \u00abDer Schritt von einem sprachgesteuerten Notruf zum CO2 Messger\u00e4t scheint von aussen vielleicht gross. Tats\u00e4chlich war durch die Umsetzung unserer Vision in das Kernprodukt alles bereits da, was es f\u00fcr ein cooles CO2 Messger\u00e4t braucht: Ein pr\u00e4miertes Design und ein hochwertiger CO2 Sensor von Sensirion\u00bb, meint Thomas Helbling, Co-CEO der CARU AG. Der hochwertige Sensor des weltweit f\u00fchrenden Herstellers digitaler Mikrosensoren mit Sitz in der Schweiz stellt sicher, dass CARU air die CO2- Konzentration exakt und zuverl\u00e4ssig ermittelt.<\/p>\n<h2>Erste Einheiten bereits erfolgreich im Einsatz<\/h2>\n<p>Seit ein paar Wochen stehen die ersten CARU air in ausgew\u00e4hlten Schulen, Altersinstitutionen, B\u00fcros und Arztpraxen. Das Feedback: Durchs Band positiv. Jan Hollenstein, Gesch\u00e4ftsf\u00fchrer der<br \/>\nTertianum Residenz Segeten meint: \u00abSeit dem Fr\u00fchling sind die Anforderungen in Bezug auf die Pandemie f\u00fcr die Mitarbeitenden stetig gestiegen. Sie m\u00fcssen auf viele Dinge gleichzeitig achten. CARU air macht es uns in Bezug auf das L\u00fcften einfach und erg\u00e4nzt unser Schutzkonzept daher optimal\u00bb. Erste Vorbestellungen von Grossunternehmen wie Einheiten der ETH Z\u00fcrich sind bereits eingetroffen. CARU air kann bequem online bestellt werden: <a href=\"http:\/\/www.caruair.com\">www.caruair.com<\/a>.<\/p>\n","protected":false},"excerpt":{"rendered":"<p>Im Abstand halten, H\u00e4nde waschen und Maske tragen sind wir l\u00e4ngst Profis. L\u00fcften hingegen haben viele von uns nicht im Blick. Noch nicht. Zahlreiche Studien zeigen aber: Das Coronavirus kann auch \u00fcber sogenannte Aerosole \u00fcbertragen werden. So hat Deutschland als erstes Land das L\u00fcften als eine der f\u00fcnf Hauptmassnahmen zur Eind\u00e4mmung des Coronavirus erkl\u00e4rt. Denn [&hellip;]<\/p>\n","protected":false},"author":4,"featured_media":7222,"comment_status":"closed","ping_status":"closed","sticky":false,"template":"","format":"standard","meta":{"_acf_changed":false,"_yoast_wpseo_focuskw":"L\u00fcften in B\u00fcros","_yoast_wpseo_metadesc":"Das Z\u00fcrcher Jungunternehmen CARU AG m\u00f6chte mit seinem j\u00fcngsten Produkt CARU air das L\u00fcften in B\u00fcros zum Nationalsport machen und Corona die Stirn bieten.","articlekey":"","footnotes":""},"categories":[25],"tags":[77,208,393,451],"class_list":["post-7221","post","type-post","status-publish","format-standard","has-post-thumbnail","hentry","category-fit_im_job","tag-betriebliches-gesundheitsmanagement","tag-fit-im-job","tag-produkte","tag-startups"],"acf":[],"yoast_head":"<!-- This site is optimized with the Yoast SEO plugin v27.5 - https:\/\/yoast.com\/product\/yoast-seo-wordpress\/ -->\n<title>L\u00fcften in B\u00fcros zum Nationalsport machen - Organisator<\/title>\n<meta name=\"description\" content=\"Das Z\u00fcrcher Jungunternehmen CARU AG m\u00f6chte mit seinem j\u00fcngsten Produkt CARU air das L\u00fcften in B\u00fcros zum Nationalsport machen und Corona die Stirn bieten.\" \/>\n<meta name=\"robots\" content=\"index, follow, max-snippet:-1, max-image-preview:large, max-video-preview:-1\" \/>\n<link rel=\"canonical\" href=\"https:\/\/www.organisator.ch\/de\/human-resources\/fit_im_job\/2020-10-14\/lueften-in-bueros-zum-nationalsport-machen\/\" \/>\n<meta property=\"og:locale\" content=\"de_DE\" \/>\n<meta property=\"og:type\" content=\"article\" \/>\n<meta property=\"og:title\" content=\"L\u00fcften in B\u00fcros zum Nationalsport machen\" \/>\n<meta property=\"og:description\" content=\"Das Z\u00fcrcher Jungunternehmen CARU AG m\u00f6chte mit seinem j\u00fcngsten Produkt CARU air das L\u00fcften in B\u00fcros zum Nationalsport machen und Corona die Stirn bieten.\" \/>\n<meta property=\"og:url\" content=\"https:\/\/www.organisator.ch\/de\/human-resources\/fit_im_job\/2020-10-14\/lueften-in-bueros-zum-nationalsport-machen\/\" \/>\n<meta property=\"og:site_name\" content=\"Organisator\" \/>\n<meta property=\"article:publisher\" content=\"https:\/\/www.facebook.com\/OrganisatorFachmagazin\" \/>\n<meta property=\"article:published_time\" content=\"2020-10-14T08:49:27+00:00\" \/>\n<meta property=\"og:image\" content=\"https:\/\/www.organisator.ch\/wp-content\/uploads\/2020\/10\/Lueften-in-Bueros-zum-Nationalsport-machen_Organisator.jpg\" \/>\n\t<meta property=\"og:image:width\" content=\"680\" \/>\n\t<meta property=\"og:image:height\" content=\"304\" \/>\n\t<meta property=\"og:image:type\" content=\"image\/jpeg\" \/>\n<meta name=\"author\" content=\"thomas.berner\" \/>\n<meta name=\"twitter:card\" content=\"summary_large_image\" \/>\n<meta name=\"twitter:title\" content=\"#L\u00fcften in B\u00fcros zum #Nationalsport machen\" \/>\n<meta name=\"twitter:description\" content=\"Das Z\u00fcrcher #Jungunternehmen #CARU AG m\u00f6chte mit seinem j\u00fcngsten Produkt CARU air das #L\u00fcften in B\u00fcros zum Nationalsport machen und Corona die Stirn bieten.\" \/>\n<meta name=\"twitter:image\" content=\"https:\/\/www.organisator.ch\/wp-content\/uploads\/2020\/10\/Lueften-in-Bueros-zum-Nationalsport-machen_Organisator.jpg\" \/>\n<script type=\"application\/ld+json\" class=\"yoast-schema-graph\">{\"@context\":\"https:\\\/\\\/schema.org\",\"@graph\":[{\"@type\":\"Article\",\"@id\":\"https:\\\/\\\/www.organisator.ch\\\/human-resources\\\/fit_im_job\\\/2020-10-14\\\/lueften-in-bueros-zum-nationalsport-machen\\\/#article\",\"isPartOf\":{\"@id\":\"https:\\\/\\\/www.organisator.ch\\\/human-resources\\\/fit_im_job\\\/2020-10-14\\\/lueften-in-bueros-zum-nationalsport-machen\\\/\"},\"author\":{\"name\":\"thomas.berner\",\"@id\":\"https:\\\/\\\/www.organisator.ch\\\/#\\\/schema\\\/person\\\/6f650f90b2842cd4c0cc334b4e36f67e\"},\"headline\":\"L\u00fcften in B\u00fcros zum Nationalsport machen\",\"datePublished\":\"2020-10-14T08:49:27+00:00\",\"mainEntityOfPage\":{\"@id\":\"https:\\\/\\\/www.organisator.ch\\\/human-resources\\\/fit_im_job\\\/2020-10-14\\\/lueften-in-bueros-zum-nationalsport-machen\\\/\"},\"wordCount\":587,\"publisher\":{\"@id\":\"https:\\\/\\\/www.organisator.ch\\\/#organization\"},\"image\":{\"@id\":\"https:\\\/\\\/www.organisator.ch\\\/human-resources\\\/fit_im_job\\\/2020-10-14\\\/lueften-in-bueros-zum-nationalsport-machen\\\/#primaryimage\"},\"thumbnailUrl\":\"https:\\\/\\\/www.organisator.ch\\\/wp-content\\\/uploads\\\/2020\\\/10\\\/Lueften-in-Bueros-zum-Nationalsport-machen_Organisator.jpg\",\"keywords\":[\"Betriebliches Gesundheitsmanagement\",\"Fit im Job\",\"Produkte\",\"Startups\"],\"articleSection\":[\"FIT IM JOB\"],\"inLanguage\":\"de\"},{\"@type\":\"WebPage\",\"@id\":\"https:\\\/\\\/www.organisator.ch\\\/human-resources\\\/fit_im_job\\\/2020-10-14\\\/lueften-in-bueros-zum-nationalsport-machen\\\/\",\"url\":\"https:\\\/\\\/www.organisator.ch\\\/human-resources\\\/fit_im_job\\\/2020-10-14\\\/lueften-in-bueros-zum-nationalsport-machen\\\/\",\"name\":\"L\u00fcften in B\u00fcros zum Nationalsport machen - Organisator\",\"isPartOf\":{\"@id\":\"https:\\\/\\\/www.organisator.ch\\\/#website\"},\"primaryImageOfPage\":{\"@id\":\"https:\\\/\\\/www.organisator.ch\\\/human-resources\\\/fit_im_job\\\/2020-10-14\\\/lueften-in-bueros-zum-nationalsport-machen\\\/#primaryimage\"},\"image\":{\"@id\":\"https:\\\/\\\/www.organisator.ch\\\/human-resources\\\/fit_im_job\\\/2020-10-14\\\/lueften-in-bueros-zum-nationalsport-machen\\\/#primaryimage\"},\"thumbnailUrl\":\"https:\\\/\\\/www.organisator.ch\\\/wp-content\\\/uploads\\\/2020\\\/10\\\/Lueften-in-Bueros-zum-Nationalsport-machen_Organisator.jpg\",\"datePublished\":\"2020-10-14T08:49:27+00:00\",\"description\":\"Das Z\u00fcrcher Jungunternehmen CARU AG m\u00f6chte mit seinem j\u00fcngsten Produkt CARU air das L\u00fcften in B\u00fcros zum Nationalsport machen und Corona die Stirn bieten.\",\"breadcrumb\":{\"@id\":\"https:\\\/\\\/www.organisator.ch\\\/human-resources\\\/fit_im_job\\\/2020-10-14\\\/lueften-in-bueros-zum-nationalsport-machen\\\/#breadcrumb\"},\"inLanguage\":\"de\",\"potentialAction\":[{\"@type\":\"ReadAction\",\"target\":[\"https:\\\/\\\/www.organisator.ch\\\/human-resources\\\/fit_im_job\\\/2020-10-14\\\/lueften-in-bueros-zum-nationalsport-machen\\\/\"]}]},{\"@type\":\"ImageObject\",\"inLanguage\":\"de\",\"@id\":\"https:\\\/\\\/www.organisator.ch\\\/human-resources\\\/fit_im_job\\\/2020-10-14\\\/lueften-in-bueros-zum-nationalsport-machen\\\/#primaryimage\",\"url\":\"https:\\\/\\\/www.organisator.ch\\\/wp-content\\\/uploads\\\/2020\\\/10\\\/Lueften-in-Bueros-zum-Nationalsport-machen_Organisator.jpg\",\"contentUrl\":\"https:\\\/\\\/www.organisator.ch\\\/wp-content\\\/uploads\\\/2020\\\/10\\\/Lueften-in-Bueros-zum-Nationalsport-machen_Organisator.jpg\",\"width\":680,\"height\":304,\"caption\":\"Soll L\u00fcften in B\u00fcros spielerisch erleichtern: Der CO2-Sensor CARU air. (Bild: CARU AG)\"},{\"@type\":\"BreadcrumbList\",\"@id\":\"https:\\\/\\\/www.organisator.ch\\\/human-resources\\\/fit_im_job\\\/2020-10-14\\\/lueften-in-bueros-zum-nationalsport-machen\\\/#breadcrumb\",\"itemListElement\":[{\"@type\":\"ListItem\",\"position\":1,\"name\":\"Home\",\"item\":\"https:\\\/\\\/www.organisator.ch\\\/\"},{\"@type\":\"ListItem\",\"position\":2,\"name\":\"L\u00fcften in B\u00fcros zum Nationalsport machen\"}]},{\"@type\":\"WebSite\",\"@id\":\"https:\\\/\\\/www.organisator.ch\\\/#website\",\"url\":\"https:\\\/\\\/www.organisator.ch\\\/\",\"name\":\"Organisator\",\"description\":\"Kompetent. Praxisnah. Der ORGANISATOR bereitet in 10 Ausgaben pro Jahr die wesentlichen Themen f\u00fcr F\u00fchrungskr\u00e4fte von KMU auf.\",\"publisher\":{\"@id\":\"https:\\\/\\\/www.organisator.ch\\\/#organization\"},\"potentialAction\":[{\"@type\":\"SearchAction\",\"target\":{\"@type\":\"EntryPoint\",\"urlTemplate\":\"https:\\\/\\\/www.organisator.ch\\\/?s={search_term_string}\"},\"query-input\":{\"@type\":\"PropertyValueSpecification\",\"valueRequired\":true,\"valueName\":\"search_term_string\"}}],\"inLanguage\":\"de\"},{\"@type\":\"Organization\",\"@id\":\"https:\\\/\\\/www.organisator.ch\\\/#organization\",\"name\":\"Organisator\",\"url\":\"https:\\\/\\\/www.organisator.ch\\\/\",\"logo\":{\"@type\":\"ImageObject\",\"inLanguage\":\"de\",\"@id\":\"https:\\\/\\\/www.organisator.ch\\\/#\\\/schema\\\/logo\\\/image\\\/\",\"url\":\"https:\\\/\\\/www.organisator.ch\\\/wp-content\\\/uploads\\\/2022\\\/01\\\/Logo_Organisator_Website.png\",\"contentUrl\":\"https:\\\/\\\/www.organisator.ch\\\/wp-content\\\/uploads\\\/2022\\\/01\\\/Logo_Organisator_Website.png\",\"width\":800,\"height\":77,\"caption\":\"Organisator\"},\"image\":{\"@id\":\"https:\\\/\\\/www.organisator.ch\\\/#\\\/schema\\\/logo\\\/image\\\/\"},\"sameAs\":[\"https:\\\/\\\/www.facebook.com\\\/OrganisatorFachmagazin\",\"https:\\\/\\\/www.linkedin.com\\\/showcase\\\/organisator-das-magazin-fr-kmu\",\"https:\\\/\\\/www.xing.com\\\/news\\\/pages\\\/organisator-ch-695\",\"https:\\\/\\\/www.youtube.com\\\/channel\\\/UCGP2Sq0iWaZwT3BdIAQFYpw\"]},{\"@type\":\"Person\",\"@id\":\"https:\\\/\\\/www.organisator.ch\\\/#\\\/schema\\\/person\\\/6f650f90b2842cd4c0cc334b4e36f67e\",\"name\":\"thomas.berner\",\"image\":{\"@type\":\"ImageObject\",\"inLanguage\":\"de\",\"@id\":\"https:\\\/\\\/secure.gravatar.com\\\/avatar\\\/ac5001d2a36cb6c6cd3e50789007ffca834b477b74a2144564522e944eabff61?s=96&d=mm&r=g\",\"url\":\"https:\\\/\\\/secure.gravatar.com\\\/avatar\\\/ac5001d2a36cb6c6cd3e50789007ffca834b477b74a2144564522e944eabff61?s=96&d=mm&r=g\",\"contentUrl\":\"https:\\\/\\\/secure.gravatar.com\\\/avatar\\\/ac5001d2a36cb6c6cd3e50789007ffca834b477b74a2144564522e944eabff61?s=96&d=mm&r=g\",\"caption\":\"thomas.berner\"},\"url\":\"https:\\\/\\\/www.organisator.ch\\\/de\\\/author\\\/thomas-berner\\\/\"}]}<\/script>\n<!-- \/ Yoast SEO plugin. -->","yoast_head_json":{"title":"L\u00fcften in B\u00fcros zum Nationalsport machen - Organisator","description":"Das Z\u00fcrcher Jungunternehmen CARU AG m\u00f6chte mit seinem j\u00fcngsten Produkt CARU air das L\u00fcften in B\u00fcros zum Nationalsport machen und Corona die Stirn bieten.","robots":{"index":"index","follow":"follow","max-snippet":"max-snippet:-1","max-image-preview":"max-image-preview:large","max-video-preview":"max-video-preview:-1"},"canonical":"https:\/\/www.organisator.ch\/de\/human-resources\/fit_im_job\/2020-10-14\/lueften-in-bueros-zum-nationalsport-machen\/","og_locale":"de_DE","og_type":"article","og_title":"L\u00fcften in B\u00fcros zum Nationalsport machen","og_description":"Das Z\u00fcrcher Jungunternehmen CARU AG m\u00f6chte mit seinem j\u00fcngsten Produkt CARU air das L\u00fcften in B\u00fcros zum Nationalsport machen und Corona die Stirn bieten.","og_url":"https:\/\/www.organisator.ch\/de\/human-resources\/fit_im_job\/2020-10-14\/lueften-in-bueros-zum-nationalsport-machen\/","og_site_name":"Organisator","article_publisher":"https:\/\/www.facebook.com\/OrganisatorFachmagazin","article_published_time":"2020-10-14T08:49:27+00:00","og_image":[{"width":680,"height":304,"url":"https:\/\/www.organisator.ch\/wp-content\/uploads\/2020\/10\/Lueften-in-Bueros-zum-Nationalsport-machen_Organisator.jpg","type":"image\/jpeg"}],"author":"thomas.berner","twitter_card":"summary_large_image","twitter_title":"#L\u00fcften in B\u00fcros zum #Nationalsport machen","twitter_description":"Das Z\u00fcrcher #Jungunternehmen #CARU AG m\u00f6chte mit seinem j\u00fcngsten Produkt CARU air das #L\u00fcften in B\u00fcros zum Nationalsport machen und Corona die Stirn bieten.","twitter_image":"https:\/\/www.organisator.ch\/wp-content\/uploads\/2020\/10\/Lueften-in-Bueros-zum-Nationalsport-machen_Organisator.jpg","schema":{"@context":"https:\/\/schema.org","@graph":[{"@type":"Article","@id":"https:\/\/www.organisator.ch\/human-resources\/fit_im_job\/2020-10-14\/lueften-in-bueros-zum-nationalsport-machen\/#article","isPartOf":{"@id":"https:\/\/www.organisator.ch\/human-resources\/fit_im_job\/2020-10-14\/lueften-in-bueros-zum-nationalsport-machen\/"},"author":{"name":"thomas.berner","@id":"https:\/\/www.organisator.ch\/#\/schema\/person\/6f650f90b2842cd4c0cc334b4e36f67e"},"headline":"L\u00fcften in B\u00fcros zum Nationalsport machen","datePublished":"2020-10-14T08:49:27+00:00","mainEntityOfPage":{"@id":"https:\/\/www.organisator.ch\/human-resources\/fit_im_job\/2020-10-14\/lueften-in-bueros-zum-nationalsport-machen\/"},"wordCount":587,"publisher":{"@id":"https:\/\/www.organisator.ch\/#organization"},"image":{"@id":"https:\/\/www.organisator.ch\/human-resources\/fit_im_job\/2020-10-14\/lueften-in-bueros-zum-nationalsport-machen\/#primaryimage"},"thumbnailUrl":"https:\/\/www.organisator.ch\/wp-content\/uploads\/2020\/10\/Lueften-in-Bueros-zum-Nationalsport-machen_Organisator.jpg","keywords":["Betriebliches Gesundheitsmanagement","Fit im Job","Produkte","Startups"],"articleSection":["FIT IM JOB"],"inLanguage":"de"},{"@type":"WebPage","@id":"https:\/\/www.organisator.ch\/human-resources\/fit_im_job\/2020-10-14\/lueften-in-bueros-zum-nationalsport-machen\/","url":"https:\/\/www.organisator.ch\/human-resources\/fit_im_job\/2020-10-14\/lueften-in-bueros-zum-nationalsport-machen\/","name":"L\u00fcften in B\u00fcros zum Nationalsport machen - Organisator","isPartOf":{"@id":"https:\/\/www.organisator.ch\/#website"},"primaryImageOfPage":{"@id":"https:\/\/www.organisator.ch\/human-resources\/fit_im_job\/2020-10-14\/lueften-in-bueros-zum-nationalsport-machen\/#primaryimage"},"image":{"@id":"https:\/\/www.organisator.ch\/human-resources\/fit_im_job\/2020-10-14\/lueften-in-bueros-zum-nationalsport-machen\/#primaryimage"},"thumbnailUrl":"https:\/\/www.organisator.ch\/wp-content\/uploads\/2020\/10\/Lueften-in-Bueros-zum-Nationalsport-machen_Organisator.jpg","datePublished":"2020-10-14T08:49:27+00:00","description":"Das Z\u00fcrcher Jungunternehmen CARU AG m\u00f6chte mit seinem j\u00fcngsten Produkt CARU air das L\u00fcften in B\u00fcros zum Nationalsport machen und Corona die Stirn bieten.","breadcrumb":{"@id":"https:\/\/www.organisator.ch\/human-resources\/fit_im_job\/2020-10-14\/lueften-in-bueros-zum-nationalsport-machen\/#breadcrumb"},"inLanguage":"de","potentialAction":[{"@type":"ReadAction","target":["https:\/\/www.organisator.ch\/human-resources\/fit_im_job\/2020-10-14\/lueften-in-bueros-zum-nationalsport-machen\/"]}]},{"@type":"ImageObject","inLanguage":"de","@id":"https:\/\/www.organisator.ch\/human-resources\/fit_im_job\/2020-10-14\/lueften-in-bueros-zum-nationalsport-machen\/#primaryimage","url":"https:\/\/www.organisator.ch\/wp-content\/uploads\/2020\/10\/Lueften-in-Bueros-zum-Nationalsport-machen_Organisator.jpg","contentUrl":"https:\/\/www.organisator.ch\/wp-content\/uploads\/2020\/10\/Lueften-in-Bueros-zum-Nationalsport-machen_Organisator.jpg","width":680,"height":304,"caption":"Soll L\u00fcften in B\u00fcros spielerisch erleichtern: Der CO2-Sensor CARU air. (Bild: CARU AG)"},{"@type":"BreadcrumbList","@id":"https:\/\/www.organisator.ch\/human-resources\/fit_im_job\/2020-10-14\/lueften-in-bueros-zum-nationalsport-machen\/#breadcrumb","itemListElement":[{"@type":"ListItem","position":1,"name":"Home","item":"https:\/\/www.organisator.ch\/"},{"@type":"ListItem","position":2,"name":"L\u00fcften in B\u00fcros zum Nationalsport machen"}]},{"@type":"WebSite","@id":"https:\/\/www.organisator.ch\/#website","url":"https:\/\/www.organisator.ch\/","name":"Organisator","description":"Kompetent. Praxisnah. Der ORGANISATOR bereitet in 10 Ausgaben pro Jahr die wesentlichen Themen f\u00fcr F\u00fchrungskr\u00e4fte von KMU auf.","publisher":{"@id":"https:\/\/www.organisator.ch\/#organization"},"potentialAction":[{"@type":"SearchAction","target":{"@type":"EntryPoint","urlTemplate":"https:\/\/www.organisator.ch\/?s={search_term_string}"},"query-input":{"@type":"PropertyValueSpecification","valueRequired":true,"valueName":"search_term_string"}}],"inLanguage":"de"},{"@type":"Organization","@id":"https:\/\/www.organisator.ch\/#organization","name":"Organisator","url":"https:\/\/www.organisator.ch\/","logo":{"@type":"ImageObject","inLanguage":"de","@id":"https:\/\/www.organisator.ch\/#\/schema\/logo\/image\/","url":"https:\/\/www.organisator.ch\/wp-content\/uploads\/2022\/01\/Logo_Organisator_Website.png","contentUrl":"https:\/\/www.organisator.ch\/wp-content\/uploads\/2022\/01\/Logo_Organisator_Website.png","width":800,"height":77,"caption":"Organisator"},"image":{"@id":"https:\/\/www.organisator.ch\/#\/schema\/logo\/image\/"},"sameAs":["https:\/\/www.facebook.com\/OrganisatorFachmagazin","https:\/\/www.linkedin.com\/showcase\/organisator-das-magazin-fr-kmu","https:\/\/www.xing.com\/news\/pages\/organisator-ch-695","https:\/\/www.youtube.com\/channel\/UCGP2Sq0iWaZwT3BdIAQFYpw"]},{"@type":"Person","@id":"https:\/\/www.organisator.ch\/#\/schema\/person\/6f650f90b2842cd4c0cc334b4e36f67e","name":"thomas.berner","image":{"@type":"ImageObject","inLanguage":"de","@id":"https:\/\/secure.gravatar.com\/avatar\/ac5001d2a36cb6c6cd3e50789007ffca834b477b74a2144564522e944eabff61?s=96&d=mm&r=g","url":"https:\/\/secure.gravatar.com\/avatar\/ac5001d2a36cb6c6cd3e50789007ffca834b477b74a2144564522e944eabff61?s=96&d=mm&r=g","contentUrl":"https:\/\/secure.gravatar.com\/avatar\/ac5001d2a36cb6c6cd3e50789007ffca834b477b74a2144564522e944eabff61?s=96&d=mm&r=g","caption":"thomas.berner"},"url":"https:\/\/www.organisator.ch\/de\/author\/thomas-berner\/"}]}},"_links":{"self":[{"href":"https:\/\/www.organisator.ch\/de\/wp-json\/wp\/v2\/posts\/7221","targetHints":{"allow":["GET"]}}],"collection":[{"href":"https:\/\/www.organisator.ch\/de\/wp-json\/wp\/v2\/posts"}],"about":[{"href":"https:\/\/www.organisator.ch\/de\/wp-json\/wp\/v2\/types\/post"}],"author":[{"embeddable":true,"href":"https:\/\/www.organisator.ch\/de\/wp-json\/wp\/v2\/users\/4"}],"replies":[{"embeddable":true,"href":"https:\/\/www.organisator.ch\/de\/wp-json\/wp\/v2\/comments?post=7221"}],"version-history":[{"count":0,"href":"https:\/\/www.organisator.ch\/de\/wp-json\/wp\/v2\/posts\/7221\/revisions"}],"wp:featuredmedia":[{"embeddable":true,"href":"https:\/\/www.organisator.ch\/de\/wp-json\/wp\/v2\/media\/7222"}],"wp:attachment":[{"href":"https:\/\/www.organisator.ch\/de\/wp-json\/wp\/v2\/media?parent=7221"}],"wp:term":[{"taxonomy":"category","embeddable":true,"href":"https:\/\/www.organisator.ch\/de\/wp-json\/wp\/v2\/categories?post=7221"},{"taxonomy":"post_tag","embeddable":true,"href":"https:\/\/www.organisator.ch\/de\/wp-json\/wp\/v2\/tags?post=7221"}],"curies":[{"name":"wp","href":"https:\/\/api.w.org\/{rel}","templated":true}]}}