{"id":7231,"date":"2020-10-19T11:07:06","date_gmt":"2020-10-19T09:07:06","guid":{"rendered":"https:\/\/www.organisator.ch\/?p=7231"},"modified":"2020-10-19T11:07:06","modified_gmt":"2020-10-19T09:07:06","slug":"schweizer-kmu-tag-wird-auf-2021-verschoben","status":"publish","type":"post","link":"https:\/\/www.organisator.ch\/de\/allgemein\/2020-10-19\/schweizer-kmu-tag-wird-auf-2021-verschoben\/","title":{"rendered":"Schweizer KMU-Tag wird auf 2021 verschoben"},"content":{"rendered":"<figure id=\"attachment_7232\" aria-describedby=\"caption-attachment-7232\" style=\"width: 680px\" class=\"wp-caption alignnone\"><img loading=\"lazy\" decoding=\"async\" class=\"size-medium wp-image-7232\" src=\"https:\/\/www.organisator.ch\/wp-content\/uploads\/2020\/10\/Schweizer-KMU-Tag-wird-auf-2021-verschoben_Organisator.jpg\" alt=\"\" width=\"680\" height=\"203\" srcset=\"https:\/\/www.organisator.ch\/wp-content\/uploads\/2020\/10\/Schweizer-KMU-Tag-wird-auf-2021-verschoben_Organisator.jpg 680w, https:\/\/www.organisator.ch\/wp-content\/uploads\/2020\/10\/Schweizer-KMU-Tag-wird-auf-2021-verschoben_Organisator-16x5.jpg 16w, https:\/\/www.organisator.ch\/wp-content\/uploads\/2020\/10\/Schweizer-KMU-Tag-wird-auf-2021-verschoben_Organisator-375x112.jpg 375w, https:\/\/www.organisator.ch\/wp-content\/uploads\/2020\/10\/Schweizer-KMU-Tag-wird-auf-2021-verschoben_Organisator-300x90.jpg 300w\" sizes=\"auto, (max-width: 680px) 100vw, 680px\" \/><figcaption id=\"caption-attachment-7232\" class=\"wp-caption-text\">Trotz umfangreichem Covid-19-Schutzkonzept: Der Schweizer KMU-Tag 2020 muss auf n\u00e4chstes Jahr verschoben werden. (<a href=\"http:\/\/www.kmu-tag.ch\">www.kmu-tag.ch<\/a>)<\/figcaption><\/figure>\n<p>Der f\u00fcr den 23. Oktober 2020 geplante Schweizer KMU-Tag in St.Gallen wird auf n\u00e4chstes Jahr verschoben. Neu findet er am 22. Oktober 2021 statt. Grund f\u00fcr die Verschiebung sind die kurzfristig vom Bundesrat in der neuen Verordnung versch\u00e4rften Covid-Schutzmassnahmen. Sie haben sich nun als eine zu grosse H\u00fcrde erwiesen, um die Mischung aus fachlichen Inputs in Referaten und Diskussionen und der Pflege und Erweiterung des pers\u00f6nlichen Netzwerks noch einigermassen realisierbar zu halten. Es scheint, dass sich das Tagungsmotto \u00abKMU und \u00dcberraschungen &#8211; Knall auf Fall!\u00bb erneut als zutreffender erweist, als man sich w\u00fcnschen kann.<\/p>\n<h2>Schweizer KMU-Tag stellt Schutz der Gesundheit in den Vordergrund<\/h2>\n<p>\u00abWir waren bereit, diesen wichtigen KMU-Netzwerk-Anlass mit einem umfassenden Schutzkonzept durchzuf\u00fchren\u00bb, erkl\u00e4rt Tobias Wolf, Mitglied des Organisationskomitees: \u00abZwar haben einige G\u00e4ste auf die Streaming-Variante umgebucht, aber nach wie vor w\u00e4ren \u00fcber 800 Teilnehmende vor Ort dabei gewesen.\u00bb F\u00fcr den Schweizer KMU-Tag stehe jedoch der Schutz der Gesundheit \u2013 genauso wie in den Klein- und Mittelunternehmen (KMU) selbst \u2013 und damit der Beitrag zur Eind\u00e4mmung der Pandemie im Vordergrund. Und dazu geh\u00f6rt eine l\u00fcckenlose Umsetzung der beh\u00f6rdlich vorgegebenen Massnahmen: Zwar w\u00e4re das RFID-Tracing am KMU-Tag deutlich weiter gegangen als vorgeschrieben. Die kurzfristig verf\u00fcgten 100er-Sektoren im Vortragsraum und entsprechend auch bei der Verpflegung sind beim Schweizer KMU-Tag mit vertretbarem Aufwand jedoch nicht umsetzbar.<\/p>\n<h2>Hoffnung auf Verst\u00e4ndnis<\/h2>\n<p>Die Organisatoren bedauern zwar die Verschiebung, sind jedoch sicher, dass die KMU-Szene Schweiz daf\u00fcr Verst\u00e4ndnis hat und dem Anlass auch im kommenden Jahr die Treue h\u00e4lt. Die verkauften Tickets behalten jedenfalls ihre G\u00fcltigkeit. Neue Details zum Programm werden sp\u00e4ter bekanntgegeben.<\/p>\n<p><em><a href=\"http:\/\/www.kmu-tag.ch\">www.kmu-tag.ch<\/a><\/em><\/p>\n","protected":false},"excerpt":{"rendered":"<p>Der f\u00fcr den 23. Oktober 2020 geplante Schweizer KMU-Tag in St.Gallen wird auf n\u00e4chstes Jahr verschoben. Neu findet er am 22. Oktober 2021 statt. Grund f\u00fcr die Verschiebung sind die kurzfristig vom Bundesrat in der neuen Verordnung versch\u00e4rften Covid-Schutzmassnahmen. Sie haben sich nun als eine zu grosse H\u00fcrde erwiesen, um die Mischung aus fachlichen Inputs [&hellip;]<\/p>\n","protected":false},"author":4,"featured_media":7232,"comment_status":"closed","ping_status":"closed","sticky":false,"template":"","format":"standard","meta":{"_acf_changed":false,"_yoast_wpseo_focuskw":"Schweizer KMU-Tag","_yoast_wpseo_metadesc":"Der Schweizer KMU-Tag, geplant f\u00fcr den 23. Oktober, wird um ein Jahr verschoben. Er findet neu am 22. Oktober 2021 statt.","articlekey":"","footnotes":""},"categories":[1],"tags":[193,492,508],"class_list":["post-7231","post","type-post","status-publish","format-standard","has-post-thumbnail","hentry","category-allgemein","tag-fachkongressfachmesse","tag-unternehmen","tag-vermischtes"],"acf":[],"yoast_head":"<!-- This site is optimized with the Yoast SEO plugin v27.5 - https:\/\/yoast.com\/product\/yoast-seo-wordpress\/ -->\n<title>Schweizer KMU-Tag wird auf 2021 verschoben - Organisator<\/title>\n<meta name=\"description\" content=\"Der Schweizer KMU-Tag, geplant f\u00fcr den 23. Oktober, wird um ein Jahr verschoben. Er findet neu am 22. Oktober 2021 statt.\" \/>\n<meta name=\"robots\" content=\"index, follow, max-snippet:-1, max-image-preview:large, max-video-preview:-1\" \/>\n<link rel=\"canonical\" href=\"https:\/\/www.organisator.ch\/de\/allgemein\/2020-10-19\/schweizer-kmu-tag-wird-auf-2021-verschoben\/\" \/>\n<meta property=\"og:locale\" content=\"de_DE\" \/>\n<meta property=\"og:type\" content=\"article\" \/>\n<meta property=\"og:title\" content=\"Schweizer KMU-Tag wird auf 2021 verschoben\" \/>\n<meta property=\"og:description\" content=\"Der Schweizer KMU-Tag, geplant f\u00fcr den 23. Oktober, wird um ein Jahr verschoben. Er findet neu am 22. Oktober 2021 statt.\" \/>\n<meta property=\"og:url\" content=\"https:\/\/www.organisator.ch\/de\/allgemein\/2020-10-19\/schweizer-kmu-tag-wird-auf-2021-verschoben\/\" \/>\n<meta property=\"og:site_name\" content=\"Organisator\" \/>\n<meta property=\"article:publisher\" content=\"https:\/\/www.facebook.com\/OrganisatorFachmagazin\" \/>\n<meta property=\"article:published_time\" content=\"2020-10-19T09:07:06+00:00\" \/>\n<meta property=\"og:image\" content=\"https:\/\/www.organisator.ch\/wp-content\/uploads\/2020\/10\/Schweizer-KMU-Tag-wird-auf-2021-verschoben_Organisator.jpg\" \/>\n\t<meta property=\"og:image:width\" content=\"680\" \/>\n\t<meta property=\"og:image:height\" content=\"203\" \/>\n\t<meta property=\"og:image:type\" content=\"image\/jpeg\" \/>\n<meta name=\"author\" content=\"thomas.berner\" \/>\n<meta name=\"twitter:card\" content=\"summary_large_image\" \/>\n<meta name=\"twitter:title\" content=\"Schweizer #KMU-Tag wird auf 2021 verschoben\" \/>\n<meta name=\"twitter:description\" content=\"Der Schweizer #KMU-Tag, geplant f\u00fcr den 23. Oktober, wird um ein Jahr verschoben. Er findet neu am 22. Oktober 2021 statt.\" \/>\n<meta name=\"twitter:image\" content=\"https:\/\/www.organisator.ch\/wp-content\/uploads\/2020\/10\/Schweizer-KMU-Tag-wird-auf-2021-verschoben_Organisator.jpg\" \/>\n<script type=\"application\/ld+json\" class=\"yoast-schema-graph\">{\"@context\":\"https:\\\/\\\/schema.org\",\"@graph\":[{\"@type\":\"Article\",\"@id\":\"https:\\\/\\\/www.organisator.ch\\\/en\\\/general\\\/2020-10-19\\\/schweizer-kmu-tag-wird-auf-2021-verschoben\\\/#article\",\"isPartOf\":{\"@id\":\"https:\\\/\\\/www.organisator.ch\\\/en\\\/general\\\/2020-10-19\\\/schweizer-kmu-tag-wird-auf-2021-verschoben\\\/\"},\"author\":{\"name\":\"thomas.berner\",\"@id\":\"https:\\\/\\\/www.organisator.ch\\\/#\\\/schema\\\/person\\\/6f650f90b2842cd4c0cc334b4e36f67e\"},\"headline\":\"Schweizer KMU-Tag wird auf 2021 verschoben\",\"datePublished\":\"2020-10-19T09:07:06+00:00\",\"mainEntityOfPage\":{\"@id\":\"https:\\\/\\\/www.organisator.ch\\\/en\\\/general\\\/2020-10-19\\\/schweizer-kmu-tag-wird-auf-2021-verschoben\\\/\"},\"wordCount\":307,\"publisher\":{\"@id\":\"https:\\\/\\\/www.organisator.ch\\\/#organization\"},\"image\":{\"@id\":\"https:\\\/\\\/www.organisator.ch\\\/en\\\/general\\\/2020-10-19\\\/schweizer-kmu-tag-wird-auf-2021-verschoben\\\/#primaryimage\"},\"thumbnailUrl\":\"https:\\\/\\\/www.organisator.ch\\\/wp-content\\\/uploads\\\/2020\\\/10\\\/Schweizer-KMU-Tag-wird-auf-2021-verschoben_Organisator.jpg\",\"keywords\":[\"Fachkongress\\\/Fachmesse\",\"Unternehmen\",\"Vermischtes\"],\"inLanguage\":\"de\"},{\"@type\":\"WebPage\",\"@id\":\"https:\\\/\\\/www.organisator.ch\\\/en\\\/general\\\/2020-10-19\\\/schweizer-kmu-tag-wird-auf-2021-verschoben\\\/\",\"url\":\"https:\\\/\\\/www.organisator.ch\\\/en\\\/general\\\/2020-10-19\\\/schweizer-kmu-tag-wird-auf-2021-verschoben\\\/\",\"name\":\"Schweizer KMU-Tag wird auf 2021 verschoben - Organisator\",\"isPartOf\":{\"@id\":\"https:\\\/\\\/www.organisator.ch\\\/#website\"},\"primaryImageOfPage\":{\"@id\":\"https:\\\/\\\/www.organisator.ch\\\/en\\\/general\\\/2020-10-19\\\/schweizer-kmu-tag-wird-auf-2021-verschoben\\\/#primaryimage\"},\"image\":{\"@id\":\"https:\\\/\\\/www.organisator.ch\\\/en\\\/general\\\/2020-10-19\\\/schweizer-kmu-tag-wird-auf-2021-verschoben\\\/#primaryimage\"},\"thumbnailUrl\":\"https:\\\/\\\/www.organisator.ch\\\/wp-content\\\/uploads\\\/2020\\\/10\\\/Schweizer-KMU-Tag-wird-auf-2021-verschoben_Organisator.jpg\",\"datePublished\":\"2020-10-19T09:07:06+00:00\",\"description\":\"Der Schweizer KMU-Tag, geplant f\u00fcr den 23. Oktober, wird um ein Jahr verschoben. Er findet neu am 22. Oktober 2021 statt.\",\"breadcrumb\":{\"@id\":\"https:\\\/\\\/www.organisator.ch\\\/en\\\/general\\\/2020-10-19\\\/schweizer-kmu-tag-wird-auf-2021-verschoben\\\/#breadcrumb\"},\"inLanguage\":\"de\",\"potentialAction\":[{\"@type\":\"ReadAction\",\"target\":[\"https:\\\/\\\/www.organisator.ch\\\/en\\\/general\\\/2020-10-19\\\/schweizer-kmu-tag-wird-auf-2021-verschoben\\\/\"]}]},{\"@type\":\"ImageObject\",\"inLanguage\":\"de\",\"@id\":\"https:\\\/\\\/www.organisator.ch\\\/en\\\/general\\\/2020-10-19\\\/schweizer-kmu-tag-wird-auf-2021-verschoben\\\/#primaryimage\",\"url\":\"https:\\\/\\\/www.organisator.ch\\\/wp-content\\\/uploads\\\/2020\\\/10\\\/Schweizer-KMU-Tag-wird-auf-2021-verschoben_Organisator.jpg\",\"contentUrl\":\"https:\\\/\\\/www.organisator.ch\\\/wp-content\\\/uploads\\\/2020\\\/10\\\/Schweizer-KMU-Tag-wird-auf-2021-verschoben_Organisator.jpg\",\"width\":680,\"height\":203,\"caption\":\"Trotz umfangreichem Covid-19-Schutzkonzept: Der Schweizer KMU-Tag 2020 muss auf n\u00e4chstes Jahr verschoben werden. (www.kmu-tag.ch)\"},{\"@type\":\"BreadcrumbList\",\"@id\":\"https:\\\/\\\/www.organisator.ch\\\/en\\\/general\\\/2020-10-19\\\/schweizer-kmu-tag-wird-auf-2021-verschoben\\\/#breadcrumb\",\"itemListElement\":[{\"@type\":\"ListItem\",\"position\":1,\"name\":\"Home\",\"item\":\"https:\\\/\\\/www.organisator.ch\\\/\"},{\"@type\":\"ListItem\",\"position\":2,\"name\":\"Schweizer KMU-Tag wird auf 2021 verschoben\"}]},{\"@type\":\"WebSite\",\"@id\":\"https:\\\/\\\/www.organisator.ch\\\/#website\",\"url\":\"https:\\\/\\\/www.organisator.ch\\\/\",\"name\":\"Organisator\",\"description\":\"Kompetent. Praxisnah. Der ORGANISATOR bereitet in 10 Ausgaben pro Jahr die wesentlichen Themen f\u00fcr F\u00fchrungskr\u00e4fte von KMU auf.\",\"publisher\":{\"@id\":\"https:\\\/\\\/www.organisator.ch\\\/#organization\"},\"potentialAction\":[{\"@type\":\"SearchAction\",\"target\":{\"@type\":\"EntryPoint\",\"urlTemplate\":\"https:\\\/\\\/www.organisator.ch\\\/?s={search_term_string}\"},\"query-input\":{\"@type\":\"PropertyValueSpecification\",\"valueRequired\":true,\"valueName\":\"search_term_string\"}}],\"inLanguage\":\"de\"},{\"@type\":\"Organization\",\"@id\":\"https:\\\/\\\/www.organisator.ch\\\/#organization\",\"name\":\"Organisator\",\"url\":\"https:\\\/\\\/www.organisator.ch\\\/\",\"logo\":{\"@type\":\"ImageObject\",\"inLanguage\":\"de\",\"@id\":\"https:\\\/\\\/www.organisator.ch\\\/#\\\/schema\\\/logo\\\/image\\\/\",\"url\":\"https:\\\/\\\/www.organisator.ch\\\/wp-content\\\/uploads\\\/2022\\\/01\\\/Logo_Organisator_Website.png\",\"contentUrl\":\"https:\\\/\\\/www.organisator.ch\\\/wp-content\\\/uploads\\\/2022\\\/01\\\/Logo_Organisator_Website.png\",\"width\":800,\"height\":77,\"caption\":\"Organisator\"},\"image\":{\"@id\":\"https:\\\/\\\/www.organisator.ch\\\/#\\\/schema\\\/logo\\\/image\\\/\"},\"sameAs\":[\"https:\\\/\\\/www.facebook.com\\\/OrganisatorFachmagazin\",\"https:\\\/\\\/www.linkedin.com\\\/showcase\\\/organisator-das-magazin-fr-kmu\",\"https:\\\/\\\/www.xing.com\\\/news\\\/pages\\\/organisator-ch-695\",\"https:\\\/\\\/www.youtube.com\\\/channel\\\/UCGP2Sq0iWaZwT3BdIAQFYpw\"]},{\"@type\":\"Person\",\"@id\":\"https:\\\/\\\/www.organisator.ch\\\/#\\\/schema\\\/person\\\/6f650f90b2842cd4c0cc334b4e36f67e\",\"name\":\"thomas.berner\",\"image\":{\"@type\":\"ImageObject\",\"inLanguage\":\"de\",\"@id\":\"https:\\\/\\\/secure.gravatar.com\\\/avatar\\\/ac5001d2a36cb6c6cd3e50789007ffca834b477b74a2144564522e944eabff61?s=96&d=mm&r=g\",\"url\":\"https:\\\/\\\/secure.gravatar.com\\\/avatar\\\/ac5001d2a36cb6c6cd3e50789007ffca834b477b74a2144564522e944eabff61?s=96&d=mm&r=g\",\"contentUrl\":\"https:\\\/\\\/secure.gravatar.com\\\/avatar\\\/ac5001d2a36cb6c6cd3e50789007ffca834b477b74a2144564522e944eabff61?s=96&d=mm&r=g\",\"caption\":\"thomas.berner\"},\"url\":\"https:\\\/\\\/www.organisator.ch\\\/de\\\/author\\\/thomas-berner\\\/\"}]}<\/script>\n<!-- \/ Yoast SEO plugin. -->","yoast_head_json":{"title":"Schweizer KMU-Tag wird auf 2021 verschoben - Organisator","description":"Der Schweizer KMU-Tag, geplant f\u00fcr den 23. Oktober, wird um ein Jahr verschoben. Er findet neu am 22. Oktober 2021 statt.","robots":{"index":"index","follow":"follow","max-snippet":"max-snippet:-1","max-image-preview":"max-image-preview:large","max-video-preview":"max-video-preview:-1"},"canonical":"https:\/\/www.organisator.ch\/de\/allgemein\/2020-10-19\/schweizer-kmu-tag-wird-auf-2021-verschoben\/","og_locale":"de_DE","og_type":"article","og_title":"Schweizer KMU-Tag wird auf 2021 verschoben","og_description":"Der Schweizer KMU-Tag, geplant f\u00fcr den 23. Oktober, wird um ein Jahr verschoben. Er findet neu am 22. Oktober 2021 statt.","og_url":"https:\/\/www.organisator.ch\/de\/allgemein\/2020-10-19\/schweizer-kmu-tag-wird-auf-2021-verschoben\/","og_site_name":"Organisator","article_publisher":"https:\/\/www.facebook.com\/OrganisatorFachmagazin","article_published_time":"2020-10-19T09:07:06+00:00","og_image":[{"width":680,"height":203,"url":"https:\/\/www.organisator.ch\/wp-content\/uploads\/2020\/10\/Schweizer-KMU-Tag-wird-auf-2021-verschoben_Organisator.jpg","type":"image\/jpeg"}],"author":"thomas.berner","twitter_card":"summary_large_image","twitter_title":"Schweizer #KMU-Tag wird auf 2021 verschoben","twitter_description":"Der Schweizer #KMU-Tag, geplant f\u00fcr den 23. Oktober, wird um ein Jahr verschoben. Er findet neu am 22. Oktober 2021 statt.","twitter_image":"https:\/\/www.organisator.ch\/wp-content\/uploads\/2020\/10\/Schweizer-KMU-Tag-wird-auf-2021-verschoben_Organisator.jpg","schema":{"@context":"https:\/\/schema.org","@graph":[{"@type":"Article","@id":"https:\/\/www.organisator.ch\/en\/general\/2020-10-19\/schweizer-kmu-tag-wird-auf-2021-verschoben\/#article","isPartOf":{"@id":"https:\/\/www.organisator.ch\/en\/general\/2020-10-19\/schweizer-kmu-tag-wird-auf-2021-verschoben\/"},"author":{"name":"thomas.berner","@id":"https:\/\/www.organisator.ch\/#\/schema\/person\/6f650f90b2842cd4c0cc334b4e36f67e"},"headline":"Schweizer KMU-Tag wird auf 2021 verschoben","datePublished":"2020-10-19T09:07:06+00:00","mainEntityOfPage":{"@id":"https:\/\/www.organisator.ch\/en\/general\/2020-10-19\/schweizer-kmu-tag-wird-auf-2021-verschoben\/"},"wordCount":307,"publisher":{"@id":"https:\/\/www.organisator.ch\/#organization"},"image":{"@id":"https:\/\/www.organisator.ch\/en\/general\/2020-10-19\/schweizer-kmu-tag-wird-auf-2021-verschoben\/#primaryimage"},"thumbnailUrl":"https:\/\/www.organisator.ch\/wp-content\/uploads\/2020\/10\/Schweizer-KMU-Tag-wird-auf-2021-verschoben_Organisator.jpg","keywords":["Fachkongress\/Fachmesse","Unternehmen","Vermischtes"],"inLanguage":"de"},{"@type":"WebPage","@id":"https:\/\/www.organisator.ch\/en\/general\/2020-10-19\/schweizer-kmu-tag-wird-auf-2021-verschoben\/","url":"https:\/\/www.organisator.ch\/en\/general\/2020-10-19\/schweizer-kmu-tag-wird-auf-2021-verschoben\/","name":"Schweizer KMU-Tag wird auf 2021 verschoben - Organisator","isPartOf":{"@id":"https:\/\/www.organisator.ch\/#website"},"primaryImageOfPage":{"@id":"https:\/\/www.organisator.ch\/en\/general\/2020-10-19\/schweizer-kmu-tag-wird-auf-2021-verschoben\/#primaryimage"},"image":{"@id":"https:\/\/www.organisator.ch\/en\/general\/2020-10-19\/schweizer-kmu-tag-wird-auf-2021-verschoben\/#primaryimage"},"thumbnailUrl":"https:\/\/www.organisator.ch\/wp-content\/uploads\/2020\/10\/Schweizer-KMU-Tag-wird-auf-2021-verschoben_Organisator.jpg","datePublished":"2020-10-19T09:07:06+00:00","description":"Der Schweizer KMU-Tag, geplant f\u00fcr den 23. Oktober, wird um ein Jahr verschoben. Er findet neu am 22. Oktober 2021 statt.","breadcrumb":{"@id":"https:\/\/www.organisator.ch\/en\/general\/2020-10-19\/schweizer-kmu-tag-wird-auf-2021-verschoben\/#breadcrumb"},"inLanguage":"de","potentialAction":[{"@type":"ReadAction","target":["https:\/\/www.organisator.ch\/en\/general\/2020-10-19\/schweizer-kmu-tag-wird-auf-2021-verschoben\/"]}]},{"@type":"ImageObject","inLanguage":"de","@id":"https:\/\/www.organisator.ch\/en\/general\/2020-10-19\/schweizer-kmu-tag-wird-auf-2021-verschoben\/#primaryimage","url":"https:\/\/www.organisator.ch\/wp-content\/uploads\/2020\/10\/Schweizer-KMU-Tag-wird-auf-2021-verschoben_Organisator.jpg","contentUrl":"https:\/\/www.organisator.ch\/wp-content\/uploads\/2020\/10\/Schweizer-KMU-Tag-wird-auf-2021-verschoben_Organisator.jpg","width":680,"height":203,"caption":"Trotz umfangreichem Covid-19-Schutzkonzept: Der Schweizer KMU-Tag 2020 muss auf n\u00e4chstes Jahr verschoben werden. (www.kmu-tag.ch)"},{"@type":"BreadcrumbList","@id":"https:\/\/www.organisator.ch\/en\/general\/2020-10-19\/schweizer-kmu-tag-wird-auf-2021-verschoben\/#breadcrumb","itemListElement":[{"@type":"ListItem","position":1,"name":"Home","item":"https:\/\/www.organisator.ch\/"},{"@type":"ListItem","position":2,"name":"Schweizer KMU-Tag wird auf 2021 verschoben"}]},{"@type":"WebSite","@id":"https:\/\/www.organisator.ch\/#website","url":"https:\/\/www.organisator.ch\/","name":"Organisator","description":"Kompetent. Praxisnah. Der ORGANISATOR bereitet in 10 Ausgaben pro Jahr die wesentlichen Themen f\u00fcr F\u00fchrungskr\u00e4fte von KMU auf.","publisher":{"@id":"https:\/\/www.organisator.ch\/#organization"},"potentialAction":[{"@type":"SearchAction","target":{"@type":"EntryPoint","urlTemplate":"https:\/\/www.organisator.ch\/?s={search_term_string}"},"query-input":{"@type":"PropertyValueSpecification","valueRequired":true,"valueName":"search_term_string"}}],"inLanguage":"de"},{"@type":"Organization","@id":"https:\/\/www.organisator.ch\/#organization","name":"Organisator","url":"https:\/\/www.organisator.ch\/","logo":{"@type":"ImageObject","inLanguage":"de","@id":"https:\/\/www.organisator.ch\/#\/schema\/logo\/image\/","url":"https:\/\/www.organisator.ch\/wp-content\/uploads\/2022\/01\/Logo_Organisator_Website.png","contentUrl":"https:\/\/www.organisator.ch\/wp-content\/uploads\/2022\/01\/Logo_Organisator_Website.png","width":800,"height":77,"caption":"Organisator"},"image":{"@id":"https:\/\/www.organisator.ch\/#\/schema\/logo\/image\/"},"sameAs":["https:\/\/www.facebook.com\/OrganisatorFachmagazin","https:\/\/www.linkedin.com\/showcase\/organisator-das-magazin-fr-kmu","https:\/\/www.xing.com\/news\/pages\/organisator-ch-695","https:\/\/www.youtube.com\/channel\/UCGP2Sq0iWaZwT3BdIAQFYpw"]},{"@type":"Person","@id":"https:\/\/www.organisator.ch\/#\/schema\/person\/6f650f90b2842cd4c0cc334b4e36f67e","name":"thomas.berner","image":{"@type":"ImageObject","inLanguage":"de","@id":"https:\/\/secure.gravatar.com\/avatar\/ac5001d2a36cb6c6cd3e50789007ffca834b477b74a2144564522e944eabff61?s=96&d=mm&r=g","url":"https:\/\/secure.gravatar.com\/avatar\/ac5001d2a36cb6c6cd3e50789007ffca834b477b74a2144564522e944eabff61?s=96&d=mm&r=g","contentUrl":"https:\/\/secure.gravatar.com\/avatar\/ac5001d2a36cb6c6cd3e50789007ffca834b477b74a2144564522e944eabff61?s=96&d=mm&r=g","caption":"thomas.berner"},"url":"https:\/\/www.organisator.ch\/de\/author\/thomas-berner\/"}]}},"_links":{"self":[{"href":"https:\/\/www.organisator.ch\/de\/wp-json\/wp\/v2\/posts\/7231","targetHints":{"allow":["GET"]}}],"collection":[{"href":"https:\/\/www.organisator.ch\/de\/wp-json\/wp\/v2\/posts"}],"about":[{"href":"https:\/\/www.organisator.ch\/de\/wp-json\/wp\/v2\/types\/post"}],"author":[{"embeddable":true,"href":"https:\/\/www.organisator.ch\/de\/wp-json\/wp\/v2\/users\/4"}],"replies":[{"embeddable":true,"href":"https:\/\/www.organisator.ch\/de\/wp-json\/wp\/v2\/comments?post=7231"}],"version-history":[{"count":0,"href":"https:\/\/www.organisator.ch\/de\/wp-json\/wp\/v2\/posts\/7231\/revisions"}],"wp:featuredmedia":[{"embeddable":true,"href":"https:\/\/www.organisator.ch\/de\/wp-json\/wp\/v2\/media\/7232"}],"wp:attachment":[{"href":"https:\/\/www.organisator.ch\/de\/wp-json\/wp\/v2\/media?parent=7231"}],"wp:term":[{"taxonomy":"category","embeddable":true,"href":"https:\/\/www.organisator.ch\/de\/wp-json\/wp\/v2\/categories?post=7231"},{"taxonomy":"post_tag","embeddable":true,"href":"https:\/\/www.organisator.ch\/de\/wp-json\/wp\/v2\/tags?post=7231"}],"curies":[{"name":"wp","href":"https:\/\/api.w.org\/{rel}","templated":true}]}}