{"id":7234,"date":"2020-10-20T07:44:12","date_gmt":"2020-10-20T05:44:12","guid":{"rendered":"https:\/\/www.organisator.ch\/?p=7234"},"modified":"2020-10-20T07:44:12","modified_gmt":"2020-10-20T05:44:12","slug":"fuehrungskraefte-fuerchten-dass-wertvolle-mitarbeiter-verloren-gehen","status":"publish","type":"post","link":"https:\/\/www.organisator.ch\/de\/human-resources\/hrm\/2020-10-20\/fuehrungskraefte-fuerchten-dass-wertvolle-mitarbeiter-verloren-gehen\/","title":{"rendered":"F\u00fchrungskr\u00e4fte f\u00fcrchten, dass wertvolle Mitarbeiter verloren gehen"},"content":{"rendered":"<figure id=\"attachment_7235\" aria-describedby=\"caption-attachment-7235\" style=\"width: 680px\" class=\"wp-caption alignnone\"><img loading=\"lazy\" decoding=\"async\" class=\"size-medium wp-image-7235\" src=\"https:\/\/www.organisator.ch\/wp-content\/uploads\/2020\/10\/Fuehrungskraefte-fuerchten-dass-wertvolle-Mitarbeiter-verloren-gehen_Organisator.jpg\" alt=\"\" width=\"680\" height=\"511\" srcset=\"https:\/\/www.organisator.ch\/wp-content\/uploads\/2020\/10\/Fuehrungskraefte-fuerchten-dass-wertvolle-Mitarbeiter-verloren-gehen_Organisator.jpg 680w, https:\/\/www.organisator.ch\/wp-content\/uploads\/2020\/10\/Fuehrungskraefte-fuerchten-dass-wertvolle-Mitarbeiter-verloren-gehen_Organisator-16x12.jpg 16w, https:\/\/www.organisator.ch\/wp-content\/uploads\/2020\/10\/Fuehrungskraefte-fuerchten-dass-wertvolle-Mitarbeiter-verloren-gehen_Organisator-233x175.jpg 233w, https:\/\/www.organisator.ch\/wp-content\/uploads\/2020\/10\/Fuehrungskraefte-fuerchten-dass-wertvolle-Mitarbeiter-verloren-gehen_Organisator-466x350.jpg 466w, https:\/\/www.organisator.ch\/wp-content\/uploads\/2020\/10\/Fuehrungskraefte-fuerchten-dass-wertvolle-Mitarbeiter-verloren-gehen_Organisator-300x225.jpg 300w\" sizes=\"auto, (max-width: 680px) 100vw, 680px\" \/><figcaption id=\"caption-attachment-7235\" class=\"wp-caption-text\">Springen wertvolle Mitarbeiter nun vermehrt ab, weil wegen der Coronakrise bei Benefits und Karriereentwicklung gespart wird? (Bild: Pixabay.com)<\/figcaption><\/figure>\n<p>Durch die Coronakrise sorgen sich Unternehmen vermehrt davor, Mitarbeiter mit wertvollen Schl\u00fcsselqualifikationen zu verlieren. 86 % der F\u00fchrungskr\u00e4fte weltweit sind besorgt, qualifizierte und wertvolle Mitarbeiter nicht langfristig binden zu k\u00f6nnen. F\u00fcr mehr als ein Drittel der besorgten Arbeitgeber (36 %) sind j\u00fcngste Gehaltsk\u00fcrzungen oder zumindest die fehlende Aussicht auf eine baldige Gehaltserh\u00f6hung die Ursache. Dies zeigt die aktuelle Arbeitsmarktstudie des Personaldienstleisters Robert Half.<\/p>\n<h2><strong>Gr\u00f6sstenteils stabile Geh\u00e4lter, aber zus\u00e4tzliche Boni sinken<\/strong><\/h2>\n<p>\u201eDie Verunsicherung am Arbeitsmarkt ist gross. Dennoch gibt es auch gute Nachrichten\u201c, sagt Zerrin Azeri, Associate Director bei Robert Half. \u201eDie Geh\u00e4lter bleiben trotz Corona weitestgehend stabil. Viele Unternehmen haben dar\u00fcber hinaus neue Benefits eingef\u00fchrt, die ihre Mitarbeiter haupts\u00e4chlich bei Remote Work unterst\u00fctzen sollen.\u201c<\/p>\n<p>Laut der neuen <a href=\"https:\/\/u7061146.ct.sendgrid.net\/ls\/click?upn=4tNED-2FM8iDZJQyQ53jATURF-2BeyawLRZfSBUQQY1L39Z8roKlwWTleMm087PySNR7xaJI_cGe9W5K-2FCqFb2N07halzpMHUUfPBCEQpnPtMccoXAU149YFoXzNQr1JSyM49unTnbE3vdHZn-2BHA-2Fjo8HNeWW6eH052Yl8LKciJEXAaTJr-2FAdl0f6dUk3nkdbfmLPO7CJYx3HAu0qn2DdCLKU1NsxTjJ0r7Qjjz5rYBls1P8VjD-2FTdpgUI75Sv-2BVit0-2FFfECYPBcQnMD-2FE6W-2FFk38q-2F3PPoQb7pMxdujrbHnEYJstI21HrvEBWWvVF0-2FKxO1W19I1IpEAELArzwl8uOiOPcnOg0lIijpCl9WR6hXdIHm2UNDDvX41zNtCk1CrYHxuK1kvUsLRe02b4RRu0U-2BkeyVgOGpLRycWvMl-2BFsJ-2FGWmRz6I-3D\">Gehalts\u00fcbersicht 2021<\/a> des Personaldienstleisters f\u00fcr die Schweiz werden in diesem Jahr keine Ver\u00e4nderungen am Gehalt vorgenommen. Trotz Wirtschaftskrise werden auch in diesem Jahr Boni ausgezahlt. Bei jedem Zweiten (52 %) gibt es laut Studie keine Ver\u00e4nderung bei den Zusatzzahlungen. 38 % der Befragten k\u00fcndigen allerdings an, dass die Bonuszahlungen 2020 niedriger ausfallen als im Vorjahr.<\/p>\n<h2><strong>Wertvolle Mitarbeiter sollen durch Zusatzleistungen gehalten werden<\/strong><\/h2>\n<p>Diese durch die Pandemie hervorgerufenen Einsparmassnahmen verunsichern Arbeitgeber und Arbeitnehmer gleichermassen. Fast die H\u00e4lfte (41 %) der befragten Unternehmen f\u00fcrchten, dass Mitarbeiter in Schl\u00fcsselpositionen von anderen Firmen abgeworben werden k\u00f6nnten. \u201eDie Mitarbeiter sind das wertvollste Kapital der Schweizer Unternehmen, sowohl um kurzfristig die Krise zu meistern als auch um langfristiges Unternehmenswachstum zu sichern\u201c, betont Azeri. \u201eViele Arbeitnehmer sind w\u00e4hrend der Pandemie aufgrund von \u00dcberstunden und der \u00dcbernahme von mehr Verantwortung an ihre Grenzen gestossen. Das ist ihnen in den vergangenen Monaten bewusst geworden, sodass sie beginnen, ihre pers\u00f6nlichen Karrierepriorit\u00e4ten zu \u00fcberdenken.\u201c<\/p>\n<p>Viele Unternehmen reagieren bereits auf diese Entwicklung, indem sie seit Beginn der Coronakrise zus\u00e4tzliche Benefits anbieten. Darunter fallen Zusch\u00fcsse f\u00fcr die B\u00fcroausstattung, Unterst\u00fctzung im Bereich der psychischen Gesundheit, zus\u00e4tzlicher Urlaub oder Unterst\u00fctzung im Bereich der externen Kinderbetreuung.<\/p>\n<h2><strong>Remote Work hat Auswirkungen auf Gehaltsh\u00f6he<\/strong><\/h2>\n<p>Telearbeit und Home-Office wirken sich auch auf das Gehaltsniveau aus. Da immer mehr Arbeitnehmer von zu Hause aus arbeiten, beeinflusst ihr Standort zunehmend die Gehaltsh\u00f6he. Laut der Arbeitsmarktstudie von Robert Half orientiert sich das Einstiegsgehalt in erster Linie am Standort des neuen Mitarbeiters (32 %) und zu 28 % an dem des Unternehmens. Bei 37 % der Befragten ist es eine Mischung aus beiden Standorten. Dies wird auch in der Schweiz sichtbar.<\/p>\n<p>\u201eTrotz der aktuellen Arbeitsplatzverluste werden Schweizer Unternehmen auch 2021 neue Mitarbeiter einstellen, denn die Auswirkungen sind nicht in allen Branchen gleichermassen zu sp\u00fcren. Es besteht eine grosse Nachfrage nach neuen Talenten, vor allem im Finance-, IT- und Office-Bereich\u201c, so Azeri. \u201eNach wie vor ist es f\u00fcr viele Unternehmen schwer, passende Mitarbeiter zu finden, die sie ben\u00f6tigen, um ihre Gesch\u00e4ftspriorit\u00e4ten zu unterst\u00fctzen. Dazu geh\u00f6ren Mitarbeiter in der Buchhaltung, IT-Analysten oder Kundendienstmitarbeiter. Fachkr\u00e4fte mit gefragten Skills wissen, dass Sie nach wie vor gute Chancen auf dem Arbeitsmarkt haben. Daher m\u00fcssen Arbeitgeber auch weiterhin wettbewerbsf\u00e4hige Geh\u00e4lter und Zusatzleistungen anbieten. Nur so k\u00f6nnen sie Top-Kandidaten binden und auch zuk\u00fcnftig finden.\u201c<\/p>\n<p>\u201eDar\u00fcber hinaus gibt es eine deutliche Verschiebung bei den Soft Skills. Agilit\u00e4t, Kreativit\u00e4t und Kommunikation haben an Bedeutung gewonnen, da sie Belastbarkeit und Flexibilit\u00e4t der Mitarbeiter unter Beweis stellen. Diese F\u00e4higkeiten sind in diesen herausfordernden Zeiten besonders wertvoll\u201c, so Azeri weiter.<\/p>\n<p><em>Quelle und weitere Informationen: <a href=\"http:\/\/www.roberthalf.ch\">Robert Half<\/a><\/em><\/p>\n<p>&nbsp;<\/p>\n","protected":false},"excerpt":{"rendered":"<p>Durch die Coronakrise sorgen sich Unternehmen vermehrt davor, Mitarbeiter mit wertvollen Schl\u00fcsselqualifikationen zu verlieren. 86 % der F\u00fchrungskr\u00e4fte weltweit sind besorgt, qualifizierte und wertvolle Mitarbeiter nicht langfristig binden zu k\u00f6nnen. F\u00fcr mehr als ein Drittel der besorgten Arbeitgeber (36 %) sind j\u00fcngste Gehaltsk\u00fcrzungen oder zumindest die fehlende Aussicht auf eine baldige Gehaltserh\u00f6hung die Ursache. Dies [&hellip;]<\/p>\n","protected":false},"author":4,"featured_media":7235,"comment_status":"closed","ping_status":"closed","sticky":false,"template":"","format":"standard","meta":{"_acf_changed":false,"_yoast_wpseo_focuskw":"wertvolle Mitarbeiter","_yoast_wpseo_metadesc":"Seit Beginn der Coronakrise steigt die Sorge von F\u00fchrungskr\u00e4ften, hoch qualifizierte und damit wertvolle Mitarbeiter nicht ans Unternehmen binden zu k\u00f6nnen.","articlekey":"","footnotes":""},"categories":[26],"tags":[47,51,254,294],"class_list":["post-7234","post","type-post","status-publish","format-standard","has-post-thumbnail","hentry","category-hrm","tag-arbeitsmarkt","tag-arbeitsplatzgestaltung","tag-hrm","tag-karriere"],"acf":[],"yoast_head":"<!-- This site is optimized with the Yoast SEO plugin v27.5 - https:\/\/yoast.com\/product\/yoast-seo-wordpress\/ -->\n<title>F\u00fchrungskr\u00e4fte f\u00fcrchten, dass wertvolle Mitarbeiter verloren gehen - Organisator<\/title>\n<meta name=\"description\" content=\"Seit Beginn der Coronakrise steigt die Sorge von F\u00fchrungskr\u00e4ften, hoch qualifizierte und damit wertvolle Mitarbeiter nicht ans Unternehmen binden zu k\u00f6nnen.\" \/>\n<meta name=\"robots\" content=\"index, follow, max-snippet:-1, max-image-preview:large, max-video-preview:-1\" \/>\n<link rel=\"canonical\" href=\"https:\/\/www.organisator.ch\/de\/human-resources\/hrm\/2020-10-20\/fuehrungskraefte-fuerchten-dass-wertvolle-mitarbeiter-verloren-gehen\/\" \/>\n<meta property=\"og:locale\" content=\"de_DE\" \/>\n<meta property=\"og:type\" content=\"article\" \/>\n<meta property=\"og:title\" content=\"F\u00fchrungskr\u00e4fte f\u00fcrchten, dass wertvolle Mitarbeiter verloren gehen\" \/>\n<meta property=\"og:description\" content=\"Seit Beginn der Coronakrise steigt die Sorge von F\u00fchrungskr\u00e4ften, hoch qualifizierte und damit wertvolle Mitarbeiter nicht ans Unternehmen binden zu k\u00f6nnen.\" \/>\n<meta property=\"og:url\" content=\"https:\/\/www.organisator.ch\/de\/human-resources\/hrm\/2020-10-20\/fuehrungskraefte-fuerchten-dass-wertvolle-mitarbeiter-verloren-gehen\/\" \/>\n<meta property=\"og:site_name\" content=\"Organisator\" \/>\n<meta property=\"article:publisher\" content=\"https:\/\/www.facebook.com\/OrganisatorFachmagazin\" \/>\n<meta property=\"article:published_time\" content=\"2020-10-20T05:44:12+00:00\" \/>\n<meta property=\"og:image\" content=\"https:\/\/www.organisator.ch\/wp-content\/uploads\/2020\/10\/Fuehrungskraefte-fuerchten-dass-wertvolle-Mitarbeiter-verloren-gehen_Organisator.jpg\" \/>\n\t<meta property=\"og:image:width\" content=\"680\" \/>\n\t<meta property=\"og:image:height\" content=\"511\" \/>\n\t<meta property=\"og:image:type\" content=\"image\/jpeg\" \/>\n<meta name=\"author\" content=\"thomas.berner\" \/>\n<meta name=\"twitter:card\" content=\"summary_large_image\" \/>\n<meta name=\"twitter:title\" content=\"#F\u00fchrungskr\u00e4fte f\u00fcrchten, dass wertvolle #Mitarbeiter verloren gehen\" \/>\n<meta name=\"twitter:description\" content=\"Seit Beginn der #Coronakrise steigt die Sorge von #F\u00fchrungskr\u00e4ften, hoch qualifizierte und damit wertvolle #Mitarbeiter nicht ans Unternehmen binden zu k\u00f6nnen.\" \/>\n<meta name=\"twitter:image\" content=\"https:\/\/www.organisator.ch\/wp-content\/uploads\/2020\/10\/Fuehrungskraefte-fuerchten-dass-wertvolle-Mitarbeiter-verloren-gehen_Organisator.jpg\" \/>\n<script type=\"application\/ld+json\" class=\"yoast-schema-graph\">{\"@context\":\"https:\\\/\\\/schema.org\",\"@graph\":[{\"@type\":\"Article\",\"@id\":\"https:\\\/\\\/www.organisator.ch\\\/human-resources\\\/hrm\\\/2020-10-20\\\/fuehrungskraefte-fuerchten-dass-wertvolle-mitarbeiter-verloren-gehen\\\/#article\",\"isPartOf\":{\"@id\":\"https:\\\/\\\/www.organisator.ch\\\/human-resources\\\/hrm\\\/2020-10-20\\\/fuehrungskraefte-fuerchten-dass-wertvolle-mitarbeiter-verloren-gehen\\\/\"},\"author\":{\"name\":\"thomas.berner\",\"@id\":\"https:\\\/\\\/www.organisator.ch\\\/#\\\/schema\\\/person\\\/6f650f90b2842cd4c0cc334b4e36f67e\"},\"headline\":\"F\u00fchrungskr\u00e4fte f\u00fcrchten, dass wertvolle Mitarbeiter verloren gehen\",\"datePublished\":\"2020-10-20T05:44:12+00:00\",\"mainEntityOfPage\":{\"@id\":\"https:\\\/\\\/www.organisator.ch\\\/human-resources\\\/hrm\\\/2020-10-20\\\/fuehrungskraefte-fuerchten-dass-wertvolle-mitarbeiter-verloren-gehen\\\/\"},\"wordCount\":611,\"publisher\":{\"@id\":\"https:\\\/\\\/www.organisator.ch\\\/#organization\"},\"image\":{\"@id\":\"https:\\\/\\\/www.organisator.ch\\\/human-resources\\\/hrm\\\/2020-10-20\\\/fuehrungskraefte-fuerchten-dass-wertvolle-mitarbeiter-verloren-gehen\\\/#primaryimage\"},\"thumbnailUrl\":\"https:\\\/\\\/www.organisator.ch\\\/wp-content\\\/uploads\\\/2020\\\/10\\\/Fuehrungskraefte-fuerchten-dass-wertvolle-Mitarbeiter-verloren-gehen_Organisator.jpg\",\"keywords\":[\"Arbeitsmarkt\",\"Arbeitsplatzgestaltung\",\"HRM\",\"Karriere\"],\"articleSection\":[\"HRM\"],\"inLanguage\":\"de\"},{\"@type\":\"WebPage\",\"@id\":\"https:\\\/\\\/www.organisator.ch\\\/human-resources\\\/hrm\\\/2020-10-20\\\/fuehrungskraefte-fuerchten-dass-wertvolle-mitarbeiter-verloren-gehen\\\/\",\"url\":\"https:\\\/\\\/www.organisator.ch\\\/human-resources\\\/hrm\\\/2020-10-20\\\/fuehrungskraefte-fuerchten-dass-wertvolle-mitarbeiter-verloren-gehen\\\/\",\"name\":\"F\u00fchrungskr\u00e4fte f\u00fcrchten, dass wertvolle Mitarbeiter verloren gehen - Organisator\",\"isPartOf\":{\"@id\":\"https:\\\/\\\/www.organisator.ch\\\/#website\"},\"primaryImageOfPage\":{\"@id\":\"https:\\\/\\\/www.organisator.ch\\\/human-resources\\\/hrm\\\/2020-10-20\\\/fuehrungskraefte-fuerchten-dass-wertvolle-mitarbeiter-verloren-gehen\\\/#primaryimage\"},\"image\":{\"@id\":\"https:\\\/\\\/www.organisator.ch\\\/human-resources\\\/hrm\\\/2020-10-20\\\/fuehrungskraefte-fuerchten-dass-wertvolle-mitarbeiter-verloren-gehen\\\/#primaryimage\"},\"thumbnailUrl\":\"https:\\\/\\\/www.organisator.ch\\\/wp-content\\\/uploads\\\/2020\\\/10\\\/Fuehrungskraefte-fuerchten-dass-wertvolle-Mitarbeiter-verloren-gehen_Organisator.jpg\",\"datePublished\":\"2020-10-20T05:44:12+00:00\",\"description\":\"Seit Beginn der Coronakrise steigt die Sorge von F\u00fchrungskr\u00e4ften, hoch qualifizierte und damit wertvolle Mitarbeiter nicht ans Unternehmen binden zu k\u00f6nnen.\",\"breadcrumb\":{\"@id\":\"https:\\\/\\\/www.organisator.ch\\\/human-resources\\\/hrm\\\/2020-10-20\\\/fuehrungskraefte-fuerchten-dass-wertvolle-mitarbeiter-verloren-gehen\\\/#breadcrumb\"},\"inLanguage\":\"de\",\"potentialAction\":[{\"@type\":\"ReadAction\",\"target\":[\"https:\\\/\\\/www.organisator.ch\\\/human-resources\\\/hrm\\\/2020-10-20\\\/fuehrungskraefte-fuerchten-dass-wertvolle-mitarbeiter-verloren-gehen\\\/\"]}]},{\"@type\":\"ImageObject\",\"inLanguage\":\"de\",\"@id\":\"https:\\\/\\\/www.organisator.ch\\\/human-resources\\\/hrm\\\/2020-10-20\\\/fuehrungskraefte-fuerchten-dass-wertvolle-mitarbeiter-verloren-gehen\\\/#primaryimage\",\"url\":\"https:\\\/\\\/www.organisator.ch\\\/wp-content\\\/uploads\\\/2020\\\/10\\\/Fuehrungskraefte-fuerchten-dass-wertvolle-Mitarbeiter-verloren-gehen_Organisator.jpg\",\"contentUrl\":\"https:\\\/\\\/www.organisator.ch\\\/wp-content\\\/uploads\\\/2020\\\/10\\\/Fuehrungskraefte-fuerchten-dass-wertvolle-Mitarbeiter-verloren-gehen_Organisator.jpg\",\"width\":680,\"height\":511,\"caption\":\"Springen wertvolle Mitarbeiter nun vermehrt ab, weil wegen der Coronakrise bei Benefits und Karriereentwicklung gespart wird? (Bild: Pixabay.com)\"},{\"@type\":\"BreadcrumbList\",\"@id\":\"https:\\\/\\\/www.organisator.ch\\\/human-resources\\\/hrm\\\/2020-10-20\\\/fuehrungskraefte-fuerchten-dass-wertvolle-mitarbeiter-verloren-gehen\\\/#breadcrumb\",\"itemListElement\":[{\"@type\":\"ListItem\",\"position\":1,\"name\":\"Home\",\"item\":\"https:\\\/\\\/www.organisator.ch\\\/\"},{\"@type\":\"ListItem\",\"position\":2,\"name\":\"F\u00fchrungskr\u00e4fte f\u00fcrchten, dass wertvolle Mitarbeiter verloren gehen\"}]},{\"@type\":\"WebSite\",\"@id\":\"https:\\\/\\\/www.organisator.ch\\\/#website\",\"url\":\"https:\\\/\\\/www.organisator.ch\\\/\",\"name\":\"Organisator\",\"description\":\"Kompetent. Praxisnah. Der ORGANISATOR bereitet in 10 Ausgaben pro Jahr die wesentlichen Themen f\u00fcr F\u00fchrungskr\u00e4fte von KMU auf.\",\"publisher\":{\"@id\":\"https:\\\/\\\/www.organisator.ch\\\/#organization\"},\"potentialAction\":[{\"@type\":\"SearchAction\",\"target\":{\"@type\":\"EntryPoint\",\"urlTemplate\":\"https:\\\/\\\/www.organisator.ch\\\/?s={search_term_string}\"},\"query-input\":{\"@type\":\"PropertyValueSpecification\",\"valueRequired\":true,\"valueName\":\"search_term_string\"}}],\"inLanguage\":\"de\"},{\"@type\":\"Organization\",\"@id\":\"https:\\\/\\\/www.organisator.ch\\\/#organization\",\"name\":\"Organisator\",\"url\":\"https:\\\/\\\/www.organisator.ch\\\/\",\"logo\":{\"@type\":\"ImageObject\",\"inLanguage\":\"de\",\"@id\":\"https:\\\/\\\/www.organisator.ch\\\/#\\\/schema\\\/logo\\\/image\\\/\",\"url\":\"https:\\\/\\\/www.organisator.ch\\\/wp-content\\\/uploads\\\/2022\\\/01\\\/Logo_Organisator_Website.png\",\"contentUrl\":\"https:\\\/\\\/www.organisator.ch\\\/wp-content\\\/uploads\\\/2022\\\/01\\\/Logo_Organisator_Website.png\",\"width\":800,\"height\":77,\"caption\":\"Organisator\"},\"image\":{\"@id\":\"https:\\\/\\\/www.organisator.ch\\\/#\\\/schema\\\/logo\\\/image\\\/\"},\"sameAs\":[\"https:\\\/\\\/www.facebook.com\\\/OrganisatorFachmagazin\",\"https:\\\/\\\/www.linkedin.com\\\/showcase\\\/organisator-das-magazin-fr-kmu\",\"https:\\\/\\\/www.xing.com\\\/news\\\/pages\\\/organisator-ch-695\",\"https:\\\/\\\/www.youtube.com\\\/channel\\\/UCGP2Sq0iWaZwT3BdIAQFYpw\"]},{\"@type\":\"Person\",\"@id\":\"https:\\\/\\\/www.organisator.ch\\\/#\\\/schema\\\/person\\\/6f650f90b2842cd4c0cc334b4e36f67e\",\"name\":\"thomas.berner\",\"image\":{\"@type\":\"ImageObject\",\"inLanguage\":\"de\",\"@id\":\"https:\\\/\\\/secure.gravatar.com\\\/avatar\\\/ac5001d2a36cb6c6cd3e50789007ffca834b477b74a2144564522e944eabff61?s=96&d=mm&r=g\",\"url\":\"https:\\\/\\\/secure.gravatar.com\\\/avatar\\\/ac5001d2a36cb6c6cd3e50789007ffca834b477b74a2144564522e944eabff61?s=96&d=mm&r=g\",\"contentUrl\":\"https:\\\/\\\/secure.gravatar.com\\\/avatar\\\/ac5001d2a36cb6c6cd3e50789007ffca834b477b74a2144564522e944eabff61?s=96&d=mm&r=g\",\"caption\":\"thomas.berner\"},\"url\":\"https:\\\/\\\/www.organisator.ch\\\/de\\\/author\\\/thomas-berner\\\/\"}]}<\/script>\n<!-- \/ Yoast SEO plugin. -->","yoast_head_json":{"title":"F\u00fchrungskr\u00e4fte f\u00fcrchten, dass wertvolle Mitarbeiter verloren gehen - Organisator","description":"Seit Beginn der Coronakrise steigt die Sorge von F\u00fchrungskr\u00e4ften, hoch qualifizierte und damit wertvolle Mitarbeiter nicht ans Unternehmen binden zu k\u00f6nnen.","robots":{"index":"index","follow":"follow","max-snippet":"max-snippet:-1","max-image-preview":"max-image-preview:large","max-video-preview":"max-video-preview:-1"},"canonical":"https:\/\/www.organisator.ch\/de\/human-resources\/hrm\/2020-10-20\/fuehrungskraefte-fuerchten-dass-wertvolle-mitarbeiter-verloren-gehen\/","og_locale":"de_DE","og_type":"article","og_title":"F\u00fchrungskr\u00e4fte f\u00fcrchten, dass wertvolle Mitarbeiter verloren gehen","og_description":"Seit Beginn der Coronakrise steigt die Sorge von F\u00fchrungskr\u00e4ften, hoch qualifizierte und damit wertvolle Mitarbeiter nicht ans Unternehmen binden zu k\u00f6nnen.","og_url":"https:\/\/www.organisator.ch\/de\/human-resources\/hrm\/2020-10-20\/fuehrungskraefte-fuerchten-dass-wertvolle-mitarbeiter-verloren-gehen\/","og_site_name":"Organisator","article_publisher":"https:\/\/www.facebook.com\/OrganisatorFachmagazin","article_published_time":"2020-10-20T05:44:12+00:00","og_image":[{"width":680,"height":511,"url":"https:\/\/www.organisator.ch\/wp-content\/uploads\/2020\/10\/Fuehrungskraefte-fuerchten-dass-wertvolle-Mitarbeiter-verloren-gehen_Organisator.jpg","type":"image\/jpeg"}],"author":"thomas.berner","twitter_card":"summary_large_image","twitter_title":"#F\u00fchrungskr\u00e4fte f\u00fcrchten, dass wertvolle #Mitarbeiter verloren gehen","twitter_description":"Seit Beginn der #Coronakrise steigt die Sorge von #F\u00fchrungskr\u00e4ften, hoch qualifizierte und damit wertvolle #Mitarbeiter nicht ans Unternehmen binden zu k\u00f6nnen.","twitter_image":"https:\/\/www.organisator.ch\/wp-content\/uploads\/2020\/10\/Fuehrungskraefte-fuerchten-dass-wertvolle-Mitarbeiter-verloren-gehen_Organisator.jpg","schema":{"@context":"https:\/\/schema.org","@graph":[{"@type":"Article","@id":"https:\/\/www.organisator.ch\/human-resources\/hrm\/2020-10-20\/fuehrungskraefte-fuerchten-dass-wertvolle-mitarbeiter-verloren-gehen\/#article","isPartOf":{"@id":"https:\/\/www.organisator.ch\/human-resources\/hrm\/2020-10-20\/fuehrungskraefte-fuerchten-dass-wertvolle-mitarbeiter-verloren-gehen\/"},"author":{"name":"thomas.berner","@id":"https:\/\/www.organisator.ch\/#\/schema\/person\/6f650f90b2842cd4c0cc334b4e36f67e"},"headline":"F\u00fchrungskr\u00e4fte f\u00fcrchten, dass wertvolle Mitarbeiter verloren gehen","datePublished":"2020-10-20T05:44:12+00:00","mainEntityOfPage":{"@id":"https:\/\/www.organisator.ch\/human-resources\/hrm\/2020-10-20\/fuehrungskraefte-fuerchten-dass-wertvolle-mitarbeiter-verloren-gehen\/"},"wordCount":611,"publisher":{"@id":"https:\/\/www.organisator.ch\/#organization"},"image":{"@id":"https:\/\/www.organisator.ch\/human-resources\/hrm\/2020-10-20\/fuehrungskraefte-fuerchten-dass-wertvolle-mitarbeiter-verloren-gehen\/#primaryimage"},"thumbnailUrl":"https:\/\/www.organisator.ch\/wp-content\/uploads\/2020\/10\/Fuehrungskraefte-fuerchten-dass-wertvolle-Mitarbeiter-verloren-gehen_Organisator.jpg","keywords":["Arbeitsmarkt","Arbeitsplatzgestaltung","HRM","Karriere"],"articleSection":["HRM"],"inLanguage":"de"},{"@type":"WebPage","@id":"https:\/\/www.organisator.ch\/human-resources\/hrm\/2020-10-20\/fuehrungskraefte-fuerchten-dass-wertvolle-mitarbeiter-verloren-gehen\/","url":"https:\/\/www.organisator.ch\/human-resources\/hrm\/2020-10-20\/fuehrungskraefte-fuerchten-dass-wertvolle-mitarbeiter-verloren-gehen\/","name":"F\u00fchrungskr\u00e4fte f\u00fcrchten, dass wertvolle Mitarbeiter verloren gehen - Organisator","isPartOf":{"@id":"https:\/\/www.organisator.ch\/#website"},"primaryImageOfPage":{"@id":"https:\/\/www.organisator.ch\/human-resources\/hrm\/2020-10-20\/fuehrungskraefte-fuerchten-dass-wertvolle-mitarbeiter-verloren-gehen\/#primaryimage"},"image":{"@id":"https:\/\/www.organisator.ch\/human-resources\/hrm\/2020-10-20\/fuehrungskraefte-fuerchten-dass-wertvolle-mitarbeiter-verloren-gehen\/#primaryimage"},"thumbnailUrl":"https:\/\/www.organisator.ch\/wp-content\/uploads\/2020\/10\/Fuehrungskraefte-fuerchten-dass-wertvolle-Mitarbeiter-verloren-gehen_Organisator.jpg","datePublished":"2020-10-20T05:44:12+00:00","description":"Seit Beginn der Coronakrise steigt die Sorge von F\u00fchrungskr\u00e4ften, hoch qualifizierte und damit wertvolle Mitarbeiter nicht ans Unternehmen binden zu k\u00f6nnen.","breadcrumb":{"@id":"https:\/\/www.organisator.ch\/human-resources\/hrm\/2020-10-20\/fuehrungskraefte-fuerchten-dass-wertvolle-mitarbeiter-verloren-gehen\/#breadcrumb"},"inLanguage":"de","potentialAction":[{"@type":"ReadAction","target":["https:\/\/www.organisator.ch\/human-resources\/hrm\/2020-10-20\/fuehrungskraefte-fuerchten-dass-wertvolle-mitarbeiter-verloren-gehen\/"]}]},{"@type":"ImageObject","inLanguage":"de","@id":"https:\/\/www.organisator.ch\/human-resources\/hrm\/2020-10-20\/fuehrungskraefte-fuerchten-dass-wertvolle-mitarbeiter-verloren-gehen\/#primaryimage","url":"https:\/\/www.organisator.ch\/wp-content\/uploads\/2020\/10\/Fuehrungskraefte-fuerchten-dass-wertvolle-Mitarbeiter-verloren-gehen_Organisator.jpg","contentUrl":"https:\/\/www.organisator.ch\/wp-content\/uploads\/2020\/10\/Fuehrungskraefte-fuerchten-dass-wertvolle-Mitarbeiter-verloren-gehen_Organisator.jpg","width":680,"height":511,"caption":"Springen wertvolle Mitarbeiter nun vermehrt ab, weil wegen der Coronakrise bei Benefits und Karriereentwicklung gespart wird? (Bild: Pixabay.com)"},{"@type":"BreadcrumbList","@id":"https:\/\/www.organisator.ch\/human-resources\/hrm\/2020-10-20\/fuehrungskraefte-fuerchten-dass-wertvolle-mitarbeiter-verloren-gehen\/#breadcrumb","itemListElement":[{"@type":"ListItem","position":1,"name":"Home","item":"https:\/\/www.organisator.ch\/"},{"@type":"ListItem","position":2,"name":"F\u00fchrungskr\u00e4fte f\u00fcrchten, dass wertvolle Mitarbeiter verloren gehen"}]},{"@type":"WebSite","@id":"https:\/\/www.organisator.ch\/#website","url":"https:\/\/www.organisator.ch\/","name":"Organisator","description":"Kompetent. Praxisnah. Der ORGANISATOR bereitet in 10 Ausgaben pro Jahr die wesentlichen Themen f\u00fcr F\u00fchrungskr\u00e4fte von KMU auf.","publisher":{"@id":"https:\/\/www.organisator.ch\/#organization"},"potentialAction":[{"@type":"SearchAction","target":{"@type":"EntryPoint","urlTemplate":"https:\/\/www.organisator.ch\/?s={search_term_string}"},"query-input":{"@type":"PropertyValueSpecification","valueRequired":true,"valueName":"search_term_string"}}],"inLanguage":"de"},{"@type":"Organization","@id":"https:\/\/www.organisator.ch\/#organization","name":"Organisator","url":"https:\/\/www.organisator.ch\/","logo":{"@type":"ImageObject","inLanguage":"de","@id":"https:\/\/www.organisator.ch\/#\/schema\/logo\/image\/","url":"https:\/\/www.organisator.ch\/wp-content\/uploads\/2022\/01\/Logo_Organisator_Website.png","contentUrl":"https:\/\/www.organisator.ch\/wp-content\/uploads\/2022\/01\/Logo_Organisator_Website.png","width":800,"height":77,"caption":"Organisator"},"image":{"@id":"https:\/\/www.organisator.ch\/#\/schema\/logo\/image\/"},"sameAs":["https:\/\/www.facebook.com\/OrganisatorFachmagazin","https:\/\/www.linkedin.com\/showcase\/organisator-das-magazin-fr-kmu","https:\/\/www.xing.com\/news\/pages\/organisator-ch-695","https:\/\/www.youtube.com\/channel\/UCGP2Sq0iWaZwT3BdIAQFYpw"]},{"@type":"Person","@id":"https:\/\/www.organisator.ch\/#\/schema\/person\/6f650f90b2842cd4c0cc334b4e36f67e","name":"thomas.berner","image":{"@type":"ImageObject","inLanguage":"de","@id":"https:\/\/secure.gravatar.com\/avatar\/ac5001d2a36cb6c6cd3e50789007ffca834b477b74a2144564522e944eabff61?s=96&d=mm&r=g","url":"https:\/\/secure.gravatar.com\/avatar\/ac5001d2a36cb6c6cd3e50789007ffca834b477b74a2144564522e944eabff61?s=96&d=mm&r=g","contentUrl":"https:\/\/secure.gravatar.com\/avatar\/ac5001d2a36cb6c6cd3e50789007ffca834b477b74a2144564522e944eabff61?s=96&d=mm&r=g","caption":"thomas.berner"},"url":"https:\/\/www.organisator.ch\/de\/author\/thomas-berner\/"}]}},"_links":{"self":[{"href":"https:\/\/www.organisator.ch\/de\/wp-json\/wp\/v2\/posts\/7234","targetHints":{"allow":["GET"]}}],"collection":[{"href":"https:\/\/www.organisator.ch\/de\/wp-json\/wp\/v2\/posts"}],"about":[{"href":"https:\/\/www.organisator.ch\/de\/wp-json\/wp\/v2\/types\/post"}],"author":[{"embeddable":true,"href":"https:\/\/www.organisator.ch\/de\/wp-json\/wp\/v2\/users\/4"}],"replies":[{"embeddable":true,"href":"https:\/\/www.organisator.ch\/de\/wp-json\/wp\/v2\/comments?post=7234"}],"version-history":[{"count":0,"href":"https:\/\/www.organisator.ch\/de\/wp-json\/wp\/v2\/posts\/7234\/revisions"}],"wp:featuredmedia":[{"embeddable":true,"href":"https:\/\/www.organisator.ch\/de\/wp-json\/wp\/v2\/media\/7235"}],"wp:attachment":[{"href":"https:\/\/www.organisator.ch\/de\/wp-json\/wp\/v2\/media?parent=7234"}],"wp:term":[{"taxonomy":"category","embeddable":true,"href":"https:\/\/www.organisator.ch\/de\/wp-json\/wp\/v2\/categories?post=7234"},{"taxonomy":"post_tag","embeddable":true,"href":"https:\/\/www.organisator.ch\/de\/wp-json\/wp\/v2\/tags?post=7234"}],"curies":[{"name":"wp","href":"https:\/\/api.w.org\/{rel}","templated":true}]}}