{"id":7257,"date":"2020-10-27T07:48:55","date_gmt":"2020-10-27T06:48:55","guid":{"rendered":"https:\/\/www.organisator.ch\/?p=7257"},"modified":"2020-10-27T07:48:55","modified_gmt":"2020-10-27T06:48:55","slug":"die-schweizer-softwarebranche-meistert-das-krisenjahr-2020","status":"publish","type":"post","link":"https:\/\/www.organisator.ch\/de\/management\/it\/2020-10-27\/die-schweizer-softwarebranche-meistert-das-krisenjahr-2020\/","title":{"rendered":"Die Schweizer Softwarebranche meistert das Krisenjahr 2020"},"content":{"rendered":"<figure id=\"attachment_7258\" aria-describedby=\"caption-attachment-7258\" style=\"width: 680px\" class=\"wp-caption alignnone\"><img loading=\"lazy\" decoding=\"async\" class=\"size-medium wp-image-7258\" src=\"https:\/\/www.organisator.ch\/wp-content\/uploads\/2020\/10\/Die-Schweizer-Softwarebranche-meistert-das-Krisenjahr-2020_Organisator.jpg\" alt=\"\" width=\"680\" height=\"453\" srcset=\"https:\/\/www.organisator.ch\/wp-content\/uploads\/2020\/10\/Die-Schweizer-Softwarebranche-meistert-das-Krisenjahr-2020_Organisator.jpg 680w, https:\/\/www.organisator.ch\/wp-content\/uploads\/2020\/10\/Die-Schweizer-Softwarebranche-meistert-das-Krisenjahr-2020_Organisator-16x12.jpg 16w, https:\/\/www.organisator.ch\/wp-content\/uploads\/2020\/10\/Die-Schweizer-Softwarebranche-meistert-das-Krisenjahr-2020_Organisator-263x175.jpg 263w, https:\/\/www.organisator.ch\/wp-content\/uploads\/2020\/10\/Die-Schweizer-Softwarebranche-meistert-das-Krisenjahr-2020_Organisator-525x350.jpg 525w, https:\/\/www.organisator.ch\/wp-content\/uploads\/2020\/10\/Die-Schweizer-Softwarebranche-meistert-das-Krisenjahr-2020_Organisator-300x200.jpg 300w\" sizes=\"auto, (max-width: 680px) 100vw, 680px\" \/><figcaption id=\"caption-attachment-7258\" class=\"wp-caption-text\">Gut programmiert: Die Schweizer Softwarebranche meistert das Krisenjahr 2020 insgesamt gut und blickt zuversichtlich in die Zukunft. (Bild: Pixabay.com)<\/figcaption><\/figure>\n<p>Der SSIS ist die gr\u00f6sste Studie \u00fcber die Schweizer Softwarebranche und liefert zukunftsorientierte Aussagen \u00fcber das Umsatz- und Mitarbeiterwachstum. Im Mittelpunkt der diesj\u00e4hrigen Studie standen die Auswirkungen von COVID-19 und die Bedeutung von Software-Wiederverwendung f\u00fcr Schweizer Softwarefirmen. Die Resultate wurden anl\u00e4sslich des <a href=\"http:\/\/www.cno-panel.ch\">CNO-Panels<\/a> am 26. Oktober 2020 in Bern ver\u00f6ffentlicht.<\/p>\n<h2>Die Hauptergebnisse des SSIS 2020<\/h2>\n<p>Die SSIS 2020 konstatiert insgesamt ein m\u00e4ssiges Wachstum mit Aussicht auf Besserung: Die Profitabilit\u00e4t (EBIT-Marge) sank im Jahr 2019 gegen\u00fcber dem Vorjahresniveau um 2.2 Prozentpunkte auf 6%. Gleichzeitig konnten Schweizer Softwarefirmen den Umsatz pro Mitarbeiter auf rund CHF 245&#8217;000 steigern. Mit Blick auf das Jahr 2020 rechnet die Softwarebranche mit einem geringen Umsatzwachstums von 2.7% (2019: 9.5%) sowie einem Mitarbeiterwachstum von lediglich 6% (2019: 11.9%). F\u00fcr das Jahr 2021 ist mit einem prognostizierten Umsatzwachstum von 10.2% und einem Mitarbeiterwachstum von 11.6% eine Erholung der Lage in Sicht.<\/p>\n<h2>Schweizer Softwarebranche erfolgreich im Ausland<\/h2>\n<p>Ein erfolgreiches Jahr bildete 2020 f\u00fcr Auslandsgesch\u00e4fte: Im Jahr 2020 erwirtschaftete die Schweizer Softwarebranche rund 21% ihres Umsatzes im Ausland. Nach einem zwischenzeitlichen R\u00fcckgang im Jahr 2018 auf rund 14% bedeutet dies eine R\u00fcckkehr zur Exportquote von 2017. Der mit Abstand wichtigste Exportmarkt bleibt Deutschland mit einem Anteil am Gesamtumsatz im Ausland von rund 55%, gefolgt von den \u00fcbrigen europ\u00e4ischen L\u00e4ndern. Der Exportanteil in nichteurop\u00e4ische L\u00e4nder bleibt mit 14.6% weiterhin verh\u00e4ltnism\u00e4ssig gering.<\/p>\n<h2>Investitionen in die Home-Office-Infrastruktur im Zuge der COVID-19-Pandemie<\/h2>\n<p>Schweizer Softwarefirmen sind von COVID-19 und den damit verbundenen Einschr\u00e4nkungen nicht verschont geblieben. Insgesamt war die Schweizer Softwarebranche jedoch gut auf den Lockdown vorbereitet. Nur 10.2% der befragten Firmen mussten gr\u00f6ssere Investitionen in die firmenweite Basis-Infrastruktur f\u00fcr Home-Office-Arbeiten (z.B. Kommunikations- und Kollaborationssoftware oder VPN) t\u00e4tigen. Allerdings waren bei 86.7% der befragten Firmen gr\u00f6ssere Investitionen f\u00fcr die Ausstattung der Heimarbeitspl\u00e4tze von Mitarbeitenden (z.B. in Notebooks, Monitore oder Kopfh\u00f6rer) n\u00f6tig.<\/p>\n<h2>Flexiblere Arbeitsmodelle als Folge der COVID-19-Pandemie<\/h2>\n<p>Eine Mehrheit der befragten Schweizer Softwarefirmen erwartet, dass die Erfahrungen mit COVID-19 und die damit verbundenen Einschr\u00e4nkungen zur Einf\u00fchrung flexiblerer Arbeitsmodelle f\u00fchren werden. Zudem will ein Drittel der befragten Firmen ihre Mitarbeitenden noch st\u00e4rker bef\u00e4higen. Nur 4% der Unternehmen wollen ihre Abh\u00e4ngigkeit von Freelancern und Sourcing-Dienstleistern reduzieren.<\/p>\n<h2>Einnahmequellen w\u00e4hrend der COVID-19-Pandemie<\/h2>\n<p>Anbieter und Wiederverk\u00e4ufer von Standard- und Cloud-L\u00f6sungen sowie Anbieter von Anpassungsdienstleistungen f\u00fcr Drittl\u00f6sungen erlebten dank der Pandemie einen leichten Aufschwung. Der Grossteil der Branche litt aber unter der Aufschiebung bestehender Auftr\u00e4ge sowie der erschwerten Akquise von Neukunden und neuen Auftr\u00e4gen.<\/p>\n<h2>Schweizer Softwarebranche will mehr Software wiederverwenden<\/h2>\n<p>Produktivit\u00e4tssteigerung durch Software-Wiederverwendung ist von strategischer Wichtigkeit: Die Wiederverwendung von Software und Softwarewissen zur Erstellung neuer Software ist f\u00fcr Schweizer Softwarefirmen von grosser Bedeutung: 73.2% der befragten Firmen speichern systematisch Wissen aus vergangenen Projekten zur Wiederverwendung ab, 67.6% erachten Wiederverwendung als erfolgskritisch und f\u00fcr 50.3% z\u00e4hlt es sogar zu den erkl\u00e4rten strategischen Zielen.<\/p>\n<p><em>Quelle und weitere Informationen: <a href=\"http:\/\/www.ictswitzerland.ch\">ICT Switzerland<\/a><\/em><\/p>\n","protected":false},"excerpt":{"rendered":"<p>Der SSIS ist die gr\u00f6sste Studie \u00fcber die Schweizer Softwarebranche und liefert zukunftsorientierte Aussagen \u00fcber das Umsatz- und Mitarbeiterwachstum. Im Mittelpunkt der diesj\u00e4hrigen Studie standen die Auswirkungen von COVID-19 und die Bedeutung von Software-Wiederverwendung f\u00fcr Schweizer Softwarefirmen. Die Resultate wurden anl\u00e4sslich des CNO-Panels am 26. Oktober 2020 in Bern ver\u00f6ffentlicht. Die Hauptergebnisse des SSIS 2020 [&hellip;]<\/p>\n","protected":false},"author":4,"featured_media":7258,"comment_status":"closed","ping_status":"closed","sticky":false,"template":"","format":"standard","meta":{"_acf_changed":false,"_yoast_wpseo_focuskw":"Schweizer Softwarebranche","_yoast_wpseo_metadesc":"Der Swiss Software Industry Survey (SSIS) zeigt, dass die Schweizer Softwarebranche im Krisenjahr 2020 glimpflich davonkommen wird.","articlekey":"","footnotes":""},"categories":[27],"tags":[286,288,503],"class_list":["post-7257","post","type-post","status-publish","format-standard","has-post-thumbnail","hentry","category-it","tag-it","tag-it-business-software","tag-verbaende"],"acf":[],"yoast_head":"<!-- This site is optimized with the Yoast SEO plugin v27.4 - https:\/\/yoast.com\/product\/yoast-seo-wordpress\/ -->\n<title>Die Schweizer Softwarebranche meistert das Krisenjahr 2020 - Organisator<\/title>\n<meta name=\"description\" content=\"Der Swiss Software Industry Survey (SSIS) zeigt, dass die Schweizer Softwarebranche im Krisenjahr 2020 glimpflich davonkommen wird.\" \/>\n<meta name=\"robots\" content=\"index, follow, max-snippet:-1, max-image-preview:large, max-video-preview:-1\" \/>\n<link rel=\"canonical\" href=\"https:\/\/www.organisator.ch\/de\/management\/it\/2020-10-27\/die-schweizer-softwarebranche-meistert-das-krisenjahr-2020\/\" \/>\n<meta property=\"og:locale\" content=\"de_DE\" \/>\n<meta property=\"og:type\" content=\"article\" \/>\n<meta property=\"og:title\" content=\"Die Schweizer Softwarebranche meistert das Krisenjahr 2020\" \/>\n<meta property=\"og:description\" content=\"Der Swiss Software Industry Survey (SSIS) zeigt, dass die Schweizer Softwarebranche im Krisenjahr 2020 glimpflich davonkommen wird.\" \/>\n<meta property=\"og:url\" content=\"https:\/\/www.organisator.ch\/de\/management\/it\/2020-10-27\/die-schweizer-softwarebranche-meistert-das-krisenjahr-2020\/\" \/>\n<meta property=\"og:site_name\" content=\"Organisator\" \/>\n<meta property=\"article:publisher\" content=\"https:\/\/www.facebook.com\/OrganisatorFachmagazin\" \/>\n<meta property=\"article:published_time\" content=\"2020-10-27T06:48:55+00:00\" \/>\n<meta property=\"og:image\" content=\"https:\/\/www.organisator.ch\/wp-content\/uploads\/2020\/10\/Die-Schweizer-Softwarebranche-meistert-das-Krisenjahr-2020_Organisator.jpg\" \/>\n\t<meta property=\"og:image:width\" content=\"680\" \/>\n\t<meta property=\"og:image:height\" content=\"453\" \/>\n\t<meta property=\"og:image:type\" content=\"image\/jpeg\" \/>\n<meta name=\"author\" content=\"thomas.berner\" \/>\n<meta name=\"twitter:card\" content=\"summary_large_image\" \/>\n<meta name=\"twitter:title\" content=\"Die Schweizer #Softwarebranche meistert das #Krisenjahr 2020\" \/>\n<meta name=\"twitter:description\" content=\"Der Swiss Software Industry Survey (#SSIS) zeigt, dass die Schweizer #Softwarebranche im #Krisenjahr 2020 glimpflich davonkommen wird.\" \/>\n<meta name=\"twitter:image\" content=\"https:\/\/www.organisator.ch\/wp-content\/uploads\/2020\/10\/Die-Schweizer-Softwarebranche-meistert-das-Krisenjahr-2020_Organisator.jpg\" \/>\n<script type=\"application\/ld+json\" class=\"yoast-schema-graph\">{\"@context\":\"https:\\\/\\\/schema.org\",\"@graph\":[{\"@type\":\"Article\",\"@id\":\"https:\\\/\\\/www.organisator.ch\\\/management\\\/it\\\/2020-10-27\\\/die-schweizer-softwarebranche-meistert-das-krisenjahr-2020\\\/#article\",\"isPartOf\":{\"@id\":\"https:\\\/\\\/www.organisator.ch\\\/management\\\/it\\\/2020-10-27\\\/die-schweizer-softwarebranche-meistert-das-krisenjahr-2020\\\/\"},\"author\":{\"name\":\"thomas.berner\",\"@id\":\"https:\\\/\\\/www.organisator.ch\\\/#\\\/schema\\\/person\\\/6f650f90b2842cd4c0cc334b4e36f67e\"},\"headline\":\"Die Schweizer Softwarebranche meistert das Krisenjahr 2020\",\"datePublished\":\"2020-10-27T06:48:55+00:00\",\"mainEntityOfPage\":{\"@id\":\"https:\\\/\\\/www.organisator.ch\\\/management\\\/it\\\/2020-10-27\\\/die-schweizer-softwarebranche-meistert-das-krisenjahr-2020\\\/\"},\"wordCount\":508,\"publisher\":{\"@id\":\"https:\\\/\\\/www.organisator.ch\\\/#organization\"},\"image\":{\"@id\":\"https:\\\/\\\/www.organisator.ch\\\/management\\\/it\\\/2020-10-27\\\/die-schweizer-softwarebranche-meistert-das-krisenjahr-2020\\\/#primaryimage\"},\"thumbnailUrl\":\"https:\\\/\\\/www.organisator.ch\\\/wp-content\\\/uploads\\\/2020\\\/10\\\/Die-Schweizer-Softwarebranche-meistert-das-Krisenjahr-2020_Organisator.jpg\",\"keywords\":[\"IT\",\"IT &amp; Business Software\",\"Verb\u00e4nde\"],\"articleSection\":[\"IT\"],\"inLanguage\":\"de\"},{\"@type\":\"WebPage\",\"@id\":\"https:\\\/\\\/www.organisator.ch\\\/management\\\/it\\\/2020-10-27\\\/die-schweizer-softwarebranche-meistert-das-krisenjahr-2020\\\/\",\"url\":\"https:\\\/\\\/www.organisator.ch\\\/management\\\/it\\\/2020-10-27\\\/die-schweizer-softwarebranche-meistert-das-krisenjahr-2020\\\/\",\"name\":\"Die Schweizer Softwarebranche meistert das Krisenjahr 2020 - Organisator\",\"isPartOf\":{\"@id\":\"https:\\\/\\\/www.organisator.ch\\\/#website\"},\"primaryImageOfPage\":{\"@id\":\"https:\\\/\\\/www.organisator.ch\\\/management\\\/it\\\/2020-10-27\\\/die-schweizer-softwarebranche-meistert-das-krisenjahr-2020\\\/#primaryimage\"},\"image\":{\"@id\":\"https:\\\/\\\/www.organisator.ch\\\/management\\\/it\\\/2020-10-27\\\/die-schweizer-softwarebranche-meistert-das-krisenjahr-2020\\\/#primaryimage\"},\"thumbnailUrl\":\"https:\\\/\\\/www.organisator.ch\\\/wp-content\\\/uploads\\\/2020\\\/10\\\/Die-Schweizer-Softwarebranche-meistert-das-Krisenjahr-2020_Organisator.jpg\",\"datePublished\":\"2020-10-27T06:48:55+00:00\",\"description\":\"Der Swiss Software Industry Survey (SSIS) zeigt, dass die Schweizer Softwarebranche im Krisenjahr 2020 glimpflich davonkommen wird.\",\"breadcrumb\":{\"@id\":\"https:\\\/\\\/www.organisator.ch\\\/management\\\/it\\\/2020-10-27\\\/die-schweizer-softwarebranche-meistert-das-krisenjahr-2020\\\/#breadcrumb\"},\"inLanguage\":\"de\",\"potentialAction\":[{\"@type\":\"ReadAction\",\"target\":[\"https:\\\/\\\/www.organisator.ch\\\/management\\\/it\\\/2020-10-27\\\/die-schweizer-softwarebranche-meistert-das-krisenjahr-2020\\\/\"]}]},{\"@type\":\"ImageObject\",\"inLanguage\":\"de\",\"@id\":\"https:\\\/\\\/www.organisator.ch\\\/management\\\/it\\\/2020-10-27\\\/die-schweizer-softwarebranche-meistert-das-krisenjahr-2020\\\/#primaryimage\",\"url\":\"https:\\\/\\\/www.organisator.ch\\\/wp-content\\\/uploads\\\/2020\\\/10\\\/Die-Schweizer-Softwarebranche-meistert-das-Krisenjahr-2020_Organisator.jpg\",\"contentUrl\":\"https:\\\/\\\/www.organisator.ch\\\/wp-content\\\/uploads\\\/2020\\\/10\\\/Die-Schweizer-Softwarebranche-meistert-das-Krisenjahr-2020_Organisator.jpg\",\"width\":680,\"height\":453,\"caption\":\"Gut programmiert: Die Schweizer Softwarebranche meistert das Krisenjahr 2020 insgesamt gut und blickt zuversichtlich in die Zukunft. (Bild: Pixabay.com)\"},{\"@type\":\"BreadcrumbList\",\"@id\":\"https:\\\/\\\/www.organisator.ch\\\/management\\\/it\\\/2020-10-27\\\/die-schweizer-softwarebranche-meistert-das-krisenjahr-2020\\\/#breadcrumb\",\"itemListElement\":[{\"@type\":\"ListItem\",\"position\":1,\"name\":\"Home\",\"item\":\"https:\\\/\\\/www.organisator.ch\\\/\"},{\"@type\":\"ListItem\",\"position\":2,\"name\":\"Die Schweizer Softwarebranche meistert das Krisenjahr 2020\"}]},{\"@type\":\"WebSite\",\"@id\":\"https:\\\/\\\/www.organisator.ch\\\/#website\",\"url\":\"https:\\\/\\\/www.organisator.ch\\\/\",\"name\":\"Organisator\",\"description\":\"Kompetent. Praxisnah. Der ORGANISATOR bereitet in 10 Ausgaben pro Jahr die wesentlichen Themen f\u00fcr F\u00fchrungskr\u00e4fte von KMU auf.\",\"publisher\":{\"@id\":\"https:\\\/\\\/www.organisator.ch\\\/#organization\"},\"potentialAction\":[{\"@type\":\"SearchAction\",\"target\":{\"@type\":\"EntryPoint\",\"urlTemplate\":\"https:\\\/\\\/www.organisator.ch\\\/?s={search_term_string}\"},\"query-input\":{\"@type\":\"PropertyValueSpecification\",\"valueRequired\":true,\"valueName\":\"search_term_string\"}}],\"inLanguage\":\"de\"},{\"@type\":\"Organization\",\"@id\":\"https:\\\/\\\/www.organisator.ch\\\/#organization\",\"name\":\"Organisator\",\"url\":\"https:\\\/\\\/www.organisator.ch\\\/\",\"logo\":{\"@type\":\"ImageObject\",\"inLanguage\":\"de\",\"@id\":\"https:\\\/\\\/www.organisator.ch\\\/#\\\/schema\\\/logo\\\/image\\\/\",\"url\":\"https:\\\/\\\/www.organisator.ch\\\/wp-content\\\/uploads\\\/2022\\\/01\\\/Logo_Organisator_Website.png\",\"contentUrl\":\"https:\\\/\\\/www.organisator.ch\\\/wp-content\\\/uploads\\\/2022\\\/01\\\/Logo_Organisator_Website.png\",\"width\":800,\"height\":77,\"caption\":\"Organisator\"},\"image\":{\"@id\":\"https:\\\/\\\/www.organisator.ch\\\/#\\\/schema\\\/logo\\\/image\\\/\"},\"sameAs\":[\"https:\\\/\\\/www.facebook.com\\\/OrganisatorFachmagazin\",\"https:\\\/\\\/www.linkedin.com\\\/showcase\\\/organisator-das-magazin-fr-kmu\",\"https:\\\/\\\/www.xing.com\\\/news\\\/pages\\\/organisator-ch-695\",\"https:\\\/\\\/www.youtube.com\\\/channel\\\/UCGP2Sq0iWaZwT3BdIAQFYpw\"]},{\"@type\":\"Person\",\"@id\":\"https:\\\/\\\/www.organisator.ch\\\/#\\\/schema\\\/person\\\/6f650f90b2842cd4c0cc334b4e36f67e\",\"name\":\"thomas.berner\",\"image\":{\"@type\":\"ImageObject\",\"inLanguage\":\"de\",\"@id\":\"https:\\\/\\\/secure.gravatar.com\\\/avatar\\\/ac5001d2a36cb6c6cd3e50789007ffca834b477b74a2144564522e944eabff61?s=96&d=mm&r=g\",\"url\":\"https:\\\/\\\/secure.gravatar.com\\\/avatar\\\/ac5001d2a36cb6c6cd3e50789007ffca834b477b74a2144564522e944eabff61?s=96&d=mm&r=g\",\"contentUrl\":\"https:\\\/\\\/secure.gravatar.com\\\/avatar\\\/ac5001d2a36cb6c6cd3e50789007ffca834b477b74a2144564522e944eabff61?s=96&d=mm&r=g\",\"caption\":\"thomas.berner\"},\"url\":\"https:\\\/\\\/www.organisator.ch\\\/de\\\/author\\\/thomas-berner\\\/\"}]}<\/script>\n<!-- \/ Yoast SEO plugin. -->","yoast_head_json":{"title":"Die Schweizer Softwarebranche meistert das Krisenjahr 2020 - Organisator","description":"Der Swiss Software Industry Survey (SSIS) zeigt, dass die Schweizer Softwarebranche im Krisenjahr 2020 glimpflich davonkommen wird.","robots":{"index":"index","follow":"follow","max-snippet":"max-snippet:-1","max-image-preview":"max-image-preview:large","max-video-preview":"max-video-preview:-1"},"canonical":"https:\/\/www.organisator.ch\/de\/management\/it\/2020-10-27\/die-schweizer-softwarebranche-meistert-das-krisenjahr-2020\/","og_locale":"de_DE","og_type":"article","og_title":"Die Schweizer Softwarebranche meistert das Krisenjahr 2020","og_description":"Der Swiss Software Industry Survey (SSIS) zeigt, dass die Schweizer Softwarebranche im Krisenjahr 2020 glimpflich davonkommen wird.","og_url":"https:\/\/www.organisator.ch\/de\/management\/it\/2020-10-27\/die-schweizer-softwarebranche-meistert-das-krisenjahr-2020\/","og_site_name":"Organisator","article_publisher":"https:\/\/www.facebook.com\/OrganisatorFachmagazin","article_published_time":"2020-10-27T06:48:55+00:00","og_image":[{"width":680,"height":453,"url":"https:\/\/www.organisator.ch\/wp-content\/uploads\/2020\/10\/Die-Schweizer-Softwarebranche-meistert-das-Krisenjahr-2020_Organisator.jpg","type":"image\/jpeg"}],"author":"thomas.berner","twitter_card":"summary_large_image","twitter_title":"Die Schweizer #Softwarebranche meistert das #Krisenjahr 2020","twitter_description":"Der Swiss Software Industry Survey (#SSIS) zeigt, dass die Schweizer #Softwarebranche im #Krisenjahr 2020 glimpflich davonkommen wird.","twitter_image":"https:\/\/www.organisator.ch\/wp-content\/uploads\/2020\/10\/Die-Schweizer-Softwarebranche-meistert-das-Krisenjahr-2020_Organisator.jpg","schema":{"@context":"https:\/\/schema.org","@graph":[{"@type":"Article","@id":"https:\/\/www.organisator.ch\/management\/it\/2020-10-27\/die-schweizer-softwarebranche-meistert-das-krisenjahr-2020\/#article","isPartOf":{"@id":"https:\/\/www.organisator.ch\/management\/it\/2020-10-27\/die-schweizer-softwarebranche-meistert-das-krisenjahr-2020\/"},"author":{"name":"thomas.berner","@id":"https:\/\/www.organisator.ch\/#\/schema\/person\/6f650f90b2842cd4c0cc334b4e36f67e"},"headline":"Die Schweizer Softwarebranche meistert das Krisenjahr 2020","datePublished":"2020-10-27T06:48:55+00:00","mainEntityOfPage":{"@id":"https:\/\/www.organisator.ch\/management\/it\/2020-10-27\/die-schweizer-softwarebranche-meistert-das-krisenjahr-2020\/"},"wordCount":508,"publisher":{"@id":"https:\/\/www.organisator.ch\/#organization"},"image":{"@id":"https:\/\/www.organisator.ch\/management\/it\/2020-10-27\/die-schweizer-softwarebranche-meistert-das-krisenjahr-2020\/#primaryimage"},"thumbnailUrl":"https:\/\/www.organisator.ch\/wp-content\/uploads\/2020\/10\/Die-Schweizer-Softwarebranche-meistert-das-Krisenjahr-2020_Organisator.jpg","keywords":["IT","IT &amp; Business Software","Verb\u00e4nde"],"articleSection":["IT"],"inLanguage":"de"},{"@type":"WebPage","@id":"https:\/\/www.organisator.ch\/management\/it\/2020-10-27\/die-schweizer-softwarebranche-meistert-das-krisenjahr-2020\/","url":"https:\/\/www.organisator.ch\/management\/it\/2020-10-27\/die-schweizer-softwarebranche-meistert-das-krisenjahr-2020\/","name":"Die Schweizer Softwarebranche meistert das Krisenjahr 2020 - Organisator","isPartOf":{"@id":"https:\/\/www.organisator.ch\/#website"},"primaryImageOfPage":{"@id":"https:\/\/www.organisator.ch\/management\/it\/2020-10-27\/die-schweizer-softwarebranche-meistert-das-krisenjahr-2020\/#primaryimage"},"image":{"@id":"https:\/\/www.organisator.ch\/management\/it\/2020-10-27\/die-schweizer-softwarebranche-meistert-das-krisenjahr-2020\/#primaryimage"},"thumbnailUrl":"https:\/\/www.organisator.ch\/wp-content\/uploads\/2020\/10\/Die-Schweizer-Softwarebranche-meistert-das-Krisenjahr-2020_Organisator.jpg","datePublished":"2020-10-27T06:48:55+00:00","description":"Der Swiss Software Industry Survey (SSIS) zeigt, dass die Schweizer Softwarebranche im Krisenjahr 2020 glimpflich davonkommen wird.","breadcrumb":{"@id":"https:\/\/www.organisator.ch\/management\/it\/2020-10-27\/die-schweizer-softwarebranche-meistert-das-krisenjahr-2020\/#breadcrumb"},"inLanguage":"de","potentialAction":[{"@type":"ReadAction","target":["https:\/\/www.organisator.ch\/management\/it\/2020-10-27\/die-schweizer-softwarebranche-meistert-das-krisenjahr-2020\/"]}]},{"@type":"ImageObject","inLanguage":"de","@id":"https:\/\/www.organisator.ch\/management\/it\/2020-10-27\/die-schweizer-softwarebranche-meistert-das-krisenjahr-2020\/#primaryimage","url":"https:\/\/www.organisator.ch\/wp-content\/uploads\/2020\/10\/Die-Schweizer-Softwarebranche-meistert-das-Krisenjahr-2020_Organisator.jpg","contentUrl":"https:\/\/www.organisator.ch\/wp-content\/uploads\/2020\/10\/Die-Schweizer-Softwarebranche-meistert-das-Krisenjahr-2020_Organisator.jpg","width":680,"height":453,"caption":"Gut programmiert: Die Schweizer Softwarebranche meistert das Krisenjahr 2020 insgesamt gut und blickt zuversichtlich in die Zukunft. (Bild: Pixabay.com)"},{"@type":"BreadcrumbList","@id":"https:\/\/www.organisator.ch\/management\/it\/2020-10-27\/die-schweizer-softwarebranche-meistert-das-krisenjahr-2020\/#breadcrumb","itemListElement":[{"@type":"ListItem","position":1,"name":"Home","item":"https:\/\/www.organisator.ch\/"},{"@type":"ListItem","position":2,"name":"Die Schweizer Softwarebranche meistert das Krisenjahr 2020"}]},{"@type":"WebSite","@id":"https:\/\/www.organisator.ch\/#website","url":"https:\/\/www.organisator.ch\/","name":"Organisator","description":"Kompetent. Praxisnah. Der ORGANISATOR bereitet in 10 Ausgaben pro Jahr die wesentlichen Themen f\u00fcr F\u00fchrungskr\u00e4fte von KMU auf.","publisher":{"@id":"https:\/\/www.organisator.ch\/#organization"},"potentialAction":[{"@type":"SearchAction","target":{"@type":"EntryPoint","urlTemplate":"https:\/\/www.organisator.ch\/?s={search_term_string}"},"query-input":{"@type":"PropertyValueSpecification","valueRequired":true,"valueName":"search_term_string"}}],"inLanguage":"de"},{"@type":"Organization","@id":"https:\/\/www.organisator.ch\/#organization","name":"Organisator","url":"https:\/\/www.organisator.ch\/","logo":{"@type":"ImageObject","inLanguage":"de","@id":"https:\/\/www.organisator.ch\/#\/schema\/logo\/image\/","url":"https:\/\/www.organisator.ch\/wp-content\/uploads\/2022\/01\/Logo_Organisator_Website.png","contentUrl":"https:\/\/www.organisator.ch\/wp-content\/uploads\/2022\/01\/Logo_Organisator_Website.png","width":800,"height":77,"caption":"Organisator"},"image":{"@id":"https:\/\/www.organisator.ch\/#\/schema\/logo\/image\/"},"sameAs":["https:\/\/www.facebook.com\/OrganisatorFachmagazin","https:\/\/www.linkedin.com\/showcase\/organisator-das-magazin-fr-kmu","https:\/\/www.xing.com\/news\/pages\/organisator-ch-695","https:\/\/www.youtube.com\/channel\/UCGP2Sq0iWaZwT3BdIAQFYpw"]},{"@type":"Person","@id":"https:\/\/www.organisator.ch\/#\/schema\/person\/6f650f90b2842cd4c0cc334b4e36f67e","name":"thomas.berner","image":{"@type":"ImageObject","inLanguage":"de","@id":"https:\/\/secure.gravatar.com\/avatar\/ac5001d2a36cb6c6cd3e50789007ffca834b477b74a2144564522e944eabff61?s=96&d=mm&r=g","url":"https:\/\/secure.gravatar.com\/avatar\/ac5001d2a36cb6c6cd3e50789007ffca834b477b74a2144564522e944eabff61?s=96&d=mm&r=g","contentUrl":"https:\/\/secure.gravatar.com\/avatar\/ac5001d2a36cb6c6cd3e50789007ffca834b477b74a2144564522e944eabff61?s=96&d=mm&r=g","caption":"thomas.berner"},"url":"https:\/\/www.organisator.ch\/de\/author\/thomas-berner\/"}]}},"_links":{"self":[{"href":"https:\/\/www.organisator.ch\/de\/wp-json\/wp\/v2\/posts\/7257","targetHints":{"allow":["GET"]}}],"collection":[{"href":"https:\/\/www.organisator.ch\/de\/wp-json\/wp\/v2\/posts"}],"about":[{"href":"https:\/\/www.organisator.ch\/de\/wp-json\/wp\/v2\/types\/post"}],"author":[{"embeddable":true,"href":"https:\/\/www.organisator.ch\/de\/wp-json\/wp\/v2\/users\/4"}],"replies":[{"embeddable":true,"href":"https:\/\/www.organisator.ch\/de\/wp-json\/wp\/v2\/comments?post=7257"}],"version-history":[{"count":0,"href":"https:\/\/www.organisator.ch\/de\/wp-json\/wp\/v2\/posts\/7257\/revisions"}],"wp:featuredmedia":[{"embeddable":true,"href":"https:\/\/www.organisator.ch\/de\/wp-json\/wp\/v2\/media\/7258"}],"wp:attachment":[{"href":"https:\/\/www.organisator.ch\/de\/wp-json\/wp\/v2\/media?parent=7257"}],"wp:term":[{"taxonomy":"category","embeddable":true,"href":"https:\/\/www.organisator.ch\/de\/wp-json\/wp\/v2\/categories?post=7257"},{"taxonomy":"post_tag","embeddable":true,"href":"https:\/\/www.organisator.ch\/de\/wp-json\/wp\/v2\/tags?post=7257"}],"curies":[{"name":"wp","href":"https:\/\/api.w.org\/{rel}","templated":true}]}}