{"id":7260,"date":"2020-10-27T08:09:23","date_gmt":"2020-10-27T07:09:23","guid":{"rendered":"https:\/\/www.organisator.ch\/?p=7260"},"modified":"2020-10-27T08:09:23","modified_gmt":"2020-10-27T07:09:23","slug":"berlinger-co-ag-gewinnt-den-export-award-2020","status":"publish","type":"post","link":"https:\/\/www.organisator.ch\/de\/management\/2020-10-27\/berlinger-co-ag-gewinnt-den-export-award-2020\/","title":{"rendered":"Berlinger &#038; Co. AG gewinnt den Export Award 2020"},"content":{"rendered":"<figure id=\"attachment_7261\" aria-describedby=\"caption-attachment-7261\" style=\"width: 680px\" class=\"wp-caption alignnone\"><img loading=\"lazy\" decoding=\"async\" class=\"size-medium wp-image-7261\" src=\"https:\/\/www.organisator.ch\/wp-content\/uploads\/2020\/10\/Berlinger-Co-AG-gewinnt-den-Export-Award-2020_Organisator.jpg\" alt=\"\" width=\"680\" height=\"404\" srcset=\"https:\/\/www.organisator.ch\/wp-content\/uploads\/2020\/10\/Berlinger-Co-AG-gewinnt-den-Export-Award-2020_Organisator.jpg 680w, https:\/\/www.organisator.ch\/wp-content\/uploads\/2020\/10\/Berlinger-Co-AG-gewinnt-den-Export-Award-2020_Organisator-16x10.jpg 16w, https:\/\/www.organisator.ch\/wp-content\/uploads\/2020\/10\/Berlinger-Co-AG-gewinnt-den-Export-Award-2020_Organisator-295x175.jpg 295w, https:\/\/www.organisator.ch\/wp-content\/uploads\/2020\/10\/Berlinger-Co-AG-gewinnt-den-Export-Award-2020_Organisator-589x350.jpg 589w, https:\/\/www.organisator.ch\/wp-content\/uploads\/2020\/10\/Berlinger-Co-AG-gewinnt-den-Export-Award-2020_Organisator-300x178.jpg 300w\" sizes=\"auto, (max-width: 680px) 100vw, 680px\" \/><figcaption id=\"caption-attachment-7261\" class=\"wp-caption-text\">Die Vergabe des Export Awards 2020 fand ohne Publikum statt. Im Bild: Ruth Metzler-Arnold, Thomas Bechter (CEO Berlinger &amp; Co. AG), Simone Wyss Fedele (CEO S-GE). (Bild: zVg \/ Switzerland Global Enterprise)<\/figcaption><\/figure>\n<p>Mit dem Export Award von Switzerland Global Enterprise wird jedes Jahr ein Unternehmen ausgezeichnet, das erfolgreich im Ausland Fuss gefasst haben. F\u00fcr den Export Award 2020 waren insgesamt drei Finalisten nominiert: die Berlinger &amp; Co. AG aus Ganterschwil, die Sensirion AG aus St\u00e4fa sowie die Storz Medical AG aus T\u00e4gerwilen.<\/p>\n<h2>Berlinger &amp; Co. AG zum Sieger gek\u00fcrt<\/h2>\n<p>Zum Sieger k\u00fcrte die unabh\u00e4ngige <a href=\"https:\/\/newsletter.s-ge.com\/u\/nrd.php?p=LkEL1z7EfU_111_3439328_1_3&amp;ems_l=3358337&amp;d=%7CRV9NZWRpZW5taXR0ZWlsdW5nX0dld2lubmVyX0V4cG9ydEF3YXJkMjAyMF9ERQ%3D%3D%7CMjAyMA%3D%3D%7CMTA%3D%7CMjY%3D%7CMTk%3D%7C\">Jury<\/a> aus Wirtschafts-, Wissenschafts- und Medienvertretern schliesslich die Berlinger &amp; Co. AG aus dem Toggenburg. Das Unternehmen \u00fcberzeugt in den Augen der Jury mit seiner Internationalisierungsstrategie, welche sich auf bedachte Marktanalysen, die Pflege von weltweiten Partnerschaften sowie eine geschickte Wachstumsstrategie st\u00fctzt.<\/p>\n<h2><strong>Preis\u00fcbergabe durch Ruth Metzler-Arnold<\/strong><\/h2>\n<p>Die Troph\u00e4e des Export Award 2020 ist von Ruth Metzler-Arnold, Verwaltungsratspr\u00e4sidentin von S-GE, \u00fcberreicht worden. \u00abDas internationale Gesch\u00e4ft wird seit Jahren unsicherer und volatiler\u00bb, so Ruth Metzler-Arnold. \u00abDie Berlinger &amp; Co. AG hat es geschafft, sich in diesem schwierigen Umfeld zu beweisen und mit einer bemerkenswerten Internationalisierungsstrategie sowie hervorragendem Risikomanagement Weltmarktf\u00fchrer zu werden.\u00bb<\/p>\n<h2><strong>Innovation trifft auf Tradition<\/strong><\/h2>\n<p>Die Hightech-Produkte der Berlinger &amp; Co. AG dienen der Temperatur\u00fcberwachung von Pharma- und Medizinalprodukten sowie zum sicheren Transport und der Aufbewahrung von Dopingproben im Spitzensport. Dank der pers\u00f6nlichen Kontakte zu internationalen pharmazeutischen Unternehmen und humanit\u00e4ren Organisationen sowie zu Sportverb\u00e4nden und Veranstaltern von Sportgrossanl\u00e4ssen sind die Hard- und Softwarel\u00f6sungen aus dem Toggenburg in \u00fcber 180 L\u00e4ndern gefragt. \u00abFeel safe\u00bb lautet der Slogan des 155-j\u00e4hrigen Familienunternehmens, das mit Kontinuit\u00e4t und Innovation trumpft und hinsichtlich Patientensicherheit und im Engagement f\u00fcr sauberen Sport weltweit eine wichtige Rolle spielt.<\/p>\n<p><em>Quelle: <a href=\"http:\/\/www.s-ge.conm\">Switzerland Global Enterprise<\/a><\/em><\/p>\n","protected":false},"excerpt":{"rendered":"<p>Mit dem Export Award von Switzerland Global Enterprise wird jedes Jahr ein Unternehmen ausgezeichnet, das erfolgreich im Ausland Fuss gefasst haben. F\u00fcr den Export Award 2020 waren insgesamt drei Finalisten nominiert: die Berlinger &amp; Co. AG aus Ganterschwil, die Sensirion AG aus St\u00e4fa sowie die Storz Medical AG aus T\u00e4gerwilen. Berlinger &amp; Co. AG zum [&hellip;]<\/p>\n","protected":false},"author":4,"featured_media":7261,"comment_status":"closed","ping_status":"closed","sticky":false,"template":"","format":"standard","meta":{"_acf_changed":false,"_yoast_wpseo_focuskw":"Berlinger","_yoast_wpseo_metadesc":"Die Toggenburger Firma Berlinger & Co. AG ist mit dem Export Award 2020 von Switzerland Global Enterprise (S-GE) ausgezeichnet worden.","articlekey":"","footnotes":""},"categories":[28],"tags":[66,189,335,492],"class_list":["post-7260","post","type-post","status-publish","format-standard","has-post-thumbnail","hentry","category-management","tag-awards","tag-export","tag-management-und-unternehmensfuehrung","tag-unternehmen"],"acf":[],"yoast_head":"<!-- This site is optimized with the Yoast SEO plugin v27.5 - https:\/\/yoast.com\/product\/yoast-seo-wordpress\/ -->\n<title>Berlinger &amp; Co. AG gewinnt den Export Award 2020 - Organisator<\/title>\n<meta name=\"description\" content=\"Die Toggenburger Firma Berlinger &amp; Co. AG ist mit dem Export Award 2020 von Switzerland Global Enterprise (S-GE) ausgezeichnet worden.\" \/>\n<meta name=\"robots\" content=\"index, follow, max-snippet:-1, max-image-preview:large, max-video-preview:-1\" \/>\n<link rel=\"canonical\" href=\"https:\/\/www.organisator.ch\/de\/management\/2020-10-27\/berlinger-co-ag-gewinnt-den-export-award-2020\/\" \/>\n<meta property=\"og:locale\" content=\"de_DE\" \/>\n<meta property=\"og:type\" content=\"article\" \/>\n<meta property=\"og:title\" content=\"Berlinger &amp; Co. AG gewinnt den Export Award 2020\" \/>\n<meta property=\"og:description\" content=\"Die Toggenburger Firma Berlinger &amp; Co. AG ist mit dem Export Award 2020 von Switzerland Global Enterprise (S-GE) ausgezeichnet worden.\" \/>\n<meta property=\"og:url\" content=\"https:\/\/www.organisator.ch\/de\/management\/2020-10-27\/berlinger-co-ag-gewinnt-den-export-award-2020\/\" \/>\n<meta property=\"og:site_name\" content=\"Organisator\" \/>\n<meta property=\"article:publisher\" content=\"https:\/\/www.facebook.com\/OrganisatorFachmagazin\" \/>\n<meta property=\"article:published_time\" content=\"2020-10-27T07:09:23+00:00\" \/>\n<meta property=\"og:image\" content=\"https:\/\/www.organisator.ch\/wp-content\/uploads\/2020\/10\/Berlinger-Co-AG-gewinnt-den-Export-Award-2020_Organisator.jpg\" \/>\n\t<meta property=\"og:image:width\" content=\"680\" \/>\n\t<meta property=\"og:image:height\" content=\"404\" \/>\n\t<meta property=\"og:image:type\" content=\"image\/jpeg\" \/>\n<meta name=\"author\" content=\"thomas.berner\" \/>\n<meta name=\"twitter:card\" content=\"summary_large_image\" \/>\n<meta name=\"twitter:title\" content=\"#Berlinger &amp; Co. AG gewinnt den Export Award 2020\" \/>\n<meta name=\"twitter:description\" content=\"Die Toggenburger Firma #Berlinger &amp; Co. AG ist mit dem Export Award 2020 von Switzerland Global Enterprise (#S-GE) ausgezeichnet worden.\" \/>\n<meta name=\"twitter:image\" content=\"https:\/\/www.organisator.ch\/wp-content\/uploads\/2020\/10\/Berlinger-Co-AG-gewinnt-den-Export-Award-2020_Organisator.jpg\" \/>\n<script type=\"application\/ld+json\" class=\"yoast-schema-graph\">{\"@context\":\"https:\\\/\\\/schema.org\",\"@graph\":[{\"@type\":\"Article\",\"@id\":\"https:\\\/\\\/www.organisator.ch\\\/management\\\/2020-10-27\\\/berlinger-co-ag-gewinnt-den-export-award-2020\\\/#article\",\"isPartOf\":{\"@id\":\"https:\\\/\\\/www.organisator.ch\\\/management\\\/2020-10-27\\\/berlinger-co-ag-gewinnt-den-export-award-2020\\\/\"},\"author\":{\"name\":\"thomas.berner\",\"@id\":\"https:\\\/\\\/www.organisator.ch\\\/#\\\/schema\\\/person\\\/6f650f90b2842cd4c0cc334b4e36f67e\"},\"headline\":\"Berlinger &#038; Co. AG gewinnt den Export Award 2020\",\"datePublished\":\"2020-10-27T07:09:23+00:00\",\"mainEntityOfPage\":{\"@id\":\"https:\\\/\\\/www.organisator.ch\\\/management\\\/2020-10-27\\\/berlinger-co-ag-gewinnt-den-export-award-2020\\\/\"},\"wordCount\":315,\"publisher\":{\"@id\":\"https:\\\/\\\/www.organisator.ch\\\/#organization\"},\"image\":{\"@id\":\"https:\\\/\\\/www.organisator.ch\\\/management\\\/2020-10-27\\\/berlinger-co-ag-gewinnt-den-export-award-2020\\\/#primaryimage\"},\"thumbnailUrl\":\"https:\\\/\\\/www.organisator.ch\\\/wp-content\\\/uploads\\\/2020\\\/10\\\/Berlinger-Co-AG-gewinnt-den-Export-Award-2020_Organisator.jpg\",\"keywords\":[\"Awards\",\"Export\",\"Management und Unternehmensf\u00fchrung\",\"Unternehmen\"],\"articleSection\":[\"MANAGEMENT\"],\"inLanguage\":\"de\"},{\"@type\":\"WebPage\",\"@id\":\"https:\\\/\\\/www.organisator.ch\\\/management\\\/2020-10-27\\\/berlinger-co-ag-gewinnt-den-export-award-2020\\\/\",\"url\":\"https:\\\/\\\/www.organisator.ch\\\/management\\\/2020-10-27\\\/berlinger-co-ag-gewinnt-den-export-award-2020\\\/\",\"name\":\"Berlinger & Co. AG gewinnt den Export Award 2020 - Organisator\",\"isPartOf\":{\"@id\":\"https:\\\/\\\/www.organisator.ch\\\/#website\"},\"primaryImageOfPage\":{\"@id\":\"https:\\\/\\\/www.organisator.ch\\\/management\\\/2020-10-27\\\/berlinger-co-ag-gewinnt-den-export-award-2020\\\/#primaryimage\"},\"image\":{\"@id\":\"https:\\\/\\\/www.organisator.ch\\\/management\\\/2020-10-27\\\/berlinger-co-ag-gewinnt-den-export-award-2020\\\/#primaryimage\"},\"thumbnailUrl\":\"https:\\\/\\\/www.organisator.ch\\\/wp-content\\\/uploads\\\/2020\\\/10\\\/Berlinger-Co-AG-gewinnt-den-Export-Award-2020_Organisator.jpg\",\"datePublished\":\"2020-10-27T07:09:23+00:00\",\"description\":\"Die Toggenburger Firma Berlinger & Co. AG ist mit dem Export Award 2020 von Switzerland Global Enterprise (S-GE) ausgezeichnet worden.\",\"breadcrumb\":{\"@id\":\"https:\\\/\\\/www.organisator.ch\\\/management\\\/2020-10-27\\\/berlinger-co-ag-gewinnt-den-export-award-2020\\\/#breadcrumb\"},\"inLanguage\":\"de\",\"potentialAction\":[{\"@type\":\"ReadAction\",\"target\":[\"https:\\\/\\\/www.organisator.ch\\\/management\\\/2020-10-27\\\/berlinger-co-ag-gewinnt-den-export-award-2020\\\/\"]}]},{\"@type\":\"ImageObject\",\"inLanguage\":\"de\",\"@id\":\"https:\\\/\\\/www.organisator.ch\\\/management\\\/2020-10-27\\\/berlinger-co-ag-gewinnt-den-export-award-2020\\\/#primaryimage\",\"url\":\"https:\\\/\\\/www.organisator.ch\\\/wp-content\\\/uploads\\\/2020\\\/10\\\/Berlinger-Co-AG-gewinnt-den-Export-Award-2020_Organisator.jpg\",\"contentUrl\":\"https:\\\/\\\/www.organisator.ch\\\/wp-content\\\/uploads\\\/2020\\\/10\\\/Berlinger-Co-AG-gewinnt-den-Export-Award-2020_Organisator.jpg\",\"width\":680,\"height\":404,\"caption\":\"Die Berlinger & Co. AG gewinnt den Export Award 2020. Im Bild: Ruth Metzler-Arnold, Berlinger, Simone Wyss Fedele (CEO S-GE). (Bild: zVg \\\/ Switzerland Global Enterprise)\"},{\"@type\":\"BreadcrumbList\",\"@id\":\"https:\\\/\\\/www.organisator.ch\\\/management\\\/2020-10-27\\\/berlinger-co-ag-gewinnt-den-export-award-2020\\\/#breadcrumb\",\"itemListElement\":[{\"@type\":\"ListItem\",\"position\":1,\"name\":\"Home\",\"item\":\"https:\\\/\\\/www.organisator.ch\\\/\"},{\"@type\":\"ListItem\",\"position\":2,\"name\":\"Berlinger &#038; Co. AG gewinnt den Export Award 2020\"}]},{\"@type\":\"WebSite\",\"@id\":\"https:\\\/\\\/www.organisator.ch\\\/#website\",\"url\":\"https:\\\/\\\/www.organisator.ch\\\/\",\"name\":\"Organisator\",\"description\":\"Kompetent. Praxisnah. Der ORGANISATOR bereitet in 10 Ausgaben pro Jahr die wesentlichen Themen f\u00fcr F\u00fchrungskr\u00e4fte von KMU auf.\",\"publisher\":{\"@id\":\"https:\\\/\\\/www.organisator.ch\\\/#organization\"},\"potentialAction\":[{\"@type\":\"SearchAction\",\"target\":{\"@type\":\"EntryPoint\",\"urlTemplate\":\"https:\\\/\\\/www.organisator.ch\\\/?s={search_term_string}\"},\"query-input\":{\"@type\":\"PropertyValueSpecification\",\"valueRequired\":true,\"valueName\":\"search_term_string\"}}],\"inLanguage\":\"de\"},{\"@type\":\"Organization\",\"@id\":\"https:\\\/\\\/www.organisator.ch\\\/#organization\",\"name\":\"Organisator\",\"url\":\"https:\\\/\\\/www.organisator.ch\\\/\",\"logo\":{\"@type\":\"ImageObject\",\"inLanguage\":\"de\",\"@id\":\"https:\\\/\\\/www.organisator.ch\\\/#\\\/schema\\\/logo\\\/image\\\/\",\"url\":\"https:\\\/\\\/www.organisator.ch\\\/wp-content\\\/uploads\\\/2022\\\/01\\\/Logo_Organisator_Website.png\",\"contentUrl\":\"https:\\\/\\\/www.organisator.ch\\\/wp-content\\\/uploads\\\/2022\\\/01\\\/Logo_Organisator_Website.png\",\"width\":800,\"height\":77,\"caption\":\"Organisator\"},\"image\":{\"@id\":\"https:\\\/\\\/www.organisator.ch\\\/#\\\/schema\\\/logo\\\/image\\\/\"},\"sameAs\":[\"https:\\\/\\\/www.facebook.com\\\/OrganisatorFachmagazin\",\"https:\\\/\\\/www.linkedin.com\\\/showcase\\\/organisator-das-magazin-fr-kmu\",\"https:\\\/\\\/www.xing.com\\\/news\\\/pages\\\/organisator-ch-695\",\"https:\\\/\\\/www.youtube.com\\\/channel\\\/UCGP2Sq0iWaZwT3BdIAQFYpw\"]},{\"@type\":\"Person\",\"@id\":\"https:\\\/\\\/www.organisator.ch\\\/#\\\/schema\\\/person\\\/6f650f90b2842cd4c0cc334b4e36f67e\",\"name\":\"thomas.berner\",\"image\":{\"@type\":\"ImageObject\",\"inLanguage\":\"de\",\"@id\":\"https:\\\/\\\/secure.gravatar.com\\\/avatar\\\/ac5001d2a36cb6c6cd3e50789007ffca834b477b74a2144564522e944eabff61?s=96&d=mm&r=g\",\"url\":\"https:\\\/\\\/secure.gravatar.com\\\/avatar\\\/ac5001d2a36cb6c6cd3e50789007ffca834b477b74a2144564522e944eabff61?s=96&d=mm&r=g\",\"contentUrl\":\"https:\\\/\\\/secure.gravatar.com\\\/avatar\\\/ac5001d2a36cb6c6cd3e50789007ffca834b477b74a2144564522e944eabff61?s=96&d=mm&r=g\",\"caption\":\"thomas.berner\"},\"url\":\"https:\\\/\\\/www.organisator.ch\\\/de\\\/author\\\/thomas-berner\\\/\"}]}<\/script>\n<!-- \/ Yoast SEO plugin. -->","yoast_head_json":{"title":"Berlinger & Co. AG gewinnt den Export Award 2020 - Organisator","description":"Die Toggenburger Firma Berlinger & Co. AG ist mit dem Export Award 2020 von Switzerland Global Enterprise (S-GE) ausgezeichnet worden.","robots":{"index":"index","follow":"follow","max-snippet":"max-snippet:-1","max-image-preview":"max-image-preview:large","max-video-preview":"max-video-preview:-1"},"canonical":"https:\/\/www.organisator.ch\/de\/management\/2020-10-27\/berlinger-co-ag-gewinnt-den-export-award-2020\/","og_locale":"de_DE","og_type":"article","og_title":"Berlinger & Co. AG gewinnt den Export Award 2020","og_description":"Die Toggenburger Firma Berlinger & Co. AG ist mit dem Export Award 2020 von Switzerland Global Enterprise (S-GE) ausgezeichnet worden.","og_url":"https:\/\/www.organisator.ch\/de\/management\/2020-10-27\/berlinger-co-ag-gewinnt-den-export-award-2020\/","og_site_name":"Organisator","article_publisher":"https:\/\/www.facebook.com\/OrganisatorFachmagazin","article_published_time":"2020-10-27T07:09:23+00:00","og_image":[{"width":680,"height":404,"url":"https:\/\/www.organisator.ch\/wp-content\/uploads\/2020\/10\/Berlinger-Co-AG-gewinnt-den-Export-Award-2020_Organisator.jpg","type":"image\/jpeg"}],"author":"thomas.berner","twitter_card":"summary_large_image","twitter_title":"#Berlinger & Co. AG gewinnt den Export Award 2020","twitter_description":"Die Toggenburger Firma #Berlinger & Co. AG ist mit dem Export Award 2020 von Switzerland Global Enterprise (#S-GE) ausgezeichnet worden.","twitter_image":"https:\/\/www.organisator.ch\/wp-content\/uploads\/2020\/10\/Berlinger-Co-AG-gewinnt-den-Export-Award-2020_Organisator.jpg","schema":{"@context":"https:\/\/schema.org","@graph":[{"@type":"Article","@id":"https:\/\/www.organisator.ch\/management\/2020-10-27\/berlinger-co-ag-gewinnt-den-export-award-2020\/#article","isPartOf":{"@id":"https:\/\/www.organisator.ch\/management\/2020-10-27\/berlinger-co-ag-gewinnt-den-export-award-2020\/"},"author":{"name":"thomas.berner","@id":"https:\/\/www.organisator.ch\/#\/schema\/person\/6f650f90b2842cd4c0cc334b4e36f67e"},"headline":"Berlinger &#038; Co. AG gewinnt den Export Award 2020","datePublished":"2020-10-27T07:09:23+00:00","mainEntityOfPage":{"@id":"https:\/\/www.organisator.ch\/management\/2020-10-27\/berlinger-co-ag-gewinnt-den-export-award-2020\/"},"wordCount":315,"publisher":{"@id":"https:\/\/www.organisator.ch\/#organization"},"image":{"@id":"https:\/\/www.organisator.ch\/management\/2020-10-27\/berlinger-co-ag-gewinnt-den-export-award-2020\/#primaryimage"},"thumbnailUrl":"https:\/\/www.organisator.ch\/wp-content\/uploads\/2020\/10\/Berlinger-Co-AG-gewinnt-den-Export-Award-2020_Organisator.jpg","keywords":["Awards","Export","Management und Unternehmensf\u00fchrung","Unternehmen"],"articleSection":["MANAGEMENT"],"inLanguage":"de"},{"@type":"WebPage","@id":"https:\/\/www.organisator.ch\/management\/2020-10-27\/berlinger-co-ag-gewinnt-den-export-award-2020\/","url":"https:\/\/www.organisator.ch\/management\/2020-10-27\/berlinger-co-ag-gewinnt-den-export-award-2020\/","name":"Berlinger & Co. AG gewinnt den Export Award 2020 - Organisator","isPartOf":{"@id":"https:\/\/www.organisator.ch\/#website"},"primaryImageOfPage":{"@id":"https:\/\/www.organisator.ch\/management\/2020-10-27\/berlinger-co-ag-gewinnt-den-export-award-2020\/#primaryimage"},"image":{"@id":"https:\/\/www.organisator.ch\/management\/2020-10-27\/berlinger-co-ag-gewinnt-den-export-award-2020\/#primaryimage"},"thumbnailUrl":"https:\/\/www.organisator.ch\/wp-content\/uploads\/2020\/10\/Berlinger-Co-AG-gewinnt-den-Export-Award-2020_Organisator.jpg","datePublished":"2020-10-27T07:09:23+00:00","description":"Die Toggenburger Firma Berlinger & Co. AG ist mit dem Export Award 2020 von Switzerland Global Enterprise (S-GE) ausgezeichnet worden.","breadcrumb":{"@id":"https:\/\/www.organisator.ch\/management\/2020-10-27\/berlinger-co-ag-gewinnt-den-export-award-2020\/#breadcrumb"},"inLanguage":"de","potentialAction":[{"@type":"ReadAction","target":["https:\/\/www.organisator.ch\/management\/2020-10-27\/berlinger-co-ag-gewinnt-den-export-award-2020\/"]}]},{"@type":"ImageObject","inLanguage":"de","@id":"https:\/\/www.organisator.ch\/management\/2020-10-27\/berlinger-co-ag-gewinnt-den-export-award-2020\/#primaryimage","url":"https:\/\/www.organisator.ch\/wp-content\/uploads\/2020\/10\/Berlinger-Co-AG-gewinnt-den-Export-Award-2020_Organisator.jpg","contentUrl":"https:\/\/www.organisator.ch\/wp-content\/uploads\/2020\/10\/Berlinger-Co-AG-gewinnt-den-Export-Award-2020_Organisator.jpg","width":680,"height":404,"caption":"Die Berlinger & Co. AG gewinnt den Export Award 2020. Im Bild: Ruth Metzler-Arnold, Berlinger, Simone Wyss Fedele (CEO S-GE). (Bild: zVg \/ Switzerland Global Enterprise)"},{"@type":"BreadcrumbList","@id":"https:\/\/www.organisator.ch\/management\/2020-10-27\/berlinger-co-ag-gewinnt-den-export-award-2020\/#breadcrumb","itemListElement":[{"@type":"ListItem","position":1,"name":"Home","item":"https:\/\/www.organisator.ch\/"},{"@type":"ListItem","position":2,"name":"Berlinger &#038; Co. AG gewinnt den Export Award 2020"}]},{"@type":"WebSite","@id":"https:\/\/www.organisator.ch\/#website","url":"https:\/\/www.organisator.ch\/","name":"Organisator","description":"Kompetent. Praxisnah. Der ORGANISATOR bereitet in 10 Ausgaben pro Jahr die wesentlichen Themen f\u00fcr F\u00fchrungskr\u00e4fte von KMU auf.","publisher":{"@id":"https:\/\/www.organisator.ch\/#organization"},"potentialAction":[{"@type":"SearchAction","target":{"@type":"EntryPoint","urlTemplate":"https:\/\/www.organisator.ch\/?s={search_term_string}"},"query-input":{"@type":"PropertyValueSpecification","valueRequired":true,"valueName":"search_term_string"}}],"inLanguage":"de"},{"@type":"Organization","@id":"https:\/\/www.organisator.ch\/#organization","name":"Organisator","url":"https:\/\/www.organisator.ch\/","logo":{"@type":"ImageObject","inLanguage":"de","@id":"https:\/\/www.organisator.ch\/#\/schema\/logo\/image\/","url":"https:\/\/www.organisator.ch\/wp-content\/uploads\/2022\/01\/Logo_Organisator_Website.png","contentUrl":"https:\/\/www.organisator.ch\/wp-content\/uploads\/2022\/01\/Logo_Organisator_Website.png","width":800,"height":77,"caption":"Organisator"},"image":{"@id":"https:\/\/www.organisator.ch\/#\/schema\/logo\/image\/"},"sameAs":["https:\/\/www.facebook.com\/OrganisatorFachmagazin","https:\/\/www.linkedin.com\/showcase\/organisator-das-magazin-fr-kmu","https:\/\/www.xing.com\/news\/pages\/organisator-ch-695","https:\/\/www.youtube.com\/channel\/UCGP2Sq0iWaZwT3BdIAQFYpw"]},{"@type":"Person","@id":"https:\/\/www.organisator.ch\/#\/schema\/person\/6f650f90b2842cd4c0cc334b4e36f67e","name":"thomas.berner","image":{"@type":"ImageObject","inLanguage":"de","@id":"https:\/\/secure.gravatar.com\/avatar\/ac5001d2a36cb6c6cd3e50789007ffca834b477b74a2144564522e944eabff61?s=96&d=mm&r=g","url":"https:\/\/secure.gravatar.com\/avatar\/ac5001d2a36cb6c6cd3e50789007ffca834b477b74a2144564522e944eabff61?s=96&d=mm&r=g","contentUrl":"https:\/\/secure.gravatar.com\/avatar\/ac5001d2a36cb6c6cd3e50789007ffca834b477b74a2144564522e944eabff61?s=96&d=mm&r=g","caption":"thomas.berner"},"url":"https:\/\/www.organisator.ch\/de\/author\/thomas-berner\/"}]}},"_links":{"self":[{"href":"https:\/\/www.organisator.ch\/de\/wp-json\/wp\/v2\/posts\/7260","targetHints":{"allow":["GET"]}}],"collection":[{"href":"https:\/\/www.organisator.ch\/de\/wp-json\/wp\/v2\/posts"}],"about":[{"href":"https:\/\/www.organisator.ch\/de\/wp-json\/wp\/v2\/types\/post"}],"author":[{"embeddable":true,"href":"https:\/\/www.organisator.ch\/de\/wp-json\/wp\/v2\/users\/4"}],"replies":[{"embeddable":true,"href":"https:\/\/www.organisator.ch\/de\/wp-json\/wp\/v2\/comments?post=7260"}],"version-history":[{"count":0,"href":"https:\/\/www.organisator.ch\/de\/wp-json\/wp\/v2\/posts\/7260\/revisions"}],"wp:featuredmedia":[{"embeddable":true,"href":"https:\/\/www.organisator.ch\/de\/wp-json\/wp\/v2\/media\/7261"}],"wp:attachment":[{"href":"https:\/\/www.organisator.ch\/de\/wp-json\/wp\/v2\/media?parent=7260"}],"wp:term":[{"taxonomy":"category","embeddable":true,"href":"https:\/\/www.organisator.ch\/de\/wp-json\/wp\/v2\/categories?post=7260"},{"taxonomy":"post_tag","embeddable":true,"href":"https:\/\/www.organisator.ch\/de\/wp-json\/wp\/v2\/tags?post=7260"}],"curies":[{"name":"wp","href":"https:\/\/api.w.org\/{rel}","templated":true}]}}