{"id":7266,"date":"2020-10-28T07:50:54","date_gmt":"2020-10-28T06:50:54","guid":{"rendered":"https:\/\/www.organisator.ch\/?p=7266"},"modified":"2020-10-28T07:50:54","modified_gmt":"2020-10-28T06:50:54","slug":"opaccconnect2020-ein-event-direkt-bei-den-kunden","status":"publish","type":"post","link":"https:\/\/www.organisator.ch\/de\/management\/it\/2020-10-28\/opaccconnect2020-ein-event-direkt-bei-den-kunden\/","title":{"rendered":"OpaccConnect2020: Ein Event direkt bei den Kunden"},"content":{"rendered":"<figure id=\"attachment_7267\" aria-describedby=\"caption-attachment-7267\" style=\"width: 680px\" class=\"wp-caption alignnone\"><img loading=\"lazy\" decoding=\"async\" class=\"size-medium wp-image-7267\" src=\"https:\/\/www.organisator.ch\/wp-content\/uploads\/2020\/10\/OpaccConnect2020-Ein-Event-direkt-bei-den-Kunden_Organisator.jpg\" alt=\"\" width=\"680\" height=\"454\" srcset=\"https:\/\/www.organisator.ch\/wp-content\/uploads\/2020\/10\/OpaccConnect2020-Ein-Event-direkt-bei-den-Kunden_Organisator.jpg 680w, https:\/\/www.organisator.ch\/wp-content\/uploads\/2020\/10\/OpaccConnect2020-Ein-Event-direkt-bei-den-Kunden_Organisator-16x12.jpg 16w, https:\/\/www.organisator.ch\/wp-content\/uploads\/2020\/10\/OpaccConnect2020-Ein-Event-direkt-bei-den-Kunden_Organisator-262x175.jpg 262w, https:\/\/www.organisator.ch\/wp-content\/uploads\/2020\/10\/OpaccConnect2020-Ein-Event-direkt-bei-den-Kunden_Organisator-524x350.jpg 524w, https:\/\/www.organisator.ch\/wp-content\/uploads\/2020\/10\/OpaccConnect2020-Ein-Event-direkt-bei-den-Kunden_Organisator-300x200.jpg 300w\" sizes=\"auto, (max-width: 680px) 100vw, 680px\" \/><figcaption id=\"caption-attachment-7267\" class=\"wp-caption-text\">Beat Bussmann und Moderator Sascha Ruefer an der OpaccConnect2020. (Bild: Opacc)<\/figcaption><\/figure>\n<p>Diese Idee \u2013 in der Corona-Not geboren \u2013 wurde zum Gl\u00fccksfall: \u00dcber 400 Teilnehmende bei Dutzenden von Kunden des Innerschweizer Software-Herstellers liessen sich in den eigenen B\u00fcros die Neuheiten der OpaccConnect2020 live pr\u00e4sentieren. Was in anderen Jahren mit einer grossen Kundenveranstaltung mit Festzelt oder andern Veranstaltungsr\u00e4umen \u00fcber die B\u00fchne ging, wurde jetzt mit dezentralen Events inszeniert. So wurden \u00fcber 25 MyConnect Arrangements gebucht, wo mindestens f\u00fcnf Kundenvertreter den Live Stream im eigenen B\u00fcro verfolgten und sich von einem Projektleiter pers\u00f6nlich begleiten liessen. Daniel Preisig, IT-Verantwortlicher bei M\u00f6bel Pfister zeigte sich stellvertretend f\u00fcr viele andere Opacc Kunden begeistert: \u00abEine ganz tolle Live-Session, sehr professionell und kompetent, das macht Lust auf mehr!\u00bb<\/p>\n<h2>OpaccConnect2020: Live mit Sascha Ruefer<\/h2>\n<p>Die vierst\u00fcndige Live-Session wurde von TV-Mann Sascha Ruefer kurzweilig und humorvoll moderiert. Prof. Ralf W\u00f6lfle pr\u00e4sentierte den neuesten Commerce-Report und erl\u00e4uterte Trends des digitalen Handels. CEO Beat Bussmann und die zust\u00e4ndigen Projektleiter standen im Dauereinsatz, um den Kunden m\u00f6glichst viele der zahlreichen Highlights via Live-Session n\u00e4herzubringen.<\/p>\n<h2>SmartCloud macht OpaccOXAS noch flexibler f\u00fcr Drittanwendungen<\/h2>\n<p>Die zunehmende Verschmelzung von internen und externen Ressourcen zu einem homogenen Ganzen bezeichnet Opacc als SmartCloud. Diese Cloud Integration Services stehen den Opacc Kunden ohne Initialisierungsaufwand auf Knopfdruck zur Verf\u00fcgung. So lassen sich etwa Drittanbieter bzw. externe Dienste von Opacc Kunden sofort nutzen, wie zum Beispiel f\u00fcr Moneyhouse (HR -Daten \u00fcber Unternehmen und Personen), deepl (\u00dcbersetzungen), SMS-Messaging u.v.m.<\/p>\n<p>OpaccOXAS bleibt in der neusten Version das Backend der Opacc Anwendungen, wird aber gleichzeitig zur eigentlichen Plattform erweitert. Beat Bussmann, CEO Opacc Software AG: \u00abAls R\u00fcckgrat des digitalen Marketings unterst\u00fctzt die kommende Version auch die l\u00fcckenlose Aufzeichnung s\u00e4mtlicher Kontakte mit Interessenten und Gesch\u00e4ftspartnern. Dazu steht in OpaccOXAS ein m\u00e4chtiger Datenbeh\u00e4lter f\u00fcr die Aufzeichnung dieser Kontakte, sogenannter Touchpoints zur Verf\u00fcgung.\u00bb<\/p>\n<h2>EnterpriseShop profitiert von Plattform-Architektur<\/h2>\n<p>Opacc geht davon aus, dass die n\u00e4chste Generation von WebShops mehr kundengruppen- und kundenspezifische Dienste und Daten anbieten werden. Dabei m\u00fcssen alle Verkaufs- und Interaktionskan\u00e4le vertreten sein. Die neuste EnterpriseShop Version beherrscht den Umgang mit diesem Paradigma-Wechsel bereits. An der Connect wurde \u2013 als Beispiel \u2013 eine einfache Anwendung f\u00fcr die Erkennung und Bearbeitung von Adressdoubletten, welche im Rahmen von Selbstregistrations-Prozessen entstehen k\u00f6nnen, pr\u00e4sentiert.<\/p>\n<h2>Sp\u00fcrbarer Corona-Effekt<\/h2>\n<p>Gem\u00e4ss Beat Bussmann sind die Auswirkungen der Corona-Pandemie auch bei Opacc sp\u00fcrbar. So habe der Digitalisierungsschub mehr E-Business-Projekte ausgel\u00f6st. &#8222;Diesbez\u00fcglich l\u00e4uft es so gut wie noch nie&#8220;, gab er zu Protokoll. Das damit verbundene Wachstum nehme man gerne als &#8222;Belohnung&#8220;, denn das Unternehmen verf\u00fcge \u00fcber keine eigentliche Wachstumsstrategie, sondern verfolgt prim\u00e4r qualitative Ziele &#8211; die ihrerseits dazu f\u00fchren, dass Opacc weiter wachse.<\/p>\n<p>Auch als Arbeitgeber ist Opacc bekannt f\u00fcr herausragende Arbeitsbedingungen. So durfte das Unternehmen k\u00fcrzlich den Best Workplace Award in der Kategorie KMU entgegennehmen. Zu den Privilegien, die Mitarbeitende von Opacc geniessen, geh\u00f6rt die Nutzung mobiler Ger\u00e4te, welche das Arbeiten von zu Hause aus problemlos erm\u00f6glichen &#8211; in Corona-Zeiten nat\u00fcrlich von entscheidender Bedeutung. Dennoch setzt Beat Bussmann auf die hohe Selbstverantwortung der Mitarbeitenden. Und trotz allem bleibt der pers\u00f6nliche Austausch wichtig.<\/p>\n<p><em>Quelle und weitere Informationen: <a href=\"https:\/\/www.opacc.ch\/\">Opacc<\/a><\/em><\/p>\n","protected":false},"excerpt":{"rendered":"<p>Diese Idee \u2013 in der Corona-Not geboren \u2013 wurde zum Gl\u00fccksfall: \u00dcber 400 Teilnehmende bei Dutzenden von Kunden des Innerschweizer Software-Herstellers liessen sich in den eigenen B\u00fcros die Neuheiten der OpaccConnect2020 live pr\u00e4sentieren. Was in anderen Jahren mit einer grossen Kundenveranstaltung mit Festzelt oder andern Veranstaltungsr\u00e4umen \u00fcber die B\u00fchne ging, wurde jetzt mit dezentralen Events [&hellip;]<\/p>\n","protected":false},"author":4,"featured_media":7267,"comment_status":"closed","ping_status":"closed","sticky":false,"template":"","format":"standard","meta":{"_acf_changed":false,"_yoast_wpseo_focuskw":"OpaccConnect2020","_yoast_wpseo_metadesc":"Mit dem Slogan \u00abDie Opacc kommt zu Ihnen\u00bb reisten im Rahmen des Events OpaccConnect2020 Kundenberater und Projektleiter direkt zu den Kunden.","articlekey":"","footnotes":""},"categories":[27],"tags":[286,288,492],"class_list":["post-7266","post","type-post","status-publish","format-standard","has-post-thumbnail","hentry","category-it","tag-it","tag-it-business-software","tag-unternehmen"],"acf":[],"yoast_head":"<!-- This site is optimized with the Yoast SEO plugin v27.4 - https:\/\/yoast.com\/product\/yoast-seo-wordpress\/ -->\n<title>OpaccConnect2020: Ein Event direkt bei den Kunden - Organisator<\/title>\n<meta name=\"description\" content=\"Mit dem Slogan \u00abDie Opacc kommt zu Ihnen\u00bb reisten im Rahmen des Events OpaccConnect2020 Kundenberater und Projektleiter direkt zu den Kunden.\" \/>\n<meta name=\"robots\" content=\"index, follow, max-snippet:-1, max-image-preview:large, max-video-preview:-1\" \/>\n<link rel=\"canonical\" href=\"https:\/\/www.organisator.ch\/de\/management\/it\/2020-10-28\/opaccconnect2020-ein-event-direkt-bei-den-kunden\/\" \/>\n<meta property=\"og:locale\" content=\"de_DE\" \/>\n<meta property=\"og:type\" content=\"article\" \/>\n<meta property=\"og:title\" content=\"OpaccConnect2020: Ein Event direkt bei den Kunden\" \/>\n<meta property=\"og:description\" content=\"Mit dem Slogan \u00abDie Opacc kommt zu Ihnen\u00bb reisten im Rahmen des Events OpaccConnect2020 Kundenberater und Projektleiter direkt zu den Kunden.\" \/>\n<meta property=\"og:url\" content=\"https:\/\/www.organisator.ch\/de\/management\/it\/2020-10-28\/opaccconnect2020-ein-event-direkt-bei-den-kunden\/\" \/>\n<meta property=\"og:site_name\" content=\"Organisator\" \/>\n<meta property=\"article:publisher\" content=\"https:\/\/www.facebook.com\/OrganisatorFachmagazin\" \/>\n<meta property=\"article:published_time\" content=\"2020-10-28T06:50:54+00:00\" \/>\n<meta property=\"og:image\" content=\"https:\/\/www.organisator.ch\/wp-content\/uploads\/2020\/10\/OpaccConnect2020-Ein-Event-direkt-bei-den-Kunden_Organisator.jpg\" \/>\n\t<meta property=\"og:image:width\" content=\"680\" \/>\n\t<meta property=\"og:image:height\" content=\"454\" \/>\n\t<meta property=\"og:image:type\" content=\"image\/jpeg\" \/>\n<meta name=\"author\" content=\"thomas.berner\" \/>\n<meta name=\"twitter:card\" content=\"summary_large_image\" \/>\n<meta name=\"twitter:title\" content=\"#OpaccConnect2020: Ein Event direkt bei den Kunden\" \/>\n<meta name=\"twitter:description\" content=\"Mit dem Slogan \u00abDie #Opacc kommt zu Ihnen\u00bb reisten im Rahmen des Events #OpaccConnect2020 Kundenberater und Projektleiter direkt zu den Kunden.\" \/>\n<meta name=\"twitter:image\" content=\"https:\/\/www.organisator.ch\/wp-content\/uploads\/2020\/10\/OpaccConnect2020-Ein-Event-direkt-bei-den-Kunden_Organisator.jpg\" \/>\n<script type=\"application\/ld+json\" class=\"yoast-schema-graph\">{\"@context\":\"https:\\\/\\\/schema.org\",\"@graph\":[{\"@type\":\"Article\",\"@id\":\"https:\\\/\\\/www.organisator.ch\\\/management\\\/it\\\/2020-10-28\\\/opaccconnect2020-ein-event-direkt-bei-den-kunden\\\/#article\",\"isPartOf\":{\"@id\":\"https:\\\/\\\/www.organisator.ch\\\/management\\\/it\\\/2020-10-28\\\/opaccconnect2020-ein-event-direkt-bei-den-kunden\\\/\"},\"author\":{\"name\":\"thomas.berner\",\"@id\":\"https:\\\/\\\/www.organisator.ch\\\/#\\\/schema\\\/person\\\/6f650f90b2842cd4c0cc334b4e36f67e\"},\"headline\":\"OpaccConnect2020: Ein Event direkt bei den Kunden\",\"datePublished\":\"2020-10-28T06:50:54+00:00\",\"mainEntityOfPage\":{\"@id\":\"https:\\\/\\\/www.organisator.ch\\\/management\\\/it\\\/2020-10-28\\\/opaccconnect2020-ein-event-direkt-bei-den-kunden\\\/\"},\"wordCount\":564,\"publisher\":{\"@id\":\"https:\\\/\\\/www.organisator.ch\\\/#organization\"},\"image\":{\"@id\":\"https:\\\/\\\/www.organisator.ch\\\/management\\\/it\\\/2020-10-28\\\/opaccconnect2020-ein-event-direkt-bei-den-kunden\\\/#primaryimage\"},\"thumbnailUrl\":\"https:\\\/\\\/www.organisator.ch\\\/wp-content\\\/uploads\\\/2020\\\/10\\\/OpaccConnect2020-Ein-Event-direkt-bei-den-Kunden_Organisator.jpg\",\"keywords\":[\"IT\",\"IT &amp; Business Software\",\"Unternehmen\"],\"articleSection\":[\"IT\"],\"inLanguage\":\"de\"},{\"@type\":\"WebPage\",\"@id\":\"https:\\\/\\\/www.organisator.ch\\\/management\\\/it\\\/2020-10-28\\\/opaccconnect2020-ein-event-direkt-bei-den-kunden\\\/\",\"url\":\"https:\\\/\\\/www.organisator.ch\\\/management\\\/it\\\/2020-10-28\\\/opaccconnect2020-ein-event-direkt-bei-den-kunden\\\/\",\"name\":\"OpaccConnect2020: Ein Event direkt bei den Kunden - Organisator\",\"isPartOf\":{\"@id\":\"https:\\\/\\\/www.organisator.ch\\\/#website\"},\"primaryImageOfPage\":{\"@id\":\"https:\\\/\\\/www.organisator.ch\\\/management\\\/it\\\/2020-10-28\\\/opaccconnect2020-ein-event-direkt-bei-den-kunden\\\/#primaryimage\"},\"image\":{\"@id\":\"https:\\\/\\\/www.organisator.ch\\\/management\\\/it\\\/2020-10-28\\\/opaccconnect2020-ein-event-direkt-bei-den-kunden\\\/#primaryimage\"},\"thumbnailUrl\":\"https:\\\/\\\/www.organisator.ch\\\/wp-content\\\/uploads\\\/2020\\\/10\\\/OpaccConnect2020-Ein-Event-direkt-bei-den-Kunden_Organisator.jpg\",\"datePublished\":\"2020-10-28T06:50:54+00:00\",\"description\":\"Mit dem Slogan \u00abDie Opacc kommt zu Ihnen\u00bb reisten im Rahmen des Events OpaccConnect2020 Kundenberater und Projektleiter direkt zu den Kunden.\",\"breadcrumb\":{\"@id\":\"https:\\\/\\\/www.organisator.ch\\\/management\\\/it\\\/2020-10-28\\\/opaccconnect2020-ein-event-direkt-bei-den-kunden\\\/#breadcrumb\"},\"inLanguage\":\"de\",\"potentialAction\":[{\"@type\":\"ReadAction\",\"target\":[\"https:\\\/\\\/www.organisator.ch\\\/management\\\/it\\\/2020-10-28\\\/opaccconnect2020-ein-event-direkt-bei-den-kunden\\\/\"]}]},{\"@type\":\"ImageObject\",\"inLanguage\":\"de\",\"@id\":\"https:\\\/\\\/www.organisator.ch\\\/management\\\/it\\\/2020-10-28\\\/opaccconnect2020-ein-event-direkt-bei-den-kunden\\\/#primaryimage\",\"url\":\"https:\\\/\\\/www.organisator.ch\\\/wp-content\\\/uploads\\\/2020\\\/10\\\/OpaccConnect2020-Ein-Event-direkt-bei-den-Kunden_Organisator.jpg\",\"contentUrl\":\"https:\\\/\\\/www.organisator.ch\\\/wp-content\\\/uploads\\\/2020\\\/10\\\/OpaccConnect2020-Ein-Event-direkt-bei-den-Kunden_Organisator.jpg\",\"width\":680,\"height\":454,\"caption\":\"Beat Bussmann und Moderator Sascha Ruefer an der OpaccConnect2020. (Bild: Opacc)\"},{\"@type\":\"BreadcrumbList\",\"@id\":\"https:\\\/\\\/www.organisator.ch\\\/management\\\/it\\\/2020-10-28\\\/opaccconnect2020-ein-event-direkt-bei-den-kunden\\\/#breadcrumb\",\"itemListElement\":[{\"@type\":\"ListItem\",\"position\":1,\"name\":\"Home\",\"item\":\"https:\\\/\\\/www.organisator.ch\\\/\"},{\"@type\":\"ListItem\",\"position\":2,\"name\":\"OpaccConnect2020: Ein Event direkt bei den Kunden\"}]},{\"@type\":\"WebSite\",\"@id\":\"https:\\\/\\\/www.organisator.ch\\\/#website\",\"url\":\"https:\\\/\\\/www.organisator.ch\\\/\",\"name\":\"Organisator\",\"description\":\"Kompetent. Praxisnah. Der ORGANISATOR bereitet in 10 Ausgaben pro Jahr die wesentlichen Themen f\u00fcr F\u00fchrungskr\u00e4fte von KMU auf.\",\"publisher\":{\"@id\":\"https:\\\/\\\/www.organisator.ch\\\/#organization\"},\"potentialAction\":[{\"@type\":\"SearchAction\",\"target\":{\"@type\":\"EntryPoint\",\"urlTemplate\":\"https:\\\/\\\/www.organisator.ch\\\/?s={search_term_string}\"},\"query-input\":{\"@type\":\"PropertyValueSpecification\",\"valueRequired\":true,\"valueName\":\"search_term_string\"}}],\"inLanguage\":\"de\"},{\"@type\":\"Organization\",\"@id\":\"https:\\\/\\\/www.organisator.ch\\\/#organization\",\"name\":\"Organisator\",\"url\":\"https:\\\/\\\/www.organisator.ch\\\/\",\"logo\":{\"@type\":\"ImageObject\",\"inLanguage\":\"de\",\"@id\":\"https:\\\/\\\/www.organisator.ch\\\/#\\\/schema\\\/logo\\\/image\\\/\",\"url\":\"https:\\\/\\\/www.organisator.ch\\\/wp-content\\\/uploads\\\/2022\\\/01\\\/Logo_Organisator_Website.png\",\"contentUrl\":\"https:\\\/\\\/www.organisator.ch\\\/wp-content\\\/uploads\\\/2022\\\/01\\\/Logo_Organisator_Website.png\",\"width\":800,\"height\":77,\"caption\":\"Organisator\"},\"image\":{\"@id\":\"https:\\\/\\\/www.organisator.ch\\\/#\\\/schema\\\/logo\\\/image\\\/\"},\"sameAs\":[\"https:\\\/\\\/www.facebook.com\\\/OrganisatorFachmagazin\",\"https:\\\/\\\/www.linkedin.com\\\/showcase\\\/organisator-das-magazin-fr-kmu\",\"https:\\\/\\\/www.xing.com\\\/news\\\/pages\\\/organisator-ch-695\",\"https:\\\/\\\/www.youtube.com\\\/channel\\\/UCGP2Sq0iWaZwT3BdIAQFYpw\"]},{\"@type\":\"Person\",\"@id\":\"https:\\\/\\\/www.organisator.ch\\\/#\\\/schema\\\/person\\\/6f650f90b2842cd4c0cc334b4e36f67e\",\"name\":\"thomas.berner\",\"image\":{\"@type\":\"ImageObject\",\"inLanguage\":\"de\",\"@id\":\"https:\\\/\\\/secure.gravatar.com\\\/avatar\\\/ac5001d2a36cb6c6cd3e50789007ffca834b477b74a2144564522e944eabff61?s=96&d=mm&r=g\",\"url\":\"https:\\\/\\\/secure.gravatar.com\\\/avatar\\\/ac5001d2a36cb6c6cd3e50789007ffca834b477b74a2144564522e944eabff61?s=96&d=mm&r=g\",\"contentUrl\":\"https:\\\/\\\/secure.gravatar.com\\\/avatar\\\/ac5001d2a36cb6c6cd3e50789007ffca834b477b74a2144564522e944eabff61?s=96&d=mm&r=g\",\"caption\":\"thomas.berner\"},\"url\":\"https:\\\/\\\/www.organisator.ch\\\/de\\\/author\\\/thomas-berner\\\/\"}]}<\/script>\n<!-- \/ Yoast SEO plugin. -->","yoast_head_json":{"title":"OpaccConnect2020: Ein Event direkt bei den Kunden - Organisator","description":"Mit dem Slogan \u00abDie Opacc kommt zu Ihnen\u00bb reisten im Rahmen des Events OpaccConnect2020 Kundenberater und Projektleiter direkt zu den Kunden.","robots":{"index":"index","follow":"follow","max-snippet":"max-snippet:-1","max-image-preview":"max-image-preview:large","max-video-preview":"max-video-preview:-1"},"canonical":"https:\/\/www.organisator.ch\/de\/management\/it\/2020-10-28\/opaccconnect2020-ein-event-direkt-bei-den-kunden\/","og_locale":"de_DE","og_type":"article","og_title":"OpaccConnect2020: Ein Event direkt bei den Kunden","og_description":"Mit dem Slogan \u00abDie Opacc kommt zu Ihnen\u00bb reisten im Rahmen des Events OpaccConnect2020 Kundenberater und Projektleiter direkt zu den Kunden.","og_url":"https:\/\/www.organisator.ch\/de\/management\/it\/2020-10-28\/opaccconnect2020-ein-event-direkt-bei-den-kunden\/","og_site_name":"Organisator","article_publisher":"https:\/\/www.facebook.com\/OrganisatorFachmagazin","article_published_time":"2020-10-28T06:50:54+00:00","og_image":[{"width":680,"height":454,"url":"https:\/\/www.organisator.ch\/wp-content\/uploads\/2020\/10\/OpaccConnect2020-Ein-Event-direkt-bei-den-Kunden_Organisator.jpg","type":"image\/jpeg"}],"author":"thomas.berner","twitter_card":"summary_large_image","twitter_title":"#OpaccConnect2020: Ein Event direkt bei den Kunden","twitter_description":"Mit dem Slogan \u00abDie #Opacc kommt zu Ihnen\u00bb reisten im Rahmen des Events #OpaccConnect2020 Kundenberater und Projektleiter direkt zu den Kunden.","twitter_image":"https:\/\/www.organisator.ch\/wp-content\/uploads\/2020\/10\/OpaccConnect2020-Ein-Event-direkt-bei-den-Kunden_Organisator.jpg","schema":{"@context":"https:\/\/schema.org","@graph":[{"@type":"Article","@id":"https:\/\/www.organisator.ch\/management\/it\/2020-10-28\/opaccconnect2020-ein-event-direkt-bei-den-kunden\/#article","isPartOf":{"@id":"https:\/\/www.organisator.ch\/management\/it\/2020-10-28\/opaccconnect2020-ein-event-direkt-bei-den-kunden\/"},"author":{"name":"thomas.berner","@id":"https:\/\/www.organisator.ch\/#\/schema\/person\/6f650f90b2842cd4c0cc334b4e36f67e"},"headline":"OpaccConnect2020: Ein Event direkt bei den Kunden","datePublished":"2020-10-28T06:50:54+00:00","mainEntityOfPage":{"@id":"https:\/\/www.organisator.ch\/management\/it\/2020-10-28\/opaccconnect2020-ein-event-direkt-bei-den-kunden\/"},"wordCount":564,"publisher":{"@id":"https:\/\/www.organisator.ch\/#organization"},"image":{"@id":"https:\/\/www.organisator.ch\/management\/it\/2020-10-28\/opaccconnect2020-ein-event-direkt-bei-den-kunden\/#primaryimage"},"thumbnailUrl":"https:\/\/www.organisator.ch\/wp-content\/uploads\/2020\/10\/OpaccConnect2020-Ein-Event-direkt-bei-den-Kunden_Organisator.jpg","keywords":["IT","IT &amp; Business Software","Unternehmen"],"articleSection":["IT"],"inLanguage":"de"},{"@type":"WebPage","@id":"https:\/\/www.organisator.ch\/management\/it\/2020-10-28\/opaccconnect2020-ein-event-direkt-bei-den-kunden\/","url":"https:\/\/www.organisator.ch\/management\/it\/2020-10-28\/opaccconnect2020-ein-event-direkt-bei-den-kunden\/","name":"OpaccConnect2020: Ein Event direkt bei den Kunden - Organisator","isPartOf":{"@id":"https:\/\/www.organisator.ch\/#website"},"primaryImageOfPage":{"@id":"https:\/\/www.organisator.ch\/management\/it\/2020-10-28\/opaccconnect2020-ein-event-direkt-bei-den-kunden\/#primaryimage"},"image":{"@id":"https:\/\/www.organisator.ch\/management\/it\/2020-10-28\/opaccconnect2020-ein-event-direkt-bei-den-kunden\/#primaryimage"},"thumbnailUrl":"https:\/\/www.organisator.ch\/wp-content\/uploads\/2020\/10\/OpaccConnect2020-Ein-Event-direkt-bei-den-Kunden_Organisator.jpg","datePublished":"2020-10-28T06:50:54+00:00","description":"Mit dem Slogan \u00abDie Opacc kommt zu Ihnen\u00bb reisten im Rahmen des Events OpaccConnect2020 Kundenberater und Projektleiter direkt zu den Kunden.","breadcrumb":{"@id":"https:\/\/www.organisator.ch\/management\/it\/2020-10-28\/opaccconnect2020-ein-event-direkt-bei-den-kunden\/#breadcrumb"},"inLanguage":"de","potentialAction":[{"@type":"ReadAction","target":["https:\/\/www.organisator.ch\/management\/it\/2020-10-28\/opaccconnect2020-ein-event-direkt-bei-den-kunden\/"]}]},{"@type":"ImageObject","inLanguage":"de","@id":"https:\/\/www.organisator.ch\/management\/it\/2020-10-28\/opaccconnect2020-ein-event-direkt-bei-den-kunden\/#primaryimage","url":"https:\/\/www.organisator.ch\/wp-content\/uploads\/2020\/10\/OpaccConnect2020-Ein-Event-direkt-bei-den-Kunden_Organisator.jpg","contentUrl":"https:\/\/www.organisator.ch\/wp-content\/uploads\/2020\/10\/OpaccConnect2020-Ein-Event-direkt-bei-den-Kunden_Organisator.jpg","width":680,"height":454,"caption":"Beat Bussmann und Moderator Sascha Ruefer an der OpaccConnect2020. (Bild: Opacc)"},{"@type":"BreadcrumbList","@id":"https:\/\/www.organisator.ch\/management\/it\/2020-10-28\/opaccconnect2020-ein-event-direkt-bei-den-kunden\/#breadcrumb","itemListElement":[{"@type":"ListItem","position":1,"name":"Home","item":"https:\/\/www.organisator.ch\/"},{"@type":"ListItem","position":2,"name":"OpaccConnect2020: Ein Event direkt bei den Kunden"}]},{"@type":"WebSite","@id":"https:\/\/www.organisator.ch\/#website","url":"https:\/\/www.organisator.ch\/","name":"Organisator","description":"Kompetent. Praxisnah. Der ORGANISATOR bereitet in 10 Ausgaben pro Jahr die wesentlichen Themen f\u00fcr F\u00fchrungskr\u00e4fte von KMU auf.","publisher":{"@id":"https:\/\/www.organisator.ch\/#organization"},"potentialAction":[{"@type":"SearchAction","target":{"@type":"EntryPoint","urlTemplate":"https:\/\/www.organisator.ch\/?s={search_term_string}"},"query-input":{"@type":"PropertyValueSpecification","valueRequired":true,"valueName":"search_term_string"}}],"inLanguage":"de"},{"@type":"Organization","@id":"https:\/\/www.organisator.ch\/#organization","name":"Organisator","url":"https:\/\/www.organisator.ch\/","logo":{"@type":"ImageObject","inLanguage":"de","@id":"https:\/\/www.organisator.ch\/#\/schema\/logo\/image\/","url":"https:\/\/www.organisator.ch\/wp-content\/uploads\/2022\/01\/Logo_Organisator_Website.png","contentUrl":"https:\/\/www.organisator.ch\/wp-content\/uploads\/2022\/01\/Logo_Organisator_Website.png","width":800,"height":77,"caption":"Organisator"},"image":{"@id":"https:\/\/www.organisator.ch\/#\/schema\/logo\/image\/"},"sameAs":["https:\/\/www.facebook.com\/OrganisatorFachmagazin","https:\/\/www.linkedin.com\/showcase\/organisator-das-magazin-fr-kmu","https:\/\/www.xing.com\/news\/pages\/organisator-ch-695","https:\/\/www.youtube.com\/channel\/UCGP2Sq0iWaZwT3BdIAQFYpw"]},{"@type":"Person","@id":"https:\/\/www.organisator.ch\/#\/schema\/person\/6f650f90b2842cd4c0cc334b4e36f67e","name":"thomas.berner","image":{"@type":"ImageObject","inLanguage":"de","@id":"https:\/\/secure.gravatar.com\/avatar\/ac5001d2a36cb6c6cd3e50789007ffca834b477b74a2144564522e944eabff61?s=96&d=mm&r=g","url":"https:\/\/secure.gravatar.com\/avatar\/ac5001d2a36cb6c6cd3e50789007ffca834b477b74a2144564522e944eabff61?s=96&d=mm&r=g","contentUrl":"https:\/\/secure.gravatar.com\/avatar\/ac5001d2a36cb6c6cd3e50789007ffca834b477b74a2144564522e944eabff61?s=96&d=mm&r=g","caption":"thomas.berner"},"url":"https:\/\/www.organisator.ch\/de\/author\/thomas-berner\/"}]}},"_links":{"self":[{"href":"https:\/\/www.organisator.ch\/de\/wp-json\/wp\/v2\/posts\/7266","targetHints":{"allow":["GET"]}}],"collection":[{"href":"https:\/\/www.organisator.ch\/de\/wp-json\/wp\/v2\/posts"}],"about":[{"href":"https:\/\/www.organisator.ch\/de\/wp-json\/wp\/v2\/types\/post"}],"author":[{"embeddable":true,"href":"https:\/\/www.organisator.ch\/de\/wp-json\/wp\/v2\/users\/4"}],"replies":[{"embeddable":true,"href":"https:\/\/www.organisator.ch\/de\/wp-json\/wp\/v2\/comments?post=7266"}],"version-history":[{"count":0,"href":"https:\/\/www.organisator.ch\/de\/wp-json\/wp\/v2\/posts\/7266\/revisions"}],"wp:featuredmedia":[{"embeddable":true,"href":"https:\/\/www.organisator.ch\/de\/wp-json\/wp\/v2\/media\/7267"}],"wp:attachment":[{"href":"https:\/\/www.organisator.ch\/de\/wp-json\/wp\/v2\/media?parent=7266"}],"wp:term":[{"taxonomy":"category","embeddable":true,"href":"https:\/\/www.organisator.ch\/de\/wp-json\/wp\/v2\/categories?post=7266"},{"taxonomy":"post_tag","embeddable":true,"href":"https:\/\/www.organisator.ch\/de\/wp-json\/wp\/v2\/tags?post=7266"}],"curies":[{"name":"wp","href":"https:\/\/api.w.org\/{rel}","templated":true}]}}