{"id":7273,"date":"2020-11-04T13:15:08","date_gmt":"2020-11-04T12:15:08","guid":{"rendered":"https:\/\/www.organisator.ch\/?p=7273"},"modified":"2020-11-04T13:15:08","modified_gmt":"2020-11-04T12:15:08","slug":"massgeschneiderte-weiterbildung-fuer-kmu-fach-und-fuehrungskraefte","status":"publish","type":"post","link":"https:\/\/www.organisator.ch\/de\/weiterbildung\/2020-11-04\/massgeschneiderte-weiterbildung-fuer-kmu-fach-und-fuehrungskraefte\/","title":{"rendered":"Massgeschneiderte Weiterbildung f\u00fcr KMU Fach- und F\u00fchrungskr\u00e4fte"},"content":{"rendered":"<figure id=\"attachment_7289\" aria-describedby=\"caption-attachment-7289\" style=\"width: 680px\" class=\"wp-caption alignnone\"><img loading=\"lazy\" decoding=\"async\" class=\"size-medium wp-image-7289\" src=\"https:\/\/www.organisator.ch\/wp-content\/uploads\/2020\/10\/Massgeschneiderte-Weiterbildung-fuer-KMU-Fach-und-Fuehrungskraefte-2_Organisator.jpg\" alt=\"\" width=\"680\" height=\"466\" srcset=\"https:\/\/www.organisator.ch\/wp-content\/uploads\/2020\/10\/Massgeschneiderte-Weiterbildung-fuer-KMU-Fach-und-Fuehrungskraefte-2_Organisator.jpg 680w, https:\/\/www.organisator.ch\/wp-content\/uploads\/2020\/10\/Massgeschneiderte-Weiterbildung-fuer-KMU-Fach-und-Fuehrungskraefte-2_Organisator-16x12.jpg 16w, https:\/\/www.organisator.ch\/wp-content\/uploads\/2020\/10\/Massgeschneiderte-Weiterbildung-fuer-KMU-Fach-und-Fuehrungskraefte-2_Organisator-255x175.jpg 255w, https:\/\/www.organisator.ch\/wp-content\/uploads\/2020\/10\/Massgeschneiderte-Weiterbildung-fuer-KMU-Fach-und-Fuehrungskraefte-2_Organisator-511x350.jpg 511w, https:\/\/www.organisator.ch\/wp-content\/uploads\/2020\/10\/Massgeschneiderte-Weiterbildung-fuer-KMU-Fach-und-Fuehrungskraefte-2_Organisator-300x206.jpg 300w\" sizes=\"auto, (max-width: 680px) 100vw, 680px\" \/><figcaption id=\"caption-attachment-7289\" class=\"wp-caption-text\">Rochester-Bern hat ein Weiterbildungsprogramm f\u00fcr KMU Fach- und F\u00fchrungskr\u00e4fte geschaffen. (Bild: zVg \/ Rochester Bern)<\/figcaption><\/figure>\n<p>Das neue Weiterbildungsprogramm von Rochester-Bern ist spezifisch auf die Bed\u00fcrfnisse von KMU ausgerichtet und r\u00fcstet die Teilnehmenden f\u00fcr die \u201eneue Normalit\u00e4t\u201c. Unternehmerisches Denken wird gest\u00e4rkt und unterst\u00fctzt KMU Fach- und F\u00fchrungskr\u00e4fte dabei, ihr Unternehmen durch fr\u00fchzeitige F\u00f6rderung von Innovation und Ver\u00e4nderungsverm\u00f6gen aktiv mitzusteuern. Zentrale Themen wie (digitale) Transformation, Change Management und Nachhaltigkeit werden fortlaufend adressiert.<\/p>\n<h2><strong>Aktuelle Herausforderungen, Erfahrungsaustausch und Anwendbarkeit im Fokus<\/strong><\/h2>\n<p>Der praxisnahe Studiengang dauert 13 Tage und deckt in 6 interaktiven Modulen folgende Themen ab:<\/p>\n<ul>\n<li>Zum Auftakt werden aktuelle Entwicklungen und Herausforderungen im wirtschaftlichen und technologischen Umfeld adressiert. Die Teilnehmenden setzen sich mit Trends auseinander sowie deren Einfluss auf Produkte, Leistungen und Kundenbeziehungen.<\/li>\n<li>Der darauffolgende Kurs widmet sich dem professionellen Umgang mit KMU-relevanten Finanzkennzahlen, finanziellen Stakeholder-Beteiligungen sowie den Grundz\u00fcgen der Investitionsbeurteilung und Unternehmensfinanzierung.<\/li>\n<li>Anschliessend werden die Bedeutung von Organisationsentwicklung und Leadership in einem zunehmend dynamischen und von Ver\u00e4nderungen gepr\u00e4gten Umfeld thematisiert. Zentral f\u00fcr den Erfolg von Transformationsprozessen ist die Implementierung mitsamt ihren komplexen F\u00fchrungsaufgaben.<\/li>\n<li>Im Kontext von modernen Kundenbed\u00fcrfnissen werden Flexibilit\u00e4t und Geschwindigkeit immer wichtiger. Daher besch\u00e4ftigen sich die Teilnehmenden im Folgemodul mit den relevanten logistischen Prozessen entlang der Wertsch\u00f6pfungskette.<\/li>\n<li>Im n\u00e4chsten Schritt wird das Zusammenspiel von Marketing und Vertrieb aus einer strategischen und operativen Perspektive behandelt. Behandelt werden zum Beispiel die Entwicklung von langfristigen (digitalen) Kundenbeziehungen sowie neue M\u00f6glichkeiten der Individualisierung und Interaktion im digitalen Marketing.<\/li>\n<li>Zum Schluss wird das Augenmerk auf die F\u00f6rderung von Innovation gelegt. In diesem Zusammenhang werden Strategien aufgezeigt, welche mittel- und langfristig die angestrebten Marktpositionen sowie Wettbewerbsvorteile und damit letztlich auch den Unternehmenserfolg bestimmen.<\/li>\n<\/ul>\n<h2>Weiterbildungsf\u00f6rderung f\u00fcr KMU Fach- und F\u00fchrungskr\u00e4fte<\/h2>\n<p>Im Mittelpunkt steht neben der ausgewogenen Mischung von Theorie und Praxis sowie der direkten Anwendung des Erlernten vor allem die Interaktivit\u00e4t im Klassenzimmer. Zudem schafft der intensive branchen\u00fcbergreifende Austausch wertvolle berufliche Netzwerke und er\u00f6ffnet neue Perspektiven.<\/p>\n<p><em><a href=\"http:\/\/www.rochester-bern.ch\/kmu\">www.rochester-bern.ch\/kmu<\/a><strong><br \/>\n<\/strong>COVID-19-Weiterbildungsf\u00f6rderung zur Unterst\u00fctzung von KMU: Die ersten 19 Anmeldungen erhalten eine Erm\u00e4ssigung von CHF 1\u2018900.<\/em><\/p>\n","protected":false},"excerpt":{"rendered":"<p>Das neue Weiterbildungsprogramm von Rochester-Bern ist spezifisch auf die Bed\u00fcrfnisse von KMU ausgerichtet und r\u00fcstet die Teilnehmenden f\u00fcr die \u201eneue Normalit\u00e4t\u201c. Unternehmerisches Denken wird gest\u00e4rkt und unterst\u00fctzt KMU Fach- und F\u00fchrungskr\u00e4fte dabei, ihr Unternehmen durch fr\u00fchzeitige F\u00f6rderung von Innovation und Ver\u00e4nderungsverm\u00f6gen aktiv mitzusteuern. Zentrale Themen wie (digitale) Transformation, Change Management und Nachhaltigkeit werden fortlaufend adressiert. [&hellip;]<\/p>\n","protected":false},"author":4,"featured_media":7289,"comment_status":"closed","ping_status":"closed","sticky":false,"template":"","format":"standard","meta":{"_acf_changed":false,"_yoast_wpseo_focuskw":"KMU Fach- und F\u00fchrungskr\u00e4fte","_yoast_wpseo_metadesc":"Welche Qualifikationen sind f\u00fcr KMU Fach- und F\u00fchrungskr\u00e4fte essentiell? Rochester-Bern lanciert dazu ein neues Weiterbildungsprogramm f\u00fcr KMU.","articlekey":"","footnotes":""},"categories":[30],"tags":[62,335,533],"class_list":["post-7273","post","type-post","status-publish","format-standard","has-post-thumbnail","hentry","category-weiterbildung","tag-aus-weiterbildung","tag-management-und-unternehmensfuehrung","tag-wissenschaft"],"acf":[],"yoast_head":"<!-- This site is optimized with the Yoast SEO plugin v27.4 - https:\/\/yoast.com\/product\/yoast-seo-wordpress\/ -->\n<title>Massgeschneiderte Weiterbildung f\u00fcr KMU Fach- und F\u00fchrungskr\u00e4fte - Organisator<\/title>\n<meta name=\"description\" content=\"Welche Qualifikationen sind f\u00fcr KMU Fach- und F\u00fchrungskr\u00e4fte essentiell? Rochester-Bern lanciert dazu ein neues Weiterbildungsprogramm f\u00fcr KMU.\" \/>\n<meta name=\"robots\" content=\"index, follow, max-snippet:-1, max-image-preview:large, max-video-preview:-1\" \/>\n<link rel=\"canonical\" href=\"https:\/\/www.organisator.ch\/de\/weiterbildung\/2020-11-04\/massgeschneiderte-weiterbildung-fuer-kmu-fach-und-fuehrungskraefte\/\" \/>\n<meta property=\"og:locale\" content=\"de_DE\" \/>\n<meta property=\"og:type\" content=\"article\" \/>\n<meta property=\"og:title\" content=\"Massgeschneiderte Weiterbildung f\u00fcr KMU Fach- und F\u00fchrungskr\u00e4fte\" \/>\n<meta property=\"og:description\" content=\"Welche Qualifikationen sind f\u00fcr KMU Fach- und F\u00fchrungskr\u00e4fte essentiell? Rochester-Bern lanciert dazu ein neues Weiterbildungsprogramm f\u00fcr KMU.\" \/>\n<meta property=\"og:url\" content=\"https:\/\/www.organisator.ch\/de\/weiterbildung\/2020-11-04\/massgeschneiderte-weiterbildung-fuer-kmu-fach-und-fuehrungskraefte\/\" \/>\n<meta property=\"og:site_name\" content=\"Organisator\" \/>\n<meta property=\"article:publisher\" content=\"https:\/\/www.facebook.com\/OrganisatorFachmagazin\" \/>\n<meta property=\"article:published_time\" content=\"2020-11-04T12:15:08+00:00\" \/>\n<meta property=\"og:image\" content=\"https:\/\/www.organisator.ch\/wp-content\/uploads\/2020\/10\/Massgeschneiderte-Weiterbildung-fuer-KMU-Fach-und-Fuehrungskraefte-2_Organisator.jpg\" \/>\n\t<meta property=\"og:image:width\" content=\"680\" \/>\n\t<meta property=\"og:image:height\" content=\"466\" \/>\n\t<meta property=\"og:image:type\" content=\"image\/jpeg\" \/>\n<meta name=\"author\" content=\"thomas.berner\" \/>\n<meta name=\"twitter:card\" content=\"summary_large_image\" \/>\n<meta name=\"twitter:title\" content=\"Massgeschneiderte #Weiterbildung f\u00fcr KMU Fach- und #F\u00fchrungskr\u00e4fte\" \/>\n<meta name=\"twitter:description\" content=\"Welche Qualifikationen sind f\u00fcr KMU Fach- und #F\u00fchrungskr\u00e4fte essentiell? #Rochester-Bern lanciert dazu ein neues Weiterbildungsprogramm f\u00fcr KMU.\" \/>\n<meta name=\"twitter:image\" content=\"https:\/\/www.organisator.ch\/wp-content\/uploads\/2020\/10\/Massgeschneiderte-Weiterbildung-fuer-KMU-Fach-und-Fuehrungskraefte-2_Organisator.jpg\" \/>\n<script type=\"application\/ld+json\" class=\"yoast-schema-graph\">{\"@context\":\"https:\\\/\\\/schema.org\",\"@graph\":[{\"@type\":\"Article\",\"@id\":\"https:\\\/\\\/www.organisator.ch\\\/weiterbildung\\\/2020-11-04\\\/massgeschneiderte-weiterbildung-fuer-kmu-fach-und-fuehrungskraefte\\\/#article\",\"isPartOf\":{\"@id\":\"https:\\\/\\\/www.organisator.ch\\\/weiterbildung\\\/2020-11-04\\\/massgeschneiderte-weiterbildung-fuer-kmu-fach-und-fuehrungskraefte\\\/\"},\"author\":{\"name\":\"thomas.berner\",\"@id\":\"https:\\\/\\\/www.organisator.ch\\\/#\\\/schema\\\/person\\\/6f650f90b2842cd4c0cc334b4e36f67e\"},\"headline\":\"Massgeschneiderte Weiterbildung f\u00fcr KMU Fach- und F\u00fchrungskr\u00e4fte\",\"datePublished\":\"2020-11-04T12:15:08+00:00\",\"mainEntityOfPage\":{\"@id\":\"https:\\\/\\\/www.organisator.ch\\\/weiterbildung\\\/2020-11-04\\\/massgeschneiderte-weiterbildung-fuer-kmu-fach-und-fuehrungskraefte\\\/\"},\"wordCount\":378,\"publisher\":{\"@id\":\"https:\\\/\\\/www.organisator.ch\\\/#organization\"},\"image\":{\"@id\":\"https:\\\/\\\/www.organisator.ch\\\/weiterbildung\\\/2020-11-04\\\/massgeschneiderte-weiterbildung-fuer-kmu-fach-und-fuehrungskraefte\\\/#primaryimage\"},\"thumbnailUrl\":\"https:\\\/\\\/www.organisator.ch\\\/wp-content\\\/uploads\\\/2020\\\/10\\\/Massgeschneiderte-Weiterbildung-fuer-KMU-Fach-und-Fuehrungskraefte-2_Organisator.jpg\",\"keywords\":[\"Aus-\\\/Weiterbildung\",\"Management und Unternehmensf\u00fchrung\",\"Wissenschaft\"],\"articleSection\":[\"WEITERBILDUNG\"],\"inLanguage\":\"de\"},{\"@type\":\"WebPage\",\"@id\":\"https:\\\/\\\/www.organisator.ch\\\/weiterbildung\\\/2020-11-04\\\/massgeschneiderte-weiterbildung-fuer-kmu-fach-und-fuehrungskraefte\\\/\",\"url\":\"https:\\\/\\\/www.organisator.ch\\\/weiterbildung\\\/2020-11-04\\\/massgeschneiderte-weiterbildung-fuer-kmu-fach-und-fuehrungskraefte\\\/\",\"name\":\"Massgeschneiderte Weiterbildung f\u00fcr KMU Fach- und F\u00fchrungskr\u00e4fte - Organisator\",\"isPartOf\":{\"@id\":\"https:\\\/\\\/www.organisator.ch\\\/#website\"},\"primaryImageOfPage\":{\"@id\":\"https:\\\/\\\/www.organisator.ch\\\/weiterbildung\\\/2020-11-04\\\/massgeschneiderte-weiterbildung-fuer-kmu-fach-und-fuehrungskraefte\\\/#primaryimage\"},\"image\":{\"@id\":\"https:\\\/\\\/www.organisator.ch\\\/weiterbildung\\\/2020-11-04\\\/massgeschneiderte-weiterbildung-fuer-kmu-fach-und-fuehrungskraefte\\\/#primaryimage\"},\"thumbnailUrl\":\"https:\\\/\\\/www.organisator.ch\\\/wp-content\\\/uploads\\\/2020\\\/10\\\/Massgeschneiderte-Weiterbildung-fuer-KMU-Fach-und-Fuehrungskraefte-2_Organisator.jpg\",\"datePublished\":\"2020-11-04T12:15:08+00:00\",\"description\":\"Welche Qualifikationen sind f\u00fcr KMU Fach- und F\u00fchrungskr\u00e4fte essentiell? Rochester-Bern lanciert dazu ein neues Weiterbildungsprogramm f\u00fcr KMU.\",\"breadcrumb\":{\"@id\":\"https:\\\/\\\/www.organisator.ch\\\/weiterbildung\\\/2020-11-04\\\/massgeschneiderte-weiterbildung-fuer-kmu-fach-und-fuehrungskraefte\\\/#breadcrumb\"},\"inLanguage\":\"de\",\"potentialAction\":[{\"@type\":\"ReadAction\",\"target\":[\"https:\\\/\\\/www.organisator.ch\\\/weiterbildung\\\/2020-11-04\\\/massgeschneiderte-weiterbildung-fuer-kmu-fach-und-fuehrungskraefte\\\/\"]}]},{\"@type\":\"ImageObject\",\"inLanguage\":\"de\",\"@id\":\"https:\\\/\\\/www.organisator.ch\\\/weiterbildung\\\/2020-11-04\\\/massgeschneiderte-weiterbildung-fuer-kmu-fach-und-fuehrungskraefte\\\/#primaryimage\",\"url\":\"https:\\\/\\\/www.organisator.ch\\\/wp-content\\\/uploads\\\/2020\\\/10\\\/Massgeschneiderte-Weiterbildung-fuer-KMU-Fach-und-Fuehrungskraefte-2_Organisator.jpg\",\"contentUrl\":\"https:\\\/\\\/www.organisator.ch\\\/wp-content\\\/uploads\\\/2020\\\/10\\\/Massgeschneiderte-Weiterbildung-fuer-KMU-Fach-und-Fuehrungskraefte-2_Organisator.jpg\",\"width\":680,\"height\":466,\"caption\":\"Rochester-Bern hat ein Weiterbildungsprogramm f\u00fcr KMU Fach- und F\u00fchrungskr\u00e4fte geschaffen. (Bild: zVg \\\/ Rochester Bern)\"},{\"@type\":\"BreadcrumbList\",\"@id\":\"https:\\\/\\\/www.organisator.ch\\\/weiterbildung\\\/2020-11-04\\\/massgeschneiderte-weiterbildung-fuer-kmu-fach-und-fuehrungskraefte\\\/#breadcrumb\",\"itemListElement\":[{\"@type\":\"ListItem\",\"position\":1,\"name\":\"Home\",\"item\":\"https:\\\/\\\/www.organisator.ch\\\/\"},{\"@type\":\"ListItem\",\"position\":2,\"name\":\"Massgeschneiderte Weiterbildung f\u00fcr KMU Fach- und F\u00fchrungskr\u00e4fte\"}]},{\"@type\":\"WebSite\",\"@id\":\"https:\\\/\\\/www.organisator.ch\\\/#website\",\"url\":\"https:\\\/\\\/www.organisator.ch\\\/\",\"name\":\"Organisator\",\"description\":\"Kompetent. Praxisnah. Der ORGANISATOR bereitet in 10 Ausgaben pro Jahr die wesentlichen Themen f\u00fcr F\u00fchrungskr\u00e4fte von KMU auf.\",\"publisher\":{\"@id\":\"https:\\\/\\\/www.organisator.ch\\\/#organization\"},\"potentialAction\":[{\"@type\":\"SearchAction\",\"target\":{\"@type\":\"EntryPoint\",\"urlTemplate\":\"https:\\\/\\\/www.organisator.ch\\\/?s={search_term_string}\"},\"query-input\":{\"@type\":\"PropertyValueSpecification\",\"valueRequired\":true,\"valueName\":\"search_term_string\"}}],\"inLanguage\":\"de\"},{\"@type\":\"Organization\",\"@id\":\"https:\\\/\\\/www.organisator.ch\\\/#organization\",\"name\":\"Organisator\",\"url\":\"https:\\\/\\\/www.organisator.ch\\\/\",\"logo\":{\"@type\":\"ImageObject\",\"inLanguage\":\"de\",\"@id\":\"https:\\\/\\\/www.organisator.ch\\\/#\\\/schema\\\/logo\\\/image\\\/\",\"url\":\"https:\\\/\\\/www.organisator.ch\\\/wp-content\\\/uploads\\\/2022\\\/01\\\/Logo_Organisator_Website.png\",\"contentUrl\":\"https:\\\/\\\/www.organisator.ch\\\/wp-content\\\/uploads\\\/2022\\\/01\\\/Logo_Organisator_Website.png\",\"width\":800,\"height\":77,\"caption\":\"Organisator\"},\"image\":{\"@id\":\"https:\\\/\\\/www.organisator.ch\\\/#\\\/schema\\\/logo\\\/image\\\/\"},\"sameAs\":[\"https:\\\/\\\/www.facebook.com\\\/OrganisatorFachmagazin\",\"https:\\\/\\\/www.linkedin.com\\\/showcase\\\/organisator-das-magazin-fr-kmu\",\"https:\\\/\\\/www.xing.com\\\/news\\\/pages\\\/organisator-ch-695\",\"https:\\\/\\\/www.youtube.com\\\/channel\\\/UCGP2Sq0iWaZwT3BdIAQFYpw\"]},{\"@type\":\"Person\",\"@id\":\"https:\\\/\\\/www.organisator.ch\\\/#\\\/schema\\\/person\\\/6f650f90b2842cd4c0cc334b4e36f67e\",\"name\":\"thomas.berner\",\"image\":{\"@type\":\"ImageObject\",\"inLanguage\":\"de\",\"@id\":\"https:\\\/\\\/secure.gravatar.com\\\/avatar\\\/ac5001d2a36cb6c6cd3e50789007ffca834b477b74a2144564522e944eabff61?s=96&d=mm&r=g\",\"url\":\"https:\\\/\\\/secure.gravatar.com\\\/avatar\\\/ac5001d2a36cb6c6cd3e50789007ffca834b477b74a2144564522e944eabff61?s=96&d=mm&r=g\",\"contentUrl\":\"https:\\\/\\\/secure.gravatar.com\\\/avatar\\\/ac5001d2a36cb6c6cd3e50789007ffca834b477b74a2144564522e944eabff61?s=96&d=mm&r=g\",\"caption\":\"thomas.berner\"},\"url\":\"https:\\\/\\\/www.organisator.ch\\\/de\\\/author\\\/thomas-berner\\\/\"}]}<\/script>\n<!-- \/ Yoast SEO plugin. -->","yoast_head_json":{"title":"Massgeschneiderte Weiterbildung f\u00fcr KMU Fach- und F\u00fchrungskr\u00e4fte - Organisator","description":"Welche Qualifikationen sind f\u00fcr KMU Fach- und F\u00fchrungskr\u00e4fte essentiell? Rochester-Bern lanciert dazu ein neues Weiterbildungsprogramm f\u00fcr KMU.","robots":{"index":"index","follow":"follow","max-snippet":"max-snippet:-1","max-image-preview":"max-image-preview:large","max-video-preview":"max-video-preview:-1"},"canonical":"https:\/\/www.organisator.ch\/de\/weiterbildung\/2020-11-04\/massgeschneiderte-weiterbildung-fuer-kmu-fach-und-fuehrungskraefte\/","og_locale":"de_DE","og_type":"article","og_title":"Massgeschneiderte Weiterbildung f\u00fcr KMU Fach- und F\u00fchrungskr\u00e4fte","og_description":"Welche Qualifikationen sind f\u00fcr KMU Fach- und F\u00fchrungskr\u00e4fte essentiell? Rochester-Bern lanciert dazu ein neues Weiterbildungsprogramm f\u00fcr KMU.","og_url":"https:\/\/www.organisator.ch\/de\/weiterbildung\/2020-11-04\/massgeschneiderte-weiterbildung-fuer-kmu-fach-und-fuehrungskraefte\/","og_site_name":"Organisator","article_publisher":"https:\/\/www.facebook.com\/OrganisatorFachmagazin","article_published_time":"2020-11-04T12:15:08+00:00","og_image":[{"width":680,"height":466,"url":"https:\/\/www.organisator.ch\/wp-content\/uploads\/2020\/10\/Massgeschneiderte-Weiterbildung-fuer-KMU-Fach-und-Fuehrungskraefte-2_Organisator.jpg","type":"image\/jpeg"}],"author":"thomas.berner","twitter_card":"summary_large_image","twitter_title":"Massgeschneiderte #Weiterbildung f\u00fcr KMU Fach- und #F\u00fchrungskr\u00e4fte","twitter_description":"Welche Qualifikationen sind f\u00fcr KMU Fach- und #F\u00fchrungskr\u00e4fte essentiell? #Rochester-Bern lanciert dazu ein neues Weiterbildungsprogramm f\u00fcr KMU.","twitter_image":"https:\/\/www.organisator.ch\/wp-content\/uploads\/2020\/10\/Massgeschneiderte-Weiterbildung-fuer-KMU-Fach-und-Fuehrungskraefte-2_Organisator.jpg","schema":{"@context":"https:\/\/schema.org","@graph":[{"@type":"Article","@id":"https:\/\/www.organisator.ch\/weiterbildung\/2020-11-04\/massgeschneiderte-weiterbildung-fuer-kmu-fach-und-fuehrungskraefte\/#article","isPartOf":{"@id":"https:\/\/www.organisator.ch\/weiterbildung\/2020-11-04\/massgeschneiderte-weiterbildung-fuer-kmu-fach-und-fuehrungskraefte\/"},"author":{"name":"thomas.berner","@id":"https:\/\/www.organisator.ch\/#\/schema\/person\/6f650f90b2842cd4c0cc334b4e36f67e"},"headline":"Massgeschneiderte Weiterbildung f\u00fcr KMU Fach- und F\u00fchrungskr\u00e4fte","datePublished":"2020-11-04T12:15:08+00:00","mainEntityOfPage":{"@id":"https:\/\/www.organisator.ch\/weiterbildung\/2020-11-04\/massgeschneiderte-weiterbildung-fuer-kmu-fach-und-fuehrungskraefte\/"},"wordCount":378,"publisher":{"@id":"https:\/\/www.organisator.ch\/#organization"},"image":{"@id":"https:\/\/www.organisator.ch\/weiterbildung\/2020-11-04\/massgeschneiderte-weiterbildung-fuer-kmu-fach-und-fuehrungskraefte\/#primaryimage"},"thumbnailUrl":"https:\/\/www.organisator.ch\/wp-content\/uploads\/2020\/10\/Massgeschneiderte-Weiterbildung-fuer-KMU-Fach-und-Fuehrungskraefte-2_Organisator.jpg","keywords":["Aus-\/Weiterbildung","Management und Unternehmensf\u00fchrung","Wissenschaft"],"articleSection":["WEITERBILDUNG"],"inLanguage":"de"},{"@type":"WebPage","@id":"https:\/\/www.organisator.ch\/weiterbildung\/2020-11-04\/massgeschneiderte-weiterbildung-fuer-kmu-fach-und-fuehrungskraefte\/","url":"https:\/\/www.organisator.ch\/weiterbildung\/2020-11-04\/massgeschneiderte-weiterbildung-fuer-kmu-fach-und-fuehrungskraefte\/","name":"Massgeschneiderte Weiterbildung f\u00fcr KMU Fach- und F\u00fchrungskr\u00e4fte - Organisator","isPartOf":{"@id":"https:\/\/www.organisator.ch\/#website"},"primaryImageOfPage":{"@id":"https:\/\/www.organisator.ch\/weiterbildung\/2020-11-04\/massgeschneiderte-weiterbildung-fuer-kmu-fach-und-fuehrungskraefte\/#primaryimage"},"image":{"@id":"https:\/\/www.organisator.ch\/weiterbildung\/2020-11-04\/massgeschneiderte-weiterbildung-fuer-kmu-fach-und-fuehrungskraefte\/#primaryimage"},"thumbnailUrl":"https:\/\/www.organisator.ch\/wp-content\/uploads\/2020\/10\/Massgeschneiderte-Weiterbildung-fuer-KMU-Fach-und-Fuehrungskraefte-2_Organisator.jpg","datePublished":"2020-11-04T12:15:08+00:00","description":"Welche Qualifikationen sind f\u00fcr KMU Fach- und F\u00fchrungskr\u00e4fte essentiell? Rochester-Bern lanciert dazu ein neues Weiterbildungsprogramm f\u00fcr KMU.","breadcrumb":{"@id":"https:\/\/www.organisator.ch\/weiterbildung\/2020-11-04\/massgeschneiderte-weiterbildung-fuer-kmu-fach-und-fuehrungskraefte\/#breadcrumb"},"inLanguage":"de","potentialAction":[{"@type":"ReadAction","target":["https:\/\/www.organisator.ch\/weiterbildung\/2020-11-04\/massgeschneiderte-weiterbildung-fuer-kmu-fach-und-fuehrungskraefte\/"]}]},{"@type":"ImageObject","inLanguage":"de","@id":"https:\/\/www.organisator.ch\/weiterbildung\/2020-11-04\/massgeschneiderte-weiterbildung-fuer-kmu-fach-und-fuehrungskraefte\/#primaryimage","url":"https:\/\/www.organisator.ch\/wp-content\/uploads\/2020\/10\/Massgeschneiderte-Weiterbildung-fuer-KMU-Fach-und-Fuehrungskraefte-2_Organisator.jpg","contentUrl":"https:\/\/www.organisator.ch\/wp-content\/uploads\/2020\/10\/Massgeschneiderte-Weiterbildung-fuer-KMU-Fach-und-Fuehrungskraefte-2_Organisator.jpg","width":680,"height":466,"caption":"Rochester-Bern hat ein Weiterbildungsprogramm f\u00fcr KMU Fach- und F\u00fchrungskr\u00e4fte geschaffen. (Bild: zVg \/ Rochester Bern)"},{"@type":"BreadcrumbList","@id":"https:\/\/www.organisator.ch\/weiterbildung\/2020-11-04\/massgeschneiderte-weiterbildung-fuer-kmu-fach-und-fuehrungskraefte\/#breadcrumb","itemListElement":[{"@type":"ListItem","position":1,"name":"Home","item":"https:\/\/www.organisator.ch\/"},{"@type":"ListItem","position":2,"name":"Massgeschneiderte Weiterbildung f\u00fcr KMU Fach- und F\u00fchrungskr\u00e4fte"}]},{"@type":"WebSite","@id":"https:\/\/www.organisator.ch\/#website","url":"https:\/\/www.organisator.ch\/","name":"Organisator","description":"Kompetent. Praxisnah. Der ORGANISATOR bereitet in 10 Ausgaben pro Jahr die wesentlichen Themen f\u00fcr F\u00fchrungskr\u00e4fte von KMU auf.","publisher":{"@id":"https:\/\/www.organisator.ch\/#organization"},"potentialAction":[{"@type":"SearchAction","target":{"@type":"EntryPoint","urlTemplate":"https:\/\/www.organisator.ch\/?s={search_term_string}"},"query-input":{"@type":"PropertyValueSpecification","valueRequired":true,"valueName":"search_term_string"}}],"inLanguage":"de"},{"@type":"Organization","@id":"https:\/\/www.organisator.ch\/#organization","name":"Organisator","url":"https:\/\/www.organisator.ch\/","logo":{"@type":"ImageObject","inLanguage":"de","@id":"https:\/\/www.organisator.ch\/#\/schema\/logo\/image\/","url":"https:\/\/www.organisator.ch\/wp-content\/uploads\/2022\/01\/Logo_Organisator_Website.png","contentUrl":"https:\/\/www.organisator.ch\/wp-content\/uploads\/2022\/01\/Logo_Organisator_Website.png","width":800,"height":77,"caption":"Organisator"},"image":{"@id":"https:\/\/www.organisator.ch\/#\/schema\/logo\/image\/"},"sameAs":["https:\/\/www.facebook.com\/OrganisatorFachmagazin","https:\/\/www.linkedin.com\/showcase\/organisator-das-magazin-fr-kmu","https:\/\/www.xing.com\/news\/pages\/organisator-ch-695","https:\/\/www.youtube.com\/channel\/UCGP2Sq0iWaZwT3BdIAQFYpw"]},{"@type":"Person","@id":"https:\/\/www.organisator.ch\/#\/schema\/person\/6f650f90b2842cd4c0cc334b4e36f67e","name":"thomas.berner","image":{"@type":"ImageObject","inLanguage":"de","@id":"https:\/\/secure.gravatar.com\/avatar\/ac5001d2a36cb6c6cd3e50789007ffca834b477b74a2144564522e944eabff61?s=96&d=mm&r=g","url":"https:\/\/secure.gravatar.com\/avatar\/ac5001d2a36cb6c6cd3e50789007ffca834b477b74a2144564522e944eabff61?s=96&d=mm&r=g","contentUrl":"https:\/\/secure.gravatar.com\/avatar\/ac5001d2a36cb6c6cd3e50789007ffca834b477b74a2144564522e944eabff61?s=96&d=mm&r=g","caption":"thomas.berner"},"url":"https:\/\/www.organisator.ch\/de\/author\/thomas-berner\/"}]}},"_links":{"self":[{"href":"https:\/\/www.organisator.ch\/de\/wp-json\/wp\/v2\/posts\/7273","targetHints":{"allow":["GET"]}}],"collection":[{"href":"https:\/\/www.organisator.ch\/de\/wp-json\/wp\/v2\/posts"}],"about":[{"href":"https:\/\/www.organisator.ch\/de\/wp-json\/wp\/v2\/types\/post"}],"author":[{"embeddable":true,"href":"https:\/\/www.organisator.ch\/de\/wp-json\/wp\/v2\/users\/4"}],"replies":[{"embeddable":true,"href":"https:\/\/www.organisator.ch\/de\/wp-json\/wp\/v2\/comments?post=7273"}],"version-history":[{"count":0,"href":"https:\/\/www.organisator.ch\/de\/wp-json\/wp\/v2\/posts\/7273\/revisions"}],"wp:featuredmedia":[{"embeddable":true,"href":"https:\/\/www.organisator.ch\/de\/wp-json\/wp\/v2\/media\/7289"}],"wp:attachment":[{"href":"https:\/\/www.organisator.ch\/de\/wp-json\/wp\/v2\/media?parent=7273"}],"wp:term":[{"taxonomy":"category","embeddable":true,"href":"https:\/\/www.organisator.ch\/de\/wp-json\/wp\/v2\/categories?post=7273"},{"taxonomy":"post_tag","embeddable":true,"href":"https:\/\/www.organisator.ch\/de\/wp-json\/wp\/v2\/tags?post=7273"}],"curies":[{"name":"wp","href":"https:\/\/api.w.org\/{rel}","templated":true}]}}