{"id":7277,"date":"2020-10-30T14:03:44","date_gmt":"2020-10-30T13:03:44","guid":{"rendered":"https:\/\/www.organisator.ch\/?p=7277"},"modified":"2020-10-30T14:03:44","modified_gmt":"2020-10-30T13:03:44","slug":"homeoffice-co-wird-von-der-ausnahme-zur-regel","status":"publish","type":"post","link":"https:\/\/www.organisator.ch\/de\/human-resources\/hrm\/2020-10-30\/homeoffice-co-wird-von-der-ausnahme-zur-regel\/","title":{"rendered":"Homeoffice &#038; Co. wird von der Ausnahme zur Regel"},"content":{"rendered":"<figure id=\"attachment_7280\" aria-describedby=\"caption-attachment-7280\" style=\"width: 680px\" class=\"wp-caption alignnone\"><img loading=\"lazy\" decoding=\"async\" class=\"size-medium wp-image-7280\" src=\"https:\/\/www.organisator.ch\/wp-content\/uploads\/2020\/10\/Homeoffice-Co-wird-von-der-Ausnahme-zur-Regel_Organisator.jpg\" alt=\"\" width=\"680\" height=\"453\" srcset=\"https:\/\/www.organisator.ch\/wp-content\/uploads\/2020\/10\/Homeoffice-Co-wird-von-der-Ausnahme-zur-Regel_Organisator.jpg 680w, https:\/\/www.organisator.ch\/wp-content\/uploads\/2020\/10\/Homeoffice-Co-wird-von-der-Ausnahme-zur-Regel_Organisator-16x12.jpg 16w, https:\/\/www.organisator.ch\/wp-content\/uploads\/2020\/10\/Homeoffice-Co-wird-von-der-Ausnahme-zur-Regel_Organisator-263x175.jpg 263w, https:\/\/www.organisator.ch\/wp-content\/uploads\/2020\/10\/Homeoffice-Co-wird-von-der-Ausnahme-zur-Regel_Organisator-525x350.jpg 525w, https:\/\/www.organisator.ch\/wp-content\/uploads\/2020\/10\/Homeoffice-Co-wird-von-der-Ausnahme-zur-Regel_Organisator-300x200.jpg 300w\" sizes=\"auto, (max-width: 680px) 100vw, 680px\" \/><figcaption id=\"caption-attachment-7280\" class=\"wp-caption-text\">Homeoffice &amp; Co. steht vor allem bei Frauen hoch im Kurs, wie die neuste Studie der Work Smart Initiative zeigt. (Bild: Unsplash.com)<\/figcaption><\/figure>\n<p>Eine repr\u00e4sentative Studie hat den Stand des mobilen, flexiblen Arbeitens untersucht. Dazu wurden 2000 Personen in der Deutsch- und Westschweiz Mitte August befragt. Zu einem Zeitpunkt also, in dem die t\u00e4glichen Infektionszahlen tief waren und nicht mehr vor einer R\u00fcckkehr ins B\u00fcro abgeraten wurde. \u00abDie Umfrage wurde also unter dem Eindruck der Pandemie durchgef\u00fchrt und doch l\u00e4sst der Zeitpunkt gewisse R\u00fcckschl\u00fcsse zu, wie sich die Situation nach dieser Lage entwickeln k\u00f6nnte\u00bb, erkl\u00e4rt Studienleiter Dr. Johann Weichbrodt, Wissenschaftlicher Mitarbeiter an der Hochschule f\u00fcr Angewandte Psychologie der Fachhochschule Nordwestschweiz.<\/p>\n<h2>Ein kleiner Teil der Unternehmen verweigert sich Homeoffice &amp; Co.<\/h2>\n<p>Noch 2016 gaben 38 Prozent an, mindestens hin und wieder mobil-flexibel zu arbeiten. F\u00fcr Februar 2020 gaben 41 Prozent der Studienteilnehmenden an, das mobil-flexible Arbeiten regelm\u00e4ssig genutzt zu haben \u2013 also etwa partiell im Homeoffice oder an einem anderen Ort ausserhalb der Firmenr\u00e4umlichkeiten gearbeitet zu haben. W\u00e4hrend dem Lockdown ab Ende M\u00e4rz stieg dieser Anteil auf 58 Prozent und sank danach wieder \u2013 allerdings nur auf 48 Prozent. Johann Weichbrodt beurteilt dies als hohe Werte, die sich zu einem guten Teil durch ein gr\u00f6sseres Potenzial erkl\u00e4ren lassen. So ist der Anteil der Erwerbst\u00e4tigen, die angeben, vom Job her nicht mobil-flexibel arbeiten zu k\u00f6nnen, deutlich gesunken: von 45 auf 37 Prozent. \u00abDies hat einerseits mit dem wirtschaftlichen Strukturwandel zu tun, spiegelt aber vermutlich auch eine ver\u00e4nderte Wahrnehmung wider.\u00bb<\/p>\n<p>Nicht ver\u00e4ndert hat sich aber der Wert derjenigen, die dies zwar aufgrund des Berufsbildes nutzen k\u00f6nnten \u2013 aber nicht nutzen d\u00fcrfen: Nach wie vor wird 7 Prozent der Arbeitnehmenden das mobil-flexible Arbeiten verwehrt. Erstaunlich: Auch w\u00e4hrend des Lockdowns im M\u00e4rz\/April sank dieser Wert nicht unter 3 Prozent.<\/p>\n<h2>KMU holen bei flexiblen Arbeitsformen auf<\/h2>\n<p>Die Studie beleuchtet ebenfalls die Unterschiede zwischen den Arbeitgeberstrukturen. Betrachtet wurden diejenigen, die aufgrund der Berufsbilder ein flexibles Arbeiten erm\u00f6glichen k\u00f6nnten. Und dabei zeigen sich frappante Unterschiede, insbesondere zwischen Arbeitgebern aus dem \u00f6ffentlichen und privaten Sektor, respektive abh\u00e4ngig von der Gr\u00f6sse der Organisation. Um dies zu illustrieren, arbeitet die Studie mit einem Phasenmodell, das die Entwicklung vom v\u00f6llig ortsgebundenen Arbeiten (Phase 1) zu einem zeitlich und \u00f6rtlich v\u00f6llig flexiblen Arbeiten (Phase 5) zeigt. So ist etwa bei Phase 2 das flexible Arbeiten nur die Ausnahme, bei Phase 4 aber schon fast die Regel.<\/p>\n<p>Die 100 gr\u00f6ssten Unternehmen befinden sich 2020 in vielen Belangen \u2013 Arbeitsmodell, B\u00fcroarchitektur, Organisationsstruktur \u2013 im Durchschnitt durchg\u00e4ngig in Phase 3, bei der Technologie sogar in Phase 4. In allen Belangen sind gegen\u00fcber 2016 deutliche Ver\u00e4nderungen sichtbar. Kleiner geworden ist auch der Unterschied zwischen gr\u00f6sseren Unternehmen und KMU: Letztere habe deutlich aufgeholt und ihren R\u00fcckstand zu den Grossen gegen\u00fcber 2016 deutlich verringert.<\/p>\n<h2>Die \u00f6ffentliche Verwaltung tut sich schwer<\/h2>\n<p>Die \u00f6ffentliche Verwaltung befindet sich im Durchschnitt hingegen durchg\u00e4ngig in Phase 2, was eine ebenfalls deutliche Entwicklung gegen\u00fcber 2016 darstellt. Allerdings sind die Unterschiede zwischen den einzelnen Verwaltungen nach wie vor gross: So verharrt ein gewisser Anteil der Verwaltungen immer noch in Phase 1 \u2013 also dem ausnahmslos v\u00f6llig ortsgebundenen Arbeiten. \u00abHier d\u00fcrfte die Pandemie Diskussionen anstossen\u00bb, erkl\u00e4rt Johann Weichbrodt. \u00abW\u00e4hrend des Fr\u00fchlings-Lockdowns mussten sich auch diese Verwaltungseinheiten f\u00fcgen und haben oftmals positive Erfahrungen gemacht. \u00dcber Nacht wurde der Tatbeweis erbracht, dass es eben doch geht \u2013 insbesondere technologisch.\u00bb<\/p>\n<h2>\u00dcberwachung im Homeoffice: keine Systematik<\/h2>\n<p>Erstmals besch\u00e4ftigte sich die Studie auch mit der Frage nach \u00dcberwachung im Homeoffice. Dabei gaben 13 Prozent an, sie w\u00fcrden \u00fcberwacht. Bei der Art der \u00dcberwachung gaben 9 Prozent der Erwerbst\u00e4tigen an, sich \u00fcber die Statusanzeige bei Programmen wie \u00abSkype\u00bb oder Teams\u00bb \u00fcberwacht zu f\u00fchlen. \u00abDas sind weniger, als die \u00f6ffentlichen Diskussionen vermuten lassen\u00bb, beurteilt Weichbrodt die Zahlen. \u00ab\u00dcberwachung der Arbeit im Homeoffice scheint nicht das Problem zu sein. Die allermeisten Besch\u00e4ftigten k\u00f6nnen eigenverantwortlich ihre Arbeit von zuhause aus erledigen.\u00bb Lediglich 4 Prozent gaben an, dass bei ihrem Arbeitgeber eine spezielle Software zur \u00dcberwachung eingesetzt wird.<\/p>\n<h2>Massiv mehr Frauen arbeiten mobil-flexibel<\/h2>\n<p>Einer der deutlichsten Anstiege \u00fcber die ganze Studie gesehen ist bei den geschlechterspezifischen Unterschieden zu verzeichnen: 2014 und 2016 arbeiteten deutlich mehr M\u00e4nner (2014: 40 %, 2016: 47 %) als Frauen (2014: 27 %, 2016: 28 %) mobil-flexibel. 2020 holten die Frauen massiv auf: Bei ihnen stieg der Anteil auf 43 Prozent, bei den M\u00e4nnern auf 52 Prozent.<\/p>\n<h2>Die gr\u00f6ssten Hindernisse und Probleme<\/h2>\n<p>Diejenigen, die h\u00e4ufig mobil-flexibel arbeiten, empfinden die fehlende Identifikation mit dem Team (60 %) und die emotionale Isolation (53 %) als gr\u00f6sstes Problem, gefolgt vom Gef\u00fchl st\u00e4ndig zu arbeiten (41 %) und der Work-Life-Balance (36 %). Eher als weniger problematisch eingestuft werden gesundheitliche Aspekte oder das Potenzial f\u00fcr missbr\u00e4uchliches Ausnutzen der geringeren Kontrollm\u00f6glichkeiten durch Vorgesetzte. Bei den Hindernissen wird mit deutlichem Abstand das Argument vorgebracht, die T\u00e4tigkeit erfordere N\u00e4he zum Team (44 %), gefolgt von der fehlenden Unterst\u00fctzung durch die Unternehmenskultur (29 %) gleichauf mit den fehlenden M\u00f6glichkeiten, sensible Daten unterwegs oder im Homeoffice zu bearbeiten. Als kleinstes Hindernis eingesch\u00e4tzt wird die fehlende Technologie (15 %).<\/p>\n<h2>Homeoffice &amp; Co. wird zur Normalit\u00e4t \u2013 reine Pr\u00e4senz zur Ausnahme<\/h2>\n<p>Seit f\u00fcnf Jahren begleitet die Work Smart Initiative die Akzeptanz, Einf\u00fchrung und Etablierung von mobil-flexiblem Arbeiten. Die Auswertung in diesem Jahr markiert einen Wendepunkt, da erstmals eine grosse Mehrheit derjenigen, bei denen das Berufsbild Homeoffice &amp; Co. erlaubt., dies auch nutzen k\u00f6nnen. Trotzdem sieht Johann Weichbrodt noch viel Entwicklungspotenzial: \u00abAm Anfang stand das Bekenntnis, mitunter auch die Symbolik, nun aber wird mobil-flexibles Arbeiten zum Alltag, zur Normalit\u00e4t. Das hat nicht nur Folgen f\u00fcr diejenigen, die sich dem weiterhin verweigern \u2013 es fordert auch diejenigen, die es bereits anwenden. Denn es gilt die Strukturen und F\u00fchrungsmodelle darauf abzustimmen und die von den Nutzern als negativ empfundenen Aspekte anzugehen.\u00bb Die Pandemie wird beides beschleunigen, das zeigt sich ganz eindeutig: 49 Prozent der Befragten gaben an, Corona habe bei ihrem Arbeitgeber zu einem Kulturwandel gef\u00fchrt. Doch 39 Prozent geben demgegen\u00fcber an, dass in ihrem Unternehmen die skeptische Haltung bestehen bleibt und man m\u00f6glichst wieder zur\u00fcck zum Alten will. Johann Weichbrodt: \u00abIm Sommer zeigte sich, dass ein Abflachen der Infektionszahlen schon zu einer verst\u00e4rkten R\u00fcckkehr ins B\u00fcro f\u00fchrt. Aber die Uhr wird sich kaum auf den Stand von Februar zur\u00fcckdrehen lassen.\u00bb<\/p>\n<p><em>Quelle: <a href=\"http:\/\/www.work-smart-initiative.ch\">work-smart-initiative.ch<\/a><\/em><\/p>\n","protected":false},"excerpt":{"rendered":"<p>Eine repr\u00e4sentative Studie hat den Stand des mobilen, flexiblen Arbeitens untersucht. Dazu wurden 2000 Personen in der Deutsch- und Westschweiz Mitte August befragt. Zu einem Zeitpunkt also, in dem die t\u00e4glichen Infektionszahlen tief waren und nicht mehr vor einer R\u00fcckkehr ins B\u00fcro abgeraten wurde. \u00abDie Umfrage wurde also unter dem Eindruck der Pandemie durchgef\u00fchrt und [&hellip;]<\/p>\n","protected":false},"author":4,"featured_media":7280,"comment_status":"closed","ping_status":"closed","sticky":false,"template":"","format":"standard","meta":{"_acf_changed":false,"_yoast_wpseo_focuskw":"Homeoffice & Co","_yoast_wpseo_metadesc":"Die Work Smart Initiative hat den Stand des mobilen, flexiblen Arbeitens in der Schweiz untersucht. Ergebnis: Homeoffice & Co. wird immer mehr zur Regel.","articlekey":"","footnotes":""},"categories":[26],"tags":[51,208,363,459],"class_list":["post-7277","post","type-post","status-publish","format-standard","has-post-thumbnail","hentry","category-hrm","tag-arbeitsplatzgestaltung","tag-fit-im-job","tag-new-work","tag-studie"],"acf":[],"yoast_head":"<!-- This site is optimized with the Yoast SEO plugin v27.4 - https:\/\/yoast.com\/product\/yoast-seo-wordpress\/ -->\n<title>Homeoffice &amp; Co. wird von der Ausnahme zur Regel - Organisator<\/title>\n<meta name=\"description\" content=\"Die Work Smart Initiative hat den Stand des mobilen, flexiblen Arbeitens in der Schweiz untersucht. Ergebnis: Homeoffice &amp; Co. wird immer mehr zur Regel.\" \/>\n<meta name=\"robots\" content=\"index, follow, max-snippet:-1, max-image-preview:large, max-video-preview:-1\" \/>\n<link rel=\"canonical\" href=\"https:\/\/www.organisator.ch\/de\/human-resources\/hrm\/2020-10-30\/homeoffice-co-wird-von-der-ausnahme-zur-regel\/\" \/>\n<meta property=\"og:locale\" content=\"de_DE\" \/>\n<meta property=\"og:type\" content=\"article\" \/>\n<meta property=\"og:title\" content=\"Homeoffice &amp; Co. wird von der Ausnahme zur Regel\" \/>\n<meta property=\"og:description\" content=\"Die Work Smart Initiative hat den Stand des mobilen, flexiblen Arbeitens in der Schweiz untersucht. Ergebnis: Homeoffice &amp; Co. wird immer mehr zur Regel.\" \/>\n<meta property=\"og:url\" content=\"https:\/\/www.organisator.ch\/de\/human-resources\/hrm\/2020-10-30\/homeoffice-co-wird-von-der-ausnahme-zur-regel\/\" \/>\n<meta property=\"og:site_name\" content=\"Organisator\" \/>\n<meta property=\"article:publisher\" content=\"https:\/\/www.facebook.com\/OrganisatorFachmagazin\" \/>\n<meta property=\"article:published_time\" content=\"2020-10-30T13:03:44+00:00\" \/>\n<meta property=\"og:image\" content=\"https:\/\/www.organisator.ch\/wp-content\/uploads\/2020\/10\/Homeoffice-Co-wird-von-der-Ausnahme-zur-Regel_Organisator.jpg\" \/>\n\t<meta property=\"og:image:width\" content=\"680\" \/>\n\t<meta property=\"og:image:height\" content=\"453\" \/>\n\t<meta property=\"og:image:type\" content=\"image\/jpeg\" \/>\n<meta name=\"author\" content=\"thomas.berner\" \/>\n<meta name=\"twitter:card\" content=\"summary_large_image\" \/>\n<meta name=\"twitter:title\" content=\"#Homeoffice &amp; Co. wird von der #Ausnahme zur #Regel\" \/>\n<meta name=\"twitter:description\" content=\"Die #WorkSmartInitiative hat den Stand des mobilen, flexiblen Arbeitens in der Schweiz untersucht. Ergebnis: #Homeoffice &amp; Co. wird immer mehr zur Regel.\" \/>\n<meta name=\"twitter:image\" content=\"https:\/\/www.organisator.ch\/wp-content\/uploads\/2020\/10\/Homeoffice-Co-wird-von-der-Ausnahme-zur-Regel_Organisator.jpg\" \/>\n<script type=\"application\/ld+json\" class=\"yoast-schema-graph\">{\"@context\":\"https:\\\/\\\/schema.org\",\"@graph\":[{\"@type\":\"Article\",\"@id\":\"https:\\\/\\\/www.organisator.ch\\\/human-resources\\\/hrm\\\/2020-10-30\\\/homeoffice-co-wird-von-der-ausnahme-zur-regel\\\/#article\",\"isPartOf\":{\"@id\":\"https:\\\/\\\/www.organisator.ch\\\/human-resources\\\/hrm\\\/2020-10-30\\\/homeoffice-co-wird-von-der-ausnahme-zur-regel\\\/\"},\"author\":{\"name\":\"thomas.berner\",\"@id\":\"https:\\\/\\\/www.organisator.ch\\\/#\\\/schema\\\/person\\\/6f650f90b2842cd4c0cc334b4e36f67e\"},\"headline\":\"Homeoffice &#038; Co. wird von der Ausnahme zur Regel\",\"datePublished\":\"2020-10-30T13:03:44+00:00\",\"mainEntityOfPage\":{\"@id\":\"https:\\\/\\\/www.organisator.ch\\\/human-resources\\\/hrm\\\/2020-10-30\\\/homeoffice-co-wird-von-der-ausnahme-zur-regel\\\/\"},\"wordCount\":1059,\"publisher\":{\"@id\":\"https:\\\/\\\/www.organisator.ch\\\/#organization\"},\"image\":{\"@id\":\"https:\\\/\\\/www.organisator.ch\\\/human-resources\\\/hrm\\\/2020-10-30\\\/homeoffice-co-wird-von-der-ausnahme-zur-regel\\\/#primaryimage\"},\"thumbnailUrl\":\"https:\\\/\\\/www.organisator.ch\\\/wp-content\\\/uploads\\\/2020\\\/10\\\/Homeoffice-Co-wird-von-der-Ausnahme-zur-Regel_Organisator.jpg\",\"keywords\":[\"Arbeitsplatzgestaltung\",\"Fit im Job\",\"New Work\",\"Studie\"],\"articleSection\":[\"HRM\"],\"inLanguage\":\"de\"},{\"@type\":\"WebPage\",\"@id\":\"https:\\\/\\\/www.organisator.ch\\\/human-resources\\\/hrm\\\/2020-10-30\\\/homeoffice-co-wird-von-der-ausnahme-zur-regel\\\/\",\"url\":\"https:\\\/\\\/www.organisator.ch\\\/human-resources\\\/hrm\\\/2020-10-30\\\/homeoffice-co-wird-von-der-ausnahme-zur-regel\\\/\",\"name\":\"Homeoffice & Co. wird von der Ausnahme zur Regel - Organisator\",\"isPartOf\":{\"@id\":\"https:\\\/\\\/www.organisator.ch\\\/#website\"},\"primaryImageOfPage\":{\"@id\":\"https:\\\/\\\/www.organisator.ch\\\/human-resources\\\/hrm\\\/2020-10-30\\\/homeoffice-co-wird-von-der-ausnahme-zur-regel\\\/#primaryimage\"},\"image\":{\"@id\":\"https:\\\/\\\/www.organisator.ch\\\/human-resources\\\/hrm\\\/2020-10-30\\\/homeoffice-co-wird-von-der-ausnahme-zur-regel\\\/#primaryimage\"},\"thumbnailUrl\":\"https:\\\/\\\/www.organisator.ch\\\/wp-content\\\/uploads\\\/2020\\\/10\\\/Homeoffice-Co-wird-von-der-Ausnahme-zur-Regel_Organisator.jpg\",\"datePublished\":\"2020-10-30T13:03:44+00:00\",\"description\":\"Die Work Smart Initiative hat den Stand des mobilen, flexiblen Arbeitens in der Schweiz untersucht. Ergebnis: Homeoffice & Co. wird immer mehr zur Regel.\",\"breadcrumb\":{\"@id\":\"https:\\\/\\\/www.organisator.ch\\\/human-resources\\\/hrm\\\/2020-10-30\\\/homeoffice-co-wird-von-der-ausnahme-zur-regel\\\/#breadcrumb\"},\"inLanguage\":\"de\",\"potentialAction\":[{\"@type\":\"ReadAction\",\"target\":[\"https:\\\/\\\/www.organisator.ch\\\/human-resources\\\/hrm\\\/2020-10-30\\\/homeoffice-co-wird-von-der-ausnahme-zur-regel\\\/\"]}]},{\"@type\":\"ImageObject\",\"inLanguage\":\"de\",\"@id\":\"https:\\\/\\\/www.organisator.ch\\\/human-resources\\\/hrm\\\/2020-10-30\\\/homeoffice-co-wird-von-der-ausnahme-zur-regel\\\/#primaryimage\",\"url\":\"https:\\\/\\\/www.organisator.ch\\\/wp-content\\\/uploads\\\/2020\\\/10\\\/Homeoffice-Co-wird-von-der-Ausnahme-zur-Regel_Organisator.jpg\",\"contentUrl\":\"https:\\\/\\\/www.organisator.ch\\\/wp-content\\\/uploads\\\/2020\\\/10\\\/Homeoffice-Co-wird-von-der-Ausnahme-zur-Regel_Organisator.jpg\",\"width\":680,\"height\":453,\"caption\":\"Homeoffice & Co. steht vor allem bei Frauen hoch im Kurs, wie die neuste Studie der Work Smart Initiative zeigt. (Bild: Unsplash.com)\"},{\"@type\":\"BreadcrumbList\",\"@id\":\"https:\\\/\\\/www.organisator.ch\\\/human-resources\\\/hrm\\\/2020-10-30\\\/homeoffice-co-wird-von-der-ausnahme-zur-regel\\\/#breadcrumb\",\"itemListElement\":[{\"@type\":\"ListItem\",\"position\":1,\"name\":\"Home\",\"item\":\"https:\\\/\\\/www.organisator.ch\\\/\"},{\"@type\":\"ListItem\",\"position\":2,\"name\":\"Homeoffice &#038; Co. wird von der Ausnahme zur Regel\"}]},{\"@type\":\"WebSite\",\"@id\":\"https:\\\/\\\/www.organisator.ch\\\/#website\",\"url\":\"https:\\\/\\\/www.organisator.ch\\\/\",\"name\":\"Organisator\",\"description\":\"Kompetent. Praxisnah. Der ORGANISATOR bereitet in 10 Ausgaben pro Jahr die wesentlichen Themen f\u00fcr F\u00fchrungskr\u00e4fte von KMU auf.\",\"publisher\":{\"@id\":\"https:\\\/\\\/www.organisator.ch\\\/#organization\"},\"potentialAction\":[{\"@type\":\"SearchAction\",\"target\":{\"@type\":\"EntryPoint\",\"urlTemplate\":\"https:\\\/\\\/www.organisator.ch\\\/?s={search_term_string}\"},\"query-input\":{\"@type\":\"PropertyValueSpecification\",\"valueRequired\":true,\"valueName\":\"search_term_string\"}}],\"inLanguage\":\"de\"},{\"@type\":\"Organization\",\"@id\":\"https:\\\/\\\/www.organisator.ch\\\/#organization\",\"name\":\"Organisator\",\"url\":\"https:\\\/\\\/www.organisator.ch\\\/\",\"logo\":{\"@type\":\"ImageObject\",\"inLanguage\":\"de\",\"@id\":\"https:\\\/\\\/www.organisator.ch\\\/#\\\/schema\\\/logo\\\/image\\\/\",\"url\":\"https:\\\/\\\/www.organisator.ch\\\/wp-content\\\/uploads\\\/2022\\\/01\\\/Logo_Organisator_Website.png\",\"contentUrl\":\"https:\\\/\\\/www.organisator.ch\\\/wp-content\\\/uploads\\\/2022\\\/01\\\/Logo_Organisator_Website.png\",\"width\":800,\"height\":77,\"caption\":\"Organisator\"},\"image\":{\"@id\":\"https:\\\/\\\/www.organisator.ch\\\/#\\\/schema\\\/logo\\\/image\\\/\"},\"sameAs\":[\"https:\\\/\\\/www.facebook.com\\\/OrganisatorFachmagazin\",\"https:\\\/\\\/www.linkedin.com\\\/showcase\\\/organisator-das-magazin-fr-kmu\",\"https:\\\/\\\/www.xing.com\\\/news\\\/pages\\\/organisator-ch-695\",\"https:\\\/\\\/www.youtube.com\\\/channel\\\/UCGP2Sq0iWaZwT3BdIAQFYpw\"]},{\"@type\":\"Person\",\"@id\":\"https:\\\/\\\/www.organisator.ch\\\/#\\\/schema\\\/person\\\/6f650f90b2842cd4c0cc334b4e36f67e\",\"name\":\"thomas.berner\",\"image\":{\"@type\":\"ImageObject\",\"inLanguage\":\"de\",\"@id\":\"https:\\\/\\\/secure.gravatar.com\\\/avatar\\\/ac5001d2a36cb6c6cd3e50789007ffca834b477b74a2144564522e944eabff61?s=96&d=mm&r=g\",\"url\":\"https:\\\/\\\/secure.gravatar.com\\\/avatar\\\/ac5001d2a36cb6c6cd3e50789007ffca834b477b74a2144564522e944eabff61?s=96&d=mm&r=g\",\"contentUrl\":\"https:\\\/\\\/secure.gravatar.com\\\/avatar\\\/ac5001d2a36cb6c6cd3e50789007ffca834b477b74a2144564522e944eabff61?s=96&d=mm&r=g\",\"caption\":\"thomas.berner\"},\"url\":\"https:\\\/\\\/www.organisator.ch\\\/de\\\/author\\\/thomas-berner\\\/\"}]}<\/script>\n<!-- \/ Yoast SEO plugin. -->","yoast_head_json":{"title":"Homeoffice & Co. wird von der Ausnahme zur Regel - Organisator","description":"Die Work Smart Initiative hat den Stand des mobilen, flexiblen Arbeitens in der Schweiz untersucht. Ergebnis: Homeoffice & Co. wird immer mehr zur Regel.","robots":{"index":"index","follow":"follow","max-snippet":"max-snippet:-1","max-image-preview":"max-image-preview:large","max-video-preview":"max-video-preview:-1"},"canonical":"https:\/\/www.organisator.ch\/de\/human-resources\/hrm\/2020-10-30\/homeoffice-co-wird-von-der-ausnahme-zur-regel\/","og_locale":"de_DE","og_type":"article","og_title":"Homeoffice & Co. wird von der Ausnahme zur Regel","og_description":"Die Work Smart Initiative hat den Stand des mobilen, flexiblen Arbeitens in der Schweiz untersucht. Ergebnis: Homeoffice & Co. wird immer mehr zur Regel.","og_url":"https:\/\/www.organisator.ch\/de\/human-resources\/hrm\/2020-10-30\/homeoffice-co-wird-von-der-ausnahme-zur-regel\/","og_site_name":"Organisator","article_publisher":"https:\/\/www.facebook.com\/OrganisatorFachmagazin","article_published_time":"2020-10-30T13:03:44+00:00","og_image":[{"width":680,"height":453,"url":"https:\/\/www.organisator.ch\/wp-content\/uploads\/2020\/10\/Homeoffice-Co-wird-von-der-Ausnahme-zur-Regel_Organisator.jpg","type":"image\/jpeg"}],"author":"thomas.berner","twitter_card":"summary_large_image","twitter_title":"#Homeoffice & Co. wird von der #Ausnahme zur #Regel","twitter_description":"Die #WorkSmartInitiative hat den Stand des mobilen, flexiblen Arbeitens in der Schweiz untersucht. Ergebnis: #Homeoffice & Co. wird immer mehr zur Regel.","twitter_image":"https:\/\/www.organisator.ch\/wp-content\/uploads\/2020\/10\/Homeoffice-Co-wird-von-der-Ausnahme-zur-Regel_Organisator.jpg","schema":{"@context":"https:\/\/schema.org","@graph":[{"@type":"Article","@id":"https:\/\/www.organisator.ch\/human-resources\/hrm\/2020-10-30\/homeoffice-co-wird-von-der-ausnahme-zur-regel\/#article","isPartOf":{"@id":"https:\/\/www.organisator.ch\/human-resources\/hrm\/2020-10-30\/homeoffice-co-wird-von-der-ausnahme-zur-regel\/"},"author":{"name":"thomas.berner","@id":"https:\/\/www.organisator.ch\/#\/schema\/person\/6f650f90b2842cd4c0cc334b4e36f67e"},"headline":"Homeoffice &#038; Co. wird von der Ausnahme zur Regel","datePublished":"2020-10-30T13:03:44+00:00","mainEntityOfPage":{"@id":"https:\/\/www.organisator.ch\/human-resources\/hrm\/2020-10-30\/homeoffice-co-wird-von-der-ausnahme-zur-regel\/"},"wordCount":1059,"publisher":{"@id":"https:\/\/www.organisator.ch\/#organization"},"image":{"@id":"https:\/\/www.organisator.ch\/human-resources\/hrm\/2020-10-30\/homeoffice-co-wird-von-der-ausnahme-zur-regel\/#primaryimage"},"thumbnailUrl":"https:\/\/www.organisator.ch\/wp-content\/uploads\/2020\/10\/Homeoffice-Co-wird-von-der-Ausnahme-zur-Regel_Organisator.jpg","keywords":["Arbeitsplatzgestaltung","Fit im Job","New Work","Studie"],"articleSection":["HRM"],"inLanguage":"de"},{"@type":"WebPage","@id":"https:\/\/www.organisator.ch\/human-resources\/hrm\/2020-10-30\/homeoffice-co-wird-von-der-ausnahme-zur-regel\/","url":"https:\/\/www.organisator.ch\/human-resources\/hrm\/2020-10-30\/homeoffice-co-wird-von-der-ausnahme-zur-regel\/","name":"Homeoffice & Co. wird von der Ausnahme zur Regel - Organisator","isPartOf":{"@id":"https:\/\/www.organisator.ch\/#website"},"primaryImageOfPage":{"@id":"https:\/\/www.organisator.ch\/human-resources\/hrm\/2020-10-30\/homeoffice-co-wird-von-der-ausnahme-zur-regel\/#primaryimage"},"image":{"@id":"https:\/\/www.organisator.ch\/human-resources\/hrm\/2020-10-30\/homeoffice-co-wird-von-der-ausnahme-zur-regel\/#primaryimage"},"thumbnailUrl":"https:\/\/www.organisator.ch\/wp-content\/uploads\/2020\/10\/Homeoffice-Co-wird-von-der-Ausnahme-zur-Regel_Organisator.jpg","datePublished":"2020-10-30T13:03:44+00:00","description":"Die Work Smart Initiative hat den Stand des mobilen, flexiblen Arbeitens in der Schweiz untersucht. Ergebnis: Homeoffice & Co. wird immer mehr zur Regel.","breadcrumb":{"@id":"https:\/\/www.organisator.ch\/human-resources\/hrm\/2020-10-30\/homeoffice-co-wird-von-der-ausnahme-zur-regel\/#breadcrumb"},"inLanguage":"de","potentialAction":[{"@type":"ReadAction","target":["https:\/\/www.organisator.ch\/human-resources\/hrm\/2020-10-30\/homeoffice-co-wird-von-der-ausnahme-zur-regel\/"]}]},{"@type":"ImageObject","inLanguage":"de","@id":"https:\/\/www.organisator.ch\/human-resources\/hrm\/2020-10-30\/homeoffice-co-wird-von-der-ausnahme-zur-regel\/#primaryimage","url":"https:\/\/www.organisator.ch\/wp-content\/uploads\/2020\/10\/Homeoffice-Co-wird-von-der-Ausnahme-zur-Regel_Organisator.jpg","contentUrl":"https:\/\/www.organisator.ch\/wp-content\/uploads\/2020\/10\/Homeoffice-Co-wird-von-der-Ausnahme-zur-Regel_Organisator.jpg","width":680,"height":453,"caption":"Homeoffice & Co. steht vor allem bei Frauen hoch im Kurs, wie die neuste Studie der Work Smart Initiative zeigt. (Bild: Unsplash.com)"},{"@type":"BreadcrumbList","@id":"https:\/\/www.organisator.ch\/human-resources\/hrm\/2020-10-30\/homeoffice-co-wird-von-der-ausnahme-zur-regel\/#breadcrumb","itemListElement":[{"@type":"ListItem","position":1,"name":"Home","item":"https:\/\/www.organisator.ch\/"},{"@type":"ListItem","position":2,"name":"Homeoffice &#038; Co. wird von der Ausnahme zur Regel"}]},{"@type":"WebSite","@id":"https:\/\/www.organisator.ch\/#website","url":"https:\/\/www.organisator.ch\/","name":"Organisator","description":"Kompetent. Praxisnah. Der ORGANISATOR bereitet in 10 Ausgaben pro Jahr die wesentlichen Themen f\u00fcr F\u00fchrungskr\u00e4fte von KMU auf.","publisher":{"@id":"https:\/\/www.organisator.ch\/#organization"},"potentialAction":[{"@type":"SearchAction","target":{"@type":"EntryPoint","urlTemplate":"https:\/\/www.organisator.ch\/?s={search_term_string}"},"query-input":{"@type":"PropertyValueSpecification","valueRequired":true,"valueName":"search_term_string"}}],"inLanguage":"de"},{"@type":"Organization","@id":"https:\/\/www.organisator.ch\/#organization","name":"Organisator","url":"https:\/\/www.organisator.ch\/","logo":{"@type":"ImageObject","inLanguage":"de","@id":"https:\/\/www.organisator.ch\/#\/schema\/logo\/image\/","url":"https:\/\/www.organisator.ch\/wp-content\/uploads\/2022\/01\/Logo_Organisator_Website.png","contentUrl":"https:\/\/www.organisator.ch\/wp-content\/uploads\/2022\/01\/Logo_Organisator_Website.png","width":800,"height":77,"caption":"Organisator"},"image":{"@id":"https:\/\/www.organisator.ch\/#\/schema\/logo\/image\/"},"sameAs":["https:\/\/www.facebook.com\/OrganisatorFachmagazin","https:\/\/www.linkedin.com\/showcase\/organisator-das-magazin-fr-kmu","https:\/\/www.xing.com\/news\/pages\/organisator-ch-695","https:\/\/www.youtube.com\/channel\/UCGP2Sq0iWaZwT3BdIAQFYpw"]},{"@type":"Person","@id":"https:\/\/www.organisator.ch\/#\/schema\/person\/6f650f90b2842cd4c0cc334b4e36f67e","name":"thomas.berner","image":{"@type":"ImageObject","inLanguage":"de","@id":"https:\/\/secure.gravatar.com\/avatar\/ac5001d2a36cb6c6cd3e50789007ffca834b477b74a2144564522e944eabff61?s=96&d=mm&r=g","url":"https:\/\/secure.gravatar.com\/avatar\/ac5001d2a36cb6c6cd3e50789007ffca834b477b74a2144564522e944eabff61?s=96&d=mm&r=g","contentUrl":"https:\/\/secure.gravatar.com\/avatar\/ac5001d2a36cb6c6cd3e50789007ffca834b477b74a2144564522e944eabff61?s=96&d=mm&r=g","caption":"thomas.berner"},"url":"https:\/\/www.organisator.ch\/de\/author\/thomas-berner\/"}]}},"_links":{"self":[{"href":"https:\/\/www.organisator.ch\/de\/wp-json\/wp\/v2\/posts\/7277","targetHints":{"allow":["GET"]}}],"collection":[{"href":"https:\/\/www.organisator.ch\/de\/wp-json\/wp\/v2\/posts"}],"about":[{"href":"https:\/\/www.organisator.ch\/de\/wp-json\/wp\/v2\/types\/post"}],"author":[{"embeddable":true,"href":"https:\/\/www.organisator.ch\/de\/wp-json\/wp\/v2\/users\/4"}],"replies":[{"embeddable":true,"href":"https:\/\/www.organisator.ch\/de\/wp-json\/wp\/v2\/comments?post=7277"}],"version-history":[{"count":0,"href":"https:\/\/www.organisator.ch\/de\/wp-json\/wp\/v2\/posts\/7277\/revisions"}],"wp:featuredmedia":[{"embeddable":true,"href":"https:\/\/www.organisator.ch\/de\/wp-json\/wp\/v2\/media\/7280"}],"wp:attachment":[{"href":"https:\/\/www.organisator.ch\/de\/wp-json\/wp\/v2\/media?parent=7277"}],"wp:term":[{"taxonomy":"category","embeddable":true,"href":"https:\/\/www.organisator.ch\/de\/wp-json\/wp\/v2\/categories?post=7277"},{"taxonomy":"post_tag","embeddable":true,"href":"https:\/\/www.organisator.ch\/de\/wp-json\/wp\/v2\/tags?post=7277"}],"curies":[{"name":"wp","href":"https:\/\/api.w.org\/{rel}","templated":true}]}}