{"id":7294,"date":"2020-11-06T07:55:11","date_gmt":"2020-11-06T06:55:11","guid":{"rendered":"https:\/\/www.organisator.ch\/?p=7294"},"modified":"2020-11-06T07:55:11","modified_gmt":"2020-11-06T06:55:11","slug":"buchtipp-integritaet-im-geschaeftlichen-handeln","status":"publish","type":"post","link":"https:\/\/www.organisator.ch\/de\/management\/2020-11-06\/buchtipp-integritaet-im-geschaeftlichen-handeln\/","title":{"rendered":"Buchtipp: Integrit\u00e4t im gesch\u00e4ftlichen Handeln"},"content":{"rendered":"<figure id=\"attachment_7295\" aria-describedby=\"caption-attachment-7295\" style=\"width: 643px\" class=\"wp-caption alignnone\"><img loading=\"lazy\" decoding=\"async\" class=\"size-medium wp-image-7295\" src=\"https:\/\/www.organisator.ch\/wp-content\/uploads\/2020\/11\/Buchtipp-Integritaet-im-geschaeftlichen-Handeln_Organisator-643x1000.jpg\" alt=\"\" width=\"643\" height=\"1000\" srcset=\"https:\/\/www.organisator.ch\/wp-content\/uploads\/2020\/11\/Buchtipp-Integritaet-im-geschaeftlichen-Handeln_Organisator-643x1000.jpg 643w, https:\/\/www.organisator.ch\/wp-content\/uploads\/2020\/11\/Buchtipp-Integritaet-im-geschaeftlichen-Handeln_Organisator-658x1024.jpg 658w, https:\/\/www.organisator.ch\/wp-content\/uploads\/2020\/11\/Buchtipp-Integritaet-im-geschaeftlichen-Handeln_Organisator-8x12.jpg 8w, https:\/\/www.organisator.ch\/wp-content\/uploads\/2020\/11\/Buchtipp-Integritaet-im-geschaeftlichen-Handeln_Organisator-112x175.jpg 112w, https:\/\/www.organisator.ch\/wp-content\/uploads\/2020\/11\/Buchtipp-Integritaet-im-geschaeftlichen-Handeln_Organisator-225x350.jpg 225w, https:\/\/www.organisator.ch\/wp-content\/uploads\/2020\/11\/Buchtipp-Integritaet-im-geschaeftlichen-Handeln_Organisator-514x800.jpg 514w, https:\/\/www.organisator.ch\/wp-content\/uploads\/2020\/11\/Buchtipp-Integritaet-im-geschaeftlichen-Handeln_Organisator-300x467.jpg 300w, https:\/\/www.organisator.ch\/wp-content\/uploads\/2020\/11\/Buchtipp-Integritaet-im-geschaeftlichen-Handeln_Organisator.jpg 680w\" sizes=\"auto, (max-width: 643px) 100vw, 643px\" \/><figcaption id=\"caption-attachment-7295\" class=\"wp-caption-text\">Integrit\u00e4t im gesch\u00e4ftlichen Handeln: Das neue Buch von Klaus M. Leisinger. (Bild: zVg)<\/figcaption><\/figure>\n<p>Heute hat jedes Unternehmen, das etwas auf sich h\u00e4lt, ein Leitbild, in dem versichert wird, dass die Integrit\u00e4t des Handelns zu den h\u00f6chsten G\u00fctern z\u00e4hlt. Dennoch werden im Alltag oft die Grenzen der Legalit\u00e4t getestet, wird im Umweltbereich lediglich &#8222;Dienst nach Vorschrift&#8220; geleistet, obwohl proaktives Handeln n\u00f6tig w\u00e4re, und werden immer wieder mit juristischen Tricks menschenunw\u00fcrdige Arbeitsbedingungen erm\u00f6glicht.<\/p>\n<h2>Praktische Instrumente f\u00fcr Integrit\u00e4t in der F\u00fchrung<\/h2>\n<p>Wie kann das sein? Sind dies einmalige Verfehlungen einzelner Manager und somit die Ausnahme von einer ansonsten integren Regel? Klaus Leisinger zeigt in diesem Buch, dass Integrit\u00e4t vor allem eine pers\u00f6nliche Verantwortung ist: Integre F\u00fchrungspersonen schauen genau hin, handeln nach bestem Wissen und Gewissen und gehen mit gutem Beispiel voran. Wenn sie Zusagen machen, halten sie diese ein, wenn sie Fehler gemacht haben, stehen Sie daf\u00fcr ein und korrigieren sie. Sie motivieren die im Unternehmen arbeitenden Menschen durch Fairness und Anerkennung und vermitteln ihnen, dass sie Teil von etwas sind, f\u00fcr das sie mit Stolz einstehen k\u00f6nnen. Der Autor stellt mit einem Minimum an akademischer Theorie praktische Erkenntnisse und Instrumente vor, die im gesch\u00e4ftlichen Alltag dabei helfen, mit moralischen Dilemma umzugehen und auf Basis allgemein g\u00fcltiger Werte L\u00f6sungen zu erarbeiten.<\/p>\n<h2><strong>Zum Autor<\/strong><\/h2>\n<p>Klaus Michael Leisinger ist Gr\u00fcnder und Pr\u00e4sident der Stiftung Globale Werte Allianz, Professor (em.) f\u00fcr Soziologie an der Universit\u00e4t Basel und Senior Advisor verschiedener Institutionen der Vereinten Nationen. Er arbeitete in leitender Stellung eines gro\u00dfen Pharmaunternehmens, zuletzt als CEO und Pr\u00e4sident der ehemaligen Novartis Stiftung f\u00fcr Nachhaltige Entwicklung. Er ist Mitglied des Leadership Council des von UNO Generalsekret\u00e4r Ban Ki-moon initiierten und Professor Jeffrey Sachs geleiteten Sustainable Development Solutions Network und dient der Europ\u00e4ischen Kommission als Experte f\u00fcr Ethik-Beurteilungen. Neben seiner Arbeit an der Universit\u00e4t Basel lehrte und lehrt er als Gastprofessor und invited lecturer an der University of Notre Dame und weiteren Universit\u00e4ten in den USA, China, Singapur und Afrika s\u00fcdlich der Sahara.<\/p>\n<p><em>Titel: Integrit\u00e4t im gesch\u00e4ftlichen Handeln<\/em><br \/>\n<em>Autor: Klaus M. Leisinger<\/em><br \/>\n<em>ISBN: 978-3-7245-2453-3<\/em><br \/>\n<em>432 Seiten, kartoniert<\/em><br \/>\n<em>Erscheinungstermin: November 2020 oder bereits erschienen<\/em><\/p>\n<p><em><a href=\"http:\/\/www.reinhardt.ch\">Rheinhardt Verlag<\/a><\/em><\/p>\n","protected":false},"excerpt":{"rendered":"<p>Heute hat jedes Unternehmen, das etwas auf sich h\u00e4lt, ein Leitbild, in dem versichert wird, dass die Integrit\u00e4t des Handelns zu den h\u00f6chsten G\u00fctern z\u00e4hlt. Dennoch werden im Alltag oft die Grenzen der Legalit\u00e4t getestet, wird im Umweltbereich lediglich &#8222;Dienst nach Vorschrift&#8220; geleistet, obwohl proaktives Handeln n\u00f6tig w\u00e4re, und werden immer wieder mit juristischen Tricks [&hellip;]<\/p>\n","protected":false},"author":4,"featured_media":7295,"comment_status":"closed","ping_status":"closed","sticky":false,"template":"","format":"standard","meta":{"_acf_changed":false,"_yoast_wpseo_focuskw":"Integrit\u00e4t","_yoast_wpseo_metadesc":"Ein eben erschienenes Buch mit dem Titel \u00abIntegrit\u00e4t im gesch\u00e4ftlichen Handeln\u00bb befasst sich mit der aktuellen Thematik der unternehmerischen Verantwortung.","articlekey":"","footnotes":""},"categories":[28],"tags":[92,95,335,496],"class_list":["post-7294","post","type-post","status-publish","format-standard","has-post-thumbnail","hentry","category-management","tag-buch","tag-buchtipps","tag-management-und-unternehmensfuehrung","tag-unternehmensfuehrung"],"acf":[],"yoast_head":"<!-- This site is optimized with the Yoast SEO plugin v27.4 - https:\/\/yoast.com\/product\/yoast-seo-wordpress\/ -->\n<title>Buchtipp: Integrit\u00e4t im gesch\u00e4ftlichen Handeln - Organisator<\/title>\n<meta name=\"description\" content=\"Ein eben erschienenes Buch mit dem Titel \u00abIntegrit\u00e4t im gesch\u00e4ftlichen Handeln\u00bb befasst sich mit der aktuellen Thematik der unternehmerischen Verantwortung.\" \/>\n<meta name=\"robots\" content=\"index, follow, max-snippet:-1, max-image-preview:large, max-video-preview:-1\" \/>\n<link rel=\"canonical\" href=\"https:\/\/www.organisator.ch\/de\/management\/2020-11-06\/buchtipp-integritaet-im-geschaeftlichen-handeln\/\" \/>\n<meta property=\"og:locale\" content=\"de_DE\" \/>\n<meta property=\"og:type\" content=\"article\" \/>\n<meta property=\"og:title\" content=\"Buchtipp: Integrit\u00e4t im gesch\u00e4ftlichen Handeln\" \/>\n<meta property=\"og:description\" content=\"Ein eben erschienenes Buch mit dem Titel \u00abIntegrit\u00e4t im gesch\u00e4ftlichen Handeln\u00bb befasst sich mit der aktuellen Thematik der unternehmerischen Verantwortung.\" \/>\n<meta property=\"og:url\" content=\"https:\/\/www.organisator.ch\/de\/management\/2020-11-06\/buchtipp-integritaet-im-geschaeftlichen-handeln\/\" \/>\n<meta property=\"og:site_name\" content=\"Organisator\" \/>\n<meta property=\"article:publisher\" content=\"https:\/\/www.facebook.com\/OrganisatorFachmagazin\" \/>\n<meta property=\"article:published_time\" content=\"2020-11-06T06:55:11+00:00\" \/>\n<meta property=\"og:image\" content=\"https:\/\/www.organisator.ch\/wp-content\/uploads\/2020\/11\/Buchtipp-Integritaet-im-geschaeftlichen-Handeln_Organisator.jpg\" \/>\n\t<meta property=\"og:image:width\" content=\"680\" \/>\n\t<meta property=\"og:image:height\" content=\"1058\" \/>\n\t<meta property=\"og:image:type\" content=\"image\/jpeg\" \/>\n<meta name=\"author\" content=\"thomas.berner\" \/>\n<meta name=\"twitter:card\" content=\"summary_large_image\" \/>\n<meta name=\"twitter:title\" content=\"#Buchtipp: #Integrit\u00e4t im gesch\u00e4ftlichen Handeln\" \/>\n<meta name=\"twitter:description\" content=\"Ein eben erschienenes Buch mit dem Titel \u00ab#Integrit\u00e4t im gesch\u00e4ftlichen Handeln\u00bb befasst sich mit der aktuellen Thematik der unternehmerischen #Verantwortung.\" \/>\n<meta name=\"twitter:image\" content=\"https:\/\/www.organisator.ch\/wp-content\/uploads\/2020\/11\/Buchtipp-Integritaet-im-geschaeftlichen-Handeln_Organisator.jpg\" \/>\n<script type=\"application\/ld+json\" class=\"yoast-schema-graph\">{\"@context\":\"https:\\\/\\\/schema.org\",\"@graph\":[{\"@type\":\"Article\",\"@id\":\"https:\\\/\\\/www.organisator.ch\\\/management\\\/2020-11-06\\\/buchtipp-integritaet-im-geschaeftlichen-handeln\\\/#article\",\"isPartOf\":{\"@id\":\"https:\\\/\\\/www.organisator.ch\\\/management\\\/2020-11-06\\\/buchtipp-integritaet-im-geschaeftlichen-handeln\\\/\"},\"author\":{\"name\":\"thomas.berner\",\"@id\":\"https:\\\/\\\/www.organisator.ch\\\/#\\\/schema\\\/person\\\/6f650f90b2842cd4c0cc334b4e36f67e\"},\"headline\":\"Buchtipp: Integrit\u00e4t im gesch\u00e4ftlichen Handeln\",\"datePublished\":\"2020-11-06T06:55:11+00:00\",\"mainEntityOfPage\":{\"@id\":\"https:\\\/\\\/www.organisator.ch\\\/management\\\/2020-11-06\\\/buchtipp-integritaet-im-geschaeftlichen-handeln\\\/\"},\"wordCount\":400,\"publisher\":{\"@id\":\"https:\\\/\\\/www.organisator.ch\\\/#organization\"},\"image\":{\"@id\":\"https:\\\/\\\/www.organisator.ch\\\/management\\\/2020-11-06\\\/buchtipp-integritaet-im-geschaeftlichen-handeln\\\/#primaryimage\"},\"thumbnailUrl\":\"https:\\\/\\\/www.organisator.ch\\\/wp-content\\\/uploads\\\/2020\\\/11\\\/Buchtipp-Integritaet-im-geschaeftlichen-Handeln_Organisator.jpg\",\"keywords\":[\"Buch\",\"Buchtipps\",\"Management und Unternehmensf\u00fchrung\",\"Unternehmensf\u00fchrung\"],\"articleSection\":[\"MANAGEMENT\"],\"inLanguage\":\"de\"},{\"@type\":\"WebPage\",\"@id\":\"https:\\\/\\\/www.organisator.ch\\\/management\\\/2020-11-06\\\/buchtipp-integritaet-im-geschaeftlichen-handeln\\\/\",\"url\":\"https:\\\/\\\/www.organisator.ch\\\/management\\\/2020-11-06\\\/buchtipp-integritaet-im-geschaeftlichen-handeln\\\/\",\"name\":\"Buchtipp: Integrit\u00e4t im gesch\u00e4ftlichen Handeln - Organisator\",\"isPartOf\":{\"@id\":\"https:\\\/\\\/www.organisator.ch\\\/#website\"},\"primaryImageOfPage\":{\"@id\":\"https:\\\/\\\/www.organisator.ch\\\/management\\\/2020-11-06\\\/buchtipp-integritaet-im-geschaeftlichen-handeln\\\/#primaryimage\"},\"image\":{\"@id\":\"https:\\\/\\\/www.organisator.ch\\\/management\\\/2020-11-06\\\/buchtipp-integritaet-im-geschaeftlichen-handeln\\\/#primaryimage\"},\"thumbnailUrl\":\"https:\\\/\\\/www.organisator.ch\\\/wp-content\\\/uploads\\\/2020\\\/11\\\/Buchtipp-Integritaet-im-geschaeftlichen-Handeln_Organisator.jpg\",\"datePublished\":\"2020-11-06T06:55:11+00:00\",\"description\":\"Ein eben erschienenes Buch mit dem Titel \u00abIntegrit\u00e4t im gesch\u00e4ftlichen Handeln\u00bb befasst sich mit der aktuellen Thematik der unternehmerischen Verantwortung.\",\"breadcrumb\":{\"@id\":\"https:\\\/\\\/www.organisator.ch\\\/management\\\/2020-11-06\\\/buchtipp-integritaet-im-geschaeftlichen-handeln\\\/#breadcrumb\"},\"inLanguage\":\"de\",\"potentialAction\":[{\"@type\":\"ReadAction\",\"target\":[\"https:\\\/\\\/www.organisator.ch\\\/management\\\/2020-11-06\\\/buchtipp-integritaet-im-geschaeftlichen-handeln\\\/\"]}]},{\"@type\":\"ImageObject\",\"inLanguage\":\"de\",\"@id\":\"https:\\\/\\\/www.organisator.ch\\\/management\\\/2020-11-06\\\/buchtipp-integritaet-im-geschaeftlichen-handeln\\\/#primaryimage\",\"url\":\"https:\\\/\\\/www.organisator.ch\\\/wp-content\\\/uploads\\\/2020\\\/11\\\/Buchtipp-Integritaet-im-geschaeftlichen-Handeln_Organisator.jpg\",\"contentUrl\":\"https:\\\/\\\/www.organisator.ch\\\/wp-content\\\/uploads\\\/2020\\\/11\\\/Buchtipp-Integritaet-im-geschaeftlichen-Handeln_Organisator.jpg\",\"width\":680,\"height\":1058,\"caption\":\"Integrit\u00e4t im gesch\u00e4ftlichen Handeln: Das neue Buch von Klaus M. Leisinger. (Bild: zVg)\"},{\"@type\":\"BreadcrumbList\",\"@id\":\"https:\\\/\\\/www.organisator.ch\\\/management\\\/2020-11-06\\\/buchtipp-integritaet-im-geschaeftlichen-handeln\\\/#breadcrumb\",\"itemListElement\":[{\"@type\":\"ListItem\",\"position\":1,\"name\":\"Home\",\"item\":\"https:\\\/\\\/www.organisator.ch\\\/\"},{\"@type\":\"ListItem\",\"position\":2,\"name\":\"Buchtipp: Integrit\u00e4t im gesch\u00e4ftlichen Handeln\"}]},{\"@type\":\"WebSite\",\"@id\":\"https:\\\/\\\/www.organisator.ch\\\/#website\",\"url\":\"https:\\\/\\\/www.organisator.ch\\\/\",\"name\":\"Organisator\",\"description\":\"Kompetent. Praxisnah. Der ORGANISATOR bereitet in 10 Ausgaben pro Jahr die wesentlichen Themen f\u00fcr F\u00fchrungskr\u00e4fte von KMU auf.\",\"publisher\":{\"@id\":\"https:\\\/\\\/www.organisator.ch\\\/#organization\"},\"potentialAction\":[{\"@type\":\"SearchAction\",\"target\":{\"@type\":\"EntryPoint\",\"urlTemplate\":\"https:\\\/\\\/www.organisator.ch\\\/?s={search_term_string}\"},\"query-input\":{\"@type\":\"PropertyValueSpecification\",\"valueRequired\":true,\"valueName\":\"search_term_string\"}}],\"inLanguage\":\"de\"},{\"@type\":\"Organization\",\"@id\":\"https:\\\/\\\/www.organisator.ch\\\/#organization\",\"name\":\"Organisator\",\"url\":\"https:\\\/\\\/www.organisator.ch\\\/\",\"logo\":{\"@type\":\"ImageObject\",\"inLanguage\":\"de\",\"@id\":\"https:\\\/\\\/www.organisator.ch\\\/#\\\/schema\\\/logo\\\/image\\\/\",\"url\":\"https:\\\/\\\/www.organisator.ch\\\/wp-content\\\/uploads\\\/2022\\\/01\\\/Logo_Organisator_Website.png\",\"contentUrl\":\"https:\\\/\\\/www.organisator.ch\\\/wp-content\\\/uploads\\\/2022\\\/01\\\/Logo_Organisator_Website.png\",\"width\":800,\"height\":77,\"caption\":\"Organisator\"},\"image\":{\"@id\":\"https:\\\/\\\/www.organisator.ch\\\/#\\\/schema\\\/logo\\\/image\\\/\"},\"sameAs\":[\"https:\\\/\\\/www.facebook.com\\\/OrganisatorFachmagazin\",\"https:\\\/\\\/www.linkedin.com\\\/showcase\\\/organisator-das-magazin-fr-kmu\",\"https:\\\/\\\/www.xing.com\\\/news\\\/pages\\\/organisator-ch-695\",\"https:\\\/\\\/www.youtube.com\\\/channel\\\/UCGP2Sq0iWaZwT3BdIAQFYpw\"]},{\"@type\":\"Person\",\"@id\":\"https:\\\/\\\/www.organisator.ch\\\/#\\\/schema\\\/person\\\/6f650f90b2842cd4c0cc334b4e36f67e\",\"name\":\"thomas.berner\",\"image\":{\"@type\":\"ImageObject\",\"inLanguage\":\"de\",\"@id\":\"https:\\\/\\\/secure.gravatar.com\\\/avatar\\\/ac5001d2a36cb6c6cd3e50789007ffca834b477b74a2144564522e944eabff61?s=96&d=mm&r=g\",\"url\":\"https:\\\/\\\/secure.gravatar.com\\\/avatar\\\/ac5001d2a36cb6c6cd3e50789007ffca834b477b74a2144564522e944eabff61?s=96&d=mm&r=g\",\"contentUrl\":\"https:\\\/\\\/secure.gravatar.com\\\/avatar\\\/ac5001d2a36cb6c6cd3e50789007ffca834b477b74a2144564522e944eabff61?s=96&d=mm&r=g\",\"caption\":\"thomas.berner\"},\"url\":\"https:\\\/\\\/www.organisator.ch\\\/de\\\/author\\\/thomas-berner\\\/\"}]}<\/script>\n<!-- \/ Yoast SEO plugin. -->","yoast_head_json":{"title":"Buchtipp: Integrit\u00e4t im gesch\u00e4ftlichen Handeln - Organisator","description":"Ein eben erschienenes Buch mit dem Titel \u00abIntegrit\u00e4t im gesch\u00e4ftlichen Handeln\u00bb befasst sich mit der aktuellen Thematik der unternehmerischen Verantwortung.","robots":{"index":"index","follow":"follow","max-snippet":"max-snippet:-1","max-image-preview":"max-image-preview:large","max-video-preview":"max-video-preview:-1"},"canonical":"https:\/\/www.organisator.ch\/de\/management\/2020-11-06\/buchtipp-integritaet-im-geschaeftlichen-handeln\/","og_locale":"de_DE","og_type":"article","og_title":"Buchtipp: Integrit\u00e4t im gesch\u00e4ftlichen Handeln","og_description":"Ein eben erschienenes Buch mit dem Titel \u00abIntegrit\u00e4t im gesch\u00e4ftlichen Handeln\u00bb befasst sich mit der aktuellen Thematik der unternehmerischen Verantwortung.","og_url":"https:\/\/www.organisator.ch\/de\/management\/2020-11-06\/buchtipp-integritaet-im-geschaeftlichen-handeln\/","og_site_name":"Organisator","article_publisher":"https:\/\/www.facebook.com\/OrganisatorFachmagazin","article_published_time":"2020-11-06T06:55:11+00:00","og_image":[{"width":680,"height":1058,"url":"https:\/\/www.organisator.ch\/wp-content\/uploads\/2020\/11\/Buchtipp-Integritaet-im-geschaeftlichen-Handeln_Organisator.jpg","type":"image\/jpeg"}],"author":"thomas.berner","twitter_card":"summary_large_image","twitter_title":"#Buchtipp: #Integrit\u00e4t im gesch\u00e4ftlichen Handeln","twitter_description":"Ein eben erschienenes Buch mit dem Titel \u00ab#Integrit\u00e4t im gesch\u00e4ftlichen Handeln\u00bb befasst sich mit der aktuellen Thematik der unternehmerischen #Verantwortung.","twitter_image":"https:\/\/www.organisator.ch\/wp-content\/uploads\/2020\/11\/Buchtipp-Integritaet-im-geschaeftlichen-Handeln_Organisator.jpg","schema":{"@context":"https:\/\/schema.org","@graph":[{"@type":"Article","@id":"https:\/\/www.organisator.ch\/management\/2020-11-06\/buchtipp-integritaet-im-geschaeftlichen-handeln\/#article","isPartOf":{"@id":"https:\/\/www.organisator.ch\/management\/2020-11-06\/buchtipp-integritaet-im-geschaeftlichen-handeln\/"},"author":{"name":"thomas.berner","@id":"https:\/\/www.organisator.ch\/#\/schema\/person\/6f650f90b2842cd4c0cc334b4e36f67e"},"headline":"Buchtipp: Integrit\u00e4t im gesch\u00e4ftlichen Handeln","datePublished":"2020-11-06T06:55:11+00:00","mainEntityOfPage":{"@id":"https:\/\/www.organisator.ch\/management\/2020-11-06\/buchtipp-integritaet-im-geschaeftlichen-handeln\/"},"wordCount":400,"publisher":{"@id":"https:\/\/www.organisator.ch\/#organization"},"image":{"@id":"https:\/\/www.organisator.ch\/management\/2020-11-06\/buchtipp-integritaet-im-geschaeftlichen-handeln\/#primaryimage"},"thumbnailUrl":"https:\/\/www.organisator.ch\/wp-content\/uploads\/2020\/11\/Buchtipp-Integritaet-im-geschaeftlichen-Handeln_Organisator.jpg","keywords":["Buch","Buchtipps","Management und Unternehmensf\u00fchrung","Unternehmensf\u00fchrung"],"articleSection":["MANAGEMENT"],"inLanguage":"de"},{"@type":"WebPage","@id":"https:\/\/www.organisator.ch\/management\/2020-11-06\/buchtipp-integritaet-im-geschaeftlichen-handeln\/","url":"https:\/\/www.organisator.ch\/management\/2020-11-06\/buchtipp-integritaet-im-geschaeftlichen-handeln\/","name":"Buchtipp: Integrit\u00e4t im gesch\u00e4ftlichen Handeln - Organisator","isPartOf":{"@id":"https:\/\/www.organisator.ch\/#website"},"primaryImageOfPage":{"@id":"https:\/\/www.organisator.ch\/management\/2020-11-06\/buchtipp-integritaet-im-geschaeftlichen-handeln\/#primaryimage"},"image":{"@id":"https:\/\/www.organisator.ch\/management\/2020-11-06\/buchtipp-integritaet-im-geschaeftlichen-handeln\/#primaryimage"},"thumbnailUrl":"https:\/\/www.organisator.ch\/wp-content\/uploads\/2020\/11\/Buchtipp-Integritaet-im-geschaeftlichen-Handeln_Organisator.jpg","datePublished":"2020-11-06T06:55:11+00:00","description":"Ein eben erschienenes Buch mit dem Titel \u00abIntegrit\u00e4t im gesch\u00e4ftlichen Handeln\u00bb befasst sich mit der aktuellen Thematik der unternehmerischen Verantwortung.","breadcrumb":{"@id":"https:\/\/www.organisator.ch\/management\/2020-11-06\/buchtipp-integritaet-im-geschaeftlichen-handeln\/#breadcrumb"},"inLanguage":"de","potentialAction":[{"@type":"ReadAction","target":["https:\/\/www.organisator.ch\/management\/2020-11-06\/buchtipp-integritaet-im-geschaeftlichen-handeln\/"]}]},{"@type":"ImageObject","inLanguage":"de","@id":"https:\/\/www.organisator.ch\/management\/2020-11-06\/buchtipp-integritaet-im-geschaeftlichen-handeln\/#primaryimage","url":"https:\/\/www.organisator.ch\/wp-content\/uploads\/2020\/11\/Buchtipp-Integritaet-im-geschaeftlichen-Handeln_Organisator.jpg","contentUrl":"https:\/\/www.organisator.ch\/wp-content\/uploads\/2020\/11\/Buchtipp-Integritaet-im-geschaeftlichen-Handeln_Organisator.jpg","width":680,"height":1058,"caption":"Integrit\u00e4t im gesch\u00e4ftlichen Handeln: Das neue Buch von Klaus M. Leisinger. (Bild: zVg)"},{"@type":"BreadcrumbList","@id":"https:\/\/www.organisator.ch\/management\/2020-11-06\/buchtipp-integritaet-im-geschaeftlichen-handeln\/#breadcrumb","itemListElement":[{"@type":"ListItem","position":1,"name":"Home","item":"https:\/\/www.organisator.ch\/"},{"@type":"ListItem","position":2,"name":"Buchtipp: Integrit\u00e4t im gesch\u00e4ftlichen Handeln"}]},{"@type":"WebSite","@id":"https:\/\/www.organisator.ch\/#website","url":"https:\/\/www.organisator.ch\/","name":"Organisator","description":"Kompetent. Praxisnah. Der ORGANISATOR bereitet in 10 Ausgaben pro Jahr die wesentlichen Themen f\u00fcr F\u00fchrungskr\u00e4fte von KMU auf.","publisher":{"@id":"https:\/\/www.organisator.ch\/#organization"},"potentialAction":[{"@type":"SearchAction","target":{"@type":"EntryPoint","urlTemplate":"https:\/\/www.organisator.ch\/?s={search_term_string}"},"query-input":{"@type":"PropertyValueSpecification","valueRequired":true,"valueName":"search_term_string"}}],"inLanguage":"de"},{"@type":"Organization","@id":"https:\/\/www.organisator.ch\/#organization","name":"Organisator","url":"https:\/\/www.organisator.ch\/","logo":{"@type":"ImageObject","inLanguage":"de","@id":"https:\/\/www.organisator.ch\/#\/schema\/logo\/image\/","url":"https:\/\/www.organisator.ch\/wp-content\/uploads\/2022\/01\/Logo_Organisator_Website.png","contentUrl":"https:\/\/www.organisator.ch\/wp-content\/uploads\/2022\/01\/Logo_Organisator_Website.png","width":800,"height":77,"caption":"Organisator"},"image":{"@id":"https:\/\/www.organisator.ch\/#\/schema\/logo\/image\/"},"sameAs":["https:\/\/www.facebook.com\/OrganisatorFachmagazin","https:\/\/www.linkedin.com\/showcase\/organisator-das-magazin-fr-kmu","https:\/\/www.xing.com\/news\/pages\/organisator-ch-695","https:\/\/www.youtube.com\/channel\/UCGP2Sq0iWaZwT3BdIAQFYpw"]},{"@type":"Person","@id":"https:\/\/www.organisator.ch\/#\/schema\/person\/6f650f90b2842cd4c0cc334b4e36f67e","name":"thomas.berner","image":{"@type":"ImageObject","inLanguage":"de","@id":"https:\/\/secure.gravatar.com\/avatar\/ac5001d2a36cb6c6cd3e50789007ffca834b477b74a2144564522e944eabff61?s=96&d=mm&r=g","url":"https:\/\/secure.gravatar.com\/avatar\/ac5001d2a36cb6c6cd3e50789007ffca834b477b74a2144564522e944eabff61?s=96&d=mm&r=g","contentUrl":"https:\/\/secure.gravatar.com\/avatar\/ac5001d2a36cb6c6cd3e50789007ffca834b477b74a2144564522e944eabff61?s=96&d=mm&r=g","caption":"thomas.berner"},"url":"https:\/\/www.organisator.ch\/de\/author\/thomas-berner\/"}]}},"_links":{"self":[{"href":"https:\/\/www.organisator.ch\/de\/wp-json\/wp\/v2\/posts\/7294","targetHints":{"allow":["GET"]}}],"collection":[{"href":"https:\/\/www.organisator.ch\/de\/wp-json\/wp\/v2\/posts"}],"about":[{"href":"https:\/\/www.organisator.ch\/de\/wp-json\/wp\/v2\/types\/post"}],"author":[{"embeddable":true,"href":"https:\/\/www.organisator.ch\/de\/wp-json\/wp\/v2\/users\/4"}],"replies":[{"embeddable":true,"href":"https:\/\/www.organisator.ch\/de\/wp-json\/wp\/v2\/comments?post=7294"}],"version-history":[{"count":0,"href":"https:\/\/www.organisator.ch\/de\/wp-json\/wp\/v2\/posts\/7294\/revisions"}],"wp:featuredmedia":[{"embeddable":true,"href":"https:\/\/www.organisator.ch\/de\/wp-json\/wp\/v2\/media\/7295"}],"wp:attachment":[{"href":"https:\/\/www.organisator.ch\/de\/wp-json\/wp\/v2\/media?parent=7294"}],"wp:term":[{"taxonomy":"category","embeddable":true,"href":"https:\/\/www.organisator.ch\/de\/wp-json\/wp\/v2\/categories?post=7294"},{"taxonomy":"post_tag","embeddable":true,"href":"https:\/\/www.organisator.ch\/de\/wp-json\/wp\/v2\/tags?post=7294"}],"curies":[{"name":"wp","href":"https:\/\/api.w.org\/{rel}","templated":true}]}}