{"id":7301,"date":"2020-11-06T13:15:53","date_gmt":"2020-11-06T12:15:53","guid":{"rendered":"https:\/\/www.organisator.ch\/?p=7301"},"modified":"2020-11-06T13:15:53","modified_gmt":"2020-11-06T12:15:53","slug":"videokommunikation-pruefstein-der-digitalen-transformation","status":"publish","type":"post","link":"https:\/\/www.organisator.ch\/de\/marketing\/2020-11-06\/videokommunikation-pruefstein-der-digitalen-transformation\/","title":{"rendered":"Videokommunikation: Pr\u00fcfstein der digitalen Transformation"},"content":{"rendered":"<figure id=\"attachment_7305\" aria-describedby=\"caption-attachment-7305\" style=\"width: 680px\" class=\"wp-caption alignnone\"><img loading=\"lazy\" decoding=\"async\" class=\"size-medium wp-image-7305\" src=\"https:\/\/www.organisator.ch\/wp-content\/uploads\/2020\/11\/Videokommunikation-Pruefstein-der-digitalen-Transformation-1_Organisator.jpg\" alt=\"\" width=\"680\" height=\"624\" srcset=\"https:\/\/www.organisator.ch\/wp-content\/uploads\/2020\/11\/Videokommunikation-Pruefstein-der-digitalen-Transformation-1_Organisator.jpg 681w, https:\/\/www.organisator.ch\/wp-content\/uploads\/2020\/11\/Videokommunikation-Pruefstein-der-digitalen-Transformation-1_Organisator-13x12.jpg 13w, https:\/\/www.organisator.ch\/wp-content\/uploads\/2020\/11\/Videokommunikation-Pruefstein-der-digitalen-Transformation-1_Organisator-191x175.jpg 191w, https:\/\/www.organisator.ch\/wp-content\/uploads\/2020\/11\/Videokommunikation-Pruefstein-der-digitalen-Transformation-1_Organisator-381x350.jpg 381w, https:\/\/www.organisator.ch\/wp-content\/uploads\/2020\/11\/Videokommunikation-Pruefstein-der-digitalen-Transformation-1_Organisator-300x275.jpg 300w\" sizes=\"auto, (max-width: 680px) 100vw, 680px\" \/><figcaption id=\"caption-attachment-7305\" class=\"wp-caption-text\">Videokommunikation ist immer mehr ein wichtiges Tool f\u00fcr die Interaktion mit Kunden. (Bild: zVg)<\/figcaption><\/figure>\n<p>In vielen Unternehmen sind Videokonferenzen mittlerweile Alltag geworden. Doch auch im Austausch mit Kunden ist Videokommunikation immer mehr das Mittel der Wahl. Bei der Implementierung einer Videokommunikations-Plattform sind jedoch einige Punkte zu beachten, erkl\u00e4rt Ali Murat G\u00fcr\u00e7ay, Senior Business Development Manager bei CCR. Das internationale Unternehmen mit Hauptsitz in der T\u00fcrkei und bedeutenden Niederlassungen in Z\u00fcrich und Dubai bietet ihren Kunden Business Communication und aussergew\u00f6hnliche CX-L\u00f6sungen. Kunden von CCR sind unter anderem Medgate, Medela, Sunrise, WIR Bank, Constellium, Vifor Pharma.<\/p>\n<h2><strong>Wann macht Videokommunikation Sinn? <\/strong><\/h2>\n<p>Technologie \u00e4ndert sich jeden Tag. Und Zeit ist eines der wichtigsten Dinge in unserem Leben. Daher m\u00f6chten die Menschen nicht viel Zeit damit verbringen, Informationen zu erhalten oder ein Problem zu l\u00f6sen. Wenn sie warten m\u00fcssen, dann sollte es sich auch lohnen. Unsere Mission ist es daher, das Kundenerlebnis zu vereinfachen und die Endbenutzer mit ihrem Kundenservice zufriedenzustellen. So entstand aus dieser Erkenntnis die Videokommunikationsidee von CCR. Wir wollten, dass die Leute Zeit f\u00fcr sich sparen k\u00f6nnen, anstatt in die Bankfiliale oder ins Krankenhaus zu gehen.<\/p>\n<figure id=\"attachment_7306\" aria-describedby=\"caption-attachment-7306\" style=\"width: 680px\" class=\"wp-caption alignnone\"><img loading=\"lazy\" decoding=\"async\" class=\"size-medium wp-image-7306\" src=\"https:\/\/www.organisator.ch\/wp-content\/uploads\/2020\/11\/Videokommunikation-Pruefstein-der-digitalen-Transformation-2_Organisator.jpg\" alt=\"\" width=\"680\" height=\"437\" srcset=\"https:\/\/www.organisator.ch\/wp-content\/uploads\/2020\/11\/Videokommunikation-Pruefstein-der-digitalen-Transformation-2_Organisator.jpg 680w, https:\/\/www.organisator.ch\/wp-content\/uploads\/2020\/11\/Videokommunikation-Pruefstein-der-digitalen-Transformation-2_Organisator-16x10.jpg 16w, https:\/\/www.organisator.ch\/wp-content\/uploads\/2020\/11\/Videokommunikation-Pruefstein-der-digitalen-Transformation-2_Organisator-272x175.jpg 272w, https:\/\/www.organisator.ch\/wp-content\/uploads\/2020\/11\/Videokommunikation-Pruefstein-der-digitalen-Transformation-2_Organisator-545x350.jpg 545w, https:\/\/www.organisator.ch\/wp-content\/uploads\/2020\/11\/Videokommunikation-Pruefstein-der-digitalen-Transformation-2_Organisator-300x193.jpg 300w\" sizes=\"auto, (max-width: 680px) 100vw, 680px\" \/><figcaption id=\"caption-attachment-7306\" class=\"wp-caption-text\">Ali Murat G\u00fcr\u00e7ay, Senior Business Development Manager bei CCR: &#8222;W\u00e4hrend der Pandemie haben sich viele Unternehmen betreffend unserer Videokommunikationsl\u00f6sung EasyConnect Video an uns gewendet.&#8220; (Bild: zVg \/ CCR)<\/figcaption><\/figure>\n<p>Die Videokommunikation wird heute zu einem Pr\u00fcfstein der digitalen Transformation. W\u00e4hrend der Pandemie haben sich viele Unternehmen betreffend unserer Videokommunikationsl\u00f6sung EasyConnect Video an uns gewendet. Sie wollen von Angesicht zu Angesicht mit ihren Kunden in Verbindung bleiben. Sei es beispielsweise im Banking f\u00fcr die Kunden oder in der Telemedizin f\u00fcr ihre Patienten.\u00a0 Wir haben 2017 unser erstes <a href=\"https:\/\/www.ccr.group\/de\/medgate-app-mit-integrierter-videokommunikation-von-ccr\/\">Telemedizinprojekt mit Medgate<\/a> gestartet. Dieses Projekt wurde f\u00fcr die Kategorie \u201eKundenorientierung\u201c nominiert und ausgezeichnet.<\/p>\n<h2><strong>Was muss bei der Implementierung beachtet werden? <\/strong><\/h2>\n<p>Zun\u00e4chst m\u00fcssen Sie ein Callcenter haben. Unsere L\u00f6sung funktioniert derzeit auf der Call Center-Plattform. Dies ist der Grund, warum EasyConnect Video so viel Erfolg bringt. Wenn die Videokommunikation in das Call Center implementiert ist, kann problemlos die Historie oder Daten aller Kunden abgerufen werden. Man kann die neuen Informationen auch im Kundendatensatz speichern. Technisch kann die L\u00f6sung auf virtuellen Servern implementiert werden, was die Implementierungszeit erheblich verk\u00fcrzt und den Kunden Kosteneinsparungen bietet. Unsere Implementierungen k\u00f6nnen auch remote durchgef\u00fchrt werden, um allen Beteiligten zus\u00e4tzliche Sicherheit f\u00fcr ihre Gesundheit zu bieten, indem vermieden wird, im selben Raum zusammenzuarbeiten.<\/p>\n<h2><strong>Welche Zusatzinvestitionen sind notwendig? <\/strong><\/h2>\n<p>Die Call Center-Plattform sollte eines der Genesys-Produkte sein. CCR ist Gold Partner von Genesys. EasyConnect Video funktioniert mit Genesys Engage und PureConnect. Die Cloud-Unterst\u00fctzung in der Roadmap f\u00fcr 2021 ist ebenfalls einfach zu integrieren. Unsere Kunden ben\u00f6tigen einfache PCs oder Laptops mit Kameras, um loszulegen. Wir unterst\u00fctzen auch mobile Ger\u00e4te wie Telefone und Tablets, damit die Kunden die Call Center per Videoanruf auf ihren Mobilger\u00e4ten erreichen k\u00f6nnen.<\/p>\n<h2><strong>Weitere Tipps f\u00fcr die erfolgreiche Anwendung?<\/strong><\/h2>\n<p>EasyConnect Video k\u00f6nnte in jede Branche mit unterschiedlichen Anwendungsf\u00e4llen integriert werden. Dies bietet eine komfortable Interaktion mit pers\u00f6nlichem Online-Banking oder digitalem On-Boarding, einem brandneuen Vertriebskanal im Einzelhandel, Schadensbewertung von Live-Versicherungen nach einem Unfall, schnelleren Zugriff auf Nachrichten vom Geschehen mit Live-Benachrichtigungen, Face-to-Face Dienstleistungen, die das Leben behinderter Menschen erleichtern, Diagnose durch Videokonferenzen im Gesundheitssektor (Telemedizin) und so weiter. Unternehmen sollten sicherlich auch ihr Unternehmensimage ber\u00fccksichtigen, w\u00e4hrend sie Video-Chat-Funktionen bereitstellen, da ein Video eher eine soziale Interaktion als ein Telefonanruf darstellt.<\/p>\n<p><a href=\"https:\/\/www.ccr.group\/de\/easyconnect-video-3\/\"><em>Weitere Informationen<\/em><\/a><\/p>\n","protected":false},"excerpt":{"rendered":"<p>In vielen Unternehmen sind Videokonferenzen mittlerweile Alltag geworden. Doch auch im Austausch mit Kunden ist Videokommunikation immer mehr das Mittel der Wahl. Bei der Implementierung einer Videokommunikations-Plattform sind jedoch einige Punkte zu beachten, erkl\u00e4rt Ali Murat G\u00fcr\u00e7ay, Senior Business Development Manager bei CCR. Das internationale Unternehmen mit Hauptsitz in der T\u00fcrkei und bedeutenden Niederlassungen in [&hellip;]<\/p>\n","protected":false},"author":4,"featured_media":7305,"comment_status":"closed","ping_status":"closed","sticky":false,"template":"","format":"standard","meta":{"_acf_changed":false,"_yoast_wpseo_focuskw":"Videokommunikation","_yoast_wpseo_metadesc":"Viele Callcenter arbeiten heute mit Videokommunikation. Doch wo und wann macht dieses Kommunikationsmittel wirklich Sinn?","articlekey":"","footnotes":""},"categories":[29],"tags":[156,308,339],"class_list":["post-7301","post","type-post","status-publish","format-standard","has-post-thumbnail","hentry","category-marketing","tag-digitalisierung","tag-kommunikation","tag-marketing"],"acf":[],"yoast_head":"<!-- This site is optimized with the Yoast SEO plugin v27.5 - https:\/\/yoast.com\/product\/yoast-seo-wordpress\/ -->\n<title>Videokommunikation: Pr\u00fcfstein der digitalen Transformation - Organisator<\/title>\n<meta name=\"description\" content=\"Viele Callcenter arbeiten heute mit Videokommunikation. Doch wo und wann macht dieses Kommunikationsmittel wirklich Sinn?\" \/>\n<meta name=\"robots\" content=\"index, follow, max-snippet:-1, max-image-preview:large, max-video-preview:-1\" \/>\n<link rel=\"canonical\" href=\"https:\/\/www.organisator.ch\/de\/marketing\/2020-11-06\/videokommunikation-pruefstein-der-digitalen-transformation\/\" \/>\n<meta property=\"og:locale\" content=\"de_DE\" \/>\n<meta property=\"og:type\" content=\"article\" \/>\n<meta property=\"og:title\" content=\"Videokommunikation: Pr\u00fcfstein der digitalen Transformation\" \/>\n<meta property=\"og:description\" content=\"Viele Callcenter arbeiten heute mit Videokommunikation. Doch wo und wann macht dieses Kommunikationsmittel wirklich Sinn?\" \/>\n<meta property=\"og:url\" content=\"https:\/\/www.organisator.ch\/de\/marketing\/2020-11-06\/videokommunikation-pruefstein-der-digitalen-transformation\/\" \/>\n<meta property=\"og:site_name\" content=\"Organisator\" \/>\n<meta property=\"article:publisher\" content=\"https:\/\/www.facebook.com\/OrganisatorFachmagazin\" \/>\n<meta property=\"article:published_time\" content=\"2020-11-06T12:15:53+00:00\" \/>\n<meta property=\"og:image\" content=\"https:\/\/www.organisator.ch\/wp-content\/uploads\/2020\/11\/Videokommunikation-Pruefstein-der-digitalen-Transformation-1_Organisator.jpg\" \/>\n\t<meta property=\"og:image:width\" content=\"681\" \/>\n\t<meta property=\"og:image:height\" content=\"625\" \/>\n\t<meta property=\"og:image:type\" content=\"image\/jpeg\" \/>\n<meta name=\"author\" content=\"thomas.berner\" \/>\n<meta name=\"twitter:card\" content=\"summary_large_image\" \/>\n<meta name=\"twitter:title\" content=\"#Videokommunikation: Pr\u00fcfstein der digitalen #Transformation\" \/>\n<meta name=\"twitter:description\" content=\"Viele #Callcenter arbeiten heute mit #Videokommunikation. Doch wo und wann macht dieses #Kommunikationsmittel wirklich Sinn?\" \/>\n<meta name=\"twitter:image\" content=\"https:\/\/www.organisator.ch\/wp-content\/uploads\/2020\/11\/Videokommunikation-Pruefstein-der-digitalen-Transformation-1_Organisator.jpg\" \/>\n<script type=\"application\/ld+json\" class=\"yoast-schema-graph\">{\"@context\":\"https:\\\/\\\/schema.org\",\"@graph\":[{\"@type\":\"Article\",\"@id\":\"https:\\\/\\\/www.organisator.ch\\\/marketing\\\/2020-11-06\\\/videokommunikation-pruefstein-der-digitalen-transformation\\\/#article\",\"isPartOf\":{\"@id\":\"https:\\\/\\\/www.organisator.ch\\\/marketing\\\/2020-11-06\\\/videokommunikation-pruefstein-der-digitalen-transformation\\\/\"},\"author\":{\"name\":\"thomas.berner\",\"@id\":\"https:\\\/\\\/www.organisator.ch\\\/#\\\/schema\\\/person\\\/6f650f90b2842cd4c0cc334b4e36f67e\"},\"headline\":\"Videokommunikation: Pr\u00fcfstein der digitalen Transformation\",\"datePublished\":\"2020-11-06T12:15:53+00:00\",\"mainEntityOfPage\":{\"@id\":\"https:\\\/\\\/www.organisator.ch\\\/marketing\\\/2020-11-06\\\/videokommunikation-pruefstein-der-digitalen-transformation\\\/\"},\"wordCount\":607,\"publisher\":{\"@id\":\"https:\\\/\\\/www.organisator.ch\\\/#organization\"},\"image\":{\"@id\":\"https:\\\/\\\/www.organisator.ch\\\/marketing\\\/2020-11-06\\\/videokommunikation-pruefstein-der-digitalen-transformation\\\/#primaryimage\"},\"thumbnailUrl\":\"https:\\\/\\\/www.organisator.ch\\\/wp-content\\\/uploads\\\/2020\\\/11\\\/Videokommunikation-Pruefstein-der-digitalen-Transformation-1_Organisator.jpg\",\"keywords\":[\"Digitalisierung\",\"Kommunikation\",\"Marketing\"],\"articleSection\":[\"MARKETING\"],\"inLanguage\":\"de\"},{\"@type\":\"WebPage\",\"@id\":\"https:\\\/\\\/www.organisator.ch\\\/marketing\\\/2020-11-06\\\/videokommunikation-pruefstein-der-digitalen-transformation\\\/\",\"url\":\"https:\\\/\\\/www.organisator.ch\\\/marketing\\\/2020-11-06\\\/videokommunikation-pruefstein-der-digitalen-transformation\\\/\",\"name\":\"Videokommunikation: Pr\u00fcfstein der digitalen Transformation - Organisator\",\"isPartOf\":{\"@id\":\"https:\\\/\\\/www.organisator.ch\\\/#website\"},\"primaryImageOfPage\":{\"@id\":\"https:\\\/\\\/www.organisator.ch\\\/marketing\\\/2020-11-06\\\/videokommunikation-pruefstein-der-digitalen-transformation\\\/#primaryimage\"},\"image\":{\"@id\":\"https:\\\/\\\/www.organisator.ch\\\/marketing\\\/2020-11-06\\\/videokommunikation-pruefstein-der-digitalen-transformation\\\/#primaryimage\"},\"thumbnailUrl\":\"https:\\\/\\\/www.organisator.ch\\\/wp-content\\\/uploads\\\/2020\\\/11\\\/Videokommunikation-Pruefstein-der-digitalen-Transformation-1_Organisator.jpg\",\"datePublished\":\"2020-11-06T12:15:53+00:00\",\"description\":\"Viele Callcenter arbeiten heute mit Videokommunikation. Doch wo und wann macht dieses Kommunikationsmittel wirklich Sinn?\",\"breadcrumb\":{\"@id\":\"https:\\\/\\\/www.organisator.ch\\\/marketing\\\/2020-11-06\\\/videokommunikation-pruefstein-der-digitalen-transformation\\\/#breadcrumb\"},\"inLanguage\":\"de\",\"potentialAction\":[{\"@type\":\"ReadAction\",\"target\":[\"https:\\\/\\\/www.organisator.ch\\\/marketing\\\/2020-11-06\\\/videokommunikation-pruefstein-der-digitalen-transformation\\\/\"]}]},{\"@type\":\"ImageObject\",\"inLanguage\":\"de\",\"@id\":\"https:\\\/\\\/www.organisator.ch\\\/marketing\\\/2020-11-06\\\/videokommunikation-pruefstein-der-digitalen-transformation\\\/#primaryimage\",\"url\":\"https:\\\/\\\/www.organisator.ch\\\/wp-content\\\/uploads\\\/2020\\\/11\\\/Videokommunikation-Pruefstein-der-digitalen-Transformation-1_Organisator.jpg\",\"contentUrl\":\"https:\\\/\\\/www.organisator.ch\\\/wp-content\\\/uploads\\\/2020\\\/11\\\/Videokommunikation-Pruefstein-der-digitalen-Transformation-1_Organisator.jpg\",\"width\":681,\"height\":625,\"caption\":\"Videokommunikation ist immer mehr ein wichtiges Tool f\u00fcr die Interaktion mit Kunden. (Bild: zVg)\"},{\"@type\":\"BreadcrumbList\",\"@id\":\"https:\\\/\\\/www.organisator.ch\\\/marketing\\\/2020-11-06\\\/videokommunikation-pruefstein-der-digitalen-transformation\\\/#breadcrumb\",\"itemListElement\":[{\"@type\":\"ListItem\",\"position\":1,\"name\":\"Home\",\"item\":\"https:\\\/\\\/www.organisator.ch\\\/\"},{\"@type\":\"ListItem\",\"position\":2,\"name\":\"Videokommunikation: Pr\u00fcfstein der digitalen Transformation\"}]},{\"@type\":\"WebSite\",\"@id\":\"https:\\\/\\\/www.organisator.ch\\\/#website\",\"url\":\"https:\\\/\\\/www.organisator.ch\\\/\",\"name\":\"Organisator\",\"description\":\"Kompetent. Praxisnah. Der ORGANISATOR bereitet in 10 Ausgaben pro Jahr die wesentlichen Themen f\u00fcr F\u00fchrungskr\u00e4fte von KMU auf.\",\"publisher\":{\"@id\":\"https:\\\/\\\/www.organisator.ch\\\/#organization\"},\"potentialAction\":[{\"@type\":\"SearchAction\",\"target\":{\"@type\":\"EntryPoint\",\"urlTemplate\":\"https:\\\/\\\/www.organisator.ch\\\/?s={search_term_string}\"},\"query-input\":{\"@type\":\"PropertyValueSpecification\",\"valueRequired\":true,\"valueName\":\"search_term_string\"}}],\"inLanguage\":\"de\"},{\"@type\":\"Organization\",\"@id\":\"https:\\\/\\\/www.organisator.ch\\\/#organization\",\"name\":\"Organisator\",\"url\":\"https:\\\/\\\/www.organisator.ch\\\/\",\"logo\":{\"@type\":\"ImageObject\",\"inLanguage\":\"de\",\"@id\":\"https:\\\/\\\/www.organisator.ch\\\/#\\\/schema\\\/logo\\\/image\\\/\",\"url\":\"https:\\\/\\\/www.organisator.ch\\\/wp-content\\\/uploads\\\/2022\\\/01\\\/Logo_Organisator_Website.png\",\"contentUrl\":\"https:\\\/\\\/www.organisator.ch\\\/wp-content\\\/uploads\\\/2022\\\/01\\\/Logo_Organisator_Website.png\",\"width\":800,\"height\":77,\"caption\":\"Organisator\"},\"image\":{\"@id\":\"https:\\\/\\\/www.organisator.ch\\\/#\\\/schema\\\/logo\\\/image\\\/\"},\"sameAs\":[\"https:\\\/\\\/www.facebook.com\\\/OrganisatorFachmagazin\",\"https:\\\/\\\/www.linkedin.com\\\/showcase\\\/organisator-das-magazin-fr-kmu\",\"https:\\\/\\\/www.xing.com\\\/news\\\/pages\\\/organisator-ch-695\",\"https:\\\/\\\/www.youtube.com\\\/channel\\\/UCGP2Sq0iWaZwT3BdIAQFYpw\"]},{\"@type\":\"Person\",\"@id\":\"https:\\\/\\\/www.organisator.ch\\\/#\\\/schema\\\/person\\\/6f650f90b2842cd4c0cc334b4e36f67e\",\"name\":\"thomas.berner\",\"image\":{\"@type\":\"ImageObject\",\"inLanguage\":\"de\",\"@id\":\"https:\\\/\\\/secure.gravatar.com\\\/avatar\\\/ac5001d2a36cb6c6cd3e50789007ffca834b477b74a2144564522e944eabff61?s=96&d=mm&r=g\",\"url\":\"https:\\\/\\\/secure.gravatar.com\\\/avatar\\\/ac5001d2a36cb6c6cd3e50789007ffca834b477b74a2144564522e944eabff61?s=96&d=mm&r=g\",\"contentUrl\":\"https:\\\/\\\/secure.gravatar.com\\\/avatar\\\/ac5001d2a36cb6c6cd3e50789007ffca834b477b74a2144564522e944eabff61?s=96&d=mm&r=g\",\"caption\":\"thomas.berner\"},\"url\":\"https:\\\/\\\/www.organisator.ch\\\/de\\\/author\\\/thomas-berner\\\/\"}]}<\/script>\n<!-- \/ Yoast SEO plugin. -->","yoast_head_json":{"title":"Videokommunikation: Pr\u00fcfstein der digitalen Transformation - Organisator","description":"Viele Callcenter arbeiten heute mit Videokommunikation. Doch wo und wann macht dieses Kommunikationsmittel wirklich Sinn?","robots":{"index":"index","follow":"follow","max-snippet":"max-snippet:-1","max-image-preview":"max-image-preview:large","max-video-preview":"max-video-preview:-1"},"canonical":"https:\/\/www.organisator.ch\/de\/marketing\/2020-11-06\/videokommunikation-pruefstein-der-digitalen-transformation\/","og_locale":"de_DE","og_type":"article","og_title":"Videokommunikation: Pr\u00fcfstein der digitalen Transformation","og_description":"Viele Callcenter arbeiten heute mit Videokommunikation. Doch wo und wann macht dieses Kommunikationsmittel wirklich Sinn?","og_url":"https:\/\/www.organisator.ch\/de\/marketing\/2020-11-06\/videokommunikation-pruefstein-der-digitalen-transformation\/","og_site_name":"Organisator","article_publisher":"https:\/\/www.facebook.com\/OrganisatorFachmagazin","article_published_time":"2020-11-06T12:15:53+00:00","og_image":[{"width":681,"height":625,"url":"https:\/\/www.organisator.ch\/wp-content\/uploads\/2020\/11\/Videokommunikation-Pruefstein-der-digitalen-Transformation-1_Organisator.jpg","type":"image\/jpeg"}],"author":"thomas.berner","twitter_card":"summary_large_image","twitter_title":"#Videokommunikation: Pr\u00fcfstein der digitalen #Transformation","twitter_description":"Viele #Callcenter arbeiten heute mit #Videokommunikation. Doch wo und wann macht dieses #Kommunikationsmittel wirklich Sinn?","twitter_image":"https:\/\/www.organisator.ch\/wp-content\/uploads\/2020\/11\/Videokommunikation-Pruefstein-der-digitalen-Transformation-1_Organisator.jpg","schema":{"@context":"https:\/\/schema.org","@graph":[{"@type":"Article","@id":"https:\/\/www.organisator.ch\/marketing\/2020-11-06\/videokommunikation-pruefstein-der-digitalen-transformation\/#article","isPartOf":{"@id":"https:\/\/www.organisator.ch\/marketing\/2020-11-06\/videokommunikation-pruefstein-der-digitalen-transformation\/"},"author":{"name":"thomas.berner","@id":"https:\/\/www.organisator.ch\/#\/schema\/person\/6f650f90b2842cd4c0cc334b4e36f67e"},"headline":"Videokommunikation: Pr\u00fcfstein der digitalen Transformation","datePublished":"2020-11-06T12:15:53+00:00","mainEntityOfPage":{"@id":"https:\/\/www.organisator.ch\/marketing\/2020-11-06\/videokommunikation-pruefstein-der-digitalen-transformation\/"},"wordCount":607,"publisher":{"@id":"https:\/\/www.organisator.ch\/#organization"},"image":{"@id":"https:\/\/www.organisator.ch\/marketing\/2020-11-06\/videokommunikation-pruefstein-der-digitalen-transformation\/#primaryimage"},"thumbnailUrl":"https:\/\/www.organisator.ch\/wp-content\/uploads\/2020\/11\/Videokommunikation-Pruefstein-der-digitalen-Transformation-1_Organisator.jpg","keywords":["Digitalisierung","Kommunikation","Marketing"],"articleSection":["MARKETING"],"inLanguage":"de"},{"@type":"WebPage","@id":"https:\/\/www.organisator.ch\/marketing\/2020-11-06\/videokommunikation-pruefstein-der-digitalen-transformation\/","url":"https:\/\/www.organisator.ch\/marketing\/2020-11-06\/videokommunikation-pruefstein-der-digitalen-transformation\/","name":"Videokommunikation: Pr\u00fcfstein der digitalen Transformation - Organisator","isPartOf":{"@id":"https:\/\/www.organisator.ch\/#website"},"primaryImageOfPage":{"@id":"https:\/\/www.organisator.ch\/marketing\/2020-11-06\/videokommunikation-pruefstein-der-digitalen-transformation\/#primaryimage"},"image":{"@id":"https:\/\/www.organisator.ch\/marketing\/2020-11-06\/videokommunikation-pruefstein-der-digitalen-transformation\/#primaryimage"},"thumbnailUrl":"https:\/\/www.organisator.ch\/wp-content\/uploads\/2020\/11\/Videokommunikation-Pruefstein-der-digitalen-Transformation-1_Organisator.jpg","datePublished":"2020-11-06T12:15:53+00:00","description":"Viele Callcenter arbeiten heute mit Videokommunikation. Doch wo und wann macht dieses Kommunikationsmittel wirklich Sinn?","breadcrumb":{"@id":"https:\/\/www.organisator.ch\/marketing\/2020-11-06\/videokommunikation-pruefstein-der-digitalen-transformation\/#breadcrumb"},"inLanguage":"de","potentialAction":[{"@type":"ReadAction","target":["https:\/\/www.organisator.ch\/marketing\/2020-11-06\/videokommunikation-pruefstein-der-digitalen-transformation\/"]}]},{"@type":"ImageObject","inLanguage":"de","@id":"https:\/\/www.organisator.ch\/marketing\/2020-11-06\/videokommunikation-pruefstein-der-digitalen-transformation\/#primaryimage","url":"https:\/\/www.organisator.ch\/wp-content\/uploads\/2020\/11\/Videokommunikation-Pruefstein-der-digitalen-Transformation-1_Organisator.jpg","contentUrl":"https:\/\/www.organisator.ch\/wp-content\/uploads\/2020\/11\/Videokommunikation-Pruefstein-der-digitalen-Transformation-1_Organisator.jpg","width":681,"height":625,"caption":"Videokommunikation ist immer mehr ein wichtiges Tool f\u00fcr die Interaktion mit Kunden. (Bild: zVg)"},{"@type":"BreadcrumbList","@id":"https:\/\/www.organisator.ch\/marketing\/2020-11-06\/videokommunikation-pruefstein-der-digitalen-transformation\/#breadcrumb","itemListElement":[{"@type":"ListItem","position":1,"name":"Home","item":"https:\/\/www.organisator.ch\/"},{"@type":"ListItem","position":2,"name":"Videokommunikation: Pr\u00fcfstein der digitalen Transformation"}]},{"@type":"WebSite","@id":"https:\/\/www.organisator.ch\/#website","url":"https:\/\/www.organisator.ch\/","name":"Organisator","description":"Kompetent. Praxisnah. Der ORGANISATOR bereitet in 10 Ausgaben pro Jahr die wesentlichen Themen f\u00fcr F\u00fchrungskr\u00e4fte von KMU auf.","publisher":{"@id":"https:\/\/www.organisator.ch\/#organization"},"potentialAction":[{"@type":"SearchAction","target":{"@type":"EntryPoint","urlTemplate":"https:\/\/www.organisator.ch\/?s={search_term_string}"},"query-input":{"@type":"PropertyValueSpecification","valueRequired":true,"valueName":"search_term_string"}}],"inLanguage":"de"},{"@type":"Organization","@id":"https:\/\/www.organisator.ch\/#organization","name":"Organisator","url":"https:\/\/www.organisator.ch\/","logo":{"@type":"ImageObject","inLanguage":"de","@id":"https:\/\/www.organisator.ch\/#\/schema\/logo\/image\/","url":"https:\/\/www.organisator.ch\/wp-content\/uploads\/2022\/01\/Logo_Organisator_Website.png","contentUrl":"https:\/\/www.organisator.ch\/wp-content\/uploads\/2022\/01\/Logo_Organisator_Website.png","width":800,"height":77,"caption":"Organisator"},"image":{"@id":"https:\/\/www.organisator.ch\/#\/schema\/logo\/image\/"},"sameAs":["https:\/\/www.facebook.com\/OrganisatorFachmagazin","https:\/\/www.linkedin.com\/showcase\/organisator-das-magazin-fr-kmu","https:\/\/www.xing.com\/news\/pages\/organisator-ch-695","https:\/\/www.youtube.com\/channel\/UCGP2Sq0iWaZwT3BdIAQFYpw"]},{"@type":"Person","@id":"https:\/\/www.organisator.ch\/#\/schema\/person\/6f650f90b2842cd4c0cc334b4e36f67e","name":"thomas.berner","image":{"@type":"ImageObject","inLanguage":"de","@id":"https:\/\/secure.gravatar.com\/avatar\/ac5001d2a36cb6c6cd3e50789007ffca834b477b74a2144564522e944eabff61?s=96&d=mm&r=g","url":"https:\/\/secure.gravatar.com\/avatar\/ac5001d2a36cb6c6cd3e50789007ffca834b477b74a2144564522e944eabff61?s=96&d=mm&r=g","contentUrl":"https:\/\/secure.gravatar.com\/avatar\/ac5001d2a36cb6c6cd3e50789007ffca834b477b74a2144564522e944eabff61?s=96&d=mm&r=g","caption":"thomas.berner"},"url":"https:\/\/www.organisator.ch\/de\/author\/thomas-berner\/"}]}},"_links":{"self":[{"href":"https:\/\/www.organisator.ch\/de\/wp-json\/wp\/v2\/posts\/7301","targetHints":{"allow":["GET"]}}],"collection":[{"href":"https:\/\/www.organisator.ch\/de\/wp-json\/wp\/v2\/posts"}],"about":[{"href":"https:\/\/www.organisator.ch\/de\/wp-json\/wp\/v2\/types\/post"}],"author":[{"embeddable":true,"href":"https:\/\/www.organisator.ch\/de\/wp-json\/wp\/v2\/users\/4"}],"replies":[{"embeddable":true,"href":"https:\/\/www.organisator.ch\/de\/wp-json\/wp\/v2\/comments?post=7301"}],"version-history":[{"count":0,"href":"https:\/\/www.organisator.ch\/de\/wp-json\/wp\/v2\/posts\/7301\/revisions"}],"wp:featuredmedia":[{"embeddable":true,"href":"https:\/\/www.organisator.ch\/de\/wp-json\/wp\/v2\/media\/7305"}],"wp:attachment":[{"href":"https:\/\/www.organisator.ch\/de\/wp-json\/wp\/v2\/media?parent=7301"}],"wp:term":[{"taxonomy":"category","embeddable":true,"href":"https:\/\/www.organisator.ch\/de\/wp-json\/wp\/v2\/categories?post=7301"},{"taxonomy":"post_tag","embeddable":true,"href":"https:\/\/www.organisator.ch\/de\/wp-json\/wp\/v2\/tags?post=7301"}],"curies":[{"name":"wp","href":"https:\/\/api.w.org\/{rel}","templated":true}]}}