{"id":7316,"date":"2020-11-10T15:16:19","date_gmt":"2020-11-10T14:16:19","guid":{"rendered":"https:\/\/www.organisator.ch\/?p=7316"},"modified":"2020-11-10T15:16:19","modified_gmt":"2020-11-10T14:16:19","slug":"zeit-wird-fuer-arbeitnehmer-immer-wichtiger","status":"publish","type":"post","link":"https:\/\/www.organisator.ch\/de\/human-resources\/hrm\/2020-11-10\/zeit-wird-fuer-arbeitnehmer-immer-wichtiger\/","title":{"rendered":"Zeit wird f\u00fcr Arbeitnehmer immer wichtiger"},"content":{"rendered":"<figure id=\"attachment_7317\" aria-describedby=\"caption-attachment-7317\" style=\"width: 680px\" class=\"wp-caption alignnone\"><img loading=\"lazy\" decoding=\"async\" class=\"size-medium wp-image-7317\" src=\"https:\/\/www.organisator.ch\/wp-content\/uploads\/2020\/11\/Zeit-wird-fuer-Arbeitnehmer-immer-wichtiger_Organisator.jpg\" alt=\"\" width=\"680\" height=\"453\" srcset=\"https:\/\/www.organisator.ch\/wp-content\/uploads\/2020\/11\/Zeit-wird-fuer-Arbeitnehmer-immer-wichtiger_Organisator.jpg 680w, https:\/\/www.organisator.ch\/wp-content\/uploads\/2020\/11\/Zeit-wird-fuer-Arbeitnehmer-immer-wichtiger_Organisator-16x12.jpg 16w, https:\/\/www.organisator.ch\/wp-content\/uploads\/2020\/11\/Zeit-wird-fuer-Arbeitnehmer-immer-wichtiger_Organisator-263x175.jpg 263w, https:\/\/www.organisator.ch\/wp-content\/uploads\/2020\/11\/Zeit-wird-fuer-Arbeitnehmer-immer-wichtiger_Organisator-525x350.jpg 525w, https:\/\/www.organisator.ch\/wp-content\/uploads\/2020\/11\/Zeit-wird-fuer-Arbeitnehmer-immer-wichtiger_Organisator-300x200.jpg 300w\" sizes=\"auto, (max-width: 680px) 100vw, 680px\" \/><figcaption id=\"caption-attachment-7317\" class=\"wp-caption-text\">Zeit ist das neue Geld: Vielleicht in Form einer verk\u00fcrzten Arbeitswoche? (Bild: Pixabay.com)<\/figcaption><\/figure>\n<p>Die Arbeitswelt hat sich in der Krise ver\u00e4ndert. Sowohl Arbeitnehmer als auch Arbeitgeber haben sich flexibleren Arbeitsmodellen angepasst. Wer dabei nicht mit der Zeit geht, riskiert den Verlust von Fachkr\u00e4ften. Viele Unternehmen wissen um dieses Problem. Die aktuelle Arbeitsmarktstudie des Personaldienstleisters Robert Half zeigt: Bereits 61 % aller F\u00fchrungskr\u00e4fte bieten ihren Mitarbeitern seit Beginn der Pandemie neue Zusatzleistungen an. Eine grosse Rolle dabei spielen alternative Arbeitsmodelle.<\/p>\n<h2><strong>Verk\u00fcrzte Arbeitswoche und Job-Sharing: Ist Zeit das neue Geld?<\/strong><\/h2>\n<p>Eine verk\u00fcrzte Arbeitswoche ist ein Weg, Arbeitnehmern zus\u00e4tzliche freie Zeit zu gew\u00e4hren. Die Idee: Statt die Arbeitszeit auf die \u00fcblichen f\u00fcnf Tage zu verteilen, leisten Angestellte diese beispielsweise in einer Vier-Tage-Arbeitswoche \u2013 und haben daf\u00fcr einen freien Tag gewonnen. Immerhin bieten schon 52 % aller Befragten ein solches Modell infolge der Coronakrise an \u2013 oder m\u00f6chten es noch einf\u00fchren. 40 % scheinen diesem Modell jedoch kritisch gegen\u00fcber zu stehen und sehen von einer verk\u00fcrzten Arbeitswoche bei gleicher Arbeitszeit ab.<\/p>\n<p>Auch das Thema Job-Sharing, bei dem sich zwei Besch\u00e4ftigte eine Vollzeitstelle teilen, st\u00f6sst bei fast der H\u00e4lfte aller Befragten (47 %) auf Ablehnung. Fast genauso viele (46 %) bef\u00fcrworten dieses Modell allerdings. \u201eFlexible Arbeitsmodelle machen Unternehmen f\u00fcr hochqualifizierte Fachkr\u00e4fte attraktiv und helfen, bestehende Mitarbeiter zu binden. Um auf den volatilen Arbeitsm\u00e4rkten weiterhin als interessanter Arbeitgeber bestehen zu k\u00f6nnen, ist eine \u00dcberpr\u00fcfung und eventuelle \u00dcberarbeitung der eigenen Benefits sinnvoll\u201c, sagt Zerrin Azeri, Associate Director bei Robert Half.<\/p>\n<h2><strong>Home-Office als L\u00f6sung zur Verbesserung der Work-Life-Balance <\/strong><\/h2>\n<p>Hoch im Kurs steht seit Beginn der Pandemie die M\u00f6glichkeit, im Home-Office zu arbeiten. 71 % aller Befragten bieten ihren Mitarbeitern die M\u00f6glichkeit der Remote- oder Telearbeit. Auch das Thema Gleitzeit ist bei vielen Befragten (61 %) inzwischen ein bew\u00e4hrtes Mittel, um die Angestellten zu entlasten und flexiblere Arbeitszeiten zu erm\u00f6glichen. \u201eHome-Office ist durch die Pandemie in vielen Unternehmen zur Notwendigkeit geworden, um den Betrieb aufrechtzuerhalten. Die Bedenken dagegen haben sich nicht best\u00e4tigt. Im Gegenteil, Remote Work f\u00fchrt zu zufriedeneren Mitarbeitern und h\u00f6herer Produktivit\u00e4t. Im Recruiting wirkt sich dieses Angebot ebenfalls positiv aus\u201c, so Azeri.<\/p>\n<p>Laut Befragung sind zudem zus\u00e4tzliche bezahlte Urlaubstage f\u00fcr 37 % aller F\u00fchrungskr\u00e4fte eine M\u00f6glichkeit, ihre Mitarbeiter an das Unternehmen zu binden und den Arbeitsplatz attraktiver zu gestalten. Aber auch eine nicht an den Arbeitsplatz gebundene Kinderbetreuung (32 %) geh\u00f6rt inzwischen zu den g\u00e4ngigen Benefits.<\/p>\n<h2><strong>Trotz Krise: Mehr als die H\u00e4lfte aller Manager glaubt an stabile Geh\u00e4lter<\/strong><\/h2>\n<p>Benefits werden f\u00fcr Unternehmen zunehmend wichtiger. Trotzdem spielt auch weiterhin das Gehalt eine wesentliche Rolle, um Fachkr\u00e4fte zu gewinnen und zu halten. Mehr als die H\u00e4lfte aller F\u00fchrungskr\u00e4fte ist der Ansicht, dass die Geh\u00e4lter weiterhin stabil bleiben. Das geht aus der aktuellen <a href=\"https:\/\/u7061146.ct.sendgrid.net\/ls\/click?upn=4tNED-2FM8iDZJQyQ53jATURF-2BeyawLRZfSBUQQY1L39Z8roKlwWTleMm087PySNR74-Tf_cGe9W5K-2FCqFb2N07halzpMHUUfPBCEQpnPtMccoXAU149YFoXzNQr1JSyM49unTnbE3vdHZn-2BHA-2Fjo8HNeWW6eH052Yl8LKciJEXAaTJr-2FASoxGLQQLOizA9mcJWb4Q1pCs-2FdLXOqcq5I3l21fv0xoot7y5ntgVgCSml5yUQEhEkmh8m8igEFz-2BicYz5x9eHELCk6zvMiy7OLASlvIoDXl-2FUw3h2hJZzQJ8k02ih1a8HIZCbBRRF9jAqPoTOpSiDCFnutHP9jpQnzHCjeGmaZZHgbrovFSkv0N-2FhkEspuMLC9gDpiMkitiPQAI6BFK5US4dDHsV0zdr9aP5ewUXecEl-2BWsF5SYk9w-2FduRySk7rg-3D\">Gehalts\u00fcbersicht 2021 von Robert Half<\/a> hervor, die Mitte Oktober erschienen ist. Dar\u00fcber hinaus zeigt sie, wie sich die Bed\u00fcrfnisse der Branchen ver\u00e4ndern, welche Skills gefragt sind und welche Geh\u00e4lter durchschnittlich in der Schweiz gezahlt werden.<\/p>\n<p><em>Quelle: <a href=\"http:\/\/www.roberthalf.ch\">Robert Half<\/a><\/em><\/p>\n","protected":false},"excerpt":{"rendered":"<p>Die Arbeitswelt hat sich in der Krise ver\u00e4ndert. Sowohl Arbeitnehmer als auch Arbeitgeber haben sich flexibleren Arbeitsmodellen angepasst. Wer dabei nicht mit der Zeit geht, riskiert den Verlust von Fachkr\u00e4ften. Viele Unternehmen wissen um dieses Problem. Die aktuelle Arbeitsmarktstudie des Personaldienstleisters Robert Half zeigt: Bereits 61 % aller F\u00fchrungskr\u00e4fte bieten ihren Mitarbeitern seit Beginn der [&hellip;]<\/p>\n","protected":false},"author":4,"featured_media":7317,"comment_status":"closed","ping_status":"closed","sticky":false,"template":"","format":"standard","meta":{"_acf_changed":false,"_yoast_wpseo_focuskw":"Zeit","_yoast_wpseo_metadesc":"Zeit ist das neue Geld: Nur wer passende Zusatzleistungen bietet, bindet langfristig Fachkr\u00e4fte. Dies meint der Personaldienstleister Robert Half.","articlekey":"","footnotes":""},"categories":[26],"tags":[254,363,459],"class_list":["post-7316","post","type-post","status-publish","format-standard","has-post-thumbnail","hentry","category-hrm","tag-hrm","tag-new-work","tag-studie"],"acf":[],"yoast_head":"<!-- This site is optimized with the Yoast SEO plugin v27.4 - https:\/\/yoast.com\/product\/yoast-seo-wordpress\/ -->\n<title>Zeit wird f\u00fcr Arbeitnehmer immer wichtiger - Organisator<\/title>\n<meta name=\"description\" content=\"Zeit ist das neue Geld: Nur wer passende Zusatzleistungen bietet, bindet langfristig Fachkr\u00e4fte. Dies meint der Personaldienstleister Robert Half.\" \/>\n<meta name=\"robots\" content=\"index, follow, max-snippet:-1, max-image-preview:large, max-video-preview:-1\" \/>\n<link rel=\"canonical\" href=\"https:\/\/www.organisator.ch\/de\/human-resources\/hrm\/2020-11-10\/zeit-wird-fuer-arbeitnehmer-immer-wichtiger\/\" \/>\n<meta property=\"og:locale\" content=\"de_DE\" \/>\n<meta property=\"og:type\" content=\"article\" \/>\n<meta property=\"og:title\" content=\"Zeit wird f\u00fcr Arbeitnehmer immer wichtiger\" \/>\n<meta property=\"og:description\" content=\"Zeit ist das neue Geld: Nur wer passende Zusatzleistungen bietet, bindet langfristig Fachkr\u00e4fte. Dies meint der Personaldienstleister Robert Half.\" \/>\n<meta property=\"og:url\" content=\"https:\/\/www.organisator.ch\/de\/human-resources\/hrm\/2020-11-10\/zeit-wird-fuer-arbeitnehmer-immer-wichtiger\/\" \/>\n<meta property=\"og:site_name\" content=\"Organisator\" \/>\n<meta property=\"article:publisher\" content=\"https:\/\/www.facebook.com\/OrganisatorFachmagazin\" \/>\n<meta property=\"article:published_time\" content=\"2020-11-10T14:16:19+00:00\" \/>\n<meta property=\"og:image\" content=\"https:\/\/www.organisator.ch\/wp-content\/uploads\/2020\/11\/Zeit-wird-fuer-Arbeitnehmer-immer-wichtiger_Organisator.jpg\" \/>\n\t<meta property=\"og:image:width\" content=\"680\" \/>\n\t<meta property=\"og:image:height\" content=\"453\" \/>\n\t<meta property=\"og:image:type\" content=\"image\/jpeg\" \/>\n<meta name=\"author\" content=\"thomas.berner\" \/>\n<meta name=\"twitter:card\" content=\"summary_large_image\" \/>\n<meta name=\"twitter:title\" content=\"#Zeit wird f\u00fcr #Arbeitnehmer immer wichtiger\" \/>\n<meta name=\"twitter:description\" content=\"#Zeit ist das neue Geld: Nur wer passende #Zusatzleistungen bietet, bindet langfristig Fachkr\u00e4fte. Dies meint der #Personaldienstleister Robert Half.\" \/>\n<meta name=\"twitter:image\" content=\"https:\/\/www.organisator.ch\/wp-content\/uploads\/2020\/11\/Zeit-wird-fuer-Arbeitnehmer-immer-wichtiger_Organisator.jpg\" \/>\n<script type=\"application\/ld+json\" class=\"yoast-schema-graph\">{\"@context\":\"https:\\\/\\\/schema.org\",\"@graph\":[{\"@type\":\"Article\",\"@id\":\"https:\\\/\\\/www.organisator.ch\\\/human-resources\\\/hrm\\\/2020-11-10\\\/zeit-wird-fuer-arbeitnehmer-immer-wichtiger\\\/#article\",\"isPartOf\":{\"@id\":\"https:\\\/\\\/www.organisator.ch\\\/human-resources\\\/hrm\\\/2020-11-10\\\/zeit-wird-fuer-arbeitnehmer-immer-wichtiger\\\/\"},\"author\":{\"name\":\"thomas.berner\",\"@id\":\"https:\\\/\\\/www.organisator.ch\\\/#\\\/schema\\\/person\\\/6f650f90b2842cd4c0cc334b4e36f67e\"},\"headline\":\"Zeit wird f\u00fcr Arbeitnehmer immer wichtiger\",\"datePublished\":\"2020-11-10T14:16:19+00:00\",\"mainEntityOfPage\":{\"@id\":\"https:\\\/\\\/www.organisator.ch\\\/human-resources\\\/hrm\\\/2020-11-10\\\/zeit-wird-fuer-arbeitnehmer-immer-wichtiger\\\/\"},\"wordCount\":528,\"publisher\":{\"@id\":\"https:\\\/\\\/www.organisator.ch\\\/#organization\"},\"image\":{\"@id\":\"https:\\\/\\\/www.organisator.ch\\\/human-resources\\\/hrm\\\/2020-11-10\\\/zeit-wird-fuer-arbeitnehmer-immer-wichtiger\\\/#primaryimage\"},\"thumbnailUrl\":\"https:\\\/\\\/www.organisator.ch\\\/wp-content\\\/uploads\\\/2020\\\/11\\\/Zeit-wird-fuer-Arbeitnehmer-immer-wichtiger_Organisator.jpg\",\"keywords\":[\"HRM\",\"New Work\",\"Studie\"],\"articleSection\":[\"HRM\"],\"inLanguage\":\"de\"},{\"@type\":\"WebPage\",\"@id\":\"https:\\\/\\\/www.organisator.ch\\\/human-resources\\\/hrm\\\/2020-11-10\\\/zeit-wird-fuer-arbeitnehmer-immer-wichtiger\\\/\",\"url\":\"https:\\\/\\\/www.organisator.ch\\\/human-resources\\\/hrm\\\/2020-11-10\\\/zeit-wird-fuer-arbeitnehmer-immer-wichtiger\\\/\",\"name\":\"Zeit wird f\u00fcr Arbeitnehmer immer wichtiger - Organisator\",\"isPartOf\":{\"@id\":\"https:\\\/\\\/www.organisator.ch\\\/#website\"},\"primaryImageOfPage\":{\"@id\":\"https:\\\/\\\/www.organisator.ch\\\/human-resources\\\/hrm\\\/2020-11-10\\\/zeit-wird-fuer-arbeitnehmer-immer-wichtiger\\\/#primaryimage\"},\"image\":{\"@id\":\"https:\\\/\\\/www.organisator.ch\\\/human-resources\\\/hrm\\\/2020-11-10\\\/zeit-wird-fuer-arbeitnehmer-immer-wichtiger\\\/#primaryimage\"},\"thumbnailUrl\":\"https:\\\/\\\/www.organisator.ch\\\/wp-content\\\/uploads\\\/2020\\\/11\\\/Zeit-wird-fuer-Arbeitnehmer-immer-wichtiger_Organisator.jpg\",\"datePublished\":\"2020-11-10T14:16:19+00:00\",\"description\":\"Zeit ist das neue Geld: Nur wer passende Zusatzleistungen bietet, bindet langfristig Fachkr\u00e4fte. Dies meint der Personaldienstleister Robert Half.\",\"breadcrumb\":{\"@id\":\"https:\\\/\\\/www.organisator.ch\\\/human-resources\\\/hrm\\\/2020-11-10\\\/zeit-wird-fuer-arbeitnehmer-immer-wichtiger\\\/#breadcrumb\"},\"inLanguage\":\"de\",\"potentialAction\":[{\"@type\":\"ReadAction\",\"target\":[\"https:\\\/\\\/www.organisator.ch\\\/human-resources\\\/hrm\\\/2020-11-10\\\/zeit-wird-fuer-arbeitnehmer-immer-wichtiger\\\/\"]}]},{\"@type\":\"ImageObject\",\"inLanguage\":\"de\",\"@id\":\"https:\\\/\\\/www.organisator.ch\\\/human-resources\\\/hrm\\\/2020-11-10\\\/zeit-wird-fuer-arbeitnehmer-immer-wichtiger\\\/#primaryimage\",\"url\":\"https:\\\/\\\/www.organisator.ch\\\/wp-content\\\/uploads\\\/2020\\\/11\\\/Zeit-wird-fuer-Arbeitnehmer-immer-wichtiger_Organisator.jpg\",\"contentUrl\":\"https:\\\/\\\/www.organisator.ch\\\/wp-content\\\/uploads\\\/2020\\\/11\\\/Zeit-wird-fuer-Arbeitnehmer-immer-wichtiger_Organisator.jpg\",\"width\":680,\"height\":453,\"caption\":\"Zeit ist das neue Geld: Vielleicht in Form einer verk\u00fcrzten Arbeitswoche? (Bild: Pixabay.com)\"},{\"@type\":\"BreadcrumbList\",\"@id\":\"https:\\\/\\\/www.organisator.ch\\\/human-resources\\\/hrm\\\/2020-11-10\\\/zeit-wird-fuer-arbeitnehmer-immer-wichtiger\\\/#breadcrumb\",\"itemListElement\":[{\"@type\":\"ListItem\",\"position\":1,\"name\":\"Home\",\"item\":\"https:\\\/\\\/www.organisator.ch\\\/\"},{\"@type\":\"ListItem\",\"position\":2,\"name\":\"Zeit wird f\u00fcr Arbeitnehmer immer wichtiger\"}]},{\"@type\":\"WebSite\",\"@id\":\"https:\\\/\\\/www.organisator.ch\\\/#website\",\"url\":\"https:\\\/\\\/www.organisator.ch\\\/\",\"name\":\"Organisator\",\"description\":\"Kompetent. Praxisnah. Der ORGANISATOR bereitet in 10 Ausgaben pro Jahr die wesentlichen Themen f\u00fcr F\u00fchrungskr\u00e4fte von KMU auf.\",\"publisher\":{\"@id\":\"https:\\\/\\\/www.organisator.ch\\\/#organization\"},\"potentialAction\":[{\"@type\":\"SearchAction\",\"target\":{\"@type\":\"EntryPoint\",\"urlTemplate\":\"https:\\\/\\\/www.organisator.ch\\\/?s={search_term_string}\"},\"query-input\":{\"@type\":\"PropertyValueSpecification\",\"valueRequired\":true,\"valueName\":\"search_term_string\"}}],\"inLanguage\":\"de\"},{\"@type\":\"Organization\",\"@id\":\"https:\\\/\\\/www.organisator.ch\\\/#organization\",\"name\":\"Organisator\",\"url\":\"https:\\\/\\\/www.organisator.ch\\\/\",\"logo\":{\"@type\":\"ImageObject\",\"inLanguage\":\"de\",\"@id\":\"https:\\\/\\\/www.organisator.ch\\\/#\\\/schema\\\/logo\\\/image\\\/\",\"url\":\"https:\\\/\\\/www.organisator.ch\\\/wp-content\\\/uploads\\\/2022\\\/01\\\/Logo_Organisator_Website.png\",\"contentUrl\":\"https:\\\/\\\/www.organisator.ch\\\/wp-content\\\/uploads\\\/2022\\\/01\\\/Logo_Organisator_Website.png\",\"width\":800,\"height\":77,\"caption\":\"Organisator\"},\"image\":{\"@id\":\"https:\\\/\\\/www.organisator.ch\\\/#\\\/schema\\\/logo\\\/image\\\/\"},\"sameAs\":[\"https:\\\/\\\/www.facebook.com\\\/OrganisatorFachmagazin\",\"https:\\\/\\\/www.linkedin.com\\\/showcase\\\/organisator-das-magazin-fr-kmu\",\"https:\\\/\\\/www.xing.com\\\/news\\\/pages\\\/organisator-ch-695\",\"https:\\\/\\\/www.youtube.com\\\/channel\\\/UCGP2Sq0iWaZwT3BdIAQFYpw\"]},{\"@type\":\"Person\",\"@id\":\"https:\\\/\\\/www.organisator.ch\\\/#\\\/schema\\\/person\\\/6f650f90b2842cd4c0cc334b4e36f67e\",\"name\":\"thomas.berner\",\"image\":{\"@type\":\"ImageObject\",\"inLanguage\":\"de\",\"@id\":\"https:\\\/\\\/secure.gravatar.com\\\/avatar\\\/ac5001d2a36cb6c6cd3e50789007ffca834b477b74a2144564522e944eabff61?s=96&d=mm&r=g\",\"url\":\"https:\\\/\\\/secure.gravatar.com\\\/avatar\\\/ac5001d2a36cb6c6cd3e50789007ffca834b477b74a2144564522e944eabff61?s=96&d=mm&r=g\",\"contentUrl\":\"https:\\\/\\\/secure.gravatar.com\\\/avatar\\\/ac5001d2a36cb6c6cd3e50789007ffca834b477b74a2144564522e944eabff61?s=96&d=mm&r=g\",\"caption\":\"thomas.berner\"},\"url\":\"https:\\\/\\\/www.organisator.ch\\\/de\\\/author\\\/thomas-berner\\\/\"}]}<\/script>\n<!-- \/ Yoast SEO plugin. -->","yoast_head_json":{"title":"Zeit wird f\u00fcr Arbeitnehmer immer wichtiger - Organisator","description":"Zeit ist das neue Geld: Nur wer passende Zusatzleistungen bietet, bindet langfristig Fachkr\u00e4fte. Dies meint der Personaldienstleister Robert Half.","robots":{"index":"index","follow":"follow","max-snippet":"max-snippet:-1","max-image-preview":"max-image-preview:large","max-video-preview":"max-video-preview:-1"},"canonical":"https:\/\/www.organisator.ch\/de\/human-resources\/hrm\/2020-11-10\/zeit-wird-fuer-arbeitnehmer-immer-wichtiger\/","og_locale":"de_DE","og_type":"article","og_title":"Zeit wird f\u00fcr Arbeitnehmer immer wichtiger","og_description":"Zeit ist das neue Geld: Nur wer passende Zusatzleistungen bietet, bindet langfristig Fachkr\u00e4fte. Dies meint der Personaldienstleister Robert Half.","og_url":"https:\/\/www.organisator.ch\/de\/human-resources\/hrm\/2020-11-10\/zeit-wird-fuer-arbeitnehmer-immer-wichtiger\/","og_site_name":"Organisator","article_publisher":"https:\/\/www.facebook.com\/OrganisatorFachmagazin","article_published_time":"2020-11-10T14:16:19+00:00","og_image":[{"width":680,"height":453,"url":"https:\/\/www.organisator.ch\/wp-content\/uploads\/2020\/11\/Zeit-wird-fuer-Arbeitnehmer-immer-wichtiger_Organisator.jpg","type":"image\/jpeg"}],"author":"thomas.berner","twitter_card":"summary_large_image","twitter_title":"#Zeit wird f\u00fcr #Arbeitnehmer immer wichtiger","twitter_description":"#Zeit ist das neue Geld: Nur wer passende #Zusatzleistungen bietet, bindet langfristig Fachkr\u00e4fte. Dies meint der #Personaldienstleister Robert Half.","twitter_image":"https:\/\/www.organisator.ch\/wp-content\/uploads\/2020\/11\/Zeit-wird-fuer-Arbeitnehmer-immer-wichtiger_Organisator.jpg","schema":{"@context":"https:\/\/schema.org","@graph":[{"@type":"Article","@id":"https:\/\/www.organisator.ch\/human-resources\/hrm\/2020-11-10\/zeit-wird-fuer-arbeitnehmer-immer-wichtiger\/#article","isPartOf":{"@id":"https:\/\/www.organisator.ch\/human-resources\/hrm\/2020-11-10\/zeit-wird-fuer-arbeitnehmer-immer-wichtiger\/"},"author":{"name":"thomas.berner","@id":"https:\/\/www.organisator.ch\/#\/schema\/person\/6f650f90b2842cd4c0cc334b4e36f67e"},"headline":"Zeit wird f\u00fcr Arbeitnehmer immer wichtiger","datePublished":"2020-11-10T14:16:19+00:00","mainEntityOfPage":{"@id":"https:\/\/www.organisator.ch\/human-resources\/hrm\/2020-11-10\/zeit-wird-fuer-arbeitnehmer-immer-wichtiger\/"},"wordCount":528,"publisher":{"@id":"https:\/\/www.organisator.ch\/#organization"},"image":{"@id":"https:\/\/www.organisator.ch\/human-resources\/hrm\/2020-11-10\/zeit-wird-fuer-arbeitnehmer-immer-wichtiger\/#primaryimage"},"thumbnailUrl":"https:\/\/www.organisator.ch\/wp-content\/uploads\/2020\/11\/Zeit-wird-fuer-Arbeitnehmer-immer-wichtiger_Organisator.jpg","keywords":["HRM","New Work","Studie"],"articleSection":["HRM"],"inLanguage":"de"},{"@type":"WebPage","@id":"https:\/\/www.organisator.ch\/human-resources\/hrm\/2020-11-10\/zeit-wird-fuer-arbeitnehmer-immer-wichtiger\/","url":"https:\/\/www.organisator.ch\/human-resources\/hrm\/2020-11-10\/zeit-wird-fuer-arbeitnehmer-immer-wichtiger\/","name":"Zeit wird f\u00fcr Arbeitnehmer immer wichtiger - Organisator","isPartOf":{"@id":"https:\/\/www.organisator.ch\/#website"},"primaryImageOfPage":{"@id":"https:\/\/www.organisator.ch\/human-resources\/hrm\/2020-11-10\/zeit-wird-fuer-arbeitnehmer-immer-wichtiger\/#primaryimage"},"image":{"@id":"https:\/\/www.organisator.ch\/human-resources\/hrm\/2020-11-10\/zeit-wird-fuer-arbeitnehmer-immer-wichtiger\/#primaryimage"},"thumbnailUrl":"https:\/\/www.organisator.ch\/wp-content\/uploads\/2020\/11\/Zeit-wird-fuer-Arbeitnehmer-immer-wichtiger_Organisator.jpg","datePublished":"2020-11-10T14:16:19+00:00","description":"Zeit ist das neue Geld: Nur wer passende Zusatzleistungen bietet, bindet langfristig Fachkr\u00e4fte. Dies meint der Personaldienstleister Robert Half.","breadcrumb":{"@id":"https:\/\/www.organisator.ch\/human-resources\/hrm\/2020-11-10\/zeit-wird-fuer-arbeitnehmer-immer-wichtiger\/#breadcrumb"},"inLanguage":"de","potentialAction":[{"@type":"ReadAction","target":["https:\/\/www.organisator.ch\/human-resources\/hrm\/2020-11-10\/zeit-wird-fuer-arbeitnehmer-immer-wichtiger\/"]}]},{"@type":"ImageObject","inLanguage":"de","@id":"https:\/\/www.organisator.ch\/human-resources\/hrm\/2020-11-10\/zeit-wird-fuer-arbeitnehmer-immer-wichtiger\/#primaryimage","url":"https:\/\/www.organisator.ch\/wp-content\/uploads\/2020\/11\/Zeit-wird-fuer-Arbeitnehmer-immer-wichtiger_Organisator.jpg","contentUrl":"https:\/\/www.organisator.ch\/wp-content\/uploads\/2020\/11\/Zeit-wird-fuer-Arbeitnehmer-immer-wichtiger_Organisator.jpg","width":680,"height":453,"caption":"Zeit ist das neue Geld: Vielleicht in Form einer verk\u00fcrzten Arbeitswoche? (Bild: Pixabay.com)"},{"@type":"BreadcrumbList","@id":"https:\/\/www.organisator.ch\/human-resources\/hrm\/2020-11-10\/zeit-wird-fuer-arbeitnehmer-immer-wichtiger\/#breadcrumb","itemListElement":[{"@type":"ListItem","position":1,"name":"Home","item":"https:\/\/www.organisator.ch\/"},{"@type":"ListItem","position":2,"name":"Zeit wird f\u00fcr Arbeitnehmer immer wichtiger"}]},{"@type":"WebSite","@id":"https:\/\/www.organisator.ch\/#website","url":"https:\/\/www.organisator.ch\/","name":"Organisator","description":"Kompetent. Praxisnah. Der ORGANISATOR bereitet in 10 Ausgaben pro Jahr die wesentlichen Themen f\u00fcr F\u00fchrungskr\u00e4fte von KMU auf.","publisher":{"@id":"https:\/\/www.organisator.ch\/#organization"},"potentialAction":[{"@type":"SearchAction","target":{"@type":"EntryPoint","urlTemplate":"https:\/\/www.organisator.ch\/?s={search_term_string}"},"query-input":{"@type":"PropertyValueSpecification","valueRequired":true,"valueName":"search_term_string"}}],"inLanguage":"de"},{"@type":"Organization","@id":"https:\/\/www.organisator.ch\/#organization","name":"Organisator","url":"https:\/\/www.organisator.ch\/","logo":{"@type":"ImageObject","inLanguage":"de","@id":"https:\/\/www.organisator.ch\/#\/schema\/logo\/image\/","url":"https:\/\/www.organisator.ch\/wp-content\/uploads\/2022\/01\/Logo_Organisator_Website.png","contentUrl":"https:\/\/www.organisator.ch\/wp-content\/uploads\/2022\/01\/Logo_Organisator_Website.png","width":800,"height":77,"caption":"Organisator"},"image":{"@id":"https:\/\/www.organisator.ch\/#\/schema\/logo\/image\/"},"sameAs":["https:\/\/www.facebook.com\/OrganisatorFachmagazin","https:\/\/www.linkedin.com\/showcase\/organisator-das-magazin-fr-kmu","https:\/\/www.xing.com\/news\/pages\/organisator-ch-695","https:\/\/www.youtube.com\/channel\/UCGP2Sq0iWaZwT3BdIAQFYpw"]},{"@type":"Person","@id":"https:\/\/www.organisator.ch\/#\/schema\/person\/6f650f90b2842cd4c0cc334b4e36f67e","name":"thomas.berner","image":{"@type":"ImageObject","inLanguage":"de","@id":"https:\/\/secure.gravatar.com\/avatar\/ac5001d2a36cb6c6cd3e50789007ffca834b477b74a2144564522e944eabff61?s=96&d=mm&r=g","url":"https:\/\/secure.gravatar.com\/avatar\/ac5001d2a36cb6c6cd3e50789007ffca834b477b74a2144564522e944eabff61?s=96&d=mm&r=g","contentUrl":"https:\/\/secure.gravatar.com\/avatar\/ac5001d2a36cb6c6cd3e50789007ffca834b477b74a2144564522e944eabff61?s=96&d=mm&r=g","caption":"thomas.berner"},"url":"https:\/\/www.organisator.ch\/de\/author\/thomas-berner\/"}]}},"_links":{"self":[{"href":"https:\/\/www.organisator.ch\/de\/wp-json\/wp\/v2\/posts\/7316","targetHints":{"allow":["GET"]}}],"collection":[{"href":"https:\/\/www.organisator.ch\/de\/wp-json\/wp\/v2\/posts"}],"about":[{"href":"https:\/\/www.organisator.ch\/de\/wp-json\/wp\/v2\/types\/post"}],"author":[{"embeddable":true,"href":"https:\/\/www.organisator.ch\/de\/wp-json\/wp\/v2\/users\/4"}],"replies":[{"embeddable":true,"href":"https:\/\/www.organisator.ch\/de\/wp-json\/wp\/v2\/comments?post=7316"}],"version-history":[{"count":0,"href":"https:\/\/www.organisator.ch\/de\/wp-json\/wp\/v2\/posts\/7316\/revisions"}],"wp:featuredmedia":[{"embeddable":true,"href":"https:\/\/www.organisator.ch\/de\/wp-json\/wp\/v2\/media\/7317"}],"wp:attachment":[{"href":"https:\/\/www.organisator.ch\/de\/wp-json\/wp\/v2\/media?parent=7316"}],"wp:term":[{"taxonomy":"category","embeddable":true,"href":"https:\/\/www.organisator.ch\/de\/wp-json\/wp\/v2\/categories?post=7316"},{"taxonomy":"post_tag","embeddable":true,"href":"https:\/\/www.organisator.ch\/de\/wp-json\/wp\/v2\/tags?post=7316"}],"curies":[{"name":"wp","href":"https:\/\/api.w.org\/{rel}","templated":true}]}}