{"id":7319,"date":"2020-11-12T11:30:39","date_gmt":"2020-11-12T10:30:39","guid":{"rendered":"https:\/\/www.organisator.ch\/?p=7319"},"modified":"2020-11-12T11:30:39","modified_gmt":"2020-11-12T10:30:39","slug":"auftragsmangel-in-der-mem-branche-ein-toxischer-cocktail-von-gruenden","status":"publish","type":"post","link":"https:\/\/www.organisator.ch\/de\/allgemein\/2020-11-12\/auftragsmangel-in-der-mem-branche-ein-toxischer-cocktail-von-gruenden\/","title":{"rendered":"Auftragsmangel in der MEM-Branche: Ein &#8222;toxischer Cocktail&#8220; von Gr\u00fcnden"},"content":{"rendered":"<figure id=\"attachment_7320\" aria-describedby=\"caption-attachment-7320\" style=\"width: 680px\" class=\"wp-caption alignnone\"><img loading=\"lazy\" decoding=\"async\" class=\"size-medium wp-image-7320\" src=\"https:\/\/www.organisator.ch\/wp-content\/uploads\/2020\/11\/Auftragsmangel-in-der-MEM-Branche-Ein-toxischer-Cocktail-von-Gruenden-1_Organisator.jpg\" alt=\"\" width=\"680\" height=\"399\" srcset=\"https:\/\/www.organisator.ch\/wp-content\/uploads\/2020\/11\/Auftragsmangel-in-der-MEM-Branche-Ein-toxischer-Cocktail-von-Gruenden-1_Organisator.jpg 680w, https:\/\/www.organisator.ch\/wp-content\/uploads\/2020\/11\/Auftragsmangel-in-der-MEM-Branche-Ein-toxischer-Cocktail-von-Gruenden-1_Organisator-16x9.jpg 16w, https:\/\/www.organisator.ch\/wp-content\/uploads\/2020\/11\/Auftragsmangel-in-der-MEM-Branche-Ein-toxischer-Cocktail-von-Gruenden-1_Organisator-298x175.jpg 298w, https:\/\/www.organisator.ch\/wp-content\/uploads\/2020\/11\/Auftragsmangel-in-der-MEM-Branche-Ein-toxischer-Cocktail-von-Gruenden-1_Organisator-596x350.jpg 596w, https:\/\/www.organisator.ch\/wp-content\/uploads\/2020\/11\/Auftragsmangel-in-der-MEM-Branche-Ein-toxischer-Cocktail-von-Gruenden-1_Organisator-300x176.jpg 300w\" sizes=\"auto, (max-width: 680px) 100vw, 680px\" \/><figcaption id=\"caption-attachment-7320\" class=\"wp-caption-text\">Auftragsmangel sorgt f\u00fcr einen nach wie vor negativen Gesch\u00e4ftsklima-Index in der MEM-Branche. (Grafik: Swissmechanic)<\/figcaption><\/figure>\n<p>Die im Oktober von Swissmechanic und BAK Economics befragten 243 KMU aus der MEM-Branche berichten weiterhin von Ausf\u00e4llen bei Mitarbeitenden (15% der Unternehmen) und St\u00f6rungen in den oft komplexen Lieferketten (17%). \u00abNoch st\u00e4rker kommt jedoch der Auftragsmangel zum Tragen, unter dem 82 Prozent der Umfrageteilnehmer leiden\u00bb, sagt Swissmechanic Direktor J\u00fcrg Marti. Schuld daran sei ein toxischer Cocktail aus tiefer Kapazit\u00e4tsauslastung bei den Kunden der MEM-Industrie, hoher Unsicherheit \u00fcber den weiteren Pandemie- und Wirtschaftsverlauf, gestiegenem Liquidit\u00e4tsbedarf und einem erstarkten Franken.<\/p>\n<h2>Abw\u00e4rtsdynamik leicht abgebremst<\/h2>\n<p>Im dritten Quartal hat sich die Abw\u00e4rtsdynamik bei den Auftragseing\u00e4ngen und Ums\u00e4tzen leicht abgebremst. Auch die Exporte und der PMI deuten darauf hin, dass der Tiefpunkt der Rezession in der MEM-Branche im zweiten Jahresviertel erreicht wurde. Die Branche sei jedoch noch nicht \u00fcber dem Berg, so ein weiteres Fazit der Befragung. Trotz Kurzarbeit und Einstellungsstopps (je 70% der Unternehmen) komme die Branche nicht um Entlassungen herum (29% der Unternehmen). Entsprechend verharre der Gesch\u00e4ftsklima-Index f\u00fcr die KMU-MEM im Oktober auf tiefem Niveau.<\/p>\n<figure id=\"attachment_7321\" aria-describedby=\"caption-attachment-7321\" style=\"width: 680px\" class=\"wp-caption alignnone\"><img loading=\"lazy\" decoding=\"async\" class=\"size-medium wp-image-7321\" src=\"https:\/\/www.organisator.ch\/wp-content\/uploads\/2020\/11\/Auftragsmangel-in-der-MEM-Branche-Ein-toxischer-Cocktail-von-Gruenden-2_Organisator.jpg\" alt=\"\" width=\"680\" height=\"324\" srcset=\"https:\/\/www.organisator.ch\/wp-content\/uploads\/2020\/11\/Auftragsmangel-in-der-MEM-Branche-Ein-toxischer-Cocktail-von-Gruenden-2_Organisator.jpg 680w, https:\/\/www.organisator.ch\/wp-content\/uploads\/2020\/11\/Auftragsmangel-in-der-MEM-Branche-Ein-toxischer-Cocktail-von-Gruenden-2_Organisator-16x8.jpg 16w, https:\/\/www.organisator.ch\/wp-content\/uploads\/2020\/11\/Auftragsmangel-in-der-MEM-Branche-Ein-toxischer-Cocktail-von-Gruenden-2_Organisator-367x175.jpg 367w, https:\/\/www.organisator.ch\/wp-content\/uploads\/2020\/11\/Auftragsmangel-in-der-MEM-Branche-Ein-toxischer-Cocktail-von-Gruenden-2_Organisator-300x143.jpg 300w\" sizes=\"auto, (max-width: 680px) 100vw, 680px\" \/><figcaption id=\"caption-attachment-7321\" class=\"wp-caption-text\">Mit diesen Massnahmen versuchen Unternehmen, den Auswirkungen der Corona-Pandemie zu trotzen. (Grafik: Swissmechanic)<\/figcaption><\/figure>\n<h2>Schweizer Wirtschaft vor weiterem Schaden bewahren<\/h2>\n<p>Angesichts der nach wie vor sehr schwierigen, ungem\u00fctlichen Lage, in welcher sich viele Unternehmen insbesondere auch aus der MEM-Branche befinden, m\u00fcsse die Schweizer Wirtschaft unbedingt vor weiterem Schaden bewahrt werden, fordert der Verband Swissmechanic. Deshalb d\u00fcrfe es keinen zweiten landesweiten Lockdown geben und deshalb m\u00fcssten am 29. November sowohl die sch\u00e4dliche GSoA-Initiative als auch die wirtschaftsfeindliche Konzernverantwortungsinitiative unbedingt abgelehnt werden. Die Annahme der beiden Initiativen w\u00fcrde den Werkplatz Schweiz weiter schw\u00e4chen, was zwingend verhindert werden m\u00fcsse, mahnt der Branchenverband.<\/p>\n<h2>Ausblick: Auftragsmangel wird ein Problem bleiben<\/h2>\n<p>Der Blick der Branche nach Vorne f\u00e4llt gemischt aus. Die Mehrheit der Unternehmen geht davon aus, dass sich der Auftragsmangel vorerst nicht entscheidend verbessert. Auf der optimistischen Seite zu verbuchen ist, dass f\u00fcr 2021 mehr Unternehmen ihre Kapazit\u00e4ten ausbauen als abbauen wollen. Ein Problem hingegen ist, dass rund ein Drittel der Unternehmen angibt, die notwendigen finanziellen Mittel f\u00fcr Zukunftsinvestitionen w\u00fcrden fehlen. Dieses Problem kam bereits in der Befragung im Herbst 2019 zum Vorschein, hat sich aber mit der Corona-Krise nochmals versch\u00e4rft. Verantwortlich daf\u00fcr sind die Zunahme der Verschuldung, die Abnahme der Margen und der Anstieg des Liquidit\u00e4tsbedarf durch die Corona-Krise. Michael Grass von BAK-Economics gibt zu bedenken: \u00abJe l\u00e4nger die Investitionen in zuk\u00fcnftige Technologien und Businessmodelle aufgeschoben werden, desto st\u00e4rker wird auch die Wettbewerbsf\u00e4higkeit und das langfristige Wachstumspotenzial der MEM-Branche leiden.\u00bb<\/p>\n<p><em>Quelle: <a href=\"http:\/\/www.swissmechanic.ch\">Swissmechanic<\/a><\/em><\/p>\n","protected":false},"excerpt":{"rendered":"<p>Die im Oktober von Swissmechanic und BAK Economics befragten 243 KMU aus der MEM-Branche berichten weiterhin von Ausf\u00e4llen bei Mitarbeitenden (15% der Unternehmen) und St\u00f6rungen in den oft komplexen Lieferketten (17%). \u00abNoch st\u00e4rker kommt jedoch der Auftragsmangel zum Tragen, unter dem 82 Prozent der Umfrageteilnehmer leiden\u00bb, sagt Swissmechanic Direktor J\u00fcrg Marti. Schuld daran sei ein [&hellip;]<\/p>\n","protected":false},"author":4,"featured_media":7320,"comment_status":"closed","ping_status":"closed","sticky":false,"template":"","format":"standard","meta":{"_acf_changed":false,"_yoast_wpseo_focuskw":"Auftragsmangel","_yoast_wpseo_metadesc":"Die Unternehmen der MEM-Branche leiden neben Ausf\u00e4llen bei Mitarbeitenden und Unterbr\u00fcchen in den Lieferketten insbesondere unter Auftragsmangel.","articlekey":"","footnotes":""},"categories":[1],"tags":[310,459,492,531],"class_list":["post-7319","post","type-post","status-publish","format-standard","has-post-thumbnail","hentry","category-allgemein","tag-konjunktur","tag-studie","tag-unternehmen","tag-wirtschaftspolitik"],"acf":[],"yoast_head":"<!-- This site is optimized with the Yoast SEO plugin v27.5 - https:\/\/yoast.com\/product\/yoast-seo-wordpress\/ -->\n<title>Auftragsmangel in der MEM-Branche: Ein &quot;toxischer Cocktail&quot; von Gr\u00fcnden - Organisator<\/title>\n<meta name=\"description\" content=\"Die Unternehmen der MEM-Branche leiden neben Ausf\u00e4llen bei Mitarbeitenden und Unterbr\u00fcchen in den Lieferketten insbesondere unter Auftragsmangel.\" \/>\n<meta name=\"robots\" content=\"index, follow, max-snippet:-1, max-image-preview:large, max-video-preview:-1\" \/>\n<link rel=\"canonical\" href=\"https:\/\/www.organisator.ch\/de\/allgemein\/2020-11-12\/auftragsmangel-in-der-mem-branche-ein-toxischer-cocktail-von-gruenden\/\" \/>\n<meta property=\"og:locale\" content=\"de_DE\" \/>\n<meta property=\"og:type\" content=\"article\" \/>\n<meta property=\"og:title\" content=\"Auftragsmangel in der MEM-Branche: Ein &quot;toxischer Cocktail&quot; von Gr\u00fcnden\" \/>\n<meta property=\"og:description\" content=\"Die Unternehmen der MEM-Branche leiden neben Ausf\u00e4llen bei Mitarbeitenden und Unterbr\u00fcchen in den Lieferketten insbesondere unter Auftragsmangel.\" \/>\n<meta property=\"og:url\" content=\"https:\/\/www.organisator.ch\/de\/allgemein\/2020-11-12\/auftragsmangel-in-der-mem-branche-ein-toxischer-cocktail-von-gruenden\/\" \/>\n<meta property=\"og:site_name\" content=\"Organisator\" \/>\n<meta property=\"article:publisher\" content=\"https:\/\/www.facebook.com\/OrganisatorFachmagazin\" \/>\n<meta property=\"article:published_time\" content=\"2020-11-12T10:30:39+00:00\" \/>\n<meta property=\"og:image\" content=\"https:\/\/www.organisator.ch\/wp-content\/uploads\/2020\/11\/Auftragsmangel-in-der-MEM-Branche-Ein-toxischer-Cocktail-von-Gruenden-1_Organisator.jpg\" \/>\n\t<meta property=\"og:image:width\" content=\"680\" \/>\n\t<meta property=\"og:image:height\" content=\"399\" \/>\n\t<meta property=\"og:image:type\" content=\"image\/jpeg\" \/>\n<meta name=\"author\" content=\"thomas.berner\" \/>\n<meta name=\"twitter:card\" content=\"summary_large_image\" \/>\n<meta name=\"twitter:title\" content=\"#Auftragsmangel in der #MEM-Branche: Ein &quot;toxischer Cocktail&quot; von Gr\u00fcnden\" \/>\n<meta name=\"twitter:description\" content=\"Die Unternehmen der #MEM-Branche leiden neben Ausf\u00e4llen bei Mitarbeitenden und Unterbr\u00fcchen in den #Lieferketten insbesondere unter Auftragsmangel.\" \/>\n<meta name=\"twitter:image\" content=\"https:\/\/www.organisator.ch\/wp-content\/uploads\/2020\/11\/Auftragsmangel-in-der-MEM-Branche-Ein-toxischer-Cocktail-von-Gruenden-1_Organisator.jpg\" \/>\n<script type=\"application\/ld+json\" class=\"yoast-schema-graph\">{\"@context\":\"https:\\\/\\\/schema.org\",\"@graph\":[{\"@type\":\"Article\",\"@id\":\"https:\\\/\\\/www.organisator.ch\\\/de\\\/allgemein\\\/2020-11-12\\\/auftragsmangel-in-der-mem-branche-ein-toxischer-cocktail-von-gruenden\\\/#article\",\"isPartOf\":{\"@id\":\"https:\\\/\\\/www.organisator.ch\\\/de\\\/allgemein\\\/2020-11-12\\\/auftragsmangel-in-der-mem-branche-ein-toxischer-cocktail-von-gruenden\\\/\"},\"author\":{\"name\":\"thomas.berner\",\"@id\":\"https:\\\/\\\/www.organisator.ch\\\/#\\\/schema\\\/person\\\/6f650f90b2842cd4c0cc334b4e36f67e\"},\"headline\":\"Auftragsmangel in der MEM-Branche: Ein &#8222;toxischer Cocktail&#8220; von Gr\u00fcnden\",\"datePublished\":\"2020-11-12T10:30:39+00:00\",\"mainEntityOfPage\":{\"@id\":\"https:\\\/\\\/www.organisator.ch\\\/de\\\/allgemein\\\/2020-11-12\\\/auftragsmangel-in-der-mem-branche-ein-toxischer-cocktail-von-gruenden\\\/\"},\"wordCount\":463,\"publisher\":{\"@id\":\"https:\\\/\\\/www.organisator.ch\\\/#organization\"},\"image\":{\"@id\":\"https:\\\/\\\/www.organisator.ch\\\/de\\\/allgemein\\\/2020-11-12\\\/auftragsmangel-in-der-mem-branche-ein-toxischer-cocktail-von-gruenden\\\/#primaryimage\"},\"thumbnailUrl\":\"https:\\\/\\\/www.organisator.ch\\\/wp-content\\\/uploads\\\/2020\\\/11\\\/Auftragsmangel-in-der-MEM-Branche-Ein-toxischer-Cocktail-von-Gruenden-1_Organisator.jpg\",\"keywords\":[\"Konjunktur\",\"Studie\",\"Unternehmen\",\"Wirtschaftspolitik\"],\"inLanguage\":\"de\"},{\"@type\":\"WebPage\",\"@id\":\"https:\\\/\\\/www.organisator.ch\\\/de\\\/allgemein\\\/2020-11-12\\\/auftragsmangel-in-der-mem-branche-ein-toxischer-cocktail-von-gruenden\\\/\",\"url\":\"https:\\\/\\\/www.organisator.ch\\\/de\\\/allgemein\\\/2020-11-12\\\/auftragsmangel-in-der-mem-branche-ein-toxischer-cocktail-von-gruenden\\\/\",\"name\":\"Auftragsmangel in der MEM-Branche: Ein \\\"toxischer Cocktail\\\" von Gr\u00fcnden - Organisator\",\"isPartOf\":{\"@id\":\"https:\\\/\\\/www.organisator.ch\\\/#website\"},\"primaryImageOfPage\":{\"@id\":\"https:\\\/\\\/www.organisator.ch\\\/de\\\/allgemein\\\/2020-11-12\\\/auftragsmangel-in-der-mem-branche-ein-toxischer-cocktail-von-gruenden\\\/#primaryimage\"},\"image\":{\"@id\":\"https:\\\/\\\/www.organisator.ch\\\/de\\\/allgemein\\\/2020-11-12\\\/auftragsmangel-in-der-mem-branche-ein-toxischer-cocktail-von-gruenden\\\/#primaryimage\"},\"thumbnailUrl\":\"https:\\\/\\\/www.organisator.ch\\\/wp-content\\\/uploads\\\/2020\\\/11\\\/Auftragsmangel-in-der-MEM-Branche-Ein-toxischer-Cocktail-von-Gruenden-1_Organisator.jpg\",\"datePublished\":\"2020-11-12T10:30:39+00:00\",\"description\":\"Die Unternehmen der MEM-Branche leiden neben Ausf\u00e4llen bei Mitarbeitenden und Unterbr\u00fcchen in den Lieferketten insbesondere unter Auftragsmangel.\",\"breadcrumb\":{\"@id\":\"https:\\\/\\\/www.organisator.ch\\\/de\\\/allgemein\\\/2020-11-12\\\/auftragsmangel-in-der-mem-branche-ein-toxischer-cocktail-von-gruenden\\\/#breadcrumb\"},\"inLanguage\":\"de\",\"potentialAction\":[{\"@type\":\"ReadAction\",\"target\":[\"https:\\\/\\\/www.organisator.ch\\\/de\\\/allgemein\\\/2020-11-12\\\/auftragsmangel-in-der-mem-branche-ein-toxischer-cocktail-von-gruenden\\\/\"]}]},{\"@type\":\"ImageObject\",\"inLanguage\":\"de\",\"@id\":\"https:\\\/\\\/www.organisator.ch\\\/de\\\/allgemein\\\/2020-11-12\\\/auftragsmangel-in-der-mem-branche-ein-toxischer-cocktail-von-gruenden\\\/#primaryimage\",\"url\":\"https:\\\/\\\/www.organisator.ch\\\/wp-content\\\/uploads\\\/2020\\\/11\\\/Auftragsmangel-in-der-MEM-Branche-Ein-toxischer-Cocktail-von-Gruenden-1_Organisator.jpg\",\"contentUrl\":\"https:\\\/\\\/www.organisator.ch\\\/wp-content\\\/uploads\\\/2020\\\/11\\\/Auftragsmangel-in-der-MEM-Branche-Ein-toxischer-Cocktail-von-Gruenden-1_Organisator.jpg\",\"width\":680,\"height\":399,\"caption\":\"Auftragsmangel sorgt f\u00fcr einen nach wie vor negativen Gesch\u00e4ftsklima-Index in der MEM-Branche. (Grafik: Swissmechanic)\"},{\"@type\":\"BreadcrumbList\",\"@id\":\"https:\\\/\\\/www.organisator.ch\\\/de\\\/allgemein\\\/2020-11-12\\\/auftragsmangel-in-der-mem-branche-ein-toxischer-cocktail-von-gruenden\\\/#breadcrumb\",\"itemListElement\":[{\"@type\":\"ListItem\",\"position\":1,\"name\":\"Home\",\"item\":\"https:\\\/\\\/www.organisator.ch\\\/\"},{\"@type\":\"ListItem\",\"position\":2,\"name\":\"Auftragsmangel in der MEM-Branche: Ein &#8222;toxischer Cocktail&#8220; von Gr\u00fcnden\"}]},{\"@type\":\"WebSite\",\"@id\":\"https:\\\/\\\/www.organisator.ch\\\/#website\",\"url\":\"https:\\\/\\\/www.organisator.ch\\\/\",\"name\":\"Organisator\",\"description\":\"Kompetent. Praxisnah. Der ORGANISATOR bereitet in 10 Ausgaben pro Jahr die wesentlichen Themen f\u00fcr F\u00fchrungskr\u00e4fte von KMU auf.\",\"publisher\":{\"@id\":\"https:\\\/\\\/www.organisator.ch\\\/#organization\"},\"potentialAction\":[{\"@type\":\"SearchAction\",\"target\":{\"@type\":\"EntryPoint\",\"urlTemplate\":\"https:\\\/\\\/www.organisator.ch\\\/?s={search_term_string}\"},\"query-input\":{\"@type\":\"PropertyValueSpecification\",\"valueRequired\":true,\"valueName\":\"search_term_string\"}}],\"inLanguage\":\"de\"},{\"@type\":\"Organization\",\"@id\":\"https:\\\/\\\/www.organisator.ch\\\/#organization\",\"name\":\"Organisator\",\"url\":\"https:\\\/\\\/www.organisator.ch\\\/\",\"logo\":{\"@type\":\"ImageObject\",\"inLanguage\":\"de\",\"@id\":\"https:\\\/\\\/www.organisator.ch\\\/#\\\/schema\\\/logo\\\/image\\\/\",\"url\":\"https:\\\/\\\/www.organisator.ch\\\/wp-content\\\/uploads\\\/2022\\\/01\\\/Logo_Organisator_Website.png\",\"contentUrl\":\"https:\\\/\\\/www.organisator.ch\\\/wp-content\\\/uploads\\\/2022\\\/01\\\/Logo_Organisator_Website.png\",\"width\":800,\"height\":77,\"caption\":\"Organisator\"},\"image\":{\"@id\":\"https:\\\/\\\/www.organisator.ch\\\/#\\\/schema\\\/logo\\\/image\\\/\"},\"sameAs\":[\"https:\\\/\\\/www.facebook.com\\\/OrganisatorFachmagazin\",\"https:\\\/\\\/www.linkedin.com\\\/showcase\\\/organisator-das-magazin-fr-kmu\",\"https:\\\/\\\/www.xing.com\\\/news\\\/pages\\\/organisator-ch-695\",\"https:\\\/\\\/www.youtube.com\\\/channel\\\/UCGP2Sq0iWaZwT3BdIAQFYpw\"]},{\"@type\":\"Person\",\"@id\":\"https:\\\/\\\/www.organisator.ch\\\/#\\\/schema\\\/person\\\/6f650f90b2842cd4c0cc334b4e36f67e\",\"name\":\"thomas.berner\",\"image\":{\"@type\":\"ImageObject\",\"inLanguage\":\"de\",\"@id\":\"https:\\\/\\\/secure.gravatar.com\\\/avatar\\\/ac5001d2a36cb6c6cd3e50789007ffca834b477b74a2144564522e944eabff61?s=96&d=mm&r=g\",\"url\":\"https:\\\/\\\/secure.gravatar.com\\\/avatar\\\/ac5001d2a36cb6c6cd3e50789007ffca834b477b74a2144564522e944eabff61?s=96&d=mm&r=g\",\"contentUrl\":\"https:\\\/\\\/secure.gravatar.com\\\/avatar\\\/ac5001d2a36cb6c6cd3e50789007ffca834b477b74a2144564522e944eabff61?s=96&d=mm&r=g\",\"caption\":\"thomas.berner\"},\"url\":\"https:\\\/\\\/www.organisator.ch\\\/de\\\/author\\\/thomas-berner\\\/\"}]}<\/script>\n<!-- \/ Yoast SEO plugin. -->","yoast_head_json":{"title":"Auftragsmangel in der MEM-Branche: Ein \"toxischer Cocktail\" von Gr\u00fcnden - Organisator","description":"Die Unternehmen der MEM-Branche leiden neben Ausf\u00e4llen bei Mitarbeitenden und Unterbr\u00fcchen in den Lieferketten insbesondere unter Auftragsmangel.","robots":{"index":"index","follow":"follow","max-snippet":"max-snippet:-1","max-image-preview":"max-image-preview:large","max-video-preview":"max-video-preview:-1"},"canonical":"https:\/\/www.organisator.ch\/de\/allgemein\/2020-11-12\/auftragsmangel-in-der-mem-branche-ein-toxischer-cocktail-von-gruenden\/","og_locale":"de_DE","og_type":"article","og_title":"Auftragsmangel in der MEM-Branche: Ein \"toxischer Cocktail\" von Gr\u00fcnden","og_description":"Die Unternehmen der MEM-Branche leiden neben Ausf\u00e4llen bei Mitarbeitenden und Unterbr\u00fcchen in den Lieferketten insbesondere unter Auftragsmangel.","og_url":"https:\/\/www.organisator.ch\/de\/allgemein\/2020-11-12\/auftragsmangel-in-der-mem-branche-ein-toxischer-cocktail-von-gruenden\/","og_site_name":"Organisator","article_publisher":"https:\/\/www.facebook.com\/OrganisatorFachmagazin","article_published_time":"2020-11-12T10:30:39+00:00","og_image":[{"width":680,"height":399,"url":"https:\/\/www.organisator.ch\/wp-content\/uploads\/2020\/11\/Auftragsmangel-in-der-MEM-Branche-Ein-toxischer-Cocktail-von-Gruenden-1_Organisator.jpg","type":"image\/jpeg"}],"author":"thomas.berner","twitter_card":"summary_large_image","twitter_title":"#Auftragsmangel in der #MEM-Branche: Ein \"toxischer Cocktail\" von Gr\u00fcnden","twitter_description":"Die Unternehmen der #MEM-Branche leiden neben Ausf\u00e4llen bei Mitarbeitenden und Unterbr\u00fcchen in den #Lieferketten insbesondere unter Auftragsmangel.","twitter_image":"https:\/\/www.organisator.ch\/wp-content\/uploads\/2020\/11\/Auftragsmangel-in-der-MEM-Branche-Ein-toxischer-Cocktail-von-Gruenden-1_Organisator.jpg","schema":{"@context":"https:\/\/schema.org","@graph":[{"@type":"Article","@id":"https:\/\/www.organisator.ch\/de\/allgemein\/2020-11-12\/auftragsmangel-in-der-mem-branche-ein-toxischer-cocktail-von-gruenden\/#article","isPartOf":{"@id":"https:\/\/www.organisator.ch\/de\/allgemein\/2020-11-12\/auftragsmangel-in-der-mem-branche-ein-toxischer-cocktail-von-gruenden\/"},"author":{"name":"thomas.berner","@id":"https:\/\/www.organisator.ch\/#\/schema\/person\/6f650f90b2842cd4c0cc334b4e36f67e"},"headline":"Auftragsmangel in der MEM-Branche: Ein &#8222;toxischer Cocktail&#8220; von Gr\u00fcnden","datePublished":"2020-11-12T10:30:39+00:00","mainEntityOfPage":{"@id":"https:\/\/www.organisator.ch\/de\/allgemein\/2020-11-12\/auftragsmangel-in-der-mem-branche-ein-toxischer-cocktail-von-gruenden\/"},"wordCount":463,"publisher":{"@id":"https:\/\/www.organisator.ch\/#organization"},"image":{"@id":"https:\/\/www.organisator.ch\/de\/allgemein\/2020-11-12\/auftragsmangel-in-der-mem-branche-ein-toxischer-cocktail-von-gruenden\/#primaryimage"},"thumbnailUrl":"https:\/\/www.organisator.ch\/wp-content\/uploads\/2020\/11\/Auftragsmangel-in-der-MEM-Branche-Ein-toxischer-Cocktail-von-Gruenden-1_Organisator.jpg","keywords":["Konjunktur","Studie","Unternehmen","Wirtschaftspolitik"],"inLanguage":"de"},{"@type":"WebPage","@id":"https:\/\/www.organisator.ch\/de\/allgemein\/2020-11-12\/auftragsmangel-in-der-mem-branche-ein-toxischer-cocktail-von-gruenden\/","url":"https:\/\/www.organisator.ch\/de\/allgemein\/2020-11-12\/auftragsmangel-in-der-mem-branche-ein-toxischer-cocktail-von-gruenden\/","name":"Auftragsmangel in der MEM-Branche: Ein \"toxischer Cocktail\" von Gr\u00fcnden - Organisator","isPartOf":{"@id":"https:\/\/www.organisator.ch\/#website"},"primaryImageOfPage":{"@id":"https:\/\/www.organisator.ch\/de\/allgemein\/2020-11-12\/auftragsmangel-in-der-mem-branche-ein-toxischer-cocktail-von-gruenden\/#primaryimage"},"image":{"@id":"https:\/\/www.organisator.ch\/de\/allgemein\/2020-11-12\/auftragsmangel-in-der-mem-branche-ein-toxischer-cocktail-von-gruenden\/#primaryimage"},"thumbnailUrl":"https:\/\/www.organisator.ch\/wp-content\/uploads\/2020\/11\/Auftragsmangel-in-der-MEM-Branche-Ein-toxischer-Cocktail-von-Gruenden-1_Organisator.jpg","datePublished":"2020-11-12T10:30:39+00:00","description":"Die Unternehmen der MEM-Branche leiden neben Ausf\u00e4llen bei Mitarbeitenden und Unterbr\u00fcchen in den Lieferketten insbesondere unter Auftragsmangel.","breadcrumb":{"@id":"https:\/\/www.organisator.ch\/de\/allgemein\/2020-11-12\/auftragsmangel-in-der-mem-branche-ein-toxischer-cocktail-von-gruenden\/#breadcrumb"},"inLanguage":"de","potentialAction":[{"@type":"ReadAction","target":["https:\/\/www.organisator.ch\/de\/allgemein\/2020-11-12\/auftragsmangel-in-der-mem-branche-ein-toxischer-cocktail-von-gruenden\/"]}]},{"@type":"ImageObject","inLanguage":"de","@id":"https:\/\/www.organisator.ch\/de\/allgemein\/2020-11-12\/auftragsmangel-in-der-mem-branche-ein-toxischer-cocktail-von-gruenden\/#primaryimage","url":"https:\/\/www.organisator.ch\/wp-content\/uploads\/2020\/11\/Auftragsmangel-in-der-MEM-Branche-Ein-toxischer-Cocktail-von-Gruenden-1_Organisator.jpg","contentUrl":"https:\/\/www.organisator.ch\/wp-content\/uploads\/2020\/11\/Auftragsmangel-in-der-MEM-Branche-Ein-toxischer-Cocktail-von-Gruenden-1_Organisator.jpg","width":680,"height":399,"caption":"Auftragsmangel sorgt f\u00fcr einen nach wie vor negativen Gesch\u00e4ftsklima-Index in der MEM-Branche. (Grafik: Swissmechanic)"},{"@type":"BreadcrumbList","@id":"https:\/\/www.organisator.ch\/de\/allgemein\/2020-11-12\/auftragsmangel-in-der-mem-branche-ein-toxischer-cocktail-von-gruenden\/#breadcrumb","itemListElement":[{"@type":"ListItem","position":1,"name":"Home","item":"https:\/\/www.organisator.ch\/"},{"@type":"ListItem","position":2,"name":"Auftragsmangel in der MEM-Branche: Ein &#8222;toxischer Cocktail&#8220; von Gr\u00fcnden"}]},{"@type":"WebSite","@id":"https:\/\/www.organisator.ch\/#website","url":"https:\/\/www.organisator.ch\/","name":"Organisator","description":"Kompetent. Praxisnah. Der ORGANISATOR bereitet in 10 Ausgaben pro Jahr die wesentlichen Themen f\u00fcr F\u00fchrungskr\u00e4fte von KMU auf.","publisher":{"@id":"https:\/\/www.organisator.ch\/#organization"},"potentialAction":[{"@type":"SearchAction","target":{"@type":"EntryPoint","urlTemplate":"https:\/\/www.organisator.ch\/?s={search_term_string}"},"query-input":{"@type":"PropertyValueSpecification","valueRequired":true,"valueName":"search_term_string"}}],"inLanguage":"de"},{"@type":"Organization","@id":"https:\/\/www.organisator.ch\/#organization","name":"Organisator","url":"https:\/\/www.organisator.ch\/","logo":{"@type":"ImageObject","inLanguage":"de","@id":"https:\/\/www.organisator.ch\/#\/schema\/logo\/image\/","url":"https:\/\/www.organisator.ch\/wp-content\/uploads\/2022\/01\/Logo_Organisator_Website.png","contentUrl":"https:\/\/www.organisator.ch\/wp-content\/uploads\/2022\/01\/Logo_Organisator_Website.png","width":800,"height":77,"caption":"Organisator"},"image":{"@id":"https:\/\/www.organisator.ch\/#\/schema\/logo\/image\/"},"sameAs":["https:\/\/www.facebook.com\/OrganisatorFachmagazin","https:\/\/www.linkedin.com\/showcase\/organisator-das-magazin-fr-kmu","https:\/\/www.xing.com\/news\/pages\/organisator-ch-695","https:\/\/www.youtube.com\/channel\/UCGP2Sq0iWaZwT3BdIAQFYpw"]},{"@type":"Person","@id":"https:\/\/www.organisator.ch\/#\/schema\/person\/6f650f90b2842cd4c0cc334b4e36f67e","name":"thomas.berner","image":{"@type":"ImageObject","inLanguage":"de","@id":"https:\/\/secure.gravatar.com\/avatar\/ac5001d2a36cb6c6cd3e50789007ffca834b477b74a2144564522e944eabff61?s=96&d=mm&r=g","url":"https:\/\/secure.gravatar.com\/avatar\/ac5001d2a36cb6c6cd3e50789007ffca834b477b74a2144564522e944eabff61?s=96&d=mm&r=g","contentUrl":"https:\/\/secure.gravatar.com\/avatar\/ac5001d2a36cb6c6cd3e50789007ffca834b477b74a2144564522e944eabff61?s=96&d=mm&r=g","caption":"thomas.berner"},"url":"https:\/\/www.organisator.ch\/de\/author\/thomas-berner\/"}]}},"_links":{"self":[{"href":"https:\/\/www.organisator.ch\/de\/wp-json\/wp\/v2\/posts\/7319","targetHints":{"allow":["GET"]}}],"collection":[{"href":"https:\/\/www.organisator.ch\/de\/wp-json\/wp\/v2\/posts"}],"about":[{"href":"https:\/\/www.organisator.ch\/de\/wp-json\/wp\/v2\/types\/post"}],"author":[{"embeddable":true,"href":"https:\/\/www.organisator.ch\/de\/wp-json\/wp\/v2\/users\/4"}],"replies":[{"embeddable":true,"href":"https:\/\/www.organisator.ch\/de\/wp-json\/wp\/v2\/comments?post=7319"}],"version-history":[{"count":0,"href":"https:\/\/www.organisator.ch\/de\/wp-json\/wp\/v2\/posts\/7319\/revisions"}],"wp:featuredmedia":[{"embeddable":true,"href":"https:\/\/www.organisator.ch\/de\/wp-json\/wp\/v2\/media\/7320"}],"wp:attachment":[{"href":"https:\/\/www.organisator.ch\/de\/wp-json\/wp\/v2\/media?parent=7319"}],"wp:term":[{"taxonomy":"category","embeddable":true,"href":"https:\/\/www.organisator.ch\/de\/wp-json\/wp\/v2\/categories?post=7319"},{"taxonomy":"post_tag","embeddable":true,"href":"https:\/\/www.organisator.ch\/de\/wp-json\/wp\/v2\/tags?post=7319"}],"curies":[{"name":"wp","href":"https:\/\/api.w.org\/{rel}","templated":true}]}}