{"id":7332,"date":"2020-11-13T17:02:04","date_gmt":"2020-11-13T16:02:04","guid":{"rendered":"https:\/\/www.organisator.ch\/?p=7332"},"modified":"2020-11-13T17:02:04","modified_gmt":"2020-11-13T16:02:04","slug":"reise-und-eventbranchen-fordern-gemeinsam-soforthilfe-und-klare-fuehrung-durch-den-bund","status":"publish","type":"post","link":"https:\/\/www.organisator.ch\/de\/allgemein\/2020-11-13\/reise-und-eventbranchen-fordern-gemeinsam-soforthilfe-und-klare-fuehrung-durch-den-bund\/","title":{"rendered":"Reise- und Eventbranchen fordern gemeinsam Soforthilfe und klare F\u00fchrung durch den Bund"},"content":{"rendered":"<figure id=\"attachment_7333\" aria-describedby=\"caption-attachment-7333\" style=\"width: 680px\" class=\"wp-caption alignnone\"><img loading=\"lazy\" decoding=\"async\" class=\"size-medium wp-image-7333\" src=\"https:\/\/www.organisator.ch\/wp-content\/uploads\/2020\/11\/Reise-und-Eventbranchen-fordern-gemeinsam-Soforthilfe-und-klare-Fuehrung-durch-den-Bund_Organisator.jpg\" alt=\"\" width=\"680\" height=\"213\" srcset=\"https:\/\/www.organisator.ch\/wp-content\/uploads\/2020\/11\/Reise-und-Eventbranchen-fordern-gemeinsam-Soforthilfe-und-klare-Fuehrung-durch-den-Bund_Organisator.jpg 680w, https:\/\/www.organisator.ch\/wp-content\/uploads\/2020\/11\/Reise-und-Eventbranchen-fordern-gemeinsam-Soforthilfe-und-klare-Fuehrung-durch-den-Bund_Organisator-16x5.jpg 16w, https:\/\/www.organisator.ch\/wp-content\/uploads\/2020\/11\/Reise-und-Eventbranchen-fordern-gemeinsam-Soforthilfe-und-klare-Fuehrung-durch-den-Bund_Organisator-375x117.jpg 375w, https:\/\/www.organisator.ch\/wp-content\/uploads\/2020\/11\/Reise-und-Eventbranchen-fordern-gemeinsam-Soforthilfe-und-klare-Fuehrung-durch-den-Bund_Organisator-300x94.jpg 300w\" sizes=\"auto, (max-width: 680px) 100vw, 680px\" \/><figcaption id=\"caption-attachment-7333\" class=\"wp-caption-text\">Vertreter der Reise- und Eventbranchen fordern wegen der Corona-Pandemie richtige Hilfe \u2013 jetzt, schnell und unkompliziert.<\/figcaption><\/figure>\n<p>Das Wasser stehe h\u00f6her als nur bis zum Hals: So schildert Andr\u00e9 L\u00fcthi, VR-Pr\u00e4sident von Globetrotter Travel Service, anl\u00e4sslich einer gemeinsam von den f\u00fchrenden Verb\u00e4nden der Event-, Schausteller- und Reisebranche durchgef\u00fchrten Medienkonferenz am 13. November 2020 die Lage. \u00a0Diese Branchen repr\u00e4sentieren wohl derzeit die meisten H\u00e4rtef\u00e4lle, jene H\u00e4rtef\u00e4lle also, f\u00fcr die das Covid-19-Gesetz eigentlich Hilfe vorgesehen h\u00e4tte. Doch diese reicht einerseits finanziell nicht aus und anderseits ist das Prozedere zu kompliziert und zu zeitraubend. Das k\u00f6nnte \u00abzur absurden Situation f\u00fchren, dass H\u00e4rtefall-Leistungsberechtigte Konkurs anmelden m\u00fcssen, bevor die \u2013 versp\u00e4teten \u2013 Zahlungen sie erreichen\u00bb, monierte Max E. Katz, Pr\u00e4sident des Schweizer Reise Verbands.<\/p>\n<h2>Reise- und Eventbranchen mit leeren Auftragsb\u00fcchern<\/h2>\n<p>Deutlich wurde auch Christoph Kamber, Pr\u00e4sident von EXPO EVENT Swiss LiveCom Association. Diese Branche steht komplett still, damit sei der \u00abSuper-GAU eingetreten\u00bb. Die Hilfsgelder m\u00fcssten deshalb unverz\u00fcglich ausbezahlt werden, damit die Hilfe noch rechtzeitig ankomme. \u00abDies bedarf einer guten Zusammenarbeit der Beh\u00f6rden mit dem Bund im Lead\u00bb, so Kamber. Gefordert werden A-fond-perdu-Beitr\u00e4ge in der Summe von mindestens 1 Milliarde Franken, welche an sich gesunde Unternehmen f\u00fcr die Zeit nach Corona am Leben am Leben erhalten k\u00f6nnen. Denn aufgrund abgesagter Veranstaltungen sind auch Catering-Unternehmen sowie Eventtechnik-Zulieferer akut in ihrer Existenz gef\u00e4hrdet. J\u00f6rg Gantenbein, Pr\u00e4sident Schweizer Verband technischer B\u00fchnen und Veranstaltungsberufe, beschreibt die Situation ebenfalls dramatisch: \u00abWir wurden von der 2. Welle nochmals hart erfasst und die Stornierungswelle hat ein Ausmass bis auf null erreicht. In normalen Jahren sind unsere Auftragsb\u00fccher jetzt voll, f\u00fcr 2021 ist keine einzige gebuchte Veranstaltung in Planung. Wir haben sicher bis im 1. Quartal 2021 keine Ums\u00e4tze.\u00bb Und weil bereits viele KMU in diesem Bereich Mitarbeitende entlassen mussten, findet auch ein Know-How-Verlust statt. Doch nicht nur dies. \u00abEs geht auch um die Gew\u00e4hrleistung der Ausbildung in unserer Branche\u00bb, so Gantenbein weiter.<\/p>\n<h2>Events sind bedeutender Wirtschaftsfaktor<\/h2>\n<p>Der Schulterschluss der Event-, Schausteller- und Reisebranche macht bewusst, wie gross deren Wirtschaftsfaktor ist. Peter Howald, Pr\u00e4sident Schweizerischer Schaustellerverband, etwa machte deutlich, dass j\u00e4hrlich 11,2 Millionen Besucherinnen und Besucher die Jahrm\u00e4rkte, Chilbis und Messen im Land besuchen und so vielen familiengef\u00fchrten Betrieben die Existenzen sichern. Dies scheint die Politik derzeit noch nicht im ganzen Ausmass erkannt zu haben. Vielmehr scheinen Bund und Kantone die H\u00e4rtefall-Angelegenheit wie eine heisse Kartoffel hin- und herzuschieben, so ein ebenfalls an der Medienkonferenz ge\u00e4ussertes Votum. Und gar nicht gelten l\u00e4sst etwa Andr\u00e9 L\u00fcthi das Argument, dass es eine gewisse Strukturbereinigung brauche. \u00abDie Reisebranche befindet sich schon seit zehn Jahren in dieser Strukturbereinigung. Die meisten Reiseveranstalter haben in der Zwischenzeit ihre Hausaufgaben gemacht. Es braucht auch die kleinen Reiseunternehmen!\u00bb<\/p>\n<h2><strong>&#8222;Die Betroffenen brauchen jetzt Geld&#8220;<\/strong><\/h2>\n<p>Ein offenes Ohr f\u00fcr ihre Anliegen fanden die Vertreter der Reise- und Eventbranchen bei Nationalr\u00e4tin Regula Rytz. Sie begr\u00fcsste es, dass die H\u00e4rtefall-Branchen mit einer Stimme sprechen und will sich f\u00fcr eine Beschleunigung des H\u00e4rtefallprogramms einsetzen. Dass dieses, wie z.B. von Max E. Katz gefordert, sp\u00e4testens am 1. Dezember 2020 operationell greift, h\u00e4lt sie allerdings f\u00fcr wenig realistisch. Wichtig sei es aber, bei Parteien und Kantonsregierungen vehement auf die Dringlichkeit hinzuwirken.<\/p>\n<p>Die Diskussion anl\u00e4sslich der Medienkonferenz zeigte, dass die politischen M\u00fchlen langsamer mahlen, als es die Dringlichkeit der Sachlage eigentlich erfordert. Trotz aller Kritik sch\u00e4tzen die erw\u00e4hnten Branchenvertreter im Grundsatz die H\u00e4rtefall-Regelung im Covid-19-Gesetz, welches an der Herbstsession der Eidgen\u00f6ssischen R\u00e4te beschlossen wurde. Es ist f\u00fcr viele Unternehmen ein Rettungsanker \u2013 dieser muss einfach nun sehr schnell greifen, mit klarer F\u00fchrung. Andr\u00e9 L\u00fcthi: \u00abDie aktuelle Situation h\u00e4tten wir uns so nie ausmalen k\u00f6nnen. Der Bund muss jetzt endlich den Lead \u00fcbernehmen. Es geht nicht, dass die heisse Kartoffel den Kantonen \u00fcbergeben wird.\u00bb Und Andr\u00e9 B\u00e9chir, Senior Advisor Gadget-abc Entertainment Group, erkl\u00e4rte: \u00abDie Schweizer Kulturbranche steht kurz vor dem Kollaps. Unsere 1250 Unternehmen erwirtschaften normalerweise gegen 3 Milliarden Franken pro Jahr und leben heute von ihrem Ersparten. Viele davon k\u00f6nnen sich ohne schnelle Hilfe Ende Jahr nicht mehr \u00fcber die Runden bringen und fallen dann den Steuerzahlerinnen und Steuerzahler ohnehin zur Last. Deshalb appellieren wir alle an Bundesrat, Parlamentarier und Kantone: Die Betroffenen der Branchen brauchen jetzt Geld \u2013 schnell und unkompliziert.\u00bb<\/p>\n<p><em>Quellen: <a href=\"http:\/\/www.expo-event.ch\">EXPO EVENT<\/a>, <a href=\"http:\/\/www.srv.ch\">Schweizer Reise Verband<\/a>, <a href=\"http:\/\/www.svtb-astt.ch\">Schweizer Verband technischer B\u00fchnen und Veranstaltungsberufe<\/a>, <a href=\"http:\/\/www.schausteller-verband-schweiz.ch\">Schweizerischer Schaustellerverband<\/a><\/em><\/p>\n","protected":false},"excerpt":{"rendered":"<p>Das Wasser stehe h\u00f6her als nur bis zum Hals: So schildert Andr\u00e9 L\u00fcthi, VR-Pr\u00e4sident von Globetrotter Travel Service, anl\u00e4sslich einer gemeinsam von den f\u00fchrenden Verb\u00e4nden der Event-, Schausteller- und Reisebranche durchgef\u00fchrten Medienkonferenz am 13. November 2020 die Lage. \u00a0Diese Branchen repr\u00e4sentieren wohl derzeit die meisten H\u00e4rtef\u00e4lle, jene H\u00e4rtef\u00e4lle also, f\u00fcr die das Covid-19-Gesetz eigentlich Hilfe [&hellip;]<\/p>\n","protected":false},"author":4,"featured_media":7333,"comment_status":"closed","ping_status":"closed","sticky":false,"template":"","format":"standard","meta":{"_acf_changed":false,"_yoast_wpseo_focuskw":"Reise- und Eventbranchen","_yoast_wpseo_metadesc":"F\u00fchrende Verterter der Reise- und Eventbranchen wenden sich gemeinsam in einem dramatischen Appell an den Bund und fordern schnelle Hilfe.","articlekey":"","footnotes":""},"categories":[1],"tags":[90,132,492,503,531],"class_list":["post-7332","post","type-post","status-publish","format-standard","has-post-thumbnail","hentry","category-allgemein","tag-branchen","tag-coronavirus","tag-unternehmen","tag-verbaende","tag-wirtschaftspolitik"],"acf":[],"yoast_head":"<!-- This site is optimized with the Yoast SEO plugin v27.4 - https:\/\/yoast.com\/product\/yoast-seo-wordpress\/ -->\n<title>Reise- und Eventbranchen fordern gemeinsam Soforthilfe und klare F\u00fchrung durch den Bund - Organisator<\/title>\n<meta name=\"description\" content=\"F\u00fchrende Verterter der Reise- und Eventbranchen wenden sich gemeinsam in einem dramatischen Appell an den Bund und fordern schnelle Hilfe.\" \/>\n<meta name=\"robots\" content=\"index, follow, max-snippet:-1, max-image-preview:large, max-video-preview:-1\" \/>\n<link rel=\"canonical\" href=\"https:\/\/www.organisator.ch\/de\/allgemein\/2020-11-13\/reise-und-eventbranchen-fordern-gemeinsam-soforthilfe-und-klare-fuehrung-durch-den-bund\/\" \/>\n<meta property=\"og:locale\" content=\"de_DE\" \/>\n<meta property=\"og:type\" content=\"article\" \/>\n<meta property=\"og:title\" content=\"Reise- und Eventbranchen fordern gemeinsam Soforthilfe und klare F\u00fchrung durch den Bund\" \/>\n<meta property=\"og:description\" content=\"F\u00fchrende Vertreter der Reise- und Eventbranchen wenden sich gemeinsam in einem dramatischen Appell an den Bund und fordern schnelle Hilfe.\" \/>\n<meta property=\"og:url\" content=\"https:\/\/www.organisator.ch\/de\/allgemein\/2020-11-13\/reise-und-eventbranchen-fordern-gemeinsam-soforthilfe-und-klare-fuehrung-durch-den-bund\/\" \/>\n<meta property=\"og:site_name\" content=\"Organisator\" \/>\n<meta property=\"article:publisher\" content=\"https:\/\/www.facebook.com\/OrganisatorFachmagazin\" \/>\n<meta property=\"article:published_time\" content=\"2020-11-13T16:02:04+00:00\" \/>\n<meta property=\"og:image\" content=\"https:\/\/www.organisator.ch\/wp-content\/uploads\/2020\/11\/Reise-und-Eventbranchen-fordern-gemeinsam-Soforthilfe-und-klare-Fuehrung-durch-den-Bund_Organisator.jpg\" \/>\n\t<meta property=\"og:image:width\" content=\"680\" \/>\n\t<meta property=\"og:image:height\" content=\"213\" \/>\n\t<meta property=\"og:image:type\" content=\"image\/jpeg\" \/>\n<meta name=\"author\" content=\"thomas.berner\" \/>\n<meta name=\"twitter:card\" content=\"summary_large_image\" \/>\n<meta name=\"twitter:title\" content=\"Reise- und #Eventbranchen fordern gemeinsam #Soforthilfe und klare F\u00fchrung durch den Bund\" \/>\n<meta name=\"twitter:description\" content=\"F\u00fchrende Vertreter der Reise- und #Eventbranchen wenden sich gemeinsam in einem dramatischen Appell an den Bund und fordern schnelle Hilfe.\" \/>\n<meta name=\"twitter:image\" content=\"https:\/\/www.organisator.ch\/wp-content\/uploads\/2020\/11\/Reise-und-Eventbranchen-fordern-gemeinsam-Soforthilfe-und-klare-Fuehrung-durch-den-Bund_Organisator.jpg\" \/>\n<script type=\"application\/ld+json\" class=\"yoast-schema-graph\">{\"@context\":\"https:\\\/\\\/schema.org\",\"@graph\":[{\"@type\":\"Article\",\"@id\":\"https:\\\/\\\/www.organisator.ch\\\/de\\\/allgemein\\\/2020-11-13\\\/reise-und-eventbranchen-fordern-gemeinsam-soforthilfe-und-klare-fuehrung-durch-den-bund\\\/#article\",\"isPartOf\":{\"@id\":\"https:\\\/\\\/www.organisator.ch\\\/de\\\/allgemein\\\/2020-11-13\\\/reise-und-eventbranchen-fordern-gemeinsam-soforthilfe-und-klare-fuehrung-durch-den-bund\\\/\"},\"author\":{\"name\":\"thomas.berner\",\"@id\":\"https:\\\/\\\/www.organisator.ch\\\/#\\\/schema\\\/person\\\/6f650f90b2842cd4c0cc334b4e36f67e\"},\"headline\":\"Reise- und Eventbranchen fordern gemeinsam Soforthilfe und klare F\u00fchrung durch den Bund\",\"datePublished\":\"2020-11-13T16:02:04+00:00\",\"mainEntityOfPage\":{\"@id\":\"https:\\\/\\\/www.organisator.ch\\\/de\\\/allgemein\\\/2020-11-13\\\/reise-und-eventbranchen-fordern-gemeinsam-soforthilfe-und-klare-fuehrung-durch-den-bund\\\/\"},\"wordCount\":770,\"publisher\":{\"@id\":\"https:\\\/\\\/www.organisator.ch\\\/#organization\"},\"image\":{\"@id\":\"https:\\\/\\\/www.organisator.ch\\\/de\\\/allgemein\\\/2020-11-13\\\/reise-und-eventbranchen-fordern-gemeinsam-soforthilfe-und-klare-fuehrung-durch-den-bund\\\/#primaryimage\"},\"thumbnailUrl\":\"https:\\\/\\\/www.organisator.ch\\\/wp-content\\\/uploads\\\/2020\\\/11\\\/Reise-und-Eventbranchen-fordern-gemeinsam-Soforthilfe-und-klare-Fuehrung-durch-den-Bund_Organisator.jpg\",\"keywords\":[\"Branchen\",\"Coronavirus\",\"Unternehmen\",\"Verb\u00e4nde\",\"Wirtschaftspolitik\"],\"inLanguage\":\"de\"},{\"@type\":\"WebPage\",\"@id\":\"https:\\\/\\\/www.organisator.ch\\\/de\\\/allgemein\\\/2020-11-13\\\/reise-und-eventbranchen-fordern-gemeinsam-soforthilfe-und-klare-fuehrung-durch-den-bund\\\/\",\"url\":\"https:\\\/\\\/www.organisator.ch\\\/de\\\/allgemein\\\/2020-11-13\\\/reise-und-eventbranchen-fordern-gemeinsam-soforthilfe-und-klare-fuehrung-durch-den-bund\\\/\",\"name\":\"Reise- und Eventbranchen fordern gemeinsam Soforthilfe und klare F\u00fchrung durch den Bund - Organisator\",\"isPartOf\":{\"@id\":\"https:\\\/\\\/www.organisator.ch\\\/#website\"},\"primaryImageOfPage\":{\"@id\":\"https:\\\/\\\/www.organisator.ch\\\/de\\\/allgemein\\\/2020-11-13\\\/reise-und-eventbranchen-fordern-gemeinsam-soforthilfe-und-klare-fuehrung-durch-den-bund\\\/#primaryimage\"},\"image\":{\"@id\":\"https:\\\/\\\/www.organisator.ch\\\/de\\\/allgemein\\\/2020-11-13\\\/reise-und-eventbranchen-fordern-gemeinsam-soforthilfe-und-klare-fuehrung-durch-den-bund\\\/#primaryimage\"},\"thumbnailUrl\":\"https:\\\/\\\/www.organisator.ch\\\/wp-content\\\/uploads\\\/2020\\\/11\\\/Reise-und-Eventbranchen-fordern-gemeinsam-Soforthilfe-und-klare-Fuehrung-durch-den-Bund_Organisator.jpg\",\"datePublished\":\"2020-11-13T16:02:04+00:00\",\"description\":\"F\u00fchrende Verterter der Reise- und Eventbranchen wenden sich gemeinsam in einem dramatischen Appell an den Bund und fordern schnelle Hilfe.\",\"breadcrumb\":{\"@id\":\"https:\\\/\\\/www.organisator.ch\\\/de\\\/allgemein\\\/2020-11-13\\\/reise-und-eventbranchen-fordern-gemeinsam-soforthilfe-und-klare-fuehrung-durch-den-bund\\\/#breadcrumb\"},\"inLanguage\":\"de\",\"potentialAction\":[{\"@type\":\"ReadAction\",\"target\":[\"https:\\\/\\\/www.organisator.ch\\\/de\\\/allgemein\\\/2020-11-13\\\/reise-und-eventbranchen-fordern-gemeinsam-soforthilfe-und-klare-fuehrung-durch-den-bund\\\/\"]}]},{\"@type\":\"ImageObject\",\"inLanguage\":\"de\",\"@id\":\"https:\\\/\\\/www.organisator.ch\\\/de\\\/allgemein\\\/2020-11-13\\\/reise-und-eventbranchen-fordern-gemeinsam-soforthilfe-und-klare-fuehrung-durch-den-bund\\\/#primaryimage\",\"url\":\"https:\\\/\\\/www.organisator.ch\\\/wp-content\\\/uploads\\\/2020\\\/11\\\/Reise-und-Eventbranchen-fordern-gemeinsam-Soforthilfe-und-klare-Fuehrung-durch-den-Bund_Organisator.jpg\",\"contentUrl\":\"https:\\\/\\\/www.organisator.ch\\\/wp-content\\\/uploads\\\/2020\\\/11\\\/Reise-und-Eventbranchen-fordern-gemeinsam-Soforthilfe-und-klare-Fuehrung-durch-den-Bund_Organisator.jpg\",\"width\":680,\"height\":213,\"caption\":\"Vertreter der Reise- und Eventbranchen fordern Richtige Hilfe \u2013 jetzt, schnell und unkompliziert.\"},{\"@type\":\"BreadcrumbList\",\"@id\":\"https:\\\/\\\/www.organisator.ch\\\/de\\\/allgemein\\\/2020-11-13\\\/reise-und-eventbranchen-fordern-gemeinsam-soforthilfe-und-klare-fuehrung-durch-den-bund\\\/#breadcrumb\",\"itemListElement\":[{\"@type\":\"ListItem\",\"position\":1,\"name\":\"Home\",\"item\":\"https:\\\/\\\/www.organisator.ch\\\/\"},{\"@type\":\"ListItem\",\"position\":2,\"name\":\"Reise- und Eventbranchen fordern gemeinsam Soforthilfe und klare F\u00fchrung durch den Bund\"}]},{\"@type\":\"WebSite\",\"@id\":\"https:\\\/\\\/www.organisator.ch\\\/#website\",\"url\":\"https:\\\/\\\/www.organisator.ch\\\/\",\"name\":\"Organisator\",\"description\":\"Kompetent. Praxisnah. Der ORGANISATOR bereitet in 10 Ausgaben pro Jahr die wesentlichen Themen f\u00fcr F\u00fchrungskr\u00e4fte von KMU auf.\",\"publisher\":{\"@id\":\"https:\\\/\\\/www.organisator.ch\\\/#organization\"},\"potentialAction\":[{\"@type\":\"SearchAction\",\"target\":{\"@type\":\"EntryPoint\",\"urlTemplate\":\"https:\\\/\\\/www.organisator.ch\\\/?s={search_term_string}\"},\"query-input\":{\"@type\":\"PropertyValueSpecification\",\"valueRequired\":true,\"valueName\":\"search_term_string\"}}],\"inLanguage\":\"de\"},{\"@type\":\"Organization\",\"@id\":\"https:\\\/\\\/www.organisator.ch\\\/#organization\",\"name\":\"Organisator\",\"url\":\"https:\\\/\\\/www.organisator.ch\\\/\",\"logo\":{\"@type\":\"ImageObject\",\"inLanguage\":\"de\",\"@id\":\"https:\\\/\\\/www.organisator.ch\\\/#\\\/schema\\\/logo\\\/image\\\/\",\"url\":\"https:\\\/\\\/www.organisator.ch\\\/wp-content\\\/uploads\\\/2022\\\/01\\\/Logo_Organisator_Website.png\",\"contentUrl\":\"https:\\\/\\\/www.organisator.ch\\\/wp-content\\\/uploads\\\/2022\\\/01\\\/Logo_Organisator_Website.png\",\"width\":800,\"height\":77,\"caption\":\"Organisator\"},\"image\":{\"@id\":\"https:\\\/\\\/www.organisator.ch\\\/#\\\/schema\\\/logo\\\/image\\\/\"},\"sameAs\":[\"https:\\\/\\\/www.facebook.com\\\/OrganisatorFachmagazin\",\"https:\\\/\\\/www.linkedin.com\\\/showcase\\\/organisator-das-magazin-fr-kmu\",\"https:\\\/\\\/www.xing.com\\\/news\\\/pages\\\/organisator-ch-695\",\"https:\\\/\\\/www.youtube.com\\\/channel\\\/UCGP2Sq0iWaZwT3BdIAQFYpw\"]},{\"@type\":\"Person\",\"@id\":\"https:\\\/\\\/www.organisator.ch\\\/#\\\/schema\\\/person\\\/6f650f90b2842cd4c0cc334b4e36f67e\",\"name\":\"thomas.berner\",\"image\":{\"@type\":\"ImageObject\",\"inLanguage\":\"de\",\"@id\":\"https:\\\/\\\/secure.gravatar.com\\\/avatar\\\/ac5001d2a36cb6c6cd3e50789007ffca834b477b74a2144564522e944eabff61?s=96&d=mm&r=g\",\"url\":\"https:\\\/\\\/secure.gravatar.com\\\/avatar\\\/ac5001d2a36cb6c6cd3e50789007ffca834b477b74a2144564522e944eabff61?s=96&d=mm&r=g\",\"contentUrl\":\"https:\\\/\\\/secure.gravatar.com\\\/avatar\\\/ac5001d2a36cb6c6cd3e50789007ffca834b477b74a2144564522e944eabff61?s=96&d=mm&r=g\",\"caption\":\"thomas.berner\"},\"url\":\"https:\\\/\\\/www.organisator.ch\\\/de\\\/author\\\/thomas-berner\\\/\"}]}<\/script>\n<!-- \/ Yoast SEO plugin. -->","yoast_head_json":{"title":"Reise- und Eventbranchen fordern gemeinsam Soforthilfe und klare F\u00fchrung durch den Bund - Organisator","description":"F\u00fchrende Verterter der Reise- und Eventbranchen wenden sich gemeinsam in einem dramatischen Appell an den Bund und fordern schnelle Hilfe.","robots":{"index":"index","follow":"follow","max-snippet":"max-snippet:-1","max-image-preview":"max-image-preview:large","max-video-preview":"max-video-preview:-1"},"canonical":"https:\/\/www.organisator.ch\/de\/allgemein\/2020-11-13\/reise-und-eventbranchen-fordern-gemeinsam-soforthilfe-und-klare-fuehrung-durch-den-bund\/","og_locale":"de_DE","og_type":"article","og_title":"Reise- und Eventbranchen fordern gemeinsam Soforthilfe und klare F\u00fchrung durch den Bund","og_description":"F\u00fchrende Vertreter der Reise- und Eventbranchen wenden sich gemeinsam in einem dramatischen Appell an den Bund und fordern schnelle Hilfe.","og_url":"https:\/\/www.organisator.ch\/de\/allgemein\/2020-11-13\/reise-und-eventbranchen-fordern-gemeinsam-soforthilfe-und-klare-fuehrung-durch-den-bund\/","og_site_name":"Organisator","article_publisher":"https:\/\/www.facebook.com\/OrganisatorFachmagazin","article_published_time":"2020-11-13T16:02:04+00:00","og_image":[{"width":680,"height":213,"url":"https:\/\/www.organisator.ch\/wp-content\/uploads\/2020\/11\/Reise-und-Eventbranchen-fordern-gemeinsam-Soforthilfe-und-klare-Fuehrung-durch-den-Bund_Organisator.jpg","type":"image\/jpeg"}],"author":"thomas.berner","twitter_card":"summary_large_image","twitter_title":"Reise- und #Eventbranchen fordern gemeinsam #Soforthilfe und klare F\u00fchrung durch den Bund","twitter_description":"F\u00fchrende Vertreter der Reise- und #Eventbranchen wenden sich gemeinsam in einem dramatischen Appell an den Bund und fordern schnelle Hilfe.","twitter_image":"https:\/\/www.organisator.ch\/wp-content\/uploads\/2020\/11\/Reise-und-Eventbranchen-fordern-gemeinsam-Soforthilfe-und-klare-Fuehrung-durch-den-Bund_Organisator.jpg","schema":{"@context":"https:\/\/schema.org","@graph":[{"@type":"Article","@id":"https:\/\/www.organisator.ch\/de\/allgemein\/2020-11-13\/reise-und-eventbranchen-fordern-gemeinsam-soforthilfe-und-klare-fuehrung-durch-den-bund\/#article","isPartOf":{"@id":"https:\/\/www.organisator.ch\/de\/allgemein\/2020-11-13\/reise-und-eventbranchen-fordern-gemeinsam-soforthilfe-und-klare-fuehrung-durch-den-bund\/"},"author":{"name":"thomas.berner","@id":"https:\/\/www.organisator.ch\/#\/schema\/person\/6f650f90b2842cd4c0cc334b4e36f67e"},"headline":"Reise- und Eventbranchen fordern gemeinsam Soforthilfe und klare F\u00fchrung durch den Bund","datePublished":"2020-11-13T16:02:04+00:00","mainEntityOfPage":{"@id":"https:\/\/www.organisator.ch\/de\/allgemein\/2020-11-13\/reise-und-eventbranchen-fordern-gemeinsam-soforthilfe-und-klare-fuehrung-durch-den-bund\/"},"wordCount":770,"publisher":{"@id":"https:\/\/www.organisator.ch\/#organization"},"image":{"@id":"https:\/\/www.organisator.ch\/de\/allgemein\/2020-11-13\/reise-und-eventbranchen-fordern-gemeinsam-soforthilfe-und-klare-fuehrung-durch-den-bund\/#primaryimage"},"thumbnailUrl":"https:\/\/www.organisator.ch\/wp-content\/uploads\/2020\/11\/Reise-und-Eventbranchen-fordern-gemeinsam-Soforthilfe-und-klare-Fuehrung-durch-den-Bund_Organisator.jpg","keywords":["Branchen","Coronavirus","Unternehmen","Verb\u00e4nde","Wirtschaftspolitik"],"inLanguage":"de"},{"@type":"WebPage","@id":"https:\/\/www.organisator.ch\/de\/allgemein\/2020-11-13\/reise-und-eventbranchen-fordern-gemeinsam-soforthilfe-und-klare-fuehrung-durch-den-bund\/","url":"https:\/\/www.organisator.ch\/de\/allgemein\/2020-11-13\/reise-und-eventbranchen-fordern-gemeinsam-soforthilfe-und-klare-fuehrung-durch-den-bund\/","name":"Reise- und Eventbranchen fordern gemeinsam Soforthilfe und klare F\u00fchrung durch den Bund - Organisator","isPartOf":{"@id":"https:\/\/www.organisator.ch\/#website"},"primaryImageOfPage":{"@id":"https:\/\/www.organisator.ch\/de\/allgemein\/2020-11-13\/reise-und-eventbranchen-fordern-gemeinsam-soforthilfe-und-klare-fuehrung-durch-den-bund\/#primaryimage"},"image":{"@id":"https:\/\/www.organisator.ch\/de\/allgemein\/2020-11-13\/reise-und-eventbranchen-fordern-gemeinsam-soforthilfe-und-klare-fuehrung-durch-den-bund\/#primaryimage"},"thumbnailUrl":"https:\/\/www.organisator.ch\/wp-content\/uploads\/2020\/11\/Reise-und-Eventbranchen-fordern-gemeinsam-Soforthilfe-und-klare-Fuehrung-durch-den-Bund_Organisator.jpg","datePublished":"2020-11-13T16:02:04+00:00","description":"F\u00fchrende Verterter der Reise- und Eventbranchen wenden sich gemeinsam in einem dramatischen Appell an den Bund und fordern schnelle Hilfe.","breadcrumb":{"@id":"https:\/\/www.organisator.ch\/de\/allgemein\/2020-11-13\/reise-und-eventbranchen-fordern-gemeinsam-soforthilfe-und-klare-fuehrung-durch-den-bund\/#breadcrumb"},"inLanguage":"de","potentialAction":[{"@type":"ReadAction","target":["https:\/\/www.organisator.ch\/de\/allgemein\/2020-11-13\/reise-und-eventbranchen-fordern-gemeinsam-soforthilfe-und-klare-fuehrung-durch-den-bund\/"]}]},{"@type":"ImageObject","inLanguage":"de","@id":"https:\/\/www.organisator.ch\/de\/allgemein\/2020-11-13\/reise-und-eventbranchen-fordern-gemeinsam-soforthilfe-und-klare-fuehrung-durch-den-bund\/#primaryimage","url":"https:\/\/www.organisator.ch\/wp-content\/uploads\/2020\/11\/Reise-und-Eventbranchen-fordern-gemeinsam-Soforthilfe-und-klare-Fuehrung-durch-den-Bund_Organisator.jpg","contentUrl":"https:\/\/www.organisator.ch\/wp-content\/uploads\/2020\/11\/Reise-und-Eventbranchen-fordern-gemeinsam-Soforthilfe-und-klare-Fuehrung-durch-den-Bund_Organisator.jpg","width":680,"height":213,"caption":"Vertreter der Reise- und Eventbranchen fordern Richtige Hilfe \u2013 jetzt, schnell und unkompliziert."},{"@type":"BreadcrumbList","@id":"https:\/\/www.organisator.ch\/de\/allgemein\/2020-11-13\/reise-und-eventbranchen-fordern-gemeinsam-soforthilfe-und-klare-fuehrung-durch-den-bund\/#breadcrumb","itemListElement":[{"@type":"ListItem","position":1,"name":"Home","item":"https:\/\/www.organisator.ch\/"},{"@type":"ListItem","position":2,"name":"Reise- und Eventbranchen fordern gemeinsam Soforthilfe und klare F\u00fchrung durch den Bund"}]},{"@type":"WebSite","@id":"https:\/\/www.organisator.ch\/#website","url":"https:\/\/www.organisator.ch\/","name":"Organisator","description":"Kompetent. Praxisnah. Der ORGANISATOR bereitet in 10 Ausgaben pro Jahr die wesentlichen Themen f\u00fcr F\u00fchrungskr\u00e4fte von KMU auf.","publisher":{"@id":"https:\/\/www.organisator.ch\/#organization"},"potentialAction":[{"@type":"SearchAction","target":{"@type":"EntryPoint","urlTemplate":"https:\/\/www.organisator.ch\/?s={search_term_string}"},"query-input":{"@type":"PropertyValueSpecification","valueRequired":true,"valueName":"search_term_string"}}],"inLanguage":"de"},{"@type":"Organization","@id":"https:\/\/www.organisator.ch\/#organization","name":"Organisator","url":"https:\/\/www.organisator.ch\/","logo":{"@type":"ImageObject","inLanguage":"de","@id":"https:\/\/www.organisator.ch\/#\/schema\/logo\/image\/","url":"https:\/\/www.organisator.ch\/wp-content\/uploads\/2022\/01\/Logo_Organisator_Website.png","contentUrl":"https:\/\/www.organisator.ch\/wp-content\/uploads\/2022\/01\/Logo_Organisator_Website.png","width":800,"height":77,"caption":"Organisator"},"image":{"@id":"https:\/\/www.organisator.ch\/#\/schema\/logo\/image\/"},"sameAs":["https:\/\/www.facebook.com\/OrganisatorFachmagazin","https:\/\/www.linkedin.com\/showcase\/organisator-das-magazin-fr-kmu","https:\/\/www.xing.com\/news\/pages\/organisator-ch-695","https:\/\/www.youtube.com\/channel\/UCGP2Sq0iWaZwT3BdIAQFYpw"]},{"@type":"Person","@id":"https:\/\/www.organisator.ch\/#\/schema\/person\/6f650f90b2842cd4c0cc334b4e36f67e","name":"thomas.berner","image":{"@type":"ImageObject","inLanguage":"de","@id":"https:\/\/secure.gravatar.com\/avatar\/ac5001d2a36cb6c6cd3e50789007ffca834b477b74a2144564522e944eabff61?s=96&d=mm&r=g","url":"https:\/\/secure.gravatar.com\/avatar\/ac5001d2a36cb6c6cd3e50789007ffca834b477b74a2144564522e944eabff61?s=96&d=mm&r=g","contentUrl":"https:\/\/secure.gravatar.com\/avatar\/ac5001d2a36cb6c6cd3e50789007ffca834b477b74a2144564522e944eabff61?s=96&d=mm&r=g","caption":"thomas.berner"},"url":"https:\/\/www.organisator.ch\/de\/author\/thomas-berner\/"}]}},"_links":{"self":[{"href":"https:\/\/www.organisator.ch\/de\/wp-json\/wp\/v2\/posts\/7332","targetHints":{"allow":["GET"]}}],"collection":[{"href":"https:\/\/www.organisator.ch\/de\/wp-json\/wp\/v2\/posts"}],"about":[{"href":"https:\/\/www.organisator.ch\/de\/wp-json\/wp\/v2\/types\/post"}],"author":[{"embeddable":true,"href":"https:\/\/www.organisator.ch\/de\/wp-json\/wp\/v2\/users\/4"}],"replies":[{"embeddable":true,"href":"https:\/\/www.organisator.ch\/de\/wp-json\/wp\/v2\/comments?post=7332"}],"version-history":[{"count":0,"href":"https:\/\/www.organisator.ch\/de\/wp-json\/wp\/v2\/posts\/7332\/revisions"}],"wp:featuredmedia":[{"embeddable":true,"href":"https:\/\/www.organisator.ch\/de\/wp-json\/wp\/v2\/media\/7333"}],"wp:attachment":[{"href":"https:\/\/www.organisator.ch\/de\/wp-json\/wp\/v2\/media?parent=7332"}],"wp:term":[{"taxonomy":"category","embeddable":true,"href":"https:\/\/www.organisator.ch\/de\/wp-json\/wp\/v2\/categories?post=7332"},{"taxonomy":"post_tag","embeddable":true,"href":"https:\/\/www.organisator.ch\/de\/wp-json\/wp\/v2\/tags?post=7332"}],"curies":[{"name":"wp","href":"https:\/\/api.w.org\/{rel}","templated":true}]}}