{"id":7335,"date":"2020-11-16T16:46:46","date_gmt":"2020-11-16T15:46:46","guid":{"rendered":"https:\/\/www.organisator.ch\/?p=7335"},"modified":"2020-11-16T16:46:46","modified_gmt":"2020-11-16T15:46:46","slug":"notwendigkeit-der-digitalisierung-corona-raeumt-zweifel-daran-aus","status":"publish","type":"post","link":"https:\/\/www.organisator.ch\/de\/management\/it\/2020-11-16\/notwendigkeit-der-digitalisierung-corona-raeumt-zweifel-daran-aus\/","title":{"rendered":"Notwendigkeit der Digitalisierung: Corona r\u00e4umt Zweifel daran aus"},"content":{"rendered":"<figure id=\"attachment_7336\" aria-describedby=\"caption-attachment-7336\" style=\"width: 680px\" class=\"wp-caption alignnone\"><img loading=\"lazy\" decoding=\"async\" class=\"size-medium wp-image-7336\" src=\"https:\/\/www.organisator.ch\/wp-content\/uploads\/2020\/11\/Notwendigkeit-der-Digitalisierung-Corona-raeumt-Zweifel-daran-aus_Organisator.jpg\" alt=\"\" width=\"680\" height=\"444\" srcset=\"https:\/\/www.organisator.ch\/wp-content\/uploads\/2020\/11\/Notwendigkeit-der-Digitalisierung-Corona-raeumt-Zweifel-daran-aus_Organisator.jpg 680w, https:\/\/www.organisator.ch\/wp-content\/uploads\/2020\/11\/Notwendigkeit-der-Digitalisierung-Corona-raeumt-Zweifel-daran-aus_Organisator-16x10.jpg 16w, https:\/\/www.organisator.ch\/wp-content\/uploads\/2020\/11\/Notwendigkeit-der-Digitalisierung-Corona-raeumt-Zweifel-daran-aus_Organisator-268x175.jpg 268w, https:\/\/www.organisator.ch\/wp-content\/uploads\/2020\/11\/Notwendigkeit-der-Digitalisierung-Corona-raeumt-Zweifel-daran-aus_Organisator-536x350.jpg 536w, https:\/\/www.organisator.ch\/wp-content\/uploads\/2020\/11\/Notwendigkeit-der-Digitalisierung-Corona-raeumt-Zweifel-daran-aus_Organisator-300x196.jpg 300w\" sizes=\"auto, (max-width: 680px) 100vw, 680px\" \/><figcaption id=\"caption-attachment-7336\" class=\"wp-caption-text\">Die Notwendigkeit der Digitalisierung erkennen: Eine Studie der Technische Hochschule Mittelhessen unterstreicht den Handlungsbedarf im Mittelstand f\u00fcr digitale Gesch\u00e4ftsprozesse und -modelle. (Grafik: THM)<\/figcaption><\/figure>\n<p>Die Corona-Pandemie f\u00fchrt vor Augen, dass der Digitalisierungsgrad in vielen Unternehmen unabh\u00e4ngig von ihrer Gr\u00f6sse noch zu niedrig ist. Die Notwendigkeit der Digitalisierung und damit der zwingende Bedarf nach digitalen Gesch\u00e4ftsprozessen werde zwar erkannt, die teilweise l\u00e4ngst erstellten Proof of Concepts w\u00fcrden aber noch viel zu wenig umgesetzt. Diesen Status-quo untermauerte die Gesch\u00e4f\u00adts\u00adf\u00fchrerin des \u201eSEF Smart Electronic Factory e.V.\u201c (<a href=\"http:\/\/www.SmartElectronicFactory.de\">www.SmartElectronicFactory.de<\/a>) Maria Christina Bienek in einem Vortrag auf dem European Big Data Value Forum &#8222;Market uptake: Bringing AI and Data Science to Practice&#8220;. Der SEF Smart Electronic Factory e.V. betreibt\u00a0 mit seinen Mitgliedern aus Wirtschaft, Forschung und Wissenschaft in realen Fabriken umfassende Forschungs- und Entwicklungsumgebungen f\u00fcr Industrie 4.0-Anwendungen. Alle dabei entwickelten L\u00f6sungen haben zum Ziel, Industrie 4.0 \u2013 insbesondere f\u00fcr den Mittelstand \u2013 wirtschaftlich und nutzbringend in die Praxis zu bringen.<\/p>\n<h2>Notwendigkeit der Digitalisierung erkennen<\/h2>\n<p>Eine aktuelle Studie der Technischen Hochschule Mittelhessen (THM), Mitglied des SEF-Verein, belegt nun eine gewisse Tr\u00e4gheit, was die Digitalisierung anbelangt. In Deutschland habe die gute Auftragslage der vergangenen Jahre dazu gef\u00fchrt, dass insbesondere bei mittelst\u00e4ndischen Unternehmen nicht genug Zeit und Energie in die Digitalisierung geflossen sei, erkl\u00e4rt etwa Prof. Dr. Gerrit Sames der Technische Hochschule Mittelhessen in Giessen.<\/p>\n<p>Maria Christina Bienek, Gesch\u00e4ftsf\u00fchrerin des SEF Smart Electronic Factory e.V., erg\u00e4nzt: \u201eViele Unternehmen sind nun sensibilisiert. Sie wissen ob der Notwendigkeit, ben\u00f6tigen jedoch praktische Beispiele daf\u00fcr, wie die Digitalisierung funktionieren kann. Entsprechende Tests und Evaluierungen sind f\u00fcr sie sehr wichtig, damit der Mittelstand schnell weg von der Theorie hin zur bedarfsgerechten Umsetzung kommt.\u201c<\/p>\n<h2><strong>Standards f\u00fcr die Industrie 4.0 in Deutschland und Europa erforderlich<\/strong><\/h2>\n<p>Stellvertretend f\u00fcr den SEF zeigte Maria Christina Bienek beim European Big Data Value Forum &#8222;Market uptake: Bringing AI and Data Science to Practice&#8220; den Stand und die Entwicklung der Digitalisierung im deutschen Mittelstand auf. Unter anderem beleuchtete sie drei wesentliche Aspekte: Bedeutung von Tests und Beispielen f\u00fcr die Marktakzeptanz, die Besonderheiten der Fertigungsindustrie und die Voraussetzung eines gemeinsamen europ\u00e4ischen Datenraums f\u00fcr die Fertigung (Datenaustausch und Interoperabilit\u00e4t).<\/p>\n<p>\u201eMit der Gr\u00fcndung der &#8222;Industrial Digital Twin Association&#8220; und der europ\u00e4ischen Genossenschaft Gaia X wurden jetzt zwei Grundlagen gelegt, um ein transparentes, sicheres und anwendbares Umfeld f\u00fcr datengetriebene Gesch\u00e4ftsideen zu schaffen. Ein gemeinsamer europ\u00e4ischer Datenraum ist f\u00fcr die Fertigung ein wichtiger Grundstein f\u00fcr eine funktionierende digitale Wertsch\u00f6pfung und wird positive Auswirkungen auf das deutsche und europ\u00e4ische \u00d6kosystem haben\u201c, erkl\u00e4rt Maria Christina Bienek. Sie erg\u00e4nzt: \u201eDie Herausforderungen f\u00fcr die Produktionsindustrie sind gro\u00df: weltweit vernetzte Lieferketten, Klimaschutz, Sicherheit &#8230; dies alles wird die Bereiche Technik, Produktion, Logistik, Mobilit\u00e4t, Dienstleistung und Verwaltung massiv ver\u00e4ndern. Daf\u00fcr muss Europa digitale Infrastrukturen schaffen, die die digitale Souver\u00e4nit\u00e4t der Anwender gew\u00e4hrleisten, ansonsten wird der Mittelstand die Vorteile der Digitalisierung weiterhin nicht nutzen und die M\u00f6glichkeiten nicht ergreifen.\u201c<\/p>\n<h2><strong>THM-Studie unterstreicht: Unternehmen sollten Priorit\u00e4ten \u00fcberdenken<\/strong><\/h2>\n<p>Die erw\u00e4hnte Studie der Technischen Hochschule Mittelhessen wurde unter mittelst\u00e4ndischen Unternehmen in Deutschland durchgef\u00fchrt. 107 Firmen nahmen daran Teil. Beleuchtet wurde der Status-quo der Digitalisierung von Gesch\u00e4ftsprozessen und -modellen.\u00a0\u201eEs l\u00e4sst sich zusammenfassen, dass nach wie vor das physische Produkt im Mittelpunkt der Gesch\u00e4ftsmodelle steht und wenig M\u00f6glichkeiten, wie z. B. Service-Angebote, zur Erweiterung genutzt werden. Bemerkenswert sind die Hinderungsgr\u00fcnde, warum bei der Digitalisierung der Gesch\u00e4ftsmodelle so wenig Fortschritt gemacht wurde. Die Antwort sind fehlende Kapazit\u00e4t und zu wenig ausgebildete Mitarbeiter, was vermutlich aus der Priorit\u00e4tensetzung resultiert. Hier dominiert aktuell das Tagesgesch\u00e4ft. Wir empfehlen die durch die Corona-Pandemie ausgel\u00f6sten neuen Erkenntnisse zur Notwendigkeit der Digitalisierung schnellstm\u00f6glich in die Tat umzusetzen\u201c, erkl\u00e4rt Prof. Dr. Gerrit Sames. Eine Empfehlung, die bestimmt nicht nur f\u00fcr KMU in Deutschland gilt&#8230;<\/p>\n<p><em>Quelle: <a href=\"http:\/\/www.SmartElectronicFactory.de\">Smart Electronic Factory e.V.<\/a><\/em><\/p>\n","protected":false},"excerpt":{"rendered":"<p>Die Corona-Pandemie f\u00fchrt vor Augen, dass der Digitalisierungsgrad in vielen Unternehmen unabh\u00e4ngig von ihrer Gr\u00f6sse noch zu niedrig ist. Die Notwendigkeit der Digitalisierung und damit der zwingende Bedarf nach digitalen Gesch\u00e4ftsprozessen werde zwar erkannt, die teilweise l\u00e4ngst erstellten Proof of Concepts w\u00fcrden aber noch viel zu wenig umgesetzt. Diesen Status-quo untermauerte die Gesch\u00e4f\u00adts\u00adf\u00fchrerin des \u201eSEF [&hellip;]<\/p>\n","protected":false},"author":4,"featured_media":7336,"comment_status":"closed","ping_status":"closed","sticky":false,"template":"","format":"standard","meta":{"_acf_changed":false,"_yoast_wpseo_focuskw":"Notwendigkeit der Digitalisierung","_yoast_wpseo_metadesc":"Wer bis anhin an der Notwendigkeit der Digitalisierung gezweifelt hat, d\u00fcrfte wegen Corona nun zu einem anderen Schluss kommen, wie eine neue Studie zeigt.","articlekey":"","footnotes":""},"categories":[27],"tags":[132,156,267,437,459],"class_list":["post-7335","post","type-post","status-publish","format-standard","has-post-thumbnail","hentry","category-it","tag-coronavirus","tag-digitalisierung","tag-industrie-4-0","tag-smart-factory","tag-studie"],"acf":[],"yoast_head":"<!-- This site is optimized with the Yoast SEO plugin v27.4 - https:\/\/yoast.com\/product\/yoast-seo-wordpress\/ -->\n<title>Notwendigkeit der Digitalisierung: Corona r\u00e4umt Zweifel daran aus - Organisator<\/title>\n<meta name=\"description\" content=\"Wer bis anhin an der Notwendigkeit der Digitalisierung gezweifelt hat, d\u00fcrfte wegen Corona nun zu einem anderen Schluss kommen, wie eine neue Studie zeigt.\" \/>\n<meta name=\"robots\" content=\"index, follow, max-snippet:-1, max-image-preview:large, max-video-preview:-1\" \/>\n<link rel=\"canonical\" href=\"https:\/\/www.organisator.ch\/de\/management\/it\/2020-11-16\/notwendigkeit-der-digitalisierung-corona-raeumt-zweifel-daran-aus\/\" \/>\n<meta property=\"og:locale\" content=\"de_DE\" \/>\n<meta property=\"og:type\" content=\"article\" \/>\n<meta property=\"og:title\" content=\"Notwendigkeit der Digitalisierung: Corona r\u00e4umt Zweifel daran aus\" \/>\n<meta property=\"og:description\" content=\"Wer bis anhin an der Notwendigkeit der Digitalisierung gezweifelt hat, d\u00fcrfte wegen Corona nun zu einem anderen Schluss kommen, wie eine neue Studie zeigt.\" \/>\n<meta property=\"og:url\" content=\"https:\/\/www.organisator.ch\/de\/management\/it\/2020-11-16\/notwendigkeit-der-digitalisierung-corona-raeumt-zweifel-daran-aus\/\" \/>\n<meta property=\"og:site_name\" content=\"Organisator\" \/>\n<meta property=\"article:publisher\" content=\"https:\/\/www.facebook.com\/OrganisatorFachmagazin\" \/>\n<meta property=\"article:published_time\" content=\"2020-11-16T15:46:46+00:00\" \/>\n<meta property=\"og:image\" content=\"https:\/\/www.organisator.ch\/wp-content\/uploads\/2020\/11\/Notwendigkeit-der-Digitalisierung-Corona-raeumt-Zweifel-daran-aus_Organisator.jpg\" \/>\n\t<meta property=\"og:image:width\" content=\"680\" \/>\n\t<meta property=\"og:image:height\" content=\"444\" \/>\n\t<meta property=\"og:image:type\" content=\"image\/jpeg\" \/>\n<meta name=\"author\" content=\"thomas.berner\" \/>\n<meta name=\"twitter:card\" content=\"summary_large_image\" \/>\n<meta name=\"twitter:title\" content=\"#Notwendigkeit der #Digitalisierung: #Corona r\u00e4umt Zweifel daran aus\" \/>\n<meta name=\"twitter:description\" content=\"Wer bis anhin an der Notwendigkeit der #Digitalisierung gezweifelt hat, d\u00fcrfte wegen #Corona nun zu einem anderen Schluss kommen, wie eine neue Studie zeigt.\" \/>\n<meta name=\"twitter:image\" content=\"https:\/\/www.organisator.ch\/wp-content\/uploads\/2020\/11\/Notwendigkeit-der-Digitalisierung-Corona-raeumt-Zweifel-daran-aus_Organisator.jpg\" \/>\n<script type=\"application\/ld+json\" class=\"yoast-schema-graph\">{\"@context\":\"https:\\\/\\\/schema.org\",\"@graph\":[{\"@type\":\"Article\",\"@id\":\"https:\\\/\\\/www.organisator.ch\\\/management\\\/it\\\/2020-11-16\\\/notwendigkeit-der-digitalisierung-corona-raeumt-zweifel-daran-aus\\\/#article\",\"isPartOf\":{\"@id\":\"https:\\\/\\\/www.organisator.ch\\\/management\\\/it\\\/2020-11-16\\\/notwendigkeit-der-digitalisierung-corona-raeumt-zweifel-daran-aus\\\/\"},\"author\":{\"name\":\"thomas.berner\",\"@id\":\"https:\\\/\\\/www.organisator.ch\\\/#\\\/schema\\\/person\\\/6f650f90b2842cd4c0cc334b4e36f67e\"},\"headline\":\"Notwendigkeit der Digitalisierung: Corona r\u00e4umt Zweifel daran aus\",\"datePublished\":\"2020-11-16T15:46:46+00:00\",\"mainEntityOfPage\":{\"@id\":\"https:\\\/\\\/www.organisator.ch\\\/management\\\/it\\\/2020-11-16\\\/notwendigkeit-der-digitalisierung-corona-raeumt-zweifel-daran-aus\\\/\"},\"wordCount\":684,\"publisher\":{\"@id\":\"https:\\\/\\\/www.organisator.ch\\\/#organization\"},\"image\":{\"@id\":\"https:\\\/\\\/www.organisator.ch\\\/management\\\/it\\\/2020-11-16\\\/notwendigkeit-der-digitalisierung-corona-raeumt-zweifel-daran-aus\\\/#primaryimage\"},\"thumbnailUrl\":\"https:\\\/\\\/www.organisator.ch\\\/wp-content\\\/uploads\\\/2020\\\/11\\\/Notwendigkeit-der-Digitalisierung-Corona-raeumt-Zweifel-daran-aus_Organisator.jpg\",\"keywords\":[\"Coronavirus\",\"Digitalisierung\",\"Industrie 4.0\",\"Smart Factory\",\"Studie\"],\"articleSection\":[\"IT\"],\"inLanguage\":\"de\"},{\"@type\":\"WebPage\",\"@id\":\"https:\\\/\\\/www.organisator.ch\\\/management\\\/it\\\/2020-11-16\\\/notwendigkeit-der-digitalisierung-corona-raeumt-zweifel-daran-aus\\\/\",\"url\":\"https:\\\/\\\/www.organisator.ch\\\/management\\\/it\\\/2020-11-16\\\/notwendigkeit-der-digitalisierung-corona-raeumt-zweifel-daran-aus\\\/\",\"name\":\"Notwendigkeit der Digitalisierung: Corona r\u00e4umt Zweifel daran aus - Organisator\",\"isPartOf\":{\"@id\":\"https:\\\/\\\/www.organisator.ch\\\/#website\"},\"primaryImageOfPage\":{\"@id\":\"https:\\\/\\\/www.organisator.ch\\\/management\\\/it\\\/2020-11-16\\\/notwendigkeit-der-digitalisierung-corona-raeumt-zweifel-daran-aus\\\/#primaryimage\"},\"image\":{\"@id\":\"https:\\\/\\\/www.organisator.ch\\\/management\\\/it\\\/2020-11-16\\\/notwendigkeit-der-digitalisierung-corona-raeumt-zweifel-daran-aus\\\/#primaryimage\"},\"thumbnailUrl\":\"https:\\\/\\\/www.organisator.ch\\\/wp-content\\\/uploads\\\/2020\\\/11\\\/Notwendigkeit-der-Digitalisierung-Corona-raeumt-Zweifel-daran-aus_Organisator.jpg\",\"datePublished\":\"2020-11-16T15:46:46+00:00\",\"description\":\"Wer bis anhin an der Notwendigkeit der Digitalisierung gezweifelt hat, d\u00fcrfte wegen Corona nun zu einem anderen Schluss kommen, wie eine neue Studie zeigt.\",\"breadcrumb\":{\"@id\":\"https:\\\/\\\/www.organisator.ch\\\/management\\\/it\\\/2020-11-16\\\/notwendigkeit-der-digitalisierung-corona-raeumt-zweifel-daran-aus\\\/#breadcrumb\"},\"inLanguage\":\"de\",\"potentialAction\":[{\"@type\":\"ReadAction\",\"target\":[\"https:\\\/\\\/www.organisator.ch\\\/management\\\/it\\\/2020-11-16\\\/notwendigkeit-der-digitalisierung-corona-raeumt-zweifel-daran-aus\\\/\"]}]},{\"@type\":\"ImageObject\",\"inLanguage\":\"de\",\"@id\":\"https:\\\/\\\/www.organisator.ch\\\/management\\\/it\\\/2020-11-16\\\/notwendigkeit-der-digitalisierung-corona-raeumt-zweifel-daran-aus\\\/#primaryimage\",\"url\":\"https:\\\/\\\/www.organisator.ch\\\/wp-content\\\/uploads\\\/2020\\\/11\\\/Notwendigkeit-der-Digitalisierung-Corona-raeumt-Zweifel-daran-aus_Organisator.jpg\",\"contentUrl\":\"https:\\\/\\\/www.organisator.ch\\\/wp-content\\\/uploads\\\/2020\\\/11\\\/Notwendigkeit-der-Digitalisierung-Corona-raeumt-Zweifel-daran-aus_Organisator.jpg\",\"width\":680,\"height\":444,\"caption\":\"Studie der Technische Hochschule Mittelhessen unterstreicht Handlungsbedarf im Mittelstand f\u00fcr digitale Gesch\u00e4ftsprozesse und -modelle. (Grafik: THM)\"},{\"@type\":\"BreadcrumbList\",\"@id\":\"https:\\\/\\\/www.organisator.ch\\\/management\\\/it\\\/2020-11-16\\\/notwendigkeit-der-digitalisierung-corona-raeumt-zweifel-daran-aus\\\/#breadcrumb\",\"itemListElement\":[{\"@type\":\"ListItem\",\"position\":1,\"name\":\"Home\",\"item\":\"https:\\\/\\\/www.organisator.ch\\\/\"},{\"@type\":\"ListItem\",\"position\":2,\"name\":\"Notwendigkeit der Digitalisierung: Corona r\u00e4umt Zweifel daran aus\"}]},{\"@type\":\"WebSite\",\"@id\":\"https:\\\/\\\/www.organisator.ch\\\/#website\",\"url\":\"https:\\\/\\\/www.organisator.ch\\\/\",\"name\":\"Organisator\",\"description\":\"Kompetent. Praxisnah. Der ORGANISATOR bereitet in 10 Ausgaben pro Jahr die wesentlichen Themen f\u00fcr F\u00fchrungskr\u00e4fte von KMU auf.\",\"publisher\":{\"@id\":\"https:\\\/\\\/www.organisator.ch\\\/#organization\"},\"potentialAction\":[{\"@type\":\"SearchAction\",\"target\":{\"@type\":\"EntryPoint\",\"urlTemplate\":\"https:\\\/\\\/www.organisator.ch\\\/?s={search_term_string}\"},\"query-input\":{\"@type\":\"PropertyValueSpecification\",\"valueRequired\":true,\"valueName\":\"search_term_string\"}}],\"inLanguage\":\"de\"},{\"@type\":\"Organization\",\"@id\":\"https:\\\/\\\/www.organisator.ch\\\/#organization\",\"name\":\"Organisator\",\"url\":\"https:\\\/\\\/www.organisator.ch\\\/\",\"logo\":{\"@type\":\"ImageObject\",\"inLanguage\":\"de\",\"@id\":\"https:\\\/\\\/www.organisator.ch\\\/#\\\/schema\\\/logo\\\/image\\\/\",\"url\":\"https:\\\/\\\/www.organisator.ch\\\/wp-content\\\/uploads\\\/2022\\\/01\\\/Logo_Organisator_Website.png\",\"contentUrl\":\"https:\\\/\\\/www.organisator.ch\\\/wp-content\\\/uploads\\\/2022\\\/01\\\/Logo_Organisator_Website.png\",\"width\":800,\"height\":77,\"caption\":\"Organisator\"},\"image\":{\"@id\":\"https:\\\/\\\/www.organisator.ch\\\/#\\\/schema\\\/logo\\\/image\\\/\"},\"sameAs\":[\"https:\\\/\\\/www.facebook.com\\\/OrganisatorFachmagazin\",\"https:\\\/\\\/www.linkedin.com\\\/showcase\\\/organisator-das-magazin-fr-kmu\",\"https:\\\/\\\/www.xing.com\\\/news\\\/pages\\\/organisator-ch-695\",\"https:\\\/\\\/www.youtube.com\\\/channel\\\/UCGP2Sq0iWaZwT3BdIAQFYpw\"]},{\"@type\":\"Person\",\"@id\":\"https:\\\/\\\/www.organisator.ch\\\/#\\\/schema\\\/person\\\/6f650f90b2842cd4c0cc334b4e36f67e\",\"name\":\"thomas.berner\",\"image\":{\"@type\":\"ImageObject\",\"inLanguage\":\"de\",\"@id\":\"https:\\\/\\\/secure.gravatar.com\\\/avatar\\\/ac5001d2a36cb6c6cd3e50789007ffca834b477b74a2144564522e944eabff61?s=96&d=mm&r=g\",\"url\":\"https:\\\/\\\/secure.gravatar.com\\\/avatar\\\/ac5001d2a36cb6c6cd3e50789007ffca834b477b74a2144564522e944eabff61?s=96&d=mm&r=g\",\"contentUrl\":\"https:\\\/\\\/secure.gravatar.com\\\/avatar\\\/ac5001d2a36cb6c6cd3e50789007ffca834b477b74a2144564522e944eabff61?s=96&d=mm&r=g\",\"caption\":\"thomas.berner\"},\"url\":\"https:\\\/\\\/www.organisator.ch\\\/de\\\/author\\\/thomas-berner\\\/\"}]}<\/script>\n<!-- \/ Yoast SEO plugin. -->","yoast_head_json":{"title":"Notwendigkeit der Digitalisierung: Corona r\u00e4umt Zweifel daran aus - Organisator","description":"Wer bis anhin an der Notwendigkeit der Digitalisierung gezweifelt hat, d\u00fcrfte wegen Corona nun zu einem anderen Schluss kommen, wie eine neue Studie zeigt.","robots":{"index":"index","follow":"follow","max-snippet":"max-snippet:-1","max-image-preview":"max-image-preview:large","max-video-preview":"max-video-preview:-1"},"canonical":"https:\/\/www.organisator.ch\/de\/management\/it\/2020-11-16\/notwendigkeit-der-digitalisierung-corona-raeumt-zweifel-daran-aus\/","og_locale":"de_DE","og_type":"article","og_title":"Notwendigkeit der Digitalisierung: Corona r\u00e4umt Zweifel daran aus","og_description":"Wer bis anhin an der Notwendigkeit der Digitalisierung gezweifelt hat, d\u00fcrfte wegen Corona nun zu einem anderen Schluss kommen, wie eine neue Studie zeigt.","og_url":"https:\/\/www.organisator.ch\/de\/management\/it\/2020-11-16\/notwendigkeit-der-digitalisierung-corona-raeumt-zweifel-daran-aus\/","og_site_name":"Organisator","article_publisher":"https:\/\/www.facebook.com\/OrganisatorFachmagazin","article_published_time":"2020-11-16T15:46:46+00:00","og_image":[{"width":680,"height":444,"url":"https:\/\/www.organisator.ch\/wp-content\/uploads\/2020\/11\/Notwendigkeit-der-Digitalisierung-Corona-raeumt-Zweifel-daran-aus_Organisator.jpg","type":"image\/jpeg"}],"author":"thomas.berner","twitter_card":"summary_large_image","twitter_title":"#Notwendigkeit der #Digitalisierung: #Corona r\u00e4umt Zweifel daran aus","twitter_description":"Wer bis anhin an der Notwendigkeit der #Digitalisierung gezweifelt hat, d\u00fcrfte wegen #Corona nun zu einem anderen Schluss kommen, wie eine neue Studie zeigt.","twitter_image":"https:\/\/www.organisator.ch\/wp-content\/uploads\/2020\/11\/Notwendigkeit-der-Digitalisierung-Corona-raeumt-Zweifel-daran-aus_Organisator.jpg","schema":{"@context":"https:\/\/schema.org","@graph":[{"@type":"Article","@id":"https:\/\/www.organisator.ch\/management\/it\/2020-11-16\/notwendigkeit-der-digitalisierung-corona-raeumt-zweifel-daran-aus\/#article","isPartOf":{"@id":"https:\/\/www.organisator.ch\/management\/it\/2020-11-16\/notwendigkeit-der-digitalisierung-corona-raeumt-zweifel-daran-aus\/"},"author":{"name":"thomas.berner","@id":"https:\/\/www.organisator.ch\/#\/schema\/person\/6f650f90b2842cd4c0cc334b4e36f67e"},"headline":"Notwendigkeit der Digitalisierung: Corona r\u00e4umt Zweifel daran aus","datePublished":"2020-11-16T15:46:46+00:00","mainEntityOfPage":{"@id":"https:\/\/www.organisator.ch\/management\/it\/2020-11-16\/notwendigkeit-der-digitalisierung-corona-raeumt-zweifel-daran-aus\/"},"wordCount":684,"publisher":{"@id":"https:\/\/www.organisator.ch\/#organization"},"image":{"@id":"https:\/\/www.organisator.ch\/management\/it\/2020-11-16\/notwendigkeit-der-digitalisierung-corona-raeumt-zweifel-daran-aus\/#primaryimage"},"thumbnailUrl":"https:\/\/www.organisator.ch\/wp-content\/uploads\/2020\/11\/Notwendigkeit-der-Digitalisierung-Corona-raeumt-Zweifel-daran-aus_Organisator.jpg","keywords":["Coronavirus","Digitalisierung","Industrie 4.0","Smart Factory","Studie"],"articleSection":["IT"],"inLanguage":"de"},{"@type":"WebPage","@id":"https:\/\/www.organisator.ch\/management\/it\/2020-11-16\/notwendigkeit-der-digitalisierung-corona-raeumt-zweifel-daran-aus\/","url":"https:\/\/www.organisator.ch\/management\/it\/2020-11-16\/notwendigkeit-der-digitalisierung-corona-raeumt-zweifel-daran-aus\/","name":"Notwendigkeit der Digitalisierung: Corona r\u00e4umt Zweifel daran aus - Organisator","isPartOf":{"@id":"https:\/\/www.organisator.ch\/#website"},"primaryImageOfPage":{"@id":"https:\/\/www.organisator.ch\/management\/it\/2020-11-16\/notwendigkeit-der-digitalisierung-corona-raeumt-zweifel-daran-aus\/#primaryimage"},"image":{"@id":"https:\/\/www.organisator.ch\/management\/it\/2020-11-16\/notwendigkeit-der-digitalisierung-corona-raeumt-zweifel-daran-aus\/#primaryimage"},"thumbnailUrl":"https:\/\/www.organisator.ch\/wp-content\/uploads\/2020\/11\/Notwendigkeit-der-Digitalisierung-Corona-raeumt-Zweifel-daran-aus_Organisator.jpg","datePublished":"2020-11-16T15:46:46+00:00","description":"Wer bis anhin an der Notwendigkeit der Digitalisierung gezweifelt hat, d\u00fcrfte wegen Corona nun zu einem anderen Schluss kommen, wie eine neue Studie zeigt.","breadcrumb":{"@id":"https:\/\/www.organisator.ch\/management\/it\/2020-11-16\/notwendigkeit-der-digitalisierung-corona-raeumt-zweifel-daran-aus\/#breadcrumb"},"inLanguage":"de","potentialAction":[{"@type":"ReadAction","target":["https:\/\/www.organisator.ch\/management\/it\/2020-11-16\/notwendigkeit-der-digitalisierung-corona-raeumt-zweifel-daran-aus\/"]}]},{"@type":"ImageObject","inLanguage":"de","@id":"https:\/\/www.organisator.ch\/management\/it\/2020-11-16\/notwendigkeit-der-digitalisierung-corona-raeumt-zweifel-daran-aus\/#primaryimage","url":"https:\/\/www.organisator.ch\/wp-content\/uploads\/2020\/11\/Notwendigkeit-der-Digitalisierung-Corona-raeumt-Zweifel-daran-aus_Organisator.jpg","contentUrl":"https:\/\/www.organisator.ch\/wp-content\/uploads\/2020\/11\/Notwendigkeit-der-Digitalisierung-Corona-raeumt-Zweifel-daran-aus_Organisator.jpg","width":680,"height":444,"caption":"Studie der Technische Hochschule Mittelhessen unterstreicht Handlungsbedarf im Mittelstand f\u00fcr digitale Gesch\u00e4ftsprozesse und -modelle. (Grafik: THM)"},{"@type":"BreadcrumbList","@id":"https:\/\/www.organisator.ch\/management\/it\/2020-11-16\/notwendigkeit-der-digitalisierung-corona-raeumt-zweifel-daran-aus\/#breadcrumb","itemListElement":[{"@type":"ListItem","position":1,"name":"Home","item":"https:\/\/www.organisator.ch\/"},{"@type":"ListItem","position":2,"name":"Notwendigkeit der Digitalisierung: Corona r\u00e4umt Zweifel daran aus"}]},{"@type":"WebSite","@id":"https:\/\/www.organisator.ch\/#website","url":"https:\/\/www.organisator.ch\/","name":"Organisator","description":"Kompetent. Praxisnah. Der ORGANISATOR bereitet in 10 Ausgaben pro Jahr die wesentlichen Themen f\u00fcr F\u00fchrungskr\u00e4fte von KMU auf.","publisher":{"@id":"https:\/\/www.organisator.ch\/#organization"},"potentialAction":[{"@type":"SearchAction","target":{"@type":"EntryPoint","urlTemplate":"https:\/\/www.organisator.ch\/?s={search_term_string}"},"query-input":{"@type":"PropertyValueSpecification","valueRequired":true,"valueName":"search_term_string"}}],"inLanguage":"de"},{"@type":"Organization","@id":"https:\/\/www.organisator.ch\/#organization","name":"Organisator","url":"https:\/\/www.organisator.ch\/","logo":{"@type":"ImageObject","inLanguage":"de","@id":"https:\/\/www.organisator.ch\/#\/schema\/logo\/image\/","url":"https:\/\/www.organisator.ch\/wp-content\/uploads\/2022\/01\/Logo_Organisator_Website.png","contentUrl":"https:\/\/www.organisator.ch\/wp-content\/uploads\/2022\/01\/Logo_Organisator_Website.png","width":800,"height":77,"caption":"Organisator"},"image":{"@id":"https:\/\/www.organisator.ch\/#\/schema\/logo\/image\/"},"sameAs":["https:\/\/www.facebook.com\/OrganisatorFachmagazin","https:\/\/www.linkedin.com\/showcase\/organisator-das-magazin-fr-kmu","https:\/\/www.xing.com\/news\/pages\/organisator-ch-695","https:\/\/www.youtube.com\/channel\/UCGP2Sq0iWaZwT3BdIAQFYpw"]},{"@type":"Person","@id":"https:\/\/www.organisator.ch\/#\/schema\/person\/6f650f90b2842cd4c0cc334b4e36f67e","name":"thomas.berner","image":{"@type":"ImageObject","inLanguage":"de","@id":"https:\/\/secure.gravatar.com\/avatar\/ac5001d2a36cb6c6cd3e50789007ffca834b477b74a2144564522e944eabff61?s=96&d=mm&r=g","url":"https:\/\/secure.gravatar.com\/avatar\/ac5001d2a36cb6c6cd3e50789007ffca834b477b74a2144564522e944eabff61?s=96&d=mm&r=g","contentUrl":"https:\/\/secure.gravatar.com\/avatar\/ac5001d2a36cb6c6cd3e50789007ffca834b477b74a2144564522e944eabff61?s=96&d=mm&r=g","caption":"thomas.berner"},"url":"https:\/\/www.organisator.ch\/de\/author\/thomas-berner\/"}]}},"_links":{"self":[{"href":"https:\/\/www.organisator.ch\/de\/wp-json\/wp\/v2\/posts\/7335","targetHints":{"allow":["GET"]}}],"collection":[{"href":"https:\/\/www.organisator.ch\/de\/wp-json\/wp\/v2\/posts"}],"about":[{"href":"https:\/\/www.organisator.ch\/de\/wp-json\/wp\/v2\/types\/post"}],"author":[{"embeddable":true,"href":"https:\/\/www.organisator.ch\/de\/wp-json\/wp\/v2\/users\/4"}],"replies":[{"embeddable":true,"href":"https:\/\/www.organisator.ch\/de\/wp-json\/wp\/v2\/comments?post=7335"}],"version-history":[{"count":0,"href":"https:\/\/www.organisator.ch\/de\/wp-json\/wp\/v2\/posts\/7335\/revisions"}],"wp:featuredmedia":[{"embeddable":true,"href":"https:\/\/www.organisator.ch\/de\/wp-json\/wp\/v2\/media\/7336"}],"wp:attachment":[{"href":"https:\/\/www.organisator.ch\/de\/wp-json\/wp\/v2\/media?parent=7335"}],"wp:term":[{"taxonomy":"category","embeddable":true,"href":"https:\/\/www.organisator.ch\/de\/wp-json\/wp\/v2\/categories?post=7335"},{"taxonomy":"post_tag","embeddable":true,"href":"https:\/\/www.organisator.ch\/de\/wp-json\/wp\/v2\/tags?post=7335"}],"curies":[{"name":"wp","href":"https:\/\/api.w.org\/{rel}","templated":true}]}}