{"id":7342,"date":"2020-11-17T13:49:14","date_gmt":"2020-11-17T12:49:14","guid":{"rendered":"https:\/\/www.organisator.ch\/?p=7342"},"modified":"2020-11-17T13:49:14","modified_gmt":"2020-11-17T12:49:14","slug":"swiss-cyber-security-days-2021-werden-globaler-und-lancieren-kmu-tag","status":"publish","type":"post","link":"https:\/\/www.organisator.ch\/de\/management\/it\/2020-11-17\/swiss-cyber-security-days-2021-werden-globaler-und-lancieren-kmu-tag\/","title":{"rendered":"Swiss Cyber Security Days 2021 werden globaler &#8211; und lancieren \u00abKMU-Tag\u00bb"},"content":{"rendered":"<figure id=\"attachment_7343\" aria-describedby=\"caption-attachment-7343\" style=\"width: 680px\" class=\"wp-caption alignnone\"><img loading=\"lazy\" decoding=\"async\" class=\"size-medium wp-image-7343\" src=\"https:\/\/www.organisator.ch\/wp-content\/uploads\/2020\/11\/Swiss-Cyber-Security-Days-2021-werden-globaler-und-lancieren-KMU-Tag_Organisator.jpg\" alt=\"\" width=\"680\" height=\"231\" srcset=\"https:\/\/www.organisator.ch\/wp-content\/uploads\/2020\/11\/Swiss-Cyber-Security-Days-2021-werden-globaler-und-lancieren-KMU-Tag_Organisator.jpg 680w, https:\/\/www.organisator.ch\/wp-content\/uploads\/2020\/11\/Swiss-Cyber-Security-Days-2021-werden-globaler-und-lancieren-KMU-Tag_Organisator-16x5.jpg 16w, https:\/\/www.organisator.ch\/wp-content\/uploads\/2020\/11\/Swiss-Cyber-Security-Days-2021-werden-globaler-und-lancieren-KMU-Tag_Organisator-375x127.jpg 375w, https:\/\/www.organisator.ch\/wp-content\/uploads\/2020\/11\/Swiss-Cyber-Security-Days-2021-werden-globaler-und-lancieren-KMU-Tag_Organisator-300x102.jpg 300w\" sizes=\"auto, (max-width: 680px) 100vw, 680px\" \/><figcaption id=\"caption-attachment-7343\" class=\"wp-caption-text\">Sprechen an den Swiss Cyber Security Days 2021: Armeechef Thomas S\u00fcssli und Florian Sch\u00fctz, Delegierter des Bundes f\u00fcr Cybersicherheit. (Bilder: VBS_DDPS \/ Keystone &#8211; Gaetan Bally).<\/figcaption><\/figure>\n<p>Die Swiss Cyber Security Days sind die inzwischen wohl bedeutendste Veranstaltung der Schweiz im Bereich Cybersicherheit. Der zweit\u00e4gige Anlass wird am 10. und 11. M\u00e4rz 2021 in einer auf die zur Zeit geltenden Schutzanforderungen angepassten Form mit Konferenz und Networking im Forum Fribourg stattfinden. Gleichzeitig k\u00f6nnen alle Interessierten \u00fcber die neue online Plattform \u00abSCSD 365\u00bb teilnehmen, die im Januar 2021 aufgeschaltet wird. Die Keynotes werden entweder vor Ort gehalten oder \u00fcber audiovisuelle Technologien eingespielt. Virtuelle Breakout-R\u00e4ume werden zum Streaming von Expert Tracks und Best Practice Pr\u00e4sentationen genutzt.<\/p>\n<h2>\u00abSCSD 365\u00bb Cyber Security f\u00fcr alle<\/h2>\n<p>Die Plattform \u00abSCSD 365\u00bb will nach eigener Darstellung eine \u00abeindrucksvolle Symbiose aus klassischen Konferenzen und Live-Kommunikation mit der Vielfalt digitaler Informations- und Interaktionsm\u00f6glichkeiten\u00bb bieten. Sie stellt f\u00fcr alle Interessierte ganzj\u00e4hrig relevante Themen zu Cybersicherheit zur Diskussion. Das Konzept sieht dabei messe-\u00e4hnliche Kommunikationsmittel wie zum Beispiel virtuelle St\u00e4nde, einen Marketplace mit Produktpr\u00e4sentation oder Kommunikations-Channels zur Generierung von Kontakten und Leads vor. Partner und interessierte Unternehmen haben die M\u00f6glichkeit, sich auf \u00abSCSD 365\u00bb \u00fcbers ganze Jahr zu pr\u00e4sentieren und sich mit Kunden, Fachleuten aus Wirtschaft, Politik, Bundes- und Kantonsverwaltungen sowie der Forschung auf allen Ebenen auszutauschen. Die Jahresplattform \u00abSCSD 365\u00bb und Hybridveranstaltungen werden k\u00fcnftig einen integralen Bestandteil der Swiss Cyber Security Days bilden.<\/p>\n<h2>Programmschwerpunkt Nationale Sicherheit<\/h2>\n<p>Im Hauptkonferenzteil der Swiss Cyber Security Days 2021 stehen neben laufenden Aktualit\u00e4ten vor allem Themen im Vordergrund, die Sinn und Zweck in den Cyberraum zur\u00fcckbringen sowie der gegenw\u00e4rtig in erster Linie auf Profit ausgerichtete Einfluss der Digitalisierung auf Gesellschaft, Gesundheit, Politik, Wirtschaft und Individuen. Zum Kernthema \u00abNationale Cybersicherheit\u00bb haben bereits jetzt Top-Pers\u00f6nlichkeiten, wie der Chef der Armee, Korpskommandant Thomas S\u00fcssli, der Pr\u00e4sident der ETH Lausanne, Martin Vetterli, sowie der Delegierte des Bundes f\u00fcr Cybersicherheit, Florian Sch\u00fctz, zugesagt. Zu einem zweiten Basisthema \u00abIdentit\u00e4t und Privatsph\u00e4re\u00bb ist unter anderen Michael Hengartner, Pr\u00e4sident des ETH-Rates, geladen. Weitere Kernthemen sind E-Government, Hyper Connected Society, Da-tenschutz, IoT, Artificial Intelligence oder 5G.<\/p>\n<h2>KMU als Schwerpunkt an den Swiss Cyber Security Days 2021<\/h2>\n<p>Der 11. M\u00e4rz ist als nationaler \u00abKMU-Tag\u00bb mit einem integrierten Sonderprogramm auf KMUs und ihre speziellen Bed\u00fcrfnisse im Bereich Cyber Security ausgerichtet. Mit einer auf die kleinen und mittleren Unternehmen ausgerichteten Sensibilisierung sollen die Cyberrisiken bewusst gemacht werden. Dabei werden auch konkrete F\u00e4lle von Angriffen auf Schweizer Unternehmen und deren Folgen diskutiert. Die SCSD setzen auch hier auf die Kernwerte Transparenz, Wissenstransfer, offene Kommunikation und Diskussion.<\/p>\n<p><em>Weitere Informationen: <a href=\"http:\/\/www.swisscybersecuritydays.ch\">Swiss Cyber Security Days<\/a><\/em><\/p>\n","protected":false},"excerpt":{"rendered":"<p>Die Swiss Cyber Security Days sind die inzwischen wohl bedeutendste Veranstaltung der Schweiz im Bereich Cybersicherheit. Der zweit\u00e4gige Anlass wird am 10. und 11. M\u00e4rz 2021 in einer auf die zur Zeit geltenden Schutzanforderungen angepassten Form mit Konferenz und Networking im Forum Fribourg stattfinden. Gleichzeitig k\u00f6nnen alle Interessierten \u00fcber die neue online Plattform \u00abSCSD 365\u00bb [&hellip;]<\/p>\n","protected":false},"author":4,"featured_media":7343,"comment_status":"closed","ping_status":"closed","sticky":false,"template":"","format":"standard","meta":{"_acf_changed":false,"_yoast_wpseo_focuskw":"Swiss Cyber Security Days 2021","_yoast_wpseo_metadesc":"Die Swiss Cyber Security Days 2021 (SCSD) werden im kommenden M\u00e4rz vor Ort und online in hybrider Form stattfinden. Ein Tag ist ganz den KMU gewidmet.","articlekey":"","footnotes":""},"categories":[27],"tags":[142,193,260,286],"class_list":["post-7342","post","type-post","status-publish","format-standard","has-post-thumbnail","hentry","category-it","tag-cyber-crime","tag-fachkongressfachmesse","tag-ict-sicherheit","tag-it"],"acf":[],"yoast_head":"<!-- This site is optimized with the Yoast SEO plugin v27.5 - https:\/\/yoast.com\/product\/yoast-seo-wordpress\/ -->\n<title>Swiss Cyber Security Days 2021 werden globaler - und lancieren \u00abKMU-Tag\u00bb - Organisator<\/title>\n<meta name=\"description\" content=\"Die Swiss Cyber Security Days 2021 (SCSD) werden im kommenden M\u00e4rz vor Ort und online in hybrider Form stattfinden. Ein Tag ist ganz den KMU gewidmet.\" \/>\n<meta name=\"robots\" content=\"index, follow, max-snippet:-1, max-image-preview:large, max-video-preview:-1\" \/>\n<link rel=\"canonical\" href=\"https:\/\/www.organisator.ch\/de\/management\/it\/2020-11-17\/swiss-cyber-security-days-2021-werden-globaler-und-lancieren-kmu-tag\/\" \/>\n<meta property=\"og:locale\" content=\"de_DE\" \/>\n<meta property=\"og:type\" content=\"article\" \/>\n<meta property=\"og:title\" content=\"Swiss Cyber Security Days 2021 werden globaler - und lancieren \u00abKMU-Tag\u00bb\" \/>\n<meta property=\"og:description\" content=\"Die Swiss Cyber Security Days 2021 (SCSD) werden im kommenden M\u00e4rz vor Ort und online in hybrider Form stattfinden. Ein Tag ist ganz den KMU gewidmet.\" \/>\n<meta property=\"og:url\" content=\"https:\/\/www.organisator.ch\/de\/management\/it\/2020-11-17\/swiss-cyber-security-days-2021-werden-globaler-und-lancieren-kmu-tag\/\" \/>\n<meta property=\"og:site_name\" content=\"Organisator\" \/>\n<meta property=\"article:publisher\" content=\"https:\/\/www.facebook.com\/OrganisatorFachmagazin\" \/>\n<meta property=\"article:published_time\" content=\"2020-11-17T12:49:14+00:00\" \/>\n<meta property=\"og:image\" content=\"https:\/\/www.organisator.ch\/wp-content\/uploads\/2020\/11\/Swiss-Cyber-Security-Days-2021-werden-globaler-und-lancieren-KMU-Tag_Organisator.jpg\" \/>\n\t<meta property=\"og:image:width\" content=\"680\" \/>\n\t<meta property=\"og:image:height\" content=\"231\" \/>\n\t<meta property=\"og:image:type\" content=\"image\/jpeg\" \/>\n<meta name=\"author\" content=\"thomas.berner\" \/>\n<meta name=\"twitter:card\" content=\"summary_large_image\" \/>\n<meta name=\"twitter:title\" content=\"#SwissCyberSecurityDays 2021 werden globaler - und lancieren \u00abKMU-Tag\u00bb\" \/>\n<meta name=\"twitter:description\" content=\"Die Swiss Cyber Security Days 2021 (#SCSD) werden im kommenden M\u00e4rz vor Ort und online in hybrider Form stattfinden. Ein Tag ist ganz den #KMU gewidmet.\" \/>\n<meta name=\"twitter:image\" content=\"https:\/\/www.organisator.ch\/wp-content\/uploads\/2020\/11\/Swiss-Cyber-Security-Days-2021-werden-globaler-und-lancieren-KMU-Tag_Organisator.jpg\" \/>\n<script type=\"application\/ld+json\" class=\"yoast-schema-graph\">{\"@context\":\"https:\\\/\\\/schema.org\",\"@graph\":[{\"@type\":\"Article\",\"@id\":\"https:\\\/\\\/www.organisator.ch\\\/management\\\/it\\\/2020-11-17\\\/swiss-cyber-security-days-2021-werden-globaler-und-lancieren-kmu-tag\\\/#article\",\"isPartOf\":{\"@id\":\"https:\\\/\\\/www.organisator.ch\\\/management\\\/it\\\/2020-11-17\\\/swiss-cyber-security-days-2021-werden-globaler-und-lancieren-kmu-tag\\\/\"},\"author\":{\"name\":\"thomas.berner\",\"@id\":\"https:\\\/\\\/www.organisator.ch\\\/#\\\/schema\\\/person\\\/6f650f90b2842cd4c0cc334b4e36f67e\"},\"headline\":\"Swiss Cyber Security Days 2021 werden globaler &#8211; und lancieren \u00abKMU-Tag\u00bb\",\"datePublished\":\"2020-11-17T12:49:14+00:00\",\"mainEntityOfPage\":{\"@id\":\"https:\\\/\\\/www.organisator.ch\\\/management\\\/it\\\/2020-11-17\\\/swiss-cyber-security-days-2021-werden-globaler-und-lancieren-kmu-tag\\\/\"},\"wordCount\":457,\"publisher\":{\"@id\":\"https:\\\/\\\/www.organisator.ch\\\/#organization\"},\"image\":{\"@id\":\"https:\\\/\\\/www.organisator.ch\\\/management\\\/it\\\/2020-11-17\\\/swiss-cyber-security-days-2021-werden-globaler-und-lancieren-kmu-tag\\\/#primaryimage\"},\"thumbnailUrl\":\"https:\\\/\\\/www.organisator.ch\\\/wp-content\\\/uploads\\\/2020\\\/11\\\/Swiss-Cyber-Security-Days-2021-werden-globaler-und-lancieren-KMU-Tag_Organisator.jpg\",\"keywords\":[\"Cyber-Crime\",\"Fachkongress\\\/Fachmesse\",\"ICT-Sicherheit\",\"IT\"],\"articleSection\":[\"IT\"],\"inLanguage\":\"de\"},{\"@type\":\"WebPage\",\"@id\":\"https:\\\/\\\/www.organisator.ch\\\/management\\\/it\\\/2020-11-17\\\/swiss-cyber-security-days-2021-werden-globaler-und-lancieren-kmu-tag\\\/\",\"url\":\"https:\\\/\\\/www.organisator.ch\\\/management\\\/it\\\/2020-11-17\\\/swiss-cyber-security-days-2021-werden-globaler-und-lancieren-kmu-tag\\\/\",\"name\":\"Swiss Cyber Security Days 2021 werden globaler - und lancieren \u00abKMU-Tag\u00bb - Organisator\",\"isPartOf\":{\"@id\":\"https:\\\/\\\/www.organisator.ch\\\/#website\"},\"primaryImageOfPage\":{\"@id\":\"https:\\\/\\\/www.organisator.ch\\\/management\\\/it\\\/2020-11-17\\\/swiss-cyber-security-days-2021-werden-globaler-und-lancieren-kmu-tag\\\/#primaryimage\"},\"image\":{\"@id\":\"https:\\\/\\\/www.organisator.ch\\\/management\\\/it\\\/2020-11-17\\\/swiss-cyber-security-days-2021-werden-globaler-und-lancieren-kmu-tag\\\/#primaryimage\"},\"thumbnailUrl\":\"https:\\\/\\\/www.organisator.ch\\\/wp-content\\\/uploads\\\/2020\\\/11\\\/Swiss-Cyber-Security-Days-2021-werden-globaler-und-lancieren-KMU-Tag_Organisator.jpg\",\"datePublished\":\"2020-11-17T12:49:14+00:00\",\"description\":\"Die Swiss Cyber Security Days 2021 (SCSD) werden im kommenden M\u00e4rz vor Ort und online in hybrider Form stattfinden. Ein Tag ist ganz den KMU gewidmet.\",\"breadcrumb\":{\"@id\":\"https:\\\/\\\/www.organisator.ch\\\/management\\\/it\\\/2020-11-17\\\/swiss-cyber-security-days-2021-werden-globaler-und-lancieren-kmu-tag\\\/#breadcrumb\"},\"inLanguage\":\"de\",\"potentialAction\":[{\"@type\":\"ReadAction\",\"target\":[\"https:\\\/\\\/www.organisator.ch\\\/management\\\/it\\\/2020-11-17\\\/swiss-cyber-security-days-2021-werden-globaler-und-lancieren-kmu-tag\\\/\"]}]},{\"@type\":\"ImageObject\",\"inLanguage\":\"de\",\"@id\":\"https:\\\/\\\/www.organisator.ch\\\/management\\\/it\\\/2020-11-17\\\/swiss-cyber-security-days-2021-werden-globaler-und-lancieren-kmu-tag\\\/#primaryimage\",\"url\":\"https:\\\/\\\/www.organisator.ch\\\/wp-content\\\/uploads\\\/2020\\\/11\\\/Swiss-Cyber-Security-Days-2021-werden-globaler-und-lancieren-KMU-Tag_Organisator.jpg\",\"contentUrl\":\"https:\\\/\\\/www.organisator.ch\\\/wp-content\\\/uploads\\\/2020\\\/11\\\/Swiss-Cyber-Security-Days-2021-werden-globaler-und-lancieren-KMU-Tag_Organisator.jpg\",\"width\":680,\"height\":231,\"caption\":\"Sprechen an den Swiss Cyber Security Days 2021: Armeechef Thomas S\u00fcssli und Florian Sch\u00fctz, Delegierter des Bundes f\u00fcr Cybersicherheit. (Bilder: VBS_DDPS \\\/ Keystone - Gaetan Bally).\"},{\"@type\":\"BreadcrumbList\",\"@id\":\"https:\\\/\\\/www.organisator.ch\\\/management\\\/it\\\/2020-11-17\\\/swiss-cyber-security-days-2021-werden-globaler-und-lancieren-kmu-tag\\\/#breadcrumb\",\"itemListElement\":[{\"@type\":\"ListItem\",\"position\":1,\"name\":\"Home\",\"item\":\"https:\\\/\\\/www.organisator.ch\\\/\"},{\"@type\":\"ListItem\",\"position\":2,\"name\":\"Swiss Cyber Security Days 2021 werden globaler &#8211; und lancieren \u00abKMU-Tag\u00bb\"}]},{\"@type\":\"WebSite\",\"@id\":\"https:\\\/\\\/www.organisator.ch\\\/#website\",\"url\":\"https:\\\/\\\/www.organisator.ch\\\/\",\"name\":\"Organisator\",\"description\":\"Kompetent. Praxisnah. Der ORGANISATOR bereitet in 10 Ausgaben pro Jahr die wesentlichen Themen f\u00fcr F\u00fchrungskr\u00e4fte von KMU auf.\",\"publisher\":{\"@id\":\"https:\\\/\\\/www.organisator.ch\\\/#organization\"},\"potentialAction\":[{\"@type\":\"SearchAction\",\"target\":{\"@type\":\"EntryPoint\",\"urlTemplate\":\"https:\\\/\\\/www.organisator.ch\\\/?s={search_term_string}\"},\"query-input\":{\"@type\":\"PropertyValueSpecification\",\"valueRequired\":true,\"valueName\":\"search_term_string\"}}],\"inLanguage\":\"de\"},{\"@type\":\"Organization\",\"@id\":\"https:\\\/\\\/www.organisator.ch\\\/#organization\",\"name\":\"Organisator\",\"url\":\"https:\\\/\\\/www.organisator.ch\\\/\",\"logo\":{\"@type\":\"ImageObject\",\"inLanguage\":\"de\",\"@id\":\"https:\\\/\\\/www.organisator.ch\\\/#\\\/schema\\\/logo\\\/image\\\/\",\"url\":\"https:\\\/\\\/www.organisator.ch\\\/wp-content\\\/uploads\\\/2022\\\/01\\\/Logo_Organisator_Website.png\",\"contentUrl\":\"https:\\\/\\\/www.organisator.ch\\\/wp-content\\\/uploads\\\/2022\\\/01\\\/Logo_Organisator_Website.png\",\"width\":800,\"height\":77,\"caption\":\"Organisator\"},\"image\":{\"@id\":\"https:\\\/\\\/www.organisator.ch\\\/#\\\/schema\\\/logo\\\/image\\\/\"},\"sameAs\":[\"https:\\\/\\\/www.facebook.com\\\/OrganisatorFachmagazin\",\"https:\\\/\\\/www.linkedin.com\\\/showcase\\\/organisator-das-magazin-fr-kmu\",\"https:\\\/\\\/www.xing.com\\\/news\\\/pages\\\/organisator-ch-695\",\"https:\\\/\\\/www.youtube.com\\\/channel\\\/UCGP2Sq0iWaZwT3BdIAQFYpw\"]},{\"@type\":\"Person\",\"@id\":\"https:\\\/\\\/www.organisator.ch\\\/#\\\/schema\\\/person\\\/6f650f90b2842cd4c0cc334b4e36f67e\",\"name\":\"thomas.berner\",\"image\":{\"@type\":\"ImageObject\",\"inLanguage\":\"de\",\"@id\":\"https:\\\/\\\/secure.gravatar.com\\\/avatar\\\/ac5001d2a36cb6c6cd3e50789007ffca834b477b74a2144564522e944eabff61?s=96&d=mm&r=g\",\"url\":\"https:\\\/\\\/secure.gravatar.com\\\/avatar\\\/ac5001d2a36cb6c6cd3e50789007ffca834b477b74a2144564522e944eabff61?s=96&d=mm&r=g\",\"contentUrl\":\"https:\\\/\\\/secure.gravatar.com\\\/avatar\\\/ac5001d2a36cb6c6cd3e50789007ffca834b477b74a2144564522e944eabff61?s=96&d=mm&r=g\",\"caption\":\"thomas.berner\"},\"url\":\"https:\\\/\\\/www.organisator.ch\\\/de\\\/author\\\/thomas-berner\\\/\"}]}<\/script>\n<!-- \/ Yoast SEO plugin. -->","yoast_head_json":{"title":"Swiss Cyber Security Days 2021 werden globaler - und lancieren \u00abKMU-Tag\u00bb - Organisator","description":"Die Swiss Cyber Security Days 2021 (SCSD) werden im kommenden M\u00e4rz vor Ort und online in hybrider Form stattfinden. Ein Tag ist ganz den KMU gewidmet.","robots":{"index":"index","follow":"follow","max-snippet":"max-snippet:-1","max-image-preview":"max-image-preview:large","max-video-preview":"max-video-preview:-1"},"canonical":"https:\/\/www.organisator.ch\/de\/management\/it\/2020-11-17\/swiss-cyber-security-days-2021-werden-globaler-und-lancieren-kmu-tag\/","og_locale":"de_DE","og_type":"article","og_title":"Swiss Cyber Security Days 2021 werden globaler - und lancieren \u00abKMU-Tag\u00bb","og_description":"Die Swiss Cyber Security Days 2021 (SCSD) werden im kommenden M\u00e4rz vor Ort und online in hybrider Form stattfinden. Ein Tag ist ganz den KMU gewidmet.","og_url":"https:\/\/www.organisator.ch\/de\/management\/it\/2020-11-17\/swiss-cyber-security-days-2021-werden-globaler-und-lancieren-kmu-tag\/","og_site_name":"Organisator","article_publisher":"https:\/\/www.facebook.com\/OrganisatorFachmagazin","article_published_time":"2020-11-17T12:49:14+00:00","og_image":[{"width":680,"height":231,"url":"https:\/\/www.organisator.ch\/wp-content\/uploads\/2020\/11\/Swiss-Cyber-Security-Days-2021-werden-globaler-und-lancieren-KMU-Tag_Organisator.jpg","type":"image\/jpeg"}],"author":"thomas.berner","twitter_card":"summary_large_image","twitter_title":"#SwissCyberSecurityDays 2021 werden globaler - und lancieren \u00abKMU-Tag\u00bb","twitter_description":"Die Swiss Cyber Security Days 2021 (#SCSD) werden im kommenden M\u00e4rz vor Ort und online in hybrider Form stattfinden. Ein Tag ist ganz den #KMU gewidmet.","twitter_image":"https:\/\/www.organisator.ch\/wp-content\/uploads\/2020\/11\/Swiss-Cyber-Security-Days-2021-werden-globaler-und-lancieren-KMU-Tag_Organisator.jpg","schema":{"@context":"https:\/\/schema.org","@graph":[{"@type":"Article","@id":"https:\/\/www.organisator.ch\/management\/it\/2020-11-17\/swiss-cyber-security-days-2021-werden-globaler-und-lancieren-kmu-tag\/#article","isPartOf":{"@id":"https:\/\/www.organisator.ch\/management\/it\/2020-11-17\/swiss-cyber-security-days-2021-werden-globaler-und-lancieren-kmu-tag\/"},"author":{"name":"thomas.berner","@id":"https:\/\/www.organisator.ch\/#\/schema\/person\/6f650f90b2842cd4c0cc334b4e36f67e"},"headline":"Swiss Cyber Security Days 2021 werden globaler &#8211; und lancieren \u00abKMU-Tag\u00bb","datePublished":"2020-11-17T12:49:14+00:00","mainEntityOfPage":{"@id":"https:\/\/www.organisator.ch\/management\/it\/2020-11-17\/swiss-cyber-security-days-2021-werden-globaler-und-lancieren-kmu-tag\/"},"wordCount":457,"publisher":{"@id":"https:\/\/www.organisator.ch\/#organization"},"image":{"@id":"https:\/\/www.organisator.ch\/management\/it\/2020-11-17\/swiss-cyber-security-days-2021-werden-globaler-und-lancieren-kmu-tag\/#primaryimage"},"thumbnailUrl":"https:\/\/www.organisator.ch\/wp-content\/uploads\/2020\/11\/Swiss-Cyber-Security-Days-2021-werden-globaler-und-lancieren-KMU-Tag_Organisator.jpg","keywords":["Cyber-Crime","Fachkongress\/Fachmesse","ICT-Sicherheit","IT"],"articleSection":["IT"],"inLanguage":"de"},{"@type":"WebPage","@id":"https:\/\/www.organisator.ch\/management\/it\/2020-11-17\/swiss-cyber-security-days-2021-werden-globaler-und-lancieren-kmu-tag\/","url":"https:\/\/www.organisator.ch\/management\/it\/2020-11-17\/swiss-cyber-security-days-2021-werden-globaler-und-lancieren-kmu-tag\/","name":"Swiss Cyber Security Days 2021 werden globaler - und lancieren \u00abKMU-Tag\u00bb - Organisator","isPartOf":{"@id":"https:\/\/www.organisator.ch\/#website"},"primaryImageOfPage":{"@id":"https:\/\/www.organisator.ch\/management\/it\/2020-11-17\/swiss-cyber-security-days-2021-werden-globaler-und-lancieren-kmu-tag\/#primaryimage"},"image":{"@id":"https:\/\/www.organisator.ch\/management\/it\/2020-11-17\/swiss-cyber-security-days-2021-werden-globaler-und-lancieren-kmu-tag\/#primaryimage"},"thumbnailUrl":"https:\/\/www.organisator.ch\/wp-content\/uploads\/2020\/11\/Swiss-Cyber-Security-Days-2021-werden-globaler-und-lancieren-KMU-Tag_Organisator.jpg","datePublished":"2020-11-17T12:49:14+00:00","description":"Die Swiss Cyber Security Days 2021 (SCSD) werden im kommenden M\u00e4rz vor Ort und online in hybrider Form stattfinden. Ein Tag ist ganz den KMU gewidmet.","breadcrumb":{"@id":"https:\/\/www.organisator.ch\/management\/it\/2020-11-17\/swiss-cyber-security-days-2021-werden-globaler-und-lancieren-kmu-tag\/#breadcrumb"},"inLanguage":"de","potentialAction":[{"@type":"ReadAction","target":["https:\/\/www.organisator.ch\/management\/it\/2020-11-17\/swiss-cyber-security-days-2021-werden-globaler-und-lancieren-kmu-tag\/"]}]},{"@type":"ImageObject","inLanguage":"de","@id":"https:\/\/www.organisator.ch\/management\/it\/2020-11-17\/swiss-cyber-security-days-2021-werden-globaler-und-lancieren-kmu-tag\/#primaryimage","url":"https:\/\/www.organisator.ch\/wp-content\/uploads\/2020\/11\/Swiss-Cyber-Security-Days-2021-werden-globaler-und-lancieren-KMU-Tag_Organisator.jpg","contentUrl":"https:\/\/www.organisator.ch\/wp-content\/uploads\/2020\/11\/Swiss-Cyber-Security-Days-2021-werden-globaler-und-lancieren-KMU-Tag_Organisator.jpg","width":680,"height":231,"caption":"Sprechen an den Swiss Cyber Security Days 2021: Armeechef Thomas S\u00fcssli und Florian Sch\u00fctz, Delegierter des Bundes f\u00fcr Cybersicherheit. (Bilder: VBS_DDPS \/ Keystone - Gaetan Bally)."},{"@type":"BreadcrumbList","@id":"https:\/\/www.organisator.ch\/management\/it\/2020-11-17\/swiss-cyber-security-days-2021-werden-globaler-und-lancieren-kmu-tag\/#breadcrumb","itemListElement":[{"@type":"ListItem","position":1,"name":"Home","item":"https:\/\/www.organisator.ch\/"},{"@type":"ListItem","position":2,"name":"Swiss Cyber Security Days 2021 werden globaler &#8211; und lancieren \u00abKMU-Tag\u00bb"}]},{"@type":"WebSite","@id":"https:\/\/www.organisator.ch\/#website","url":"https:\/\/www.organisator.ch\/","name":"Organisator","description":"Kompetent. Praxisnah. Der ORGANISATOR bereitet in 10 Ausgaben pro Jahr die wesentlichen Themen f\u00fcr F\u00fchrungskr\u00e4fte von KMU auf.","publisher":{"@id":"https:\/\/www.organisator.ch\/#organization"},"potentialAction":[{"@type":"SearchAction","target":{"@type":"EntryPoint","urlTemplate":"https:\/\/www.organisator.ch\/?s={search_term_string}"},"query-input":{"@type":"PropertyValueSpecification","valueRequired":true,"valueName":"search_term_string"}}],"inLanguage":"de"},{"@type":"Organization","@id":"https:\/\/www.organisator.ch\/#organization","name":"Organisator","url":"https:\/\/www.organisator.ch\/","logo":{"@type":"ImageObject","inLanguage":"de","@id":"https:\/\/www.organisator.ch\/#\/schema\/logo\/image\/","url":"https:\/\/www.organisator.ch\/wp-content\/uploads\/2022\/01\/Logo_Organisator_Website.png","contentUrl":"https:\/\/www.organisator.ch\/wp-content\/uploads\/2022\/01\/Logo_Organisator_Website.png","width":800,"height":77,"caption":"Organisator"},"image":{"@id":"https:\/\/www.organisator.ch\/#\/schema\/logo\/image\/"},"sameAs":["https:\/\/www.facebook.com\/OrganisatorFachmagazin","https:\/\/www.linkedin.com\/showcase\/organisator-das-magazin-fr-kmu","https:\/\/www.xing.com\/news\/pages\/organisator-ch-695","https:\/\/www.youtube.com\/channel\/UCGP2Sq0iWaZwT3BdIAQFYpw"]},{"@type":"Person","@id":"https:\/\/www.organisator.ch\/#\/schema\/person\/6f650f90b2842cd4c0cc334b4e36f67e","name":"thomas.berner","image":{"@type":"ImageObject","inLanguage":"de","@id":"https:\/\/secure.gravatar.com\/avatar\/ac5001d2a36cb6c6cd3e50789007ffca834b477b74a2144564522e944eabff61?s=96&d=mm&r=g","url":"https:\/\/secure.gravatar.com\/avatar\/ac5001d2a36cb6c6cd3e50789007ffca834b477b74a2144564522e944eabff61?s=96&d=mm&r=g","contentUrl":"https:\/\/secure.gravatar.com\/avatar\/ac5001d2a36cb6c6cd3e50789007ffca834b477b74a2144564522e944eabff61?s=96&d=mm&r=g","caption":"thomas.berner"},"url":"https:\/\/www.organisator.ch\/de\/author\/thomas-berner\/"}]}},"_links":{"self":[{"href":"https:\/\/www.organisator.ch\/de\/wp-json\/wp\/v2\/posts\/7342","targetHints":{"allow":["GET"]}}],"collection":[{"href":"https:\/\/www.organisator.ch\/de\/wp-json\/wp\/v2\/posts"}],"about":[{"href":"https:\/\/www.organisator.ch\/de\/wp-json\/wp\/v2\/types\/post"}],"author":[{"embeddable":true,"href":"https:\/\/www.organisator.ch\/de\/wp-json\/wp\/v2\/users\/4"}],"replies":[{"embeddable":true,"href":"https:\/\/www.organisator.ch\/de\/wp-json\/wp\/v2\/comments?post=7342"}],"version-history":[{"count":0,"href":"https:\/\/www.organisator.ch\/de\/wp-json\/wp\/v2\/posts\/7342\/revisions"}],"wp:featuredmedia":[{"embeddable":true,"href":"https:\/\/www.organisator.ch\/de\/wp-json\/wp\/v2\/media\/7343"}],"wp:attachment":[{"href":"https:\/\/www.organisator.ch\/de\/wp-json\/wp\/v2\/media?parent=7342"}],"wp:term":[{"taxonomy":"category","embeddable":true,"href":"https:\/\/www.organisator.ch\/de\/wp-json\/wp\/v2\/categories?post=7342"},{"taxonomy":"post_tag","embeddable":true,"href":"https:\/\/www.organisator.ch\/de\/wp-json\/wp\/v2\/tags?post=7342"}],"curies":[{"name":"wp","href":"https:\/\/api.w.org\/{rel}","templated":true}]}}