{"id":7348,"date":"2020-11-19T16:32:59","date_gmt":"2020-11-19T15:32:59","guid":{"rendered":"https:\/\/www.organisator.ch\/?p=7348"},"modified":"2020-11-19T16:32:59","modified_gmt":"2020-11-19T15:32:59","slug":"praevention-psychischer-erkrankungen-am-arbeitsplatz","status":"publish","type":"post","link":"https:\/\/www.organisator.ch\/de\/human-resources\/fit_im_job\/2020-11-19\/praevention-psychischer-erkrankungen-am-arbeitsplatz\/","title":{"rendered":"Pr\u00e4vention psychischer Erkrankungen am Arbeitsplatz"},"content":{"rendered":"<figure id=\"attachment_7349\" aria-describedby=\"caption-attachment-7349\" style=\"width: 680px\" class=\"wp-caption alignnone\"><img loading=\"lazy\" decoding=\"async\" class=\"size-medium wp-image-7349\" src=\"https:\/\/www.organisator.ch\/wp-content\/uploads\/2020\/11\/Praevention-psychischer-Erkrankungen-am-Arbeitsplatz_Organisator.jpg\" alt=\"\" width=\"680\" height=\"453\" srcset=\"https:\/\/www.organisator.ch\/wp-content\/uploads\/2020\/11\/Praevention-psychischer-Erkrankungen-am-Arbeitsplatz_Organisator.jpg 680w, https:\/\/www.organisator.ch\/wp-content\/uploads\/2020\/11\/Praevention-psychischer-Erkrankungen-am-Arbeitsplatz_Organisator-16x12.jpg 16w, https:\/\/www.organisator.ch\/wp-content\/uploads\/2020\/11\/Praevention-psychischer-Erkrankungen-am-Arbeitsplatz_Organisator-263x175.jpg 263w, https:\/\/www.organisator.ch\/wp-content\/uploads\/2020\/11\/Praevention-psychischer-Erkrankungen-am-Arbeitsplatz_Organisator-525x350.jpg 525w, https:\/\/www.organisator.ch\/wp-content\/uploads\/2020\/11\/Praevention-psychischer-Erkrankungen-am-Arbeitsplatz_Organisator-300x200.jpg 300w\" sizes=\"auto, (max-width: 680px) 100vw, 680px\" \/><figcaption id=\"caption-attachment-7349\" class=\"wp-caption-text\">Wenn Burnout droht: Zur Pr\u00e4vention psychischer Erkrankungen am Arbeitsplatz hat der Versicherer AXA ein Tool f\u00fcr KMU-Kunden entwickelt. (Bild: Pixabay.com)<\/figcaption><\/figure>\n<p>Nach einem erfolgreichen Pilotprojekt lanciert die AXA in Zusammenarbeit mit dem deutschen Startup DearEmployee den \u00abArbeitsklima-Kompass\u00bb f\u00fcr KMU, vorerst in der Deutschschweiz. Das Angebot steht den KMU-Kunden des Versicherers zur Verf\u00fcgung. Damit unterst\u00fctzt die AXA kleinere und mittlere Unternehmen, psychosoziale Risiken am Arbeitsplatz sichtbar zu machen und ihre Ressourcen gezielt f\u00fcr die Gesundheit ihrer Mitarbeitenden einzusetzen. Dass dies einem Bed\u00fcrfnis entspricht, zeigen aktuelle Zahlen. So leiden gem\u00e4ss Bundesamt f\u00fcr Statistik 21 Prozent der Erwerbst\u00e4tigen sehr oft unter Stress am Arbeitsplatz. Knapp die H\u00e4lfte der gestressten Personen f\u00fchlen sich bei der Arbeit emotional ersch\u00f6pft und weisen folglich ein h\u00f6heres Burn-out-Risiko auf (BFS, 2019). Auf Unternehmensseite resultieren aufgrund von Arbeitsstress Produktivit\u00e4tsverluste in der H\u00f6he von gesch\u00e4tzt \u00fcber sieben Milliarden Franken pro Jahr (Gesundheitsf\u00f6rderung Schweiz, 2020).<\/p>\n<h2>Schnelles Instrument zur Evaluierung von psychischer Belastung am Arbeitsplatz<\/h2>\n<p>Der \u00abArbeitsklima-Kompass\u00bb basiert auf einer von DearEmployee wissenschaftlich entwickelten und validierten Befragungsmethodik, mit der Unternehmen kontinuierlich Einblicke erhalten, welche Arbeitsbedingungen ihre Besch\u00e4ftigten psychisch belasten. Das innovative Verfahren deckt neben der psychischen Gesundheit auch aktuell wichtige Themen ab wie das Arbeiten im Homeoffice (Erreichbarkeit, flexibles Arbeiten), soziale Isolation oder Digitalkompetenz.<\/p>\n<p>Das Instrument funktioniert schnell und einfach, indem Mitarbeitenden einen Online-Fragenbogen beantworten, deren Ergebnisse und daraus abgeleitete Handlungsempfehlungen dem Unternehmen bereits einige Minuten danach vorliegen. Die Software von DearEmployee ist dar\u00fcber hinaus mit einer k\u00fcnstlichen Intelligenz ausgestattet, die sich im Hintergrund an die Spezifika der Branchen und T\u00e4tigkeitsbereiche der Besch\u00e4ftigten anpasst.<\/p>\n<h2>Passende Massnahmen unmittelbar nach Erhebung des pers\u00f6nlichen Befindens<\/h2>\n<p>Unmittelbar nach dem Einsehen der Ergebnisse und Handlungsempfehlungen kann das Unternehmen \u00fcber den DearEmployee-Marktplatz passende L\u00f6sungen finden und buchen \u2013 z.B. F\u00fchrungs-Coachings und -Lehrg\u00e4nge, Zeitmanagement-Workshops oder digitale Achtsamkeitskurse. \u00abDas zeichnet das neue Produkt aus\u00bb, sagt Henning Jakob, CEO und Co-Founder von DearEmployee und erkl\u00e4rt: \u00abIn der Regel m\u00fcssen Mitarbeitende Monate, wenn nicht Jahre darauf warten, dass ihnen passende Massnahmen angeboten werden, denn die Vorgesetzten m\u00fcssen sich erstmal einen \u00dcberblick \u00fcber die F\u00fclle an Massnahmen und L\u00f6sungsanbietern verschaffen. Dadurch geht viel Zeit verloren, die eigentlich sinnvoller genutzt werden kann.\u00bb<\/p>\n<h2>Massnahmen zur Pr\u00e4vention psychischer Erkrankungen am Arbeitsplatz<\/h2>\n<p>Die Ursachen von psychischen Erkrankungen sind vielf\u00e4ltig, liegen neben dem privaten auch im beruflichen Bereich. Symptome einer psychischen Erkrankung werden sp\u00e4t erkannt und oftmals nicht richtig gedeutet. In der Folge wird den belasteten Mitarbeitenden entweder keine oder eine unwirksame Massnahme angeboten. Mit dem \u00abArbeitsklima-Kompass\u00bb soll sich das \u00e4ndern. \u00abWir freuen uns, dass wir mit DearEmployee einen innovativen und gleichzeitig fachlich starken Partner gefunden haben\u00bb, sagt Claudia Bienentreu, Leiterin des AXA Open Innovation Teams. \u00abSo k\u00f6nnen wir unseren Unternehmenskunden eine schnelle und professionelle L\u00f6sung anbieten, mit deren Hilfe die psychische Gesundheit am Arbeitsplatz gef\u00f6rdert werden kann.\u00bb<\/p>\n<p><em>Quelle und weitere Informationen: <a href=\"http:\/\/www.axa.ch\">AXA<\/a><\/em><\/p>\n","protected":false},"excerpt":{"rendered":"<p>Nach einem erfolgreichen Pilotprojekt lanciert die AXA in Zusammenarbeit mit dem deutschen Startup DearEmployee den \u00abArbeitsklima-Kompass\u00bb f\u00fcr KMU, vorerst in der Deutschschweiz. Das Angebot steht den KMU-Kunden des Versicherers zur Verf\u00fcgung. Damit unterst\u00fctzt die AXA kleinere und mittlere Unternehmen, psychosoziale Risiken am Arbeitsplatz sichtbar zu machen und ihre Ressourcen gezielt f\u00fcr die Gesundheit ihrer Mitarbeitenden [&hellip;]<\/p>\n","protected":false},"author":4,"featured_media":7349,"comment_status":"closed","ping_status":"closed","sticky":false,"template":"","format":"standard","meta":{"_acf_changed":false,"_yoast_wpseo_focuskw":"Pr\u00e4vention psychischer Erkrankungen","_yoast_wpseo_metadesc":"Die AXA und das deutsche Startup DearEmployee setzen sich gemeinsam f\u00fcr die Fr\u00fcherkennung und Pr\u00e4vention psychischer Erkrankungen am Arbeitsplatz ein.","articlekey":"","footnotes":""},"categories":[25],"tags":[77,393,400,511],"class_list":["post-7348","post","type-post","status-publish","format-standard","has-post-thumbnail","hentry","category-fit_im_job","tag-betriebliches-gesundheitsmanagement","tag-produkte","tag-psychische-gesundheit","tag-versicherungen"],"acf":[],"yoast_head":"<!-- This site is optimized with the Yoast SEO plugin v27.4 - https:\/\/yoast.com\/product\/yoast-seo-wordpress\/ -->\n<title>Pr\u00e4vention psychischer Erkrankungen am Arbeitsplatz - Organisator<\/title>\n<meta name=\"description\" content=\"Die AXA und das deutsche Startup DearEmployee setzen sich gemeinsam f\u00fcr die Fr\u00fcherkennung und Pr\u00e4vention psychischer Erkrankungen am Arbeitsplatz ein.\" \/>\n<meta name=\"robots\" content=\"index, follow, max-snippet:-1, max-image-preview:large, max-video-preview:-1\" \/>\n<link rel=\"canonical\" href=\"https:\/\/www.organisator.ch\/de\/human-resources\/fit_im_job\/2020-11-19\/praevention-psychischer-erkrankungen-am-arbeitsplatz\/\" \/>\n<meta property=\"og:locale\" content=\"de_DE\" \/>\n<meta property=\"og:type\" content=\"article\" \/>\n<meta property=\"og:title\" content=\"Pr\u00e4vention psychischer Erkrankungen am Arbeitsplatz\" \/>\n<meta property=\"og:description\" content=\"Die AXA und das deutsche Startup DearEmployee setzen sich gemeinsam f\u00fcr die Fr\u00fcherkennung und Pr\u00e4vention psychischer Erkrankungen am Arbeitsplatz ein.\" \/>\n<meta property=\"og:url\" content=\"https:\/\/www.organisator.ch\/de\/human-resources\/fit_im_job\/2020-11-19\/praevention-psychischer-erkrankungen-am-arbeitsplatz\/\" \/>\n<meta property=\"og:site_name\" content=\"Organisator\" \/>\n<meta property=\"article:publisher\" content=\"https:\/\/www.facebook.com\/OrganisatorFachmagazin\" \/>\n<meta property=\"article:published_time\" content=\"2020-11-19T15:32:59+00:00\" \/>\n<meta property=\"og:image\" content=\"https:\/\/www.organisator.ch\/wp-content\/uploads\/2020\/11\/Praevention-psychischer-Erkrankungen-am-Arbeitsplatz_Organisator.jpg\" \/>\n\t<meta property=\"og:image:width\" content=\"680\" \/>\n\t<meta property=\"og:image:height\" content=\"453\" \/>\n\t<meta property=\"og:image:type\" content=\"image\/jpeg\" \/>\n<meta name=\"author\" content=\"thomas.berner\" \/>\n<meta name=\"twitter:card\" content=\"summary_large_image\" \/>\n<meta name=\"twitter:title\" content=\"#Pr\u00e4vention psychischer Erkrankungen am #Arbeitsplatz\" \/>\n<meta name=\"twitter:description\" content=\"Die #AXA und das deutsche Startup #DearEmployee setzen sich gemeinsam f\u00fcr die #Fr\u00fcherkennung und #Pr\u00e4vention psychischer Erkrankungen am #Arbeitsplatz ein.\" \/>\n<meta name=\"twitter:image\" content=\"https:\/\/www.organisator.ch\/wp-content\/uploads\/2020\/11\/Praevention-psychischer-Erkrankungen-am-Arbeitsplatz_Organisator.jpg\" \/>\n<script type=\"application\/ld+json\" class=\"yoast-schema-graph\">{\"@context\":\"https:\\\/\\\/schema.org\",\"@graph\":[{\"@type\":\"Article\",\"@id\":\"https:\\\/\\\/www.organisator.ch\\\/human-resources\\\/fit_im_job\\\/2020-11-19\\\/praevention-psychischer-erkrankungen-am-arbeitsplatz\\\/#article\",\"isPartOf\":{\"@id\":\"https:\\\/\\\/www.organisator.ch\\\/human-resources\\\/fit_im_job\\\/2020-11-19\\\/praevention-psychischer-erkrankungen-am-arbeitsplatz\\\/\"},\"author\":{\"name\":\"thomas.berner\",\"@id\":\"https:\\\/\\\/www.organisator.ch\\\/#\\\/schema\\\/person\\\/6f650f90b2842cd4c0cc334b4e36f67e\"},\"headline\":\"Pr\u00e4vention psychischer Erkrankungen am Arbeitsplatz\",\"datePublished\":\"2020-11-19T15:32:59+00:00\",\"mainEntityOfPage\":{\"@id\":\"https:\\\/\\\/www.organisator.ch\\\/human-resources\\\/fit_im_job\\\/2020-11-19\\\/praevention-psychischer-erkrankungen-am-arbeitsplatz\\\/\"},\"wordCount\":503,\"publisher\":{\"@id\":\"https:\\\/\\\/www.organisator.ch\\\/#organization\"},\"image\":{\"@id\":\"https:\\\/\\\/www.organisator.ch\\\/human-resources\\\/fit_im_job\\\/2020-11-19\\\/praevention-psychischer-erkrankungen-am-arbeitsplatz\\\/#primaryimage\"},\"thumbnailUrl\":\"https:\\\/\\\/www.organisator.ch\\\/wp-content\\\/uploads\\\/2020\\\/11\\\/Praevention-psychischer-Erkrankungen-am-Arbeitsplatz_Organisator.jpg\",\"keywords\":[\"Betriebliches Gesundheitsmanagement\",\"Produkte\",\"Psychische Gesundheit\",\"Versicherungen\"],\"articleSection\":[\"FIT IM JOB\"],\"inLanguage\":\"de\"},{\"@type\":\"WebPage\",\"@id\":\"https:\\\/\\\/www.organisator.ch\\\/human-resources\\\/fit_im_job\\\/2020-11-19\\\/praevention-psychischer-erkrankungen-am-arbeitsplatz\\\/\",\"url\":\"https:\\\/\\\/www.organisator.ch\\\/human-resources\\\/fit_im_job\\\/2020-11-19\\\/praevention-psychischer-erkrankungen-am-arbeitsplatz\\\/\",\"name\":\"Pr\u00e4vention psychischer Erkrankungen am Arbeitsplatz - Organisator\",\"isPartOf\":{\"@id\":\"https:\\\/\\\/www.organisator.ch\\\/#website\"},\"primaryImageOfPage\":{\"@id\":\"https:\\\/\\\/www.organisator.ch\\\/human-resources\\\/fit_im_job\\\/2020-11-19\\\/praevention-psychischer-erkrankungen-am-arbeitsplatz\\\/#primaryimage\"},\"image\":{\"@id\":\"https:\\\/\\\/www.organisator.ch\\\/human-resources\\\/fit_im_job\\\/2020-11-19\\\/praevention-psychischer-erkrankungen-am-arbeitsplatz\\\/#primaryimage\"},\"thumbnailUrl\":\"https:\\\/\\\/www.organisator.ch\\\/wp-content\\\/uploads\\\/2020\\\/11\\\/Praevention-psychischer-Erkrankungen-am-Arbeitsplatz_Organisator.jpg\",\"datePublished\":\"2020-11-19T15:32:59+00:00\",\"description\":\"Die AXA und das deutsche Startup DearEmployee setzen sich gemeinsam f\u00fcr die Fr\u00fcherkennung und Pr\u00e4vention psychischer Erkrankungen am Arbeitsplatz ein.\",\"breadcrumb\":{\"@id\":\"https:\\\/\\\/www.organisator.ch\\\/human-resources\\\/fit_im_job\\\/2020-11-19\\\/praevention-psychischer-erkrankungen-am-arbeitsplatz\\\/#breadcrumb\"},\"inLanguage\":\"de\",\"potentialAction\":[{\"@type\":\"ReadAction\",\"target\":[\"https:\\\/\\\/www.organisator.ch\\\/human-resources\\\/fit_im_job\\\/2020-11-19\\\/praevention-psychischer-erkrankungen-am-arbeitsplatz\\\/\"]}]},{\"@type\":\"ImageObject\",\"inLanguage\":\"de\",\"@id\":\"https:\\\/\\\/www.organisator.ch\\\/human-resources\\\/fit_im_job\\\/2020-11-19\\\/praevention-psychischer-erkrankungen-am-arbeitsplatz\\\/#primaryimage\",\"url\":\"https:\\\/\\\/www.organisator.ch\\\/wp-content\\\/uploads\\\/2020\\\/11\\\/Praevention-psychischer-Erkrankungen-am-Arbeitsplatz_Organisator.jpg\",\"contentUrl\":\"https:\\\/\\\/www.organisator.ch\\\/wp-content\\\/uploads\\\/2020\\\/11\\\/Praevention-psychischer-Erkrankungen-am-Arbeitsplatz_Organisator.jpg\",\"width\":680,\"height\":453,\"caption\":\"Wenn Burnout droht: Zur Pr\u00e4vention psychischer Erkrankungen am Arbeitsplatz hat der Versicherer AXA ein Tool f\u00fcr KMU-Kunden entwickelt. (Bild: Pixabay.com)\"},{\"@type\":\"BreadcrumbList\",\"@id\":\"https:\\\/\\\/www.organisator.ch\\\/human-resources\\\/fit_im_job\\\/2020-11-19\\\/praevention-psychischer-erkrankungen-am-arbeitsplatz\\\/#breadcrumb\",\"itemListElement\":[{\"@type\":\"ListItem\",\"position\":1,\"name\":\"Home\",\"item\":\"https:\\\/\\\/www.organisator.ch\\\/\"},{\"@type\":\"ListItem\",\"position\":2,\"name\":\"Pr\u00e4vention psychischer Erkrankungen am Arbeitsplatz\"}]},{\"@type\":\"WebSite\",\"@id\":\"https:\\\/\\\/www.organisator.ch\\\/#website\",\"url\":\"https:\\\/\\\/www.organisator.ch\\\/\",\"name\":\"Organisator\",\"description\":\"Kompetent. Praxisnah. Der ORGANISATOR bereitet in 10 Ausgaben pro Jahr die wesentlichen Themen f\u00fcr F\u00fchrungskr\u00e4fte von KMU auf.\",\"publisher\":{\"@id\":\"https:\\\/\\\/www.organisator.ch\\\/#organization\"},\"potentialAction\":[{\"@type\":\"SearchAction\",\"target\":{\"@type\":\"EntryPoint\",\"urlTemplate\":\"https:\\\/\\\/www.organisator.ch\\\/?s={search_term_string}\"},\"query-input\":{\"@type\":\"PropertyValueSpecification\",\"valueRequired\":true,\"valueName\":\"search_term_string\"}}],\"inLanguage\":\"de\"},{\"@type\":\"Organization\",\"@id\":\"https:\\\/\\\/www.organisator.ch\\\/#organization\",\"name\":\"Organisator\",\"url\":\"https:\\\/\\\/www.organisator.ch\\\/\",\"logo\":{\"@type\":\"ImageObject\",\"inLanguage\":\"de\",\"@id\":\"https:\\\/\\\/www.organisator.ch\\\/#\\\/schema\\\/logo\\\/image\\\/\",\"url\":\"https:\\\/\\\/www.organisator.ch\\\/wp-content\\\/uploads\\\/2022\\\/01\\\/Logo_Organisator_Website.png\",\"contentUrl\":\"https:\\\/\\\/www.organisator.ch\\\/wp-content\\\/uploads\\\/2022\\\/01\\\/Logo_Organisator_Website.png\",\"width\":800,\"height\":77,\"caption\":\"Organisator\"},\"image\":{\"@id\":\"https:\\\/\\\/www.organisator.ch\\\/#\\\/schema\\\/logo\\\/image\\\/\"},\"sameAs\":[\"https:\\\/\\\/www.facebook.com\\\/OrganisatorFachmagazin\",\"https:\\\/\\\/www.linkedin.com\\\/showcase\\\/organisator-das-magazin-fr-kmu\",\"https:\\\/\\\/www.xing.com\\\/news\\\/pages\\\/organisator-ch-695\",\"https:\\\/\\\/www.youtube.com\\\/channel\\\/UCGP2Sq0iWaZwT3BdIAQFYpw\"]},{\"@type\":\"Person\",\"@id\":\"https:\\\/\\\/www.organisator.ch\\\/#\\\/schema\\\/person\\\/6f650f90b2842cd4c0cc334b4e36f67e\",\"name\":\"thomas.berner\",\"image\":{\"@type\":\"ImageObject\",\"inLanguage\":\"de\",\"@id\":\"https:\\\/\\\/secure.gravatar.com\\\/avatar\\\/ac5001d2a36cb6c6cd3e50789007ffca834b477b74a2144564522e944eabff61?s=96&d=mm&r=g\",\"url\":\"https:\\\/\\\/secure.gravatar.com\\\/avatar\\\/ac5001d2a36cb6c6cd3e50789007ffca834b477b74a2144564522e944eabff61?s=96&d=mm&r=g\",\"contentUrl\":\"https:\\\/\\\/secure.gravatar.com\\\/avatar\\\/ac5001d2a36cb6c6cd3e50789007ffca834b477b74a2144564522e944eabff61?s=96&d=mm&r=g\",\"caption\":\"thomas.berner\"},\"url\":\"https:\\\/\\\/www.organisator.ch\\\/de\\\/author\\\/thomas-berner\\\/\"}]}<\/script>\n<!-- \/ Yoast SEO plugin. -->","yoast_head_json":{"title":"Pr\u00e4vention psychischer Erkrankungen am Arbeitsplatz - Organisator","description":"Die AXA und das deutsche Startup DearEmployee setzen sich gemeinsam f\u00fcr die Fr\u00fcherkennung und Pr\u00e4vention psychischer Erkrankungen am Arbeitsplatz ein.","robots":{"index":"index","follow":"follow","max-snippet":"max-snippet:-1","max-image-preview":"max-image-preview:large","max-video-preview":"max-video-preview:-1"},"canonical":"https:\/\/www.organisator.ch\/de\/human-resources\/fit_im_job\/2020-11-19\/praevention-psychischer-erkrankungen-am-arbeitsplatz\/","og_locale":"de_DE","og_type":"article","og_title":"Pr\u00e4vention psychischer Erkrankungen am Arbeitsplatz","og_description":"Die AXA und das deutsche Startup DearEmployee setzen sich gemeinsam f\u00fcr die Fr\u00fcherkennung und Pr\u00e4vention psychischer Erkrankungen am Arbeitsplatz ein.","og_url":"https:\/\/www.organisator.ch\/de\/human-resources\/fit_im_job\/2020-11-19\/praevention-psychischer-erkrankungen-am-arbeitsplatz\/","og_site_name":"Organisator","article_publisher":"https:\/\/www.facebook.com\/OrganisatorFachmagazin","article_published_time":"2020-11-19T15:32:59+00:00","og_image":[{"width":680,"height":453,"url":"https:\/\/www.organisator.ch\/wp-content\/uploads\/2020\/11\/Praevention-psychischer-Erkrankungen-am-Arbeitsplatz_Organisator.jpg","type":"image\/jpeg"}],"author":"thomas.berner","twitter_card":"summary_large_image","twitter_title":"#Pr\u00e4vention psychischer Erkrankungen am #Arbeitsplatz","twitter_description":"Die #AXA und das deutsche Startup #DearEmployee setzen sich gemeinsam f\u00fcr die #Fr\u00fcherkennung und #Pr\u00e4vention psychischer Erkrankungen am #Arbeitsplatz ein.","twitter_image":"https:\/\/www.organisator.ch\/wp-content\/uploads\/2020\/11\/Praevention-psychischer-Erkrankungen-am-Arbeitsplatz_Organisator.jpg","schema":{"@context":"https:\/\/schema.org","@graph":[{"@type":"Article","@id":"https:\/\/www.organisator.ch\/human-resources\/fit_im_job\/2020-11-19\/praevention-psychischer-erkrankungen-am-arbeitsplatz\/#article","isPartOf":{"@id":"https:\/\/www.organisator.ch\/human-resources\/fit_im_job\/2020-11-19\/praevention-psychischer-erkrankungen-am-arbeitsplatz\/"},"author":{"name":"thomas.berner","@id":"https:\/\/www.organisator.ch\/#\/schema\/person\/6f650f90b2842cd4c0cc334b4e36f67e"},"headline":"Pr\u00e4vention psychischer Erkrankungen am Arbeitsplatz","datePublished":"2020-11-19T15:32:59+00:00","mainEntityOfPage":{"@id":"https:\/\/www.organisator.ch\/human-resources\/fit_im_job\/2020-11-19\/praevention-psychischer-erkrankungen-am-arbeitsplatz\/"},"wordCount":503,"publisher":{"@id":"https:\/\/www.organisator.ch\/#organization"},"image":{"@id":"https:\/\/www.organisator.ch\/human-resources\/fit_im_job\/2020-11-19\/praevention-psychischer-erkrankungen-am-arbeitsplatz\/#primaryimage"},"thumbnailUrl":"https:\/\/www.organisator.ch\/wp-content\/uploads\/2020\/11\/Praevention-psychischer-Erkrankungen-am-Arbeitsplatz_Organisator.jpg","keywords":["Betriebliches Gesundheitsmanagement","Produkte","Psychische Gesundheit","Versicherungen"],"articleSection":["FIT IM JOB"],"inLanguage":"de"},{"@type":"WebPage","@id":"https:\/\/www.organisator.ch\/human-resources\/fit_im_job\/2020-11-19\/praevention-psychischer-erkrankungen-am-arbeitsplatz\/","url":"https:\/\/www.organisator.ch\/human-resources\/fit_im_job\/2020-11-19\/praevention-psychischer-erkrankungen-am-arbeitsplatz\/","name":"Pr\u00e4vention psychischer Erkrankungen am Arbeitsplatz - Organisator","isPartOf":{"@id":"https:\/\/www.organisator.ch\/#website"},"primaryImageOfPage":{"@id":"https:\/\/www.organisator.ch\/human-resources\/fit_im_job\/2020-11-19\/praevention-psychischer-erkrankungen-am-arbeitsplatz\/#primaryimage"},"image":{"@id":"https:\/\/www.organisator.ch\/human-resources\/fit_im_job\/2020-11-19\/praevention-psychischer-erkrankungen-am-arbeitsplatz\/#primaryimage"},"thumbnailUrl":"https:\/\/www.organisator.ch\/wp-content\/uploads\/2020\/11\/Praevention-psychischer-Erkrankungen-am-Arbeitsplatz_Organisator.jpg","datePublished":"2020-11-19T15:32:59+00:00","description":"Die AXA und das deutsche Startup DearEmployee setzen sich gemeinsam f\u00fcr die Fr\u00fcherkennung und Pr\u00e4vention psychischer Erkrankungen am Arbeitsplatz ein.","breadcrumb":{"@id":"https:\/\/www.organisator.ch\/human-resources\/fit_im_job\/2020-11-19\/praevention-psychischer-erkrankungen-am-arbeitsplatz\/#breadcrumb"},"inLanguage":"de","potentialAction":[{"@type":"ReadAction","target":["https:\/\/www.organisator.ch\/human-resources\/fit_im_job\/2020-11-19\/praevention-psychischer-erkrankungen-am-arbeitsplatz\/"]}]},{"@type":"ImageObject","inLanguage":"de","@id":"https:\/\/www.organisator.ch\/human-resources\/fit_im_job\/2020-11-19\/praevention-psychischer-erkrankungen-am-arbeitsplatz\/#primaryimage","url":"https:\/\/www.organisator.ch\/wp-content\/uploads\/2020\/11\/Praevention-psychischer-Erkrankungen-am-Arbeitsplatz_Organisator.jpg","contentUrl":"https:\/\/www.organisator.ch\/wp-content\/uploads\/2020\/11\/Praevention-psychischer-Erkrankungen-am-Arbeitsplatz_Organisator.jpg","width":680,"height":453,"caption":"Wenn Burnout droht: Zur Pr\u00e4vention psychischer Erkrankungen am Arbeitsplatz hat der Versicherer AXA ein Tool f\u00fcr KMU-Kunden entwickelt. (Bild: Pixabay.com)"},{"@type":"BreadcrumbList","@id":"https:\/\/www.organisator.ch\/human-resources\/fit_im_job\/2020-11-19\/praevention-psychischer-erkrankungen-am-arbeitsplatz\/#breadcrumb","itemListElement":[{"@type":"ListItem","position":1,"name":"Home","item":"https:\/\/www.organisator.ch\/"},{"@type":"ListItem","position":2,"name":"Pr\u00e4vention psychischer Erkrankungen am Arbeitsplatz"}]},{"@type":"WebSite","@id":"https:\/\/www.organisator.ch\/#website","url":"https:\/\/www.organisator.ch\/","name":"Organisator","description":"Kompetent. Praxisnah. Der ORGANISATOR bereitet in 10 Ausgaben pro Jahr die wesentlichen Themen f\u00fcr F\u00fchrungskr\u00e4fte von KMU auf.","publisher":{"@id":"https:\/\/www.organisator.ch\/#organization"},"potentialAction":[{"@type":"SearchAction","target":{"@type":"EntryPoint","urlTemplate":"https:\/\/www.organisator.ch\/?s={search_term_string}"},"query-input":{"@type":"PropertyValueSpecification","valueRequired":true,"valueName":"search_term_string"}}],"inLanguage":"de"},{"@type":"Organization","@id":"https:\/\/www.organisator.ch\/#organization","name":"Organisator","url":"https:\/\/www.organisator.ch\/","logo":{"@type":"ImageObject","inLanguage":"de","@id":"https:\/\/www.organisator.ch\/#\/schema\/logo\/image\/","url":"https:\/\/www.organisator.ch\/wp-content\/uploads\/2022\/01\/Logo_Organisator_Website.png","contentUrl":"https:\/\/www.organisator.ch\/wp-content\/uploads\/2022\/01\/Logo_Organisator_Website.png","width":800,"height":77,"caption":"Organisator"},"image":{"@id":"https:\/\/www.organisator.ch\/#\/schema\/logo\/image\/"},"sameAs":["https:\/\/www.facebook.com\/OrganisatorFachmagazin","https:\/\/www.linkedin.com\/showcase\/organisator-das-magazin-fr-kmu","https:\/\/www.xing.com\/news\/pages\/organisator-ch-695","https:\/\/www.youtube.com\/channel\/UCGP2Sq0iWaZwT3BdIAQFYpw"]},{"@type":"Person","@id":"https:\/\/www.organisator.ch\/#\/schema\/person\/6f650f90b2842cd4c0cc334b4e36f67e","name":"thomas.berner","image":{"@type":"ImageObject","inLanguage":"de","@id":"https:\/\/secure.gravatar.com\/avatar\/ac5001d2a36cb6c6cd3e50789007ffca834b477b74a2144564522e944eabff61?s=96&d=mm&r=g","url":"https:\/\/secure.gravatar.com\/avatar\/ac5001d2a36cb6c6cd3e50789007ffca834b477b74a2144564522e944eabff61?s=96&d=mm&r=g","contentUrl":"https:\/\/secure.gravatar.com\/avatar\/ac5001d2a36cb6c6cd3e50789007ffca834b477b74a2144564522e944eabff61?s=96&d=mm&r=g","caption":"thomas.berner"},"url":"https:\/\/www.organisator.ch\/de\/author\/thomas-berner\/"}]}},"_links":{"self":[{"href":"https:\/\/www.organisator.ch\/de\/wp-json\/wp\/v2\/posts\/7348","targetHints":{"allow":["GET"]}}],"collection":[{"href":"https:\/\/www.organisator.ch\/de\/wp-json\/wp\/v2\/posts"}],"about":[{"href":"https:\/\/www.organisator.ch\/de\/wp-json\/wp\/v2\/types\/post"}],"author":[{"embeddable":true,"href":"https:\/\/www.organisator.ch\/de\/wp-json\/wp\/v2\/users\/4"}],"replies":[{"embeddable":true,"href":"https:\/\/www.organisator.ch\/de\/wp-json\/wp\/v2\/comments?post=7348"}],"version-history":[{"count":0,"href":"https:\/\/www.organisator.ch\/de\/wp-json\/wp\/v2\/posts\/7348\/revisions"}],"wp:featuredmedia":[{"embeddable":true,"href":"https:\/\/www.organisator.ch\/de\/wp-json\/wp\/v2\/media\/7349"}],"wp:attachment":[{"href":"https:\/\/www.organisator.ch\/de\/wp-json\/wp\/v2\/media?parent=7348"}],"wp:term":[{"taxonomy":"category","embeddable":true,"href":"https:\/\/www.organisator.ch\/de\/wp-json\/wp\/v2\/categories?post=7348"},{"taxonomy":"post_tag","embeddable":true,"href":"https:\/\/www.organisator.ch\/de\/wp-json\/wp\/v2\/tags?post=7348"}],"curies":[{"name":"wp","href":"https:\/\/api.w.org\/{rel}","templated":true}]}}