{"id":7393,"date":"2020-12-02T09:16:35","date_gmt":"2020-12-02T08:16:35","guid":{"rendered":"https:\/\/www.organisator.ch\/?p=7393"},"modified":"2020-12-02T09:16:35","modified_gmt":"2020-12-02T08:16:35","slug":"risiken-fuer-arbeitnehmer-erreichen-fuenfjahreshoch","status":"publish","type":"post","link":"https:\/\/www.organisator.ch\/de\/management\/2020-12-02\/risiken-fuer-arbeitnehmer-erreichen-fuenfjahreshoch\/","title":{"rendered":"Risiken f\u00fcr Arbeitnehmer erreichen F\u00fcnfjahreshoch"},"content":{"rendered":"<figure id=\"attachment_7395\" aria-describedby=\"caption-attachment-7395\" style=\"width: 680px\" class=\"wp-caption alignnone\"><img loading=\"lazy\" decoding=\"async\" class=\"size-medium wp-image-7395\" src=\"https:\/\/www.organisator.ch\/wp-content\/uploads\/2020\/12\/Risiken-fuer-Arbeitnehmer-erreichen-Fuenfjahreshoch_Organisator.jpg\" alt=\"\" width=\"680\" height=\"453\" srcset=\"https:\/\/www.organisator.ch\/wp-content\/uploads\/2020\/12\/Risiken-fuer-Arbeitnehmer-erreichen-Fuenfjahreshoch_Organisator.jpg 680w, https:\/\/www.organisator.ch\/wp-content\/uploads\/2020\/12\/Risiken-fuer-Arbeitnehmer-erreichen-Fuenfjahreshoch_Organisator-16x12.jpg 16w, https:\/\/www.organisator.ch\/wp-content\/uploads\/2020\/12\/Risiken-fuer-Arbeitnehmer-erreichen-Fuenfjahreshoch_Organisator-263x175.jpg 263w, https:\/\/www.organisator.ch\/wp-content\/uploads\/2020\/12\/Risiken-fuer-Arbeitnehmer-erreichen-Fuenfjahreshoch_Organisator-525x350.jpg 525w, https:\/\/www.organisator.ch\/wp-content\/uploads\/2020\/12\/Risiken-fuer-Arbeitnehmer-erreichen-Fuenfjahreshoch_Organisator-300x200.jpg 300w\" sizes=\"auto, (max-width: 680px) 100vw, 680px\" \/><figcaption id=\"caption-attachment-7395\" class=\"wp-caption-text\">Die Risiken f\u00fcr Arbeitnehmer nehmen zu &#8211; \u00fcberschattet von Covid-19. (Bild: Pixabay.com)<\/figcaption><\/figure>\n<p>J\u00e4hrlich untersucht die Studie International SOS Risk Outlook die Risiken f\u00fcr Arbeitnehmer und zeigt dabei L\u00fccken im Schutz der Gesundheit und Sicherheit von Mitarbeitern auf. Dazu z\u00e4hlen etwa die Risikowahrnehmung, psychische Gesundheit, Auswirkungen auf die Produktivit\u00e4t und betriebliche Herausforderungen. Ebenso fliessen Erkenntnisse des Workforce Resilience Council (einem Gremium von repr\u00e4sentativen Experten aller Gesundheits-, Sicherheits- und Arbeitsschutzbereiche) und umfangreiche konsolidierte Daten von International SOS mit dem Support ihrer Kunden mit in diese Studie ein. Die wichtigsten Ergebnisse der Studie zeigen eines: Covid-19 \u00fcberschattet alles.<\/p>\n<h2>Die Risiken f\u00fcr Arbeitnehmer werden 2021 voraussichtlich noch steigen<\/h2>\n<p>Rund acht von zehn Umfrageteilnehmern geben an, die Gesundheits- und Sicherheitsrisiken f\u00fcr Mitarbeitende seien im Jahr 2020 gestiegen. Das gilt f\u00fcr lokale Mitarbeitende am Unternehmensstandort (85 Prozent Zustimmung), Entsandte\/Expats (81 Prozent), Gesch\u00e4ftsreisende (79 Prozent) und Mitarbeitende auf abgelegenen Projektstandorten und Baustellen (77 Prozent). Mehr als die H\u00e4lfte der Befragten erwartet, dass dies im Jahr 2021 weiter zunehmen wird.<\/p>\n<p>Die Einsch\u00e4tzung, die Risiken h\u00e4tten zugenommen, geht einher mit sinkendem Vertrauen in lokale Regierungen und Gesundheitsbeh\u00f6rden. Das sieht ein Drittel (31 Prozent) der befragten Fachleute als eine zentrale Herausforderung \u2013 am deutlichsten in Nord- und S\u00fcdamerika (40 Prozent). Nur f\u00fcr Gesch\u00e4ftsreisende erreichte die Einsch\u00e4tzung, die Risiken h\u00e4tten zugenommen, bereits in der Vergangenheit einen hohen Wert (72 Prozent im Jahr 2016). Damals standen m\u00f6glicherweise Terroranschl\u00e4ge an Orten, die zuvor als sicher gegolten hatten, im Vordergrund. Im Jahr 2018 erhielt die Einsch\u00e4tzung, die Risiken seien gestiegen, bereits wieder weniger Zustimmung (47 Prozent), bevor sie auf den aktuellen Wert von 79 Prozent stieg. \u201eDie Covid-19-Pandemie hat eine dreifache Krise ausgel\u00f6st: der \u00f6ffentlichen Gesundheit, der Geopolitik und der Wirtschaft. Alle drei treffen die Belegschaften und das Gesch\u00e4ft auf globaler Ebene\u201c, sagt Dr. Stefan Esser, \u00c4rztlicher Leiter Zentraleuropa bei International SOS. Versch\u00e4rft werde die Situation durch eine Infodemie in einer zunehmend komplexen Welt, so Stefan Esser weiter. Unternehmen m\u00fcssten zudem verst\u00e4rkt an der Erf\u00fcllung ihrer F\u00fcrsorgepflicht arbeiten. \u201eSo, wie der 11. September 2001 den Blick der Arbeitgeber auf F\u00fcrsorgepflicht und Sicherheitsfragen gewandelt hat, so wird die<br \/>\nPandemie nachhaltig ver\u00e4ndern, wie Arbeitgeber die Gesundheitsgefahren f\u00fcr die Belegschaft betrachten\u201c, glaubt Stefan Esser.<\/p>\n<h2>Die Covid-19-Brille r\u00fcckt andere Risiken in den Hintergrund<\/h2>\n<p>Die Mehrheit der befragten Fachleute ist der Ansicht, dass Infektionskrankheiten (wie Covid-19, Malaria, Dengue-Fieber, Ebola, Zika usw.) im n\u00e4chsten Jahr zu einem R\u00fcckgang der Mitarbeiterproduktivit\u00e4t f\u00fchren werden. Jeder dritte Befragte erwartet, dass auch Beeintr\u00e4chtigungen der psychischen Gesundheit dazu beitragen. Die Experten des Workforce Resilience Council gehen sogar davon aus, dass Probleme der psychischen Gesundheit im n\u00e4chsten Jahr Covid-19 \u00fcberholen werden.<\/p>\n<p>Auch andere Risiken verlieren f\u00fcr viele der Befragten an Bedeutung, zum Beispiel die L\u00e4nder-Risikobewertungen weltweit, Fragen der Verkehrssicherheit und Sicherheitsbedrohungen. Die Befragten mit Verantwortung f\u00fcr Gesch\u00e4ftsreisen nannten \u201egeopolitische Bedrohungen\u201c (30 Prozent), \u201eUnruhen\u201c (25 Prozent) und \u201eSicherheitsbedrohungen\u201c (32 Prozent) deutlich weniger h\u00e4ufig als im Vorjahr (52, 52 bzw. 68 Prozent). \u201eDie Ergebnisse zeigen, dass Covid-19 sehr stark im Vordergrund steht und andere Risiken in den Hintergrund r\u00fccken \u2013 in einem potenziell gesch\u00e4ftsgef\u00e4hrdenden Ausmass\u201c, sagt Gautier Porot, Security Director Schweiz und Italien bei International SOS. \u201eDenn die Pandemie hat Sicherheitsfragen versch\u00e4rft, insbesondere im Zusammenhang mit Unruhen und politischen Protesten. In \u00e4hnlicher Weise hat die Kriminalit\u00e4t an einigen Orten zugenommen, und wir stehen erst am Anfang der sozio\u00f6konomischen und<br \/>\npsychologischen Folgen der Covid-19-Krise. Gleichzeitig wird der Umgang mit grossen Bedrohungen wie Naturkatastrophen immer komplexer, da Covid-19 und sich st\u00e4ndig ver\u00e4ndernde Reisebeschr\u00e4nkungen ber\u00fccksichtigt werden m\u00fcssen.\u201c<\/p>\n<h2>Die f\u00fcnf wichtigsten Herausforderungen f\u00fcr Unternehmen<\/h2>\n<p>Bei der Gew\u00e4hrleistung der Gesundheit und Sicherheit ihrer Mitarbeitende sehen sich Unternehmen mit verschiedenen Herausforderungen konfrontiert. Die Umfrage zeigte folgende Schwierigkeiten:<\/p>\n<ol>\n<li>Ausreichende Ressourcen f\u00fcr den Umgang mit Covid-19: 54 %,<\/li>\n<li>Zugriff auf verl\u00e4ssliche und aktuelle Informationen zu Gesundheits- und Sicherheitsfragen: 40 %,<\/li>\n<li>Aufkl\u00e4rung der Mitarbeitende \u00fcber aktuelle Risiken: 35 %,<\/li>\n<li>Umgang mit Belastungen f\u00fcr die psychische Gesundheit: 33 %,<\/li>\n<li>Kommunikation w\u00e4hrend einer Krise: 33 %.<\/li>\n<\/ol>\n<p>In diesen f\u00fcnf Bereichen sind Organisationen gefordert, entsprechende Strategien zu entwickeln, um ihren Mitarbeitenden einen bestm\u00f6glichen Schutz zu gew\u00e4hrleisten.<\/p>\n<p><em>Quelle: <a href=\"http:\/\/www.internationalsos.com\">International SOS<\/a><\/em><\/p>\n","protected":false},"excerpt":{"rendered":"<p>J\u00e4hrlich untersucht die Studie International SOS Risk Outlook die Risiken f\u00fcr Arbeitnehmer und zeigt dabei L\u00fccken im Schutz der Gesundheit und Sicherheit von Mitarbeitern auf. Dazu z\u00e4hlen etwa die Risikowahrnehmung, psychische Gesundheit, Auswirkungen auf die Produktivit\u00e4t und betriebliche Herausforderungen. Ebenso fliessen Erkenntnisse des Workforce Resilience Council (einem Gremium von repr\u00e4sentativen Experten aller Gesundheits-, Sicherheits- und [&hellip;]<\/p>\n","protected":false},"author":4,"featured_media":7395,"comment_status":"closed","ping_status":"closed","sticky":false,"template":"","format":"standard","meta":{"_acf_changed":false,"_yoast_wpseo_focuskw":"Risiken f\u00fcr Arbeitnehmer","_yoast_wpseo_metadesc":"Die Risiken f\u00fcr Arbeitnehmer auf der ganzen Welt haben das h\u00f6chste Niveau seit 2016 erreicht, so der International SOS Risk Outlook 2021.","articlekey":"","footnotes":""},"categories":[28],"tags":[77,132,418,459],"class_list":["post-7393","post","type-post","status-publish","format-standard","has-post-thumbnail","hentry","category-management","tag-betriebliches-gesundheitsmanagement","tag-coronavirus","tag-risikomanagement","tag-studie"],"acf":[],"yoast_head":"<!-- This site is optimized with the Yoast SEO plugin v27.4 - https:\/\/yoast.com\/product\/yoast-seo-wordpress\/ -->\n<title>Risiken f\u00fcr Arbeitnehmer erreichen F\u00fcnfjahreshoch - Organisator<\/title>\n<meta name=\"description\" content=\"Die Risiken f\u00fcr Arbeitnehmer auf der ganzen Welt haben das h\u00f6chste Niveau seit 2016 erreicht, so der International SOS Risk Outlook 2021.\" \/>\n<meta name=\"robots\" content=\"index, follow, max-snippet:-1, max-image-preview:large, max-video-preview:-1\" \/>\n<link rel=\"canonical\" href=\"https:\/\/www.organisator.ch\/de\/management\/2020-12-02\/risiken-fuer-arbeitnehmer-erreichen-fuenfjahreshoch\/\" \/>\n<meta property=\"og:locale\" content=\"de_DE\" \/>\n<meta property=\"og:type\" content=\"article\" \/>\n<meta property=\"og:title\" content=\"Risiken f\u00fcr Arbeitnehmer erreichen F\u00fcnfjahreshoch\" \/>\n<meta property=\"og:description\" content=\"Die Risiken f\u00fcr Arbeitnehmer auf der ganzen Welt haben das h\u00f6chste Niveau seit 2016 erreicht, so der International SOS Risk Outlook 2021.\" \/>\n<meta property=\"og:url\" content=\"https:\/\/www.organisator.ch\/de\/management\/2020-12-02\/risiken-fuer-arbeitnehmer-erreichen-fuenfjahreshoch\/\" \/>\n<meta property=\"og:site_name\" content=\"Organisator\" \/>\n<meta property=\"article:publisher\" content=\"https:\/\/www.facebook.com\/OrganisatorFachmagazin\" \/>\n<meta property=\"article:published_time\" content=\"2020-12-02T08:16:35+00:00\" \/>\n<meta property=\"og:image\" content=\"https:\/\/www.organisator.ch\/wp-content\/uploads\/2020\/12\/Risiken-fuer-Arbeitnehmer-erreichen-Fuenfjahreshoch_Organisator.jpg\" \/>\n\t<meta property=\"og:image:width\" content=\"680\" \/>\n\t<meta property=\"og:image:height\" content=\"453\" \/>\n\t<meta property=\"og:image:type\" content=\"image\/jpeg\" \/>\n<meta name=\"author\" content=\"thomas.berner\" \/>\n<meta name=\"twitter:card\" content=\"summary_large_image\" \/>\n<meta name=\"twitter:title\" content=\"#Risiken f\u00fcr Arbeitnehmer erreichen #F\u00fcnfjahreshoch\" \/>\n<meta name=\"twitter:description\" content=\"Die #Risiken f\u00fcr Arbeitnehmer auf der ganzen Welt haben das h\u00f6chste Niveau seit 2016 erreicht, so der International #SOS Risk Outlook 2021.\" \/>\n<meta name=\"twitter:image\" content=\"https:\/\/www.organisator.ch\/wp-content\/uploads\/2020\/12\/Risiken-fuer-Arbeitnehmer-erreichen-Fuenfjahreshoch_Organisator.jpg\" \/>\n<script type=\"application\/ld+json\" class=\"yoast-schema-graph\">{\"@context\":\"https:\\\/\\\/schema.org\",\"@graph\":[{\"@type\":\"Article\",\"@id\":\"https:\\\/\\\/www.organisator.ch\\\/management\\\/2020-12-02\\\/risiken-fuer-arbeitnehmer-erreichen-fuenfjahreshoch\\\/#article\",\"isPartOf\":{\"@id\":\"https:\\\/\\\/www.organisator.ch\\\/management\\\/2020-12-02\\\/risiken-fuer-arbeitnehmer-erreichen-fuenfjahreshoch\\\/\"},\"author\":{\"name\":\"thomas.berner\",\"@id\":\"https:\\\/\\\/www.organisator.ch\\\/#\\\/schema\\\/person\\\/6f650f90b2842cd4c0cc334b4e36f67e\"},\"headline\":\"Risiken f\u00fcr Arbeitnehmer erreichen F\u00fcnfjahreshoch\",\"datePublished\":\"2020-12-02T08:16:35+00:00\",\"mainEntityOfPage\":{\"@id\":\"https:\\\/\\\/www.organisator.ch\\\/management\\\/2020-12-02\\\/risiken-fuer-arbeitnehmer-erreichen-fuenfjahreshoch\\\/\"},\"wordCount\":711,\"publisher\":{\"@id\":\"https:\\\/\\\/www.organisator.ch\\\/#organization\"},\"image\":{\"@id\":\"https:\\\/\\\/www.organisator.ch\\\/management\\\/2020-12-02\\\/risiken-fuer-arbeitnehmer-erreichen-fuenfjahreshoch\\\/#primaryimage\"},\"thumbnailUrl\":\"https:\\\/\\\/www.organisator.ch\\\/wp-content\\\/uploads\\\/2020\\\/12\\\/Risiken-fuer-Arbeitnehmer-erreichen-Fuenfjahreshoch_Organisator.jpg\",\"keywords\":[\"Betriebliches Gesundheitsmanagement\",\"Coronavirus\",\"Risikomanagement\",\"Studie\"],\"articleSection\":[\"MANAGEMENT\"],\"inLanguage\":\"de\"},{\"@type\":\"WebPage\",\"@id\":\"https:\\\/\\\/www.organisator.ch\\\/management\\\/2020-12-02\\\/risiken-fuer-arbeitnehmer-erreichen-fuenfjahreshoch\\\/\",\"url\":\"https:\\\/\\\/www.organisator.ch\\\/management\\\/2020-12-02\\\/risiken-fuer-arbeitnehmer-erreichen-fuenfjahreshoch\\\/\",\"name\":\"Risiken f\u00fcr Arbeitnehmer erreichen F\u00fcnfjahreshoch - Organisator\",\"isPartOf\":{\"@id\":\"https:\\\/\\\/www.organisator.ch\\\/#website\"},\"primaryImageOfPage\":{\"@id\":\"https:\\\/\\\/www.organisator.ch\\\/management\\\/2020-12-02\\\/risiken-fuer-arbeitnehmer-erreichen-fuenfjahreshoch\\\/#primaryimage\"},\"image\":{\"@id\":\"https:\\\/\\\/www.organisator.ch\\\/management\\\/2020-12-02\\\/risiken-fuer-arbeitnehmer-erreichen-fuenfjahreshoch\\\/#primaryimage\"},\"thumbnailUrl\":\"https:\\\/\\\/www.organisator.ch\\\/wp-content\\\/uploads\\\/2020\\\/12\\\/Risiken-fuer-Arbeitnehmer-erreichen-Fuenfjahreshoch_Organisator.jpg\",\"datePublished\":\"2020-12-02T08:16:35+00:00\",\"description\":\"Die Risiken f\u00fcr Arbeitnehmer auf der ganzen Welt haben das h\u00f6chste Niveau seit 2016 erreicht, so der International SOS Risk Outlook 2021.\",\"breadcrumb\":{\"@id\":\"https:\\\/\\\/www.organisator.ch\\\/management\\\/2020-12-02\\\/risiken-fuer-arbeitnehmer-erreichen-fuenfjahreshoch\\\/#breadcrumb\"},\"inLanguage\":\"de\",\"potentialAction\":[{\"@type\":\"ReadAction\",\"target\":[\"https:\\\/\\\/www.organisator.ch\\\/management\\\/2020-12-02\\\/risiken-fuer-arbeitnehmer-erreichen-fuenfjahreshoch\\\/\"]}]},{\"@type\":\"ImageObject\",\"inLanguage\":\"de\",\"@id\":\"https:\\\/\\\/www.organisator.ch\\\/management\\\/2020-12-02\\\/risiken-fuer-arbeitnehmer-erreichen-fuenfjahreshoch\\\/#primaryimage\",\"url\":\"https:\\\/\\\/www.organisator.ch\\\/wp-content\\\/uploads\\\/2020\\\/12\\\/Risiken-fuer-Arbeitnehmer-erreichen-Fuenfjahreshoch_Organisator.jpg\",\"contentUrl\":\"https:\\\/\\\/www.organisator.ch\\\/wp-content\\\/uploads\\\/2020\\\/12\\\/Risiken-fuer-Arbeitnehmer-erreichen-Fuenfjahreshoch_Organisator.jpg\",\"width\":680,\"height\":453,\"caption\":\"Die Risiken f\u00fcr Arbeitnehmer nehmen zu - \u00fcberschattet von Covid-19. (Bild: Pixabay.com)\"},{\"@type\":\"BreadcrumbList\",\"@id\":\"https:\\\/\\\/www.organisator.ch\\\/management\\\/2020-12-02\\\/risiken-fuer-arbeitnehmer-erreichen-fuenfjahreshoch\\\/#breadcrumb\",\"itemListElement\":[{\"@type\":\"ListItem\",\"position\":1,\"name\":\"Home\",\"item\":\"https:\\\/\\\/www.organisator.ch\\\/\"},{\"@type\":\"ListItem\",\"position\":2,\"name\":\"Risiken f\u00fcr Arbeitnehmer erreichen F\u00fcnfjahreshoch\"}]},{\"@type\":\"WebSite\",\"@id\":\"https:\\\/\\\/www.organisator.ch\\\/#website\",\"url\":\"https:\\\/\\\/www.organisator.ch\\\/\",\"name\":\"Organisator\",\"description\":\"Kompetent. Praxisnah. Der ORGANISATOR bereitet in 10 Ausgaben pro Jahr die wesentlichen Themen f\u00fcr F\u00fchrungskr\u00e4fte von KMU auf.\",\"publisher\":{\"@id\":\"https:\\\/\\\/www.organisator.ch\\\/#organization\"},\"potentialAction\":[{\"@type\":\"SearchAction\",\"target\":{\"@type\":\"EntryPoint\",\"urlTemplate\":\"https:\\\/\\\/www.organisator.ch\\\/?s={search_term_string}\"},\"query-input\":{\"@type\":\"PropertyValueSpecification\",\"valueRequired\":true,\"valueName\":\"search_term_string\"}}],\"inLanguage\":\"de\"},{\"@type\":\"Organization\",\"@id\":\"https:\\\/\\\/www.organisator.ch\\\/#organization\",\"name\":\"Organisator\",\"url\":\"https:\\\/\\\/www.organisator.ch\\\/\",\"logo\":{\"@type\":\"ImageObject\",\"inLanguage\":\"de\",\"@id\":\"https:\\\/\\\/www.organisator.ch\\\/#\\\/schema\\\/logo\\\/image\\\/\",\"url\":\"https:\\\/\\\/www.organisator.ch\\\/wp-content\\\/uploads\\\/2022\\\/01\\\/Logo_Organisator_Website.png\",\"contentUrl\":\"https:\\\/\\\/www.organisator.ch\\\/wp-content\\\/uploads\\\/2022\\\/01\\\/Logo_Organisator_Website.png\",\"width\":800,\"height\":77,\"caption\":\"Organisator\"},\"image\":{\"@id\":\"https:\\\/\\\/www.organisator.ch\\\/#\\\/schema\\\/logo\\\/image\\\/\"},\"sameAs\":[\"https:\\\/\\\/www.facebook.com\\\/OrganisatorFachmagazin\",\"https:\\\/\\\/www.linkedin.com\\\/showcase\\\/organisator-das-magazin-fr-kmu\",\"https:\\\/\\\/www.xing.com\\\/news\\\/pages\\\/organisator-ch-695\",\"https:\\\/\\\/www.youtube.com\\\/channel\\\/UCGP2Sq0iWaZwT3BdIAQFYpw\"]},{\"@type\":\"Person\",\"@id\":\"https:\\\/\\\/www.organisator.ch\\\/#\\\/schema\\\/person\\\/6f650f90b2842cd4c0cc334b4e36f67e\",\"name\":\"thomas.berner\",\"image\":{\"@type\":\"ImageObject\",\"inLanguage\":\"de\",\"@id\":\"https:\\\/\\\/secure.gravatar.com\\\/avatar\\\/ac5001d2a36cb6c6cd3e50789007ffca834b477b74a2144564522e944eabff61?s=96&d=mm&r=g\",\"url\":\"https:\\\/\\\/secure.gravatar.com\\\/avatar\\\/ac5001d2a36cb6c6cd3e50789007ffca834b477b74a2144564522e944eabff61?s=96&d=mm&r=g\",\"contentUrl\":\"https:\\\/\\\/secure.gravatar.com\\\/avatar\\\/ac5001d2a36cb6c6cd3e50789007ffca834b477b74a2144564522e944eabff61?s=96&d=mm&r=g\",\"caption\":\"thomas.berner\"},\"url\":\"https:\\\/\\\/www.organisator.ch\\\/de\\\/author\\\/thomas-berner\\\/\"}]}<\/script>\n<!-- \/ Yoast SEO plugin. -->","yoast_head_json":{"title":"Risiken f\u00fcr Arbeitnehmer erreichen F\u00fcnfjahreshoch - Organisator","description":"Die Risiken f\u00fcr Arbeitnehmer auf der ganzen Welt haben das h\u00f6chste Niveau seit 2016 erreicht, so der International SOS Risk Outlook 2021.","robots":{"index":"index","follow":"follow","max-snippet":"max-snippet:-1","max-image-preview":"max-image-preview:large","max-video-preview":"max-video-preview:-1"},"canonical":"https:\/\/www.organisator.ch\/de\/management\/2020-12-02\/risiken-fuer-arbeitnehmer-erreichen-fuenfjahreshoch\/","og_locale":"de_DE","og_type":"article","og_title":"Risiken f\u00fcr Arbeitnehmer erreichen F\u00fcnfjahreshoch","og_description":"Die Risiken f\u00fcr Arbeitnehmer auf der ganzen Welt haben das h\u00f6chste Niveau seit 2016 erreicht, so der International SOS Risk Outlook 2021.","og_url":"https:\/\/www.organisator.ch\/de\/management\/2020-12-02\/risiken-fuer-arbeitnehmer-erreichen-fuenfjahreshoch\/","og_site_name":"Organisator","article_publisher":"https:\/\/www.facebook.com\/OrganisatorFachmagazin","article_published_time":"2020-12-02T08:16:35+00:00","og_image":[{"width":680,"height":453,"url":"https:\/\/www.organisator.ch\/wp-content\/uploads\/2020\/12\/Risiken-fuer-Arbeitnehmer-erreichen-Fuenfjahreshoch_Organisator.jpg","type":"image\/jpeg"}],"author":"thomas.berner","twitter_card":"summary_large_image","twitter_title":"#Risiken f\u00fcr Arbeitnehmer erreichen #F\u00fcnfjahreshoch","twitter_description":"Die #Risiken f\u00fcr Arbeitnehmer auf der ganzen Welt haben das h\u00f6chste Niveau seit 2016 erreicht, so der International #SOS Risk Outlook 2021.","twitter_image":"https:\/\/www.organisator.ch\/wp-content\/uploads\/2020\/12\/Risiken-fuer-Arbeitnehmer-erreichen-Fuenfjahreshoch_Organisator.jpg","schema":{"@context":"https:\/\/schema.org","@graph":[{"@type":"Article","@id":"https:\/\/www.organisator.ch\/management\/2020-12-02\/risiken-fuer-arbeitnehmer-erreichen-fuenfjahreshoch\/#article","isPartOf":{"@id":"https:\/\/www.organisator.ch\/management\/2020-12-02\/risiken-fuer-arbeitnehmer-erreichen-fuenfjahreshoch\/"},"author":{"name":"thomas.berner","@id":"https:\/\/www.organisator.ch\/#\/schema\/person\/6f650f90b2842cd4c0cc334b4e36f67e"},"headline":"Risiken f\u00fcr Arbeitnehmer erreichen F\u00fcnfjahreshoch","datePublished":"2020-12-02T08:16:35+00:00","mainEntityOfPage":{"@id":"https:\/\/www.organisator.ch\/management\/2020-12-02\/risiken-fuer-arbeitnehmer-erreichen-fuenfjahreshoch\/"},"wordCount":711,"publisher":{"@id":"https:\/\/www.organisator.ch\/#organization"},"image":{"@id":"https:\/\/www.organisator.ch\/management\/2020-12-02\/risiken-fuer-arbeitnehmer-erreichen-fuenfjahreshoch\/#primaryimage"},"thumbnailUrl":"https:\/\/www.organisator.ch\/wp-content\/uploads\/2020\/12\/Risiken-fuer-Arbeitnehmer-erreichen-Fuenfjahreshoch_Organisator.jpg","keywords":["Betriebliches Gesundheitsmanagement","Coronavirus","Risikomanagement","Studie"],"articleSection":["MANAGEMENT"],"inLanguage":"de"},{"@type":"WebPage","@id":"https:\/\/www.organisator.ch\/management\/2020-12-02\/risiken-fuer-arbeitnehmer-erreichen-fuenfjahreshoch\/","url":"https:\/\/www.organisator.ch\/management\/2020-12-02\/risiken-fuer-arbeitnehmer-erreichen-fuenfjahreshoch\/","name":"Risiken f\u00fcr Arbeitnehmer erreichen F\u00fcnfjahreshoch - Organisator","isPartOf":{"@id":"https:\/\/www.organisator.ch\/#website"},"primaryImageOfPage":{"@id":"https:\/\/www.organisator.ch\/management\/2020-12-02\/risiken-fuer-arbeitnehmer-erreichen-fuenfjahreshoch\/#primaryimage"},"image":{"@id":"https:\/\/www.organisator.ch\/management\/2020-12-02\/risiken-fuer-arbeitnehmer-erreichen-fuenfjahreshoch\/#primaryimage"},"thumbnailUrl":"https:\/\/www.organisator.ch\/wp-content\/uploads\/2020\/12\/Risiken-fuer-Arbeitnehmer-erreichen-Fuenfjahreshoch_Organisator.jpg","datePublished":"2020-12-02T08:16:35+00:00","description":"Die Risiken f\u00fcr Arbeitnehmer auf der ganzen Welt haben das h\u00f6chste Niveau seit 2016 erreicht, so der International SOS Risk Outlook 2021.","breadcrumb":{"@id":"https:\/\/www.organisator.ch\/management\/2020-12-02\/risiken-fuer-arbeitnehmer-erreichen-fuenfjahreshoch\/#breadcrumb"},"inLanguage":"de","potentialAction":[{"@type":"ReadAction","target":["https:\/\/www.organisator.ch\/management\/2020-12-02\/risiken-fuer-arbeitnehmer-erreichen-fuenfjahreshoch\/"]}]},{"@type":"ImageObject","inLanguage":"de","@id":"https:\/\/www.organisator.ch\/management\/2020-12-02\/risiken-fuer-arbeitnehmer-erreichen-fuenfjahreshoch\/#primaryimage","url":"https:\/\/www.organisator.ch\/wp-content\/uploads\/2020\/12\/Risiken-fuer-Arbeitnehmer-erreichen-Fuenfjahreshoch_Organisator.jpg","contentUrl":"https:\/\/www.organisator.ch\/wp-content\/uploads\/2020\/12\/Risiken-fuer-Arbeitnehmer-erreichen-Fuenfjahreshoch_Organisator.jpg","width":680,"height":453,"caption":"Die Risiken f\u00fcr Arbeitnehmer nehmen zu - \u00fcberschattet von Covid-19. (Bild: Pixabay.com)"},{"@type":"BreadcrumbList","@id":"https:\/\/www.organisator.ch\/management\/2020-12-02\/risiken-fuer-arbeitnehmer-erreichen-fuenfjahreshoch\/#breadcrumb","itemListElement":[{"@type":"ListItem","position":1,"name":"Home","item":"https:\/\/www.organisator.ch\/"},{"@type":"ListItem","position":2,"name":"Risiken f\u00fcr Arbeitnehmer erreichen F\u00fcnfjahreshoch"}]},{"@type":"WebSite","@id":"https:\/\/www.organisator.ch\/#website","url":"https:\/\/www.organisator.ch\/","name":"Organisator","description":"Kompetent. Praxisnah. Der ORGANISATOR bereitet in 10 Ausgaben pro Jahr die wesentlichen Themen f\u00fcr F\u00fchrungskr\u00e4fte von KMU auf.","publisher":{"@id":"https:\/\/www.organisator.ch\/#organization"},"potentialAction":[{"@type":"SearchAction","target":{"@type":"EntryPoint","urlTemplate":"https:\/\/www.organisator.ch\/?s={search_term_string}"},"query-input":{"@type":"PropertyValueSpecification","valueRequired":true,"valueName":"search_term_string"}}],"inLanguage":"de"},{"@type":"Organization","@id":"https:\/\/www.organisator.ch\/#organization","name":"Organisator","url":"https:\/\/www.organisator.ch\/","logo":{"@type":"ImageObject","inLanguage":"de","@id":"https:\/\/www.organisator.ch\/#\/schema\/logo\/image\/","url":"https:\/\/www.organisator.ch\/wp-content\/uploads\/2022\/01\/Logo_Organisator_Website.png","contentUrl":"https:\/\/www.organisator.ch\/wp-content\/uploads\/2022\/01\/Logo_Organisator_Website.png","width":800,"height":77,"caption":"Organisator"},"image":{"@id":"https:\/\/www.organisator.ch\/#\/schema\/logo\/image\/"},"sameAs":["https:\/\/www.facebook.com\/OrganisatorFachmagazin","https:\/\/www.linkedin.com\/showcase\/organisator-das-magazin-fr-kmu","https:\/\/www.xing.com\/news\/pages\/organisator-ch-695","https:\/\/www.youtube.com\/channel\/UCGP2Sq0iWaZwT3BdIAQFYpw"]},{"@type":"Person","@id":"https:\/\/www.organisator.ch\/#\/schema\/person\/6f650f90b2842cd4c0cc334b4e36f67e","name":"thomas.berner","image":{"@type":"ImageObject","inLanguage":"de","@id":"https:\/\/secure.gravatar.com\/avatar\/ac5001d2a36cb6c6cd3e50789007ffca834b477b74a2144564522e944eabff61?s=96&d=mm&r=g","url":"https:\/\/secure.gravatar.com\/avatar\/ac5001d2a36cb6c6cd3e50789007ffca834b477b74a2144564522e944eabff61?s=96&d=mm&r=g","contentUrl":"https:\/\/secure.gravatar.com\/avatar\/ac5001d2a36cb6c6cd3e50789007ffca834b477b74a2144564522e944eabff61?s=96&d=mm&r=g","caption":"thomas.berner"},"url":"https:\/\/www.organisator.ch\/de\/author\/thomas-berner\/"}]}},"_links":{"self":[{"href":"https:\/\/www.organisator.ch\/de\/wp-json\/wp\/v2\/posts\/7393","targetHints":{"allow":["GET"]}}],"collection":[{"href":"https:\/\/www.organisator.ch\/de\/wp-json\/wp\/v2\/posts"}],"about":[{"href":"https:\/\/www.organisator.ch\/de\/wp-json\/wp\/v2\/types\/post"}],"author":[{"embeddable":true,"href":"https:\/\/www.organisator.ch\/de\/wp-json\/wp\/v2\/users\/4"}],"replies":[{"embeddable":true,"href":"https:\/\/www.organisator.ch\/de\/wp-json\/wp\/v2\/comments?post=7393"}],"version-history":[{"count":0,"href":"https:\/\/www.organisator.ch\/de\/wp-json\/wp\/v2\/posts\/7393\/revisions"}],"wp:featuredmedia":[{"embeddable":true,"href":"https:\/\/www.organisator.ch\/de\/wp-json\/wp\/v2\/media\/7395"}],"wp:attachment":[{"href":"https:\/\/www.organisator.ch\/de\/wp-json\/wp\/v2\/media?parent=7393"}],"wp:term":[{"taxonomy":"category","embeddable":true,"href":"https:\/\/www.organisator.ch\/de\/wp-json\/wp\/v2\/categories?post=7393"},{"taxonomy":"post_tag","embeddable":true,"href":"https:\/\/www.organisator.ch\/de\/wp-json\/wp\/v2\/tags?post=7393"}],"curies":[{"name":"wp","href":"https:\/\/api.w.org\/{rel}","templated":true}]}}