{"id":7405,"date":"2020-12-04T13:27:37","date_gmt":"2020-12-04T12:27:37","guid":{"rendered":"https:\/\/www.organisator.ch\/?p=7405"},"modified":"2020-12-04T13:27:37","modified_gmt":"2020-12-04T12:27:37","slug":"entrepreneur-award-2020-ausgezeichnete-kleinstunternehmen","status":"publish","type":"post","link":"https:\/\/www.organisator.ch\/de\/management\/2020-12-04\/entrepreneur-award-2020-ausgezeichnete-kleinstunternehmen\/","title":{"rendered":"Entrepreneur Award 2020: Ausgezeichnete Kleinstunternehmen"},"content":{"rendered":"<figure id=\"attachment_7406\" aria-describedby=\"caption-attachment-7406\" style=\"width: 680px\" class=\"wp-caption alignnone\"><img loading=\"lazy\" decoding=\"async\" class=\"size-medium wp-image-7406\" src=\"https:\/\/www.organisator.ch\/wp-content\/uploads\/2020\/12\/Entrepreneur-Award-2020-Ausgezeichnete-Kleinstunternehmen-1_Organisator.jpg\" alt=\"\" width=\"680\" height=\"432\" srcset=\"https:\/\/www.organisator.ch\/wp-content\/uploads\/2020\/12\/Entrepreneur-Award-2020-Ausgezeichnete-Kleinstunternehmen-1_Organisator.jpg 680w, https:\/\/www.organisator.ch\/wp-content\/uploads\/2020\/12\/Entrepreneur-Award-2020-Ausgezeichnete-Kleinstunternehmen-1_Organisator-16x10.jpg 16w, https:\/\/www.organisator.ch\/wp-content\/uploads\/2020\/12\/Entrepreneur-Award-2020-Ausgezeichnete-Kleinstunternehmen-1_Organisator-275x175.jpg 275w, https:\/\/www.organisator.ch\/wp-content\/uploads\/2020\/12\/Entrepreneur-Award-2020-Ausgezeichnete-Kleinstunternehmen-1_Organisator-551x350.jpg 551w, https:\/\/www.organisator.ch\/wp-content\/uploads\/2020\/12\/Entrepreneur-Award-2020-Ausgezeichnete-Kleinstunternehmen-1_Organisator-300x191.jpg 300w\" sizes=\"auto, (max-width: 680px) 100vw, 680px\" \/><figcaption id=\"caption-attachment-7406\" class=\"wp-caption-text\">Gewinnt den Entrepreneur Award 2020 in der Kategorie &#8222;Kleinunternehmen mit 2 bis 49 Mitarbeitenden&#8220;: Karin Patton (Mitte), flankiert von Kay Keusen (rechts) und Michi Keel (links). Leider hiess es auch hier \u00fcberall: Maske auf&#8230; (Bild: Thomas Berner)<\/figcaption><\/figure>\n<p>Trotz den aktuellen Umst\u00e4nden wurde die Business-Expo 2020 mit dem Entrepreneur Award durchgef\u00fchrt, und zwar online. Angeboten wurden diverse Workshops zu praxisrelevanten und aktuellen Themen, die Kleinunternehmen besch\u00e4ftigen, etwa Krisenbew\u00e4ltigung, Marketing per Social Media, Geldanlagen, Online-Marketing und vieles mehr. Diese Workshops konnten im Voraus gebucht werden und wurden als Webinare durchgef\u00fchrt.<\/p>\n<h2><strong>Entrepreneur Award 2020 neu in zwei Kategorien<\/strong><\/h2>\n<p>Ein H\u00f6hepunkt soll jeweils die Verleihung des Entrepreneur Awards sein. Dieser Preis w\u00fcrdigt die Leistungen und das Engagement der unz\u00e4hligen Kleinst- und Kleinunternehmen, die vielfach nur aus einer Person bestehen. In einem mehrstufigen Nominationsprozess wurde in den Kategorien \u00abKleinunternehmen\u00bb (2 bis 49 Mitarbeitende) und \u00abEinzelunternehmen ohne Angestellte\u00bb eine Shortlist von jeweils drei Finalisten erkoren. Diese konnten ihre Gesch\u00e4ftsmodell in einem dreimin\u00fctigen Pitch vor einer Fachjury pr\u00e4sentieren. Diese vierk\u00f6pfige Jury, Lukas Nauer (CEO netpulse AG), Riccarda Mecklenburg (Gr\u00fcnderin CrowdConsul.ch), Rolf Kummli (Gr\u00fcnder KUMMLI Netzwerk GmbH) und Sandra Ischi (Mitinhaberin Permashop AG), repr\u00e4sentiert einen sehr starken Bezug zu Kleinstunternehmen. Alle Jurymitglieder haben selbst einmal \u00abklein\u00bb angefangen oder sind bewusst selbst als Mikrounternehmen unterwegs.<\/p>\n<h2><strong>Kleinunternehmen mit Ambitionen und Sinn f\u00fcr Nachhaltigkeit<\/strong><\/h2>\n<p>Im Final f\u00fcr den Entrepreneur Award 2020 in der Kategorie \u00abKleinunternehmen mit 2 bis 49 Besch\u00e4ftigten\u00bb standen:<\/p>\n<ul>\n<li>Kay Keusen mit seiner <a href=\"https:\/\/www.taucherli.com\/\">Premium Swiss Chocolate GmbH<\/a> aus Adliswil: Das Gesch\u00e4ftsmodell beruht auf dem \u00abBean-to-Bar\u00bb-Konzept. Das heisst, die ganze Supply Chain beginnend mit der Kakaobohne bis hin zum fertigen Produkt kann l\u00fcckenlos verfolgt werden. Und auch die komplette Herstellung der Schokotafeln erfolgt ohne Zwischenprodukte. Das heisst, es wird alles selbst geknackt, ger\u00f6stet, conchiert, gegrindet, gesiebt, temperiert und gegossen. Daraus entstehen Premium-Produkte in unterschiedlichsten Geschmacksnoten.<\/li>\n<li>Michi Keel mit <a href=\"https:\/\/www.simplee-energy.ch\/\">Simplee AG<\/a>: Die Kernkompetenzen dieses Kleinunternehmens aus D\u00fcbendorf liegen in der Umsetzung von Ladeinfrastrukturen f\u00fcr Elektroautos. Das Unternehmen richtet z.B. in neuen oder bestehenden Tiefgaragen Ladeger\u00e4te ein und besorgt auch die Abrechnung des bezogenen Stroms. Bereits konnte die simplee AG Projekte von namhaften Auftraggebern gewinnen.<\/li>\n<li>Karin Patton mit der <a href=\"https:\/\/barfuss-brauerei.ch\/de\/\">Barfuss Brauerei GmbH<\/a> aus Wuppenau TG: Aus einer Hobby-Brauerei in der Waschk\u00fcche entwickelte sich seit 2014 zu einer kreativen Herstellung von Gourmetbieren in Kombination mit regionalen \u00abH\u00e4ppchen\u00bb. Einen Namen gemacht hat sich die Barfuss Brauerei zudem auch mit Degustations-Events und konnte mit ihren Produkten bereits bei einigen in der Bierbrauer-Szene renommierten Awards vordere Pl\u00e4tze belegen.<\/li>\n<\/ul>\n<p>Von diesen drei Finalisten war es letztlich die Barfuss Brauerei GmbH mit Karin Patton, die die Jury am meisten \u00fcberzeugt hat. Gew\u00fcrdigt wurde insbesondere die Betonung der Sensorik: \u00abDas Sinnliche erh\u00e4lt gerade wegen der Corona-Pandemie einen neuen Stellenwert\u00bb, so Jury-Mitglied Riccarda Mecklenburg. Auch die Integration der Familie \u2013 Karin Pattons Ehemann Bryan stammt aus Grand Rapids in den USA, der eigentlichen \u00abBier-Hauptstadt\u00bb der Vereinigten Staaten, und gab den eigentlichen Impuls f\u00fcr selbstgebrautes Bier \u2013 sowie die Agilit\u00e4t des Unternehmens wurden durch die Jury positiv beurteilt. Denn schnell wurde der Online-Shop der Barfuss Brauerei ausgebaut und das Vertriebskonzept entsprechend angepasst. Ebenfalls \u00fcberzeugte die Jury das \u00abNachwuchs-Konzept\u00bb der Kleinbrauerei: Anstelle einer Lehrlings-Ausbildung bietet sie eine Praktikums-Stelle f\u00fcr Lehrabg\u00e4nger aus dem Tessin oder dem Welschland. Karin Patton freute sich sichtlich \u00fcber die Auszeichnung: \u00abEndlich bin ich mal an vorderster Stelle. Oft genug war ich immer nur Zweite!\u00bb lautete ihre erste Reaktion.<\/p>\n<figure id=\"attachment_7407\" aria-describedby=\"caption-attachment-7407\" style=\"width: 680px\" class=\"wp-caption alignnone\"><img loading=\"lazy\" decoding=\"async\" class=\"size-medium wp-image-7407\" src=\"https:\/\/www.organisator.ch\/wp-content\/uploads\/2020\/12\/Entrepreneur-Award-2020-Ausgezeichnete-Kleinstunternehmen-2_Organisator.jpg\" alt=\"\" width=\"680\" height=\"311\" srcset=\"https:\/\/www.organisator.ch\/wp-content\/uploads\/2020\/12\/Entrepreneur-Award-2020-Ausgezeichnete-Kleinstunternehmen-2_Organisator.jpg 680w, https:\/\/www.organisator.ch\/wp-content\/uploads\/2020\/12\/Entrepreneur-Award-2020-Ausgezeichnete-Kleinstunternehmen-2_Organisator-16x7.jpg 16w, https:\/\/www.organisator.ch\/wp-content\/uploads\/2020\/12\/Entrepreneur-Award-2020-Ausgezeichnete-Kleinstunternehmen-2_Organisator-375x172.jpg 375w, https:\/\/www.organisator.ch\/wp-content\/uploads\/2020\/12\/Entrepreneur-Award-2020-Ausgezeichnete-Kleinstunternehmen-2_Organisator-300x137.jpg 300w\" sizes=\"auto, (max-width: 680px) 100vw, 680px\" \/><figcaption id=\"caption-attachment-7407\" class=\"wp-caption-text\">Award-Verleihung unter Corona-Bedingungen: Die Finalistinnen und die Jury bei der Verleihung des Entrepreneur Awards 2020 in der Kategorie &#8222;Einzelunternehmen ohne Angestellte&#8220;. V.l.n.r.: Riccarda Mecklenburg, Lukas Nauer, Angelika Eggmann (Finalistin), Karin Jost (Gewinnerin), Tanja Kunz (Finalistin), Rolf Kummli, Sandra Ischi. (Bild: Thomas Berner)<\/figcaption><\/figure>\n<h2><strong>Einzelunternehmerinnen mit Sinn f\u00fcr Handwerk<\/strong><\/h2>\n<p>Bei den Einzelunternehmen standen folgende drei Unternehmerinnen und Unternehmer im Final:<\/p>\n<ul>\n<li>Angelika Eggmann aus Frauenfeld: Sie hat mit den \u00abThurgauerli\u00bb eine lokale Spezialit\u00e4t wieder zum Leben erweckt. Dieses Konfekt aus Mandelmasse mit Schokolade-\u00dcberzug stellt Angelika Eggmann selbst her und verkauft sie in ihrer <a href=\"https:\/\/www.herzmanufaktur.ch\/\">Herzmanufaktur GmbH<\/a> als Geschenkpackungen. Ein besonderes Augenmerk richtet Angelika Eggmann auf lokale Lieferanten und Fair Trade-Produkte.<\/li>\n<li>Tanja Kunz, Baar ZG, hat ein \u00ab<a href=\"https:\/\/www.female-power.com\/\">Female Power Coaching<\/a>\u00bb f\u00fcr ambitionierte Powerfrauen entwickelt. Als \u00abmentale Bergf\u00fchrerin\u00bb spornt sie Frauen an, ihr Potenzial abzurufen und dieses f\u00fcr eine erfolgreiche berufliche Karriere einzusetzen. Seit M\u00e4rz 2020 ist Tanja Kunz nun selbst\u00e4ndig unterwegs und konnte ihr Programm bereits mehrfach erfolgreich anbieten. Durch eine hohe Aktivit\u00e4t in Social Media macht sie auf die Thematik der \u00abGender Equality\u00bb aufmerksam und strebt an, in Unternehmen eigene Frauenf\u00f6rderungs-Programme begleiten zu k\u00f6nnen.<\/li>\n<li>Karin Jost, M\u00f6hlin AG: Die gelernte Biologie-Laborantin stellt Naturseifen her, die sie in ihrem \u00ab<a href=\"https:\/\/www.seifengarten.ch\/\">Seifengarten<\/a>\u00bb genannten Unternehmen zum Verkauf anbietet. In diesen Seifen werden keine synthetischen D\u00fcfte oder Farben, sondern nur Pflanzliche Rohstoffe verwendet. Die Produkte sind deshalb besonders auch f\u00fcr Personen, die unter Hautkrankheiten wie Neurodermitis \u2013 auch Karin Jost ist davon betroffen \u2013 vertr\u00e4glich. Die Produkte werden online vertrieben, ab Januar 2021 wird nun auch ein eigener Laden er\u00f6ffnet.<\/li>\n<\/ul>\n<p>Auch in dieser Kategorie machte schliesslich das \u00abHandwerkliche\u00bb das Rennen: Den Entrepreneur Award 2020 gewinnt Karin Jost. Die Jury w\u00fcrdigte dabei besonders die Kontinuit\u00e4t der Gesch\u00e4ftsentwicklung und die Motivation von Karin Jost, trotz hohem Produktionsaufwand und geringen Margen ein nachhaltiges Gesch\u00e4ftsmodell weiterzuf\u00fchren und das Sortiment zu diversifizieren. \u00abIhre Visionen, wie sie mit ihrem Seifengarten in die Zukunft gehen will, haben uns \u00fcberzeugt\u00bb, fasst Jury-Mitglied Sandra Ischi zusammen.<\/p>\n<h2><strong>Entrepreneur Award zeichnet eindr\u00fcckliche Beispiele f\u00fcr gelebtes (Klein)-Unternehmertum aus<\/strong><\/h2>\n<p>Insgesamt zeichneten sich alle hier erw\u00e4hnten nominierten Unternehmen durch einen hohen Grad an intrinsischer Motivation f\u00fcr ihre Entrepreneurship aus: Sie leben f\u00fcr ihr Kleinunternehmen. Noch nicht alle Entrepreneure k\u00f6nnen zu 100 Prozent von ihrem Gesch\u00e4ft leben, aber dennoch sind sie hoch zufrieden mit der gegenw\u00e4rtigen Work-Life-Balance. Allem voran steht die \u00dcberzeugung, selbst f\u00fcr etwas verantwortlich zu sein und in eigener Regie unternehmerische Entscheide f\u00e4llen zu k\u00f6nnen.<\/p>\n<p><em>Die Pitches und die Preisverleihung kann hier als Video angesehen werden: <a href=\"https:\/\/entrepreneur-award.ch\/pitching-siegerehrung\">https:\/\/entrepreneur-award.ch\/pitching-siegerehrung<\/a><\/em><\/p>\n","protected":false},"excerpt":{"rendered":"<p>Trotz den aktuellen Umst\u00e4nden wurde die Business-Expo 2020 mit dem Entrepreneur Award durchgef\u00fchrt, und zwar online. Angeboten wurden diverse Workshops zu praxisrelevanten und aktuellen Themen, die Kleinunternehmen besch\u00e4ftigen, etwa Krisenbew\u00e4ltigung, Marketing per Social Media, Geldanlagen, Online-Marketing und vieles mehr. Diese Workshops konnten im Voraus gebucht werden und wurden als Webinare durchgef\u00fchrt. Entrepreneur Award 2020 neu [&hellip;]<\/p>\n","protected":false},"author":4,"featured_media":7406,"comment_status":"closed","ping_status":"closed","sticky":false,"template":"","format":"standard","meta":{"_acf_changed":false,"_yoast_wpseo_focuskw":"Entrepreneur Award 2020","_yoast_wpseo_metadesc":"Die Business-Expo gab am 4. Dezember 2020 mit dem Entrepreneur Award 2020 den Klein- und Kleinstunternehmen ein Gesicht. Es wurden zwei Preise vergeben.","articlekey":"","footnotes":""},"categories":[28],"tags":[66,335,492,508],"class_list":["post-7405","post","type-post","status-publish","format-standard","has-post-thumbnail","hentry","category-management","tag-awards","tag-management-und-unternehmensfuehrung","tag-unternehmen","tag-vermischtes"],"acf":[],"yoast_head":"<!-- This site is optimized with the Yoast SEO plugin v27.5 - https:\/\/yoast.com\/product\/yoast-seo-wordpress\/ -->\n<title>Entrepreneur Award 2020: Ausgezeichnete Kleinstunternehmen - Organisator<\/title>\n<meta name=\"description\" content=\"Die Business-Expo gab am 4. Dezember 2020 mit dem Entrepreneur Award 2020 den Klein- und Kleinstunternehmen ein Gesicht. Es wurden zwei Preise vergeben.\" \/>\n<meta name=\"robots\" content=\"index, follow, max-snippet:-1, max-image-preview:large, max-video-preview:-1\" \/>\n<link rel=\"canonical\" href=\"https:\/\/www.organisator.ch\/de\/management\/2020-12-04\/entrepreneur-award-2020-ausgezeichnete-kleinstunternehmen\/\" \/>\n<meta property=\"og:locale\" content=\"de_DE\" \/>\n<meta property=\"og:type\" content=\"article\" \/>\n<meta property=\"og:title\" content=\"Entrepreneur Award 2020: Ausgezeichnete Kleinstunternehmen\" \/>\n<meta property=\"og:description\" content=\"Die Business-Expo gab am 4. Dezember 2020 mit dem Entrepreneur Award 2020 den Klein- und Kleinstunternehmen ein Gesicht. Es wurden zwei Preise vergeben.\" \/>\n<meta property=\"og:url\" content=\"https:\/\/www.organisator.ch\/de\/management\/2020-12-04\/entrepreneur-award-2020-ausgezeichnete-kleinstunternehmen\/\" \/>\n<meta property=\"og:site_name\" content=\"Organisator\" \/>\n<meta property=\"article:publisher\" content=\"https:\/\/www.facebook.com\/OrganisatorFachmagazin\" \/>\n<meta property=\"article:published_time\" content=\"2020-12-04T12:27:37+00:00\" \/>\n<meta property=\"og:image\" content=\"https:\/\/www.organisator.ch\/wp-content\/uploads\/2020\/12\/Entrepreneur-Award-2020-Ausgezeichnete-Kleinstunternehmen-1_Organisator.jpg\" \/>\n\t<meta property=\"og:image:width\" content=\"680\" \/>\n\t<meta property=\"og:image:height\" content=\"432\" \/>\n\t<meta property=\"og:image:type\" content=\"image\/jpeg\" \/>\n<meta name=\"author\" content=\"thomas.berner\" \/>\n<meta name=\"twitter:card\" content=\"summary_large_image\" \/>\n<meta name=\"twitter:title\" content=\"Entrepreneur Award 2020: Ausgezeichnete #Kleinstunternehmen\" \/>\n<meta name=\"twitter:description\" content=\"Die #Business-Expo gab am 4. Dezember 2020 mit dem Entrepreneur Award 2020 den Klein- und #Kleinstunternehmen ein Gesicht. Es wurden zwei Preise vergeben.\" \/>\n<meta name=\"twitter:image\" content=\"https:\/\/www.organisator.ch\/wp-content\/uploads\/2020\/12\/Entrepreneur-Award-2020-Ausgezeichnete-Kleinstunternehmen-1_Organisator.jpg\" \/>\n<script type=\"application\/ld+json\" class=\"yoast-schema-graph\">{\"@context\":\"https:\\\/\\\/schema.org\",\"@graph\":[{\"@type\":\"Article\",\"@id\":\"https:\\\/\\\/www.organisator.ch\\\/management\\\/2020-12-04\\\/entrepreneur-award-2020-ausgezeichnete-kleinstunternehmen\\\/#article\",\"isPartOf\":{\"@id\":\"https:\\\/\\\/www.organisator.ch\\\/management\\\/2020-12-04\\\/entrepreneur-award-2020-ausgezeichnete-kleinstunternehmen\\\/\"},\"author\":{\"name\":\"thomas.berner\",\"@id\":\"https:\\\/\\\/www.organisator.ch\\\/#\\\/schema\\\/person\\\/6f650f90b2842cd4c0cc334b4e36f67e\"},\"headline\":\"Entrepreneur Award 2020: Ausgezeichnete Kleinstunternehmen\",\"datePublished\":\"2020-12-04T12:27:37+00:00\",\"mainEntityOfPage\":{\"@id\":\"https:\\\/\\\/www.organisator.ch\\\/management\\\/2020-12-04\\\/entrepreneur-award-2020-ausgezeichnete-kleinstunternehmen\\\/\"},\"wordCount\":1028,\"publisher\":{\"@id\":\"https:\\\/\\\/www.organisator.ch\\\/#organization\"},\"image\":{\"@id\":\"https:\\\/\\\/www.organisator.ch\\\/management\\\/2020-12-04\\\/entrepreneur-award-2020-ausgezeichnete-kleinstunternehmen\\\/#primaryimage\"},\"thumbnailUrl\":\"https:\\\/\\\/www.organisator.ch\\\/wp-content\\\/uploads\\\/2020\\\/12\\\/Entrepreneur-Award-2020-Ausgezeichnete-Kleinstunternehmen-1_Organisator.jpg\",\"keywords\":[\"Awards\",\"Management und Unternehmensf\u00fchrung\",\"Unternehmen\",\"Vermischtes\"],\"articleSection\":[\"MANAGEMENT\"],\"inLanguage\":\"de\"},{\"@type\":\"WebPage\",\"@id\":\"https:\\\/\\\/www.organisator.ch\\\/management\\\/2020-12-04\\\/entrepreneur-award-2020-ausgezeichnete-kleinstunternehmen\\\/\",\"url\":\"https:\\\/\\\/www.organisator.ch\\\/management\\\/2020-12-04\\\/entrepreneur-award-2020-ausgezeichnete-kleinstunternehmen\\\/\",\"name\":\"Entrepreneur Award 2020: Ausgezeichnete Kleinstunternehmen - Organisator\",\"isPartOf\":{\"@id\":\"https:\\\/\\\/www.organisator.ch\\\/#website\"},\"primaryImageOfPage\":{\"@id\":\"https:\\\/\\\/www.organisator.ch\\\/management\\\/2020-12-04\\\/entrepreneur-award-2020-ausgezeichnete-kleinstunternehmen\\\/#primaryimage\"},\"image\":{\"@id\":\"https:\\\/\\\/www.organisator.ch\\\/management\\\/2020-12-04\\\/entrepreneur-award-2020-ausgezeichnete-kleinstunternehmen\\\/#primaryimage\"},\"thumbnailUrl\":\"https:\\\/\\\/www.organisator.ch\\\/wp-content\\\/uploads\\\/2020\\\/12\\\/Entrepreneur-Award-2020-Ausgezeichnete-Kleinstunternehmen-1_Organisator.jpg\",\"datePublished\":\"2020-12-04T12:27:37+00:00\",\"description\":\"Die Business-Expo gab am 4. Dezember 2020 mit dem Entrepreneur Award 2020 den Klein- und Kleinstunternehmen ein Gesicht. Es wurden zwei Preise vergeben.\",\"breadcrumb\":{\"@id\":\"https:\\\/\\\/www.organisator.ch\\\/management\\\/2020-12-04\\\/entrepreneur-award-2020-ausgezeichnete-kleinstunternehmen\\\/#breadcrumb\"},\"inLanguage\":\"de\",\"potentialAction\":[{\"@type\":\"ReadAction\",\"target\":[\"https:\\\/\\\/www.organisator.ch\\\/management\\\/2020-12-04\\\/entrepreneur-award-2020-ausgezeichnete-kleinstunternehmen\\\/\"]}]},{\"@type\":\"ImageObject\",\"inLanguage\":\"de\",\"@id\":\"https:\\\/\\\/www.organisator.ch\\\/management\\\/2020-12-04\\\/entrepreneur-award-2020-ausgezeichnete-kleinstunternehmen\\\/#primaryimage\",\"url\":\"https:\\\/\\\/www.organisator.ch\\\/wp-content\\\/uploads\\\/2020\\\/12\\\/Entrepreneur-Award-2020-Ausgezeichnete-Kleinstunternehmen-1_Organisator.jpg\",\"contentUrl\":\"https:\\\/\\\/www.organisator.ch\\\/wp-content\\\/uploads\\\/2020\\\/12\\\/Entrepreneur-Award-2020-Ausgezeichnete-Kleinstunternehmen-1_Organisator.jpg\",\"width\":680,\"height\":432,\"caption\":\"Gewinnt den Entrepreneur Award 2020 in der Kategorie \\\"Kleinunternehmen mit 2 bis 49 Mitarbeitenden\\\": Karin Patton (Mitte), flankiert von Kay Keusen (rechts) und Michi Keel (links). Leider hiess es auch hier \u00fcberall: Maske auf... (Bild: Thomas Berner)\"},{\"@type\":\"BreadcrumbList\",\"@id\":\"https:\\\/\\\/www.organisator.ch\\\/management\\\/2020-12-04\\\/entrepreneur-award-2020-ausgezeichnete-kleinstunternehmen\\\/#breadcrumb\",\"itemListElement\":[{\"@type\":\"ListItem\",\"position\":1,\"name\":\"Home\",\"item\":\"https:\\\/\\\/www.organisator.ch\\\/\"},{\"@type\":\"ListItem\",\"position\":2,\"name\":\"Entrepreneur Award 2020: Ausgezeichnete Kleinstunternehmen\"}]},{\"@type\":\"WebSite\",\"@id\":\"https:\\\/\\\/www.organisator.ch\\\/#website\",\"url\":\"https:\\\/\\\/www.organisator.ch\\\/\",\"name\":\"Organisator\",\"description\":\"Kompetent. Praxisnah. Der ORGANISATOR bereitet in 10 Ausgaben pro Jahr die wesentlichen Themen f\u00fcr F\u00fchrungskr\u00e4fte von KMU auf.\",\"publisher\":{\"@id\":\"https:\\\/\\\/www.organisator.ch\\\/#organization\"},\"potentialAction\":[{\"@type\":\"SearchAction\",\"target\":{\"@type\":\"EntryPoint\",\"urlTemplate\":\"https:\\\/\\\/www.organisator.ch\\\/?s={search_term_string}\"},\"query-input\":{\"@type\":\"PropertyValueSpecification\",\"valueRequired\":true,\"valueName\":\"search_term_string\"}}],\"inLanguage\":\"de\"},{\"@type\":\"Organization\",\"@id\":\"https:\\\/\\\/www.organisator.ch\\\/#organization\",\"name\":\"Organisator\",\"url\":\"https:\\\/\\\/www.organisator.ch\\\/\",\"logo\":{\"@type\":\"ImageObject\",\"inLanguage\":\"de\",\"@id\":\"https:\\\/\\\/www.organisator.ch\\\/#\\\/schema\\\/logo\\\/image\\\/\",\"url\":\"https:\\\/\\\/www.organisator.ch\\\/wp-content\\\/uploads\\\/2022\\\/01\\\/Logo_Organisator_Website.png\",\"contentUrl\":\"https:\\\/\\\/www.organisator.ch\\\/wp-content\\\/uploads\\\/2022\\\/01\\\/Logo_Organisator_Website.png\",\"width\":800,\"height\":77,\"caption\":\"Organisator\"},\"image\":{\"@id\":\"https:\\\/\\\/www.organisator.ch\\\/#\\\/schema\\\/logo\\\/image\\\/\"},\"sameAs\":[\"https:\\\/\\\/www.facebook.com\\\/OrganisatorFachmagazin\",\"https:\\\/\\\/www.linkedin.com\\\/showcase\\\/organisator-das-magazin-fr-kmu\",\"https:\\\/\\\/www.xing.com\\\/news\\\/pages\\\/organisator-ch-695\",\"https:\\\/\\\/www.youtube.com\\\/channel\\\/UCGP2Sq0iWaZwT3BdIAQFYpw\"]},{\"@type\":\"Person\",\"@id\":\"https:\\\/\\\/www.organisator.ch\\\/#\\\/schema\\\/person\\\/6f650f90b2842cd4c0cc334b4e36f67e\",\"name\":\"thomas.berner\",\"image\":{\"@type\":\"ImageObject\",\"inLanguage\":\"de\",\"@id\":\"https:\\\/\\\/secure.gravatar.com\\\/avatar\\\/ac5001d2a36cb6c6cd3e50789007ffca834b477b74a2144564522e944eabff61?s=96&d=mm&r=g\",\"url\":\"https:\\\/\\\/secure.gravatar.com\\\/avatar\\\/ac5001d2a36cb6c6cd3e50789007ffca834b477b74a2144564522e944eabff61?s=96&d=mm&r=g\",\"contentUrl\":\"https:\\\/\\\/secure.gravatar.com\\\/avatar\\\/ac5001d2a36cb6c6cd3e50789007ffca834b477b74a2144564522e944eabff61?s=96&d=mm&r=g\",\"caption\":\"thomas.berner\"},\"url\":\"https:\\\/\\\/www.organisator.ch\\\/de\\\/author\\\/thomas-berner\\\/\"}]}<\/script>\n<!-- \/ Yoast SEO plugin. -->","yoast_head_json":{"title":"Entrepreneur Award 2020: Ausgezeichnete Kleinstunternehmen - Organisator","description":"Die Business-Expo gab am 4. Dezember 2020 mit dem Entrepreneur Award 2020 den Klein- und Kleinstunternehmen ein Gesicht. Es wurden zwei Preise vergeben.","robots":{"index":"index","follow":"follow","max-snippet":"max-snippet:-1","max-image-preview":"max-image-preview:large","max-video-preview":"max-video-preview:-1"},"canonical":"https:\/\/www.organisator.ch\/de\/management\/2020-12-04\/entrepreneur-award-2020-ausgezeichnete-kleinstunternehmen\/","og_locale":"de_DE","og_type":"article","og_title":"Entrepreneur Award 2020: Ausgezeichnete Kleinstunternehmen","og_description":"Die Business-Expo gab am 4. Dezember 2020 mit dem Entrepreneur Award 2020 den Klein- und Kleinstunternehmen ein Gesicht. Es wurden zwei Preise vergeben.","og_url":"https:\/\/www.organisator.ch\/de\/management\/2020-12-04\/entrepreneur-award-2020-ausgezeichnete-kleinstunternehmen\/","og_site_name":"Organisator","article_publisher":"https:\/\/www.facebook.com\/OrganisatorFachmagazin","article_published_time":"2020-12-04T12:27:37+00:00","og_image":[{"width":680,"height":432,"url":"https:\/\/www.organisator.ch\/wp-content\/uploads\/2020\/12\/Entrepreneur-Award-2020-Ausgezeichnete-Kleinstunternehmen-1_Organisator.jpg","type":"image\/jpeg"}],"author":"thomas.berner","twitter_card":"summary_large_image","twitter_title":"Entrepreneur Award 2020: Ausgezeichnete #Kleinstunternehmen","twitter_description":"Die #Business-Expo gab am 4. Dezember 2020 mit dem Entrepreneur Award 2020 den Klein- und #Kleinstunternehmen ein Gesicht. Es wurden zwei Preise vergeben.","twitter_image":"https:\/\/www.organisator.ch\/wp-content\/uploads\/2020\/12\/Entrepreneur-Award-2020-Ausgezeichnete-Kleinstunternehmen-1_Organisator.jpg","schema":{"@context":"https:\/\/schema.org","@graph":[{"@type":"Article","@id":"https:\/\/www.organisator.ch\/management\/2020-12-04\/entrepreneur-award-2020-ausgezeichnete-kleinstunternehmen\/#article","isPartOf":{"@id":"https:\/\/www.organisator.ch\/management\/2020-12-04\/entrepreneur-award-2020-ausgezeichnete-kleinstunternehmen\/"},"author":{"name":"thomas.berner","@id":"https:\/\/www.organisator.ch\/#\/schema\/person\/6f650f90b2842cd4c0cc334b4e36f67e"},"headline":"Entrepreneur Award 2020: Ausgezeichnete Kleinstunternehmen","datePublished":"2020-12-04T12:27:37+00:00","mainEntityOfPage":{"@id":"https:\/\/www.organisator.ch\/management\/2020-12-04\/entrepreneur-award-2020-ausgezeichnete-kleinstunternehmen\/"},"wordCount":1028,"publisher":{"@id":"https:\/\/www.organisator.ch\/#organization"},"image":{"@id":"https:\/\/www.organisator.ch\/management\/2020-12-04\/entrepreneur-award-2020-ausgezeichnete-kleinstunternehmen\/#primaryimage"},"thumbnailUrl":"https:\/\/www.organisator.ch\/wp-content\/uploads\/2020\/12\/Entrepreneur-Award-2020-Ausgezeichnete-Kleinstunternehmen-1_Organisator.jpg","keywords":["Awards","Management und Unternehmensf\u00fchrung","Unternehmen","Vermischtes"],"articleSection":["MANAGEMENT"],"inLanguage":"de"},{"@type":"WebPage","@id":"https:\/\/www.organisator.ch\/management\/2020-12-04\/entrepreneur-award-2020-ausgezeichnete-kleinstunternehmen\/","url":"https:\/\/www.organisator.ch\/management\/2020-12-04\/entrepreneur-award-2020-ausgezeichnete-kleinstunternehmen\/","name":"Entrepreneur Award 2020: Ausgezeichnete Kleinstunternehmen - Organisator","isPartOf":{"@id":"https:\/\/www.organisator.ch\/#website"},"primaryImageOfPage":{"@id":"https:\/\/www.organisator.ch\/management\/2020-12-04\/entrepreneur-award-2020-ausgezeichnete-kleinstunternehmen\/#primaryimage"},"image":{"@id":"https:\/\/www.organisator.ch\/management\/2020-12-04\/entrepreneur-award-2020-ausgezeichnete-kleinstunternehmen\/#primaryimage"},"thumbnailUrl":"https:\/\/www.organisator.ch\/wp-content\/uploads\/2020\/12\/Entrepreneur-Award-2020-Ausgezeichnete-Kleinstunternehmen-1_Organisator.jpg","datePublished":"2020-12-04T12:27:37+00:00","description":"Die Business-Expo gab am 4. Dezember 2020 mit dem Entrepreneur Award 2020 den Klein- und Kleinstunternehmen ein Gesicht. Es wurden zwei Preise vergeben.","breadcrumb":{"@id":"https:\/\/www.organisator.ch\/management\/2020-12-04\/entrepreneur-award-2020-ausgezeichnete-kleinstunternehmen\/#breadcrumb"},"inLanguage":"de","potentialAction":[{"@type":"ReadAction","target":["https:\/\/www.organisator.ch\/management\/2020-12-04\/entrepreneur-award-2020-ausgezeichnete-kleinstunternehmen\/"]}]},{"@type":"ImageObject","inLanguage":"de","@id":"https:\/\/www.organisator.ch\/management\/2020-12-04\/entrepreneur-award-2020-ausgezeichnete-kleinstunternehmen\/#primaryimage","url":"https:\/\/www.organisator.ch\/wp-content\/uploads\/2020\/12\/Entrepreneur-Award-2020-Ausgezeichnete-Kleinstunternehmen-1_Organisator.jpg","contentUrl":"https:\/\/www.organisator.ch\/wp-content\/uploads\/2020\/12\/Entrepreneur-Award-2020-Ausgezeichnete-Kleinstunternehmen-1_Organisator.jpg","width":680,"height":432,"caption":"Gewinnt den Entrepreneur Award 2020 in der Kategorie \"Kleinunternehmen mit 2 bis 49 Mitarbeitenden\": Karin Patton (Mitte), flankiert von Kay Keusen (rechts) und Michi Keel (links). Leider hiess es auch hier \u00fcberall: Maske auf... (Bild: Thomas Berner)"},{"@type":"BreadcrumbList","@id":"https:\/\/www.organisator.ch\/management\/2020-12-04\/entrepreneur-award-2020-ausgezeichnete-kleinstunternehmen\/#breadcrumb","itemListElement":[{"@type":"ListItem","position":1,"name":"Home","item":"https:\/\/www.organisator.ch\/"},{"@type":"ListItem","position":2,"name":"Entrepreneur Award 2020: Ausgezeichnete Kleinstunternehmen"}]},{"@type":"WebSite","@id":"https:\/\/www.organisator.ch\/#website","url":"https:\/\/www.organisator.ch\/","name":"Organisator","description":"Kompetent. Praxisnah. Der ORGANISATOR bereitet in 10 Ausgaben pro Jahr die wesentlichen Themen f\u00fcr F\u00fchrungskr\u00e4fte von KMU auf.","publisher":{"@id":"https:\/\/www.organisator.ch\/#organization"},"potentialAction":[{"@type":"SearchAction","target":{"@type":"EntryPoint","urlTemplate":"https:\/\/www.organisator.ch\/?s={search_term_string}"},"query-input":{"@type":"PropertyValueSpecification","valueRequired":true,"valueName":"search_term_string"}}],"inLanguage":"de"},{"@type":"Organization","@id":"https:\/\/www.organisator.ch\/#organization","name":"Organisator","url":"https:\/\/www.organisator.ch\/","logo":{"@type":"ImageObject","inLanguage":"de","@id":"https:\/\/www.organisator.ch\/#\/schema\/logo\/image\/","url":"https:\/\/www.organisator.ch\/wp-content\/uploads\/2022\/01\/Logo_Organisator_Website.png","contentUrl":"https:\/\/www.organisator.ch\/wp-content\/uploads\/2022\/01\/Logo_Organisator_Website.png","width":800,"height":77,"caption":"Organisator"},"image":{"@id":"https:\/\/www.organisator.ch\/#\/schema\/logo\/image\/"},"sameAs":["https:\/\/www.facebook.com\/OrganisatorFachmagazin","https:\/\/www.linkedin.com\/showcase\/organisator-das-magazin-fr-kmu","https:\/\/www.xing.com\/news\/pages\/organisator-ch-695","https:\/\/www.youtube.com\/channel\/UCGP2Sq0iWaZwT3BdIAQFYpw"]},{"@type":"Person","@id":"https:\/\/www.organisator.ch\/#\/schema\/person\/6f650f90b2842cd4c0cc334b4e36f67e","name":"thomas.berner","image":{"@type":"ImageObject","inLanguage":"de","@id":"https:\/\/secure.gravatar.com\/avatar\/ac5001d2a36cb6c6cd3e50789007ffca834b477b74a2144564522e944eabff61?s=96&d=mm&r=g","url":"https:\/\/secure.gravatar.com\/avatar\/ac5001d2a36cb6c6cd3e50789007ffca834b477b74a2144564522e944eabff61?s=96&d=mm&r=g","contentUrl":"https:\/\/secure.gravatar.com\/avatar\/ac5001d2a36cb6c6cd3e50789007ffca834b477b74a2144564522e944eabff61?s=96&d=mm&r=g","caption":"thomas.berner"},"url":"https:\/\/www.organisator.ch\/de\/author\/thomas-berner\/"}]}},"_links":{"self":[{"href":"https:\/\/www.organisator.ch\/de\/wp-json\/wp\/v2\/posts\/7405","targetHints":{"allow":["GET"]}}],"collection":[{"href":"https:\/\/www.organisator.ch\/de\/wp-json\/wp\/v2\/posts"}],"about":[{"href":"https:\/\/www.organisator.ch\/de\/wp-json\/wp\/v2\/types\/post"}],"author":[{"embeddable":true,"href":"https:\/\/www.organisator.ch\/de\/wp-json\/wp\/v2\/users\/4"}],"replies":[{"embeddable":true,"href":"https:\/\/www.organisator.ch\/de\/wp-json\/wp\/v2\/comments?post=7405"}],"version-history":[{"count":0,"href":"https:\/\/www.organisator.ch\/de\/wp-json\/wp\/v2\/posts\/7405\/revisions"}],"wp:featuredmedia":[{"embeddable":true,"href":"https:\/\/www.organisator.ch\/de\/wp-json\/wp\/v2\/media\/7406"}],"wp:attachment":[{"href":"https:\/\/www.organisator.ch\/de\/wp-json\/wp\/v2\/media?parent=7405"}],"wp:term":[{"taxonomy":"category","embeddable":true,"href":"https:\/\/www.organisator.ch\/de\/wp-json\/wp\/v2\/categories?post=7405"},{"taxonomy":"post_tag","embeddable":true,"href":"https:\/\/www.organisator.ch\/de\/wp-json\/wp\/v2\/tags?post=7405"}],"curies":[{"name":"wp","href":"https:\/\/api.w.org\/{rel}","templated":true}]}}