{"id":7415,"date":"2020-12-08T11:15:27","date_gmt":"2020-12-08T10:15:27","guid":{"rendered":"https:\/\/www.organisator.ch\/?p=7415"},"modified":"2020-12-08T11:15:27","modified_gmt":"2020-12-08T10:15:27","slug":"homeoffice-in-kmu-cyberrisiken-werden-unterschaetzt","status":"publish","type":"post","link":"https:\/\/www.organisator.ch\/de\/management\/it\/2020-12-08\/homeoffice-in-kmu-cyberrisiken-werden-unterschaetzt\/","title":{"rendered":"Homeoffice in KMU: Cyberrisiken werden untersch\u00e4tzt"},"content":{"rendered":"<figure id=\"attachment_7418\" aria-describedby=\"caption-attachment-7418\" style=\"width: 680px\" class=\"wp-caption alignnone\"><img loading=\"lazy\" decoding=\"async\" class=\"size-medium wp-image-7418\" src=\"https:\/\/www.organisator.ch\/wp-content\/uploads\/2020\/12\/Homeoffice-in-KMU-Cyberrisiken-werden-unterschaetzt.1_Organisator.jpg\" alt=\"\" width=\"680\" height=\"486\" srcset=\"https:\/\/www.organisator.ch\/wp-content\/uploads\/2020\/12\/Homeoffice-in-KMU-Cyberrisiken-werden-unterschaetzt.1_Organisator.jpg 680w, https:\/\/www.organisator.ch\/wp-content\/uploads\/2020\/12\/Homeoffice-in-KMU-Cyberrisiken-werden-unterschaetzt.1_Organisator-16x12.jpg 16w, https:\/\/www.organisator.ch\/wp-content\/uploads\/2020\/12\/Homeoffice-in-KMU-Cyberrisiken-werden-unterschaetzt.1_Organisator-245x175.jpg 245w, https:\/\/www.organisator.ch\/wp-content\/uploads\/2020\/12\/Homeoffice-in-KMU-Cyberrisiken-werden-unterschaetzt.1_Organisator-490x350.jpg 490w, https:\/\/www.organisator.ch\/wp-content\/uploads\/2020\/12\/Homeoffice-in-KMU-Cyberrisiken-werden-unterschaetzt.1_Organisator-300x214.jpg 300w\" sizes=\"auto, (max-width: 680px) 100vw, 680px\" \/><figcaption id=\"caption-attachment-7418\" class=\"wp-caption-text\">Wenn der Betr\u00fcger zuletzt lacht: Schweizer KMU haben zwar problemlos auf Homeoffice umgestellt. In Sachen Schutz vor Cyberrisiken besteht im Heimb\u00fcro aber bei vielen noch Nachholbedarf. (Bild: Pixabay.com)<\/figcaption><\/figure>\n<p>Von August bis Oktober 2020 befragte das Markt- und Sozialforschungsinstitut gfs-z\u00fcrich in einer repr\u00e4sentativen Umfrage 503 CEOs von kleinen Unternehmen (4 bis 49 Mitarbeitende) in der deutsch-, franz\u00f6sisch- und italienischsprachigen Schweiz zu den Auswirkungen der Corona-Pandemie auf die Digitalisierung. Die Befragung wurde im Auftrag von digitalswitzerland, der Mobiliar, dem Nationalen Zentrum f\u00fcr Cybersicherheit (NCSC), der Hochschule f\u00fcr Wirtschaft der Fachhochschule Nordwestschweiz (FHNW) und der Schweizerischen Akademie der Technischen Wissenschaften (SATW) durchgef\u00fchrt.<\/p>\n<h2>Chancen wahrgenommen \u2013 Cyberrisiken untersch\u00e4tzt<\/h2>\n<p>Nachdem Anfang 2020 im Schnitt 10% der Besch\u00e4ftigten vorwiegend von zuhause aus arbeiteten, taten dies w\u00e4hrend des Lockdowns fast viermal so viele (38 Prozent). Nach dem Lockdown gingen die Zahlen zwar wieder zur\u00fcck, mit 16% der Besch\u00e4ftigten im Homeoffice ist der Anteil im Vergleich zum Beginn des Jahres aber um 60% gestiegen. W\u00e4hrend Schweizer KMU Flexibilit\u00e4t beweisen, werden die Risiken von Homeoffice und Digitalisierung von vielen untersch\u00e4tzt. Einige Resultate der Studie im Einzelnen:<\/p>\n<ul>\n<li>Online-Konferenztools auf dem Vormarsch: Nach E-Mail und Telefon l\u00e4uft die Kommunikation in KMU am h\u00e4ufigsten \u00fcber private Kommunikationskan\u00e4le wie WhatsApp oder andere Messengerdienste. Mit dem Lockdown sind vor allem Online-Konferenztools wichtiger geworden: Der Anteil virtueller Sitzungen ist von 9% auf 20% gestiegen und hat sich somit mehr als verdoppelt.<\/li>\n<li>Ein Viertel der Schweizer KMU war schon Opfer eines folgenschweren Cyberangriffs: Von den schweizweit ca. 38&#8217;250 angegriffenen KMU trug rund ein Drittel (12\u2019930 KMU) einen finanziellen Schaden davon und jeder zehnte Angriff hatte einen Reputationsschaden und\/oder den Verlust von Kundendaten zur Folge.<\/li>\n<li>Pr\u00e4ventive Massnahmen werden zu selten ergriffen: Trotz der h\u00e4ufigen Cyberattacken hat nur jedes zweite KMU einen Notfallplan f\u00fcr die Sicherstellung der Gesch\u00e4ftsfortf\u00fchrung und rund zwei Drittel f\u00fchren weder regelm\u00e4ssige Mitarbeiterschulungen durch, noch haben sie ein Sicherheitskonzept im Unternehmen implementiert.<\/li>\n<li>Der Mensch als Risikofaktor \u2013 Cyberrisiken werden h\u00e4ufig untersch\u00e4tzt: Nur knapp die H\u00e4lfte (47%) der CEOs gaben an, \u00fcber sicherheitsrelevante Themen gut informiert zu sein. Noch drastischer ist das mangelnde Bewusstsein daf\u00fcr, selbst Opfer eines Cyberangriffes zu werden: Nur gerade 11% sch\u00e4tzen das Risiko, durch einen Cyberangriff einen Tag ausser Gefecht gesetzt zu werden, als gross ein.<\/li>\n<\/ul>\n<h2>Bund will Rahmenbedingungen f\u00fcr Cybersicherheit weiter verbessern<\/h2>\n<p>Florian Sch\u00fctz, Delegierter des Bundes f\u00fcr Cybersicherheit lobt die Anpassungsf\u00e4higkeit der Schweizer KMU: \u00abEs ist erfreulich zu sehen, wie fortschrittlich auch die kleineren KMU der Schweiz in Bezug auf ihre IT-Infrastruktur aufgestellt sind und dass die Cybersicherheit immer mehr Beachtung findet. Der Lockdown hat gezeigt, wie wichtig der digitale Wandel ist, um anpassungsf\u00e4hig zu bleiben. Viele KMU haben dies erkannt und ihre Digitalisierungsbem\u00fchungen beschleunigt. Die aktuelle Situation macht aber auch deutlich, wie wichtig es ist, dass wir Rahmenbedingungen schaffen, um die Cybersicherheit in der Schweiz so zu gestalten, dass die Chancen der Digitalisierung m\u00f6glichst gut genutzt werden k\u00f6nnen. Der Bund will dazu seine Bem\u00fchungen weiter ausbauen und die Bev\u00f6lkerung und Wirtschaft beim Schutz vor Cyberrisiken aktiv unterst\u00fctzen.\u00bb Konkret hat der Bund in Zusammenarbeit mit digitalswitzerland einen Schnelltest f\u00fcr KMU entwickelt. Damit k\u00f6nnen kleine Unternehmen schnell und einfach pr\u00fcfen, wie gut es um ihren Schutz vor Cyberrisiken steht. Auch bei der Verfolgung von Cyber-Straftaten ist mehr Effizienz gefordert. Diesbez\u00fcglich wird die Zusammenarbeit unter den Kantonspolizei-Corps verst\u00e4rkt.<\/p>\n<h2>Rund 13000 KMU wurden schon Opfer eines Cyberangriffs<\/h2>\n<p>Wie oben erw\u00e4hnt, wurden fast 13000 KMU schon einmal Opfer eines Cyberangriffs. Am meisten handelte es sich dabei um F\u00e4lle von Ransomware: Via Phishing oder offene Ports installierten Kriminelle eine Schadsoftware, welche Daten verschl\u00fcsselt und gegen L\u00f6segeld wieder entschl\u00fcsselt. Andreas H\u00f6lzli, Leiter Kompetenzzentrum Cyber Risk der Mobiliar, bedauert, dass immer noch zu viele KMU denken, dass bei ihnen nichts zu holen sei. Entsprechend schlecht ausgebaut sei das Risikomanagement: \u00abDas Problem ist, dass gerade organisatorische Massnahmen oftmals nicht so stark gewichtet werden. Unternehmen brauchen Massnahmen, die \u00fcber die technischen Aspekte hinausgehen, dazu geh\u00f6rt zum Beispiel die Sensibilisierung ihrer Mitarbeitenden.\u00bb Neben technischen Schutzmassnahmen wie Antivirenprogramme oder Firewalls sind auch funktionierende Backups wichtig. &#8222;Wir machen leider oft die Erfahrung, dass Backups nicht richtig zur\u00fcckgespielt werden k\u00f6nnen. Entweder sind die Daten ebenfalls verschl\u00fcsselt oder es wurden gar nicht alle Daten gesichert&#8220;, so H\u00f6lzli. Er weist deshalb nachdr\u00fccklich darauf hin, dass Backups immer vom System getrennt bleiben m\u00fcssen. Ebenfalls vermisst er in vielen KMU eine Notfallplanung f\u00fcr den Fall, wenn es wegen eines Cyber-Vorfalls zu einem Betriebsunterbruch kommen sollte.<\/p>\n<figure id=\"attachment_7417\" aria-describedby=\"caption-attachment-7417\" style=\"width: 680px\" class=\"wp-caption alignnone\"><img loading=\"lazy\" decoding=\"async\" class=\"size-medium wp-image-7417\" src=\"https:\/\/www.organisator.ch\/wp-content\/uploads\/2020\/12\/Homeoffice-in-KMU-Cyberrisiken-werden-unterschaetzt.2_Organisator.jpg\" alt=\"\" width=\"680\" height=\"273\" srcset=\"https:\/\/www.organisator.ch\/wp-content\/uploads\/2020\/12\/Homeoffice-in-KMU-Cyberrisiken-werden-unterschaetzt.2_Organisator.jpg 680w, https:\/\/www.organisator.ch\/wp-content\/uploads\/2020\/12\/Homeoffice-in-KMU-Cyberrisiken-werden-unterschaetzt.2_Organisator-16x6.jpg 16w, https:\/\/www.organisator.ch\/wp-content\/uploads\/2020\/12\/Homeoffice-in-KMU-Cyberrisiken-werden-unterschaetzt.2_Organisator-375x151.jpg 375w, https:\/\/www.organisator.ch\/wp-content\/uploads\/2020\/12\/Homeoffice-in-KMU-Cyberrisiken-werden-unterschaetzt.2_Organisator-300x120.jpg 300w\" sizes=\"auto, (max-width: 680px) 100vw, 680px\" \/><figcaption id=\"caption-attachment-7417\" class=\"wp-caption-text\">So viele KMU waren schon mal von einem Cyberangriff mit finanziellem Schaden betroffen. (Grafik: gfs-z\u00fcrich \/ digitalswitzerland)<\/figcaption><\/figure>\n<h2>Homeoffice wird sich weiter etablieren &#8211; die Sensibilisierung f\u00fcr Cyberrisiken muss Schritt halten<\/h2>\n<p>Prof. Dr. Marc K. Peter von der FHNW ist \u00fcberzeugt, dass sich das Homeoffice langfristig als Bestandteil der neuen Arbeitsweltstrategie des \u00abBlended Working\u00bb etablieren wird: \u00abIn vielen Jobs wird ein Mix zwischen Arbeiten im Homeoffice und im B\u00fcro zum Alltag geh\u00f6ren. Dabei muss aber dringend ber\u00fccksichtigt werden, dass dadurch die Anforderungen an wichtige Technologie- und IT-Sicherheitsinvestitionen in Schweizer KMU steigen.\u00bb<\/p>\n<p>Die grosse Anzahl der von einem Cyberangriff betroffenen KMU ist f\u00fcr Nicole Wettstein, Programm Managerin Cybersecurity bei SATW, eine zus\u00e4tzliche Motivation, die laufenden Sensibilisierungsaktivit\u00e4ten voranzutreiben: \u00abEs ist zentral, den Anteil an KMU, die minimale Massnahmen zum Cybersecurity-Grundschutz umsetzen, weiter zu erh\u00f6hen\u00bb. Andreas W. Kaelin, stellvertretender Gesch\u00e4ftsf\u00fchrer und Leiter des Dossiers Cybersecurity bei digitalswitzerland, erg\u00e4nzt: &#8222;Die Cyber-Resilienz der KMU muss steigen.&#8220; Er spricht in diesem Zusammenhang von &#8222;unbewusster Inkompetenz&#8220;, die vielerorts noch zu stark verbreitet sei. Das Thema IT-Sicherheit an externe Dienstleister zu delegieren, greift da zu kurz. Kaelin weist darauf hin: \u00abLaut der Umfrage lassen sich rund zwei Drittel der kleinen Unternehmen von externen IT-Dienstleistern unterst\u00fctzen. Dies zeigt, dass wir dringend Massnahmen ergreifen m\u00fcssen, die es den Unternehmen einfacher machen, vertrauensw\u00fcrdige IT-Dienstleister zu identifizieren. Denn mit den Dienstleistern steht und f\u00e4llt die Sicherheit eines Unternehmens\u00bb. In Arbeit sei deshalb auch ein Label, das IT-Dienstleister f\u00fcr ihre Kompetenz in Sachen Cyberrisiken zertifiziert.<\/p>\n<p><em>Quelle und weitere Informationen: <a href=\"https:\/\/273949.seu2.cleverreach.com\/c\/53610374\/6a27b94113f-ql0js4\">ictswitzerland.ch<\/a> und <a href=\"https:\/\/273949.seu2.cleverreach.com\/c\/53610375\/6a27b94113f-ql0js4\">digitalswitzerland.com<\/a> <\/em><\/p>\n","protected":false},"excerpt":{"rendered":"<p>Von August bis Oktober 2020 befragte das Markt- und Sozialforschungsinstitut gfs-z\u00fcrich in einer repr\u00e4sentativen Umfrage 503 CEOs von kleinen Unternehmen (4 bis 49 Mitarbeitende) in der deutsch-, franz\u00f6sisch- und italienischsprachigen Schweiz zu den Auswirkungen der Corona-Pandemie auf die Digitalisierung. Die Befragung wurde im Auftrag von digitalswitzerland, der Mobiliar, dem Nationalen Zentrum f\u00fcr Cybersicherheit (NCSC), der [&hellip;]<\/p>\n","protected":false},"author":4,"featured_media":7418,"comment_status":"closed","ping_status":"closed","sticky":false,"template":"","format":"standard","meta":{"_acf_changed":false,"_yoast_wpseo_focuskw":"Cyberrisiken","_yoast_wpseo_metadesc":"Auch wenn viele Unternehmen in der Arbeit von zu Hause aus auch grosse Chancen sehen, wird ein Aspekt zu wenig beachtet: Die Cyberrisiken.","articlekey":"","footnotes":""},"categories":[27],"tags":[142,156,260,418],"class_list":["post-7415","post","type-post","status-publish","format-standard","has-post-thumbnail","hentry","category-it","tag-cyber-crime","tag-digitalisierung","tag-ict-sicherheit","tag-risikomanagement"],"acf":[],"yoast_head":"<!-- This site is optimized with the Yoast SEO plugin v27.4 - https:\/\/yoast.com\/product\/yoast-seo-wordpress\/ -->\n<title>Homeoffice in KMU: Cyberrisiken werden untersch\u00e4tzt - Organisator<\/title>\n<meta name=\"description\" content=\"Auch wenn viele Unternehmen in der Arbeit von zu Hause aus auch grosse Chancen sehen, wird ein Aspekt zu wenig beachtet: Die Cyberrisiken.\" \/>\n<meta name=\"robots\" content=\"index, follow, max-snippet:-1, max-image-preview:large, max-video-preview:-1\" \/>\n<link rel=\"canonical\" href=\"https:\/\/www.organisator.ch\/de\/management\/it\/2020-12-08\/homeoffice-in-kmu-cyberrisiken-werden-unterschaetzt\/\" \/>\n<meta property=\"og:locale\" content=\"de_DE\" \/>\n<meta property=\"og:type\" content=\"article\" \/>\n<meta property=\"og:title\" content=\"Homeoffice in KMU: Cyberrisiken werden untersch\u00e4tzt\" \/>\n<meta property=\"og:description\" content=\"Auch wenn viele Unternehmen in der Arbeit von zu Hause aus auch grosse Chancen sehen, wird ein Aspekt zu wenig beachtet: Die Cyberrisiken.\" \/>\n<meta property=\"og:url\" content=\"https:\/\/www.organisator.ch\/de\/management\/it\/2020-12-08\/homeoffice-in-kmu-cyberrisiken-werden-unterschaetzt\/\" \/>\n<meta property=\"og:site_name\" content=\"Organisator\" \/>\n<meta property=\"article:publisher\" content=\"https:\/\/www.facebook.com\/OrganisatorFachmagazin\" \/>\n<meta property=\"article:published_time\" content=\"2020-12-08T10:15:27+00:00\" \/>\n<meta property=\"og:image\" content=\"https:\/\/www.organisator.ch\/wp-content\/uploads\/2020\/12\/Homeoffice-in-KMU-Cyberrisiken-werden-unterschaetzt.1_Organisator.jpg\" \/>\n\t<meta property=\"og:image:width\" content=\"680\" \/>\n\t<meta property=\"og:image:height\" content=\"486\" \/>\n\t<meta property=\"og:image:type\" content=\"image\/jpeg\" \/>\n<meta name=\"author\" content=\"thomas.berner\" \/>\n<meta name=\"twitter:card\" content=\"summary_large_image\" \/>\n<meta name=\"twitter:title\" content=\"#Homeoffice in KMU: #Cyberrisiken werden untersch\u00e4tzt\" \/>\n<meta name=\"twitter:description\" content=\"Auch wenn viele Unternehmen in der Arbeit von zu Hause aus auch grosse Chancen sehen, wird ein Aspekt zu wenig beachtet: Die #Cyberrisiken.\" \/>\n<meta name=\"twitter:image\" content=\"https:\/\/www.organisator.ch\/wp-content\/uploads\/2020\/12\/Homeoffice-in-KMU-Cyberrisiken-werden-unterschaetzt.1_Organisator.jpg\" \/>\n<script type=\"application\/ld+json\" class=\"yoast-schema-graph\">{\"@context\":\"https:\\\/\\\/schema.org\",\"@graph\":[{\"@type\":\"Article\",\"@id\":\"https:\\\/\\\/www.organisator.ch\\\/management\\\/it\\\/2020-12-08\\\/homeoffice-in-kmu-cyberrisiken-werden-unterschaetzt\\\/#article\",\"isPartOf\":{\"@id\":\"https:\\\/\\\/www.organisator.ch\\\/management\\\/it\\\/2020-12-08\\\/homeoffice-in-kmu-cyberrisiken-werden-unterschaetzt\\\/\"},\"author\":{\"name\":\"thomas.berner\",\"@id\":\"https:\\\/\\\/www.organisator.ch\\\/#\\\/schema\\\/person\\\/6f650f90b2842cd4c0cc334b4e36f67e\"},\"headline\":\"Homeoffice in KMU: Cyberrisiken werden untersch\u00e4tzt\",\"datePublished\":\"2020-12-08T10:15:27+00:00\",\"mainEntityOfPage\":{\"@id\":\"https:\\\/\\\/www.organisator.ch\\\/management\\\/it\\\/2020-12-08\\\/homeoffice-in-kmu-cyberrisiken-werden-unterschaetzt\\\/\"},\"wordCount\":1049,\"publisher\":{\"@id\":\"https:\\\/\\\/www.organisator.ch\\\/#organization\"},\"image\":{\"@id\":\"https:\\\/\\\/www.organisator.ch\\\/management\\\/it\\\/2020-12-08\\\/homeoffice-in-kmu-cyberrisiken-werden-unterschaetzt\\\/#primaryimage\"},\"thumbnailUrl\":\"https:\\\/\\\/www.organisator.ch\\\/wp-content\\\/uploads\\\/2020\\\/12\\\/Homeoffice-in-KMU-Cyberrisiken-werden-unterschaetzt.1_Organisator.jpg\",\"keywords\":[\"Cyber-Crime\",\"Digitalisierung\",\"ICT-Sicherheit\",\"Risikomanagement\"],\"articleSection\":[\"IT\"],\"inLanguage\":\"de\"},{\"@type\":\"WebPage\",\"@id\":\"https:\\\/\\\/www.organisator.ch\\\/management\\\/it\\\/2020-12-08\\\/homeoffice-in-kmu-cyberrisiken-werden-unterschaetzt\\\/\",\"url\":\"https:\\\/\\\/www.organisator.ch\\\/management\\\/it\\\/2020-12-08\\\/homeoffice-in-kmu-cyberrisiken-werden-unterschaetzt\\\/\",\"name\":\"Homeoffice in KMU: Cyberrisiken werden untersch\u00e4tzt - Organisator\",\"isPartOf\":{\"@id\":\"https:\\\/\\\/www.organisator.ch\\\/#website\"},\"primaryImageOfPage\":{\"@id\":\"https:\\\/\\\/www.organisator.ch\\\/management\\\/it\\\/2020-12-08\\\/homeoffice-in-kmu-cyberrisiken-werden-unterschaetzt\\\/#primaryimage\"},\"image\":{\"@id\":\"https:\\\/\\\/www.organisator.ch\\\/management\\\/it\\\/2020-12-08\\\/homeoffice-in-kmu-cyberrisiken-werden-unterschaetzt\\\/#primaryimage\"},\"thumbnailUrl\":\"https:\\\/\\\/www.organisator.ch\\\/wp-content\\\/uploads\\\/2020\\\/12\\\/Homeoffice-in-KMU-Cyberrisiken-werden-unterschaetzt.1_Organisator.jpg\",\"datePublished\":\"2020-12-08T10:15:27+00:00\",\"description\":\"Auch wenn viele Unternehmen in der Arbeit von zu Hause aus auch grosse Chancen sehen, wird ein Aspekt zu wenig beachtet: Die Cyberrisiken.\",\"breadcrumb\":{\"@id\":\"https:\\\/\\\/www.organisator.ch\\\/management\\\/it\\\/2020-12-08\\\/homeoffice-in-kmu-cyberrisiken-werden-unterschaetzt\\\/#breadcrumb\"},\"inLanguage\":\"de\",\"potentialAction\":[{\"@type\":\"ReadAction\",\"target\":[\"https:\\\/\\\/www.organisator.ch\\\/management\\\/it\\\/2020-12-08\\\/homeoffice-in-kmu-cyberrisiken-werden-unterschaetzt\\\/\"]}]},{\"@type\":\"ImageObject\",\"inLanguage\":\"de\",\"@id\":\"https:\\\/\\\/www.organisator.ch\\\/management\\\/it\\\/2020-12-08\\\/homeoffice-in-kmu-cyberrisiken-werden-unterschaetzt\\\/#primaryimage\",\"url\":\"https:\\\/\\\/www.organisator.ch\\\/wp-content\\\/uploads\\\/2020\\\/12\\\/Homeoffice-in-KMU-Cyberrisiken-werden-unterschaetzt.1_Organisator.jpg\",\"contentUrl\":\"https:\\\/\\\/www.organisator.ch\\\/wp-content\\\/uploads\\\/2020\\\/12\\\/Homeoffice-in-KMU-Cyberrisiken-werden-unterschaetzt.1_Organisator.jpg\",\"width\":680,\"height\":486,\"caption\":\"Wenn der Betr\u00fcger zuletzt lacht: Schweizer KMU haben zwar problemlos auf Homeoffice umgestellt. In Sachen Schutz vor Cyberrisiken besteht aber bei vielen noch Nachholbedarf. (Bild: Pixabay.com)\"},{\"@type\":\"BreadcrumbList\",\"@id\":\"https:\\\/\\\/www.organisator.ch\\\/management\\\/it\\\/2020-12-08\\\/homeoffice-in-kmu-cyberrisiken-werden-unterschaetzt\\\/#breadcrumb\",\"itemListElement\":[{\"@type\":\"ListItem\",\"position\":1,\"name\":\"Home\",\"item\":\"https:\\\/\\\/www.organisator.ch\\\/\"},{\"@type\":\"ListItem\",\"position\":2,\"name\":\"Homeoffice in KMU: Cyberrisiken werden untersch\u00e4tzt\"}]},{\"@type\":\"WebSite\",\"@id\":\"https:\\\/\\\/www.organisator.ch\\\/#website\",\"url\":\"https:\\\/\\\/www.organisator.ch\\\/\",\"name\":\"Organisator\",\"description\":\"Kompetent. Praxisnah. Der ORGANISATOR bereitet in 10 Ausgaben pro Jahr die wesentlichen Themen f\u00fcr F\u00fchrungskr\u00e4fte von KMU auf.\",\"publisher\":{\"@id\":\"https:\\\/\\\/www.organisator.ch\\\/#organization\"},\"potentialAction\":[{\"@type\":\"SearchAction\",\"target\":{\"@type\":\"EntryPoint\",\"urlTemplate\":\"https:\\\/\\\/www.organisator.ch\\\/?s={search_term_string}\"},\"query-input\":{\"@type\":\"PropertyValueSpecification\",\"valueRequired\":true,\"valueName\":\"search_term_string\"}}],\"inLanguage\":\"de\"},{\"@type\":\"Organization\",\"@id\":\"https:\\\/\\\/www.organisator.ch\\\/#organization\",\"name\":\"Organisator\",\"url\":\"https:\\\/\\\/www.organisator.ch\\\/\",\"logo\":{\"@type\":\"ImageObject\",\"inLanguage\":\"de\",\"@id\":\"https:\\\/\\\/www.organisator.ch\\\/#\\\/schema\\\/logo\\\/image\\\/\",\"url\":\"https:\\\/\\\/www.organisator.ch\\\/wp-content\\\/uploads\\\/2022\\\/01\\\/Logo_Organisator_Website.png\",\"contentUrl\":\"https:\\\/\\\/www.organisator.ch\\\/wp-content\\\/uploads\\\/2022\\\/01\\\/Logo_Organisator_Website.png\",\"width\":800,\"height\":77,\"caption\":\"Organisator\"},\"image\":{\"@id\":\"https:\\\/\\\/www.organisator.ch\\\/#\\\/schema\\\/logo\\\/image\\\/\"},\"sameAs\":[\"https:\\\/\\\/www.facebook.com\\\/OrganisatorFachmagazin\",\"https:\\\/\\\/www.linkedin.com\\\/showcase\\\/organisator-das-magazin-fr-kmu\",\"https:\\\/\\\/www.xing.com\\\/news\\\/pages\\\/organisator-ch-695\",\"https:\\\/\\\/www.youtube.com\\\/channel\\\/UCGP2Sq0iWaZwT3BdIAQFYpw\"]},{\"@type\":\"Person\",\"@id\":\"https:\\\/\\\/www.organisator.ch\\\/#\\\/schema\\\/person\\\/6f650f90b2842cd4c0cc334b4e36f67e\",\"name\":\"thomas.berner\",\"image\":{\"@type\":\"ImageObject\",\"inLanguage\":\"de\",\"@id\":\"https:\\\/\\\/secure.gravatar.com\\\/avatar\\\/ac5001d2a36cb6c6cd3e50789007ffca834b477b74a2144564522e944eabff61?s=96&d=mm&r=g\",\"url\":\"https:\\\/\\\/secure.gravatar.com\\\/avatar\\\/ac5001d2a36cb6c6cd3e50789007ffca834b477b74a2144564522e944eabff61?s=96&d=mm&r=g\",\"contentUrl\":\"https:\\\/\\\/secure.gravatar.com\\\/avatar\\\/ac5001d2a36cb6c6cd3e50789007ffca834b477b74a2144564522e944eabff61?s=96&d=mm&r=g\",\"caption\":\"thomas.berner\"},\"url\":\"https:\\\/\\\/www.organisator.ch\\\/de\\\/author\\\/thomas-berner\\\/\"}]}<\/script>\n<!-- \/ Yoast SEO plugin. -->","yoast_head_json":{"title":"Homeoffice in KMU: Cyberrisiken werden untersch\u00e4tzt - Organisator","description":"Auch wenn viele Unternehmen in der Arbeit von zu Hause aus auch grosse Chancen sehen, wird ein Aspekt zu wenig beachtet: Die Cyberrisiken.","robots":{"index":"index","follow":"follow","max-snippet":"max-snippet:-1","max-image-preview":"max-image-preview:large","max-video-preview":"max-video-preview:-1"},"canonical":"https:\/\/www.organisator.ch\/de\/management\/it\/2020-12-08\/homeoffice-in-kmu-cyberrisiken-werden-unterschaetzt\/","og_locale":"de_DE","og_type":"article","og_title":"Homeoffice in KMU: Cyberrisiken werden untersch\u00e4tzt","og_description":"Auch wenn viele Unternehmen in der Arbeit von zu Hause aus auch grosse Chancen sehen, wird ein Aspekt zu wenig beachtet: Die Cyberrisiken.","og_url":"https:\/\/www.organisator.ch\/de\/management\/it\/2020-12-08\/homeoffice-in-kmu-cyberrisiken-werden-unterschaetzt\/","og_site_name":"Organisator","article_publisher":"https:\/\/www.facebook.com\/OrganisatorFachmagazin","article_published_time":"2020-12-08T10:15:27+00:00","og_image":[{"width":680,"height":486,"url":"https:\/\/www.organisator.ch\/wp-content\/uploads\/2020\/12\/Homeoffice-in-KMU-Cyberrisiken-werden-unterschaetzt.1_Organisator.jpg","type":"image\/jpeg"}],"author":"thomas.berner","twitter_card":"summary_large_image","twitter_title":"#Homeoffice in KMU: #Cyberrisiken werden untersch\u00e4tzt","twitter_description":"Auch wenn viele Unternehmen in der Arbeit von zu Hause aus auch grosse Chancen sehen, wird ein Aspekt zu wenig beachtet: Die #Cyberrisiken.","twitter_image":"https:\/\/www.organisator.ch\/wp-content\/uploads\/2020\/12\/Homeoffice-in-KMU-Cyberrisiken-werden-unterschaetzt.1_Organisator.jpg","schema":{"@context":"https:\/\/schema.org","@graph":[{"@type":"Article","@id":"https:\/\/www.organisator.ch\/management\/it\/2020-12-08\/homeoffice-in-kmu-cyberrisiken-werden-unterschaetzt\/#article","isPartOf":{"@id":"https:\/\/www.organisator.ch\/management\/it\/2020-12-08\/homeoffice-in-kmu-cyberrisiken-werden-unterschaetzt\/"},"author":{"name":"thomas.berner","@id":"https:\/\/www.organisator.ch\/#\/schema\/person\/6f650f90b2842cd4c0cc334b4e36f67e"},"headline":"Homeoffice in KMU: Cyberrisiken werden untersch\u00e4tzt","datePublished":"2020-12-08T10:15:27+00:00","mainEntityOfPage":{"@id":"https:\/\/www.organisator.ch\/management\/it\/2020-12-08\/homeoffice-in-kmu-cyberrisiken-werden-unterschaetzt\/"},"wordCount":1049,"publisher":{"@id":"https:\/\/www.organisator.ch\/#organization"},"image":{"@id":"https:\/\/www.organisator.ch\/management\/it\/2020-12-08\/homeoffice-in-kmu-cyberrisiken-werden-unterschaetzt\/#primaryimage"},"thumbnailUrl":"https:\/\/www.organisator.ch\/wp-content\/uploads\/2020\/12\/Homeoffice-in-KMU-Cyberrisiken-werden-unterschaetzt.1_Organisator.jpg","keywords":["Cyber-Crime","Digitalisierung","ICT-Sicherheit","Risikomanagement"],"articleSection":["IT"],"inLanguage":"de"},{"@type":"WebPage","@id":"https:\/\/www.organisator.ch\/management\/it\/2020-12-08\/homeoffice-in-kmu-cyberrisiken-werden-unterschaetzt\/","url":"https:\/\/www.organisator.ch\/management\/it\/2020-12-08\/homeoffice-in-kmu-cyberrisiken-werden-unterschaetzt\/","name":"Homeoffice in KMU: Cyberrisiken werden untersch\u00e4tzt - Organisator","isPartOf":{"@id":"https:\/\/www.organisator.ch\/#website"},"primaryImageOfPage":{"@id":"https:\/\/www.organisator.ch\/management\/it\/2020-12-08\/homeoffice-in-kmu-cyberrisiken-werden-unterschaetzt\/#primaryimage"},"image":{"@id":"https:\/\/www.organisator.ch\/management\/it\/2020-12-08\/homeoffice-in-kmu-cyberrisiken-werden-unterschaetzt\/#primaryimage"},"thumbnailUrl":"https:\/\/www.organisator.ch\/wp-content\/uploads\/2020\/12\/Homeoffice-in-KMU-Cyberrisiken-werden-unterschaetzt.1_Organisator.jpg","datePublished":"2020-12-08T10:15:27+00:00","description":"Auch wenn viele Unternehmen in der Arbeit von zu Hause aus auch grosse Chancen sehen, wird ein Aspekt zu wenig beachtet: Die Cyberrisiken.","breadcrumb":{"@id":"https:\/\/www.organisator.ch\/management\/it\/2020-12-08\/homeoffice-in-kmu-cyberrisiken-werden-unterschaetzt\/#breadcrumb"},"inLanguage":"de","potentialAction":[{"@type":"ReadAction","target":["https:\/\/www.organisator.ch\/management\/it\/2020-12-08\/homeoffice-in-kmu-cyberrisiken-werden-unterschaetzt\/"]}]},{"@type":"ImageObject","inLanguage":"de","@id":"https:\/\/www.organisator.ch\/management\/it\/2020-12-08\/homeoffice-in-kmu-cyberrisiken-werden-unterschaetzt\/#primaryimage","url":"https:\/\/www.organisator.ch\/wp-content\/uploads\/2020\/12\/Homeoffice-in-KMU-Cyberrisiken-werden-unterschaetzt.1_Organisator.jpg","contentUrl":"https:\/\/www.organisator.ch\/wp-content\/uploads\/2020\/12\/Homeoffice-in-KMU-Cyberrisiken-werden-unterschaetzt.1_Organisator.jpg","width":680,"height":486,"caption":"Wenn der Betr\u00fcger zuletzt lacht: Schweizer KMU haben zwar problemlos auf Homeoffice umgestellt. In Sachen Schutz vor Cyberrisiken besteht aber bei vielen noch Nachholbedarf. (Bild: Pixabay.com)"},{"@type":"BreadcrumbList","@id":"https:\/\/www.organisator.ch\/management\/it\/2020-12-08\/homeoffice-in-kmu-cyberrisiken-werden-unterschaetzt\/#breadcrumb","itemListElement":[{"@type":"ListItem","position":1,"name":"Home","item":"https:\/\/www.organisator.ch\/"},{"@type":"ListItem","position":2,"name":"Homeoffice in KMU: Cyberrisiken werden untersch\u00e4tzt"}]},{"@type":"WebSite","@id":"https:\/\/www.organisator.ch\/#website","url":"https:\/\/www.organisator.ch\/","name":"Organisator","description":"Kompetent. Praxisnah. Der ORGANISATOR bereitet in 10 Ausgaben pro Jahr die wesentlichen Themen f\u00fcr F\u00fchrungskr\u00e4fte von KMU auf.","publisher":{"@id":"https:\/\/www.organisator.ch\/#organization"},"potentialAction":[{"@type":"SearchAction","target":{"@type":"EntryPoint","urlTemplate":"https:\/\/www.organisator.ch\/?s={search_term_string}"},"query-input":{"@type":"PropertyValueSpecification","valueRequired":true,"valueName":"search_term_string"}}],"inLanguage":"de"},{"@type":"Organization","@id":"https:\/\/www.organisator.ch\/#organization","name":"Organisator","url":"https:\/\/www.organisator.ch\/","logo":{"@type":"ImageObject","inLanguage":"de","@id":"https:\/\/www.organisator.ch\/#\/schema\/logo\/image\/","url":"https:\/\/www.organisator.ch\/wp-content\/uploads\/2022\/01\/Logo_Organisator_Website.png","contentUrl":"https:\/\/www.organisator.ch\/wp-content\/uploads\/2022\/01\/Logo_Organisator_Website.png","width":800,"height":77,"caption":"Organisator"},"image":{"@id":"https:\/\/www.organisator.ch\/#\/schema\/logo\/image\/"},"sameAs":["https:\/\/www.facebook.com\/OrganisatorFachmagazin","https:\/\/www.linkedin.com\/showcase\/organisator-das-magazin-fr-kmu","https:\/\/www.xing.com\/news\/pages\/organisator-ch-695","https:\/\/www.youtube.com\/channel\/UCGP2Sq0iWaZwT3BdIAQFYpw"]},{"@type":"Person","@id":"https:\/\/www.organisator.ch\/#\/schema\/person\/6f650f90b2842cd4c0cc334b4e36f67e","name":"thomas.berner","image":{"@type":"ImageObject","inLanguage":"de","@id":"https:\/\/secure.gravatar.com\/avatar\/ac5001d2a36cb6c6cd3e50789007ffca834b477b74a2144564522e944eabff61?s=96&d=mm&r=g","url":"https:\/\/secure.gravatar.com\/avatar\/ac5001d2a36cb6c6cd3e50789007ffca834b477b74a2144564522e944eabff61?s=96&d=mm&r=g","contentUrl":"https:\/\/secure.gravatar.com\/avatar\/ac5001d2a36cb6c6cd3e50789007ffca834b477b74a2144564522e944eabff61?s=96&d=mm&r=g","caption":"thomas.berner"},"url":"https:\/\/www.organisator.ch\/de\/author\/thomas-berner\/"}]}},"_links":{"self":[{"href":"https:\/\/www.organisator.ch\/de\/wp-json\/wp\/v2\/posts\/7415","targetHints":{"allow":["GET"]}}],"collection":[{"href":"https:\/\/www.organisator.ch\/de\/wp-json\/wp\/v2\/posts"}],"about":[{"href":"https:\/\/www.organisator.ch\/de\/wp-json\/wp\/v2\/types\/post"}],"author":[{"embeddable":true,"href":"https:\/\/www.organisator.ch\/de\/wp-json\/wp\/v2\/users\/4"}],"replies":[{"embeddable":true,"href":"https:\/\/www.organisator.ch\/de\/wp-json\/wp\/v2\/comments?post=7415"}],"version-history":[{"count":0,"href":"https:\/\/www.organisator.ch\/de\/wp-json\/wp\/v2\/posts\/7415\/revisions"}],"wp:featuredmedia":[{"embeddable":true,"href":"https:\/\/www.organisator.ch\/de\/wp-json\/wp\/v2\/media\/7418"}],"wp:attachment":[{"href":"https:\/\/www.organisator.ch\/de\/wp-json\/wp\/v2\/media?parent=7415"}],"wp:term":[{"taxonomy":"category","embeddable":true,"href":"https:\/\/www.organisator.ch\/de\/wp-json\/wp\/v2\/categories?post=7415"},{"taxonomy":"post_tag","embeddable":true,"href":"https:\/\/www.organisator.ch\/de\/wp-json\/wp\/v2\/tags?post=7415"}],"curies":[{"name":"wp","href":"https:\/\/api.w.org\/{rel}","templated":true}]}}