{"id":7459,"date":"2020-12-17T09:13:22","date_gmt":"2020-12-17T08:13:22","guid":{"rendered":"https:\/\/www.organisator.ch\/?p=7459"},"modified":"2020-12-17T09:13:22","modified_gmt":"2020-12-17T08:13:22","slug":"wie-das-jahr-2021-unsere-zukunft-langfristig-entscheidend-praegen-wird","status":"publish","type":"post","link":"https:\/\/www.organisator.ch\/de\/management\/2020-12-17\/wie-das-jahr-2021-unsere-zukunft-langfristig-entscheidend-praegen-wird\/","title":{"rendered":"Wie das Jahr 2021 unsere Zukunft langfristig entscheidend pr\u00e4gen wird"},"content":{"rendered":"<figure id=\"attachment_7460\" aria-describedby=\"caption-attachment-7460\" style=\"width: 680px\" class=\"wp-caption alignnone\"><img loading=\"lazy\" decoding=\"async\" class=\"size-medium wp-image-7460\" src=\"https:\/\/www.organisator.ch\/wp-content\/uploads\/2020\/12\/Wie-das-Jahr-2021-unsere-Zukunft-langfristig-entscheidend-praegen-wird_Organisator.jpg\" alt=\"\" width=\"680\" height=\"272\" srcset=\"https:\/\/www.organisator.ch\/wp-content\/uploads\/2020\/12\/Wie-das-Jahr-2021-unsere-Zukunft-langfristig-entscheidend-praegen-wird_Organisator.jpg 680w, https:\/\/www.organisator.ch\/wp-content\/uploads\/2020\/12\/Wie-das-Jahr-2021-unsere-Zukunft-langfristig-entscheidend-praegen-wird_Organisator-16x6.jpg 16w, https:\/\/www.organisator.ch\/wp-content\/uploads\/2020\/12\/Wie-das-Jahr-2021-unsere-Zukunft-langfristig-entscheidend-praegen-wird_Organisator-375x150.jpg 375w, https:\/\/www.organisator.ch\/wp-content\/uploads\/2020\/12\/Wie-das-Jahr-2021-unsere-Zukunft-langfristig-entscheidend-praegen-wird_Organisator-300x120.jpg 300w\" sizes=\"auto, (max-width: 680px) 100vw, 680px\" \/><figcaption id=\"caption-attachment-7460\" class=\"wp-caption-text\">Das Jahr 2021 d\u00fcrfte in vielerlei Hinsicht entscheidend werden. Wirtschaft und Gesellschaft werden quasi neu definiert werden m\u00fcssen. (Bild: Pixabay.com)<\/figcaption><\/figure>\n<p>\u201eFjord Trends 2021\u201c ist bereits der vierzehnte Trendreport, den das globale Netzwerk aus Designern und Kreativen von Accenture Interactive erstellt hat. Das diesj\u00e4hrige Ergebnis zeigt auf, dass sich Unternehmen jetzt die M\u00f6glichkeit er\u00f6ffnet, neue Bereiche zu erschliessen \u2013 wenn sie neue Strategien, Dienstleistungen und Erlebnisse einf\u00fchren, um die sich entwickelnden menschlichen Bed\u00fcrfnisse zu erf\u00fcllen.<\/p>\n<h2>Die Pandemie zeigt, was wirklich wichtig ist<\/h2>\n<p>Der Jahresreport stellt fest, dass die Pandemie neben Chaos und Trag\u00f6dien auch Klarheit und \u00dcberraschungen gebracht hat. Sie hat uns gezeigt, was wirklich wichtig ist, den Gemeinsinn gest\u00e4rkt und innovative K\u00f6pfe zu Hause inspiriert. Daraus ergeben sich ganz neue Herausforderungen f\u00fcr Unternehmen: Wie k\u00f6nnen diese operativ und auch kommunikativ richtig reagieren, wie den sich st\u00e4ndig \u00e4ndernden Erwartungen der Verbraucher gerecht werden und empathischer handeln \u2013 und das alles, w\u00e4hrend sie in einer unsicheren Wirtschaftslage ums \u00dcberleben k\u00e4mpfen? Die Fjord Trends f\u00fcr das Jahr 2021 sind Empfehlungen, wie Unternehmen die Renaissance des 21. Jahrhunderts mitgestalten k\u00f6nnen.<\/p>\n<h2>Trends, die das Jahr 2021 und folgende pr\u00e4gen werden<\/h2>\n<p>Es sind sieben Trends, welche die Wirtschaft, das Kundenverhalten und die Gesellschaft der Zukunft pr\u00e4gen werden:<\/p>\n<ol>\n<li><strong>Kollektive Standortverschiebung:<\/strong> Wie und wo wir Dinge erleben, hat sich im Jahr 2020 ver\u00e4ndert. Wir alle teilen ein Gef\u00fchl der Lageverschiebung und suchen nach neuen Wegen und Orten, unseren Pflichten nachzukommen und unseren Leidenschaften nachzugehen. Arbeiten, einkaufen, lernen, Freunde treffen, Kinder erziehen und uns um unser Wohlergehen k\u00fcmmern \u2013 all das und mehr hat sich f\u00fcr viele von uns fundamental ge\u00e4ndert. Die Unternehmen m\u00fcssen entsprechend neue Wege suchen, um mit ihren Kunden in Kontakt zu treten.<\/li>\n<li><strong>Do-it-yourself-Innovation:<\/strong> Zunehmend sind es talentierte Menschen, die Innovationen vorantreiben, indem sie neue \u201eHacks\u201c f\u00fcr neue Herausforderungen entwickeln \u2013 vom Remote-Worker, der sein B\u00fcgelbrett als Stehpult nutzt, bis hin zum Elternteil, das zum Lehrer wird. Die Technologie spielt dabei eine neue Rolle: Sie treibt nicht Innovationen voran, sondern unterst\u00fctzt menschliche Kreativit\u00e4t und l\u00e4sst sie allerorten durchscheinen. Einzelpersonen, von Politikern bis zu Personal Trainern, nutzen Websites wie TikTok oder Videospielplattformen, um wichtige Botschaften zu verbreiten oder Konzerte zu veranstalten. Alle wollen bessere L\u00f6sungen, doch die Erwartungshaltung an die Unternehmen hat sich ge\u00e4ndert: Statt fertige L\u00f6sungen zu liefern, sollen sie die Rahmenbedingungen f\u00fcr private Innovationen schaffen.<\/li>\n<li><strong>Dream Teams:<\/strong> Angestellte, die remote arbeiten, leben jetzt gewissermassen im B\u00fcro. Das hat enorme Auswirkungen auf die wechselseitigen Vereinbarungen zwischen Arbeitgeber und Arbeitnehmer und die vielen damit zusammenh\u00e4ngenden Annahmen \u2013 wer etwa entscheidet \u00fcber die Kleiderordnung bei Videoanrufen in den eigenen vier W\u00e4nden, in wessen Verantwortung liegt das Recht der Remote-Mitarbeiter auf Privatsph\u00e4re? Auch wenn sich bereits eine fl\u00e4chendeckende Impfung am Horizont abzeichnet: Die Beziehung der Menschen zu ihrer Arbeit und zwischen Arbeitgebern und ihren Teams hat sich nachhaltig ver\u00e4ndert. Die Zukunft wird keine Einheitsl\u00f6sung bereitstellen \u2013 die Arbeitswelt wird noch f\u00fcr einige Zeit ein Experimentierfeld bleiben.<\/li>\n<li><strong>Liquide Infrastruktur:<\/strong> Wie und wo wir Produkte erwerben und Dienstleistungen in Anspruch nehmen, hat sich ver\u00e4ndert. Darum m\u00fcssen Unternehmen ihre Lieferkette und ihre gesamte physische Infrastruktur \u00fcberdenken und sich auf die \u201ePoints of Delight\u201c auf den letzten Metern vor dem Kauf konzentrieren \u2013 etwa die unmittelbare Freude am Kauf selbst, die f\u00fcr viele im Laden selbstverst\u00e4ndlich war. Unternehmen m\u00fcssen darum in ihrer gesamten Organisation mehr Agilit\u00e4t und Widerstandsf\u00e4higkeit aufbauen, damit sie sich schnell an Ver\u00e4nderungen anpassen k\u00f6nnen. Das gilt auch f\u00fcr die zu erwartenden Ver\u00e4nderungen im Zusammenhang mit der Notwendigkeit eines nachhaltigeren Wirtschaftens.<\/li>\n<li><strong>Interaction Wanderlust:<\/strong> Wir verbringen viel mehr Zeit damit, \u00fcber Bildschirme mit unseren Mitmenschen in Kontakt zu treten. Dabei kam eine gewisse Monotonie auf, denn viele Tools sehen mit ihren schablonenhaften Designs nahezu identisch aus. Unternehmen m\u00fcssen Design, Content, Zielgruppen und die Interaktionen mit ihren Services neu denken, um das Erlebnis vor den Screens spannender zu machen und mit dem Element des Zufalls zu bereichern.<\/li>\n<li><strong>Herausforderung Empathie:<\/strong> Die meisten Kunden wollen wissen, wof\u00fcr Marken stehen und wie sie ihre Werte zum Ausdruck bringen. Die Pandemie hat in der ganzen Welt viele dysfunktionale und unfaire Strukturen aufgedeckt \u2013 vom Zugang zur Gesundheitsversorgung bis hin zu Fragen der Gleichberechtigung. Infolgedessen m\u00fcssen Unternehmen hart daran arbeiten, die Narrative, die ihre Marken pr\u00e4gen, zu steuern. Dazu m\u00fcssen sie wichtige Themen priorisieren und ihr Handeln um diese Schwerpunktthemen herum aufbauen.<\/li>\n<li><strong>Neue Rituale:<\/strong> Zahlreiche Rituale \u2013 von der Feier zur Geburt bis zur Abschiednahme bei einer Beisetzung \u2013 waren in diesem Jahr nicht m\u00f6glich. Das hat einen erheblichen Einfluss auf das Wohlbefinden der gesamten Gesellschaft. Unternehmen gibt dieser Trend die Chance, ihre Kunden bei der Sinnsuche zu begleiten. Neue Rituale sind gefragt, die Freude oder Trost spenden. Die Voraussetzung daf\u00fcr ist, erst einmal das Loch zu erkennen, das eine aufgegebene Gewohnheit hinterl\u00e4sst. Erst dann l\u00e4sst es sich ad\u00e4quat f\u00fcllen.<\/li>\n<\/ol>\n<h2>Das Jahr 2021 soll von Hoffnung gepr\u00e4gt sein<\/h2>\n<p>\u201eInnovation beginnt nicht mit Technologie, aber wie wir im letzten Jahr gesehen haben, kann sie ein m\u00e4chtiges Werkzeug daf\u00fcr sein, der menschlichen Kreativit\u00e4t mehr Raum zu geben \u2013 sogar mitten im Chaos\u201c, sagte Brian Whipple, Group Chief Executive von Accenture Interactive. \u201eDas n\u00e4chste Jahr sollte eines sein, das von Hoffnung gepr\u00e4gt ist. Wir haben grosse Ver\u00e4nderungen in unserer Gesellschaft erlebt \u2013 wir waren sogar selbst Teil davon. Diese Trends sind eine Blaupause daf\u00fcr, wie wir heute denken und was wir als n\u00e4chstes tun, was wir mitnehmen und was wir hinter uns lassen. Wir k\u00f6nnen besser werden und die Menschen verdienen es auch besser.\u201c<\/p>\n<p><em>Quelle: <a href=\"http:\/\/www.accentureinteractive.com\">Accenture Interactive<\/a><\/em><\/p>\n","protected":false},"excerpt":{"rendered":"<p>\u201eFjord Trends 2021\u201c ist bereits der vierzehnte Trendreport, den das globale Netzwerk aus Designern und Kreativen von Accenture Interactive erstellt hat. Das diesj\u00e4hrige Ergebnis zeigt auf, dass sich Unternehmen jetzt die M\u00f6glichkeit er\u00f6ffnet, neue Bereiche zu erschliessen \u2013 wenn sie neue Strategien, Dienstleistungen und Erlebnisse einf\u00fchren, um die sich entwickelnden menschlichen Bed\u00fcrfnisse zu erf\u00fcllen. Die [&hellip;]<\/p>\n","protected":false},"author":4,"featured_media":7460,"comment_status":"closed","ping_status":"closed","sticky":false,"template":"","format":"standard","meta":{"_acf_changed":false,"_yoast_wpseo_focuskw":"Jahr 2021","_yoast_wpseo_metadesc":"Die COVID-19-Krise definiert neu, wie Wirtschaft und Gesellschaft funktionieren. Dies soll als Grundger\u00fcst f\u00fcr das Jahr 2021 und dar\u00fcber hinaus dienen.","articlekey":"","footnotes":""},"categories":[28],"tags":[132,335,459,485,531],"class_list":["post-7459","post","type-post","status-publish","format-standard","has-post-thumbnail","hentry","category-management","tag-coronavirus","tag-management-und-unternehmensfuehrung","tag-studie","tag-trends","tag-wirtschaftspolitik"],"acf":[],"yoast_head":"<!-- This site is optimized with the Yoast SEO plugin v27.5 - https:\/\/yoast.com\/product\/yoast-seo-wordpress\/ -->\n<title>Wie das Jahr 2021 unsere Zukunft langfristig entscheidend pr\u00e4gen wird - Organisator<\/title>\n<meta name=\"description\" content=\"Die COVID-19-Krise definiert neu, wie Wirtschaft und Gesellschaft funktionieren. Dies soll als Grundger\u00fcst f\u00fcr das Jahr 2021 und dar\u00fcber hinaus dienen.\" \/>\n<meta name=\"robots\" content=\"index, follow, max-snippet:-1, max-image-preview:large, max-video-preview:-1\" \/>\n<link rel=\"canonical\" href=\"https:\/\/www.organisator.ch\/de\/management\/2020-12-17\/wie-das-jahr-2021-unsere-zukunft-langfristig-entscheidend-praegen-wird\/\" \/>\n<meta property=\"og:locale\" content=\"de_DE\" \/>\n<meta property=\"og:type\" content=\"article\" \/>\n<meta property=\"og:title\" content=\"Wie das Jahr 2021 unsere Zukunft langfristig entscheidend pr\u00e4gen wird\" \/>\n<meta property=\"og:description\" content=\"Die COVID-19-Krise definiert neu, wie Wirtschaft und Gesellschaft funktionieren. Dies soll als Grundger\u00fcst f\u00fcr das Jahr 2021 und dar\u00fcber hinaus dienen.\" \/>\n<meta property=\"og:url\" content=\"https:\/\/www.organisator.ch\/de\/management\/2020-12-17\/wie-das-jahr-2021-unsere-zukunft-langfristig-entscheidend-praegen-wird\/\" \/>\n<meta property=\"og:site_name\" content=\"Organisator\" \/>\n<meta property=\"article:publisher\" content=\"https:\/\/www.facebook.com\/OrganisatorFachmagazin\" \/>\n<meta property=\"article:published_time\" content=\"2020-12-17T08:13:22+00:00\" \/>\n<meta property=\"og:image\" content=\"https:\/\/www.organisator.ch\/wp-content\/uploads\/2020\/12\/Wie-das-Jahr-2021-unsere-Zukunft-langfristig-entscheidend-praegen-wird_Organisator.jpg\" \/>\n\t<meta property=\"og:image:width\" content=\"680\" \/>\n\t<meta property=\"og:image:height\" content=\"272\" \/>\n\t<meta property=\"og:image:type\" content=\"image\/jpeg\" \/>\n<meta name=\"author\" content=\"thomas.berner\" \/>\n<meta name=\"twitter:card\" content=\"summary_large_image\" \/>\n<meta name=\"twitter:title\" content=\"Wie das Jahr 2021 unsere #Zukunft langfristig entscheidend pr\u00e4gen wird\" \/>\n<meta name=\"twitter:description\" content=\"Die #COVID-19-Krise definiert neu, wie Wirtschaft und Gesellschaft funktionieren. Dies soll als Grundger\u00fcst f\u00fcr das Jahr #2021 und dar\u00fcber hinaus dienen.\" \/>\n<meta name=\"twitter:image\" content=\"https:\/\/www.organisator.ch\/wp-content\/uploads\/2020\/12\/Wie-das-Jahr-2021-unsere-Zukunft-langfristig-entscheidend-praegen-wird_Organisator.jpg\" \/>\n<script type=\"application\/ld+json\" class=\"yoast-schema-graph\">{\"@context\":\"https:\\\/\\\/schema.org\",\"@graph\":[{\"@type\":\"Article\",\"@id\":\"https:\\\/\\\/www.organisator.ch\\\/management\\\/2020-12-17\\\/wie-das-jahr-2021-unsere-zukunft-langfristig-entscheidend-praegen-wird\\\/#article\",\"isPartOf\":{\"@id\":\"https:\\\/\\\/www.organisator.ch\\\/management\\\/2020-12-17\\\/wie-das-jahr-2021-unsere-zukunft-langfristig-entscheidend-praegen-wird\\\/\"},\"author\":{\"name\":\"thomas.berner\",\"@id\":\"https:\\\/\\\/www.organisator.ch\\\/#\\\/schema\\\/person\\\/6f650f90b2842cd4c0cc334b4e36f67e\"},\"headline\":\"Wie das Jahr 2021 unsere Zukunft langfristig entscheidend pr\u00e4gen wird\",\"datePublished\":\"2020-12-17T08:13:22+00:00\",\"mainEntityOfPage\":{\"@id\":\"https:\\\/\\\/www.organisator.ch\\\/management\\\/2020-12-17\\\/wie-das-jahr-2021-unsere-zukunft-langfristig-entscheidend-praegen-wird\\\/\"},\"wordCount\":970,\"publisher\":{\"@id\":\"https:\\\/\\\/www.organisator.ch\\\/#organization\"},\"image\":{\"@id\":\"https:\\\/\\\/www.organisator.ch\\\/management\\\/2020-12-17\\\/wie-das-jahr-2021-unsere-zukunft-langfristig-entscheidend-praegen-wird\\\/#primaryimage\"},\"thumbnailUrl\":\"https:\\\/\\\/www.organisator.ch\\\/wp-content\\\/uploads\\\/2020\\\/12\\\/Wie-das-Jahr-2021-unsere-Zukunft-langfristig-entscheidend-praegen-wird_Organisator.jpg\",\"keywords\":[\"Coronavirus\",\"Management und Unternehmensf\u00fchrung\",\"Studie\",\"Trends\",\"Wirtschaftspolitik\"],\"articleSection\":[\"MANAGEMENT\"],\"inLanguage\":\"de\"},{\"@type\":\"WebPage\",\"@id\":\"https:\\\/\\\/www.organisator.ch\\\/management\\\/2020-12-17\\\/wie-das-jahr-2021-unsere-zukunft-langfristig-entscheidend-praegen-wird\\\/\",\"url\":\"https:\\\/\\\/www.organisator.ch\\\/management\\\/2020-12-17\\\/wie-das-jahr-2021-unsere-zukunft-langfristig-entscheidend-praegen-wird\\\/\",\"name\":\"Wie das Jahr 2021 unsere Zukunft langfristig entscheidend pr\u00e4gen wird - Organisator\",\"isPartOf\":{\"@id\":\"https:\\\/\\\/www.organisator.ch\\\/#website\"},\"primaryImageOfPage\":{\"@id\":\"https:\\\/\\\/www.organisator.ch\\\/management\\\/2020-12-17\\\/wie-das-jahr-2021-unsere-zukunft-langfristig-entscheidend-praegen-wird\\\/#primaryimage\"},\"image\":{\"@id\":\"https:\\\/\\\/www.organisator.ch\\\/management\\\/2020-12-17\\\/wie-das-jahr-2021-unsere-zukunft-langfristig-entscheidend-praegen-wird\\\/#primaryimage\"},\"thumbnailUrl\":\"https:\\\/\\\/www.organisator.ch\\\/wp-content\\\/uploads\\\/2020\\\/12\\\/Wie-das-Jahr-2021-unsere-Zukunft-langfristig-entscheidend-praegen-wird_Organisator.jpg\",\"datePublished\":\"2020-12-17T08:13:22+00:00\",\"description\":\"Die COVID-19-Krise definiert neu, wie Wirtschaft und Gesellschaft funktionieren. Dies soll als Grundger\u00fcst f\u00fcr das Jahr 2021 und dar\u00fcber hinaus dienen.\",\"breadcrumb\":{\"@id\":\"https:\\\/\\\/www.organisator.ch\\\/management\\\/2020-12-17\\\/wie-das-jahr-2021-unsere-zukunft-langfristig-entscheidend-praegen-wird\\\/#breadcrumb\"},\"inLanguage\":\"de\",\"potentialAction\":[{\"@type\":\"ReadAction\",\"target\":[\"https:\\\/\\\/www.organisator.ch\\\/management\\\/2020-12-17\\\/wie-das-jahr-2021-unsere-zukunft-langfristig-entscheidend-praegen-wird\\\/\"]}]},{\"@type\":\"ImageObject\",\"inLanguage\":\"de\",\"@id\":\"https:\\\/\\\/www.organisator.ch\\\/management\\\/2020-12-17\\\/wie-das-jahr-2021-unsere-zukunft-langfristig-entscheidend-praegen-wird\\\/#primaryimage\",\"url\":\"https:\\\/\\\/www.organisator.ch\\\/wp-content\\\/uploads\\\/2020\\\/12\\\/Wie-das-Jahr-2021-unsere-Zukunft-langfristig-entscheidend-praegen-wird_Organisator.jpg\",\"contentUrl\":\"https:\\\/\\\/www.organisator.ch\\\/wp-content\\\/uploads\\\/2020\\\/12\\\/Wie-das-Jahr-2021-unsere-Zukunft-langfristig-entscheidend-praegen-wird_Organisator.jpg\",\"width\":680,\"height\":272,\"caption\":\"Das Jahr 2021 d\u00fcrfte in vielerlei Hinsicht entscheidend werden. Wirtschaft und Gesellschaft werden quasi neu definiert werden m\u00fcssen. (Bild: Pixabay.com)\"},{\"@type\":\"BreadcrumbList\",\"@id\":\"https:\\\/\\\/www.organisator.ch\\\/management\\\/2020-12-17\\\/wie-das-jahr-2021-unsere-zukunft-langfristig-entscheidend-praegen-wird\\\/#breadcrumb\",\"itemListElement\":[{\"@type\":\"ListItem\",\"position\":1,\"name\":\"Home\",\"item\":\"https:\\\/\\\/www.organisator.ch\\\/\"},{\"@type\":\"ListItem\",\"position\":2,\"name\":\"Wie das Jahr 2021 unsere Zukunft langfristig entscheidend pr\u00e4gen wird\"}]},{\"@type\":\"WebSite\",\"@id\":\"https:\\\/\\\/www.organisator.ch\\\/#website\",\"url\":\"https:\\\/\\\/www.organisator.ch\\\/\",\"name\":\"Organisator\",\"description\":\"Kompetent. Praxisnah. Der ORGANISATOR bereitet in 10 Ausgaben pro Jahr die wesentlichen Themen f\u00fcr F\u00fchrungskr\u00e4fte von KMU auf.\",\"publisher\":{\"@id\":\"https:\\\/\\\/www.organisator.ch\\\/#organization\"},\"potentialAction\":[{\"@type\":\"SearchAction\",\"target\":{\"@type\":\"EntryPoint\",\"urlTemplate\":\"https:\\\/\\\/www.organisator.ch\\\/?s={search_term_string}\"},\"query-input\":{\"@type\":\"PropertyValueSpecification\",\"valueRequired\":true,\"valueName\":\"search_term_string\"}}],\"inLanguage\":\"de\"},{\"@type\":\"Organization\",\"@id\":\"https:\\\/\\\/www.organisator.ch\\\/#organization\",\"name\":\"Organisator\",\"url\":\"https:\\\/\\\/www.organisator.ch\\\/\",\"logo\":{\"@type\":\"ImageObject\",\"inLanguage\":\"de\",\"@id\":\"https:\\\/\\\/www.organisator.ch\\\/#\\\/schema\\\/logo\\\/image\\\/\",\"url\":\"https:\\\/\\\/www.organisator.ch\\\/wp-content\\\/uploads\\\/2022\\\/01\\\/Logo_Organisator_Website.png\",\"contentUrl\":\"https:\\\/\\\/www.organisator.ch\\\/wp-content\\\/uploads\\\/2022\\\/01\\\/Logo_Organisator_Website.png\",\"width\":800,\"height\":77,\"caption\":\"Organisator\"},\"image\":{\"@id\":\"https:\\\/\\\/www.organisator.ch\\\/#\\\/schema\\\/logo\\\/image\\\/\"},\"sameAs\":[\"https:\\\/\\\/www.facebook.com\\\/OrganisatorFachmagazin\",\"https:\\\/\\\/www.linkedin.com\\\/showcase\\\/organisator-das-magazin-fr-kmu\",\"https:\\\/\\\/www.xing.com\\\/news\\\/pages\\\/organisator-ch-695\",\"https:\\\/\\\/www.youtube.com\\\/channel\\\/UCGP2Sq0iWaZwT3BdIAQFYpw\"]},{\"@type\":\"Person\",\"@id\":\"https:\\\/\\\/www.organisator.ch\\\/#\\\/schema\\\/person\\\/6f650f90b2842cd4c0cc334b4e36f67e\",\"name\":\"thomas.berner\",\"image\":{\"@type\":\"ImageObject\",\"inLanguage\":\"de\",\"@id\":\"https:\\\/\\\/secure.gravatar.com\\\/avatar\\\/ac5001d2a36cb6c6cd3e50789007ffca834b477b74a2144564522e944eabff61?s=96&d=mm&r=g\",\"url\":\"https:\\\/\\\/secure.gravatar.com\\\/avatar\\\/ac5001d2a36cb6c6cd3e50789007ffca834b477b74a2144564522e944eabff61?s=96&d=mm&r=g\",\"contentUrl\":\"https:\\\/\\\/secure.gravatar.com\\\/avatar\\\/ac5001d2a36cb6c6cd3e50789007ffca834b477b74a2144564522e944eabff61?s=96&d=mm&r=g\",\"caption\":\"thomas.berner\"},\"url\":\"https:\\\/\\\/www.organisator.ch\\\/de\\\/author\\\/thomas-berner\\\/\"}]}<\/script>\n<!-- \/ Yoast SEO plugin. -->","yoast_head_json":{"title":"Wie das Jahr 2021 unsere Zukunft langfristig entscheidend pr\u00e4gen wird - Organisator","description":"Die COVID-19-Krise definiert neu, wie Wirtschaft und Gesellschaft funktionieren. Dies soll als Grundger\u00fcst f\u00fcr das Jahr 2021 und dar\u00fcber hinaus dienen.","robots":{"index":"index","follow":"follow","max-snippet":"max-snippet:-1","max-image-preview":"max-image-preview:large","max-video-preview":"max-video-preview:-1"},"canonical":"https:\/\/www.organisator.ch\/de\/management\/2020-12-17\/wie-das-jahr-2021-unsere-zukunft-langfristig-entscheidend-praegen-wird\/","og_locale":"de_DE","og_type":"article","og_title":"Wie das Jahr 2021 unsere Zukunft langfristig entscheidend pr\u00e4gen wird","og_description":"Die COVID-19-Krise definiert neu, wie Wirtschaft und Gesellschaft funktionieren. Dies soll als Grundger\u00fcst f\u00fcr das Jahr 2021 und dar\u00fcber hinaus dienen.","og_url":"https:\/\/www.organisator.ch\/de\/management\/2020-12-17\/wie-das-jahr-2021-unsere-zukunft-langfristig-entscheidend-praegen-wird\/","og_site_name":"Organisator","article_publisher":"https:\/\/www.facebook.com\/OrganisatorFachmagazin","article_published_time":"2020-12-17T08:13:22+00:00","og_image":[{"width":680,"height":272,"url":"https:\/\/www.organisator.ch\/wp-content\/uploads\/2020\/12\/Wie-das-Jahr-2021-unsere-Zukunft-langfristig-entscheidend-praegen-wird_Organisator.jpg","type":"image\/jpeg"}],"author":"thomas.berner","twitter_card":"summary_large_image","twitter_title":"Wie das Jahr 2021 unsere #Zukunft langfristig entscheidend pr\u00e4gen wird","twitter_description":"Die #COVID-19-Krise definiert neu, wie Wirtschaft und Gesellschaft funktionieren. Dies soll als Grundger\u00fcst f\u00fcr das Jahr #2021 und dar\u00fcber hinaus dienen.","twitter_image":"https:\/\/www.organisator.ch\/wp-content\/uploads\/2020\/12\/Wie-das-Jahr-2021-unsere-Zukunft-langfristig-entscheidend-praegen-wird_Organisator.jpg","schema":{"@context":"https:\/\/schema.org","@graph":[{"@type":"Article","@id":"https:\/\/www.organisator.ch\/management\/2020-12-17\/wie-das-jahr-2021-unsere-zukunft-langfristig-entscheidend-praegen-wird\/#article","isPartOf":{"@id":"https:\/\/www.organisator.ch\/management\/2020-12-17\/wie-das-jahr-2021-unsere-zukunft-langfristig-entscheidend-praegen-wird\/"},"author":{"name":"thomas.berner","@id":"https:\/\/www.organisator.ch\/#\/schema\/person\/6f650f90b2842cd4c0cc334b4e36f67e"},"headline":"Wie das Jahr 2021 unsere Zukunft langfristig entscheidend pr\u00e4gen wird","datePublished":"2020-12-17T08:13:22+00:00","mainEntityOfPage":{"@id":"https:\/\/www.organisator.ch\/management\/2020-12-17\/wie-das-jahr-2021-unsere-zukunft-langfristig-entscheidend-praegen-wird\/"},"wordCount":970,"publisher":{"@id":"https:\/\/www.organisator.ch\/#organization"},"image":{"@id":"https:\/\/www.organisator.ch\/management\/2020-12-17\/wie-das-jahr-2021-unsere-zukunft-langfristig-entscheidend-praegen-wird\/#primaryimage"},"thumbnailUrl":"https:\/\/www.organisator.ch\/wp-content\/uploads\/2020\/12\/Wie-das-Jahr-2021-unsere-Zukunft-langfristig-entscheidend-praegen-wird_Organisator.jpg","keywords":["Coronavirus","Management und Unternehmensf\u00fchrung","Studie","Trends","Wirtschaftspolitik"],"articleSection":["MANAGEMENT"],"inLanguage":"de"},{"@type":"WebPage","@id":"https:\/\/www.organisator.ch\/management\/2020-12-17\/wie-das-jahr-2021-unsere-zukunft-langfristig-entscheidend-praegen-wird\/","url":"https:\/\/www.organisator.ch\/management\/2020-12-17\/wie-das-jahr-2021-unsere-zukunft-langfristig-entscheidend-praegen-wird\/","name":"Wie das Jahr 2021 unsere Zukunft langfristig entscheidend pr\u00e4gen wird - Organisator","isPartOf":{"@id":"https:\/\/www.organisator.ch\/#website"},"primaryImageOfPage":{"@id":"https:\/\/www.organisator.ch\/management\/2020-12-17\/wie-das-jahr-2021-unsere-zukunft-langfristig-entscheidend-praegen-wird\/#primaryimage"},"image":{"@id":"https:\/\/www.organisator.ch\/management\/2020-12-17\/wie-das-jahr-2021-unsere-zukunft-langfristig-entscheidend-praegen-wird\/#primaryimage"},"thumbnailUrl":"https:\/\/www.organisator.ch\/wp-content\/uploads\/2020\/12\/Wie-das-Jahr-2021-unsere-Zukunft-langfristig-entscheidend-praegen-wird_Organisator.jpg","datePublished":"2020-12-17T08:13:22+00:00","description":"Die COVID-19-Krise definiert neu, wie Wirtschaft und Gesellschaft funktionieren. Dies soll als Grundger\u00fcst f\u00fcr das Jahr 2021 und dar\u00fcber hinaus dienen.","breadcrumb":{"@id":"https:\/\/www.organisator.ch\/management\/2020-12-17\/wie-das-jahr-2021-unsere-zukunft-langfristig-entscheidend-praegen-wird\/#breadcrumb"},"inLanguage":"de","potentialAction":[{"@type":"ReadAction","target":["https:\/\/www.organisator.ch\/management\/2020-12-17\/wie-das-jahr-2021-unsere-zukunft-langfristig-entscheidend-praegen-wird\/"]}]},{"@type":"ImageObject","inLanguage":"de","@id":"https:\/\/www.organisator.ch\/management\/2020-12-17\/wie-das-jahr-2021-unsere-zukunft-langfristig-entscheidend-praegen-wird\/#primaryimage","url":"https:\/\/www.organisator.ch\/wp-content\/uploads\/2020\/12\/Wie-das-Jahr-2021-unsere-Zukunft-langfristig-entscheidend-praegen-wird_Organisator.jpg","contentUrl":"https:\/\/www.organisator.ch\/wp-content\/uploads\/2020\/12\/Wie-das-Jahr-2021-unsere-Zukunft-langfristig-entscheidend-praegen-wird_Organisator.jpg","width":680,"height":272,"caption":"Das Jahr 2021 d\u00fcrfte in vielerlei Hinsicht entscheidend werden. Wirtschaft und Gesellschaft werden quasi neu definiert werden m\u00fcssen. (Bild: Pixabay.com)"},{"@type":"BreadcrumbList","@id":"https:\/\/www.organisator.ch\/management\/2020-12-17\/wie-das-jahr-2021-unsere-zukunft-langfristig-entscheidend-praegen-wird\/#breadcrumb","itemListElement":[{"@type":"ListItem","position":1,"name":"Home","item":"https:\/\/www.organisator.ch\/"},{"@type":"ListItem","position":2,"name":"Wie das Jahr 2021 unsere Zukunft langfristig entscheidend pr\u00e4gen wird"}]},{"@type":"WebSite","@id":"https:\/\/www.organisator.ch\/#website","url":"https:\/\/www.organisator.ch\/","name":"Organisator","description":"Kompetent. Praxisnah. Der ORGANISATOR bereitet in 10 Ausgaben pro Jahr die wesentlichen Themen f\u00fcr F\u00fchrungskr\u00e4fte von KMU auf.","publisher":{"@id":"https:\/\/www.organisator.ch\/#organization"},"potentialAction":[{"@type":"SearchAction","target":{"@type":"EntryPoint","urlTemplate":"https:\/\/www.organisator.ch\/?s={search_term_string}"},"query-input":{"@type":"PropertyValueSpecification","valueRequired":true,"valueName":"search_term_string"}}],"inLanguage":"de"},{"@type":"Organization","@id":"https:\/\/www.organisator.ch\/#organization","name":"Organisator","url":"https:\/\/www.organisator.ch\/","logo":{"@type":"ImageObject","inLanguage":"de","@id":"https:\/\/www.organisator.ch\/#\/schema\/logo\/image\/","url":"https:\/\/www.organisator.ch\/wp-content\/uploads\/2022\/01\/Logo_Organisator_Website.png","contentUrl":"https:\/\/www.organisator.ch\/wp-content\/uploads\/2022\/01\/Logo_Organisator_Website.png","width":800,"height":77,"caption":"Organisator"},"image":{"@id":"https:\/\/www.organisator.ch\/#\/schema\/logo\/image\/"},"sameAs":["https:\/\/www.facebook.com\/OrganisatorFachmagazin","https:\/\/www.linkedin.com\/showcase\/organisator-das-magazin-fr-kmu","https:\/\/www.xing.com\/news\/pages\/organisator-ch-695","https:\/\/www.youtube.com\/channel\/UCGP2Sq0iWaZwT3BdIAQFYpw"]},{"@type":"Person","@id":"https:\/\/www.organisator.ch\/#\/schema\/person\/6f650f90b2842cd4c0cc334b4e36f67e","name":"thomas.berner","image":{"@type":"ImageObject","inLanguage":"de","@id":"https:\/\/secure.gravatar.com\/avatar\/ac5001d2a36cb6c6cd3e50789007ffca834b477b74a2144564522e944eabff61?s=96&d=mm&r=g","url":"https:\/\/secure.gravatar.com\/avatar\/ac5001d2a36cb6c6cd3e50789007ffca834b477b74a2144564522e944eabff61?s=96&d=mm&r=g","contentUrl":"https:\/\/secure.gravatar.com\/avatar\/ac5001d2a36cb6c6cd3e50789007ffca834b477b74a2144564522e944eabff61?s=96&d=mm&r=g","caption":"thomas.berner"},"url":"https:\/\/www.organisator.ch\/de\/author\/thomas-berner\/"}]}},"_links":{"self":[{"href":"https:\/\/www.organisator.ch\/de\/wp-json\/wp\/v2\/posts\/7459","targetHints":{"allow":["GET"]}}],"collection":[{"href":"https:\/\/www.organisator.ch\/de\/wp-json\/wp\/v2\/posts"}],"about":[{"href":"https:\/\/www.organisator.ch\/de\/wp-json\/wp\/v2\/types\/post"}],"author":[{"embeddable":true,"href":"https:\/\/www.organisator.ch\/de\/wp-json\/wp\/v2\/users\/4"}],"replies":[{"embeddable":true,"href":"https:\/\/www.organisator.ch\/de\/wp-json\/wp\/v2\/comments?post=7459"}],"version-history":[{"count":0,"href":"https:\/\/www.organisator.ch\/de\/wp-json\/wp\/v2\/posts\/7459\/revisions"}],"wp:featuredmedia":[{"embeddable":true,"href":"https:\/\/www.organisator.ch\/de\/wp-json\/wp\/v2\/media\/7460"}],"wp:attachment":[{"href":"https:\/\/www.organisator.ch\/de\/wp-json\/wp\/v2\/media?parent=7459"}],"wp:term":[{"taxonomy":"category","embeddable":true,"href":"https:\/\/www.organisator.ch\/de\/wp-json\/wp\/v2\/categories?post=7459"},{"taxonomy":"post_tag","embeddable":true,"href":"https:\/\/www.organisator.ch\/de\/wp-json\/wp\/v2\/tags?post=7459"}],"curies":[{"name":"wp","href":"https:\/\/api.w.org\/{rel}","templated":true}]}}