{"id":7465,"date":"2020-12-18T08:58:27","date_gmt":"2020-12-18T07:58:27","guid":{"rendered":"https:\/\/www.organisator.ch\/?p=7465"},"modified":"2020-12-18T08:58:27","modified_gmt":"2020-12-18T07:58:27","slug":"neu-qualifizierung-dank-mem-passerelle-4-0","status":"publish","type":"post","link":"https:\/\/www.organisator.ch\/de\/weiterbildung\/2020-12-18\/neu-qualifizierung-dank-mem-passerelle-4-0\/","title":{"rendered":"Neu-Qualifizierung dank MEM-Passerelle 4.0"},"content":{"rendered":"<figure id=\"attachment_7466\" aria-describedby=\"caption-attachment-7466\" style=\"width: 680px\" class=\"wp-caption alignnone\"><img loading=\"lazy\" decoding=\"async\" class=\"size-medium wp-image-7466\" src=\"https:\/\/www.organisator.ch\/wp-content\/uploads\/2020\/12\/Neu-Qualifizierung-dank-MEM-Passerelle-40_Organisator.jpg\" alt=\"\" width=\"680\" height=\"453\" srcset=\"https:\/\/www.organisator.ch\/wp-content\/uploads\/2020\/12\/Neu-Qualifizierung-dank-MEM-Passerelle-40_Organisator.jpg 680w, https:\/\/www.organisator.ch\/wp-content\/uploads\/2020\/12\/Neu-Qualifizierung-dank-MEM-Passerelle-40_Organisator-16x12.jpg 16w, https:\/\/www.organisator.ch\/wp-content\/uploads\/2020\/12\/Neu-Qualifizierung-dank-MEM-Passerelle-40_Organisator-263x175.jpg 263w, https:\/\/www.organisator.ch\/wp-content\/uploads\/2020\/12\/Neu-Qualifizierung-dank-MEM-Passerelle-40_Organisator-525x350.jpg 525w, https:\/\/www.organisator.ch\/wp-content\/uploads\/2020\/12\/Neu-Qualifizierung-dank-MEM-Passerelle-40_Organisator-300x200.jpg 300w\" sizes=\"auto, (max-width: 680px) 100vw, 680px\" \/><figcaption id=\"caption-attachment-7466\" class=\"wp-caption-text\">Arbeitnehmende der MEM-Industrie, die sich beruflich neu orientieren m\u00fcssen, erhalten mit der MEM-Passerelle 4.0 eine M\u00f6glichkeit zur Neu-Qualifizierung. (Bild: Pixabay.com)<\/figcaption><\/figure>\n<p>Die Sozialpartner der Maschinen-, Elektro- und Metall-Industrie (MEM-Industrie) haben im Gesamtarbeitsvertrag (GAV) die Absicht verankert, gemeinsam neue Angebote f\u00fcr die Re- und Neu-Qualifizierung von berufst\u00e4tigen Erwachsenen aufzubauen (vgl. Art. 50 Abs.1 GAV MEM). Auf dieser Grundlage haben die Sozialpartner (Swissmem\/ASM, Angestellte Schweiz, Unia, Syna, Kaufm\u00e4nnischer Verband und SKO) am 11. Dezember 2020 die \u00abMEM-Passerelle 4.0 AG\u00bb gegr\u00fcndet. Ziel dieser Organisation ist es, den Unternehmen der MEM-Industrie die notwendigen Fachkr\u00e4fte zu erhalten und den Arbeitnehmenden ihre Anschlussf\u00e4higkeit sowie Berufsfeldwechsel zu erm\u00f6glichen.<\/p>\n<h2>Bildungsangebote f\u00fcr Neu-Qualifizierung<\/h2>\n<p>Die Aufgabe der \u00abMEM-Passerelle 4.0 AG\u00bb ist es, Beratungsangebote f\u00fcr berufst\u00e4tige Erwachsene aufzubauen. Diese sollen die individuelle Eignung abkl\u00e4ren und die M\u00f6glichkeiten f\u00fcr die berufliche Weiterentwicklung aufzeigen. Insbesondere werden erwachsenengerechte, modularisierte und berufsbegleitende Bildungsangebote f\u00fcr eine verk\u00fcrzte und auf den bestehenden Kompetenzen aufbauende Neuqualifizierung entwickelt. Die \u00abMEM-Passerelle 4.0 AG\u00bb sucht daf\u00fcr die Zusammenarbeit mit den zust\u00e4ndigen staatlichen Instanzen sowie mit Kooperations- und Umsetzungspartnern aus allen Bereichen des Bildungssystems.<\/p>\n<h2>Erster Pilotlehrgang<\/h2>\n<p>Bereits Mitte Oktober 2020 ist am Berufsbildungszentrum IDM Thun ein erster Pilotlehrgang in den Fachbereichen Fertigung, Montage\/Inbetriebnahme und Instandhaltung gestartet worden. Im Februar 2021 beginnen weitere Ausbildungsmodule, bei denen auch ein Neueinstieg m\u00f6glich ist. Die Module werden durch Fachpersonen aus der Praxis geleitet. Ab Herbst 2021 sind zus\u00e4tzliche Pilotlehrg\u00e4nge in weiteren Regionen geplant.<\/p>\n<h2>Breit abgest\u00fctzte F\u00fchrung<\/h2>\n<p>An der Gr\u00fcndungsversammlung der \u00abMEM-Passerelle 4.0 AG\u00bb vom 11. Dezember 2020 wurde Prof. Dr. Stefan Wolter, Professor an der Universit\u00e4t Bern und Direktor Schweizerische Koordinationsstelle f\u00fcr Bildungsforschung SKBF, zum Verwaltungsratspr\u00e4sidenten gew\u00e4hlt. Der \u00fcbrige Verwaltungsrat ist aus Vertretern der Gewerkschaften, der Angestelltenverb\u00e4nde sowie von Swissmem bzw. deren Mitgliedfirmen zusammengesetzt. Er besteht aus Bernhard Gisler (Schindler Aufz\u00fcge AG), Hans Hess (Swissmem\/ASM), Claudia Komminoth (PB Swiss Tools), Karin Oberlin (Angestellte Schweiz), Johann Tscherrig (Syna) und Manuel Wyss (Unia).<\/p>\n<p><em>Quelle und weitere Informationen: <a href=\"https:\/\/www.mem-passerelle.ch\/\">Swissmem \/ MEM-Passerelle<\/a><\/em><\/p>\n","protected":false},"excerpt":{"rendered":"<p>Die Sozialpartner der Maschinen-, Elektro- und Metall-Industrie (MEM-Industrie) haben im Gesamtarbeitsvertrag (GAV) die Absicht verankert, gemeinsam neue Angebote f\u00fcr die Re- und Neu-Qualifizierung von berufst\u00e4tigen Erwachsenen aufzubauen (vgl. Art. 50 Abs.1 GAV MEM). Auf dieser Grundlage haben die Sozialpartner (Swissmem\/ASM, Angestellte Schweiz, Unia, Syna, Kaufm\u00e4nnischer Verband und SKO) am 11. Dezember 2020 die \u00abMEM-Passerelle 4.0 [&hellip;]<\/p>\n","protected":false},"author":4,"featured_media":7466,"comment_status":"closed","ping_status":"closed","sticky":false,"template":"","format":"standard","meta":{"_acf_changed":false,"_yoast_wpseo_focuskw":"Neu-Qualifizierung","_yoast_wpseo_metadesc":"Die Sozialpartner der Maschinen-, Elektro- und Metall-Industrie schaffen mit der \u00abMEM-Passerelle 4.0 AG\u00bb geeignete Angebote f\u00fcr die Neu-Qualifizierung.","articlekey":"","footnotes":""},"categories":[30],"tags":[62,73,335,503],"class_list":["post-7465","post","type-post","status-publish","format-standard","has-post-thumbnail","hentry","category-weiterbildung","tag-aus-weiterbildung","tag-berufsbildung","tag-management-und-unternehmensfuehrung","tag-verbaende"],"acf":[],"yoast_head":"<!-- This site is optimized with the Yoast SEO plugin v27.5 - https:\/\/yoast.com\/product\/yoast-seo-wordpress\/ -->\n<title>Neu-Qualifizierung dank MEM-Passerelle 4.0 - Organisator<\/title>\n<meta name=\"description\" content=\"Die Sozialpartner der Maschinen-, Elektro- und Metall-Industrie schaffen mit der \u00abMEM-Passerelle 4.0 AG\u00bb geeignete Angebote f\u00fcr die Neu-Qualifizierung.\" \/>\n<meta name=\"robots\" content=\"index, follow, max-snippet:-1, max-image-preview:large, max-video-preview:-1\" \/>\n<link rel=\"canonical\" href=\"https:\/\/www.organisator.ch\/de\/weiterbildung\/2020-12-18\/neu-qualifizierung-dank-mem-passerelle-4-0\/\" \/>\n<meta property=\"og:locale\" content=\"de_DE\" \/>\n<meta property=\"og:type\" content=\"article\" \/>\n<meta property=\"og:title\" content=\"Neu-Qualifizierung dank MEM-Passerelle 4.0\" \/>\n<meta property=\"og:description\" content=\"Die Sozialpartner der Maschinen-, Elektro- und Metall-Industrie schaffen mit der \u00abMEM-Passerelle 4.0 AG\u00bb geeignete Angebote f\u00fcr die Neu-Qualifizierung.\" \/>\n<meta property=\"og:url\" content=\"https:\/\/www.organisator.ch\/de\/weiterbildung\/2020-12-18\/neu-qualifizierung-dank-mem-passerelle-4-0\/\" \/>\n<meta property=\"og:site_name\" content=\"Organisator\" \/>\n<meta property=\"article:publisher\" content=\"https:\/\/www.facebook.com\/OrganisatorFachmagazin\" \/>\n<meta property=\"article:published_time\" content=\"2020-12-18T07:58:27+00:00\" \/>\n<meta property=\"og:image\" content=\"https:\/\/www.organisator.ch\/wp-content\/uploads\/2020\/12\/Neu-Qualifizierung-dank-MEM-Passerelle-40_Organisator.jpg\" \/>\n\t<meta property=\"og:image:width\" content=\"680\" \/>\n\t<meta property=\"og:image:height\" content=\"453\" \/>\n\t<meta property=\"og:image:type\" content=\"image\/jpeg\" \/>\n<meta name=\"author\" content=\"thomas.berner\" \/>\n<meta name=\"twitter:card\" content=\"summary_large_image\" \/>\n<meta name=\"twitter:title\" content=\"#Neu-Qualifizierung dank MEM-Passerelle 4.0\" \/>\n<meta name=\"twitter:description\" content=\"Die Sozialpartner der Maschinen-, Elektro- und Metall-Industrie schaffen mit der \u00ab#MEM-Passerelle 4.0 AG\u00bb geeignete Angebote f\u00fcr die #Neu-Qualifizierung.\" \/>\n<meta name=\"twitter:image\" content=\"https:\/\/www.organisator.ch\/wp-content\/uploads\/2020\/12\/Neu-Qualifizierung-dank-MEM-Passerelle-40_Organisator.jpg\" \/>\n<script type=\"application\/ld+json\" class=\"yoast-schema-graph\">{\"@context\":\"https:\\\/\\\/schema.org\",\"@graph\":[{\"@type\":\"Article\",\"@id\":\"https:\\\/\\\/www.organisator.ch\\\/weiterbildung\\\/2020-12-18\\\/neu-qualifizierung-dank-mem-passerelle-4-0\\\/#article\",\"isPartOf\":{\"@id\":\"https:\\\/\\\/www.organisator.ch\\\/weiterbildung\\\/2020-12-18\\\/neu-qualifizierung-dank-mem-passerelle-4-0\\\/\"},\"author\":{\"name\":\"thomas.berner\",\"@id\":\"https:\\\/\\\/www.organisator.ch\\\/#\\\/schema\\\/person\\\/6f650f90b2842cd4c0cc334b4e36f67e\"},\"headline\":\"Neu-Qualifizierung dank MEM-Passerelle 4.0\",\"datePublished\":\"2020-12-18T07:58:27+00:00\",\"mainEntityOfPage\":{\"@id\":\"https:\\\/\\\/www.organisator.ch\\\/weiterbildung\\\/2020-12-18\\\/neu-qualifizierung-dank-mem-passerelle-4-0\\\/\"},\"wordCount\":342,\"publisher\":{\"@id\":\"https:\\\/\\\/www.organisator.ch\\\/#organization\"},\"image\":{\"@id\":\"https:\\\/\\\/www.organisator.ch\\\/weiterbildung\\\/2020-12-18\\\/neu-qualifizierung-dank-mem-passerelle-4-0\\\/#primaryimage\"},\"thumbnailUrl\":\"https:\\\/\\\/www.organisator.ch\\\/wp-content\\\/uploads\\\/2020\\\/12\\\/Neu-Qualifizierung-dank-MEM-Passerelle-40_Organisator.jpg\",\"keywords\":[\"Aus-\\\/Weiterbildung\",\"Berufsbildung\",\"Management und Unternehmensf\u00fchrung\",\"Verb\u00e4nde\"],\"articleSection\":[\"WEITERBILDUNG\"],\"inLanguage\":\"de\"},{\"@type\":\"WebPage\",\"@id\":\"https:\\\/\\\/www.organisator.ch\\\/weiterbildung\\\/2020-12-18\\\/neu-qualifizierung-dank-mem-passerelle-4-0\\\/\",\"url\":\"https:\\\/\\\/www.organisator.ch\\\/weiterbildung\\\/2020-12-18\\\/neu-qualifizierung-dank-mem-passerelle-4-0\\\/\",\"name\":\"Neu-Qualifizierung dank MEM-Passerelle 4.0 - Organisator\",\"isPartOf\":{\"@id\":\"https:\\\/\\\/www.organisator.ch\\\/#website\"},\"primaryImageOfPage\":{\"@id\":\"https:\\\/\\\/www.organisator.ch\\\/weiterbildung\\\/2020-12-18\\\/neu-qualifizierung-dank-mem-passerelle-4-0\\\/#primaryimage\"},\"image\":{\"@id\":\"https:\\\/\\\/www.organisator.ch\\\/weiterbildung\\\/2020-12-18\\\/neu-qualifizierung-dank-mem-passerelle-4-0\\\/#primaryimage\"},\"thumbnailUrl\":\"https:\\\/\\\/www.organisator.ch\\\/wp-content\\\/uploads\\\/2020\\\/12\\\/Neu-Qualifizierung-dank-MEM-Passerelle-40_Organisator.jpg\",\"datePublished\":\"2020-12-18T07:58:27+00:00\",\"description\":\"Die Sozialpartner der Maschinen-, Elektro- und Metall-Industrie schaffen mit der \u00abMEM-Passerelle 4.0 AG\u00bb geeignete Angebote f\u00fcr die Neu-Qualifizierung.\",\"breadcrumb\":{\"@id\":\"https:\\\/\\\/www.organisator.ch\\\/weiterbildung\\\/2020-12-18\\\/neu-qualifizierung-dank-mem-passerelle-4-0\\\/#breadcrumb\"},\"inLanguage\":\"de\",\"potentialAction\":[{\"@type\":\"ReadAction\",\"target\":[\"https:\\\/\\\/www.organisator.ch\\\/weiterbildung\\\/2020-12-18\\\/neu-qualifizierung-dank-mem-passerelle-4-0\\\/\"]}]},{\"@type\":\"ImageObject\",\"inLanguage\":\"de\",\"@id\":\"https:\\\/\\\/www.organisator.ch\\\/weiterbildung\\\/2020-12-18\\\/neu-qualifizierung-dank-mem-passerelle-4-0\\\/#primaryimage\",\"url\":\"https:\\\/\\\/www.organisator.ch\\\/wp-content\\\/uploads\\\/2020\\\/12\\\/Neu-Qualifizierung-dank-MEM-Passerelle-40_Organisator.jpg\",\"contentUrl\":\"https:\\\/\\\/www.organisator.ch\\\/wp-content\\\/uploads\\\/2020\\\/12\\\/Neu-Qualifizierung-dank-MEM-Passerelle-40_Organisator.jpg\",\"width\":680,\"height\":453,\"caption\":\"Arbeitnehmende der MEM-Industrie, die sich beruflich neu orientieren m\u00fcssen, erhalten mit der MEM-Passerelle 4.0 eine M\u00f6glichkeit zur Neu-Qualifizierung. (Bild: Pixabay.com)\"},{\"@type\":\"BreadcrumbList\",\"@id\":\"https:\\\/\\\/www.organisator.ch\\\/weiterbildung\\\/2020-12-18\\\/neu-qualifizierung-dank-mem-passerelle-4-0\\\/#breadcrumb\",\"itemListElement\":[{\"@type\":\"ListItem\",\"position\":1,\"name\":\"Home\",\"item\":\"https:\\\/\\\/www.organisator.ch\\\/\"},{\"@type\":\"ListItem\",\"position\":2,\"name\":\"Neu-Qualifizierung dank MEM-Passerelle 4.0\"}]},{\"@type\":\"WebSite\",\"@id\":\"https:\\\/\\\/www.organisator.ch\\\/#website\",\"url\":\"https:\\\/\\\/www.organisator.ch\\\/\",\"name\":\"Organisator\",\"description\":\"Kompetent. Praxisnah. Der ORGANISATOR bereitet in 10 Ausgaben pro Jahr die wesentlichen Themen f\u00fcr F\u00fchrungskr\u00e4fte von KMU auf.\",\"publisher\":{\"@id\":\"https:\\\/\\\/www.organisator.ch\\\/#organization\"},\"potentialAction\":[{\"@type\":\"SearchAction\",\"target\":{\"@type\":\"EntryPoint\",\"urlTemplate\":\"https:\\\/\\\/www.organisator.ch\\\/?s={search_term_string}\"},\"query-input\":{\"@type\":\"PropertyValueSpecification\",\"valueRequired\":true,\"valueName\":\"search_term_string\"}}],\"inLanguage\":\"de\"},{\"@type\":\"Organization\",\"@id\":\"https:\\\/\\\/www.organisator.ch\\\/#organization\",\"name\":\"Organisator\",\"url\":\"https:\\\/\\\/www.organisator.ch\\\/\",\"logo\":{\"@type\":\"ImageObject\",\"inLanguage\":\"de\",\"@id\":\"https:\\\/\\\/www.organisator.ch\\\/#\\\/schema\\\/logo\\\/image\\\/\",\"url\":\"https:\\\/\\\/www.organisator.ch\\\/wp-content\\\/uploads\\\/2022\\\/01\\\/Logo_Organisator_Website.png\",\"contentUrl\":\"https:\\\/\\\/www.organisator.ch\\\/wp-content\\\/uploads\\\/2022\\\/01\\\/Logo_Organisator_Website.png\",\"width\":800,\"height\":77,\"caption\":\"Organisator\"},\"image\":{\"@id\":\"https:\\\/\\\/www.organisator.ch\\\/#\\\/schema\\\/logo\\\/image\\\/\"},\"sameAs\":[\"https:\\\/\\\/www.facebook.com\\\/OrganisatorFachmagazin\",\"https:\\\/\\\/www.linkedin.com\\\/showcase\\\/organisator-das-magazin-fr-kmu\",\"https:\\\/\\\/www.xing.com\\\/news\\\/pages\\\/organisator-ch-695\",\"https:\\\/\\\/www.youtube.com\\\/channel\\\/UCGP2Sq0iWaZwT3BdIAQFYpw\"]},{\"@type\":\"Person\",\"@id\":\"https:\\\/\\\/www.organisator.ch\\\/#\\\/schema\\\/person\\\/6f650f90b2842cd4c0cc334b4e36f67e\",\"name\":\"thomas.berner\",\"image\":{\"@type\":\"ImageObject\",\"inLanguage\":\"de\",\"@id\":\"https:\\\/\\\/secure.gravatar.com\\\/avatar\\\/ac5001d2a36cb6c6cd3e50789007ffca834b477b74a2144564522e944eabff61?s=96&d=mm&r=g\",\"url\":\"https:\\\/\\\/secure.gravatar.com\\\/avatar\\\/ac5001d2a36cb6c6cd3e50789007ffca834b477b74a2144564522e944eabff61?s=96&d=mm&r=g\",\"contentUrl\":\"https:\\\/\\\/secure.gravatar.com\\\/avatar\\\/ac5001d2a36cb6c6cd3e50789007ffca834b477b74a2144564522e944eabff61?s=96&d=mm&r=g\",\"caption\":\"thomas.berner\"},\"url\":\"https:\\\/\\\/www.organisator.ch\\\/de\\\/author\\\/thomas-berner\\\/\"}]}<\/script>\n<!-- \/ Yoast SEO plugin. -->","yoast_head_json":{"title":"Neu-Qualifizierung dank MEM-Passerelle 4.0 - Organisator","description":"Die Sozialpartner der Maschinen-, Elektro- und Metall-Industrie schaffen mit der \u00abMEM-Passerelle 4.0 AG\u00bb geeignete Angebote f\u00fcr die Neu-Qualifizierung.","robots":{"index":"index","follow":"follow","max-snippet":"max-snippet:-1","max-image-preview":"max-image-preview:large","max-video-preview":"max-video-preview:-1"},"canonical":"https:\/\/www.organisator.ch\/de\/weiterbildung\/2020-12-18\/neu-qualifizierung-dank-mem-passerelle-4-0\/","og_locale":"de_DE","og_type":"article","og_title":"Neu-Qualifizierung dank MEM-Passerelle 4.0","og_description":"Die Sozialpartner der Maschinen-, Elektro- und Metall-Industrie schaffen mit der \u00abMEM-Passerelle 4.0 AG\u00bb geeignete Angebote f\u00fcr die Neu-Qualifizierung.","og_url":"https:\/\/www.organisator.ch\/de\/weiterbildung\/2020-12-18\/neu-qualifizierung-dank-mem-passerelle-4-0\/","og_site_name":"Organisator","article_publisher":"https:\/\/www.facebook.com\/OrganisatorFachmagazin","article_published_time":"2020-12-18T07:58:27+00:00","og_image":[{"width":680,"height":453,"url":"https:\/\/www.organisator.ch\/wp-content\/uploads\/2020\/12\/Neu-Qualifizierung-dank-MEM-Passerelle-40_Organisator.jpg","type":"image\/jpeg"}],"author":"thomas.berner","twitter_card":"summary_large_image","twitter_title":"#Neu-Qualifizierung dank MEM-Passerelle 4.0","twitter_description":"Die Sozialpartner der Maschinen-, Elektro- und Metall-Industrie schaffen mit der \u00ab#MEM-Passerelle 4.0 AG\u00bb geeignete Angebote f\u00fcr die #Neu-Qualifizierung.","twitter_image":"https:\/\/www.organisator.ch\/wp-content\/uploads\/2020\/12\/Neu-Qualifizierung-dank-MEM-Passerelle-40_Organisator.jpg","schema":{"@context":"https:\/\/schema.org","@graph":[{"@type":"Article","@id":"https:\/\/www.organisator.ch\/weiterbildung\/2020-12-18\/neu-qualifizierung-dank-mem-passerelle-4-0\/#article","isPartOf":{"@id":"https:\/\/www.organisator.ch\/weiterbildung\/2020-12-18\/neu-qualifizierung-dank-mem-passerelle-4-0\/"},"author":{"name":"thomas.berner","@id":"https:\/\/www.organisator.ch\/#\/schema\/person\/6f650f90b2842cd4c0cc334b4e36f67e"},"headline":"Neu-Qualifizierung dank MEM-Passerelle 4.0","datePublished":"2020-12-18T07:58:27+00:00","mainEntityOfPage":{"@id":"https:\/\/www.organisator.ch\/weiterbildung\/2020-12-18\/neu-qualifizierung-dank-mem-passerelle-4-0\/"},"wordCount":342,"publisher":{"@id":"https:\/\/www.organisator.ch\/#organization"},"image":{"@id":"https:\/\/www.organisator.ch\/weiterbildung\/2020-12-18\/neu-qualifizierung-dank-mem-passerelle-4-0\/#primaryimage"},"thumbnailUrl":"https:\/\/www.organisator.ch\/wp-content\/uploads\/2020\/12\/Neu-Qualifizierung-dank-MEM-Passerelle-40_Organisator.jpg","keywords":["Aus-\/Weiterbildung","Berufsbildung","Management und Unternehmensf\u00fchrung","Verb\u00e4nde"],"articleSection":["WEITERBILDUNG"],"inLanguage":"de"},{"@type":"WebPage","@id":"https:\/\/www.organisator.ch\/weiterbildung\/2020-12-18\/neu-qualifizierung-dank-mem-passerelle-4-0\/","url":"https:\/\/www.organisator.ch\/weiterbildung\/2020-12-18\/neu-qualifizierung-dank-mem-passerelle-4-0\/","name":"Neu-Qualifizierung dank MEM-Passerelle 4.0 - Organisator","isPartOf":{"@id":"https:\/\/www.organisator.ch\/#website"},"primaryImageOfPage":{"@id":"https:\/\/www.organisator.ch\/weiterbildung\/2020-12-18\/neu-qualifizierung-dank-mem-passerelle-4-0\/#primaryimage"},"image":{"@id":"https:\/\/www.organisator.ch\/weiterbildung\/2020-12-18\/neu-qualifizierung-dank-mem-passerelle-4-0\/#primaryimage"},"thumbnailUrl":"https:\/\/www.organisator.ch\/wp-content\/uploads\/2020\/12\/Neu-Qualifizierung-dank-MEM-Passerelle-40_Organisator.jpg","datePublished":"2020-12-18T07:58:27+00:00","description":"Die Sozialpartner der Maschinen-, Elektro- und Metall-Industrie schaffen mit der \u00abMEM-Passerelle 4.0 AG\u00bb geeignete Angebote f\u00fcr die Neu-Qualifizierung.","breadcrumb":{"@id":"https:\/\/www.organisator.ch\/weiterbildung\/2020-12-18\/neu-qualifizierung-dank-mem-passerelle-4-0\/#breadcrumb"},"inLanguage":"de","potentialAction":[{"@type":"ReadAction","target":["https:\/\/www.organisator.ch\/weiterbildung\/2020-12-18\/neu-qualifizierung-dank-mem-passerelle-4-0\/"]}]},{"@type":"ImageObject","inLanguage":"de","@id":"https:\/\/www.organisator.ch\/weiterbildung\/2020-12-18\/neu-qualifizierung-dank-mem-passerelle-4-0\/#primaryimage","url":"https:\/\/www.organisator.ch\/wp-content\/uploads\/2020\/12\/Neu-Qualifizierung-dank-MEM-Passerelle-40_Organisator.jpg","contentUrl":"https:\/\/www.organisator.ch\/wp-content\/uploads\/2020\/12\/Neu-Qualifizierung-dank-MEM-Passerelle-40_Organisator.jpg","width":680,"height":453,"caption":"Arbeitnehmende der MEM-Industrie, die sich beruflich neu orientieren m\u00fcssen, erhalten mit der MEM-Passerelle 4.0 eine M\u00f6glichkeit zur Neu-Qualifizierung. (Bild: Pixabay.com)"},{"@type":"BreadcrumbList","@id":"https:\/\/www.organisator.ch\/weiterbildung\/2020-12-18\/neu-qualifizierung-dank-mem-passerelle-4-0\/#breadcrumb","itemListElement":[{"@type":"ListItem","position":1,"name":"Home","item":"https:\/\/www.organisator.ch\/"},{"@type":"ListItem","position":2,"name":"Neu-Qualifizierung dank MEM-Passerelle 4.0"}]},{"@type":"WebSite","@id":"https:\/\/www.organisator.ch\/#website","url":"https:\/\/www.organisator.ch\/","name":"Organisator","description":"Kompetent. Praxisnah. Der ORGANISATOR bereitet in 10 Ausgaben pro Jahr die wesentlichen Themen f\u00fcr F\u00fchrungskr\u00e4fte von KMU auf.","publisher":{"@id":"https:\/\/www.organisator.ch\/#organization"},"potentialAction":[{"@type":"SearchAction","target":{"@type":"EntryPoint","urlTemplate":"https:\/\/www.organisator.ch\/?s={search_term_string}"},"query-input":{"@type":"PropertyValueSpecification","valueRequired":true,"valueName":"search_term_string"}}],"inLanguage":"de"},{"@type":"Organization","@id":"https:\/\/www.organisator.ch\/#organization","name":"Organisator","url":"https:\/\/www.organisator.ch\/","logo":{"@type":"ImageObject","inLanguage":"de","@id":"https:\/\/www.organisator.ch\/#\/schema\/logo\/image\/","url":"https:\/\/www.organisator.ch\/wp-content\/uploads\/2022\/01\/Logo_Organisator_Website.png","contentUrl":"https:\/\/www.organisator.ch\/wp-content\/uploads\/2022\/01\/Logo_Organisator_Website.png","width":800,"height":77,"caption":"Organisator"},"image":{"@id":"https:\/\/www.organisator.ch\/#\/schema\/logo\/image\/"},"sameAs":["https:\/\/www.facebook.com\/OrganisatorFachmagazin","https:\/\/www.linkedin.com\/showcase\/organisator-das-magazin-fr-kmu","https:\/\/www.xing.com\/news\/pages\/organisator-ch-695","https:\/\/www.youtube.com\/channel\/UCGP2Sq0iWaZwT3BdIAQFYpw"]},{"@type":"Person","@id":"https:\/\/www.organisator.ch\/#\/schema\/person\/6f650f90b2842cd4c0cc334b4e36f67e","name":"thomas.berner","image":{"@type":"ImageObject","inLanguage":"de","@id":"https:\/\/secure.gravatar.com\/avatar\/ac5001d2a36cb6c6cd3e50789007ffca834b477b74a2144564522e944eabff61?s=96&d=mm&r=g","url":"https:\/\/secure.gravatar.com\/avatar\/ac5001d2a36cb6c6cd3e50789007ffca834b477b74a2144564522e944eabff61?s=96&d=mm&r=g","contentUrl":"https:\/\/secure.gravatar.com\/avatar\/ac5001d2a36cb6c6cd3e50789007ffca834b477b74a2144564522e944eabff61?s=96&d=mm&r=g","caption":"thomas.berner"},"url":"https:\/\/www.organisator.ch\/de\/author\/thomas-berner\/"}]}},"_links":{"self":[{"href":"https:\/\/www.organisator.ch\/de\/wp-json\/wp\/v2\/posts\/7465","targetHints":{"allow":["GET"]}}],"collection":[{"href":"https:\/\/www.organisator.ch\/de\/wp-json\/wp\/v2\/posts"}],"about":[{"href":"https:\/\/www.organisator.ch\/de\/wp-json\/wp\/v2\/types\/post"}],"author":[{"embeddable":true,"href":"https:\/\/www.organisator.ch\/de\/wp-json\/wp\/v2\/users\/4"}],"replies":[{"embeddable":true,"href":"https:\/\/www.organisator.ch\/de\/wp-json\/wp\/v2\/comments?post=7465"}],"version-history":[{"count":0,"href":"https:\/\/www.organisator.ch\/de\/wp-json\/wp\/v2\/posts\/7465\/revisions"}],"wp:featuredmedia":[{"embeddable":true,"href":"https:\/\/www.organisator.ch\/de\/wp-json\/wp\/v2\/media\/7466"}],"wp:attachment":[{"href":"https:\/\/www.organisator.ch\/de\/wp-json\/wp\/v2\/media?parent=7465"}],"wp:term":[{"taxonomy":"category","embeddable":true,"href":"https:\/\/www.organisator.ch\/de\/wp-json\/wp\/v2\/categories?post=7465"},{"taxonomy":"post_tag","embeddable":true,"href":"https:\/\/www.organisator.ch\/de\/wp-json\/wp\/v2\/tags?post=7465"}],"curies":[{"name":"wp","href":"https:\/\/api.w.org\/{rel}","templated":true}]}}