{"id":7501,"date":"2021-01-08T07:49:54","date_gmt":"2021-01-08T06:49:54","guid":{"rendered":"https:\/\/www.organisator.ch\/?p=7501"},"modified":"2021-01-08T07:49:54","modified_gmt":"2021-01-08T06:49:54","slug":"coronakrise-wird-die-rekrutierungsprozesse-in-der-schweiz-nachhaltig-veraendern","status":"publish","type":"post","link":"https:\/\/www.organisator.ch\/de\/human-resources\/hrm\/2021-01-08\/coronakrise-wird-die-rekrutierungsprozesse-in-der-schweiz-nachhaltig-veraendern\/","title":{"rendered":"Coronakrise wird die Rekrutierungsprozesse in der Schweiz nachhaltig ver\u00e4ndern"},"content":{"rendered":"<figure id=\"attachment_7503\" aria-describedby=\"caption-attachment-7503\" style=\"width: 680px\" class=\"wp-caption alignnone\"><img loading=\"lazy\" decoding=\"async\" class=\"size-medium wp-image-7503\" src=\"https:\/\/www.organisator.ch\/wp-content\/uploads\/2021\/01\/Coronakrise-wird-die-Rekrutierungsprozesse-in-der-Schweiz-nachhaltig-veraendern-1_Organisator.jpg\" alt=\"\" width=\"680\" height=\"395\" srcset=\"https:\/\/www.organisator.ch\/wp-content\/uploads\/2021\/01\/Coronakrise-wird-die-Rekrutierungsprozesse-in-der-Schweiz-nachhaltig-veraendern-1_Organisator.jpg 680w, https:\/\/www.organisator.ch\/wp-content\/uploads\/2021\/01\/Coronakrise-wird-die-Rekrutierungsprozesse-in-der-Schweiz-nachhaltig-veraendern-1_Organisator-16x9.jpg 16w, https:\/\/www.organisator.ch\/wp-content\/uploads\/2021\/01\/Coronakrise-wird-die-Rekrutierungsprozesse-in-der-Schweiz-nachhaltig-veraendern-1_Organisator-301x175.jpg 301w, https:\/\/www.organisator.ch\/wp-content\/uploads\/2021\/01\/Coronakrise-wird-die-Rekrutierungsprozesse-in-der-Schweiz-nachhaltig-veraendern-1_Organisator-603x350.jpg 603w, https:\/\/www.organisator.ch\/wp-content\/uploads\/2021\/01\/Coronakrise-wird-die-Rekrutierungsprozesse-in-der-Schweiz-nachhaltig-veraendern-1_Organisator-300x174.jpg 300w\" sizes=\"auto, (max-width: 680px) 100vw, 680px\" \/><figcaption id=\"caption-attachment-7503\" class=\"wp-caption-text\">Wegen der Coronakrise haben bereits viele Schweizer Unternehmen ihre Rekrutierungsprozesse angepasst. (Bild: Pixabay.com)<\/figcaption><\/figure>\n<p>Abstandsregeln, Homeoffice-Richtlinien und verst\u00e4rkte gesundheitliche Vorsichtsmassnahmen ver\u00e4nderten die Rekrutierungsprozesse von Schweizer Unternehmen markant. Das zeigen nebst anderem die JobCloud Market Insights, welche in Zusammenarbeit zwischen JobCloud (<a href=\"http:\/\/www.jobs.ch\">jobs.ch<\/a>, <a href=\"http:\/\/www.jobup.ch\">jobup.ch<\/a>) und der ZHAW durchgef\u00fchrt wurden. Diese digitale Umfrage ergab, dass mehr als die H\u00e4lfte aller Organisationen in der Schweiz ihre Prozesse in der Rekrutierung aufgrund der aktuellen Herausforderungen angepasst haben. \u00abBesonders grosse Unternehmen sahen einen Anpassungbedarf. W\u00e4hrend kleine und mittelgrosse Unternehmen etwa zur H\u00e4lfte angaben, die Rekrutierungsprozesse ge\u00e4ndert zu haben, betr\u00e4gt dieser Anteil bei den Grossunternehmen fast drei Viertel\u00bb, pr\u00e4zisiert Davide Villa, CEO von JobCloud.<\/p>\n<h2><strong>Gut<\/strong> <strong>60% haben auf digitale Vorstellungsgespr\u00e4che umgestellt<\/strong><\/h2>\n<p>Am deutlichsten zeigen sich die Anpassungen der Rekrutierungsprozesse bei den Vorstellungsgespr\u00e4chen. So haben bei der Umfrage fast 60% der Unternehmen in der Deutschschweiz angegeben, das erste Vorstellungsgespr\u00e4ch digital abzuhalten, in der Westschweiz sind es 44%. Nur ausgew\u00e4hlte Kandidatinnen und Kandidaten werden danach zu einem pers\u00f6nlichen Bewerbungsgespr\u00e4ch eingeladen. Sogar g\u00e4nzlich auf Face-to-Face-Interviews verzichten mehr als ein Viertel der befragten Unternehmen in der Westschweiz bzw. jedes sechste Unternehmen in der Deutschschweiz. \u00abDa die Westschweiz besonders stark von der Pandemie betroffen ist, wurde hier eher vollst\u00e4ndig auf digitalisierte Interviews umgestellt\u00bb, so Prof. Dr. Frank Hannich von der ZHAW. Eine zunehmende Digitalisierung im Rekrutierungsprozess offenbart sich ausserdem im verst\u00e4rkten Einsatz von digitalen Tests und Assessments.<\/p>\n<h2><strong>Neue Rekrutierungsprozesse sollen bleiben \u2013 vor allem bei Grossunternehmen<\/strong><\/h2>\n<p>Die ver\u00e4nderten Rekrutierungsprozesse werden bei vielen Unternehmen \u00fcber die Coronakrise hinausgehen. Vor allem trifft dies auf gr\u00f6ssere Unternehmen zu: Je gr\u00f6sser das Unternehmen ist, desto eher will man die Learnings im Rekrutierungsprozess nutzen und Anpassungen beibehalten, wenn auch nicht alle davon. Nur wenige Grossunternehmen gaben an, zum alten Rekrutierungsprozess zur\u00fcckkehren zu wollen (6%). W\u00e4hrend auch nur wenige mittelgrosse Unternehmen zur alten Handhabe zur\u00fcckwollen (13%), sind es bei den kleinen Firmen doch ein knappes Viertel. \u00abDie Coronakrise hat bewiesen, dass viele Prozesse erfolgreich digitalisiert werden k\u00f6nnen, und einen Lernprozess angestossen, der die Rekrutierung nachhaltig ver\u00e4ndern wird\u00bb, ist Davide Villa \u00fcberzeugt.<\/p>\n<figure id=\"attachment_7502\" aria-describedby=\"caption-attachment-7502\" style=\"width: 680px\" class=\"wp-caption alignnone\"><img loading=\"lazy\" decoding=\"async\" class=\"size-medium wp-image-7502\" src=\"https:\/\/www.organisator.ch\/wp-content\/uploads\/2021\/01\/Coronakrise-wird-die-Rekrutierungsprozesse-in-der-Schweiz-nachhaltig-veraendern-2_Organisator.jpg\" alt=\"\" width=\"680\" height=\"421\" srcset=\"https:\/\/www.organisator.ch\/wp-content\/uploads\/2021\/01\/Coronakrise-wird-die-Rekrutierungsprozesse-in-der-Schweiz-nachhaltig-veraendern-2_Organisator.jpg 680w, https:\/\/www.organisator.ch\/wp-content\/uploads\/2021\/01\/Coronakrise-wird-die-Rekrutierungsprozesse-in-der-Schweiz-nachhaltig-veraendern-2_Organisator-16x10.jpg 16w, https:\/\/www.organisator.ch\/wp-content\/uploads\/2021\/01\/Coronakrise-wird-die-Rekrutierungsprozesse-in-der-Schweiz-nachhaltig-veraendern-2_Organisator-283x175.jpg 283w, https:\/\/www.organisator.ch\/wp-content\/uploads\/2021\/01\/Coronakrise-wird-die-Rekrutierungsprozesse-in-der-Schweiz-nachhaltig-veraendern-2_Organisator-565x350.jpg 565w, https:\/\/www.organisator.ch\/wp-content\/uploads\/2021\/01\/Coronakrise-wird-die-Rekrutierungsprozesse-in-der-Schweiz-nachhaltig-veraendern-2_Organisator-300x186.jpg 300w\" sizes=\"auto, (max-width: 680px) 100vw, 680px\" \/><figcaption id=\"caption-attachment-7502\" class=\"wp-caption-text\">Die Grafik zeigt, wie der Rekrutierungsprozess angepasst wurde.<\/figcaption><\/figure>\n<h2><strong>Rekrutierungsbudget bleibt vielfach unver\u00e4ndert<\/strong><\/h2>\n<p>Trotz den aktuellen Herausforderungen blieb das Rekrutierungsbudget in 2020 in vielen Unternehmen unangetastet. So haben knapp 70% der befragten Unternehmen in der Deutschschweiz angegeben, ihr Budget f\u00fcr die Personalbeschaffung habe im Verlauf von 2020 nicht ge\u00e4ndert. Bei Unternehmen in der Westschweiz jedoch schien die Krise einen gr\u00f6sseren Einfluss auf das Rekrutierungsbudget zu haben \u2013 hier wollten etwa die H\u00e4lfte K\u00fcrzungen vornehmen. Von Budgetk\u00fcrzungen waren Kleinbetriebe bis 49 Mitarbeitende sowie Grossunternehmen \u00fcber 500 Mitarbeitende st\u00e4rker betroffen als mittlere Betriebe. Mittlere Betriebe haben am wenigsten reagiert auf die Krise und ihr Budget \u00fcberwiegend beibehalten.<\/p>\n<p><em>Quelle: <a href=\"https:\/\/www.jobcloud.ch\/c\/de-ch\/\">Jobcloud<\/a><\/em><\/p>\n","protected":false},"excerpt":{"rendered":"<p>Abstandsregeln, Homeoffice-Richtlinien und verst\u00e4rkte gesundheitliche Vorsichtsmassnahmen ver\u00e4nderten die Rekrutierungsprozesse von Schweizer Unternehmen markant. Das zeigen nebst anderem die JobCloud Market Insights, welche in Zusammenarbeit zwischen JobCloud (jobs.ch, jobup.ch) und der ZHAW durchgef\u00fchrt wurden. Diese digitale Umfrage ergab, dass mehr als die H\u00e4lfte aller Organisationen in der Schweiz ihre Prozesse in der Rekrutierung aufgrund der aktuellen [&hellip;]<\/p>\n","protected":false},"author":4,"featured_media":7503,"comment_status":"closed","ping_status":"closed","sticky":false,"template":"","format":"standard","meta":{"_acf_changed":false,"_yoast_wpseo_focuskw":"Rekrutierungsprozesse","_yoast_wpseo_metadesc":"Die Coronakrise hat daf\u00fcr gesorgt, dass Rekrutierungsprozesse angepasst wurden und viele Unternehmen neu eingef\u00fchrte Prozesse beibehalten m\u00f6chten.","articlekey":"","footnotes":""},"categories":[26],"tags":[254,407,459],"class_list":["post-7501","post","type-post","status-publish","format-standard","has-post-thumbnail","hentry","category-hrm","tag-hrm","tag-recruiting","tag-studie"],"acf":[],"yoast_head":"<!-- This site is optimized with the Yoast SEO plugin v27.4 - https:\/\/yoast.com\/product\/yoast-seo-wordpress\/ -->\n<title>Coronakrise wird die Rekrutierungsprozesse in der Schweiz nachhaltig ver\u00e4ndern - Organisator<\/title>\n<meta name=\"description\" content=\"Die Coronakrise hat daf\u00fcr gesorgt, dass Rekrutierungsprozesse angepasst wurden und viele Unternehmen neu eingef\u00fchrte Prozesse beibehalten m\u00f6chten.\" \/>\n<meta name=\"robots\" content=\"index, follow, max-snippet:-1, max-image-preview:large, max-video-preview:-1\" \/>\n<link rel=\"canonical\" href=\"https:\/\/www.organisator.ch\/de\/human-resources\/hrm\/2021-01-08\/coronakrise-wird-die-rekrutierungsprozesse-in-der-schweiz-nachhaltig-veraendern\/\" \/>\n<meta property=\"og:locale\" content=\"de_DE\" \/>\n<meta property=\"og:type\" content=\"article\" \/>\n<meta property=\"og:title\" content=\"Coronakrise wird die Rekrutierungsprozesse in der Schweiz nachhaltig ver\u00e4ndern\" \/>\n<meta property=\"og:description\" content=\"Die Coronakrise hat daf\u00fcr gesorgt, dass Rekrutierungsprozesse angepasst wurden und viele Unternehmen neu eingef\u00fchrte Prozesse beibehalten m\u00f6chten.\" \/>\n<meta property=\"og:url\" content=\"https:\/\/www.organisator.ch\/de\/human-resources\/hrm\/2021-01-08\/coronakrise-wird-die-rekrutierungsprozesse-in-der-schweiz-nachhaltig-veraendern\/\" \/>\n<meta property=\"og:site_name\" content=\"Organisator\" \/>\n<meta property=\"article:publisher\" content=\"https:\/\/www.facebook.com\/OrganisatorFachmagazin\" \/>\n<meta property=\"article:published_time\" content=\"2021-01-08T06:49:54+00:00\" \/>\n<meta property=\"og:image\" content=\"https:\/\/www.organisator.ch\/wp-content\/uploads\/2021\/01\/Coronakrise-wird-die-Rekrutierungsprozesse-in-der-Schweiz-nachhaltig-veraendern-1_Organisator.jpg\" \/>\n\t<meta property=\"og:image:width\" content=\"680\" \/>\n\t<meta property=\"og:image:height\" content=\"395\" \/>\n\t<meta property=\"og:image:type\" content=\"image\/jpeg\" \/>\n<meta name=\"author\" content=\"thomas.berner\" \/>\n<meta name=\"twitter:card\" content=\"summary_large_image\" \/>\n<meta name=\"twitter:title\" content=\"Coronakrise wird die #Rekrutierungsprozesse in der Schweiz nachhaltig ver\u00e4ndern\" \/>\n<meta name=\"twitter:description\" content=\"Die Coronakrise hat daf\u00fcr gesorgt, dass #Rekrutierungsprozesse angepasst wurden und viele Unternehmen neu eingef\u00fchrte Prozesse beibehalten m\u00f6chten.\" \/>\n<meta name=\"twitter:image\" content=\"https:\/\/www.organisator.ch\/wp-content\/uploads\/2021\/01\/Coronakrise-wird-die-Rekrutierungsprozesse-in-der-Schweiz-nachhaltig-veraendern-1_Organisator.jpg\" \/>\n<script type=\"application\/ld+json\" class=\"yoast-schema-graph\">{\"@context\":\"https:\\\/\\\/schema.org\",\"@graph\":[{\"@type\":\"Article\",\"@id\":\"https:\\\/\\\/www.organisator.ch\\\/human-resources\\\/hrm\\\/2021-01-08\\\/coronakrise-wird-die-rekrutierungsprozesse-in-der-schweiz-nachhaltig-veraendern\\\/#article\",\"isPartOf\":{\"@id\":\"https:\\\/\\\/www.organisator.ch\\\/human-resources\\\/hrm\\\/2021-01-08\\\/coronakrise-wird-die-rekrutierungsprozesse-in-der-schweiz-nachhaltig-veraendern\\\/\"},\"author\":{\"name\":\"thomas.berner\",\"@id\":\"https:\\\/\\\/www.organisator.ch\\\/#\\\/schema\\\/person\\\/6f650f90b2842cd4c0cc334b4e36f67e\"},\"headline\":\"Coronakrise wird die Rekrutierungsprozesse in der Schweiz nachhaltig ver\u00e4ndern\",\"datePublished\":\"2021-01-08T06:49:54+00:00\",\"mainEntityOfPage\":{\"@id\":\"https:\\\/\\\/www.organisator.ch\\\/human-resources\\\/hrm\\\/2021-01-08\\\/coronakrise-wird-die-rekrutierungsprozesse-in-der-schweiz-nachhaltig-veraendern\\\/\"},\"wordCount\":487,\"publisher\":{\"@id\":\"https:\\\/\\\/www.organisator.ch\\\/#organization\"},\"image\":{\"@id\":\"https:\\\/\\\/www.organisator.ch\\\/human-resources\\\/hrm\\\/2021-01-08\\\/coronakrise-wird-die-rekrutierungsprozesse-in-der-schweiz-nachhaltig-veraendern\\\/#primaryimage\"},\"thumbnailUrl\":\"https:\\\/\\\/www.organisator.ch\\\/wp-content\\\/uploads\\\/2021\\\/01\\\/Coronakrise-wird-die-Rekrutierungsprozesse-in-der-Schweiz-nachhaltig-veraendern-1_Organisator.jpg\",\"keywords\":[\"HRM\",\"Recruiting\",\"Studie\"],\"articleSection\":[\"HRM\"],\"inLanguage\":\"de\"},{\"@type\":\"WebPage\",\"@id\":\"https:\\\/\\\/www.organisator.ch\\\/human-resources\\\/hrm\\\/2021-01-08\\\/coronakrise-wird-die-rekrutierungsprozesse-in-der-schweiz-nachhaltig-veraendern\\\/\",\"url\":\"https:\\\/\\\/www.organisator.ch\\\/human-resources\\\/hrm\\\/2021-01-08\\\/coronakrise-wird-die-rekrutierungsprozesse-in-der-schweiz-nachhaltig-veraendern\\\/\",\"name\":\"Coronakrise wird die Rekrutierungsprozesse in der Schweiz nachhaltig ver\u00e4ndern - Organisator\",\"isPartOf\":{\"@id\":\"https:\\\/\\\/www.organisator.ch\\\/#website\"},\"primaryImageOfPage\":{\"@id\":\"https:\\\/\\\/www.organisator.ch\\\/human-resources\\\/hrm\\\/2021-01-08\\\/coronakrise-wird-die-rekrutierungsprozesse-in-der-schweiz-nachhaltig-veraendern\\\/#primaryimage\"},\"image\":{\"@id\":\"https:\\\/\\\/www.organisator.ch\\\/human-resources\\\/hrm\\\/2021-01-08\\\/coronakrise-wird-die-rekrutierungsprozesse-in-der-schweiz-nachhaltig-veraendern\\\/#primaryimage\"},\"thumbnailUrl\":\"https:\\\/\\\/www.organisator.ch\\\/wp-content\\\/uploads\\\/2021\\\/01\\\/Coronakrise-wird-die-Rekrutierungsprozesse-in-der-Schweiz-nachhaltig-veraendern-1_Organisator.jpg\",\"datePublished\":\"2021-01-08T06:49:54+00:00\",\"description\":\"Die Coronakrise hat daf\u00fcr gesorgt, dass Rekrutierungsprozesse angepasst wurden und viele Unternehmen neu eingef\u00fchrte Prozesse beibehalten m\u00f6chten.\",\"breadcrumb\":{\"@id\":\"https:\\\/\\\/www.organisator.ch\\\/human-resources\\\/hrm\\\/2021-01-08\\\/coronakrise-wird-die-rekrutierungsprozesse-in-der-schweiz-nachhaltig-veraendern\\\/#breadcrumb\"},\"inLanguage\":\"de\",\"potentialAction\":[{\"@type\":\"ReadAction\",\"target\":[\"https:\\\/\\\/www.organisator.ch\\\/human-resources\\\/hrm\\\/2021-01-08\\\/coronakrise-wird-die-rekrutierungsprozesse-in-der-schweiz-nachhaltig-veraendern\\\/\"]}]},{\"@type\":\"ImageObject\",\"inLanguage\":\"de\",\"@id\":\"https:\\\/\\\/www.organisator.ch\\\/human-resources\\\/hrm\\\/2021-01-08\\\/coronakrise-wird-die-rekrutierungsprozesse-in-der-schweiz-nachhaltig-veraendern\\\/#primaryimage\",\"url\":\"https:\\\/\\\/www.organisator.ch\\\/wp-content\\\/uploads\\\/2021\\\/01\\\/Coronakrise-wird-die-Rekrutierungsprozesse-in-der-Schweiz-nachhaltig-veraendern-1_Organisator.jpg\",\"contentUrl\":\"https:\\\/\\\/www.organisator.ch\\\/wp-content\\\/uploads\\\/2021\\\/01\\\/Coronakrise-wird-die-Rekrutierungsprozesse-in-der-Schweiz-nachhaltig-veraendern-1_Organisator.jpg\",\"width\":680,\"height\":395,\"caption\":\"Wegen der Coronakrise haben bereits viele Schweizer Unternehmen ihre Rekrutierungsprozesse angepasst. (Bild: Pixabay.com)\"},{\"@type\":\"BreadcrumbList\",\"@id\":\"https:\\\/\\\/www.organisator.ch\\\/human-resources\\\/hrm\\\/2021-01-08\\\/coronakrise-wird-die-rekrutierungsprozesse-in-der-schweiz-nachhaltig-veraendern\\\/#breadcrumb\",\"itemListElement\":[{\"@type\":\"ListItem\",\"position\":1,\"name\":\"Home\",\"item\":\"https:\\\/\\\/www.organisator.ch\\\/\"},{\"@type\":\"ListItem\",\"position\":2,\"name\":\"Coronakrise wird die Rekrutierungsprozesse in der Schweiz nachhaltig ver\u00e4ndern\"}]},{\"@type\":\"WebSite\",\"@id\":\"https:\\\/\\\/www.organisator.ch\\\/#website\",\"url\":\"https:\\\/\\\/www.organisator.ch\\\/\",\"name\":\"Organisator\",\"description\":\"Kompetent. Praxisnah. Der ORGANISATOR bereitet in 10 Ausgaben pro Jahr die wesentlichen Themen f\u00fcr F\u00fchrungskr\u00e4fte von KMU auf.\",\"publisher\":{\"@id\":\"https:\\\/\\\/www.organisator.ch\\\/#organization\"},\"potentialAction\":[{\"@type\":\"SearchAction\",\"target\":{\"@type\":\"EntryPoint\",\"urlTemplate\":\"https:\\\/\\\/www.organisator.ch\\\/?s={search_term_string}\"},\"query-input\":{\"@type\":\"PropertyValueSpecification\",\"valueRequired\":true,\"valueName\":\"search_term_string\"}}],\"inLanguage\":\"de\"},{\"@type\":\"Organization\",\"@id\":\"https:\\\/\\\/www.organisator.ch\\\/#organization\",\"name\":\"Organisator\",\"url\":\"https:\\\/\\\/www.organisator.ch\\\/\",\"logo\":{\"@type\":\"ImageObject\",\"inLanguage\":\"de\",\"@id\":\"https:\\\/\\\/www.organisator.ch\\\/#\\\/schema\\\/logo\\\/image\\\/\",\"url\":\"https:\\\/\\\/www.organisator.ch\\\/wp-content\\\/uploads\\\/2022\\\/01\\\/Logo_Organisator_Website.png\",\"contentUrl\":\"https:\\\/\\\/www.organisator.ch\\\/wp-content\\\/uploads\\\/2022\\\/01\\\/Logo_Organisator_Website.png\",\"width\":800,\"height\":77,\"caption\":\"Organisator\"},\"image\":{\"@id\":\"https:\\\/\\\/www.organisator.ch\\\/#\\\/schema\\\/logo\\\/image\\\/\"},\"sameAs\":[\"https:\\\/\\\/www.facebook.com\\\/OrganisatorFachmagazin\",\"https:\\\/\\\/www.linkedin.com\\\/showcase\\\/organisator-das-magazin-fr-kmu\",\"https:\\\/\\\/www.xing.com\\\/news\\\/pages\\\/organisator-ch-695\",\"https:\\\/\\\/www.youtube.com\\\/channel\\\/UCGP2Sq0iWaZwT3BdIAQFYpw\"]},{\"@type\":\"Person\",\"@id\":\"https:\\\/\\\/www.organisator.ch\\\/#\\\/schema\\\/person\\\/6f650f90b2842cd4c0cc334b4e36f67e\",\"name\":\"thomas.berner\",\"image\":{\"@type\":\"ImageObject\",\"inLanguage\":\"de\",\"@id\":\"https:\\\/\\\/secure.gravatar.com\\\/avatar\\\/ac5001d2a36cb6c6cd3e50789007ffca834b477b74a2144564522e944eabff61?s=96&d=mm&r=g\",\"url\":\"https:\\\/\\\/secure.gravatar.com\\\/avatar\\\/ac5001d2a36cb6c6cd3e50789007ffca834b477b74a2144564522e944eabff61?s=96&d=mm&r=g\",\"contentUrl\":\"https:\\\/\\\/secure.gravatar.com\\\/avatar\\\/ac5001d2a36cb6c6cd3e50789007ffca834b477b74a2144564522e944eabff61?s=96&d=mm&r=g\",\"caption\":\"thomas.berner\"},\"url\":\"https:\\\/\\\/www.organisator.ch\\\/de\\\/author\\\/thomas-berner\\\/\"}]}<\/script>\n<!-- \/ Yoast SEO plugin. -->","yoast_head_json":{"title":"Coronakrise wird die Rekrutierungsprozesse in der Schweiz nachhaltig ver\u00e4ndern - Organisator","description":"Die Coronakrise hat daf\u00fcr gesorgt, dass Rekrutierungsprozesse angepasst wurden und viele Unternehmen neu eingef\u00fchrte Prozesse beibehalten m\u00f6chten.","robots":{"index":"index","follow":"follow","max-snippet":"max-snippet:-1","max-image-preview":"max-image-preview:large","max-video-preview":"max-video-preview:-1"},"canonical":"https:\/\/www.organisator.ch\/de\/human-resources\/hrm\/2021-01-08\/coronakrise-wird-die-rekrutierungsprozesse-in-der-schweiz-nachhaltig-veraendern\/","og_locale":"de_DE","og_type":"article","og_title":"Coronakrise wird die Rekrutierungsprozesse in der Schweiz nachhaltig ver\u00e4ndern","og_description":"Die Coronakrise hat daf\u00fcr gesorgt, dass Rekrutierungsprozesse angepasst wurden und viele Unternehmen neu eingef\u00fchrte Prozesse beibehalten m\u00f6chten.","og_url":"https:\/\/www.organisator.ch\/de\/human-resources\/hrm\/2021-01-08\/coronakrise-wird-die-rekrutierungsprozesse-in-der-schweiz-nachhaltig-veraendern\/","og_site_name":"Organisator","article_publisher":"https:\/\/www.facebook.com\/OrganisatorFachmagazin","article_published_time":"2021-01-08T06:49:54+00:00","og_image":[{"width":680,"height":395,"url":"https:\/\/www.organisator.ch\/wp-content\/uploads\/2021\/01\/Coronakrise-wird-die-Rekrutierungsprozesse-in-der-Schweiz-nachhaltig-veraendern-1_Organisator.jpg","type":"image\/jpeg"}],"author":"thomas.berner","twitter_card":"summary_large_image","twitter_title":"Coronakrise wird die #Rekrutierungsprozesse in der Schweiz nachhaltig ver\u00e4ndern","twitter_description":"Die Coronakrise hat daf\u00fcr gesorgt, dass #Rekrutierungsprozesse angepasst wurden und viele Unternehmen neu eingef\u00fchrte Prozesse beibehalten m\u00f6chten.","twitter_image":"https:\/\/www.organisator.ch\/wp-content\/uploads\/2021\/01\/Coronakrise-wird-die-Rekrutierungsprozesse-in-der-Schweiz-nachhaltig-veraendern-1_Organisator.jpg","schema":{"@context":"https:\/\/schema.org","@graph":[{"@type":"Article","@id":"https:\/\/www.organisator.ch\/human-resources\/hrm\/2021-01-08\/coronakrise-wird-die-rekrutierungsprozesse-in-der-schweiz-nachhaltig-veraendern\/#article","isPartOf":{"@id":"https:\/\/www.organisator.ch\/human-resources\/hrm\/2021-01-08\/coronakrise-wird-die-rekrutierungsprozesse-in-der-schweiz-nachhaltig-veraendern\/"},"author":{"name":"thomas.berner","@id":"https:\/\/www.organisator.ch\/#\/schema\/person\/6f650f90b2842cd4c0cc334b4e36f67e"},"headline":"Coronakrise wird die Rekrutierungsprozesse in der Schweiz nachhaltig ver\u00e4ndern","datePublished":"2021-01-08T06:49:54+00:00","mainEntityOfPage":{"@id":"https:\/\/www.organisator.ch\/human-resources\/hrm\/2021-01-08\/coronakrise-wird-die-rekrutierungsprozesse-in-der-schweiz-nachhaltig-veraendern\/"},"wordCount":487,"publisher":{"@id":"https:\/\/www.organisator.ch\/#organization"},"image":{"@id":"https:\/\/www.organisator.ch\/human-resources\/hrm\/2021-01-08\/coronakrise-wird-die-rekrutierungsprozesse-in-der-schweiz-nachhaltig-veraendern\/#primaryimage"},"thumbnailUrl":"https:\/\/www.organisator.ch\/wp-content\/uploads\/2021\/01\/Coronakrise-wird-die-Rekrutierungsprozesse-in-der-Schweiz-nachhaltig-veraendern-1_Organisator.jpg","keywords":["HRM","Recruiting","Studie"],"articleSection":["HRM"],"inLanguage":"de"},{"@type":"WebPage","@id":"https:\/\/www.organisator.ch\/human-resources\/hrm\/2021-01-08\/coronakrise-wird-die-rekrutierungsprozesse-in-der-schweiz-nachhaltig-veraendern\/","url":"https:\/\/www.organisator.ch\/human-resources\/hrm\/2021-01-08\/coronakrise-wird-die-rekrutierungsprozesse-in-der-schweiz-nachhaltig-veraendern\/","name":"Coronakrise wird die Rekrutierungsprozesse in der Schweiz nachhaltig ver\u00e4ndern - Organisator","isPartOf":{"@id":"https:\/\/www.organisator.ch\/#website"},"primaryImageOfPage":{"@id":"https:\/\/www.organisator.ch\/human-resources\/hrm\/2021-01-08\/coronakrise-wird-die-rekrutierungsprozesse-in-der-schweiz-nachhaltig-veraendern\/#primaryimage"},"image":{"@id":"https:\/\/www.organisator.ch\/human-resources\/hrm\/2021-01-08\/coronakrise-wird-die-rekrutierungsprozesse-in-der-schweiz-nachhaltig-veraendern\/#primaryimage"},"thumbnailUrl":"https:\/\/www.organisator.ch\/wp-content\/uploads\/2021\/01\/Coronakrise-wird-die-Rekrutierungsprozesse-in-der-Schweiz-nachhaltig-veraendern-1_Organisator.jpg","datePublished":"2021-01-08T06:49:54+00:00","description":"Die Coronakrise hat daf\u00fcr gesorgt, dass Rekrutierungsprozesse angepasst wurden und viele Unternehmen neu eingef\u00fchrte Prozesse beibehalten m\u00f6chten.","breadcrumb":{"@id":"https:\/\/www.organisator.ch\/human-resources\/hrm\/2021-01-08\/coronakrise-wird-die-rekrutierungsprozesse-in-der-schweiz-nachhaltig-veraendern\/#breadcrumb"},"inLanguage":"de","potentialAction":[{"@type":"ReadAction","target":["https:\/\/www.organisator.ch\/human-resources\/hrm\/2021-01-08\/coronakrise-wird-die-rekrutierungsprozesse-in-der-schweiz-nachhaltig-veraendern\/"]}]},{"@type":"ImageObject","inLanguage":"de","@id":"https:\/\/www.organisator.ch\/human-resources\/hrm\/2021-01-08\/coronakrise-wird-die-rekrutierungsprozesse-in-der-schweiz-nachhaltig-veraendern\/#primaryimage","url":"https:\/\/www.organisator.ch\/wp-content\/uploads\/2021\/01\/Coronakrise-wird-die-Rekrutierungsprozesse-in-der-Schweiz-nachhaltig-veraendern-1_Organisator.jpg","contentUrl":"https:\/\/www.organisator.ch\/wp-content\/uploads\/2021\/01\/Coronakrise-wird-die-Rekrutierungsprozesse-in-der-Schweiz-nachhaltig-veraendern-1_Organisator.jpg","width":680,"height":395,"caption":"Wegen der Coronakrise haben bereits viele Schweizer Unternehmen ihre Rekrutierungsprozesse angepasst. (Bild: Pixabay.com)"},{"@type":"BreadcrumbList","@id":"https:\/\/www.organisator.ch\/human-resources\/hrm\/2021-01-08\/coronakrise-wird-die-rekrutierungsprozesse-in-der-schweiz-nachhaltig-veraendern\/#breadcrumb","itemListElement":[{"@type":"ListItem","position":1,"name":"Home","item":"https:\/\/www.organisator.ch\/"},{"@type":"ListItem","position":2,"name":"Coronakrise wird die Rekrutierungsprozesse in der Schweiz nachhaltig ver\u00e4ndern"}]},{"@type":"WebSite","@id":"https:\/\/www.organisator.ch\/#website","url":"https:\/\/www.organisator.ch\/","name":"Organisator","description":"Kompetent. Praxisnah. Der ORGANISATOR bereitet in 10 Ausgaben pro Jahr die wesentlichen Themen f\u00fcr F\u00fchrungskr\u00e4fte von KMU auf.","publisher":{"@id":"https:\/\/www.organisator.ch\/#organization"},"potentialAction":[{"@type":"SearchAction","target":{"@type":"EntryPoint","urlTemplate":"https:\/\/www.organisator.ch\/?s={search_term_string}"},"query-input":{"@type":"PropertyValueSpecification","valueRequired":true,"valueName":"search_term_string"}}],"inLanguage":"de"},{"@type":"Organization","@id":"https:\/\/www.organisator.ch\/#organization","name":"Organisator","url":"https:\/\/www.organisator.ch\/","logo":{"@type":"ImageObject","inLanguage":"de","@id":"https:\/\/www.organisator.ch\/#\/schema\/logo\/image\/","url":"https:\/\/www.organisator.ch\/wp-content\/uploads\/2022\/01\/Logo_Organisator_Website.png","contentUrl":"https:\/\/www.organisator.ch\/wp-content\/uploads\/2022\/01\/Logo_Organisator_Website.png","width":800,"height":77,"caption":"Organisator"},"image":{"@id":"https:\/\/www.organisator.ch\/#\/schema\/logo\/image\/"},"sameAs":["https:\/\/www.facebook.com\/OrganisatorFachmagazin","https:\/\/www.linkedin.com\/showcase\/organisator-das-magazin-fr-kmu","https:\/\/www.xing.com\/news\/pages\/organisator-ch-695","https:\/\/www.youtube.com\/channel\/UCGP2Sq0iWaZwT3BdIAQFYpw"]},{"@type":"Person","@id":"https:\/\/www.organisator.ch\/#\/schema\/person\/6f650f90b2842cd4c0cc334b4e36f67e","name":"thomas.berner","image":{"@type":"ImageObject","inLanguage":"de","@id":"https:\/\/secure.gravatar.com\/avatar\/ac5001d2a36cb6c6cd3e50789007ffca834b477b74a2144564522e944eabff61?s=96&d=mm&r=g","url":"https:\/\/secure.gravatar.com\/avatar\/ac5001d2a36cb6c6cd3e50789007ffca834b477b74a2144564522e944eabff61?s=96&d=mm&r=g","contentUrl":"https:\/\/secure.gravatar.com\/avatar\/ac5001d2a36cb6c6cd3e50789007ffca834b477b74a2144564522e944eabff61?s=96&d=mm&r=g","caption":"thomas.berner"},"url":"https:\/\/www.organisator.ch\/de\/author\/thomas-berner\/"}]}},"_links":{"self":[{"href":"https:\/\/www.organisator.ch\/de\/wp-json\/wp\/v2\/posts\/7501","targetHints":{"allow":["GET"]}}],"collection":[{"href":"https:\/\/www.organisator.ch\/de\/wp-json\/wp\/v2\/posts"}],"about":[{"href":"https:\/\/www.organisator.ch\/de\/wp-json\/wp\/v2\/types\/post"}],"author":[{"embeddable":true,"href":"https:\/\/www.organisator.ch\/de\/wp-json\/wp\/v2\/users\/4"}],"replies":[{"embeddable":true,"href":"https:\/\/www.organisator.ch\/de\/wp-json\/wp\/v2\/comments?post=7501"}],"version-history":[{"count":0,"href":"https:\/\/www.organisator.ch\/de\/wp-json\/wp\/v2\/posts\/7501\/revisions"}],"wp:featuredmedia":[{"embeddable":true,"href":"https:\/\/www.organisator.ch\/de\/wp-json\/wp\/v2\/media\/7503"}],"wp:attachment":[{"href":"https:\/\/www.organisator.ch\/de\/wp-json\/wp\/v2\/media?parent=7501"}],"wp:term":[{"taxonomy":"category","embeddable":true,"href":"https:\/\/www.organisator.ch\/de\/wp-json\/wp\/v2\/categories?post=7501"},{"taxonomy":"post_tag","embeddable":true,"href":"https:\/\/www.organisator.ch\/de\/wp-json\/wp\/v2\/tags?post=7501"}],"curies":[{"name":"wp","href":"https:\/\/api.w.org\/{rel}","templated":true}]}}