{"id":7534,"date":"2021-01-20T07:28:46","date_gmt":"2021-01-20T06:28:46","guid":{"rendered":"https:\/\/www.organisator.ch\/?p=7534"},"modified":"2021-01-20T07:28:46","modified_gmt":"2021-01-20T06:28:46","slug":"revotool-ag-hat-viele-gruende-zum-feiern","status":"publish","type":"post","link":"https:\/\/www.organisator.ch\/de\/allgemein\/2021-01-20\/revotool-ag-hat-viele-gruende-zum-feiern\/","title":{"rendered":"Revotool AG hat viele Gr\u00fcnde zum Feiern"},"content":{"rendered":"<figure id=\"attachment_7535\" aria-describedby=\"caption-attachment-7535\" style=\"width: 680px\" class=\"wp-caption alignnone\"><img loading=\"lazy\" decoding=\"async\" class=\"size-medium wp-image-7535\" src=\"https:\/\/www.organisator.ch\/wp-content\/uploads\/2021\/01\/Revotool-AG-hat-viele-Gruende-zum-Feiern-1_Organisator.jpg\" alt=\"\" width=\"680\" height=\"452\" srcset=\"https:\/\/www.organisator.ch\/wp-content\/uploads\/2021\/01\/Revotool-AG-hat-viele-Gruende-zum-Feiern-1_Organisator.jpg 680w, https:\/\/www.organisator.ch\/wp-content\/uploads\/2021\/01\/Revotool-AG-hat-viele-Gruende-zum-Feiern-1_Organisator-16x12.jpg 16w, https:\/\/www.organisator.ch\/wp-content\/uploads\/2021\/01\/Revotool-AG-hat-viele-Gruende-zum-Feiern-1_Organisator-263x175.jpg 263w, https:\/\/www.organisator.ch\/wp-content\/uploads\/2021\/01\/Revotool-AG-hat-viele-Gruende-zum-Feiern-1_Organisator-527x350.jpg 527w, https:\/\/www.organisator.ch\/wp-content\/uploads\/2021\/01\/Revotool-AG-hat-viele-Gruende-zum-Feiern-1_Organisator-300x199.jpg 300w\" sizes=\"auto, (max-width: 680px) 100vw, 680px\" \/><figcaption id=\"caption-attachment-7535\" class=\"wp-caption-text\">Er will mit hochqualitativen Werkzeugen und Verbrauchsprodukten sowie den dazu passenden Serviceleistungen f\u00fcr den Bau und das Baunebengewerbe weiter wachsen: David Meier, Inhaber und Gesch\u00e4ftsf\u00fchrer der Revotool AG. (Bild: zVg)<\/figcaption><\/figure>\n<p>Die in der Schweiz und \u00d6sterreich t\u00e4tige 17-k\u00f6pfige Crew der Revotool AG hat gute Gr\u00fcnde zum Feiern: Den 30. Geburtstag der Firma und die Tatsache, dass die Mitarbeitenden im Alltag eine dreifache Herausforderung meistern. Sie gewinnen Hersteller von hochwertigen Arbeitsger\u00e4ten, Werkzeugen und Verbrauchsmaterialien f\u00fcr den Bau und die Montage als Lieferanten. Zweitens bedienen sie als Importeur H\u00e4ndler mit Produkten aus dem Revotool-Sortiment. Drittens verkaufen sie den H\u00e4ndlern Ger\u00e4te \u2013 auch Eigenanfertigungen nach Mass \u2013 und Serviceleistungen.<\/p>\n<h2>Mit namhaften Herstellern unterwegs<\/h2>\n<p>Dies alles scheint dem vom Inhaber und Gesch\u00e4ftsf\u00fchrer David Meier angef\u00fchrten Team sehr gut zu gelingen: Die Revotool AG ist in der Schweiz und in \u00d6sterreich f\u00fcr viele im Bau und im Baunebengewerbe t\u00e4tige Unternehmen inzwischen zu einem langj\u00e4hrigen Partner geworden, der mit namhaften Herstellern wie Panasonic oder Hikoki und mit \u00fcber 1700 H\u00e4ndlern zusammenarbeitet. \u00abWir geben unser Maximum. Gilt es beispielsweise eine Spezialanfertigung eines Werkzeugs zu entwickeln, machen wir dies mit unseren eigenen Mechanikern und zusammen mit externen Spezialisten und dem Kunden sehr gerne\u00bb, betont David Meier. \u00abWir appellieren an die Unternehmen, sich auch bei besonders schwierigen W\u00fcnschen bei uns zu melden. Wir helfen weiter.\u00bb Auch beim Service hebt sie dich Crew der Revotool AG hervor: \u00abDefekte Ger\u00e4te reparieren wir sehr rasch und bieten Ersatzger\u00e4te an. Bekannt sind wir f\u00fcr unsere Express-Reparatur-Boxen. Unsere Kunden k\u00f6nnen ihre Ger\u00e4te in ihren Werkst\u00e4tten in die Boxen legen und uns um Ersatz fragen. Am n\u00e4chsten Tag erhalten sie das neue Ger\u00e4t zugestellt. Wer unseren All-inclusive-Service bucht, hat auch gleich eine Versicherung inkludiert\u00bb, erg\u00e4nzt David Meier. Bekannt ist die Revotool AG auch mit den Ger\u00e4ten ihrer Eigenmarke. Diesen verleiht das Uetendorfer Unternehmen mit dem Firmenlogo einen Qualit\u00e4tsstempel, dem die H\u00e4ndler und Endkunden ganz besonders vertrauen.<\/p>\n<figure id=\"attachment_7536\" aria-describedby=\"caption-attachment-7536\" style=\"width: 680px\" class=\"wp-caption alignnone\"><img loading=\"lazy\" decoding=\"async\" class=\"size-medium wp-image-7536\" src=\"https:\/\/www.organisator.ch\/wp-content\/uploads\/2021\/01\/Revotool-AG-hat-viele-Gruende-zum-Feiern-2_Organisator.jpg\" alt=\"\" width=\"680\" height=\"452\" srcset=\"https:\/\/www.organisator.ch\/wp-content\/uploads\/2021\/01\/Revotool-AG-hat-viele-Gruende-zum-Feiern-2_Organisator.jpg 680w, https:\/\/www.organisator.ch\/wp-content\/uploads\/2021\/01\/Revotool-AG-hat-viele-Gruende-zum-Feiern-2_Organisator-16x12.jpg 16w, https:\/\/www.organisator.ch\/wp-content\/uploads\/2021\/01\/Revotool-AG-hat-viele-Gruende-zum-Feiern-2_Organisator-263x175.jpg 263w, https:\/\/www.organisator.ch\/wp-content\/uploads\/2021\/01\/Revotool-AG-hat-viele-Gruende-zum-Feiern-2_Organisator-527x350.jpg 527w, https:\/\/www.organisator.ch\/wp-content\/uploads\/2021\/01\/Revotool-AG-hat-viele-Gruende-zum-Feiern-2_Organisator-300x199.jpg 300w\" sizes=\"auto, (max-width: 680px) 100vw, 680px\" \/><figcaption id=\"caption-attachment-7536\" class=\"wp-caption-text\">Lager von Revotool in Uetendorf. (Bild: zVg)<\/figcaption><\/figure>\n<h2>Revotool AG: Im Jubil\u00e4umsjahr pr\u00e4senter denn je<\/h2>\n<p>Das Jubil\u00e4um ist f\u00fcr David Meier Genugtuung und Best\u00e4tigung zugleich. \u00abDie `Pflanze` Revotool AG gedeiht und w\u00e4chst weiter. Diese Feststellung macht mich gl\u00fccklich. Offenbar braucht es uns im Markt auch nach 30 Jahren noch immer. Abheben wollen wir deshalb nicht. Ganz im Gegenteil: Wir wollen und m\u00fcssen t\u00e4glich hinzulernen und uns immer wieder best\u00e4tigen.\u00bb Im Jubil\u00e4umsjahr ist ihm die Kommunikation ein Anliegen. \u00abWir wollen noch bekannter werden und sind daran unsere Website anzupassen. Zudem sind wir neu auch in den Sozialen Medien aktiv und haben mit der `Revotool-time` die erste Ausgabe unserer Firmen- und Kundenzeitschrift herausgegeben. F\u00fcr unsere Kunden aus der Romandie selbstverst\u00e4ndlich auch auf Franz\u00f6sisch\u00bb, freut sich David Meier.<\/p>\n<p><a href=\"http:\/\/www.revotool.com\"><em>Weitere Informationen<\/em><\/a><\/p>\n","protected":false},"excerpt":{"rendered":"<p>Die in der Schweiz und \u00d6sterreich t\u00e4tige 17-k\u00f6pfige Crew der Revotool AG hat gute Gr\u00fcnde zum Feiern: Den 30. Geburtstag der Firma und die Tatsache, dass die Mitarbeitenden im Alltag eine dreifache Herausforderung meistern. Sie gewinnen Hersteller von hochwertigen Arbeitsger\u00e4ten, Werkzeugen und Verbrauchsmaterialien f\u00fcr den Bau und die Montage als Lieferanten. Zweitens bedienen sie als [&hellip;]<\/p>\n","protected":false},"author":4,"featured_media":7535,"comment_status":"closed","ping_status":"closed","sticky":false,"template":"","format":"standard","meta":{"_acf_changed":false,"_yoast_wpseo_focuskw":"Revotool AG","_yoast_wpseo_metadesc":"Die Revotool AG ist in der Schweiz und in \u00d6sterreich auf sehr vielen Baustellen und Werkhallen pr\u00e4sent. Das Unternehmen feiert nun das 30-Jahr-Jubil\u00e4um.","articlekey":"","footnotes":""},"categories":[1],"tags":[206,335,492],"class_list":["post-7534","post","type-post","status-publish","format-standard","has-post-thumbnail","hentry","category-allgemein","tag-firmenjubilaeum","tag-management-und-unternehmensfuehrung","tag-unternehmen"],"acf":[],"yoast_head":"<!-- This site is optimized with the Yoast SEO plugin v27.5 - https:\/\/yoast.com\/product\/yoast-seo-wordpress\/ -->\n<title>Revotool AG hat viele Gr\u00fcnde zum Feiern - Organisator<\/title>\n<meta name=\"description\" content=\"Die Revotool AG ist in der Schweiz und in \u00d6sterreich auf sehr vielen Baustellen und Werkhallen pr\u00e4sent. Das Unternehmen feiert nun das 30-Jahr-Jubil\u00e4um.\" \/>\n<meta name=\"robots\" content=\"index, follow, max-snippet:-1, max-image-preview:large, max-video-preview:-1\" \/>\n<link rel=\"canonical\" href=\"https:\/\/www.organisator.ch\/de\/allgemein\/2021-01-20\/revotool-ag-hat-viele-gruende-zum-feiern\/\" \/>\n<meta property=\"og:locale\" content=\"de_DE\" \/>\n<meta property=\"og:type\" content=\"article\" \/>\n<meta property=\"og:title\" content=\"Revotool AG hat viele Gr\u00fcnde zum Feiern\" \/>\n<meta property=\"og:description\" content=\"Die Revotool AG ist in der Schweiz und in \u00d6sterreich auf sehr vielen Baustellen und Werkhallen pr\u00e4sent. Das Unternehmen feiert nun das 30-Jahr-Jubil\u00e4um.\" \/>\n<meta property=\"og:url\" content=\"https:\/\/www.organisator.ch\/de\/allgemein\/2021-01-20\/revotool-ag-hat-viele-gruende-zum-feiern\/\" \/>\n<meta property=\"og:site_name\" content=\"Organisator\" \/>\n<meta property=\"article:publisher\" content=\"https:\/\/www.facebook.com\/OrganisatorFachmagazin\" \/>\n<meta property=\"article:published_time\" content=\"2021-01-20T06:28:46+00:00\" \/>\n<meta property=\"og:image\" content=\"https:\/\/www.organisator.ch\/wp-content\/uploads\/2021\/01\/Revotool-AG-hat-viele-Gruende-zum-Feiern-1_Organisator.jpg\" \/>\n\t<meta property=\"og:image:width\" content=\"680\" \/>\n\t<meta property=\"og:image:height\" content=\"452\" \/>\n\t<meta property=\"og:image:type\" content=\"image\/jpeg\" \/>\n<meta name=\"author\" content=\"thomas.berner\" \/>\n<meta name=\"twitter:card\" content=\"summary_large_image\" \/>\n<meta name=\"twitter:title\" content=\"#Revotool AG hat viele Gr\u00fcnde zum Feiern\" \/>\n<meta name=\"twitter:description\" content=\"Die #Revotool AG ist in der Schweiz und in \u00d6sterreich auf sehr vielen Baustellen und Werkhallen pr\u00e4sent. Das Unternehmen feiert nun das #30-Jahr-Jubil\u00e4um.\" \/>\n<meta name=\"twitter:image\" content=\"https:\/\/www.organisator.ch\/wp-content\/uploads\/2021\/01\/Revotool-AG-hat-viele-Gruende-zum-Feiern-1_Organisator.jpg\" \/>\n<script type=\"application\/ld+json\" class=\"yoast-schema-graph\">{\"@context\":\"https:\\\/\\\/schema.org\",\"@graph\":[{\"@type\":\"Article\",\"@id\":\"https:\\\/\\\/www.organisator.ch\\\/en\\\/general\\\/2021-01-20\\\/revotool-ag-hat-viele-gruende-zum-feiern\\\/#article\",\"isPartOf\":{\"@id\":\"https:\\\/\\\/www.organisator.ch\\\/en\\\/general\\\/2021-01-20\\\/revotool-ag-hat-viele-gruende-zum-feiern\\\/\"},\"author\":{\"name\":\"thomas.berner\",\"@id\":\"https:\\\/\\\/www.organisator.ch\\\/#\\\/schema\\\/person\\\/6f650f90b2842cd4c0cc334b4e36f67e\"},\"headline\":\"Revotool AG hat viele Gr\u00fcnde zum Feiern\",\"datePublished\":\"2021-01-20T06:28:46+00:00\",\"mainEntityOfPage\":{\"@id\":\"https:\\\/\\\/www.organisator.ch\\\/en\\\/general\\\/2021-01-20\\\/revotool-ag-hat-viele-gruende-zum-feiern\\\/\"},\"wordCount\":499,\"publisher\":{\"@id\":\"https:\\\/\\\/www.organisator.ch\\\/#organization\"},\"image\":{\"@id\":\"https:\\\/\\\/www.organisator.ch\\\/en\\\/general\\\/2021-01-20\\\/revotool-ag-hat-viele-gruende-zum-feiern\\\/#primaryimage\"},\"thumbnailUrl\":\"https:\\\/\\\/www.organisator.ch\\\/wp-content\\\/uploads\\\/2021\\\/01\\\/Revotool-AG-hat-viele-Gruende-zum-Feiern-1_Organisator.jpg\",\"keywords\":[\"Firmenjubil\u00e4um\",\"Management und Unternehmensf\u00fchrung\",\"Unternehmen\"],\"inLanguage\":\"de\"},{\"@type\":\"WebPage\",\"@id\":\"https:\\\/\\\/www.organisator.ch\\\/en\\\/general\\\/2021-01-20\\\/revotool-ag-hat-viele-gruende-zum-feiern\\\/\",\"url\":\"https:\\\/\\\/www.organisator.ch\\\/en\\\/general\\\/2021-01-20\\\/revotool-ag-hat-viele-gruende-zum-feiern\\\/\",\"name\":\"Revotool AG hat viele Gr\u00fcnde zum Feiern - Organisator\",\"isPartOf\":{\"@id\":\"https:\\\/\\\/www.organisator.ch\\\/#website\"},\"primaryImageOfPage\":{\"@id\":\"https:\\\/\\\/www.organisator.ch\\\/en\\\/general\\\/2021-01-20\\\/revotool-ag-hat-viele-gruende-zum-feiern\\\/#primaryimage\"},\"image\":{\"@id\":\"https:\\\/\\\/www.organisator.ch\\\/en\\\/general\\\/2021-01-20\\\/revotool-ag-hat-viele-gruende-zum-feiern\\\/#primaryimage\"},\"thumbnailUrl\":\"https:\\\/\\\/www.organisator.ch\\\/wp-content\\\/uploads\\\/2021\\\/01\\\/Revotool-AG-hat-viele-Gruende-zum-Feiern-1_Organisator.jpg\",\"datePublished\":\"2021-01-20T06:28:46+00:00\",\"description\":\"Die Revotool AG ist in der Schweiz und in \u00d6sterreich auf sehr vielen Baustellen und Werkhallen pr\u00e4sent. Das Unternehmen feiert nun das 30-Jahr-Jubil\u00e4um.\",\"breadcrumb\":{\"@id\":\"https:\\\/\\\/www.organisator.ch\\\/en\\\/general\\\/2021-01-20\\\/revotool-ag-hat-viele-gruende-zum-feiern\\\/#breadcrumb\"},\"inLanguage\":\"de\",\"potentialAction\":[{\"@type\":\"ReadAction\",\"target\":[\"https:\\\/\\\/www.organisator.ch\\\/en\\\/general\\\/2021-01-20\\\/revotool-ag-hat-viele-gruende-zum-feiern\\\/\"]}]},{\"@type\":\"ImageObject\",\"inLanguage\":\"de\",\"@id\":\"https:\\\/\\\/www.organisator.ch\\\/en\\\/general\\\/2021-01-20\\\/revotool-ag-hat-viele-gruende-zum-feiern\\\/#primaryimage\",\"url\":\"https:\\\/\\\/www.organisator.ch\\\/wp-content\\\/uploads\\\/2021\\\/01\\\/Revotool-AG-hat-viele-Gruende-zum-Feiern-1_Organisator.jpg\",\"contentUrl\":\"https:\\\/\\\/www.organisator.ch\\\/wp-content\\\/uploads\\\/2021\\\/01\\\/Revotool-AG-hat-viele-Gruende-zum-Feiern-1_Organisator.jpg\",\"width\":680,\"height\":452,\"caption\":\"Er will mit hochqualitativen Werkzeugen und Verbrauchsprodukten sowie den dazu passenden Serviceleistungen f\u00fcr den Bau und das Baunebengewerbe weiter wachsen: David Meier, Inhaber und Gesch\u00e4ftsf\u00fchrer der Revotool AG. (Bild: zVg)\"},{\"@type\":\"BreadcrumbList\",\"@id\":\"https:\\\/\\\/www.organisator.ch\\\/en\\\/general\\\/2021-01-20\\\/revotool-ag-hat-viele-gruende-zum-feiern\\\/#breadcrumb\",\"itemListElement\":[{\"@type\":\"ListItem\",\"position\":1,\"name\":\"Home\",\"item\":\"https:\\\/\\\/www.organisator.ch\\\/\"},{\"@type\":\"ListItem\",\"position\":2,\"name\":\"Revotool AG hat viele Gr\u00fcnde zum Feiern\"}]},{\"@type\":\"WebSite\",\"@id\":\"https:\\\/\\\/www.organisator.ch\\\/#website\",\"url\":\"https:\\\/\\\/www.organisator.ch\\\/\",\"name\":\"Organisator\",\"description\":\"Kompetent. Praxisnah. Der ORGANISATOR bereitet in 10 Ausgaben pro Jahr die wesentlichen Themen f\u00fcr F\u00fchrungskr\u00e4fte von KMU auf.\",\"publisher\":{\"@id\":\"https:\\\/\\\/www.organisator.ch\\\/#organization\"},\"potentialAction\":[{\"@type\":\"SearchAction\",\"target\":{\"@type\":\"EntryPoint\",\"urlTemplate\":\"https:\\\/\\\/www.organisator.ch\\\/?s={search_term_string}\"},\"query-input\":{\"@type\":\"PropertyValueSpecification\",\"valueRequired\":true,\"valueName\":\"search_term_string\"}}],\"inLanguage\":\"de\"},{\"@type\":\"Organization\",\"@id\":\"https:\\\/\\\/www.organisator.ch\\\/#organization\",\"name\":\"Organisator\",\"url\":\"https:\\\/\\\/www.organisator.ch\\\/\",\"logo\":{\"@type\":\"ImageObject\",\"inLanguage\":\"de\",\"@id\":\"https:\\\/\\\/www.organisator.ch\\\/#\\\/schema\\\/logo\\\/image\\\/\",\"url\":\"https:\\\/\\\/www.organisator.ch\\\/wp-content\\\/uploads\\\/2022\\\/01\\\/Logo_Organisator_Website.png\",\"contentUrl\":\"https:\\\/\\\/www.organisator.ch\\\/wp-content\\\/uploads\\\/2022\\\/01\\\/Logo_Organisator_Website.png\",\"width\":800,\"height\":77,\"caption\":\"Organisator\"},\"image\":{\"@id\":\"https:\\\/\\\/www.organisator.ch\\\/#\\\/schema\\\/logo\\\/image\\\/\"},\"sameAs\":[\"https:\\\/\\\/www.facebook.com\\\/OrganisatorFachmagazin\",\"https:\\\/\\\/www.linkedin.com\\\/showcase\\\/organisator-das-magazin-fr-kmu\",\"https:\\\/\\\/www.xing.com\\\/news\\\/pages\\\/organisator-ch-695\",\"https:\\\/\\\/www.youtube.com\\\/channel\\\/UCGP2Sq0iWaZwT3BdIAQFYpw\"]},{\"@type\":\"Person\",\"@id\":\"https:\\\/\\\/www.organisator.ch\\\/#\\\/schema\\\/person\\\/6f650f90b2842cd4c0cc334b4e36f67e\",\"name\":\"thomas.berner\",\"image\":{\"@type\":\"ImageObject\",\"inLanguage\":\"de\",\"@id\":\"https:\\\/\\\/secure.gravatar.com\\\/avatar\\\/ac5001d2a36cb6c6cd3e50789007ffca834b477b74a2144564522e944eabff61?s=96&d=mm&r=g\",\"url\":\"https:\\\/\\\/secure.gravatar.com\\\/avatar\\\/ac5001d2a36cb6c6cd3e50789007ffca834b477b74a2144564522e944eabff61?s=96&d=mm&r=g\",\"contentUrl\":\"https:\\\/\\\/secure.gravatar.com\\\/avatar\\\/ac5001d2a36cb6c6cd3e50789007ffca834b477b74a2144564522e944eabff61?s=96&d=mm&r=g\",\"caption\":\"thomas.berner\"},\"url\":\"https:\\\/\\\/www.organisator.ch\\\/de\\\/author\\\/thomas-berner\\\/\"}]}<\/script>\n<!-- \/ Yoast SEO plugin. -->","yoast_head_json":{"title":"Revotool AG hat viele Gr\u00fcnde zum Feiern - Organisator","description":"Die Revotool AG ist in der Schweiz und in \u00d6sterreich auf sehr vielen Baustellen und Werkhallen pr\u00e4sent. Das Unternehmen feiert nun das 30-Jahr-Jubil\u00e4um.","robots":{"index":"index","follow":"follow","max-snippet":"max-snippet:-1","max-image-preview":"max-image-preview:large","max-video-preview":"max-video-preview:-1"},"canonical":"https:\/\/www.organisator.ch\/de\/allgemein\/2021-01-20\/revotool-ag-hat-viele-gruende-zum-feiern\/","og_locale":"de_DE","og_type":"article","og_title":"Revotool AG hat viele Gr\u00fcnde zum Feiern","og_description":"Die Revotool AG ist in der Schweiz und in \u00d6sterreich auf sehr vielen Baustellen und Werkhallen pr\u00e4sent. Das Unternehmen feiert nun das 30-Jahr-Jubil\u00e4um.","og_url":"https:\/\/www.organisator.ch\/de\/allgemein\/2021-01-20\/revotool-ag-hat-viele-gruende-zum-feiern\/","og_site_name":"Organisator","article_publisher":"https:\/\/www.facebook.com\/OrganisatorFachmagazin","article_published_time":"2021-01-20T06:28:46+00:00","og_image":[{"width":680,"height":452,"url":"https:\/\/www.organisator.ch\/wp-content\/uploads\/2021\/01\/Revotool-AG-hat-viele-Gruende-zum-Feiern-1_Organisator.jpg","type":"image\/jpeg"}],"author":"thomas.berner","twitter_card":"summary_large_image","twitter_title":"#Revotool AG hat viele Gr\u00fcnde zum Feiern","twitter_description":"Die #Revotool AG ist in der Schweiz und in \u00d6sterreich auf sehr vielen Baustellen und Werkhallen pr\u00e4sent. Das Unternehmen feiert nun das #30-Jahr-Jubil\u00e4um.","twitter_image":"https:\/\/www.organisator.ch\/wp-content\/uploads\/2021\/01\/Revotool-AG-hat-viele-Gruende-zum-Feiern-1_Organisator.jpg","schema":{"@context":"https:\/\/schema.org","@graph":[{"@type":"Article","@id":"https:\/\/www.organisator.ch\/en\/general\/2021-01-20\/revotool-ag-hat-viele-gruende-zum-feiern\/#article","isPartOf":{"@id":"https:\/\/www.organisator.ch\/en\/general\/2021-01-20\/revotool-ag-hat-viele-gruende-zum-feiern\/"},"author":{"name":"thomas.berner","@id":"https:\/\/www.organisator.ch\/#\/schema\/person\/6f650f90b2842cd4c0cc334b4e36f67e"},"headline":"Revotool AG hat viele Gr\u00fcnde zum Feiern","datePublished":"2021-01-20T06:28:46+00:00","mainEntityOfPage":{"@id":"https:\/\/www.organisator.ch\/en\/general\/2021-01-20\/revotool-ag-hat-viele-gruende-zum-feiern\/"},"wordCount":499,"publisher":{"@id":"https:\/\/www.organisator.ch\/#organization"},"image":{"@id":"https:\/\/www.organisator.ch\/en\/general\/2021-01-20\/revotool-ag-hat-viele-gruende-zum-feiern\/#primaryimage"},"thumbnailUrl":"https:\/\/www.organisator.ch\/wp-content\/uploads\/2021\/01\/Revotool-AG-hat-viele-Gruende-zum-Feiern-1_Organisator.jpg","keywords":["Firmenjubil\u00e4um","Management und Unternehmensf\u00fchrung","Unternehmen"],"inLanguage":"de"},{"@type":"WebPage","@id":"https:\/\/www.organisator.ch\/en\/general\/2021-01-20\/revotool-ag-hat-viele-gruende-zum-feiern\/","url":"https:\/\/www.organisator.ch\/en\/general\/2021-01-20\/revotool-ag-hat-viele-gruende-zum-feiern\/","name":"Revotool AG hat viele Gr\u00fcnde zum Feiern - Organisator","isPartOf":{"@id":"https:\/\/www.organisator.ch\/#website"},"primaryImageOfPage":{"@id":"https:\/\/www.organisator.ch\/en\/general\/2021-01-20\/revotool-ag-hat-viele-gruende-zum-feiern\/#primaryimage"},"image":{"@id":"https:\/\/www.organisator.ch\/en\/general\/2021-01-20\/revotool-ag-hat-viele-gruende-zum-feiern\/#primaryimage"},"thumbnailUrl":"https:\/\/www.organisator.ch\/wp-content\/uploads\/2021\/01\/Revotool-AG-hat-viele-Gruende-zum-Feiern-1_Organisator.jpg","datePublished":"2021-01-20T06:28:46+00:00","description":"Die Revotool AG ist in der Schweiz und in \u00d6sterreich auf sehr vielen Baustellen und Werkhallen pr\u00e4sent. Das Unternehmen feiert nun das 30-Jahr-Jubil\u00e4um.","breadcrumb":{"@id":"https:\/\/www.organisator.ch\/en\/general\/2021-01-20\/revotool-ag-hat-viele-gruende-zum-feiern\/#breadcrumb"},"inLanguage":"de","potentialAction":[{"@type":"ReadAction","target":["https:\/\/www.organisator.ch\/en\/general\/2021-01-20\/revotool-ag-hat-viele-gruende-zum-feiern\/"]}]},{"@type":"ImageObject","inLanguage":"de","@id":"https:\/\/www.organisator.ch\/en\/general\/2021-01-20\/revotool-ag-hat-viele-gruende-zum-feiern\/#primaryimage","url":"https:\/\/www.organisator.ch\/wp-content\/uploads\/2021\/01\/Revotool-AG-hat-viele-Gruende-zum-Feiern-1_Organisator.jpg","contentUrl":"https:\/\/www.organisator.ch\/wp-content\/uploads\/2021\/01\/Revotool-AG-hat-viele-Gruende-zum-Feiern-1_Organisator.jpg","width":680,"height":452,"caption":"Er will mit hochqualitativen Werkzeugen und Verbrauchsprodukten sowie den dazu passenden Serviceleistungen f\u00fcr den Bau und das Baunebengewerbe weiter wachsen: David Meier, Inhaber und Gesch\u00e4ftsf\u00fchrer der Revotool AG. (Bild: zVg)"},{"@type":"BreadcrumbList","@id":"https:\/\/www.organisator.ch\/en\/general\/2021-01-20\/revotool-ag-hat-viele-gruende-zum-feiern\/#breadcrumb","itemListElement":[{"@type":"ListItem","position":1,"name":"Home","item":"https:\/\/www.organisator.ch\/"},{"@type":"ListItem","position":2,"name":"Revotool AG hat viele Gr\u00fcnde zum Feiern"}]},{"@type":"WebSite","@id":"https:\/\/www.organisator.ch\/#website","url":"https:\/\/www.organisator.ch\/","name":"Organisator","description":"Kompetent. Praxisnah. Der ORGANISATOR bereitet in 10 Ausgaben pro Jahr die wesentlichen Themen f\u00fcr F\u00fchrungskr\u00e4fte von KMU auf.","publisher":{"@id":"https:\/\/www.organisator.ch\/#organization"},"potentialAction":[{"@type":"SearchAction","target":{"@type":"EntryPoint","urlTemplate":"https:\/\/www.organisator.ch\/?s={search_term_string}"},"query-input":{"@type":"PropertyValueSpecification","valueRequired":true,"valueName":"search_term_string"}}],"inLanguage":"de"},{"@type":"Organization","@id":"https:\/\/www.organisator.ch\/#organization","name":"Organisator","url":"https:\/\/www.organisator.ch\/","logo":{"@type":"ImageObject","inLanguage":"de","@id":"https:\/\/www.organisator.ch\/#\/schema\/logo\/image\/","url":"https:\/\/www.organisator.ch\/wp-content\/uploads\/2022\/01\/Logo_Organisator_Website.png","contentUrl":"https:\/\/www.organisator.ch\/wp-content\/uploads\/2022\/01\/Logo_Organisator_Website.png","width":800,"height":77,"caption":"Organisator"},"image":{"@id":"https:\/\/www.organisator.ch\/#\/schema\/logo\/image\/"},"sameAs":["https:\/\/www.facebook.com\/OrganisatorFachmagazin","https:\/\/www.linkedin.com\/showcase\/organisator-das-magazin-fr-kmu","https:\/\/www.xing.com\/news\/pages\/organisator-ch-695","https:\/\/www.youtube.com\/channel\/UCGP2Sq0iWaZwT3BdIAQFYpw"]},{"@type":"Person","@id":"https:\/\/www.organisator.ch\/#\/schema\/person\/6f650f90b2842cd4c0cc334b4e36f67e","name":"thomas.berner","image":{"@type":"ImageObject","inLanguage":"de","@id":"https:\/\/secure.gravatar.com\/avatar\/ac5001d2a36cb6c6cd3e50789007ffca834b477b74a2144564522e944eabff61?s=96&d=mm&r=g","url":"https:\/\/secure.gravatar.com\/avatar\/ac5001d2a36cb6c6cd3e50789007ffca834b477b74a2144564522e944eabff61?s=96&d=mm&r=g","contentUrl":"https:\/\/secure.gravatar.com\/avatar\/ac5001d2a36cb6c6cd3e50789007ffca834b477b74a2144564522e944eabff61?s=96&d=mm&r=g","caption":"thomas.berner"},"url":"https:\/\/www.organisator.ch\/de\/author\/thomas-berner\/"}]}},"_links":{"self":[{"href":"https:\/\/www.organisator.ch\/de\/wp-json\/wp\/v2\/posts\/7534","targetHints":{"allow":["GET"]}}],"collection":[{"href":"https:\/\/www.organisator.ch\/de\/wp-json\/wp\/v2\/posts"}],"about":[{"href":"https:\/\/www.organisator.ch\/de\/wp-json\/wp\/v2\/types\/post"}],"author":[{"embeddable":true,"href":"https:\/\/www.organisator.ch\/de\/wp-json\/wp\/v2\/users\/4"}],"replies":[{"embeddable":true,"href":"https:\/\/www.organisator.ch\/de\/wp-json\/wp\/v2\/comments?post=7534"}],"version-history":[{"count":0,"href":"https:\/\/www.organisator.ch\/de\/wp-json\/wp\/v2\/posts\/7534\/revisions"}],"wp:featuredmedia":[{"embeddable":true,"href":"https:\/\/www.organisator.ch\/de\/wp-json\/wp\/v2\/media\/7535"}],"wp:attachment":[{"href":"https:\/\/www.organisator.ch\/de\/wp-json\/wp\/v2\/media?parent=7534"}],"wp:term":[{"taxonomy":"category","embeddable":true,"href":"https:\/\/www.organisator.ch\/de\/wp-json\/wp\/v2\/categories?post=7534"},{"taxonomy":"post_tag","embeddable":true,"href":"https:\/\/www.organisator.ch\/de\/wp-json\/wp\/v2\/tags?post=7534"}],"curies":[{"name":"wp","href":"https:\/\/api.w.org\/{rel}","templated":true}]}}