{"id":7598,"date":"2021-02-02T15:55:40","date_gmt":"2021-02-02T14:55:40","guid":{"rendered":"https:\/\/www.organisator.ch\/?p=7598"},"modified":"2021-02-02T15:55:40","modified_gmt":"2021-02-02T14:55:40","slug":"jobangebote-mit-homeoffice-moeglichkeit-florieren","status":"publish","type":"post","link":"https:\/\/www.organisator.ch\/de\/human-resources\/hrm\/2021-02-02\/jobangebote-mit-homeoffice-moeglichkeit-florieren\/","title":{"rendered":"Jobangebote mit Homeoffice-M\u00f6glichkeit florieren"},"content":{"rendered":"<figure id=\"attachment_7600\" aria-describedby=\"caption-attachment-7600\" style=\"width: 680px\" class=\"wp-caption alignnone\"><img loading=\"lazy\" decoding=\"async\" class=\"size-medium wp-image-7600\" src=\"https:\/\/www.organisator.ch\/wp-content\/uploads\/2021\/02\/Jobangebote-mit-Homeoffice-Moeglichkeit-florieren-1_Organisator.jpg\" alt=\"\" width=\"680\" height=\"453\" srcset=\"https:\/\/www.organisator.ch\/wp-content\/uploads\/2021\/02\/Jobangebote-mit-Homeoffice-Moeglichkeit-florieren-1_Organisator.jpg 680w, https:\/\/www.organisator.ch\/wp-content\/uploads\/2021\/02\/Jobangebote-mit-Homeoffice-Moeglichkeit-florieren-1_Organisator-16x12.jpg 16w, https:\/\/www.organisator.ch\/wp-content\/uploads\/2021\/02\/Jobangebote-mit-Homeoffice-Moeglichkeit-florieren-1_Organisator-263x175.jpg 263w, https:\/\/www.organisator.ch\/wp-content\/uploads\/2021\/02\/Jobangebote-mit-Homeoffice-Moeglichkeit-florieren-1_Organisator-525x350.jpg 525w, https:\/\/www.organisator.ch\/wp-content\/uploads\/2021\/02\/Jobangebote-mit-Homeoffice-Moeglichkeit-florieren-1_Organisator-300x200.jpg 300w\" sizes=\"auto, (max-width: 680px) 100vw, 680px\" \/><figcaption id=\"caption-attachment-7600\" class=\"wp-caption-text\">So ver\u00e4ndern sich Jobangebote: Die Coronakrise treibt Stelleninserate mit angebotener Homeoffice-M\u00f6glichkeit in die H\u00f6he. (Bild: Pixabay.com)<\/figcaption><\/figure>\n<p>Die neueste Ausgabe der JobCloud Market Insights zeigt, dass der Anteil an Jobinseraten, die eine Homeoffice-M\u00f6glichkeit erw\u00e4hnen, auf jobs.ch, dem nach eigenen Angaben beliebtesten Jobportal in der Deutschschweiz, zwischen M\u00e4rz 2019 und Dezember 2020 um 190% gestiegen ist. Die Analyse auf jobup.ch, dem gr\u00f6ssten Online-Jobportal der Westschweiz ergibt, dass sich dort der Anteil sogar fast vervierfacht hat. \u00abAuch wenn die M\u00f6glichkeit zu Homeoffice momentan nur bei zwei bis drei Prozent aller Jobinserate erw\u00e4hnt wird, so hat die Coronakrise Homeoffice dennoch einen kr\u00e4ftigen Schub gegeben. Die Bedeutung von Homeoffice und anderen flexiblen Arbeitsformen wird in Zukunft weiter zunehmen\u00bb, so Davide Villa, CEO von JobCloud. Dr. Nicoline Scheidegger von der ZHAW, die die Untersuchung der Jobangebote wissenschaftlich begleitet hat, erg\u00e4nzt: \u00abDie Pandemie hat den Unternehmen zum Sprung in die digitale Zukunft verholfen. Statt monatelange Changeprozesse gelang es ihnen quasi \u00fcber Nacht, Homeoffice zu erm\u00f6glichen und selbst Vorstellungsgespr\u00e4che digital zu bewerkstelligen. Vielerorts werden diese Errungenschaften zur neuen Normalit\u00e4t, auch nach der Pandemie.\u00bb<\/p>\n<figure id=\"attachment_7599\" aria-describedby=\"caption-attachment-7599\" style=\"width: 680px\" class=\"wp-caption alignnone\"><img loading=\"lazy\" decoding=\"async\" class=\"size-medium wp-image-7599\" src=\"https:\/\/www.organisator.ch\/wp-content\/uploads\/2021\/02\/Jobangebote-mit-Homeoffice-Moeglichkeit-florieren_Organisator.jpg\" alt=\"\" width=\"680\" height=\"470\" srcset=\"https:\/\/www.organisator.ch\/wp-content\/uploads\/2021\/02\/Jobangebote-mit-Homeoffice-Moeglichkeit-florieren_Organisator.jpg 680w, https:\/\/www.organisator.ch\/wp-content\/uploads\/2021\/02\/Jobangebote-mit-Homeoffice-Moeglichkeit-florieren_Organisator-16x12.jpg 16w, https:\/\/www.organisator.ch\/wp-content\/uploads\/2021\/02\/Jobangebote-mit-Homeoffice-Moeglichkeit-florieren_Organisator-253x175.jpg 253w, https:\/\/www.organisator.ch\/wp-content\/uploads\/2021\/02\/Jobangebote-mit-Homeoffice-Moeglichkeit-florieren_Organisator-506x350.jpg 506w, https:\/\/www.organisator.ch\/wp-content\/uploads\/2021\/02\/Jobangebote-mit-Homeoffice-Moeglichkeit-florieren_Organisator-300x207.jpg 300w\" sizes=\"auto, (max-width: 680px) 100vw, 680px\" \/><figcaption id=\"caption-attachment-7599\" class=\"wp-caption-text\">Homeoffice-Nennungen steigt massiv an seit Anfang 2019. (Grafik: Jobcloud \/ zhaw)<\/figcaption><\/figure>\n<h2>Jobangebote in Informatik und Medien sind beim Homeoffice f\u00fchrend<\/h2>\n<p>Naturgem\u00e4ss wird Homeoffice vor allem in den Branchen angeboten, wo ein Arbeiten von zu Hause aus gut durchf\u00fchrbar ist. Besonders h\u00e4ufig wird Homeoffice in Stelleninseraten der Branchen Informatik (7%) und Medien (4%) in der deutschen Schweiz bzw. Verb\u00e4nde (4%), Bildungswesen (3%) und Informatik (2%) in der Romandie erw\u00e4hnt. Bemerkenswert ist jedoch, dass der Zuwachs an Homeoffice-Nennungen im Coronajahr 2020 in den anderen Branchen deutlich h\u00f6her ausfiel. \u00abDie Zuw\u00e4chse zeigen, dass sich Homeoffice auch in eher traditionell gef\u00fchrten Branchen weiterentwickelt, wie etwa in der Finanz- oder Versicherungsbranche\u00bb, so Villa weiter.<\/p>\n<h2>Mehr Homeoffice-M\u00f6glichkeit erh\u00f6ht die Bereitschaft f\u00fcr eine l\u00e4ngere Pendelzeit<\/h2>\n<p>Der Arbeitsweg ist ein entscheidendes Kriterium bei der Jobsuche. Erhalten die Arbeitnehmerinnen und Arbeinehmer jedoch mehr Flexibilit\u00e4t, f\u00e4llt der Arbeitsweg weniger ins Gewicht und werden andere Kriterien entscheidend. Das zeigt sich bei der Pendelbereitschaft der Mitarbeitenden. Die JobCloud-Umfrage hat ergeben, dass 65% der Mitarbeitenden in der Deutschschweiz und sogar 70% der Westschweizer eine l\u00e4ngere Pendelzeit in Kauf nehmen w\u00fcrden, wenn sie im Gegensatz dazu mehr Flexibilit\u00e4t betreffend Heimarbeit erhalten. \u00abDies f\u00fchrt dazu, dass sich der Arbeitsmarkt f\u00fcr Kandidatinnen und Kandidaten vergr\u00f6ssert, da Jobangebote f\u00fcr ein gr\u00f6sseres Gebiet in Frage kommen. Bieten Unternehmen die M\u00f6glichkeit zu Homeoffice, so k\u00f6nnen sie mit einer gr\u00f6sseren Anzahl an passenden Bewerbungen rechnen\u00bb, so Davide Villa abschliessend.<\/p>\n<p><em>Quelle: <a href=\"http:\/\/www.jobcloud.ch\">JobCloud AG<\/a><\/em><\/p>\n","protected":false},"excerpt":{"rendered":"<p>Die neueste Ausgabe der JobCloud Market Insights zeigt, dass der Anteil an Jobinseraten, die eine Homeoffice-M\u00f6glichkeit erw\u00e4hnen, auf jobs.ch, dem nach eigenen Angaben beliebtesten Jobportal in der Deutschschweiz, zwischen M\u00e4rz 2019 und Dezember 2020 um 190% gestiegen ist. Die Analyse auf jobup.ch, dem gr\u00f6ssten Online-Jobportal der Westschweiz ergibt, dass sich dort der Anteil sogar fast [&hellip;]<\/p>\n","protected":false},"author":4,"featured_media":7600,"comment_status":"closed","ping_status":"closed","sticky":false,"template":"","format":"standard","meta":{"_acf_changed":false,"_yoast_wpseo_focuskw":"Jobangebote","_yoast_wpseo_metadesc":"Die Coronakrise hat dazu gef\u00fchrt, dass die Anzahl der Jobangebote, in denen Homeoffice erw\u00e4hnt wird, stark gestiegen ist.","articlekey":"","footnotes":""},"categories":[26],"tags":[47,251,254,407],"class_list":["post-7598","post","type-post","status-publish","format-standard","has-post-thumbnail","hentry","category-hrm","tag-arbeitsmarkt","tag-homeoffice","tag-hrm","tag-recruiting"],"acf":[],"yoast_head":"<!-- This site is optimized with the Yoast SEO plugin v27.4 - https:\/\/yoast.com\/product\/yoast-seo-wordpress\/ -->\n<title>Jobangebote mit Homeoffice-M\u00f6glichkeit florieren - Organisator<\/title>\n<meta name=\"description\" content=\"Die Coronakrise hat dazu gef\u00fchrt, dass die Anzahl der Jobangebote, in denen Homeoffice erw\u00e4hnt wird, stark gestiegen ist.\" \/>\n<meta name=\"robots\" content=\"index, follow, max-snippet:-1, max-image-preview:large, max-video-preview:-1\" \/>\n<link rel=\"canonical\" href=\"https:\/\/www.organisator.ch\/de\/human-resources\/hrm\/2021-02-02\/jobangebote-mit-homeoffice-moeglichkeit-florieren\/\" \/>\n<meta property=\"og:locale\" content=\"de_DE\" \/>\n<meta property=\"og:type\" content=\"article\" \/>\n<meta property=\"og:title\" content=\"Jobangebote mit Homeoffice-M\u00f6glichkeit florieren\" \/>\n<meta property=\"og:description\" content=\"Die Coronakrise hat dazu gef\u00fchrt, dass die Anzahl der Jobangebote, in denen Homeoffice erw\u00e4hnt wird, stark gestiegen ist.\" \/>\n<meta property=\"og:url\" content=\"https:\/\/www.organisator.ch\/de\/human-resources\/hrm\/2021-02-02\/jobangebote-mit-homeoffice-moeglichkeit-florieren\/\" \/>\n<meta property=\"og:site_name\" content=\"Organisator\" \/>\n<meta property=\"article:publisher\" content=\"https:\/\/www.facebook.com\/OrganisatorFachmagazin\" \/>\n<meta property=\"article:published_time\" content=\"2021-02-02T14:55:40+00:00\" \/>\n<meta property=\"og:image\" content=\"https:\/\/www.organisator.ch\/wp-content\/uploads\/2021\/02\/Jobangebote-mit-Homeoffice-Moeglichkeit-florieren-1_Organisator.jpg\" \/>\n\t<meta property=\"og:image:width\" content=\"680\" \/>\n\t<meta property=\"og:image:height\" content=\"453\" \/>\n\t<meta property=\"og:image:type\" content=\"image\/jpeg\" \/>\n<meta name=\"author\" content=\"thomas.berner\" \/>\n<meta name=\"twitter:card\" content=\"summary_large_image\" \/>\n<meta name=\"twitter:title\" content=\"#Jobangebote mit #Homeoffice-M\u00f6glichkeit florieren\" \/>\n<meta name=\"twitter:description\" content=\"Die #Coronakrise hat dazu gef\u00fchrt, dass die Anzahl der #Jobangebote, in denen #Homeoffice erw\u00e4hnt wird, stark gestiegen ist.\" \/>\n<meta name=\"twitter:image\" content=\"https:\/\/www.organisator.ch\/wp-content\/uploads\/2021\/02\/Jobangebote-mit-Homeoffice-Moeglichkeit-florieren-1_Organisator.jpg\" \/>\n<script type=\"application\/ld+json\" class=\"yoast-schema-graph\">{\"@context\":\"https:\\\/\\\/schema.org\",\"@graph\":[{\"@type\":\"Article\",\"@id\":\"https:\\\/\\\/www.organisator.ch\\\/human-resources\\\/hrm\\\/2021-02-02\\\/jobangebote-mit-homeoffice-moeglichkeit-florieren\\\/#article\",\"isPartOf\":{\"@id\":\"https:\\\/\\\/www.organisator.ch\\\/human-resources\\\/hrm\\\/2021-02-02\\\/jobangebote-mit-homeoffice-moeglichkeit-florieren\\\/\"},\"author\":{\"name\":\"thomas.berner\",\"@id\":\"https:\\\/\\\/www.organisator.ch\\\/#\\\/schema\\\/person\\\/6f650f90b2842cd4c0cc334b4e36f67e\"},\"headline\":\"Jobangebote mit Homeoffice-M\u00f6glichkeit florieren\",\"datePublished\":\"2021-02-02T14:55:40+00:00\",\"mainEntityOfPage\":{\"@id\":\"https:\\\/\\\/www.organisator.ch\\\/human-resources\\\/hrm\\\/2021-02-02\\\/jobangebote-mit-homeoffice-moeglichkeit-florieren\\\/\"},\"wordCount\":456,\"publisher\":{\"@id\":\"https:\\\/\\\/www.organisator.ch\\\/#organization\"},\"image\":{\"@id\":\"https:\\\/\\\/www.organisator.ch\\\/human-resources\\\/hrm\\\/2021-02-02\\\/jobangebote-mit-homeoffice-moeglichkeit-florieren\\\/#primaryimage\"},\"thumbnailUrl\":\"https:\\\/\\\/www.organisator.ch\\\/wp-content\\\/uploads\\\/2021\\\/02\\\/Jobangebote-mit-Homeoffice-Moeglichkeit-florieren-1_Organisator.jpg\",\"keywords\":[\"Arbeitsmarkt\",\"Homeoffice\",\"HRM\",\"Recruiting\"],\"articleSection\":[\"HRM\"],\"inLanguage\":\"de\"},{\"@type\":\"WebPage\",\"@id\":\"https:\\\/\\\/www.organisator.ch\\\/human-resources\\\/hrm\\\/2021-02-02\\\/jobangebote-mit-homeoffice-moeglichkeit-florieren\\\/\",\"url\":\"https:\\\/\\\/www.organisator.ch\\\/human-resources\\\/hrm\\\/2021-02-02\\\/jobangebote-mit-homeoffice-moeglichkeit-florieren\\\/\",\"name\":\"Jobangebote mit Homeoffice-M\u00f6glichkeit florieren - Organisator\",\"isPartOf\":{\"@id\":\"https:\\\/\\\/www.organisator.ch\\\/#website\"},\"primaryImageOfPage\":{\"@id\":\"https:\\\/\\\/www.organisator.ch\\\/human-resources\\\/hrm\\\/2021-02-02\\\/jobangebote-mit-homeoffice-moeglichkeit-florieren\\\/#primaryimage\"},\"image\":{\"@id\":\"https:\\\/\\\/www.organisator.ch\\\/human-resources\\\/hrm\\\/2021-02-02\\\/jobangebote-mit-homeoffice-moeglichkeit-florieren\\\/#primaryimage\"},\"thumbnailUrl\":\"https:\\\/\\\/www.organisator.ch\\\/wp-content\\\/uploads\\\/2021\\\/02\\\/Jobangebote-mit-Homeoffice-Moeglichkeit-florieren-1_Organisator.jpg\",\"datePublished\":\"2021-02-02T14:55:40+00:00\",\"description\":\"Die Coronakrise hat dazu gef\u00fchrt, dass die Anzahl der Jobangebote, in denen Homeoffice erw\u00e4hnt wird, stark gestiegen ist.\",\"breadcrumb\":{\"@id\":\"https:\\\/\\\/www.organisator.ch\\\/human-resources\\\/hrm\\\/2021-02-02\\\/jobangebote-mit-homeoffice-moeglichkeit-florieren\\\/#breadcrumb\"},\"inLanguage\":\"de\",\"potentialAction\":[{\"@type\":\"ReadAction\",\"target\":[\"https:\\\/\\\/www.organisator.ch\\\/human-resources\\\/hrm\\\/2021-02-02\\\/jobangebote-mit-homeoffice-moeglichkeit-florieren\\\/\"]}]},{\"@type\":\"ImageObject\",\"inLanguage\":\"de\",\"@id\":\"https:\\\/\\\/www.organisator.ch\\\/human-resources\\\/hrm\\\/2021-02-02\\\/jobangebote-mit-homeoffice-moeglichkeit-florieren\\\/#primaryimage\",\"url\":\"https:\\\/\\\/www.organisator.ch\\\/wp-content\\\/uploads\\\/2021\\\/02\\\/Jobangebote-mit-Homeoffice-Moeglichkeit-florieren-1_Organisator.jpg\",\"contentUrl\":\"https:\\\/\\\/www.organisator.ch\\\/wp-content\\\/uploads\\\/2021\\\/02\\\/Jobangebote-mit-Homeoffice-Moeglichkeit-florieren-1_Organisator.jpg\",\"width\":680,\"height\":453,\"caption\":\"Die Coronakrise treibt Stelleninserate mit angebotener Homeoffice-M\u00f6glichkeit in die H\u00f6he. (Bild: Pixabay.com)\"},{\"@type\":\"BreadcrumbList\",\"@id\":\"https:\\\/\\\/www.organisator.ch\\\/human-resources\\\/hrm\\\/2021-02-02\\\/jobangebote-mit-homeoffice-moeglichkeit-florieren\\\/#breadcrumb\",\"itemListElement\":[{\"@type\":\"ListItem\",\"position\":1,\"name\":\"Home\",\"item\":\"https:\\\/\\\/www.organisator.ch\\\/\"},{\"@type\":\"ListItem\",\"position\":2,\"name\":\"Jobangebote mit Homeoffice-M\u00f6glichkeit florieren\"}]},{\"@type\":\"WebSite\",\"@id\":\"https:\\\/\\\/www.organisator.ch\\\/#website\",\"url\":\"https:\\\/\\\/www.organisator.ch\\\/\",\"name\":\"Organisator\",\"description\":\"Kompetent. Praxisnah. Der ORGANISATOR bereitet in 10 Ausgaben pro Jahr die wesentlichen Themen f\u00fcr F\u00fchrungskr\u00e4fte von KMU auf.\",\"publisher\":{\"@id\":\"https:\\\/\\\/www.organisator.ch\\\/#organization\"},\"potentialAction\":[{\"@type\":\"SearchAction\",\"target\":{\"@type\":\"EntryPoint\",\"urlTemplate\":\"https:\\\/\\\/www.organisator.ch\\\/?s={search_term_string}\"},\"query-input\":{\"@type\":\"PropertyValueSpecification\",\"valueRequired\":true,\"valueName\":\"search_term_string\"}}],\"inLanguage\":\"de\"},{\"@type\":\"Organization\",\"@id\":\"https:\\\/\\\/www.organisator.ch\\\/#organization\",\"name\":\"Organisator\",\"url\":\"https:\\\/\\\/www.organisator.ch\\\/\",\"logo\":{\"@type\":\"ImageObject\",\"inLanguage\":\"de\",\"@id\":\"https:\\\/\\\/www.organisator.ch\\\/#\\\/schema\\\/logo\\\/image\\\/\",\"url\":\"https:\\\/\\\/www.organisator.ch\\\/wp-content\\\/uploads\\\/2022\\\/01\\\/Logo_Organisator_Website.png\",\"contentUrl\":\"https:\\\/\\\/www.organisator.ch\\\/wp-content\\\/uploads\\\/2022\\\/01\\\/Logo_Organisator_Website.png\",\"width\":800,\"height\":77,\"caption\":\"Organisator\"},\"image\":{\"@id\":\"https:\\\/\\\/www.organisator.ch\\\/#\\\/schema\\\/logo\\\/image\\\/\"},\"sameAs\":[\"https:\\\/\\\/www.facebook.com\\\/OrganisatorFachmagazin\",\"https:\\\/\\\/www.linkedin.com\\\/showcase\\\/organisator-das-magazin-fr-kmu\",\"https:\\\/\\\/www.xing.com\\\/news\\\/pages\\\/organisator-ch-695\",\"https:\\\/\\\/www.youtube.com\\\/channel\\\/UCGP2Sq0iWaZwT3BdIAQFYpw\"]},{\"@type\":\"Person\",\"@id\":\"https:\\\/\\\/www.organisator.ch\\\/#\\\/schema\\\/person\\\/6f650f90b2842cd4c0cc334b4e36f67e\",\"name\":\"thomas.berner\",\"image\":{\"@type\":\"ImageObject\",\"inLanguage\":\"de\",\"@id\":\"https:\\\/\\\/secure.gravatar.com\\\/avatar\\\/ac5001d2a36cb6c6cd3e50789007ffca834b477b74a2144564522e944eabff61?s=96&d=mm&r=g\",\"url\":\"https:\\\/\\\/secure.gravatar.com\\\/avatar\\\/ac5001d2a36cb6c6cd3e50789007ffca834b477b74a2144564522e944eabff61?s=96&d=mm&r=g\",\"contentUrl\":\"https:\\\/\\\/secure.gravatar.com\\\/avatar\\\/ac5001d2a36cb6c6cd3e50789007ffca834b477b74a2144564522e944eabff61?s=96&d=mm&r=g\",\"caption\":\"thomas.berner\"},\"url\":\"https:\\\/\\\/www.organisator.ch\\\/de\\\/author\\\/thomas-berner\\\/\"}]}<\/script>\n<!-- \/ Yoast SEO plugin. -->","yoast_head_json":{"title":"Jobangebote mit Homeoffice-M\u00f6glichkeit florieren - Organisator","description":"Die Coronakrise hat dazu gef\u00fchrt, dass die Anzahl der Jobangebote, in denen Homeoffice erw\u00e4hnt wird, stark gestiegen ist.","robots":{"index":"index","follow":"follow","max-snippet":"max-snippet:-1","max-image-preview":"max-image-preview:large","max-video-preview":"max-video-preview:-1"},"canonical":"https:\/\/www.organisator.ch\/de\/human-resources\/hrm\/2021-02-02\/jobangebote-mit-homeoffice-moeglichkeit-florieren\/","og_locale":"de_DE","og_type":"article","og_title":"Jobangebote mit Homeoffice-M\u00f6glichkeit florieren","og_description":"Die Coronakrise hat dazu gef\u00fchrt, dass die Anzahl der Jobangebote, in denen Homeoffice erw\u00e4hnt wird, stark gestiegen ist.","og_url":"https:\/\/www.organisator.ch\/de\/human-resources\/hrm\/2021-02-02\/jobangebote-mit-homeoffice-moeglichkeit-florieren\/","og_site_name":"Organisator","article_publisher":"https:\/\/www.facebook.com\/OrganisatorFachmagazin","article_published_time":"2021-02-02T14:55:40+00:00","og_image":[{"width":680,"height":453,"url":"https:\/\/www.organisator.ch\/wp-content\/uploads\/2021\/02\/Jobangebote-mit-Homeoffice-Moeglichkeit-florieren-1_Organisator.jpg","type":"image\/jpeg"}],"author":"thomas.berner","twitter_card":"summary_large_image","twitter_title":"#Jobangebote mit #Homeoffice-M\u00f6glichkeit florieren","twitter_description":"Die #Coronakrise hat dazu gef\u00fchrt, dass die Anzahl der #Jobangebote, in denen #Homeoffice erw\u00e4hnt wird, stark gestiegen ist.","twitter_image":"https:\/\/www.organisator.ch\/wp-content\/uploads\/2021\/02\/Jobangebote-mit-Homeoffice-Moeglichkeit-florieren-1_Organisator.jpg","schema":{"@context":"https:\/\/schema.org","@graph":[{"@type":"Article","@id":"https:\/\/www.organisator.ch\/human-resources\/hrm\/2021-02-02\/jobangebote-mit-homeoffice-moeglichkeit-florieren\/#article","isPartOf":{"@id":"https:\/\/www.organisator.ch\/human-resources\/hrm\/2021-02-02\/jobangebote-mit-homeoffice-moeglichkeit-florieren\/"},"author":{"name":"thomas.berner","@id":"https:\/\/www.organisator.ch\/#\/schema\/person\/6f650f90b2842cd4c0cc334b4e36f67e"},"headline":"Jobangebote mit Homeoffice-M\u00f6glichkeit florieren","datePublished":"2021-02-02T14:55:40+00:00","mainEntityOfPage":{"@id":"https:\/\/www.organisator.ch\/human-resources\/hrm\/2021-02-02\/jobangebote-mit-homeoffice-moeglichkeit-florieren\/"},"wordCount":456,"publisher":{"@id":"https:\/\/www.organisator.ch\/#organization"},"image":{"@id":"https:\/\/www.organisator.ch\/human-resources\/hrm\/2021-02-02\/jobangebote-mit-homeoffice-moeglichkeit-florieren\/#primaryimage"},"thumbnailUrl":"https:\/\/www.organisator.ch\/wp-content\/uploads\/2021\/02\/Jobangebote-mit-Homeoffice-Moeglichkeit-florieren-1_Organisator.jpg","keywords":["Arbeitsmarkt","Homeoffice","HRM","Recruiting"],"articleSection":["HRM"],"inLanguage":"de"},{"@type":"WebPage","@id":"https:\/\/www.organisator.ch\/human-resources\/hrm\/2021-02-02\/jobangebote-mit-homeoffice-moeglichkeit-florieren\/","url":"https:\/\/www.organisator.ch\/human-resources\/hrm\/2021-02-02\/jobangebote-mit-homeoffice-moeglichkeit-florieren\/","name":"Jobangebote mit Homeoffice-M\u00f6glichkeit florieren - Organisator","isPartOf":{"@id":"https:\/\/www.organisator.ch\/#website"},"primaryImageOfPage":{"@id":"https:\/\/www.organisator.ch\/human-resources\/hrm\/2021-02-02\/jobangebote-mit-homeoffice-moeglichkeit-florieren\/#primaryimage"},"image":{"@id":"https:\/\/www.organisator.ch\/human-resources\/hrm\/2021-02-02\/jobangebote-mit-homeoffice-moeglichkeit-florieren\/#primaryimage"},"thumbnailUrl":"https:\/\/www.organisator.ch\/wp-content\/uploads\/2021\/02\/Jobangebote-mit-Homeoffice-Moeglichkeit-florieren-1_Organisator.jpg","datePublished":"2021-02-02T14:55:40+00:00","description":"Die Coronakrise hat dazu gef\u00fchrt, dass die Anzahl der Jobangebote, in denen Homeoffice erw\u00e4hnt wird, stark gestiegen ist.","breadcrumb":{"@id":"https:\/\/www.organisator.ch\/human-resources\/hrm\/2021-02-02\/jobangebote-mit-homeoffice-moeglichkeit-florieren\/#breadcrumb"},"inLanguage":"de","potentialAction":[{"@type":"ReadAction","target":["https:\/\/www.organisator.ch\/human-resources\/hrm\/2021-02-02\/jobangebote-mit-homeoffice-moeglichkeit-florieren\/"]}]},{"@type":"ImageObject","inLanguage":"de","@id":"https:\/\/www.organisator.ch\/human-resources\/hrm\/2021-02-02\/jobangebote-mit-homeoffice-moeglichkeit-florieren\/#primaryimage","url":"https:\/\/www.organisator.ch\/wp-content\/uploads\/2021\/02\/Jobangebote-mit-Homeoffice-Moeglichkeit-florieren-1_Organisator.jpg","contentUrl":"https:\/\/www.organisator.ch\/wp-content\/uploads\/2021\/02\/Jobangebote-mit-Homeoffice-Moeglichkeit-florieren-1_Organisator.jpg","width":680,"height":453,"caption":"Die Coronakrise treibt Stelleninserate mit angebotener Homeoffice-M\u00f6glichkeit in die H\u00f6he. (Bild: Pixabay.com)"},{"@type":"BreadcrumbList","@id":"https:\/\/www.organisator.ch\/human-resources\/hrm\/2021-02-02\/jobangebote-mit-homeoffice-moeglichkeit-florieren\/#breadcrumb","itemListElement":[{"@type":"ListItem","position":1,"name":"Home","item":"https:\/\/www.organisator.ch\/"},{"@type":"ListItem","position":2,"name":"Jobangebote mit Homeoffice-M\u00f6glichkeit florieren"}]},{"@type":"WebSite","@id":"https:\/\/www.organisator.ch\/#website","url":"https:\/\/www.organisator.ch\/","name":"Organisator","description":"Kompetent. Praxisnah. Der ORGANISATOR bereitet in 10 Ausgaben pro Jahr die wesentlichen Themen f\u00fcr F\u00fchrungskr\u00e4fte von KMU auf.","publisher":{"@id":"https:\/\/www.organisator.ch\/#organization"},"potentialAction":[{"@type":"SearchAction","target":{"@type":"EntryPoint","urlTemplate":"https:\/\/www.organisator.ch\/?s={search_term_string}"},"query-input":{"@type":"PropertyValueSpecification","valueRequired":true,"valueName":"search_term_string"}}],"inLanguage":"de"},{"@type":"Organization","@id":"https:\/\/www.organisator.ch\/#organization","name":"Organisator","url":"https:\/\/www.organisator.ch\/","logo":{"@type":"ImageObject","inLanguage":"de","@id":"https:\/\/www.organisator.ch\/#\/schema\/logo\/image\/","url":"https:\/\/www.organisator.ch\/wp-content\/uploads\/2022\/01\/Logo_Organisator_Website.png","contentUrl":"https:\/\/www.organisator.ch\/wp-content\/uploads\/2022\/01\/Logo_Organisator_Website.png","width":800,"height":77,"caption":"Organisator"},"image":{"@id":"https:\/\/www.organisator.ch\/#\/schema\/logo\/image\/"},"sameAs":["https:\/\/www.facebook.com\/OrganisatorFachmagazin","https:\/\/www.linkedin.com\/showcase\/organisator-das-magazin-fr-kmu","https:\/\/www.xing.com\/news\/pages\/organisator-ch-695","https:\/\/www.youtube.com\/channel\/UCGP2Sq0iWaZwT3BdIAQFYpw"]},{"@type":"Person","@id":"https:\/\/www.organisator.ch\/#\/schema\/person\/6f650f90b2842cd4c0cc334b4e36f67e","name":"thomas.berner","image":{"@type":"ImageObject","inLanguage":"de","@id":"https:\/\/secure.gravatar.com\/avatar\/ac5001d2a36cb6c6cd3e50789007ffca834b477b74a2144564522e944eabff61?s=96&d=mm&r=g","url":"https:\/\/secure.gravatar.com\/avatar\/ac5001d2a36cb6c6cd3e50789007ffca834b477b74a2144564522e944eabff61?s=96&d=mm&r=g","contentUrl":"https:\/\/secure.gravatar.com\/avatar\/ac5001d2a36cb6c6cd3e50789007ffca834b477b74a2144564522e944eabff61?s=96&d=mm&r=g","caption":"thomas.berner"},"url":"https:\/\/www.organisator.ch\/de\/author\/thomas-berner\/"}]}},"_links":{"self":[{"href":"https:\/\/www.organisator.ch\/de\/wp-json\/wp\/v2\/posts\/7598","targetHints":{"allow":["GET"]}}],"collection":[{"href":"https:\/\/www.organisator.ch\/de\/wp-json\/wp\/v2\/posts"}],"about":[{"href":"https:\/\/www.organisator.ch\/de\/wp-json\/wp\/v2\/types\/post"}],"author":[{"embeddable":true,"href":"https:\/\/www.organisator.ch\/de\/wp-json\/wp\/v2\/users\/4"}],"replies":[{"embeddable":true,"href":"https:\/\/www.organisator.ch\/de\/wp-json\/wp\/v2\/comments?post=7598"}],"version-history":[{"count":0,"href":"https:\/\/www.organisator.ch\/de\/wp-json\/wp\/v2\/posts\/7598\/revisions"}],"wp:featuredmedia":[{"embeddable":true,"href":"https:\/\/www.organisator.ch\/de\/wp-json\/wp\/v2\/media\/7600"}],"wp:attachment":[{"href":"https:\/\/www.organisator.ch\/de\/wp-json\/wp\/v2\/media?parent=7598"}],"wp:term":[{"taxonomy":"category","embeddable":true,"href":"https:\/\/www.organisator.ch\/de\/wp-json\/wp\/v2\/categories?post=7598"},{"taxonomy":"post_tag","embeddable":true,"href":"https:\/\/www.organisator.ch\/de\/wp-json\/wp\/v2\/tags?post=7598"}],"curies":[{"name":"wp","href":"https:\/\/api.w.org\/{rel}","templated":true}]}}