{"id":76,"date":"2015-11-28T10:26:32","date_gmt":"2015-11-28T09:26:32","guid":{"rendered":"https:\/\/dev.umweltperspektiven.ch\/?p=76"},"modified":"2022-02-09T11:06:26","modified_gmt":"2022-02-09T10:06:26","slug":"foerderprogramm-fuer-mobile-pelletheizungen-lanciert","status":"publish","type":"post","link":"https:\/\/www.organisator.ch\/de\/sustainability\/2015-11-28\/foerderprogramm-fuer-mobile-pelletheizungen-lanciert\/","title":{"rendered":"F\u00f6rderprogramm f\u00fcr mobile Pelletheizungen lanciert"},"content":{"rendered":"<figure id=\"attachment_77\" aria-describedby=\"caption-attachment-77\" style=\"width: 680px\" class=\"wp-caption alignnone\"><a href=\"\/\/dev.umweltperspektiven.ch\/wp-content\/uploads\/2016\/12\/F\u00f6rderprogramm-f\u00fcr-mobile-Pelletheizungen-lanciert-umweltperspektiven.jpg\"><img loading=\"lazy\" decoding=\"async\" class=\"size-medium wp-image-77\" src=\"\/\/dev.umweltperspektiven.ch\/wp-content\/uploads\/2016\/12\/F\u00f6rderprogramm-f\u00fcr-mobile-Pelletheizungen-lanciert-umweltperspektiven.jpg\" alt=\"Mobile Pelletheizungen eignen sich etwa f\u00fcr die Heizung von Eventzelten oder f\u00fcr die Baustellentrocknung.\" width=\"680\" height=\"454\" \/><\/a><figcaption id=\"caption-attachment-77\" class=\"wp-caption-text\">Mobile Pelletheizungen eignen sich etwa f\u00fcr die Heizung von Eventzelten oder f\u00fcr die Baustellentrocknung.<\/figcaption><\/figure>\n<p>Die Stiftung\u00a0KliK\u00a0erwartet, dass dank seinem neuen\u00a0Programm &#8222;Mobile Heizungen&#8220; bis 2020 in der Schweiz \u00fcber 50\u2018000 Tonnen CO\u2082 durch den Ersatz von fossil betriebenen mobilen Heizungen eingespart werden k\u00f6nnen. Daf\u00fcr werden insgesamt \u00fcber CHF 4 Millionen bereitgestellt.<\/p>\n<p>Mobile Heizungen werden vorwiegend auf Baustellen zur Bautrocknung, im Eventbereich zur Zeltbeheizung und in der Landwirtschaft zur Heutrocknung eingesetzt. Da die zu beheizenden Geb\u00e4ude oder Zelte in der Regel nicht isoliert sind, muss mit einem hohen Brennstoffverbrauch sehr viel Heizenergie erzeugt werden, welche grossenteils ungenutzt in die Atmosph\u00e4re verpufft. Rund 12\u2018000 mobile Heizger\u00e4te werden aktuell schweizweit eingesetzt, diese sind fast ausschliesslich mit fossilen Brennstoffen betrieben und emittieren j\u00e4hrlich mehr als 300\u2018000 Tonnen CO\u2082\u2013 Tendenz steigend.<\/p>\n<p>Seit kurzem sind mit Pellets betriebene mobile Heizungen auf dem Schweizer Markt erh\u00e4ltlich. Diese mobilen Pelletheizungen sind umweltfreundlich, da CO\u2082-neutral, technisch ausgereift, zuverl\u00e4ssig und einfach zu bedienen. Mit der Teilnahme am Programm \u201eMobile Heizungen\u201c kommen die Besitzer solcher mobilen Pelletheizungen in den Genuss von F\u00f6rderbeitr\u00e4gen von typischerweise mehreren tausend Schweizerfranken pro Jahr. Das Programm st\u00f6sst in der Branche auf reges Interesse und verzeichnet schon mehr als 150 Anmeldungen &#8211;\u00a0 fast t\u00e4glich kommen weitere Anmeldungen hinzu.<\/p>\n","protected":false},"excerpt":{"rendered":"<p>Die Stiftung\u00a0KliK\u00a0erwartet, dass dank seinem neuen\u00a0Programm &#8222;Mobile Heizungen&#8220; bis 2020 in der Schweiz \u00fcber 50\u2018000 Tonnen CO\u2082 durch den Ersatz von fossil betriebenen mobilen Heizungen eingespart werden k\u00f6nnen. Daf\u00fcr werden insgesamt \u00fcber CHF 4 Millionen bereitgestellt. Mobile Heizungen werden vorwiegend auf Baustellen zur Bautrocknung, im Eventbereich zur Zeltbeheizung und in der Landwirtschaft zur Heutrocknung eingesetzt. [&hellip;]<\/p>\n","protected":false},"author":1,"featured_media":9336,"comment_status":"open","ping_status":"open","sticky":false,"template":"","format":"standard","meta":{"_acf_changed":false,"_yoast_wpseo_focuskw":"Pelletheizungen","_yoast_wpseo_metadesc":"Die Stiftung KliK f\u00f6rdert den Einsatz von mobilen Pelletheizungen mit seinem neuen F\u00f6rderprogramm.","articlekey":"","footnotes":""},"categories":[580],"tags":[1215,1502,1891,455],"class_list":["post-76","post","type-post","status-publish","format-standard","has-post-thumbnail","hentry","category-sustainability","tag-foerderung","tag-klik","tag-pelletheizung","tag-stiftung"],"acf":[],"yoast_head":"<!-- This site is optimized with the Yoast SEO plugin v27.4 - https:\/\/yoast.com\/product\/yoast-seo-wordpress\/ -->\n<title>F\u00f6rderprogramm f\u00fcr mobile Pelletheizungen lanciert - Organisator<\/title>\n<meta name=\"description\" content=\"Die Stiftung KliK f\u00f6rdert den Einsatz von mobilen Pelletheizungen mit seinem neuen F\u00f6rderprogramm.\" \/>\n<meta name=\"robots\" content=\"index, follow, max-snippet:-1, max-image-preview:large, max-video-preview:-1\" \/>\n<link rel=\"canonical\" href=\"https:\/\/www.organisator.ch\/de\/sustainability\/2015-11-28\/foerderprogramm-fuer-mobile-pelletheizungen-lanciert\/\" \/>\n<meta property=\"og:locale\" content=\"de_DE\" \/>\n<meta property=\"og:type\" content=\"article\" \/>\n<meta property=\"og:title\" content=\"F\u00f6rderprogramm f\u00fcr mobile Pelletheizungen lanciert - Organisator\" \/>\n<meta property=\"og:description\" content=\"Die Stiftung KliK f\u00f6rdert den Einsatz von mobilen Pelletheizungen mit seinem neuen F\u00f6rderprogramm.\" \/>\n<meta property=\"og:url\" content=\"https:\/\/www.organisator.ch\/de\/sustainability\/2015-11-28\/foerderprogramm-fuer-mobile-pelletheizungen-lanciert\/\" \/>\n<meta property=\"og:site_name\" content=\"Organisator\" \/>\n<meta property=\"article:publisher\" content=\"https:\/\/www.facebook.com\/OrganisatorFachmagazin\" \/>\n<meta property=\"article:published_time\" content=\"2015-11-28T09:26:32+00:00\" \/>\n<meta property=\"article:modified_time\" content=\"2022-02-09T10:06:26+00:00\" \/>\n<meta property=\"og:image\" content=\"https:\/\/www.organisator.ch\/wp-content\/uploads\/2016\/12\/Foerderprogramm-fuer-mobile-Pelletheizungen-lanciert-umweltperspektiven.jpg\" \/>\n\t<meta property=\"og:image:width\" content=\"1000\" \/>\n\t<meta property=\"og:image:height\" content=\"667\" \/>\n\t<meta property=\"og:image:type\" content=\"image\/jpeg\" \/>\n<meta name=\"author\" content=\"admin\" \/>\n<meta name=\"twitter:card\" content=\"summary_large_image\" \/>\n<script type=\"application\/ld+json\" class=\"yoast-schema-graph\">{\"@context\":\"https:\\\/\\\/schema.org\",\"@graph\":[{\"@type\":\"Article\",\"@id\":\"https:\\\/\\\/www.organisator.ch\\\/sustainability\\\/2015-11-28\\\/foerderprogramm-fuer-mobile-pelletheizungen-lanciert\\\/#article\",\"isPartOf\":{\"@id\":\"https:\\\/\\\/www.organisator.ch\\\/sustainability\\\/2015-11-28\\\/foerderprogramm-fuer-mobile-pelletheizungen-lanciert\\\/\"},\"author\":{\"name\":\"admin\",\"@id\":\"https:\\\/\\\/www.organisator.ch\\\/#\\\/schema\\\/person\\\/aa2bace6c5c5aad60102004a50c4eb1c\"},\"headline\":\"F\u00f6rderprogramm f\u00fcr mobile Pelletheizungen lanciert\",\"datePublished\":\"2015-11-28T09:26:32+00:00\",\"dateModified\":\"2022-02-09T10:06:26+00:00\",\"mainEntityOfPage\":{\"@id\":\"https:\\\/\\\/www.organisator.ch\\\/sustainability\\\/2015-11-28\\\/foerderprogramm-fuer-mobile-pelletheizungen-lanciert\\\/\"},\"wordCount\":226,\"commentCount\":0,\"publisher\":{\"@id\":\"https:\\\/\\\/www.organisator.ch\\\/#organization\"},\"image\":{\"@id\":\"https:\\\/\\\/www.organisator.ch\\\/sustainability\\\/2015-11-28\\\/foerderprogramm-fuer-mobile-pelletheizungen-lanciert\\\/#primaryimage\"},\"thumbnailUrl\":\"https:\\\/\\\/www.organisator.ch\\\/wp-content\\\/uploads\\\/2016\\\/12\\\/Foerderprogramm-fuer-mobile-Pelletheizungen-lanciert-umweltperspektiven.jpg\",\"keywords\":[\"F\u00f6rderung\",\"Klik\",\"Pelletheizung\",\"Stiftung\"],\"articleSection\":[\"SUSTAINABILITY\"],\"inLanguage\":\"de\"},{\"@type\":\"WebPage\",\"@id\":\"https:\\\/\\\/www.organisator.ch\\\/sustainability\\\/2015-11-28\\\/foerderprogramm-fuer-mobile-pelletheizungen-lanciert\\\/\",\"url\":\"https:\\\/\\\/www.organisator.ch\\\/sustainability\\\/2015-11-28\\\/foerderprogramm-fuer-mobile-pelletheizungen-lanciert\\\/\",\"name\":\"F\u00f6rderprogramm f\u00fcr mobile Pelletheizungen lanciert - Organisator\",\"isPartOf\":{\"@id\":\"https:\\\/\\\/www.organisator.ch\\\/#website\"},\"primaryImageOfPage\":{\"@id\":\"https:\\\/\\\/www.organisator.ch\\\/sustainability\\\/2015-11-28\\\/foerderprogramm-fuer-mobile-pelletheizungen-lanciert\\\/#primaryimage\"},\"image\":{\"@id\":\"https:\\\/\\\/www.organisator.ch\\\/sustainability\\\/2015-11-28\\\/foerderprogramm-fuer-mobile-pelletheizungen-lanciert\\\/#primaryimage\"},\"thumbnailUrl\":\"https:\\\/\\\/www.organisator.ch\\\/wp-content\\\/uploads\\\/2016\\\/12\\\/Foerderprogramm-fuer-mobile-Pelletheizungen-lanciert-umweltperspektiven.jpg\",\"datePublished\":\"2015-11-28T09:26:32+00:00\",\"dateModified\":\"2022-02-09T10:06:26+00:00\",\"description\":\"Die Stiftung KliK f\u00f6rdert den Einsatz von mobilen Pelletheizungen mit seinem neuen F\u00f6rderprogramm.\",\"breadcrumb\":{\"@id\":\"https:\\\/\\\/www.organisator.ch\\\/sustainability\\\/2015-11-28\\\/foerderprogramm-fuer-mobile-pelletheizungen-lanciert\\\/#breadcrumb\"},\"inLanguage\":\"de\",\"potentialAction\":[{\"@type\":\"ReadAction\",\"target\":[\"https:\\\/\\\/www.organisator.ch\\\/sustainability\\\/2015-11-28\\\/foerderprogramm-fuer-mobile-pelletheizungen-lanciert\\\/\"]}]},{\"@type\":\"ImageObject\",\"inLanguage\":\"de\",\"@id\":\"https:\\\/\\\/www.organisator.ch\\\/sustainability\\\/2015-11-28\\\/foerderprogramm-fuer-mobile-pelletheizungen-lanciert\\\/#primaryimage\",\"url\":\"https:\\\/\\\/www.organisator.ch\\\/wp-content\\\/uploads\\\/2016\\\/12\\\/Foerderprogramm-fuer-mobile-Pelletheizungen-lanciert-umweltperspektiven.jpg\",\"contentUrl\":\"https:\\\/\\\/www.organisator.ch\\\/wp-content\\\/uploads\\\/2016\\\/12\\\/Foerderprogramm-fuer-mobile-Pelletheizungen-lanciert-umweltperspektiven.jpg\",\"width\":1000,\"height\":667,\"caption\":\"Mobile Pelletheizungen eignen sich etwa f\u00fcr die Heizung von Eventzelten oder f\u00fcr die Baustellentrocknung.\"},{\"@type\":\"BreadcrumbList\",\"@id\":\"https:\\\/\\\/www.organisator.ch\\\/sustainability\\\/2015-11-28\\\/foerderprogramm-fuer-mobile-pelletheizungen-lanciert\\\/#breadcrumb\",\"itemListElement\":[{\"@type\":\"ListItem\",\"position\":1,\"name\":\"Home\",\"item\":\"https:\\\/\\\/www.organisator.ch\\\/\"},{\"@type\":\"ListItem\",\"position\":2,\"name\":\"F\u00f6rderprogramm f\u00fcr mobile Pelletheizungen lanciert\"}]},{\"@type\":\"WebSite\",\"@id\":\"https:\\\/\\\/www.organisator.ch\\\/#website\",\"url\":\"https:\\\/\\\/www.organisator.ch\\\/\",\"name\":\"Organisator\",\"description\":\"Kompetent. Praxisnah. Der ORGANISATOR bereitet in 10 Ausgaben pro Jahr die wesentlichen Themen f\u00fcr F\u00fchrungskr\u00e4fte von KMU auf.\",\"publisher\":{\"@id\":\"https:\\\/\\\/www.organisator.ch\\\/#organization\"},\"potentialAction\":[{\"@type\":\"SearchAction\",\"target\":{\"@type\":\"EntryPoint\",\"urlTemplate\":\"https:\\\/\\\/www.organisator.ch\\\/?s={search_term_string}\"},\"query-input\":{\"@type\":\"PropertyValueSpecification\",\"valueRequired\":true,\"valueName\":\"search_term_string\"}}],\"inLanguage\":\"de\"},{\"@type\":\"Organization\",\"@id\":\"https:\\\/\\\/www.organisator.ch\\\/#organization\",\"name\":\"Organisator\",\"url\":\"https:\\\/\\\/www.organisator.ch\\\/\",\"logo\":{\"@type\":\"ImageObject\",\"inLanguage\":\"de\",\"@id\":\"https:\\\/\\\/www.organisator.ch\\\/#\\\/schema\\\/logo\\\/image\\\/\",\"url\":\"https:\\\/\\\/www.organisator.ch\\\/wp-content\\\/uploads\\\/2022\\\/01\\\/Logo_Organisator_Website.png\",\"contentUrl\":\"https:\\\/\\\/www.organisator.ch\\\/wp-content\\\/uploads\\\/2022\\\/01\\\/Logo_Organisator_Website.png\",\"width\":800,\"height\":77,\"caption\":\"Organisator\"},\"image\":{\"@id\":\"https:\\\/\\\/www.organisator.ch\\\/#\\\/schema\\\/logo\\\/image\\\/\"},\"sameAs\":[\"https:\\\/\\\/www.facebook.com\\\/OrganisatorFachmagazin\",\"https:\\\/\\\/www.linkedin.com\\\/showcase\\\/organisator-das-magazin-fr-kmu\",\"https:\\\/\\\/www.xing.com\\\/news\\\/pages\\\/organisator-ch-695\",\"https:\\\/\\\/www.youtube.com\\\/channel\\\/UCGP2Sq0iWaZwT3BdIAQFYpw\"]},{\"@type\":\"Person\",\"@id\":\"https:\\\/\\\/www.organisator.ch\\\/#\\\/schema\\\/person\\\/aa2bace6c5c5aad60102004a50c4eb1c\",\"name\":\"admin\",\"image\":{\"@type\":\"ImageObject\",\"inLanguage\":\"de\",\"@id\":\"https:\\\/\\\/secure.gravatar.com\\\/avatar\\\/ae2f4d718e6c49043e314ce431e7e645d646302a24a5ef5a8bc8e3f5a032e319?s=96&d=mm&r=g\",\"url\":\"https:\\\/\\\/secure.gravatar.com\\\/avatar\\\/ae2f4d718e6c49043e314ce431e7e645d646302a24a5ef5a8bc8e3f5a032e319?s=96&d=mm&r=g\",\"contentUrl\":\"https:\\\/\\\/secure.gravatar.com\\\/avatar\\\/ae2f4d718e6c49043e314ce431e7e645d646302a24a5ef5a8bc8e3f5a032e319?s=96&d=mm&r=g\",\"caption\":\"admin\"},\"sameAs\":[\"https:\\\/\\\/www.organisator.ch\"],\"url\":\"https:\\\/\\\/www.organisator.ch\\\/de\\\/author\\\/admin\\\/\"}]}<\/script>\n<!-- \/ Yoast SEO plugin. -->","yoast_head_json":{"title":"F\u00f6rderprogramm f\u00fcr mobile Pelletheizungen lanciert - Organisator","description":"Die Stiftung KliK f\u00f6rdert den Einsatz von mobilen Pelletheizungen mit seinem neuen F\u00f6rderprogramm.","robots":{"index":"index","follow":"follow","max-snippet":"max-snippet:-1","max-image-preview":"max-image-preview:large","max-video-preview":"max-video-preview:-1"},"canonical":"https:\/\/www.organisator.ch\/de\/sustainability\/2015-11-28\/foerderprogramm-fuer-mobile-pelletheizungen-lanciert\/","og_locale":"de_DE","og_type":"article","og_title":"F\u00f6rderprogramm f\u00fcr mobile Pelletheizungen lanciert - Organisator","og_description":"Die Stiftung KliK f\u00f6rdert den Einsatz von mobilen Pelletheizungen mit seinem neuen F\u00f6rderprogramm.","og_url":"https:\/\/www.organisator.ch\/de\/sustainability\/2015-11-28\/foerderprogramm-fuer-mobile-pelletheizungen-lanciert\/","og_site_name":"Organisator","article_publisher":"https:\/\/www.facebook.com\/OrganisatorFachmagazin","article_published_time":"2015-11-28T09:26:32+00:00","article_modified_time":"2022-02-09T10:06:26+00:00","og_image":[{"width":1000,"height":667,"url":"https:\/\/www.organisator.ch\/wp-content\/uploads\/2016\/12\/Foerderprogramm-fuer-mobile-Pelletheizungen-lanciert-umweltperspektiven.jpg","type":"image\/jpeg"}],"author":"admin","twitter_card":"summary_large_image","schema":{"@context":"https:\/\/schema.org","@graph":[{"@type":"Article","@id":"https:\/\/www.organisator.ch\/sustainability\/2015-11-28\/foerderprogramm-fuer-mobile-pelletheizungen-lanciert\/#article","isPartOf":{"@id":"https:\/\/www.organisator.ch\/sustainability\/2015-11-28\/foerderprogramm-fuer-mobile-pelletheizungen-lanciert\/"},"author":{"name":"admin","@id":"https:\/\/www.organisator.ch\/#\/schema\/person\/aa2bace6c5c5aad60102004a50c4eb1c"},"headline":"F\u00f6rderprogramm f\u00fcr mobile Pelletheizungen lanciert","datePublished":"2015-11-28T09:26:32+00:00","dateModified":"2022-02-09T10:06:26+00:00","mainEntityOfPage":{"@id":"https:\/\/www.organisator.ch\/sustainability\/2015-11-28\/foerderprogramm-fuer-mobile-pelletheizungen-lanciert\/"},"wordCount":226,"commentCount":0,"publisher":{"@id":"https:\/\/www.organisator.ch\/#organization"},"image":{"@id":"https:\/\/www.organisator.ch\/sustainability\/2015-11-28\/foerderprogramm-fuer-mobile-pelletheizungen-lanciert\/#primaryimage"},"thumbnailUrl":"https:\/\/www.organisator.ch\/wp-content\/uploads\/2016\/12\/Foerderprogramm-fuer-mobile-Pelletheizungen-lanciert-umweltperspektiven.jpg","keywords":["F\u00f6rderung","Klik","Pelletheizung","Stiftung"],"articleSection":["SUSTAINABILITY"],"inLanguage":"de"},{"@type":"WebPage","@id":"https:\/\/www.organisator.ch\/sustainability\/2015-11-28\/foerderprogramm-fuer-mobile-pelletheizungen-lanciert\/","url":"https:\/\/www.organisator.ch\/sustainability\/2015-11-28\/foerderprogramm-fuer-mobile-pelletheizungen-lanciert\/","name":"F\u00f6rderprogramm f\u00fcr mobile Pelletheizungen lanciert - Organisator","isPartOf":{"@id":"https:\/\/www.organisator.ch\/#website"},"primaryImageOfPage":{"@id":"https:\/\/www.organisator.ch\/sustainability\/2015-11-28\/foerderprogramm-fuer-mobile-pelletheizungen-lanciert\/#primaryimage"},"image":{"@id":"https:\/\/www.organisator.ch\/sustainability\/2015-11-28\/foerderprogramm-fuer-mobile-pelletheizungen-lanciert\/#primaryimage"},"thumbnailUrl":"https:\/\/www.organisator.ch\/wp-content\/uploads\/2016\/12\/Foerderprogramm-fuer-mobile-Pelletheizungen-lanciert-umweltperspektiven.jpg","datePublished":"2015-11-28T09:26:32+00:00","dateModified":"2022-02-09T10:06:26+00:00","description":"Die Stiftung KliK f\u00f6rdert den Einsatz von mobilen Pelletheizungen mit seinem neuen F\u00f6rderprogramm.","breadcrumb":{"@id":"https:\/\/www.organisator.ch\/sustainability\/2015-11-28\/foerderprogramm-fuer-mobile-pelletheizungen-lanciert\/#breadcrumb"},"inLanguage":"de","potentialAction":[{"@type":"ReadAction","target":["https:\/\/www.organisator.ch\/sustainability\/2015-11-28\/foerderprogramm-fuer-mobile-pelletheizungen-lanciert\/"]}]},{"@type":"ImageObject","inLanguage":"de","@id":"https:\/\/www.organisator.ch\/sustainability\/2015-11-28\/foerderprogramm-fuer-mobile-pelletheizungen-lanciert\/#primaryimage","url":"https:\/\/www.organisator.ch\/wp-content\/uploads\/2016\/12\/Foerderprogramm-fuer-mobile-Pelletheizungen-lanciert-umweltperspektiven.jpg","contentUrl":"https:\/\/www.organisator.ch\/wp-content\/uploads\/2016\/12\/Foerderprogramm-fuer-mobile-Pelletheizungen-lanciert-umweltperspektiven.jpg","width":1000,"height":667,"caption":"Mobile Pelletheizungen eignen sich etwa f\u00fcr die Heizung von Eventzelten oder f\u00fcr die Baustellentrocknung."},{"@type":"BreadcrumbList","@id":"https:\/\/www.organisator.ch\/sustainability\/2015-11-28\/foerderprogramm-fuer-mobile-pelletheizungen-lanciert\/#breadcrumb","itemListElement":[{"@type":"ListItem","position":1,"name":"Home","item":"https:\/\/www.organisator.ch\/"},{"@type":"ListItem","position":2,"name":"F\u00f6rderprogramm f\u00fcr mobile Pelletheizungen lanciert"}]},{"@type":"WebSite","@id":"https:\/\/www.organisator.ch\/#website","url":"https:\/\/www.organisator.ch\/","name":"Organisator","description":"Kompetent. Praxisnah. Der ORGANISATOR bereitet in 10 Ausgaben pro Jahr die wesentlichen Themen f\u00fcr F\u00fchrungskr\u00e4fte von KMU auf.","publisher":{"@id":"https:\/\/www.organisator.ch\/#organization"},"potentialAction":[{"@type":"SearchAction","target":{"@type":"EntryPoint","urlTemplate":"https:\/\/www.organisator.ch\/?s={search_term_string}"},"query-input":{"@type":"PropertyValueSpecification","valueRequired":true,"valueName":"search_term_string"}}],"inLanguage":"de"},{"@type":"Organization","@id":"https:\/\/www.organisator.ch\/#organization","name":"Organisator","url":"https:\/\/www.organisator.ch\/","logo":{"@type":"ImageObject","inLanguage":"de","@id":"https:\/\/www.organisator.ch\/#\/schema\/logo\/image\/","url":"https:\/\/www.organisator.ch\/wp-content\/uploads\/2022\/01\/Logo_Organisator_Website.png","contentUrl":"https:\/\/www.organisator.ch\/wp-content\/uploads\/2022\/01\/Logo_Organisator_Website.png","width":800,"height":77,"caption":"Organisator"},"image":{"@id":"https:\/\/www.organisator.ch\/#\/schema\/logo\/image\/"},"sameAs":["https:\/\/www.facebook.com\/OrganisatorFachmagazin","https:\/\/www.linkedin.com\/showcase\/organisator-das-magazin-fr-kmu","https:\/\/www.xing.com\/news\/pages\/organisator-ch-695","https:\/\/www.youtube.com\/channel\/UCGP2Sq0iWaZwT3BdIAQFYpw"]},{"@type":"Person","@id":"https:\/\/www.organisator.ch\/#\/schema\/person\/aa2bace6c5c5aad60102004a50c4eb1c","name":"admin","image":{"@type":"ImageObject","inLanguage":"de","@id":"https:\/\/secure.gravatar.com\/avatar\/ae2f4d718e6c49043e314ce431e7e645d646302a24a5ef5a8bc8e3f5a032e319?s=96&d=mm&r=g","url":"https:\/\/secure.gravatar.com\/avatar\/ae2f4d718e6c49043e314ce431e7e645d646302a24a5ef5a8bc8e3f5a032e319?s=96&d=mm&r=g","contentUrl":"https:\/\/secure.gravatar.com\/avatar\/ae2f4d718e6c49043e314ce431e7e645d646302a24a5ef5a8bc8e3f5a032e319?s=96&d=mm&r=g","caption":"admin"},"sameAs":["https:\/\/www.organisator.ch"],"url":"https:\/\/www.organisator.ch\/de\/author\/admin\/"}]}},"_links":{"self":[{"href":"https:\/\/www.organisator.ch\/de\/wp-json\/wp\/v2\/posts\/76","targetHints":{"allow":["GET"]}}],"collection":[{"href":"https:\/\/www.organisator.ch\/de\/wp-json\/wp\/v2\/posts"}],"about":[{"href":"https:\/\/www.organisator.ch\/de\/wp-json\/wp\/v2\/types\/post"}],"author":[{"embeddable":true,"href":"https:\/\/www.organisator.ch\/de\/wp-json\/wp\/v2\/users\/1"}],"replies":[{"embeddable":true,"href":"https:\/\/www.organisator.ch\/de\/wp-json\/wp\/v2\/comments?post=76"}],"version-history":[{"count":1,"href":"https:\/\/www.organisator.ch\/de\/wp-json\/wp\/v2\/posts\/76\/revisions"}],"predecessor-version":[{"id":10633,"href":"https:\/\/www.organisator.ch\/de\/wp-json\/wp\/v2\/posts\/76\/revisions\/10633"}],"wp:featuredmedia":[{"embeddable":true,"href":"https:\/\/www.organisator.ch\/de\/wp-json\/wp\/v2\/media\/9336"}],"wp:attachment":[{"href":"https:\/\/www.organisator.ch\/de\/wp-json\/wp\/v2\/media?parent=76"}],"wp:term":[{"taxonomy":"category","embeddable":true,"href":"https:\/\/www.organisator.ch\/de\/wp-json\/wp\/v2\/categories?post=76"},{"taxonomy":"post_tag","embeddable":true,"href":"https:\/\/www.organisator.ch\/de\/wp-json\/wp\/v2\/tags?post=76"}],"curies":[{"name":"wp","href":"https:\/\/api.w.org\/{rel}","templated":true}]}}