{"id":7637,"date":"2021-02-08T10:50:34","date_gmt":"2021-02-08T09:50:34","guid":{"rendered":"https:\/\/www.organisator.ch\/?p=7637"},"modified":"2021-02-08T10:50:34","modified_gmt":"2021-02-08T09:50:34","slug":"prof-dr-rene-huesler-neu-im-verwaltungsrat-von-graphax","status":"publish","type":"post","link":"https:\/\/www.organisator.ch\/de\/management\/it\/2021-02-08\/prof-dr-rene-huesler-neu-im-verwaltungsrat-von-graphax\/","title":{"rendered":"Prof. Dr. Ren\u00e9 H\u00fcsler neu im Verwaltungsrat von Graphax"},"content":{"rendered":"<figure id=\"attachment_7638\" aria-describedby=\"caption-attachment-7638\" style=\"width: 680px\" class=\"wp-caption alignnone\"><img loading=\"lazy\" decoding=\"async\" class=\"size-medium wp-image-7638\" src=\"https:\/\/www.organisator.ch\/wp-content\/uploads\/2021\/02\/Prof.-Dr.-Rene-Huesler-neu-im-Verwaltungsrat-von-Graphax_Organisator.jpg\" alt=\"\" width=\"680\" height=\"498\" srcset=\"https:\/\/www.organisator.ch\/wp-content\/uploads\/2021\/02\/Prof.-Dr.-Rene-Huesler-neu-im-Verwaltungsrat-von-Graphax_Organisator.jpg 680w, https:\/\/www.organisator.ch\/wp-content\/uploads\/2021\/02\/Prof.-Dr.-Rene-Huesler-neu-im-Verwaltungsrat-von-Graphax_Organisator-16x12.jpg 16w, https:\/\/www.organisator.ch\/wp-content\/uploads\/2021\/02\/Prof.-Dr.-Rene-Huesler-neu-im-Verwaltungsrat-von-Graphax_Organisator-239x175.jpg 239w, https:\/\/www.organisator.ch\/wp-content\/uploads\/2021\/02\/Prof.-Dr.-Rene-Huesler-neu-im-Verwaltungsrat-von-Graphax_Organisator-478x350.jpg 478w, https:\/\/www.organisator.ch\/wp-content\/uploads\/2021\/02\/Prof.-Dr.-Rene-Huesler-neu-im-Verwaltungsrat-von-Graphax_Organisator-300x220.jpg 300w\" sizes=\"auto, (max-width: 680px) 100vw, 680px\" \/><figcaption id=\"caption-attachment-7638\" class=\"wp-caption-text\">Neues Verwaltungsrats-Mitglied bei Graphax AG: Prof. Dr. Ren\u00e9 H\u00fcsler. (Bild: zVg)<\/figcaption><\/figure>\n<p>Prof. Dr. Ren\u00e9 H\u00fcsler ist r\u00fcckwirkend seit 1. Januar 2021 neues Mitglied im Verwaltungsrat der Graphax AG. Der amtierende Direktor der Hochschule Luzern &#8211; Informatik in Rotkreuz und stellvertretende Rektor an der Hochschule Luzern verf\u00fcgt \u00fcber ausgewiesene Fachkompetenz und langj\u00e4hrige Erfahrung in der IT und der strategischen F\u00fchrung von Organisationseinheiten.<\/p>\n<h2>Ren\u00e9 H\u00fcsler: &#8222;Digitalisierung erfordert fortw\u00e4hrende Anpassung der Unternehmensausrichtungen&#8220;<\/h2>\n<p>\u201cWir sind stolz, dass wir Herrn Dr. H\u00fcsler als neues Verwaltungsratsmitglied gewinnen konnten\u201c, erkl\u00e4rt Philippe Oberson, Verwaltungsratspr\u00e4sident der Graphax AG. \u201eHerr H\u00fcsler hat eine beeindruckende wissenschaftliche Expertise. Mit seiner umfassenden Managementerfahrung kann uns Herr H\u00fcsler wertvolle Impulse f\u00fcr die Weiterentwicklung unseres Gesch\u00e4ftsmodells geben.\u201c<\/p>\n<p>Zu seiner Ernennung sagt Prof. Dr. Ren\u00e9 H\u00fcsler: \u201eIch freue mich, dass ich Graphax AG in einer Zeit zur Verf\u00fcgung stehen kann, die von einer gro\u00dfen Wettbewerbsdynamik durch ver\u00e4nderte Kundenbed\u00fcrfnisse gepr\u00e4gt ist. Die sich beschleunigende Digitalisierung erfordert eine fortw\u00e4hrende Anpassung der Unternehmensausrichtungen. Um langfristig als Unternehmen im Markt bestehen zu k\u00f6nnen, bedarf es der verschiedensten Sichtweisen \u2013 hier bringe ich mich gern ein.\u201d<\/p>\n<h2>F\u00fchrender Anbieter von Enterprise Content Management-Systemen<\/h2>\n<p>Graphax AG mit Hauptsitz in Dietikon bei Z\u00fcrich und acht Filialen in der Deutsch- und Westschweiz besch\u00e4ftigt rund 190 Mitarbeiter. Aufgrund des breiten Leistungsspektrums geh\u00f6rt die Firma nach eigenen Angaben zu den f\u00fchrenden Anbietern f\u00fcr innovative Technologien in den Bereichen Enterprise Content Management, IT Services, Printerpark-Bewirtschaftung und Komplettl\u00f6sungen. f\u00fcr den digitalen sowie papiergebunden Dokumentenworkflow im B2B-Umfeld in der Schweiz.<\/p>\n<p><em>Quelle: <a href=\"http:\/\/www.graphax.ch\">Graphax AG<\/a><\/em><\/p>\n","protected":false},"excerpt":{"rendered":"<p>Prof. Dr. Ren\u00e9 H\u00fcsler ist r\u00fcckwirkend seit 1. Januar 2021 neues Mitglied im Verwaltungsrat der Graphax AG. Der amtierende Direktor der Hochschule Luzern &#8211; Informatik in Rotkreuz und stellvertretende Rektor an der Hochschule Luzern verf\u00fcgt \u00fcber ausgewiesene Fachkompetenz und langj\u00e4hrige Erfahrung in der IT und der strategischen F\u00fchrung von Organisationseinheiten. Ren\u00e9 H\u00fcsler: &#8222;Digitalisierung erfordert fortw\u00e4hrende [&hellip;]<\/p>\n","protected":false},"author":4,"featured_media":7638,"comment_status":"closed","ping_status":"closed","sticky":false,"template":"","format":"standard","meta":{"_acf_changed":false,"_yoast_wpseo_focuskw":"Ren\u00e9 H\u00fcsler","_yoast_wpseo_metadesc":"Die Graphax AG mit Sitz in Dietikon ernannte Professor Dr. Ren\u00e9 H\u00fcsler mit Wirkung vom 1. Januar 2021 zum neuen Mitglied ihres Verwaltungsrates.","articlekey":"","footnotes":""},"categories":[27],"tags":[335,381,492,513],"class_list":["post-7637","post","type-post","status-publish","format-standard","has-post-thumbnail","hentry","category-it","tag-management-und-unternehmensfuehrung","tag-personalia","tag-unternehmen","tag-verwaltungsraete"],"acf":[],"yoast_head":"<!-- This site is optimized with the Yoast SEO plugin v27.5 - https:\/\/yoast.com\/product\/yoast-seo-wordpress\/ -->\n<title>Prof. Dr. Ren\u00e9 H\u00fcsler neu im Verwaltungsrat von Graphax - Organisator<\/title>\n<meta name=\"description\" content=\"Die Graphax AG mit Sitz in Dietikon ernannte Professor Dr. Ren\u00e9 H\u00fcsler mit Wirkung vom 1. Januar 2021 zum neuen Mitglied ihres Verwaltungsrates.\" \/>\n<meta name=\"robots\" content=\"index, follow, max-snippet:-1, max-image-preview:large, max-video-preview:-1\" \/>\n<link rel=\"canonical\" href=\"https:\/\/www.organisator.ch\/de\/management\/it\/2021-02-08\/prof-dr-rene-huesler-neu-im-verwaltungsrat-von-graphax\/\" \/>\n<meta property=\"og:locale\" content=\"de_DE\" \/>\n<meta property=\"og:type\" content=\"article\" \/>\n<meta property=\"og:title\" content=\"Prof. Dr. Ren\u00e9 H\u00fcsler neu im Verwaltungsrat von Graphax\" \/>\n<meta property=\"og:description\" content=\"Die Graphax AG mit Sitz in Dietikon ernannte Professor Dr. Ren\u00e9 H\u00fcsler mit Wirkung vom 1. Januar 2021 zum neuen Mitglied ihres Verwaltungsrates.\" \/>\n<meta property=\"og:url\" content=\"https:\/\/www.organisator.ch\/de\/management\/it\/2021-02-08\/prof-dr-rene-huesler-neu-im-verwaltungsrat-von-graphax\/\" \/>\n<meta property=\"og:site_name\" content=\"Organisator\" \/>\n<meta property=\"article:publisher\" content=\"https:\/\/www.facebook.com\/OrganisatorFachmagazin\" \/>\n<meta property=\"article:published_time\" content=\"2021-02-08T09:50:34+00:00\" \/>\n<meta property=\"og:image\" content=\"https:\/\/www.organisator.ch\/wp-content\/uploads\/2021\/02\/Prof.-Dr.-Rene-Huesler-neu-im-Verwaltungsrat-von-Graphax_Organisator.jpg\" \/>\n\t<meta property=\"og:image:width\" content=\"680\" \/>\n\t<meta property=\"og:image:height\" content=\"498\" \/>\n\t<meta property=\"og:image:type\" content=\"image\/jpeg\" \/>\n<meta name=\"author\" content=\"thomas.berner\" \/>\n<meta name=\"twitter:card\" content=\"summary_large_image\" \/>\n<meta name=\"twitter:title\" content=\"Prof. Dr. Ren\u00e9 #H\u00fcsler neu im Verwaltungsrat von #Graphax\" \/>\n<meta name=\"twitter:description\" content=\"Die #Graphax AG mit Sitz in Dietikon ernannte Professor Dr. Ren\u00e9 #H\u00fcsler mit Wirkung vom 1. Januar 2021 zum neuen Mitglied ihres Verwaltungsrates.\" \/>\n<meta name=\"twitter:image\" content=\"https:\/\/www.organisator.ch\/wp-content\/uploads\/2021\/02\/Prof.-Dr.-Rene-Huesler-neu-im-Verwaltungsrat-von-Graphax_Organisator.jpg\" \/>\n<script type=\"application\/ld+json\" class=\"yoast-schema-graph\">{\"@context\":\"https:\\\/\\\/schema.org\",\"@graph\":[{\"@type\":\"Article\",\"@id\":\"https:\\\/\\\/www.organisator.ch\\\/management\\\/it\\\/2021-02-08\\\/prof-dr-rene-huesler-neu-im-verwaltungsrat-von-graphax\\\/#article\",\"isPartOf\":{\"@id\":\"https:\\\/\\\/www.organisator.ch\\\/management\\\/it\\\/2021-02-08\\\/prof-dr-rene-huesler-neu-im-verwaltungsrat-von-graphax\\\/\"},\"author\":{\"name\":\"thomas.berner\",\"@id\":\"https:\\\/\\\/www.organisator.ch\\\/#\\\/schema\\\/person\\\/6f650f90b2842cd4c0cc334b4e36f67e\"},\"headline\":\"Prof. Dr. Ren\u00e9 H\u00fcsler neu im Verwaltungsrat von Graphax\",\"datePublished\":\"2021-02-08T09:50:34+00:00\",\"mainEntityOfPage\":{\"@id\":\"https:\\\/\\\/www.organisator.ch\\\/management\\\/it\\\/2021-02-08\\\/prof-dr-rene-huesler-neu-im-verwaltungsrat-von-graphax\\\/\"},\"wordCount\":288,\"publisher\":{\"@id\":\"https:\\\/\\\/www.organisator.ch\\\/#organization\"},\"image\":{\"@id\":\"https:\\\/\\\/www.organisator.ch\\\/management\\\/it\\\/2021-02-08\\\/prof-dr-rene-huesler-neu-im-verwaltungsrat-von-graphax\\\/#primaryimage\"},\"thumbnailUrl\":\"https:\\\/\\\/www.organisator.ch\\\/wp-content\\\/uploads\\\/2021\\\/02\\\/Prof.-Dr.-Rene-Huesler-neu-im-Verwaltungsrat-von-Graphax_Organisator.jpg\",\"keywords\":[\"Management und Unternehmensf\u00fchrung\",\"Personalia\",\"Unternehmen\",\"Verwaltungsr\u00e4te\"],\"articleSection\":[\"IT\"],\"inLanguage\":\"de\"},{\"@type\":\"WebPage\",\"@id\":\"https:\\\/\\\/www.organisator.ch\\\/management\\\/it\\\/2021-02-08\\\/prof-dr-rene-huesler-neu-im-verwaltungsrat-von-graphax\\\/\",\"url\":\"https:\\\/\\\/www.organisator.ch\\\/management\\\/it\\\/2021-02-08\\\/prof-dr-rene-huesler-neu-im-verwaltungsrat-von-graphax\\\/\",\"name\":\"Prof. Dr. Ren\u00e9 H\u00fcsler neu im Verwaltungsrat von Graphax - Organisator\",\"isPartOf\":{\"@id\":\"https:\\\/\\\/www.organisator.ch\\\/#website\"},\"primaryImageOfPage\":{\"@id\":\"https:\\\/\\\/www.organisator.ch\\\/management\\\/it\\\/2021-02-08\\\/prof-dr-rene-huesler-neu-im-verwaltungsrat-von-graphax\\\/#primaryimage\"},\"image\":{\"@id\":\"https:\\\/\\\/www.organisator.ch\\\/management\\\/it\\\/2021-02-08\\\/prof-dr-rene-huesler-neu-im-verwaltungsrat-von-graphax\\\/#primaryimage\"},\"thumbnailUrl\":\"https:\\\/\\\/www.organisator.ch\\\/wp-content\\\/uploads\\\/2021\\\/02\\\/Prof.-Dr.-Rene-Huesler-neu-im-Verwaltungsrat-von-Graphax_Organisator.jpg\",\"datePublished\":\"2021-02-08T09:50:34+00:00\",\"description\":\"Die Graphax AG mit Sitz in Dietikon ernannte Professor Dr. Ren\u00e9 H\u00fcsler mit Wirkung vom 1. Januar 2021 zum neuen Mitglied ihres Verwaltungsrates.\",\"breadcrumb\":{\"@id\":\"https:\\\/\\\/www.organisator.ch\\\/management\\\/it\\\/2021-02-08\\\/prof-dr-rene-huesler-neu-im-verwaltungsrat-von-graphax\\\/#breadcrumb\"},\"inLanguage\":\"de\",\"potentialAction\":[{\"@type\":\"ReadAction\",\"target\":[\"https:\\\/\\\/www.organisator.ch\\\/management\\\/it\\\/2021-02-08\\\/prof-dr-rene-huesler-neu-im-verwaltungsrat-von-graphax\\\/\"]}]},{\"@type\":\"ImageObject\",\"inLanguage\":\"de\",\"@id\":\"https:\\\/\\\/www.organisator.ch\\\/management\\\/it\\\/2021-02-08\\\/prof-dr-rene-huesler-neu-im-verwaltungsrat-von-graphax\\\/#primaryimage\",\"url\":\"https:\\\/\\\/www.organisator.ch\\\/wp-content\\\/uploads\\\/2021\\\/02\\\/Prof.-Dr.-Rene-Huesler-neu-im-Verwaltungsrat-von-Graphax_Organisator.jpg\",\"contentUrl\":\"https:\\\/\\\/www.organisator.ch\\\/wp-content\\\/uploads\\\/2021\\\/02\\\/Prof.-Dr.-Rene-Huesler-neu-im-Verwaltungsrat-von-Graphax_Organisator.jpg\",\"width\":680,\"height\":498,\"caption\":\"Neues Verwaltungsrats-Mitglied bei Graphax AG: Prof. Dr. Ren\u00e9 H\u00fcsler. (Bild: zVg)\"},{\"@type\":\"BreadcrumbList\",\"@id\":\"https:\\\/\\\/www.organisator.ch\\\/management\\\/it\\\/2021-02-08\\\/prof-dr-rene-huesler-neu-im-verwaltungsrat-von-graphax\\\/#breadcrumb\",\"itemListElement\":[{\"@type\":\"ListItem\",\"position\":1,\"name\":\"Home\",\"item\":\"https:\\\/\\\/www.organisator.ch\\\/\"},{\"@type\":\"ListItem\",\"position\":2,\"name\":\"Prof. Dr. Ren\u00e9 H\u00fcsler neu im Verwaltungsrat von Graphax\"}]},{\"@type\":\"WebSite\",\"@id\":\"https:\\\/\\\/www.organisator.ch\\\/#website\",\"url\":\"https:\\\/\\\/www.organisator.ch\\\/\",\"name\":\"Organisator\",\"description\":\"Kompetent. Praxisnah. Der ORGANISATOR bereitet in 10 Ausgaben pro Jahr die wesentlichen Themen f\u00fcr F\u00fchrungskr\u00e4fte von KMU auf.\",\"publisher\":{\"@id\":\"https:\\\/\\\/www.organisator.ch\\\/#organization\"},\"potentialAction\":[{\"@type\":\"SearchAction\",\"target\":{\"@type\":\"EntryPoint\",\"urlTemplate\":\"https:\\\/\\\/www.organisator.ch\\\/?s={search_term_string}\"},\"query-input\":{\"@type\":\"PropertyValueSpecification\",\"valueRequired\":true,\"valueName\":\"search_term_string\"}}],\"inLanguage\":\"de\"},{\"@type\":\"Organization\",\"@id\":\"https:\\\/\\\/www.organisator.ch\\\/#organization\",\"name\":\"Organisator\",\"url\":\"https:\\\/\\\/www.organisator.ch\\\/\",\"logo\":{\"@type\":\"ImageObject\",\"inLanguage\":\"de\",\"@id\":\"https:\\\/\\\/www.organisator.ch\\\/#\\\/schema\\\/logo\\\/image\\\/\",\"url\":\"https:\\\/\\\/www.organisator.ch\\\/wp-content\\\/uploads\\\/2022\\\/01\\\/Logo_Organisator_Website.png\",\"contentUrl\":\"https:\\\/\\\/www.organisator.ch\\\/wp-content\\\/uploads\\\/2022\\\/01\\\/Logo_Organisator_Website.png\",\"width\":800,\"height\":77,\"caption\":\"Organisator\"},\"image\":{\"@id\":\"https:\\\/\\\/www.organisator.ch\\\/#\\\/schema\\\/logo\\\/image\\\/\"},\"sameAs\":[\"https:\\\/\\\/www.facebook.com\\\/OrganisatorFachmagazin\",\"https:\\\/\\\/www.linkedin.com\\\/showcase\\\/organisator-das-magazin-fr-kmu\",\"https:\\\/\\\/www.xing.com\\\/news\\\/pages\\\/organisator-ch-695\",\"https:\\\/\\\/www.youtube.com\\\/channel\\\/UCGP2Sq0iWaZwT3BdIAQFYpw\"]},{\"@type\":\"Person\",\"@id\":\"https:\\\/\\\/www.organisator.ch\\\/#\\\/schema\\\/person\\\/6f650f90b2842cd4c0cc334b4e36f67e\",\"name\":\"thomas.berner\",\"image\":{\"@type\":\"ImageObject\",\"inLanguage\":\"de\",\"@id\":\"https:\\\/\\\/secure.gravatar.com\\\/avatar\\\/ac5001d2a36cb6c6cd3e50789007ffca834b477b74a2144564522e944eabff61?s=96&d=mm&r=g\",\"url\":\"https:\\\/\\\/secure.gravatar.com\\\/avatar\\\/ac5001d2a36cb6c6cd3e50789007ffca834b477b74a2144564522e944eabff61?s=96&d=mm&r=g\",\"contentUrl\":\"https:\\\/\\\/secure.gravatar.com\\\/avatar\\\/ac5001d2a36cb6c6cd3e50789007ffca834b477b74a2144564522e944eabff61?s=96&d=mm&r=g\",\"caption\":\"thomas.berner\"},\"url\":\"https:\\\/\\\/www.organisator.ch\\\/de\\\/author\\\/thomas-berner\\\/\"}]}<\/script>\n<!-- \/ Yoast SEO plugin. -->","yoast_head_json":{"title":"Prof. Dr. Ren\u00e9 H\u00fcsler neu im Verwaltungsrat von Graphax - Organisator","description":"Die Graphax AG mit Sitz in Dietikon ernannte Professor Dr. Ren\u00e9 H\u00fcsler mit Wirkung vom 1. Januar 2021 zum neuen Mitglied ihres Verwaltungsrates.","robots":{"index":"index","follow":"follow","max-snippet":"max-snippet:-1","max-image-preview":"max-image-preview:large","max-video-preview":"max-video-preview:-1"},"canonical":"https:\/\/www.organisator.ch\/de\/management\/it\/2021-02-08\/prof-dr-rene-huesler-neu-im-verwaltungsrat-von-graphax\/","og_locale":"de_DE","og_type":"article","og_title":"Prof. Dr. Ren\u00e9 H\u00fcsler neu im Verwaltungsrat von Graphax","og_description":"Die Graphax AG mit Sitz in Dietikon ernannte Professor Dr. Ren\u00e9 H\u00fcsler mit Wirkung vom 1. Januar 2021 zum neuen Mitglied ihres Verwaltungsrates.","og_url":"https:\/\/www.organisator.ch\/de\/management\/it\/2021-02-08\/prof-dr-rene-huesler-neu-im-verwaltungsrat-von-graphax\/","og_site_name":"Organisator","article_publisher":"https:\/\/www.facebook.com\/OrganisatorFachmagazin","article_published_time":"2021-02-08T09:50:34+00:00","og_image":[{"width":680,"height":498,"url":"https:\/\/www.organisator.ch\/wp-content\/uploads\/2021\/02\/Prof.-Dr.-Rene-Huesler-neu-im-Verwaltungsrat-von-Graphax_Organisator.jpg","type":"image\/jpeg"}],"author":"thomas.berner","twitter_card":"summary_large_image","twitter_title":"Prof. Dr. Ren\u00e9 #H\u00fcsler neu im Verwaltungsrat von #Graphax","twitter_description":"Die #Graphax AG mit Sitz in Dietikon ernannte Professor Dr. Ren\u00e9 #H\u00fcsler mit Wirkung vom 1. Januar 2021 zum neuen Mitglied ihres Verwaltungsrates.","twitter_image":"https:\/\/www.organisator.ch\/wp-content\/uploads\/2021\/02\/Prof.-Dr.-Rene-Huesler-neu-im-Verwaltungsrat-von-Graphax_Organisator.jpg","schema":{"@context":"https:\/\/schema.org","@graph":[{"@type":"Article","@id":"https:\/\/www.organisator.ch\/management\/it\/2021-02-08\/prof-dr-rene-huesler-neu-im-verwaltungsrat-von-graphax\/#article","isPartOf":{"@id":"https:\/\/www.organisator.ch\/management\/it\/2021-02-08\/prof-dr-rene-huesler-neu-im-verwaltungsrat-von-graphax\/"},"author":{"name":"thomas.berner","@id":"https:\/\/www.organisator.ch\/#\/schema\/person\/6f650f90b2842cd4c0cc334b4e36f67e"},"headline":"Prof. Dr. Ren\u00e9 H\u00fcsler neu im Verwaltungsrat von Graphax","datePublished":"2021-02-08T09:50:34+00:00","mainEntityOfPage":{"@id":"https:\/\/www.organisator.ch\/management\/it\/2021-02-08\/prof-dr-rene-huesler-neu-im-verwaltungsrat-von-graphax\/"},"wordCount":288,"publisher":{"@id":"https:\/\/www.organisator.ch\/#organization"},"image":{"@id":"https:\/\/www.organisator.ch\/management\/it\/2021-02-08\/prof-dr-rene-huesler-neu-im-verwaltungsrat-von-graphax\/#primaryimage"},"thumbnailUrl":"https:\/\/www.organisator.ch\/wp-content\/uploads\/2021\/02\/Prof.-Dr.-Rene-Huesler-neu-im-Verwaltungsrat-von-Graphax_Organisator.jpg","keywords":["Management und Unternehmensf\u00fchrung","Personalia","Unternehmen","Verwaltungsr\u00e4te"],"articleSection":["IT"],"inLanguage":"de"},{"@type":"WebPage","@id":"https:\/\/www.organisator.ch\/management\/it\/2021-02-08\/prof-dr-rene-huesler-neu-im-verwaltungsrat-von-graphax\/","url":"https:\/\/www.organisator.ch\/management\/it\/2021-02-08\/prof-dr-rene-huesler-neu-im-verwaltungsrat-von-graphax\/","name":"Prof. Dr. Ren\u00e9 H\u00fcsler neu im Verwaltungsrat von Graphax - Organisator","isPartOf":{"@id":"https:\/\/www.organisator.ch\/#website"},"primaryImageOfPage":{"@id":"https:\/\/www.organisator.ch\/management\/it\/2021-02-08\/prof-dr-rene-huesler-neu-im-verwaltungsrat-von-graphax\/#primaryimage"},"image":{"@id":"https:\/\/www.organisator.ch\/management\/it\/2021-02-08\/prof-dr-rene-huesler-neu-im-verwaltungsrat-von-graphax\/#primaryimage"},"thumbnailUrl":"https:\/\/www.organisator.ch\/wp-content\/uploads\/2021\/02\/Prof.-Dr.-Rene-Huesler-neu-im-Verwaltungsrat-von-Graphax_Organisator.jpg","datePublished":"2021-02-08T09:50:34+00:00","description":"Die Graphax AG mit Sitz in Dietikon ernannte Professor Dr. Ren\u00e9 H\u00fcsler mit Wirkung vom 1. Januar 2021 zum neuen Mitglied ihres Verwaltungsrates.","breadcrumb":{"@id":"https:\/\/www.organisator.ch\/management\/it\/2021-02-08\/prof-dr-rene-huesler-neu-im-verwaltungsrat-von-graphax\/#breadcrumb"},"inLanguage":"de","potentialAction":[{"@type":"ReadAction","target":["https:\/\/www.organisator.ch\/management\/it\/2021-02-08\/prof-dr-rene-huesler-neu-im-verwaltungsrat-von-graphax\/"]}]},{"@type":"ImageObject","inLanguage":"de","@id":"https:\/\/www.organisator.ch\/management\/it\/2021-02-08\/prof-dr-rene-huesler-neu-im-verwaltungsrat-von-graphax\/#primaryimage","url":"https:\/\/www.organisator.ch\/wp-content\/uploads\/2021\/02\/Prof.-Dr.-Rene-Huesler-neu-im-Verwaltungsrat-von-Graphax_Organisator.jpg","contentUrl":"https:\/\/www.organisator.ch\/wp-content\/uploads\/2021\/02\/Prof.-Dr.-Rene-Huesler-neu-im-Verwaltungsrat-von-Graphax_Organisator.jpg","width":680,"height":498,"caption":"Neues Verwaltungsrats-Mitglied bei Graphax AG: Prof. Dr. Ren\u00e9 H\u00fcsler. (Bild: zVg)"},{"@type":"BreadcrumbList","@id":"https:\/\/www.organisator.ch\/management\/it\/2021-02-08\/prof-dr-rene-huesler-neu-im-verwaltungsrat-von-graphax\/#breadcrumb","itemListElement":[{"@type":"ListItem","position":1,"name":"Home","item":"https:\/\/www.organisator.ch\/"},{"@type":"ListItem","position":2,"name":"Prof. Dr. Ren\u00e9 H\u00fcsler neu im Verwaltungsrat von Graphax"}]},{"@type":"WebSite","@id":"https:\/\/www.organisator.ch\/#website","url":"https:\/\/www.organisator.ch\/","name":"Organisator","description":"Kompetent. Praxisnah. Der ORGANISATOR bereitet in 10 Ausgaben pro Jahr die wesentlichen Themen f\u00fcr F\u00fchrungskr\u00e4fte von KMU auf.","publisher":{"@id":"https:\/\/www.organisator.ch\/#organization"},"potentialAction":[{"@type":"SearchAction","target":{"@type":"EntryPoint","urlTemplate":"https:\/\/www.organisator.ch\/?s={search_term_string}"},"query-input":{"@type":"PropertyValueSpecification","valueRequired":true,"valueName":"search_term_string"}}],"inLanguage":"de"},{"@type":"Organization","@id":"https:\/\/www.organisator.ch\/#organization","name":"Organisator","url":"https:\/\/www.organisator.ch\/","logo":{"@type":"ImageObject","inLanguage":"de","@id":"https:\/\/www.organisator.ch\/#\/schema\/logo\/image\/","url":"https:\/\/www.organisator.ch\/wp-content\/uploads\/2022\/01\/Logo_Organisator_Website.png","contentUrl":"https:\/\/www.organisator.ch\/wp-content\/uploads\/2022\/01\/Logo_Organisator_Website.png","width":800,"height":77,"caption":"Organisator"},"image":{"@id":"https:\/\/www.organisator.ch\/#\/schema\/logo\/image\/"},"sameAs":["https:\/\/www.facebook.com\/OrganisatorFachmagazin","https:\/\/www.linkedin.com\/showcase\/organisator-das-magazin-fr-kmu","https:\/\/www.xing.com\/news\/pages\/organisator-ch-695","https:\/\/www.youtube.com\/channel\/UCGP2Sq0iWaZwT3BdIAQFYpw"]},{"@type":"Person","@id":"https:\/\/www.organisator.ch\/#\/schema\/person\/6f650f90b2842cd4c0cc334b4e36f67e","name":"thomas.berner","image":{"@type":"ImageObject","inLanguage":"de","@id":"https:\/\/secure.gravatar.com\/avatar\/ac5001d2a36cb6c6cd3e50789007ffca834b477b74a2144564522e944eabff61?s=96&d=mm&r=g","url":"https:\/\/secure.gravatar.com\/avatar\/ac5001d2a36cb6c6cd3e50789007ffca834b477b74a2144564522e944eabff61?s=96&d=mm&r=g","contentUrl":"https:\/\/secure.gravatar.com\/avatar\/ac5001d2a36cb6c6cd3e50789007ffca834b477b74a2144564522e944eabff61?s=96&d=mm&r=g","caption":"thomas.berner"},"url":"https:\/\/www.organisator.ch\/de\/author\/thomas-berner\/"}]}},"_links":{"self":[{"href":"https:\/\/www.organisator.ch\/de\/wp-json\/wp\/v2\/posts\/7637","targetHints":{"allow":["GET"]}}],"collection":[{"href":"https:\/\/www.organisator.ch\/de\/wp-json\/wp\/v2\/posts"}],"about":[{"href":"https:\/\/www.organisator.ch\/de\/wp-json\/wp\/v2\/types\/post"}],"author":[{"embeddable":true,"href":"https:\/\/www.organisator.ch\/de\/wp-json\/wp\/v2\/users\/4"}],"replies":[{"embeddable":true,"href":"https:\/\/www.organisator.ch\/de\/wp-json\/wp\/v2\/comments?post=7637"}],"version-history":[{"count":0,"href":"https:\/\/www.organisator.ch\/de\/wp-json\/wp\/v2\/posts\/7637\/revisions"}],"wp:featuredmedia":[{"embeddable":true,"href":"https:\/\/www.organisator.ch\/de\/wp-json\/wp\/v2\/media\/7638"}],"wp:attachment":[{"href":"https:\/\/www.organisator.ch\/de\/wp-json\/wp\/v2\/media?parent=7637"}],"wp:term":[{"taxonomy":"category","embeddable":true,"href":"https:\/\/www.organisator.ch\/de\/wp-json\/wp\/v2\/categories?post=7637"},{"taxonomy":"post_tag","embeddable":true,"href":"https:\/\/www.organisator.ch\/de\/wp-json\/wp\/v2\/tags?post=7637"}],"curies":[{"name":"wp","href":"https:\/\/api.w.org\/{rel}","templated":true}]}}