{"id":7641,"date":"2021-02-09T15:20:50","date_gmt":"2021-02-09T14:20:50","guid":{"rendered":"https:\/\/www.organisator.ch\/?p=7641"},"modified":"2021-02-09T15:20:50","modified_gmt":"2021-02-09T14:20:50","slug":"gewerbeverband-fordert-ende-des-lockdowns","status":"publish","type":"post","link":"https:\/\/www.organisator.ch\/de\/allgemein\/2021-02-09\/gewerbeverband-fordert-ende-des-lockdowns\/","title":{"rendered":"Gewerbeverband fordert Ende des Lockdowns"},"content":{"rendered":"<figure id=\"attachment_7643\" aria-describedby=\"caption-attachment-7643\" style=\"width: 680px\" class=\"wp-caption alignnone\"><img loading=\"lazy\" decoding=\"async\" class=\"size-medium wp-image-7643\" src=\"https:\/\/www.organisator.ch\/wp-content\/uploads\/2021\/02\/Gewerbeverband-fordert-Ende-des-Lockdowns_Organisator.jpg\" alt=\"\" width=\"680\" height=\"617\" srcset=\"https:\/\/www.organisator.ch\/wp-content\/uploads\/2021\/02\/Gewerbeverband-fordert-Ende-des-Lockdowns_Organisator.jpg 680w, https:\/\/www.organisator.ch\/wp-content\/uploads\/2021\/02\/Gewerbeverband-fordert-Ende-des-Lockdowns_Organisator-13x12.jpg 13w, https:\/\/www.organisator.ch\/wp-content\/uploads\/2021\/02\/Gewerbeverband-fordert-Ende-des-Lockdowns_Organisator-193x175.jpg 193w, https:\/\/www.organisator.ch\/wp-content\/uploads\/2021\/02\/Gewerbeverband-fordert-Ende-des-Lockdowns_Organisator-386x350.jpg 386w, https:\/\/www.organisator.ch\/wp-content\/uploads\/2021\/02\/Gewerbeverband-fordert-Ende-des-Lockdowns_Organisator-300x272.jpg 300w\" sizes=\"auto, (max-width: 680px) 100vw, 680px\" \/><figcaption id=\"caption-attachment-7643\" class=\"wp-caption-text\">Schluss mit geschlossenen Restaurants und L\u00e4den: Der Schweizerische Gewerbeverband fordert ein Ende des Lockdowns und eine R\u00fcckkehr zu evidenz-basierten Massnahmen. (Bild: Unsplash.com)<\/figcaption><\/figure>\n<p>Hans-Ulrich Bigler, Gesch\u00e4ftsf\u00fchrer des <a href=\"https:\/\/www.sgv-usam.ch\/\">Schweizerischen Gewerbeverbands sgv<\/a>, besch\u00f6nigt nichts: \u00abDie Lage ist d\u00fcster und wir ben\u00f6tigen dringend eine Perspektive.\u00bb Das Unverst\u00e4ndnis gegen\u00fcber den bisher getroffenen Massnahmen zur Pandemie-Bek\u00e4mpfung nehme zu. Man richte sich zu stark nach den schlimmstm\u00f6glichen Szenarien, der aktuelle Lockdown beruhe auf falscher Evidenz und allgemein herrsche zu viel Alarmismus, wie Bigler anl\u00e4sslich einer Medienkonferenz am 9. Februar 2021 \u00e4usserte. Entsprechend klar ist die Forderung an den Bundesrat: Er soll rasch wieder den \u00abPfad der Verh\u00e4ltnism\u00e4ssigkeit einschlagen\u00bb. Dazu geh\u00f6rt eine Beendigung des Lockdowns am 1. M\u00e4rz 2021 in Verbindung mit konsequenten flankierenden Massnahmen wie fl\u00e4chendeckende Tests, Schutz der besonders gef\u00e4hrdeten Bev\u00f6lkerungsgruppen, Forcierung der Impfkampagnen und Umsetzung von Schutzkonzepten in Betrieben.<\/p>\n<h2><strong>Lockdown-Strategie ist gescheitert<\/strong><\/h2>\n<p>Fabio Regazzi, Nationalrat und Pr\u00e4sident des sgv sagte gegen\u00fcber den Medien, dass mit der \u00d6ffnung ab dem 1. M\u00e4rz die Wirtschaft wieder funktionieren k\u00f6nne. Die grossen Sch\u00e4den des Lockdowns k\u00f6nnten so eiged\u00e4mmt werden. Mit der Logik des gezielten Schutzes und den damit verbundenen Massnahmen \u2013 Impfungen, Testungen und Contact Tracing \u2013 k\u00f6nne die Wirtschaftsfreiheit wieder gew\u00e4hrleistet werden und der gesellschaftliche Austausch k\u00f6nne sich wieder schrittweise normalisieren. Wichtig sei: Die Wirtschaft habe Schutzkonzepte, welche Hygiene- und Distanzmassnahmen beinhalten. \u00abDiese Konzepte werden fl\u00e4chendeckend eingesetzt und haben sich bew\u00e4hrt, wie die Zahlen des BAG zu den Ansteckungsorten beweisen\u00bb, sagte Regazzi. Am Schluss seines Referates zitiert der sgv-Pr\u00e4sident KMU-Unternehmer, welche Zeugnis von ihren grossen Existenzn\u00f6ten ablegen. So rechnete ihm ein 36-j\u00e4hriger Hotelbetreiber aus der Romandie vor, dass er mehrere Jahre ben\u00f6tigen werde, um sich beruflich und privat zu erholen. Oder ein Sportartikel-H\u00e4ndler aus dem Tessin erz\u00e4hlte ihm, dass derzeit von 40 Mitarbeitenden nur f\u00fcnf noch am Arbeiten seien \u2013 allesamt Familienmitglieder des Inhabers. Das Einzige, was dieses Unternehmen derzeit anbieten d\u00fcrfe, seien Ski- und Fahrrad-Services. Auch sgv-Vizepr\u00e4sident Andr\u00e9 Berdoz weiss von Stimmen \u00abzwischen tiefer Ern\u00fcchterung und entt\u00e4uschten Hoffnungen\u00bb zu berichten. Die Schliessung von \u00abnicht lebensnotwendigen\u00bb Bereichen haben schwerwiegende Folgen f\u00fcr die betroffenen Unternehmen, welche mit dem Gef\u00fchl leben m\u00fcssten, dass ihnen ihre wirtschaftliche Existenzberechtigung abgesprochen werde. In der ersten Phase der Pandemie, als es darum ging, sich auf das Ende des Lockdowns vorzubereiten, welche von Mitte M\u00e4rz bis Mitte April im vergangenen Jahr geherrscht hatte, seien die Unternehmen ausserordentlich diszipliniert gewesen. Die Stimmung sei jetzt anders. <a href=\"https:\/\/www.organisator.ch\/lockdown-und-kein-ende-stimmen-aus-den-kmu\/\">Dies zeigen viele Stimmen aus KMU<\/a>.<\/p>\n<h2><strong>Ende des Lockdowns bzw. \u00abLasst uns arbeiten\u00bb<\/strong><\/h2>\n<p>Fabio Regazzi bezeichnet denn auch die aktuelle Lockdown-Strategie als gescheitert. \u00abKMU ben\u00f6tigen eine Perspektive. Kein H\u00fcst und Hott und Wirrwarr von unverst\u00e4ndlichen Massnahmen. Wir brauchen eine verl\u00e4ssliche Exitstrategie.\u00bb Tomas Prenosil vom Handelsverband.swiss kritisierte, dass die Schliessung des station\u00e4ren Handels eine negative Wirkung auf die Menschen habe. Der Effekt, durch Ladenschliessung die Mobilit\u00e4t einzuschr\u00e4nken, sei nicht erkennbar, moniert er. Es m\u00fcsse deshalb darum gehen, mit Covid leben zu lernen. Werner Scherrer, Pr\u00e4sident des KMU- und Gewerbe-Verbands Kanton Z\u00fcrich und selbst Unternehmer, fordert: \u00abLasst uns arbeiten\u00bb. Denn f\u00fcr viele KMU sei es nun 5 vor 12, Warten sei keine Option mehr und die Verzweiflung und der Unmut w\u00fcchsen. Dabei g\u00e4be es durchaus L\u00f6sungen, auch unter Covid-Bedingungen ein einigermassen normales Wirtschaftsleben zu erm\u00f6glichen, etwa durch eine gr\u00f6sstm\u00f6gliche Flexibilisierung von Laden-\u00d6ffnungszeiten oder durch Privat-Shopping: Kunden kommen auf Vereinbarung zum Einkaufen in den Laden. Gar nichts h\u00e4lt Scherrer von der Homeoffice-Pflicht: Diese habe gar nichts gebracht, ausser kostspielige und schikan\u00f6se Kontrollen. \u00abEntsprechend muss die Pflicht sofort entfallen\u00bb, fordert Scherrer. \u00abBetriebe erhalten so einen gr\u00f6sseren Handlungsspielraum. Eigenverantwortung und glaubw\u00fcrdige \u00dcberzeugungsarbeit bringen bei m\u00fcndigen B\u00fcrgerinnen und B\u00fcrgern mehr als staatliche Vorschriften.\u00bb<\/p>\n<h2><strong>Bew\u00e4hrte Elemente \u00absmart zusammensetzen\u00bb<\/strong><\/h2>\n<p>Mit seinen Forderungen nach einem Ende des Lockdowns dr\u00fcckt der sgv die wachsende \u00abCorona-M\u00fcdigkeit\u00bb in Wirtschaft und Gesellschaft aus. Allerdings bleibt die Frage, ob man mit einer zu fr\u00fchen \u00d6ffnung nicht das Risiko eingeht, infolge der zunehmenden Mutationen eine n\u00e4chste Welle zu provozieren. Eine schl\u00fcssige Antwort darauf gibt es wohl nicht, ausser, wie es Tomas Prenosil ausdr\u00fcckt: \u00abWir m\u00fcssen damit leben, dass Covid \u00fcber eine mittlere Frist bleiben wird. Wir k\u00f6nnen uns keinen mittelfristigen Lockdown leisten. Bleibt die jetzige Situation noch l\u00e4nger, erodiert die Basis unseres gesellschaftlichen Zusammenseins. Also m\u00fcssen wir Strategien entwickeln, wie wir uns weiterhin austauschen k\u00f6nnen und uns selbstverst\u00e4ndlich dabei sch\u00fctzen. Das geht mit einer guten Impfstrategie, mit Kontakt-Tracing, mit Testungen, mit dem Brechen von Peaks im Verkehr und mit Schutzkonzepten. Die gute Nachricht ist: Diese Elemente sind alle schon da. Jetzt m\u00fcssen wir sie nur noch smart zusammensetzen. Gerade das erwarten wir und fordern es auch von der Regierung.\u00bb<\/p>\n<blockquote>\n<h2><strong>Die Forderungen des sgv<\/strong><\/h2>\n<p>Im Interesse der Schweizer KMU setzt sich der gr\u00f6sste Dachverband der Schweizer Wirtschaft f\u00fcr optimale wirtschaftliche und politische Rahmenbedingungen sowie f\u00fcr ein unternehmensfreundliches Umfeld ein. Vor diesem Hintergrund fordert der sgv in einem Positionspapier:<\/p>\n<ul>\n<li>Die Erarbeitung von verl\u00e4sslichen Indikatoren mit objektiven und konstanten Grenzwerten, welche als Grundlage f\u00fcr eine Evidenz-basierte Politik dienen;<\/li>\n<li>Die \u00d6ffnung aller Wirtschaftsbereiche ab dem 1. M\u00e4rz 2021 mit einer R\u00fcckkehr zur Logik des gezielten Schutzes, welche durch gezielte Testungen und Schutzkonzepte unterst\u00fctzt wird;<\/li>\n<li>Die Verst\u00e4rkung des Impfprogramms mit verbindlichen Angaben \u00fcber seine Umsetzung;<\/li>\n<li>Den Unterbruch der Infektionsketten mit gezieltem Contact Tracing;<\/li>\n<li>Die Umsetzung von flankierenden Massnahmen wie beispielsweise Abschaffung der Home-Office-Pflicht, Teil\u00f6ffnungen und Flexibilisierungen bis zum 1. M\u00e4rz 2021;<\/li>\n<li>Die Behebung von L\u00fccken im H\u00e4rtefallregime sowie seine rasche Umsetzung;<\/li>\n<li>Einen Digitalisierungs-Push in der Bundesverwaltung und im Gesundheitswesen; denn viele dieser Forderungen k\u00f6nnen digital einfach und kosteng\u00fcnstig umgesetzt werden.<\/li>\n<\/ul>\n<p><em>Weitere Informationen: <a href=\"https:\/\/www.sgv-usam.ch\/\">https:\/\/www.sgv-usam.ch\/<\/a><\/em><\/p><\/blockquote>\n","protected":false},"excerpt":{"rendered":"<p>Hans-Ulrich Bigler, Gesch\u00e4ftsf\u00fchrer des Schweizerischen Gewerbeverbands sgv, besch\u00f6nigt nichts: \u00abDie Lage ist d\u00fcster und wir ben\u00f6tigen dringend eine Perspektive.\u00bb Das Unverst\u00e4ndnis gegen\u00fcber den bisher getroffenen Massnahmen zur Pandemie-Bek\u00e4mpfung nehme zu. Man richte sich zu stark nach den schlimmstm\u00f6glichen Szenarien, der aktuelle Lockdown beruhe auf falscher Evidenz und allgemein herrsche zu viel Alarmismus, wie Bigler anl\u00e4sslich [&hellip;]<\/p>\n","protected":false},"author":4,"featured_media":7643,"comment_status":"closed","ping_status":"closed","sticky":false,"template":"","format":"standard","meta":{"_acf_changed":false,"_yoast_wpseo_focuskw":"Ende des Lockdowns","_yoast_wpseo_metadesc":"Der sgv fordert ein Ende des Lockdowns per 1. M\u00e4rz 2021. Die Dachorganisation der Schweizer KMU erachtet die bisherige Pandemie-Strategie als gescheitert.","articlekey":"","footnotes":""},"categories":[1],"tags":[132,492,531],"class_list":["post-7641","post","type-post","status-publish","format-standard","has-post-thumbnail","hentry","category-allgemein","tag-coronavirus","tag-unternehmen","tag-wirtschaftspolitik"],"acf":[],"yoast_head":"<!-- This site is optimized with the Yoast SEO plugin v27.5 - https:\/\/yoast.com\/product\/yoast-seo-wordpress\/ -->\n<title>Gewerbeverband fordert Ende des Lockdowns - Organisator<\/title>\n<meta name=\"description\" content=\"Der sgv fordert ein Ende des Lockdowns per 1. M\u00e4rz 2021. Die Dachorganisation der Schweizer KMU erachtet die bisherige Pandemie-Strategie als gescheitert.\" \/>\n<meta name=\"robots\" content=\"index, follow, max-snippet:-1, max-image-preview:large, max-video-preview:-1\" \/>\n<link rel=\"canonical\" href=\"https:\/\/www.organisator.ch\/de\/allgemein\/2021-02-09\/gewerbeverband-fordert-ende-des-lockdowns\/\" \/>\n<meta property=\"og:locale\" content=\"de_DE\" \/>\n<meta property=\"og:type\" content=\"article\" \/>\n<meta property=\"og:title\" content=\"Gewerbeverband fordert Ende des Lockdowns\" \/>\n<meta property=\"og:description\" content=\"Der sgv fordert ein Ende des Lockdowns per 1. M\u00e4rz 2021. Die Dachorganisation der Schweizer KMU erachtet die bisherige Pandemie-Strategie als gescheitert.\" \/>\n<meta property=\"og:url\" content=\"https:\/\/www.organisator.ch\/de\/allgemein\/2021-02-09\/gewerbeverband-fordert-ende-des-lockdowns\/\" \/>\n<meta property=\"og:site_name\" content=\"Organisator\" \/>\n<meta property=\"article:publisher\" content=\"https:\/\/www.facebook.com\/OrganisatorFachmagazin\" \/>\n<meta property=\"article:published_time\" content=\"2021-02-09T14:20:50+00:00\" \/>\n<meta property=\"og:image\" content=\"https:\/\/www.organisator.ch\/wp-content\/uploads\/2021\/02\/Gewerbeverband-fordert-Ende-des-Lockdowns_Organisator.jpg\" \/>\n\t<meta property=\"og:image:width\" content=\"680\" \/>\n\t<meta property=\"og:image:height\" content=\"617\" \/>\n\t<meta property=\"og:image:type\" content=\"image\/jpeg\" \/>\n<meta name=\"author\" content=\"thomas.berner\" \/>\n<meta name=\"twitter:card\" content=\"summary_large_image\" \/>\n<meta name=\"twitter:title\" content=\"#Gewerbeverband fordert Ende des Lockdowns\" \/>\n<meta name=\"twitter:description\" content=\"Der #sgv fordert ein Ende des #Lockdowns per 1. M\u00e4rz 2021. Die Dachorganisation der Schweizer KMU erachtet die bisherige #Pandemie-Strategie als gescheitert.\" \/>\n<meta name=\"twitter:image\" content=\"https:\/\/www.organisator.ch\/wp-content\/uploads\/2021\/02\/Gewerbeverband-fordert-Ende-des-Lockdowns_Organisator.jpg\" \/>\n<script type=\"application\/ld+json\" class=\"yoast-schema-graph\">{\"@context\":\"https:\\\/\\\/schema.org\",\"@graph\":[{\"@type\":\"Article\",\"@id\":\"https:\\\/\\\/www.organisator.ch\\\/en\\\/general\\\/2021-02-09\\\/gewerbeverband-fordert-ende-des-lockdowns\\\/#article\",\"isPartOf\":{\"@id\":\"https:\\\/\\\/www.organisator.ch\\\/en\\\/general\\\/2021-02-09\\\/gewerbeverband-fordert-ende-des-lockdowns\\\/\"},\"author\":{\"name\":\"thomas.berner\",\"@id\":\"https:\\\/\\\/www.organisator.ch\\\/#\\\/schema\\\/person\\\/6f650f90b2842cd4c0cc334b4e36f67e\"},\"headline\":\"Gewerbeverband fordert Ende des Lockdowns\",\"datePublished\":\"2021-02-09T14:20:50+00:00\",\"mainEntityOfPage\":{\"@id\":\"https:\\\/\\\/www.organisator.ch\\\/en\\\/general\\\/2021-02-09\\\/gewerbeverband-fordert-ende-des-lockdowns\\\/\"},\"wordCount\":995,\"publisher\":{\"@id\":\"https:\\\/\\\/www.organisator.ch\\\/#organization\"},\"image\":{\"@id\":\"https:\\\/\\\/www.organisator.ch\\\/en\\\/general\\\/2021-02-09\\\/gewerbeverband-fordert-ende-des-lockdowns\\\/#primaryimage\"},\"thumbnailUrl\":\"https:\\\/\\\/www.organisator.ch\\\/wp-content\\\/uploads\\\/2021\\\/02\\\/Gewerbeverband-fordert-Ende-des-Lockdowns_Organisator.jpg\",\"keywords\":[\"Coronavirus\",\"Unternehmen\",\"Wirtschaftspolitik\"],\"inLanguage\":\"de\"},{\"@type\":\"WebPage\",\"@id\":\"https:\\\/\\\/www.organisator.ch\\\/en\\\/general\\\/2021-02-09\\\/gewerbeverband-fordert-ende-des-lockdowns\\\/\",\"url\":\"https:\\\/\\\/www.organisator.ch\\\/en\\\/general\\\/2021-02-09\\\/gewerbeverband-fordert-ende-des-lockdowns\\\/\",\"name\":\"Gewerbeverband fordert Ende des Lockdowns - Organisator\",\"isPartOf\":{\"@id\":\"https:\\\/\\\/www.organisator.ch\\\/#website\"},\"primaryImageOfPage\":{\"@id\":\"https:\\\/\\\/www.organisator.ch\\\/en\\\/general\\\/2021-02-09\\\/gewerbeverband-fordert-ende-des-lockdowns\\\/#primaryimage\"},\"image\":{\"@id\":\"https:\\\/\\\/www.organisator.ch\\\/en\\\/general\\\/2021-02-09\\\/gewerbeverband-fordert-ende-des-lockdowns\\\/#primaryimage\"},\"thumbnailUrl\":\"https:\\\/\\\/www.organisator.ch\\\/wp-content\\\/uploads\\\/2021\\\/02\\\/Gewerbeverband-fordert-Ende-des-Lockdowns_Organisator.jpg\",\"datePublished\":\"2021-02-09T14:20:50+00:00\",\"description\":\"Der sgv fordert ein Ende des Lockdowns per 1. M\u00e4rz 2021. Die Dachorganisation der Schweizer KMU erachtet die bisherige Pandemie-Strategie als gescheitert.\",\"breadcrumb\":{\"@id\":\"https:\\\/\\\/www.organisator.ch\\\/en\\\/general\\\/2021-02-09\\\/gewerbeverband-fordert-ende-des-lockdowns\\\/#breadcrumb\"},\"inLanguage\":\"de\",\"potentialAction\":[{\"@type\":\"ReadAction\",\"target\":[\"https:\\\/\\\/www.organisator.ch\\\/en\\\/general\\\/2021-02-09\\\/gewerbeverband-fordert-ende-des-lockdowns\\\/\"]}]},{\"@type\":\"ImageObject\",\"inLanguage\":\"de\",\"@id\":\"https:\\\/\\\/www.organisator.ch\\\/en\\\/general\\\/2021-02-09\\\/gewerbeverband-fordert-ende-des-lockdowns\\\/#primaryimage\",\"url\":\"https:\\\/\\\/www.organisator.ch\\\/wp-content\\\/uploads\\\/2021\\\/02\\\/Gewerbeverband-fordert-Ende-des-Lockdowns_Organisator.jpg\",\"contentUrl\":\"https:\\\/\\\/www.organisator.ch\\\/wp-content\\\/uploads\\\/2021\\\/02\\\/Gewerbeverband-fordert-Ende-des-Lockdowns_Organisator.jpg\",\"width\":680,\"height\":617,\"caption\":\"Schluss mit geschlossenen Restaurants und L\u00e4den: Der Schweizerische Gewerbeverband fordert ein Ende des Lockdowns und eine R\u00fcckkehr zu evidenz-basierten Massnahmen. (Bild: Unsplash.com)\"},{\"@type\":\"BreadcrumbList\",\"@id\":\"https:\\\/\\\/www.organisator.ch\\\/en\\\/general\\\/2021-02-09\\\/gewerbeverband-fordert-ende-des-lockdowns\\\/#breadcrumb\",\"itemListElement\":[{\"@type\":\"ListItem\",\"position\":1,\"name\":\"Home\",\"item\":\"https:\\\/\\\/www.organisator.ch\\\/\"},{\"@type\":\"ListItem\",\"position\":2,\"name\":\"Gewerbeverband fordert Ende des Lockdowns\"}]},{\"@type\":\"WebSite\",\"@id\":\"https:\\\/\\\/www.organisator.ch\\\/#website\",\"url\":\"https:\\\/\\\/www.organisator.ch\\\/\",\"name\":\"Organisator\",\"description\":\"Kompetent. Praxisnah. Der ORGANISATOR bereitet in 10 Ausgaben pro Jahr die wesentlichen Themen f\u00fcr F\u00fchrungskr\u00e4fte von KMU auf.\",\"publisher\":{\"@id\":\"https:\\\/\\\/www.organisator.ch\\\/#organization\"},\"potentialAction\":[{\"@type\":\"SearchAction\",\"target\":{\"@type\":\"EntryPoint\",\"urlTemplate\":\"https:\\\/\\\/www.organisator.ch\\\/?s={search_term_string}\"},\"query-input\":{\"@type\":\"PropertyValueSpecification\",\"valueRequired\":true,\"valueName\":\"search_term_string\"}}],\"inLanguage\":\"de\"},{\"@type\":\"Organization\",\"@id\":\"https:\\\/\\\/www.organisator.ch\\\/#organization\",\"name\":\"Organisator\",\"url\":\"https:\\\/\\\/www.organisator.ch\\\/\",\"logo\":{\"@type\":\"ImageObject\",\"inLanguage\":\"de\",\"@id\":\"https:\\\/\\\/www.organisator.ch\\\/#\\\/schema\\\/logo\\\/image\\\/\",\"url\":\"https:\\\/\\\/www.organisator.ch\\\/wp-content\\\/uploads\\\/2022\\\/01\\\/Logo_Organisator_Website.png\",\"contentUrl\":\"https:\\\/\\\/www.organisator.ch\\\/wp-content\\\/uploads\\\/2022\\\/01\\\/Logo_Organisator_Website.png\",\"width\":800,\"height\":77,\"caption\":\"Organisator\"},\"image\":{\"@id\":\"https:\\\/\\\/www.organisator.ch\\\/#\\\/schema\\\/logo\\\/image\\\/\"},\"sameAs\":[\"https:\\\/\\\/www.facebook.com\\\/OrganisatorFachmagazin\",\"https:\\\/\\\/www.linkedin.com\\\/showcase\\\/organisator-das-magazin-fr-kmu\",\"https:\\\/\\\/www.xing.com\\\/news\\\/pages\\\/organisator-ch-695\",\"https:\\\/\\\/www.youtube.com\\\/channel\\\/UCGP2Sq0iWaZwT3BdIAQFYpw\"]},{\"@type\":\"Person\",\"@id\":\"https:\\\/\\\/www.organisator.ch\\\/#\\\/schema\\\/person\\\/6f650f90b2842cd4c0cc334b4e36f67e\",\"name\":\"thomas.berner\",\"image\":{\"@type\":\"ImageObject\",\"inLanguage\":\"de\",\"@id\":\"https:\\\/\\\/secure.gravatar.com\\\/avatar\\\/ac5001d2a36cb6c6cd3e50789007ffca834b477b74a2144564522e944eabff61?s=96&d=mm&r=g\",\"url\":\"https:\\\/\\\/secure.gravatar.com\\\/avatar\\\/ac5001d2a36cb6c6cd3e50789007ffca834b477b74a2144564522e944eabff61?s=96&d=mm&r=g\",\"contentUrl\":\"https:\\\/\\\/secure.gravatar.com\\\/avatar\\\/ac5001d2a36cb6c6cd3e50789007ffca834b477b74a2144564522e944eabff61?s=96&d=mm&r=g\",\"caption\":\"thomas.berner\"},\"url\":\"https:\\\/\\\/www.organisator.ch\\\/de\\\/author\\\/thomas-berner\\\/\"}]}<\/script>\n<!-- \/ Yoast SEO plugin. -->","yoast_head_json":{"title":"Gewerbeverband fordert Ende des Lockdowns - Organisator","description":"Der sgv fordert ein Ende des Lockdowns per 1. M\u00e4rz 2021. Die Dachorganisation der Schweizer KMU erachtet die bisherige Pandemie-Strategie als gescheitert.","robots":{"index":"index","follow":"follow","max-snippet":"max-snippet:-1","max-image-preview":"max-image-preview:large","max-video-preview":"max-video-preview:-1"},"canonical":"https:\/\/www.organisator.ch\/de\/allgemein\/2021-02-09\/gewerbeverband-fordert-ende-des-lockdowns\/","og_locale":"de_DE","og_type":"article","og_title":"Gewerbeverband fordert Ende des Lockdowns","og_description":"Der sgv fordert ein Ende des Lockdowns per 1. M\u00e4rz 2021. Die Dachorganisation der Schweizer KMU erachtet die bisherige Pandemie-Strategie als gescheitert.","og_url":"https:\/\/www.organisator.ch\/de\/allgemein\/2021-02-09\/gewerbeverband-fordert-ende-des-lockdowns\/","og_site_name":"Organisator","article_publisher":"https:\/\/www.facebook.com\/OrganisatorFachmagazin","article_published_time":"2021-02-09T14:20:50+00:00","og_image":[{"width":680,"height":617,"url":"https:\/\/www.organisator.ch\/wp-content\/uploads\/2021\/02\/Gewerbeverband-fordert-Ende-des-Lockdowns_Organisator.jpg","type":"image\/jpeg"}],"author":"thomas.berner","twitter_card":"summary_large_image","twitter_title":"#Gewerbeverband fordert Ende des Lockdowns","twitter_description":"Der #sgv fordert ein Ende des #Lockdowns per 1. M\u00e4rz 2021. Die Dachorganisation der Schweizer KMU erachtet die bisherige #Pandemie-Strategie als gescheitert.","twitter_image":"https:\/\/www.organisator.ch\/wp-content\/uploads\/2021\/02\/Gewerbeverband-fordert-Ende-des-Lockdowns_Organisator.jpg","schema":{"@context":"https:\/\/schema.org","@graph":[{"@type":"Article","@id":"https:\/\/www.organisator.ch\/en\/general\/2021-02-09\/gewerbeverband-fordert-ende-des-lockdowns\/#article","isPartOf":{"@id":"https:\/\/www.organisator.ch\/en\/general\/2021-02-09\/gewerbeverband-fordert-ende-des-lockdowns\/"},"author":{"name":"thomas.berner","@id":"https:\/\/www.organisator.ch\/#\/schema\/person\/6f650f90b2842cd4c0cc334b4e36f67e"},"headline":"Gewerbeverband fordert Ende des Lockdowns","datePublished":"2021-02-09T14:20:50+00:00","mainEntityOfPage":{"@id":"https:\/\/www.organisator.ch\/en\/general\/2021-02-09\/gewerbeverband-fordert-ende-des-lockdowns\/"},"wordCount":995,"publisher":{"@id":"https:\/\/www.organisator.ch\/#organization"},"image":{"@id":"https:\/\/www.organisator.ch\/en\/general\/2021-02-09\/gewerbeverband-fordert-ende-des-lockdowns\/#primaryimage"},"thumbnailUrl":"https:\/\/www.organisator.ch\/wp-content\/uploads\/2021\/02\/Gewerbeverband-fordert-Ende-des-Lockdowns_Organisator.jpg","keywords":["Coronavirus","Unternehmen","Wirtschaftspolitik"],"inLanguage":"de"},{"@type":"WebPage","@id":"https:\/\/www.organisator.ch\/en\/general\/2021-02-09\/gewerbeverband-fordert-ende-des-lockdowns\/","url":"https:\/\/www.organisator.ch\/en\/general\/2021-02-09\/gewerbeverband-fordert-ende-des-lockdowns\/","name":"Gewerbeverband fordert Ende des Lockdowns - Organisator","isPartOf":{"@id":"https:\/\/www.organisator.ch\/#website"},"primaryImageOfPage":{"@id":"https:\/\/www.organisator.ch\/en\/general\/2021-02-09\/gewerbeverband-fordert-ende-des-lockdowns\/#primaryimage"},"image":{"@id":"https:\/\/www.organisator.ch\/en\/general\/2021-02-09\/gewerbeverband-fordert-ende-des-lockdowns\/#primaryimage"},"thumbnailUrl":"https:\/\/www.organisator.ch\/wp-content\/uploads\/2021\/02\/Gewerbeverband-fordert-Ende-des-Lockdowns_Organisator.jpg","datePublished":"2021-02-09T14:20:50+00:00","description":"Der sgv fordert ein Ende des Lockdowns per 1. M\u00e4rz 2021. Die Dachorganisation der Schweizer KMU erachtet die bisherige Pandemie-Strategie als gescheitert.","breadcrumb":{"@id":"https:\/\/www.organisator.ch\/en\/general\/2021-02-09\/gewerbeverband-fordert-ende-des-lockdowns\/#breadcrumb"},"inLanguage":"de","potentialAction":[{"@type":"ReadAction","target":["https:\/\/www.organisator.ch\/en\/general\/2021-02-09\/gewerbeverband-fordert-ende-des-lockdowns\/"]}]},{"@type":"ImageObject","inLanguage":"de","@id":"https:\/\/www.organisator.ch\/en\/general\/2021-02-09\/gewerbeverband-fordert-ende-des-lockdowns\/#primaryimage","url":"https:\/\/www.organisator.ch\/wp-content\/uploads\/2021\/02\/Gewerbeverband-fordert-Ende-des-Lockdowns_Organisator.jpg","contentUrl":"https:\/\/www.organisator.ch\/wp-content\/uploads\/2021\/02\/Gewerbeverband-fordert-Ende-des-Lockdowns_Organisator.jpg","width":680,"height":617,"caption":"Schluss mit geschlossenen Restaurants und L\u00e4den: Der Schweizerische Gewerbeverband fordert ein Ende des Lockdowns und eine R\u00fcckkehr zu evidenz-basierten Massnahmen. (Bild: Unsplash.com)"},{"@type":"BreadcrumbList","@id":"https:\/\/www.organisator.ch\/en\/general\/2021-02-09\/gewerbeverband-fordert-ende-des-lockdowns\/#breadcrumb","itemListElement":[{"@type":"ListItem","position":1,"name":"Home","item":"https:\/\/www.organisator.ch\/"},{"@type":"ListItem","position":2,"name":"Gewerbeverband fordert Ende des Lockdowns"}]},{"@type":"WebSite","@id":"https:\/\/www.organisator.ch\/#website","url":"https:\/\/www.organisator.ch\/","name":"Organisator","description":"Kompetent. Praxisnah. Der ORGANISATOR bereitet in 10 Ausgaben pro Jahr die wesentlichen Themen f\u00fcr F\u00fchrungskr\u00e4fte von KMU auf.","publisher":{"@id":"https:\/\/www.organisator.ch\/#organization"},"potentialAction":[{"@type":"SearchAction","target":{"@type":"EntryPoint","urlTemplate":"https:\/\/www.organisator.ch\/?s={search_term_string}"},"query-input":{"@type":"PropertyValueSpecification","valueRequired":true,"valueName":"search_term_string"}}],"inLanguage":"de"},{"@type":"Organization","@id":"https:\/\/www.organisator.ch\/#organization","name":"Organisator","url":"https:\/\/www.organisator.ch\/","logo":{"@type":"ImageObject","inLanguage":"de","@id":"https:\/\/www.organisator.ch\/#\/schema\/logo\/image\/","url":"https:\/\/www.organisator.ch\/wp-content\/uploads\/2022\/01\/Logo_Organisator_Website.png","contentUrl":"https:\/\/www.organisator.ch\/wp-content\/uploads\/2022\/01\/Logo_Organisator_Website.png","width":800,"height":77,"caption":"Organisator"},"image":{"@id":"https:\/\/www.organisator.ch\/#\/schema\/logo\/image\/"},"sameAs":["https:\/\/www.facebook.com\/OrganisatorFachmagazin","https:\/\/www.linkedin.com\/showcase\/organisator-das-magazin-fr-kmu","https:\/\/www.xing.com\/news\/pages\/organisator-ch-695","https:\/\/www.youtube.com\/channel\/UCGP2Sq0iWaZwT3BdIAQFYpw"]},{"@type":"Person","@id":"https:\/\/www.organisator.ch\/#\/schema\/person\/6f650f90b2842cd4c0cc334b4e36f67e","name":"thomas.berner","image":{"@type":"ImageObject","inLanguage":"de","@id":"https:\/\/secure.gravatar.com\/avatar\/ac5001d2a36cb6c6cd3e50789007ffca834b477b74a2144564522e944eabff61?s=96&d=mm&r=g","url":"https:\/\/secure.gravatar.com\/avatar\/ac5001d2a36cb6c6cd3e50789007ffca834b477b74a2144564522e944eabff61?s=96&d=mm&r=g","contentUrl":"https:\/\/secure.gravatar.com\/avatar\/ac5001d2a36cb6c6cd3e50789007ffca834b477b74a2144564522e944eabff61?s=96&d=mm&r=g","caption":"thomas.berner"},"url":"https:\/\/www.organisator.ch\/de\/author\/thomas-berner\/"}]}},"_links":{"self":[{"href":"https:\/\/www.organisator.ch\/de\/wp-json\/wp\/v2\/posts\/7641","targetHints":{"allow":["GET"]}}],"collection":[{"href":"https:\/\/www.organisator.ch\/de\/wp-json\/wp\/v2\/posts"}],"about":[{"href":"https:\/\/www.organisator.ch\/de\/wp-json\/wp\/v2\/types\/post"}],"author":[{"embeddable":true,"href":"https:\/\/www.organisator.ch\/de\/wp-json\/wp\/v2\/users\/4"}],"replies":[{"embeddable":true,"href":"https:\/\/www.organisator.ch\/de\/wp-json\/wp\/v2\/comments?post=7641"}],"version-history":[{"count":0,"href":"https:\/\/www.organisator.ch\/de\/wp-json\/wp\/v2\/posts\/7641\/revisions"}],"wp:featuredmedia":[{"embeddable":true,"href":"https:\/\/www.organisator.ch\/de\/wp-json\/wp\/v2\/media\/7643"}],"wp:attachment":[{"href":"https:\/\/www.organisator.ch\/de\/wp-json\/wp\/v2\/media?parent=7641"}],"wp:term":[{"taxonomy":"category","embeddable":true,"href":"https:\/\/www.organisator.ch\/de\/wp-json\/wp\/v2\/categories?post=7641"},{"taxonomy":"post_tag","embeddable":true,"href":"https:\/\/www.organisator.ch\/de\/wp-json\/wp\/v2\/tags?post=7641"}],"curies":[{"name":"wp","href":"https:\/\/api.w.org\/{rel}","templated":true}]}}