{"id":7658,"date":"2021-02-12T08:51:34","date_gmt":"2021-02-12T07:51:34","guid":{"rendered":"https:\/\/www.organisator.ch\/?p=7658"},"modified":"2021-02-12T08:51:34","modified_gmt":"2021-02-12T07:51:34","slug":"fuenf-tipps-fuer-mehr-motivation","status":"publish","type":"post","link":"https:\/\/www.organisator.ch\/de\/management\/2021-02-12\/fuenf-tipps-fuer-mehr-motivation\/","title":{"rendered":"F\u00fcnf Tipps f\u00fcr mehr Motivation"},"content":{"rendered":"<figure id=\"attachment_7659\" aria-describedby=\"caption-attachment-7659\" style=\"width: 680px\" class=\"wp-caption alignnone\"><img loading=\"lazy\" decoding=\"async\" class=\"size-medium wp-image-7659\" src=\"https:\/\/www.organisator.ch\/wp-content\/uploads\/2021\/02\/Fuenf-Tipps-fuer-mehr-Motivation-1_Organisator.jpg\" alt=\"\" width=\"680\" height=\"383\" srcset=\"https:\/\/www.organisator.ch\/wp-content\/uploads\/2021\/02\/Fuenf-Tipps-fuer-mehr-Motivation-1_Organisator.jpg 680w, https:\/\/www.organisator.ch\/wp-content\/uploads\/2021\/02\/Fuenf-Tipps-fuer-mehr-Motivation-1_Organisator-16x9.jpg 16w, https:\/\/www.organisator.ch\/wp-content\/uploads\/2021\/02\/Fuenf-Tipps-fuer-mehr-Motivation-1_Organisator-311x175.jpg 311w, https:\/\/www.organisator.ch\/wp-content\/uploads\/2021\/02\/Fuenf-Tipps-fuer-mehr-Motivation-1_Organisator-621x350.jpg 621w, https:\/\/www.organisator.ch\/wp-content\/uploads\/2021\/02\/Fuenf-Tipps-fuer-mehr-Motivation-1_Organisator-300x169.jpg 300w\" sizes=\"auto, (max-width: 680px) 100vw, 680px\" \/><figcaption id=\"caption-attachment-7659\" class=\"wp-caption-text\">Demotiviert bei der Arbeit? Wie Sie als F\u00fchrungskraft f\u00fcr mehr Motivation bei Mitarbeitenden sorgen k\u00f6nnen, zeigen f\u00fcnf Tipps. (Bild: Outvision GmbH \/ Canva)<\/figcaption><\/figure>\n<p>Stellen Sie sich den Gesch\u00e4ftsf\u00fchrer eines aufstrebenden Unternehmens vor, nennen wir ihn Herr Hampe. Momentan hat es Herr Hampe mit seinem Unternehmen, auch Corona bedingt, alles andere als leicht. Und das trotz der enorm guten Verkaufszahlen. Grund f\u00fcr seinen Unmut sind ein paar seiner Angestellten, die sich immer unmotivierter zeigen und sich kaum noch mit Leidenschaft in ihren Job reinh\u00e4ngen, so wie fr\u00fcher. Nat\u00fcrlich auch durch die momentane Situation des Homeoffice. Das Vertrauen ist belastet, und obwohl Herr Hampe scheinbar alles versucht, um mit seinen Mitarbeitenden zu kommunizieren und die Motivation zur\u00fcckzuholen, \u00e4ndert sich nichts.<\/p>\n<p>Nicht einmal die spontane Lohnerh\u00f6hung am Ende des Jahres \u2013 und dar\u00fcber h\u00e4tten sich die Mitarbeitenden doch freuen m\u00fcssen \u2013 hat nennenswert funktioniert. F\u00fcr einen Moment war alles OK, dann war wieder alles wie vorher. Immer mehr sieht Herr Hampe deshalb seine Ziele in Gefahr und malt sich das mit Abstand schlimmste Szenario aus. N\u00e4mlich, dass die Kunden etwas mitbekommen und sich von seinem Unternehmen abwenden.<\/p>\n<p>Doch er hat keine Ideen mehr, was er tun k\u00f6nnte, um ein solches Szenario zu wenden und um die Situation zu drehen und seine Leute wieder f\u00fcr das Unternehmen und ihre Arbeit zu begeistern. Herr Hampe tappt im Dunkeln und braucht Hilfe von aussen. So kommen wir beide zusammen.<\/p>\n<h2><strong>F\u00fcr <\/strong><strong>mehr Motivation <\/strong><strong>sorgen? \u00abIch weiss nicht mehr, was ich noch tun soll\u00bb <\/strong><\/h2>\n<p>Das ist das R\u00e9sum\u00e9, welches Herr Hampe nach seinen Ausf\u00fchrungen zieht, w\u00e4hrend ich kurz nachdenke und erkenne, was in seinem Unternehmen tats\u00e4chlich schiefl\u00e4uft und woran er bis dato noch nicht einmal einen Gedanken verschwendet hat: Es hat mit Herrn Hampe selbst zu tun.<\/p>\n<p>Denn durch den Stress, den Mehraufwand und die Distanzhaltung der letzten Monate hat sich Herr Hampe immer weiter von seinen Mitarbeitenden entfernt und vieles oberfl\u00e4chlich entschieden. Er hat manche mit schneller Hand bef\u00f6rdert, andere nicht. Es lief super und die Zahlen stimmten. Doch ein Teil seines Teams sah das anders und entfernte sich ebenfalls. Seine Versuche, es nunmehr mit netten Gesten wieder anzuheizen, scheiterten, weil es dem Team auf mehr als nur diese Gesten ankommt.<\/p>\n<p>So gebe ich Herrn Hampe eine Handvoll Tipps f\u00fcr mehr Motivation bei seinen Mitarbeitenden mit.<\/p>\n<h2><strong>Tipp 1: <\/strong><strong>Die Mitarbeitenden besser kennenlernen <\/strong><\/h2>\n<p>Wer Mitarbeiter \u2013 die sowohl empfindlichste als auch anspruchsvollste Ressource eines Unternehmens \u2013 f\u00fchren m\u00f6chte, braucht ein Gesp\u00fcr f\u00fcr Menschen. Ohne dieses Gesp\u00fcr sind Sie in derselben Situation wie Herr Hampe. Sie versuchen vieles, was intuitiv korrekt erscheint, k\u00f6nnen die Erwartungen und Bed\u00fcrfnisse Ihrer Mitarbeitenden aber weder identifizieren noch erf\u00fcllen. Diese machen kurzen Prozess. Wenn sie sich distanzieren oder auch direkt das Unternehmen verlassen, dann oft aus dem Grund, dass sie sich nicht verstanden f\u00fchlen oder weil die Chemie mit dem Chef nicht stimmt.<\/p>\n<p>Der Punkt ist, dass Sie als F\u00fchrungskraft auf beide Ursachen recht einfach Einfluss nehmen k\u00f6nnen. Wenn Herr Hampe nicht mehr versucht, seine Leute mit kurzen Motivationsreden und netten Gesten abzuspeisen, sondern sich mit ihnen auseinandersetzt und sie wertsch\u00e4tzt, wird er etwas bewegen und sie motivieren k\u00f6nnen. Denn er weiss, wo er konkret anzusetzen hat.<\/p>\n<h2><strong>Tipp 2: <\/strong><strong>Keine falschen Bef\u00f6rderungen vornehmen <\/strong><\/h2>\n<p>Die meisten Unternehmen bef\u00f6rdern jene Mitarbeitenden, die in ihrer aktuellen Position durch hervorragende Leistungen auffallen. So auch das Unternehmen von Herrn Hampe. Doch sein vorschneller Schritt ist mit Vorsicht zu geniessen. Menschen sind dann gut in ihrem Job, wenn sie Spass an ihm haben. Wenn sie sich um Bereiche k\u00fcmmern, in denen sie sich vom Wesen her entfalten k\u00f6nnen und in denen sie sich wunderbar auskennen. Bef\u00f6rdert zu werden, bedeutet immer, seine Komfortzone verlassen zu m\u00fcssen. Die einen Menschen kommen damit hervorragend klar, bei anderen wechselt die Freude nach kurzer Zeit zum Frust. Weil sie merken, dass es falsch war, ihre Komfortzone zu verlassen und in die n\u00e4chsth\u00f6here Ebene zu wechseln.<\/p>\n<p>Herr Hampe hat einen seiner besten Sales-Leute vor Kurzem zum Teamleiter bef\u00f6rdert. Er dachte sich, dass er die ausserordentlichen Leistungen des Verk\u00e4ufers dadurch loben k\u00f6nnte. Und der Verk\u00e4ufer nahm das Angebot freudestrahlend an. Dann aber wurde ihm klar, dass er nicht mehr verkauft, sondern ein Team zu f\u00fchren hat. Ihm wurde klar, dass das nichts f\u00fcr ihn ist.<\/p>\n<p>Wenn Sie Ihre Mitarbeitenden bef\u00f6rdern m\u00f6chten, sprechen Sie ausf\u00fchrlich mit ihnen dar\u00fcber. Und \u2013 aufbauend auf dem ersten Tipp \u2013 lernen Sie sie besser kennen, um ihre wahren Potenziale aufzudecken und sie in Positionen zu bef\u00f6rdern, an denen sie ebenso Freude wie an ihrer momentanen haben.<\/p>\n<h2><strong>Tipp 3: <\/strong><strong>Ihre Mitarbeitenden zur Selbstreflexion anhalten <\/strong><\/h2>\n<p>Nicht nur Sie m\u00fcssen Ihre Mitarbeitenden kennen, sondern Ihre Mitarbeitenden m\u00fcssen sich auch selbst kennen. Gehen Sie nicht davon aus, dass sich jeder selbst kennt und sich seiner St\u00e4rken sowie Schw\u00e4chen bewusst ist. Vielen f\u00e4llt es schwer, sich selber realistisch und kritisch zu betrachten und zu beurteilen. Deshalb m\u00fcssen Sie Ihre Mitarbeitenden dazu anhalten, sich selber zu reflektieren und sich proaktiv wie auch effizient weiterzuentwickeln. Sprechen Sie viel mit ihnen und regen Sie sie stets zum Hinterfragen an. \u00abBeobachten\u00bb Sie sie ausserdem, indem Sie Ziele vereinbaren und die Performance der einzelnen Personen messen. Falsch ist, sich zur\u00fcckzuziehen und erst bei Problemen zu reagieren. Denken Sie voraus und antizipieren Sie Probleme, ehe sie entstehen. Zudem wachsen Ihre Mitarbeitenden an sich selbst und werden effizienter in dem, was sie tun. Dadurch l\u00f6sen sich manche Probleme von allein.<\/p>\n<h2><strong>Tipp 4: <\/strong><strong>Keine Probleml\u00f6sung durch Lohnerh\u00f6hungen und Boni <\/strong><\/h2>\n<p>Das \u00abIch zahle meinen Leuten einfach mehr Lohn und dann passt das\u00bb-Denken ist weit verbreitet. Aber es ist kein Probleml\u00f6ser, sondern wirkt eher wie ein Medikament: Man nimmt es ein, und die Symptome der Krankheit verschwinden oder werden gelindert. Trotzdem f\u00fchlt man sich schwach und nicht leistungsf\u00e4hig, denn die Ursache, der Grund f\u00fcr die Krankheit ist immer noch da. Mittlerweile existieren viele Studien, die verdeutlichen, dass es Menschen im Job kaum auf den Lohn oder die Benefits ankommt, sondern vielmehr auf qualitative Faktoren. Ganz besonders z\u00e4hlen die F\u00fchrungskraft und die Entwicklungschancen.<\/p>\n<p>Versuchen Sie als Chef also nicht, die Sorgen Ihrer Mitarbeitenden \u2013 so wie Herr Hampe \u2013 einfach mit einem \u00abZ\u00fcckerli\u00bb in Form von mehr Lohn oder Benefits abzuspeisen, sondern widmen Sie sich den echten Problemen und f\u00fchren Sie die Leute optimal. Um optimal f\u00fchren zu k\u00f6nnen, m\u00fcssen Sie stets pr\u00e4sent, aufmerksam und fit sein. Sie m\u00fcssen f\u00fcr Ihre Position brennen, damit Ihre Leidenschaft auf die Mitarbeitenden \u00fcberschwappt. Seien Sie bei ihnen, unterst\u00fctzen Sie sie, seien Sie sich f\u00fcr nichts zu schade und haben Sie immer ein offenes Ohr. Auch in Stresssituationen.<\/p>\n<h2><strong>Tipp 5: <\/strong><strong>Das Bauchgef\u00fchl durch Fakten von aussen erweitern <\/strong><\/h2>\n<p>Sie sitzen vor einem Steuerpult mit vielen Motivationskn\u00f6pfen. Und nun ist es Ihre Aufgabe, f\u00fcr all Ihre Leute den entsprechend korrekten Knopf zu dr\u00fccken. Das h\u00f6rt sich leichter an, als es ist. Es ist anspruchsvoll, selbst mit den schon erw\u00e4hnten Tipps. Die Erfahrungen zeigen, dass insbesondere starke Altersunterschiede und unterschiedliche Charakteren zwischen den Mitarbeitenden und der F\u00fchrungskraft das Einf\u00fchlen in die jeweils andere Partei erschweren.<\/p>\n<p>Deshalb lautet der letzte Tipp: Nehmen Sie gegen\u00fcber den entsprechenden Mitarbeitenden eine vollkommen objektive Aussensicht ein, h\u00f6ren Sie auf Ihr Bauchgef\u00fchl und holen Sie sich \u2013 wenn es unvermeidbar hakt \u2013 Perspektiven von aussen, bestenfalls von einem erfahrenen Personalcoach, hinzu. Online-Assessments sind hier ein wesentliches Stichwort. Dabei handelt es sich um eignungsdiagnostische Testverfahren zur Ermittlung berufsrelevanter Personenmerkmale. Sp\u00e4testens durch Online-Assessments werden Sie den Durchblick erlangen, welchen Sie brauchen, um das Motivationsproblem zu l\u00f6sen.<\/p>\n<p>Und dabei ist eines sicher: Entweder sind am Ende alle zufrieden oder keiner ist es. Es herrscht immer eine Win-win- oder eine Loose-loose-Situation. Und so negativ sich die zweite auch anh\u00f6rt, sie ist f\u00fcr Ihr Unternehmen ebenso positiv wie die erste.<\/p>\n<figure id=\"attachment_7660\" aria-describedby=\"caption-attachment-7660\" style=\"width: 340px\" class=\"wp-caption alignnone\"><img loading=\"lazy\" decoding=\"async\" class=\"wp-image-7660 size-full\" src=\"https:\/\/www.organisator.ch\/wp-content\/uploads\/2021\/02\/Fuenf-Tipps-fuer-mehr-Motivation-2_Organisator.jpg\" alt=\"\" width=\"340\" height=\"480\" srcset=\"https:\/\/www.organisator.ch\/wp-content\/uploads\/2021\/02\/Fuenf-Tipps-fuer-mehr-Motivation-2_Organisator.jpg 340w, https:\/\/www.organisator.ch\/wp-content\/uploads\/2021\/02\/Fuenf-Tipps-fuer-mehr-Motivation-2_Organisator-9x12.jpg 9w, https:\/\/www.organisator.ch\/wp-content\/uploads\/2021\/02\/Fuenf-Tipps-fuer-mehr-Motivation-2_Organisator-124x175.jpg 124w, https:\/\/www.organisator.ch\/wp-content\/uploads\/2021\/02\/Fuenf-Tipps-fuer-mehr-Motivation-2_Organisator-248x350.jpg 248w, https:\/\/www.organisator.ch\/wp-content\/uploads\/2021\/02\/Fuenf-Tipps-fuer-mehr-Motivation-2_Organisator-300x424.jpg 300w\" sizes=\"auto, (max-width: 340px) 100vw, 340px\" \/><figcaption id=\"caption-attachment-7660\" class=\"wp-caption-text\">(zVg \/ Outvision GmbH)<\/figcaption><\/figure>\n<p><em><strong>Autor:<\/strong><br \/>\n<\/em><em>Christoph Meier ist erfahrener Personalentwicklungsexperte und seit 2008 Inhaber und Experte der Outvision GmbH St. Gallen, einem der f\u00fchrenden Schweizer Anbieter f\u00fcr Online-Assessments zur Rekrutierung, Bef\u00f6rderung, Talentsuche, F\u00fchrungskr\u00e4fte- und Team-Entwicklung. <\/em><em><a href=\"http:\/\/www.outvision.ch\/\">www.outvision.ch<\/a><\/em><\/p>\n","protected":false},"excerpt":{"rendered":"<p>Stellen Sie sich den Gesch\u00e4ftsf\u00fchrer eines aufstrebenden Unternehmens vor, nennen wir ihn Herr Hampe. Momentan hat es Herr Hampe mit seinem Unternehmen, auch Corona bedingt, alles andere als leicht. Und das trotz der enorm guten Verkaufszahlen. Grund f\u00fcr seinen Unmut sind ein paar seiner Angestellten, die sich immer unmotivierter zeigen und sich kaum noch mit [&hellip;]<\/p>\n","protected":false},"author":4,"featured_media":7659,"comment_status":"closed","ping_status":"closed","sticky":false,"template":"","format":"standard","meta":{"_acf_changed":false,"_yoast_wpseo_focuskw":"mehr Motivation","_yoast_wpseo_metadesc":"Fast alle Unternehmen haben Mitarbeitende, deren Motivation pl\u00f6tzlich aus scheinbar unerkl\u00e4rlichen Gr\u00fcnden abnimmt. Wie sorgen Sie f\u00fcr mehr Motivation?","articlekey":"","footnotes":""},"categories":[28],"tags":[115,320,335,380],"class_list":["post-7658","post","type-post","status-publish","format-standard","has-post-thumbnail","hentry","category-management","tag-checklisten","tag-leadership","tag-management-und-unternehmensfuehrung","tag-personalfuehrung"],"acf":[],"yoast_head":"<!-- This site is optimized with the Yoast SEO plugin v27.5 - https:\/\/yoast.com\/product\/yoast-seo-wordpress\/ -->\n<title>F\u00fcnf Tipps f\u00fcr mehr Motivation - Organisator<\/title>\n<meta name=\"description\" content=\"Fast alle Unternehmen haben Mitarbeitende, deren Motivation pl\u00f6tzlich aus scheinbar unerkl\u00e4rlichen Gr\u00fcnden abnimmt. Wie sorgen Sie f\u00fcr mehr Motivation?\" \/>\n<meta name=\"robots\" content=\"index, follow, max-snippet:-1, max-image-preview:large, max-video-preview:-1\" \/>\n<link rel=\"canonical\" href=\"https:\/\/www.organisator.ch\/de\/management\/2021-02-12\/fuenf-tipps-fuer-mehr-motivation\/\" \/>\n<meta property=\"og:locale\" content=\"de_DE\" \/>\n<meta property=\"og:type\" content=\"article\" \/>\n<meta property=\"og:title\" content=\"F\u00fcnf Tipps f\u00fcr mehr Motivation\" \/>\n<meta property=\"og:description\" content=\"Fast alle Unternehmen haben Mitarbeitende, deren Motivation pl\u00f6tzlich aus scheinbar unerkl\u00e4rlichen Gr\u00fcnden abnimmt. Wie sorgen Sie f\u00fcr mehr Motivation?\" \/>\n<meta property=\"og:url\" content=\"https:\/\/www.organisator.ch\/de\/management\/2021-02-12\/fuenf-tipps-fuer-mehr-motivation\/\" \/>\n<meta property=\"og:site_name\" content=\"Organisator\" \/>\n<meta property=\"article:publisher\" content=\"https:\/\/www.facebook.com\/OrganisatorFachmagazin\" \/>\n<meta property=\"article:published_time\" content=\"2021-02-12T07:51:34+00:00\" \/>\n<meta property=\"og:image\" content=\"https:\/\/www.organisator.ch\/wp-content\/uploads\/2021\/02\/Fuenf-Tipps-fuer-mehr-Motivation-1_Organisator.jpg\" \/>\n\t<meta property=\"og:image:width\" content=\"680\" \/>\n\t<meta property=\"og:image:height\" content=\"383\" \/>\n\t<meta property=\"og:image:type\" content=\"image\/jpeg\" \/>\n<meta name=\"author\" content=\"thomas.berner\" \/>\n<meta name=\"twitter:card\" content=\"summary_large_image\" \/>\n<meta name=\"twitter:title\" content=\"F\u00fcnf Tipps f\u00fcr mehr #Motivation\" \/>\n<meta name=\"twitter:description\" content=\"Fast alle Unternehmen haben Mitarbeitende, deren #Motivation pl\u00f6tzlich aus scheinbar unerkl\u00e4rlichen Gr\u00fcnden abnimmt. Wie sorgen Sie f\u00fcr mehr Motivation?\" \/>\n<meta name=\"twitter:image\" content=\"https:\/\/www.organisator.ch\/wp-content\/uploads\/2021\/02\/Fuenf-Tipps-fuer-mehr-Motivation-1_Organisator.jpg\" \/>\n<script type=\"application\/ld+json\" class=\"yoast-schema-graph\">{\"@context\":\"https:\\\/\\\/schema.org\",\"@graph\":[{\"@type\":\"Article\",\"@id\":\"https:\\\/\\\/www.organisator.ch\\\/management\\\/2021-02-12\\\/fuenf-tipps-fuer-mehr-motivation\\\/#article\",\"isPartOf\":{\"@id\":\"https:\\\/\\\/www.organisator.ch\\\/management\\\/2021-02-12\\\/fuenf-tipps-fuer-mehr-motivation\\\/\"},\"author\":{\"name\":\"thomas.berner\",\"@id\":\"https:\\\/\\\/www.organisator.ch\\\/#\\\/schema\\\/person\\\/6f650f90b2842cd4c0cc334b4e36f67e\"},\"headline\":\"F\u00fcnf Tipps f\u00fcr mehr Motivation\",\"datePublished\":\"2021-02-12T07:51:34+00:00\",\"mainEntityOfPage\":{\"@id\":\"https:\\\/\\\/www.organisator.ch\\\/management\\\/2021-02-12\\\/fuenf-tipps-fuer-mehr-motivation\\\/\"},\"wordCount\":1412,\"publisher\":{\"@id\":\"https:\\\/\\\/www.organisator.ch\\\/#organization\"},\"image\":{\"@id\":\"https:\\\/\\\/www.organisator.ch\\\/management\\\/2021-02-12\\\/fuenf-tipps-fuer-mehr-motivation\\\/#primaryimage\"},\"thumbnailUrl\":\"https:\\\/\\\/www.organisator.ch\\\/wp-content\\\/uploads\\\/2021\\\/02\\\/Fuenf-Tipps-fuer-mehr-Motivation-1_Organisator.jpg\",\"keywords\":[\"Checklisten\",\"Leadership\",\"Management und Unternehmensf\u00fchrung\",\"Personalf\u00fchrung\"],\"articleSection\":[\"MANAGEMENT\"],\"inLanguage\":\"de\"},{\"@type\":\"WebPage\",\"@id\":\"https:\\\/\\\/www.organisator.ch\\\/management\\\/2021-02-12\\\/fuenf-tipps-fuer-mehr-motivation\\\/\",\"url\":\"https:\\\/\\\/www.organisator.ch\\\/management\\\/2021-02-12\\\/fuenf-tipps-fuer-mehr-motivation\\\/\",\"name\":\"F\u00fcnf Tipps f\u00fcr mehr Motivation - Organisator\",\"isPartOf\":{\"@id\":\"https:\\\/\\\/www.organisator.ch\\\/#website\"},\"primaryImageOfPage\":{\"@id\":\"https:\\\/\\\/www.organisator.ch\\\/management\\\/2021-02-12\\\/fuenf-tipps-fuer-mehr-motivation\\\/#primaryimage\"},\"image\":{\"@id\":\"https:\\\/\\\/www.organisator.ch\\\/management\\\/2021-02-12\\\/fuenf-tipps-fuer-mehr-motivation\\\/#primaryimage\"},\"thumbnailUrl\":\"https:\\\/\\\/www.organisator.ch\\\/wp-content\\\/uploads\\\/2021\\\/02\\\/Fuenf-Tipps-fuer-mehr-Motivation-1_Organisator.jpg\",\"datePublished\":\"2021-02-12T07:51:34+00:00\",\"description\":\"Fast alle Unternehmen haben Mitarbeitende, deren Motivation pl\u00f6tzlich aus scheinbar unerkl\u00e4rlichen Gr\u00fcnden abnimmt. Wie sorgen Sie f\u00fcr mehr Motivation?\",\"breadcrumb\":{\"@id\":\"https:\\\/\\\/www.organisator.ch\\\/management\\\/2021-02-12\\\/fuenf-tipps-fuer-mehr-motivation\\\/#breadcrumb\"},\"inLanguage\":\"de\",\"potentialAction\":[{\"@type\":\"ReadAction\",\"target\":[\"https:\\\/\\\/www.organisator.ch\\\/management\\\/2021-02-12\\\/fuenf-tipps-fuer-mehr-motivation\\\/\"]}]},{\"@type\":\"ImageObject\",\"inLanguage\":\"de\",\"@id\":\"https:\\\/\\\/www.organisator.ch\\\/management\\\/2021-02-12\\\/fuenf-tipps-fuer-mehr-motivation\\\/#primaryimage\",\"url\":\"https:\\\/\\\/www.organisator.ch\\\/wp-content\\\/uploads\\\/2021\\\/02\\\/Fuenf-Tipps-fuer-mehr-Motivation-1_Organisator.jpg\",\"contentUrl\":\"https:\\\/\\\/www.organisator.ch\\\/wp-content\\\/uploads\\\/2021\\\/02\\\/Fuenf-Tipps-fuer-mehr-Motivation-1_Organisator.jpg\",\"width\":680,\"height\":383,\"caption\":\"Demotiviert bei der Arbeit? Wie Sie als F\u00fchrungskraft f\u00fcr mehr Motivation bei Mitarbeitenden sorgen k\u00f6nnen, zeigen f\u00fcnf Tipps. (Bild: Canva)\"},{\"@type\":\"BreadcrumbList\",\"@id\":\"https:\\\/\\\/www.organisator.ch\\\/management\\\/2021-02-12\\\/fuenf-tipps-fuer-mehr-motivation\\\/#breadcrumb\",\"itemListElement\":[{\"@type\":\"ListItem\",\"position\":1,\"name\":\"Home\",\"item\":\"https:\\\/\\\/www.organisator.ch\\\/\"},{\"@type\":\"ListItem\",\"position\":2,\"name\":\"F\u00fcnf Tipps f\u00fcr mehr Motivation\"}]},{\"@type\":\"WebSite\",\"@id\":\"https:\\\/\\\/www.organisator.ch\\\/#website\",\"url\":\"https:\\\/\\\/www.organisator.ch\\\/\",\"name\":\"Organisator\",\"description\":\"Kompetent. Praxisnah. Der ORGANISATOR bereitet in 10 Ausgaben pro Jahr die wesentlichen Themen f\u00fcr F\u00fchrungskr\u00e4fte von KMU auf.\",\"publisher\":{\"@id\":\"https:\\\/\\\/www.organisator.ch\\\/#organization\"},\"potentialAction\":[{\"@type\":\"SearchAction\",\"target\":{\"@type\":\"EntryPoint\",\"urlTemplate\":\"https:\\\/\\\/www.organisator.ch\\\/?s={search_term_string}\"},\"query-input\":{\"@type\":\"PropertyValueSpecification\",\"valueRequired\":true,\"valueName\":\"search_term_string\"}}],\"inLanguage\":\"de\"},{\"@type\":\"Organization\",\"@id\":\"https:\\\/\\\/www.organisator.ch\\\/#organization\",\"name\":\"Organisator\",\"url\":\"https:\\\/\\\/www.organisator.ch\\\/\",\"logo\":{\"@type\":\"ImageObject\",\"inLanguage\":\"de\",\"@id\":\"https:\\\/\\\/www.organisator.ch\\\/#\\\/schema\\\/logo\\\/image\\\/\",\"url\":\"https:\\\/\\\/www.organisator.ch\\\/wp-content\\\/uploads\\\/2022\\\/01\\\/Logo_Organisator_Website.png\",\"contentUrl\":\"https:\\\/\\\/www.organisator.ch\\\/wp-content\\\/uploads\\\/2022\\\/01\\\/Logo_Organisator_Website.png\",\"width\":800,\"height\":77,\"caption\":\"Organisator\"},\"image\":{\"@id\":\"https:\\\/\\\/www.organisator.ch\\\/#\\\/schema\\\/logo\\\/image\\\/\"},\"sameAs\":[\"https:\\\/\\\/www.facebook.com\\\/OrganisatorFachmagazin\",\"https:\\\/\\\/www.linkedin.com\\\/showcase\\\/organisator-das-magazin-fr-kmu\",\"https:\\\/\\\/www.xing.com\\\/news\\\/pages\\\/organisator-ch-695\",\"https:\\\/\\\/www.youtube.com\\\/channel\\\/UCGP2Sq0iWaZwT3BdIAQFYpw\"]},{\"@type\":\"Person\",\"@id\":\"https:\\\/\\\/www.organisator.ch\\\/#\\\/schema\\\/person\\\/6f650f90b2842cd4c0cc334b4e36f67e\",\"name\":\"thomas.berner\",\"image\":{\"@type\":\"ImageObject\",\"inLanguage\":\"de\",\"@id\":\"https:\\\/\\\/secure.gravatar.com\\\/avatar\\\/ac5001d2a36cb6c6cd3e50789007ffca834b477b74a2144564522e944eabff61?s=96&d=mm&r=g\",\"url\":\"https:\\\/\\\/secure.gravatar.com\\\/avatar\\\/ac5001d2a36cb6c6cd3e50789007ffca834b477b74a2144564522e944eabff61?s=96&d=mm&r=g\",\"contentUrl\":\"https:\\\/\\\/secure.gravatar.com\\\/avatar\\\/ac5001d2a36cb6c6cd3e50789007ffca834b477b74a2144564522e944eabff61?s=96&d=mm&r=g\",\"caption\":\"thomas.berner\"},\"url\":\"https:\\\/\\\/www.organisator.ch\\\/de\\\/author\\\/thomas-berner\\\/\"}]}<\/script>\n<!-- \/ Yoast SEO plugin. -->","yoast_head_json":{"title":"F\u00fcnf Tipps f\u00fcr mehr Motivation - Organisator","description":"Fast alle Unternehmen haben Mitarbeitende, deren Motivation pl\u00f6tzlich aus scheinbar unerkl\u00e4rlichen Gr\u00fcnden abnimmt. Wie sorgen Sie f\u00fcr mehr Motivation?","robots":{"index":"index","follow":"follow","max-snippet":"max-snippet:-1","max-image-preview":"max-image-preview:large","max-video-preview":"max-video-preview:-1"},"canonical":"https:\/\/www.organisator.ch\/de\/management\/2021-02-12\/fuenf-tipps-fuer-mehr-motivation\/","og_locale":"de_DE","og_type":"article","og_title":"F\u00fcnf Tipps f\u00fcr mehr Motivation","og_description":"Fast alle Unternehmen haben Mitarbeitende, deren Motivation pl\u00f6tzlich aus scheinbar unerkl\u00e4rlichen Gr\u00fcnden abnimmt. Wie sorgen Sie f\u00fcr mehr Motivation?","og_url":"https:\/\/www.organisator.ch\/de\/management\/2021-02-12\/fuenf-tipps-fuer-mehr-motivation\/","og_site_name":"Organisator","article_publisher":"https:\/\/www.facebook.com\/OrganisatorFachmagazin","article_published_time":"2021-02-12T07:51:34+00:00","og_image":[{"width":680,"height":383,"url":"https:\/\/www.organisator.ch\/wp-content\/uploads\/2021\/02\/Fuenf-Tipps-fuer-mehr-Motivation-1_Organisator.jpg","type":"image\/jpeg"}],"author":"thomas.berner","twitter_card":"summary_large_image","twitter_title":"F\u00fcnf Tipps f\u00fcr mehr #Motivation","twitter_description":"Fast alle Unternehmen haben Mitarbeitende, deren #Motivation pl\u00f6tzlich aus scheinbar unerkl\u00e4rlichen Gr\u00fcnden abnimmt. Wie sorgen Sie f\u00fcr mehr Motivation?","twitter_image":"https:\/\/www.organisator.ch\/wp-content\/uploads\/2021\/02\/Fuenf-Tipps-fuer-mehr-Motivation-1_Organisator.jpg","schema":{"@context":"https:\/\/schema.org","@graph":[{"@type":"Article","@id":"https:\/\/www.organisator.ch\/management\/2021-02-12\/fuenf-tipps-fuer-mehr-motivation\/#article","isPartOf":{"@id":"https:\/\/www.organisator.ch\/management\/2021-02-12\/fuenf-tipps-fuer-mehr-motivation\/"},"author":{"name":"thomas.berner","@id":"https:\/\/www.organisator.ch\/#\/schema\/person\/6f650f90b2842cd4c0cc334b4e36f67e"},"headline":"F\u00fcnf Tipps f\u00fcr mehr Motivation","datePublished":"2021-02-12T07:51:34+00:00","mainEntityOfPage":{"@id":"https:\/\/www.organisator.ch\/management\/2021-02-12\/fuenf-tipps-fuer-mehr-motivation\/"},"wordCount":1412,"publisher":{"@id":"https:\/\/www.organisator.ch\/#organization"},"image":{"@id":"https:\/\/www.organisator.ch\/management\/2021-02-12\/fuenf-tipps-fuer-mehr-motivation\/#primaryimage"},"thumbnailUrl":"https:\/\/www.organisator.ch\/wp-content\/uploads\/2021\/02\/Fuenf-Tipps-fuer-mehr-Motivation-1_Organisator.jpg","keywords":["Checklisten","Leadership","Management und Unternehmensf\u00fchrung","Personalf\u00fchrung"],"articleSection":["MANAGEMENT"],"inLanguage":"de"},{"@type":"WebPage","@id":"https:\/\/www.organisator.ch\/management\/2021-02-12\/fuenf-tipps-fuer-mehr-motivation\/","url":"https:\/\/www.organisator.ch\/management\/2021-02-12\/fuenf-tipps-fuer-mehr-motivation\/","name":"F\u00fcnf Tipps f\u00fcr mehr Motivation - Organisator","isPartOf":{"@id":"https:\/\/www.organisator.ch\/#website"},"primaryImageOfPage":{"@id":"https:\/\/www.organisator.ch\/management\/2021-02-12\/fuenf-tipps-fuer-mehr-motivation\/#primaryimage"},"image":{"@id":"https:\/\/www.organisator.ch\/management\/2021-02-12\/fuenf-tipps-fuer-mehr-motivation\/#primaryimage"},"thumbnailUrl":"https:\/\/www.organisator.ch\/wp-content\/uploads\/2021\/02\/Fuenf-Tipps-fuer-mehr-Motivation-1_Organisator.jpg","datePublished":"2021-02-12T07:51:34+00:00","description":"Fast alle Unternehmen haben Mitarbeitende, deren Motivation pl\u00f6tzlich aus scheinbar unerkl\u00e4rlichen Gr\u00fcnden abnimmt. Wie sorgen Sie f\u00fcr mehr Motivation?","breadcrumb":{"@id":"https:\/\/www.organisator.ch\/management\/2021-02-12\/fuenf-tipps-fuer-mehr-motivation\/#breadcrumb"},"inLanguage":"de","potentialAction":[{"@type":"ReadAction","target":["https:\/\/www.organisator.ch\/management\/2021-02-12\/fuenf-tipps-fuer-mehr-motivation\/"]}]},{"@type":"ImageObject","inLanguage":"de","@id":"https:\/\/www.organisator.ch\/management\/2021-02-12\/fuenf-tipps-fuer-mehr-motivation\/#primaryimage","url":"https:\/\/www.organisator.ch\/wp-content\/uploads\/2021\/02\/Fuenf-Tipps-fuer-mehr-Motivation-1_Organisator.jpg","contentUrl":"https:\/\/www.organisator.ch\/wp-content\/uploads\/2021\/02\/Fuenf-Tipps-fuer-mehr-Motivation-1_Organisator.jpg","width":680,"height":383,"caption":"Demotiviert bei der Arbeit? Wie Sie als F\u00fchrungskraft f\u00fcr mehr Motivation bei Mitarbeitenden sorgen k\u00f6nnen, zeigen f\u00fcnf Tipps. (Bild: Canva)"},{"@type":"BreadcrumbList","@id":"https:\/\/www.organisator.ch\/management\/2021-02-12\/fuenf-tipps-fuer-mehr-motivation\/#breadcrumb","itemListElement":[{"@type":"ListItem","position":1,"name":"Home","item":"https:\/\/www.organisator.ch\/"},{"@type":"ListItem","position":2,"name":"F\u00fcnf Tipps f\u00fcr mehr Motivation"}]},{"@type":"WebSite","@id":"https:\/\/www.organisator.ch\/#website","url":"https:\/\/www.organisator.ch\/","name":"Organisator","description":"Kompetent. Praxisnah. Der ORGANISATOR bereitet in 10 Ausgaben pro Jahr die wesentlichen Themen f\u00fcr F\u00fchrungskr\u00e4fte von KMU auf.","publisher":{"@id":"https:\/\/www.organisator.ch\/#organization"},"potentialAction":[{"@type":"SearchAction","target":{"@type":"EntryPoint","urlTemplate":"https:\/\/www.organisator.ch\/?s={search_term_string}"},"query-input":{"@type":"PropertyValueSpecification","valueRequired":true,"valueName":"search_term_string"}}],"inLanguage":"de"},{"@type":"Organization","@id":"https:\/\/www.organisator.ch\/#organization","name":"Organisator","url":"https:\/\/www.organisator.ch\/","logo":{"@type":"ImageObject","inLanguage":"de","@id":"https:\/\/www.organisator.ch\/#\/schema\/logo\/image\/","url":"https:\/\/www.organisator.ch\/wp-content\/uploads\/2022\/01\/Logo_Organisator_Website.png","contentUrl":"https:\/\/www.organisator.ch\/wp-content\/uploads\/2022\/01\/Logo_Organisator_Website.png","width":800,"height":77,"caption":"Organisator"},"image":{"@id":"https:\/\/www.organisator.ch\/#\/schema\/logo\/image\/"},"sameAs":["https:\/\/www.facebook.com\/OrganisatorFachmagazin","https:\/\/www.linkedin.com\/showcase\/organisator-das-magazin-fr-kmu","https:\/\/www.xing.com\/news\/pages\/organisator-ch-695","https:\/\/www.youtube.com\/channel\/UCGP2Sq0iWaZwT3BdIAQFYpw"]},{"@type":"Person","@id":"https:\/\/www.organisator.ch\/#\/schema\/person\/6f650f90b2842cd4c0cc334b4e36f67e","name":"thomas.berner","image":{"@type":"ImageObject","inLanguage":"de","@id":"https:\/\/secure.gravatar.com\/avatar\/ac5001d2a36cb6c6cd3e50789007ffca834b477b74a2144564522e944eabff61?s=96&d=mm&r=g","url":"https:\/\/secure.gravatar.com\/avatar\/ac5001d2a36cb6c6cd3e50789007ffca834b477b74a2144564522e944eabff61?s=96&d=mm&r=g","contentUrl":"https:\/\/secure.gravatar.com\/avatar\/ac5001d2a36cb6c6cd3e50789007ffca834b477b74a2144564522e944eabff61?s=96&d=mm&r=g","caption":"thomas.berner"},"url":"https:\/\/www.organisator.ch\/de\/author\/thomas-berner\/"}]}},"_links":{"self":[{"href":"https:\/\/www.organisator.ch\/de\/wp-json\/wp\/v2\/posts\/7658","targetHints":{"allow":["GET"]}}],"collection":[{"href":"https:\/\/www.organisator.ch\/de\/wp-json\/wp\/v2\/posts"}],"about":[{"href":"https:\/\/www.organisator.ch\/de\/wp-json\/wp\/v2\/types\/post"}],"author":[{"embeddable":true,"href":"https:\/\/www.organisator.ch\/de\/wp-json\/wp\/v2\/users\/4"}],"replies":[{"embeddable":true,"href":"https:\/\/www.organisator.ch\/de\/wp-json\/wp\/v2\/comments?post=7658"}],"version-history":[{"count":0,"href":"https:\/\/www.organisator.ch\/de\/wp-json\/wp\/v2\/posts\/7658\/revisions"}],"wp:featuredmedia":[{"embeddable":true,"href":"https:\/\/www.organisator.ch\/de\/wp-json\/wp\/v2\/media\/7659"}],"wp:attachment":[{"href":"https:\/\/www.organisator.ch\/de\/wp-json\/wp\/v2\/media?parent=7658"}],"wp:term":[{"taxonomy":"category","embeddable":true,"href":"https:\/\/www.organisator.ch\/de\/wp-json\/wp\/v2\/categories?post=7658"},{"taxonomy":"post_tag","embeddable":true,"href":"https:\/\/www.organisator.ch\/de\/wp-json\/wp\/v2\/tags?post=7658"}],"curies":[{"name":"wp","href":"https:\/\/api.w.org\/{rel}","templated":true}]}}