{"id":7685,"date":"2021-02-18T17:02:55","date_gmt":"2021-02-18T16:02:55","guid":{"rendered":"https:\/\/www.organisator.ch\/?p=7685"},"modified":"2021-02-18T17:02:55","modified_gmt":"2021-02-18T16:02:55","slug":"kmu-mem-benoetigen-weiterhin-durchhaltewillen","status":"publish","type":"post","link":"https:\/\/www.organisator.ch\/de\/management\/2021-02-18\/kmu-mem-benoetigen-weiterhin-durchhaltewillen\/","title":{"rendered":"KMU-MEM ben\u00f6tigen weiterhin Durchhaltewillen"},"content":{"rendered":"<figure id=\"attachment_7686\" aria-describedby=\"caption-attachment-7686\" style=\"width: 680px\" class=\"wp-caption alignnone\"><img loading=\"lazy\" decoding=\"async\" class=\"size-medium wp-image-7686\" src=\"https:\/\/www.organisator.ch\/wp-content\/uploads\/2021\/02\/KMU-MEM-benoetigen-weiterhin-Durchhaltewillen_Organisator.jpg\" alt=\"\" width=\"680\" height=\"448\" srcset=\"https:\/\/www.organisator.ch\/wp-content\/uploads\/2021\/02\/KMU-MEM-benoetigen-weiterhin-Durchhaltewillen_Organisator.jpg 680w, https:\/\/www.organisator.ch\/wp-content\/uploads\/2021\/02\/KMU-MEM-benoetigen-weiterhin-Durchhaltewillen_Organisator-16x12.jpg 16w, https:\/\/www.organisator.ch\/wp-content\/uploads\/2021\/02\/KMU-MEM-benoetigen-weiterhin-Durchhaltewillen_Organisator-266x175.jpg 266w, https:\/\/www.organisator.ch\/wp-content\/uploads\/2021\/02\/KMU-MEM-benoetigen-weiterhin-Durchhaltewillen_Organisator-531x350.jpg 531w, https:\/\/www.organisator.ch\/wp-content\/uploads\/2021\/02\/KMU-MEM-benoetigen-weiterhin-Durchhaltewillen_Organisator-300x198.jpg 300w\" sizes=\"auto, (max-width: 680px) 100vw, 680px\" \/><figcaption id=\"caption-attachment-7686\" class=\"wp-caption-text\">Unter diesen wirtschaftlichen Rahmenbedingungen leiden die KMU-MEM weiter. (Grafik: Swissmechanic)<\/figcaption><\/figure>\n<p>Die Corona-Rezession hat inzwischen historische Ausmasse angenommen. Das zeigt die im Januar bei rund 300 Swissmechanic Mitgliedsunternehmen durchgef\u00fchrte Befragung. Zum sechsten Mal in Folge und damit bereits seit 1\u00bd Jahren liegt der quartalsweise erhobene Gesch\u00e4ftsklima-Index f\u00fcr die KMU-MEM im Minus. Auf der Angebotsseite leidet die MEM-Branche in der zweiten Welle st\u00e4rker unter dem Ausfall von Mitarbeitern (29 Prozent) als in der ersten (25 Prozent der Unternehmen). Dies erstaunt nicht, weil die Fallzahlen jene des Fr\u00fchjahres 2020 um ein Mehrfaches \u00fcbersteigen. Die Kapazit\u00e4tsauslastung bleibt tief, obschon sie seit dem letzten Quartal leicht zugenommen hat.<\/p>\n<h2><strong>KMU-MEM: \u00abSchwierige und harte Entscheidungen\u00bb<\/strong><\/h2>\n<p>Rund zwei von drei Betrieben haben Kurzarbeit angemeldet. Die MEM-Unternehmen erwarten, dass die effektive Kurzarbeit im ersten Quartal 2021 auf 26 Prozent steigen wird. 62 Prozent haben einen Einstellungsstopp verh\u00e4ngt. Jedes vierte KMU plant Entlassungen. \u00abDiese Zahlen zeigen, dass unsere Mitgliedsunternehmen schwierige und harte Entscheidungen treffen m\u00fcssen, um in dieser Krise \u00fcberleben zu k\u00f6nnen\u00bb, sagt Swissmechanic Direktor J\u00fcrg Marti. F\u00fcr eine Entwarnung sei es leider noch zu fr\u00fch. \u00abDie MEM-Branche ist noch keineswegs \u00fcber dem Berg, die KMU-MEM m\u00fcssen durchhalten und brauchen einen langen Atem.\u00bb<\/p>\n<h2><strong>Hilfsmassnahmen sind weiterhin n\u00f6tig<\/strong><\/h2>\n<p>Die Nothilfemassnahmen wie etwa die Ausweitung und Vereinfachung der Kurzarbeit, die \u00dcberbr\u00fcckungskredite und die H\u00e4rtefallregelungen waren sehr wichtig, um den Werkplatz Schweiz in der ersten Phase der Krise zu sichern. \u00abDie Situation ist nach wie vor angespannt, weshalb das angesprochene Hilfspaket nach wie vor zwingend n\u00f6tig ist, verl\u00e4ngert und differenzierter auf die einzelnen Branchen angewendet werden muss\u00bb, erl\u00e4utert Marti. Swissmechanic fordert denn, dass auch Selbstst\u00e4ndige und Personen in Arbeitgeber\u00e4hnlicher Stellung von Kurzarbeitsentsch\u00e4digung profitieren k\u00f6nnen. Da es sich bei der Kurzarbeitsentsch\u00e4digung um eine Versicherung handelt, m\u00fcssen alle Personen, die in diese Versicherung einbezahlen im Krisenfall auch davon profitieren k\u00f6nnen.<\/p>\n<h2><strong>Ged\u00e4mpft optimistischer Ausblick<\/strong><\/h2>\n<p>Noch befindet sich die MEM-Branche mitten in der Krise und die Unsicherheit bleibt gross. Der Pandemieverlauf ist unter anderem aufgrund der Mutationen schwierig zu prognostizieren. BAK Economics geht allerdings davon aus, dass die Schweiz und die wichtigsten Absatzm\u00e4rkte die Pandemie durch Impfungen im Sommer zunehmend in den Griff bekommen. \u00abMit der abnehmenden Unsicherheit und der globalen konjunkturellen Erholung erwarten wir in der zweiten Jahresh\u00e4lfte auch wieder sp\u00fcrbare Impulse f\u00fcr die Nachfrage nach Produkten der Schweizer MEM-Industrie\u00bb, sagt Michael Grass von BAK Economics.<\/p>\n<p><em>Quelle: <a href=\"http:\/\/www.swissmechanic.ch\">Swissmechanic<\/a><\/em><\/p>\n","protected":false},"excerpt":{"rendered":"<p>Die Corona-Rezession hat inzwischen historische Ausmasse angenommen. Das zeigt die im Januar bei rund 300 Swissmechanic Mitgliedsunternehmen durchgef\u00fchrte Befragung. Zum sechsten Mal in Folge und damit bereits seit 1\u00bd Jahren liegt der quartalsweise erhobene Gesch\u00e4ftsklima-Index f\u00fcr die KMU-MEM im Minus. Auf der Angebotsseite leidet die MEM-Branche in der zweiten Welle st\u00e4rker unter dem Ausfall von [&hellip;]<\/p>\n","protected":false},"author":4,"featured_media":7686,"comment_status":"closed","ping_status":"closed","sticky":false,"template":"","format":"standard","meta":{"_acf_changed":false,"_yoast_wpseo_focuskw":"KMU-MEM","_yoast_wpseo_metadesc":"Der Swissmechanic Wirtschaftsbarometer vom Februar 2021 zeigt, dass die Situation der KMU-MEM nach wie vor schwierig ist.","articlekey":"","footnotes":""},"categories":[28],"tags":[310,492,508,531],"class_list":["post-7685","post","type-post","status-publish","format-standard","has-post-thumbnail","hentry","category-management","tag-konjunktur","tag-unternehmen","tag-vermischtes","tag-wirtschaftspolitik"],"acf":[],"yoast_head":"<!-- This site is optimized with the Yoast SEO plugin v27.4 - https:\/\/yoast.com\/product\/yoast-seo-wordpress\/ -->\n<title>KMU-MEM ben\u00f6tigen weiterhin Durchhaltewillen - Organisator<\/title>\n<meta name=\"description\" content=\"Der Swissmechanic Wirtschaftsbarometer vom Februar 2021 zeigt, dass die Situation der KMU-MEM nach wie vor schwierig ist.\" \/>\n<meta name=\"robots\" content=\"index, follow, max-snippet:-1, max-image-preview:large, max-video-preview:-1\" \/>\n<link rel=\"canonical\" href=\"https:\/\/www.organisator.ch\/de\/management\/2021-02-18\/kmu-mem-benoetigen-weiterhin-durchhaltewillen\/\" \/>\n<meta property=\"og:locale\" content=\"de_DE\" \/>\n<meta property=\"og:type\" content=\"article\" \/>\n<meta property=\"og:title\" content=\"KMU-MEM ben\u00f6tigen weiterhin Durchhaltewillen\" \/>\n<meta property=\"og:description\" content=\"Der Swissmechanic Wirtschaftsbarometer vom Februar 2021 zeigt, dass die Situation der KMU-MEM nach wie vor schwierig ist.\" \/>\n<meta property=\"og:url\" content=\"https:\/\/www.organisator.ch\/de\/management\/2021-02-18\/kmu-mem-benoetigen-weiterhin-durchhaltewillen\/\" \/>\n<meta property=\"og:site_name\" content=\"Organisator\" \/>\n<meta property=\"article:publisher\" content=\"https:\/\/www.facebook.com\/OrganisatorFachmagazin\" \/>\n<meta property=\"article:published_time\" content=\"2021-02-18T16:02:55+00:00\" \/>\n<meta property=\"og:image\" content=\"https:\/\/www.organisator.ch\/wp-content\/uploads\/2021\/02\/KMU-MEM-benoetigen-weiterhin-Durchhaltewillen_Organisator.jpg\" \/>\n\t<meta property=\"og:image:width\" content=\"680\" \/>\n\t<meta property=\"og:image:height\" content=\"448\" \/>\n\t<meta property=\"og:image:type\" content=\"image\/jpeg\" \/>\n<meta name=\"author\" content=\"thomas.berner\" \/>\n<meta name=\"twitter:card\" content=\"summary_large_image\" \/>\n<meta name=\"twitter:title\" content=\"#KMU-MEM ben\u00f6tigen weiterhin #Durchhaltewillen\" \/>\n<meta name=\"twitter:description\" content=\"Der #Swissmechanic #Wirtschaftsbarometer vom Februar 2021 zeigt, dass die Situation der #KMU-MEM nach wie vor schwierig ist.\" \/>\n<meta name=\"twitter:image\" content=\"https:\/\/www.organisator.ch\/wp-content\/uploads\/2021\/02\/KMU-MEM-benoetigen-weiterhin-Durchhaltewillen_Organisator.jpg\" \/>\n<script type=\"application\/ld+json\" class=\"yoast-schema-graph\">{\"@context\":\"https:\\\/\\\/schema.org\",\"@graph\":[{\"@type\":\"Article\",\"@id\":\"https:\\\/\\\/www.organisator.ch\\\/management\\\/2021-02-18\\\/kmu-mem-benoetigen-weiterhin-durchhaltewillen\\\/#article\",\"isPartOf\":{\"@id\":\"https:\\\/\\\/www.organisator.ch\\\/management\\\/2021-02-18\\\/kmu-mem-benoetigen-weiterhin-durchhaltewillen\\\/\"},\"author\":{\"name\":\"thomas.berner\",\"@id\":\"https:\\\/\\\/www.organisator.ch\\\/#\\\/schema\\\/person\\\/6f650f90b2842cd4c0cc334b4e36f67e\"},\"headline\":\"KMU-MEM ben\u00f6tigen weiterhin Durchhaltewillen\",\"datePublished\":\"2021-02-18T16:02:55+00:00\",\"mainEntityOfPage\":{\"@id\":\"https:\\\/\\\/www.organisator.ch\\\/management\\\/2021-02-18\\\/kmu-mem-benoetigen-weiterhin-durchhaltewillen\\\/\"},\"wordCount\":417,\"publisher\":{\"@id\":\"https:\\\/\\\/www.organisator.ch\\\/#organization\"},\"image\":{\"@id\":\"https:\\\/\\\/www.organisator.ch\\\/management\\\/2021-02-18\\\/kmu-mem-benoetigen-weiterhin-durchhaltewillen\\\/#primaryimage\"},\"thumbnailUrl\":\"https:\\\/\\\/www.organisator.ch\\\/wp-content\\\/uploads\\\/2021\\\/02\\\/KMU-MEM-benoetigen-weiterhin-Durchhaltewillen_Organisator.jpg\",\"keywords\":[\"Konjunktur\",\"Unternehmen\",\"Vermischtes\",\"Wirtschaftspolitik\"],\"articleSection\":[\"MANAGEMENT\"],\"inLanguage\":\"de\"},{\"@type\":\"WebPage\",\"@id\":\"https:\\\/\\\/www.organisator.ch\\\/management\\\/2021-02-18\\\/kmu-mem-benoetigen-weiterhin-durchhaltewillen\\\/\",\"url\":\"https:\\\/\\\/www.organisator.ch\\\/management\\\/2021-02-18\\\/kmu-mem-benoetigen-weiterhin-durchhaltewillen\\\/\",\"name\":\"KMU-MEM ben\u00f6tigen weiterhin Durchhaltewillen - Organisator\",\"isPartOf\":{\"@id\":\"https:\\\/\\\/www.organisator.ch\\\/#website\"},\"primaryImageOfPage\":{\"@id\":\"https:\\\/\\\/www.organisator.ch\\\/management\\\/2021-02-18\\\/kmu-mem-benoetigen-weiterhin-durchhaltewillen\\\/#primaryimage\"},\"image\":{\"@id\":\"https:\\\/\\\/www.organisator.ch\\\/management\\\/2021-02-18\\\/kmu-mem-benoetigen-weiterhin-durchhaltewillen\\\/#primaryimage\"},\"thumbnailUrl\":\"https:\\\/\\\/www.organisator.ch\\\/wp-content\\\/uploads\\\/2021\\\/02\\\/KMU-MEM-benoetigen-weiterhin-Durchhaltewillen_Organisator.jpg\",\"datePublished\":\"2021-02-18T16:02:55+00:00\",\"description\":\"Der Swissmechanic Wirtschaftsbarometer vom Februar 2021 zeigt, dass die Situation der KMU-MEM nach wie vor schwierig ist.\",\"breadcrumb\":{\"@id\":\"https:\\\/\\\/www.organisator.ch\\\/management\\\/2021-02-18\\\/kmu-mem-benoetigen-weiterhin-durchhaltewillen\\\/#breadcrumb\"},\"inLanguage\":\"de\",\"potentialAction\":[{\"@type\":\"ReadAction\",\"target\":[\"https:\\\/\\\/www.organisator.ch\\\/management\\\/2021-02-18\\\/kmu-mem-benoetigen-weiterhin-durchhaltewillen\\\/\"]}]},{\"@type\":\"ImageObject\",\"inLanguage\":\"de\",\"@id\":\"https:\\\/\\\/www.organisator.ch\\\/management\\\/2021-02-18\\\/kmu-mem-benoetigen-weiterhin-durchhaltewillen\\\/#primaryimage\",\"url\":\"https:\\\/\\\/www.organisator.ch\\\/wp-content\\\/uploads\\\/2021\\\/02\\\/KMU-MEM-benoetigen-weiterhin-Durchhaltewillen_Organisator.jpg\",\"contentUrl\":\"https:\\\/\\\/www.organisator.ch\\\/wp-content\\\/uploads\\\/2021\\\/02\\\/KMU-MEM-benoetigen-weiterhin-Durchhaltewillen_Organisator.jpg\",\"width\":680,\"height\":448,\"caption\":\"Unter diesen wirtschaftlichen Rahmenbedingungen leiden die KMU-MEM weiter. (Grafik: Swissmechanic)\"},{\"@type\":\"BreadcrumbList\",\"@id\":\"https:\\\/\\\/www.organisator.ch\\\/management\\\/2021-02-18\\\/kmu-mem-benoetigen-weiterhin-durchhaltewillen\\\/#breadcrumb\",\"itemListElement\":[{\"@type\":\"ListItem\",\"position\":1,\"name\":\"Home\",\"item\":\"https:\\\/\\\/www.organisator.ch\\\/\"},{\"@type\":\"ListItem\",\"position\":2,\"name\":\"KMU-MEM ben\u00f6tigen weiterhin Durchhaltewillen\"}]},{\"@type\":\"WebSite\",\"@id\":\"https:\\\/\\\/www.organisator.ch\\\/#website\",\"url\":\"https:\\\/\\\/www.organisator.ch\\\/\",\"name\":\"Organisator\",\"description\":\"Kompetent. Praxisnah. Der ORGANISATOR bereitet in 10 Ausgaben pro Jahr die wesentlichen Themen f\u00fcr F\u00fchrungskr\u00e4fte von KMU auf.\",\"publisher\":{\"@id\":\"https:\\\/\\\/www.organisator.ch\\\/#organization\"},\"potentialAction\":[{\"@type\":\"SearchAction\",\"target\":{\"@type\":\"EntryPoint\",\"urlTemplate\":\"https:\\\/\\\/www.organisator.ch\\\/?s={search_term_string}\"},\"query-input\":{\"@type\":\"PropertyValueSpecification\",\"valueRequired\":true,\"valueName\":\"search_term_string\"}}],\"inLanguage\":\"de\"},{\"@type\":\"Organization\",\"@id\":\"https:\\\/\\\/www.organisator.ch\\\/#organization\",\"name\":\"Organisator\",\"url\":\"https:\\\/\\\/www.organisator.ch\\\/\",\"logo\":{\"@type\":\"ImageObject\",\"inLanguage\":\"de\",\"@id\":\"https:\\\/\\\/www.organisator.ch\\\/#\\\/schema\\\/logo\\\/image\\\/\",\"url\":\"https:\\\/\\\/www.organisator.ch\\\/wp-content\\\/uploads\\\/2022\\\/01\\\/Logo_Organisator_Website.png\",\"contentUrl\":\"https:\\\/\\\/www.organisator.ch\\\/wp-content\\\/uploads\\\/2022\\\/01\\\/Logo_Organisator_Website.png\",\"width\":800,\"height\":77,\"caption\":\"Organisator\"},\"image\":{\"@id\":\"https:\\\/\\\/www.organisator.ch\\\/#\\\/schema\\\/logo\\\/image\\\/\"},\"sameAs\":[\"https:\\\/\\\/www.facebook.com\\\/OrganisatorFachmagazin\",\"https:\\\/\\\/www.linkedin.com\\\/showcase\\\/organisator-das-magazin-fr-kmu\",\"https:\\\/\\\/www.xing.com\\\/news\\\/pages\\\/organisator-ch-695\",\"https:\\\/\\\/www.youtube.com\\\/channel\\\/UCGP2Sq0iWaZwT3BdIAQFYpw\"]},{\"@type\":\"Person\",\"@id\":\"https:\\\/\\\/www.organisator.ch\\\/#\\\/schema\\\/person\\\/6f650f90b2842cd4c0cc334b4e36f67e\",\"name\":\"thomas.berner\",\"image\":{\"@type\":\"ImageObject\",\"inLanguage\":\"de\",\"@id\":\"https:\\\/\\\/secure.gravatar.com\\\/avatar\\\/ac5001d2a36cb6c6cd3e50789007ffca834b477b74a2144564522e944eabff61?s=96&d=mm&r=g\",\"url\":\"https:\\\/\\\/secure.gravatar.com\\\/avatar\\\/ac5001d2a36cb6c6cd3e50789007ffca834b477b74a2144564522e944eabff61?s=96&d=mm&r=g\",\"contentUrl\":\"https:\\\/\\\/secure.gravatar.com\\\/avatar\\\/ac5001d2a36cb6c6cd3e50789007ffca834b477b74a2144564522e944eabff61?s=96&d=mm&r=g\",\"caption\":\"thomas.berner\"},\"url\":\"https:\\\/\\\/www.organisator.ch\\\/de\\\/author\\\/thomas-berner\\\/\"}]}<\/script>\n<!-- \/ Yoast SEO plugin. -->","yoast_head_json":{"title":"KMU-MEM ben\u00f6tigen weiterhin Durchhaltewillen - Organisator","description":"Der Swissmechanic Wirtschaftsbarometer vom Februar 2021 zeigt, dass die Situation der KMU-MEM nach wie vor schwierig ist.","robots":{"index":"index","follow":"follow","max-snippet":"max-snippet:-1","max-image-preview":"max-image-preview:large","max-video-preview":"max-video-preview:-1"},"canonical":"https:\/\/www.organisator.ch\/de\/management\/2021-02-18\/kmu-mem-benoetigen-weiterhin-durchhaltewillen\/","og_locale":"de_DE","og_type":"article","og_title":"KMU-MEM ben\u00f6tigen weiterhin Durchhaltewillen","og_description":"Der Swissmechanic Wirtschaftsbarometer vom Februar 2021 zeigt, dass die Situation der KMU-MEM nach wie vor schwierig ist.","og_url":"https:\/\/www.organisator.ch\/de\/management\/2021-02-18\/kmu-mem-benoetigen-weiterhin-durchhaltewillen\/","og_site_name":"Organisator","article_publisher":"https:\/\/www.facebook.com\/OrganisatorFachmagazin","article_published_time":"2021-02-18T16:02:55+00:00","og_image":[{"width":680,"height":448,"url":"https:\/\/www.organisator.ch\/wp-content\/uploads\/2021\/02\/KMU-MEM-benoetigen-weiterhin-Durchhaltewillen_Organisator.jpg","type":"image\/jpeg"}],"author":"thomas.berner","twitter_card":"summary_large_image","twitter_title":"#KMU-MEM ben\u00f6tigen weiterhin #Durchhaltewillen","twitter_description":"Der #Swissmechanic #Wirtschaftsbarometer vom Februar 2021 zeigt, dass die Situation der #KMU-MEM nach wie vor schwierig ist.","twitter_image":"https:\/\/www.organisator.ch\/wp-content\/uploads\/2021\/02\/KMU-MEM-benoetigen-weiterhin-Durchhaltewillen_Organisator.jpg","schema":{"@context":"https:\/\/schema.org","@graph":[{"@type":"Article","@id":"https:\/\/www.organisator.ch\/management\/2021-02-18\/kmu-mem-benoetigen-weiterhin-durchhaltewillen\/#article","isPartOf":{"@id":"https:\/\/www.organisator.ch\/management\/2021-02-18\/kmu-mem-benoetigen-weiterhin-durchhaltewillen\/"},"author":{"name":"thomas.berner","@id":"https:\/\/www.organisator.ch\/#\/schema\/person\/6f650f90b2842cd4c0cc334b4e36f67e"},"headline":"KMU-MEM ben\u00f6tigen weiterhin Durchhaltewillen","datePublished":"2021-02-18T16:02:55+00:00","mainEntityOfPage":{"@id":"https:\/\/www.organisator.ch\/management\/2021-02-18\/kmu-mem-benoetigen-weiterhin-durchhaltewillen\/"},"wordCount":417,"publisher":{"@id":"https:\/\/www.organisator.ch\/#organization"},"image":{"@id":"https:\/\/www.organisator.ch\/management\/2021-02-18\/kmu-mem-benoetigen-weiterhin-durchhaltewillen\/#primaryimage"},"thumbnailUrl":"https:\/\/www.organisator.ch\/wp-content\/uploads\/2021\/02\/KMU-MEM-benoetigen-weiterhin-Durchhaltewillen_Organisator.jpg","keywords":["Konjunktur","Unternehmen","Vermischtes","Wirtschaftspolitik"],"articleSection":["MANAGEMENT"],"inLanguage":"de"},{"@type":"WebPage","@id":"https:\/\/www.organisator.ch\/management\/2021-02-18\/kmu-mem-benoetigen-weiterhin-durchhaltewillen\/","url":"https:\/\/www.organisator.ch\/management\/2021-02-18\/kmu-mem-benoetigen-weiterhin-durchhaltewillen\/","name":"KMU-MEM ben\u00f6tigen weiterhin Durchhaltewillen - Organisator","isPartOf":{"@id":"https:\/\/www.organisator.ch\/#website"},"primaryImageOfPage":{"@id":"https:\/\/www.organisator.ch\/management\/2021-02-18\/kmu-mem-benoetigen-weiterhin-durchhaltewillen\/#primaryimage"},"image":{"@id":"https:\/\/www.organisator.ch\/management\/2021-02-18\/kmu-mem-benoetigen-weiterhin-durchhaltewillen\/#primaryimage"},"thumbnailUrl":"https:\/\/www.organisator.ch\/wp-content\/uploads\/2021\/02\/KMU-MEM-benoetigen-weiterhin-Durchhaltewillen_Organisator.jpg","datePublished":"2021-02-18T16:02:55+00:00","description":"Der Swissmechanic Wirtschaftsbarometer vom Februar 2021 zeigt, dass die Situation der KMU-MEM nach wie vor schwierig ist.","breadcrumb":{"@id":"https:\/\/www.organisator.ch\/management\/2021-02-18\/kmu-mem-benoetigen-weiterhin-durchhaltewillen\/#breadcrumb"},"inLanguage":"de","potentialAction":[{"@type":"ReadAction","target":["https:\/\/www.organisator.ch\/management\/2021-02-18\/kmu-mem-benoetigen-weiterhin-durchhaltewillen\/"]}]},{"@type":"ImageObject","inLanguage":"de","@id":"https:\/\/www.organisator.ch\/management\/2021-02-18\/kmu-mem-benoetigen-weiterhin-durchhaltewillen\/#primaryimage","url":"https:\/\/www.organisator.ch\/wp-content\/uploads\/2021\/02\/KMU-MEM-benoetigen-weiterhin-Durchhaltewillen_Organisator.jpg","contentUrl":"https:\/\/www.organisator.ch\/wp-content\/uploads\/2021\/02\/KMU-MEM-benoetigen-weiterhin-Durchhaltewillen_Organisator.jpg","width":680,"height":448,"caption":"Unter diesen wirtschaftlichen Rahmenbedingungen leiden die KMU-MEM weiter. (Grafik: Swissmechanic)"},{"@type":"BreadcrumbList","@id":"https:\/\/www.organisator.ch\/management\/2021-02-18\/kmu-mem-benoetigen-weiterhin-durchhaltewillen\/#breadcrumb","itemListElement":[{"@type":"ListItem","position":1,"name":"Home","item":"https:\/\/www.organisator.ch\/"},{"@type":"ListItem","position":2,"name":"KMU-MEM ben\u00f6tigen weiterhin Durchhaltewillen"}]},{"@type":"WebSite","@id":"https:\/\/www.organisator.ch\/#website","url":"https:\/\/www.organisator.ch\/","name":"Organisator","description":"Kompetent. Praxisnah. Der ORGANISATOR bereitet in 10 Ausgaben pro Jahr die wesentlichen Themen f\u00fcr F\u00fchrungskr\u00e4fte von KMU auf.","publisher":{"@id":"https:\/\/www.organisator.ch\/#organization"},"potentialAction":[{"@type":"SearchAction","target":{"@type":"EntryPoint","urlTemplate":"https:\/\/www.organisator.ch\/?s={search_term_string}"},"query-input":{"@type":"PropertyValueSpecification","valueRequired":true,"valueName":"search_term_string"}}],"inLanguage":"de"},{"@type":"Organization","@id":"https:\/\/www.organisator.ch\/#organization","name":"Organisator","url":"https:\/\/www.organisator.ch\/","logo":{"@type":"ImageObject","inLanguage":"de","@id":"https:\/\/www.organisator.ch\/#\/schema\/logo\/image\/","url":"https:\/\/www.organisator.ch\/wp-content\/uploads\/2022\/01\/Logo_Organisator_Website.png","contentUrl":"https:\/\/www.organisator.ch\/wp-content\/uploads\/2022\/01\/Logo_Organisator_Website.png","width":800,"height":77,"caption":"Organisator"},"image":{"@id":"https:\/\/www.organisator.ch\/#\/schema\/logo\/image\/"},"sameAs":["https:\/\/www.facebook.com\/OrganisatorFachmagazin","https:\/\/www.linkedin.com\/showcase\/organisator-das-magazin-fr-kmu","https:\/\/www.xing.com\/news\/pages\/organisator-ch-695","https:\/\/www.youtube.com\/channel\/UCGP2Sq0iWaZwT3BdIAQFYpw"]},{"@type":"Person","@id":"https:\/\/www.organisator.ch\/#\/schema\/person\/6f650f90b2842cd4c0cc334b4e36f67e","name":"thomas.berner","image":{"@type":"ImageObject","inLanguage":"de","@id":"https:\/\/secure.gravatar.com\/avatar\/ac5001d2a36cb6c6cd3e50789007ffca834b477b74a2144564522e944eabff61?s=96&d=mm&r=g","url":"https:\/\/secure.gravatar.com\/avatar\/ac5001d2a36cb6c6cd3e50789007ffca834b477b74a2144564522e944eabff61?s=96&d=mm&r=g","contentUrl":"https:\/\/secure.gravatar.com\/avatar\/ac5001d2a36cb6c6cd3e50789007ffca834b477b74a2144564522e944eabff61?s=96&d=mm&r=g","caption":"thomas.berner"},"url":"https:\/\/www.organisator.ch\/de\/author\/thomas-berner\/"}]}},"_links":{"self":[{"href":"https:\/\/www.organisator.ch\/de\/wp-json\/wp\/v2\/posts\/7685","targetHints":{"allow":["GET"]}}],"collection":[{"href":"https:\/\/www.organisator.ch\/de\/wp-json\/wp\/v2\/posts"}],"about":[{"href":"https:\/\/www.organisator.ch\/de\/wp-json\/wp\/v2\/types\/post"}],"author":[{"embeddable":true,"href":"https:\/\/www.organisator.ch\/de\/wp-json\/wp\/v2\/users\/4"}],"replies":[{"embeddable":true,"href":"https:\/\/www.organisator.ch\/de\/wp-json\/wp\/v2\/comments?post=7685"}],"version-history":[{"count":0,"href":"https:\/\/www.organisator.ch\/de\/wp-json\/wp\/v2\/posts\/7685\/revisions"}],"wp:featuredmedia":[{"embeddable":true,"href":"https:\/\/www.organisator.ch\/de\/wp-json\/wp\/v2\/media\/7686"}],"wp:attachment":[{"href":"https:\/\/www.organisator.ch\/de\/wp-json\/wp\/v2\/media?parent=7685"}],"wp:term":[{"taxonomy":"category","embeddable":true,"href":"https:\/\/www.organisator.ch\/de\/wp-json\/wp\/v2\/categories?post=7685"},{"taxonomy":"post_tag","embeddable":true,"href":"https:\/\/www.organisator.ch\/de\/wp-json\/wp\/v2\/tags?post=7685"}],"curies":[{"name":"wp","href":"https:\/\/api.w.org\/{rel}","templated":true}]}}