{"id":769,"date":"2016-06-21T16:45:34","date_gmt":"2016-06-21T14:45:34","guid":{"rendered":"http:\/\/dev.organisator.ch\/?p=769"},"modified":"2016-06-21T16:45:34","modified_gmt":"2016-06-21T14:45:34","slug":"generationenmix-statt-ausgrenzung-eine-chance-fuer-die-kmu","status":"publish","type":"post","link":"https:\/\/www.organisator.ch\/de\/management\/2016-06-21\/generationenmix-statt-ausgrenzung-eine-chance-fuer-die-kmu\/","title":{"rendered":"Generationenmix statt Ausgrenzung: Eine Chance f\u00fcr die KMU"},"content":{"rendered":"<figure id=\"attachment_770\" aria-describedby=\"caption-attachment-770\" style=\"width: 640px\" class=\"wp-caption alignnone\"><img loading=\"lazy\" decoding=\"async\" class=\"size-full wp-image-770\" src=\"https:\/\/www.organisator.ch\/wp-content\/uploads\/2016\/12\/Generationenmix-statt-Ausgrenzung-Eine-Chance-fuer-die-KMU-organisator.jpg\" alt=\"\" width=\"640\" height=\"427\" srcset=\"https:\/\/www.organisator.ch\/wp-content\/uploads\/2016\/12\/Generationenmix-statt-Ausgrenzung-Eine-Chance-fuer-die-KMU-organisator.jpg 640w, https:\/\/www.organisator.ch\/wp-content\/uploads\/2016\/12\/Generationenmix-statt-Ausgrenzung-Eine-Chance-fuer-die-KMU-organisator-16x12.jpg 16w, https:\/\/www.organisator.ch\/wp-content\/uploads\/2016\/12\/Generationenmix-statt-Ausgrenzung-Eine-Chance-fuer-die-KMU-organisator-262x175.jpg 262w, https:\/\/www.organisator.ch\/wp-content\/uploads\/2016\/12\/Generationenmix-statt-Ausgrenzung-Eine-Chance-fuer-die-KMU-organisator-525x350.jpg 525w, https:\/\/www.organisator.ch\/wp-content\/uploads\/2016\/12\/Generationenmix-statt-Ausgrenzung-Eine-Chance-fuer-die-KMU-organisator-300x200.jpg 300w\" sizes=\"auto, (max-width: 640px) 100vw, 640px\" \/><figcaption id=\"caption-attachment-770\" class=\"wp-caption-text\">Der Generationenmix in Teams bricht verkrustete Strukturen auf. (Bild: sepy &#8211; Fotolia.com)Der Generationenmix in Teams bricht verkrustete Strukturen auf. (Bild: sepy &#8211; Fotolia.com)<\/figcaption><\/figure>\n<p>Die \u00e4ltere Generation sei zu wenig dynamisch, zu wenig flexibel, zu wenig leistungsf\u00e4hig und zu teuer. Die Reihe abwertender Eigenschaften, die mit dem fortschreitenden Lebensalter verbunden werden, l\u00e4sst sich m\u00fchelos erweitern und gipfelt nicht selten in der fest verankerten Vorstellung, dass \u00e4ltere Arbeitnehmerinnen und Arbeitnehmer \u00abverkrustet\u00bb seien, nur noch \u00fcber eine beschr\u00e4nkte Lernf\u00e4higkeit und eine sehr bescheidene Lernbereitschaft verf\u00fcgten! Somit lohne es sich nicht mehr, sie mit neuen Herausforderungen zu konfrontieren. Dabei ist eine ausgewogene altersm\u00e4ssige Durchmischung der Generationen ein wichtiger Faktor einer erfolgreichen Unternehmensphilosophie: Die \u00e4lteren und mittleren Jahrg\u00e4nge verf\u00fcgen \u00fcber betr\u00e4chtliches Potenzial an Berufs- und Lebenserfahrung, w\u00e4hrenddem die Junioren aktuelles Wissen, Schwung, Dynamik sowie Innovationskraft in die Unternehmen bringen. Hinzu kommt, dass ein ausgewogener Generationenmix wichtig f\u00fcr die Homogenit\u00e4t und das Betriebsklima einer Arbeitsgemeinschaft ist. Es kann also nicht mehr darum gehen, Fr\u00fchpensionierungen zu f\u00f6rdern, sondern erfahrene Fachkr\u00e4fte und Spezialisten in den Betrieben zu halten \u2013 eine \u00dcberlebensfrage f\u00fcr viele KMU, wird doch der Mangel an gut ausgebildeten Fachkr\u00e4ften zunehmend akzentuierter.<\/p>\n<p><strong>Biologisches Alter nicht entscheidend f\u00fcr Leistungsf\u00e4higkeit<\/strong><\/p>\n<p>Wie die Ergebnisse einer umfassenden gerontologischen Forschung nachweisen, ist das biologische Alter nur einer unter vielen Einflussfaktoren, welche die individuelle Entwicklung einer Person pr\u00e4gen. Ihre Leistungsf\u00e4higkeit ist in weit gr\u00f6sserem Ausmass durch die T\u00e4tigkeiten, Funktionen und Anspr\u00fcche bestimmt, denen sie in ihrem Lebenslauf begegnet. Diese aufschlussreichen Ausf\u00fchrungen stammen von Werner R. M\u00fcller, emeritierter Professor f\u00fcr Betriebswirtschaftslehre, Organisation und Personalf\u00fchrung an der Universit\u00e4t Basel. Er f\u00fcgt bei, dass der Kompetenzerwerb unabh\u00e4ngig von biologischen Abbauph\u00e4nomenen im Alter verl\u00e4uft. Entsprechend sollte sich die Personalpolitik nicht auf Altersdefizite ausrichten, sondern auf die M\u00f6glichkeiten der menschlichen Entwicklung. Es gilt ein Arbeitsumfeld zu schaffen, das alle Mitarbeitenden \u00fcber die Dauer ihrer Arbeitsbiografie herausfordert.<\/p>\n<p><strong>Das Potenzial der reiferen Generation besser nutzen<\/strong><\/p>\n<p>Es gen\u00fcgt also nicht mehr, den \u00abWohlt\u00e4ter\u00bb zu spielen und hin und wieder einem Senior eine Chance zu geben, sich n\u00fctzlich zu machen. Vielmehr gilt es, sich dar\u00fcber klar zu werden, welche Vorteile sich f\u00fcr die Unternehmen ergeben k\u00f6nnen, wenn sie das Potenzial der reiferen Generation besser nutzen als bisher. Dies bedeutet in denjenigen Chefetagen ein Umdenken, wo das Alter prim\u00e4r als Defizit und nicht als Chance betrachtet wird. Dabei gibt es eine Reihe von Qualifikationen, die spezifisch f\u00fcr die \u00c4lteren sind (ohne diese F\u00e4higkeiten den j\u00fcngeren Mitarbeitenden abzusprechen):<\/p>\n<ul>\n<li>Fundierte Lebens- und Berufserfahrung<\/li>\n<li>Experten-Wissen: angeeignet durch langj\u00e4hrige Berufspraxis<\/li>\n<li>Abgewogene Urteilsf\u00e4higkeit<\/li>\n<li>Hohe Zuverl\u00e4ssigkeit, grosses Pflicht- und Verantwortungsbewusstsein<\/li>\n<li>Ausgepr\u00e4gte Probleml\u00f6sungskompetenz<\/li>\n<li>Sicherheit\/Stabilit\u00e4t durch Berechenbarkeit der beruflichen Karriere<\/li>\n<li>Loyalit\u00e4t, Treue, Fleiss und Disziplin.<\/li>\n<\/ul>\n<p>Nicht zuletzt werden auch die Kunden \u00e4lter und legen oft grossen Wert auf eine langj\u00e4hrige gesch\u00e4ftliche Beziehung, vorzugsweise eine Bezugsperson einer \u00e4hnlichen Altersgruppe.<\/p>\n<p><strong>Selbstverantwortung der \u00e4lteren Jahrg\u00e4nge<\/strong><\/p>\n<p>Im Zuge des stetigen Wandels gewinnt die sogenannte Employability, das heisst die Arbeitsmarktfitness jedes und jeder einzelnen Mitarbeitenden an Bedeutung. D.h. auch erfahrene Senioren m\u00fcssen bereit sein, Neues zu lernen und die heutigen zum Teil rasanten Ver\u00e4nderungen aktiv anzugehen. Begriffe wie geistige und geografische Mobilit\u00e4t, Lifelong Learning und Selbstentwicklung sind auch f\u00fcr sie keine Fremdw\u00f6rter, sondern Bestandteil ihrer eigenen Arbeitsmarktfitness. Gesch\u00e4ftsf\u00fchrer und HR-Verantwortliche sind pr\u00e4destiniert, als \u00abEmployability-Coach\u00bb zu wirken, indem sie daf\u00fcr sorgen, dass sowohl die fachspezifischen als auch die sozialen Kompetenzen aller Altersgruppen gef\u00f6rdert werden.<\/p>\n<p><strong>Von der Philosophie zur Strategie<\/strong><\/p>\n<p>Die Unternehmensphilosophie ist das eine, die Selbstverantwortung der einzelnen Mitarbeitenden das andere. Nun gilt es, daraus eine Strategie zu entwickeln, die etwa wie folgt aussehen kann:<\/p>\n<ul>\n<li>Weiterbildung f\u00fcr alle Altersgruppen<\/li>\n<li>Betriebliches Gesundheitsmanagement<\/li>\n<li>Bewusst gestaltete Generationenpolitik bei der Personalplanung und -rekrutierung<\/li>\n<li>Wissenstransfer zwischen \u00e4lteren und j\u00fcngeren Mitarbeitenden<\/li>\n<li>Betreuung der \u00e4lter werdenden Kundschaft durch Personal der gleichen Generation<\/li>\n<\/ul>\n<p>Dies sind nur einige Punkte. Wichtiger als deren Fixierung in einem Hochglanzpapier ist die Verankerung in den K\u00f6pfen der Unternehmensleitungen sowie deren Umsetzung in eine fortschrittliche Personalpolitik. Wenn diese nachhaltigen Charakter haben soll, kann folgende Checkliste hilfreich sein; sie wurde in der Praxis in etlichen Unternehmen\u00a0 bereits mit Erfolg angewendet. Sicher sind Ihnen einige der darin enthaltenen Massnahmen bereits bekannt.<\/p>\n<p><strong>Checkliste f\u00fcr eine generationengerechte Personalpolitik<\/strong><\/p>\n<ul>\n<li>Zuerst: Analyse der Altersstruktur durchf\u00fchren: Wann stehen Pensionierungen an?<\/li>\n<li>K\u00fcnftigen Personalbedarf den vorhandenen Ressourcen gegen\u00fcberstellen<\/li>\n<li>Chancengleichheit f\u00fcr jung und alt: Massgebend f\u00fcr die Stellenbesetzung ist das Anforderungsprofil, nicht das Alter<\/li>\n<li>Wenn nicht absolut zwingend: Keine Alterslimiten in Inseraten<\/li>\n<li>Aufbau eines Generationenmixes: Die Jungen als aktuelle Wissenstr\u00e4ger, die \u00c4lteren als Garant f\u00fcr Experten-Knowhow<\/li>\n<li>Grunds\u00e4tzlich keine Fr\u00fchpensionierungen<\/li>\n<li>Flexible Arbeitszeit- und Pensionierungsmodelle anbieten<\/li>\n<li>Anstelle von luxuri\u00f6sen Pensionierungs-Vorbereitungsseminarien und dergleichen: Investition in gezielte Weiterbildung f\u00fcr \u00e4ltere Arbeitnehmer<\/li>\n<li>Arbeitsgestaltung der h\u00f6heren Lebenserwartung anpassen: Vom 50plus- zum 60plus-Modell: Bogenkarrieren, Tandems, Mentoring und andere<\/li>\n<\/ul>\n<p>\u00dcbrigens: Rom wurde auch nicht in einem Tag erbaut: So ist es m\u00f6glich, die aufgelisteten Punkte nach dem Baukasten-Prinzip schrittweise umzusetzen \u2013 entsprechend der inneren Bereitschaft und den organisatorischen Voraussetzungen in Ihrem Unternehmen.<\/p>\n<p>Fazit: Die Arbeit zwischen den Generationen muss eine neue Gewichtung und eine neue Qualit\u00e4t bekommen.<\/p>\n<p><em>Von Alex M\u00fcller. Der Autor <\/em><em>ist ehemaliger Personalleiter der Psych. Universit\u00e4tsklinik und heute als HR-Autor f\u00fcr Tages- und Fachzeitungen t\u00e4tig. Durch zeitweilige T\u00e4tigkeit als Mentor und Berater f\u00fcr Neuorientierungen h\u00e4lt er sich auch \u00fcber neue Entwicklungen im HR- und F\u00fchrungsbereich auf dem Laufenden.<\/em><\/p>\n","protected":false},"excerpt":{"rendered":"<p>Die \u00e4ltere Generation sei zu wenig dynamisch, zu wenig flexibel, zu wenig leistungsf\u00e4hig und zu teuer. Die Reihe abwertender Eigenschaften, die mit dem fortschreitenden Lebensalter verbunden werden, l\u00e4sst sich m\u00fchelos erweitern und gipfelt nicht selten in der fest verankerten Vorstellung, dass \u00e4ltere Arbeitnehmerinnen und Arbeitnehmer \u00abverkrustet\u00bb seien, nur noch \u00fcber eine beschr\u00e4nkte Lernf\u00e4higkeit und eine [&hellip;]<\/p>\n","protected":false},"author":1,"featured_media":770,"comment_status":"open","ping_status":"open","sticky":false,"template":"","format":"standard","meta":{"_acf_changed":false,"_yoast_wpseo_focuskw":"Generationenmix","_yoast_wpseo_metadesc":"Es wird immer noch gedacht, dass \u00e4ltere Mitarbeiter\/Innen den heutigen Anspr\u00fcchen nicht mehr gen\u00fcgen w\u00fcrden. H\u00f6chste Zeit f\u00fcr ein Umdenken \u2013 Generationenmix","articlekey":"","footnotes":""},"categories":[28],"tags":[148,334,335],"class_list":["post-769","post","type-post","status-publish","format-standard","has-post-thumbnail","hentry","category-management","tag-demografie","tag-management","tag-management-und-unternehmensfuehrung"],"acf":[],"yoast_head":"<!-- This site is optimized with the Yoast SEO plugin v27.4 - https:\/\/yoast.com\/product\/yoast-seo-wordpress\/ -->\n<title>Generationenmix statt Ausgrenzung: Eine Chance f\u00fcr die KMU - Organisator<\/title>\n<meta name=\"description\" content=\"Es wird immer noch gedacht, dass \u00e4ltere Mitarbeiter\/Innen den heutigen Anspr\u00fcchen nicht mehr gen\u00fcgen w\u00fcrden. H\u00f6chste Zeit f\u00fcr ein Umdenken \u2013 Generationenmix\" \/>\n<meta name=\"robots\" content=\"index, follow, max-snippet:-1, max-image-preview:large, max-video-preview:-1\" \/>\n<link rel=\"canonical\" href=\"https:\/\/www.organisator.ch\/de\/management\/2016-06-21\/generationenmix-statt-ausgrenzung-eine-chance-fuer-die-kmu\/\" \/>\n<meta property=\"og:locale\" content=\"de_DE\" \/>\n<meta property=\"og:type\" content=\"article\" \/>\n<meta property=\"og:title\" content=\"Generationenmix statt Ausgrenzung: Eine Chance f\u00fcr die KMU\" \/>\n<meta property=\"og:description\" content=\"Bei einigen Managern und Personalchefs geistert immer noch die fixe Idee herum, dass \u00e4ltere Mitarbeiterinnen und Mitarbeiter \u2013 manchmal bereits vom 45. Lebensjahr an \u2013 den Anspr\u00fcchen der heutigen Berufswelt nicht mehr gen\u00fcgen w\u00fcrden. H\u00f6chste Zeit f\u00fcr ein Umdenken!\" \/>\n<meta property=\"og:url\" content=\"https:\/\/www.organisator.ch\/de\/management\/2016-06-21\/generationenmix-statt-ausgrenzung-eine-chance-fuer-die-kmu\/\" \/>\n<meta property=\"og:site_name\" content=\"Organisator\" \/>\n<meta property=\"article:publisher\" content=\"https:\/\/www.facebook.com\/OrganisatorFachmagazin\" \/>\n<meta property=\"article:published_time\" content=\"2016-06-21T14:45:34+00:00\" \/>\n<meta name=\"author\" content=\"admin\" \/>\n<meta name=\"twitter:card\" content=\"summary_large_image\" \/>\n<meta name=\"twitter:image\" content=\"https:\/\/www.organisator.ch\/wp-content\/uploads\/2016\/12\/Generationenmix-statt-Ausgrenzung-Eine-Chance-fuer-die-KMU-organisator.jpg\" \/>\n<script type=\"application\/ld+json\" class=\"yoast-schema-graph\">{\"@context\":\"https:\\\/\\\/schema.org\",\"@graph\":[{\"@type\":\"Article\",\"@id\":\"https:\\\/\\\/www.organisator.ch\\\/management\\\/2016-06-21\\\/generationenmix-statt-ausgrenzung-eine-chance-fuer-die-kmu\\\/#article\",\"isPartOf\":{\"@id\":\"https:\\\/\\\/www.organisator.ch\\\/management\\\/2016-06-21\\\/generationenmix-statt-ausgrenzung-eine-chance-fuer-die-kmu\\\/\"},\"author\":{\"name\":\"admin\",\"@id\":\"https:\\\/\\\/www.organisator.ch\\\/#\\\/schema\\\/person\\\/aa2bace6c5c5aad60102004a50c4eb1c\"},\"headline\":\"Generationenmix statt Ausgrenzung: Eine Chance f\u00fcr die KMU\",\"datePublished\":\"2016-06-21T14:45:34+00:00\",\"mainEntityOfPage\":{\"@id\":\"https:\\\/\\\/www.organisator.ch\\\/management\\\/2016-06-21\\\/generationenmix-statt-ausgrenzung-eine-chance-fuer-die-kmu\\\/\"},\"wordCount\":952,\"commentCount\":0,\"publisher\":{\"@id\":\"https:\\\/\\\/www.organisator.ch\\\/#organization\"},\"image\":{\"@id\":\"https:\\\/\\\/www.organisator.ch\\\/management\\\/2016-06-21\\\/generationenmix-statt-ausgrenzung-eine-chance-fuer-die-kmu\\\/#primaryimage\"},\"thumbnailUrl\":\"https:\\\/\\\/www.organisator.ch\\\/wp-content\\\/uploads\\\/2016\\\/12\\\/Generationenmix-statt-Ausgrenzung-Eine-Chance-fuer-die-KMU-organisator.jpg\",\"keywords\":[\"Demografie\",\"Management\",\"Management und Unternehmensf\u00fchrung\"],\"articleSection\":[\"MANAGEMENT\"],\"inLanguage\":\"de\"},{\"@type\":\"WebPage\",\"@id\":\"https:\\\/\\\/www.organisator.ch\\\/management\\\/2016-06-21\\\/generationenmix-statt-ausgrenzung-eine-chance-fuer-die-kmu\\\/\",\"url\":\"https:\\\/\\\/www.organisator.ch\\\/management\\\/2016-06-21\\\/generationenmix-statt-ausgrenzung-eine-chance-fuer-die-kmu\\\/\",\"name\":\"Generationenmix statt Ausgrenzung: Eine Chance f\u00fcr die KMU - Organisator\",\"isPartOf\":{\"@id\":\"https:\\\/\\\/www.organisator.ch\\\/#website\"},\"primaryImageOfPage\":{\"@id\":\"https:\\\/\\\/www.organisator.ch\\\/management\\\/2016-06-21\\\/generationenmix-statt-ausgrenzung-eine-chance-fuer-die-kmu\\\/#primaryimage\"},\"image\":{\"@id\":\"https:\\\/\\\/www.organisator.ch\\\/management\\\/2016-06-21\\\/generationenmix-statt-ausgrenzung-eine-chance-fuer-die-kmu\\\/#primaryimage\"},\"thumbnailUrl\":\"https:\\\/\\\/www.organisator.ch\\\/wp-content\\\/uploads\\\/2016\\\/12\\\/Generationenmix-statt-Ausgrenzung-Eine-Chance-fuer-die-KMU-organisator.jpg\",\"datePublished\":\"2016-06-21T14:45:34+00:00\",\"description\":\"Es wird immer noch gedacht, dass \u00e4ltere Mitarbeiter\\\/Innen den heutigen Anspr\u00fcchen nicht mehr gen\u00fcgen w\u00fcrden. H\u00f6chste Zeit f\u00fcr ein Umdenken \u2013 Generationenmix\",\"breadcrumb\":{\"@id\":\"https:\\\/\\\/www.organisator.ch\\\/management\\\/2016-06-21\\\/generationenmix-statt-ausgrenzung-eine-chance-fuer-die-kmu\\\/#breadcrumb\"},\"inLanguage\":\"de\",\"potentialAction\":[{\"@type\":\"ReadAction\",\"target\":[\"https:\\\/\\\/www.organisator.ch\\\/management\\\/2016-06-21\\\/generationenmix-statt-ausgrenzung-eine-chance-fuer-die-kmu\\\/\"]}]},{\"@type\":\"ImageObject\",\"inLanguage\":\"de\",\"@id\":\"https:\\\/\\\/www.organisator.ch\\\/management\\\/2016-06-21\\\/generationenmix-statt-ausgrenzung-eine-chance-fuer-die-kmu\\\/#primaryimage\",\"url\":\"https:\\\/\\\/www.organisator.ch\\\/wp-content\\\/uploads\\\/2016\\\/12\\\/Generationenmix-statt-Ausgrenzung-Eine-Chance-fuer-die-KMU-organisator.jpg\",\"contentUrl\":\"https:\\\/\\\/www.organisator.ch\\\/wp-content\\\/uploads\\\/2016\\\/12\\\/Generationenmix-statt-Ausgrenzung-Eine-Chance-fuer-die-KMU-organisator.jpg\",\"width\":640,\"height\":427,\"caption\":\"Der Generationenmix in Teams bricht verkrustete Strukturen auf. (Bild: sepy - Fotolia.com)Der Generationenmix in Teams bricht verkrustete Strukturen auf. (Bild: sepy - Fotolia.com)\"},{\"@type\":\"BreadcrumbList\",\"@id\":\"https:\\\/\\\/www.organisator.ch\\\/management\\\/2016-06-21\\\/generationenmix-statt-ausgrenzung-eine-chance-fuer-die-kmu\\\/#breadcrumb\",\"itemListElement\":[{\"@type\":\"ListItem\",\"position\":1,\"name\":\"Home\",\"item\":\"https:\\\/\\\/www.organisator.ch\\\/\"},{\"@type\":\"ListItem\",\"position\":2,\"name\":\"Generationenmix statt Ausgrenzung: Eine Chance f\u00fcr die KMU\"}]},{\"@type\":\"WebSite\",\"@id\":\"https:\\\/\\\/www.organisator.ch\\\/#website\",\"url\":\"https:\\\/\\\/www.organisator.ch\\\/\",\"name\":\"Organisator\",\"description\":\"Kompetent. Praxisnah. Der ORGANISATOR bereitet in 10 Ausgaben pro Jahr die wesentlichen Themen f\u00fcr F\u00fchrungskr\u00e4fte von KMU auf.\",\"publisher\":{\"@id\":\"https:\\\/\\\/www.organisator.ch\\\/#organization\"},\"potentialAction\":[{\"@type\":\"SearchAction\",\"target\":{\"@type\":\"EntryPoint\",\"urlTemplate\":\"https:\\\/\\\/www.organisator.ch\\\/?s={search_term_string}\"},\"query-input\":{\"@type\":\"PropertyValueSpecification\",\"valueRequired\":true,\"valueName\":\"search_term_string\"}}],\"inLanguage\":\"de\"},{\"@type\":\"Organization\",\"@id\":\"https:\\\/\\\/www.organisator.ch\\\/#organization\",\"name\":\"Organisator\",\"url\":\"https:\\\/\\\/www.organisator.ch\\\/\",\"logo\":{\"@type\":\"ImageObject\",\"inLanguage\":\"de\",\"@id\":\"https:\\\/\\\/www.organisator.ch\\\/#\\\/schema\\\/logo\\\/image\\\/\",\"url\":\"https:\\\/\\\/www.organisator.ch\\\/wp-content\\\/uploads\\\/2022\\\/01\\\/Logo_Organisator_Website.png\",\"contentUrl\":\"https:\\\/\\\/www.organisator.ch\\\/wp-content\\\/uploads\\\/2022\\\/01\\\/Logo_Organisator_Website.png\",\"width\":800,\"height\":77,\"caption\":\"Organisator\"},\"image\":{\"@id\":\"https:\\\/\\\/www.organisator.ch\\\/#\\\/schema\\\/logo\\\/image\\\/\"},\"sameAs\":[\"https:\\\/\\\/www.facebook.com\\\/OrganisatorFachmagazin\",\"https:\\\/\\\/www.linkedin.com\\\/showcase\\\/organisator-das-magazin-fr-kmu\",\"https:\\\/\\\/www.xing.com\\\/news\\\/pages\\\/organisator-ch-695\",\"https:\\\/\\\/www.youtube.com\\\/channel\\\/UCGP2Sq0iWaZwT3BdIAQFYpw\"]},{\"@type\":\"Person\",\"@id\":\"https:\\\/\\\/www.organisator.ch\\\/#\\\/schema\\\/person\\\/aa2bace6c5c5aad60102004a50c4eb1c\",\"name\":\"admin\",\"image\":{\"@type\":\"ImageObject\",\"inLanguage\":\"de\",\"@id\":\"https:\\\/\\\/secure.gravatar.com\\\/avatar\\\/ae2f4d718e6c49043e314ce431e7e645d646302a24a5ef5a8bc8e3f5a032e319?s=96&d=mm&r=g\",\"url\":\"https:\\\/\\\/secure.gravatar.com\\\/avatar\\\/ae2f4d718e6c49043e314ce431e7e645d646302a24a5ef5a8bc8e3f5a032e319?s=96&d=mm&r=g\",\"contentUrl\":\"https:\\\/\\\/secure.gravatar.com\\\/avatar\\\/ae2f4d718e6c49043e314ce431e7e645d646302a24a5ef5a8bc8e3f5a032e319?s=96&d=mm&r=g\",\"caption\":\"admin\"},\"sameAs\":[\"https:\\\/\\\/www.organisator.ch\"],\"url\":\"https:\\\/\\\/www.organisator.ch\\\/de\\\/author\\\/admin\\\/\"}]}<\/script>\n<!-- \/ Yoast SEO plugin. -->","yoast_head_json":{"title":"Generationenmix statt Ausgrenzung: Eine Chance f\u00fcr die KMU - Organisator","description":"Es wird immer noch gedacht, dass \u00e4ltere Mitarbeiter\/Innen den heutigen Anspr\u00fcchen nicht mehr gen\u00fcgen w\u00fcrden. H\u00f6chste Zeit f\u00fcr ein Umdenken \u2013 Generationenmix","robots":{"index":"index","follow":"follow","max-snippet":"max-snippet:-1","max-image-preview":"max-image-preview:large","max-video-preview":"max-video-preview:-1"},"canonical":"https:\/\/www.organisator.ch\/de\/management\/2016-06-21\/generationenmix-statt-ausgrenzung-eine-chance-fuer-die-kmu\/","og_locale":"de_DE","og_type":"article","og_title":"Generationenmix statt Ausgrenzung: Eine Chance f\u00fcr die KMU","og_description":"Bei einigen Managern und Personalchefs geistert immer noch die fixe Idee herum, dass \u00e4ltere Mitarbeiterinnen und Mitarbeiter \u2013 manchmal bereits vom 45. Lebensjahr an \u2013 den Anspr\u00fcchen der heutigen Berufswelt nicht mehr gen\u00fcgen w\u00fcrden. H\u00f6chste Zeit f\u00fcr ein Umdenken!","og_url":"https:\/\/www.organisator.ch\/de\/management\/2016-06-21\/generationenmix-statt-ausgrenzung-eine-chance-fuer-die-kmu\/","og_site_name":"Organisator","article_publisher":"https:\/\/www.facebook.com\/OrganisatorFachmagazin","article_published_time":"2016-06-21T14:45:34+00:00","author":"admin","twitter_card":"summary_large_image","twitter_image":"https:\/\/www.organisator.ch\/wp-content\/uploads\/2016\/12\/Generationenmix-statt-Ausgrenzung-Eine-Chance-fuer-die-KMU-organisator.jpg","schema":{"@context":"https:\/\/schema.org","@graph":[{"@type":"Article","@id":"https:\/\/www.organisator.ch\/management\/2016-06-21\/generationenmix-statt-ausgrenzung-eine-chance-fuer-die-kmu\/#article","isPartOf":{"@id":"https:\/\/www.organisator.ch\/management\/2016-06-21\/generationenmix-statt-ausgrenzung-eine-chance-fuer-die-kmu\/"},"author":{"name":"admin","@id":"https:\/\/www.organisator.ch\/#\/schema\/person\/aa2bace6c5c5aad60102004a50c4eb1c"},"headline":"Generationenmix statt Ausgrenzung: Eine Chance f\u00fcr die KMU","datePublished":"2016-06-21T14:45:34+00:00","mainEntityOfPage":{"@id":"https:\/\/www.organisator.ch\/management\/2016-06-21\/generationenmix-statt-ausgrenzung-eine-chance-fuer-die-kmu\/"},"wordCount":952,"commentCount":0,"publisher":{"@id":"https:\/\/www.organisator.ch\/#organization"},"image":{"@id":"https:\/\/www.organisator.ch\/management\/2016-06-21\/generationenmix-statt-ausgrenzung-eine-chance-fuer-die-kmu\/#primaryimage"},"thumbnailUrl":"https:\/\/www.organisator.ch\/wp-content\/uploads\/2016\/12\/Generationenmix-statt-Ausgrenzung-Eine-Chance-fuer-die-KMU-organisator.jpg","keywords":["Demografie","Management","Management und Unternehmensf\u00fchrung"],"articleSection":["MANAGEMENT"],"inLanguage":"de"},{"@type":"WebPage","@id":"https:\/\/www.organisator.ch\/management\/2016-06-21\/generationenmix-statt-ausgrenzung-eine-chance-fuer-die-kmu\/","url":"https:\/\/www.organisator.ch\/management\/2016-06-21\/generationenmix-statt-ausgrenzung-eine-chance-fuer-die-kmu\/","name":"Generationenmix statt Ausgrenzung: Eine Chance f\u00fcr die KMU - Organisator","isPartOf":{"@id":"https:\/\/www.organisator.ch\/#website"},"primaryImageOfPage":{"@id":"https:\/\/www.organisator.ch\/management\/2016-06-21\/generationenmix-statt-ausgrenzung-eine-chance-fuer-die-kmu\/#primaryimage"},"image":{"@id":"https:\/\/www.organisator.ch\/management\/2016-06-21\/generationenmix-statt-ausgrenzung-eine-chance-fuer-die-kmu\/#primaryimage"},"thumbnailUrl":"https:\/\/www.organisator.ch\/wp-content\/uploads\/2016\/12\/Generationenmix-statt-Ausgrenzung-Eine-Chance-fuer-die-KMU-organisator.jpg","datePublished":"2016-06-21T14:45:34+00:00","description":"Es wird immer noch gedacht, dass \u00e4ltere Mitarbeiter\/Innen den heutigen Anspr\u00fcchen nicht mehr gen\u00fcgen w\u00fcrden. H\u00f6chste Zeit f\u00fcr ein Umdenken \u2013 Generationenmix","breadcrumb":{"@id":"https:\/\/www.organisator.ch\/management\/2016-06-21\/generationenmix-statt-ausgrenzung-eine-chance-fuer-die-kmu\/#breadcrumb"},"inLanguage":"de","potentialAction":[{"@type":"ReadAction","target":["https:\/\/www.organisator.ch\/management\/2016-06-21\/generationenmix-statt-ausgrenzung-eine-chance-fuer-die-kmu\/"]}]},{"@type":"ImageObject","inLanguage":"de","@id":"https:\/\/www.organisator.ch\/management\/2016-06-21\/generationenmix-statt-ausgrenzung-eine-chance-fuer-die-kmu\/#primaryimage","url":"https:\/\/www.organisator.ch\/wp-content\/uploads\/2016\/12\/Generationenmix-statt-Ausgrenzung-Eine-Chance-fuer-die-KMU-organisator.jpg","contentUrl":"https:\/\/www.organisator.ch\/wp-content\/uploads\/2016\/12\/Generationenmix-statt-Ausgrenzung-Eine-Chance-fuer-die-KMU-organisator.jpg","width":640,"height":427,"caption":"Der Generationenmix in Teams bricht verkrustete Strukturen auf. (Bild: sepy - Fotolia.com)Der Generationenmix in Teams bricht verkrustete Strukturen auf. (Bild: sepy - Fotolia.com)"},{"@type":"BreadcrumbList","@id":"https:\/\/www.organisator.ch\/management\/2016-06-21\/generationenmix-statt-ausgrenzung-eine-chance-fuer-die-kmu\/#breadcrumb","itemListElement":[{"@type":"ListItem","position":1,"name":"Home","item":"https:\/\/www.organisator.ch\/"},{"@type":"ListItem","position":2,"name":"Generationenmix statt Ausgrenzung: Eine Chance f\u00fcr die KMU"}]},{"@type":"WebSite","@id":"https:\/\/www.organisator.ch\/#website","url":"https:\/\/www.organisator.ch\/","name":"Organisator","description":"Kompetent. Praxisnah. Der ORGANISATOR bereitet in 10 Ausgaben pro Jahr die wesentlichen Themen f\u00fcr F\u00fchrungskr\u00e4fte von KMU auf.","publisher":{"@id":"https:\/\/www.organisator.ch\/#organization"},"potentialAction":[{"@type":"SearchAction","target":{"@type":"EntryPoint","urlTemplate":"https:\/\/www.organisator.ch\/?s={search_term_string}"},"query-input":{"@type":"PropertyValueSpecification","valueRequired":true,"valueName":"search_term_string"}}],"inLanguage":"de"},{"@type":"Organization","@id":"https:\/\/www.organisator.ch\/#organization","name":"Organisator","url":"https:\/\/www.organisator.ch\/","logo":{"@type":"ImageObject","inLanguage":"de","@id":"https:\/\/www.organisator.ch\/#\/schema\/logo\/image\/","url":"https:\/\/www.organisator.ch\/wp-content\/uploads\/2022\/01\/Logo_Organisator_Website.png","contentUrl":"https:\/\/www.organisator.ch\/wp-content\/uploads\/2022\/01\/Logo_Organisator_Website.png","width":800,"height":77,"caption":"Organisator"},"image":{"@id":"https:\/\/www.organisator.ch\/#\/schema\/logo\/image\/"},"sameAs":["https:\/\/www.facebook.com\/OrganisatorFachmagazin","https:\/\/www.linkedin.com\/showcase\/organisator-das-magazin-fr-kmu","https:\/\/www.xing.com\/news\/pages\/organisator-ch-695","https:\/\/www.youtube.com\/channel\/UCGP2Sq0iWaZwT3BdIAQFYpw"]},{"@type":"Person","@id":"https:\/\/www.organisator.ch\/#\/schema\/person\/aa2bace6c5c5aad60102004a50c4eb1c","name":"admin","image":{"@type":"ImageObject","inLanguage":"de","@id":"https:\/\/secure.gravatar.com\/avatar\/ae2f4d718e6c49043e314ce431e7e645d646302a24a5ef5a8bc8e3f5a032e319?s=96&d=mm&r=g","url":"https:\/\/secure.gravatar.com\/avatar\/ae2f4d718e6c49043e314ce431e7e645d646302a24a5ef5a8bc8e3f5a032e319?s=96&d=mm&r=g","contentUrl":"https:\/\/secure.gravatar.com\/avatar\/ae2f4d718e6c49043e314ce431e7e645d646302a24a5ef5a8bc8e3f5a032e319?s=96&d=mm&r=g","caption":"admin"},"sameAs":["https:\/\/www.organisator.ch"],"url":"https:\/\/www.organisator.ch\/de\/author\/admin\/"}]}},"_links":{"self":[{"href":"https:\/\/www.organisator.ch\/de\/wp-json\/wp\/v2\/posts\/769","targetHints":{"allow":["GET"]}}],"collection":[{"href":"https:\/\/www.organisator.ch\/de\/wp-json\/wp\/v2\/posts"}],"about":[{"href":"https:\/\/www.organisator.ch\/de\/wp-json\/wp\/v2\/types\/post"}],"author":[{"embeddable":true,"href":"https:\/\/www.organisator.ch\/de\/wp-json\/wp\/v2\/users\/1"}],"replies":[{"embeddable":true,"href":"https:\/\/www.organisator.ch\/de\/wp-json\/wp\/v2\/comments?post=769"}],"version-history":[{"count":0,"href":"https:\/\/www.organisator.ch\/de\/wp-json\/wp\/v2\/posts\/769\/revisions"}],"wp:featuredmedia":[{"embeddable":true,"href":"https:\/\/www.organisator.ch\/de\/wp-json\/wp\/v2\/media\/770"}],"wp:attachment":[{"href":"https:\/\/www.organisator.ch\/de\/wp-json\/wp\/v2\/media?parent=769"}],"wp:term":[{"taxonomy":"category","embeddable":true,"href":"https:\/\/www.organisator.ch\/de\/wp-json\/wp\/v2\/categories?post=769"},{"taxonomy":"post_tag","embeddable":true,"href":"https:\/\/www.organisator.ch\/de\/wp-json\/wp\/v2\/tags?post=769"}],"curies":[{"name":"wp","href":"https:\/\/api.w.org\/{rel}","templated":true}]}}